{"id":2663,"date":"2024-03-04T11:54:16","date_gmt":"2024-03-04T11:54:16","guid":{"rendered":"https:\/\/www.ahmadiyya-islam.org\/hr\/?post_type=articles&#038;p=2663"},"modified":"2024-03-04T11:54:39","modified_gmt":"2024-03-04T11:54:39","slug":"ahmadija-i-100-godina-islama-u-gani-povijesna-jalsa-salana-gana-2024","status":"publish","type":"articles","link":"https:\/\/www.ahmadiyya-islam.org\/hr\/clanci\/ahmadija-i-100-godina-islama-u-gani-povijesna-jalsa-salana-gana-2024\/","title":{"rendered":"Ahmadija i 100 godina Islama u Gani: Povijesna Jalsa Salana Gana 2024."},"content":{"rendered":"<h3 style=\"text-align: center\"><em>\u201cNastojte osvojiti srca i umove svojih ljudi kroz ljubav i suosje\u0107anje\u201d \u2013 hazreti Mirza Masroor Ahmad<\/em><\/h3>\n<p><em>\u00a0<\/em><\/p>\n<p>Dana 24. velja\u010de 2024., svjetski poglavar Ahmadija muslimanske zajednice, Peti kalif, Njegova Svetost, hazreti Mirza Masroor Ahmad zaklju\u010dio je godi\u0161nju konvenciju (Jalsa Salana) Ahmadija muslimanske zajednice u Gani.<\/p>\n<p>Njegova je Svetost predsjedao zavr\u0161nom sesijom i to virtualno iz Masroor dvorane u Islamabadu, Tilford, dok se vi\u0161e od 39.000 ljudi okupilo na mjestu Jalse u Bagh-e-Ahmadu u Gani.<\/p>\n<p><img loading=\"lazy\" decoding=\"async\" class=\"aligncenter wp-image-2665 size-full\" src=\"http:\/\/www.ahmadiyya-islam.org\/hr\/wp-content\/uploads\/sites\/22\/2024\/03\/20240224_172309-F14E1018.jpeg\" alt=\"Jalsa Gana - Hazrat Mirza Masroor Ahmad\" width=\"683\" height=\"1024\" srcset=\"https:\/\/www.ahmadiyya-islam.org\/hr\/wp-content\/uploads\/sites\/22\/2024\/03\/20240224_172309-F14E1018.jpeg 683w, https:\/\/www.ahmadiyya-islam.org\/hr\/wp-content\/uploads\/sites\/22\/2024\/03\/20240224_172309-F14E1018-200x300.jpeg 200w\" sizes=\"auto, (max-width: 683px) 100vw, 683px\" \/><\/p>\n<p>Tijekom obra\u0107anja, Njegova Svetost je razradio\u00a0<em>Deset uvjeta bai&#8217;ata<\/em>\u00a0[du\u017enost ispunjavanja zapovijedi nakon prihva\u0107anja Ahmadije] koje je Obe\u0107ani Mesija<sup>a.s.<\/sup> zahtijevao da svaka osoba slijedi kako bi postala pravi Ahmadi musliman.<\/p>\n<p>Kada je Njegova Svetost zapo\u010deo obra\u0107anje, govorio je o zna\u010daju ovogodi\u0161nje Jalsa Salane, koja se odr\u017eava u povodu stote obljetnice uspostave Ahmadija muslimanske zajednice u Gani, tijekom kojeg je vremena Ahmadija muslimanska zajednica postala dobro poznata u svakom dijelu Gane.<\/p>\n<p>Podsje\u0107aju\u0107i ganske Ahmadi muslimane na njihove odgovornosti, hazreti Mirza Masroor Ahmad je rekao:<\/p>\n<p><em>\u201cDok idete naprijed, morate pomno paziti na svoje du\u017enosti i shvatiti da, iako je dostizanje stote godi\u0161njice za vas sredstvo sre\u0107e, ono tako\u0111er stavlja veliku te\u017einu odgovornosti na va\u0161a ramena.\u00a0Ne smije se dogoditi da nakon \u0161to ste dosegli ovu prekretnicu sada sjednete kako bi se opustili.\u00a0Naprotiv, dok Ahmadija muslimanska zajednica u Gani ulazi u svoje drugo stolje\u0107e, du\u017enost je svakog Ahmadi muslimana da se ozbiljno trudi osigurati njen kontinuirani napredak i prosperitet.\u00a0Morate nastojati prenijeti poruku pravog islama svakoj pojedinoj osobi u va\u0161oj zemlji.\u00a0Nastojte osvojiti srca i umove svojih ljudi kroz ljubav i suosje\u0107anje.\u201d<\/em><\/p>\n<p>Njegova Svetost je naglasio da, kako bi pozvali ljude prema islamu, Ahmadi muslimani moraju osigurati da budu prvi u slijedbi tih u\u010denja.<\/p>\n<p>Hazreti Mirza Masroor Ahmad je rekao:<\/p>\n<p><em>\u201eKao Ahmadi muslimani, nikada ne zaboravite tko ste i \u0161to predstavljate.\u00a0Imajte na umu da \u0107e, dok nastojite unaprijediti cilj Ahmadija muslimanske zajednice kroz Tabligh (napore \u0161irenja javnosti), oni koji \u010duju va\u0161u poruku pitati se \u0161to razlikuje ljude koji su prihvatili Obe\u0107anog Mesiju<sup>a.s.<\/sup>?\u00a0Oni \u0107e promatrati posjedujete li istinsku ljubav prema Svemogu\u0107em Bogu i pokazujete li najvi\u0161i moral i vrline u svakoj situaciji i na svakom mjestu.\u00a0Pitat \u0107e se odra\u017eavate li vi ona u\u010denja prema kojima druge pozivate.\u00a0Ako je odgovor na ova pitanja &#8216;Ne&#8217;, kako onda mo\u017eete, sasvim iskreno, pozivati \u200b\u200bdruge ka istinskom islamu?\u201c<\/em><\/p>\n<p><img loading=\"lazy\" decoding=\"async\" class=\"aligncenter wp-image-2667 size-full\" src=\"http:\/\/www.ahmadiyya-islam.org\/hr\/wp-content\/uploads\/sites\/22\/2024\/03\/20240224_163317-7E47CD1A.jpeg\" alt=\"Jalsa Gana 2024.\" width=\"1024\" height=\"367\" srcset=\"https:\/\/www.ahmadiyya-islam.org\/hr\/wp-content\/uploads\/sites\/22\/2024\/03\/20240224_163317-7E47CD1A.jpeg 1024w, https:\/\/www.ahmadiyya-islam.org\/hr\/wp-content\/uploads\/sites\/22\/2024\/03\/20240224_163317-7E47CD1A-300x108.jpeg 300w, https:\/\/www.ahmadiyya-islam.org\/hr\/wp-content\/uploads\/sites\/22\/2024\/03\/20240224_163317-7E47CD1A-768x275.jpeg 768w\" sizes=\"auto, (max-width: 1024px) 100vw, 1024px\" \/><\/p>\n<p><em>Njegova Svetost je potom detaljno govorio o pojedina\u010dnim Uvjetima bai&#8217;ata i objasnio kako oni slu\u017ee kao\u00a0<\/em><strong>\u201ekodeks pona\u0161anja\u201c<\/strong><em>\u00a0koji\u00a0<\/em>nas <strong>\u201evodi i usmjerava u svakom trenutku na\u0161eg \u017eivota.\u201c<\/strong><\/p>\n<p>Pridr\u017eavanje uvjeta, rekao je Njegova Svetost, su sredstva da se\u00a0<strong>\u201eosigura da mo\u017eemo podi\u0107i duhovnu baklju koju nam je dao Obe\u0107ani Mesija (mir s njim) i zasjati svjetlo na stazi istinske pravednosti kako bi se i drugi slijedili.\u201c<\/strong><\/p>\n<p>Govore\u0107i o prvom uvjetu koji ka\u017ee da Ahmadi muslimani moraju izbjegavati sve oblike \u201e\u0161irka\u201c (pridru\u017eivanje partnera Bogu), hazreti Mirza Masroor Ahmad je rekao:<\/p>\n<p><em>\u201eVjera u Bo\u017eje jedinstvo zahtijeva od nas da sve svoje nade, snove i te\u017enje usmjerimo pred Njega u vjeri da On jedini ima mo\u0107 pomo\u0107i nam i ispuniti na\u0161e potrebe.\u00a0Zahtijeva od nas da se bojimo Njega i samo Njega.\u00a0U su\u0161tini, Obe\u0107ani Mesija<sup>a.s.<\/sup> ka\u017ee da se vjera u Bo\u017eju jedinstvo ne mo\u017ee usavr\u0161iti dok ne uspostavimo vezu bezuvjetne lojalnosti sa Svemogu\u0107im Allahom.\u201c\u00a0<\/em><\/p>\n<p>Njegova Svetost tako\u0111er je govorio o va\u017enosti izbjegavanja zla preljuba i nedoli\u010dnog pona\u0161anja.<\/p>\n<p><img loading=\"lazy\" decoding=\"async\" class=\"aligncenter wp-image-2668 size-full\" src=\"http:\/\/www.ahmadiyya-islam.org\/hr\/wp-content\/uploads\/sites\/22\/2024\/03\/20240224_164912-F68201C9.jpeg\" alt=\"Jalsa Gana - Hazrat Mirza Masroor Ahmad\" width=\"1024\" height=\"687\" srcset=\"https:\/\/www.ahmadiyya-islam.org\/hr\/wp-content\/uploads\/sites\/22\/2024\/03\/20240224_164912-F68201C9.jpeg 1024w, https:\/\/www.ahmadiyya-islam.org\/hr\/wp-content\/uploads\/sites\/22\/2024\/03\/20240224_164912-F68201C9-300x201.jpeg 300w, https:\/\/www.ahmadiyya-islam.org\/hr\/wp-content\/uploads\/sites\/22\/2024\/03\/20240224_164912-F68201C9-768x515.jpeg 768w\" sizes=\"auto, (max-width: 1024px) 100vw, 1024px\" \/><\/p>\n<p>Hazreti Mirza Masroor Ahmad je rekao:<\/p>\n<p><em>\u201eTo je porok koji je iznimno \u0161tetan za pojedinca i \u0161ire dru\u0161tvo.\u00a0U tom smislu, Obe\u0107ani Mesija<sup> a.s.<\/sup><\/em> <em>je rekao da ako se osoba ne mo\u017ee vjen\u010dati, treba za\u0161tititi svoju \u010disto\u0107u i obuzdati svoje porive na druge na\u010dine.\u00a0Na primjer, trebao bi redovito postiti, konzumirati minimalno hrane ili se baviti te\u0161kim fizi\u010dkim radom.\u201d<\/em><\/p>\n<p>Dalje razra\u0111uju\u0107i temu, hazreti Mirza Masroor Ahmad je rekao:<\/p>\n<p><em>\u201eU dana\u0161njem svijetu stalno se razvijaju nova sredstva i tehnologije koje ljude udaljavaju od morala i guraju ih prema vulgarnosti i izopa\u010denosti.\u00a0Na primjer, internet, televizija i mediji pokazuju se kao pristupnici porocima i sredstvo za kvarenje mladih i starih ljudi.\u00a0Da bismo se spasili od takvog nemorala, bitno je da se svaki Ahmadi musliman redovno moli &#8216;Istighfar&#8217; [molitva za tra\u017eenje oprosta i za\u0161tite od Allaha] i da se klanja pred Allahom mole\u0107i Njegovu pomo\u0107, milost i za\u0161titu od svih oblika zla.\u201c<\/em><\/p>\n<p>Njegova Svetost je nastavio podsje\u0107ati Ahmadi muslimane na va\u017enost raznih djela koja pove\u0107avaju duhovnost osobe, uklju\u010duju\u0107i klanjanje obaveznih pet dnevnih namaza (molitva), dok se tako\u0111er trude da postanu redoviti u klanjanju dobrovoljnih\u00a0<em>Tahad\u017eud<\/em>\u00a0namaza no\u0107u i zazivanju blagoslova na \u010casni Poslanik Muhammed (mir i blagoslovi neka su na njega) u obliku\u00a0<em>&#8216;Durood&#8217;<\/em>.<\/p>\n<p>Tijekom obra\u0107anja, Njegova Svetost je citirao izreku (hadis) \u010casnog Poslanika Muhammeda<sup>s.a.v.s.<\/sup> u kojoj se nagla\u0161ava va\u017enost pokazivanja samilosti prema bra\u0107i muslimanima.<\/p>\n<p>Hazreti Mirza Masroor Ahmad je rekao:<\/p>\n<p><em>\u201e\u010casni Poslanik<sup>s.a.v.s.<\/sup> je rekao: \u201eO Allahovi robovi, budite bra\u0107a jedni drugima.\u00a0Musliman je drugom muslimanu brat.\u00a0Ne mo\u017ee nauditi svom bratu.\u00a0Niti ga mo\u017ee poniziti, niti mo\u017ee ponizno misliti o njemu.\u201c\u00a0Nakon toga, dok je pokazivao prema svojim prsima, \u010casni Poslanik je tri puta rekao: \u201eOvdje le\u017ei pravednost.\u00a0Zlo je da \u010dovjek o bratu ponizno misli.\u00a0Krv, imetak i \u010dast svakog muslimana su drugom muslimanu nedopu\u0161teni.\u201c<\/em><\/p>\n<p>Komentiraju\u0107i ovo u\u010denje hazreti Mirza Masroor Ahmad je rekao:<\/p>\n<p><em>\u201eIznimno je \u017ealosno da, usprkos tome \u0161to su direktni primaoci ovog u\u010denja, muslimani i njihove vo\u0111e u mnogim islamskim zemljama okrutno napadaju jedni druge i tretiraju jedni druge kao neprijatelje \u2013 sve u ime Allaha i Njegovog Poslanika (mir i blagoslov neka je na njih).\u00a0\u010cesto, samo radi o\u010duvanja svoje politi\u010dke mo\u0107i i ste\u010denih interesa, muslimanske vlade i njihovi vo\u0111e sudjeluju u barbarskoj okrutnosti i prelaze sve granice pravde.\u00a0Stoga, svi vi koji sudjelujete u Jalsa Salani trebate se iskreno moliti za kraj ugnjetavanja i nepravde i za prevladavanje istinskog mira u svijetu.\u201c<\/em><\/p>\n<p>Govore\u0107i o jo\u0161 jednom uvjetu <em>bai&#8217;ata<\/em>, Njegova Svetost je podsjetio da Ahmadi muslimani moraju\u00a0<strong><em>\u201esmatrati da podr\u017eavanje dostojanstva i \u010dasti islama ima \u010dak ve\u0107u vrijednost od na\u0161ih \u017eivota, na\u0161e djece, na\u0161e \u010dasti i bogatstva\u201c<\/em><\/strong><em>.<\/em><\/p>\n<p><img loading=\"lazy\" decoding=\"async\" class=\"aligncenter wp-image-2670 size-full\" src=\"http:\/\/www.ahmadiyya-islam.org\/hr\/wp-content\/uploads\/sites\/22\/2024\/03\/20240224_171835-F2F83FF5.jpeg\" alt=\"Jalsa Gana - Hazrat Mirza Masroor Ahmad\" width=\"1024\" height=\"513\" srcset=\"https:\/\/www.ahmadiyya-islam.org\/hr\/wp-content\/uploads\/sites\/22\/2024\/03\/20240224_171835-F2F83FF5.jpeg 1024w, https:\/\/www.ahmadiyya-islam.org\/hr\/wp-content\/uploads\/sites\/22\/2024\/03\/20240224_171835-F2F83FF5-300x150.jpeg 300w, https:\/\/www.ahmadiyya-islam.org\/hr\/wp-content\/uploads\/sites\/22\/2024\/03\/20240224_171835-F2F83FF5-768x385.jpeg 768w\" sizes=\"auto, (max-width: 1024px) 100vw, 1024px\" \/><\/p>\n<p>Njegova Svetost je rekao da Ahmadi Muslimani tako\u0111er moraju osigurati da u\u010dine sve \u0161to je mogu\u0107e da ubla\u017ee pote\u0161ko\u0107e drugih.<\/p>\n<p>Hazreti Mirza Masroor Ahmad je rekao:<\/p>\n<p><em>\u201ePonavljam da svaki Ahmadi musliman mora pokazati empatiju i ljudsku suosje\u0107ajnost i smatrati patnje drugih svojima.\u00a0Vi\u0161e puta sam savjetovao sve Ahmadi muslimane \u0161irom svijeta o potrebi za ovim.\u00a0Oni Ahmadi muslimani koji imaju sposobnost za to moraju nastojati ubla\u017eiti glad najsiroma\u0161nijih \u010dlanova dru\u0161tva.\u00a0Trebali bi nastojati ispuniti potrebe onih koji \u017eive u siroma\u0161tvu ili su suo\u010deni s bilo kojim oblikom borbe.\u00a0Poka\u017eite suosje\u0107anje prema njima, hranite ih i brinite se za njih.\u201c<\/em><\/p>\n<p>Nadalje, Njegova je Svetost rekao da ako se itko na\u0111e u potrebi za milosr\u0111em, i on treba u\u010diniti sve da stane na vlastite noge.<\/p>\n<p>Hazreti Mirza Masroor Ahmad je rekao:<\/p>\n<p><em>\u201e\u0160to se ti\u010de onih ljudi kojima je potrebna milosr\u0111e ili pomo\u0107 drugih, ne bi trebalo biti da neprestano uzimaju milostinju bez ikakvih napora da pobolj\u0161aju svoje okolnosti.\u00a0Umjesto toga, trebali bi marljivo raditi i nastojati stati na vlastite noge u nadi da \u0107e jednoga dana mo\u0107i biti izvor pomo\u0107i i hrane za druge ljude koji su pogo\u0111eni nevoljama.\u201c<\/em><\/p>\n<p>Njegova Svetost je rekao da kao dio <em>bai&#8217;ata<\/em>, svaki Ahmadi musliman obe\u0107ava da \u0107e pokazati potpunu poslu\u0161nost Obe\u0107anom Mesiji<sup>a.s.<\/sup> radi Allaha.<\/p>\n<p>Nagla\u0161avaju\u0107i va\u017enost poslu\u0161nosti i odanosti Kalifatu nakon Obe\u0107anog Mesije<sup>a.s.<\/sup>, hazreti Mirza Masroor Ahmad je rekao:<\/p>\n<p><em>\u201eU ovoj eri, Svemogu\u0107i Allah nas je blagoslovio institucijom Kalifat-e-Ahmadije.\u00a0Prema tome, svaki Ahmadi musliman mora ostati vjeran, odan i poslu\u0161an kalifatu i mora stalno uzdizati svoju vezu ljubavi i iskrenosti sa kalifom vremena.\u00a0To je klju\u010d na\u0161eg kontinuiranog napretka i na\u010din na koji mo\u017eemo promatrati vje\u010dni uspjeh na\u0161e Zajednice.\u201c<\/em><\/p>\n<p>Njegova Svetost je pozvao Ahmadi muslimane da shvate zoru novog stolje\u0107a Ahmadija muslimanske zajednice kao zlatnu priliku da obnove svoje napore u dono\u0161enju pozitivne promjene.<\/p>\n<p>Hazreti Mirza Masroor Ahmad je rekao:<\/p>\n<p><em>\u201eSvima vama ka\u017eem \u2013 da je sada vrijeme da istupite i obe\u0107ate s apsolutnom odlu\u010dno\u0161\u0107u da \u0107ete zauvijek te\u017eiti ostvarivanju svih \u010distih promjena potrebnih za ispunjavanje uvjeta zakletve koju ste polo\u017eili Obe\u0107anom Mesiji (mir s njim).\u00a0Insha&#8217;Allah [ako Bog da], ako to u\u010dinite, bit \u0107ete sredstvo preno\u0161enja islama drugima i privu\u0107i \u0107ete svoje sugra\u0111ane i ljude \u0161irom svijeta u sjenu pravog islama.\u201c<\/em><\/p>\n<p>Kada je Njegova Svetost zavr\u0161io svoje obra\u0107anje, govorio je o budu\u0107em potencijalu Afrike, a posebno Ahmadi muslimana.<\/p>\n<p><img loading=\"lazy\" decoding=\"async\" class=\"aligncenter wp-image-2671 size-full\" src=\"http:\/\/www.ahmadiyya-islam.org\/hr\/wp-content\/uploads\/sites\/22\/2024\/03\/20240224_171355-E16B894F.jpeg\" alt=\"Jalsa Gana - Hazrat Mirza Masroor Ahmad\" width=\"1024\" height=\"671\" srcset=\"https:\/\/www.ahmadiyya-islam.org\/hr\/wp-content\/uploads\/sites\/22\/2024\/03\/20240224_171355-E16B894F.jpeg 1024w, https:\/\/www.ahmadiyya-islam.org\/hr\/wp-content\/uploads\/sites\/22\/2024\/03\/20240224_171355-E16B894F-300x197.jpeg 300w, https:\/\/www.ahmadiyya-islam.org\/hr\/wp-content\/uploads\/sites\/22\/2024\/03\/20240224_171355-E16B894F-768x503.jpeg 768w\" sizes=\"auto, (max-width: 1024px) 100vw, 1024px\" \/><\/p>\n<p>Hazreti Mirza Masroor Ahmad je rekao:<\/p>\n<p><em>\u201eIstina je da je veliki dio razvijenog svijeta utonuo u materijalizam i nema veze s duhovno\u0161\u0107u ili pravdom.\u00a0Tamo gdje tvrde da su arbitri mira i jednakosti, oni \u010dine te\u0161ke okrutnosti nad \u010dovje\u010danstvom kroz u\u017easne ratove i nepravdu.\u00a0Stvarnost njihovog prijetvornog pona\u0161anja \u010dini njihove naizgled visokoumne izjave samo licemjernim i praznim proklamacijama &#8230; molim se da umjesto da va\u0161a djeca i budu\u0107e generacije budu pod utjecajem i nadahnu\u0107em Zapada, neka svijet po\u010dne gledati prema Gani i afri\u010dkim narodima kao svjetionici pravde, istine i morala utemeljenog, Insha&#8217;Allah, na tome da su va\u0161i narodi predvodnici prihva\u0107anja Islama Ahmadije i dono\u0161enja istinske duhovne revolucije u svijetu.\u201c<\/em><\/p>\n<p>Hazreti Mirza Masroor Ahmad je nastavio:<\/p>\n<p><em>\u201eAko se ovo dogodi, iskreni Ahmadi muslimani iz Gane i drugih naroda \u0107e hodati stazom duhovnog spasenja i biti sredstvo spa\u0161avanja budu\u0107ih generacija svijeta, Insha&#8217;Allah.\u00a0I oni \u0107e biti ti koji \u0107e odigrati veliku ulogu u spa\u0161avanju svijeta od nemira i u\u017easnog kruga nemorala, sukoba i bezbo\u0161tva u koji je svijet uronjen.\u201c<\/em><\/p>\n<p><iframe loading=\"lazy\" title=\"Concluding Session | Jalsa Salana Ghana 2024 | 4K ULTRA HD\" width=\"900\" height=\"506\" src=\"https:\/\/www.youtube.com\/embed\/K0rP1ArU94s?feature=oembed\" frameborder=\"0\" allow=\"accelerometer; autoplay; clipboard-write; encrypted-media; gyroscope; picture-in-picture; web-share\" allowfullscreen><\/iframe><\/p>\n<p><em>\u00a0<\/em><\/p>\n","protected":false},"excerpt":{"rendered":"<p>Povijesna Jalsa Salana Gana 2024. &#8211; \u201cNastojte osvojiti srca i umove svojih ljudi kroz ljubav i suosje\u0107anje\u201d<\/p>\n","protected":false},"featured_media":2675,"parent":0,"template":"","tags":[422,329],"article-cat":[346],"topics":[20,421,420],"authors":[],"content_source":[],"class_list":["post-2663","articles","type-articles","status-publish","has-post-thumbnail","hentry","tag-gana","tag-jalsa-salana","article-cat-al-hakam","topics-ahmadija","topics-jalsa-salana","topics-simpozij-mira"],"acf":[],"yoast_head":"<!-- This site is optimized with the Yoast SEO Premium plugin v21.1 (Yoast SEO v27.4) - https:\/\/yoast.com\/product\/yoast-seo-premium-wordpress\/ -->\n<title>Ahmadija i 100 godina Islama u Gani<\/title>\n<meta name=\"description\" content=\"Povijesna Jalsa Salana Gana 2024. - \u201cNastojte osvojiti srca i umove svojih ljudi kroz ljubav i suosje\u0107anje\u201d\" \/>\n<meta name=\"robots\" content=\"index, follow, max-snippet:-1, max-image-preview:large, max-video-preview:-1\" \/>\n<link rel=\"canonical\" href=\"https:\/\/www.ahmadiyya-islam.org\/hr\/clanci\/ahmadija-i-100-godina-islama-u-gani-povijesna-jalsa-salana-gana-2024\/\" \/>\n<meta property=\"og:locale\" content=\"hr_HR\" \/>\n<meta property=\"og:type\" content=\"article\" \/>\n<meta property=\"og:title\" content=\"Ahmadija i 100 godina Islama u Gani: Povijesna Jalsa Salana Gana 2024.\" \/>\n<meta property=\"og:description\" content=\"Povijesna Jalsa Salana Gana 2024. - \u201cNastojte osvojiti srca i umove svojih ljudi kroz ljubav i suosje\u0107anje\u201d\" \/>\n<meta property=\"og:url\" content=\"https:\/\/www.ahmadiyya-islam.org\/hr\/clanci\/ahmadija-i-100-godina-islama-u-gani-povijesna-jalsa-salana-gana-2024\/\" \/>\n<meta property=\"og:site_name\" content=\"Ahmadija muslimanski d\u017eamat\" \/>\n<meta property=\"article:modified_time\" content=\"2024-03-04T11:54:39+00:00\" \/>\n<meta property=\"og:image\" content=\"http:\/\/www.ahmadiyya-islam.org\/hr\/wp-content\/uploads\/sites\/22\/2024\/03\/Jalsa-Salana-Gana-2024_2-.jpg\" \/>\n\t<meta property=\"og:image:width\" content=\"1500\" \/>\n\t<meta property=\"og:image:height\" content=\"750\" \/>\n\t<meta property=\"og:image:type\" content=\"image\/jpeg\" \/>\n<meta name=\"twitter:card\" content=\"summary_large_image\" \/>\n<meta name=\"twitter:label1\" content=\"Procijenjeno vrijeme \u010ditanja\" \/>\n\t<meta name=\"twitter:data1\" content=\"10 minuta\" \/>\n<script type=\"application\/ld+json\" class=\"yoast-schema-graph\">{\"@context\":\"https:\\\/\\\/schema.org\",\"@graph\":[{\"@type\":\"WebPage\",\"@id\":\"https:\\\/\\\/www.ahmadiyya-islam.org\\\/hr\\\/clanci\\\/ahmadija-i-100-godina-islama-u-gani-povijesna-jalsa-salana-gana-2024\\\/\",\"url\":\"https:\\\/\\\/www.ahmadiyya-islam.org\\\/hr\\\/clanci\\\/ahmadija-i-100-godina-islama-u-gani-povijesna-jalsa-salana-gana-2024\\\/\",\"name\":\"Ahmadija i 100 godina Islama u Gani\",\"isPartOf\":{\"@id\":\"https:\\\/\\\/www.ahmadiyya-islam.org\\\/hr\\\/#website\"},\"primaryImageOfPage\":{\"@id\":\"https:\\\/\\\/www.ahmadiyya-islam.org\\\/hr\\\/clanci\\\/ahmadija-i-100-godina-islama-u-gani-povijesna-jalsa-salana-gana-2024\\\/#primaryimage\"},\"image\":{\"@id\":\"https:\\\/\\\/www.ahmadiyya-islam.org\\\/hr\\\/clanci\\\/ahmadija-i-100-godina-islama-u-gani-povijesna-jalsa-salana-gana-2024\\\/#primaryimage\"},\"thumbnailUrl\":\"https:\\\/\\\/www.ahmadiyya-islam.org\\\/hr\\\/wp-content\\\/uploads\\\/sites\\\/22\\\/2024\\\/03\\\/Jalsa-Salana-Gana-2024_2-.jpg\",\"datePublished\":\"2024-03-04T11:54:16+00:00\",\"dateModified\":\"2024-03-04T11:54:39+00:00\",\"description\":\"Povijesna Jalsa Salana Gana 2024. - \u201cNastojte osvojiti srca i umove svojih ljudi kroz ljubav i suosje\u0107anje\u201d\",\"breadcrumb\":{\"@id\":\"https:\\\/\\\/www.ahmadiyya-islam.org\\\/hr\\\/clanci\\\/ahmadija-i-100-godina-islama-u-gani-povijesna-jalsa-salana-gana-2024\\\/#breadcrumb\"},\"inLanguage\":\"hr\",\"potentialAction\":[{\"@type\":\"ReadAction\",\"target\":[\"https:\\\/\\\/www.ahmadiyya-islam.org\\\/hr\\\/clanci\\\/ahmadija-i-100-godina-islama-u-gani-povijesna-jalsa-salana-gana-2024\\\/\"]}]},{\"@type\":\"ImageObject\",\"inLanguage\":\"hr\",\"@id\":\"https:\\\/\\\/www.ahmadiyya-islam.org\\\/hr\\\/clanci\\\/ahmadija-i-100-godina-islama-u-gani-povijesna-jalsa-salana-gana-2024\\\/#primaryimage\",\"url\":\"https:\\\/\\\/www.ahmadiyya-islam.org\\\/hr\\\/wp-content\\\/uploads\\\/sites\\\/22\\\/2024\\\/03\\\/Jalsa-Salana-Gana-2024_2-.jpg\",\"contentUrl\":\"https:\\\/\\\/www.ahmadiyya-islam.org\\\/hr\\\/wp-content\\\/uploads\\\/sites\\\/22\\\/2024\\\/03\\\/Jalsa-Salana-Gana-2024_2-.jpg\",\"width\":1500,\"height\":750,\"caption\":\"Jalsa Salana Gana 2024.\"},{\"@type\":\"BreadcrumbList\",\"@id\":\"https:\\\/\\\/www.ahmadiyya-islam.org\\\/hr\\\/clanci\\\/ahmadija-i-100-godina-islama-u-gani-povijesna-jalsa-salana-gana-2024\\\/#breadcrumb\",\"itemListElement\":[{\"@type\":\"ListItem\",\"position\":1,\"name\":\"Home\",\"item\":\"https:\\\/\\\/www.ahmadiyya-islam.org\\\/hr\\\/\"},{\"@type\":\"ListItem\",\"position\":2,\"name\":\"\u010clanci\",\"item\":\"https:\\\/\\\/www.ahmadiyya-islam.org\\\/hr\\\/clanci\\\/\"},{\"@type\":\"ListItem\",\"position\":3,\"name\":\"Ahmadija i 100 godina Islama u Gani: Povijesna Jalsa Salana Gana 2024.\"}]},{\"@type\":\"WebSite\",\"@id\":\"https:\\\/\\\/www.ahmadiyya-islam.org\\\/hr\\\/#website\",\"url\":\"https:\\\/\\\/www.ahmadiyya-islam.org\\\/hr\\\/\",\"name\":\"Ahmadija muslimanski d\u017eamat\",\"description\":\"Hrvatska\",\"potentialAction\":[{\"@type\":\"SearchAction\",\"target\":{\"@type\":\"EntryPoint\",\"urlTemplate\":\"https:\\\/\\\/www.ahmadiyya-islam.org\\\/hr\\\/?s={search_term_string}\"},\"query-input\":{\"@type\":\"PropertyValueSpecification\",\"valueRequired\":true,\"valueName\":\"search_term_string\"}}],\"inLanguage\":\"hr\"}]}<\/script>\n<!-- \/ Yoast SEO Premium plugin. -->","yoast_head_json":{"title":"Ahmadija i 100 godina Islama u Gani","description":"Povijesna Jalsa Salana Gana 2024. - \u201cNastojte osvojiti srca i umove svojih ljudi kroz ljubav i suosje\u0107anje\u201d","robots":{"index":"index","follow":"follow","max-snippet":"max-snippet:-1","max-image-preview":"max-image-preview:large","max-video-preview":"max-video-preview:-1"},"canonical":"https:\/\/www.ahmadiyya-islam.org\/hr\/clanci\/ahmadija-i-100-godina-islama-u-gani-povijesna-jalsa-salana-gana-2024\/","og_locale":"hr_HR","og_type":"article","og_title":"Ahmadija i 100 godina Islama u Gani: Povijesna Jalsa Salana Gana 2024.","og_description":"Povijesna Jalsa Salana Gana 2024. - \u201cNastojte osvojiti srca i umove svojih ljudi kroz ljubav i suosje\u0107anje\u201d","og_url":"https:\/\/www.ahmadiyya-islam.org\/hr\/clanci\/ahmadija-i-100-godina-islama-u-gani-povijesna-jalsa-salana-gana-2024\/","og_site_name":"Ahmadija muslimanski d\u017eamat","article_modified_time":"2024-03-04T11:54:39+00:00","og_image":[{"width":1500,"height":750,"url":"http:\/\/www.ahmadiyya-islam.org\/hr\/wp-content\/uploads\/sites\/22\/2024\/03\/Jalsa-Salana-Gana-2024_2-.jpg","type":"image\/jpeg"}],"twitter_card":"summary_large_image","twitter_misc":{"Procijenjeno vrijeme \u010ditanja":"10 minuta"},"schema":{"@context":"https:\/\/schema.org","@graph":[{"@type":"WebPage","@id":"https:\/\/www.ahmadiyya-islam.org\/hr\/clanci\/ahmadija-i-100-godina-islama-u-gani-povijesna-jalsa-salana-gana-2024\/","url":"https:\/\/www.ahmadiyya-islam.org\/hr\/clanci\/ahmadija-i-100-godina-islama-u-gani-povijesna-jalsa-salana-gana-2024\/","name":"Ahmadija i 100 godina Islama u Gani","isPartOf":{"@id":"https:\/\/www.ahmadiyya-islam.org\/hr\/#website"},"primaryImageOfPage":{"@id":"https:\/\/www.ahmadiyya-islam.org\/hr\/clanci\/ahmadija-i-100-godina-islama-u-gani-povijesna-jalsa-salana-gana-2024\/#primaryimage"},"image":{"@id":"https:\/\/www.ahmadiyya-islam.org\/hr\/clanci\/ahmadija-i-100-godina-islama-u-gani-povijesna-jalsa-salana-gana-2024\/#primaryimage"},"thumbnailUrl":"https:\/\/www.ahmadiyya-islam.org\/hr\/wp-content\/uploads\/sites\/22\/2024\/03\/Jalsa-Salana-Gana-2024_2-.jpg","datePublished":"2024-03-04T11:54:16+00:00","dateModified":"2024-03-04T11:54:39+00:00","description":"Povijesna Jalsa Salana Gana 2024. - \u201cNastojte osvojiti srca i umove svojih ljudi kroz ljubav i suosje\u0107anje\u201d","breadcrumb":{"@id":"https:\/\/www.ahmadiyya-islam.org\/hr\/clanci\/ahmadija-i-100-godina-islama-u-gani-povijesna-jalsa-salana-gana-2024\/#breadcrumb"},"inLanguage":"hr","potentialAction":[{"@type":"ReadAction","target":["https:\/\/www.ahmadiyya-islam.org\/hr\/clanci\/ahmadija-i-100-godina-islama-u-gani-povijesna-jalsa-salana-gana-2024\/"]}]},{"@type":"ImageObject","inLanguage":"hr","@id":"https:\/\/www.ahmadiyya-islam.org\/hr\/clanci\/ahmadija-i-100-godina-islama-u-gani-povijesna-jalsa-salana-gana-2024\/#primaryimage","url":"https:\/\/www.ahmadiyya-islam.org\/hr\/wp-content\/uploads\/sites\/22\/2024\/03\/Jalsa-Salana-Gana-2024_2-.jpg","contentUrl":"https:\/\/www.ahmadiyya-islam.org\/hr\/wp-content\/uploads\/sites\/22\/2024\/03\/Jalsa-Salana-Gana-2024_2-.jpg","width":1500,"height":750,"caption":"Jalsa Salana Gana 2024."},{"@type":"BreadcrumbList","@id":"https:\/\/www.ahmadiyya-islam.org\/hr\/clanci\/ahmadija-i-100-godina-islama-u-gani-povijesna-jalsa-salana-gana-2024\/#breadcrumb","itemListElement":[{"@type":"ListItem","position":1,"name":"Home","item":"https:\/\/www.ahmadiyya-islam.org\/hr\/"},{"@type":"ListItem","position":2,"name":"\u010clanci","item":"https:\/\/www.ahmadiyya-islam.org\/hr\/clanci\/"},{"@type":"ListItem","position":3,"name":"Ahmadija i 100 godina Islama u Gani: Povijesna Jalsa Salana Gana 2024."}]},{"@type":"WebSite","@id":"https:\/\/www.ahmadiyya-islam.org\/hr\/#website","url":"https:\/\/www.ahmadiyya-islam.org\/hr\/","name":"Ahmadija muslimanski d\u017eamat","description":"Hrvatska","potentialAction":[{"@type":"SearchAction","target":{"@type":"EntryPoint","urlTemplate":"https:\/\/www.ahmadiyya-islam.org\/hr\/?s={search_term_string}"},"query-input":{"@type":"PropertyValueSpecification","valueRequired":true,"valueName":"search_term_string"}}],"inLanguage":"hr"}]}},"_links":{"self":[{"href":"https:\/\/www.ahmadiyya-islam.org\/hr\/wp-json\/wp\/v2\/articles\/2663","targetHints":{"allow":["GET"]}}],"collection":[{"href":"https:\/\/www.ahmadiyya-islam.org\/hr\/wp-json\/wp\/v2\/articles"}],"about":[{"href":"https:\/\/www.ahmadiyya-islam.org\/hr\/wp-json\/wp\/v2\/types\/articles"}],"version-history":[{"count":1,"href":"https:\/\/www.ahmadiyya-islam.org\/hr\/wp-json\/wp\/v2\/articles\/2663\/revisions"}],"predecessor-version":[{"id":2677,"href":"https:\/\/www.ahmadiyya-islam.org\/hr\/wp-json\/wp\/v2\/articles\/2663\/revisions\/2677"}],"wp:featuredmedia":[{"embeddable":true,"href":"https:\/\/www.ahmadiyya-islam.org\/hr\/wp-json\/wp\/v2\/media\/2675"}],"wp:attachment":[{"href":"https:\/\/www.ahmadiyya-islam.org\/hr\/wp-json\/wp\/v2\/media?parent=2663"}],"wp:term":[{"taxonomy":"post_tag","embeddable":true,"href":"https:\/\/www.ahmadiyya-islam.org\/hr\/wp-json\/wp\/v2\/tags?post=2663"},{"taxonomy":"article-cat","embeddable":true,"href":"https:\/\/www.ahmadiyya-islam.org\/hr\/wp-json\/wp\/v2\/article-cat?post=2663"},{"taxonomy":"topics","embeddable":true,"href":"https:\/\/www.ahmadiyya-islam.org\/hr\/wp-json\/wp\/v2\/topics?post=2663"},{"taxonomy":"authors","embeddable":true,"href":"https:\/\/www.ahmadiyya-islam.org\/hr\/wp-json\/wp\/v2\/authors?post=2663"},{"taxonomy":"content_source","embeddable":true,"href":"https:\/\/www.ahmadiyya-islam.org\/hr\/wp-json\/wp\/v2\/content_source?post=2663"}],"curies":[{"name":"wp","href":"https:\/\/api.w.org\/{rel}","templated":true}]}}