{"id":2617,"date":"2023-12-06T14:26:31","date_gmt":"2023-12-06T14:26:31","guid":{"rendered":"https:\/\/www.ahmadiyya-islam.org\/hr\/?post_type=articles&#038;p=2617"},"modified":"2023-12-06T14:26:31","modified_gmt":"2023-12-06T14:26:31","slug":"zidovi-i-arapi-ujedinjeni-u-haifa-ahmadija-dzamiji-u-izraelu","status":"publish","type":"articles","link":"https:\/\/www.ahmadiyya-islam.org\/hr\/clanci\/zidovi-i-arapi-ujedinjeni-u-haifa-ahmadija-dzamiji-u-izraelu\/","title":{"rendered":"\u017didovi i Arapi ujedinjeni u Haifa Ahmadija d\u017eamiji u Izraelu"},"content":{"rendered":"<p><span style=\"color: #808080\"><em>Imaduddin Al-Misri, Kababir, Haifa<\/em><\/span><\/p>\n<p>Dijele se objave na dru\u0161tvenim mre\u017eama o \u017eidovsko-arapskim okupljanjima \u010diji je doma\u0107in muslimanska zajednica Ahmadija u Haifi. Ljudi iz cijelog svijeta rekli su da je prizor \u017didova i Arapa koji se okupljaju u razdoblju ekstremnih napetosti i straha bio tra\u010dak nade i radosti usred napetosti i straha.<\/p>\n<blockquote class=\"twitter-tweet\" data-width=\"550\" data-dnt=\"true\">\n<p lang=\"en\" dir=\"ltr\">Now in Haifa:<\/p>\n<p>Jewish and Arab citizens of Israel fill up the prayer room of a mosque to show solidarity with one another. <\/p>\n<p>They told me they know they are a minority but a minority that they believe is calling for what the majority wants, peace. <\/p>\n<p>Full story soon on <a href=\"https:\/\/twitter.com\/dwnews?ref_src=twsrc%5Etfw\">@dwnews<\/a> <a href=\"https:\/\/t.co\/9JcJgk590N\">pic.twitter.com\/9JcJgk590N<\/a><\/p>\n<p>&mdash; Aya Ibrahim (@ayakibrahim) <a href=\"https:\/\/twitter.com\/ayakibrahim\/status\/1720909367971578156?ref_src=twsrc%5Etfw\">November 4, 2023<\/a><\/p><\/blockquote>\n<p><script async src=\"https:\/\/platform.twitter.com\/widgets.js\" charset=\"utf-8\"><\/script><\/p>\n<p>Zaista, na\u0161a zajednica u Haifi je nedavno bila doma\u0107in tri odvojena okupljanja \u017didova i Arapa iz kojih se stvorio predivan osje\u0107aj harmonije.<\/p>\n<p>Da biste saznali kako su se gosti osje\u0107ali evo \u0161to su rekla dva \u017eidovska gosta:<\/p>\n<blockquote><p>\u201cPo mom mi\u0161ljenju, ovaj skup slu\u017ei kao zna\u010dajan testament koji pokazuje islamskoj zajednici, \u017eidovskoj zajednici i globalnoj zajednici u cjelini da se mo\u017eemo uklju\u010diti u smislen dijalog koji nas okuplja.\u00a0Mi nismo protivnici;\u00a0mi smo saveznici.\u00a0Zajedno posti\u017eemo uspjeh.\u201d<\/p><\/blockquote>\n<p>Drugi gost je izjavio:<\/p>\n<blockquote><p>\u201eOvaj doga\u0111aj mi je izmamio osmijeh na lice kada sam bio u te\u0161kom emocionalnom stanju i nisam imao volje ni osmjehnuti se.\u00a0Nakon \u0161to sam \u010duo obra\u0107anje emira zajednice [u Svetoj zemlji], osjetio sam duboko olak\u0161anje.\u00a0Prvi put sam ga sreo i moram re\u0107i da je izuzetna osoba.\u00a0Svim srcem \u017eelim da mo\u017ee voditi na\u0161u zemlju kao premijer.\u201d<\/p><\/blockquote>\n<p><img loading=\"lazy\" decoding=\"async\" class=\"aligncenter wp-image-2618\" src=\"http:\/\/www.ahmadiyya-islam.org\/hr\/wp-content\/uploads\/sites\/22\/2023\/12\/Haifa_01-1024x768.png\" alt=\"Haifa Ahmadija\" width=\"600\" height=\"450\" srcset=\"https:\/\/www.ahmadiyya-islam.org\/hr\/wp-content\/uploads\/sites\/22\/2023\/12\/Haifa_01-1024x768.png 1024w, https:\/\/www.ahmadiyya-islam.org\/hr\/wp-content\/uploads\/sites\/22\/2023\/12\/Haifa_01-300x225.png 300w, https:\/\/www.ahmadiyya-islam.org\/hr\/wp-content\/uploads\/sites\/22\/2023\/12\/Haifa_01-768x576.png 768w, https:\/\/www.ahmadiyya-islam.org\/hr\/wp-content\/uploads\/sites\/22\/2023\/12\/Haifa_01-1536x1152.png 1536w, https:\/\/www.ahmadiyya-islam.org\/hr\/wp-content\/uploads\/sites\/22\/2023\/12\/Haifa_01.png 1600w\" sizes=\"auto, (max-width: 600px) 100vw, 600px\" \/><\/p>\n<p style=\"text-align: center\">\u00a0(\u00a0<em>Organizacija &#8216;Standing-Together&#8217; bila je u mogu\u0107nosti ugostiti inicijativu arapsko-\u017eidovskog sklada u muslimanskoj d\u017eamiji Ahmadija, Haifa<\/em>\u00a0)<\/p>\n<p>Mjesto odr\u017eavanja me\u0111uvjerskih arapsko-\u017eidovskih susreta bila je d\u017eamija Ahmadija Mahmud u Haifi zajedno s novim kompleksom Masroor centra.<\/p>\n<p>Prvi sastanak okupio je vjerske vo\u0111e i zna\u010dio je suradnju izme\u0111u Ahmadija muslimanske zajednice i Laboratorija za religijske studije iz Haife, koji se odr\u017eao 30. listopada 2023. Predstavnici razli\u010ditih vjera, uklju\u010duju\u0107i \u017eidovske rabine, kr\u0161\u0107anske pastore, muslimanske imame, imame Druze, a do\u0161ao je \u010dak i budisti\u010dki redovnik.\u00a0Jednoglasno su se slo\u017eili oko va\u017enosti su\u017eivota kao zajedni\u010dke vrijednosti na kojoj treba raditi.<\/p>\n<p><img loading=\"lazy\" decoding=\"async\" class=\"aligncenter wp-image-2620\" src=\"http:\/\/www.ahmadiyya-islam.org\/hr\/wp-content\/uploads\/sites\/22\/2023\/12\/Haifa_02-1024x576.png\" alt=\"Haifa Ahmadija\" width=\"600\" height=\"338\" srcset=\"https:\/\/www.ahmadiyya-islam.org\/hr\/wp-content\/uploads\/sites\/22\/2023\/12\/Haifa_02-1024x576.png 1024w, https:\/\/www.ahmadiyya-islam.org\/hr\/wp-content\/uploads\/sites\/22\/2023\/12\/Haifa_02-300x169.png 300w, https:\/\/www.ahmadiyya-islam.org\/hr\/wp-content\/uploads\/sites\/22\/2023\/12\/Haifa_02-768x432.png 768w, https:\/\/www.ahmadiyya-islam.org\/hr\/wp-content\/uploads\/sites\/22\/2023\/12\/Haifa_02-1536x864.png 1536w, https:\/\/www.ahmadiyya-islam.org\/hr\/wp-content\/uploads\/sites\/22\/2023\/12\/Haifa_02-400x225.png 400w, https:\/\/www.ahmadiyya-islam.org\/hr\/wp-content\/uploads\/sites\/22\/2023\/12\/Haifa_02.png 1600w\" sizes=\"auto, (max-width: 600px) 100vw, 600px\" \/><\/p>\n<p>Sljede\u0107i dan odr\u017eali smo jo\u0161 jedan me\u0111uvjerski doga\u0111aj u kojem smo doprli do svih susjeda \u017didova i Muslimana putem tekstualnih poruka i promocije na dru\u0161tvenim mre\u017eama. Tako je 5000 oglasa tiskano i distribuirano u roku od nekoliko dana, dopiru\u0107i do ljudi u okolnim podru\u010djima.<\/p>\n<p><img loading=\"lazy\" decoding=\"async\" class=\"aligncenter wp-image-2624\" src=\"http:\/\/www.ahmadiyya-islam.org\/hr\/wp-content\/uploads\/sites\/22\/2023\/12\/Haifa_06-1024x577.png\" alt=\"Haifa Ahmadija\" width=\"600\" height=\"338\" srcset=\"https:\/\/www.ahmadiyya-islam.org\/hr\/wp-content\/uploads\/sites\/22\/2023\/12\/Haifa_06-1024x577.png 1024w, https:\/\/www.ahmadiyya-islam.org\/hr\/wp-content\/uploads\/sites\/22\/2023\/12\/Haifa_06-300x169.png 300w, https:\/\/www.ahmadiyya-islam.org\/hr\/wp-content\/uploads\/sites\/22\/2023\/12\/Haifa_06-768x433.png 768w, https:\/\/www.ahmadiyya-islam.org\/hr\/wp-content\/uploads\/sites\/22\/2023\/12\/Haifa_06-1536x866.png 1536w, https:\/\/www.ahmadiyya-islam.org\/hr\/wp-content\/uploads\/sites\/22\/2023\/12\/Haifa_06-400x225.png 400w, https:\/\/www.ahmadiyya-islam.org\/hr\/wp-content\/uploads\/sites\/22\/2023\/12\/Haifa_06.png 1600w\" sizes=\"auto, (max-width: 600px) 100vw, 600px\" \/><\/p>\n<p>Na ovom doga\u0111aju okupilo se 600 lokalnih \u017didova i Arapa. Taj broj je prema\u0161io o\u010dekivanja, s obzirom na prevladavaju\u0107e uvjete u zemlji.\u00a0Ove brojke su bile bez presedana jer smo \u010dak i na na\u0161oj nedavnoj D\u017ealsa salani (godi\u0161njem okupljanju) vidjeli samo 450 sudionika.\u00a0Uz veliki broj Arapa i \u017didova, na\u0161a glavna dvorana je brzo popunila svoj kapacitet, \u0161to je zahtijevalo kori\u0161tenje svih dodatnih prostora koje smo imali u na\u0161em kompleksu d\u017eamije.<\/p>\n<p><img loading=\"lazy\" decoding=\"async\" class=\"aligncenter wp-image-2621\" src=\"http:\/\/www.ahmadiyya-islam.org\/hr\/wp-content\/uploads\/sites\/22\/2023\/12\/Haifa_03-1024x576.png\" alt=\"Haifa Ahmadija\" width=\"600\" height=\"338\" srcset=\"https:\/\/www.ahmadiyya-islam.org\/hr\/wp-content\/uploads\/sites\/22\/2023\/12\/Haifa_03-1024x576.png 1024w, https:\/\/www.ahmadiyya-islam.org\/hr\/wp-content\/uploads\/sites\/22\/2023\/12\/Haifa_03-300x169.png 300w, https:\/\/www.ahmadiyya-islam.org\/hr\/wp-content\/uploads\/sites\/22\/2023\/12\/Haifa_03-768x432.png 768w, https:\/\/www.ahmadiyya-islam.org\/hr\/wp-content\/uploads\/sites\/22\/2023\/12\/Haifa_03-1536x864.png 1536w, https:\/\/www.ahmadiyya-islam.org\/hr\/wp-content\/uploads\/sites\/22\/2023\/12\/Haifa_03-400x225.png 400w, https:\/\/www.ahmadiyya-islam.org\/hr\/wp-content\/uploads\/sites\/22\/2023\/12\/Haifa_03.png 1600w\" sizes=\"auto, (max-width: 600px) 100vw, 600px\" \/><\/p>\n<p>Emir Svetih zemalja, Muhammad Sharif Odeh, naglasio je islamsku osudu napada na nevine ljude i istaknuo prava u\u010denja islama, koja promi\u010du \u201cLjubav za sve, mr\u017enju ni za koga\u201d.\u00a0Pozvao je \u017eidovske goste da ne opravdavaju nepravednu odmazdu u ime osvete.<\/p>\n<p>On je rekao:<\/p>\n<blockquote><p><em>\u201cHaram<\/em>\u00a0je\u00a0[protuzakonito] ubijati civile i nedu\u017ene ljude \u2013 to nije pravi na\u010din, postoje druga rje\u0161enja, bez oru\u017eja.<\/p>\n<p>\u201cMuslimani i \u017didovi \u017eive zajedno vi\u0161e od 1300 godina, a \u017didovi su dobili svoja prava pod muslimanskom vla\u0161\u0107u.\u00a0Dobili su identitet, status i poziciju kakvu nigdje drugdje nisu dobili.\u00a0Oni su ta prava imali pod muslimanskom vla\u0161\u0107u i po\u0161tovali su ih.\u00a0Dakle, \u017eivjeli smo zajedno u su\u017eivotu vi\u0161e od 1300 godina.<\/p>\n<p>\u201cMuslimani i \u017didovi trebaju znati da to \u0161to ne govorimo pred ugnjetavanjem uni\u0161tava ljudske osje\u0107aje u na\u0161im srcima i sprje\u010dava nas da osje\u0107amo empatiju prema boli i patnji drugih.\u201d<\/p><\/blockquote>\n<p><img loading=\"lazy\" decoding=\"async\" class=\"aligncenter wp-image-2622\" src=\"http:\/\/www.ahmadiyya-islam.org\/hr\/wp-content\/uploads\/sites\/22\/2023\/12\/Haifa_04-1024x768.png\" alt=\"Haifa Ahmadija\" width=\"600\" height=\"450\" srcset=\"https:\/\/www.ahmadiyya-islam.org\/hr\/wp-content\/uploads\/sites\/22\/2023\/12\/Haifa_04-1024x768.png 1024w, https:\/\/www.ahmadiyya-islam.org\/hr\/wp-content\/uploads\/sites\/22\/2023\/12\/Haifa_04-300x225.png 300w, https:\/\/www.ahmadiyya-islam.org\/hr\/wp-content\/uploads\/sites\/22\/2023\/12\/Haifa_04-768x576.png 768w, https:\/\/www.ahmadiyya-islam.org\/hr\/wp-content\/uploads\/sites\/22\/2023\/12\/Haifa_04-1536x1152.png 1536w, https:\/\/www.ahmadiyya-islam.org\/hr\/wp-content\/uploads\/sites\/22\/2023\/12\/Haifa_04.png 1600w\" sizes=\"auto, (max-width: 600px) 100vw, 600px\" \/><\/p>\n<p>Sve u svemu, sudionici su izrazili svoje olak\u0161anje i novoprona\u0111enu nadu, govore\u0107i o tome kako je program ubla\u017eio njihove strahove u ovim izazovnim vremenima.\u00a0Ova odva\u017ena i hrabra inicijativa bila je dokaz predanosti zajednice promicanju mira i jedinstva usprkos neda\u0107ama.<\/p>\n<p>Uz to, Muhamedova d\u017eamija odigrala je klju\u010dnu ulogu u pru\u017eanju potpore organizaciji \u201cStanding Together\u201d (@omdimbeyachad) koja je isprva bila odbijena dok je tra\u017eila mjesto u Haifi za odr\u017eavanje \u017eidovsko-arapskog doga\u0111aja.\u00a0Na\u0161a Muhamedova d\u017eamija je pru\u017eila prostor koji im je bio potreban i prihvatila je podjednako Arape i \u017didove, ujedinjene u\u00a0<a href=\"https:\/\/www.alhakam.org\/charter-of-medina-a-blueprint-for-peaceful-coexistence\/\">\u017eelji za mirom i su\u017eivotom<\/a>.\u00a0Na ovom doga\u0111aju tako\u0111er su svi na\u0161i prostori bili ispunjeni do posljednjeg mjesta.<\/p>\n<p><img loading=\"lazy\" decoding=\"async\" class=\"aligncenter wp-image-2619\" src=\"http:\/\/www.ahmadiyya-islam.org\/hr\/wp-content\/uploads\/sites\/22\/2023\/12\/Haifa_05-1024x576.png\" alt=\"Haifa Ahmadija\" width=\"600\" height=\"338\" srcset=\"https:\/\/www.ahmadiyya-islam.org\/hr\/wp-content\/uploads\/sites\/22\/2023\/12\/Haifa_05-1024x576.png 1024w, https:\/\/www.ahmadiyya-islam.org\/hr\/wp-content\/uploads\/sites\/22\/2023\/12\/Haifa_05-300x169.png 300w, https:\/\/www.ahmadiyya-islam.org\/hr\/wp-content\/uploads\/sites\/22\/2023\/12\/Haifa_05-768x432.png 768w, https:\/\/www.ahmadiyya-islam.org\/hr\/wp-content\/uploads\/sites\/22\/2023\/12\/Haifa_05-1536x864.png 1536w, https:\/\/www.ahmadiyya-islam.org\/hr\/wp-content\/uploads\/sites\/22\/2023\/12\/Haifa_05-400x225.png 400w, https:\/\/www.ahmadiyya-islam.org\/hr\/wp-content\/uploads\/sites\/22\/2023\/12\/Haifa_05.png 1600w\" sizes=\"auto, (max-width: 600px) 100vw, 600px\" \/><\/p>\n<p>I organizatori i gosti pohvalili su ulogu d\u017eamije u odr\u017eavanju doga\u0111aja, nagla\u0161avaju\u0107i da ona odra\u017eava islamska u\u010denja koja su dovela do ovih okupljanja.<\/p>\n<p>Ovaj \u010din jedinstva i inkluzivnosti slu\u017ei kao svjetionik nade u regiji naru\u0161enoj neslogom i sukobom, utjelovljuju\u0107i poruku &#8220;Ljubav za sve, mr\u017enja ni za koga&#8221;.\u00a0Muslimanska zajednica Ahmadija u Svetoj zemlji ima dugu povijest napora prema miru i pomirenju me\u0111u \u017didovima i Arapima i mi \u0107emo nastaviti u ovom bitnom nastojanju,\u00a0<em>In\u0161allah<\/em>.<\/p>\n","protected":false},"excerpt":{"rendered":"<p>Dijele se objave na dru\u0161tvenim mre\u017eama o \u017eidovsko-arapskim okupljanjima \u010diji je doma\u0107in muslimanska zajednica Ahmadija u Haifi.<\/p>\n","protected":false},"featured_media":2625,"parent":0,"template":"","tags":[419,314,143,313],"article-cat":[346],"topics":[345,220,221],"authors":[],"content_source":[],"class_list":["post-2617","articles","type-articles","status-publish","has-post-thumbnail","hentry","tag-gaza","tag-izrael","tag-mir","tag-palestina","article-cat-al-hakam","topics-politika","topics-pravda","topics-svijet-u-krizi"],"acf":[],"yoast_head":"<!-- This site is optimized with the Yoast SEO Premium plugin v21.1 (Yoast SEO v27.4) - https:\/\/yoast.com\/product\/yoast-seo-premium-wordpress\/ -->\n<title>\u017didovi i Arapi ujedinjeni u Haifa Ahmadija d\u017eamiji u Izraelu<\/title>\n<meta name=\"description\" content=\"Dijele se objave na dru\u0161tvenim mre\u017eama o \u017eidovsko-arapskim okupljanjima \u010diji je doma\u0107in muslimanska zajednica Ahmadija u Haifi.\" \/>\n<meta name=\"robots\" content=\"index, follow, max-snippet:-1, max-image-preview:large, max-video-preview:-1\" \/>\n<link rel=\"canonical\" href=\"https:\/\/www.ahmadiyya-islam.org\/hr\/clanci\/zidovi-i-arapi-ujedinjeni-u-haifa-ahmadija-dzamiji-u-izraelu\/\" \/>\n<meta property=\"og:locale\" content=\"hr_HR\" \/>\n<meta property=\"og:type\" content=\"article\" \/>\n<meta property=\"og:title\" content=\"\u017didovi i Arapi ujedinjeni u Haifa Ahmadija d\u017eamiji u Izraelu\" \/>\n<meta property=\"og:description\" content=\"Dijele se objave na dru\u0161tvenim mre\u017eama o \u017eidovsko-arapskim okupljanjima \u010diji je doma\u0107in muslimanska zajednica Ahmadija u Haifi.\" \/>\n<meta property=\"og:url\" content=\"https:\/\/www.ahmadiyya-islam.org\/hr\/clanci\/zidovi-i-arapi-ujedinjeni-u-haifa-ahmadija-dzamiji-u-izraelu\/\" \/>\n<meta property=\"og:site_name\" content=\"Ahmadija muslimanski d\u017eamat\" \/>\n<meta property=\"og:image\" content=\"http:\/\/www.ahmadiyya-islam.org\/hr\/wp-content\/uploads\/sites\/22\/2023\/12\/Haifa-Mamud-dzamija-.jpg\" \/>\n\t<meta property=\"og:image:width\" content=\"1500\" \/>\n\t<meta property=\"og:image:height\" content=\"750\" \/>\n\t<meta property=\"og:image:type\" content=\"image\/jpeg\" \/>\n<meta name=\"twitter:card\" content=\"summary_large_image\" \/>\n<meta name=\"twitter:label1\" content=\"Procijenjeno vrijeme \u010ditanja\" \/>\n\t<meta name=\"twitter:data1\" content=\"5 minuta\" \/>\n<script type=\"application\/ld+json\" class=\"yoast-schema-graph\">{\"@context\":\"https:\\\/\\\/schema.org\",\"@graph\":[{\"@type\":\"WebPage\",\"@id\":\"https:\\\/\\\/www.ahmadiyya-islam.org\\\/hr\\\/clanci\\\/zidovi-i-arapi-ujedinjeni-u-haifa-ahmadija-dzamiji-u-izraelu\\\/\",\"url\":\"https:\\\/\\\/www.ahmadiyya-islam.org\\\/hr\\\/clanci\\\/zidovi-i-arapi-ujedinjeni-u-haifa-ahmadija-dzamiji-u-izraelu\\\/\",\"name\":\"\u017didovi i Arapi ujedinjeni u Haifa Ahmadija d\u017eamiji u Izraelu\",\"isPartOf\":{\"@id\":\"https:\\\/\\\/www.ahmadiyya-islam.org\\\/hr\\\/#website\"},\"primaryImageOfPage\":{\"@id\":\"https:\\\/\\\/www.ahmadiyya-islam.org\\\/hr\\\/clanci\\\/zidovi-i-arapi-ujedinjeni-u-haifa-ahmadija-dzamiji-u-izraelu\\\/#primaryimage\"},\"image\":{\"@id\":\"https:\\\/\\\/www.ahmadiyya-islam.org\\\/hr\\\/clanci\\\/zidovi-i-arapi-ujedinjeni-u-haifa-ahmadija-dzamiji-u-izraelu\\\/#primaryimage\"},\"thumbnailUrl\":\"https:\\\/\\\/www.ahmadiyya-islam.org\\\/hr\\\/wp-content\\\/uploads\\\/sites\\\/22\\\/2023\\\/12\\\/Haifa-Mamud-dzamija-.jpg\",\"datePublished\":\"2023-12-06T14:26:31+00:00\",\"description\":\"Dijele se objave na dru\u0161tvenim mre\u017eama o \u017eidovsko-arapskim okupljanjima \u010diji je doma\u0107in muslimanska zajednica Ahmadija u Haifi.\",\"breadcrumb\":{\"@id\":\"https:\\\/\\\/www.ahmadiyya-islam.org\\\/hr\\\/clanci\\\/zidovi-i-arapi-ujedinjeni-u-haifa-ahmadija-dzamiji-u-izraelu\\\/#breadcrumb\"},\"inLanguage\":\"hr\",\"potentialAction\":[{\"@type\":\"ReadAction\",\"target\":[\"https:\\\/\\\/www.ahmadiyya-islam.org\\\/hr\\\/clanci\\\/zidovi-i-arapi-ujedinjeni-u-haifa-ahmadija-dzamiji-u-izraelu\\\/\"]}]},{\"@type\":\"ImageObject\",\"inLanguage\":\"hr\",\"@id\":\"https:\\\/\\\/www.ahmadiyya-islam.org\\\/hr\\\/clanci\\\/zidovi-i-arapi-ujedinjeni-u-haifa-ahmadija-dzamiji-u-izraelu\\\/#primaryimage\",\"url\":\"https:\\\/\\\/www.ahmadiyya-islam.org\\\/hr\\\/wp-content\\\/uploads\\\/sites\\\/22\\\/2023\\\/12\\\/Haifa-Mamud-dzamija-.jpg\",\"contentUrl\":\"https:\\\/\\\/www.ahmadiyya-islam.org\\\/hr\\\/wp-content\\\/uploads\\\/sites\\\/22\\\/2023\\\/12\\\/Haifa-Mamud-dzamija-.jpg\",\"width\":1500,\"height\":750,\"caption\":\"Haifa Mamood d\u017eamija\"},{\"@type\":\"BreadcrumbList\",\"@id\":\"https:\\\/\\\/www.ahmadiyya-islam.org\\\/hr\\\/clanci\\\/zidovi-i-arapi-ujedinjeni-u-haifa-ahmadija-dzamiji-u-izraelu\\\/#breadcrumb\",\"itemListElement\":[{\"@type\":\"ListItem\",\"position\":1,\"name\":\"Home\",\"item\":\"https:\\\/\\\/www.ahmadiyya-islam.org\\\/hr\\\/\"},{\"@type\":\"ListItem\",\"position\":2,\"name\":\"\u010clanci\",\"item\":\"https:\\\/\\\/www.ahmadiyya-islam.org\\\/hr\\\/clanci\\\/\"},{\"@type\":\"ListItem\",\"position\":3,\"name\":\"\u017didovi i Arapi ujedinjeni u Haifa Ahmadija d\u017eamiji u Izraelu\"}]},{\"@type\":\"WebSite\",\"@id\":\"https:\\\/\\\/www.ahmadiyya-islam.org\\\/hr\\\/#website\",\"url\":\"https:\\\/\\\/www.ahmadiyya-islam.org\\\/hr\\\/\",\"name\":\"Ahmadija muslimanski d\u017eamat\",\"description\":\"Hrvatska\",\"potentialAction\":[{\"@type\":\"SearchAction\",\"target\":{\"@type\":\"EntryPoint\",\"urlTemplate\":\"https:\\\/\\\/www.ahmadiyya-islam.org\\\/hr\\\/?s={search_term_string}\"},\"query-input\":{\"@type\":\"PropertyValueSpecification\",\"valueRequired\":true,\"valueName\":\"search_term_string\"}}],\"inLanguage\":\"hr\"}]}<\/script>\n<!-- \/ Yoast SEO Premium plugin. -->","yoast_head_json":{"title":"\u017didovi i Arapi ujedinjeni u Haifa Ahmadija d\u017eamiji u Izraelu","description":"Dijele se objave na dru\u0161tvenim mre\u017eama o \u017eidovsko-arapskim okupljanjima \u010diji je doma\u0107in muslimanska zajednica Ahmadija u Haifi.","robots":{"index":"index","follow":"follow","max-snippet":"max-snippet:-1","max-image-preview":"max-image-preview:large","max-video-preview":"max-video-preview:-1"},"canonical":"https:\/\/www.ahmadiyya-islam.org\/hr\/clanci\/zidovi-i-arapi-ujedinjeni-u-haifa-ahmadija-dzamiji-u-izraelu\/","og_locale":"hr_HR","og_type":"article","og_title":"\u017didovi i Arapi ujedinjeni u Haifa Ahmadija d\u017eamiji u Izraelu","og_description":"Dijele se objave na dru\u0161tvenim mre\u017eama o \u017eidovsko-arapskim okupljanjima \u010diji je doma\u0107in muslimanska zajednica Ahmadija u Haifi.","og_url":"https:\/\/www.ahmadiyya-islam.org\/hr\/clanci\/zidovi-i-arapi-ujedinjeni-u-haifa-ahmadija-dzamiji-u-izraelu\/","og_site_name":"Ahmadija muslimanski d\u017eamat","og_image":[{"width":1500,"height":750,"url":"http:\/\/www.ahmadiyya-islam.org\/hr\/wp-content\/uploads\/sites\/22\/2023\/12\/Haifa-Mamud-dzamija-.jpg","type":"image\/jpeg"}],"twitter_card":"summary_large_image","twitter_misc":{"Procijenjeno vrijeme \u010ditanja":"5 minuta"},"schema":{"@context":"https:\/\/schema.org","@graph":[{"@type":"WebPage","@id":"https:\/\/www.ahmadiyya-islam.org\/hr\/clanci\/zidovi-i-arapi-ujedinjeni-u-haifa-ahmadija-dzamiji-u-izraelu\/","url":"https:\/\/www.ahmadiyya-islam.org\/hr\/clanci\/zidovi-i-arapi-ujedinjeni-u-haifa-ahmadija-dzamiji-u-izraelu\/","name":"\u017didovi i Arapi ujedinjeni u Haifa Ahmadija d\u017eamiji u Izraelu","isPartOf":{"@id":"https:\/\/www.ahmadiyya-islam.org\/hr\/#website"},"primaryImageOfPage":{"@id":"https:\/\/www.ahmadiyya-islam.org\/hr\/clanci\/zidovi-i-arapi-ujedinjeni-u-haifa-ahmadija-dzamiji-u-izraelu\/#primaryimage"},"image":{"@id":"https:\/\/www.ahmadiyya-islam.org\/hr\/clanci\/zidovi-i-arapi-ujedinjeni-u-haifa-ahmadija-dzamiji-u-izraelu\/#primaryimage"},"thumbnailUrl":"https:\/\/www.ahmadiyya-islam.org\/hr\/wp-content\/uploads\/sites\/22\/2023\/12\/Haifa-Mamud-dzamija-.jpg","datePublished":"2023-12-06T14:26:31+00:00","description":"Dijele se objave na dru\u0161tvenim mre\u017eama o \u017eidovsko-arapskim okupljanjima \u010diji je doma\u0107in muslimanska zajednica Ahmadija u Haifi.","breadcrumb":{"@id":"https:\/\/www.ahmadiyya-islam.org\/hr\/clanci\/zidovi-i-arapi-ujedinjeni-u-haifa-ahmadija-dzamiji-u-izraelu\/#breadcrumb"},"inLanguage":"hr","potentialAction":[{"@type":"ReadAction","target":["https:\/\/www.ahmadiyya-islam.org\/hr\/clanci\/zidovi-i-arapi-ujedinjeni-u-haifa-ahmadija-dzamiji-u-izraelu\/"]}]},{"@type":"ImageObject","inLanguage":"hr","@id":"https:\/\/www.ahmadiyya-islam.org\/hr\/clanci\/zidovi-i-arapi-ujedinjeni-u-haifa-ahmadija-dzamiji-u-izraelu\/#primaryimage","url":"https:\/\/www.ahmadiyya-islam.org\/hr\/wp-content\/uploads\/sites\/22\/2023\/12\/Haifa-Mamud-dzamija-.jpg","contentUrl":"https:\/\/www.ahmadiyya-islam.org\/hr\/wp-content\/uploads\/sites\/22\/2023\/12\/Haifa-Mamud-dzamija-.jpg","width":1500,"height":750,"caption":"Haifa Mamood d\u017eamija"},{"@type":"BreadcrumbList","@id":"https:\/\/www.ahmadiyya-islam.org\/hr\/clanci\/zidovi-i-arapi-ujedinjeni-u-haifa-ahmadija-dzamiji-u-izraelu\/#breadcrumb","itemListElement":[{"@type":"ListItem","position":1,"name":"Home","item":"https:\/\/www.ahmadiyya-islam.org\/hr\/"},{"@type":"ListItem","position":2,"name":"\u010clanci","item":"https:\/\/www.ahmadiyya-islam.org\/hr\/clanci\/"},{"@type":"ListItem","position":3,"name":"\u017didovi i Arapi ujedinjeni u Haifa Ahmadija d\u017eamiji u Izraelu"}]},{"@type":"WebSite","@id":"https:\/\/www.ahmadiyya-islam.org\/hr\/#website","url":"https:\/\/www.ahmadiyya-islam.org\/hr\/","name":"Ahmadija muslimanski d\u017eamat","description":"Hrvatska","potentialAction":[{"@type":"SearchAction","target":{"@type":"EntryPoint","urlTemplate":"https:\/\/www.ahmadiyya-islam.org\/hr\/?s={search_term_string}"},"query-input":{"@type":"PropertyValueSpecification","valueRequired":true,"valueName":"search_term_string"}}],"inLanguage":"hr"}]}},"_links":{"self":[{"href":"https:\/\/www.ahmadiyya-islam.org\/hr\/wp-json\/wp\/v2\/articles\/2617","targetHints":{"allow":["GET"]}}],"collection":[{"href":"https:\/\/www.ahmadiyya-islam.org\/hr\/wp-json\/wp\/v2\/articles"}],"about":[{"href":"https:\/\/www.ahmadiyya-islam.org\/hr\/wp-json\/wp\/v2\/types\/articles"}],"version-history":[{"count":1,"href":"https:\/\/www.ahmadiyya-islam.org\/hr\/wp-json\/wp\/v2\/articles\/2617\/revisions"}],"predecessor-version":[{"id":2627,"href":"https:\/\/www.ahmadiyya-islam.org\/hr\/wp-json\/wp\/v2\/articles\/2617\/revisions\/2627"}],"wp:featuredmedia":[{"embeddable":true,"href":"https:\/\/www.ahmadiyya-islam.org\/hr\/wp-json\/wp\/v2\/media\/2625"}],"wp:attachment":[{"href":"https:\/\/www.ahmadiyya-islam.org\/hr\/wp-json\/wp\/v2\/media?parent=2617"}],"wp:term":[{"taxonomy":"post_tag","embeddable":true,"href":"https:\/\/www.ahmadiyya-islam.org\/hr\/wp-json\/wp\/v2\/tags?post=2617"},{"taxonomy":"article-cat","embeddable":true,"href":"https:\/\/www.ahmadiyya-islam.org\/hr\/wp-json\/wp\/v2\/article-cat?post=2617"},{"taxonomy":"topics","embeddable":true,"href":"https:\/\/www.ahmadiyya-islam.org\/hr\/wp-json\/wp\/v2\/topics?post=2617"},{"taxonomy":"authors","embeddable":true,"href":"https:\/\/www.ahmadiyya-islam.org\/hr\/wp-json\/wp\/v2\/authors?post=2617"},{"taxonomy":"content_source","embeddable":true,"href":"https:\/\/www.ahmadiyya-islam.org\/hr\/wp-json\/wp\/v2\/content_source?post=2617"}],"curies":[{"name":"wp","href":"https:\/\/api.w.org\/{rel}","templated":true}]}}