{"id":2536,"date":"2023-06-21T10:26:47","date_gmt":"2023-06-21T10:26:47","guid":{"rendered":"https:\/\/www.ahmadiyya-islam.org\/hr\/?post_type=articles&#038;p=2536"},"modified":"2023-06-21T10:26:47","modified_gmt":"2023-06-21T10:26:47","slug":"priznanje-boga-kljuc-za-mir","status":"publish","type":"articles","link":"https:\/\/www.ahmadiyya-islam.org\/hr\/clanci\/priznanje-boga-kljuc-za-mir\/","title":{"rendered":"Priznanje Boga \u2013 Klju\u010d za mir"},"content":{"rendered":"<p><em>Uvod:Dana 4. o\u017eujka 2023. svjetski poglavar Ahmadijske muslimanske zajednice, peti halifa (kalif), Njegova svetost, hazreti Mirza Masroor Ahmad (aba) odr\u017eao je uvodni govor na 17. nacionalnom mirovnom simpoziju \u010diji je doma\u0107in bila Ahmadijska muslimanska zajednica UK. Doga\u0111aj je ujedno poslu\u017eio i kao inauguracija nove zgrade peterokatnice u d\u017eamiji Baitul Futuh, koja je obnovljena nakon po\u017eara 2015. godine. Doga\u0111aju je prisustvovalo vi\u0161e od 1500 ljudi uklju\u010duju\u0107i 500 uglednika, ministara, veleposlanika i saborskih zastupnika i ostalih gostiju iz 40 zemalja. Slu\u017ebeni prijepis obra\u0107anja Njegove Svetosti ovom prigodom donosimo u nastavku:<\/em><\/p>\n<p><img loading=\"lazy\" decoding=\"async\" class=\"aligncenter size-full wp-image-2538\" src=\"http:\/\/www.ahmadiyya-islam.org\/hr\/wp-content\/uploads\/sites\/22\/2023\/06\/05-Simpozij-mira-2023.jpg\" alt=\"Simpozij mira 2023\" width=\"786\" height=\"500\" srcset=\"https:\/\/www.ahmadiyya-islam.org\/hr\/wp-content\/uploads\/sites\/22\/2023\/06\/05-Simpozij-mira-2023.jpg 786w, https:\/\/www.ahmadiyya-islam.org\/hr\/wp-content\/uploads\/sites\/22\/2023\/06\/05-Simpozij-mira-2023-300x191.jpg 300w, https:\/\/www.ahmadiyya-islam.org\/hr\/wp-content\/uploads\/sites\/22\/2023\/06\/05-Simpozij-mira-2023-768x489.jpg 768w\" sizes=\"auto, (max-width: 786px) 100vw, 786px\" \/><\/p>\n<p>Nakon recitiranja Tavuza i Bismille, hazreti Mirza Masroor Ahmad<sup>a.b.a.<\/sup>, svjetski poglavar muslimanske zajednice Ahmadija, rekao je:<\/p>\n<p>\u201eSvi uva\u017eeni gosti <em>asalamo alaikum va rahmatullahe va barakatuhu<\/em> &#8211; Allahov mir i blagoslovi neka su s vama.<\/p>\n<p>Prije svega, \u017eelio bih izraziti svoju iskrenu zahvalnost svim na\u0161im gostima koji su nam se ve\u010deras pridru\u017eili. Zbog pandemije COVID-19 zadnjih nekoliko godina nismo bili u mogu\u0107nosti organizirati ovakav prijem gostiju. S obzirom na to, iznimno nam je drago \u0161to smo danas, nakon pauze od \u010detiri godine, ponovno u prilici ugostiti sve vas, stare i nove prijatelje. Ovaj doga\u0111aj se odr\u017eava povodom inauguracije rekonstrukcije administrativnog bloka kompleksa d\u017eamije Baitul Futuh, a usporedo s inauguracijom odr\u017eavamo na\u0161 Nacionalni mirovni simpozij. Stoga \u0107u nastojati ukratko spomenuti ciljeve d\u017eamije i iznijeti svoja razmi\u0161ljanja o trenutnom stanju u svijetu i kako posti\u0107i globalni mir i sigurnost.<\/p>\n<h3>Temeljne vrednote istinskih muslimana<\/h3>\n<p>Po mom uvjerenju, nije mogu\u0107e ispuniti prava Allaha Svemogu\u0107eg niti posti\u0107i Njegovu blizinu bez ispunjavanja prava na\u0161ih bli\u017enjih i svih Bo\u017ejih stvorenja. Istinski muslimani, stoga, \u017eive svoje \u017eivote mirno i nastoje \u0161iriti mir, toleranciju i me\u0111usobno razumijevanje u dru\u0161tvu. Uistinu, Ahmadi muslimani vjeruju da je Svemogu\u0107i Allah poslao utemeljitelja na\u0161e zajednice da skrene pa\u017enju \u010dovje\u010danstva prema ovim temeljnim islamskim na\u010delima ispunjavanja prava obo\u017eavanja Svemogu\u0107eg Boga, ispunjavanja prava \u010dovje\u010danstva i nastojanja da se \u0161iri mir i sklad u cijelom svijetu. Ostavio nam je u naslje\u0111e mir tako \u0161to je jasno stavio do znanja da postoji izravna veza izme\u0111u obo\u017eavanja Svemogu\u0107eg Boga i ispunjavanja prava \u010dovje\u010danstva.<\/p>\n<p>Ovo je ne\u0161to \u0161to treba imati na umu dok se okupljamo u ovoj zgradi koja se nalazi uz glavnu d\u017eamiju i tako \u010dini dio kompleksa d\u017eamije. D\u017eamije se grade za obo\u017eavati Svemogu\u0107eg Allaha, u \u010casnom Kur\u2019anu stoji da ako osoba ne ispunjava prava Bo\u017ejih stvorenja, njezine molitve i obo\u017eavanje \u0107e biti odbijeni. Zaista, Kur\u2018an ka\u017ee da \u0107e obo\u017eavanje onih koji ne obra\u0107aju pa\u017enju na prava drugih ljudi biti sredstvo njihove propasti i poni\u017eenja, a ne sredstvo njihovog spasenja.<\/p>\n<h3>D\u017eamije \u2013 Ulazak u stanje mira<\/h3>\n<p><img loading=\"lazy\" decoding=\"async\" class=\"aligncenter size-full wp-image-2539\" src=\"http:\/\/www.ahmadiyya-islam.org\/hr\/wp-content\/uploads\/sites\/22\/2023\/06\/04-Simpozij-mira-2023.jpg\" alt=\"Baitul Futuh - London\" width=\"923\" height=\"500\" srcset=\"https:\/\/www.ahmadiyya-islam.org\/hr\/wp-content\/uploads\/sites\/22\/2023\/06\/04-Simpozij-mira-2023.jpg 923w, https:\/\/www.ahmadiyya-islam.org\/hr\/wp-content\/uploads\/sites\/22\/2023\/06\/04-Simpozij-mira-2023-300x163.jpg 300w, https:\/\/www.ahmadiyya-islam.org\/hr\/wp-content\/uploads\/sites\/22\/2023\/06\/04-Simpozij-mira-2023-768x416.jpg 768w\" sizes=\"auto, (max-width: 923px) 100vw, 923px\" \/><\/p>\n<p>Nadalje, bitno je napomenuti da je muslimanima nare\u0111eno da grade d\u017eamiju u pravcu Svete Kabe, svete ku\u0107e Mekke, i da se klanjaju prema njoj. Ipak, nije dovoljno samo okrenuti svoje fizi\u010dko usmjerenje k \u010casnoj Kabi, nego muslimani i njihove d\u017eamije moraju ispuniti ciljeve Kabe, navedene u poglavlju 3, stihu 98 \u010casnog Kur\u2018ana, gdje se ka\u017ee da tko god u\u0111e u Allahovu svetu ku\u0107u, ulazi u mir. Ovaj kur\u2019anski stih zna\u010di da \u0107e istinski musliman, ulaskom u d\u017eamiju, sam u\u0107i u stanje mira i da \u0107e, ispunjavaju\u0107i prava i naredbe Bo\u017eje, biti svjetionik mira i sigurnosti za druge. Sve na\u0161e d\u017eamije duhovno su ogledalo \u010casne Kabe, u kojoj slu\u017ee ne samo kao prebivali\u0161te obo\u017eavanja Svemogu\u0107eg Boga, ve\u0107 su i sredstvo za ostvarenje prava \u010dovje\u010danstva i uspostavljanje mira u svijetu.<\/p>\n<p>Kao muslimani klanjamo se pet puta dnevno, u svakom namazu du\u017enost nam je u\u010diti prvo poglavlje \u010casnog Kur\u2018ana. U svom drugom stihu Svemogu\u0107i Allah objavljuje da je On Gospodar svih svjetova i svih ljudi. On nije samo Opskrbitelj i Uzdr\u017eavatelj muslimana, ve\u0107 On opskrbljuje i odr\u017eava kr\u0161\u0107ane, \u017didove, Hinduse, Sikhe i ljude svih religija i uvjerenja. On im daje \u017eivot i On ispunjava njihove osnovne potrebe svojom milo\u0161\u0107u i samilo\u0161\u0107u. Shodno tome, od samog po\u010detka \u010casnog Kur\u2018ana, muslimani su pou\u010deni da je temeljni stup islamskog u\u010denja da iskreni musliman nikada ne smije nauditi ljudima druge vjere ili religije, gajiti bilo kakav oblik mr\u017enje ili govoriti lo\u0161e o njima, jer svi smo mi stvorenje Svemogu\u0107eg Boga.<\/p>\n<p><img loading=\"lazy\" decoding=\"async\" class=\"aligncenter size-full wp-image-2542\" src=\"http:\/\/www.ahmadiyya-islam.org\/hr\/wp-content\/uploads\/sites\/22\/2023\/06\/03-Simpozij-mira-2023.jpg\" alt=\"Baitul Futuh - London\" width=\"929\" height=\"500\" srcset=\"https:\/\/www.ahmadiyya-islam.org\/hr\/wp-content\/uploads\/sites\/22\/2023\/06\/03-Simpozij-mira-2023.jpg 929w, https:\/\/www.ahmadiyya-islam.org\/hr\/wp-content\/uploads\/sites\/22\/2023\/06\/03-Simpozij-mira-2023-300x161.jpg 300w, https:\/\/www.ahmadiyya-islam.org\/hr\/wp-content\/uploads\/sites\/22\/2023\/06\/03-Simpozij-mira-2023-768x413.jpg 768w\" sizes=\"auto, (max-width: 929px) 100vw, 929px\" \/><\/p>\n<p>Zaista, na\u0161e je uvjerenje i u\u010denje da Allah Svemogu\u0107i ispunjava potrebe onih koji ne cijene Njegovu milost i odbacuju Njegovo postojanje. Ne samo da ih opskrbljuje, nego im daje i plodove njihova rada. Ovo je koncept Svemilosnog Boga u kojeg vjerujemo. Zasigurno, oni koji imaju vjeru u tako Milostivog Boga nikada ne mogu nastojati potkopati mir i dobrobit drugih. Stoga Ahmadijska muslimanska zajednica nastoji poticati mir i harmoniju \u0161irom svijeta isklju\u010divo radi postizanja blizine i ljubavi tako dobronamjernog Boga punog ljubavi. Otkako je na\u0161a zajednica utemeljena krajem 19. stolje\u0107a, uz pozivanje drugih prema Svemogu\u0107em Bogu, dosljedno prakticiramo i propovijedamo poruku me\u0111usobnog razumijevanja i tolerancije te nastojimo uspostaviti istinski mir u svijetu.<\/p>\n<h3>Mir \u2013 Zlatni klju\u010d<\/h3>\n<p>Kao \u0161to sam ranije spomenuo, prije pandemije svake smo godine odr\u017eavali ovaj nacionalni mirovni simpozij i zahvalni smo \u0161to imamo priliku nastaviti ovaj doga\u0111aj u nastojanju da doprinesemo stvaranju mira. Osim toga, odr\u017eavamo sli\u010dne konferencije i doga\u0111aje diljem svijeta, nastoje\u0107i okupiti ljude, bez obzira na kastu, vjeru ili boju ko\u017ee, pod zastavom humanosti i nastoje\u0107i prona\u0107i rje\u0161enja za probleme s kojima se svijet suo\u010dava. Na\u0161a motivacija je da se pojavi pravi i trajni mir kako bi se \u010dovje\u010danstvo moglo spasiti od samouni\u0161tenja. Na\u0161 cilj je podi\u0107i svijest o \u010dinjenici da svijet stoji na rubu katastrofe i potaknuti \u010dovje\u010danstvo da napravi korak unatrag i razmotri svoju odgovornost, ne samo prema dana\u0161njim ljudima, ve\u0107 i prema na\u0161im budu\u0107im generacijama.<\/p>\n<p>Ovakve doga\u0111aje odr\u017eavamo kako bismo mogli navije\u0161tati svoje \u010dvrsto uvjerenje da je samo u miru spas svijeta. Mir je zlatni klju\u010d za otklju\u010davanje vrata dru\u0161tvenog napretka i razvoja kako bismo osigurali napredak budu\u0107ih generacija. Iako smo dugo propovijedali ovu poruku, \u010dini se da je nai\u0161la na gluhe u\u0161i. Vjerujem da je razlog za to \u0161to se velika ve\u0107ina svijeta okrenula od Svemogu\u0107eg Boga i smatra materijalne dobitke i svjetovne te\u017enje svojim krajnjim ciljem. Upravo zbog takvih uzaludnih i pohlepnih te\u017enji \u010dovje\u010danstvo je bilo uvu\u010deno u dva katastrofalna i mu\u010dna svjetska rata tijekom 20. stolje\u0107a. Umjesto da u\u010di iz u\u017easa pro\u0161losti, svijet je ponovno zahva\u0107en ratovima i sukobima.<\/p>\n<p><img loading=\"lazy\" decoding=\"async\" class=\"aligncenter size-full wp-image-2540\" src=\"http:\/\/www.ahmadiyya-islam.org\/hr\/wp-content\/uploads\/sites\/22\/2023\/06\/01-Simpozij-mira-2023.jpg\" alt=\"\" width=\"985\" height=\"500\" srcset=\"https:\/\/www.ahmadiyya-islam.org\/hr\/wp-content\/uploads\/sites\/22\/2023\/06\/01-Simpozij-mira-2023.jpg 985w, https:\/\/www.ahmadiyya-islam.org\/hr\/wp-content\/uploads\/sites\/22\/2023\/06\/01-Simpozij-mira-2023-300x152.jpg 300w, https:\/\/www.ahmadiyya-islam.org\/hr\/wp-content\/uploads\/sites\/22\/2023\/06\/01-Simpozij-mira-2023-768x390.jpg 768w\" sizes=\"auto, (max-width: 985px) 100vw, 985px\" \/><\/p>\n<p>U ovom trenutku moram pojasniti da ne vjerujem da je krivica isklju\u010divo na muslimanima ili nemuslimanima, niti ka\u017eem da su okrutnosti ili nepravde isklju\u010diva osobina bilo koje skupine ili naroda. Svi muslimani ili takozvane islamske skupine koji nanose okrutnosti ili provode barbarska djela kr\u0161e svoja vjerska u\u010denja i u potpunosti podlije\u017eu najo\u0161trijoj osudi. Prema islamskim u\u010denjima, dopu\u0161tenje za rat se daje samo u ekstremnim okolnostima kao obrambena mjera protiv neprijateljskih napora da se uni\u0161ti institucija vjere i sloboda vjerovanja kroz ratovanje. Islam nikada nije, niti \u0107e ikada, dopustiti agresivno ratovanje radi teritorijalnih dobitaka ili ispunjavanja geopoliti\u010dkih ambicija.<\/p>\n<h3>Prakti\u010dne metode pomirenja u vrijeme rata<\/h3>\n<p>\u010casni Kur\u2018an je uputio da se svaka mogu\u0107a prilika za postizanje mira mora iskoristiti bez obzira na to koliko su male \u0161anse za uspjeh. U poglavlju 49, stihu 10, Svemogu\u0107i Allah ka\u017ee da kada su dvije nacije u ratu, tre\u0107e strane ih trebaju nastojati pomiriti i privu\u0107i ih na mirno rje\u0161enje. Ako agresor nastavi ratovati, na drugim je nacijama da udru\u017ee snage i koriste razmjernu i legitimnu silu kako bi zaustavili tla\u010ditelja. Me\u0111utim, kada njihove okrutnosti prestanu, nepravedna odmazda ili osveta ne smiju se zahtijevati. \u0160to se ti\u010de ovog na\u010dela, poglavlje 5, stih 9 \u010casnog Kur\u2018ana kategori\u010dki ka\u017ee da ne smijete dopustiti da vas neprijateljstvo bilo koje nacije ili stranke sprije\u010di u podr\u017eavanju istinskih standarda pravde i jednakosti.<\/p>\n<p>U skladu s tim, sankcije ili druge nepravedne mjere koje sprje\u010davaju naciju da krene naprijed nakon rata i ograni\u010davaju njezinu slobodu i prosperitet treba izbjegavati pod svaku cijenu. Prije samo nekoliko dana obilje\u017eena je prva godi\u0161njica rata u Ukrajini, a na\u017ealost nema naznaka kako i kada \u0107e rat zavr\u0161iti. Unato\u010d tome, to nije sprije\u010dilo odre\u0111ene politi\u010dke vo\u0111e da izjavljuju kako bi Rusiji, kada rat zavr\u0161i, trebalo podvrgnuti ekstremne sankcije i natjerati je da plati za svoje postupke.<\/p>\n<p>Nedavno je u The Timesu objavljena kolumna novinara Matthewa Parrisa u kojoj se navodi da su takve izjave prije bilo kakvih smislenih mirovnih pregovora lo\u0161e procijenjene i slu\u017ee samo dodatnom raspirivanju nestabilne situacije i smanjenju izgleda za mirno rje\u0161enje. Kolumnist je napisao da bi politi\u010dki lideri trebali biti iznad tra\u017eenja kratkoro\u010dnog priznanja u medijima i prepoznati, kako on ka\u017ee, da rije\u010di koje su sada izgovorene mogu baciti duge sjene na ionako nepoznatu budu\u0107nost. On pi\u0161e da sada nije vrijeme da se govori o reparacijama od pora\u017eene Rusije ili da se poziva na sudove za ratne zlo\u010dine u stilu N\u00fcrnberga. Vjerujem da je njegovo upozorenje ispravno. Kakav \u0107e poticaj imati Rusija i njezini \u010delnici da prekinu neprijateljstva ako znaju da \u0107e njihovo povla\u010denje dovesti do njihove sigurne propasti?<\/p>\n<p>Kao \u0161to sam rekao, islamska u\u010denja zahtijevaju da se ulo\u017ei svaki napor kako bi se do\u0161lo do mirnog rje\u0161enja sukoba. Iz tog razloga, vjerujem da je klju\u010dno odr\u017eavati kanale komunikacije otvorenima i nastojati prona\u0107i obostrano prihvatljive uvjete sporazuma. Me\u0111utim, ako agresor ostane sklon nano\u0161enju bijede i razaranja i odbije se povu\u0107i, islam u\u010di da se druge nacije trebaju udru\u017eiti kao jedna i upotrijebiti razmjernu i potrebnu silu da okon\u010daju okrutnosti.<\/p>\n<p>Cilj interveniraju\u0107ih strana mora ostati uspostava mira u svakom trenutku umjesto tra\u017eenja osvete ili poni\u017eavanja agresora, niti bi njihova temeljna namjera ikada trebala biti punjenje ne\u010dijih d\u017eepova ili iskori\u0161tavanje sukoba za promicanje ste\u010denih interesa. Ina\u010de \u0107e oni koji su bili poni\u017eeni nedvojbeno gajiti osje\u0107aj nepravde i ogor\u010denosti. Takve \u0107e frustracije na kraju sigurno proklju\u010dati i dovesti do daljnjih sukoba, pa \u0107e se ciklus neprekidnog nasilja nastaviti vrtjeti sa sve ve\u0107im bijesom.<\/p>\n<p>Na\u017ealost, kako je primijetio kolumnist, umjesto da postupaju mudro, pojedini \u010delnici i du\u017enosnici daju izjave ili obe\u0107anja koja slu\u017ee samo za raspirivanje sukoba. Umjesto da pomognu okon\u010danju rata, njihovi komentari smanjuju dugoro\u010dne izglede za mir. Na sli\u010dan na\u010din, iznimno opasna posljedica rata u Ukrajini je u\u010dvr\u0161\u0107ivanje suprotstavljenih politi\u010dkih blokova i saveza, a retorika koja se koristi u me\u0111unarodnim odnosima postaje sve neprijateljskija sa svih strana. Na primjer, mnogo je napisano o tome kako Rusija i Kina grade bli\u017ee veze koje povezuje me\u0111usobni antagonizam prema Zapadu.<\/p>\n<p><img loading=\"lazy\" decoding=\"async\" class=\"aligncenter size-full wp-image-2543\" src=\"http:\/\/www.ahmadiyya-islam.org\/hr\/wp-content\/uploads\/sites\/22\/2023\/06\/06-Simpozij-mira-2023.jpg\" alt=\"Simpozij mira 2023\" width=\"910\" height=\"500\" srcset=\"https:\/\/www.ahmadiyya-islam.org\/hr\/wp-content\/uploads\/sites\/22\/2023\/06\/06-Simpozij-mira-2023.jpg 910w, https:\/\/www.ahmadiyya-islam.org\/hr\/wp-content\/uploads\/sites\/22\/2023\/06\/06-Simpozij-mira-2023-300x165.jpg 300w, https:\/\/www.ahmadiyya-islam.org\/hr\/wp-content\/uploads\/sites\/22\/2023\/06\/06-Simpozij-mira-2023-768x422.jpg 768w\" sizes=\"auto, (max-width: 910px) 100vw, 910px\" \/><\/p>\n<h3>Okon\u010danje ciklusa krvoproli\u0107a<\/h3>\n<p>Istina je da rat \u010desto ra\u0111a rat. Postoji istinska zabrinutost da bi se sukob u Ukrajini mogao pro\u0161iriti ili da bi druge nacije mogle biti ohrabrene da odustanu od diplomatskih napora da rije\u0161e svoje sporove i pribjegnu sili. Na primjer, situacija u Tajvanu postaje sve nesigurnija, dok Kina nastoji uspostaviti svoju kontrolu. Stoga svjetski \u010delnici, mediji i drugi ne bi trebali upasti u zamku misle\u0107i da se rat u Ukrajini mo\u017ee lako obuzdati.<\/p>\n<p>S tim u vezi, novinar Peter Hitchens nedavno je pisao o odluci nekoliko zapadnih zemalja da po\u0161alju svoje tenkove u Ukrajinu. Napisao je: \u201eAko oni (tenkovi koji se daju Ukrajini) prije\u0111u na ono \u0161to Rusija smatra svojim teritorijem, onda neka vas ni\u0161ta ne iznenadi.\u201c On nastavlja: \u201ePostoji realna mogu\u0107nost da bi se veliki komad Europe mogao pretvoriti u radioaktivno groblje i da \u0107e nas ameri\u010dki konvencionalni odnosi (koji \u0107e biti bijesni i mo\u0107ni) u\u010diniti pozornicom u svijetu u\u017easa, gubitka, izbjegli\u0161tva, po\u0161asti i siroma\u0161tva koje uvijek slijedi rat.\u201c \u0160to se ti\u010de Rusije i Ukrajine, ka\u017ee: \u201eDvije zemlje su u \u017eestokoj borbi jer su njihovi duboki, \u010dvrsti i nepromjenjivi interesi sukobljeni. Razumna i pristojna politika bilo koje vanjske sile je u pomo\u0107i stvaranja trajnog kompromisa, kao \u0161to je svijet u\u010dinio Francuskoj i Njema\u010dkoj nakon 1945. Umjesto toga, \u0161aljemo tenkove. To je kao da su vatrogasne brigade krenule paliti po\u017eare.\u201c<\/p>\n<p>I drugi komentatori dolaze do sli\u010dnih zaklju\u010daka. Tijekom nedavnog intervjua poznati ekonomist profesor Jeffrey Sachs rekao je: \u201eKontaktirao sam Bijelu ku\u0107u (krajem 2021.) i rekao da \u0107e biti rata ako SAD ne u\u0111e u diplomatske razgovore s predsjednikom Putinom o ovom pitanju pro\u0161irenja NATO-a. Re\u010deno mi je da SAD to nikada ne\u0107e u\u010diniti. To nije na stolu. Sada imamo rat koji je izuzetno opasan. I mi zauzimamo potpuno istu taktiku u isto\u010dnoj Aziji koja je dovela do rata u Ukrajini. Organiziramo saveze, gradimo oru\u017eje.\u201c On nastavlja: \u201eKineska vlada je rekla: \u201eMolimo vas, snizite temperaturu, smanjite napetosti\u201c. Mi ka\u017eemo: \u201eNe, radimo \u0161to \u017eelimo, a sada \u0161aljemo jo\u0161 vi\u0161e oru\u017eja. Ovo je recept za jo\u0161 jedan rat, a po meni je to zastra\u0161uju\u0107e.\u201c<\/p>\n<p>Akademici, politi\u010dki stru\u010dnjaci i ugledni analiti\u010dari sve \u010de\u0161\u0107e upozoravaju da se pribli\u017eavamo te\u0161kom razdoblju u povijesti \u010dovje\u010danstva. Na primjer, simboli\u010dni sat sudnjeg dana kojim upravlja me\u0111unarodna grupa znanstvenika, a koji predvi\u0111a vjerojatnost globalne katastrofe uzrokovane ljudskim djelovanjem, nedavno je okrenut na samo 90 sekundi do pono\u0107i, \u0161to je najbli\u017ee globalnoj katastrofi koju je ikada predvidio. Znanstvenici su izjavili da \u017eivimo u vremenu nevi\u0111ene opasnosti i upozorili da postoji zna\u010dajan rizik od globalnog rata pokrenutog bilo slu\u010dajno, pogre\u0161nom procjenom ili \u010dak namjerno.<\/p>\n<p>Dok razmi\u0161ljamo o takvim stra\u0161nim upozorenjima, o\u010dito je pitanje kako svijet mo\u017ee prekinuti ciklus ratovanja i krvoproli\u0107a kojem danas svjedo\u010dimo. Svijet je dobro upu\u0107en u pru\u017eanje podr\u0161ke \u017ertvama i onima koji trpe nepravdu, kao \u0161to je to slu\u010daj s ukrajinskim narodom u ovom trenutku, ali mo\u017eda \u0107e vas iznenaditi kada \u010dujete da islam u\u010di muslimane da poma\u017eu ne samo \u017ertvi progonjenog, ve\u0107 i po\u010dinitelju, odnosno tla\u010ditelju. Naravno, to ne zna\u010di da agresoru dajete slobodu za nano\u0161enje daljnjih okrutnosti. Umjesto toga, pomo\u0107i agresoru zna\u010di sprije\u010diti ga da po\u010dini daljnje brutalnosti i nepravdu.<\/p>\n<p>Kakve god nepravde po\u010dinila ruska dr\u017eava, moramo imati na umu \u0161iru sliku da \u0107e rat, ako se ne zavr\u0161i, dovesti do produbljivanja globalne krize s potencijalno katastrofalnim posljedicama. Suprotstavljeni blokovi dodatno \u0107e se u\u010dvrstiti. Mr\u017enja \u0107e postati jo\u0161 dublje ukorijenjena, pove\u0107avaju\u0107i vjerojatnost svjetskog rata. Stoga, dok nastavljaju podr\u017eavati Ukrajinu dok se brani, svjetske sile tako\u0111er bi trebale ulo\u017eiti sve mogu\u0107e napore da okon\u010daju rat mirovnim pregovorima i pregovorima u dobroj vjeri. Ina\u010de se bojim da \u0107e se rat pro\u0161iriti izvan Europe i na istok prema Aziji, i tko zna gdje \u0107e stati.<\/p>\n<p><img loading=\"lazy\" decoding=\"async\" class=\"aligncenter size-full wp-image-2541\" src=\"http:\/\/www.ahmadiyya-islam.org\/hr\/wp-content\/uploads\/sites\/22\/2023\/06\/02-Simpozij-mira-2023.jpg\" alt=\"Simpozij mira 2023\" width=\"846\" height=\"500\" srcset=\"https:\/\/www.ahmadiyya-islam.org\/hr\/wp-content\/uploads\/sites\/22\/2023\/06\/02-Simpozij-mira-2023.jpg 846w, https:\/\/www.ahmadiyya-islam.org\/hr\/wp-content\/uploads\/sites\/22\/2023\/06\/02-Simpozij-mira-2023-300x177.jpg 300w, https:\/\/www.ahmadiyya-islam.org\/hr\/wp-content\/uploads\/sites\/22\/2023\/06\/02-Simpozij-mira-2023-768x454.jpg 768w\" sizes=\"auto, (max-width: 846px) 100vw, 846px\" \/><\/p>\n<p>Dugi niz godina upozoravao sam na rizike svjetskog rata pravih razmjera i govorio o tome kako su njegove smrtonosne i razorne posljedice daleko izvan na\u0161eg poimanja. Nakon \u0161to sam dugo upozoravao na takav rat, nisam zadovoljan \u010dinjenicom da mu se sve vi\u0161e pribli\u017eavamo i da drugi sada izra\u017eavaju sli\u010dne osje\u0107aje i strahove. Umjesto toga, osje\u0107am samo tugu i tjeskobu dok vidim kako svijet sve br\u017ee kora\u010da prema zastra\u0161uju\u0107em svjetskom ratu u kojem \u0107e \u017eivoti milijuna nevinih ljudi biti izgubljeni ili trajno uni\u0161teni.<\/p>\n<h3>Ostavljanje naslje\u0111a budu\u0107im generacijama<\/h3>\n<p>Kakvu \u0107emo budu\u0107nost ostaviti onima koji tek dolaze? Umjesto da na\u0161im budu\u0107im generacijama podarimo naslje\u0111e mira i blagostanja, na\u0161 im opro\u0161tajni dar ne\u0107e biti ni\u0161ta osim smrti, uni\u0161tenja i bijede.<\/p>\n<p>Svakako, duboko se bojim da bi dana\u0161nje geopoliti\u010dke napetosti mogle izmaknuti svakoj kontroli i na kraju dovesti do nuklearnog rata. Ne trebamo se zavaravati \u010dinjenicom da ako \u0107e nuklearno oru\u017eje, ne daj Bo\u017ee, ikada biti kori\u0161teno, pogoditi Zemlju takvom brzinom i snagom da \u0107e se njegovi toksi\u010dni u\u010dinci osje\u0107ati jo\u0161 desetlje\u0107ima. Stotine tisu\u0107a ili \u010dak milijuni sigurno \u0107e umrijeti ili odmah ili nakon toga. Oni koji pre\u017eive \u017eivjet \u0107e u bijedi i muci dok budu poku\u0161avali pokupiti razbijene dijelove \u010dovje\u010danstva. \u0160to se ti\u010de razornog utjecaja na budu\u0107e generacije, bezbrojna \u0107e se dojen\u010dad roditi s genetskim defektima i nedostacima kao posljedicom trajnih u\u010dinaka zra\u010denja.<\/p>\n<p>Stoga, svim svojim srcem, molim da se Uzvi\u0161eni Allah smiluje \u010dovje\u010danstvu i da se ljudi svijeta, posebno njegovi lideri i kreatori politika, urazume prije nego \u0161to bude prekasno. Molim se da umjesto ratnog hu\u0161kanja i zveckanja oru\u017ejem, iskoriste sve svoje sposobnosti i resurse za poticanje mira i sigurnosti za sve ljude i nacije, umjesto da tra\u017ee da nahrane svoj ego i zadovolje svoju \u017eudnju za mo\u0107i poticanjem ratova. Neka prepoznaju svoju odgovornost za o\u010duvanje \u010dovje\u010danstva za dobrobit dana\u0161njih ljudi i za na\u0161e budu\u0107e generacije dono\u0161enjem politika koje okon\u010davaju sve oblike sukoba. Neka budu \u010duvari mira i blagostanja, a ne agenti rata i krvoproli\u0107a.<\/p>\n<p>Kao religiozna osoba, \u010dvrsto vjerujem da se to mo\u017ee dogoditi samo kada \u010dovje\u010danstvo ostavi po strani svoje sebi\u010dne putove i materijalisti\u010dke \u017eelje i po\u010dne prepoznavati i obo\u017eavati Jednog Boga i te\u017eiti ispunjavanju Njegova prava i djelovati u skladu s Njegovim u\u010denjima. Molim se da Svemogu\u0107i Allah podari ljudima mudrost i da cijelo \u010dovje\u010danstvo manifestira one glavne ciljeve koje Stvoritelj i Gospodar ovoga svijeta, Svemogu\u0107i Allah, \u017eeli od nas \u2013 da ispunimo Njegova prava i prava Njegovih stvorenja. Amen. Ovim rije\u010dima jo\u0161 jednom vam svima zahvaljujem \u0161to ste nam se pridru\u017eili ve\u010deras. Hvala vam puno.\u201c<\/p>\n<p><iframe loading=\"lazy\" title=\"National Peace Symposium - 2023\" width=\"900\" height=\"506\" src=\"https:\/\/www.youtube.com\/embed\/zcH44hcO5Aw?feature=oembed\" frameborder=\"0\" allow=\"accelerometer; autoplay; clipboard-write; encrypted-media; gyroscope; picture-in-picture; web-share\" allowfullscreen><\/iframe><\/p>\n<h3>Povezan:<\/h3>\n<ul>\n<li><a href=\"https:\/\/www.ahmadiyya-islam.org\/hr\/clanci\/islam-europa-sukob-civilizacija\/\">Islam &amp; Europa \u2013 sukob civilizacija?<\/a><\/li>\n<li><a href=\"https:\/\/www.ahmadiyya-islam.org\/hr\/clanci\/europa-pred-najvecim-rizikom-od-rata-u-posljednjih-30-godina\/\">Europa pred najve\u0107im rizikom od rata u posljednjih 30 godina, s mogu\u0107im nuklearnim posljedicama<\/a><\/li>\n<li><a href=\"https:\/\/www.ahmadiyya-islam.org\/hr\/clanci\/za-nase-buduce-generacije-zaustavite-trgovinu-oruzjem\/\">Za na\u0161e budu\u0107e generacije \u2013 zaustavite trgovinu oru\u017ejem<\/a><\/li>\n<li><a href=\"https:\/\/www.ahmadiyya-islam.org\/hr\/clanci\/globalni-konflikti-i-potreba-za-pravdom\/\">Globalni konflikti i potreba za pravdom<\/a><\/li>\n<\/ul>\n","protected":false},"excerpt":{"rendered":"<p>Uvodni govor o inauguraciji kompleksa Baitul Futuh i kako se suo\u010diti s krizom i ratom u Ukrajini na 17. mirovnom simpoziju 2023. godine u Londonu.<\/p>\n","protected":false},"featured_media":2545,"parent":0,"template":"","tags":[415,414,143,366,407,413],"article-cat":[347],"topics":[286,273,345],"authors":[7],"content_source":[],"class_list":["post-2536","articles","type-articles","status-publish","has-post-thumbnail","hentry","tag-khalifa","tag-kriza","tag-mir","tag-rusija","tag-simpozija-mira","tag-ukraina","article-cat-simposij-mira","topics-drustvo","topics-dzamija","topics-politika","authors-hazrat-mirza-masroor-ahmad"],"acf":[],"yoast_head":"<!-- This site is optimized with the Yoast SEO Premium plugin v21.1 (Yoast SEO v27.4) - https:\/\/yoast.com\/product\/yoast-seo-premium-wordpress\/ -->\n<title>Priznanje Boga \u2013 Klju\u010d za mir<\/title>\n<meta name=\"description\" content=\"Uvodni govor o inauguraciji kompleksa Baitul Futuh i kako se suo\u010diti s krizom i ratom u Ukrajini na 17. mirovnom simpoziju 2023. godine u Londonu.\" \/>\n<meta name=\"robots\" content=\"index, follow, max-snippet:-1, max-image-preview:large, max-video-preview:-1\" \/>\n<link rel=\"canonical\" href=\"https:\/\/www.ahmadiyya-islam.org\/hr\/clanci\/priznanje-boga-kljuc-za-mir\/\" \/>\n<meta property=\"og:locale\" content=\"hr_HR\" \/>\n<meta property=\"og:type\" content=\"article\" \/>\n<meta property=\"og:title\" content=\"Priznanje Boga \u2013 Klju\u010d za mir\" \/>\n<meta property=\"og:description\" content=\"Uvodni govor o inauguraciji kompleksa Baitul Futuh i kako se suo\u010diti s krizom i ratom u Ukrajini na 17. mirovnom simpoziju 2023. godine u Londonu.\" \/>\n<meta property=\"og:url\" content=\"https:\/\/www.ahmadiyya-islam.org\/hr\/clanci\/priznanje-boga-kljuc-za-mir\/\" \/>\n<meta property=\"og:site_name\" content=\"Ahmadija muslimanski d\u017eamat\" \/>\n<meta property=\"og:image\" content=\"http:\/\/www.ahmadiyya-islam.org\/hr\/wp-content\/uploads\/sites\/22\/2023\/06\/Simpozij-mira-2023-.jpg\" \/>\n\t<meta property=\"og:image:width\" content=\"1650\" \/>\n\t<meta property=\"og:image:height\" content=\"750\" \/>\n\t<meta property=\"og:image:type\" content=\"image\/jpeg\" \/>\n<meta name=\"twitter:card\" content=\"summary_large_image\" \/>\n<meta name=\"twitter:label1\" content=\"Procijenjeno vrijeme \u010ditanja\" \/>\n\t<meta name=\"twitter:data1\" content=\"16 minuta\" \/>\n<script type=\"application\/ld+json\" class=\"yoast-schema-graph\">{\"@context\":\"https:\\\/\\\/schema.org\",\"@graph\":[{\"@type\":\"WebPage\",\"@id\":\"https:\\\/\\\/www.ahmadiyya-islam.org\\\/hr\\\/clanci\\\/priznanje-boga-kljuc-za-mir\\\/\",\"url\":\"https:\\\/\\\/www.ahmadiyya-islam.org\\\/hr\\\/clanci\\\/priznanje-boga-kljuc-za-mir\\\/\",\"name\":\"Priznanje Boga \u2013 Klju\u010d za mir\",\"isPartOf\":{\"@id\":\"https:\\\/\\\/www.ahmadiyya-islam.org\\\/hr\\\/#website\"},\"primaryImageOfPage\":{\"@id\":\"https:\\\/\\\/www.ahmadiyya-islam.org\\\/hr\\\/clanci\\\/priznanje-boga-kljuc-za-mir\\\/#primaryimage\"},\"image\":{\"@id\":\"https:\\\/\\\/www.ahmadiyya-islam.org\\\/hr\\\/clanci\\\/priznanje-boga-kljuc-za-mir\\\/#primaryimage\"},\"thumbnailUrl\":\"https:\\\/\\\/www.ahmadiyya-islam.org\\\/hr\\\/wp-content\\\/uploads\\\/sites\\\/22\\\/2023\\\/06\\\/Simpozij-mira-2023-.jpg\",\"datePublished\":\"2023-06-21T10:26:47+00:00\",\"description\":\"Uvodni govor o inauguraciji kompleksa Baitul Futuh i kako se suo\u010diti s krizom i ratom u Ukrajini na 17. mirovnom simpoziju 2023. godine u Londonu.\",\"breadcrumb\":{\"@id\":\"https:\\\/\\\/www.ahmadiyya-islam.org\\\/hr\\\/clanci\\\/priznanje-boga-kljuc-za-mir\\\/#breadcrumb\"},\"inLanguage\":\"hr\",\"potentialAction\":[{\"@type\":\"ReadAction\",\"target\":[\"https:\\\/\\\/www.ahmadiyya-islam.org\\\/hr\\\/clanci\\\/priznanje-boga-kljuc-za-mir\\\/\"]}]},{\"@type\":\"ImageObject\",\"inLanguage\":\"hr\",\"@id\":\"https:\\\/\\\/www.ahmadiyya-islam.org\\\/hr\\\/clanci\\\/priznanje-boga-kljuc-za-mir\\\/#primaryimage\",\"url\":\"https:\\\/\\\/www.ahmadiyya-islam.org\\\/hr\\\/wp-content\\\/uploads\\\/sites\\\/22\\\/2023\\\/06\\\/Simpozij-mira-2023-.jpg\",\"contentUrl\":\"https:\\\/\\\/www.ahmadiyya-islam.org\\\/hr\\\/wp-content\\\/uploads\\\/sites\\\/22\\\/2023\\\/06\\\/Simpozij-mira-2023-.jpg\",\"width\":1650,\"height\":750},{\"@type\":\"BreadcrumbList\",\"@id\":\"https:\\\/\\\/www.ahmadiyya-islam.org\\\/hr\\\/clanci\\\/priznanje-boga-kljuc-za-mir\\\/#breadcrumb\",\"itemListElement\":[{\"@type\":\"ListItem\",\"position\":1,\"name\":\"Home\",\"item\":\"https:\\\/\\\/www.ahmadiyya-islam.org\\\/hr\\\/\"},{\"@type\":\"ListItem\",\"position\":2,\"name\":\"\u010clanci\",\"item\":\"https:\\\/\\\/www.ahmadiyya-islam.org\\\/hr\\\/clanci\\\/\"},{\"@type\":\"ListItem\",\"position\":3,\"name\":\"Priznanje Boga \u2013 Klju\u010d za mir\"}]},{\"@type\":\"WebSite\",\"@id\":\"https:\\\/\\\/www.ahmadiyya-islam.org\\\/hr\\\/#website\",\"url\":\"https:\\\/\\\/www.ahmadiyya-islam.org\\\/hr\\\/\",\"name\":\"Ahmadija muslimanski d\u017eamat\",\"description\":\"Hrvatska\",\"potentialAction\":[{\"@type\":\"SearchAction\",\"target\":{\"@type\":\"EntryPoint\",\"urlTemplate\":\"https:\\\/\\\/www.ahmadiyya-islam.org\\\/hr\\\/?s={search_term_string}\"},\"query-input\":{\"@type\":\"PropertyValueSpecification\",\"valueRequired\":true,\"valueName\":\"search_term_string\"}}],\"inLanguage\":\"hr\"}]}<\/script>\n<!-- \/ Yoast SEO Premium plugin. -->","yoast_head_json":{"title":"Priznanje Boga \u2013 Klju\u010d za mir","description":"Uvodni govor o inauguraciji kompleksa Baitul Futuh i kako se suo\u010diti s krizom i ratom u Ukrajini na 17. mirovnom simpoziju 2023. godine u Londonu.","robots":{"index":"index","follow":"follow","max-snippet":"max-snippet:-1","max-image-preview":"max-image-preview:large","max-video-preview":"max-video-preview:-1"},"canonical":"https:\/\/www.ahmadiyya-islam.org\/hr\/clanci\/priznanje-boga-kljuc-za-mir\/","og_locale":"hr_HR","og_type":"article","og_title":"Priznanje Boga \u2013 Klju\u010d za mir","og_description":"Uvodni govor o inauguraciji kompleksa Baitul Futuh i kako se suo\u010diti s krizom i ratom u Ukrajini na 17. mirovnom simpoziju 2023. godine u Londonu.","og_url":"https:\/\/www.ahmadiyya-islam.org\/hr\/clanci\/priznanje-boga-kljuc-za-mir\/","og_site_name":"Ahmadija muslimanski d\u017eamat","og_image":[{"width":1650,"height":750,"url":"http:\/\/www.ahmadiyya-islam.org\/hr\/wp-content\/uploads\/sites\/22\/2023\/06\/Simpozij-mira-2023-.jpg","type":"image\/jpeg"}],"twitter_card":"summary_large_image","twitter_misc":{"Procijenjeno vrijeme \u010ditanja":"16 minuta"},"schema":{"@context":"https:\/\/schema.org","@graph":[{"@type":"WebPage","@id":"https:\/\/www.ahmadiyya-islam.org\/hr\/clanci\/priznanje-boga-kljuc-za-mir\/","url":"https:\/\/www.ahmadiyya-islam.org\/hr\/clanci\/priznanje-boga-kljuc-za-mir\/","name":"Priznanje Boga \u2013 Klju\u010d za mir","isPartOf":{"@id":"https:\/\/www.ahmadiyya-islam.org\/hr\/#website"},"primaryImageOfPage":{"@id":"https:\/\/www.ahmadiyya-islam.org\/hr\/clanci\/priznanje-boga-kljuc-za-mir\/#primaryimage"},"image":{"@id":"https:\/\/www.ahmadiyya-islam.org\/hr\/clanci\/priznanje-boga-kljuc-za-mir\/#primaryimage"},"thumbnailUrl":"https:\/\/www.ahmadiyya-islam.org\/hr\/wp-content\/uploads\/sites\/22\/2023\/06\/Simpozij-mira-2023-.jpg","datePublished":"2023-06-21T10:26:47+00:00","description":"Uvodni govor o inauguraciji kompleksa Baitul Futuh i kako se suo\u010diti s krizom i ratom u Ukrajini na 17. mirovnom simpoziju 2023. godine u Londonu.","breadcrumb":{"@id":"https:\/\/www.ahmadiyya-islam.org\/hr\/clanci\/priznanje-boga-kljuc-za-mir\/#breadcrumb"},"inLanguage":"hr","potentialAction":[{"@type":"ReadAction","target":["https:\/\/www.ahmadiyya-islam.org\/hr\/clanci\/priznanje-boga-kljuc-za-mir\/"]}]},{"@type":"ImageObject","inLanguage":"hr","@id":"https:\/\/www.ahmadiyya-islam.org\/hr\/clanci\/priznanje-boga-kljuc-za-mir\/#primaryimage","url":"https:\/\/www.ahmadiyya-islam.org\/hr\/wp-content\/uploads\/sites\/22\/2023\/06\/Simpozij-mira-2023-.jpg","contentUrl":"https:\/\/www.ahmadiyya-islam.org\/hr\/wp-content\/uploads\/sites\/22\/2023\/06\/Simpozij-mira-2023-.jpg","width":1650,"height":750},{"@type":"BreadcrumbList","@id":"https:\/\/www.ahmadiyya-islam.org\/hr\/clanci\/priznanje-boga-kljuc-za-mir\/#breadcrumb","itemListElement":[{"@type":"ListItem","position":1,"name":"Home","item":"https:\/\/www.ahmadiyya-islam.org\/hr\/"},{"@type":"ListItem","position":2,"name":"\u010clanci","item":"https:\/\/www.ahmadiyya-islam.org\/hr\/clanci\/"},{"@type":"ListItem","position":3,"name":"Priznanje Boga \u2013 Klju\u010d za mir"}]},{"@type":"WebSite","@id":"https:\/\/www.ahmadiyya-islam.org\/hr\/#website","url":"https:\/\/www.ahmadiyya-islam.org\/hr\/","name":"Ahmadija muslimanski d\u017eamat","description":"Hrvatska","potentialAction":[{"@type":"SearchAction","target":{"@type":"EntryPoint","urlTemplate":"https:\/\/www.ahmadiyya-islam.org\/hr\/?s={search_term_string}"},"query-input":{"@type":"PropertyValueSpecification","valueRequired":true,"valueName":"search_term_string"}}],"inLanguage":"hr"}]}},"_links":{"self":[{"href":"https:\/\/www.ahmadiyya-islam.org\/hr\/wp-json\/wp\/v2\/articles\/2536","targetHints":{"allow":["GET"]}}],"collection":[{"href":"https:\/\/www.ahmadiyya-islam.org\/hr\/wp-json\/wp\/v2\/articles"}],"about":[{"href":"https:\/\/www.ahmadiyya-islam.org\/hr\/wp-json\/wp\/v2\/types\/articles"}],"version-history":[{"count":1,"href":"https:\/\/www.ahmadiyya-islam.org\/hr\/wp-json\/wp\/v2\/articles\/2536\/revisions"}],"predecessor-version":[{"id":2547,"href":"https:\/\/www.ahmadiyya-islam.org\/hr\/wp-json\/wp\/v2\/articles\/2536\/revisions\/2547"}],"wp:featuredmedia":[{"embeddable":true,"href":"https:\/\/www.ahmadiyya-islam.org\/hr\/wp-json\/wp\/v2\/media\/2545"}],"wp:attachment":[{"href":"https:\/\/www.ahmadiyya-islam.org\/hr\/wp-json\/wp\/v2\/media?parent=2536"}],"wp:term":[{"taxonomy":"post_tag","embeddable":true,"href":"https:\/\/www.ahmadiyya-islam.org\/hr\/wp-json\/wp\/v2\/tags?post=2536"},{"taxonomy":"article-cat","embeddable":true,"href":"https:\/\/www.ahmadiyya-islam.org\/hr\/wp-json\/wp\/v2\/article-cat?post=2536"},{"taxonomy":"topics","embeddable":true,"href":"https:\/\/www.ahmadiyya-islam.org\/hr\/wp-json\/wp\/v2\/topics?post=2536"},{"taxonomy":"authors","embeddable":true,"href":"https:\/\/www.ahmadiyya-islam.org\/hr\/wp-json\/wp\/v2\/authors?post=2536"},{"taxonomy":"content_source","embeddable":true,"href":"https:\/\/www.ahmadiyya-islam.org\/hr\/wp-json\/wp\/v2\/content_source?post=2536"}],"curies":[{"name":"wp","href":"https:\/\/api.w.org\/{rel}","templated":true}]}}