{"id":2332,"date":"2022-04-18T10:04:03","date_gmt":"2022-04-18T10:04:03","guid":{"rendered":"https:\/\/www.ahmadiyya-islam.org\/hr\/?post_type=articles&#038;p=2332"},"modified":"2022-04-18T10:04:03","modified_gmt":"2022-04-18T10:04:03","slug":"ramazan-2022-pracenje-suna-i-moliti-za-svijet","status":"publish","type":"articles","link":"https:\/\/www.ahmadiyya-islam.org\/hr\/clanci\/ramazan-2022-pracenje-suna-i-moliti-za-svijet\/","title":{"rendered":"Ramazan 2022: Pra\u0107enje Suna i moliti za svijet"},"content":{"rendered":"<p>Ramazan 2022. dolazi u nesigurno vrijeme u svjetskom geopoliti\u010dkom okru\u017eju. \u00a0Okru\u017eeni smo ratovima, mr\u017enjom i nepravdama, a da ne spominjemo pandemiju koronavirusa koja jo\u0161 uvijek traje.<\/p>\n<p>Proteklih mjeseci i tjedana Hazreti Mirza Masroor Ahmad, peti Kalif\u00a0\u00a0\u2013 usred\u00a0<a href=\"https:\/\/www.alhakam.org\/nato-russia-ukraine-tensions\/\">rusko-ukrajinskog rata<\/a>\u00a0\u2013 posebno je skrenuo pa\u017enju Ahmadi muslimanima na molitvu da prevlada mir i da \u010dovje\u010danstvo prepozna svog Stvoritelja.\u00a0Ramazan nam pru\u017ea savr\u0161enu priliku da poja\u010damo ove molitve.<\/p>\n<p>Ramazan nas, kao \u0161to je jednom rekao Hazreti Kalifatul Mesih II<sup>r.a.<\/sup> vra\u0107a u vrijeme \u010casnog Poslanika<sup>s.a.v.s.<\/sup> i\u00a0\u00a0obavija sva ta stolje\u0107a izme\u0111u nas i njega<a href=\"#_edn1\" name=\"_ednref1\">[i]<\/a>.\u00a0To donosi okru\u017eenje u kojem gotovo sami mo\u017eemo vidjeti kako je Poslanik<sup>s.a.v.s.<\/sup>\u00a0\u017eivio\u00a0i prakticirao islam prije svih tih stolje\u0107a.\u00a0Stvara duhovnu eho komoru u kojoj se mo\u017eemo usredoto\u010diti na svoju duhovnost, moral i molitve kao \u0161to to ne mo\u017eemo u\u010diniti u niti jednom drugom mjesecu.<\/p>\n<p>Da bismo izvukli maksimalnu korist od Ramazana, moramo slijediti\u00a0\u00a0<em>Sunu<\/em>\u00a0\u00a0Poslanika Muhameda<sup>s.a.v.s.<\/sup>, o kojem\u00a0je\u00a0rekao njegov najvatreniji sljedbenik, Obe\u0107ani Mesija:<\/p>\n<blockquote><p>\u201cHodaju\u0107i pod njegovom sjenom 10 dana, dobiva se ono svjetlo koje se prije njega nije moglo dobiti za 1000 godina.\u00a0[\u2026] Mi smo prona\u0161li svako svjetlo slijede\u0107i bezgre\u0161nog Poslanika<sup>s.a.v.s.<\/sup>, a tko ga bude slijedio, tako\u0111er \u0107e ga prona\u0107i i bit \u0107e toliko prihva\u0107eni od Boga da im ni\u0161ta ne\u0107e biti nemogu\u0107e.\u201d<a href=\"#_edn2\" name=\"_ednref2\">[ii]<\/a><\/p><\/blockquote>\n<p>Kako je Obe\u0107ani Mesija\u00a0\u00a0pripisao veliku poziciju koju je dobio slijede\u0107i \u010casnog Poslanika<sup>s.a.v.s.<\/sup>:<\/p>\n<blockquote><p>\u201cPravom Bo\u017ejom milo\u0161\u0107u, a ne nekom svojom zaslugom, dodijeljena mi je puna mjera blagodati, koja je prije mene darovana prorocima i poslanicima\u00a0kao\u00a0\u00a0i Bo\u017ejim odabranicima.\u00a0Ne bi bilo mogu\u0107e da primim ovu blagodat da nisam slijedio puteve svoga gospodara, ponosa Poslanika, najboljeg od \u010dovje\u010danstva, Hazreti Muhameda Mustafe [Odabranog], neka je mir i blagoslov Allaha na njemu.\u00a0Stoga, sve \u0161to sam postigao, postigao sam zahvaljuju\u0107i ovoj sljedbi i znam, kroz svoje istinsko i savr\u0161eno znanje, da nitko ne mo\u017ee do\u0107i do Boga osim slijede\u0107i \u010casnog Poslanika<sup>s.a.v.s.<\/sup> niti itko mo\u017ee imati udio u cjelovitoj spoznaji.\u201d<a href=\"#_edn3\" name=\"_ednref3\">[iii]<\/a><\/p><\/blockquote>\n<p>Ovdje su neka klju\u010dna u\u010denja i prakse \u010casnog Poslanika<sup>s.a.v.s.<\/sup>\u00a0u\u00a0\u00a0vezi s Ramazanom od kojih svi mogu imati koristi i slijediti ih kako bi stekli duhovnu milost u Ramazanu i ostali \u0161to je bli\u017ee\u00a0\u00a0<em>Suni<\/em>.<\/p>\n<p><strong>Moralna transformacija u ramazanu<\/strong><\/p>\n<p>\u010casni Poslanika<sup>s.a.v.s. <\/sup>je u\u010dio da suzdr\u017eavanje od hrane i pi\u0107a nije jedini cilj Ramazana \u2013 potrebna je moralna revolucija. On je uputio:<\/p>\n<p style=\"text-align: center\">\u0645\u0646 \u0644\u0645 \u064a\u062f\u0639 \u0642\u0648\u0644 \u0627\u0644\u0632\u0648\u0631 \u0648\u0627\u0644\u0639\u0645\u0644 \u0628\u0647 \u0641\u0644\u064a\u0633 \u0644\u0644\u0647 \u062d\u0627\u062c\u0629 \u0641\u064a \u0623\u0646 \u064a\u062f\u0639 \u0637\u0639\u0627\u0645\u0647 \u0648\u0634\u0631\u0627\u0628\u0647<\/p>\n<blockquote><p>\u201cTko ne odustane od krivotvorenog govora i zlih radnji, Allahu nije potrebno da ostavlja hranu i pi\u0107e (tj. Allah ne\u0107e prihvatiti njegov post).\u201d<a href=\"#_edn4\" name=\"_ednref4\">[iv]<\/a><\/p><\/blockquote>\n<p>Govore\u0107i o izbjegavanju svih nemira i sva\u0111a tijekom posta, Poslanik<sup>s.a.v.s.<\/sup> je\u00a0\u00a0rekao:<\/p>\n<blockquote><p>\u201cKada itko od vas ujutro ustane u stanju posta, ne smije koristiti nepristojne rije\u010di, niti \u010diniti bilo kakvo neznanje.\u00a0A ako ga neko okleveta ili se posva\u0111a s njim, neka ka\u017ee: &#8216;Postim, postim.&#8217;\u201d<a href=\"#_edn5\" name=\"_ednref5\">[v]<\/a><\/p><\/blockquote>\n<p>U drugoj predaji rekao je:<\/p>\n<p>\u201cUzvi\u0161eni i Veli\u010danstveni Allah je rekao: &#8216;Svako djelo Ademovog sina je za njega, osim posta.\u00a0To je [isklju\u010divo] namijenjeno Meni i Ja \u0107u ga [sam] nagraditi.\u00a0Post je \u0161tit.\u00a0Kad netko od vas posti u danu, ne smije se upu\u0161tati u nepristojne rije\u010di, niti dizati glas;\u00a0ili ako ga tko grdi ili poku\u0161a posva\u0111ati s njim neka ka\u017ee: &#8216;Postim&#8217;.\u00a0Tako mi Njega, u \u010dijoj je ruci \u017eivot Muhamedov, dah postera dra\u017ei je Allahu na Sudnjem danu od mirisa mo\u0161usa.\u00a0Onaj koji posti ima dvije [prilike] radosti;\u00a0jednom kada prekine post i bude mu drago zbog toga \u0161to je prekinuo post, i jednom kada se sretne sa svojim Gospodarom i bude mu drago zbog svog posta.\u201d<a href=\"#_edn6\" name=\"_ednref6\">[vi]<\/a><\/p>\n<p><strong>Obrok pred zoru<\/strong><\/p>\n<p>Poslanik<sup>s.a.v.s.<\/sup> jeo\u00a0 bi obrok prije zore prije po\u010detka posta. On je uputio muslimane da jedu prije po\u010detka posta jer je ovaj obrok bio blagoslov:<\/p>\n<p style=\"text-align: center\">\u200f \u062a\u064e\u0633\u064e\u062d\u064e\u0651\u0631\u064f\u0648\u0652\u0627 \u0641\u064e\u0625\u0650\u0646\u064e\u0651 \u0641\u0650\u064a \u0627\u0644\u0633\u064f\u0651\u062d\u064f\u0648\u0652\u0631\u0650 \u0628\u064e\u0631\u064e\u0643\u064e\u0629\u064b \u200f<\/p>\n<blockquote><p>\u201cUzmi obrok prije zore, jer u njemu je blagoslov.\u201d<a href=\"#_edn7\" name=\"_ednref7\">[vii]<\/a><\/p><\/blockquote>\n<p>Definiraju\u0107i razliku izme\u0111u posta muslimana i posta ljudi iz Knjige, rekao je:<\/p>\n<blockquote><p>\u201cRazlika izme\u0111u na\u0161eg posta i posta ljudi iz Knjige je jelo neposredno prije zore.\u201d<a href=\"#_edn8\" name=\"_ednref8\">[viii]<\/a><\/p><\/blockquote>\n<p><strong>Okon\u010danje posta bez odlaganja<\/strong><\/p>\n<p>\u010casni Poslanik<sup>s.a.v.s. <\/sup>je\u00a0\u00a0bio jasan da muslimani ne bi trebali odga\u0111ati okon\u010danje posta.\u00a0Produ\u017eenje ne\u010dijeg brzog zalaska sunca ne donosi vi\u0161e blagoslova;\u00a0nego je Poslanik<sup>s.a.v.s. <\/sup>rekao da muslimani trebaju po\u017euriti s prekidom posta.\u00a0On je rekao:<\/p>\n<p style=\"text-align: center\">\u0644\u0627\u064e \u064a\u064e\u0632\u064e\u0627\u0644\u064f \u0627\u0644\u0646\u064e\u0651\u0627\u0633\u064f \u0628\u0650\u062e\u064e\u064a\u0652\u0631\u064d \u0645\u064e\u0627 \u0639\u064e\u062c\u064e\u0651\u0644\u064f\u0648\u0627 \u0627\u0644\u0652\u0641\u0650\u0637\u0652\u0631\u064e<\/p>\n<blockquote><p>\u201cNarod \u0107e nastaviti napredovati sve dok po\u017euri s prekidom posta.\u201d<a href=\"#_edn9\" name=\"_ednref9\">[ix]<\/a><\/p><\/blockquote>\n<p>Poslanik\u00a0ih je\u00a0uputio:<\/p>\n<p style=\"text-align: center\">\u0630\u0627 \u0623\u0642\u0628\u0644 \u0627\u0644\u0644\u064a\u0644 \u0648\u0623\u062f\u0628\u0631 \u0627\u0644\u0646\u0647\u0627\u0631 \u0648\u063a\u0627\u0628\u062a \u0627\u0644\u0634\u0645\u0633 \u0641\u0642\u062f \u0641\u0637\u0631 \u0627\u0644\u0635\u0627\u0626\u0645<\/p>\n<blockquote><p>\u201eKada se pribli\u017ei no\u0107, a dan povu\u010de i sunce za\u0111e, onda bi ga promatra\u010d posta trebao prekinuti.\u201c<a href=\"#_edn10\" name=\"_ednref10\">[x]<\/a><\/p><\/blockquote>\n<p>Hazreti Ebu Atijya<sup>r.a.<\/sup>\u00a0\u00a0je ispri\u010dao sljede\u0107e o tome da se ne odga\u0111a s prekidom posta:<\/p>\n<blockquote><p>\u201cMisruq i ja smo oti\u0161li do Ai\u0161e<sup>r.a.<\/sup> i Masruq joj\u00a0je\u00a0rekao: &#8216;Me\u0111u <em>Ashaba <\/em>(sljedbenici) \u00a0Muhameda<sup>s.a.v.s.<\/sup>\u00a0\u00a0postoje dvije osobe\u00a0\u00a0od kojih nitko ne napu\u0161ta dobro, ve\u0107 jedan od njih \u017euri da klanja namaz zalaska sunca i prekine post, a drugi ka\u0161njenja u klanjanju namaza zalaska sunca i u prekidu posta&#8217;, pri \u010demu je rekla: &#8216;Tko \u017euri da klanja namaz zalaska sunca i prekida post?&#8217;\u00a0Rekao je: &#8216;To je Abdullah&#8217;.\u00a0Nakon toga je rekla: &#8216;Ovo je radio Allahov Poslanik&#8217;.<a href=\"#_edn11\" name=\"_ednref11\">[xi]<\/a><\/p><\/blockquote>\n<p><strong>Velikodu\u0161nost<\/strong><\/p>\n<p>\u010casni Poslanik<sup>s.a.v.s. <\/sup>bio\u00a0je\u00a0\u00a0poznat kao najvelikodu\u0161nija osoba, ali je njegova velikodu\u0161nost porasla tijekom mjeseca Ramazana.\u00a0Pripovijeda se:<\/p>\n<blockquote><p>\u201cPoslanik<sup>s.a.v.s. <\/sup>je bio najvelikodu\u0161niji me\u0111u ljudima, a bio je i vi\u0161e u mjesecu Ramazanu kada\u00a0\u00a0ga je posje\u0107ivao Gabrijel<sup>a.s.<\/sup> , a Gabrijel\u00a0ga\u00a0\u00a0je sastajao svake no\u0107i Ramazana do kraja mjeseca.\u00a0Poslanik<sup>s.a.v.s. <\/sup>je\u00a0\u00a0recitirao \u010casni Kur&#8217;an Gabrielu, a kada ga je Gabrijel\u00a0sreo\u00a0\u00a0bio je velikodu\u0161niji od oluje (koja uzrokuje ki\u0161u i blagostanje).\u201c<a href=\"#_edn12\" name=\"_ednref12\">[xii]<\/a><\/p><\/blockquote>\n<p><strong>U\u010denje \u010casnog Kur&#8217;ana<\/strong><\/p>\n<p>Kao \u0161to gornji\u00a0\u00a0<em>Hadis<\/em>\u00a0\u00a0pokazuje, Gabrijel\u00a0je\u00a0sa\u00a0Poslanikom<sup>s.a.v.s. <\/sup>\u00a0pre\u0161ao cijeli Kur&#8217;an\u00a0\u00a0tijekom mjeseca Ramazana i tijekom posljednjeg Ramazana Poslanikovog\u00a0\u017eivota. Dva puta su pre\u0161li Kur&#8217;an.\u00a0Kur&#8217;an je tako\u0111er objavljen u mjesecu Ramazanu.\u00a0Stoga je stalno \u010ditanje i razmi\u0161ljanje o Kur&#8217;anu tijekom ovog mjeseca poslani\u010dka praksa i donosi velike nagrade.<\/p>\n<p><strong>Tahad\u017eud<\/strong><\/p>\n<p>\u010casni Poslanik<sup>s.a.v.s. <\/sup>je\u00a0\u00a0ohrabrivao svoje <em>Ashabe<\/em>\u00a0\u00a0da se redovno budi za <em>Tahad\u017eud<\/em> molitvu, a u vezi Ramazana je rekao:<\/p>\n<blockquote><p>\u201cTko klanja u toku no\u0107i u Ramazanu iz iskrene vjere i tra\u017ee\u0107i nagradu od Allaha, bit \u0107e mu opro\u0161teni svi prija\u0161nji grijesi.\u201d<a href=\"#_edn13\" name=\"_ednref13\">[xiii]<\/a><\/p><\/blockquote>\n<p>Kao \u0161to\u00a0je\u00a0rekao Obe\u0107ani Mesija<sup>a.s.<\/sup> samo kada slijedimo\u00a0primjer \u010casnog Poslanika<sup>s.a.v.s.<\/sup>, mo\u017eemo dobiti duhovnu milost.\u00a0Ostaju\u0107i blizu Poslanika<sup>s.a.v.s.<\/sup>\u00a0u\u00a0\u00a0njegovoj praksi, mi \u0107emo se postaviti u najbolju poziciju da duhovno profitiramo od Ramazana i da na\u0161e dove budu prihva\u0107ene od strane Allaha.<\/p>\n<h3>Povezan:<\/h3>\n<ul>\n<li><a href=\"https:\/\/www.ahmadiyya-islam.org\/hr\/ahmadija\/ramazanski-plan-za-zagreb-2022-ramazanska-vaktija\/\">Ramazanski Plan za Zagreb 2022. \u2013 ramazanska vaktija<\/a><\/li>\n<li><a href=\"https:\/\/www.ahmadiyya-islam.org\/hr\/clanci\/sto-je-ramazan-i-post\/\">\u0160to je Ramazan i post?<\/a><\/li>\n<li><a href=\"https:\/\/www.ahmadiyya-islam.org\/hr\/clanci\/klinicka-nutricionistica-o-postu-u-ramazanu-i-izazovima-covida-19\/\">Klini\u010dka nutricionistica o postu u Ramazanu i izazovima Covida-19<\/a><\/li>\n<\/ul>\n<hr \/>\n<p><strong>Zavr\u0161ne bilje\u0161ke:<\/strong><\/p>\n<p><a href=\"#_ednref1\" name=\"_edn1\">[i]<\/a> <em>Tafsir-e-Kabir<\/em>, tom 2, str. 393-394<br \/>\n<a href=\"#_ednref2\" name=\"_edn2\">[ii]<\/a> <em>Siraj-e-Munir<\/em>, Ruhani Khazain, Vol. 12, str. 82-83<br \/>\n<a href=\"#_ednref3\" name=\"_edn3\">[iii]<\/a> <em>Haqiqatul Wahi<\/em>\u00a0\u00a0[engleski], str. 78<br \/>\n<a href=\"#_ednref4\" name=\"_edn4\">[iv]<\/a> <em>Sahih al-Bukhari<\/em>\u00a0, Knjiga o postu<br \/>\n<a href=\"#_ednref5\" name=\"_edn5\">[v]<\/a> <em>Sahih\u00a0<\/em>\u00a0<em>Muslim<\/em>\u00a0, Knjiga o postu<br \/>\n<a href=\"#_ednref6\" name=\"_edn6\">[vi]<\/a> <em>Sahih Muslim<\/em>\u00a0, Knjiga o postu<br \/>\n<a href=\"#_ednref7\" name=\"_edn7\">[vii]<\/a> <em>Sahih\u00a0<\/em>\u00a0<em>al-Bukhari<\/em>\u00a0, Knjiga o postu<br \/>\n<a href=\"#_ednref8\" name=\"_edn8\">[viii]<\/a> <em>Sahih\u00a0<\/em>\u00a0<em>Muslim<\/em>\u00a0, Knjiga o postu<br \/>\n<a href=\"#_ednref9\" name=\"_edn9\">[ix]<\/a> <em>Sahih\u00a0<\/em>\u00a0<em>Muslim<\/em>\u00a0, Knjiga o postu<br \/>\n<a href=\"#_ednref10\" name=\"_edn10\">[x]<\/a> Sahih\u00a0 Muslim , Knjiga o postu<br \/>\n<a href=\"#_ednref11\" name=\"_edn11\">[xi]<\/a> <em>Sahih\u00a0Muslim<\/em>\u00a0, Knjiga o postu<br \/>\n<a href=\"#_ednref12\" name=\"_edn12\">[xii]<\/a> <em>Sahih Bukhari<\/em>\u00a0, Knjiga o postu<br \/>\n<a href=\"#_ednref13\" name=\"_edn13\">[xiii]<\/a> <em>Sahih Bukhari<\/em>\u00a0, Knjiga o postu<\/p>\n","protected":false},"excerpt":{"rendered":"<p>Ramazan 2022. dolazi u nesigurno vrijeme u svjetskom geopoliti\u010dkom okru\u017eju. \u00a0Okru\u017eeni smo ratovima, mr\u017enjom i nepravdama.<\/p>\n","protected":false},"featured_media":2336,"parent":0,"template":"","tags":[66,291,304,303],"article-cat":[346],"topics":[302],"authors":[],"content_source":[],"class_list":["post-2332","articles","type-articles","status-publish","has-post-thumbnail","hentry","tag-molitva","tag-namaz","tag-post","tag-ramazan","article-cat-al-hakam","topics-ramazan"],"acf":[],"yoast_head":"<!-- This site is optimized with the Yoast SEO Premium plugin v21.1 (Yoast SEO v27.4) - https:\/\/yoast.com\/product\/yoast-seo-premium-wordpress\/ -->\n<title>Ramazan 2022: Pra\u0107enje Suna i moliti za svijet<\/title>\n<meta name=\"description\" content=\"Ramazan 2022. dolazi u nesigurno vrijeme u svjetskom geopoliti\u010dkom okru\u017eju. \u00a0Okru\u017eeni smo ratovima, mr\u017enjom i nepravdama.\" \/>\n<meta name=\"robots\" content=\"index, follow, max-snippet:-1, max-image-preview:large, max-video-preview:-1\" \/>\n<link rel=\"canonical\" href=\"https:\/\/www.ahmadiyya-islam.org\/hr\/clanci\/ramazan-2022-pracenje-suna-i-moliti-za-svijet\/\" \/>\n<meta property=\"og:locale\" content=\"hr_HR\" \/>\n<meta property=\"og:type\" content=\"article\" \/>\n<meta property=\"og:title\" content=\"Ramazan 2022: Pra\u0107enje Suna i moliti za svijet\" \/>\n<meta property=\"og:description\" content=\"Ramazan 2022. dolazi u nesigurno vrijeme u svjetskom geopoliti\u010dkom okru\u017eju. \u00a0Okru\u017eeni smo ratovima, mr\u017enjom i nepravdama.\" \/>\n<meta property=\"og:url\" content=\"https:\/\/www.ahmadiyya-islam.org\/hr\/clanci\/ramazan-2022-pracenje-suna-i-moliti-za-svijet\/\" \/>\n<meta property=\"og:site_name\" content=\"Ahmadija muslimanski d\u017eamat\" \/>\n<meta property=\"og:image\" content=\"http:\/\/www.ahmadiyya-islam.org\/hr\/wp-content\/uploads\/sites\/22\/2022\/04\/Mubarak.jpg\" \/>\n\t<meta property=\"og:image:width\" content=\"1500\" \/>\n\t<meta property=\"og:image:height\" content=\"750\" \/>\n\t<meta property=\"og:image:type\" content=\"image\/jpeg\" \/>\n<meta name=\"twitter:card\" content=\"summary_large_image\" \/>\n<meta name=\"twitter:label1\" content=\"Procijenjeno vrijeme \u010ditanja\" \/>\n\t<meta name=\"twitter:data1\" content=\"7 minuta\" \/>\n<script type=\"application\/ld+json\" class=\"yoast-schema-graph\">{\"@context\":\"https:\\\/\\\/schema.org\",\"@graph\":[{\"@type\":\"WebPage\",\"@id\":\"https:\\\/\\\/www.ahmadiyya-islam.org\\\/hr\\\/clanci\\\/ramazan-2022-pracenje-suna-i-moliti-za-svijet\\\/\",\"url\":\"https:\\\/\\\/www.ahmadiyya-islam.org\\\/hr\\\/clanci\\\/ramazan-2022-pracenje-suna-i-moliti-za-svijet\\\/\",\"name\":\"Ramazan 2022: Pra\u0107enje Suna i moliti za svijet\",\"isPartOf\":{\"@id\":\"https:\\\/\\\/www.ahmadiyya-islam.org\\\/hr\\\/#website\"},\"primaryImageOfPage\":{\"@id\":\"https:\\\/\\\/www.ahmadiyya-islam.org\\\/hr\\\/clanci\\\/ramazan-2022-pracenje-suna-i-moliti-za-svijet\\\/#primaryimage\"},\"image\":{\"@id\":\"https:\\\/\\\/www.ahmadiyya-islam.org\\\/hr\\\/clanci\\\/ramazan-2022-pracenje-suna-i-moliti-za-svijet\\\/#primaryimage\"},\"thumbnailUrl\":\"https:\\\/\\\/www.ahmadiyya-islam.org\\\/hr\\\/wp-content\\\/uploads\\\/sites\\\/22\\\/2022\\\/04\\\/Mubarak.jpg\",\"datePublished\":\"2022-04-18T10:04:03+00:00\",\"description\":\"Ramazan 2022. dolazi u nesigurno vrijeme u svjetskom geopoliti\u010dkom okru\u017eju. \u00a0Okru\u017eeni smo ratovima, mr\u017enjom i nepravdama.\",\"breadcrumb\":{\"@id\":\"https:\\\/\\\/www.ahmadiyya-islam.org\\\/hr\\\/clanci\\\/ramazan-2022-pracenje-suna-i-moliti-za-svijet\\\/#breadcrumb\"},\"inLanguage\":\"hr\",\"potentialAction\":[{\"@type\":\"ReadAction\",\"target\":[\"https:\\\/\\\/www.ahmadiyya-islam.org\\\/hr\\\/clanci\\\/ramazan-2022-pracenje-suna-i-moliti-za-svijet\\\/\"]}]},{\"@type\":\"ImageObject\",\"inLanguage\":\"hr\",\"@id\":\"https:\\\/\\\/www.ahmadiyya-islam.org\\\/hr\\\/clanci\\\/ramazan-2022-pracenje-suna-i-moliti-za-svijet\\\/#primaryimage\",\"url\":\"https:\\\/\\\/www.ahmadiyya-islam.org\\\/hr\\\/wp-content\\\/uploads\\\/sites\\\/22\\\/2022\\\/04\\\/Mubarak.jpg\",\"contentUrl\":\"https:\\\/\\\/www.ahmadiyya-islam.org\\\/hr\\\/wp-content\\\/uploads\\\/sites\\\/22\\\/2022\\\/04\\\/Mubarak.jpg\",\"width\":1500,\"height\":750,\"caption\":\"Ramazan Mubarak Karim\"},{\"@type\":\"BreadcrumbList\",\"@id\":\"https:\\\/\\\/www.ahmadiyya-islam.org\\\/hr\\\/clanci\\\/ramazan-2022-pracenje-suna-i-moliti-za-svijet\\\/#breadcrumb\",\"itemListElement\":[{\"@type\":\"ListItem\",\"position\":1,\"name\":\"Home\",\"item\":\"https:\\\/\\\/www.ahmadiyya-islam.org\\\/hr\\\/\"},{\"@type\":\"ListItem\",\"position\":2,\"name\":\"\u010clanci\",\"item\":\"https:\\\/\\\/www.ahmadiyya-islam.org\\\/hr\\\/clanci\\\/\"},{\"@type\":\"ListItem\",\"position\":3,\"name\":\"Ramazan 2022: Pra\u0107enje Suna i moliti za svijet\"}]},{\"@type\":\"WebSite\",\"@id\":\"https:\\\/\\\/www.ahmadiyya-islam.org\\\/hr\\\/#website\",\"url\":\"https:\\\/\\\/www.ahmadiyya-islam.org\\\/hr\\\/\",\"name\":\"Ahmadija muslimanski d\u017eamat\",\"description\":\"Hrvatska\",\"potentialAction\":[{\"@type\":\"SearchAction\",\"target\":{\"@type\":\"EntryPoint\",\"urlTemplate\":\"https:\\\/\\\/www.ahmadiyya-islam.org\\\/hr\\\/?s={search_term_string}\"},\"query-input\":{\"@type\":\"PropertyValueSpecification\",\"valueRequired\":true,\"valueName\":\"search_term_string\"}}],\"inLanguage\":\"hr\"}]}<\/script>\n<!-- \/ Yoast SEO Premium plugin. -->","yoast_head_json":{"title":"Ramazan 2022: Pra\u0107enje Suna i moliti za svijet","description":"Ramazan 2022. dolazi u nesigurno vrijeme u svjetskom geopoliti\u010dkom okru\u017eju. \u00a0Okru\u017eeni smo ratovima, mr\u017enjom i nepravdama.","robots":{"index":"index","follow":"follow","max-snippet":"max-snippet:-1","max-image-preview":"max-image-preview:large","max-video-preview":"max-video-preview:-1"},"canonical":"https:\/\/www.ahmadiyya-islam.org\/hr\/clanci\/ramazan-2022-pracenje-suna-i-moliti-za-svijet\/","og_locale":"hr_HR","og_type":"article","og_title":"Ramazan 2022: Pra\u0107enje Suna i moliti za svijet","og_description":"Ramazan 2022. dolazi u nesigurno vrijeme u svjetskom geopoliti\u010dkom okru\u017eju. \u00a0Okru\u017eeni smo ratovima, mr\u017enjom i nepravdama.","og_url":"https:\/\/www.ahmadiyya-islam.org\/hr\/clanci\/ramazan-2022-pracenje-suna-i-moliti-za-svijet\/","og_site_name":"Ahmadija muslimanski d\u017eamat","og_image":[{"width":1500,"height":750,"url":"http:\/\/www.ahmadiyya-islam.org\/hr\/wp-content\/uploads\/sites\/22\/2022\/04\/Mubarak.jpg","type":"image\/jpeg"}],"twitter_card":"summary_large_image","twitter_misc":{"Procijenjeno vrijeme \u010ditanja":"7 minuta"},"schema":{"@context":"https:\/\/schema.org","@graph":[{"@type":"WebPage","@id":"https:\/\/www.ahmadiyya-islam.org\/hr\/clanci\/ramazan-2022-pracenje-suna-i-moliti-za-svijet\/","url":"https:\/\/www.ahmadiyya-islam.org\/hr\/clanci\/ramazan-2022-pracenje-suna-i-moliti-za-svijet\/","name":"Ramazan 2022: Pra\u0107enje Suna i moliti za svijet","isPartOf":{"@id":"https:\/\/www.ahmadiyya-islam.org\/hr\/#website"},"primaryImageOfPage":{"@id":"https:\/\/www.ahmadiyya-islam.org\/hr\/clanci\/ramazan-2022-pracenje-suna-i-moliti-za-svijet\/#primaryimage"},"image":{"@id":"https:\/\/www.ahmadiyya-islam.org\/hr\/clanci\/ramazan-2022-pracenje-suna-i-moliti-za-svijet\/#primaryimage"},"thumbnailUrl":"https:\/\/www.ahmadiyya-islam.org\/hr\/wp-content\/uploads\/sites\/22\/2022\/04\/Mubarak.jpg","datePublished":"2022-04-18T10:04:03+00:00","description":"Ramazan 2022. dolazi u nesigurno vrijeme u svjetskom geopoliti\u010dkom okru\u017eju. \u00a0Okru\u017eeni smo ratovima, mr\u017enjom i nepravdama.","breadcrumb":{"@id":"https:\/\/www.ahmadiyya-islam.org\/hr\/clanci\/ramazan-2022-pracenje-suna-i-moliti-za-svijet\/#breadcrumb"},"inLanguage":"hr","potentialAction":[{"@type":"ReadAction","target":["https:\/\/www.ahmadiyya-islam.org\/hr\/clanci\/ramazan-2022-pracenje-suna-i-moliti-za-svijet\/"]}]},{"@type":"ImageObject","inLanguage":"hr","@id":"https:\/\/www.ahmadiyya-islam.org\/hr\/clanci\/ramazan-2022-pracenje-suna-i-moliti-za-svijet\/#primaryimage","url":"https:\/\/www.ahmadiyya-islam.org\/hr\/wp-content\/uploads\/sites\/22\/2022\/04\/Mubarak.jpg","contentUrl":"https:\/\/www.ahmadiyya-islam.org\/hr\/wp-content\/uploads\/sites\/22\/2022\/04\/Mubarak.jpg","width":1500,"height":750,"caption":"Ramazan Mubarak Karim"},{"@type":"BreadcrumbList","@id":"https:\/\/www.ahmadiyya-islam.org\/hr\/clanci\/ramazan-2022-pracenje-suna-i-moliti-za-svijet\/#breadcrumb","itemListElement":[{"@type":"ListItem","position":1,"name":"Home","item":"https:\/\/www.ahmadiyya-islam.org\/hr\/"},{"@type":"ListItem","position":2,"name":"\u010clanci","item":"https:\/\/www.ahmadiyya-islam.org\/hr\/clanci\/"},{"@type":"ListItem","position":3,"name":"Ramazan 2022: Pra\u0107enje Suna i moliti za svijet"}]},{"@type":"WebSite","@id":"https:\/\/www.ahmadiyya-islam.org\/hr\/#website","url":"https:\/\/www.ahmadiyya-islam.org\/hr\/","name":"Ahmadija muslimanski d\u017eamat","description":"Hrvatska","potentialAction":[{"@type":"SearchAction","target":{"@type":"EntryPoint","urlTemplate":"https:\/\/www.ahmadiyya-islam.org\/hr\/?s={search_term_string}"},"query-input":{"@type":"PropertyValueSpecification","valueRequired":true,"valueName":"search_term_string"}}],"inLanguage":"hr"}]}},"_links":{"self":[{"href":"https:\/\/www.ahmadiyya-islam.org\/hr\/wp-json\/wp\/v2\/articles\/2332","targetHints":{"allow":["GET"]}}],"collection":[{"href":"https:\/\/www.ahmadiyya-islam.org\/hr\/wp-json\/wp\/v2\/articles"}],"about":[{"href":"https:\/\/www.ahmadiyya-islam.org\/hr\/wp-json\/wp\/v2\/types\/articles"}],"version-history":[{"count":1,"href":"https:\/\/www.ahmadiyya-islam.org\/hr\/wp-json\/wp\/v2\/articles\/2332\/revisions"}],"predecessor-version":[{"id":2338,"href":"https:\/\/www.ahmadiyya-islam.org\/hr\/wp-json\/wp\/v2\/articles\/2332\/revisions\/2338"}],"wp:featuredmedia":[{"embeddable":true,"href":"https:\/\/www.ahmadiyya-islam.org\/hr\/wp-json\/wp\/v2\/media\/2336"}],"wp:attachment":[{"href":"https:\/\/www.ahmadiyya-islam.org\/hr\/wp-json\/wp\/v2\/media?parent=2332"}],"wp:term":[{"taxonomy":"post_tag","embeddable":true,"href":"https:\/\/www.ahmadiyya-islam.org\/hr\/wp-json\/wp\/v2\/tags?post=2332"},{"taxonomy":"article-cat","embeddable":true,"href":"https:\/\/www.ahmadiyya-islam.org\/hr\/wp-json\/wp\/v2\/article-cat?post=2332"},{"taxonomy":"topics","embeddable":true,"href":"https:\/\/www.ahmadiyya-islam.org\/hr\/wp-json\/wp\/v2\/topics?post=2332"},{"taxonomy":"authors","embeddable":true,"href":"https:\/\/www.ahmadiyya-islam.org\/hr\/wp-json\/wp\/v2\/authors?post=2332"},{"taxonomy":"content_source","embeddable":true,"href":"https:\/\/www.ahmadiyya-islam.org\/hr\/wp-json\/wp\/v2\/content_source?post=2332"}],"curies":[{"name":"wp","href":"https:\/\/api.w.org\/{rel}","templated":true}]}}