{"id":2276,"date":"2022-02-20T11:37:41","date_gmt":"2022-02-20T11:37:41","guid":{"rendered":"https:\/\/www.ahmadiyya-islam.org\/hr\/?post_type=articles&#038;p=2276"},"modified":"2022-02-27T11:40:57","modified_gmt":"2022-02-27T11:40:57","slug":"europa-pred-najvecim-rizikom-od-rata-u-posljednjih-30-godina","status":"publish","type":"articles","link":"https:\/\/www.ahmadiyya-islam.org\/hr\/clanci\/europa-pred-najvecim-rizikom-od-rata-u-posljednjih-30-godina\/","title":{"rendered":"Europa pred najve\u0107im rizikom od rata u posljednjih 30 godina, s mogu\u0107im nuklearnim posljedicama"},"content":{"rendered":"<p><span style=\"color: #808080\"><strong>Ata-ul-Haye Nasir,\u00a0<em>Al Hakam<\/em><\/strong><\/span><\/p>\n<p>Dana 13. sije\u010dnja 2022. godine, tijekom sastanka Organizacije za europsku sigurnost i suradnju (OESS), ministar vanjskih poslova Poljske, Zbigniew Rau, je rekao da se Europa suo\u010dava s najve\u0107im rizikom od rata u posljednjih 30 godina.<\/p>\n<blockquote><p>\u201c\u2018\u010cini se da je rizik od rata u OESS podru\u010dju ve\u0107i sada nego \u0161to je to bio u posljednjih 30,\u2019 izjavio je Rau delegatima ranije. \u2018Nekoliko tjedana bili smo suo\u010deni s mogu\u0107no\u0161\u0107u velike vojne eskalacije u isto\u010dnoj Europi.\u2019\u201d (<em>The Guardian<\/em>, 13. sije\u010dnja 2022, \u201c<a href=\"https:\/\/www.theguardian.com\/world\/2022\/jan\/13\/russia-says-talks-with-nato-over-ukraine-are-hitting-a-dead-end\">Russia threatens military deployment to Cuba and Venezuela as diplomacy stalls<\/a>\u201d)<\/p><\/blockquote>\n<p>Nastavio je, \u201cTrebali bismo se usredoto\u010diti na mirno rje\u0161enje sukoba u Ukrajini i oko Ukrajine,\u201d i pokazati \u201cpotpuno po\u0161tivanje suvereniteta, teritorijalne cjelovitosti i jedinstva Ukrajine unutar njenih me\u0111unarodno priznatih granica\u201d. (<em>Al Jazeera<\/em>, 13 sije\u010dnja 2022, \u201c<a href=\"https:\/\/www.aljazeera.com\/news\/2022\/1\/13\/kremlin-says-us-nato-security-talks-unsuccessful-so-far\">Russia says NATO talks \u2018unsuccessful\u2019 as Poland warns of war<\/a>\u201d)<\/p>\n<p>U odgovoru, ruski izaslanik u OESS-u, Aleksandar Luka\u0161evi\u0107, je rekao:<\/p>\n<blockquote><p>\u201cAko ne dobijemo konstruktivan odgovor na na\u0161e prijedloge u razumnom vremenskom okviru i ako se nastavi s agresivnim stavom prema Rusiji, morat \u0107emo poduzeti nu\u017ene mjere kako bismo osigurali strate\u0161ku ravnote\u017eu i uklonili neprihvatljive prijetnje na\u0161oj nacionalnoj sigurnosti.\u201d (Ibid)<\/p><\/blockquote>\n<p>Razgovori tijekom ovog sastanka bili su usmjereni na ruske sigurnosne zahtjeve Zapadu i okupljanju vojnih snaga blizu Ukrajine. Ruski du\u017enosnici su naglasili da imaju pravo rasporediti vojne snage na \u201enjihovom teritoriju\u201c kako god \u017eele te su optu\u017eili NATO za destabilizaciju regije.<\/p>\n<p>Tako\u0111er, ruski izaslanik je upozorio, \u201cKriza na kontinentu mo\u017ee eskalirati s nepredvidivim posljedicama za sigurnost Europe.\u201d (<em>The Guardian<\/em>, 13 sije\u010dnja 2022, \u201c<a href=\"https:\/\/www.theguardian.com\/world\/2022\/jan\/13\/russia-says-talks-with-nato-over-ukraine-are-hitting-a-dead-end\">Russia says talks with NATO over Ukraine are hitting a dead end<\/a>\u201d)<\/p>\n<p>Ruski zamjenik ministra vanjskih poslova je rekao kako je do\u0161lo do zastoja u razgovorima sa SAD-om o sigurnosnoj situaciji u Ukrajini i ukazao na mogu\u0107nost slanja vojnih jedinica u Venezuelu i Kubu, dok Kremlj nastoji izvr\u0161iti pritisak na Washington da udovolji njihovim zahtjevima i zaustavi vojnu aktivnost koju Rusija smatra prijetnjom. (<em>The Wall Street Journal<\/em>, 13 sije\u010dnja 2022, \u201c<a href=\"https:\/\/www.wsj.com\/articles\/in-u-s-russia-talks-over-ukraine-kyiv-gets-a-voice-11642061460\">Russia Suggests Military Deployment to Venezuela, Cuba if Tensions With U.S. Remain High<\/a>\u201d)<\/p>\n<p>Na dan 14. sije\u010dnja 2022. godine, oko 70 internet stranica ukrajinske vlade bilo je privremeno nedostupno, \u0161to je progla\u0161eno najve\u0107im cyber napadom na Ukrajinu u posljednje \u010detiri godine. Prije ukidanja mre\u017enog pristupa, na stranicama se pojavila poruka koja upozorava Ukrajince da se \u201epripreme na najgore\u201c.\u00a0 On 14 January 2022, about 70 websites of the Ukrainian government were temporarily down, which was termed as the largest cyber-attack on Ukraine in four years. Before the sites went offline, a message appeared warning Ukrainians to \u201cprepare for the worst\u201d.<\/p>\n<p>\u201cUkrajina je izjavila da posjeduje \u201edokaze\u201c o tome da Rusija stoji iza masivnog cyber napada koji je izbacio iz mre\u017ee klju\u010dne vladine stranice pro\u0161log tjedna, dok Microsoft upozorava da bi hakerski napad mogao biti daleko ozbiljniji od onog \u0161to se po\u010detno mislilo.\u201d (<em>The Guardian<\/em>, 16 sije\u010dnja 2022, \u201c<a href=\"https:\/\/www.theguardian.com\/world\/2022\/jan\/16\/ukraine-says-evidence-points-to-russia-being-behind-cyber-attack\">Ukraine says evidence points to Russia being behind cyber-attack<\/a>\u201d)<\/p>\n<p>Ukrajinsko ministarstvo za digitalnu transformaciju izjavilo je da \u201esvi dokazi ukazuju da Rusija stoji iza cyber napada\u201c i da \u201eMoskva nastavlja voditi kampanju hibridnog rata.\u201d (Ibid)<\/p>\n<p>\u201cWashington je tako\u0111er optu\u017eio Rusiju da \u0161alje sabotere obu\u010dene za rad s eksplozivima kako bi inscenirali \u201ela\u017ene napade\u201c koji bi se iskoristili kao povod za invaziju njihova prozapadnog susjeda.\u201c (Ibid)<\/p>\n<p>Ukrajinska vlada je zahtijevala od Njema\u010dke da se doka\u017ee kao \u201eistinski prijatelj\u201c slanjem oru\u017eja koje bi pomoglo u odvra\u0107anju vojne prijetnje na ruskoj granici. Ukrajinski veleposlanik u Njema\u010dkoj je rekao:<\/p>\n<p>\u201cUkrajinski narod je duboko razo\u010daran. Do\u0161ao je trenutak istine u kojem \u0107e se otkriti tko su nam istinski prijatelji.\u201c (<em>The Telegraph<\/em>, 16 sije\u010dnja 2022,\u00a0\u201c<a href=\"https:\/\/www.telegraph.co.uk\/world-news\/2022\/01\/16\/ukraine-demands-true-friend-germany-send-weapons-ward-russian\/\">Ukraine demands \u2018true friend\u2019 Germany send weapons to ward off Russian invasion<\/a>\u201d)<\/p>\n<p>Zastupnik britanskih konzervativaca, Tobias Ellwood (predsjednik Odbora za obrambenu politku) je rekao:<\/p>\n<blockquote><p>\u201cBojim se da je invazija ruskih snaga neizbje\u017ena i neposredna opasnost koju smo mi dopustili. Imali smo priliku rasporediti dovoljno vojne tehnike i osoblja u Ukrajini koje bi navelo predsjednika Putna da dobro razmisli o napadu, ali nismo to u\u010dinili.\u201d (<em>Evening Standard<\/em>, 16 sije\u010dnja 2022, \u201c<a href=\"https:\/\/www.standard.co.uk\/news\/uk\/tobias-ellwood-ukraine-vladimir-putin-russian-liz-truss-b976944.html\">Russian invasion of Ukraine \u2018inevitable and imminent\u2019<\/a>\u201d)<\/p><\/blockquote>\n<p><em>The New York Times<\/em>\u00a0izvje\u0161tava:<\/p>\n<blockquote><p>\u201cPutin \u017eeli pro\u0161iriti rusku zonu utjecaja na isto\u010dnu Europu i od NATO-a \u017eeli obvezu ne\u0161irenja u pisanom obliku. Ako mu se onemogu\u0107i postizanje tih ciljeva on \u0107e te\u017eiti osiguranju ruskih sigurnosnih interesa s rezultatima \u010dije \u0107e se posljedice o\u0161tro osje\u0107ati u Europi i SAD-u, pretpostavili su neki od njegovih pomo\u0107nika na margini pregovora pro\u0161log tjedna.<\/p>\n<p>\u201cPostojali su nagovje\u0161taji, koji nikad nisu jasno izre\u010deni, o premje\u0161tanju nuklearnog oru\u017eja \u2013 vjerojatno nedaleko od ameri\u010dke obale \u2013 koji bi smanjili vrijeme upozorenja nakon lansiranja projektila na svega pet minuta, \u0161to bi moglo rasplamsati sukob sli\u010dan onome tijekom kubanske raketne krize 1962. godine. \u201d (<em>The New York Times<\/em>, 16 sije\u010dnja 2022, \u201c<a href=\"https:\/\/www.nytimes.com\/2022\/01\/16\/world\/europe\/russia-ukraine-invasion.html\">Russia Issues Subtle Threats More Far-Reaching Than a Ukraine Invasion<\/a>\u201d)<\/p><\/blockquote>\n<p><em>BBC<\/em>\u00a0izvje\u0161tava:<\/p>\n<blockquote><p>\u201c\u0160vedska je premjestila stotine vojnih snaga tijekom vikenda na strate\u0161ki va\u017ean otok Gotland- smje\u0161ten u Balti\u010dkom moru. Danska je poja\u010dala svoju vojnu prisutnost u regiji nekoliko dana prije toga.<\/p>\n<p>\u201cRastu\u0107e napetosti su ponovno rasplamsale debate u Finskoj i \u0160vedskoj o tome da li bi sada trebale pristupiti NATO savezu.<\/p>\n<p>\u201cAli najve\u0107u zabrinutost na relaciji Zapad \u2013 Washington, NATO, Ujedinjeno Kraljevstvo i EU, ne uzrokuje mogu\u0107nost konvencionalnog sukoba oko Ukrajine, ve\u0107 namjere Moskve da podjeli i destabilizira Europu \u2013 a time i da uzdrma ravnote\u017eu kontinentalnih snaga u korist Kremlja.\u201d (<em>BBC<\/em>, 17 sije\u010dnja 2022, \u201c<a href=\"https:\/\/www.google.com\/amp\/s\/www.bbc.co.uk\/news\/world-europe-60030615.amp\">Russia-Ukraine crisis: Why Brussels fears Europe is \u2018closest to war\u2019 in decades<\/a>\u201d)<\/p><\/blockquote>\n<p>Tijekom posjeta u Kijevu, njema\u010dka ministrica vanjskih poslova, Annalena Baerbock je rekla da je spremna na ozbiljan dijalog o zajedni\u010dkoj sigurnosti s Rusijom, ali da ne \u017eeli odustati \u201eod osnovnih na\u010dela poput teritorijalne nepovredivosti, slobodnog odabira savezni\u0161tva i osuda prijetnji nasiljem\u201c.<\/p>\n<p><img loading=\"lazy\" decoding=\"async\" class=\"aligncenter size-large wp-image-2272\" src=\"http:\/\/www.ahmadiyya-islam.org\/hr\/wp-content\/uploads\/sites\/22\/2022\/02\/Ukraine--1024x465.jpg\" alt=\"\" width=\"900\" height=\"409\" srcset=\"https:\/\/www.ahmadiyya-islam.org\/hr\/wp-content\/uploads\/sites\/22\/2022\/02\/Ukraine--1024x465.jpg 1024w, https:\/\/www.ahmadiyya-islam.org\/hr\/wp-content\/uploads\/sites\/22\/2022\/02\/Ukraine--300x136.jpg 300w, https:\/\/www.ahmadiyya-islam.org\/hr\/wp-content\/uploads\/sites\/22\/2022\/02\/Ukraine--768x349.jpg 768w, https:\/\/www.ahmadiyya-islam.org\/hr\/wp-content\/uploads\/sites\/22\/2022\/02\/Ukraine--1536x698.jpg 1536w, https:\/\/www.ahmadiyya-islam.org\/hr\/wp-content\/uploads\/sites\/22\/2022\/02\/Ukraine-.jpg 1650w\" sizes=\"auto, (max-width: 900px) 100vw, 900px\" \/><\/p>\n<p>Nadodala je, \u201cSvaki daljnji \u010din agresije \u0107e imati ozbiljne posljedice za Rusiju, u ekonomskom, strate\u0161kom i politi\u010dkom smislu \u201d,te da je \u201cdiplomacija jedini na\u010din rje\u0161enja krize.\u201d (<em>The Guardian<\/em>, 17 sije\u010dnja 2022, \u201c<a href=\"https:\/\/www.theguardian.com\/world\/2022\/jan\/17\/russia-ukraine-attack-german-minister-annalena-baerbock\">Russia would pay \u2018high price\u2019 for attack on Ukraine, says German minister<\/a>\u201d)<\/p>\n<p>Dana 17 sije\u010dnja 2022, Ben Wallace, ministar obrane Ujedinjenog Kraljevstva je rekao parlamentu, \u201cOdlu\u010dili smo opskrbiti Ukrajinu lakim protuoklopnim obrambenim oru\u017eanim sustavima \u201d, i \u201cmalim brojem\u201d britanskih vojnika koji bi ih obu\u010dili da ih koriste (<em>The Guardian<\/em>, 17 sije\u010dnja 2022, \u201c<a href=\"https:\/\/www.google.com\/amp\/s\/amp.theguardian.com\/politics\/2022\/jan\/17\/uk-supplying-ukraine-with-anti-tank-weapons-mps-told\">UK supplying Ukraine with anti-tank weapons, MPs told<\/a>\u201d)<\/p>\n<p>U posjetu ukrajinskom glavnom gradu Kijevu, g. Blinken je rekao da je Rusija nakupila vojne snage u blizini ukrajinske granice \u201ebez ikakve provokacije i razloga\u201c. Dodao je, \u201cZnamo da postoje planovi za daljnje ja\u010danje tih snaga u veoma kratkom vremenu, i to daje predsjedniku Putinu sposobnost za daljnje agresivno djelovanje protiv Ukrajine, tako\u0111er u veoma kratkom vremenskom roku.\u201d (<em>BBC<\/em>, 19 sije\u010danj 2022, \u201c<a href=\"https:\/\/www.bbc.co.uk\/news\/world-europe-60048395\">Ukraine tension: Blinken says Russia could attack at short notice<\/a>\u201d)<\/p>\n<p>Gosp. Blinken je optu\u017eio Rusiju za poku\u0161aj slabljenja diplomatskih institucija Ukrajine i stvaranja podjela u ukrajinskom dru\u0161tvu \u201ckoriste\u0107i sva raspolo\u017eiva sredstva od uplitanja u izboru do dezinformacija i cyber napada.\u201d (Ibid)<\/p>\n<p>\u201cVjeruje se da su se ruske vojne snage utaborile u Bjelorusiji u vojnoj bazi koja se nalazi oko 50 km od ukrajinske granice\u201c, kao \u0161to je rekao predsjednik Biden, on misli da predsjednik Putin planira invaziju.<\/p>\n<p>\u201cTim za obavje\u0161tajne podatke o sukobima (The Conflict Intelligence Team (CIT)), skupina neovisnih ruskih istra\u017eiva\u010da je rekla da je ruska vojna tehnika uo\u010dena u bjeloruskoj Gomel regiji, nedaleko od granice s Ukrajinom.\u201d (<em>The Times<\/em>, 20 sije\u010dnja 2022, \u201c<a href=\"https:\/\/www.thetimes.co.uk\/article\/britain-fears-tens-of-thousands-dead-if-russia-invades-ukraine-jvzh266pr\">Russia will invade Ukraine, says Joe Biden as troops mass near border<\/a>\u201d)<\/p>\n<p>Premijer Ujedinjenog Kraljevstva, je rekao:<\/p>\n<blockquote><p>\u201cAko Rusija na bilo koji na\u010din prodre u Ukrajinu, to bi bilo katastrofalno, ne samo za Rusiju ve\u0107 i za svijet.\u201d (<em>Independent<\/em>, 20 sije\u010danj 2022, \u201c<a href=\"https:\/\/www.google.com\/amp\/s\/www.independent.co.uk\/news\/uk\/vladimir-putin-russia-boris-johnson-joe-biden-ukraine-b1997165.html%3famp\">Boris Johnson warns of \u2018disaster\u2019 for Russia if it invades Ukraine<\/a>\u201d)<\/p><\/blockquote>\n<p>Prije samo dva tjedna, pet najja\u010dih svjetskih nacija \u2013 SAD, Rusija, Kina, UK i Francuska &#8211; <a href=\"https:\/\/www.alhakam.org\/usa-russia-china-uk-and-france-pledge-to-avoid-nuclear-war\/\">postigla su sporazum<\/a>\u00a0i usuglasile se \u201cda je nemogu\u0107e pobijediti u nuklearnom ratu, te da se on nikad ne smije voditi\u201c, u rijetkom zajedni\u010dkom obe\u0107anju kojemu je cilj bio smanjiti rizik zapo\u010dinjanja takvog sukoba. \u00a0(<em>The Guardian<\/em>, 3 sije\u010dnja 2022, \u201c<a href=\"https:\/\/www.theguardian.com\/world\/2022\/jan\/03\/five-nations-pledge-avoid-nuclear-war\">Five of world\u2019s most powerful nations pledge to avoid nuclear war<\/a>\u201d)<\/p>\n<p>Od svjetskih vo\u0111a se o\u010dekuje da se \u010dvrsto dr\u017ee tog obe\u0107anja, u protivnom svijetu prijeti veliko razaranje, o kojem je <a href=\"https:\/\/www.alhakam.org\/hazrat-mirza-masroor-ahmad-the-ahmadiyya-khalifa-had-warned-the-world-of-nuclear-devastation\/\">Hazreti Mirza Masroor Ahmad<\/a><sup>a.b.a.<\/sup>, Khalifatul Masih V upozoravao svijet u pro\u0161lih dva desetlje\u0107a.<\/p>\n<p>Dana 24. o\u017eujka 2012, tijekom svog glavnog obra\u0107anja na devetom Me\u0111unarodnom mirovnom simpoziju Ahmadijskog d\u017eemata Ujedinjeog Kraljevstva, Huzoor<sup>a.b.a.<\/sup>\u00a0je rekao:<\/p>\n<blockquote><p>\u201cJapan je jedina zemlja koja je pretrpjela strahovite posljedice nuklearnog ratovanja, kad je bila napadnuta nuklearnim bombama tijekom <a href=\"https:\/\/www.alhakam.org\/world-war-i-and-the-miserable-state-of-tsar\/\">Drugog svjetskog rata<\/a>\u00a0[\u2026] Nuklearno oru\u017eje koje je tada kori\u0161teno, i koje je prouzro\u010dilo veliko razaranje bilo je mnogo manje razorne snage od nuklearnog oru\u017eja koje danas posjeduju i veoma male nacije [\u2026] Neka bude jasno, kad bi se danas upotrijebilo nuklearno oru\u017eje, sasvim je mogu\u0107e da bi se dijelovi nekih zemalja mogli u potpunosti izbrisati s karte. Oni bi naprosto prestali postojati [\u2026] Nedavno, veoma visoko pozicionirani ruski vojni zapovjednik ozbiljno je upozorio o potencijalnim rizicima nuklearnog rata. Prema njegovu mi\u0161ljenju, takav se rat ne bi vodio u Aziji ili drugdje, ve\u0107 na granicama Europe, a da bi se prijetnja mogla pojaviti i rasplamsati u zemljama isto\u010dne Europe.\u201d (<a href=\"https:\/\/www.reviewofreligions.org\/6305\/the-devastating-consequences-of-a-nuclear-war-and-the-critical-need-for-absolute-justice\/\">www.reviewofreligions.org\/6305\/the-devastating-consequences-of-a-nuclear-war-and-the-critical-need-for-absolute-justice\/<\/a>)<\/p><\/blockquote>\n<div id=\"attachment_2278\" style=\"width: 1034px\" class=\"wp-caption aligncenter\"><img loading=\"lazy\" decoding=\"async\" aria-describedby=\"caption-attachment-2278\" class=\"size-full wp-image-2278\" src=\"http:\/\/www.ahmadiyya-islam.org\/hr\/wp-content\/uploads\/sites\/22\/2022\/02\/80-g-373269-23605671606-b01206-1024.jpg\" alt=\"Hiro\u0161ima\" width=\"1024\" height=\"825\" srcset=\"https:\/\/www.ahmadiyya-islam.org\/hr\/wp-content\/uploads\/sites\/22\/2022\/02\/80-g-373269-23605671606-b01206-1024.jpg 1024w, https:\/\/www.ahmadiyya-islam.org\/hr\/wp-content\/uploads\/sites\/22\/2022\/02\/80-g-373269-23605671606-b01206-1024-300x242.jpg 300w, https:\/\/www.ahmadiyya-islam.org\/hr\/wp-content\/uploads\/sites\/22\/2022\/02\/80-g-373269-23605671606-b01206-1024-768x619.jpg 768w\" sizes=\"auto, (max-width: 1024px) 100vw, 1024px\" \/><p id=\"caption-attachment-2278\" class=\"wp-caption-text\">\u0160teta nastala nakon nuklearnog napada na Hiro\u0161imu, 06. kolovoza 1945.<\/p><\/div>\n<p>Dana 09. o\u017eujka 2019. godine, u svom govoru na 16. Godi\u0161njem mirovnom simpoziju Ahmadijskog d\u017eemata u Ujedinjenom Kraljevstvu, Huzur<sup>a.b.a.<\/sup>\u00a0je izjavio:<\/p>\n<blockquote><p>\u201cUkoliko do\u0111e do nuklearnog rata, mi ne\u0107emo uni\u0161titi samo svijet dana\u0161njice ve\u0107 \u0107emo ostaviti i trajan trag uni\u0161tenja i bijede za na\u0161e budu\u0107e generacije. Zbog toga, moramo stati i razmisliti o posljedicama na\u0161ih djela. Ne smijemo smatrati bezna\u010dajnim nijedan problem ili sukob, bez obzira doga\u0111a li se samo u jednoj zemlji ili na me\u0111unarodnoj razini.\u201d (<a href=\"https:\/\/www.pressahmadiyya.com\/press-releases\/2019\/03\/head-ahmadiyya-muslim-community-warns-intensifying-global-hostilities-risk-disastrous-nuclear-war\/\">www.pressahmadiyya.com\/press-releases\/2019\/03\/head-ahmadiyya-muslim-community-warns-intensifying-global-hostilities-risk-disastrous-nuclear-war\/<\/a>)<\/p><\/blockquote>\n<p>Nedavno upozorenje Poljske o velikom riziku rata u Europi tako\u0111er mnogo govori o <a href=\"https:\/\/www.alhakam.org\/opinion-riots-in-kazakhstan-and-ramifications-past-warnings-of-hazrat-khalifatul-masih\/\">neprijateljstvu<\/a> i sukobima unutar Europe.<\/p>\n<p>Postoji velika potreba za de-eskalacijom i uspostavom mira, o \u010demu je Ahmadijski kalif, Hazrat Mirza Masroor Ahmad<sup>a.b.a.<\/sup>\u00a0govorio ve\u0107 dugi niz godina.<\/p>\n<p>Tijekom svog obra\u0107anja na <a href=\"https:\/\/www.alislam.org\/video\/peace-symposium-2013\/\">10. Godi\u0161njem mirovnom simpoziju<\/a> Ahmadijskog d\u017eemata u Ujedinjenom Kraljevstvu, 23. o\u017eujka 2013. godine, Hazrat Mirza Masroor Ahmad, Khailfatul Masih V<sup>a.b.a.<\/sup>\u00a0je rekao:<\/p>\n<blockquote><p>\u201cNe smijemo samo sjediti ovdje i biti zabrinuti mogu\u0107om upleteno\u0161\u0107u u sukobe koji se doga\u0111aju u Aziji, ve\u0107 moramo biti iznimno zabrinuti za probleme pred na\u0161im vratima. Ako se osvrnemo na financijsku krizu u Europi i njene dugoro\u010dne posljedice, mo\u017eemo vidjeti da uzrokuje \u0161irenje nemira me\u0111u europskim stanovni\u0161tvom sa sve vi\u0161e rastu\u0107om tjeskobom. Ukoliko to ne rije\u0161imo na pravilan na\u010din, rezultati takvih frustracija i o\u010dajavanja mogli bi biti katastrofalni.<\/p>\n<p>\u201cDakle, du\u017enost je svih sila da ispune svoje obveze pravi\u010dnog odnosa i ujedinjenja s drugima. Sve strane moraju vi\u0161e ustrajati u dijalogu i otvarati nove linije komunikacije kako bi mogli u miru razgovarati o najboljim na\u010dinima rje\u0161enja problema u svijetu. Ti su koraci nu\u017eni za uspostavu globalnog mira.\u201d (<a href=\"http:\/\/www.reviewofreligions.org\/9084\/the-critical-state-of-world-peace\/\">www.reviewofreligions.org\/9084\/the-critical-state-of-world-peace\/<\/a>)<\/p><\/blockquote>\n<p>Dana 14. o\u017eujka 2015. godine, tijekom obra\u0107anja 12. Nacionalnog mirovnog simpozija Ahmadijskog d\u017eemata u Ujedinjenom Kraljevstvu, Huzur<sup>a.b.a.<\/sup>\u00a0je rekao:<\/p>\n<blockquote><p>\u201cSvijet je pro\u017eet raznim problemima koji vode frustracijama i srd\u017ebi, a one pak ugro\u017eavaju mir. Na primjer, u\u010dinci financijske krize nastavljaju se osje\u0107ati diljem svijeta.[\u2026] Uz te prijetnje imamo i rat u Ukrajini i globalnu utrku u naoru\u017eanju. Sve su to prijetnje svjetskom miru koje nisu povezane s islamom, ve\u0107 su se razvile kao rezultat neuta\u017eive \u017eudnje za mo\u0107i, utjecajem i resursima. [\u2026]<\/p>\n<p>\u201cDok neki govore da je jo\u0161 jedan svjetski rat neizbje\u017ean, ja vjerujem da je sada vrijeme da se svijet probudi i shvati ozbiljnu realnost i zaustavi tu prijetnju. Kako bismo to u\u010dinili, svi narodi i njihovi vo\u0111e trebali bi prestati gledati samo u jednom smjeru i prestati gledati samo vlastite interese. Umjesto toga, morali bi biti pravedni, po\u0161teni i iskreni na svim razinama dru\u0161tva.\u201d (<a href=\"https:\/\/www.alislam.org\/press-release\/muslim-leader-says-justice-and-honesty-required-to-prevent-outbreak-of-third-world-war\/\">www.alislam.org\/press-release\/muslim-leader-says-justice-and-honesty-required-to-prevent-outbreak-of-third-world-war\/<\/a>)<\/p><\/blockquote>\n<p>Dana 23. studenog 2015. godine, obra\u0107aju\u0107i se posebnoj sjednici koja je odr\u017eana u Hilton hotelu u Odaibi, Tokio, Huzur<sup>a.b.a.<\/sup>\u00a0je rekao:<\/p>\n<blockquote><p>\u201cMi \u017eivimo u izrazito nesigurnim i opasnim vremenima, te postoji veliki razlog da budemo zabrinuti zbog stanja u svijetu. Sukobi i neredi pro\u017eimaju svijet i prijete me\u0111unarodnom miru i sigurnosti.[\u2026] U isto\u010dnoj Europi, neprijateljstvo izme\u0111u Rusije i Ukrajine i ostalih europskih zemljama nastavlja se poja\u010davati. Nadalje, nedavno su se pojavile ve\u0107e napetosti izme\u0111u SAD-a i Kine, zbog ulaska ameri\u010dkog ratnog broda u Ju\u017eno kinesko more.[\u2026]<\/p>\n<p>\u201cSvijet postaje pro\u017eet nasiljem i neredima. U suvremenom svijetu, opseg i utjecaj ratovanja je mnogo \u0161iri od prija\u0161njih vremena. Sukobi u jednom dijelu svijeta ne ostaju ograni\u010deni ili lokalni, ve\u0107 se njihovi u\u010dinci i posljedice \u0161ire mnogo dalje. [\u2026] Ve\u0107 dugi niz godina upozoravam svijet da posljedice rata u jednoj regiji mogu i ho\u0107e utjecati na mir i stabilnost ostalih dijelova svijeta. [\u2026]<\/p>\n<p>\u201cU ovo vrijeme ne posjeduju samo velike sile <a href=\"https:\/\/www.vox.com\/22893594\/doomsday-clock-nuclear-war-climate-change-risk\">nuklearno<\/a> oru\u017eje, ve\u0107 i nekoliko manjih zemalja. Dok je sasvim vjerojatno da ve\u0107e sile koriste nuklearni arsenal kao sredstvo odvra\u0107anja, ne postoje jamstva da \u0107e manje zemlje pokazati takvu suzdr\u017eanost. Ne mo\u017eemo uzeti zdravo za gotovo da nikad ne\u0107e upotrijebiti nuklearno <a href=\"https:\/\/www.alhakam.org\/dr-abdus-salam-and-pakistans-nuclear-weapons-program\/\">oru\u017eje<\/a>. Jasno je da svijet stoji na rubu propasti.\u201d (<a href=\"https:\/\/www.alislam.org\/library\/books\/World-Crisis-and-Pathway-to-Peace.pdf\"><em>World Crisis and the Pathway to Peace<\/em><\/a>, str. 189-191)<\/p><\/blockquote>\n<p>Dana 17. svibnja 2016. obra\u0107aju\u0107i se du\u017enosnicima \u0161vedskog parlamenta, Hazrat Mirza Masroor Ahmad<sup>a.b.a.<\/sup>, Khalifatul Masih V je rekao:<\/p>\n<blockquote><p>\u201c[\u2026] Jo\u0161 jedno zlatno na\u010delo za uspostavu mira dano je u 49. poglavlju, 10. ajetu \u010casnog Kur&#8217;ana, u kojem se nala\u017ee da, ako postoji sukob izme\u0111u nacija i skupina, bi tre\u0107a strana trebala ujediniti i potra\u017eiti mirno rje\u0161enje sukoba. Ako ono nije mogu\u0107e, tada bi nacije trebale stati jedna uz drugu s ciljem da ukinu okrutnost i nepravdu koja se pojavljuje. Ako svijet razumije istinsku vrijednost ovog na\u010dela, onda \u010dovje\u010danstvo ima vremena da se otrgne iz ralja budu\u0107eg rata.\u201d (<a href=\"https:\/\/www.reviewofreligions.org\/12614\/world-in-crisis-how-do-we-cope\/\">www.reviewofreligions.org\/12614\/world-in-crisis-how-do-we-cope\/<\/a>)<\/p>\n<div id=\"attachment_520\" style=\"width: 260px\" class=\"wp-caption aligncenter\"><img loading=\"lazy\" decoding=\"async\" aria-describedby=\"caption-attachment-520\" class=\"wp-image-520\" src=\"http:\/\/www.ahmadiyya-islam.org\/hr\/wp-content\/uploads\/sites\/22\/2014\/07\/mirza-masroor-ahmad-portrait.jpg\" alt=\"Peti Kalifa Hazreti Mirza Masroor Ahmad (a.b.a.)\" width=\"250\" height=\"375\" \/><p id=\"caption-attachment-520\" class=\"wp-caption-text\">Peti Kalifa Hazreti Mirza Masroor Ahmad (a.b.a.)<\/p><\/div><\/blockquote>\n<p>Dana 03. rujna 2016. godine, obra\u0107aju\u0107i se ne-ahmadijskim gostima na Jalsi Salani u Njema\u010dkoj, Hazrat Mirza Masroor Ahmad<sup>a.b.a.<\/sup>, Khalifatul Masih V je rekao:<\/p>\n<blockquote><p>\u201cNeporeciva je \u010dinjenica da je svjetski mir na o\u0161trici no\u017ea. Svakim danom svjedo\u010dimo ve\u0107em broju sukoba i nesigurnosti diljem svijeta. \u010cudan je i tragi\u010dan paradoks da, unato\u010d tome \u0161to smo povezaniji nego ikada, se svakim danom sve vi\u0161e me\u0111usobno udaljavamo jedni od drugih.\u201d (<a href=\"https:\/\/www.pressahmadiyya.com\/press-releases\/2016\/09\/head-of-ahmadiyya-muslim-community-speaks-of-risks-of-refugee-crisis-rise-of-the-far-right-in-europe\/\">www.pressahmadiyya.com\/press-releases\/2016\/09\/head-of-ahmadiyya-muslim-community-speaks-of-risks-of-refugee-crisis-rise-of-the-far-right-in-europe\/<\/a>)<\/p><\/blockquote>\n<p>Dana 29. rujna 2020. tijekom virtualnog sastanka med\u017elisa Atfal-ul-Ahmadiyya u Njema\u010dkoj s Hazrat Mirza Masroor Ahmad<sup>a.b.a.<\/sup>, postavljeno je pitanje o tome ho\u0107e li se \u017eivot ikada vratiti u normalno stanje nakon Covida? Huzur<sup>a.b.a.\u00a0<\/sup> je odgovorio:<\/p>\n<blockquote><p>\u201cAlah zna najbolje. \u010cak i ako se stanje normalizira, gospodarsko stanje nastalo nakon pandemije korona virusa imat \u0107e posljedice za cijeli svijet. \u010cak i ako ne postoji konkretno ratno stanje ili velik sukob, bit \u0107e potrebne godine za stabilizaciju globalne gospodarske situacije. Me\u0111utim, mo\u017eemo vidjeti da se gospodarska situacija pogor\u0161a nakon takvih okolnosti koje, veoma \u010desto, vode do rata. Gledaju\u0107i na dana\u0161nje stanje svijeta, zaista se \u010dini da bi eventualno moglo voditi do ozbiljnih sukoba. Ako se rat rasplamsa nakon korona virusa, tada \u0107e situacija u svijetu postati \u010dak i vi\u0161e opasnija, i biti \u0107e potrebne mnoge godine da se situacija u svijetu normalizira.[\u2026]<\/p>\n<p>\u201cOsje\u0107am da je zaista mogu\u0107e da izbije rat ili sukob nakon ove pandemije korona virusa i njenih razornih u\u010dinaka koji bi mogli potrajati dugi niz godina prije povratka u normalno stanje. Zbog toga, moramo se moliti da ne do\u0111e do takvih okolnosti koje bi mogle voditi u rat, i da svjetski vo\u0111e djeluju razumno kako bi se globalno stanje moglo stabilizirati i normalizirati \u0161to br\u017ee. Kako bismo to postigli, nu\u017eno je da se \u010dovje\u010danstvo okrene prema Bogu [\u2026] Trebali bismo obavijestiti ljude da postoji samo jedno rje\u0161enje za pobolj\u0161anje trenutnog stanja u svijetu, a to je ponovno obra\u0107anje Alahu i ispunjenju Njegovih rije\u010di i prava Njegovih stvorenja.\u201d (<em>Al Hakam<\/em>, 29 listopada 2021, 189. izdanje, str. 7-9)<\/p><\/blockquote>\n<p>Dana 22. svibnja 2021. tijekom virtualnog sastanka gambijskih novinara s Hazratom Amirul Muminin<sup>aa<\/sup>, novinar se referirao na Hazretijevu knjigu, <em>Svijet u krizi i put do mira<\/em> i osvrnuo se da je Huzur<sup>a.b.a.\u00a0<\/sup> posvetio mnogo pa\u017enje miru u svijetu. Pitao je o va\u017enosti pravde i za\u0161to je bilo va\u017eno govoriti protiv nepravde. U odgovoru, Huzur<sup>a.b.a.\u00a0<\/sup>je rekao:<\/p>\n<blockquote><p>\u201cAko nema pravde, ne\u0107e biti ni mira. Ako imate dvostruke standarde, koje vidimo u dana\u0161njem svijetu kroz djela velikih sila, ona ne\u0107e mo\u0107i odr\u017eati mir u svijetu. [\u2026] Zbog toga danas mo\u017eemo vidjeti poreme\u0107aje u svijetu. Dakle, ako nema pravde, ne\u0107e biti ni mira.\u201d (<em>Al Hakam<\/em>, 28. svibnja 2021, 167. izdanje, str. 1-2)<\/p><\/blockquote>\n<p>Dana 11. rujna 2021, tijekom virtualnog sastanka Khuddam-a Ujedinjenog Kraljevstva s Hazretijem Amirul Mumininom<sup>aa<\/sup>, postavljeno je pitanje o tome kakvo je Hazretijevo mi\u0161ljenje o trenutnom stanju u svijetu? U odgovoru, Huzur<sup>a.b.a.<\/sup>\u00a0je rekao:<\/p>\n<blockquote><p>\u201cGovorio sam svo ovo vrijeme, svim ljudima u svijetu \u2013 politi\u010darima, vo\u0111ama \u2013 da bi se trebali promijeniti i poku\u0161ati uspostaviti istinsku pravdu, apsolutnu pravdu u svijetu i prepustiti svoje obveze njihovu Stvoritelju i svojim bli\u017enjim bi\u0107ima. U protivnom, ne\u0107e biti jamstva o tome \u0161to \u0107e se dogoditi, a tada \u0107e se mo\u0107i nazrijeti veoma mra\u010dan i stravi\u010dan kraj svijeta.\u201c (<em>Al Hakam<\/em>, 17. rujna 2021 183. izdanje, str. 6)<\/p>\n<p><img loading=\"lazy\" decoding=\"async\" class=\"aligncenter size-full wp-image-1149\" src=\"http:\/\/www.ahmadiyya-islam.org\/hr\/wp-content\/uploads\/sites\/22\/2020\/03\/1.jpg\" alt=\"Peace Symposium u Londonu 2018., Hazreti Mirza Masroor Ahmad, Peti Kalif Obe\u0107anog Mesije\" width=\"900\" height=\"414\" srcset=\"https:\/\/www.ahmadiyya-islam.org\/hr\/wp-content\/uploads\/sites\/22\/2020\/03\/1.jpg 900w, https:\/\/www.ahmadiyya-islam.org\/hr\/wp-content\/uploads\/sites\/22\/2020\/03\/1-300x138.jpg 300w, https:\/\/www.ahmadiyya-islam.org\/hr\/wp-content\/uploads\/sites\/22\/2020\/03\/1-768x353.jpg 768w\" sizes=\"auto, (max-width: 900px) 100vw, 900px\" \/><\/p><\/blockquote>\n<p>Tijekom virtualnog sastanka 13. velja\u010de 2022. godine, odgovaraju\u0107i na pitanja u vezi mogu\u0107nosti izbijanja tre\u0107eg svjetskog rata, Huzur<sup>a.b.a.<\/sup>\u00a0je rekao:<\/p>\n<blockquote><p>\u201cRe\u010deno je da, ako Ukrajina i Rusija u\u0111u u rat, postoji opasnost od pretvaranja tog sukoba u svjetski rat, a time i mogu\u0107i nuklearni rat.<\/p>\n<p>\u201cVe\u0107 du\u017ee vrijeme upozoravam da bi vlade diljem svijeta trebale biti razborite. Ipak, \u010dini se da Rusija tvrdi da \u201enemaju namjeru u\u0107i u rat.\u201c te da Amerika i Europa \u017eeljno i\u0161\u010dekuju rat s Rusijom. U trenutnoj situaciji ni Europa ni Rusija ne \u017eeli napustiti Ukrajinu. Vidjet \u0107emo \u0161to \u0107e se dogoditi.\u201d<\/p><\/blockquote>\n<p>Ova upozorenja traju ve\u0107 du\u017ee vrijeme a sada je svijet na rubu veoma mogu\u0107e nuklearne katastrofe izme\u0111u nacija. Neka Alah omogu\u0107i da svjetski vo\u0111e\u00a0<a href=\"https:\/\/www.alhakam.org\/prophecies-warning-of-divine-punishment-can-be-averted-through-repentance-and-seeking-forgiveness\/\">obrate pozornost<\/a> na najiskreniji savjet i smjernice ahmadijskog kalifa, Hazrata Mirze Masroora Ahmada<sup>a.b.a.<\/sup>.\u00a0<em>Amin<\/em>.<\/p>\n<h2>Povezan:<\/h2>\n<ul>\n<li><a href=\"https:\/\/www.ahmadiyya-islam.org\/hr\/ahmadija\/kalifa-o-krizi-u-rusiji-i-ukrajini\/\">Kalifa o krizi u Rusiji i Ukrajini \u2013 Priop\u0107enje za javnost<\/a><\/li>\n<li><a href=\"https:\/\/www.ahmadiyya-islam.org\/hr\/knjiznica\/svjetska-kriza-i-put-do-mira\/\">Knjiga &#8211; Svjetska kriza i put do mira<\/a><\/li>\n<\/ul>\n","protected":false},"excerpt":{"rendered":"<p>Ukoliko do\u0111e do nuklearnog rata, mi ne\u0107emo uni\u0161titi samo svijet dana\u0161njice ve\u0107 \u0107emo ostaviti i trajan trag uni\u0161tenja za na\u0161e budu\u0107e generacije.<\/p>\n","protected":false},"featured_media":2277,"parent":0,"template":"","tags":[132,368,366,367],"article-cat":[346],"topics":[345,221],"authors":[],"content_source":[],"class_list":["post-2276","articles","type-articles","status-publish","has-post-thumbnail","hentry","tag-europa","tag-nato","tag-rusija","tag-ukrajina","article-cat-al-hakam","topics-politika","topics-svijet-u-krizi"],"acf":[],"yoast_head":"<!-- This site is optimized with the Yoast SEO Premium plugin v21.1 (Yoast SEO v27.4) - https:\/\/yoast.com\/product\/yoast-seo-premium-wordpress\/ -->\n<title>Europa pred najve\u0107im rizikom od rata u posljednjih 30 godina, s mogu\u0107im nuklearnim posljedicama<\/title>\n<meta name=\"description\" content=\"Ukoliko do\u0111e do nuklearnog rata, mi ne\u0107emo uni\u0161titi samo svijet dana\u0161njice ve\u0107 \u0107emo ostaviti i trajan trag uni\u0161tenja za na\u0161e budu\u0107e generacije.\" \/>\n<meta name=\"robots\" content=\"index, follow, max-snippet:-1, max-image-preview:large, max-video-preview:-1\" \/>\n<link rel=\"canonical\" href=\"https:\/\/www.ahmadiyya-islam.org\/hr\/clanci\/europa-pred-najvecim-rizikom-od-rata-u-posljednjih-30-godina\/\" \/>\n<meta property=\"og:locale\" content=\"hr_HR\" \/>\n<meta property=\"og:type\" content=\"article\" \/>\n<meta property=\"og:title\" content=\"Europa pred najve\u0107im rizikom od rata u posljednjih 30 godina, s mogu\u0107im nuklearnim posljedicama\" \/>\n<meta property=\"og:description\" content=\"Ukoliko do\u0111e do nuklearnog rata, mi ne\u0107emo uni\u0161titi samo svijet dana\u0161njice ve\u0107 \u0107emo ostaviti i trajan trag uni\u0161tenja za na\u0161e budu\u0107e generacije.\" \/>\n<meta property=\"og:url\" content=\"https:\/\/www.ahmadiyya-islam.org\/hr\/clanci\/europa-pred-najvecim-rizikom-od-rata-u-posljednjih-30-godina\/\" \/>\n<meta property=\"og:site_name\" content=\"Ahmadija muslimanski d\u017eamat\" \/>\n<meta property=\"article:modified_time\" content=\"2022-02-27T11:40:57+00:00\" \/>\n<meta property=\"og:image\" content=\"http:\/\/www.ahmadiyya-islam.org\/hr\/wp-content\/uploads\/sites\/22\/2022\/02\/Ukrajina-.jpg\" \/>\n\t<meta property=\"og:image:width\" content=\"1650\" \/>\n\t<meta property=\"og:image:height\" content=\"750\" \/>\n\t<meta property=\"og:image:type\" content=\"image\/jpeg\" \/>\n<meta name=\"twitter:card\" content=\"summary_large_image\" \/>\n<meta name=\"twitter:label1\" content=\"Procijenjeno vrijeme \u010ditanja\" \/>\n\t<meta name=\"twitter:data1\" content=\"14 minuta\" \/>\n<script type=\"application\/ld+json\" class=\"yoast-schema-graph\">{\"@context\":\"https:\\\/\\\/schema.org\",\"@graph\":[{\"@type\":\"WebPage\",\"@id\":\"https:\\\/\\\/www.ahmadiyya-islam.org\\\/hr\\\/clanci\\\/europa-pred-najvecim-rizikom-od-rata-u-posljednjih-30-godina\\\/\",\"url\":\"https:\\\/\\\/www.ahmadiyya-islam.org\\\/hr\\\/clanci\\\/europa-pred-najvecim-rizikom-od-rata-u-posljednjih-30-godina\\\/\",\"name\":\"Europa pred najve\u0107im rizikom od rata u posljednjih 30 godina, s mogu\u0107im nuklearnim posljedicama\",\"isPartOf\":{\"@id\":\"https:\\\/\\\/www.ahmadiyya-islam.org\\\/hr\\\/#website\"},\"primaryImageOfPage\":{\"@id\":\"https:\\\/\\\/www.ahmadiyya-islam.org\\\/hr\\\/clanci\\\/europa-pred-najvecim-rizikom-od-rata-u-posljednjih-30-godina\\\/#primaryimage\"},\"image\":{\"@id\":\"https:\\\/\\\/www.ahmadiyya-islam.org\\\/hr\\\/clanci\\\/europa-pred-najvecim-rizikom-od-rata-u-posljednjih-30-godina\\\/#primaryimage\"},\"thumbnailUrl\":\"https:\\\/\\\/www.ahmadiyya-islam.org\\\/hr\\\/wp-content\\\/uploads\\\/sites\\\/22\\\/2022\\\/02\\\/Ukrajina-.jpg\",\"datePublished\":\"2022-02-20T11:37:41+00:00\",\"dateModified\":\"2022-02-27T11:40:57+00:00\",\"description\":\"Ukoliko do\u0111e do nuklearnog rata, mi ne\u0107emo uni\u0161titi samo svijet dana\u0161njice ve\u0107 \u0107emo ostaviti i trajan trag uni\u0161tenja za na\u0161e budu\u0107e generacije.\",\"breadcrumb\":{\"@id\":\"https:\\\/\\\/www.ahmadiyya-islam.org\\\/hr\\\/clanci\\\/europa-pred-najvecim-rizikom-od-rata-u-posljednjih-30-godina\\\/#breadcrumb\"},\"inLanguage\":\"hr\",\"potentialAction\":[{\"@type\":\"ReadAction\",\"target\":[\"https:\\\/\\\/www.ahmadiyya-islam.org\\\/hr\\\/clanci\\\/europa-pred-najvecim-rizikom-od-rata-u-posljednjih-30-godina\\\/\"]}]},{\"@type\":\"ImageObject\",\"inLanguage\":\"hr\",\"@id\":\"https:\\\/\\\/www.ahmadiyya-islam.org\\\/hr\\\/clanci\\\/europa-pred-najvecim-rizikom-od-rata-u-posljednjih-30-godina\\\/#primaryimage\",\"url\":\"https:\\\/\\\/www.ahmadiyya-islam.org\\\/hr\\\/wp-content\\\/uploads\\\/sites\\\/22\\\/2022\\\/02\\\/Ukrajina-.jpg\",\"contentUrl\":\"https:\\\/\\\/www.ahmadiyya-islam.org\\\/hr\\\/wp-content\\\/uploads\\\/sites\\\/22\\\/2022\\\/02\\\/Ukrajina-.jpg\",\"width\":1650,\"height\":750,\"caption\":\"Europa\"},{\"@type\":\"BreadcrumbList\",\"@id\":\"https:\\\/\\\/www.ahmadiyya-islam.org\\\/hr\\\/clanci\\\/europa-pred-najvecim-rizikom-od-rata-u-posljednjih-30-godina\\\/#breadcrumb\",\"itemListElement\":[{\"@type\":\"ListItem\",\"position\":1,\"name\":\"Home\",\"item\":\"https:\\\/\\\/www.ahmadiyya-islam.org\\\/hr\\\/\"},{\"@type\":\"ListItem\",\"position\":2,\"name\":\"\u010clanci\",\"item\":\"https:\\\/\\\/www.ahmadiyya-islam.org\\\/hr\\\/clanci\\\/\"},{\"@type\":\"ListItem\",\"position\":3,\"name\":\"Europa pred najve\u0107im rizikom od rata u posljednjih 30 godina, s mogu\u0107im nuklearnim posljedicama\"}]},{\"@type\":\"WebSite\",\"@id\":\"https:\\\/\\\/www.ahmadiyya-islam.org\\\/hr\\\/#website\",\"url\":\"https:\\\/\\\/www.ahmadiyya-islam.org\\\/hr\\\/\",\"name\":\"Ahmadija muslimanski d\u017eamat\",\"description\":\"Hrvatska\",\"potentialAction\":[{\"@type\":\"SearchAction\",\"target\":{\"@type\":\"EntryPoint\",\"urlTemplate\":\"https:\\\/\\\/www.ahmadiyya-islam.org\\\/hr\\\/?s={search_term_string}\"},\"query-input\":{\"@type\":\"PropertyValueSpecification\",\"valueRequired\":true,\"valueName\":\"search_term_string\"}}],\"inLanguage\":\"hr\"}]}<\/script>\n<!-- \/ Yoast SEO Premium plugin. -->","yoast_head_json":{"title":"Europa pred najve\u0107im rizikom od rata u posljednjih 30 godina, s mogu\u0107im nuklearnim posljedicama","description":"Ukoliko do\u0111e do nuklearnog rata, mi ne\u0107emo uni\u0161titi samo svijet dana\u0161njice ve\u0107 \u0107emo ostaviti i trajan trag uni\u0161tenja za na\u0161e budu\u0107e generacije.","robots":{"index":"index","follow":"follow","max-snippet":"max-snippet:-1","max-image-preview":"max-image-preview:large","max-video-preview":"max-video-preview:-1"},"canonical":"https:\/\/www.ahmadiyya-islam.org\/hr\/clanci\/europa-pred-najvecim-rizikom-od-rata-u-posljednjih-30-godina\/","og_locale":"hr_HR","og_type":"article","og_title":"Europa pred najve\u0107im rizikom od rata u posljednjih 30 godina, s mogu\u0107im nuklearnim posljedicama","og_description":"Ukoliko do\u0111e do nuklearnog rata, mi ne\u0107emo uni\u0161titi samo svijet dana\u0161njice ve\u0107 \u0107emo ostaviti i trajan trag uni\u0161tenja za na\u0161e budu\u0107e generacije.","og_url":"https:\/\/www.ahmadiyya-islam.org\/hr\/clanci\/europa-pred-najvecim-rizikom-od-rata-u-posljednjih-30-godina\/","og_site_name":"Ahmadija muslimanski d\u017eamat","article_modified_time":"2022-02-27T11:40:57+00:00","og_image":[{"width":1650,"height":750,"url":"http:\/\/www.ahmadiyya-islam.org\/hr\/wp-content\/uploads\/sites\/22\/2022\/02\/Ukrajina-.jpg","type":"image\/jpeg"}],"twitter_card":"summary_large_image","twitter_misc":{"Procijenjeno vrijeme \u010ditanja":"14 minuta"},"schema":{"@context":"https:\/\/schema.org","@graph":[{"@type":"WebPage","@id":"https:\/\/www.ahmadiyya-islam.org\/hr\/clanci\/europa-pred-najvecim-rizikom-od-rata-u-posljednjih-30-godina\/","url":"https:\/\/www.ahmadiyya-islam.org\/hr\/clanci\/europa-pred-najvecim-rizikom-od-rata-u-posljednjih-30-godina\/","name":"Europa pred najve\u0107im rizikom od rata u posljednjih 30 godina, s mogu\u0107im nuklearnim posljedicama","isPartOf":{"@id":"https:\/\/www.ahmadiyya-islam.org\/hr\/#website"},"primaryImageOfPage":{"@id":"https:\/\/www.ahmadiyya-islam.org\/hr\/clanci\/europa-pred-najvecim-rizikom-od-rata-u-posljednjih-30-godina\/#primaryimage"},"image":{"@id":"https:\/\/www.ahmadiyya-islam.org\/hr\/clanci\/europa-pred-najvecim-rizikom-od-rata-u-posljednjih-30-godina\/#primaryimage"},"thumbnailUrl":"https:\/\/www.ahmadiyya-islam.org\/hr\/wp-content\/uploads\/sites\/22\/2022\/02\/Ukrajina-.jpg","datePublished":"2022-02-20T11:37:41+00:00","dateModified":"2022-02-27T11:40:57+00:00","description":"Ukoliko do\u0111e do nuklearnog rata, mi ne\u0107emo uni\u0161titi samo svijet dana\u0161njice ve\u0107 \u0107emo ostaviti i trajan trag uni\u0161tenja za na\u0161e budu\u0107e generacije.","breadcrumb":{"@id":"https:\/\/www.ahmadiyya-islam.org\/hr\/clanci\/europa-pred-najvecim-rizikom-od-rata-u-posljednjih-30-godina\/#breadcrumb"},"inLanguage":"hr","potentialAction":[{"@type":"ReadAction","target":["https:\/\/www.ahmadiyya-islam.org\/hr\/clanci\/europa-pred-najvecim-rizikom-od-rata-u-posljednjih-30-godina\/"]}]},{"@type":"ImageObject","inLanguage":"hr","@id":"https:\/\/www.ahmadiyya-islam.org\/hr\/clanci\/europa-pred-najvecim-rizikom-od-rata-u-posljednjih-30-godina\/#primaryimage","url":"https:\/\/www.ahmadiyya-islam.org\/hr\/wp-content\/uploads\/sites\/22\/2022\/02\/Ukrajina-.jpg","contentUrl":"https:\/\/www.ahmadiyya-islam.org\/hr\/wp-content\/uploads\/sites\/22\/2022\/02\/Ukrajina-.jpg","width":1650,"height":750,"caption":"Europa"},{"@type":"BreadcrumbList","@id":"https:\/\/www.ahmadiyya-islam.org\/hr\/clanci\/europa-pred-najvecim-rizikom-od-rata-u-posljednjih-30-godina\/#breadcrumb","itemListElement":[{"@type":"ListItem","position":1,"name":"Home","item":"https:\/\/www.ahmadiyya-islam.org\/hr\/"},{"@type":"ListItem","position":2,"name":"\u010clanci","item":"https:\/\/www.ahmadiyya-islam.org\/hr\/clanci\/"},{"@type":"ListItem","position":3,"name":"Europa pred najve\u0107im rizikom od rata u posljednjih 30 godina, s mogu\u0107im nuklearnim posljedicama"}]},{"@type":"WebSite","@id":"https:\/\/www.ahmadiyya-islam.org\/hr\/#website","url":"https:\/\/www.ahmadiyya-islam.org\/hr\/","name":"Ahmadija muslimanski d\u017eamat","description":"Hrvatska","potentialAction":[{"@type":"SearchAction","target":{"@type":"EntryPoint","urlTemplate":"https:\/\/www.ahmadiyya-islam.org\/hr\/?s={search_term_string}"},"query-input":{"@type":"PropertyValueSpecification","valueRequired":true,"valueName":"search_term_string"}}],"inLanguage":"hr"}]}},"_links":{"self":[{"href":"https:\/\/www.ahmadiyya-islam.org\/hr\/wp-json\/wp\/v2\/articles\/2276","targetHints":{"allow":["GET"]}}],"collection":[{"href":"https:\/\/www.ahmadiyya-islam.org\/hr\/wp-json\/wp\/v2\/articles"}],"about":[{"href":"https:\/\/www.ahmadiyya-islam.org\/hr\/wp-json\/wp\/v2\/types\/articles"}],"version-history":[{"count":1,"href":"https:\/\/www.ahmadiyya-islam.org\/hr\/wp-json\/wp\/v2\/articles\/2276\/revisions"}],"predecessor-version":[{"id":2281,"href":"https:\/\/www.ahmadiyya-islam.org\/hr\/wp-json\/wp\/v2\/articles\/2276\/revisions\/2281"}],"wp:featuredmedia":[{"embeddable":true,"href":"https:\/\/www.ahmadiyya-islam.org\/hr\/wp-json\/wp\/v2\/media\/2277"}],"wp:attachment":[{"href":"https:\/\/www.ahmadiyya-islam.org\/hr\/wp-json\/wp\/v2\/media?parent=2276"}],"wp:term":[{"taxonomy":"post_tag","embeddable":true,"href":"https:\/\/www.ahmadiyya-islam.org\/hr\/wp-json\/wp\/v2\/tags?post=2276"},{"taxonomy":"article-cat","embeddable":true,"href":"https:\/\/www.ahmadiyya-islam.org\/hr\/wp-json\/wp\/v2\/article-cat?post=2276"},{"taxonomy":"topics","embeddable":true,"href":"https:\/\/www.ahmadiyya-islam.org\/hr\/wp-json\/wp\/v2\/topics?post=2276"},{"taxonomy":"authors","embeddable":true,"href":"https:\/\/www.ahmadiyya-islam.org\/hr\/wp-json\/wp\/v2\/authors?post=2276"},{"taxonomy":"content_source","embeddable":true,"href":"https:\/\/www.ahmadiyya-islam.org\/hr\/wp-json\/wp\/v2\/content_source?post=2276"}],"curies":[{"name":"wp","href":"https:\/\/api.w.org\/{rel}","templated":true}]}}