{"id":2205,"date":"2022-01-28T14:22:44","date_gmt":"2022-01-28T14:22:44","guid":{"rendered":"https:\/\/www.ahmadiyya-islam.org\/hr\/?post_type=articles&#038;p=2205"},"modified":"2022-02-18T12:25:47","modified_gmt":"2022-02-18T12:25:47","slug":"sto-je-dzihad","status":"publish","type":"articles","link":"https:\/\/www.ahmadiyya-islam.org\/hr\/clanci\/sto-je-dzihad\/","title":{"rendered":"\u0160to je D\u017eihad?"},"content":{"rendered":"<p><em>U nastavku donosimo transkript djela sesije pitanja i odgovora odr\u017eane s Hazreti Mirza Tahir Ahmad, IV. Khalif, odr\u017eane 5. studenog 1995. u Londonu.<\/em><\/p>\n<p><strong>Pitanje: \u0160to je D\u017eihad?<\/strong><\/p>\n<p><strong>Hazreti Mirza Tahir Ahmad<sup>r.a.<\/sup>: <\/strong><\/p>\n<p>\u0160to je <em>D\u017eihad<\/em>? To je pitanje. Je li islamski <em>D\u017eihad<\/em> ono \u0161to oni predstavljaju, uzeti ma\u010d pod izgovorom vjerskih razlika i ubijati ljude zbog zlo\u010dina neslaganja s islamom? Ako je to <em>D\u017eihad<\/em> onda se, naravno, ne sla\u017eemo s tim, jer se s tim ne sla\u017ee ni \u010casni Kur&#8217;an, jer \u010casni Poslanik Muhamad nikada nije ubijao ljude samo zbog vjerskih razlika.<\/p>\n<p>Ljudi su mu dolazili u susret; \u017eivio je sa \u017didovima, s kr\u0161\u0107anima, s idolopoklonicima cijeli svoj \u017eivot i nikada nije ubio niti naredio da se itko ubije jer se nije slagao s vjerom u koju je (Poslanik) vjerovao. Dakle, nema nikakvog opravdanja da bilo koji u\u010denjak islama pogre\u0161no tuma\u010di islam iz pitanja <em>D\u017eihada<\/em> i pripisuje koncept <em>D\u017eihada<\/em> \u010casnom Kur&#8217;anu i pona\u0161anju Hazreti Muhamada<sup>s.a.v.s.<\/sup> koje nema nikakve veze s njima.<\/p>\n<p>Dakle, \u0161to je <em>D\u017eihad<\/em>? Prvi <em>D\u017eihad<\/em> koji se spominje u \u010casnom Kur&#8217;anu je <em>D\u017eihad<\/em> s Kur&#8217;anom. Dakle, \u010casni Kur&#8217;an koji se obra\u0107a Hazreti Muhamada<sup>s.a.v.s.<\/sup>, ka\u017ee:<\/p>\n<p><img loading=\"lazy\" decoding=\"async\" class=\"aligncenter wp-image-2208\" src=\"http:\/\/www.ahmadiyya-islam.org\/hr\/wp-content\/uploads\/sites\/22\/2022\/01\/01_25-53.jpg\" alt=\"\" width=\"700\" height=\"239\" srcset=\"https:\/\/www.ahmadiyya-islam.org\/hr\/wp-content\/uploads\/sites\/22\/2022\/01\/01_25-53.jpg 900w, https:\/\/www.ahmadiyya-islam.org\/hr\/wp-content\/uploads\/sites\/22\/2022\/01\/01_25-53-300x102.jpg 300w, https:\/\/www.ahmadiyya-islam.org\/hr\/wp-content\/uploads\/sites\/22\/2022\/01\/01_25-53-768x262.jpg 768w\" sizes=\"auto, (max-width: 700px) 100vw, 700px\" \/><\/p>\n<blockquote><p>[&#8220;Zato ne slijedi nevjernike i njime (Kur\u2019anom) se bori protiv njih velikim d\u017eihadom.&#8221;] &#8211; \u010casni Kur&#8217;an, 25:53<\/p><\/blockquote>\n<p><em>Va d\u017eahid hum bihi d\u017eihadun kabira. <\/em>Ovom Knjigom borite se protiv njih, uz pomo\u0107 ove Knjige, velike borbe. Dakle, najve\u0107i <em>D\u017eihad<\/em> svakog muslimana je da te\u017ei za pobjedom islama sa svime \u0161to je u njegovoj sposobnosti putem kur&#8217;anskog u\u010denja ili putem primjera, lijepog primjera, koji se daje ljudima postupaju\u0107i po Kur&#8217;anu nastava. Ovo je najdivniji <em>D\u017eihad<\/em> kojeg se \u010dovjek mo\u017ee sjetiti \u2013 a ovo je Islamski <em>D\u017eihad<\/em>.<\/p>\n<p>Pod dva, drugi <em>D\u017eihad<\/em> koji se spominje u \u010casnom Kur&#8217;anu i tako\u0111er u <em>Hadisu<\/em> je <em>D\u017eihad<\/em> protiv va\u0161ih vlastitih zlih sklonosti, zlih sklonosti itd. i da nastavite voditi rat protiv va\u0161eg lo\u0161eg ja, koji bi vas i dalje vukao na sve to je <em>D\u017eihad<\/em> izme\u0111u svjetla i tame. A taj <em>D\u017eihad<\/em> po\u010dinje unutar mu\u0161karca pojedina\u010dno i unutar \u017eene \u2013 pod rje\u010dju &#8216;mu\u0161karac&#8217; mislim i na mu\u0161karca i na \u017eenu \u2013 a ovo je <em>D\u017eihad<\/em> u koji rijetko nalazimo ljude koji su istinski i ozbiljno uklju\u010deni, ali oni tvrde na najglasniji na\u010din njihovih glasova \u201c<em> D\u017eihad<\/em>, <em>D\u017eihad<\/em>, <em>D\u017eihad<\/em><em>!<\/em>\u201d<\/p>\n<p>Dakle, ovo su dva primarna <em>D\u017eihad<\/em>, koja sam spomenuo, a koja oni potpuno ignoriraju.<\/p>\n<p>Tre\u0107i, po redu, dolazi <em>D\u017eihad<\/em> s ma\u010dem; a kakav je to <em>D\u017eihad<\/em>? Mo\u017ee li se borba Kur&#8217;an je u tome toliko jasan, da nema mjesta za bilo kakvu nejasno\u0107u ako Kur&#8217;an \u010ditate s du\u017enom pa\u017enjom i, naravno, iskreno. Tako sam \u010desto citirao temeljni ajet koji se odnosi na ovaj <em>D\u017eihad<\/em>, tre\u0107u vrstu <em>D\u017eihada<\/em> koji se mo\u017ee izvesti ma\u010dem \u2013 pod ma\u010dem mislim na svo oru\u017eje \u2013 i to se nalazi u ajetu u suri Al-Had\u017e. Ovo je prvi ajet koji se nalazi u \u010casnom Kur&#8217;anu koji govori o dopu\u0161tenju da se vodi rat protiv onih koji&#8230; koji \u201eoni\u201c? &#8230; Sada \u0107u objasniti. Ne protiv onih koji se ne sla\u017eu s va\u0161om vjerom; ne protiv onih koji su \u010duli va\u0161u poruku, odbacite je, nikako. Kad \u010dujete rije\u010di [Kur&#8217;ana], iznenadit \u0107ete se kako ih itko mo\u017ee pogre\u0161no protuma\u010diti:<\/p>\n<p><img loading=\"lazy\" decoding=\"async\" class=\"aligncenter wp-image-2207\" src=\"http:\/\/www.ahmadiyya-islam.org\/hr\/wp-content\/uploads\/sites\/22\/2022\/01\/02_22-40.jpg\" alt=\"\" width=\"700\" height=\"239\" srcset=\"https:\/\/www.ahmadiyya-islam.org\/hr\/wp-content\/uploads\/sites\/22\/2022\/01\/02_22-40.jpg 900w, https:\/\/www.ahmadiyya-islam.org\/hr\/wp-content\/uploads\/sites\/22\/2022\/01\/02_22-40-300x102.jpg 300w, https:\/\/www.ahmadiyya-islam.org\/hr\/wp-content\/uploads\/sites\/22\/2022\/01\/02_22-40-768x262.jpg 768w\" sizes=\"auto, (max-width: 700px) 100vw, 700px\" \/><\/p>\n<blockquote><p>[&#8220;Dozvoljena je (borba) onima protiv kojih se ratuje, zato \u0161to su im u\u010dinjena nasilja \u2013 zaista je Allah kadar da ih pomogne&#8221;] &#8211; \u010casni Kur&#8217;an,22:40<\/p><\/blockquote>\n<p>(Tra\u017eim uto\u010di\u0161te kod Allaha od \u0161ejtana Prokletog. U ime Allaha, Svemilosnog, Samilosnog) <em>Uzina lilazina jukataluna bi anahum zulimu. Va inallaha ala nasrihim la kadir<\/em>.<\/p>\n<p><em>Uzina lilazina<\/em><em>, dopu\u0161tenje se daje onima protiv kojih je ma\u010d ve\u0107 podignut. <\/em><em>jukataluna<\/em><em> \u2013 svaki Arap mo\u017ee razumjeti zna\u010denje, nitko ne mo\u017ee ne razumjeti zna\u010denje ovog ajeta jer je to jednostavna zapovijed izra\u017eena najjednostavnijim izrazima. Podizanje ma\u010da, borba, dopu\u0161tena je onima protiv kojih je ma\u010d ve\u0107 podignut \u2013 prvi uvjet; <\/em><em>bi anahum zulimu<\/em><em>, unato\u010d \u010dinjenici da nisu po\u010dinili nikakav zlo\u010din; nikome nisu dali razloga za uvredu. Ali jo\u0161 nije gotovo; <\/em><em>Va inallaha ala nasrihim la kadir<\/em><em>, uistinu, Bog ima punu mo\u0107 da pomogne takvim ljudima kada podignu ma\u010d pod Bo\u017ejim dopu\u0161tenjem. Ovo je tako\u0111er vrlo zna\u010dajan dio ovog stiha, a tako\u0111er i <\/em><em>D\u017eihada<\/em><em>, jer je scenarij koji nam je predstavljen je scenarij vrlo slabog naroda, tako slabog i naizgled bez obrane, da svaki Tom, Dick i Harry po\u010dinje dizati ma\u010d protiv njih i gaze njihova prava, unato\u010d \u010dinjenici da nikome nisu dali pravi razlog za uvredu<\/em><em>.<\/em><\/p>\n<p>Dakle, \u010casni Kur&#8217;an je tako divan kada ka\u017ee \u201eMi vam dozvoljavamo, i preuzimamo odgovornost da \u0107ete, ako koristite ovu dozvolu, prona\u0107i Boga za svojim le\u0111ima\u201c. Koliko god bili slabi, kada damo dopu\u0161tenje, odgovorni smo da \u0107ete iza\u0107i kao pobjednik. Upravo je to dano obe\u0107anje; <em>inallaha ala nasrihim la kadir<\/em>, pomo\u0107i im do pobjede je mala stvar za Allaha. On je sposoban u\u010diniti [ovo] kad god On tako odlu\u010di. No, pri\u010da o njihovom progonu i dalje traje; te\u010de dalje. Pi\u0161e: <em>Alazina uhrid\u017eu min dijarihim bigajri hakin<\/em> &#8230; (\u010casni Kur&#8217;an, 22:41) Takvi nevini ljudi nad kojima su po\u010dinjena zvjerstva, \u010dak i u onoj mjeri u kojoj su protjerani iz svojih domova, iz svoje zemlje, iz svojih rodnih mjesta; <em>bigajri hakin<\/em>, bez ikakvih prava ljudi koji su ih izbacili.<\/p>\n<p>Zatim nam \u010casni Kur\u2019an ka\u017ee: <em>Ila ajakulur rabunallah<\/em>, jedini zlo\u010din koji su po\u010dinili je da su rekli da je Bog na\u0161 Gospodar, Opskrbljivi \u2013 <em>Allahu rabuna<\/em>. I to je jedina tvrdnja koju su iznijeli koja je protivnike do te mjere iznerviralo da su prema njima po\u010deli \u010diniti svakakve okrutnosti. I jo\u0161 nisu siti, nisu zadovoljni \u0161to su ih izbacili iz svojih domova \u2013 jo\u0161 ih tra\u017ee. Ovo je zapravo neka vrsta proro\u010danstva. Ka\u017ee da ste do\u0161li u Medinu, da ste izba\u010deni iz svojih domova, ali rat protiv vas nije gotov, ma\u010d \u0107e jo\u0161 biti podignut, a ovaj put, ako do\u0111u u potjeru za vama, dopu\u0161tamo vam da uzvratite. Ovo je zaista bilo proro\u010danstvo onoga \u0161to se dogodilo na Badru [prvi rat koji su vodili muslimani i \u010casni Poslanik<sup>s.a.v.s.<\/sup>, vo\u0111en u samoobrani], a Allahovo obe\u0107anje je tako lijepo odr\u017eano. Budu\u0107i da su mali po broju, da su slabi u drugim aspektima, znate, da su se suprotstavili vojsci obu\u010denih vojnika, samih izbora Meke, kojih je bilo tisu\u0107u, koji su bili na konju, koji su imali svu vrstu opreme na raspolaganju u to vrijeme; i ovaj mali broj od 313, koji je me\u0111u njima ubrajao i neke hrome ljude, neke starce, neke mlade dje\u010dake koji jo\u0161 nisu dostigli zrelost; a obe\u0107anje je tako pozitivno, tako jasno; ovaj put neka do\u0111u; ovaj put ako oni vode rat Mi smo vam dozvolili i sposobni smo ih pobijediti. Dakle, Bog je s vama; ne mari.<\/p>\n<p>A onda se spominje princip <em>D\u017eihada<\/em>. Ako ovi <em>Ulema<\/em> (muslimansko sve\u0107enstvo) koji vape \u201e<em>D\u017eihad<\/em>, <em>D\u017eihad<\/em>\u201c za politi\u010dke ciljeve; ako pro\u010ditaju ovaj ajet, nemogu\u0107e im je vi\u0161e krivo predstavljati islam. \u010casni Kur&#8217;an ka\u017ee:<\/p>\n<p><img loading=\"lazy\" decoding=\"async\" class=\"aligncenter wp-image-2206\" src=\"http:\/\/www.ahmadiyya-islam.org\/hr\/wp-content\/uploads\/sites\/22\/2022\/01\/03_22-41.jpg\" alt=\"\" width=\"700\" height=\"239\" srcset=\"https:\/\/www.ahmadiyya-islam.org\/hr\/wp-content\/uploads\/sites\/22\/2022\/01\/03_22-41.jpg 900w, https:\/\/www.ahmadiyya-islam.org\/hr\/wp-content\/uploads\/sites\/22\/2022\/01\/03_22-41-300x102.jpg 300w, https:\/\/www.ahmadiyya-islam.org\/hr\/wp-content\/uploads\/sites\/22\/2022\/01\/03_22-41-768x262.jpg 768w\" sizes=\"auto, (max-width: 700px) 100vw, 700px\" \/><\/p>\n<blockquote><p>[\u201ea da Allah nije odbranio neke ljude od drugih ljudi, doista bi bili poru\u0161eni manastiri, i crkve, i sinagoge, i d\u017eamije, u kojima se \u010desto Allahovo ime spominje.\u201c] &#8211; \u010casni Kur&#8217;an, 22:41<\/p><\/blockquote>\n<p><em>Va lo la dafulahinasa badahum bibadinl lahudimat savamiu vabijaun vasalatun vamasad\u017eidu juzkaru fihasmullahi kasira. <\/em>Da Bog nije dopustio da se neki brane od drugih, \u0161to bi se onda dogodilo; <em>lahudimat savamiu<\/em>, crkve sloli kr\u0161\u0107anske bogomolje bit \u0107e uni\u0161tene; bogomolje Pustinjaka i Samotnika takoslovlja\u0111er bi bile poru\u0161ene i uni\u0161tene; bogomolje \u017didova bit \u0107e uni\u0161tene. A onda \u0107e i d\u017eamije biti uni\u0161tene tamo gdje se Bog tako \u010desto spominje.<\/p>\n<p>Jeste li sada shvatili poruku i velikodu\u0161nost ove poruke? Prema ovome, <em>D\u017eihad<\/em> treba za\u0161tititi pravo na <em>Ibadat <\/em>(molitva). Uglavnom, ako se netko mije\u0161a u pravo \u0161tovanja \u010dak i kr\u0161\u0107anina, svaki branitelj tog prava, ako bude ubijen, bit \u0107e mu\u010denik, jer je to pravo na slobodu vjere; pravo na slobodu bogoslovlja. Dakle, umjesto da se na prvom mjestu spominju d\u017eamije, d\u017eamije se spominju na kraju popisa. [A] fantasti\u010dna stvar &#8211; velikodu\u0161nost \u010casnog Kur&#8217;ana nema ravnog u svijetu vjerskih spisa.<\/p>\n<p>Dakle, ovo je osnovna filozofija islamskog <em>D\u017eihad<\/em>a. Re\u010deno je sve \u0161to je <em>D\u017eihad<\/em> trebao re\u0107i. Ako je bilo koja tvrdnja o <em>D\u017eihadu<\/em>, bilo koje tuma\u010denje <em>D\u017eihada<\/em> u suprotnosti s ovim osnovnim u\u010denjem i ovim sveobuhvatnim u\u010denjem, kako se mo\u017eemo slo\u017eiti s tim?<\/p>\n<h2>Povezan:<\/h2>\n<ul>\n<li><a href=\"https:\/\/www.ahmadiyya-islam.org\/hr\/clanci\/pojam-dzihada\/\">Pojam d\u017eihada<\/a><\/li>\n<li><a href=\"https:\/\/www.ahmadiyya-islam.org\/hr\/clanci\/islam-kategoricki-odbacuje-i-osuduje-svaki-oblik-terorizma\/\">Islam kategori\u010dki odbacuje i osu\u0111uje svaki oblik terorizma<\/a><\/li>\n<li><a href=\"https:\/\/www.ahmadiyya-islam.org\/hr\/knjiznica\/islamski-odgovor-na-suvremena-pitanja\/\">Knjiga &#8211; Islamski odgovor na suvremena pitanja<\/a><\/li>\n<\/ul>\n","protected":false},"excerpt":{"rendered":"<p>Nema nikakvog opravdanja da bilo koji u\u010denjak islama pogre\u0161no tuma\u010di islam iz pitanja D\u017eihada. Prvi D\u017eihad koji se spominje je D\u017eihad s Kur&#8217;anom.<\/p>\n","protected":false},"featured_media":2209,"parent":0,"template":"","tags":[342],"article-cat":[261],"topics":[341],"authors":[],"content_source":[],"class_list":["post-2205","articles","type-articles","status-publish","has-post-thumbnail","hentry","tag-dzihad","article-cat-kolumne-petkom","topics-dzihad"],"acf":[],"yoast_head":"<!-- This site is optimized with the Yoast SEO Premium plugin v21.1 (Yoast SEO v27.4) - https:\/\/yoast.com\/product\/yoast-seo-premium-wordpress\/ -->\n<title>\u0160to je D\u017eihad?<\/title>\n<meta name=\"description\" content=\"Nema nikakvog opravdanja da bilo koji u\u010denjak islama pogre\u0161no tuma\u010di islam iz pitanja D\u017eihada. Prvi D\u017eihad koji se spominje je D\u017eihad s Kur&#039;anom.\" \/>\n<meta name=\"robots\" content=\"index, follow, max-snippet:-1, max-image-preview:large, max-video-preview:-1\" \/>\n<link rel=\"canonical\" href=\"https:\/\/www.ahmadiyya-islam.org\/hr\/clanci\/sto-je-dzihad\/\" \/>\n<meta property=\"og:locale\" content=\"hr_HR\" \/>\n<meta property=\"og:type\" content=\"article\" \/>\n<meta property=\"og:title\" content=\"\u0160to je D\u017eihad?\" \/>\n<meta property=\"og:description\" content=\"Nema nikakvog opravdanja da bilo koji u\u010denjak islama pogre\u0161no tuma\u010di islam iz pitanja D\u017eihada. Prvi D\u017eihad koji se spominje je D\u017eihad s Kur&#039;anom.\" \/>\n<meta property=\"og:url\" content=\"https:\/\/www.ahmadiyya-islam.org\/hr\/clanci\/sto-je-dzihad\/\" \/>\n<meta property=\"og:site_name\" content=\"Ahmadija muslimanski d\u017eamat\" \/>\n<meta property=\"article:modified_time\" content=\"2022-02-18T12:25:47+00:00\" \/>\n<meta property=\"og:image\" content=\"http:\/\/www.ahmadiyya-islam.org\/hr\/wp-content\/uploads\/sites\/22\/2022\/01\/Dzihad-.jpg\" \/>\n\t<meta property=\"og:image:width\" content=\"1650\" \/>\n\t<meta property=\"og:image:height\" content=\"750\" \/>\n\t<meta property=\"og:image:type\" content=\"image\/jpeg\" \/>\n<meta name=\"twitter:card\" content=\"summary_large_image\" \/>\n<meta name=\"twitter:label1\" content=\"Procijenjeno vrijeme \u010ditanja\" \/>\n\t<meta name=\"twitter:data1\" content=\"7 minuta\" \/>\n<script type=\"application\/ld+json\" class=\"yoast-schema-graph\">{\"@context\":\"https:\\\/\\\/schema.org\",\"@graph\":[{\"@type\":\"WebPage\",\"@id\":\"https:\\\/\\\/www.ahmadiyya-islam.org\\\/hr\\\/clanci\\\/sto-je-dzihad\\\/\",\"url\":\"https:\\\/\\\/www.ahmadiyya-islam.org\\\/hr\\\/clanci\\\/sto-je-dzihad\\\/\",\"name\":\"\u0160to je D\u017eihad?\",\"isPartOf\":{\"@id\":\"https:\\\/\\\/www.ahmadiyya-islam.org\\\/hr\\\/#website\"},\"primaryImageOfPage\":{\"@id\":\"https:\\\/\\\/www.ahmadiyya-islam.org\\\/hr\\\/clanci\\\/sto-je-dzihad\\\/#primaryimage\"},\"image\":{\"@id\":\"https:\\\/\\\/www.ahmadiyya-islam.org\\\/hr\\\/clanci\\\/sto-je-dzihad\\\/#primaryimage\"},\"thumbnailUrl\":\"https:\\\/\\\/www.ahmadiyya-islam.org\\\/hr\\\/wp-content\\\/uploads\\\/sites\\\/22\\\/2022\\\/01\\\/Dzihad-.jpg\",\"datePublished\":\"2022-01-28T14:22:44+00:00\",\"dateModified\":\"2022-02-18T12:25:47+00:00\",\"description\":\"Nema nikakvog opravdanja da bilo koji u\u010denjak islama pogre\u0161no tuma\u010di islam iz pitanja D\u017eihada. Prvi D\u017eihad koji se spominje je D\u017eihad s Kur'anom.\",\"breadcrumb\":{\"@id\":\"https:\\\/\\\/www.ahmadiyya-islam.org\\\/hr\\\/clanci\\\/sto-je-dzihad\\\/#breadcrumb\"},\"inLanguage\":\"hr\",\"potentialAction\":[{\"@type\":\"ReadAction\",\"target\":[\"https:\\\/\\\/www.ahmadiyya-islam.org\\\/hr\\\/clanci\\\/sto-je-dzihad\\\/\"]}]},{\"@type\":\"ImageObject\",\"inLanguage\":\"hr\",\"@id\":\"https:\\\/\\\/www.ahmadiyya-islam.org\\\/hr\\\/clanci\\\/sto-je-dzihad\\\/#primaryimage\",\"url\":\"https:\\\/\\\/www.ahmadiyya-islam.org\\\/hr\\\/wp-content\\\/uploads\\\/sites\\\/22\\\/2022\\\/01\\\/Dzihad-.jpg\",\"contentUrl\":\"https:\\\/\\\/www.ahmadiyya-islam.org\\\/hr\\\/wp-content\\\/uploads\\\/sites\\\/22\\\/2022\\\/01\\\/Dzihad-.jpg\",\"width\":1650,\"height\":750,\"caption\":\"D\u017eihad\"},{\"@type\":\"BreadcrumbList\",\"@id\":\"https:\\\/\\\/www.ahmadiyya-islam.org\\\/hr\\\/clanci\\\/sto-je-dzihad\\\/#breadcrumb\",\"itemListElement\":[{\"@type\":\"ListItem\",\"position\":1,\"name\":\"Home\",\"item\":\"https:\\\/\\\/www.ahmadiyya-islam.org\\\/hr\\\/\"},{\"@type\":\"ListItem\",\"position\":2,\"name\":\"\u010clanci\",\"item\":\"https:\\\/\\\/www.ahmadiyya-islam.org\\\/hr\\\/clanci\\\/\"},{\"@type\":\"ListItem\",\"position\":3,\"name\":\"\u0160to je D\u017eihad?\"}]},{\"@type\":\"WebSite\",\"@id\":\"https:\\\/\\\/www.ahmadiyya-islam.org\\\/hr\\\/#website\",\"url\":\"https:\\\/\\\/www.ahmadiyya-islam.org\\\/hr\\\/\",\"name\":\"Ahmadija muslimanski d\u017eamat\",\"description\":\"Hrvatska\",\"potentialAction\":[{\"@type\":\"SearchAction\",\"target\":{\"@type\":\"EntryPoint\",\"urlTemplate\":\"https:\\\/\\\/www.ahmadiyya-islam.org\\\/hr\\\/?s={search_term_string}\"},\"query-input\":{\"@type\":\"PropertyValueSpecification\",\"valueRequired\":true,\"valueName\":\"search_term_string\"}}],\"inLanguage\":\"hr\"}]}<\/script>\n<!-- \/ Yoast SEO Premium plugin. -->","yoast_head_json":{"title":"\u0160to je D\u017eihad?","description":"Nema nikakvog opravdanja da bilo koji u\u010denjak islama pogre\u0161no tuma\u010di islam iz pitanja D\u017eihada. Prvi D\u017eihad koji se spominje je D\u017eihad s Kur'anom.","robots":{"index":"index","follow":"follow","max-snippet":"max-snippet:-1","max-image-preview":"max-image-preview:large","max-video-preview":"max-video-preview:-1"},"canonical":"https:\/\/www.ahmadiyya-islam.org\/hr\/clanci\/sto-je-dzihad\/","og_locale":"hr_HR","og_type":"article","og_title":"\u0160to je D\u017eihad?","og_description":"Nema nikakvog opravdanja da bilo koji u\u010denjak islama pogre\u0161no tuma\u010di islam iz pitanja D\u017eihada. Prvi D\u017eihad koji se spominje je D\u017eihad s Kur'anom.","og_url":"https:\/\/www.ahmadiyya-islam.org\/hr\/clanci\/sto-je-dzihad\/","og_site_name":"Ahmadija muslimanski d\u017eamat","article_modified_time":"2022-02-18T12:25:47+00:00","og_image":[{"width":1650,"height":750,"url":"http:\/\/www.ahmadiyya-islam.org\/hr\/wp-content\/uploads\/sites\/22\/2022\/01\/Dzihad-.jpg","type":"image\/jpeg"}],"twitter_card":"summary_large_image","twitter_misc":{"Procijenjeno vrijeme \u010ditanja":"7 minuta"},"schema":{"@context":"https:\/\/schema.org","@graph":[{"@type":"WebPage","@id":"https:\/\/www.ahmadiyya-islam.org\/hr\/clanci\/sto-je-dzihad\/","url":"https:\/\/www.ahmadiyya-islam.org\/hr\/clanci\/sto-je-dzihad\/","name":"\u0160to je D\u017eihad?","isPartOf":{"@id":"https:\/\/www.ahmadiyya-islam.org\/hr\/#website"},"primaryImageOfPage":{"@id":"https:\/\/www.ahmadiyya-islam.org\/hr\/clanci\/sto-je-dzihad\/#primaryimage"},"image":{"@id":"https:\/\/www.ahmadiyya-islam.org\/hr\/clanci\/sto-je-dzihad\/#primaryimage"},"thumbnailUrl":"https:\/\/www.ahmadiyya-islam.org\/hr\/wp-content\/uploads\/sites\/22\/2022\/01\/Dzihad-.jpg","datePublished":"2022-01-28T14:22:44+00:00","dateModified":"2022-02-18T12:25:47+00:00","description":"Nema nikakvog opravdanja da bilo koji u\u010denjak islama pogre\u0161no tuma\u010di islam iz pitanja D\u017eihada. Prvi D\u017eihad koji se spominje je D\u017eihad s Kur'anom.","breadcrumb":{"@id":"https:\/\/www.ahmadiyya-islam.org\/hr\/clanci\/sto-je-dzihad\/#breadcrumb"},"inLanguage":"hr","potentialAction":[{"@type":"ReadAction","target":["https:\/\/www.ahmadiyya-islam.org\/hr\/clanci\/sto-je-dzihad\/"]}]},{"@type":"ImageObject","inLanguage":"hr","@id":"https:\/\/www.ahmadiyya-islam.org\/hr\/clanci\/sto-je-dzihad\/#primaryimage","url":"https:\/\/www.ahmadiyya-islam.org\/hr\/wp-content\/uploads\/sites\/22\/2022\/01\/Dzihad-.jpg","contentUrl":"https:\/\/www.ahmadiyya-islam.org\/hr\/wp-content\/uploads\/sites\/22\/2022\/01\/Dzihad-.jpg","width":1650,"height":750,"caption":"D\u017eihad"},{"@type":"BreadcrumbList","@id":"https:\/\/www.ahmadiyya-islam.org\/hr\/clanci\/sto-je-dzihad\/#breadcrumb","itemListElement":[{"@type":"ListItem","position":1,"name":"Home","item":"https:\/\/www.ahmadiyya-islam.org\/hr\/"},{"@type":"ListItem","position":2,"name":"\u010clanci","item":"https:\/\/www.ahmadiyya-islam.org\/hr\/clanci\/"},{"@type":"ListItem","position":3,"name":"\u0160to je D\u017eihad?"}]},{"@type":"WebSite","@id":"https:\/\/www.ahmadiyya-islam.org\/hr\/#website","url":"https:\/\/www.ahmadiyya-islam.org\/hr\/","name":"Ahmadija muslimanski d\u017eamat","description":"Hrvatska","potentialAction":[{"@type":"SearchAction","target":{"@type":"EntryPoint","urlTemplate":"https:\/\/www.ahmadiyya-islam.org\/hr\/?s={search_term_string}"},"query-input":{"@type":"PropertyValueSpecification","valueRequired":true,"valueName":"search_term_string"}}],"inLanguage":"hr"}]}},"_links":{"self":[{"href":"https:\/\/www.ahmadiyya-islam.org\/hr\/wp-json\/wp\/v2\/articles\/2205","targetHints":{"allow":["GET"]}}],"collection":[{"href":"https:\/\/www.ahmadiyya-islam.org\/hr\/wp-json\/wp\/v2\/articles"}],"about":[{"href":"https:\/\/www.ahmadiyya-islam.org\/hr\/wp-json\/wp\/v2\/types\/articles"}],"version-history":[{"count":1,"href":"https:\/\/www.ahmadiyya-islam.org\/hr\/wp-json\/wp\/v2\/articles\/2205\/revisions"}],"predecessor-version":[{"id":2211,"href":"https:\/\/www.ahmadiyya-islam.org\/hr\/wp-json\/wp\/v2\/articles\/2205\/revisions\/2211"}],"wp:featuredmedia":[{"embeddable":true,"href":"https:\/\/www.ahmadiyya-islam.org\/hr\/wp-json\/wp\/v2\/media\/2209"}],"wp:attachment":[{"href":"https:\/\/www.ahmadiyya-islam.org\/hr\/wp-json\/wp\/v2\/media?parent=2205"}],"wp:term":[{"taxonomy":"post_tag","embeddable":true,"href":"https:\/\/www.ahmadiyya-islam.org\/hr\/wp-json\/wp\/v2\/tags?post=2205"},{"taxonomy":"article-cat","embeddable":true,"href":"https:\/\/www.ahmadiyya-islam.org\/hr\/wp-json\/wp\/v2\/article-cat?post=2205"},{"taxonomy":"topics","embeddable":true,"href":"https:\/\/www.ahmadiyya-islam.org\/hr\/wp-json\/wp\/v2\/topics?post=2205"},{"taxonomy":"authors","embeddable":true,"href":"https:\/\/www.ahmadiyya-islam.org\/hr\/wp-json\/wp\/v2\/authors?post=2205"},{"taxonomy":"content_source","embeddable":true,"href":"https:\/\/www.ahmadiyya-islam.org\/hr\/wp-json\/wp\/v2\/content_source?post=2205"}],"curies":[{"name":"wp","href":"https:\/\/api.w.org\/{rel}","templated":true}]}}