{"id":2141,"date":"2021-12-14T15:22:03","date_gmt":"2021-12-14T15:22:03","guid":{"rendered":"https:\/\/www.ahmadiyya-islam.org\/hr\/?post_type=articles&#038;p=2141"},"modified":"2022-02-18T11:27:08","modified_gmt":"2022-02-18T11:27:08","slug":"14-karakteristike-andela","status":"publish","type":"articles","link":"https:\/\/www.ahmadiyya-islam.org\/hr\/clanci\/14-karakteristike-andela\/","title":{"rendered":"14 karakteristike an\u0111ela"},"content":{"rendered":"<p><span style=\"color: #808080\"><strong>Frasat Ahmad, misionar, SAD<\/strong><\/span><\/p>\n<p>Ako vam netko pri\u0111e i pita: &#8220;\u0160to su an\u0111eli?&#8221;, kako biste odgovorili? Biste li mogli dati sa\u017eet odgovor ili biste se spotaknuli kroz dvosmislen, polovi\u010dan odgovor?<\/p>\n<p>Na na\u0161u sre\u0107u, Obe\u0107ani Messija<sup>a.s.<\/sup> nudi jednostavan, ali sveobuhvatan odgovor na ovo te\u0161ko pitanje. Pi\u0161e:<\/p>\n<blockquote><p>\u201c[An\u0111eli] su u potpunosti poput udova Bo\u017eanskog. Svi nacrti Svemogu\u0107eg Boga prvo se odra\u017eavaju u njihovim prozirnim zrcalima. Njihovim posredovanjem, nacrti Svemogu\u0107eg Boga se provode i \u0161ire po cijelom stvorenju.\u201d<a href=\"#_edn1\" name=\"_ednref1\">[i]<\/a><\/p><\/blockquote>\n<p>On nastavlja:<\/p>\n<blockquote><p>\u201cSvemudri, Koji je izabrao posredni\u0161tvo sredstava za fizi\u010dki razvoj \u010dovjeka i stvorio mnoge fizi\u010dke posrednike da na razli\u010dite na\u010dine utje\u010du na ljudsko tijelo, isti Onaj bez suradnika, \u010dija djela imaju jedinstvo i simetriju, izabrao je da \u010dovjekov duhovni razvoj treba tako\u0111er slijediti sustav koji je usvojen za njegov fizi\u010dki razvoj tako da dva sustava, vanjski i unutarnji, te fizi\u010dki i duhovni, svojom ravnote\u017eom i harmonijom, upu\u0107uju na Jednog Stvoritelja. Koji sve regulira svojom voljom.\u201d<a href=\"#_edn2\" name=\"_ednref2\">[ii]<\/a><\/p><\/blockquote>\n<p>Kako je Obe\u0107ani Messija<sup>a.s.<\/sup> teoretski objasnio postojanje an\u0111ela, Hazreti Mirza Ba\u0161irudin Mahmud Ahmad<sup> r.a.<\/sup> je prakti\u010dki to\u010dno odredio kako Kur&#8217;an definira an\u0111ele.<\/p>\n<p>Njegovim vlastitim rije\u010dima, evo 14 kur&#8217;anskih to\u010daka Hazreti Mirza Ba\u0161irudin Mahmud Ahmad<sup> r.a.<\/sup> o stvarnosti an\u0111ela. Preuzeto iz njegovog govora pod naslovom Malaikatullah, odr\u017eanog u prosincu 1920. u Jalsa Salana, Kadianu.<\/p>\n<ol>\n<li>\n<h2><strong> Oni su Bo\u017eja tvorevina <\/strong><\/h2>\n<\/li>\n<\/ol>\n<p>Oni su Bo\u017eja tvorevina, netko mo\u017ee misliti, s obzirom na status koji im se pripisuje, da an\u0111eli nisu Bo\u017eje stvorenje. Kr\u0161\u0107ani su postali \u017ertve upravo te zablude i pretpostavili su da Duh Sveti nije Bo\u017eje stvorenje, ve\u0107 dio samoga Boga. Kao takvom, oni su mu pripisali bo\u017eanstvost. Ali islam tvrdi da je ideja da an\u0111eli nisu stvoreni la\u017ena. Uzvi\u0161eni Allah objavljuje:<\/p>\n<p><img loading=\"lazy\" decoding=\"async\" class=\"aligncenter wp-image-2142\" src=\"http:\/\/www.ahmadiyya-islam.org\/hr\/wp-content\/uploads\/sites\/22\/2021\/12\/01_37-151-300x102.jpg\" alt=\"\" width=\"600\" height=\"204\" srcset=\"https:\/\/www.ahmadiyya-islam.org\/hr\/wp-content\/uploads\/sites\/22\/2021\/12\/01_37-151-300x102.jpg 300w, https:\/\/www.ahmadiyya-islam.org\/hr\/wp-content\/uploads\/sites\/22\/2021\/12\/01_37-151-768x261.jpg 768w, https:\/\/www.ahmadiyya-islam.org\/hr\/wp-content\/uploads\/sites\/22\/2021\/12\/01_37-151.jpg 900w\" sizes=\"auto, (max-width: 600px) 100vw, 600px\" \/><\/p>\n<blockquote>\n<p style=\"text-align: center\"><em>\u201cJesmo li mi stvorili an\u0111ele kao \u017eene dok su oni bili svjedoci?\u201d<\/em> (37:151)<\/p>\n<\/blockquote>\n<p>Ovaj ajet dokazuje da je Uzvi\u0161eni Allah stvorio an\u0111ele.<a href=\"#_edn3\" name=\"_ednref3\">[iii]<\/a><\/p>\n<ol start=\"2\">\n<li>\n<h2><strong> Ne mogu se vidjeti golim okom<\/strong><\/h2>\n<\/li>\n<\/ol>\n<p>\u010covjek ne mo\u017ee svojim fizi\u010dkim o\u010dima gledati an\u0111ele u njihovim izvornim oblicima. Ako ih vidi svojim o\u010dima, vidjet \u0107e ih manifestirane u novom obliku, \u0161to zna\u010di da fizi\u010dke o\u010di ne\u0107e biti dovoljne da ih vide [u njihovom izvornom obliku], ve\u0107 su potrebne duhovne o\u010di za to &#8230;<\/p>\n<p>Dakle, Uzvi\u0161eni Allah ka\u017ee:<a href=\"#_edn4\" name=\"_ednref4\">[iv]<\/a><\/p>\n<p><img loading=\"lazy\" decoding=\"async\" class=\"aligncenter wp-image-2144\" src=\"http:\/\/www.ahmadiyya-islam.org\/hr\/wp-content\/uploads\/sites\/22\/2021\/12\/02_6-10.jpg\" alt=\"\" width=\"600\" height=\"204\" srcset=\"https:\/\/www.ahmadiyya-islam.org\/hr\/wp-content\/uploads\/sites\/22\/2021\/12\/02_6-10.jpg 900w, https:\/\/www.ahmadiyya-islam.org\/hr\/wp-content\/uploads\/sites\/22\/2021\/12\/02_6-10-300x102.jpg 300w, https:\/\/www.ahmadiyya-islam.org\/hr\/wp-content\/uploads\/sites\/22\/2021\/12\/02_6-10-768x261.jpg 768w\" sizes=\"auto, (max-width: 600px) 100vw, 600px\" \/><\/p>\n<blockquote>\n<p style=\"text-align: center\"><em>\u201cA da smo ga (Poslanika) Mi u\u010dinili an\u0111elom, Mi bismo ga stvorili \u010dovjekom; i <\/em><em>Mi bismo im to napravili sumnjivim kao \u0161to oni (sada) sumnjaju.\u201d<\/em> (6:10)<\/p>\n<\/blockquote>\n<ol start=\"3\">\n<li>\n<h2><strong> Nemaju spol<\/strong><\/h2>\n<\/li>\n<\/ol>\n<p>Treba zapamtiti da oni [an\u0111eli] nisu ni mu\u0161karci ni \u017eene. Gore spomenuti ajet aludira na to:<\/p>\n<p>[<em>\u201cJesmo li Mi stvorili an\u0111ele kao \u017eene dok su oni bili svjedoci?\u201d<\/em> (37:151)]<\/p>\n<p>Ovdje Bog nije objavio da su an\u0111eli zapravo mu\u0161karci; nego je rekao da ti ljudi tvrde da su an\u0111eli \u017eene. \u0160to oni znaju, \u0161to su oni [an\u0111eli]? Jesu li bili prisutni kada je Bog stvorio an\u0111ele? &#8230; Neto\u010dno je tvrditi da su an\u0111eli mu\u0161karci ili \u017eene. Rod je povezan s fizi\u010dkim bi\u0107ima, a ne s duhovnim entitetima.<a href=\"#_edn5\" name=\"_ednref5\">[v]<\/a><\/p>\n<ol start=\"4\">\n<li>\n<h2><strong> Tri su ranga<\/strong><\/h2>\n<\/li>\n<\/ol>\n<p>An\u0111eli imaju tri reda. Svi ne pripadaju istom rangu. Uzvi\u0161eni Allah ka\u017ee:<\/p>\n<p><img loading=\"lazy\" decoding=\"async\" class=\"aligncenter wp-image-2145\" src=\"http:\/\/www.ahmadiyya-islam.org\/hr\/wp-content\/uploads\/sites\/22\/2021\/12\/03_40-8.jpg\" alt=\"\" width=\"600\" height=\"315\" srcset=\"https:\/\/www.ahmadiyya-islam.org\/hr\/wp-content\/uploads\/sites\/22\/2021\/12\/03_40-8.jpg 900w, https:\/\/www.ahmadiyya-islam.org\/hr\/wp-content\/uploads\/sites\/22\/2021\/12\/03_40-8-300x157.jpg 300w, https:\/\/www.ahmadiyya-islam.org\/hr\/wp-content\/uploads\/sites\/22\/2021\/12\/03_40-8-768x403.jpg 768w\" sizes=\"auto, (max-width: 600px) 100vw, 600px\" \/><\/p>\n<blockquote>\n<p style=\"text-align: center\"><em>\u201cOni koji nose Prijestolje i oni koji su oko njega slave hvalom Gospodara svoga, i vjeruju u Njega, i tra\u017ee oprost za one koji vjeruju: \u201cO, Gospodaru na\u0161, Ti sve stvari obuhva\u0107a\u0161 Svojom milo\u0161\u0107u i znanjem. Zato oprosti onima koji se kaju i slijede Tvoj put; i sa\u010duvaj ih kazne d\u017eehennemske.\u201d<\/em> (40:8)<\/p>\n<\/blockquote>\n<p>Ovaj ajet otkriva tri kategorije an\u0111ela, dvije od onih od dalalatun-nasa [dokazano kroz tekstualne dokaze] i tre\u0107u od i\u0161aratun-nasa [navedeno kroz tekst]. Kako se navodi da je prva kategorija onih an\u0111ela koji nose Allahov <em>Ar\u0161<\/em>, a druga kategorija onih an\u0111ela koji okru\u017euju Njegov <em>Ar\u0161<\/em>.<\/p>\n<p>Drugim rije\u010dima, prva kategorija je onih an\u0111ela koji provode bo\u017eanske naredbe. Druga kategorija slu\u017ee kao zamjenici koji prenose svoje upute ni\u017eim redovima an\u0111ela. I ova izjava pokazuje da postoji tre\u0107i red an\u0111ela, ispod ranga an\u0111ela koji okru\u017euju Njegovo prijestolje [drugi red], a to je tako\u0111er dokazano istinitim od strane Hadisa &#8230;<\/p>\n<p>Dakle, postoje an\u0111eli koji nose Allahovo prijestolje, a zatim i oni an\u0111eli koji su im podlo\u017eni i djeluju kao njihovi pomo\u0107nici, dok su jo\u0161 uvijek<em> mukarab<\/em> [bliski] Allahu.<\/p>\n<p>Ovom drugom razredu ne daju se izravno nikakve upute, ali slu\u017ee kao pomo\u0107nici prve kategorije. A tu su i oni an\u0111eli koji su podre\u0111eni ovoj drugoj klasi. Dakle, postoje tri reda an\u0111ela:<\/p>\n<ul>\n<li>Oni koji o\u010dituju Allahova svojstva<\/li>\n<li>Oni koji poma\u017eu prvom rangu i koji su <em>mukarab<\/em> Allahu<\/li>\n<li>Oni koji su dobili manje zadatke. Njihov broj se ne mo\u017ee utvrditi, kako navodi Uzvi\u0161eni Allah:<\/li>\n<\/ul>\n<p><img loading=\"lazy\" decoding=\"async\" class=\"aligncenter wp-image-2146\" src=\"http:\/\/www.ahmadiyya-islam.org\/hr\/wp-content\/uploads\/sites\/22\/2021\/12\/04_74-32.jpg\" alt=\"\" width=\"600\" height=\"204\" srcset=\"https:\/\/www.ahmadiyya-islam.org\/hr\/wp-content\/uploads\/sites\/22\/2021\/12\/04_74-32.jpg 900w, https:\/\/www.ahmadiyya-islam.org\/hr\/wp-content\/uploads\/sites\/22\/2021\/12\/04_74-32-300x102.jpg 300w, https:\/\/www.ahmadiyya-islam.org\/hr\/wp-content\/uploads\/sites\/22\/2021\/12\/04_74-32-768x261.jpg 768w\" sizes=\"auto, (max-width: 600px) 100vw, 600px\" \/><\/p>\n<blockquote>\n<p style=\"text-align: center\"><em>\u201c<\/em><em>A nitko ne zna vojske Gospodara tvoga osim Njega.\u201d<\/em> (74:32)<a href=\"#_edn6\" name=\"_ednref6\">[vi]<\/a><\/p>\n<\/blockquote>\n<ol start=\"5\">\n<li>\n<h2><strong> Oni nisu u stanju po\u010diniti grijeh<\/strong><\/h2>\n<\/li>\n<\/ol>\n<p>An\u0111eli su takva tvorevina da im nije dana mo\u0107 da po\u010dine zlo &#8230; Za razliku od ljudskih bi\u0107a, opseg djelovanja an\u0111ela je ograni\u010den. \u010covjek mo\u017ee prekora\u010diti svoje granice, ali an\u0111eli nisu u stanju prije\u0107i granice koje su im postavljene. Uzvi\u0161eni Allah ka\u017ee:<\/p>\n<p><img loading=\"lazy\" decoding=\"async\" class=\"aligncenter wp-image-2147\" src=\"http:\/\/www.ahmadiyya-islam.org\/hr\/wp-content\/uploads\/sites\/22\/2021\/12\/05_66-7.jpg\" alt=\"\" width=\"600\" height=\"204\" srcset=\"https:\/\/www.ahmadiyya-islam.org\/hr\/wp-content\/uploads\/sites\/22\/2021\/12\/05_66-7.jpg 900w, https:\/\/www.ahmadiyya-islam.org\/hr\/wp-content\/uploads\/sites\/22\/2021\/12\/05_66-7-300x102.jpg 300w, https:\/\/www.ahmadiyya-islam.org\/hr\/wp-content\/uploads\/sites\/22\/2021\/12\/05_66-7-768x261.jpg 768w\" sizes=\"auto, (max-width: 600px) 100vw, 600px\" \/><\/p>\n<blockquote>\n<p style=\"text-align: center\"><em>\u201c<\/em><em>koji nisu neposlu\u0161ni prema onom \u0161to im On nare\u0111uje i rade samo kako im je nare\u0111eno.<\/em><em>\u201d<\/em> (66:7)<a href=\"#_edn7\" name=\"_ednref7\">[vii]<\/a><\/p>\n<\/blockquote>\n<ol start=\"6\">\n<li>\n<h2><strong> Oni ispunjavaju Allahovu naredbu u najve\u0107oj mjeri<\/strong><\/h2>\n<\/li>\n<\/ol>\n<p>An\u0111eli ne samo da nisu u stanju oglu\u0161iti se o Allahovu naredbu, ve\u0107 imaju takve inherentne sposobnosti da u potpunosti ispunjavaju Bo\u017eju naredbu u cijelosti&#8230; Njima je data takva sposobnost da u potpunosti ispunjavaju svaki zadatak koji im je dodijeljen. \u0160to zna\u010di da su svi oni sposobni za to. An\u0111eli su druga\u010diji od ljudskih bi\u0107a po tome \u0161to neki ljudi imaju mo\u0107 ispuniti zapovijed, a neki ne. Uzvi\u0161eni Allah ka\u017ee:<\/p>\n<p><img loading=\"lazy\" decoding=\"async\" class=\"aligncenter wp-image-2150\" src=\"http:\/\/www.ahmadiyya-islam.org\/hr\/wp-content\/uploads\/sites\/22\/2021\/12\/06_66-7.jpg\" alt=\"\" width=\"600\" height=\"204\" srcset=\"https:\/\/www.ahmadiyya-islam.org\/hr\/wp-content\/uploads\/sites\/22\/2021\/12\/06_66-7.jpg 900w, https:\/\/www.ahmadiyya-islam.org\/hr\/wp-content\/uploads\/sites\/22\/2021\/12\/06_66-7-300x102.jpg 300w, https:\/\/www.ahmadiyya-islam.org\/hr\/wp-content\/uploads\/sites\/22\/2021\/12\/06_66-7-768x261.jpg 768w\" sizes=\"auto, (max-width: 600px) 100vw, 600px\" \/><\/p>\n<blockquote>\n<p style=\"text-align: center\"><em>\u201c<\/em><em>i rade samo kako im je nare\u0111eno.<\/em><em>\u201d<\/em> (66:7)<a href=\"#_edn8\" name=\"_ednref8\">[viii]<\/a><\/p>\n<\/blockquote>\n<ol start=\"7\">\n<li>\n<h2><strong> Nikakva vanjska sila ne mo\u017ee njima manipulirati<\/strong><\/h2>\n<\/li>\n<\/ol>\n<p>An\u0111eli su za\u0161ti\u0107eni na svaki na\u010din [od vanjskog utjecaja]. Uzvi\u0161eni Allah ka\u017ee:<\/p>\n<p><img loading=\"lazy\" decoding=\"async\" class=\"aligncenter wp-image-2149\" src=\"http:\/\/www.ahmadiyya-islam.org\/hr\/wp-content\/uploads\/sites\/22\/2021\/12\/07_66-7.jpg\" alt=\"\" width=\"600\" height=\"204\" srcset=\"https:\/\/www.ahmadiyya-islam.org\/hr\/wp-content\/uploads\/sites\/22\/2021\/12\/07_66-7.jpg 900w, https:\/\/www.ahmadiyya-islam.org\/hr\/wp-content\/uploads\/sites\/22\/2021\/12\/07_66-7-300x102.jpg 300w, https:\/\/www.ahmadiyya-islam.org\/hr\/wp-content\/uploads\/sites\/22\/2021\/12\/07_66-7-768x261.jpg 768w\" sizes=\"auto, (max-width: 600px) 100vw, 600px\" \/><\/p>\n<blockquote>\n<p style=\"text-align: center\"><em>\u201cnad kojom su (postavljeni) an\u0111eli, o\u0161tri i strogi\u201c<\/em> (66:7)<\/p>\n<\/blockquote>\n<p>An\u0111eli su o\u0161tri i strogi. Niti jedna druga sila ne mo\u017ee utjecati na njih nego utje\u010du i u potpunosti utje\u010du na svaku tvar za koju im je nare\u0111eno utjecati.<a href=\"#_edn9\" name=\"_ednref9\">[ix]<\/a><\/p>\n<ol start=\"8\">\n<li>\n<h2><strong> Nebrojeno ih je<\/strong><\/h2>\n<\/li>\n<\/ol>\n<p>Njihov je broj ljudskim bi\u0107ima nemjerljiv. Uzvi\u0161eni Allah ka\u017ee:<\/p>\n<p><img loading=\"lazy\" decoding=\"async\" class=\"aligncenter wp-image-2146\" src=\"http:\/\/www.ahmadiyya-islam.org\/hr\/wp-content\/uploads\/sites\/22\/2021\/12\/04_74-32.jpg\" alt=\"\" width=\"600\" height=\"204\" srcset=\"https:\/\/www.ahmadiyya-islam.org\/hr\/wp-content\/uploads\/sites\/22\/2021\/12\/04_74-32.jpg 900w, https:\/\/www.ahmadiyya-islam.org\/hr\/wp-content\/uploads\/sites\/22\/2021\/12\/04_74-32-300x102.jpg 300w, https:\/\/www.ahmadiyya-islam.org\/hr\/wp-content\/uploads\/sites\/22\/2021\/12\/04_74-32-768x261.jpg 768w\" sizes=\"auto, (max-width: 600px) 100vw, 600px\" \/><\/p>\n<blockquote>\n<p style=\"text-align: center\"><em>\u201c<\/em><em>A nitko ne zna vojske Gospodara tvoga osim Njega.\u201d<\/em> (74:32)<\/p>\n<\/blockquote>\n<p>Samo Allah zna broj an\u0111ela. Nitko drugi.<a href=\"#_edn10\" name=\"_ednref10\">[x]<\/a><\/p>\n<ol start=\"9\">\n<li>\n<h2><strong> Slijede sustav administrativnog reda<\/strong><\/h2>\n<\/li>\n<\/ol>\n<p>Oni [an\u0111eli] su fiksirani u svom polo\u017eaju administrativne slu\u017ebe, do te mjere da imaju slu\u017ebe rangirane vlasti razli\u010ditih odjela. Dakle, Uzvi\u0161eni Allah ka\u017ee:<\/p>\n<p><img loading=\"lazy\" decoding=\"async\" class=\"aligncenter wp-image-2151\" src=\"http:\/\/www.ahmadiyya-islam.org\/hr\/wp-content\/uploads\/sites\/22\/2021\/12\/09_32-12.jpg\" alt=\"\" width=\"600\" height=\"204\" srcset=\"https:\/\/www.ahmadiyya-islam.org\/hr\/wp-content\/uploads\/sites\/22\/2021\/12\/09_32-12.jpg 900w, https:\/\/www.ahmadiyya-islam.org\/hr\/wp-content\/uploads\/sites\/22\/2021\/12\/09_32-12-300x102.jpg 300w, https:\/\/www.ahmadiyya-islam.org\/hr\/wp-content\/uploads\/sites\/22\/2021\/12\/09_32-12-768x261.jpg 768w\" sizes=\"auto, (max-width: 600px) 100vw, 600px\" \/><\/p>\n<blockquote>\n<p style=\"text-align: center\"><em>\u201cTi reci: \u201cAn\u0111el smrti koji vam je odre\u0111en usmrtit \u0107e vas, onda \u0107ete biti vra\u0107eni Gospodaru svome.\u201d<\/em> (32:12)<\/p>\n<\/blockquote>\n<p>Allah tako\u0111er objavljuje:<\/p>\n<p><img loading=\"lazy\" decoding=\"async\" class=\"aligncenter wp-image-2152\" src=\"http:\/\/www.ahmadiyya-islam.org\/hr\/wp-content\/uploads\/sites\/22\/2021\/12\/10_6-49.jpg\" alt=\"\" width=\"600\" height=\"269\" srcset=\"https:\/\/www.ahmadiyya-islam.org\/hr\/wp-content\/uploads\/sites\/22\/2021\/12\/10_6-49.jpg 900w, https:\/\/www.ahmadiyya-islam.org\/hr\/wp-content\/uploads\/sites\/22\/2021\/12\/10_6-49-300x135.jpg 300w, https:\/\/www.ahmadiyya-islam.org\/hr\/wp-content\/uploads\/sites\/22\/2021\/12\/10_6-49-768x345.jpg 768w\" sizes=\"auto, (max-width: 600px) 100vw, 600px\" \/><\/p>\n<blockquote>\n<p style=\"text-align: center\"><em>\u201cA da ti samo mo\u017ee\u0161 vidjeti kad zlotvori budu u agoniji smrti, i an\u0111eli ispru\u017ee svoje ruke, (govore\u0107i): \u201cIzvedite svoje du\u0161e. Danas \u0107e vam biti data poni\u017eavaju\u0107a kazna zbog onoga \u0161to ste la\u017eno govorili protiv Allaha i oholili se na Njegove znakove.\u201d<\/em> (6:94)<\/p>\n<\/blockquote>\n<p>Na drugom mjestu, ka\u017ee On:<\/p>\n<p><img loading=\"lazy\" decoding=\"async\" class=\"aligncenter wp-image-2153\" src=\"http:\/\/www.ahmadiyya-islam.org\/hr\/wp-content\/uploads\/sites\/22\/2021\/12\/11_4-98.jpg\" alt=\"\" width=\"600\" height=\"204\" srcset=\"https:\/\/www.ahmadiyya-islam.org\/hr\/wp-content\/uploads\/sites\/22\/2021\/12\/11_4-98.jpg 900w, https:\/\/www.ahmadiyya-islam.org\/hr\/wp-content\/uploads\/sites\/22\/2021\/12\/11_4-98-300x102.jpg 300w, https:\/\/www.ahmadiyya-islam.org\/hr\/wp-content\/uploads\/sites\/22\/2021\/12\/11_4-98-768x261.jpg 768w\" sizes=\"auto, (max-width: 600px) 100vw, 600px\" \/><\/p>\n<blockquote>\n<p style=\"text-align: center\"><em>\u201c<\/em><em>Sigurno \u0107e, onima kojima an\u0111eli daju smrt u stanju kad \u010dine nasilje svojoj du\u0161i, oni re\u0107i: \u201cU kakvom ste stanju bili?\u201d<\/em> (4:98)<\/p>\n<\/blockquote>\n<p>Razmislite o ova tri stiha. Prvi stih spominje da je samo jedan an\u0111eo dobio zadatak da uzme ljudske du\u0161e. Druga dva stiha spominju da mnogi an\u0111eli uzimaju du\u0161e.<\/p>\n<p>Ovo ilustrira da je jedan an\u0111eo bio zadu\u017een za ovu zada\u0107u, ali mnogi drugi an\u0111eli djeluju kao njegovi zamjenici, koji, u poslu\u0161nosti njemu, obavljaju njegov posao. Ako je za proces smrti kori\u0161ten sustav upravljanja, onda se mo\u017ee zaklju\u010diti da se sustav upravljanja koristi za sve zadatke koje obavljaju an\u0111eli.<a href=\"#_edn11\" name=\"_ednref11\">[xi]<\/a><\/p>\n<ol start=\"10\">\n<li>\n<h2><strong> Ograni\u010deni su u svom stanju i snazi<\/strong><\/h2>\n<\/li>\n<\/ol>\n<p>An\u0111eli su, za razliku od ljudskih bi\u0107a, ograni\u010deni u svojim mo\u0107ima i mogu\u0107nostima. Oni ostaju samo u jednom stanju, dok ljudska bi\u0107a mogu uvelike napredovati i evoluirati. Uzvi\u0161eni Allah ka\u017ee:<\/p>\n<p><img loading=\"lazy\" decoding=\"async\" class=\"aligncenter wp-image-2154\" src=\"http:\/\/www.ahmadiyya-islam.org\/hr\/wp-content\/uploads\/sites\/22\/2021\/12\/12_2-32.jpg\" alt=\"\" width=\"600\" height=\"261\" srcset=\"https:\/\/www.ahmadiyya-islam.org\/hr\/wp-content\/uploads\/sites\/22\/2021\/12\/12_2-32.jpg 900w, https:\/\/www.ahmadiyya-islam.org\/hr\/wp-content\/uploads\/sites\/22\/2021\/12\/12_2-32-300x130.jpg 300w, https:\/\/www.ahmadiyya-islam.org\/hr\/wp-content\/uploads\/sites\/22\/2021\/12\/12_2-32-768x334.jpg 768w\" sizes=\"auto, (max-width: 600px) 100vw, 600px\" \/><\/p>\n<blockquote>\n<p style=\"text-align: center\"><em>\u00a0<\/em><em>\u201eI On je nau\u010dio Adema svim imenima, i onda ta (stvorenja) stavio pred an\u0111ele i rekao: \u201cRecite Mi imena ovih, ako ste istiniti. \u201dOni su rekli: \u201cSlavljen si Ti! Mi ne znamo osim ono \u010demu nas Ti pou\u010di\u0161; sigurno si Ti Onaj koji ima vje\u010dno znanje, mudar si.\u201d<\/em> (2:32-33)<a href=\"#_edn12\" name=\"_ednref12\">[xii]<\/a><\/p>\n<\/blockquote>\n<ol start=\"11\">\n<li>\n<h2><strong> Imaju slobodnu volju, ali u iznimno ograni\u010denoj mjeri<\/strong><\/h2>\n<\/li>\n<\/ol>\n<p>Njihov primjer [an\u0111ela] sli\u010dan je konju \u010diji je vrat upregnut u duga\u010dko u\u017ee koje je privezano za \u010davao; [konj] se mo\u017ee kretati, ali ne mo\u017ee napustiti granice svoje uzice. An\u0111eli tako\u0111er kru\u017ee oko fiksne stanice i ne mogu napustiti njene granice. Ova granica je:<\/p>\n<p><img loading=\"lazy\" decoding=\"async\" class=\"aligncenter wp-image-2147\" src=\"http:\/\/www.ahmadiyya-islam.org\/hr\/wp-content\/uploads\/sites\/22\/2021\/12\/05_66-7.jpg\" alt=\"\" width=\"600\" height=\"204\" srcset=\"https:\/\/www.ahmadiyya-islam.org\/hr\/wp-content\/uploads\/sites\/22\/2021\/12\/05_66-7.jpg 900w, https:\/\/www.ahmadiyya-islam.org\/hr\/wp-content\/uploads\/sites\/22\/2021\/12\/05_66-7-300x102.jpg 300w, https:\/\/www.ahmadiyya-islam.org\/hr\/wp-content\/uploads\/sites\/22\/2021\/12\/05_66-7-768x261.jpg 768w\" sizes=\"auto, (max-width: 600px) 100vw, 600px\" \/><\/p>\n<blockquote>\n<p style=\"text-align: center\"><em>\u201e<\/em><em>koji nisu neposlu\u0161ni prema onom \u0161to im On nare\u0111uje i rade samo kako im je nare\u0111eno.\u201c<\/em> (66:7)<\/p>\n<\/blockquote>\n<p>Da an\u0111eli imaju slobodnu volju, mo\u017ee se zaklju\u010diti iz pitanja koje postavljaju o Hazreti Adama su:<\/p>\n<p><img loading=\"lazy\" decoding=\"async\" class=\"aligncenter wp-image-2156\" src=\"http:\/\/www.ahmadiyya-islam.org\/hr\/wp-content\/uploads\/sites\/22\/2021\/12\/14_2-31.jpg\" alt=\"\" width=\"600\" height=\"204\" srcset=\"https:\/\/www.ahmadiyya-islam.org\/hr\/wp-content\/uploads\/sites\/22\/2021\/12\/14_2-31.jpg 900w, https:\/\/www.ahmadiyya-islam.org\/hr\/wp-content\/uploads\/sites\/22\/2021\/12\/14_2-31-300x102.jpg 300w, https:\/\/www.ahmadiyya-islam.org\/hr\/wp-content\/uploads\/sites\/22\/2021\/12\/14_2-31-768x261.jpg 768w\" sizes=\"auto, (max-width: 600px) 100vw, 600px\" \/><\/p>\n<blockquote>\n<p style=\"text-align: center\"><em>\u201c<\/em><em>oni su rekli: \u201cZar \u0107e\u0161 Ti na njoj postaviti onoga koji \u0107e nered \u010diniti, i krv prolijevati?\u201d<\/em> (2:31)<\/p>\n<\/blockquote>\n<p>An\u0111eli su upitali Uzvi\u0161enog Allaha kakva je mudrost [u postavljanju Kalife na Zemlju] ako ljudska bi\u0107a stvaraju nered i prolijevaju krv. Postavljanje ovog pitanja pokazuje da an\u0111eli u odre\u0111enoj mjeri imaju slobodnu volju. Me\u0111utim, ova slobodna volja ih ne naginje zlu, niti nadilazi vrlinu [koja im je dodijeljena] &#8230;<\/p>\n<p>Tako\u0111er iz Hadisa zaklju\u010dujemo da an\u0111eli imaju neku slobodnu volju. Zapisano je da je jedan \u010dovjek oti\u0161ao do u\u010denjaka i rekao: \u201ePo\u010dinio sam bezbroj grijeha. Ho\u0107e li mi biti opro\u0161teno?\u201c U\u010denjak je rekao: \u201eTvoje pokajanje ne\u0107e biti prihva\u0107eno.\u201c \u010covjek je ubio u\u010denjaka i oti\u0161ao do drugog u\u010denjaka kako bi on mogao tra\u017eiti pokajanje od njegove ruke. Ali \u010dovjek je umro na putu. Na to su an\u0111eli s neba rekli: \u201eOdvest \u0107emo ga u nebo, jer je oti\u0161ao s namjerom da se pokaje.\u201c An\u0111eli pakla su, me\u0111utim, rekli: \u201eOdvest \u0107emo ga u pakao, jer je umro prije nego se pokajao.\u201c<a href=\"#_edn13\" name=\"_ednref13\">[xiii]<\/a> Ovaj dijalog i razlika u mi\u0161ljenjima ilustrira da an\u0111eli imaju slobodnu volju [donekle].<a href=\"#_edn14\" name=\"_ednref14\">[xiv]<\/a><\/p>\n<ol start=\"12\">\n<li>\n<h2><strong> Oni nemaju znanje o nevidljivom<\/strong><\/h2>\n<\/li>\n<\/ol>\n<p>Uzvi\u0161eni Allah ka\u017ee:<\/p>\n<p><img loading=\"lazy\" decoding=\"async\" class=\"aligncenter wp-image-2157\" src=\"http:\/\/www.ahmadiyya-islam.org\/hr\/wp-content\/uploads\/sites\/22\/2021\/12\/15_34-41.jpg\" alt=\"\" width=\"600\" height=\"253\" srcset=\"https:\/\/www.ahmadiyya-islam.org\/hr\/wp-content\/uploads\/sites\/22\/2021\/12\/15_34-41.jpg 900w, https:\/\/www.ahmadiyya-islam.org\/hr\/wp-content\/uploads\/sites\/22\/2021\/12\/15_34-41-300x127.jpg 300w, https:\/\/www.ahmadiyya-islam.org\/hr\/wp-content\/uploads\/sites\/22\/2021\/12\/15_34-41-768x324.jpg 768w\" sizes=\"auto, (max-width: 600px) 100vw, 600px\" \/><\/p>\n<blockquote>\n<p style=\"text-align: center\"><em>\u201cA na Dan kad ih On sve okupi zajedno &#8211; pitat \u0107e an\u0111ele: \u201cJesu li ovi ljudi vas obo\u017eavali?\u201d Oni \u0107e re\u0107i: \u201cSlavljen neka si Ti. Ti si na\u0161 Prijatelj, a ne oni. Ne, oni su obo\u017eavali d\u017eine; i me\u0111u njima je ve\u0107ina vjerovala u njih.\u201d<\/em> (34:41-42)<\/p>\n<\/blockquote>\n<p>Ovaj stih pokazuje da an\u0111eli nemaju znanje o nevidljivom. Da su an\u0111eli imali znanje o nevidljivom, ne bi pokazali nedostatak znanja u vezi sa svojim ibadetom &#8230; Neki an\u0111eli [na Sudnjem danu] \u0107e, zbog nedostatka znanja, poricati da su ih neki ljudi obo\u017eavali [na svijetu].<a href=\"#_edn15\" name=\"_ednref15\">[xv]<\/a><\/p>\n<ol start=\"13\">\n<li>\n<h2><strong> Postoje razli\u010diti an\u0111eli raspore\u0111eni na razli\u010dite zadatke<\/strong><\/h2>\n<\/li>\n<\/ol>\n<p>Hadis bilje\u017ei da je Hazreti Ai\u0161a<sup>r.a.<\/sup> upitao Poslanika: \u201eJesi li nai\u0161ao na dan te\u017ei od dana bitke na Uhudu?\u201c:<\/p>\n<blockquote><p>Na dan Akabe, nakon \u0161to sam se suo\u010dio s odbijanjem od strane Mekanaca, oti\u0161ao sam do ljudi Abd D\u017ealaila, a oni nisu obratili pa\u017enju i odbili su moju poruku. Dakle, oti\u0161ao sam, obuzet pretjeranom tugom, i nastavio dalje&#8230; Podigao sam glavu prema nebu da vidim oblak i u njemu ugledam Gabriela. Pozvao me je govore\u0107i: \u201cAllah je \u010duo \u0161to ti je tvoj narod rekao i vidjev\u0161i njihovo protivljenje, Allah ti je poslao an\u0111ela s planina da mu naredi\u0161 da u\u010dini \u0161to god \u017eeli\u0161 ovim ljudima.<\/p>\n<p>Pozvao me an\u0111eo s planina i pozdravio me, a zatim rekao: \u201cO Muhammede! Naru\u010dite \u0161to \u017eelite. Ako \u017eelite, pustit \u0107u Al-Ak\u0161abain (dvije planine u blizini Mekke) da padne na njih\u201c, \u0161to zna\u010di da \u0107e umrijeti od potresa.<\/p>\n<p>Poslanik je rekao: \u201eNe, ali se nadam da \u0107e im Allah dati pobo\u017eno potomstvo koje \u0107e obo\u017eavati jedino Allaha\u201c.<a href=\"#_edn16\" name=\"_ednref16\">[xvi]<\/a><\/p><\/blockquote>\n<p>Ovaj Hadis otkriva da je an\u0111eo Gabriel rekao Poslaniku: \u201eAllah je uputio an\u0111ela s planina da ti pomogne.\u201c Gabriel nije rekao: \u201eJa sam do\u0161ao da ti pomognem\u201c. Ovo ilustrira da su razli\u010ditim an\u0111elima dodijeljeni razli\u010diti zadaci.<a href=\"#_edn17\" name=\"_ednref17\">[xvii]<\/a><\/p>\n<ol start=\"14\">\n<li><strong> Oni su manifestacije Bo\u017eanskih svojstava<\/strong><\/li>\n<\/ol>\n<p>Neki an\u0111eli su manifestacije jednog specifi\u010dnog Allahovog svojstva, dok su neki drugi an\u0111eli manifestacije mnogih svojstava. Dakle, Uzvi\u0161eni Allah ka\u017ee:<\/p>\n<p><img loading=\"lazy\" decoding=\"async\" class=\"aligncenter wp-image-2158\" src=\"http:\/\/www.ahmadiyya-islam.org\/hr\/wp-content\/uploads\/sites\/22\/2021\/12\/16_35-2.jpg\" alt=\"\" width=\"600\" height=\"253\" srcset=\"https:\/\/www.ahmadiyya-islam.org\/hr\/wp-content\/uploads\/sites\/22\/2021\/12\/16_35-2.jpg 900w, https:\/\/www.ahmadiyya-islam.org\/hr\/wp-content\/uploads\/sites\/22\/2021\/12\/16_35-2-300x127.jpg 300w, https:\/\/www.ahmadiyya-islam.org\/hr\/wp-content\/uploads\/sites\/22\/2021\/12\/16_35-2-768x324.jpg 768w\" sizes=\"auto, (max-width: 600px) 100vw, 600px\" \/><\/p>\n<p><em>\u201cSva hvala pripada Allahu, Stvoritelju nebesa i Zemlje, koji an\u0111ele \u010dini izaslanicima, sa po dva, tri i \u010detiri krila (mo\u0107i). On dodaje stvaranju \u0161to On ho\u0107e; jer Allah ima trajnu mo\u0107 nad svim stvarima \u010diniti \u0161to On ho\u0107e.\u201d<\/em> (35:2)<\/p>\n<p>\u010casni Poslanik<sup>s.a.v.s. <\/sup>ka\u017ee: \u201eOnaj (tj. Gabriel) koji mi je donio Savr\u0161enu knjigu [\u010casni Kur&#8217;an] ima 600 krila.\u201c<a href=\"#_edn18\" name=\"_ednref18\">[xviii]<\/a><\/p>\n<p>Ovo pokazuje da je Gabri el manifestacija 600 bo\u017eanskih atributa&#8230; Dakle, an\u0111eli su manifestacije razli\u010ditih atributa, i da njihovo posjedovanje krila nije doslovno; nego se odnosi na atribute koje oni predstavljaju.<a href=\"#_edn19\" name=\"_ednref19\">[xix]<\/a><\/p>\n<h3>Povezano:<\/h3>\n<ul>\n<li><a href=\"https:\/\/www.ahmadiyya-islam.org\/hr\/knjiznica\/kako-se-osloboditi-grijeha\/\">Kako se osloboditi grijeha<\/a><\/li>\n<li><a href=\"https:\/\/www.ahmadiyya-islam.org\/hr\/clanci\/koliko-je-raj-daleko-od-ovog-svijeta\/\">Koliko je raj daleko od ovog svijeta?<\/a><\/li>\n<li><a href=\"https:\/\/www.ahmadiyya-islam.org\/hr\/knjiznica\/prirodne-nesrece-ili-bozije-kazne\/\">Prirodne nesre\u0107e ili Bo\u017eje kazne<\/a><\/li>\n<\/ul>\n<hr \/>\n<p><strong>Zavr\u0161ne bilje\u0161ke:<\/strong><\/p>\n<p><a href=\"#_ednref1\" name=\"_edn1\">[i]<\/a> Aina-e-Kamalat-e-Islam, Ruhani Khazain, Vol. 5, str. 169-170, fusnota<br \/>\n<a href=\"#_ednref2\" name=\"_edn2\">[ii]<\/a> Aina-eKamalat-e-Islam, Ruhani Khazain, Vol. 5, str. 86-87, fusnota<br \/>\n<a href=\"#_ednref3\" name=\"_edn3\">[iii]<\/a> Malaikatullah, Anwar-ul-Ulum, sv. 5, str. 489<br \/>\n<a href=\"#_ednref4\" name=\"_edn4\">[iv]<\/a> Malaikatullah, Anwar-ul-Ulum, Vol. 5, p. 490<br \/>\n<a href=\"#_ednref5\" name=\"_edn5\">[v]<\/a> Malaikatullah, Anwar-ul-Ulum, sv. 5, str. 490<br \/>\n<a href=\"#_ednref6\" name=\"_edn6\">[vi]<\/a> Malaikatullah, Anwar-ul-Ulum, Vol. 5, pp. 490-491<br \/>\n<a href=\"#_ednref7\" name=\"_edn7\">[vii]<\/a> Malaikatullah, Anwar-ul-Ulum, Vol. 5, p. 492<br \/>\n<a href=\"#_ednref8\" name=\"_edn8\">[viii]<\/a> Malaikatullah, Anwar-ul-Ulum, Vol. 5, p. 492<br \/>\n<a href=\"#_ednref9\" name=\"_edn9\">[ix]<\/a> Malaikatullah, Anwar-ul-Ulum, sv. 5, str. 493<br \/>\n<a href=\"#_ednref10\" name=\"_edn10\">[x]<\/a> Malaikatullah, Anwar-ul-Ulum, svezak 5, str. 493<br \/>\n<a href=\"#_ednref11\" name=\"_edn11\">[xi]<\/a> Malaikatullah, Anwar-ul-Ulum, svezak 5, str. 493-494<br \/>\n<a href=\"#_ednref12\" name=\"_edn12\">[xii]<\/a> Malaikatullah, Anwar-ul-Ulum, Vol. 5, pp. 494-495<br \/>\n<a href=\"#_ednref13\" name=\"_edn13\">[xiii]<\/a> Sahi Muslim, Kitab al-Tauba<br \/>\n<a href=\"#_ednref14\" name=\"_edn14\">[xiv]<\/a> Malaikatullah, Anwar-ul-Ulum, svezak 5, str. 495-496<br \/>\n<a href=\"#_ednref15\" name=\"_edn15\">[xv]<\/a> Malaikatullah, Anwar-ul-Ulum, sv. 5, str. 496<br \/>\n<a href=\"#_ednref16\" name=\"_edn16\">[xvi]<\/a> Al-Bidayah wa-Nihayah, Vol. 3, str. 135-137, izdanje Bejruta, 1966.<br \/>\n<a href=\"#_ednref17\" name=\"_edn17\">[xvii]<\/a> Malaikatullah, Anwar-ul-Ulum, tom 5, str.497<br \/>\n<a href=\"#_ednref18\" name=\"_edn18\">[xviii]<\/a> Sahih al-Buhari, Kitab-ut-Tafsir, sura al-Najm<br \/>\n<a href=\"#_ednref19\" name=\"_edn19\">[xix]<\/a> Malaikatullah, Anwar-ul-Ulum, svezak 5, str. 497-498<\/p>\n","protected":false},"excerpt":{"rendered":"<p>Ako vam netko pri\u0111e i pita: &#8220;\u0160to su an\u0111eli?&#8221;, kako biste odgovorili? Biste li mogli dati sa\u017eet odgovor?<\/p>\n","protected":false},"featured_media":2159,"parent":0,"template":"","tags":[339,29,265],"article-cat":[346],"topics":[338,351],"authors":[],"content_source":[],"class_list":["post-2141","articles","type-articles","status-publish","has-post-thumbnail","hentry","tag-andeli","tag-islam","tag-raj","article-cat-al-hakam","topics-andeli","topics-islam"],"acf":[],"yoast_head":"<!-- This site is optimized with the Yoast SEO Premium plugin v21.1 (Yoast SEO v27.4) - https:\/\/yoast.com\/product\/yoast-seo-premium-wordpress\/ -->\n<title>14 karakteristike an\u0111ela<\/title>\n<meta name=\"description\" content=\"Ako vam netko pri\u0111e i pita: &quot;\u0160to su an\u0111eli?&quot;, kako biste odgovorili? Biste li mogli dati sa\u017eet odgovor?\" \/>\n<meta name=\"robots\" content=\"index, follow, max-snippet:-1, max-image-preview:large, max-video-preview:-1\" \/>\n<link rel=\"canonical\" href=\"https:\/\/www.ahmadiyya-islam.org\/hr\/clanci\/14-karakteristike-andela\/\" \/>\n<meta property=\"og:locale\" content=\"hr_HR\" \/>\n<meta property=\"og:type\" content=\"article\" \/>\n<meta property=\"og:title\" content=\"14 karakteristike an\u0111ela\" \/>\n<meta property=\"og:description\" content=\"Ako vam netko pri\u0111e i pita: &quot;\u0160to su an\u0111eli?&quot;, kako biste odgovorili? Biste li mogli dati sa\u017eet odgovor?\" \/>\n<meta property=\"og:url\" content=\"https:\/\/www.ahmadiyya-islam.org\/hr\/clanci\/14-karakteristike-andela\/\" \/>\n<meta property=\"og:site_name\" content=\"Ahmadija muslimanski d\u017eamat\" \/>\n<meta property=\"article:modified_time\" content=\"2022-02-18T11:27:08+00:00\" \/>\n<meta property=\"og:image\" content=\"http:\/\/www.ahmadiyya-islam.org\/hr\/wp-content\/uploads\/sites\/22\/2021\/12\/Angels-.jpg\" \/>\n\t<meta property=\"og:image:width\" content=\"1650\" \/>\n\t<meta property=\"og:image:height\" content=\"750\" \/>\n\t<meta property=\"og:image:type\" content=\"image\/jpeg\" \/>\n<meta name=\"twitter:card\" content=\"summary_large_image\" \/>\n<meta name=\"twitter:label1\" content=\"Procijenjeno vrijeme \u010ditanja\" \/>\n\t<meta name=\"twitter:data1\" content=\"13 minuta\" \/>\n<script type=\"application\/ld+json\" class=\"yoast-schema-graph\">{\"@context\":\"https:\\\/\\\/schema.org\",\"@graph\":[{\"@type\":\"WebPage\",\"@id\":\"https:\\\/\\\/www.ahmadiyya-islam.org\\\/hr\\\/clanci\\\/14-karakteristike-andela\\\/\",\"url\":\"https:\\\/\\\/www.ahmadiyya-islam.org\\\/hr\\\/clanci\\\/14-karakteristike-andela\\\/\",\"name\":\"14 karakteristike an\u0111ela\",\"isPartOf\":{\"@id\":\"https:\\\/\\\/www.ahmadiyya-islam.org\\\/hr\\\/#website\"},\"primaryImageOfPage\":{\"@id\":\"https:\\\/\\\/www.ahmadiyya-islam.org\\\/hr\\\/clanci\\\/14-karakteristike-andela\\\/#primaryimage\"},\"image\":{\"@id\":\"https:\\\/\\\/www.ahmadiyya-islam.org\\\/hr\\\/clanci\\\/14-karakteristike-andela\\\/#primaryimage\"},\"thumbnailUrl\":\"https:\\\/\\\/www.ahmadiyya-islam.org\\\/hr\\\/wp-content\\\/uploads\\\/sites\\\/22\\\/2021\\\/12\\\/Angels-.jpg\",\"datePublished\":\"2021-12-14T15:22:03+00:00\",\"dateModified\":\"2022-02-18T11:27:08+00:00\",\"description\":\"Ako vam netko pri\u0111e i pita: \\\"\u0160to su an\u0111eli?\\\", kako biste odgovorili? Biste li mogli dati sa\u017eet odgovor?\",\"breadcrumb\":{\"@id\":\"https:\\\/\\\/www.ahmadiyya-islam.org\\\/hr\\\/clanci\\\/14-karakteristike-andela\\\/#breadcrumb\"},\"inLanguage\":\"hr\",\"potentialAction\":[{\"@type\":\"ReadAction\",\"target\":[\"https:\\\/\\\/www.ahmadiyya-islam.org\\\/hr\\\/clanci\\\/14-karakteristike-andela\\\/\"]}]},{\"@type\":\"ImageObject\",\"inLanguage\":\"hr\",\"@id\":\"https:\\\/\\\/www.ahmadiyya-islam.org\\\/hr\\\/clanci\\\/14-karakteristike-andela\\\/#primaryimage\",\"url\":\"https:\\\/\\\/www.ahmadiyya-islam.org\\\/hr\\\/wp-content\\\/uploads\\\/sites\\\/22\\\/2021\\\/12\\\/Angels-.jpg\",\"contentUrl\":\"https:\\\/\\\/www.ahmadiyya-islam.org\\\/hr\\\/wp-content\\\/uploads\\\/sites\\\/22\\\/2021\\\/12\\\/Angels-.jpg\",\"width\":1650,\"height\":750},{\"@type\":\"BreadcrumbList\",\"@id\":\"https:\\\/\\\/www.ahmadiyya-islam.org\\\/hr\\\/clanci\\\/14-karakteristike-andela\\\/#breadcrumb\",\"itemListElement\":[{\"@type\":\"ListItem\",\"position\":1,\"name\":\"Home\",\"item\":\"https:\\\/\\\/www.ahmadiyya-islam.org\\\/hr\\\/\"},{\"@type\":\"ListItem\",\"position\":2,\"name\":\"\u010clanci\",\"item\":\"https:\\\/\\\/www.ahmadiyya-islam.org\\\/hr\\\/clanci\\\/\"},{\"@type\":\"ListItem\",\"position\":3,\"name\":\"14 karakteristike an\u0111ela\"}]},{\"@type\":\"WebSite\",\"@id\":\"https:\\\/\\\/www.ahmadiyya-islam.org\\\/hr\\\/#website\",\"url\":\"https:\\\/\\\/www.ahmadiyya-islam.org\\\/hr\\\/\",\"name\":\"Ahmadija muslimanski d\u017eamat\",\"description\":\"Hrvatska\",\"potentialAction\":[{\"@type\":\"SearchAction\",\"target\":{\"@type\":\"EntryPoint\",\"urlTemplate\":\"https:\\\/\\\/www.ahmadiyya-islam.org\\\/hr\\\/?s={search_term_string}\"},\"query-input\":{\"@type\":\"PropertyValueSpecification\",\"valueRequired\":true,\"valueName\":\"search_term_string\"}}],\"inLanguage\":\"hr\"}]}<\/script>\n<!-- \/ Yoast SEO Premium plugin. -->","yoast_head_json":{"title":"14 karakteristike an\u0111ela","description":"Ako vam netko pri\u0111e i pita: \"\u0160to su an\u0111eli?\", kako biste odgovorili? Biste li mogli dati sa\u017eet odgovor?","robots":{"index":"index","follow":"follow","max-snippet":"max-snippet:-1","max-image-preview":"max-image-preview:large","max-video-preview":"max-video-preview:-1"},"canonical":"https:\/\/www.ahmadiyya-islam.org\/hr\/clanci\/14-karakteristike-andela\/","og_locale":"hr_HR","og_type":"article","og_title":"14 karakteristike an\u0111ela","og_description":"Ako vam netko pri\u0111e i pita: \"\u0160to su an\u0111eli?\", kako biste odgovorili? Biste li mogli dati sa\u017eet odgovor?","og_url":"https:\/\/www.ahmadiyya-islam.org\/hr\/clanci\/14-karakteristike-andela\/","og_site_name":"Ahmadija muslimanski d\u017eamat","article_modified_time":"2022-02-18T11:27:08+00:00","og_image":[{"width":1650,"height":750,"url":"http:\/\/www.ahmadiyya-islam.org\/hr\/wp-content\/uploads\/sites\/22\/2021\/12\/Angels-.jpg","type":"image\/jpeg"}],"twitter_card":"summary_large_image","twitter_misc":{"Procijenjeno vrijeme \u010ditanja":"13 minuta"},"schema":{"@context":"https:\/\/schema.org","@graph":[{"@type":"WebPage","@id":"https:\/\/www.ahmadiyya-islam.org\/hr\/clanci\/14-karakteristike-andela\/","url":"https:\/\/www.ahmadiyya-islam.org\/hr\/clanci\/14-karakteristike-andela\/","name":"14 karakteristike an\u0111ela","isPartOf":{"@id":"https:\/\/www.ahmadiyya-islam.org\/hr\/#website"},"primaryImageOfPage":{"@id":"https:\/\/www.ahmadiyya-islam.org\/hr\/clanci\/14-karakteristike-andela\/#primaryimage"},"image":{"@id":"https:\/\/www.ahmadiyya-islam.org\/hr\/clanci\/14-karakteristike-andela\/#primaryimage"},"thumbnailUrl":"https:\/\/www.ahmadiyya-islam.org\/hr\/wp-content\/uploads\/sites\/22\/2021\/12\/Angels-.jpg","datePublished":"2021-12-14T15:22:03+00:00","dateModified":"2022-02-18T11:27:08+00:00","description":"Ako vam netko pri\u0111e i pita: \"\u0160to su an\u0111eli?\", kako biste odgovorili? Biste li mogli dati sa\u017eet odgovor?","breadcrumb":{"@id":"https:\/\/www.ahmadiyya-islam.org\/hr\/clanci\/14-karakteristike-andela\/#breadcrumb"},"inLanguage":"hr","potentialAction":[{"@type":"ReadAction","target":["https:\/\/www.ahmadiyya-islam.org\/hr\/clanci\/14-karakteristike-andela\/"]}]},{"@type":"ImageObject","inLanguage":"hr","@id":"https:\/\/www.ahmadiyya-islam.org\/hr\/clanci\/14-karakteristike-andela\/#primaryimage","url":"https:\/\/www.ahmadiyya-islam.org\/hr\/wp-content\/uploads\/sites\/22\/2021\/12\/Angels-.jpg","contentUrl":"https:\/\/www.ahmadiyya-islam.org\/hr\/wp-content\/uploads\/sites\/22\/2021\/12\/Angels-.jpg","width":1650,"height":750},{"@type":"BreadcrumbList","@id":"https:\/\/www.ahmadiyya-islam.org\/hr\/clanci\/14-karakteristike-andela\/#breadcrumb","itemListElement":[{"@type":"ListItem","position":1,"name":"Home","item":"https:\/\/www.ahmadiyya-islam.org\/hr\/"},{"@type":"ListItem","position":2,"name":"\u010clanci","item":"https:\/\/www.ahmadiyya-islam.org\/hr\/clanci\/"},{"@type":"ListItem","position":3,"name":"14 karakteristike an\u0111ela"}]},{"@type":"WebSite","@id":"https:\/\/www.ahmadiyya-islam.org\/hr\/#website","url":"https:\/\/www.ahmadiyya-islam.org\/hr\/","name":"Ahmadija muslimanski d\u017eamat","description":"Hrvatska","potentialAction":[{"@type":"SearchAction","target":{"@type":"EntryPoint","urlTemplate":"https:\/\/www.ahmadiyya-islam.org\/hr\/?s={search_term_string}"},"query-input":{"@type":"PropertyValueSpecification","valueRequired":true,"valueName":"search_term_string"}}],"inLanguage":"hr"}]}},"_links":{"self":[{"href":"https:\/\/www.ahmadiyya-islam.org\/hr\/wp-json\/wp\/v2\/articles\/2141","targetHints":{"allow":["GET"]}}],"collection":[{"href":"https:\/\/www.ahmadiyya-islam.org\/hr\/wp-json\/wp\/v2\/articles"}],"about":[{"href":"https:\/\/www.ahmadiyya-islam.org\/hr\/wp-json\/wp\/v2\/types\/articles"}],"version-history":[{"count":2,"href":"https:\/\/www.ahmadiyya-islam.org\/hr\/wp-json\/wp\/v2\/articles\/2141\/revisions"}],"predecessor-version":[{"id":2164,"href":"https:\/\/www.ahmadiyya-islam.org\/hr\/wp-json\/wp\/v2\/articles\/2141\/revisions\/2164"}],"wp:featuredmedia":[{"embeddable":true,"href":"https:\/\/www.ahmadiyya-islam.org\/hr\/wp-json\/wp\/v2\/media\/2159"}],"wp:attachment":[{"href":"https:\/\/www.ahmadiyya-islam.org\/hr\/wp-json\/wp\/v2\/media?parent=2141"}],"wp:term":[{"taxonomy":"post_tag","embeddable":true,"href":"https:\/\/www.ahmadiyya-islam.org\/hr\/wp-json\/wp\/v2\/tags?post=2141"},{"taxonomy":"article-cat","embeddable":true,"href":"https:\/\/www.ahmadiyya-islam.org\/hr\/wp-json\/wp\/v2\/article-cat?post=2141"},{"taxonomy":"topics","embeddable":true,"href":"https:\/\/www.ahmadiyya-islam.org\/hr\/wp-json\/wp\/v2\/topics?post=2141"},{"taxonomy":"authors","embeddable":true,"href":"https:\/\/www.ahmadiyya-islam.org\/hr\/wp-json\/wp\/v2\/authors?post=2141"},{"taxonomy":"content_source","embeddable":true,"href":"https:\/\/www.ahmadiyya-islam.org\/hr\/wp-json\/wp\/v2\/content_source?post=2141"}],"curies":[{"name":"wp","href":"https:\/\/api.w.org\/{rel}","templated":true}]}}