{"id":2100,"date":"2021-11-07T11:28:01","date_gmt":"2021-11-07T11:28:01","guid":{"rendered":"https:\/\/www.ahmadiyya-islam.org\/hr\/?post_type=articles&#038;p=2100"},"modified":"2022-02-18T11:52:08","modified_gmt":"2022-02-18T11:52:08","slug":"medunarodna-konferencija-humanity-first-2021","status":"publish","type":"articles","link":"https:\/\/www.ahmadiyya-islam.org\/hr\/clanci\/medunarodna-konferencija-humanity-first-2021\/","title":{"rendered":"Me\u0111unarodna konferencija Humanity First 2021."},"content":{"rendered":"<blockquote><p><strong><em>\u201cBudite uvijek spremni da obri\u0161ete suze onima koji su u nevolji ili na bilo koji na\u010din povrije\u0111eni\u201d \u2013 Hazreti Mirza Masroor Ahmad<sup>a.b.a.<\/sup><\/em><\/strong><\/p><\/blockquote>\n<ol start=\"31\">\n<li>listopada 2021. &#8211; Svjetski poglavar muslimanske zajednice Ahmadija, peti Kalif, Njegova svetost, Hazreti Mirza Masroor Ahmad<sup>a.b.a.<\/sup> odr\u017eao je govor nadahnut vjerom na Me\u0111unarodnoj konferenciji humanitarne organizacije Humanity First.<\/li>\n<\/ol>\n<p>Dvodnevni doga\u0111aj, koji je odr\u017ean prvo u subotu, 30. listopada u d\u017eamiji Baitul Futuh u Londonu, a potom 31. listopada u nedjelju u Islamabadu, Tilford odr\u017ean je pod nazivom <strong>\u201eSmanjenje siroma\u0161tva kroz osna\u017eivanje\u201c<\/strong>.<\/p>\n<p>Konferencija Humanity First Silver Jubilee, koja je odgo\u0111ena na godinu dana zbog Covida-19, prisustvovalo je vi\u0161e od 1200 ljudi fizi\u010dki ili virtualno, uklju\u010duju\u0107i delegate Humanity Firsta i \u010dlanove iz vi\u0161e od 60 zemalja diljem svijeta kao i iz Hrvatske.<\/p>\n<p>Tijekom uvodnog obra\u0107anja, Hazreti Mirza Masroor Ahmad<sup>a.b.a.<\/sup> govorio je o ciljevima Humanity First-a, isti\u010du\u0107i njegovu misiju da slu\u017ei onima kojima je ta organizacija potrebna.<\/p>\n<p>Hazreti Mirza Masroor Ahmad<sup>a.b.a.<\/sup> prvi je spomenuo da Humanity First International nije mogao odr\u017eati svoju konferenciju pro\u0161le godine, te da je ove godine obilje\u017eeno 26 godina od njenog osnivanja.<\/p>\n<p><img loading=\"lazy\" decoding=\"async\" class=\"aligncenter size-full wp-image-2103\" src=\"http:\/\/www.ahmadiyya-islam.org\/hr\/wp-content\/uploads\/sites\/22\/2021\/11\/20211002_191507-66FFB360-1024x703-1.jpg\" alt=\"Humanity First conferencija 2021\" width=\"1024\" height=\"703\" srcset=\"https:\/\/www.ahmadiyya-islam.org\/hr\/wp-content\/uploads\/sites\/22\/2021\/11\/20211002_191507-66FFB360-1024x703-1.jpg 1024w, https:\/\/www.ahmadiyya-islam.org\/hr\/wp-content\/uploads\/sites\/22\/2021\/11\/20211002_191507-66FFB360-1024x703-1-300x206.jpg 300w, https:\/\/www.ahmadiyya-islam.org\/hr\/wp-content\/uploads\/sites\/22\/2021\/11\/20211002_191507-66FFB360-1024x703-1-768x527.jpg 768w\" sizes=\"auto, (max-width: 1024px) 100vw, 1024px\" \/><\/p>\n<p>Rekao je Hazreti Mirza Masroor Ahmad<sup>a.b.a.<\/sup>:<\/p>\n<blockquote><p><em><strong>\u201cPro\u0161lo je 26 godina otkako je Humanity First prvi put slu\u017ebeno registriran i, uz Allahovu milost, sve od svog po\u010detka, Humanity First je nastavio rasti i razvijati se i obavio je mnogo djelotvornog rada u mnogim dijelovima svijeta. Slu\u017eio je u nekom ili drugom svojstvu u vi\u0161e od \u0161ezdeset zemalja, uklju\u010duju\u0107i Ameriku, Europu, cijelu Afriku, Bliski istok, Aziju i Pacifik.\u201d<\/strong><\/em><\/p><\/blockquote>\n<p>Njegova Svetost spomenuo je neke od humanitarnih inicijativa koje provodi Humanity First diljem Zemlje, uklju\u010duju\u0107i davanje vode potrebitima, mogu\u0107nost obrazovanja i projekata odr\u017eivih vje\u0161tina u nerazvijenim zemljama.<\/p>\n<p>Njegova je Svetost tako\u0111er spomenuo da je Humanity First toliko napredovao i razvio se u proteklih nekoliko godina da je sada po\u010deo biti globalno priznata institucija.<\/p>\n<p>Rekao je Hazreti Mirza Masroor Ahmad<sup>a.b.a.<\/sup>:<\/p>\n<blockquote><p><em><strong>\u201cAllahovom milo\u0161\u0107u, Humanity First je sada vrlo dobro uspostavljena i cijenjena me\u0111unarodna dobrotvorna organizacija. Doista, Humanity First je sada dosegnuo fazu u kojoj vanjske nevladine organizacije ili sli\u010dne humanitarne organizacije nastoje postati partneri i sura\u0111ivati \u200b\u200bs njima kako bi ispunili svoje dobrotvorne obveze i ciljeve.\u201d<\/strong><\/em><\/p><\/blockquote>\n<p>Navode\u0107i jedan takav primjer, rekao je Hazreti Mirza Masroor Ahmad<sup>a.b.a.<\/sup>:<\/p>\n<blockquote><p><em><strong>\u201cU jednoj je zemlji jedna me\u0111unarodna nevladina organizacija, povezana s Ujedinjenim narodima, izrazila \u017eelju i namjeru da donira sredstva Humanity Firstu kako bi u njeno ime obavljala humanitarni rad i projekte. Ovo pokazuje da je, uz Allahovu milost, Humanity First zaslu\u017eio po\u0161tovanje i povjerenje drugih humanitarnih udruga, uklju\u010duju\u0107i one povezane s Ujedinjenim narodima.\u201d<\/strong><\/em><\/p>\n<p><img loading=\"lazy\" decoding=\"async\" class=\"aligncenter size-full wp-image-2104\" src=\"http:\/\/www.ahmadiyya-islam.org\/hr\/wp-content\/uploads\/sites\/22\/2021\/11\/20211002_191740-FB99DA12-1024x430-1.jpg\" alt=\"Humanity First conferencija 2021\" width=\"1024\" height=\"430\" srcset=\"https:\/\/www.ahmadiyya-islam.org\/hr\/wp-content\/uploads\/sites\/22\/2021\/11\/20211002_191740-FB99DA12-1024x430-1.jpg 1024w, https:\/\/www.ahmadiyya-islam.org\/hr\/wp-content\/uploads\/sites\/22\/2021\/11\/20211002_191740-FB99DA12-1024x430-1-300x126.jpg 300w, https:\/\/www.ahmadiyya-islam.org\/hr\/wp-content\/uploads\/sites\/22\/2021\/11\/20211002_191740-FB99DA12-1024x430-1-768x323.jpg 768w\" sizes=\"auto, (max-width: 1024px) 100vw, 1024px\" \/><\/p><\/blockquote>\n<p>Nastavio je Hazreti Mirza Masroor Ahmad<sup>a.b.a.<\/sup>:<em><strong>\u00a0<\/strong><\/em><\/p>\n<blockquote><p><em><strong>\u201cTo odra\u017eava \u010dinjenicu da je Humanity First ozbiljno nastojao ispuniti taj plemeniti cilj za koji nam je Svemogu\u0107i Allah naredio da slijedimo u \u010casnom Kur&#8217;anu &#8211; i koji bi trebao biti do\u017eivotni cilj muslimana &#8211; da slu\u017eimo \u010dovje\u010danstvu i ispunimo potrebe onih koji su suo\u010deni s bilo kakvim neda\u0107ama.\u201d<\/strong><\/em><\/p><\/blockquote>\n<p>Njegova Svetost je objasnio da je ovaj cilj zajam\u010den muslimanima kroz primjer \u010casnog Poslanika Muhammeda (<em>sallallahu alejhi ve sellem<\/em>).<\/p>\n<p>Rekao je Hazreti Mirza Masroor Ahmad<sup>a.b.a.<\/sup>:<\/p>\n<blockquote><p><em><strong>\u201cPostoje bezbrojne predaje i izreke \u010casnog Poslanika<sup>s.a.v.s.<\/sup> koje ilustriraju kako je on cijeli svoj \u017eivot proveo slu\u017ee\u0107i \u010dovje\u010danstvu i nastoje\u0107i usaditi isti duh simpatije prema drugima me\u0111u svojim sljedbenicima. Svakako, \u010casni Poslanik<sup>s.a.v.s.<\/sup> je bio vje\u010dni izvor milosti za \u010dovje\u010danstvo i svojim blagoslovljenim rije\u010dima i djelima obasjao je prosvjetljuju\u0107e i vje\u010dno svjetlo na veli\u010danstvena u\u010denja islama i pokazao da je slu\u017eenje \u010dovje\u010danstvu nerazdvojiv i uistinu temeljni dio na\u0161e vjere.\u201d<\/strong><\/em><\/p><\/blockquote>\n<p>Osvjetljavaju\u0107i razli\u010dita u\u010denja islama koja \u0161tite prava svih ljudi u dru\u0161tvu, Njegova Svetost je posebno spomenuo prava susjeda.<\/p>\n<p>Rekao je Hazreti Mirza Masroor Ahmad<sup>a.b.a.<\/sup>:<\/p>\n<blockquote><p><em><strong>\u201cIslam u\u010di da susjedi imaju velika prava na njih. Muslimani su nau\u010deni da se prema svojim susjedima moraju odnositi s milo\u0161\u0107u i suosje\u0107anjem i uvijek im biti spremni pomo\u0107i u njihovim trenucima potrebe i tuge &#8230; Nadalje, definicija &#8216;susjeda&#8217; u islamu je izuzetno opse\u017ena i dalekose\u017ena. Ne uklju\u010duje samo ljude koji \u017eive u blizini, ve\u0107 uklju\u010duje i ljude koji \u017eive mnogo dalje, ne\u010dije suputnike, kolege s posla, podre\u0111ene i mnoge druge osobe.\u201d<\/strong><\/em><\/p><\/blockquote>\n<p>Nastavio je Hazreti Mirza Masroor Ahmad<sup>a.b.a.<\/sup>:<\/p>\n<blockquote><p><em><strong>\u201cU stvarnosti, djelokrug ne\u010dijih susjeda u islamu je toliko velik da se svi \u010dlanovi dru\u0161tva mogu smatrati na\u0161im susjedima i stoga je nastojanje pomo\u0107i svim \u010dlanovima \u010dovje\u010danstva da prevladaju svoju bol i tjeskobu vjerska du\u017enost muslimana Ahmadija.\u201d<\/strong><\/em><\/p><\/blockquote>\n<p><img loading=\"lazy\" decoding=\"async\" class=\"aligncenter size-full wp-image-2105\" src=\"http:\/\/www.ahmadiyya-islam.org\/hr\/wp-content\/uploads\/sites\/22\/2021\/11\/Screenshot_7.jpg\" alt=\"Humanity First conferencija 2021\" width=\"1023\" height=\"634\" srcset=\"https:\/\/www.ahmadiyya-islam.org\/hr\/wp-content\/uploads\/sites\/22\/2021\/11\/Screenshot_7.jpg 1023w, https:\/\/www.ahmadiyya-islam.org\/hr\/wp-content\/uploads\/sites\/22\/2021\/11\/Screenshot_7-300x186.jpg 300w, https:\/\/www.ahmadiyya-islam.org\/hr\/wp-content\/uploads\/sites\/22\/2021\/11\/Screenshot_7-768x476.jpg 768w\" sizes=\"auto, (max-width: 1023px) 100vw, 1023px\" \/><\/p>\n<p>Njegova Svetost je tako\u0111er govorio o potrebi skrbi i podr\u0161ke siro\u010dadi, bolesnima i potrebitima u dru\u0161tvu.<\/p>\n<p>Rekao je Hazreti Mirza Masroor Ahmad<sup>a.b.a.<\/sup>:<\/p>\n<blockquote><p><em><strong>\u201cPrenosi se da je \u010casni Poslanik<sup> s.a.v.s.<\/sup> jednom rekao: &#8216;Prona\u0111i me me\u0111u slabim i siroma\u0161nim. Sigurno ste opskrbljeni i potpomognuti samo zahvaljuju\u0107i va\u0161oj podr\u0161ci slabima i uskra\u0107enima.&#8217; Ovdje \u010casni Poslanik<sup> s.a.v.s.<\/sup> objavljuje da stoji rame uz rame s onima koji su slabi i bespomo\u0107ni i da ako osoba \u017eeli posti\u0107i svoju ljubav i ljubav prema Allahu, treba nastojati pomo\u0107i onima koji su bespomo\u0107ni i koji su \u017ertve nesre\u0107e.\u201d<\/strong><\/em><\/p><\/blockquote>\n<p>Govore\u0107i o stavu i razmi\u0161ljanju koje treba imati prema vr\u0161enju takve slu\u017ebe \u010dovje\u010danstvu, Hazreti Mirza Masroor Ahmad<sup>a.b.a.<\/sup> \u00a0je rekao:<em><strong>\u00a0<\/strong><\/em><\/p>\n<blockquote><p><em><strong>\u201cNikada nemojte dopustiti da vam bilo kakva prilika da slu\u017eite onima koji su zaglibljeni u siroma\u0161tvu ili te\u0161ko\u0107ama izmakne kroz prste i nikada, ne daj Bo\u017ee, nemojte dopustiti da vam u\u0111e u um ni trunke ponosa misle\u0107i da takvim ljudima \u010dinite uslugu. Umjesto toga, oni su ti koji vama \u010dine uslugu jer vam pru\u017eaju priliku da steknete Bo\u017eje zadovoljstvo i da uberete Njegove blagoslove i na ovom i na onom svijetu..\u201d<\/strong><\/em><\/p><\/blockquote>\n<p>Nastavio je Hazreti Mirza Masroor Ahmad<sup>a.b.a.<\/sup>:<\/p>\n<blockquote><p><em><strong>\u201cUvijek bi primarni fokus i \u017eelja svakog \u010dlana Humanity Firsta trebao biti slu\u017eiti interesima najslabijih \u010dlanova dru\u0161tva, umjesto da na bilo koji na\u010din slu\u017ei vlastitim interesima. Budite uvjereni da ako nesebi\u010dno slu\u017eite Allahovom Stvorenju i samo radi Njega, on \u0107e vas zasigurno nagraditi na ovom i na onom svijetu.\u201d<\/strong><\/em><\/p>\n<p><img loading=\"lazy\" decoding=\"async\" class=\"aligncenter size-full wp-image-2106\" src=\"http:\/\/www.ahmadiyya-islam.org\/hr\/wp-content\/uploads\/sites\/22\/2021\/11\/20211031_190149-A6E00700-1024x441-1.jpg\" alt=\"Humanity First conferencija 2021\" width=\"1024\" height=\"441\" srcset=\"https:\/\/www.ahmadiyya-islam.org\/hr\/wp-content\/uploads\/sites\/22\/2021\/11\/20211031_190149-A6E00700-1024x441-1.jpg 1024w, https:\/\/www.ahmadiyya-islam.org\/hr\/wp-content\/uploads\/sites\/22\/2021\/11\/20211031_190149-A6E00700-1024x441-1-300x129.jpg 300w, https:\/\/www.ahmadiyya-islam.org\/hr\/wp-content\/uploads\/sites\/22\/2021\/11\/20211031_190149-A6E00700-1024x441-1-768x331.jpg 768w\" sizes=\"auto, (max-width: 1024px) 100vw, 1024px\" \/><\/p><\/blockquote>\n<p>Njegova Svetost je naglasio da nadahnu\u0107e i nagon za slu\u017eenjem \u010dovje\u010danstvu dolaze iz u\u010denja islama i da Ahmadi muslimani nikada ne bi trebali bje\u017eati od ove istine i trebali bi to zapravo iskoristiti kao priliku da poka\u017eu blistave principe islama.<\/p>\n<p>Rekao je Hazreti Mirza Masroor Ahmad<sup>a.b.a.<\/sup>:<\/p>\n<blockquote><p><em><strong>\u201cGdje god Humanity First pru\u017ea bilo koju uslugu ili gdje god poziva na donacije, nastojte osigurati da ljudi znaju da ste nadahnuti prekrasnim u\u010denjem islama i da je va\u0161a vjera ta koja vas obvezuje da slu\u017eite drugima s empatijom i duhom velikodu\u0161nosti.\u201d<\/strong><\/em><\/p><\/blockquote>\n<p>Hazreti Mirza Masroor Ahmad<sup>a.b.a.<\/sup> \u00a0je objasnio da je ovaj duh nesebi\u010dnog slu\u017eenja koji proizlazi iz u\u010denja islama u dana\u0161nje vrijeme utjelovio osniva\u010d Ahmadija muslimanske zajednice, Obe\u0107ani Mesija Hazreti Mirza Ghulam Ahmad<sup>a.s.<\/sup>.<\/p>\n<p>Rekao je Hazreti Mirza Masroor Ahmad<sup>a.b.a.<\/sup>:<em><strong>\u00a0<\/strong><\/em><\/p>\n<blockquote><p><em><strong>\u201cJednom prilikom, govore\u0107i o ostvarivanju prava \u010dovje\u010danstva, osniva\u010d Ahmadija muslimanske zajednice je rekao: &#8216;Voljeti \u010dovje\u010danstvo i iskazivati \u200b\u200bsamilost prema drugima je ogroman oblik obo\u017eavanja Svemogu\u0107eg Boga i izvanredno sredstvo za postizanje Njegovog zadovoljstva i nagrade.&#8217; Prosvjetljuju\u0107i nas o tome kako slu\u017eiti \u010dovje\u010danstvu, Obe\u0107ani Mesija je rekao: &#8216;Uzvi\u0161eni Allah vi\u0161e puta nare\u0111uje da, bez obzira na vjeru ili nacionalnu pripadnost, pokazujete ljubav i samilost prema svim ljudima.&#8217; Allah nam nare\u0111uje da nahranimo gladne, oslobodimo one okovane u ropstvu, otplatimo zaostale dugove onima koji su zaglibili u dugovima, preuzmemo teret drugih i istinski ispunimo du\u017enosti koje dugujemo \u010dovje\u010danstvu.\u201d<\/strong><\/em><\/p><\/blockquote>\n<p>Pri kraju svog obra\u0107anja, Njegova Svetost poru\u010dio je \u010dlanovima udruge Humanity First da gledaju u budu\u0107nost i osiguraju njeno daljnje napredovanje.<\/p>\n<p>Rekao je Hazreti Mirza Masroor Ahmad<sup>a.b.a.<\/sup>:<\/p>\n<blockquote><p><em><strong>\u201cNa \u010dlanovima Humanity First-a je da ozbiljno te\u017ee tra\u017eenju pobolj\u0161anja i dobrobiti \u010dovje\u010danstvu. Nikad se nemojte opu\u0161tati ili osje\u0107ati zadovoljno onime \u0161to je pro\u0161lo. Radije gledajte u budu\u0107nost i vidite kako i gdje mo\u017eete pove\u0107ati opseg svoje slu\u017ebe za \u010dovje\u010danstvo. Va\u0161 bi cilj uvijek trebao biti pru\u017eiti maksimalnu mogu\u0107u uslugu, uz kori\u0161tenje minimalnih mogu\u0107ih resursa.\u201d\u00a0<\/strong><\/em><\/p><\/blockquote>\n<p>Nastavio je Hazreti Mirza Masroor Ahmad<sup>a.b.a.<\/sup>:<\/p>\n<blockquote><p><em><strong>\u201cSvakako, drago mi je \u0161to radnici i volonteri Humanity Firsta diljem svijeta slu\u017ee s velikim \u017earom i odlu\u010dno\u0161\u0107u te istinskim duhom slu\u017eenja i odanosti. Moja je molitva da se taj duh nikada ne smanji, nego da se samo pove\u0107a.\u201d<\/strong><\/em><\/p><\/blockquote>\n<p><img loading=\"lazy\" decoding=\"async\" class=\"aligncenter size-large wp-image-2107\" src=\"http:\/\/www.ahmadiyya-islam.org\/hr\/wp-content\/uploads\/sites\/22\/2021\/11\/Screenshot_7-1-1024x674.jpg\" alt=\"Humanity First conferencija 2021\" width=\"900\" height=\"592\" srcset=\"https:\/\/www.ahmadiyya-islam.org\/hr\/wp-content\/uploads\/sites\/22\/2021\/11\/Screenshot_7-1-1024x674.jpg 1024w, https:\/\/www.ahmadiyya-islam.org\/hr\/wp-content\/uploads\/sites\/22\/2021\/11\/Screenshot_7-1-300x197.jpg 300w, https:\/\/www.ahmadiyya-islam.org\/hr\/wp-content\/uploads\/sites\/22\/2021\/11\/Screenshot_7-1-768x505.jpg 768w, https:\/\/www.ahmadiyya-islam.org\/hr\/wp-content\/uploads\/sites\/22\/2021\/11\/Screenshot_7-1.jpg 1026w\" sizes=\"auto, (max-width: 900px) 100vw, 900px\" \/><\/p>\n<p>Zavr\u0161avaju\u0107i obra\u0107anje Hazreti Mirza Masroor Ahmad klanjao je dovu:<\/p>\n<blockquote><p><em><strong>\u201cNeka \u010dlanovi i volonteri Humanity Firsta na prvom mjestu budu oni koji su uvijek spremni obrisati suze onima koji su u nevolji ili na bilo koji na\u010din povrije\u0111eni. Budite uvijek spremni pomo\u0107i onim besprijekornim du\u0161ama, koje su \u017ertve svojih okolnosti, da prevladaju svoju tugu, o\u010daj i sr\u010danu bol.\u201d<\/strong><\/em><\/p><\/blockquote>\n<p>Nastavio je Hazreti Mirza Masroor Ahmad<sup>a.b.a.<\/sup>:<em><strong>\u00a0<\/strong><\/em><\/p>\n<blockquote><p><em><strong>\u201cBudite uvijek spremni pomo\u0107i tim besprijekornim du\u0161ama, koje su \u017ertve svojih okolnosti, da prevladaju svoju tugu, o\u010daj i sr\u010danu bol. Neka se uvijek zauzimate za prava slabih, uskra\u0107enih i ranjivih. Neka Allah omogu\u0107i svima vama da odigrate svoju ulogu u slu\u017eenju \u010dovje\u010danstvu i pomaganju onima koji su mu\u010deni te\u0161kim siroma\u0161tvom i neima\u0161tinom, da stanu na svoje noge. Neka Uzvi\u0161eni Allah prije svega blagoslovi napore \u010covje\u010danstva i da nikada ne napravi korak unatrag.\u201d<\/strong><\/em><\/p><\/blockquote>\n<p>Konferencija je zavr\u0161ena tihom molitvom koju je predvodio Njegova Svetost.<\/p>\n<p>Prije obra\u0107anja Njegove Svetosti, predsjedavaju\u0107i Humanity First International, Ahmad Yahya predstavio je izvje\u0161taj o djelima Humanity First Internationala u proteklih 26 godina. Neki od klju\u010dnih prekretnica u proteklih 26 godina uklju\u010duju:<\/p>\n<ul>\n<li>U okviru programa <strong>&#8216;Znanje za \u017eivot&#8217; djeluje vi\u0161e od 69 \u0161kola i 22 centra za obuku<\/strong>. Ove ustanove koristilo je 236.400 djece i 67.500 odraslih.<\/li>\n<li>U okviru programa <strong>&#8216;Voda za \u017eivot&#8217;, u suradnji s IAAAE, uspostavljen je 4161 bunar<\/strong>, pumpe za vodu i solarna postrojenja koja su opslu\u017eivala vi\u0161e od 4,5 milijuna ljudi.<\/li>\n<li>U okviru Inicijative za sigurnost hrane 3,2 milijuna ljudi imalo je koristi od izravne distribucije hrane, spremi\u0161ta hrane i banaka hrane.<\/li>\n<li>U sklopu &#8216;Kurban projekta&#8217; tijekom Kurban-bajrama, samo u protekloj godini kurbansko meso je podijeljeno u 56 zemalja za vi\u0161e od 550.000 ljudi. Projekt Kurban opslu\u017eio je 2,6 milijuna korisnika u proteklih 8 godina.<\/li>\n<li>U okviru Globalnog zdravstvenog programa Humanity First, nastavlja s radom 9 bolnica, klinika, medicinskih kampova i Gift of Sight projekata. U okviru ovog programa lije\u010deno je gotovo 568.000 pacijenata.<\/li>\n<li>COVID Relief Program u okviru Projekta pomo\u0107i u katastrofama pomogao je vi\u0161e od milijun ljudi u 78 zemalja i podijelio vi\u0161e od 13,5 milijuna obroka potrebitima.<\/li>\n<li>Tijekom proteklih 26 godina Humanity First je dosegnuo gotovo 11,2 milijuna korisnika i \u010dlanova.<\/li>\n<\/ul>\n","protected":false},"excerpt":{"rendered":"<p>\u201cBudite uvijek spremni da obri\u0161ete suze onima koji su u nevolji ili na bilo koji na\u010din povrije\u0111eni\u201d \u2013 Hazreti Mirza Masroor Ahmada.b.a. listopada 2021. &#8211; Svjetski poglavar muslimanske zajednice Ahmadija, peti Kalif, Njegova svetost, Hazreti Mirza Masroor Ahmada.b.a. odr\u017eao je govor nadahnut vjerom na Me\u0111unarodnoj konferenciji humanitarne organizacije Humanity First. Dvodnevni doga\u0111aj, koji je odr\u017ean<\/p>\n","protected":false},"featured_media":2101,"parent":0,"template":"","tags":[86,31],"article-cat":[343],"topics":[286,18,25],"authors":[],"content_source":[],"class_list":["post-2100","articles","type-articles","status-publish","has-post-thumbnail","hentry","tag-humanity-first","tag-siromastvo","article-cat-clanak","topics-drustvo","topics-humanity-first","topics-siromastvo"],"acf":[],"yoast_head":"<!-- This site is optimized with the Yoast SEO Premium plugin v21.1 (Yoast SEO v27.4) - https:\/\/yoast.com\/product\/yoast-seo-premium-wordpress\/ -->\n<title>Me\u0111unarodna konferencija Humanity First 2021<\/title>\n<meta name=\"description\" content=\"31.10.2021. Njegova svetost, Hazreti Mirza Masroor Ahmad odr\u017eao je govor na Me\u0111unarodnoj konferenciji humanitarne organizacije Humanity First\" \/>\n<meta name=\"robots\" content=\"index, follow, max-snippet:-1, max-image-preview:large, max-video-preview:-1\" \/>\n<link rel=\"canonical\" href=\"https:\/\/www.ahmadiyya-islam.org\/hr\/clanci\/medunarodna-konferencija-humanity-first-2021\/\" \/>\n<meta property=\"og:locale\" content=\"hr_HR\" \/>\n<meta property=\"og:type\" content=\"article\" \/>\n<meta property=\"og:title\" content=\"Me\u0111unarodna konferencija Humanity First 2021.\" \/>\n<meta property=\"og:description\" content=\"31.10.2021. Njegova svetost, Hazreti Mirza Masroor Ahmad odr\u017eao je govor na Me\u0111unarodnoj konferenciji humanitarne organizacije Humanity First\" \/>\n<meta property=\"og:url\" content=\"https:\/\/www.ahmadiyya-islam.org\/hr\/clanci\/medunarodna-konferencija-humanity-first-2021\/\" \/>\n<meta property=\"og:site_name\" content=\"Ahmadija muslimanski d\u017eamat\" \/>\n<meta property=\"article:modified_time\" content=\"2022-02-18T11:52:08+00:00\" \/>\n<meta property=\"og:image\" content=\"http:\/\/www.ahmadiyya-islam.org\/hr\/wp-content\/uploads\/sites\/22\/2021\/11\/Humanity-First-conferencija-2021-1-.jpg\" \/>\n\t<meta property=\"og:image:width\" content=\"1650\" \/>\n\t<meta property=\"og:image:height\" content=\"750\" \/>\n\t<meta property=\"og:image:type\" content=\"image\/jpeg\" \/>\n<meta name=\"twitter:card\" content=\"summary_large_image\" \/>\n<meta name=\"twitter:label1\" content=\"Procijenjeno vrijeme \u010ditanja\" \/>\n\t<meta name=\"twitter:data1\" content=\"9 minuta\" \/>\n<script type=\"application\/ld+json\" class=\"yoast-schema-graph\">{\"@context\":\"https:\\\/\\\/schema.org\",\"@graph\":[{\"@type\":\"WebPage\",\"@id\":\"https:\\\/\\\/www.ahmadiyya-islam.org\\\/hr\\\/clanci\\\/medunarodna-konferencija-humanity-first-2021\\\/\",\"url\":\"https:\\\/\\\/www.ahmadiyya-islam.org\\\/hr\\\/clanci\\\/medunarodna-konferencija-humanity-first-2021\\\/\",\"name\":\"Me\u0111unarodna konferencija Humanity First 2021\",\"isPartOf\":{\"@id\":\"https:\\\/\\\/www.ahmadiyya-islam.org\\\/hr\\\/#website\"},\"primaryImageOfPage\":{\"@id\":\"https:\\\/\\\/www.ahmadiyya-islam.org\\\/hr\\\/clanci\\\/medunarodna-konferencija-humanity-first-2021\\\/#primaryimage\"},\"image\":{\"@id\":\"https:\\\/\\\/www.ahmadiyya-islam.org\\\/hr\\\/clanci\\\/medunarodna-konferencija-humanity-first-2021\\\/#primaryimage\"},\"thumbnailUrl\":\"https:\\\/\\\/www.ahmadiyya-islam.org\\\/hr\\\/wp-content\\\/uploads\\\/sites\\\/22\\\/2021\\\/11\\\/Humanity-First-conferencija-2021-1-.jpg\",\"datePublished\":\"2021-11-07T11:28:01+00:00\",\"dateModified\":\"2022-02-18T11:52:08+00:00\",\"description\":\"31.10.2021. Njegova svetost, Hazreti Mirza Masroor Ahmad odr\u017eao je govor na Me\u0111unarodnoj konferenciji humanitarne organizacije Humanity First\",\"breadcrumb\":{\"@id\":\"https:\\\/\\\/www.ahmadiyya-islam.org\\\/hr\\\/clanci\\\/medunarodna-konferencija-humanity-first-2021\\\/#breadcrumb\"},\"inLanguage\":\"hr\",\"potentialAction\":[{\"@type\":\"ReadAction\",\"target\":[\"https:\\\/\\\/www.ahmadiyya-islam.org\\\/hr\\\/clanci\\\/medunarodna-konferencija-humanity-first-2021\\\/\"]}]},{\"@type\":\"ImageObject\",\"inLanguage\":\"hr\",\"@id\":\"https:\\\/\\\/www.ahmadiyya-islam.org\\\/hr\\\/clanci\\\/medunarodna-konferencija-humanity-first-2021\\\/#primaryimage\",\"url\":\"https:\\\/\\\/www.ahmadiyya-islam.org\\\/hr\\\/wp-content\\\/uploads\\\/sites\\\/22\\\/2021\\\/11\\\/Humanity-First-conferencija-2021-1-.jpg\",\"contentUrl\":\"https:\\\/\\\/www.ahmadiyya-islam.org\\\/hr\\\/wp-content\\\/uploads\\\/sites\\\/22\\\/2021\\\/11\\\/Humanity-First-conferencija-2021-1-.jpg\",\"width\":1650,\"height\":750,\"caption\":\"Humanity First conferencija 2021\"},{\"@type\":\"BreadcrumbList\",\"@id\":\"https:\\\/\\\/www.ahmadiyya-islam.org\\\/hr\\\/clanci\\\/medunarodna-konferencija-humanity-first-2021\\\/#breadcrumb\",\"itemListElement\":[{\"@type\":\"ListItem\",\"position\":1,\"name\":\"Home\",\"item\":\"https:\\\/\\\/www.ahmadiyya-islam.org\\\/hr\\\/\"},{\"@type\":\"ListItem\",\"position\":2,\"name\":\"\u010clanci\",\"item\":\"https:\\\/\\\/www.ahmadiyya-islam.org\\\/hr\\\/clanci\\\/\"},{\"@type\":\"ListItem\",\"position\":3,\"name\":\"Me\u0111unarodna konferencija Humanity First 2021.\"}]},{\"@type\":\"WebSite\",\"@id\":\"https:\\\/\\\/www.ahmadiyya-islam.org\\\/hr\\\/#website\",\"url\":\"https:\\\/\\\/www.ahmadiyya-islam.org\\\/hr\\\/\",\"name\":\"Ahmadija muslimanski d\u017eamat\",\"description\":\"Hrvatska\",\"potentialAction\":[{\"@type\":\"SearchAction\",\"target\":{\"@type\":\"EntryPoint\",\"urlTemplate\":\"https:\\\/\\\/www.ahmadiyya-islam.org\\\/hr\\\/?s={search_term_string}\"},\"query-input\":{\"@type\":\"PropertyValueSpecification\",\"valueRequired\":true,\"valueName\":\"search_term_string\"}}],\"inLanguage\":\"hr\"}]}<\/script>\n<!-- \/ Yoast SEO Premium plugin. -->","yoast_head_json":{"title":"Me\u0111unarodna konferencija Humanity First 2021","description":"31.10.2021. Njegova svetost, Hazreti Mirza Masroor Ahmad odr\u017eao je govor na Me\u0111unarodnoj konferenciji humanitarne organizacije Humanity First","robots":{"index":"index","follow":"follow","max-snippet":"max-snippet:-1","max-image-preview":"max-image-preview:large","max-video-preview":"max-video-preview:-1"},"canonical":"https:\/\/www.ahmadiyya-islam.org\/hr\/clanci\/medunarodna-konferencija-humanity-first-2021\/","og_locale":"hr_HR","og_type":"article","og_title":"Me\u0111unarodna konferencija Humanity First 2021.","og_description":"31.10.2021. Njegova svetost, Hazreti Mirza Masroor Ahmad odr\u017eao je govor na Me\u0111unarodnoj konferenciji humanitarne organizacije Humanity First","og_url":"https:\/\/www.ahmadiyya-islam.org\/hr\/clanci\/medunarodna-konferencija-humanity-first-2021\/","og_site_name":"Ahmadija muslimanski d\u017eamat","article_modified_time":"2022-02-18T11:52:08+00:00","og_image":[{"width":1650,"height":750,"url":"http:\/\/www.ahmadiyya-islam.org\/hr\/wp-content\/uploads\/sites\/22\/2021\/11\/Humanity-First-conferencija-2021-1-.jpg","type":"image\/jpeg"}],"twitter_card":"summary_large_image","twitter_misc":{"Procijenjeno vrijeme \u010ditanja":"9 minuta"},"schema":{"@context":"https:\/\/schema.org","@graph":[{"@type":"WebPage","@id":"https:\/\/www.ahmadiyya-islam.org\/hr\/clanci\/medunarodna-konferencija-humanity-first-2021\/","url":"https:\/\/www.ahmadiyya-islam.org\/hr\/clanci\/medunarodna-konferencija-humanity-first-2021\/","name":"Me\u0111unarodna konferencija Humanity First 2021","isPartOf":{"@id":"https:\/\/www.ahmadiyya-islam.org\/hr\/#website"},"primaryImageOfPage":{"@id":"https:\/\/www.ahmadiyya-islam.org\/hr\/clanci\/medunarodna-konferencija-humanity-first-2021\/#primaryimage"},"image":{"@id":"https:\/\/www.ahmadiyya-islam.org\/hr\/clanci\/medunarodna-konferencija-humanity-first-2021\/#primaryimage"},"thumbnailUrl":"https:\/\/www.ahmadiyya-islam.org\/hr\/wp-content\/uploads\/sites\/22\/2021\/11\/Humanity-First-conferencija-2021-1-.jpg","datePublished":"2021-11-07T11:28:01+00:00","dateModified":"2022-02-18T11:52:08+00:00","description":"31.10.2021. Njegova svetost, Hazreti Mirza Masroor Ahmad odr\u017eao je govor na Me\u0111unarodnoj konferenciji humanitarne organizacije Humanity First","breadcrumb":{"@id":"https:\/\/www.ahmadiyya-islam.org\/hr\/clanci\/medunarodna-konferencija-humanity-first-2021\/#breadcrumb"},"inLanguage":"hr","potentialAction":[{"@type":"ReadAction","target":["https:\/\/www.ahmadiyya-islam.org\/hr\/clanci\/medunarodna-konferencija-humanity-first-2021\/"]}]},{"@type":"ImageObject","inLanguage":"hr","@id":"https:\/\/www.ahmadiyya-islam.org\/hr\/clanci\/medunarodna-konferencija-humanity-first-2021\/#primaryimage","url":"https:\/\/www.ahmadiyya-islam.org\/hr\/wp-content\/uploads\/sites\/22\/2021\/11\/Humanity-First-conferencija-2021-1-.jpg","contentUrl":"https:\/\/www.ahmadiyya-islam.org\/hr\/wp-content\/uploads\/sites\/22\/2021\/11\/Humanity-First-conferencija-2021-1-.jpg","width":1650,"height":750,"caption":"Humanity First conferencija 2021"},{"@type":"BreadcrumbList","@id":"https:\/\/www.ahmadiyya-islam.org\/hr\/clanci\/medunarodna-konferencija-humanity-first-2021\/#breadcrumb","itemListElement":[{"@type":"ListItem","position":1,"name":"Home","item":"https:\/\/www.ahmadiyya-islam.org\/hr\/"},{"@type":"ListItem","position":2,"name":"\u010clanci","item":"https:\/\/www.ahmadiyya-islam.org\/hr\/clanci\/"},{"@type":"ListItem","position":3,"name":"Me\u0111unarodna konferencija Humanity First 2021."}]},{"@type":"WebSite","@id":"https:\/\/www.ahmadiyya-islam.org\/hr\/#website","url":"https:\/\/www.ahmadiyya-islam.org\/hr\/","name":"Ahmadija muslimanski d\u017eamat","description":"Hrvatska","potentialAction":[{"@type":"SearchAction","target":{"@type":"EntryPoint","urlTemplate":"https:\/\/www.ahmadiyya-islam.org\/hr\/?s={search_term_string}"},"query-input":{"@type":"PropertyValueSpecification","valueRequired":true,"valueName":"search_term_string"}}],"inLanguage":"hr"}]}},"_links":{"self":[{"href":"https:\/\/www.ahmadiyya-islam.org\/hr\/wp-json\/wp\/v2\/articles\/2100","targetHints":{"allow":["GET"]}}],"collection":[{"href":"https:\/\/www.ahmadiyya-islam.org\/hr\/wp-json\/wp\/v2\/articles"}],"about":[{"href":"https:\/\/www.ahmadiyya-islam.org\/hr\/wp-json\/wp\/v2\/types\/articles"}],"version-history":[{"count":1,"href":"https:\/\/www.ahmadiyya-islam.org\/hr\/wp-json\/wp\/v2\/articles\/2100\/revisions"}],"predecessor-version":[{"id":2110,"href":"https:\/\/www.ahmadiyya-islam.org\/hr\/wp-json\/wp\/v2\/articles\/2100\/revisions\/2110"}],"wp:featuredmedia":[{"embeddable":true,"href":"https:\/\/www.ahmadiyya-islam.org\/hr\/wp-json\/wp\/v2\/media\/2101"}],"wp:attachment":[{"href":"https:\/\/www.ahmadiyya-islam.org\/hr\/wp-json\/wp\/v2\/media?parent=2100"}],"wp:term":[{"taxonomy":"post_tag","embeddable":true,"href":"https:\/\/www.ahmadiyya-islam.org\/hr\/wp-json\/wp\/v2\/tags?post=2100"},{"taxonomy":"article-cat","embeddable":true,"href":"https:\/\/www.ahmadiyya-islam.org\/hr\/wp-json\/wp\/v2\/article-cat?post=2100"},{"taxonomy":"topics","embeddable":true,"href":"https:\/\/www.ahmadiyya-islam.org\/hr\/wp-json\/wp\/v2\/topics?post=2100"},{"taxonomy":"authors","embeddable":true,"href":"https:\/\/www.ahmadiyya-islam.org\/hr\/wp-json\/wp\/v2\/authors?post=2100"},{"taxonomy":"content_source","embeddable":true,"href":"https:\/\/www.ahmadiyya-islam.org\/hr\/wp-json\/wp\/v2\/content_source?post=2100"}],"curies":[{"name":"wp","href":"https:\/\/api.w.org\/{rel}","templated":true}]}}