{"id":2058,"date":"2021-08-20T12:20:31","date_gmt":"2021-08-20T12:20:31","guid":{"rendered":"https:\/\/www.ahmadiyya-islam.org\/hr\/?post_type=articles&#038;p=2058"},"modified":"2022-02-18T12:10:07","modified_gmt":"2022-02-18T12:10:07","slug":"znanje-je-svjetlost-traziti-znanje-od-kolijevke-do-groba","status":"publish","type":"articles","link":"https:\/\/www.ahmadiyya-islam.org\/hr\/clanci\/znanje-je-svjetlost-traziti-znanje-od-kolijevke-do-groba\/","title":{"rendered":"Znanje je svjetlost &#8211; \u201etra\u017eiti znanje od kolijevke do groba\u201d"},"content":{"rendered":"<p><strong>Utemeljitelj islama, \u010casni Poslanik Muhammed<sup>s.a.v.s.<\/sup> stavio je veliki naglasak na u\u010denje. Njegovo je posebno uputstvo bilo \u201etra\u017eiti znanje od kolijevke do groba.\u201d<\/strong><a href=\"#_edn1\" name=\"_ednref1\">[i]<\/a><\/p>\n<p>Skoro smo pri kraju \u0161kolskih praznika i uskoro \u0107e nam djeca krenuti u \u0161kolu kako bi u\u0161li u novu \u0161kolsku godinu. To je blagoslov koji obi\u010dno uzimamo zdravo za gotovo, ali nije dostupan velikom broju djece diljem svijeta. Umjesto da poha\u0111aju \u0161kolu, \u010desto moraju pomo\u0107i roditeljima da zarade kako bi pre\u017eivjeli u te\u0161kim okolnostima u kojima \u017eive. U mnogim drugim scenarijima njihovo odsustvovanje iz \u0161kole posljedica je nedostatka obrazovne infrastrukture ili jednostavno zbog izrazitog siroma\u0161tva.<\/p>\n<p>Prema podacima UIS -a iz 2018.<strong> oko 258 milijuna djece i mladih ne poha\u0111a \u0161kolu<\/strong>.<a href=\"#_edn2\" name=\"_ednref2\">[ii]<\/a> Brojevi su se zasigurno pogor\u0161ali posljednjih godina ako uzmemo u obzir rastu\u0107e sukobe i ratna podru\u010dja.<\/p>\n<p>Stoga se u svojim molitvama uvijek trebamo sjetiti te djece kojima obrazovanje nije dostupno. Zanimljiva stvar ovdje je da djeca nikada nisu kriva ako ne mogu poha\u0111ati \u0161kolu. I to je zbog nas neodgovornih odraslih koji smo lo\u0161i politi\u010dari i to na globalnoj razini ili smo zaglavljeni u pohlepnim sebi\u010dnim ekonomskim dobicima zbog kojih ne brinemo o svojoj djeci.<\/p>\n<p><strong>Tko ne zna \u010dinjenicu da su djeca budu\u0107nost?<\/strong> Za\u0161to nam je onda toliko stalo do njih? Broj siroma\u0161ne djece raste iz dana u dan, \u010dak i u Europi. Hrvatska se suo\u010dava i suo\u010dit \u0107e se s istim problemom. Sada je vrijeme za dobro ulaganje, ulaganje u budu\u0107nost i za na\u0161u djecu.<\/p>\n<p>Znanje je prosvjetljenje. Kakav ve\u0107i dar od prosvjetljenja znanjem mo\u017eemo dati svojoj djeci za budu\u0107i prosperitet? Da bismo razumjeli \u0161to zna\u010di prosvjetljenje znanjem, moramo prvo primijeniti izreku \u010casnog Poslanika<sup>s.a.v.s.<\/sup> da tra\u017eenje znanja po\u010dinje od kolijevke i zavr\u0161ava u grobu. To zna\u010di da i prije upisa u \u0161kolu zapo\u010dinje proces obrazovanja. U\u010dimo svoju djecu, ja sam vam majka i ja sam vam otac, u\u010dimo ih pozdravljati, ponekad ih u\u010dimo abecedi i brojevima, u\u010dimo ih da nam govore \u0161to im treba i u\u010dimo ih da postoji jedan Bog koji ih \u010duva i spa\u0161ava, a On slu\u0161a na\u0161e molitve.<\/p>\n<p><strong>Koliko je veza s Bogom elementarna za dobar odgoj djece mo\u017ee se do\u017eivjeti iz ove poznate pri\u010de ispri\u010dane na potkontinentu:<\/strong><\/p>\n<p>Ka\u017eu da je u udaljenom selu jedan vrlo nje\u017ean i skroman dje\u010dak poha\u0111ao \u0161kolu, ali su njegovi kolege bili ljubomorni na njega. Jednog dana njegovi su se kolege suo\u010dili s u\u010diteljem i rekli za\u0161to vam je dra\u017ei od nas i za\u0161to mislite da je bolji u\u010denik? U\u010ditelji su rekli, bez problema prihva\u0107am va\u0161e kriti\u010dare, me\u0111utim ja imam rje\u0161enje za problem. Dat \u0107u vam zadatak i onaj tko izvr\u0161i zadatak dobit \u0107e titulu najboljeg u\u010denika. U\u010ditelj je rekao, zadatak je \u017ertvovati kozu na mjestu gdje vas nitko ne mo\u017ee vidjeti.<\/p>\n<p>Sljede\u0107eg dana svi su vrlo ponosno u\u0161li u razred. Jedan po jedan po\u010deli su pri\u010dati svoju uspje\u0161nu pri\u010du. Jedan je rekao da je oti\u0161ao iza ku\u0107e kako bi \u017ertvovao \u017eivotinju i nitko ga nije vidio, drugi je rekao da je pri\u010dekao da padne mrak i \u017ertvovao \u017eivotinju iza nekog drve\u0107a i nitko ga nije vidio, a tre\u0107i je rekao da je odnio kozu u spremi\u0161te i zaklju\u010dao vrata iza sebe kako bi bio siguran da ga nitko ne mo\u017ee vidjeti.<\/p>\n<p>Kona\u010dno je do\u0161ao red na onog dje\u010daka na kojeg su svi bili ljubomorni. Razred je \u017eelio \u010duti \u0161to \u0107e re\u0107i. Rekao je tiho da nije \u017ertvovao \u017eivotinju. \u010cim je izgovorio ove rije\u010di, razred se prolomio u smijeh i rekao u\u010diteljici, sad vidite, on uop\u0107e nije ispunio zadatak koji ste nam dali. Kako mo\u017ee biti bolji od nas?<\/p>\n<p>U\u010diteljica je pri\u010dekala da se razred smiri, a zatim ga ljubazno upitala, \u0161to se dogodilo? <strong>Dje\u010dak je odgovorio da je i\u0161ao na razli\u010dita mjesta i svaki put kad je poku\u0161ao na\u0107i mjesto gdje ga nitko ne mo\u017ee vidjeti, postao je svjestan Boga, da je Bog posvuda. Bog je iza ku\u0107e, u mraku i iza drve\u0107a, Bog je \u010dak i u zaklju\u010danoj sobi.<\/strong> Nakon \u0161to je odgovorio, razred je utihnuo u znak zahvalnosti.<\/p>\n<p>Ova jednostavna, ali elementarna lekcija veliki je korak prema prosvjetljenju, posebno kako biste nau\u010dili kako na pravi na\u010din iskoristiti znanje koje ste stekli tijekom \u017eivota.<\/p>\n<p>Iako \u0161kola pru\u017ea osnovno obrazovanje i nakon mnogo dodatnih godina studija neki postaju lije\u010dnici, znanstvenici, odvjetnici ili otvaraju vlastiti posao. Me\u0111utim, jedino \u0161to ne nau\u010de u \u0161koli je ono \u0161to su moralne vrijednosti, \u0161to je prava pravda, kako komunicirati s ljudima na skroman na\u010din i \u0161to suosje\u0107anje zapravo zna\u010di. Da, neki se ovdje mo\u017eda ne sla\u017eu, ali dopu\u0161tam vam da vas uvjerim da \u0161kola samo malo dodiruje ta specifi\u010dna podru\u010dja obrazovanja bez odgovaraju\u0107e provedbe. I dalje su roditelji ti koji pru\u017eaju ovu specifi\u010dnu vrstu obrazovanja vlastitim primjerom ili pona\u0161anjem pretvaraju\u0107i ga u djela. Drugim rije\u010dima, odgoj djece igra veliku ulogu u njihovom prosvjetljenju.<\/p>\n<p><strong>Jeste li ikada \u010duli da je netko studirao ekonomiju i doktorirao te da nam govori da pametan poslovni \u010dovjek ne bi trebao tra\u017eiti ve\u0107i profit u svom poslu, ve\u0107 se koncentrirati na to da razumni dio vrati zaposlenicima ili u dobrotvorne svrhe?<\/strong><\/p>\n<p>Ukratko, odgoj i obrazovanje ste\u010deno u \u0161koli daju na\u0161oj djeci bolju budu\u0107nost. Budu\u0107nost koja \u0107e im omogu\u0107iti razmi\u0161ljanje o problemima u kojima je na\u0161 svijet zaglavljen. Oni \u0107e, uz pomo\u0107 Svemogu\u0107eg Boga, mo\u0107i zaobi\u0107i ta pitanja i nadamo se da \u0107e zaustaviti krug siroma\u0161tva koji je \u010dovjek stvorio vlastitom rukom, zaustaviti klimatske promjene i promijeniti na\u0161 na\u010din \u017eivota prema onome \u0161to je vi\u0161e u skladu s prirodom i da \u0107e, nadamo se, postati ljudi koji se boje Boga i koji \u0107e shvatiti va\u017enost Boga u vremenu u kojem se smatra da vi\u0161e ne postoji.<\/p>\n<p>\u010casni Kur&#8217;an nas u\u010di vrlo kratkoj, ali sna\u017enoj molitvi:<\/p>\n<p><strong>\u201cO Gospodaru moj, pove\u0107aj mi znanje.\u201d<\/strong><a href=\"#_edn3\" name=\"_ednref3\"><sup>[iii]<\/sup><\/a><\/p>\n<p>Napomena: Ova nas molitva u\u010di da te\u017eimo svakoj vrsti znanja. Ne postoje granice znanja. Me\u0111utim, ako steknemo znanje uz Bo\u017eju pomo\u0107, nau\u010dit \u0107emo i koristiti svoje znanje na pravi na\u010din. Kao rezultat toga do\u017eivljavamo ono \u0161to nazivamo prosvjetljenjem. To nas dovodi do razine daleko iznad mudrosti.<\/p>\n<p>Molim se i nadam se da \u0107emo nastaviti moliti ovu molitvu. U svjetlu ove molitve i kako bih djeci omogu\u0107io dobar po\u010detak \u0161kolovanja, \u017eelio bih podijeliti neke vijesti o teku\u0107em humanitarnom projektu Humanity First u suradnji s vjerskom udrugom Ahmadijom. Razvijen je projekt za potrebitu i ugro\u017eenu djecu koja poha\u0111aju novu \u0161kolsku godinu. Tijekom ove humanitarne akcije koja je zapo\u010dela u \u010detvrtak, torbe i \u0161kolski pribor donirani su Domu Caritasu u Brezovici i Domu bez roditelja u Leskovcu. Osim toga, po\u010detkom sljede\u0107eg mjeseca u suradnji sa \u0161kolom u Brezovici, Soblincu, Horvatima i Ka\u0161ini ukupno \u0107e 143 djece iz socijalno ugro\u017eenih obitelji dobiti \u0161kolsku opremu za lak\u0161i i radosniji polazak u novu \u0161kolsku godinu 2021\/2022.<\/p>\n<p><strong>Velika je radost djetetu kupiti \u0161kolsku torbu kako bi moglo ponosno poha\u0111ati \u0161kolu. Ako \u017eelite do\u017eivjeti taj osje\u0107aj, prvo se mo\u017eete obratiti Humanity First-u kako biste bili dio takvog projekta ili samo pogledajte u svom susjedstvu i dajte ljubaznu donaciju potrebitoj obitelji koja \u017eivi pokraj vas.<\/strong><\/p>\n<p>Mi kao ljudi \u010desto imamo vi\u0161e nego \u0161to mislimo. Kad odlu\u010dimo davati i dijeliti, zapravo shva\u0107amo koliko smo bogati. Istodobno shva\u0107amo koliko neki drugi imaju manje. Ako mislite da je te\u0161ko kupiti torbu za siroma\u0161no dijete, po\u010dnite s manjom donacijom. Jo\u0161 jedna dobra stvar za odr\u017eavanje svijesti o potrebitima jest postaviti si pitanje, kada sam zadnji put dao ne\u0161to u dobrotvorne svrhe? Nadam se da odgovor na to pitanje ne\u0107e ostati prazan niti daleko u pro\u0161losti.<\/p>\n<p><strong>Daj Bo\u017ee da shvatimo va\u017enost obrazovanja. I da shvatimo svoju odgovornost kako bismo bili sigurni da svakom djetetu u svakoj zemlji treba dati po\u0161tenu priliku da stekne obrazovanje i \u0161kolovanje.<\/strong><\/p>\n<h3>Povezan:<\/h3>\n<ul>\n<li><a href=\"https:\/\/www.ahmadiyya-islam.org\/hr\/clanci\/unesco-islamska-nacela-o-obrazovanju-i-sluzbi-covjecanstvu\/\">UNESCO \u2013 Islamska na\u010dela o obrazovanju i slu\u017ebi \u010dovje\u010danstvu<\/a><\/li>\n<li><a href=\"https:\/\/www.ahmadiyya-islam.org\/hr\/humanity-first\/humanity-first-hrvatska\/znanje-je-svjetlost-kratko-izvjesce-2021\/\">Znanje je svjetlost &#8211; kratko izvje\u0161\u0107e 2021.<\/a><\/li>\n<li><a href=\"https:\/\/www.ahmadiyya-islam.org\/hr\/molitve\/molitva-za-povecanje-znanja\/\">Molitva za pove\u0107anje znanja<\/a><\/li>\n<\/ul>\n<hr \/>\n<p><strong>Zavr\u0161ne bilje\u0161ke:<\/strong><\/p>\n<p><a href=\"#_ednref1\" name=\"_edn1\">[i]<\/a> The Holy Prophet of Islam, Quoted from\u00a0<em>Pathway to Paradise<\/em>, 1st Ed, 1999 p.29<br \/>\n<a href=\"#_ednref2\" name=\"_edn2\">[ii]<\/a> http:\/\/uis.unesco.org\/en\/topic\/out-school-children-and-youth<br \/>\n<a href=\"#_ednref3\" name=\"_edn3\">[iii]<\/a> <em>\u010casni Kur\u2019an 20:115\u00a0<\/em><\/p>\n","protected":false},"excerpt":{"rendered":"<p>\u010casni Poslanik Muhammed stavio je veliki naglasak na u\u010denje. Prema podacima UIS -a iz 2018. oko 258 milijuna djece i mladih ne poha\u0111a \u0161kolu.<\/p>\n","protected":false},"featured_media":2059,"parent":0,"template":"","tags":[86,114,31,121],"article-cat":[261],"topics":[18,277],"authors":[],"content_source":[],"class_list":["post-2058","articles","type-articles","status-publish","has-post-thumbnail","hentry","tag-humanity-first","tag-obrazovanje","tag-siromastvo","tag-znanje-je-svjetlost","article-cat-kolumne-petkom","topics-humanity-first","topics-obrazovanje"],"acf":[],"yoast_head":"<!-- This site is optimized with the Yoast SEO Premium plugin v21.1 (Yoast SEO v27.4) - https:\/\/yoast.com\/product\/yoast-seo-premium-wordpress\/ -->\n<title>Znanje je svjetlost - \u201etra\u017eiti znanje od kolijevke do groba\u201d<\/title>\n<meta name=\"description\" content=\"\u010casni Poslanik Muhammed stavio je veliki naglasak na u\u010denje. Prema podacima UIS -a iz 2018. oko 258 milijuna djece i mladih ne poha\u0111a \u0161kolu.\" \/>\n<meta name=\"robots\" content=\"index, follow, max-snippet:-1, max-image-preview:large, max-video-preview:-1\" \/>\n<link rel=\"canonical\" href=\"https:\/\/www.ahmadiyya-islam.org\/hr\/clanci\/znanje-je-svjetlost-traziti-znanje-od-kolijevke-do-groba\/\" \/>\n<meta property=\"og:locale\" content=\"hr_HR\" \/>\n<meta property=\"og:type\" content=\"article\" \/>\n<meta property=\"og:title\" content=\"Znanje je svjetlost - \u201etra\u017eiti znanje od kolijevke do groba\u201d\" \/>\n<meta property=\"og:description\" content=\"\u010casni Poslanik Muhammed stavio je veliki naglasak na u\u010denje. Prema podacima UIS -a iz 2018. oko 258 milijuna djece i mladih ne poha\u0111a \u0161kolu.\" \/>\n<meta property=\"og:url\" content=\"https:\/\/www.ahmadiyya-islam.org\/hr\/clanci\/znanje-je-svjetlost-traziti-znanje-od-kolijevke-do-groba\/\" \/>\n<meta property=\"og:site_name\" content=\"Ahmadija muslimanski d\u017eamat\" \/>\n<meta property=\"article:modified_time\" content=\"2022-02-18T12:10:07+00:00\" \/>\n<meta property=\"og:image\" content=\"http:\/\/www.ahmadiyya-islam.org\/hr\/wp-content\/uploads\/sites\/22\/2021\/09\/Znanje-je-svjetlost-.jpg\" \/>\n\t<meta property=\"og:image:width\" content=\"1650\" \/>\n\t<meta property=\"og:image:height\" content=\"750\" \/>\n\t<meta property=\"og:image:type\" content=\"image\/jpeg\" \/>\n<meta name=\"twitter:card\" content=\"summary_large_image\" \/>\n<meta name=\"twitter:label1\" content=\"Procijenjeno vrijeme \u010ditanja\" \/>\n\t<meta name=\"twitter:data1\" content=\"6 minuta\" \/>\n<script type=\"application\/ld+json\" class=\"yoast-schema-graph\">{\"@context\":\"https:\\\/\\\/schema.org\",\"@graph\":[{\"@type\":\"WebPage\",\"@id\":\"https:\\\/\\\/www.ahmadiyya-islam.org\\\/hr\\\/clanci\\\/znanje-je-svjetlost-traziti-znanje-od-kolijevke-do-groba\\\/\",\"url\":\"https:\\\/\\\/www.ahmadiyya-islam.org\\\/hr\\\/clanci\\\/znanje-je-svjetlost-traziti-znanje-od-kolijevke-do-groba\\\/\",\"name\":\"Znanje je svjetlost - \u201etra\u017eiti znanje od kolijevke do groba\u201d\",\"isPartOf\":{\"@id\":\"https:\\\/\\\/www.ahmadiyya-islam.org\\\/hr\\\/#website\"},\"primaryImageOfPage\":{\"@id\":\"https:\\\/\\\/www.ahmadiyya-islam.org\\\/hr\\\/clanci\\\/znanje-je-svjetlost-traziti-znanje-od-kolijevke-do-groba\\\/#primaryimage\"},\"image\":{\"@id\":\"https:\\\/\\\/www.ahmadiyya-islam.org\\\/hr\\\/clanci\\\/znanje-je-svjetlost-traziti-znanje-od-kolijevke-do-groba\\\/#primaryimage\"},\"thumbnailUrl\":\"https:\\\/\\\/www.ahmadiyya-islam.org\\\/hr\\\/wp-content\\\/uploads\\\/sites\\\/22\\\/2021\\\/09\\\/Znanje-je-svjetlost-.jpg\",\"datePublished\":\"2021-08-20T12:20:31+00:00\",\"dateModified\":\"2022-02-18T12:10:07+00:00\",\"description\":\"\u010casni Poslanik Muhammed stavio je veliki naglasak na u\u010denje. Prema podacima UIS -a iz 2018. oko 258 milijuna djece i mladih ne poha\u0111a \u0161kolu.\",\"breadcrumb\":{\"@id\":\"https:\\\/\\\/www.ahmadiyya-islam.org\\\/hr\\\/clanci\\\/znanje-je-svjetlost-traziti-znanje-od-kolijevke-do-groba\\\/#breadcrumb\"},\"inLanguage\":\"hr\",\"potentialAction\":[{\"@type\":\"ReadAction\",\"target\":[\"https:\\\/\\\/www.ahmadiyya-islam.org\\\/hr\\\/clanci\\\/znanje-je-svjetlost-traziti-znanje-od-kolijevke-do-groba\\\/\"]}]},{\"@type\":\"ImageObject\",\"inLanguage\":\"hr\",\"@id\":\"https:\\\/\\\/www.ahmadiyya-islam.org\\\/hr\\\/clanci\\\/znanje-je-svjetlost-traziti-znanje-od-kolijevke-do-groba\\\/#primaryimage\",\"url\":\"https:\\\/\\\/www.ahmadiyya-islam.org\\\/hr\\\/wp-content\\\/uploads\\\/sites\\\/22\\\/2021\\\/09\\\/Znanje-je-svjetlost-.jpg\",\"contentUrl\":\"https:\\\/\\\/www.ahmadiyya-islam.org\\\/hr\\\/wp-content\\\/uploads\\\/sites\\\/22\\\/2021\\\/09\\\/Znanje-je-svjetlost-.jpg\",\"width\":1650,\"height\":750,\"caption\":\"Znanje je svjetlost - Humanity First\"},{\"@type\":\"BreadcrumbList\",\"@id\":\"https:\\\/\\\/www.ahmadiyya-islam.org\\\/hr\\\/clanci\\\/znanje-je-svjetlost-traziti-znanje-od-kolijevke-do-groba\\\/#breadcrumb\",\"itemListElement\":[{\"@type\":\"ListItem\",\"position\":1,\"name\":\"Home\",\"item\":\"https:\\\/\\\/www.ahmadiyya-islam.org\\\/hr\\\/\"},{\"@type\":\"ListItem\",\"position\":2,\"name\":\"\u010clanci\",\"item\":\"https:\\\/\\\/www.ahmadiyya-islam.org\\\/hr\\\/clanci\\\/\"},{\"@type\":\"ListItem\",\"position\":3,\"name\":\"Znanje je svjetlost &#8211; \u201etra\u017eiti znanje od kolijevke do groba\u201d\"}]},{\"@type\":\"WebSite\",\"@id\":\"https:\\\/\\\/www.ahmadiyya-islam.org\\\/hr\\\/#website\",\"url\":\"https:\\\/\\\/www.ahmadiyya-islam.org\\\/hr\\\/\",\"name\":\"Ahmadija muslimanski d\u017eamat\",\"description\":\"Hrvatska\",\"potentialAction\":[{\"@type\":\"SearchAction\",\"target\":{\"@type\":\"EntryPoint\",\"urlTemplate\":\"https:\\\/\\\/www.ahmadiyya-islam.org\\\/hr\\\/?s={search_term_string}\"},\"query-input\":{\"@type\":\"PropertyValueSpecification\",\"valueRequired\":true,\"valueName\":\"search_term_string\"}}],\"inLanguage\":\"hr\"}]}<\/script>\n<!-- \/ Yoast SEO Premium plugin. -->","yoast_head_json":{"title":"Znanje je svjetlost - \u201etra\u017eiti znanje od kolijevke do groba\u201d","description":"\u010casni Poslanik Muhammed stavio je veliki naglasak na u\u010denje. Prema podacima UIS -a iz 2018. oko 258 milijuna djece i mladih ne poha\u0111a \u0161kolu.","robots":{"index":"index","follow":"follow","max-snippet":"max-snippet:-1","max-image-preview":"max-image-preview:large","max-video-preview":"max-video-preview:-1"},"canonical":"https:\/\/www.ahmadiyya-islam.org\/hr\/clanci\/znanje-je-svjetlost-traziti-znanje-od-kolijevke-do-groba\/","og_locale":"hr_HR","og_type":"article","og_title":"Znanje je svjetlost - \u201etra\u017eiti znanje od kolijevke do groba\u201d","og_description":"\u010casni Poslanik Muhammed stavio je veliki naglasak na u\u010denje. Prema podacima UIS -a iz 2018. oko 258 milijuna djece i mladih ne poha\u0111a \u0161kolu.","og_url":"https:\/\/www.ahmadiyya-islam.org\/hr\/clanci\/znanje-je-svjetlost-traziti-znanje-od-kolijevke-do-groba\/","og_site_name":"Ahmadija muslimanski d\u017eamat","article_modified_time":"2022-02-18T12:10:07+00:00","og_image":[{"width":1650,"height":750,"url":"http:\/\/www.ahmadiyya-islam.org\/hr\/wp-content\/uploads\/sites\/22\/2021\/09\/Znanje-je-svjetlost-.jpg","type":"image\/jpeg"}],"twitter_card":"summary_large_image","twitter_misc":{"Procijenjeno vrijeme \u010ditanja":"6 minuta"},"schema":{"@context":"https:\/\/schema.org","@graph":[{"@type":"WebPage","@id":"https:\/\/www.ahmadiyya-islam.org\/hr\/clanci\/znanje-je-svjetlost-traziti-znanje-od-kolijevke-do-groba\/","url":"https:\/\/www.ahmadiyya-islam.org\/hr\/clanci\/znanje-je-svjetlost-traziti-znanje-od-kolijevke-do-groba\/","name":"Znanje je svjetlost - \u201etra\u017eiti znanje od kolijevke do groba\u201d","isPartOf":{"@id":"https:\/\/www.ahmadiyya-islam.org\/hr\/#website"},"primaryImageOfPage":{"@id":"https:\/\/www.ahmadiyya-islam.org\/hr\/clanci\/znanje-je-svjetlost-traziti-znanje-od-kolijevke-do-groba\/#primaryimage"},"image":{"@id":"https:\/\/www.ahmadiyya-islam.org\/hr\/clanci\/znanje-je-svjetlost-traziti-znanje-od-kolijevke-do-groba\/#primaryimage"},"thumbnailUrl":"https:\/\/www.ahmadiyya-islam.org\/hr\/wp-content\/uploads\/sites\/22\/2021\/09\/Znanje-je-svjetlost-.jpg","datePublished":"2021-08-20T12:20:31+00:00","dateModified":"2022-02-18T12:10:07+00:00","description":"\u010casni Poslanik Muhammed stavio je veliki naglasak na u\u010denje. Prema podacima UIS -a iz 2018. oko 258 milijuna djece i mladih ne poha\u0111a \u0161kolu.","breadcrumb":{"@id":"https:\/\/www.ahmadiyya-islam.org\/hr\/clanci\/znanje-je-svjetlost-traziti-znanje-od-kolijevke-do-groba\/#breadcrumb"},"inLanguage":"hr","potentialAction":[{"@type":"ReadAction","target":["https:\/\/www.ahmadiyya-islam.org\/hr\/clanci\/znanje-je-svjetlost-traziti-znanje-od-kolijevke-do-groba\/"]}]},{"@type":"ImageObject","inLanguage":"hr","@id":"https:\/\/www.ahmadiyya-islam.org\/hr\/clanci\/znanje-je-svjetlost-traziti-znanje-od-kolijevke-do-groba\/#primaryimage","url":"https:\/\/www.ahmadiyya-islam.org\/hr\/wp-content\/uploads\/sites\/22\/2021\/09\/Znanje-je-svjetlost-.jpg","contentUrl":"https:\/\/www.ahmadiyya-islam.org\/hr\/wp-content\/uploads\/sites\/22\/2021\/09\/Znanje-je-svjetlost-.jpg","width":1650,"height":750,"caption":"Znanje je svjetlost - Humanity First"},{"@type":"BreadcrumbList","@id":"https:\/\/www.ahmadiyya-islam.org\/hr\/clanci\/znanje-je-svjetlost-traziti-znanje-od-kolijevke-do-groba\/#breadcrumb","itemListElement":[{"@type":"ListItem","position":1,"name":"Home","item":"https:\/\/www.ahmadiyya-islam.org\/hr\/"},{"@type":"ListItem","position":2,"name":"\u010clanci","item":"https:\/\/www.ahmadiyya-islam.org\/hr\/clanci\/"},{"@type":"ListItem","position":3,"name":"Znanje je svjetlost &#8211; \u201etra\u017eiti znanje od kolijevke do groba\u201d"}]},{"@type":"WebSite","@id":"https:\/\/www.ahmadiyya-islam.org\/hr\/#website","url":"https:\/\/www.ahmadiyya-islam.org\/hr\/","name":"Ahmadija muslimanski d\u017eamat","description":"Hrvatska","potentialAction":[{"@type":"SearchAction","target":{"@type":"EntryPoint","urlTemplate":"https:\/\/www.ahmadiyya-islam.org\/hr\/?s={search_term_string}"},"query-input":{"@type":"PropertyValueSpecification","valueRequired":true,"valueName":"search_term_string"}}],"inLanguage":"hr"}]}},"_links":{"self":[{"href":"https:\/\/www.ahmadiyya-islam.org\/hr\/wp-json\/wp\/v2\/articles\/2058","targetHints":{"allow":["GET"]}}],"collection":[{"href":"https:\/\/www.ahmadiyya-islam.org\/hr\/wp-json\/wp\/v2\/articles"}],"about":[{"href":"https:\/\/www.ahmadiyya-islam.org\/hr\/wp-json\/wp\/v2\/types\/articles"}],"version-history":[{"count":1,"href":"https:\/\/www.ahmadiyya-islam.org\/hr\/wp-json\/wp\/v2\/articles\/2058\/revisions"}],"predecessor-version":[{"id":2251,"href":"https:\/\/www.ahmadiyya-islam.org\/hr\/wp-json\/wp\/v2\/articles\/2058\/revisions\/2251"}],"wp:featuredmedia":[{"embeddable":true,"href":"https:\/\/www.ahmadiyya-islam.org\/hr\/wp-json\/wp\/v2\/media\/2059"}],"wp:attachment":[{"href":"https:\/\/www.ahmadiyya-islam.org\/hr\/wp-json\/wp\/v2\/media?parent=2058"}],"wp:term":[{"taxonomy":"post_tag","embeddable":true,"href":"https:\/\/www.ahmadiyya-islam.org\/hr\/wp-json\/wp\/v2\/tags?post=2058"},{"taxonomy":"article-cat","embeddable":true,"href":"https:\/\/www.ahmadiyya-islam.org\/hr\/wp-json\/wp\/v2\/article-cat?post=2058"},{"taxonomy":"topics","embeddable":true,"href":"https:\/\/www.ahmadiyya-islam.org\/hr\/wp-json\/wp\/v2\/topics?post=2058"},{"taxonomy":"authors","embeddable":true,"href":"https:\/\/www.ahmadiyya-islam.org\/hr\/wp-json\/wp\/v2\/authors?post=2058"},{"taxonomy":"content_source","embeddable":true,"href":"https:\/\/www.ahmadiyya-islam.org\/hr\/wp-json\/wp\/v2\/content_source?post=2058"}],"curies":[{"name":"wp","href":"https:\/\/api.w.org\/{rel}","templated":true}]}}