{"id":2029,"date":"2021-07-19T22:17:01","date_gmt":"2021-07-19T22:17:01","guid":{"rendered":"https:\/\/www.ahmadiyya-islam.org\/hr\/?post_type=articles&#038;p=2029"},"modified":"2022-02-18T11:48:58","modified_gmt":"2022-02-18T11:48:58","slug":"kurban-bajram-serif-mubarek-olsun","status":"publish","type":"articles","link":"https:\/\/www.ahmadiyya-islam.org\/hr\/clanci\/kurban-bajram-serif-mubarek-olsun\/","title":{"rendered":"Kurban Bajram \u0161erif mubarek olsun"},"content":{"rendered":"<p><strong>Kurban Bajram (festival \u017ertvovanja) <\/strong> obilje\u017eava zavr\u0161etak hodo\u010da\u0161\u0107a u Meku. Stoga muslimani iz cijelog svijeta posje\u0107uju sveta mjesta u Meki 10. dana islamskog mjeseca <em>Zul-Had\u017ea<\/em>. Hodo\u010da\u0161\u0107e je obvezno uspje\u0161no zavr\u0161iti \u017ertvovanjemm \u017eivotinje. Poput molitve i posta, i hodo\u010da\u0161\u0107e je na\u010din rasta u duhovnosti.<\/p>\n<p>\u010cesto nemuslimani postavljaju pitanje za\u0161to muslimani svake godine na kraju hodo\u010da\u0161\u0107a \u017ertvuju \u017eivotinje i \u0161to uop\u0107e slave?<\/p>\n<p>Odgovor na to pitanje je da je <strong>Kurban Bbajram, kako i samo ime govori, festival \u017ertvovanja koji su muslimani slavili u znak sje\u0107anja na \u017ertvu koju je podnio poslanik Abraham<sup>a.s.<\/sup> i njegov sin Ji\u0161mael<sup>a.s.<\/sup> prije otprilike 4.000 godina.<\/strong> Da, to je tradicija u islamu koja je nastala uzornim djelima poslanika Abrahama<sup>a.s.<\/sup>.<\/p>\n<p>Mislim da nema spora oko \u010dinjenice da je poslanik Abraham<sup>a.s.<\/sup> kojeg priznaju sve tri glavne svjetske religije, islam, kr\u0161\u0107anstvo i judaizam ili \u017eidovstvo kao svog praoca. To je poslanik Abraham<sup>a.s.<\/sup> kojega je Bog silno blagoslovio. Nalazimo i velike \u00a0proroke poput Mojsija<sup>a.s.<\/sup>, Isusa<sup>a.s.<\/sup> i \u010casni Poslanik Muhammed<sup>s.a.v.s.<\/sup> me\u0111u njegovim potomstvom. Ovo je dokaz snage molbi proroka Abrahama i njihovog prihva\u0107anja od strane Svemogu\u0107eg Boga.<\/p>\n<p>No, hajde da sada dobijemo kratki pregled o \u010demu se radilo u \u017ertvi, koju mi \u200b\u200bkao muslimani danas slavimo.<\/p>\n<p>U bajramskoj propovijedi 2020. njegova svetost Hazreti Mirza Masroor Ahmad<sup>a.b.a.<\/sup> 5. Kalif Obe\u0107anog Mesije<sup>a.s.<\/sup> dao je neke prosvjetljuju\u0107e napomene o \u017ertvi Abrahama<sup>a.s.<\/sup> i Ji\u0161maela<sup>a.s.<\/sup>. Rekao je:<\/p>\n<blockquote><p><em>\u201c\u2026 prepri\u010davanje ove \u017ertve oca i sina istinskog vjernika \u010dini emotivnim. U svijetu postoje odre\u0111ene boli koje \u010dovjek na kraju zaboravi i oni nastavljaju sa \u017eivotom. Ali ovaj incident je Svemogu\u0107i Bog sa\u010duvao u \u010casnom Kur\u2019anu, \u010dine\u0107i ga tako uspomenom i mjerilom za vje\u010dnost; i kako je to uzvi\u0161en primjer. \u010covjek je do\u017eivio \u00a090. godinu i tek tada je dobio sina. Tada je primio zapovijed od Boga da \u017ertvuje svog sina jedinca. Kako je ovo sjajan primjer \u017ertvovanja Abrahama<sup>a.s.<\/sup> da je, \u010duv\u0161i ovu zapovijed, polo\u017eio sina i bio spreman da ga \u017ertvuje.\u201c<\/em><a href=\"#_edn1\" name=\"_ednref1\"><em><sup><strong>[i]<\/strong><\/sup><\/em><\/a><\/p><\/blockquote>\n<p>Dalje je Kalif nastavio govoriti:<\/p>\n<blockquote><p><strong><em>\u201c\u2026 ne samo da je otac, Abraham<sup>a.s.<\/sup> pokazao poslu\u0161nost, nego je i sin Ji\u0161mael<sup>a.s.<\/sup> prihvatio sve \u0161to \u0161to mu je zapovje\u0111eno.\u201d<\/em><\/strong><\/p><\/blockquote>\n<p>O ovom razgovoru \u010ditamo u \u010casnom Kur&#8217;anu:<\/p>\n<blockquote><p><em>\u00a0\u201dO o\u010de moj, \u010dini kako ti je nare\u0111eno; ti \u0107e\u0161 uvidjeti da sam, ako Bog da, od onih koji su strpljivi.\u201d<\/em><a href=\"#_edn2\" name=\"_ednref2\"><em><sup><strong>[ii]<\/strong><\/sup><\/em><\/a><\/p><\/blockquote>\n<p>Danas oni koji nisu u stanju razumjeti pravo zna\u010denje ove \u017ertve mogu pomisliti da su Abraham<sup>a.s.<\/sup> i njegov sin bili ludi ljudi ili su izgubili razum. Mogu re\u0107i da bi samo bezosje\u0107ajna i luda osoba stavila no\u017e na vrat svog djeteta. Me\u0111utim, dopustite mi da vas uvjerim da imamo sjajna svjedo\u010danstva iz Svetog pisma kao \u010casnog Kur&#8217;ana koji je Abrahama<sup>a.s.<\/sup> prikazao dobrodu\u0161nom i suosje\u0107ajnom osobom. Kako ga mo\u017eemo smatrati da ne voli vlastito dijete, a istovremeno znamo koliko brige gaji za druge. Ipak, jedna stvar koja ga je u\u010dinila izvanrednim u usporedbi sa svima drugima bilo je njegovo potpuno povjerenje u Boga. Kad ga je Bog isprobao s najte\u017eim zadatkom koji se mo\u017ee zamisliti, pro\u0161ao je i Bog je stoga otkrio Abrahamu<sup>a.s.<\/sup> da je polo\u017eio ispit i da bi umjesto toga trebao \u017ertvovati \u017eivotinju:<\/p>\n<blockquote><p><em>\u201cZaista, ti si ispunio svoj san. Ovako Mi nagra\u0111ujemo one koji \u010dine dobro.\u201d<a href=\"#_edn3\" name=\"_ednref3\"><strong>[iii]<\/strong><\/a><\/em><\/p><\/blockquote>\n<p><strong>Ako sumnjamo u spremnost Abrahama<sup>a.s.<\/sup> da \u017ertvujemo svog sina mi zapravo sumnjamo u mudrost Boga svemogu\u0107eg. Ovaj Abrahamov \u010din donio je dva sjajna rezultata, prvi kraj ljudskih \u017ertava \u0161to je bilo vi\u0161e ili manje uobi\u010dajeno u to doba, a drugo, pa\u017enja istinskog vjernika bila je usmjerena na va\u017enost \u017ertve (pobo\u017enosti) na putu prema Bogu.<\/strong><\/p>\n<p>Sjetite se kako je u dana\u0161nje vrijeme postalo te\u0161ko nau\u010diti svoju djecu pouzdati se u Boga. Pogotovo u doba rastu\u0107eg ateizma. Pa ipak, o\u010dito je koji nam dio nedostaje. Nama kao roditeljima nedostaje povjerenja u Boga, pa sukladno tome budu\u0107a generacija nije upoznata s Bogom. Moramo se posvetiti na na\u010din na koji je Abraham<sup>a.s.<\/sup> u\u010dinio da \u017ertvuje sve \u0161to je volio da bi postigao Bo\u017eju ljubav. Ako se spremimo \u017ertvovati svoje \u017eelje da bismo iskusili ljubav prema Bogu, vidjet \u0107emo isti duh i u svojoj djeci. Oni \u0107e slu\u0161ati Bo\u017eju rije\u010d i postati poslu\u0161ni na isti na\u010din kao \u0161to je bio i Ji\u0161mael<sup>a.s.<\/sup>.<\/p>\n<p>Zbog toga je zabilje\u017eeno u \u010casnom Kur&#8217;anu:<\/p>\n<blockquote><p><strong><em>\u201cNjihovo meso ne sti\u017ee do Allaha, niti njihova krv, ali \u0107e va\u0161a bogobojaznost sti\u0107i do Njega<\/em><\/strong><strong><em>.\u201d<a href=\"#_edn4\" name=\"_ednref4\">[iv]<\/a><\/em><\/strong><\/p><\/blockquote>\n<p>To je razlog zbog kojeg se na kraju hodo\u010da\u0161\u0107a \u017ertvuju \u017eivotinje kao simboli\u010dki izraz kojim se odri\u010de ne\u0161to manje va\u017eno za ne\u0161to ve\u0107e. Podsjetnik je da se treba \u017ertvovati za ve\u0107e dobro. Ovo ve\u0107e dobro zbog kojeg bi musliman uvijek trebao biti spreman \u017ertvovati se, je Svemogu\u0107i Bog.<\/p>\n<p><strong>Netko se mo\u017ee pitati kako? Bog ka\u017ee, budite spremni \u017ertvovati svoje vrijeme, bogatstvo, \u010dast i ako je potrebno \u017eivot. Kurban Bajram dakle nije rije\u010d o postizanju mesa od \u017ertvovanih \u017eivotinja koje ne dopire do Boga niti mu je od koristi, ve\u0107 je to duh \u017ertve kojeg se \u017eelimo prisjetiti i slaviti.<\/strong><\/p>\n<p>Razumijevanje istinskog duha \u017ertvovanja od najve\u0107e je va\u017enosti u dana\u0161nje vrijeme. Pogledajte svijet, toliko nemira i nepravde, gladi, okrutnosti i brutalnosti, mr\u017enje i rasizma, \u010dak se i sveta krv ljudi tro\u0161i za manje svjetovne i materijalisti\u010dke dobitke. Za\u0161to? Budu\u0107i da \u010dovje\u010danstvo nije spremno \u017ertvovati svoj ponos, \u010dast, dostojanstvo, bogatstvo i vrijeme za ve\u0107u stvar, a to su mir i jedinstvo u svijetu. Dopustite mi da vas uvjerim da se mir ne mo\u017ee posti\u0107i ako ne dodijelimo pravdu i slobodu svima!<\/p>\n<p><strong>Obe\u0107ani Mesija<sup>a.s.<\/sup> izjavio je da je daleko velika vrlina \u017ertvovati svoja srca nego puko klanje \u017eivotinja,<\/strong> \u0161to zna\u010di da je \u017ertvovanje svjetovnih \u017eelja vrlina ve\u0107e vrijednosti. Uskla\u0111ivanje ne\u010dijih \u017eelja sa Allahovom \u017eeljom i naredbom je ono \u0161to uistinu zna\u010di \u017ertvovati svoje srce.<\/p>\n<p>Drugom prilikom Obe\u0107ani Mesija Hazreti Mirza Ghulam Ahmad<sup>a.s.<\/sup> izjavio je da islam zapravo zna\u010di spremnost da se svaka svjetovna \u017eelja polo\u017ei na oltar pobo\u017enosti, spreman da je \u017ertvuje na na\u010din na\u0161eg Stvoritelja.<\/p>\n<p>\u010citamo u \u010casnom Kur&#8217;anu:<\/p>\n<blockquote><p><strong><em>\u201c<\/em><\/strong><strong><em>Uistinu, kod Allaha je najplemenitiji onaj me\u0111u vama tko je najbogobojazniji.\u201d<a href=\"#_edn5\" name=\"_ednref5\">[v]<\/a><\/em><\/strong><\/p>\n<p><strong><em>\u201cAllah je obe\u0107ao da \u0107e oni koji vjeruju i \u010dine dobra djela imati oprost i veliku nagradu<\/em><\/strong><strong><em>\u201d<a href=\"#_edn6\" name=\"_ednref6\">[vi]<\/a><\/em><\/strong><\/p><\/blockquote>\n<p>Velika nagrada za istinskog muslimana nije nikakva svjetovna mo\u0107 ili materijalna korist, ve\u0107 je to zadovoljstvo Boga i ljubav prema drugima.<\/p>\n<p>Zbog toga je Hazreti Mirza Masroor Ahmad<sup>a.b.a.<\/sup> rekao:<\/p>\n<blockquote><p>\u201cNije nam stalo do svjetovne mo\u0107i, sredstava i bogatstva; na\u0161a jedina briga je kako mo\u017eemo koristiti takva sredstva za \u0161irenje poruke islama u svijetu, kako mo\u017eemo uspostaviti jedinstvo Boga i kako mo\u017eemo uspostaviti dobrotu u \u010dovje\u010danstvu.\u201d<a href=\"#_edn7\" name=\"_ednref7\"><sup>[vii]<\/sup><\/a><\/p><\/blockquote>\n<p><strong>Kurban Bajram je, dakle, prilika u kojoj se muslimani svugdje poti\u010du na sve vrste \u017ertvovanja za duhovno, moralno, socijalno i ekonomsko uzdizanje svijeta.<\/strong> Ako muslimani to \u010dine zajedni\u010dkim ciljem i trude se da u sebi o\u010dituju ljubav prema Bogu u skladu s u\u010denjima i smjernicama \u010casnog \u00a0Kur&#8217;ana, doista \u0107e Kurban Bajram donijeti vje\u010dne plodove i Allah Uzvi\u0161eni \u0107e nam dati njegov mir i milost.<\/p>\n<p>Svoj svojoj bra\u0107i i sestrama u vjeri \u017eelim sretan Bajram.<\/p>\n<p><strong>Kurban Bajram \u0161erif mubarek olsun<\/strong><\/p>\n<h2>Povezan:<\/h2>\n<ul>\n<li><a href=\"https:\/\/www.ahmadiyya-islam.org\/hr\/clanci\/bajram-serif-mubarek\/\">Bajram nakon Ramazana<\/a><\/li>\n<li><a href=\"https:\/\/www.ahmadiyya-islam.org\/hr\/clanci\/hranimo-za-allahovo-zadovoljstvo-ne-zelimo-nagradu-niti-zahvalnost\/\">Hranimo za Allahovo zadovoljstvo, ne \u017eelimo nagradu niti zahvalnost<\/a><\/li>\n<li><a href=\"https:\/\/www.ahmadiyya-islam.org\/hr\/molitve\/molitva-za-poboznu-djecu-i-supruznike\/\">Molitva za pobo\u017enu djecu i supru\u017enike<\/a><\/li>\n<\/ul>\n<hr \/>\n<p><strong>Zavr\u0161ne bilje\u0161ke:<\/strong><\/p>\n<p><a href=\"#_ednref1\" name=\"_edn1\">[i]<\/a> <a href=\"https:\/\/www.reviewofreligions.org\/23982\/eid-ul-adha-sermon-summary-31st-july-2020-establishing-the-true-spirit-of-sacrifice\/\">https:\/\/www.reviewofreligions.org\/23982\/eid-ul-adha-sermon-summary-31st-july-2020-establishing-the-true-spirit-of-sacrifice\/<\/a><br \/>\n<a href=\"#_ednref2\" name=\"_edn2\">[ii]<\/a> \u010casni Kur&#8217;an, 37:103<br \/>\n<a href=\"#_ednref3\" name=\"_edn3\">[iii]<\/a> \u010casni Kur&#8217;an, 37:106<br \/>\n<a href=\"#_ednref4\" name=\"_edn4\">[iv]<\/a> \u010casni Kur&#8217;an, 22:38<br \/>\n<a href=\"#_ednref5\" name=\"_edn5\">[v]<\/a> \u010casni Kur&#8217;an, 49:14<br \/>\n<a href=\"#_ednref6\" name=\"_edn6\">[vi]<\/a> \u010casni Kur&#8217;an, 5:10<br \/>\n<a href=\"#_ednref7\" name=\"_edn7\">[vii]<\/a> <a href=\"https:\/\/www.reviewofreligions.org\/23982\/eid-ul-adha-sermon-summary-31st-july-2020-establishing-the-true-spirit-of-sacrifice\/\">https:\/\/www.reviewofreligions.org\/23982\/eid-ul-adha-sermon-summary-31st-july-2020-establishing-the-true-spirit-of-sacrifice\/<\/a><\/p>\n","protected":false},"excerpt":{"rendered":"<p>Kurban Bajram je festival \u017ertvovanja koji muslimani slave u znak sje\u0107anja na \u017ertvu koju su podnijeli prorok Abraham i njegov sin.<\/p>\n","protected":false},"featured_media":2030,"parent":0,"template":"","tags":[326,312,327,84],"article-cat":[261],"topics":[302],"authors":[],"content_source":[],"class_list":["post-2029","articles","type-articles","status-publish","has-post-thumbnail","hentry","tag-abraham","tag-bajram","tag-jismael","tag-kurban-bajram","article-cat-kolumne-petkom","topics-ramazan"],"acf":[],"yoast_head":"<!-- This site is optimized with the Yoast SEO Premium plugin v21.1 (Yoast SEO v27.4) - https:\/\/yoast.com\/product\/yoast-seo-premium-wordpress\/ -->\n<title>Kurban Bajram \u0161erif mubarek olsun - festival \u017ertvovanja<\/title>\n<meta name=\"description\" content=\"Kurban Bajram je festival \u017ertvovanja koji muslimani slave u znak sje\u0107anja na \u017ertvu koju su podnijeli prorok Abraham i njegov sin.\" \/>\n<meta name=\"robots\" content=\"index, follow, max-snippet:-1, max-image-preview:large, max-video-preview:-1\" \/>\n<link rel=\"canonical\" href=\"https:\/\/www.ahmadiyya-islam.org\/hr\/clanci\/kurban-bajram-serif-mubarek-olsun\/\" \/>\n<meta property=\"og:locale\" content=\"hr_HR\" \/>\n<meta property=\"og:type\" content=\"article\" \/>\n<meta property=\"og:title\" content=\"Kurban Bajram \u0161erif mubarek olsun\" \/>\n<meta property=\"og:description\" content=\"Kurban Bajram je festival \u017ertvovanja koji muslimani slave u znak sje\u0107anja na \u017ertvu koju su podnijeli prorok Abraham i njegov sin.\" \/>\n<meta property=\"og:url\" content=\"https:\/\/www.ahmadiyya-islam.org\/hr\/clanci\/kurban-bajram-serif-mubarek-olsun\/\" \/>\n<meta property=\"og:site_name\" content=\"Ahmadija muslimanski d\u017eamat\" \/>\n<meta property=\"article:modified_time\" content=\"2022-02-18T11:48:58+00:00\" \/>\n<meta property=\"og:image\" content=\"http:\/\/www.ahmadiyya-islam.org\/hr\/wp-content\/uploads\/sites\/22\/2021\/07\/kurban-bajram-.jpg\" \/>\n\t<meta property=\"og:image:width\" content=\"1650\" \/>\n\t<meta property=\"og:image:height\" content=\"750\" \/>\n\t<meta property=\"og:image:type\" content=\"image\/jpeg\" \/>\n<meta name=\"twitter:card\" content=\"summary_large_image\" \/>\n<meta name=\"twitter:label1\" content=\"Procijenjeno vrijeme \u010ditanja\" \/>\n\t<meta name=\"twitter:data1\" content=\"6 minuta\" \/>\n<script type=\"application\/ld+json\" class=\"yoast-schema-graph\">{\"@context\":\"https:\\\/\\\/schema.org\",\"@graph\":[{\"@type\":\"WebPage\",\"@id\":\"https:\\\/\\\/www.ahmadiyya-islam.org\\\/hr\\\/clanci\\\/kurban-bajram-serif-mubarek-olsun\\\/\",\"url\":\"https:\\\/\\\/www.ahmadiyya-islam.org\\\/hr\\\/clanci\\\/kurban-bajram-serif-mubarek-olsun\\\/\",\"name\":\"Kurban Bajram \u0161erif mubarek olsun - festival \u017ertvovanja\",\"isPartOf\":{\"@id\":\"https:\\\/\\\/www.ahmadiyya-islam.org\\\/hr\\\/#website\"},\"primaryImageOfPage\":{\"@id\":\"https:\\\/\\\/www.ahmadiyya-islam.org\\\/hr\\\/clanci\\\/kurban-bajram-serif-mubarek-olsun\\\/#primaryimage\"},\"image\":{\"@id\":\"https:\\\/\\\/www.ahmadiyya-islam.org\\\/hr\\\/clanci\\\/kurban-bajram-serif-mubarek-olsun\\\/#primaryimage\"},\"thumbnailUrl\":\"https:\\\/\\\/www.ahmadiyya-islam.org\\\/hr\\\/wp-content\\\/uploads\\\/sites\\\/22\\\/2021\\\/07\\\/kurban-bajram-.jpg\",\"datePublished\":\"2021-07-19T22:17:01+00:00\",\"dateModified\":\"2022-02-18T11:48:58+00:00\",\"description\":\"Kurban Bajram je festival \u017ertvovanja koji muslimani slave u znak sje\u0107anja na \u017ertvu koju su podnijeli prorok Abraham i njegov sin.\",\"breadcrumb\":{\"@id\":\"https:\\\/\\\/www.ahmadiyya-islam.org\\\/hr\\\/clanci\\\/kurban-bajram-serif-mubarek-olsun\\\/#breadcrumb\"},\"inLanguage\":\"hr\",\"potentialAction\":[{\"@type\":\"ReadAction\",\"target\":[\"https:\\\/\\\/www.ahmadiyya-islam.org\\\/hr\\\/clanci\\\/kurban-bajram-serif-mubarek-olsun\\\/\"]}]},{\"@type\":\"ImageObject\",\"inLanguage\":\"hr\",\"@id\":\"https:\\\/\\\/www.ahmadiyya-islam.org\\\/hr\\\/clanci\\\/kurban-bajram-serif-mubarek-olsun\\\/#primaryimage\",\"url\":\"https:\\\/\\\/www.ahmadiyya-islam.org\\\/hr\\\/wp-content\\\/uploads\\\/sites\\\/22\\\/2021\\\/07\\\/kurban-bajram-.jpg\",\"contentUrl\":\"https:\\\/\\\/www.ahmadiyya-islam.org\\\/hr\\\/wp-content\\\/uploads\\\/sites\\\/22\\\/2021\\\/07\\\/kurban-bajram-.jpg\",\"width\":1650,\"height\":750,\"caption\":\"Kurban Bajram\"},{\"@type\":\"BreadcrumbList\",\"@id\":\"https:\\\/\\\/www.ahmadiyya-islam.org\\\/hr\\\/clanci\\\/kurban-bajram-serif-mubarek-olsun\\\/#breadcrumb\",\"itemListElement\":[{\"@type\":\"ListItem\",\"position\":1,\"name\":\"Home\",\"item\":\"https:\\\/\\\/www.ahmadiyya-islam.org\\\/hr\\\/\"},{\"@type\":\"ListItem\",\"position\":2,\"name\":\"\u010clanci\",\"item\":\"https:\\\/\\\/www.ahmadiyya-islam.org\\\/hr\\\/clanci\\\/\"},{\"@type\":\"ListItem\",\"position\":3,\"name\":\"Kurban Bajram \u0161erif mubarek olsun\"}]},{\"@type\":\"WebSite\",\"@id\":\"https:\\\/\\\/www.ahmadiyya-islam.org\\\/hr\\\/#website\",\"url\":\"https:\\\/\\\/www.ahmadiyya-islam.org\\\/hr\\\/\",\"name\":\"Ahmadija muslimanski d\u017eamat\",\"description\":\"Hrvatska\",\"potentialAction\":[{\"@type\":\"SearchAction\",\"target\":{\"@type\":\"EntryPoint\",\"urlTemplate\":\"https:\\\/\\\/www.ahmadiyya-islam.org\\\/hr\\\/?s={search_term_string}\"},\"query-input\":{\"@type\":\"PropertyValueSpecification\",\"valueRequired\":true,\"valueName\":\"search_term_string\"}}],\"inLanguage\":\"hr\"}]}<\/script>\n<!-- \/ Yoast SEO Premium plugin. -->","yoast_head_json":{"title":"Kurban Bajram \u0161erif mubarek olsun - festival \u017ertvovanja","description":"Kurban Bajram je festival \u017ertvovanja koji muslimani slave u znak sje\u0107anja na \u017ertvu koju su podnijeli prorok Abraham i njegov sin.","robots":{"index":"index","follow":"follow","max-snippet":"max-snippet:-1","max-image-preview":"max-image-preview:large","max-video-preview":"max-video-preview:-1"},"canonical":"https:\/\/www.ahmadiyya-islam.org\/hr\/clanci\/kurban-bajram-serif-mubarek-olsun\/","og_locale":"hr_HR","og_type":"article","og_title":"Kurban Bajram \u0161erif mubarek olsun","og_description":"Kurban Bajram je festival \u017ertvovanja koji muslimani slave u znak sje\u0107anja na \u017ertvu koju su podnijeli prorok Abraham i njegov sin.","og_url":"https:\/\/www.ahmadiyya-islam.org\/hr\/clanci\/kurban-bajram-serif-mubarek-olsun\/","og_site_name":"Ahmadija muslimanski d\u017eamat","article_modified_time":"2022-02-18T11:48:58+00:00","og_image":[{"width":1650,"height":750,"url":"http:\/\/www.ahmadiyya-islam.org\/hr\/wp-content\/uploads\/sites\/22\/2021\/07\/kurban-bajram-.jpg","type":"image\/jpeg"}],"twitter_card":"summary_large_image","twitter_misc":{"Procijenjeno vrijeme \u010ditanja":"6 minuta"},"schema":{"@context":"https:\/\/schema.org","@graph":[{"@type":"WebPage","@id":"https:\/\/www.ahmadiyya-islam.org\/hr\/clanci\/kurban-bajram-serif-mubarek-olsun\/","url":"https:\/\/www.ahmadiyya-islam.org\/hr\/clanci\/kurban-bajram-serif-mubarek-olsun\/","name":"Kurban Bajram \u0161erif mubarek olsun - festival \u017ertvovanja","isPartOf":{"@id":"https:\/\/www.ahmadiyya-islam.org\/hr\/#website"},"primaryImageOfPage":{"@id":"https:\/\/www.ahmadiyya-islam.org\/hr\/clanci\/kurban-bajram-serif-mubarek-olsun\/#primaryimage"},"image":{"@id":"https:\/\/www.ahmadiyya-islam.org\/hr\/clanci\/kurban-bajram-serif-mubarek-olsun\/#primaryimage"},"thumbnailUrl":"https:\/\/www.ahmadiyya-islam.org\/hr\/wp-content\/uploads\/sites\/22\/2021\/07\/kurban-bajram-.jpg","datePublished":"2021-07-19T22:17:01+00:00","dateModified":"2022-02-18T11:48:58+00:00","description":"Kurban Bajram je festival \u017ertvovanja koji muslimani slave u znak sje\u0107anja na \u017ertvu koju su podnijeli prorok Abraham i njegov sin.","breadcrumb":{"@id":"https:\/\/www.ahmadiyya-islam.org\/hr\/clanci\/kurban-bajram-serif-mubarek-olsun\/#breadcrumb"},"inLanguage":"hr","potentialAction":[{"@type":"ReadAction","target":["https:\/\/www.ahmadiyya-islam.org\/hr\/clanci\/kurban-bajram-serif-mubarek-olsun\/"]}]},{"@type":"ImageObject","inLanguage":"hr","@id":"https:\/\/www.ahmadiyya-islam.org\/hr\/clanci\/kurban-bajram-serif-mubarek-olsun\/#primaryimage","url":"https:\/\/www.ahmadiyya-islam.org\/hr\/wp-content\/uploads\/sites\/22\/2021\/07\/kurban-bajram-.jpg","contentUrl":"https:\/\/www.ahmadiyya-islam.org\/hr\/wp-content\/uploads\/sites\/22\/2021\/07\/kurban-bajram-.jpg","width":1650,"height":750,"caption":"Kurban Bajram"},{"@type":"BreadcrumbList","@id":"https:\/\/www.ahmadiyya-islam.org\/hr\/clanci\/kurban-bajram-serif-mubarek-olsun\/#breadcrumb","itemListElement":[{"@type":"ListItem","position":1,"name":"Home","item":"https:\/\/www.ahmadiyya-islam.org\/hr\/"},{"@type":"ListItem","position":2,"name":"\u010clanci","item":"https:\/\/www.ahmadiyya-islam.org\/hr\/clanci\/"},{"@type":"ListItem","position":3,"name":"Kurban Bajram \u0161erif mubarek olsun"}]},{"@type":"WebSite","@id":"https:\/\/www.ahmadiyya-islam.org\/hr\/#website","url":"https:\/\/www.ahmadiyya-islam.org\/hr\/","name":"Ahmadija muslimanski d\u017eamat","description":"Hrvatska","potentialAction":[{"@type":"SearchAction","target":{"@type":"EntryPoint","urlTemplate":"https:\/\/www.ahmadiyya-islam.org\/hr\/?s={search_term_string}"},"query-input":{"@type":"PropertyValueSpecification","valueRequired":true,"valueName":"search_term_string"}}],"inLanguage":"hr"}]}},"_links":{"self":[{"href":"https:\/\/www.ahmadiyya-islam.org\/hr\/wp-json\/wp\/v2\/articles\/2029","targetHints":{"allow":["GET"]}}],"collection":[{"href":"https:\/\/www.ahmadiyya-islam.org\/hr\/wp-json\/wp\/v2\/articles"}],"about":[{"href":"https:\/\/www.ahmadiyya-islam.org\/hr\/wp-json\/wp\/v2\/types\/articles"}],"version-history":[{"count":1,"href":"https:\/\/www.ahmadiyya-islam.org\/hr\/wp-json\/wp\/v2\/articles\/2029\/revisions"}],"predecessor-version":[{"id":2239,"href":"https:\/\/www.ahmadiyya-islam.org\/hr\/wp-json\/wp\/v2\/articles\/2029\/revisions\/2239"}],"wp:featuredmedia":[{"embeddable":true,"href":"https:\/\/www.ahmadiyya-islam.org\/hr\/wp-json\/wp\/v2\/media\/2030"}],"wp:attachment":[{"href":"https:\/\/www.ahmadiyya-islam.org\/hr\/wp-json\/wp\/v2\/media?parent=2029"}],"wp:term":[{"taxonomy":"post_tag","embeddable":true,"href":"https:\/\/www.ahmadiyya-islam.org\/hr\/wp-json\/wp\/v2\/tags?post=2029"},{"taxonomy":"article-cat","embeddable":true,"href":"https:\/\/www.ahmadiyya-islam.org\/hr\/wp-json\/wp\/v2\/article-cat?post=2029"},{"taxonomy":"topics","embeddable":true,"href":"https:\/\/www.ahmadiyya-islam.org\/hr\/wp-json\/wp\/v2\/topics?post=2029"},{"taxonomy":"authors","embeddable":true,"href":"https:\/\/www.ahmadiyya-islam.org\/hr\/wp-json\/wp\/v2\/authors?post=2029"},{"taxonomy":"content_source","embeddable":true,"href":"https:\/\/www.ahmadiyya-islam.org\/hr\/wp-json\/wp\/v2\/content_source?post=2029"}],"curies":[{"name":"wp","href":"https:\/\/api.w.org\/{rel}","templated":true}]}}