{"id":2002,"date":"2021-06-12T09:11:18","date_gmt":"2021-06-12T09:11:18","guid":{"rendered":"https:\/\/www.ahmadiyya-islam.org\/hr\/?post_type=articles&#038;p=2002"},"modified":"2021-06-12T09:11:18","modified_gmt":"2021-06-12T09:11:18","slug":"temelj-suradnje-ahmadije-i-humanity-first","status":"publish","type":"articles","link":"https:\/\/www.ahmadiyya-islam.org\/hr\/clanci\/temelj-suradnje-ahmadije-i-humanity-first\/","title":{"rendered":"Temelj suradnje Ahmadije i Humanity First \u0161irom svijeta"},"content":{"rendered":"<p>Danas bih \u017eelio razgovarati o odnosu vjerske organizacije Ahmadija muslimanski d\u017eamat s humanitarnom organizacijom Humanity First.<\/p>\n<p>Muslimansku zajednicu <a href=\"https:\/\/www.ahmadiyya-islam.org\/hr\/\">Ahmadija<\/a> osnovao je 1889. godine hazreti Mirza Ghulam Ahmad<sup>a.s.<\/sup> , kojeg je muslimanska zajednica Ahmadija prihvatila kao Obe\u0107anog Mesiju, predvi\u0111enog u svetim knjigama svih glavnih religija. Danas muslimanska zajednica Ahmdija ima desetke milijuna sljedbenika diljem svijeta sa svojom misijom uspostavljenom u Hrvatskoj od 2014. godine.<\/p>\n<p>S druge strane, imamo Humanity First koje je prvo osnovao 1994. godine \u010detvrti Kalif Hazrat Mirza Tahir Ahmad<sup>r.a.<\/sup> (nasljednik) nakon smrti Obe\u0107anog Mesije. Humanity First danas je registriran u vi\u0161e od 55 zemalja, a aktivan u jo\u0161 vi\u0161e zemalja. U Hrvatskoj je \u00a0Humanity First aktivan od 2014., a slu\u017ebeno registriran kao humanitarna organizacija 2019. godine. Me\u0111utim, sve projekte u Hrvatskoj financira Humanity First Germany.<\/p>\n<p>Iz ovog uvoda postaje o\u010dito da, iako je Humanity First nezavisna dobrotvorna organizacija sa svojim mandatom i strategijama, istodobno ju je izvorno osnovala zajednica Ahmadija, a ta zajednica i dalje njome upravlja.<\/p>\n<p>Kroz velika financijska odricanja muslimani Ahmadi iz cijelog svijeta poma\u017eu i doprinose naporima Humanity First-a da pove\u0107a opseg svojih humanitarnih projekata prema siroma\u0161nim i ranjivim skupinama ljudi. Zbog toga Humanity First ima dubok i trajan odnos s muslimanskom zajednicom Ahmadija.<\/p>\n<p>Govore\u0107i o ciljevima Humanity First, trenutni duhovni poglavar muslimanske zajednice Ahmadija, peti Kalif, hazreti Mirza Masroor Ahmad<sup>a.b.a.<\/sup> rekao je tijekom ceremonije inauguracije <a href=\"https:\/\/usa.humanityfirst.org\/hf_projects\/nasir-hospital\/\">bolnice \u201eNasir\u201c<\/a> (<em>pomo\u0107nik<\/em>) od strane Humanity First u Gvatemali:<\/p>\n<p>\u201cMo\u017eda se pitate za\u0161to smo izgradili ovu bolnicu. Odgovor je vrlo jednostavan. <strong>Izgra\u0111ena je s isklju\u010divo jednom namjerom, a to je, jednostavno, slu\u017eiti \u010dovje\u010danstvu<\/strong> pru\u017eaju\u0107i visokokvalitetnu zdravstvenu za\u0161titu ljudima ove nacije.\u201d<a href=\"#_edn1\" name=\"_ednref1\">[i]<\/a><\/p>\n<p><img loading=\"lazy\" decoding=\"async\" class=\"aligncenter size-full wp-image-2004\" src=\"http:\/\/www.ahmadiyya-islam.org\/hr\/wp-content\/uploads\/sites\/22\/2021\/06\/Nasir-bolnica-Gvatemala.jpg\" alt=\"Nasir bolnica Gvatemala\" width=\"993\" height=\"476\" srcset=\"https:\/\/www.ahmadiyya-islam.org\/hr\/wp-content\/uploads\/sites\/22\/2021\/06\/Nasir-bolnica-Gvatemala.jpg 993w, https:\/\/www.ahmadiyya-islam.org\/hr\/wp-content\/uploads\/sites\/22\/2021\/06\/Nasir-bolnica-Gvatemala-300x144.jpg 300w, https:\/\/www.ahmadiyya-islam.org\/hr\/wp-content\/uploads\/sites\/22\/2021\/06\/Nasir-bolnica-Gvatemala-768x368.jpg 768w\" sizes=\"auto, (max-width: 993px) 100vw, 993px\" \/><\/p>\n<p>Peti Kalif nastavio je govoriti kako su mo\u017eda neki gosti u publici iznena\u0111eni ili \u010dak zbunjeni zbog \u010dega humanitarna organizacija koju financira muslimanska zajednica ima toliko strasti i odlu\u010dnosti da pomogne i slu\u017ei ne muslimanima? Kalif je rekao:<\/p>\n<p>\u201cMorao bih objasniti da se muslimanska zajednica Ahmadija od svog osnutka uvijek trudila biti na prvim crtama slu\u017eenja \u010dovje\u010danstvu, <strong>bilo izravno kroz sheme na\u0161e vlastite zajednice, bilo kroz Humanity First ili kroz podr\u0161ku drugih dobrotvornih i plemenitih organizacija<\/strong>.\u201d<\/p>\n<p>Kalif je dalje objasnio da zajednica Ahmadija upravlja mnogim bolnicama i \u0161kolama diljem Afrike kako bi im pru\u017eila zdravstvenu za\u0161titu i izvrsno obrazovanje. To se doga\u0111a bez obzira na njihovu etni\u010dku, vjersku ili socijalnu pripadnost.<\/p>\n<p>Rekao je Njegova Svetost:<\/p>\n<p>\u201cVe\u0107ina pacijenata koji se lije\u010de u na\u0161im bolnicama u Africi nisu muslimani, a oko 90% u\u010denika koji studiraju u na\u0161im \u0161kolama isto tako nisu muslimani. <strong>Stoga ne diskriminiramo nijednu zajednicu ili ljude i ne dajemo nikakav prioritet vlastitim \u010dlanovima<\/strong>.\u201d<\/p>\n<p><img loading=\"lazy\" decoding=\"async\" class=\"aligncenter size-full wp-image-2005\" src=\"http:\/\/www.ahmadiyya-islam.org\/hr\/wp-content\/uploads\/sites\/22\/2021\/06\/Humanity-First-.jpg\" alt=\"Humanity First - Ahmadija\" width=\"900\" height=\"572\" srcset=\"https:\/\/www.ahmadiyya-islam.org\/hr\/wp-content\/uploads\/sites\/22\/2021\/06\/Humanity-First-.jpg 900w, https:\/\/www.ahmadiyya-islam.org\/hr\/wp-content\/uploads\/sites\/22\/2021\/06\/Humanity-First--300x191.jpg 300w, https:\/\/www.ahmadiyya-islam.org\/hr\/wp-content\/uploads\/sites\/22\/2021\/06\/Humanity-First--768x488.jpg 768w\" sizes=\"auto, (max-width: 900px) 100vw, 900px\" \/><\/p>\n<p>Kalif je nastavio obja\u0161njavati filozofiju slu\u017eenja \u010dovje\u010danstvu koja vu\u010de korijene iz svetih spisa islama. On je rekao:<\/p>\n<p>\u201c\u010casni Kur&#8217;an uputio je muslimane da slu\u017ee \u010dovje\u010danstvu i da zadovolje potrebe onih koji pate ili su na bilo koji na\u010din uskra\u0107eni u \u017eivotnim potrebama. Zahtijeva od muslimana da budu nesebi\u010dni i da ih vodi ljubav prema drugima. Zahtijeva od nas da budemo uvijek spremni na \u017ertve radi mira i dobrobiti drugih ljudi.\u201d<\/p>\n<p>Nakon toga dao je neke reference iz \u010casnog Kur&#8217;ana da se <strong>musliman treba brinuti za sva Bo\u017eja stvorenja i utjehu i podr\u017eavati one kojima je potrebna, bilo da tra\u017ee pomo\u0107 ili ne<\/strong>.<a href=\"#_edn2\" name=\"_ednref2\">[ii]<\/a> Da pravi musliman ne smije \u010dekati dok netko ne zatra\u017ei pomo\u0107, nego da bude spreman pomo\u0107i upravo u trenutku kad otkrije osobu u potrebi. Da se muslimani upu\u0107uju da nahrane gladne, poka\u017eu empatiju i ljubav siro\u010dadi, posebno poma\u017eu onima koji su u siroma\u0161tvu ili su bez obrane i slabosti.<a href=\"#_edn3\" name=\"_ednref3\"><sup>[iii]<\/sup><\/a><\/p>\n<p>Kalif je rekao:<\/p>\n<p>\u201cMuslimani se u\u010de da budu ti koji tje\u0161e i vole one ljude kojima je dru\u0161tvo propalo i da na svojim ple\u0107ima nose te\u017einu svog tereta. Muslimani su du\u017eni pomagati siroma\u0161ne ljude kako bi mogli stati na noge, dostojanstveno \u017eivjeti i biti oslobo\u0111eni o\u010dajnih prilika.\u201d<\/p>\n<p>Slu\u0161ateljima je skrenuo pa\u017enju na lijepo u\u010denje \u010casnog Kur&#8217;ana o susjedima da je du\u017enost istinskog muslimana ispunjavati prava svih pojedinaca u \u0161irem susjedstvu.<a href=\"#_edn4\" name=\"_ednref4\">[iv]<\/a> Spomenuo je da islam u\u010di tro\u0161iti bogatstvo radi pomaganja drugima.<a href=\"#_edn5\" name=\"_ednref5\"><sup>[v]<\/sup><\/a><\/p>\n<p>Hazreti Mirza Masroor Ahmad<sup>a.b.a.<\/sup> jasno je stavio do znanja da svi stihovi koje je citirao isti\u010du \u010dinjenicu da \u201e<strong>ako muslimani \u017eele posti\u0107i ljubav prema Uzvi\u0161enom Allahu, prvo moraju pokazati ljubav prema stvaranju Boga<\/strong>.\u201d<\/p>\n<p>S tim u vezi citirao je Obe\u0107anog Mesiju<sup>a.s.<\/sup>:<\/p>\n<p>\u201cAko ne pomognemo bratu u vrijeme potrebe ili pote\u0161ko\u0107e, to je krajnje\u00a0 nemoralno i pogre\u0161no.\u201d<\/p>\n<p>Pred kraj svog govora rekao je njegova Svetost<sup>a.b.a.<\/sup>:<\/p>\n<p>\u201cZauvijek smo nadahnuti rije\u010dima Obe\u0107anog Mesije<sup>a.s.<\/sup>, koji je rekao <strong>da je slu\u017eenje \u010dovje\u010danstvu sredstvo za ispunjavanje prave svrhe na\u0161eg \u017eivota i postizanje blagodati i blagodati Svemogu\u0107eg Boga<\/strong>. Uvjeren sam da \u0107e sada svima vama biti jasno da ovu bolnicu nismo izgradili kako bismo profitirali ili postigli povoljan publicitet nego je na\u0161 jedini cilj slu\u017eiti ljudima svoje nacije, pru\u017eaju\u0107i visokokvalitetnu zdravstvenu za\u0161titu ljudima u ovoj zemlji.\u201d<\/p>\n<p>Kao predsjednik <a href=\"http:\/\/www.facebook.com\/HumanityFirstHrvatska\/\">Humanity First Hrvatska<\/a> mogu samo potvrditi i s povjerenjem re\u0107i da \u0107e se svi na\u0161i suradnici slo\u017eiti da je svrha svih projekata ostvarenih u Hrvatskoj uvijek slijedila cilj slu\u017eiti \u010dovje\u010danstvu i donijeti olak\u0161anje ranjivima i slabima u na\u0161em dru\u0161tvu.<\/p>\n<p>Osnivanjem Humanity First od strane muslimanske zajednice Ahmadija ubrzano je humanitarno djelovanje odobreno u cijelom svijetu. Rastu\u0107e razmjere humanitarne pomo\u0107i koju pru\u017ea Humanity First svakodnevno pru\u017eaju olak\u0161anje ve\u0107em broju ljudi. <strong>Humanity First ponosan je \u0161to mo\u017ee opravdati slogan \u201e<em>u slu\u017ebi \u010dovje\u010danstva<\/em>\u201d<\/strong>.<\/p>\n<p>Zahvaljujem svim ljudima koji podr\u017eavaju borbu \u010dovje\u010danstva, posebno \u010dlanovima muslimanske zajednice Ahmadija \u0161irom svijeta jer daju najve\u0107i doprinos u vidu dobro\u010dinstva i radne snage.<\/p>\n<p>Tako\u0111er bih htio zahvaliti svim na\u0161im dosada\u0161njim volonterima koji su nam na bilo koji na\u010din pomogli u ostvarenju razli\u010ditih projekata u Hrvatskoj. Tako\u0111er sam zahvalan svim na\u0161im suradnicima kao \u0161to su Caritas, Mali Zmaj, Pri\u010dalice, du\u017enosnici gradskih op\u0107ina, \u0161kolsko osoblje, klinike i mnogi drugi koji su pomogli da se otvori put za slu\u017eenje ljudima u Hrvatskoj.<\/p>\n<p><img loading=\"lazy\" decoding=\"async\" class=\"aligncenter size-full wp-image-2006\" src=\"http:\/\/www.ahmadiyya-islam.org\/hr\/wp-content\/uploads\/sites\/22\/2021\/06\/Humanity-First-Brezovica-.jpg\" alt=\"Humanity First Hrvatska\" width=\"875\" height=\"484\" srcset=\"https:\/\/www.ahmadiyya-islam.org\/hr\/wp-content\/uploads\/sites\/22\/2021\/06\/Humanity-First-Brezovica-.jpg 875w, https:\/\/www.ahmadiyya-islam.org\/hr\/wp-content\/uploads\/sites\/22\/2021\/06\/Humanity-First-Brezovica--300x166.jpg 300w, https:\/\/www.ahmadiyya-islam.org\/hr\/wp-content\/uploads\/sites\/22\/2021\/06\/Humanity-First-Brezovica--768x425.jpg 768w\" sizes=\"auto, (max-width: 875px) 100vw, 875px\" \/><\/p>\n<p><strong>Neka Bog prihvati na\u0161u borbu i \u017ertvu da pomognemo drugima. Neka nas Bog zauzvrat blagoslovi svojom ljubavlju i podari nam sre\u0107u i radost u na\u0161em \u017eivotu.<\/strong><\/p>\n<hr \/>\n<p><a href=\"#_ednref1\" name=\"_edn1\">[i]<\/a> <a href=\"https:\/\/www.alislam.org\/book\/message-for-our-time\/serving-humanity-worship-allah\/\">https:\/\/www.alislam.org\/book\/message-for-our-time\/serving-humanity-worship-allah\/<\/a><br \/>\n<a href=\"#_ednref2\" name=\"_edn2\">[ii]<\/a> \u010casni Kur&#8217;an, 51:20<br \/>\n<a href=\"#_ednref3\" name=\"_edn3\">[iii]<\/a> \u010casni Kur&#8217;an, 90:15\u201317<br \/>\n<a href=\"#_ednref4\" name=\"_edn4\">[iv]<\/a> \u010casni Kur&#8217;an, 4:37<br \/>\n<a href=\"#_ednref5\" name=\"_edn5\">[v]<\/a> \u010casni Kur&#8217;an, 47:39<\/p>\n","protected":false},"excerpt":{"rendered":"<p>Humanitarna udruga Humanity First ima dubok i trajan odnos sa muslimanskom zajednicom Ahmadija od samog po\u010detka svog osnutka 1994. godine.<\/p>\n","protected":false},"featured_media":2003,"parent":0,"template":"","tags":[35,86],"article-cat":[261],"topics":[18],"authors":[],"content_source":[],"class_list":["post-2002","articles","type-articles","status-publish","has-post-thumbnail","hentry","tag-ahmadija","tag-humanity-first","article-cat-kolumne-petkom","topics-humanity-first"],"acf":[],"yoast_head":"<!-- This site is optimized with the Yoast SEO Premium plugin v21.1 (Yoast SEO v27.4) - https:\/\/yoast.com\/product\/yoast-seo-premium-wordpress\/ -->\n<title>temelj suradnje Ahmadije i Humanity First \u0161irom svijeta<\/title>\n<meta name=\"description\" content=\"Humanitarna udruga Humanity First ima dubok i trajan odnos sa muslimanskom zajednicom Ahmadija od samog po\u010detka svog osnutka 1994. godine.\" \/>\n<meta name=\"robots\" content=\"index, follow, max-snippet:-1, max-image-preview:large, max-video-preview:-1\" \/>\n<link rel=\"canonical\" href=\"https:\/\/www.ahmadiyya-islam.org\/hr\/clanci\/temelj-suradnje-ahmadije-i-humanity-first\/\" \/>\n<meta property=\"og:locale\" content=\"hr_HR\" \/>\n<meta property=\"og:type\" content=\"article\" \/>\n<meta property=\"og:title\" content=\"Temelj suradnje Ahmadije i Humanity First \u0161irom svijeta\" \/>\n<meta property=\"og:description\" content=\"Humanitarna udruga Humanity First ima dubok i trajan odnos sa muslimanskom zajednicom Ahmadija od samog po\u010detka svog osnutka 1994. godine.\" \/>\n<meta property=\"og:url\" content=\"https:\/\/www.ahmadiyya-islam.org\/hr\/clanci\/temelj-suradnje-ahmadije-i-humanity-first\/\" \/>\n<meta property=\"og:site_name\" content=\"Ahmadija muslimanski d\u017eamat\" \/>\n<meta property=\"og:image\" content=\"https:\/\/www.ahmadiyya-islam.org\/hr\/wp-content\/uploads\/sites\/22\/2021\/06\/Peti-Kalif-Mirza-Masroor-Ahmad-Nasir-bolnica-.jpg\" \/>\n\t<meta property=\"og:image:width\" content=\"1650\" \/>\n\t<meta property=\"og:image:height\" content=\"750\" \/>\n\t<meta property=\"og:image:type\" content=\"image\/jpeg\" \/>\n<meta name=\"twitter:card\" content=\"summary_large_image\" \/>\n<meta name=\"twitter:label1\" content=\"Procijenjeno vrijeme \u010ditanja\" \/>\n\t<meta name=\"twitter:data1\" content=\"5 minuta\" \/>\n<script type=\"application\/ld+json\" class=\"yoast-schema-graph\">{\"@context\":\"https:\\\/\\\/schema.org\",\"@graph\":[{\"@type\":\"WebPage\",\"@id\":\"https:\\\/\\\/www.ahmadiyya-islam.org\\\/hr\\\/clanci\\\/temelj-suradnje-ahmadije-i-humanity-first\\\/\",\"url\":\"https:\\\/\\\/www.ahmadiyya-islam.org\\\/hr\\\/clanci\\\/temelj-suradnje-ahmadije-i-humanity-first\\\/\",\"name\":\"temelj suradnje Ahmadije i Humanity First \u0161irom svijeta\",\"isPartOf\":{\"@id\":\"https:\\\/\\\/www.ahmadiyya-islam.org\\\/hr\\\/#website\"},\"primaryImageOfPage\":{\"@id\":\"https:\\\/\\\/www.ahmadiyya-islam.org\\\/hr\\\/clanci\\\/temelj-suradnje-ahmadije-i-humanity-first\\\/#primaryimage\"},\"image\":{\"@id\":\"https:\\\/\\\/www.ahmadiyya-islam.org\\\/hr\\\/clanci\\\/temelj-suradnje-ahmadije-i-humanity-first\\\/#primaryimage\"},\"thumbnailUrl\":\"https:\\\/\\\/www.ahmadiyya-islam.org\\\/hr\\\/wp-content\\\/uploads\\\/sites\\\/22\\\/2021\\\/06\\\/Peti-Kalif-Mirza-Masroor-Ahmad-Nasir-bolnica-.jpg\",\"datePublished\":\"2021-06-12T09:11:18+00:00\",\"description\":\"Humanitarna udruga Humanity First ima dubok i trajan odnos sa muslimanskom zajednicom Ahmadija od samog po\u010detka svog osnutka 1994. godine.\",\"breadcrumb\":{\"@id\":\"https:\\\/\\\/www.ahmadiyya-islam.org\\\/hr\\\/clanci\\\/temelj-suradnje-ahmadije-i-humanity-first\\\/#breadcrumb\"},\"inLanguage\":\"hr\",\"potentialAction\":[{\"@type\":\"ReadAction\",\"target\":[\"https:\\\/\\\/www.ahmadiyya-islam.org\\\/hr\\\/clanci\\\/temelj-suradnje-ahmadije-i-humanity-first\\\/\"]}]},{\"@type\":\"ImageObject\",\"inLanguage\":\"hr\",\"@id\":\"https:\\\/\\\/www.ahmadiyya-islam.org\\\/hr\\\/clanci\\\/temelj-suradnje-ahmadije-i-humanity-first\\\/#primaryimage\",\"url\":\"https:\\\/\\\/www.ahmadiyya-islam.org\\\/hr\\\/wp-content\\\/uploads\\\/sites\\\/22\\\/2021\\\/06\\\/Peti-Kalif-Mirza-Masroor-Ahmad-Nasir-bolnica-.jpg\",\"contentUrl\":\"https:\\\/\\\/www.ahmadiyya-islam.org\\\/hr\\\/wp-content\\\/uploads\\\/sites\\\/22\\\/2021\\\/06\\\/Peti-Kalif-Mirza-Masroor-Ahmad-Nasir-bolnica-.jpg\",\"width\":1650,\"height\":750,\"caption\":\"Peti Kalif Mirza Masroor Ahmad - Nasir bolnica\"},{\"@type\":\"BreadcrumbList\",\"@id\":\"https:\\\/\\\/www.ahmadiyya-islam.org\\\/hr\\\/clanci\\\/temelj-suradnje-ahmadije-i-humanity-first\\\/#breadcrumb\",\"itemListElement\":[{\"@type\":\"ListItem\",\"position\":1,\"name\":\"Home\",\"item\":\"https:\\\/\\\/www.ahmadiyya-islam.org\\\/hr\\\/\"},{\"@type\":\"ListItem\",\"position\":2,\"name\":\"\u010clanci\",\"item\":\"https:\\\/\\\/www.ahmadiyya-islam.org\\\/hr\\\/clanci\\\/\"},{\"@type\":\"ListItem\",\"position\":3,\"name\":\"Temelj suradnje Ahmadije i Humanity First \u0161irom svijeta\"}]},{\"@type\":\"WebSite\",\"@id\":\"https:\\\/\\\/www.ahmadiyya-islam.org\\\/hr\\\/#website\",\"url\":\"https:\\\/\\\/www.ahmadiyya-islam.org\\\/hr\\\/\",\"name\":\"Ahmadija muslimanski d\u017eamat\",\"description\":\"Hrvatska\",\"potentialAction\":[{\"@type\":\"SearchAction\",\"target\":{\"@type\":\"EntryPoint\",\"urlTemplate\":\"https:\\\/\\\/www.ahmadiyya-islam.org\\\/hr\\\/?s={search_term_string}\"},\"query-input\":{\"@type\":\"PropertyValueSpecification\",\"valueRequired\":true,\"valueName\":\"search_term_string\"}}],\"inLanguage\":\"hr\"}]}<\/script>\n<!-- \/ Yoast SEO Premium plugin. -->","yoast_head_json":{"title":"temelj suradnje Ahmadije i Humanity First \u0161irom svijeta","description":"Humanitarna udruga Humanity First ima dubok i trajan odnos sa muslimanskom zajednicom Ahmadija od samog po\u010detka svog osnutka 1994. godine.","robots":{"index":"index","follow":"follow","max-snippet":"max-snippet:-1","max-image-preview":"max-image-preview:large","max-video-preview":"max-video-preview:-1"},"canonical":"https:\/\/www.ahmadiyya-islam.org\/hr\/clanci\/temelj-suradnje-ahmadije-i-humanity-first\/","og_locale":"hr_HR","og_type":"article","og_title":"Temelj suradnje Ahmadije i Humanity First \u0161irom svijeta","og_description":"Humanitarna udruga Humanity First ima dubok i trajan odnos sa muslimanskom zajednicom Ahmadija od samog po\u010detka svog osnutka 1994. godine.","og_url":"https:\/\/www.ahmadiyya-islam.org\/hr\/clanci\/temelj-suradnje-ahmadije-i-humanity-first\/","og_site_name":"Ahmadija muslimanski d\u017eamat","og_image":[{"width":1650,"height":750,"url":"https:\/\/www.ahmadiyya-islam.org\/hr\/wp-content\/uploads\/sites\/22\/2021\/06\/Peti-Kalif-Mirza-Masroor-Ahmad-Nasir-bolnica-.jpg","type":"image\/jpeg"}],"twitter_card":"summary_large_image","twitter_misc":{"Procijenjeno vrijeme \u010ditanja":"5 minuta"},"schema":{"@context":"https:\/\/schema.org","@graph":[{"@type":"WebPage","@id":"https:\/\/www.ahmadiyya-islam.org\/hr\/clanci\/temelj-suradnje-ahmadije-i-humanity-first\/","url":"https:\/\/www.ahmadiyya-islam.org\/hr\/clanci\/temelj-suradnje-ahmadije-i-humanity-first\/","name":"temelj suradnje Ahmadije i Humanity First \u0161irom svijeta","isPartOf":{"@id":"https:\/\/www.ahmadiyya-islam.org\/hr\/#website"},"primaryImageOfPage":{"@id":"https:\/\/www.ahmadiyya-islam.org\/hr\/clanci\/temelj-suradnje-ahmadije-i-humanity-first\/#primaryimage"},"image":{"@id":"https:\/\/www.ahmadiyya-islam.org\/hr\/clanci\/temelj-suradnje-ahmadije-i-humanity-first\/#primaryimage"},"thumbnailUrl":"https:\/\/www.ahmadiyya-islam.org\/hr\/wp-content\/uploads\/sites\/22\/2021\/06\/Peti-Kalif-Mirza-Masroor-Ahmad-Nasir-bolnica-.jpg","datePublished":"2021-06-12T09:11:18+00:00","description":"Humanitarna udruga Humanity First ima dubok i trajan odnos sa muslimanskom zajednicom Ahmadija od samog po\u010detka svog osnutka 1994. godine.","breadcrumb":{"@id":"https:\/\/www.ahmadiyya-islam.org\/hr\/clanci\/temelj-suradnje-ahmadije-i-humanity-first\/#breadcrumb"},"inLanguage":"hr","potentialAction":[{"@type":"ReadAction","target":["https:\/\/www.ahmadiyya-islam.org\/hr\/clanci\/temelj-suradnje-ahmadije-i-humanity-first\/"]}]},{"@type":"ImageObject","inLanguage":"hr","@id":"https:\/\/www.ahmadiyya-islam.org\/hr\/clanci\/temelj-suradnje-ahmadije-i-humanity-first\/#primaryimage","url":"https:\/\/www.ahmadiyya-islam.org\/hr\/wp-content\/uploads\/sites\/22\/2021\/06\/Peti-Kalif-Mirza-Masroor-Ahmad-Nasir-bolnica-.jpg","contentUrl":"https:\/\/www.ahmadiyya-islam.org\/hr\/wp-content\/uploads\/sites\/22\/2021\/06\/Peti-Kalif-Mirza-Masroor-Ahmad-Nasir-bolnica-.jpg","width":1650,"height":750,"caption":"Peti Kalif Mirza Masroor Ahmad - Nasir bolnica"},{"@type":"BreadcrumbList","@id":"https:\/\/www.ahmadiyya-islam.org\/hr\/clanci\/temelj-suradnje-ahmadije-i-humanity-first\/#breadcrumb","itemListElement":[{"@type":"ListItem","position":1,"name":"Home","item":"https:\/\/www.ahmadiyya-islam.org\/hr\/"},{"@type":"ListItem","position":2,"name":"\u010clanci","item":"https:\/\/www.ahmadiyya-islam.org\/hr\/clanci\/"},{"@type":"ListItem","position":3,"name":"Temelj suradnje Ahmadije i Humanity First \u0161irom svijeta"}]},{"@type":"WebSite","@id":"https:\/\/www.ahmadiyya-islam.org\/hr\/#website","url":"https:\/\/www.ahmadiyya-islam.org\/hr\/","name":"Ahmadija muslimanski d\u017eamat","description":"Hrvatska","potentialAction":[{"@type":"SearchAction","target":{"@type":"EntryPoint","urlTemplate":"https:\/\/www.ahmadiyya-islam.org\/hr\/?s={search_term_string}"},"query-input":{"@type":"PropertyValueSpecification","valueRequired":true,"valueName":"search_term_string"}}],"inLanguage":"hr"}]}},"_links":{"self":[{"href":"https:\/\/www.ahmadiyya-islam.org\/hr\/wp-json\/wp\/v2\/articles\/2002","targetHints":{"allow":["GET"]}}],"collection":[{"href":"https:\/\/www.ahmadiyya-islam.org\/hr\/wp-json\/wp\/v2\/articles"}],"about":[{"href":"https:\/\/www.ahmadiyya-islam.org\/hr\/wp-json\/wp\/v2\/types\/articles"}],"version-history":[{"count":0,"href":"https:\/\/www.ahmadiyya-islam.org\/hr\/wp-json\/wp\/v2\/articles\/2002\/revisions"}],"wp:featuredmedia":[{"embeddable":true,"href":"https:\/\/www.ahmadiyya-islam.org\/hr\/wp-json\/wp\/v2\/media\/2003"}],"wp:attachment":[{"href":"https:\/\/www.ahmadiyya-islam.org\/hr\/wp-json\/wp\/v2\/media?parent=2002"}],"wp:term":[{"taxonomy":"post_tag","embeddable":true,"href":"https:\/\/www.ahmadiyya-islam.org\/hr\/wp-json\/wp\/v2\/tags?post=2002"},{"taxonomy":"article-cat","embeddable":true,"href":"https:\/\/www.ahmadiyya-islam.org\/hr\/wp-json\/wp\/v2\/article-cat?post=2002"},{"taxonomy":"topics","embeddable":true,"href":"https:\/\/www.ahmadiyya-islam.org\/hr\/wp-json\/wp\/v2\/topics?post=2002"},{"taxonomy":"authors","embeddable":true,"href":"https:\/\/www.ahmadiyya-islam.org\/hr\/wp-json\/wp\/v2\/authors?post=2002"},{"taxonomy":"content_source","embeddable":true,"href":"https:\/\/www.ahmadiyya-islam.org\/hr\/wp-json\/wp\/v2\/content_source?post=2002"}],"curies":[{"name":"wp","href":"https:\/\/api.w.org\/{rel}","templated":true}]}}