{"id":1955,"date":"2021-04-30T08:59:14","date_gmt":"2021-04-30T08:59:14","guid":{"rendered":"https:\/\/www.ahmadiyya-islam.org\/hr\/?post_type=articles&#038;p=1955"},"modified":"2023-03-26T15:22:25","modified_gmt":"2023-03-26T15:22:25","slug":"sehur-i-iftar-kada-muslimani-pocinju-i-prekidaju-post-za-vrijeme-ramazana","status":"publish","type":"articles","link":"https:\/\/www.ahmadiyya-islam.org\/hr\/clanci\/sehur-i-iftar-kada-muslimani-pocinju-i-prekidaju-post-za-vrijeme-ramazana\/","title":{"rendered":"Sehur i Iftar &#8211; Kada muslimani po\u010dinju i prekidaju post za vrijeme Ramazana?"},"content":{"rendered":"<p>Jedna od klju\u010dnih komponenti tijekom svetog mjeseca Ramazana je post; drugim rije\u010dima, suzdr\u017eavanje od jela i pi\u0107a od <em>zore<\/em> do mraka. Simbolizira oblik odvojenosti od svijeta kako bih se mogao vi\u0161e usredoto\u010diti na odnos s Bogom.<\/p>\n<p>Dakle, post u Ramazanu nadilazi puku apstinenciju od hrane i pi\u0107a jer to predstavlja ne\u0161to mnogo ve\u0107e. Me\u0111utim, \u0161to se ti\u010de fizi\u010dkog aspekta posta, mo\u017ee se postaviti pitanje; kada to\u010dno osoba treba prestati jesti i piti i kada to\u010dno mo\u017ee ponovno po\u010deti jesti i piti i kako se odre\u0111uje ovo vrijeme?<\/p>\n<p>Tijekom Ramazana postoje dva pojma koja postaju vrlo \u010desta tijekom mjeseca: <em>Sehur<\/em> i <em>Iftar<\/em>.<\/p>\n<h2><strong>Sehur<\/strong><\/h2>\n<p>Sehur se odnosi na obrok koji se jede prije zore kako bi se zapo\u010deo post. U osnovi, ovo je posljednje \u0161to se jede prije posta ostatka dana. U stvari, \u010dak i obrok za sehur izvor je blagoslova, kao \u0161to je rekao \u010casni Poslanik Muhammed<sup>s.a.v.s.<\/sup>:<em> \u201eUzmi sehur, jer u njemu postoji blagoslov.\u201c<a href=\"#_edn1\" name=\"_ednref1\"><strong>[i]<\/strong><\/a><\/em> Ali kada to\u010dno prije zore treba prestati jesti? Svemogu\u0107i Bog sam odgovara na ovo pitanje kada izjavljuje u \u010casnom Kur\u2019anu:<\/p>\n<blockquote><p>\u201eI jedite i pijte sve do sabaha i dok bijela nit ne bude odvojena od crne niti (no\u0107i). Onda postite do no\u0107i.\u201c<a href=\"#_edn2\" name=\"_ednref2\">[ii]<\/a><\/p><\/blockquote>\n<p>\u0160to se podrazumijeva pod crnom niti i bijelom niti? \u010casni Poslanik<sup> s.a.v.s.<\/sup> objasnio je upravo ovaj stih kad je rekao:<\/p>\n<blockquote><p>\u201eTaj stih zna\u010di tamu no\u0107i i bjelinu zore\u201c<a href=\"#_edn3\" name=\"_ednref3\">[iii]<\/a><\/p><\/blockquote>\n<p>Stoga se, prema uputama Svemogu\u0107eg Boga, mo\u017ee nastaviti jesti do zore prije nego \u0161to se posti ostatak dana. Zapravo, vrijeme je jo\u0161 dodatno precizirano u kazivanjima. Na primjer, prenosi ga Sahl bin Sad<sup>r.a.<\/sup>:<\/p>\n<blockquote><p>\u201eZnao sam uzimati sehurske obroke sa svojom obitelji, a zatim po\u017eurio da se predstavim na (<em>Fajr<\/em>) molitvu [molitvu pred zoru] kod Allahovog Poslanika<sup>s.a.v.s.<\/sup>\u201c<a href=\"#_edn4\" name=\"_ednref4\">[iv]<\/a><\/p><\/blockquote>\n<p>Stoga se mo\u017ee jesti do zore prije nego \u0161to se posti ostatak dana.<\/p>\n<h2><strong>Iftar<\/strong><\/h2>\n<p>Iftar se odnosi na prekidanje posta. Kao \u0161to je nazna\u010dio Svemogu\u0107i Bog u gore spomenutom stihu, osoba treba postiti<em> \u201esve dok ne padne no\u0107\u201c. <\/em>\u0160to se ti\u010de to\u010dnog vremena kada post treba biti prekinut, rekao je \u010casni Poslanik Muhamed<sup>s.a.v.s.<\/sup>:<\/p>\n<blockquote><p><em>\u201eKad no\u0107 napreduje i dan se povu\u010de, a sunce sakrije, tada se post treba prekinuti.\u201c<a href=\"#_edn5\" name=\"_ednref5\"><strong>[v]<\/strong><\/a><\/em><\/p><\/blockquote>\n<p>Ovdje opisano vrijeme podudara se s vremenom namaza <em>Ak\u0161ama<\/em>, a to je molitva koja se klanja odmah nakon zalaska sunca. Stoga se post prekida neposredno prije klanjanja namaza <em>Ak\u0161ama<\/em>.<\/p>\n<p>Tako\u0111er je bila praksa \u010casnog Poslanika<sup>s.a.v.s.<\/sup> da jednom kad do\u0111e vrijeme, ne\u0107e se odgoditi otvaranje posta. Prenosi se da je jednom Hazreti Ai\u0161a<sup>r.a.<\/sup>, supruga \u010casnog Poslanika<sup>s.a.v.s.<\/sup>, pitana od dvoje ljudi; jedan bi prekidao post \u010dim bi do\u0161lo vrijeme za to, dok bi drugi prekidao post nakon odre\u0111enog vremena. Hazrat Ai\u0161a<sup>r.a. <\/sup>rekla je u vezi s osobom koja je odmah prekinula post:<\/p>\n<blockquote><p>\u201eOvako je to u\u010dinio Allahov Poslanik.\u201c<a href=\"#_edn6\" name=\"_ednref6\">[vi]<\/a><\/p><\/blockquote>\n<p>Rekao je sam \u010casni Poslanik Muhamed<sup>s.a.v.s.<\/sup>:<\/p>\n<blockquote><p>\u201eLjudi \u0107e ostati na pravom putu sve dok ne ubrzavaju prekidanje takve brzine prekidanja posta.\u201c<a href=\"#_edn7\" name=\"_ednref7\">[vii]<\/a><\/p><\/blockquote>\n<p>Tako\u0111er nalazimo predaje u kojima se navodi kako bi to\u010dno \u010casni Poslanik zapo\u010deo \u00a0s prekidom posta. Zabilje\u017eeno je da bi \u010casni Poslanik<sup>s.a.v.s.<\/sup> prekidao post datuljama, a ako datulje nisu bili dostupni, tada bi popio nekoliko gutljaja vode.<a href=\"#_edn8\" name=\"_ednref8\">[viii]<\/a><\/p>\n<p>Otuda nalazimo da su datulje postali gotovo sinonimi mjeseca Ramazana, jer predstavljaju na\u010din na koji je \u010casni Poslanik<sup>s.a.v.s.<\/sup> otvarao svoj post. Rekao je sam \u010casni Poslanik<sup>s.a.v.s.<\/sup>:<\/p>\n<blockquote><p>\u201eTko ima suhe datulje, neka s tim prekine post, a tko nema, neka prekine post vodom, jer doista voda pro\u010di\u0161\u0107ava.\u201c<a href=\"#_edn9\" name=\"_ednref9\">[ix]<\/a><\/p><\/blockquote>\n<p>Dakle, eto vam; ovo je na\u010din na koji muslimani diljem svijeta po\u010dinju i prekidaju post tijekom mjeseca Ramazana.<\/p>\n<h2>Povezan:<\/h2>\n<ul>\n<li><a href=\"https:\/\/www.ahmadiyya-islam.org\/hr\/molitve\/molitva-za-post-u-ramazanu-dova-sehura-i-iftara\/\">Molitva za post u Ramazanu \u2013 dova sehura i iftara<\/a><\/li>\n<li><a href=\"https:\/\/www.ahmadiyya-islam.org\/hr\/clanci\/sto-je-ramazan-i-post\/\">\u0160to je Ramazan i post?<\/a><\/li>\n<li><a href=\"https:\/\/www.ahmadiyya-islam.org\/hr\/ahmadija\/ramazanski-plan-za-zagreb-2023-ramazanska-vaktija\/\">Ramazanski Plan (vaktija) za Zagreb 2023.<\/a><\/li>\n<\/ul>\n<hr \/>\n<p><strong>Zavr\u0161ne bilje\u0161ke<\/strong><\/p>\n<p><a href=\"#_ednref1\" name=\"_edn1\">[i]<\/a> Sahih al-Bukhari Kitabus Saum Hadith #1923<br \/>\n<a href=\"#_ednref2\" name=\"_edn2\">[ii]<\/a> \u010casni Kur\u2019an, 2:188<br \/>\n<a href=\"#_ednref3\" name=\"_edn3\">[iii]<\/a> Sahih al-Bukhari Kitabus Saum Hadith #1916<br \/>\n<a href=\"#_ednref4\" name=\"_edn4\">[iv]<\/a> Jami` at-Tirmidhi Kitabus Saum Hadith #698J<br \/>\n<a href=\"#_ednref5\" name=\"_edn5\">[v]<\/a> Sahih al-Bukari Kitabus Saum Hadith # 1920<br \/>\n<a href=\"#_ednref6\" name=\"_edn6\">[vi]<\/a> Jami` at-Tirmidhi Kitabus Saum Hadith #702<br \/>\n<a href=\"#_ednref7\" name=\"_edn7\">[vii]<\/a> Sahih al-Bukhari Kitabus Saum Hadith #1957<br \/>\n<a href=\"#_ednref8\" name=\"_edn8\">[viii]<\/a> Jami` at-Tirmidhi Kitabus Saum Hadith #696<br \/>\n<a href=\"#_ednref9\" name=\"_edn9\">[ix]<\/a> Jami` at-Tirmidhi Kitabus Saum Hadith #694<\/p>\n","protected":false},"excerpt":{"rendered":"<p>Kada to\u010dno osoba treba prestati jesti i piti i kada to\u010dno mo\u017ee ponovno po\u010deti jesti i piti i kako se odre\u0111uje ovo vrijeme? Sehur i Iftar.<\/p>\n","protected":false},"featured_media":1956,"parent":0,"template":"","tags":[306,304,303,307],"article-cat":[261],"topics":[302],"authors":[],"content_source":[],"class_list":["post-1955","articles","type-articles","status-publish","has-post-thumbnail","hentry","tag-iftar","tag-post","tag-ramazan","tag-sehur","article-cat-kolumne-petkom","topics-ramazan"],"acf":[],"yoast_head":"<!-- This site is optimized with the Yoast SEO Premium plugin v21.1 (Yoast SEO v27.4) - https:\/\/yoast.com\/product\/yoast-seo-premium-wordpress\/ -->\n<title>Sehur i Iftar - Kada muslimani po\u010dinju i prekidaju post za vrijeme Ramazana?<\/title>\n<meta name=\"description\" content=\"Kada to\u010dno osoba treba prestati jesti i piti i kada to\u010dno mo\u017ee ponovno po\u010deti jesti i piti i kako se odre\u0111uje ovo vrijeme? Sehur i Iftar.\" \/>\n<meta name=\"robots\" content=\"index, follow, max-snippet:-1, max-image-preview:large, max-video-preview:-1\" \/>\n<link rel=\"canonical\" href=\"https:\/\/www.ahmadiyya-islam.org\/hr\/clanci\/sehur-i-iftar-kada-muslimani-pocinju-i-prekidaju-post-za-vrijeme-ramazana\/\" \/>\n<meta property=\"og:locale\" content=\"hr_HR\" \/>\n<meta property=\"og:type\" content=\"article\" \/>\n<meta property=\"og:title\" content=\"Sehur i Iftar - Kada muslimani po\u010dinju i prekidaju post za vrijeme Ramazana?\" \/>\n<meta property=\"og:description\" content=\"Kada to\u010dno osoba treba prestati jesti i piti i kada to\u010dno mo\u017ee ponovno po\u010deti jesti i piti i kako se odre\u0111uje ovo vrijeme? Sehur i Iftar.\" \/>\n<meta property=\"og:url\" content=\"https:\/\/www.ahmadiyya-islam.org\/hr\/clanci\/sehur-i-iftar-kada-muslimani-pocinju-i-prekidaju-post-za-vrijeme-ramazana\/\" \/>\n<meta property=\"og:site_name\" content=\"Ahmadija muslimanski d\u017eamat\" \/>\n<meta property=\"article:modified_time\" content=\"2023-03-26T15:22:25+00:00\" \/>\n<meta property=\"og:image\" content=\"http:\/\/www.ahmadiyya-islam.org\/hr\/wp-content\/uploads\/sites\/22\/2021\/04\/Sehur-i-Iftar-u-Ramazanu-.jpg\" \/>\n\t<meta property=\"og:image:width\" content=\"1650\" \/>\n\t<meta property=\"og:image:height\" content=\"750\" \/>\n\t<meta property=\"og:image:type\" content=\"image\/jpeg\" \/>\n<meta name=\"twitter:card\" content=\"summary_large_image\" \/>\n<meta name=\"twitter:label1\" content=\"Procijenjeno vrijeme \u010ditanja\" \/>\n\t<meta name=\"twitter:data1\" content=\"4 minute\" \/>\n<script type=\"application\/ld+json\" class=\"yoast-schema-graph\">{\"@context\":\"https:\\\/\\\/schema.org\",\"@graph\":[{\"@type\":\"WebPage\",\"@id\":\"https:\\\/\\\/www.ahmadiyya-islam.org\\\/hr\\\/clanci\\\/sehur-i-iftar-kada-muslimani-pocinju-i-prekidaju-post-za-vrijeme-ramazana\\\/\",\"url\":\"https:\\\/\\\/www.ahmadiyya-islam.org\\\/hr\\\/clanci\\\/sehur-i-iftar-kada-muslimani-pocinju-i-prekidaju-post-za-vrijeme-ramazana\\\/\",\"name\":\"Sehur i Iftar - Kada muslimani po\u010dinju i prekidaju post za vrijeme Ramazana?\",\"isPartOf\":{\"@id\":\"https:\\\/\\\/www.ahmadiyya-islam.org\\\/hr\\\/#website\"},\"primaryImageOfPage\":{\"@id\":\"https:\\\/\\\/www.ahmadiyya-islam.org\\\/hr\\\/clanci\\\/sehur-i-iftar-kada-muslimani-pocinju-i-prekidaju-post-za-vrijeme-ramazana\\\/#primaryimage\"},\"image\":{\"@id\":\"https:\\\/\\\/www.ahmadiyya-islam.org\\\/hr\\\/clanci\\\/sehur-i-iftar-kada-muslimani-pocinju-i-prekidaju-post-za-vrijeme-ramazana\\\/#primaryimage\"},\"thumbnailUrl\":\"https:\\\/\\\/www.ahmadiyya-islam.org\\\/hr\\\/wp-content\\\/uploads\\\/sites\\\/22\\\/2021\\\/04\\\/Sehur-i-Iftar-u-Ramazanu-.jpg\",\"datePublished\":\"2021-04-30T08:59:14+00:00\",\"dateModified\":\"2023-03-26T15:22:25+00:00\",\"description\":\"Kada to\u010dno osoba treba prestati jesti i piti i kada to\u010dno mo\u017ee ponovno po\u010deti jesti i piti i kako se odre\u0111uje ovo vrijeme? Sehur i Iftar.\",\"breadcrumb\":{\"@id\":\"https:\\\/\\\/www.ahmadiyya-islam.org\\\/hr\\\/clanci\\\/sehur-i-iftar-kada-muslimani-pocinju-i-prekidaju-post-za-vrijeme-ramazana\\\/#breadcrumb\"},\"inLanguage\":\"hr\",\"potentialAction\":[{\"@type\":\"ReadAction\",\"target\":[\"https:\\\/\\\/www.ahmadiyya-islam.org\\\/hr\\\/clanci\\\/sehur-i-iftar-kada-muslimani-pocinju-i-prekidaju-post-za-vrijeme-ramazana\\\/\"]}]},{\"@type\":\"ImageObject\",\"inLanguage\":\"hr\",\"@id\":\"https:\\\/\\\/www.ahmadiyya-islam.org\\\/hr\\\/clanci\\\/sehur-i-iftar-kada-muslimani-pocinju-i-prekidaju-post-za-vrijeme-ramazana\\\/#primaryimage\",\"url\":\"https:\\\/\\\/www.ahmadiyya-islam.org\\\/hr\\\/wp-content\\\/uploads\\\/sites\\\/22\\\/2021\\\/04\\\/Sehur-i-Iftar-u-Ramazanu-.jpg\",\"contentUrl\":\"https:\\\/\\\/www.ahmadiyya-islam.org\\\/hr\\\/wp-content\\\/uploads\\\/sites\\\/22\\\/2021\\\/04\\\/Sehur-i-Iftar-u-Ramazanu-.jpg\",\"width\":1650,\"height\":750,\"caption\":\"Sehur i Iftar u Ramazanu\"},{\"@type\":\"BreadcrumbList\",\"@id\":\"https:\\\/\\\/www.ahmadiyya-islam.org\\\/hr\\\/clanci\\\/sehur-i-iftar-kada-muslimani-pocinju-i-prekidaju-post-za-vrijeme-ramazana\\\/#breadcrumb\",\"itemListElement\":[{\"@type\":\"ListItem\",\"position\":1,\"name\":\"Home\",\"item\":\"https:\\\/\\\/www.ahmadiyya-islam.org\\\/hr\\\/\"},{\"@type\":\"ListItem\",\"position\":2,\"name\":\"\u010clanci\",\"item\":\"https:\\\/\\\/www.ahmadiyya-islam.org\\\/hr\\\/clanci\\\/\"},{\"@type\":\"ListItem\",\"position\":3,\"name\":\"Sehur i Iftar &#8211; Kada muslimani po\u010dinju i prekidaju post za vrijeme Ramazana?\"}]},{\"@type\":\"WebSite\",\"@id\":\"https:\\\/\\\/www.ahmadiyya-islam.org\\\/hr\\\/#website\",\"url\":\"https:\\\/\\\/www.ahmadiyya-islam.org\\\/hr\\\/\",\"name\":\"Ahmadija muslimanski d\u017eamat\",\"description\":\"Hrvatska\",\"potentialAction\":[{\"@type\":\"SearchAction\",\"target\":{\"@type\":\"EntryPoint\",\"urlTemplate\":\"https:\\\/\\\/www.ahmadiyya-islam.org\\\/hr\\\/?s={search_term_string}\"},\"query-input\":{\"@type\":\"PropertyValueSpecification\",\"valueRequired\":true,\"valueName\":\"search_term_string\"}}],\"inLanguage\":\"hr\"}]}<\/script>\n<!-- \/ Yoast SEO Premium plugin. -->","yoast_head_json":{"title":"Sehur i Iftar - Kada muslimani po\u010dinju i prekidaju post za vrijeme Ramazana?","description":"Kada to\u010dno osoba treba prestati jesti i piti i kada to\u010dno mo\u017ee ponovno po\u010deti jesti i piti i kako se odre\u0111uje ovo vrijeme? Sehur i Iftar.","robots":{"index":"index","follow":"follow","max-snippet":"max-snippet:-1","max-image-preview":"max-image-preview:large","max-video-preview":"max-video-preview:-1"},"canonical":"https:\/\/www.ahmadiyya-islam.org\/hr\/clanci\/sehur-i-iftar-kada-muslimani-pocinju-i-prekidaju-post-za-vrijeme-ramazana\/","og_locale":"hr_HR","og_type":"article","og_title":"Sehur i Iftar - Kada muslimani po\u010dinju i prekidaju post za vrijeme Ramazana?","og_description":"Kada to\u010dno osoba treba prestati jesti i piti i kada to\u010dno mo\u017ee ponovno po\u010deti jesti i piti i kako se odre\u0111uje ovo vrijeme? Sehur i Iftar.","og_url":"https:\/\/www.ahmadiyya-islam.org\/hr\/clanci\/sehur-i-iftar-kada-muslimani-pocinju-i-prekidaju-post-za-vrijeme-ramazana\/","og_site_name":"Ahmadija muslimanski d\u017eamat","article_modified_time":"2023-03-26T15:22:25+00:00","og_image":[{"width":1650,"height":750,"url":"http:\/\/www.ahmadiyya-islam.org\/hr\/wp-content\/uploads\/sites\/22\/2021\/04\/Sehur-i-Iftar-u-Ramazanu-.jpg","type":"image\/jpeg"}],"twitter_card":"summary_large_image","twitter_misc":{"Procijenjeno vrijeme \u010ditanja":"4 minute"},"schema":{"@context":"https:\/\/schema.org","@graph":[{"@type":"WebPage","@id":"https:\/\/www.ahmadiyya-islam.org\/hr\/clanci\/sehur-i-iftar-kada-muslimani-pocinju-i-prekidaju-post-za-vrijeme-ramazana\/","url":"https:\/\/www.ahmadiyya-islam.org\/hr\/clanci\/sehur-i-iftar-kada-muslimani-pocinju-i-prekidaju-post-za-vrijeme-ramazana\/","name":"Sehur i Iftar - Kada muslimani po\u010dinju i prekidaju post za vrijeme Ramazana?","isPartOf":{"@id":"https:\/\/www.ahmadiyya-islam.org\/hr\/#website"},"primaryImageOfPage":{"@id":"https:\/\/www.ahmadiyya-islam.org\/hr\/clanci\/sehur-i-iftar-kada-muslimani-pocinju-i-prekidaju-post-za-vrijeme-ramazana\/#primaryimage"},"image":{"@id":"https:\/\/www.ahmadiyya-islam.org\/hr\/clanci\/sehur-i-iftar-kada-muslimani-pocinju-i-prekidaju-post-za-vrijeme-ramazana\/#primaryimage"},"thumbnailUrl":"https:\/\/www.ahmadiyya-islam.org\/hr\/wp-content\/uploads\/sites\/22\/2021\/04\/Sehur-i-Iftar-u-Ramazanu-.jpg","datePublished":"2021-04-30T08:59:14+00:00","dateModified":"2023-03-26T15:22:25+00:00","description":"Kada to\u010dno osoba treba prestati jesti i piti i kada to\u010dno mo\u017ee ponovno po\u010deti jesti i piti i kako se odre\u0111uje ovo vrijeme? Sehur i Iftar.","breadcrumb":{"@id":"https:\/\/www.ahmadiyya-islam.org\/hr\/clanci\/sehur-i-iftar-kada-muslimani-pocinju-i-prekidaju-post-za-vrijeme-ramazana\/#breadcrumb"},"inLanguage":"hr","potentialAction":[{"@type":"ReadAction","target":["https:\/\/www.ahmadiyya-islam.org\/hr\/clanci\/sehur-i-iftar-kada-muslimani-pocinju-i-prekidaju-post-za-vrijeme-ramazana\/"]}]},{"@type":"ImageObject","inLanguage":"hr","@id":"https:\/\/www.ahmadiyya-islam.org\/hr\/clanci\/sehur-i-iftar-kada-muslimani-pocinju-i-prekidaju-post-za-vrijeme-ramazana\/#primaryimage","url":"https:\/\/www.ahmadiyya-islam.org\/hr\/wp-content\/uploads\/sites\/22\/2021\/04\/Sehur-i-Iftar-u-Ramazanu-.jpg","contentUrl":"https:\/\/www.ahmadiyya-islam.org\/hr\/wp-content\/uploads\/sites\/22\/2021\/04\/Sehur-i-Iftar-u-Ramazanu-.jpg","width":1650,"height":750,"caption":"Sehur i Iftar u Ramazanu"},{"@type":"BreadcrumbList","@id":"https:\/\/www.ahmadiyya-islam.org\/hr\/clanci\/sehur-i-iftar-kada-muslimani-pocinju-i-prekidaju-post-za-vrijeme-ramazana\/#breadcrumb","itemListElement":[{"@type":"ListItem","position":1,"name":"Home","item":"https:\/\/www.ahmadiyya-islam.org\/hr\/"},{"@type":"ListItem","position":2,"name":"\u010clanci","item":"https:\/\/www.ahmadiyya-islam.org\/hr\/clanci\/"},{"@type":"ListItem","position":3,"name":"Sehur i Iftar &#8211; Kada muslimani po\u010dinju i prekidaju post za vrijeme Ramazana?"}]},{"@type":"WebSite","@id":"https:\/\/www.ahmadiyya-islam.org\/hr\/#website","url":"https:\/\/www.ahmadiyya-islam.org\/hr\/","name":"Ahmadija muslimanski d\u017eamat","description":"Hrvatska","potentialAction":[{"@type":"SearchAction","target":{"@type":"EntryPoint","urlTemplate":"https:\/\/www.ahmadiyya-islam.org\/hr\/?s={search_term_string}"},"query-input":{"@type":"PropertyValueSpecification","valueRequired":true,"valueName":"search_term_string"}}],"inLanguage":"hr"}]}},"_links":{"self":[{"href":"https:\/\/www.ahmadiyya-islam.org\/hr\/wp-json\/wp\/v2\/articles\/1955","targetHints":{"allow":["GET"]}}],"collection":[{"href":"https:\/\/www.ahmadiyya-islam.org\/hr\/wp-json\/wp\/v2\/articles"}],"about":[{"href":"https:\/\/www.ahmadiyya-islam.org\/hr\/wp-json\/wp\/v2\/types\/articles"}],"version-history":[{"count":1,"href":"https:\/\/www.ahmadiyya-islam.org\/hr\/wp-json\/wp\/v2\/articles\/1955\/revisions"}],"predecessor-version":[{"id":2514,"href":"https:\/\/www.ahmadiyya-islam.org\/hr\/wp-json\/wp\/v2\/articles\/1955\/revisions\/2514"}],"wp:featuredmedia":[{"embeddable":true,"href":"https:\/\/www.ahmadiyya-islam.org\/hr\/wp-json\/wp\/v2\/media\/1956"}],"wp:attachment":[{"href":"https:\/\/www.ahmadiyya-islam.org\/hr\/wp-json\/wp\/v2\/media?parent=1955"}],"wp:term":[{"taxonomy":"post_tag","embeddable":true,"href":"https:\/\/www.ahmadiyya-islam.org\/hr\/wp-json\/wp\/v2\/tags?post=1955"},{"taxonomy":"article-cat","embeddable":true,"href":"https:\/\/www.ahmadiyya-islam.org\/hr\/wp-json\/wp\/v2\/article-cat?post=1955"},{"taxonomy":"topics","embeddable":true,"href":"https:\/\/www.ahmadiyya-islam.org\/hr\/wp-json\/wp\/v2\/topics?post=1955"},{"taxonomy":"authors","embeddable":true,"href":"https:\/\/www.ahmadiyya-islam.org\/hr\/wp-json\/wp\/v2\/authors?post=1955"},{"taxonomy":"content_source","embeddable":true,"href":"https:\/\/www.ahmadiyya-islam.org\/hr\/wp-json\/wp\/v2\/content_source?post=1955"}],"curies":[{"name":"wp","href":"https:\/\/api.w.org\/{rel}","templated":true}]}}