{"id":1938,"date":"2021-04-23T09:53:59","date_gmt":"2021-04-23T09:53:59","guid":{"rendered":"https:\/\/www.ahmadiyya-islam.org\/hr\/?post_type=articles&#038;p=1938"},"modified":"2023-03-26T15:26:23","modified_gmt":"2023-03-26T15:26:23","slug":"ramazan-ima-29-ili-30-dana-posta-ali-zasto-muslimani-gladuju","status":"publish","type":"articles","link":"https:\/\/www.ahmadiyya-islam.org\/hr\/clanci\/ramazan-ima-29-ili-30-dana-posta-ali-zasto-muslimani-gladuju\/","title":{"rendered":"Ramazan ima 29 ili 30 dana posta, ali za\u0161to muslimani \u201egladuju\u201c?"},"content":{"rendered":"<p>Islam umjesto solarnog kalendara slijedi lunarni kalendar pa je zato Ramazan jedan od 12 mjeseci u tom lunarnom kalendaru islama. Zbog toga se Ramazan svake godine pojavljuje na razli\u010dite datume. Zapravo mjesec Ramazan zapo\u010dinje svake godine otprilike 11 do 12 dana ranije u odnosu na prethodnu godinu. Ukupni dani Ramazana stoga tako\u0111er ovise o pojavi mjeseca koji pokre\u0107e lunarni kalendar tako <strong>da se<\/strong> <strong>mjesec Ramazan mo\u017ee sastojati od 29 ili 30 dana<\/strong>. Me\u0111utim, stavimo sa strane svu tu matemati\u010dku ra\u010dunicu i razmotrimo va\u017enost mjeseca Ramazana. Vidjet \u00a0\u0107emo za\u0161to je mjesec Ramazan tako poseban u islamu.<\/p>\n<p>Pro\u010ditajmo najprije odgovaraju\u0107i stih iz \u010casnog Kur&#8217;ana:<\/p>\n<blockquote><p><em>\u201e<strong>Mjesec Ramazan je onaj u kojem je Kur\u2019an objavljen<\/strong> kao jedna uzvi\u0161ena Uputa za ljude, u kojem je dato jasno obja\u0161njenje Upute i Furkan (razlikovanje istine od neistine). <strong>Zato, tko god slijedi ovaj mjesec, neka posti<\/strong>. A tko god je bolestan ili je na putu, to \u0107e ispuniti u nekim drugim danima. Allah vam \u017eeli olak\u0161ati i ne \u017eeli da ste u te\u0161ko\u0107ama, \u017eeli da ispunite taj broj i da veli\u010date Allaha \u0161to vas je uputio na to te da mu budete zahvalni.\u201c<\/em><a href=\"#_edn1\" name=\"_ednref1\">[i]<\/a><\/p><\/blockquote>\n<p>Jasno obja\u0161njenje koje je \u010casni Kur&#8217;an dao o zna\u010daju mjeseca Ramazana prije svega je to da je sam \u010casni Kur&#8217;an prvi put objavljen u mjesecu Ramazanu \u010casnom Poslaniku Muhammedu<sup>s.a.v.s.<\/sup>. Od <em>Ahadisa<\/em>, izreke \u010casni Poslanik<sup>s.a.v.s.<\/sup>, tako\u0111er saznajemo da je Arhan\u0111eo Gabriel svaki Ramazan s njim ponavljao \u010casni Kur&#8217;an.<\/p>\n<p>Tako da je razlog za\u0161to slavimo mjesec Ramazan u tome \u0161to nam je u ovom blagoslovljenom mjesecu s neba poslana Bo\u017eja rije\u010d. Sljede\u0107e je pitanje kako muslimani slave ovaj mjesec?<\/p>\n<p>Prvo \u0161to nau\u010dimo iz gore spomenutog obja\u0161njenja \u010casnog Kur&#8217;ana je <strong>da na\u0161a pa\u017enja tijekom mjeseca Ramazana mora biti usmjerena na Bo\u017eju rije\u010d, \u010ditaju\u0107i je i poku\u0161avaju\u0107i je razumjeti, a zatim je, naravno, provesti<\/strong>. Zbog toga su se muslimani, mladi i stari, potrudili \u010ditati Kur&#8217;an. Islam \u010dak ide do te mjere da \u0107e vam \u010dak i u\u010denje \u010casnog Kur&#8217;ana (arapski tekst) podariti blagoslov od Svemogu\u0107eg Boga. Dakle, uzmite u obzir da muslimani koji \u017eive u zemljama koje ne govore arapskim jezikom uglavnom izgovaraju Kuran na arapskom jeziku da bi prvo primili blagoslov, a zatim se koncentrirali na prijevod da bi od Boga dobili daljnji uvid i mudrost.<\/p>\n<p>\u010citav ovaj postupak ponavljanja Svetog pisma toliko je veli\u010danstven da ne mo\u017eete prona\u0107i sli\u010dan primjer takvog vje\u017ebanja u drugim religijama gdje se sli\u010dan napor ula\u017ee u \u010ditanje Bo\u017eje rije\u010di na kolektivnoj razini tijekom dugog razdoblja kao tijekom mjeseca Ramazana \u0161to zna\u010di 29 ili 30 dana.<\/p>\n<p>Dakle, \u010dim musliman slijedi ovu prvu zapovijed odnosno da slijedi Bo\u017eje vodstvo \u010ditaju\u0107i Njegovu rije\u010d, dolazimo do sljede\u0107eg va\u017enog koraka koji je spomenut u gornjem stihu o mjesecu Ramazanu.<\/p>\n<blockquote><p><strong><em>\u201eTko god je od vas prisutan u ovom mjesecu, neka posti\u201c<\/em><\/strong><\/p><\/blockquote>\n<p>Klauzula, <em>neka u tome posti<\/em>, zna\u010di da je potrebno postiti sve dane mjeseca Ramazana; ne\u0107e postiti samo nekoliko dana. Dakle, od svakih dvanaest mjeseci u godini, barem jedan &#8211; Ramazanov &#8211; mora biti toliko posve\u0107en \u0161tovanju Boga.<\/p>\n<p>Jo\u0161 jedna stvar koju islamsko u\u010denje primjenjuje na vjernike jest da je post obaveza svakog zdravog i odraslog muslimana. Djeca, trudnice ili bolesni ljudi ne smiju postiti tijekom mjeseca Ramazana.<\/p>\n<blockquote><p><strong><em>\u201cA tko god je bolestan ili je na putu, neka ispuni broj drugih dana\u201d<\/em><\/strong><\/p><\/blockquote>\n<p>U ovom stihu \u010casni Kur&#8217;an \u010dak otkriva da su osim bolesnika i putnici isklju\u010deni iz posta. Daje se obja\u0161njenje da \u201e<em>Allah \u017eeli da vam pru\u017ei olak\u0161icu i ne \u017eeli nevolje zbog vas<\/em>\u201c, ali kako je uvjet mjeseca Ramazana prvenstveno \u0161tovanje Boga, obaveza je putnika i bolesnika da \u010dim se vrati s putovanja ili se oporavi od bolesti nakon toga dovr\u0161iti svoj broj propu\u0161tenih dana posta.<\/p>\n<p>Bog je time jasno rekao da je post ne\u0161to \u0161to vam poma\u017ee da pove\u0107ate duhovnost i steknete mudrost od Boga. Fizi\u010dki aspekt je sporedan. Zbog toga su u\u010denja \u010casnog Kur&#8217;ana uvela dodatnu klauzulu za one koji trajno nisu u stanju da poste.<\/p>\n<p>\u201cOdre\u0111eni broj dana, a tko god od vas bude bolestan ili bude na putu, neka posti isti broj drugih dana; <strong>a onima koji ne mogu (da poste) otkup (<em>fidija<\/em>) je da nahrane jednog siromaha<\/strong>.\u201d<a href=\"#_edn2\" name=\"_ednref2\">[ii]<\/a><\/p>\n<p>Bog ka\u017ee da ako ste bolesni i ne mo\u017eete kasnije posti\u0107i odre\u0111eni broj dana posta, morate nahraniti drugu osobu koja ina\u010de ne bi mogla postiti, jer nema sredstava da sebi nabavi obrok da se pripremi za post. Ovo je opet prekrasno u\u010denje islama koje stavlja drugu temeljnu filozofiju, osim \u0161tovanja Boga, na svjetlo da na svaki mogu\u0107i na\u010din morate pokazati suosje\u0107anje s Bo\u017ejim stvaranjem. Ovo je jedna od promocija mjeseca Ramazana odnosno da su muslimani jo\u0161 vi\u0161e uklju\u010deni u dobrotvorne svrhe tijekom mjeseca Ramazana bez obzira na to postili ili ne.<\/p>\n<p>Zbog toga se post kod muslimana uvijek prilago\u0111ava situaciji siroma\u0161nih ljudi. Ljudi koji nisu svjesni ovog koncepta, <strong>na primjer na zapadu, \u010desto pitaju muslimane,<\/strong> <strong>kako pre\u017eivjeti, a da ni\u0161ta ne jedu ili \u010dak ne piju malo vode?<\/strong>\u00a0Odgovor je u tome da se svatko zamisli kako se milijuni ljudi koji gladuju svakodnevno u svijetu moraju osje\u0107ati kada nemaju pristup hrani, jer mi na njih ne obra\u0107amo pa\u017enju! Pretpostavljamo da \u0107e pre\u017eivjeti &#8211; \u0161to je la\u017ena pretpostavka da oslobodimo svoj um od lo\u0161ih osje\u0107aja; a ne poku\u0161avamo promijeniti situaciju. Ispravniji odgovor je da da, mogu\u0107e je pre\u017eivjeti bez hrane i vode! \u010cinim to sa spoznajom da \u0107u jesti hranu ujutro i nave\u010der. Me\u0111utim, milijuni ljudi nemaju istu mogu\u0107nost. To je razlog za\u0161to gladuju. <strong>Pa kad postim da bih se svidio Bogu i sjetim se koliko mi je blagoslova podario, mislim na one koji nemaju istu privilegiju kao ja<\/strong>. To mi daje jo\u0161 vi\u0161e motivacije da prije svega brzo (\u0161to nije uvijek lako) pomognem onima koji su u potrebi.<\/p>\n<p>Post se propisuje svakom odraslom muslimanu koji tako\u0111er uklju\u010duje i bogate na isti na\u010din kao i siroma\u0161ne. <strong>Islam iz ove perspektive ponovno stavlja \u010ditavo \u010dovje\u010danstvo na istu razinu bez obzira na njihov socijalni status u dru\u0161tvu<\/strong>. Ako bogata osoba koja ima sva sredstva za bogatu prehranu, nikada ne do\u017eivi osje\u0107aj gladi, uskoro \u0107e izgubiti razumijevanje kako glad utje\u010de na ljudsko tijelo ili kako se osje\u0107a glad. Ovim islam poziva ljude svih klasa da se pridru\u017ee postu i razviju univerzalno razumijevanje kako se boriti protiv gladi u svijetu i da to nitko ne bi trebao iskusiti protiv svoje volje.<\/p>\n<p>Hazreti Mirza Masroor Ahmad<sup>a.b.a.<\/sup>, peti Kalif Obe\u0107anog Mesije<sup>a.s.<\/sup> ka\u017ee:<\/p>\n<blockquote><p><em>\u201eKad se post temelji na \u201etakvi\u201c (pravednosti), on stvara lijepo dru\u0161tvo, stvaraju\u0107i duh po\u017ertvovnosti jednih za druge. \u010covjek privla\u010di potrebe svoje nedovoljno privilegirane bra\u0107e, a to je vrlo va\u017eno <strong>jer je blagoslovljeni model \u010casnog \u00a0Poslanika<sup>s.a.v.s.<\/sup> bio da \u0107e tijekom Ramazana njegovo davanje milostinje i dobro\u010dinstvo dobiti sna\u017ean zamah poput oluje<\/strong>. To postaje izvor uklanjanja tjeskobe iz dru\u0161tva i stvara osje\u0107aj empatije za one manje sretne me\u0111u onima koji su dobrostoje\u0107i; i osje\u0107aje ljubavi i zahvalnosti u srcima slabo privilegiranih vjernika za svoju dobrostoje\u0107u bra\u0107u.\u201c<a href=\"#_edn3\" name=\"_ednref3\"><strong>[iii]<\/strong><\/a> <\/em><\/p><\/blockquote>\n<p>Neka nam Bog pomogne da shvatimo ovaj aspekt Ramazana me\u0111u mnogim drugima kako bismo postigli sr\u010dani mir prepoznavanjem Stvoritelja i Njegove tvorevine. Neka nam Bog pomogne oja\u010dati vjeru u Boga tijekom mjeseca Ramazana.<\/p>\n<h2>Povezan:<\/h2>\n<ul>\n<li><a href=\"https:\/\/www.ahmadiyya-islam.org\/hr\/clanci\/ramazan-sveti-mjesec-posta\/\">Ramazan \u2013 sveti mjesec posta<\/a><\/li>\n<li><a href=\"https:\/\/www.ahmadiyya-islam.org\/hr\/clanci\/sto-je-ramazan-i-post\/\">\u0160to je Ramazan i post?<\/a><\/li>\n<li><a href=\"https:\/\/www.ahmadiyya-islam.org\/hr\/ahmadija\/ramazanski-plan-za-zagreb-2023-ramazanska-vaktija\/\">Ramazanski Plan (vaktija) za Zagreb 2023.<\/a><\/li>\n<\/ul>\n<hr \/>\n<p><a href=\"#_ednref1\" name=\"_edn1\"><\/a><strong>Zavr\u0161ne bilje\u0161ke <\/strong><\/p>\n<p>[i] \u010casni Kur&#8217;ana, 2:186<br \/>\n<a href=\"#_ednref2\" name=\"_edn2\">[ii]<\/a> \u010casni Kur&#8217;an, 2:185<br \/>\n<a href=\"#_ednref3\" name=\"_edn3\">[iii]<\/a> <em>Hazrat Mirza Masroor Ahmad (aba), \u201cFriday Sermon: Ramadhan \u2013 Virtues of Fasting.\u201d\u00a0Al Islam. 17 June 2014. <\/em><a href=\"http:\/\/www.alislam.org\/friday-sermon\/2013-07-12.html\"><em>http:\/\/www.alislam.org\/friday-sermon\/2013-07-12.html<\/em><\/a><em>.<\/em><\/p>\n","protected":false},"excerpt":{"rendered":"<p>Islam umjesto solarnog kalendara slijedi lunarni kalendar pa je zato Ramazan jedan od 12 mjeseci u tom lunarnom kalendaru islama. Zbog toga se Ramazan svake godine pojavljuje na razli\u010dite datume. Zapravo mjesec Ramazan zapo\u010dinje svake godine otprilike 11 do 12 dana ranije u odnosu na prethodnu godinu. Ukupni dani Ramazana stoga tako\u0111er ovise o pojavi<\/p>\n","protected":false},"featured_media":1939,"parent":0,"template":"","tags":[358,304,303],"article-cat":[348],"topics":[302],"authors":[],"content_source":[305],"class_list":["post-1938","articles","type-articles","status-publish","has-post-thumbnail","hentry","tag-mjesec","tag-post","tag-ramazan","article-cat-review-of-religions","topics-ramazan","content_source-review-of-religions"],"acf":[],"yoast_head":"<!-- This site is optimized with the Yoast SEO Premium plugin v21.1 (Yoast SEO v27.4) - https:\/\/yoast.com\/product\/yoast-seo-premium-wordpress\/ -->\n<title>Ramazan ima 29 ili 30 dana posta, ali za\u0161to muslimani \u201egladuju\u201c?<\/title>\n<meta name=\"description\" content=\"Islam umjesto solarnog kalendara slijedi lunarni kalendar pa je zato Ramazan jedan od 12 mjeseci u tom lunarnom kalendaru islama.\" \/>\n<meta name=\"robots\" content=\"index, follow, max-snippet:-1, max-image-preview:large, max-video-preview:-1\" \/>\n<link rel=\"canonical\" href=\"https:\/\/www.ahmadiyya-islam.org\/hr\/clanci\/ramazan-ima-29-ili-30-dana-posta-ali-zasto-muslimani-gladuju\/\" \/>\n<meta property=\"og:locale\" content=\"hr_HR\" \/>\n<meta property=\"og:type\" content=\"article\" \/>\n<meta property=\"og:title\" content=\"Ramazan ima 29 ili 30 dana posta, ali za\u0161to muslimani \u201egladuju\u201c?\" \/>\n<meta property=\"og:description\" content=\"Islam umjesto solarnog kalendara slijedi lunarni kalendar pa je zato Ramazan jedan od 12 mjeseci u tom lunarnom kalendaru islama.\" \/>\n<meta property=\"og:url\" content=\"https:\/\/www.ahmadiyya-islam.org\/hr\/clanci\/ramazan-ima-29-ili-30-dana-posta-ali-zasto-muslimani-gladuju\/\" \/>\n<meta property=\"og:site_name\" content=\"Ahmadija muslimanski d\u017eamat\" \/>\n<meta property=\"article:modified_time\" content=\"2023-03-26T15:26:23+00:00\" \/>\n<meta property=\"og:image\" content=\"http:\/\/www.ahmadiyya-islam.org\/hr\/wp-content\/uploads\/sites\/22\/2021\/04\/Ramazan-.jpg\" \/>\n\t<meta property=\"og:image:width\" content=\"1650\" \/>\n\t<meta property=\"og:image:height\" content=\"750\" \/>\n\t<meta property=\"og:image:type\" content=\"image\/jpeg\" \/>\n<meta name=\"twitter:card\" content=\"summary_large_image\" \/>\n<meta name=\"twitter:label1\" content=\"Procijenjeno vrijeme \u010ditanja\" \/>\n\t<meta name=\"twitter:data1\" content=\"7 minuta\" \/>\n<script type=\"application\/ld+json\" class=\"yoast-schema-graph\">{\"@context\":\"https:\\\/\\\/schema.org\",\"@graph\":[{\"@type\":\"WebPage\",\"@id\":\"https:\\\/\\\/www.ahmadiyya-islam.org\\\/hr\\\/clanci\\\/ramazan-ima-29-ili-30-dana-posta-ali-zasto-muslimani-gladuju\\\/\",\"url\":\"https:\\\/\\\/www.ahmadiyya-islam.org\\\/hr\\\/clanci\\\/ramazan-ima-29-ili-30-dana-posta-ali-zasto-muslimani-gladuju\\\/\",\"name\":\"Ramazan ima 29 ili 30 dana posta, ali za\u0161to muslimani \u201egladuju\u201c?\",\"isPartOf\":{\"@id\":\"https:\\\/\\\/www.ahmadiyya-islam.org\\\/hr\\\/#website\"},\"primaryImageOfPage\":{\"@id\":\"https:\\\/\\\/www.ahmadiyya-islam.org\\\/hr\\\/clanci\\\/ramazan-ima-29-ili-30-dana-posta-ali-zasto-muslimani-gladuju\\\/#primaryimage\"},\"image\":{\"@id\":\"https:\\\/\\\/www.ahmadiyya-islam.org\\\/hr\\\/clanci\\\/ramazan-ima-29-ili-30-dana-posta-ali-zasto-muslimani-gladuju\\\/#primaryimage\"},\"thumbnailUrl\":\"https:\\\/\\\/www.ahmadiyya-islam.org\\\/hr\\\/wp-content\\\/uploads\\\/sites\\\/22\\\/2021\\\/04\\\/Ramazan-.jpg\",\"datePublished\":\"2021-04-23T09:53:59+00:00\",\"dateModified\":\"2023-03-26T15:26:23+00:00\",\"description\":\"Islam umjesto solarnog kalendara slijedi lunarni kalendar pa je zato Ramazan jedan od 12 mjeseci u tom lunarnom kalendaru islama.\",\"breadcrumb\":{\"@id\":\"https:\\\/\\\/www.ahmadiyya-islam.org\\\/hr\\\/clanci\\\/ramazan-ima-29-ili-30-dana-posta-ali-zasto-muslimani-gladuju\\\/#breadcrumb\"},\"inLanguage\":\"hr\",\"potentialAction\":[{\"@type\":\"ReadAction\",\"target\":[\"https:\\\/\\\/www.ahmadiyya-islam.org\\\/hr\\\/clanci\\\/ramazan-ima-29-ili-30-dana-posta-ali-zasto-muslimani-gladuju\\\/\"]}]},{\"@type\":\"ImageObject\",\"inLanguage\":\"hr\",\"@id\":\"https:\\\/\\\/www.ahmadiyya-islam.org\\\/hr\\\/clanci\\\/ramazan-ima-29-ili-30-dana-posta-ali-zasto-muslimani-gladuju\\\/#primaryimage\",\"url\":\"https:\\\/\\\/www.ahmadiyya-islam.org\\\/hr\\\/wp-content\\\/uploads\\\/sites\\\/22\\\/2021\\\/04\\\/Ramazan-.jpg\",\"contentUrl\":\"https:\\\/\\\/www.ahmadiyya-islam.org\\\/hr\\\/wp-content\\\/uploads\\\/sites\\\/22\\\/2021\\\/04\\\/Ramazan-.jpg\",\"width\":1650,\"height\":750,\"caption\":\"Ramazan i post\"},{\"@type\":\"BreadcrumbList\",\"@id\":\"https:\\\/\\\/www.ahmadiyya-islam.org\\\/hr\\\/clanci\\\/ramazan-ima-29-ili-30-dana-posta-ali-zasto-muslimani-gladuju\\\/#breadcrumb\",\"itemListElement\":[{\"@type\":\"ListItem\",\"position\":1,\"name\":\"Home\",\"item\":\"https:\\\/\\\/www.ahmadiyya-islam.org\\\/hr\\\/\"},{\"@type\":\"ListItem\",\"position\":2,\"name\":\"\u010clanci\",\"item\":\"https:\\\/\\\/www.ahmadiyya-islam.org\\\/hr\\\/clanci\\\/\"},{\"@type\":\"ListItem\",\"position\":3,\"name\":\"Ramazan ima 29 ili 30 dana posta, ali za\u0161to muslimani \u201egladuju\u201c?\"}]},{\"@type\":\"WebSite\",\"@id\":\"https:\\\/\\\/www.ahmadiyya-islam.org\\\/hr\\\/#website\",\"url\":\"https:\\\/\\\/www.ahmadiyya-islam.org\\\/hr\\\/\",\"name\":\"Ahmadija muslimanski d\u017eamat\",\"description\":\"Hrvatska\",\"potentialAction\":[{\"@type\":\"SearchAction\",\"target\":{\"@type\":\"EntryPoint\",\"urlTemplate\":\"https:\\\/\\\/www.ahmadiyya-islam.org\\\/hr\\\/?s={search_term_string}\"},\"query-input\":{\"@type\":\"PropertyValueSpecification\",\"valueRequired\":true,\"valueName\":\"search_term_string\"}}],\"inLanguage\":\"hr\"}]}<\/script>\n<!-- \/ Yoast SEO Premium plugin. -->","yoast_head_json":{"title":"Ramazan ima 29 ili 30 dana posta, ali za\u0161to muslimani \u201egladuju\u201c?","description":"Islam umjesto solarnog kalendara slijedi lunarni kalendar pa je zato Ramazan jedan od 12 mjeseci u tom lunarnom kalendaru islama.","robots":{"index":"index","follow":"follow","max-snippet":"max-snippet:-1","max-image-preview":"max-image-preview:large","max-video-preview":"max-video-preview:-1"},"canonical":"https:\/\/www.ahmadiyya-islam.org\/hr\/clanci\/ramazan-ima-29-ili-30-dana-posta-ali-zasto-muslimani-gladuju\/","og_locale":"hr_HR","og_type":"article","og_title":"Ramazan ima 29 ili 30 dana posta, ali za\u0161to muslimani \u201egladuju\u201c?","og_description":"Islam umjesto solarnog kalendara slijedi lunarni kalendar pa je zato Ramazan jedan od 12 mjeseci u tom lunarnom kalendaru islama.","og_url":"https:\/\/www.ahmadiyya-islam.org\/hr\/clanci\/ramazan-ima-29-ili-30-dana-posta-ali-zasto-muslimani-gladuju\/","og_site_name":"Ahmadija muslimanski d\u017eamat","article_modified_time":"2023-03-26T15:26:23+00:00","og_image":[{"width":1650,"height":750,"url":"http:\/\/www.ahmadiyya-islam.org\/hr\/wp-content\/uploads\/sites\/22\/2021\/04\/Ramazan-.jpg","type":"image\/jpeg"}],"twitter_card":"summary_large_image","twitter_misc":{"Procijenjeno vrijeme \u010ditanja":"7 minuta"},"schema":{"@context":"https:\/\/schema.org","@graph":[{"@type":"WebPage","@id":"https:\/\/www.ahmadiyya-islam.org\/hr\/clanci\/ramazan-ima-29-ili-30-dana-posta-ali-zasto-muslimani-gladuju\/","url":"https:\/\/www.ahmadiyya-islam.org\/hr\/clanci\/ramazan-ima-29-ili-30-dana-posta-ali-zasto-muslimani-gladuju\/","name":"Ramazan ima 29 ili 30 dana posta, ali za\u0161to muslimani \u201egladuju\u201c?","isPartOf":{"@id":"https:\/\/www.ahmadiyya-islam.org\/hr\/#website"},"primaryImageOfPage":{"@id":"https:\/\/www.ahmadiyya-islam.org\/hr\/clanci\/ramazan-ima-29-ili-30-dana-posta-ali-zasto-muslimani-gladuju\/#primaryimage"},"image":{"@id":"https:\/\/www.ahmadiyya-islam.org\/hr\/clanci\/ramazan-ima-29-ili-30-dana-posta-ali-zasto-muslimani-gladuju\/#primaryimage"},"thumbnailUrl":"https:\/\/www.ahmadiyya-islam.org\/hr\/wp-content\/uploads\/sites\/22\/2021\/04\/Ramazan-.jpg","datePublished":"2021-04-23T09:53:59+00:00","dateModified":"2023-03-26T15:26:23+00:00","description":"Islam umjesto solarnog kalendara slijedi lunarni kalendar pa je zato Ramazan jedan od 12 mjeseci u tom lunarnom kalendaru islama.","breadcrumb":{"@id":"https:\/\/www.ahmadiyya-islam.org\/hr\/clanci\/ramazan-ima-29-ili-30-dana-posta-ali-zasto-muslimani-gladuju\/#breadcrumb"},"inLanguage":"hr","potentialAction":[{"@type":"ReadAction","target":["https:\/\/www.ahmadiyya-islam.org\/hr\/clanci\/ramazan-ima-29-ili-30-dana-posta-ali-zasto-muslimani-gladuju\/"]}]},{"@type":"ImageObject","inLanguage":"hr","@id":"https:\/\/www.ahmadiyya-islam.org\/hr\/clanci\/ramazan-ima-29-ili-30-dana-posta-ali-zasto-muslimani-gladuju\/#primaryimage","url":"https:\/\/www.ahmadiyya-islam.org\/hr\/wp-content\/uploads\/sites\/22\/2021\/04\/Ramazan-.jpg","contentUrl":"https:\/\/www.ahmadiyya-islam.org\/hr\/wp-content\/uploads\/sites\/22\/2021\/04\/Ramazan-.jpg","width":1650,"height":750,"caption":"Ramazan i post"},{"@type":"BreadcrumbList","@id":"https:\/\/www.ahmadiyya-islam.org\/hr\/clanci\/ramazan-ima-29-ili-30-dana-posta-ali-zasto-muslimani-gladuju\/#breadcrumb","itemListElement":[{"@type":"ListItem","position":1,"name":"Home","item":"https:\/\/www.ahmadiyya-islam.org\/hr\/"},{"@type":"ListItem","position":2,"name":"\u010clanci","item":"https:\/\/www.ahmadiyya-islam.org\/hr\/clanci\/"},{"@type":"ListItem","position":3,"name":"Ramazan ima 29 ili 30 dana posta, ali za\u0161to muslimani \u201egladuju\u201c?"}]},{"@type":"WebSite","@id":"https:\/\/www.ahmadiyya-islam.org\/hr\/#website","url":"https:\/\/www.ahmadiyya-islam.org\/hr\/","name":"Ahmadija muslimanski d\u017eamat","description":"Hrvatska","potentialAction":[{"@type":"SearchAction","target":{"@type":"EntryPoint","urlTemplate":"https:\/\/www.ahmadiyya-islam.org\/hr\/?s={search_term_string}"},"query-input":{"@type":"PropertyValueSpecification","valueRequired":true,"valueName":"search_term_string"}}],"inLanguage":"hr"}]}},"_links":{"self":[{"href":"https:\/\/www.ahmadiyya-islam.org\/hr\/wp-json\/wp\/v2\/articles\/1938","targetHints":{"allow":["GET"]}}],"collection":[{"href":"https:\/\/www.ahmadiyya-islam.org\/hr\/wp-json\/wp\/v2\/articles"}],"about":[{"href":"https:\/\/www.ahmadiyya-islam.org\/hr\/wp-json\/wp\/v2\/types\/articles"}],"version-history":[{"count":1,"href":"https:\/\/www.ahmadiyya-islam.org\/hr\/wp-json\/wp\/v2\/articles\/1938\/revisions"}],"predecessor-version":[{"id":2515,"href":"https:\/\/www.ahmadiyya-islam.org\/hr\/wp-json\/wp\/v2\/articles\/1938\/revisions\/2515"}],"wp:featuredmedia":[{"embeddable":true,"href":"https:\/\/www.ahmadiyya-islam.org\/hr\/wp-json\/wp\/v2\/media\/1939"}],"wp:attachment":[{"href":"https:\/\/www.ahmadiyya-islam.org\/hr\/wp-json\/wp\/v2\/media?parent=1938"}],"wp:term":[{"taxonomy":"post_tag","embeddable":true,"href":"https:\/\/www.ahmadiyya-islam.org\/hr\/wp-json\/wp\/v2\/tags?post=1938"},{"taxonomy":"article-cat","embeddable":true,"href":"https:\/\/www.ahmadiyya-islam.org\/hr\/wp-json\/wp\/v2\/article-cat?post=1938"},{"taxonomy":"topics","embeddable":true,"href":"https:\/\/www.ahmadiyya-islam.org\/hr\/wp-json\/wp\/v2\/topics?post=1938"},{"taxonomy":"authors","embeddable":true,"href":"https:\/\/www.ahmadiyya-islam.org\/hr\/wp-json\/wp\/v2\/authors?post=1938"},{"taxonomy":"content_source","embeddable":true,"href":"https:\/\/www.ahmadiyya-islam.org\/hr\/wp-json\/wp\/v2\/content_source?post=1938"}],"curies":[{"name":"wp","href":"https:\/\/api.w.org\/{rel}","templated":true}]}}