{"id":1852,"date":"2021-02-26T11:44:09","date_gmt":"2021-02-26T11:44:09","guid":{"rendered":"https:\/\/www.ahmadiyya-islam.org\/hr\/?post_type=articles&#038;p=1852"},"modified":"2021-02-26T11:44:09","modified_gmt":"2021-02-26T11:44:09","slug":"isus-je-prezivio-u-trbuhu-zemlje-kao-i-jona-prezivio-cudesno-u-trbuhu-ribe","status":"publish","type":"articles","link":"https:\/\/www.ahmadiyya-islam.org\/hr\/clanci\/isus-je-prezivio-u-trbuhu-zemlje-kao-i-jona-prezivio-cudesno-u-trbuhu-ribe\/","title":{"rendered":"Isus je pre\u017eivio u trbuhu zemlje kao i Jona pre\u017eivio \u010dudesno u trbuhu ribe"},"content":{"rendered":"<p>Kao \u0161to je obe\u0107ano u prethodnoj <a href=\"https:\/\/www.ahmadiyya-islam.org\/hr\/clanci\/prica-o-joni-ne-odnosi-se-samo-na-veliku-ribu\/\">kolumni<\/a>,\u00a0\u017eelio bih nastaviti osvjetljavati pri\u010du o proroku Joni<sup>a.s.<\/sup>. Veli\u010danstveno je vidjeti kako se isto proro\u010danstvo i znak ispunjavaju drugi put. Moti\u010dki proroci pre\u017eivjeli su \u0161to je trebalo pre\u017eivjeti. Ovaj put u korist Isusa Krista.<\/p>\n<p>\u017delio bih podijeliti kratki sa\u017eetak iz posljednje kolumne &#8211; Jona<sup>a.s.<\/sup> je prorok koji je ba\u010den u more za vrijeme jake oluje, a progutala ga je velika riba.<a href=\"#_edn2\" name=\"_ednref2\">[i]<\/a> <strong>\u010cudesno je pre\u017eivio u trbuhu ribe uz pomo\u0107 Bo\u017eju<\/strong>. Nakon ovog incidenta Jona se vratio u grad Ninive i uspje\u0161no prenio Bo\u017eju poruku. Narod Ninive prihvatio je poruku i pokajao se pred Bogom Svemogu\u0107im.<a href=\"#_edn3\" name=\"_ednref3\">[ii]<\/a><\/p>\n<p>Ovaj Jonin znak u razgovoru je stolje\u0107ima kasnije spomenuo Isus<sup>a.s.<\/sup> Krist. \u010citamo u Novom zavjetu:<\/p>\n<blockquote><p><em>\u201eU\u010ditelju, htjeli bismo od tebe vidjeti znak.\u00a0A on im odgovori: Nara\u0161taj opak i preljubni\u010dki znak tra\u017ei, ali mu se znak ne\u0107e dati doli znak Jone proroka.\u00a0<strong>Doista, kao \u0161to Jona\u00a0bija\u0161e u utrobi kitovoj tri dana i tri no\u0107i,\u00a0tako \u0107e i Sin \u010covje\u010dji biti u srcu zemlje tri dana i tri no\u0107i<\/strong>.\u201d<a href=\"#_edn4\" name=\"_ednref4\"><strong>[iii]<\/strong><\/a><\/em><\/p><\/blockquote>\n<p>Za\u0161to je Isus<sup>a.s.<\/sup> spomenuo Jonin<sup>a.s.<\/sup> znak i o kakvoj sli\u010dnosti Isus govori? \u0160to je Isus<sup>a.s.<\/sup> znao u vrijeme ovog razgovora \u010dega njegovi prijatelji nisu bili svjesni? Budu\u0107i incident, raspe\u0107e bi trebalo donijeti svjetlost ovom skrivenom znaku.<\/p>\n<p>Obe\u0107ani Mesija Hazrat Mirza Ghulam Ahmad<sup>a.s.<\/sup> pi\u0161e u svojoj knjizi \u201e<strong><em>Isus u Indiji<\/em><\/strong>\u201d:<\/p>\n<blockquote><p><em>\u201eSada je jasno da Jona<sup>a.s.<\/sup> nije umro u trbuhu zemlje; sve \u0161to se dogodilo jeste da je bio u nesvjestici ili komi. \u010casne Bo\u017eje knjige svjedo\u010de o tome da je Jona<sup>a.s.<\/sup>, milo\u0161\u0107u Bo\u017ejom, <strong>ostao \u017eiv u utrobi zemlje i da je izi\u0161ao \u017eiv i da ga je njegov narod kona\u010dno prihvatio<\/strong>.\u201c<a href=\"#_edn5\" name=\"_ednref5\">[iv]<\/a><\/em><\/p><\/blockquote>\n<p>U sljede\u0107oj re\u010denici Obe\u0107ani Mesija<sup>a.s.<\/sup> daje komentar na temu koju kr\u0161\u0107anski sve\u0107enici \u0161ute i poku\u0161avaju izbje\u0107i obra\u0107anje. On ka\u017ee:<\/p>\n<blockquote><p><em><strong>\u201eAko je Isus<sup>a.s.<\/sup> umro u utrobi zemlje, kakva bi tu sli\u010dnost mogla biti izme\u0111u mrtvog i \u017eivog, i obratno?\u201c<\/strong><\/em><\/p><\/blockquote>\n<p>Mirza Ghulam Ahmad<sup>a.s.<\/sup> dalje govori:<\/p>\n<blockquote><p><em>\u201eKao \u0161to smo ve\u0107 napomenuli, poslanik nikada ne la\u017ee. Isus<sup>a.s.<\/sup> svoj trodnevni boravak u grobnici uporedio je s tri dana koje je Jona proveo u trbuhu ribe. <strong>Ovo jedino ukazuje na to da, kako je Jona<sup>a.s.<\/sup> ostao \u017eiv tri dana u trbuhu ribe, tako mora biti da je i Isus isto tako ostao \u017eiv tri dana u grobnici. <\/strong>Treba zapamtiti da \u017eidovske grobnice u ovo doba nisu bile kao dana\u0161nje; one su bile prostrane kao soba, i s jedne strane je bio prozor pokriven velikim kamenom.\u201c<a href=\"#_edn6\" name=\"_ednref6\">[v]<\/a><\/em><\/p><\/blockquote>\n<p>Isus<sup>a.s.<\/sup> je bio \u017eiv, ali se onesvijestio kad su ga skinuli s kri\u017ea i smjestili u grob. Da je, me\u0111utim, Isus<sup>a.s.<\/sup> umro na kri\u017eu i bio mrtav stavljen u srce zemlje, a zatim uskrsnuo, ne bi bilo sli\u010dnosti sa znakom Jone<sup>a.s.<\/sup>.<\/p>\n<p><strong>Da bismo razumjeli za\u0161to je Isusu<sup>a.s.<\/sup> va\u017eno pre\u017eivjeti poku\u0161aj ubojstva od strane \u017didova, moramo razmotriti koja je Isusova misija bila:<\/strong><\/p>\n<blockquote><p><em>\u201cOn odgovori: Poslan sam samo k izgubljenim ovcama doma Izraelova.\u201d<a href=\"#_edn7\" name=\"_ednref7\"><strong>[vi]<\/strong><\/a><\/em><\/p><\/blockquote>\n<p>Ovaj stih i mnogi drugi jasno pokazuju da je Isusova misija bila predati Bo\u017eju poruku dvanaestorici izraelskih plemena. <strong>Kao pravi Bo\u017eji prorok, bilo bi nemogu\u0107e ili protiv svake logike i mudrosti da je Isus<sup>a.s.<\/sup> umro prije nego \u0161to je zavr\u0161io svoju misiju<\/strong>. Ako bi umro prije nego \u0161to je uspje\u0161no zavr\u0161io misiju, ne preostaje mu druga mogu\u0107nost nego vjerovati da je propali prorok. Ono \u0161to \u017eelim istaknuti jest da je Bo\u017eji plan trebao za\u0161tititi Isusa od kri\u017ea i dati mu dostojanstvo i uspjeh koji je Bog dao Joni<sup>a.s.<\/sup> u znaku \u010dudesnog pre\u017eivljavanja iz trbuha ribe.<\/p>\n<p>I opet po skriptu znamo da je Isus<sup>a.s.<\/sup> bio potpuno svjestan da nestala plemena \u017eive dalje od njegova mjesta ro\u0111enja i da im mora do\u0107i bez obzira na sve kako bi dovr\u0161io svoju misiju.<\/p>\n<blockquote><p><em>\u201eI drugim gradovima treba da navje\u0161\u0107ujem evan\u0111elje o kraljevstvu Bo\u017ejem. Jer za to sam poslan.\u201d<a href=\"#_edn8\" name=\"_ednref8\">[vii]<\/a><\/em><\/p>\n<p><em>\u201eImam i drugih ovaca, koje nisu iz ovog ov\u010dinjaka. I njih treba da dovedem i glas \u0107e moj \u010duti i bit \u0107e jedno stado, jedan pastir.\u201d<a href=\"#_edn9\" name=\"_ednref9\">[viii]<\/a><\/em><\/p>\n<p><em><strong>\u201eAli kad uskrsnem, i\u0107i \u0107u pred vama u Galileju.\u201c<\/strong><a href=\"#_edn10\" name=\"_ednref10\">[ix]<\/a><\/em><\/p><\/blockquote>\n<p>Ovi stihovi jasno pokazuju da je Isus, nakon \u0161to je iza\u0161ao iz groba (groba), oti\u0161ao u Galileju, a ne u nebo. Zapravo je u Markovom evan\u0111elju zapisano da je Isus nakon izlaska iz groba vi\u0111en na putu za Galileju i s vremenom je upoznao jedanaest u\u010denika koji su bili na obroku; pokazao im je ruke i noge na kojima su rane; mislili su da je on mo\u017eda duh. Tada im je rekao:<\/p>\n<blockquote><p><em><strong>\u201eOpipajte me i vidite jer duh tijela ni kostiju nema kao \u0161to vidite da ja imam &#8230; Oni mu pru\u017ee komad pe\u010dene ribe.\u00a0On uzme i pred njima pojede.\u201c<\/strong><a href=\"#_edn11\" name=\"_ednref11\">[x]<\/a><\/em><\/p><\/blockquote>\n<p>Zbog toga Hazreti Mirza Ba\u0161ir-ud-Din Mahmud Ahmad<sup>a.s.<\/sup> pi\u0161e o Isusovoj misiji nalik Joni:<\/p>\n<blockquote><p>\u201c\u2026<em>poput proroka Jone<\/em><sup>a.s.<\/sup><em>, Mesija \u0107e oti\u0107i do izgubljenih izraelskih plemena i priop\u0107iti im Bo\u017eju rije\u010d i da \u0107e ga oni \u010duti i da \u0107e to biti znak kojem \u0107e izgubljene ovce Izraela svjedo\u010diti kao i narod Ninive.<\/em>\u201d<a href=\"#_edn12\" name=\"_ednref12\">[xi]<\/a><\/p><\/blockquote>\n<p>Me\u0111utim, Isusova misija ne bi bila laka ba\u0161 kao \u0161to to nije bio i Jona<sup>a.s.<\/sup>, Hazrat Mirza Ba\u0161ir-ud-Din Mahmud Ahmad dalje razra\u0111uje:<\/p>\n<blockquote><p>\u201c\u2026\u00a0<strong><em>Mesija se bojao odlaska u Afganistan i Ka\u0161mir kao i prorok Jona koji se bojao odlaska u Ninivu<\/em><\/strong><em>. Jer, pre\u0161av\u0161i tamo, [morao je] odustati od jezika, ostaviti svoj narod i svoje drage i bliske. Lako je bilo da Mesija \u017eivi me\u0111u svojim narodom, a ostaju\u0107i u Palestini i dalje propovijedati \u017didovima. Ali dok je prorok Jona nastojao izbje\u0107i i Bog je izvr\u0161io pritisak na njega stvaranjem okolnosti koje su ga prisilile da se vrati u Ninive i natjerao ga da shvati da nema smisla bje\u017eati od Svemogu\u0107eg Boga i da se stoga mora odvesti kamo god Gospodin je htio da ode; sli\u010dno u slu\u010daju [Isusa] Mesije [&#8230;] <strong>Svemogu\u0107i Bog stvorio je takve uvjete [koji] su ga prisilili da ode u Ka\u0161mir i Afganistan, na na\u010din proroka Jone<\/strong> [&#8230;] Kada je Jona oti\u0161ao propovijedati stanovnicima Ninive ? Odgovor je, kad je iza\u0161ao iz trbuha ribe. Sli\u010dno tome, stvarno razdoblje rada za Mesiju [Isusa] dogodilo se kad je ustao iz groba. Da se to nije dogodilo i Mesija nije propovijedao nakon \u0161to je ustao iz groba i nije sakupio izgubljene ovce, pokazao bi se la\u017eovom [&#8230;] (Utje\u010demo se Bogu protiv takvog vjerovanja).<\/em>\u201d<a href=\"#_edn13\" name=\"_ednref13\">[xii]<\/a><\/p><\/blockquote>\n<p>Kao zaklju\u010dak obe\u0107anog znaka Jona Hazreta Mirza Ghulam Ahmad<sup>a.s.<\/sup> pi\u0161e Obe\u0107ani Mesija:<\/p>\n<blockquote><p>\u201e<strong>Isus je<em> bio istinski poslanik i znao je da \u0107e ga Bog, koji ga je volio, spasiti od proklete smrti. <\/em><\/strong><em>Stoga je on, na temelju Bo\u017eje objave, predskazao parabolom i pojasnio da on ne\u0107e umrijeti na kri\u017eu, niti \u0107e ispustiti du\u0161u na prokletom drvetu; naprotiv, da \u0107e kao poslanik\u00a0 Jona samo biti u stanju nesvjestice. Kroz parabolu je on, tako\u0111er, nagovijestio da \u0107e izi\u0107i iz utrobe zemlje i da \u0107e se pridru\u017eiti svom narodu i da \u0107e kao i\u00a0 Jonah biti po\u0161tovan. Tako je ovo predskazanje tako\u0111er bilo ispunjeno, jer je Isus<\/em><sup>a.s.<\/sup><em> izi\u0161ao iz utrobe zemlje i oti\u0161ao svojim plemenima koja su \u017eivjela u isto\u010dnim zemljama kao \u0161to su Ka\u0161mir i Tibet. <strong>To je bilo deset plemena Israil\u0107ana koji su 721 godinu* prije Isusa bili zarobljeni i od \u0160almanesera, kralja Assura, bili primorani da napuste Samari. Na kraju su ova plemena do\u0161la u Indiju i nastanila se u raznim dijelovima ove zemlje. Isus morao je krenuti na ovo putovanje, jer je Bog odredio kao cilj njegovog poslanstva da se sastane s izgubljenim plemenima \u017didova<\/strong>, koja su se nastanila u razli\u010ditim dijelovima Indije, zato \u0161to su oni stvarno bili izgubljene ovce Israila koje su napustile svoju pradje-dovsku vjeru nakon naseljavanja u ovim predjelima i ve\u0107ina njih su postali budisti i postepeno po\u010deli da se klanjaju idolima. Dr. Bernier, na temelju tvrdnje brojnih uglednih u\u010denjaka, iznosi u svojim Putovanjima da su Ka\u0161mirci ustvari \u017didovi koji su se doselili u ovu zemlju tijekom politi\u010dkog mete\u017ea u vrijeme kralja Assura.<\/em>\u201d<a href=\"#_edn14\" name=\"_ednref14\">[xiii]<\/a><\/p><\/blockquote>\n<p>Fascinantno je da mnogi ne prihva\u0107aju da je Isus<sup>a.s.<\/sup> mogao pre\u017eivjeti raspe\u0107e i dovr\u0161iti svoje poslanje uz bo\u017eansku Bo\u017eju pomo\u0107, nego vjeruju da ga je Bog odnio na nebo. I dalje nisu u stanju odgovoriti na pitanje gdje je sada Isusova du\u0161a ili njegovo fizi\u010dko tijelo?<\/p>\n<p><strong>Oduvijek je Bog prema tradiciji davao svojim voljenim prorocima znakove koji bi dokazivali njihovu istinitost.<\/strong> Me\u0111utim, iz povijesti tako\u0111er znamo da mnogi ne prihva\u0107aju ove Bo\u017eje znakove i suprotstavljaju se svetim prorocima te na kraju postaju neuki o Bogu.<\/p>\n<p>Neka nam Bog pomogne i omogu\u0107i nam da razumijemo bo\u017eju mudrost i \u010duda kako bismo se pokajali prema Bogu kao \u0161to su to \u010dinili ljudi iz Ninive kad su prihvatili \u017eivog Jonu<sup>a.s.<\/sup>.<\/p>\n<h2>Povezan:<\/h2>\n<ul>\n<li><a href=\"https:\/\/www.ahmadiyya-islam.org\/hr\/clanci\/prica-o-joni-ne-odnosi-se-samo-na-veliku-ribu\/\">Pri\u010da o Joni ne odnosi se samo na veliku ribu<\/a><\/li>\n<li><a href=\"https:\/\/www.ahmadiyya-islam.org\/hr\/clanci\/isus-ce-ponovno-doci-obecanje-bozje\/\">Isus \u0107e ponovno do\u0107i \u2013 obe\u0107anje Bo\u017eje<\/a><\/li>\n<li><a href=\"https:\/\/www.ahmadiyya-islam.org\/hr\/knjiznica\/isus-u-indiji\/\">Isus u indiji &#8211; knjiga<\/a><\/li>\n<li><a href=\"https:\/\/www.ahmadiyya-islam.org\/hr\/knjiznica\/krscanstvo-putovanje-od-cinjenica-do-izmisljotina\/\">Kr\u0161\u0107anstvo \u2013 putovanje od \u010dinjenica do izmi\u0161ljotina &#8211; knjiga<\/a><\/li>\n<\/ul>\n<hr \/>\n<p><a href=\"#_ednref2\" name=\"_edn2\">[i]<\/a> Jona 1:1-15<br \/>\n<a href=\"#_ednref3\" name=\"_edn3\">[ii]<\/a> \u010casni Kur&#8217;an, 37:140-149<br \/>\n<a href=\"#_ednref4\" name=\"_edn4\">[iii]<\/a> Luka, 11:29-30 i Matej, 12:39-41<br \/>\n<a href=\"#_ednref5\" name=\"_edn5\">[iv]<\/a> Isus u Indiji str. 15<br \/>\n<a href=\"#_ednref6\" name=\"_edn6\">[v]<\/a> Isus u Indiji str. 21<br \/>\n<a href=\"#_ednref7\" name=\"_edn7\">[vi]<\/a> Matej, 15:24<br \/>\n<a href=\"#_ednref8\" name=\"_edn8\">[vii]<\/a> Luka, 4:44<br \/>\n<a href=\"#_ednref9\" name=\"_edn9\">[viii]<\/a> Ivan, 10:16<br \/>\n<a href=\"#_ednref10\" name=\"_edn10\">[ix]<\/a> Matej, 26:32<br \/>\n<a href=\"#_ednref11\" name=\"_edn11\">[x]<\/a> Luke 24:37-43 i Marka 16:14<br \/>\n<a href=\"#_ednref12\" name=\"_edn12\">[xi]<\/a> Hazrat Mirza Bashiruddin Mahmood Ahmadra,\u00a0<em>Did Jesus Redeem Mankind<\/em>, (Rabwah, Pakistan: Shirkat-ul-Islamia Limited, 1960), 162.<br \/>\n<a href=\"#_ednref13\" name=\"_edn13\">[xii]<\/a> Hazrat Mirza Bashiruddin Mahmood Ahmadra,\u00a0<em>Did Jesus Redeem Mankind<\/em>, (Rabwah, Pakistan: Shirkat-ul-Islamia Limited, 1960), 162, 163, 165<br \/>\n<a href=\"#_ednref14\" name=\"_edn14\">[xiii]<\/a> Isus u Indiji str. 16<\/p>\n","protected":false},"excerpt":{"rendered":"<p>&#8220;Doista, kao \u0161to Jona bija\u0161e u utrobi kitovoj tri dana i tri no\u0107i, tako \u0107e i Sin \u010covje\u010dji biti u srcu zemlje tri dana i tri no\u0107i.&#8221; &#8211; Isus<\/p>\n","protected":false},"featured_media":1856,"parent":0,"template":"","tags":[28,275,276],"article-cat":[261],"topics":[23],"authors":[],"content_source":[],"class_list":["post-1852","articles","type-articles","status-publish","has-post-thumbnail","hentry","tag-isus","tag-jona","tag-riba","article-cat-kolumne-petkom","topics-krscanstvo"],"acf":[],"yoast_head":"<!-- This site is optimized with the Yoast SEO Premium plugin v21.1 (Yoast SEO v27.4) - https:\/\/yoast.com\/product\/yoast-seo-premium-wordpress\/ -->\n<title>Isus je pre\u017eivio u trbuhu zemlje kao i Jona pre\u017eivio \u010dudesno u trbuhu ribe<\/title>\n<meta name=\"description\" content=\"&quot;Doista, kao \u0161to Jona bija\u0161e u utrobi kitovoj tri dana i tri no\u0107i, tako \u0107e i Sin \u010covje\u010dji biti u srcu zemlje tri dana i tri no\u0107i.&quot; - Isus\" \/>\n<meta name=\"robots\" content=\"index, follow, max-snippet:-1, max-image-preview:large, max-video-preview:-1\" \/>\n<link rel=\"canonical\" href=\"https:\/\/www.ahmadiyya-islam.org\/hr\/clanci\/isus-je-prezivio-u-trbuhu-zemlje-kao-i-jona-prezivio-cudesno-u-trbuhu-ribe\/\" \/>\n<meta property=\"og:locale\" content=\"hr_HR\" \/>\n<meta property=\"og:type\" content=\"article\" \/>\n<meta property=\"og:title\" content=\"Isus je pre\u017eivio u trbuhu zemlje kao i Jona pre\u017eivio \u010dudesno u trbuhu ribe\" \/>\n<meta property=\"og:description\" content=\"&quot;Doista, kao \u0161to Jona bija\u0161e u utrobi kitovoj tri dana i tri no\u0107i, tako \u0107e i Sin \u010covje\u010dji biti u srcu zemlje tri dana i tri no\u0107i.&quot; - Isus\" \/>\n<meta property=\"og:url\" content=\"https:\/\/www.ahmadiyya-islam.org\/hr\/clanci\/isus-je-prezivio-u-trbuhu-zemlje-kao-i-jona-prezivio-cudesno-u-trbuhu-ribe\/\" \/>\n<meta property=\"og:site_name\" content=\"Ahmadija muslimanski d\u017eamat\" \/>\n<meta property=\"og:image\" content=\"https:\/\/www.ahmadiyya-islam.org\/hr\/wp-content\/uploads\/sites\/22\/2021\/02\/church-598564_1920-.jpg\" \/>\n\t<meta property=\"og:image:width\" content=\"1650\" \/>\n\t<meta property=\"og:image:height\" content=\"750\" \/>\n\t<meta property=\"og:image:type\" content=\"image\/jpeg\" \/>\n<meta name=\"twitter:card\" content=\"summary_large_image\" \/>\n<meta name=\"twitter:label1\" content=\"Procijenjeno vrijeme \u010ditanja\" \/>\n\t<meta name=\"twitter:data1\" content=\"7 minuta\" \/>\n<script type=\"application\/ld+json\" class=\"yoast-schema-graph\">{\"@context\":\"https:\\\/\\\/schema.org\",\"@graph\":[{\"@type\":\"WebPage\",\"@id\":\"https:\\\/\\\/www.ahmadiyya-islam.org\\\/hr\\\/clanci\\\/isus-je-prezivio-u-trbuhu-zemlje-kao-i-jona-prezivio-cudesno-u-trbuhu-ribe\\\/\",\"url\":\"https:\\\/\\\/www.ahmadiyya-islam.org\\\/hr\\\/clanci\\\/isus-je-prezivio-u-trbuhu-zemlje-kao-i-jona-prezivio-cudesno-u-trbuhu-ribe\\\/\",\"name\":\"Isus je pre\u017eivio u trbuhu zemlje kao i Jona pre\u017eivio \u010dudesno u trbuhu ribe\",\"isPartOf\":{\"@id\":\"https:\\\/\\\/www.ahmadiyya-islam.org\\\/hr\\\/#website\"},\"primaryImageOfPage\":{\"@id\":\"https:\\\/\\\/www.ahmadiyya-islam.org\\\/hr\\\/clanci\\\/isus-je-prezivio-u-trbuhu-zemlje-kao-i-jona-prezivio-cudesno-u-trbuhu-ribe\\\/#primaryimage\"},\"image\":{\"@id\":\"https:\\\/\\\/www.ahmadiyya-islam.org\\\/hr\\\/clanci\\\/isus-je-prezivio-u-trbuhu-zemlje-kao-i-jona-prezivio-cudesno-u-trbuhu-ribe\\\/#primaryimage\"},\"thumbnailUrl\":\"https:\\\/\\\/www.ahmadiyya-islam.org\\\/hr\\\/wp-content\\\/uploads\\\/sites\\\/22\\\/2021\\\/02\\\/church-598564_1920-.jpg\",\"datePublished\":\"2021-02-26T11:44:09+00:00\",\"description\":\"\\\"Doista, kao \u0161to Jona bija\u0161e u utrobi kitovoj tri dana i tri no\u0107i, tako \u0107e i Sin \u010covje\u010dji biti u srcu zemlje tri dana i tri no\u0107i.\\\" - Isus\",\"breadcrumb\":{\"@id\":\"https:\\\/\\\/www.ahmadiyya-islam.org\\\/hr\\\/clanci\\\/isus-je-prezivio-u-trbuhu-zemlje-kao-i-jona-prezivio-cudesno-u-trbuhu-ribe\\\/#breadcrumb\"},\"inLanguage\":\"hr\",\"potentialAction\":[{\"@type\":\"ReadAction\",\"target\":[\"https:\\\/\\\/www.ahmadiyya-islam.org\\\/hr\\\/clanci\\\/isus-je-prezivio-u-trbuhu-zemlje-kao-i-jona-prezivio-cudesno-u-trbuhu-ribe\\\/\"]}]},{\"@type\":\"ImageObject\",\"inLanguage\":\"hr\",\"@id\":\"https:\\\/\\\/www.ahmadiyya-islam.org\\\/hr\\\/clanci\\\/isus-je-prezivio-u-trbuhu-zemlje-kao-i-jona-prezivio-cudesno-u-trbuhu-ribe\\\/#primaryimage\",\"url\":\"https:\\\/\\\/www.ahmadiyya-islam.org\\\/hr\\\/wp-content\\\/uploads\\\/sites\\\/22\\\/2021\\\/02\\\/church-598564_1920-.jpg\",\"contentUrl\":\"https:\\\/\\\/www.ahmadiyya-islam.org\\\/hr\\\/wp-content\\\/uploads\\\/sites\\\/22\\\/2021\\\/02\\\/church-598564_1920-.jpg\",\"width\":1650,\"height\":750,\"caption\":\"Isusova sli\u010dnost s prorokom Jonom\"},{\"@type\":\"BreadcrumbList\",\"@id\":\"https:\\\/\\\/www.ahmadiyya-islam.org\\\/hr\\\/clanci\\\/isus-je-prezivio-u-trbuhu-zemlje-kao-i-jona-prezivio-cudesno-u-trbuhu-ribe\\\/#breadcrumb\",\"itemListElement\":[{\"@type\":\"ListItem\",\"position\":1,\"name\":\"Home\",\"item\":\"https:\\\/\\\/www.ahmadiyya-islam.org\\\/hr\\\/\"},{\"@type\":\"ListItem\",\"position\":2,\"name\":\"\u010clanci\",\"item\":\"https:\\\/\\\/www.ahmadiyya-islam.org\\\/hr\\\/clanci\\\/\"},{\"@type\":\"ListItem\",\"position\":3,\"name\":\"Isus je pre\u017eivio u trbuhu zemlje kao i Jona pre\u017eivio \u010dudesno u trbuhu ribe\"}]},{\"@type\":\"WebSite\",\"@id\":\"https:\\\/\\\/www.ahmadiyya-islam.org\\\/hr\\\/#website\",\"url\":\"https:\\\/\\\/www.ahmadiyya-islam.org\\\/hr\\\/\",\"name\":\"Ahmadija muslimanski d\u017eamat\",\"description\":\"Hrvatska\",\"potentialAction\":[{\"@type\":\"SearchAction\",\"target\":{\"@type\":\"EntryPoint\",\"urlTemplate\":\"https:\\\/\\\/www.ahmadiyya-islam.org\\\/hr\\\/?s={search_term_string}\"},\"query-input\":{\"@type\":\"PropertyValueSpecification\",\"valueRequired\":true,\"valueName\":\"search_term_string\"}}],\"inLanguage\":\"hr\"}]}<\/script>\n<!-- \/ Yoast SEO Premium plugin. -->","yoast_head_json":{"title":"Isus je pre\u017eivio u trbuhu zemlje kao i Jona pre\u017eivio \u010dudesno u trbuhu ribe","description":"\"Doista, kao \u0161to Jona bija\u0161e u utrobi kitovoj tri dana i tri no\u0107i, tako \u0107e i Sin \u010covje\u010dji biti u srcu zemlje tri dana i tri no\u0107i.\" - Isus","robots":{"index":"index","follow":"follow","max-snippet":"max-snippet:-1","max-image-preview":"max-image-preview:large","max-video-preview":"max-video-preview:-1"},"canonical":"https:\/\/www.ahmadiyya-islam.org\/hr\/clanci\/isus-je-prezivio-u-trbuhu-zemlje-kao-i-jona-prezivio-cudesno-u-trbuhu-ribe\/","og_locale":"hr_HR","og_type":"article","og_title":"Isus je pre\u017eivio u trbuhu zemlje kao i Jona pre\u017eivio \u010dudesno u trbuhu ribe","og_description":"\"Doista, kao \u0161to Jona bija\u0161e u utrobi kitovoj tri dana i tri no\u0107i, tako \u0107e i Sin \u010covje\u010dji biti u srcu zemlje tri dana i tri no\u0107i.\" - Isus","og_url":"https:\/\/www.ahmadiyya-islam.org\/hr\/clanci\/isus-je-prezivio-u-trbuhu-zemlje-kao-i-jona-prezivio-cudesno-u-trbuhu-ribe\/","og_site_name":"Ahmadija muslimanski d\u017eamat","og_image":[{"width":1650,"height":750,"url":"https:\/\/www.ahmadiyya-islam.org\/hr\/wp-content\/uploads\/sites\/22\/2021\/02\/church-598564_1920-.jpg","type":"image\/jpeg"}],"twitter_card":"summary_large_image","twitter_misc":{"Procijenjeno vrijeme \u010ditanja":"7 minuta"},"schema":{"@context":"https:\/\/schema.org","@graph":[{"@type":"WebPage","@id":"https:\/\/www.ahmadiyya-islam.org\/hr\/clanci\/isus-je-prezivio-u-trbuhu-zemlje-kao-i-jona-prezivio-cudesno-u-trbuhu-ribe\/","url":"https:\/\/www.ahmadiyya-islam.org\/hr\/clanci\/isus-je-prezivio-u-trbuhu-zemlje-kao-i-jona-prezivio-cudesno-u-trbuhu-ribe\/","name":"Isus je pre\u017eivio u trbuhu zemlje kao i Jona pre\u017eivio \u010dudesno u trbuhu ribe","isPartOf":{"@id":"https:\/\/www.ahmadiyya-islam.org\/hr\/#website"},"primaryImageOfPage":{"@id":"https:\/\/www.ahmadiyya-islam.org\/hr\/clanci\/isus-je-prezivio-u-trbuhu-zemlje-kao-i-jona-prezivio-cudesno-u-trbuhu-ribe\/#primaryimage"},"image":{"@id":"https:\/\/www.ahmadiyya-islam.org\/hr\/clanci\/isus-je-prezivio-u-trbuhu-zemlje-kao-i-jona-prezivio-cudesno-u-trbuhu-ribe\/#primaryimage"},"thumbnailUrl":"https:\/\/www.ahmadiyya-islam.org\/hr\/wp-content\/uploads\/sites\/22\/2021\/02\/church-598564_1920-.jpg","datePublished":"2021-02-26T11:44:09+00:00","description":"\"Doista, kao \u0161to Jona bija\u0161e u utrobi kitovoj tri dana i tri no\u0107i, tako \u0107e i Sin \u010covje\u010dji biti u srcu zemlje tri dana i tri no\u0107i.\" - Isus","breadcrumb":{"@id":"https:\/\/www.ahmadiyya-islam.org\/hr\/clanci\/isus-je-prezivio-u-trbuhu-zemlje-kao-i-jona-prezivio-cudesno-u-trbuhu-ribe\/#breadcrumb"},"inLanguage":"hr","potentialAction":[{"@type":"ReadAction","target":["https:\/\/www.ahmadiyya-islam.org\/hr\/clanci\/isus-je-prezivio-u-trbuhu-zemlje-kao-i-jona-prezivio-cudesno-u-trbuhu-ribe\/"]}]},{"@type":"ImageObject","inLanguage":"hr","@id":"https:\/\/www.ahmadiyya-islam.org\/hr\/clanci\/isus-je-prezivio-u-trbuhu-zemlje-kao-i-jona-prezivio-cudesno-u-trbuhu-ribe\/#primaryimage","url":"https:\/\/www.ahmadiyya-islam.org\/hr\/wp-content\/uploads\/sites\/22\/2021\/02\/church-598564_1920-.jpg","contentUrl":"https:\/\/www.ahmadiyya-islam.org\/hr\/wp-content\/uploads\/sites\/22\/2021\/02\/church-598564_1920-.jpg","width":1650,"height":750,"caption":"Isusova sli\u010dnost s prorokom Jonom"},{"@type":"BreadcrumbList","@id":"https:\/\/www.ahmadiyya-islam.org\/hr\/clanci\/isus-je-prezivio-u-trbuhu-zemlje-kao-i-jona-prezivio-cudesno-u-trbuhu-ribe\/#breadcrumb","itemListElement":[{"@type":"ListItem","position":1,"name":"Home","item":"https:\/\/www.ahmadiyya-islam.org\/hr\/"},{"@type":"ListItem","position":2,"name":"\u010clanci","item":"https:\/\/www.ahmadiyya-islam.org\/hr\/clanci\/"},{"@type":"ListItem","position":3,"name":"Isus je pre\u017eivio u trbuhu zemlje kao i Jona pre\u017eivio \u010dudesno u trbuhu ribe"}]},{"@type":"WebSite","@id":"https:\/\/www.ahmadiyya-islam.org\/hr\/#website","url":"https:\/\/www.ahmadiyya-islam.org\/hr\/","name":"Ahmadija muslimanski d\u017eamat","description":"Hrvatska","potentialAction":[{"@type":"SearchAction","target":{"@type":"EntryPoint","urlTemplate":"https:\/\/www.ahmadiyya-islam.org\/hr\/?s={search_term_string}"},"query-input":{"@type":"PropertyValueSpecification","valueRequired":true,"valueName":"search_term_string"}}],"inLanguage":"hr"}]}},"_links":{"self":[{"href":"https:\/\/www.ahmadiyya-islam.org\/hr\/wp-json\/wp\/v2\/articles\/1852","targetHints":{"allow":["GET"]}}],"collection":[{"href":"https:\/\/www.ahmadiyya-islam.org\/hr\/wp-json\/wp\/v2\/articles"}],"about":[{"href":"https:\/\/www.ahmadiyya-islam.org\/hr\/wp-json\/wp\/v2\/types\/articles"}],"version-history":[{"count":0,"href":"https:\/\/www.ahmadiyya-islam.org\/hr\/wp-json\/wp\/v2\/articles\/1852\/revisions"}],"wp:featuredmedia":[{"embeddable":true,"href":"https:\/\/www.ahmadiyya-islam.org\/hr\/wp-json\/wp\/v2\/media\/1856"}],"wp:attachment":[{"href":"https:\/\/www.ahmadiyya-islam.org\/hr\/wp-json\/wp\/v2\/media?parent=1852"}],"wp:term":[{"taxonomy":"post_tag","embeddable":true,"href":"https:\/\/www.ahmadiyya-islam.org\/hr\/wp-json\/wp\/v2\/tags?post=1852"},{"taxonomy":"article-cat","embeddable":true,"href":"https:\/\/www.ahmadiyya-islam.org\/hr\/wp-json\/wp\/v2\/article-cat?post=1852"},{"taxonomy":"topics","embeddable":true,"href":"https:\/\/www.ahmadiyya-islam.org\/hr\/wp-json\/wp\/v2\/topics?post=1852"},{"taxonomy":"authors","embeddable":true,"href":"https:\/\/www.ahmadiyya-islam.org\/hr\/wp-json\/wp\/v2\/authors?post=1852"},{"taxonomy":"content_source","embeddable":true,"href":"https:\/\/www.ahmadiyya-islam.org\/hr\/wp-json\/wp\/v2\/content_source?post=1852"}],"curies":[{"name":"wp","href":"https:\/\/api.w.org\/{rel}","templated":true}]}}