{"id":1722,"date":"2020-11-27T11:44:16","date_gmt":"2020-11-27T11:44:16","guid":{"rendered":"https:\/\/www.ahmadiyya-islam.org\/hr\/?post_type=articles&#038;p=1722"},"modified":"2022-02-18T11:29:12","modified_gmt":"2022-02-18T11:29:12","slug":"covjek-bez-sposobnosti-suosjecanja-uopce-nije-covjek","status":"publish","type":"articles","link":"https:\/\/www.ahmadiyya-islam.org\/hr\/clanci\/covjek-bez-sposobnosti-suosjecanja-uopce-nije-covjek\/","title":{"rendered":"\u010covjek bez sposobnosti suosje\u0107anja uop\u0107e nije \u010dovjek"},"content":{"rendered":"<p><strong>I poma\u017eite jedan drugome u dobro\u010dinstvu i bogobojaznosti; a nemojte pomagati u grijehu i neprijateljstvu \u2013 \u010casni Kur&#8217;an<\/strong><\/p>\n<p>Kao \u0161to je pro\u0161li put re\u010deno, grijeh ili prijestup mogu se pojaviti u razli\u010ditim oblicima. Drugim rije\u010dima, u svemu \u0161to kr\u0161i zapovijedi Svemogu\u0107eg Boga. Zbog toga se u islamu osu\u0111uje bilo koja vrsta terorizma. Danas \u017eelim skrenuti pozornost na jo\u0161 jedno va\u017eno pitanje.<\/p>\n<p>Danas nas je svijet u obliku globalnog sela tehnolo\u0161kim putem pribli\u017eio jedne drugima, nego za\u0161to se bojimo okupiti svoja srca? Mo\u017eda postoje razlike, sporovi i nesuglasice, ali ipak postoji vi\u0161e zajedni\u010dkog. Islam pru\u017ea vrlo jednostavno, ali u\u010dinkovito pravilo za pronala\u017eenje osnova na kojima mir mo\u017ee trajati. Pomozite jedni drugima u pravednosti i pobo\u017enosti i odmaknite se od grijeha i prijestupa. [1]<\/p>\n<p>Mnogo toga mo\u017eemo nau\u010diti jedni od drugih da budemo pravedni pod ovim prekrasnim na\u010delom islama, me\u0111utim volio bih razgovarati o jednom od proizlaze\u0107ih aspekata, a to je potreba nahraniti gladne jer to je ispravno djelo.<\/p>\n<p>Bog ka\u017ee u Svetom Kur&#8217;anu da \u0107e ljudi koji \u017eive na nebu pitati o onima u \u201evatri\u201c:<\/p>\n<p><strong>\u201c\u0160ta vas je uvelo u pakao?\u201d Oni \u0107e re\u0107i: \u201cMi nismo bili me\u0111u onima koji su se klanjali, i nismo hranili siroma\u0161ne.\u201c<\/strong> [2]<\/p>\n<p>Drugom prilikom Bog ka\u017ee:<\/p>\n<p>\u201cJesi li vidio onog tko pori\u010de vjeru? To je onaj koji nije prihvatio siro\u010de, i ne podsti\u010de da se hrane siroma\u0161ni.\u201d [3]<\/p>\n<p>O\u010dito je da postoji vrlo sna\u017ena veza izme\u0111u ova dva stiha. Bog je kroz povijest religije obja\u0161njavao da je svrha stvaranja \u010dovjeka pribli\u017eiti ga Bogu.<\/p>\n<p>Obe\u0107ani Mesija Hazreti Mirza Ghulam Ahmad (a.s.) rekao je:<\/p>\n<p>\u201cMoji zemljaci! Religija koja ne ulijeva univerzalno suosje\u0107anje uop\u0107e nije religija. <strong>Sli\u010dno tome, \u010dovjek bez sposobnosti suosje\u0107anja uop\u0107e nije \u010dovjek<\/strong>.&#8221; [4]<\/p>\n<p>Oni koji su prekinuli svoju svetu vezu sa Svemogu\u0107im Bogom, oni su prekinuli svoju vezu s \u010dovje\u010danstvom. Zbog toga Bog ka\u017ee da \u0107e ljudi izgubljeni u svjetovnim stvarima propasti u svojim odgovornostima..<\/p>\n<p>Bog u Kur&#8217;anu ka\u017ee da je stvorio sve \u0161to je na zemlji i da je stvorio dovoljno hrane za sve u odgovaraju\u0107im mjerama kako nitko ne bi gladovao. [5]<\/p>\n<p>Me\u0111utim, neznalica je taj koji misli da sve bogatstvo pripada njemu i \u0161to god posjeduje ili je zaradio, jednostavno pripada njemu i da u njemu nema udjela za druge. Ti neuki ljudi zaboravljaju da je sve \u0161to posjeduju zapravo zajam koji im je dao Svemogu\u0107i Bog. <strong>Bog je jasno stavio do znanja da imamo udjela u onome \u0161to posjedujemo &#8211; za siroma\u0161ne i ranjive, za dru\u0161tvo u cjelini<\/strong>.<\/p>\n<p>\u010cim shvatimo da ima dovoljno za sve na ovoj zemlji i da je na\u0161a du\u017enost biti odgovorni jedni za druge, bit \u0107emo prosvijetljeni u ljepoti koja se nalazi u ajetu prvog poglavlja Svetog Kur&#8217;ana <strong>da je<\/strong> <strong>Bog \u201eGospodar svih svjetova\u201c<\/strong>.<\/p>\n<ol start=\"2019\">\n<li>Kalifa Hazreti Mirza Masroor Ahmad (a.b.a.) rekao je tijekom obra\u0107anja u sjedi\u0161tu UNESCO-a u Parizu, Francuska 2019.:<\/li>\n<\/ol>\n<p>\u201eOvo je jedan od osnovnih ajeta za islamsku vjeru, pri \u010demu se muslimani u\u010de da Svemogu\u0107i Bog nije samo njihov Gospodar i opskrbljiva\u010d, ve\u0107 je onaj koji pru\u017ea i uzdr\u017eava \u010ditavo \u010dovje\u010danstvo. On je Milostiv i Darovac, pa tako, bez obzira na stale\u017e, vjeru ili boju, Svemogu\u0107i Bog ispunjava potrebe svog stvaranja. S obzirom na to, <strong>istinski muslimani \u010dvrsto vjeruju da su svi ljudi ro\u0111eni jednaki i da bez obzira na razlike u vjerovanjima, vrijednosti me\u0111usobnog po\u0161tovanja i tolerancije moraju biti \u010dvrsto ugra\u0111ene u dru\u0161tvo<\/strong>. [6]<\/p>\n<p>No suo\u010dimo se sa stvarno\u0161\u0107u. Koliko ih je onih koji zanemaruju milost Bo\u017eju prema njima dok tvrde da su gospodari zemlje. Koliko ih je zatvorilo o\u010di pred tim spomenutim najva\u017enijim principima.<\/p>\n<p>Tijekom Prve konferencije Humanity First, Hazreti Mirza Masroor Ahmad (a.b.a.) rekao je:<\/p>\n<p>\u201eSvakako, u dana\u0161njem svijetu postoji velika doza neizvjesnosti i nejednakosti. Sve ve\u0107i broj ljudi o\u010dajni\u010dki pati i suo\u010dava se s te\u0161kim neda\u0107ama. U gotovo svim dijelovima svijeta nemir, tjeskoba i sukobi su u porastu. Veliki dio poreme\u0107aja i patnji u potpunosti je stvoren od \u010dovjeka i izravna je posljedica nepravde i nepravdi koje \u010dine ljudi. Vode se ratovi, izbijaju sukobi i \u010dine stravi\u010dne okrutnosti. Vidimo kako se odvijaju gra\u0111anski ratovi, a tako\u0111er vidimo i ratove me\u0111u narodima. I na doma\u0107em i na me\u0111unarodnom nivou dru\u0161tvo postaje sve podijeljenije i fragmentiranije. Gotovo svakodnevno vidimo kako teroristi\u010dke i ekstremisti\u010dke skupine izvode odvratne napade i rade neizrecive okrutnosti nad nevinim ljudima\u201c. [7]<\/p>\n<p>Tijekom posljednje dvije godine nije se puno toga promijenilo. Mogu re\u0107i da je postalo jo\u0161 gore. Stavimo ratove i sukobe po strani i razgovarajmo o njihovim najgorim rezultatima, siroma\u0161tvu i uni\u0161tenju \u017eivota:<\/p>\n<p>Do kraja godine oko 13,2 milijuna ljudi \u0161to je tre\u0107ina gra\u0111ana Afganistana trebat \u0107e humanitarna pomo\u0107. [8]<\/p>\n<p>Ako se pomo\u0107 ne pru\u017ei odmah, <strong>\u201emilijuni \u0107e izgubiti \u017eivot\u201c<\/strong> u Jemenu, ka\u017ee glavni tajnik Ujedinjenih naroda. [9] UNICEF ka\u017ee da se oko 325.000 djece u Jemenu ve\u0107 bori za \u017eivot protiv gladi. Dok 12 milijuna djece trenutno pre\u017eivljava od humanitarne pomo\u0107i u obliku hrane. [10]<\/p>\n<p><strong>Trenutne procjene pokazuju da je gotovo 690 milijuna ljudi gladno ili 8,9 posto svjetske populacije <\/strong>\u2013 ili 10 milijuna ljudi svake godine i gotovo 60 milijuna u posljednjih pet godina. Azija ostaje dom najve\u0107em broju pothranjenih (381 milijun). Afrika je druga (250 milijuna), a slijede je Latinska Amerika i Karibi (48 milijuna).<\/p>\n<p>A trend u nadolaze\u0107em vremenu ne obe\u0107ava nikakvo olak\u0161anje, pandemija COVID-19 mogla bi sada udvostru\u010diti taj broj, dovode\u0107i dodatnih 130 milijuna ljudi u rizik od akutne gladi do kraja 2020. [11]<\/p>\n<p>Iako je ta slika zastra\u0161uju\u0107a, podaci pokazuju da bi se zapravo, ako se hrana ne bi rasipala, mogla uspostaviti dobra logistika i infrastruktura opskrbnih linija. Osigurala bi se tehnolo\u0161ka sredstva na globalnom nivou za odr\u017eavanje ili pove\u0107anje proizvodnje hrane da se iskorijeni glad jer plodovi zemlje mogu nahraniti vi\u0161e stanovnika od njihova trenutnog broja koji \u017eivi na zemlji.<\/p>\n<p><strong>Pa \u0161to nije u redu? \u0160to nedostaje? Rekao bih da strah od Boga <\/strong>i razumijevanje da nam je Bog povjerio veliku odgovornost &#8211; brinuti se za druge, pokazivati suosje\u0107anje i ponajvi\u0161e dijeliti s onima koji su u potrebi.<\/p>\n<p>Moramo prestati \u201eprst\u201c upirati u druge. Moramo po\u010deti od sebe. \u0160to nam govori na\u0161e srce? Jesmo li spremni pomo\u0107i drugima ne ustupaju\u0107i mjesto netrpeljivosti, nepravdi i predrasudama?<\/p>\n<p>Sveti Poslanik je rekao:<\/p>\n<p><strong>&#8220;Takva osoba nije vjernik koji je no\u0107 pro\u0161ao ispunjenog \u017eeluca, dok je njegov bliski susjed ostao gladan.&#8221;<\/strong> [12]<\/p>\n<p>Nastavak sljede\u0107i tjedan!<\/p>\n<h2>Povezan:<\/h2>\n<ul>\n<li><a href=\"https:\/\/www.ahmadiyya-islam.org\/hr\/clanci\/hranimo-za-allahovo-zadovoljstvo-ne-zelimo-nagradu-niti-zahvalnost\/\">Hranimo za Allahovo zadovoljstvo, ne \u017eelimo nagradu niti zahvalnost<\/a><\/li>\n<li><a href=\"https:\/\/www.ahmadiyya-islam.org\/hr\/clanci\/unesco-islamska-nacela-o-obrazovanju-i-sluzbi-covjecanstvu\/\">UNESCO \u2013 Islamska na\u010dela o obrazovanju i slu\u017ebi \u010dovje\u010danstvu<\/a><\/li>\n<li><a href=\"https:\/\/www.ahmadiyya-islam.org\/hr\/knjiznica\/absolutna-pravda-dobrota-i-srodstvo\/\">Absolutna pravda, dobrota i srodstvo<\/a><\/li>\n<\/ul>\n<hr \/>\n<p>[1] \u010casni Kur\u2019an, 5:3<br \/>\n[2] \u010casni Kur\u2019an, 74:43-45<br \/>\n[3] \u010casni Kur\u2019an, 107:2-4<br \/>\n[4] Poruka mira, str.1 (https:\/\/www.ahmadiyya-islam.org\/hr\/knjiznica\/poruka-mira\/)<br \/>\n[5] \u201cOn je za vas stvorio sve \u0161to je na Zemlji\u201d (2:30) \/ \u201cOn je napravio planine u njenim visoravnima, i stavio u nju blagoslove i odredio na njoj opskrbu u \u010detiri perioda \u2013 jednako za sve koji tra\u017ee.\u201d (41:11) \/ \u201cZa tebe je odre\u0111eno da ti ne bude\u0161 u njemu ni gladan ni gol. I da ne bude\u0161 \u017eedan, ni da gori\u0161 na suncu.\u201d (20:119-120)<br \/>\n[6] https:\/\/www.ahmadiyya-islam.org\/hr\/clanci\/unesco-islamska-nacela-o-obrazovanju-i-sluzbi-covjecanstvu\/<br \/>\n[7] https:\/\/www.reviewofreligions.org\/13615\/address-by-hazrat-khalifatul-masih-vaba-at-the-humanity-first-conference-2018\/<br \/>\n[8]https:\/\/www.welthungerhilfe.de\/presse\/pressemitteilungen\/2020\/internationale-geberkonferenz-fuer-afghanistan\/<br \/>\n[9] https:\/\/www.zeit.de\/politik\/ausland\/2020-11\/jemen-uno-hungersnot-vereinte-nationen-buergerkrieg<br \/>\n[10] https:\/\/www.rnd.de\/politik\/hungersnot-in-jemen-mehrere-millionen-kinder-laut-unicef-vom-tod-bedroht-TDPUYTGZFE6GGBI6FYPRYUSXUQ.html<br \/>\n[11] https:\/\/www.un.org\/sustainabledevelopment\/hunger\/ &amp; https:\/\/news.un.org\/en\/story\/2020\/11\/1077792<br \/>\n[12] <em>Mustadrak Al Hakim<\/em><\/p>\n","protected":false},"excerpt":{"rendered":"<p>I poma\u017eite jedan drugome u dobro\u010dinstvu i bogobojaznosti; a nemojte pomagati u grijehu i neprijateljstvu \u2013 \u010casni Kur&#8217;an Kao \u0161to je pro\u0161li put re\u010deno, grijeh ili prijestup mogu se pojaviti u razli\u010ditim oblicima. Drugim rije\u010dima, u svemu \u0161to kr\u0161i zapovijedi Svemogu\u0107eg Boga. Zbog toga se u islamu osu\u0111uje bilo koja vrsta terorizma. Danas \u017eelim skrenuti<\/p>\n","protected":false},"featured_media":1536,"parent":0,"template":"","tags":[352,143,271,31],"article-cat":[261],"topics":[286,221],"authors":[],"content_source":[],"class_list":["post-1722","articles","type-articles","status-publish","has-post-thumbnail","hentry","tag-ljubav","tag-mir","tag-pravda","tag-siromastvo","article-cat-kolumne-petkom","topics-drustvo","topics-svijet-u-krizi"],"acf":[],"yoast_head":"<!-- This site is optimized with the Yoast SEO Premium plugin v21.1 (Yoast SEO v27.4) - https:\/\/yoast.com\/product\/yoast-seo-premium-wordpress\/ -->\n<title>\u010covjek bez sposobnosti suosje\u0107anja uop\u0107e nije \u010dovjek<\/title>\n<meta name=\"description\" content=\"Istinski muslimani \u010dvrsto vjeruju da su svi ljudi ro\u0111eni jednaki i da bez obzira na razlike ... moraju biti \u010dvrsto ugra\u0111ene u dru\u0161tvo.\" \/>\n<meta name=\"robots\" content=\"index, follow, max-snippet:-1, max-image-preview:large, max-video-preview:-1\" \/>\n<link rel=\"canonical\" href=\"https:\/\/www.ahmadiyya-islam.org\/hr\/clanci\/covjek-bez-sposobnosti-suosjecanja-uopce-nije-covjek\/\" \/>\n<meta property=\"og:locale\" content=\"hr_HR\" \/>\n<meta property=\"og:type\" content=\"article\" \/>\n<meta property=\"og:title\" content=\"\u010covjek bez sposobnosti suosje\u0107anja uop\u0107e nije \u010dovjek\" \/>\n<meta property=\"og:description\" content=\"Istinski muslimani \u010dvrsto vjeruju da su svi ljudi ro\u0111eni jednaki i da bez obzira na razlike ... moraju biti \u010dvrsto ugra\u0111ene u dru\u0161tvo.\" \/>\n<meta property=\"og:url\" content=\"https:\/\/www.ahmadiyya-islam.org\/hr\/clanci\/covjek-bez-sposobnosti-suosjecanja-uopce-nije-covjek\/\" \/>\n<meta property=\"og:site_name\" content=\"Ahmadija muslimanski d\u017eamat\" \/>\n<meta property=\"article:modified_time\" content=\"2022-02-18T11:29:12+00:00\" \/>\n<meta property=\"og:image\" content=\"http:\/\/www.ahmadiyya-islam.org\/hr\/wp-content\/uploads\/sites\/22\/2020\/11\/I-pomazite-small.jpg\" \/>\n\t<meta property=\"og:image:width\" content=\"1617\" \/>\n\t<meta property=\"og:image:height\" content=\"637\" \/>\n\t<meta property=\"og:image:type\" content=\"image\/jpeg\" \/>\n<meta name=\"twitter:card\" content=\"summary_large_image\" \/>\n<meta name=\"twitter:label1\" content=\"Procijenjeno vrijeme \u010ditanja\" \/>\n\t<meta name=\"twitter:data1\" content=\"6 minuta\" \/>\n<script type=\"application\/ld+json\" class=\"yoast-schema-graph\">{\"@context\":\"https:\\\/\\\/schema.org\",\"@graph\":[{\"@type\":\"WebPage\",\"@id\":\"https:\\\/\\\/www.ahmadiyya-islam.org\\\/hr\\\/clanci\\\/covjek-bez-sposobnosti-suosjecanja-uopce-nije-covjek\\\/\",\"url\":\"https:\\\/\\\/www.ahmadiyya-islam.org\\\/hr\\\/clanci\\\/covjek-bez-sposobnosti-suosjecanja-uopce-nije-covjek\\\/\",\"name\":\"\u010covjek bez sposobnosti suosje\u0107anja uop\u0107e nije \u010dovjek\",\"isPartOf\":{\"@id\":\"https:\\\/\\\/www.ahmadiyya-islam.org\\\/hr\\\/#website\"},\"primaryImageOfPage\":{\"@id\":\"https:\\\/\\\/www.ahmadiyya-islam.org\\\/hr\\\/clanci\\\/covjek-bez-sposobnosti-suosjecanja-uopce-nije-covjek\\\/#primaryimage\"},\"image\":{\"@id\":\"https:\\\/\\\/www.ahmadiyya-islam.org\\\/hr\\\/clanci\\\/covjek-bez-sposobnosti-suosjecanja-uopce-nije-covjek\\\/#primaryimage\"},\"thumbnailUrl\":\"https:\\\/\\\/www.ahmadiyya-islam.org\\\/hr\\\/wp-content\\\/uploads\\\/sites\\\/22\\\/2020\\\/11\\\/I-pomazite-small.jpg\",\"datePublished\":\"2020-11-27T11:44:16+00:00\",\"dateModified\":\"2022-02-18T11:29:12+00:00\",\"description\":\"Istinski muslimani \u010dvrsto vjeruju da su svi ljudi ro\u0111eni jednaki i da bez obzira na razlike ... moraju biti \u010dvrsto ugra\u0111ene u dru\u0161tvo.\",\"breadcrumb\":{\"@id\":\"https:\\\/\\\/www.ahmadiyya-islam.org\\\/hr\\\/clanci\\\/covjek-bez-sposobnosti-suosjecanja-uopce-nije-covjek\\\/#breadcrumb\"},\"inLanguage\":\"hr\",\"potentialAction\":[{\"@type\":\"ReadAction\",\"target\":[\"https:\\\/\\\/www.ahmadiyya-islam.org\\\/hr\\\/clanci\\\/covjek-bez-sposobnosti-suosjecanja-uopce-nije-covjek\\\/\"]}]},{\"@type\":\"ImageObject\",\"inLanguage\":\"hr\",\"@id\":\"https:\\\/\\\/www.ahmadiyya-islam.org\\\/hr\\\/clanci\\\/covjek-bez-sposobnosti-suosjecanja-uopce-nije-covjek\\\/#primaryimage\",\"url\":\"https:\\\/\\\/www.ahmadiyya-islam.org\\\/hr\\\/wp-content\\\/uploads\\\/sites\\\/22\\\/2020\\\/11\\\/I-pomazite-small.jpg\",\"contentUrl\":\"https:\\\/\\\/www.ahmadiyya-islam.org\\\/hr\\\/wp-content\\\/uploads\\\/sites\\\/22\\\/2020\\\/11\\\/I-pomazite-small.jpg\",\"width\":1617,\"height\":637,\"caption\":\"I poma\u017eite jedan drugome u dobro\u010dinstvu i bogobojaznosti, Islam religija mira, Ahmadija muslimanski d\u017eamat\"},{\"@type\":\"BreadcrumbList\",\"@id\":\"https:\\\/\\\/www.ahmadiyya-islam.org\\\/hr\\\/clanci\\\/covjek-bez-sposobnosti-suosjecanja-uopce-nije-covjek\\\/#breadcrumb\",\"itemListElement\":[{\"@type\":\"ListItem\",\"position\":1,\"name\":\"Home\",\"item\":\"https:\\\/\\\/www.ahmadiyya-islam.org\\\/hr\\\/\"},{\"@type\":\"ListItem\",\"position\":2,\"name\":\"\u010clanci\",\"item\":\"https:\\\/\\\/www.ahmadiyya-islam.org\\\/hr\\\/clanci\\\/\"},{\"@type\":\"ListItem\",\"position\":3,\"name\":\"\u010covjek bez sposobnosti suosje\u0107anja uop\u0107e nije \u010dovjek\"}]},{\"@type\":\"WebSite\",\"@id\":\"https:\\\/\\\/www.ahmadiyya-islam.org\\\/hr\\\/#website\",\"url\":\"https:\\\/\\\/www.ahmadiyya-islam.org\\\/hr\\\/\",\"name\":\"Ahmadija muslimanski d\u017eamat\",\"description\":\"Hrvatska\",\"potentialAction\":[{\"@type\":\"SearchAction\",\"target\":{\"@type\":\"EntryPoint\",\"urlTemplate\":\"https:\\\/\\\/www.ahmadiyya-islam.org\\\/hr\\\/?s={search_term_string}\"},\"query-input\":{\"@type\":\"PropertyValueSpecification\",\"valueRequired\":true,\"valueName\":\"search_term_string\"}}],\"inLanguage\":\"hr\"}]}<\/script>\n<!-- \/ Yoast SEO Premium plugin. -->","yoast_head_json":{"title":"\u010covjek bez sposobnosti suosje\u0107anja uop\u0107e nije \u010dovjek","description":"Istinski muslimani \u010dvrsto vjeruju da su svi ljudi ro\u0111eni jednaki i da bez obzira na razlike ... moraju biti \u010dvrsto ugra\u0111ene u dru\u0161tvo.","robots":{"index":"index","follow":"follow","max-snippet":"max-snippet:-1","max-image-preview":"max-image-preview:large","max-video-preview":"max-video-preview:-1"},"canonical":"https:\/\/www.ahmadiyya-islam.org\/hr\/clanci\/covjek-bez-sposobnosti-suosjecanja-uopce-nije-covjek\/","og_locale":"hr_HR","og_type":"article","og_title":"\u010covjek bez sposobnosti suosje\u0107anja uop\u0107e nije \u010dovjek","og_description":"Istinski muslimani \u010dvrsto vjeruju da su svi ljudi ro\u0111eni jednaki i da bez obzira na razlike ... moraju biti \u010dvrsto ugra\u0111ene u dru\u0161tvo.","og_url":"https:\/\/www.ahmadiyya-islam.org\/hr\/clanci\/covjek-bez-sposobnosti-suosjecanja-uopce-nije-covjek\/","og_site_name":"Ahmadija muslimanski d\u017eamat","article_modified_time":"2022-02-18T11:29:12+00:00","og_image":[{"width":1617,"height":637,"url":"http:\/\/www.ahmadiyya-islam.org\/hr\/wp-content\/uploads\/sites\/22\/2020\/11\/I-pomazite-small.jpg","type":"image\/jpeg"}],"twitter_card":"summary_large_image","twitter_misc":{"Procijenjeno vrijeme \u010ditanja":"6 minuta"},"schema":{"@context":"https:\/\/schema.org","@graph":[{"@type":"WebPage","@id":"https:\/\/www.ahmadiyya-islam.org\/hr\/clanci\/covjek-bez-sposobnosti-suosjecanja-uopce-nije-covjek\/","url":"https:\/\/www.ahmadiyya-islam.org\/hr\/clanci\/covjek-bez-sposobnosti-suosjecanja-uopce-nije-covjek\/","name":"\u010covjek bez sposobnosti suosje\u0107anja uop\u0107e nije \u010dovjek","isPartOf":{"@id":"https:\/\/www.ahmadiyya-islam.org\/hr\/#website"},"primaryImageOfPage":{"@id":"https:\/\/www.ahmadiyya-islam.org\/hr\/clanci\/covjek-bez-sposobnosti-suosjecanja-uopce-nije-covjek\/#primaryimage"},"image":{"@id":"https:\/\/www.ahmadiyya-islam.org\/hr\/clanci\/covjek-bez-sposobnosti-suosjecanja-uopce-nije-covjek\/#primaryimage"},"thumbnailUrl":"https:\/\/www.ahmadiyya-islam.org\/hr\/wp-content\/uploads\/sites\/22\/2020\/11\/I-pomazite-small.jpg","datePublished":"2020-11-27T11:44:16+00:00","dateModified":"2022-02-18T11:29:12+00:00","description":"Istinski muslimani \u010dvrsto vjeruju da su svi ljudi ro\u0111eni jednaki i da bez obzira na razlike ... moraju biti \u010dvrsto ugra\u0111ene u dru\u0161tvo.","breadcrumb":{"@id":"https:\/\/www.ahmadiyya-islam.org\/hr\/clanci\/covjek-bez-sposobnosti-suosjecanja-uopce-nije-covjek\/#breadcrumb"},"inLanguage":"hr","potentialAction":[{"@type":"ReadAction","target":["https:\/\/www.ahmadiyya-islam.org\/hr\/clanci\/covjek-bez-sposobnosti-suosjecanja-uopce-nije-covjek\/"]}]},{"@type":"ImageObject","inLanguage":"hr","@id":"https:\/\/www.ahmadiyya-islam.org\/hr\/clanci\/covjek-bez-sposobnosti-suosjecanja-uopce-nije-covjek\/#primaryimage","url":"https:\/\/www.ahmadiyya-islam.org\/hr\/wp-content\/uploads\/sites\/22\/2020\/11\/I-pomazite-small.jpg","contentUrl":"https:\/\/www.ahmadiyya-islam.org\/hr\/wp-content\/uploads\/sites\/22\/2020\/11\/I-pomazite-small.jpg","width":1617,"height":637,"caption":"I poma\u017eite jedan drugome u dobro\u010dinstvu i bogobojaznosti, Islam religija mira, Ahmadija muslimanski d\u017eamat"},{"@type":"BreadcrumbList","@id":"https:\/\/www.ahmadiyya-islam.org\/hr\/clanci\/covjek-bez-sposobnosti-suosjecanja-uopce-nije-covjek\/#breadcrumb","itemListElement":[{"@type":"ListItem","position":1,"name":"Home","item":"https:\/\/www.ahmadiyya-islam.org\/hr\/"},{"@type":"ListItem","position":2,"name":"\u010clanci","item":"https:\/\/www.ahmadiyya-islam.org\/hr\/clanci\/"},{"@type":"ListItem","position":3,"name":"\u010covjek bez sposobnosti suosje\u0107anja uop\u0107e nije \u010dovjek"}]},{"@type":"WebSite","@id":"https:\/\/www.ahmadiyya-islam.org\/hr\/#website","url":"https:\/\/www.ahmadiyya-islam.org\/hr\/","name":"Ahmadija muslimanski d\u017eamat","description":"Hrvatska","potentialAction":[{"@type":"SearchAction","target":{"@type":"EntryPoint","urlTemplate":"https:\/\/www.ahmadiyya-islam.org\/hr\/?s={search_term_string}"},"query-input":{"@type":"PropertyValueSpecification","valueRequired":true,"valueName":"search_term_string"}}],"inLanguage":"hr"}]}},"_links":{"self":[{"href":"https:\/\/www.ahmadiyya-islam.org\/hr\/wp-json\/wp\/v2\/articles\/1722","targetHints":{"allow":["GET"]}}],"collection":[{"href":"https:\/\/www.ahmadiyya-islam.org\/hr\/wp-json\/wp\/v2\/articles"}],"about":[{"href":"https:\/\/www.ahmadiyya-islam.org\/hr\/wp-json\/wp\/v2\/types\/articles"}],"version-history":[{"count":1,"href":"https:\/\/www.ahmadiyya-islam.org\/hr\/wp-json\/wp\/v2\/articles\/1722\/revisions"}],"predecessor-version":[{"id":2219,"href":"https:\/\/www.ahmadiyya-islam.org\/hr\/wp-json\/wp\/v2\/articles\/1722\/revisions\/2219"}],"wp:featuredmedia":[{"embeddable":true,"href":"https:\/\/www.ahmadiyya-islam.org\/hr\/wp-json\/wp\/v2\/media\/1536"}],"wp:attachment":[{"href":"https:\/\/www.ahmadiyya-islam.org\/hr\/wp-json\/wp\/v2\/media?parent=1722"}],"wp:term":[{"taxonomy":"post_tag","embeddable":true,"href":"https:\/\/www.ahmadiyya-islam.org\/hr\/wp-json\/wp\/v2\/tags?post=1722"},{"taxonomy":"article-cat","embeddable":true,"href":"https:\/\/www.ahmadiyya-islam.org\/hr\/wp-json\/wp\/v2\/article-cat?post=1722"},{"taxonomy":"topics","embeddable":true,"href":"https:\/\/www.ahmadiyya-islam.org\/hr\/wp-json\/wp\/v2\/topics?post=1722"},{"taxonomy":"authors","embeddable":true,"href":"https:\/\/www.ahmadiyya-islam.org\/hr\/wp-json\/wp\/v2\/authors?post=1722"},{"taxonomy":"content_source","embeddable":true,"href":"https:\/\/www.ahmadiyya-islam.org\/hr\/wp-json\/wp\/v2\/content_source?post=1722"}],"curies":[{"name":"wp","href":"https:\/\/api.w.org\/{rel}","templated":true}]}}