{"id":1708,"date":"2021-01-01T10:45:27","date_gmt":"2021-01-01T10:45:27","guid":{"rendered":"https:\/\/www.ahmadiyya-islam.org\/hr\/?post_type=articles&#038;p=1708"},"modified":"2022-02-18T11:58:39","modified_gmt":"2022-02-18T11:58:39","slug":"potres-i-nova-godina-2021-nismo-pesimisti","status":"publish","type":"articles","link":"https:\/\/www.ahmadiyya-islam.org\/hr\/clanci\/potres-i-nova-godina-2021-nismo-pesimisti\/","title":{"rendered":"Potres i Nova godina 2021. &#8211; nismo pesimisti"},"content":{"rendered":"<p>Milosr\u0111em i blagoslovima Svemogu\u0107eg Boga vidjeli smo kako zavr\u0161ava jo\u0161 jedna godina. S druge strane, izgubili smo godinu dana \u017eivota. Me\u0111utim, znak je dobrodo\u0161lice i zna\u010dajna stvar ako nas probudi signal pribli\u017eavanja smrti, jer svijest o <strong>smrti mo\u017ee \u010dovjeku poslu\u017eiti kao lekcija za pripremu za vje\u010dnu sre\u0107u.<\/strong><\/p>\n<p>Da biste razumjeli \u0161to \u017eelim razraditi ovom filozofijom, dopustite mi da vam poka\u017eem s \u010dime smo se suo\u010davali tijekom pro\u0161le godine i gdje smo sada. Rije\u010d je o promjeni izme\u0111u sre\u0107e i straha ili smrti.<\/p>\n<p>Protekla je 2020. godina koja \u0107e se ozna\u010diti kao godina Covida-19. Mnogi su ljudi izgubili svoje najmilije, posebno na\u0161e drage starije osobe. Ljudi su izgubili posao, domove, motivaciju i nadu. Veliki broj ljudi suo\u010dava se s nevoljom i depresijom. Naizgled ne zbog ne\u010dijeg nedoli\u010dnog pona\u0161anja, ve\u0107 zbog pandemije koja je na \u00a0cijelom svijetu.<\/p>\n<p><strong>Ali za\u0161to se to doga\u0111a, za\u0161to sada i je li netko uzrokovao da se sve ovo dogodi?<\/strong><\/p>\n<p>Peti Kalifa Obe\u0107anog Mesije, Hazrat Mirza Masroor Ahmad (a.b.a.) navodi razloge u pismu svojoj Svetosti Papi Franji sredinom 2020. godine:<\/p>\n<p>\u201e<strong>Povijest svjedo\u010di o tome da su se takve pandemije, katastrofe ili prirodne katastrofe uvijek doga\u0111ale u ona vremena i u onim narodima, gdje je \u010dovje\u010danstvo okrenulo le\u0111a Stvoritelju<\/strong>. Nedavno sam nai\u0161ao na nedavno obra\u0107anje va\u0161e Svetosti [Pape Franje] u kojem ste izrazili svoj strah da \u0107e, ako budete pitali Svemogu\u0107eg Boga je li zadovoljan pona\u0161anjem \u010dovje\u010danstva, Bog odgovoriti iskazuju\u0107i svoje nezadovoljstvo. Uz to, naveli ste svoje uvjerenje da je rasprostranjenost prirodnih katastrofa odgovor i reakcija na nepravde i nemare dana\u0161njeg svijeta.\u201c [1]<\/p>\n<p>Hazrat Mirza Masroor Ahmad (a.b.a.), Kalifa islama se nije zaustavio na tome, ve\u0107 je dao i prognozu o onome \u0161to slijedi:<\/p>\n<p>\u201cNadalje, ne mo\u017ee se pretpostaviti da \u0107e, nakon \u0161to pro\u0111e pandemija COVID-19, sve iznenada biti rije\u0161eno. Umjesto da se rje\u0161enje nazire, vidim daljnju nevolju i nesuglasice zbog nevi\u0111enih financijskih i ekonomskih optere\u0107enja koja je ovaj virus nanio nacijama i ljudima u svijetu. <strong>Kao rezultat toga, daljnji sukob i podjela unutar dr\u017eava i me\u0111u dr\u017eavama posebna je mogu\u0107nost, pa se bojim da \u0107e se sljede\u0107ih mjeseci i godina pojaviti sve dublje pukotine u svjetskom miru i stabilnosti.<\/strong> Stoga je od vitalne va\u017enosti da upozorimo svijet na ovaj rizik prije nego \u0161to bude prekasno. &#8230; od \u0161tetnih u\u010dinaka ove pandemije i od razaranja i razaranja koja bi Tre\u0107i svjetski rat nesumnjivo donio.\u201c<\/p>\n<p>Okrenimo se neko vrijeme iz ove zastra\u0161uju\u0107e budu\u0107nosti u trenutak i sretniju budu\u0107nost, proslavu Nove godine. Dok sam ovo pisao prije novogodi\u0161nje no\u0107i, nisam siguran je li do\u0161lo do neke promjene u na\u010dinu na koji su ljudi slavili Novu godinu. Pretpostavljam da nije bilo ve\u0107eg okupljanja na javnim prostorima i mo\u017eda manje vatrometa koji je osvjetljavao nebo, me\u0111utim sumnjam da je to europska tradicija \u2026<\/p>\n<p>[<em>samo pri pisanju ovih redaka potres je pogodio Petrinju (M6.4), a neke slike i druge stvari pale su na pod u mom uredu u Brezovici &#8211; morao sam nastaviti dovr\u0161avati ovaj tekst nave\u010der &#8211; moje molitve su sa svima onima koji su izgubili svoje najdra\u017ee ili su ostali u tuzi i strahu<\/em>]<\/p>\n<p>&#8230; Me\u0111utim, sumnjam da se europska tradicija zapo\u010dinjanja Nove godine \u010da\u0161om vina ili drugim oblikom alkohola mnogo promijenila. Koliko se njih obi\u010dno napije i smatraju ovo najboljim na\u010dinom za obe\u0107avaju\u0107i bolji po\u010detak blagoslovljene godine?<\/p>\n<p>[<em>Pa, ovo pitanje ostavljam ovdje otvorenim i ne\u0107u nastaviti kako je planirano. Zbog potresa danas osje\u0107am hitnost da se barem nakratko pozabavim ovom pojavom]<\/em><\/p>\n<p>Prvo \u017eelim ne\u0161to re\u0107i. \u010cetvrti Kalifa Hazrat Mirza Tahir Ahmad (r.h.) u svojoj knjizi &#8220;<a href=\"https:\/\/www.ahmadiyya-islam.org\/hr\/knjiznica\/prirodne-nesrece-ili-bozije-kazne\/\">Prirodne nesre\u0107e ili Bo\u017eje kazne<\/a>&#8221; pi\u0161e:<\/p>\n<p>\u201cAhmadije [muslimani] ni na trenutak ne spore \u010dinjenicu da se katastrofe, nesre\u0107e i potresi itd. doga\u0111aju zbog prirodnih uzroka i da su njihova doga\u0111anja u strogom skladu sa zakonima prirode. Prema Ahmadijama [muslimanima<strong>], Bog religije je tako\u0111er i Bog majke prirode i svemira<\/strong>. Zakoni koji se definiraju kao zakoni prirode rade pod utjecajem Bo\u017ejih savr\u0161enih osobina unutar unaprijed odre\u0111enih Bo\u017ejih parametara.\u201d [2]<\/p>\n<p><strong>Nije svaki potres bijes ili kazna Bo\u017eja, ali u spisima se sigurno spominje da je to Bo\u017eji na\u010din da poka\u017ee svoje nezadovoljstvo. <\/strong>U Kur&#8217;anu, kao i u drugim svetim knjigama, nalazimo svjedo\u010danstva o uni\u0161tavanju civilizacije prirodnim katastrofama koji su napustili Bo\u017eji put i postali Njegovi neprijatelji.<\/p>\n<p>Zbog toga nas Bog podsje\u0107a u Svetom Kur&#8217;anu:<\/p>\n<p><strong><em>\u201eJeste li sigurni da vas On, koji je na nebu, ne\u0107e utjerati u zemlju kad se ona odjednom zatrese?\u201c<\/em><\/strong> [3]<\/p>\n<p>Sad, ne ulaze\u0107i preduboko u stvar, ostanimo na povr\u0161ini. Koliko ih je po\u010delo zazivati \u200b\u200bBoga tijekom i neposredno nakon potresa? Koliko ih je i dalje zvalo i sje\u0107alo se Boga nakon potresa? Koliko ih se po\u010delo moliti Njemu da bi se razumno naspavali u no\u0107ima nakon potresa? Koliko njih je na dru\u0161tvenim mre\u017eama komentiralo da onaj tko izaziva potres treba prestati s tim? Osoba na Twitteru se \u010dak obratila @Godu (Bogu) da prestane tresti zemlju.<\/p>\n<p>Iako je svjesno ili nesvjesno sporno vrijeme, odgovor na ova pitanja na neki je na\u010din vrlo jednostavan, <strong>ve\u0107a skupina ljudi sje\u0107ala se Boga<\/strong> i pridavala mu va\u017enost i to danima ili \u010dak mjesecima ranije.<\/p>\n<p><strong>Mo\u017eda je to zato \u0161to se osje\u0107amo sigurnije u Bo\u017ejim rukama. <\/strong>To je zapisano u Svetom Kur&#8217;anu:<\/p>\n<p><strong>Slu\u0161ajte! Spominjanjem Allaha srca bivaju smirena;<\/strong> [4]<\/p>\n<p>Me\u0111utim, ostaje ve\u0107e pitanje. Koliko je vremena potrebno da se Bog ponovno zaboravi? I za\u0161to? Za\u0161to tako brzo?<strong> Neki ga zaboravljaju nakon nekoliko minuta ili sati. <\/strong>To je zasigurno alarmantno pona\u0161anje u o\u010dima Boga.<\/p>\n<p>S druge strane, oni koji su imali priliku pru\u017eiti neku vrstu pomo\u0107i u ovoj stra\u0161noj situaciji ozna\u010dili bi se an\u0111elima u o\u010dima Boga. Preporu\u010dljivo pona\u0161anje najvi\u0161e razine u obliku suosje\u0107anja i ljubavi prema \u010dovje\u010danstvu. To je u savezu sa rije\u010dima Svetog Poslanika (s.a.v.s.):<\/p>\n<p><em>\u201c<strong>Najbolji me\u0111u vama su oni koji imaju najbolje manire i karakter<\/strong>.\u201c\u00a0<\/em>[5]<\/p>\n<p>Ovaj potres, kao i pandemija, jednostavno su prilika da se osvrnemo na na\u0161 \u017eivot, ali za one koji imaju o\u010di da vide (kako bi Isus (a.s.) rekao) pravu sliku na\u0161ega svijeta. Jer tamo gdje smo vidjeli dobra djela, do\u017eivjeli smo i lo\u0161e postupke. Na primjer, borba za toaletni papir na po\u010detku pandemije ili rastu\u0107a cijena preparata za dezinfekciju. Ili suo\u010davanje s nepo\u0161tenjem i nepravdom kada je trebalo dati, ali i dobiti odgovaraju\u0107u pla\u0107u. Pohlepni i profiteri nisu izgubili minutu da poka\u017eu suosje\u0107anje prema najslabijima me\u0111u nama. To su bili neposredni negativni u\u010dinci i oni su u velikoj mjeri povezani sa samom pandemijom.<\/p>\n<p><strong>Ali \u0161to je sa zemljotresima koji su se godinama doga\u0111ali u obliku bombardiranja u nekoliko dijelova svijeta? \u0160to je s njihovim neprospavanim no\u0107ima? \u0160to je s djecom koja gladuju iako ih ne poga\u0111a prirodna katastrofa, ve\u0107 zbog slijepog oka \u010dovjeka? \u0160to je sa sve ve\u0107om nepravdom u svijetu?<\/strong><\/p>\n<p>\u010cak i na\u0161i svjetski lideri ne poku\u0161avaju pomo\u0107i niti donijeti rje\u0161enje ako to nije u njihovom vlastitom interesu. Koliko \u010desto razmi\u0161ljamo o neprospavanim no\u0107ima izbjeglica koje su izgubile domove bje\u017ee\u0107i iz ratne zone ili okrutnosti odgovornih za vlast?<\/p>\n<p><strong>Da, zatvorili smo o\u010di. Kao da ne postoje. Ali Bog sve vidi i svega je svjestan. Bog zna tko bi mogao pomo\u0107i, ali nije mario za to. <\/strong>Nemojte me pogre\u0161no shvatiti, nisam pesimist! Bog ka\u017ee u Svetom Kur&#8217;anu:<\/p>\n<p><strong><em>\u201eZaista, sa te\u0161ko\u0107om je i olak\u0161anje\u201c<\/em><\/strong> [6]<\/p>\n<p>Me\u0111utim, to je mogu\u0107e samo ako po\u010dnemo donositi promjene u sebi na individualnoj osnovi. Sveti Poslanik Muhammed (s.a.v.s.) je rekao:<\/p>\n<p><strong><em>\u201eVjerni vjernik vjernom vjerniku je poput opeke zida, koji se me\u0111usobno provodi.\u201d<\/em><\/strong> [7]<\/p>\n<p>Stoga moramo postati poput sna\u017enog zida koji \u010dvrsto stoji protiv zla na ovom svijetu. <strong>Zid koji se gradi na dobrim djelima. Zid koji predstavlja Moto &#8220;ljubav za sve i mr\u017enja ni zakoga&#8221;<\/strong> [8]. Zid koji zastupa pravdu i jednakost.<\/p>\n<p>Pretpostavljam da je netko poznati rekao, &#8220;<strong>najmo\u0107nija sila u svemiru je nada<\/strong>&#8220;. Obe\u0107ani Mesija vremena Hazreti Mirza Ghulam Ahmad (a.s.) razra\u0111uje ovo pitanje podvla\u010de\u0107i ga najmo\u0107nijim Bo\u017ejim atributom \u201eMilostivi\u201d:<\/p>\n<p><em>\u201eNe gubite nadu i nemojte se obeshrabriti mi\u0161lju: \u2018Na\u0161e su du\u0161e tako oskvrnjene grijehom; od kakve su vrijednosti na\u0161e molbe i kakav bi utjecaj imale? \u00ab<strong>Ljudska je du\u0161a zapravo stvorena iz ljubavi prema Bogu i premda je vatra grijeha mo\u017ee intenzivno uzbuditi, \u010dak i tada posjeduje takvu snagu pokajanja da mo\u017ee ugasiti tu vatru<\/strong>. Kao \u0161to primijetite da koliko god se voda zagrijala, kad se prelije vatrom, ona i dalje gasi vatru.\u201d\u00a0<\/em>[9]<\/p>\n<p>Svi se borimo s nekom vrstom slabosti. Bog ka\u017ee, ne prihva\u0107ajte to stanje slabosti, nego istupite i sjajite za druge. Ljepota nade je u tome \u0161to ona treba zra\u010diti samo iz jedne osobe, ali ipak mo\u017ee nadahnuti milijune. <strong>Bog nam daje obe\u0107anje da nije va\u017eno koliko duboko padamo, uvijek postoji put natrag do Njega<\/strong>. Kakvu ve\u0107u nadu mo\u017eemo dobiti za prevladavanje pote\u0161ko\u0107a, straha, nepravde ili \u010dak smrti, ako znamo da \u0107e nam biti dodijeljena vje\u010dna sre\u0107a, ako poku\u0161amo zajedno prevladati svoje slabosti na Bo\u017ejem putu?<\/p>\n<p>Neka nam Svemogu\u0107i Bog podari snagu da prepoznamo potencijal u na\u0161im srcima za borbu protiv zla i suo\u010davanje s na\u0161im slabostima da zakora\u010dimo u 2021. godinu nade i sre\u0107e.<\/p>\n<h2>Povezan:<\/h2>\n<ul>\n<li><a href=\"https:\/\/www.ahmadiyya-islam.org\/hr\/clanci\/sto-uciniti-kad-se-zemlja-ne-prestane-tresti\/\">\u0160to u\u010diniti kad se zemlja ne prestane tresti<\/a><\/li>\n<li><a href=\"https:\/\/www.ahmadiyya-islam.org\/hr\/knjiznica\/prirodne-nesrece-ili-bozije-kazne\/\">Prirodne nesre\u0107e ili Bo\u017eje kazne<\/a><\/li>\n<li><a href=\"https:\/\/www.ahmadiyya-islam.org\/hr\/humanity-first\/humanity-first-hrvatska\/humanity-first-na-terenu-nakon-potresa-u-okolici-petrinje\/\">Humanity First na terenu nakon potresa u okolici Petrinje<\/a><\/li>\n<\/ul>\n<hr \/>\n<p>[1] https:\/\/www.reviewofreligions.org\/26918\/letters-sent-to-world-leaders-by-head-of-ahmadiyya-muslim-community-during-covid-19-pandemic\/#popefrancis<br \/>\n[2] https:\/\/www.ahmadiyya-islam.org\/hr\/knjiznica\/prirodne-nesrece-ili-bozije-kazne\/<br \/>\n[3] \u010casni Kur&#8217;an,\u00a067:17<br \/>\n[4] \u010casni Kur&#8217;an,\u00a013:29<br \/>\n[5] Sahih al Bukhari, Knjiga lijepog pona\u0161anja, Hadith #6029<br \/>\n[6] \u010casni Kur&#8217;an,\u00a094:7<br \/>\n[7] Bukhari, Kitab As-Salat<br \/>\n[8] Moto muslimanske zajednice Ahmadije koji je uveo \u010detvrti Khalifa Hazrat Mirza Nasir Ahmad (r.a.)<br \/>\n[9] <em>Barahin-e-Ahmadiyya V. dio<\/em>, Hazrat Mirza Ghulam Ahmad (a.s.), (engleski prijevod) str.52<\/p>\n","protected":false},"excerpt":{"rendered":"<p>Milosr\u0111em i blagoslovima Svemogu\u0107eg Boga vidjeli smo kako zavr\u0161ava jo\u0161 jedna godina. S druge strane, izgubili smo godinu dana \u017eivota. Me\u0111utim, znak je dobrodo\u0161lice i zna\u010dajna stvar ako nas probudi signal pribli\u017eavanja smrti, jer svijest o smrti mo\u017ee \u010dovjeku poslu\u017eiti kao lekcija za pripremu za vje\u010dnu sre\u0107u. Da biste razumjeli \u0161to \u017eelim razraditi ovom filozofijom,<\/p>\n","protected":false},"featured_media":1650,"parent":0,"template":"","tags":[95,223,269,31,94],"article-cat":[261],"topics":[286,268,221],"authors":[],"content_source":[],"class_list":["post-1708","articles","type-articles","status-publish","has-post-thumbnail","hentry","tag-hrvatska","tag-potres","tag-prirodne-katastrofe","tag-siromastvo","tag-zagreb","article-cat-kolumne-petkom","topics-drustvo","topics-prirodne-katastrofe","topics-svijet-u-krizi"],"acf":[],"yoast_head":"<!-- This site is optimized with the Yoast SEO Premium plugin v21.1 (Yoast SEO v27.4) - https:\/\/yoast.com\/product\/yoast-seo-premium-wordpress\/ -->\n<title>Potres i Nova godina 2021. - nismo pesimisti, a \u0161to u\u010diniti?<\/title>\n<meta name=\"description\" content=\"Milosr\u0111em i blagoslovima Svemogu\u0107eg Boga vidjeli smo kako zavr\u0161ava jo\u0161 jedna godina. S druge strane, izgubili smo godinu dana \u017eivota.\" \/>\n<meta name=\"robots\" content=\"index, follow, max-snippet:-1, max-image-preview:large, max-video-preview:-1\" \/>\n<link rel=\"canonical\" href=\"https:\/\/www.ahmadiyya-islam.org\/hr\/clanci\/potres-i-nova-godina-2021-nismo-pesimisti\/\" \/>\n<meta property=\"og:locale\" content=\"hr_HR\" \/>\n<meta property=\"og:type\" content=\"article\" \/>\n<meta property=\"og:title\" content=\"Potres i Nova godina 2021. - nismo pesimisti\" \/>\n<meta property=\"og:description\" content=\"Milosr\u0111em i blagoslovima Svemogu\u0107eg Boga vidjeli smo kako zavr\u0161ava jo\u0161 jedna godina. S druge strane, izgubili smo godinu dana \u017eivota.\" \/>\n<meta property=\"og:url\" content=\"https:\/\/www.ahmadiyya-islam.org\/hr\/clanci\/potres-i-nova-godina-2021-nismo-pesimisti\/\" \/>\n<meta property=\"og:site_name\" content=\"Ahmadija muslimanski d\u017eamat\" \/>\n<meta property=\"article:modified_time\" content=\"2022-02-18T11:58:39+00:00\" \/>\n<meta property=\"og:image\" content=\"http:\/\/www.ahmadiyya-islam.org\/hr\/wp-content\/uploads\/sites\/22\/2021\/01\/Nova-godina-small.jpg\" \/>\n\t<meta property=\"og:image:width\" content=\"1415\" \/>\n\t<meta property=\"og:image:height\" content=\"557\" \/>\n\t<meta property=\"og:image:type\" content=\"image\/jpeg\" \/>\n<meta name=\"twitter:card\" content=\"summary_large_image\" \/>\n<meta name=\"twitter:label1\" content=\"Procijenjeno vrijeme \u010ditanja\" \/>\n\t<meta name=\"twitter:data1\" content=\"7 minuta\" \/>\n<script type=\"application\/ld+json\" class=\"yoast-schema-graph\">{\"@context\":\"https:\\\/\\\/schema.org\",\"@graph\":[{\"@type\":\"WebPage\",\"@id\":\"https:\\\/\\\/www.ahmadiyya-islam.org\\\/hr\\\/clanci\\\/potres-i-nova-godina-2021-nismo-pesimisti\\\/\",\"url\":\"https:\\\/\\\/www.ahmadiyya-islam.org\\\/hr\\\/clanci\\\/potres-i-nova-godina-2021-nismo-pesimisti\\\/\",\"name\":\"Potres i Nova godina 2021. - nismo pesimisti, a \u0161to u\u010diniti?\",\"isPartOf\":{\"@id\":\"https:\\\/\\\/www.ahmadiyya-islam.org\\\/hr\\\/#website\"},\"primaryImageOfPage\":{\"@id\":\"https:\\\/\\\/www.ahmadiyya-islam.org\\\/hr\\\/clanci\\\/potres-i-nova-godina-2021-nismo-pesimisti\\\/#primaryimage\"},\"image\":{\"@id\":\"https:\\\/\\\/www.ahmadiyya-islam.org\\\/hr\\\/clanci\\\/potres-i-nova-godina-2021-nismo-pesimisti\\\/#primaryimage\"},\"thumbnailUrl\":\"https:\\\/\\\/www.ahmadiyya-islam.org\\\/hr\\\/wp-content\\\/uploads\\\/sites\\\/22\\\/2021\\\/01\\\/Nova-godina-small.jpg\",\"datePublished\":\"2021-01-01T10:45:27+00:00\",\"dateModified\":\"2022-02-18T11:58:39+00:00\",\"description\":\"Milosr\u0111em i blagoslovima Svemogu\u0107eg Boga vidjeli smo kako zavr\u0161ava jo\u0161 jedna godina. S druge strane, izgubili smo godinu dana \u017eivota.\",\"breadcrumb\":{\"@id\":\"https:\\\/\\\/www.ahmadiyya-islam.org\\\/hr\\\/clanci\\\/potres-i-nova-godina-2021-nismo-pesimisti\\\/#breadcrumb\"},\"inLanguage\":\"hr\",\"potentialAction\":[{\"@type\":\"ReadAction\",\"target\":[\"https:\\\/\\\/www.ahmadiyya-islam.org\\\/hr\\\/clanci\\\/potres-i-nova-godina-2021-nismo-pesimisti\\\/\"]}]},{\"@type\":\"ImageObject\",\"inLanguage\":\"hr\",\"@id\":\"https:\\\/\\\/www.ahmadiyya-islam.org\\\/hr\\\/clanci\\\/potres-i-nova-godina-2021-nismo-pesimisti\\\/#primaryimage\",\"url\":\"https:\\\/\\\/www.ahmadiyya-islam.org\\\/hr\\\/wp-content\\\/uploads\\\/sites\\\/22\\\/2021\\\/01\\\/Nova-godina-small.jpg\",\"contentUrl\":\"https:\\\/\\\/www.ahmadiyya-islam.org\\\/hr\\\/wp-content\\\/uploads\\\/sites\\\/22\\\/2021\\\/01\\\/Nova-godina-small.jpg\",\"width\":1415,\"height\":557,\"caption\":\"Nova godina - potres - Kovid 19\"},{\"@type\":\"BreadcrumbList\",\"@id\":\"https:\\\/\\\/www.ahmadiyya-islam.org\\\/hr\\\/clanci\\\/potres-i-nova-godina-2021-nismo-pesimisti\\\/#breadcrumb\",\"itemListElement\":[{\"@type\":\"ListItem\",\"position\":1,\"name\":\"Home\",\"item\":\"https:\\\/\\\/www.ahmadiyya-islam.org\\\/hr\\\/\"},{\"@type\":\"ListItem\",\"position\":2,\"name\":\"\u010clanci\",\"item\":\"https:\\\/\\\/www.ahmadiyya-islam.org\\\/hr\\\/clanci\\\/\"},{\"@type\":\"ListItem\",\"position\":3,\"name\":\"Potres i Nova godina 2021. &#8211; nismo pesimisti\"}]},{\"@type\":\"WebSite\",\"@id\":\"https:\\\/\\\/www.ahmadiyya-islam.org\\\/hr\\\/#website\",\"url\":\"https:\\\/\\\/www.ahmadiyya-islam.org\\\/hr\\\/\",\"name\":\"Ahmadija muslimanski d\u017eamat\",\"description\":\"Hrvatska\",\"potentialAction\":[{\"@type\":\"SearchAction\",\"target\":{\"@type\":\"EntryPoint\",\"urlTemplate\":\"https:\\\/\\\/www.ahmadiyya-islam.org\\\/hr\\\/?s={search_term_string}\"},\"query-input\":{\"@type\":\"PropertyValueSpecification\",\"valueRequired\":true,\"valueName\":\"search_term_string\"}}],\"inLanguage\":\"hr\"}]}<\/script>\n<!-- \/ Yoast SEO Premium plugin. -->","yoast_head_json":{"title":"Potres i Nova godina 2021. - nismo pesimisti, a \u0161to u\u010diniti?","description":"Milosr\u0111em i blagoslovima Svemogu\u0107eg Boga vidjeli smo kako zavr\u0161ava jo\u0161 jedna godina. S druge strane, izgubili smo godinu dana \u017eivota.","robots":{"index":"index","follow":"follow","max-snippet":"max-snippet:-1","max-image-preview":"max-image-preview:large","max-video-preview":"max-video-preview:-1"},"canonical":"https:\/\/www.ahmadiyya-islam.org\/hr\/clanci\/potres-i-nova-godina-2021-nismo-pesimisti\/","og_locale":"hr_HR","og_type":"article","og_title":"Potres i Nova godina 2021. - nismo pesimisti","og_description":"Milosr\u0111em i blagoslovima Svemogu\u0107eg Boga vidjeli smo kako zavr\u0161ava jo\u0161 jedna godina. S druge strane, izgubili smo godinu dana \u017eivota.","og_url":"https:\/\/www.ahmadiyya-islam.org\/hr\/clanci\/potres-i-nova-godina-2021-nismo-pesimisti\/","og_site_name":"Ahmadija muslimanski d\u017eamat","article_modified_time":"2022-02-18T11:58:39+00:00","og_image":[{"width":1415,"height":557,"url":"http:\/\/www.ahmadiyya-islam.org\/hr\/wp-content\/uploads\/sites\/22\/2021\/01\/Nova-godina-small.jpg","type":"image\/jpeg"}],"twitter_card":"summary_large_image","twitter_misc":{"Procijenjeno vrijeme \u010ditanja":"7 minuta"},"schema":{"@context":"https:\/\/schema.org","@graph":[{"@type":"WebPage","@id":"https:\/\/www.ahmadiyya-islam.org\/hr\/clanci\/potres-i-nova-godina-2021-nismo-pesimisti\/","url":"https:\/\/www.ahmadiyya-islam.org\/hr\/clanci\/potres-i-nova-godina-2021-nismo-pesimisti\/","name":"Potres i Nova godina 2021. - nismo pesimisti, a \u0161to u\u010diniti?","isPartOf":{"@id":"https:\/\/www.ahmadiyya-islam.org\/hr\/#website"},"primaryImageOfPage":{"@id":"https:\/\/www.ahmadiyya-islam.org\/hr\/clanci\/potres-i-nova-godina-2021-nismo-pesimisti\/#primaryimage"},"image":{"@id":"https:\/\/www.ahmadiyya-islam.org\/hr\/clanci\/potres-i-nova-godina-2021-nismo-pesimisti\/#primaryimage"},"thumbnailUrl":"https:\/\/www.ahmadiyya-islam.org\/hr\/wp-content\/uploads\/sites\/22\/2021\/01\/Nova-godina-small.jpg","datePublished":"2021-01-01T10:45:27+00:00","dateModified":"2022-02-18T11:58:39+00:00","description":"Milosr\u0111em i blagoslovima Svemogu\u0107eg Boga vidjeli smo kako zavr\u0161ava jo\u0161 jedna godina. S druge strane, izgubili smo godinu dana \u017eivota.","breadcrumb":{"@id":"https:\/\/www.ahmadiyya-islam.org\/hr\/clanci\/potres-i-nova-godina-2021-nismo-pesimisti\/#breadcrumb"},"inLanguage":"hr","potentialAction":[{"@type":"ReadAction","target":["https:\/\/www.ahmadiyya-islam.org\/hr\/clanci\/potres-i-nova-godina-2021-nismo-pesimisti\/"]}]},{"@type":"ImageObject","inLanguage":"hr","@id":"https:\/\/www.ahmadiyya-islam.org\/hr\/clanci\/potres-i-nova-godina-2021-nismo-pesimisti\/#primaryimage","url":"https:\/\/www.ahmadiyya-islam.org\/hr\/wp-content\/uploads\/sites\/22\/2021\/01\/Nova-godina-small.jpg","contentUrl":"https:\/\/www.ahmadiyya-islam.org\/hr\/wp-content\/uploads\/sites\/22\/2021\/01\/Nova-godina-small.jpg","width":1415,"height":557,"caption":"Nova godina - potres - Kovid 19"},{"@type":"BreadcrumbList","@id":"https:\/\/www.ahmadiyya-islam.org\/hr\/clanci\/potres-i-nova-godina-2021-nismo-pesimisti\/#breadcrumb","itemListElement":[{"@type":"ListItem","position":1,"name":"Home","item":"https:\/\/www.ahmadiyya-islam.org\/hr\/"},{"@type":"ListItem","position":2,"name":"\u010clanci","item":"https:\/\/www.ahmadiyya-islam.org\/hr\/clanci\/"},{"@type":"ListItem","position":3,"name":"Potres i Nova godina 2021. &#8211; nismo pesimisti"}]},{"@type":"WebSite","@id":"https:\/\/www.ahmadiyya-islam.org\/hr\/#website","url":"https:\/\/www.ahmadiyya-islam.org\/hr\/","name":"Ahmadija muslimanski d\u017eamat","description":"Hrvatska","potentialAction":[{"@type":"SearchAction","target":{"@type":"EntryPoint","urlTemplate":"https:\/\/www.ahmadiyya-islam.org\/hr\/?s={search_term_string}"},"query-input":{"@type":"PropertyValueSpecification","valueRequired":true,"valueName":"search_term_string"}}],"inLanguage":"hr"}]}},"_links":{"self":[{"href":"https:\/\/www.ahmadiyya-islam.org\/hr\/wp-json\/wp\/v2\/articles\/1708","targetHints":{"allow":["GET"]}}],"collection":[{"href":"https:\/\/www.ahmadiyya-islam.org\/hr\/wp-json\/wp\/v2\/articles"}],"about":[{"href":"https:\/\/www.ahmadiyya-islam.org\/hr\/wp-json\/wp\/v2\/types\/articles"}],"version-history":[{"count":1,"href":"https:\/\/www.ahmadiyya-islam.org\/hr\/wp-json\/wp\/v2\/articles\/1708\/revisions"}],"predecessor-version":[{"id":2246,"href":"https:\/\/www.ahmadiyya-islam.org\/hr\/wp-json\/wp\/v2\/articles\/1708\/revisions\/2246"}],"wp:featuredmedia":[{"embeddable":true,"href":"https:\/\/www.ahmadiyya-islam.org\/hr\/wp-json\/wp\/v2\/media\/1650"}],"wp:attachment":[{"href":"https:\/\/www.ahmadiyya-islam.org\/hr\/wp-json\/wp\/v2\/media?parent=1708"}],"wp:term":[{"taxonomy":"post_tag","embeddable":true,"href":"https:\/\/www.ahmadiyya-islam.org\/hr\/wp-json\/wp\/v2\/tags?post=1708"},{"taxonomy":"article-cat","embeddable":true,"href":"https:\/\/www.ahmadiyya-islam.org\/hr\/wp-json\/wp\/v2\/article-cat?post=1708"},{"taxonomy":"topics","embeddable":true,"href":"https:\/\/www.ahmadiyya-islam.org\/hr\/wp-json\/wp\/v2\/topics?post=1708"},{"taxonomy":"authors","embeddable":true,"href":"https:\/\/www.ahmadiyya-islam.org\/hr\/wp-json\/wp\/v2\/authors?post=1708"},{"taxonomy":"content_source","embeddable":true,"href":"https:\/\/www.ahmadiyya-islam.org\/hr\/wp-json\/wp\/v2\/content_source?post=1708"}],"curies":[{"name":"wp","href":"https:\/\/api.w.org\/{rel}","templated":true}]}}