{"id":5935,"date":"2019-10-24T12:10:19","date_gmt":"2019-10-24T12:10:19","guid":{"rendered":"https:\/\/www.ahmadiyya-islam.org\/es\/?p=5935"},"modified":"2019-11-03T12:12:35","modified_gmt":"2019-11-03T12:12:35","slug":"choque-de-civilizaciones","status":"publish","type":"post","link":"https:\/\/www.ahmadiyya-islam.org\/es\/comunicados-de-prensa\/choque-de-civilizaciones\/","title":{"rendered":"Hablar de un &#8220;choque de civilizaciones&#8221; entre el islam y occidente es extremadamente peligroso e irresponsable \u2013\u00a0 l\u00edder de la Comunidad Musulmana Ahmad\u00eda"},"content":{"rendered":"<ul>\n<li><strong>Su Santidad, Hazrat Mirza Masrur Ahmad, pronuncia un discurso hist\u00f3rico en la capital alemana.<\/strong><\/li>\n<li><strong>Su Santidad dice que el ate\u00edsmo est\u00e1 minando las tradiciones y la herencia occidentales.<\/strong><\/li>\n<li><strong>El Jalifa dice que el islam no es una amenaza para la civilizaci\u00f3n occidental.<\/strong><\/li>\n<li><strong>El l\u00edder musulm\u00e1n condena la &#8220;esclavitud econ\u00f3mica&#8221; moderna y advierte sobre el riesgo de una guerra nuclear.<\/strong><\/li>\n<\/ul>\n<p>El 22 de octubre de 2019, el l\u00edder mundial de la Comunidad Musulmana Ahmad\u00eda, el Quinto Jalifa, Su Santidad\u00a0 Hazrat Mirza Masrur Ahmad, pronunci\u00f3 un discurso hist\u00f3rico en el centro de Berl\u00edn, titulado <em>&#8216;Islam y Europa: un choque de civilizaciones?<\/em>\u2019<\/p>\n<p><img loading=\"lazy\" decoding=\"async\" class=\"aligncenter size-full wp-image-5938\" src=\"https:\/\/www.ahmadiyya-islam.org\/es\/wp-content\/uploads\/sites\/10\/2019\/11\/berlin2.jpg\" alt=\"\" width=\"639\" height=\"395\" srcset=\"https:\/\/www.ahmadiyya-islam.org\/es\/wp-content\/uploads\/sites\/10\/2019\/11\/berlin2.jpg 639w, https:\/\/www.ahmadiyya-islam.org\/es\/wp-content\/uploads\/sites\/10\/2019\/11\/berlin2-300x185.jpg 300w\" sizes=\"auto, (max-width: 639px) 100vw, 639px\" \/><\/p>\n<p>Tres d\u00e9cadas despu\u00e9s de la edificaci\u00f3n de ese famoso s\u00edmbolo de divisi\u00f3n, el Muro de Berl\u00edn fue derribado. Ahora, Su Santidad ha instado a los l\u00edderes y gobiernos actuales a demoler los muros de odio y conflicto que afectan a la sociedad moderna.<\/p>\n<p>Dirigi\u00e9ndose a una audiencia compuesta por m\u00e1s de 80 dignatarios e invitados influyentes, incluidos miembros del <em>Bundestag<\/em> (parlamento), diplom\u00e1ticos, acad\u00e9micos, l\u00edderes religiosos y representantes de los medios de comunicaci\u00f3n, y a solo unos cientos de metros de la Puerta de Brandenburgo, en el Hotel Adlon Kempinski, Su Santidad abord\u00f3 sin complejos la acusaci\u00f3n com\u00fan de que la presencia del islam y los musulmanes son una amenaza para la civilizaci\u00f3n occidental y la cultura.<\/p>\n<p><img loading=\"lazy\" decoding=\"async\" class=\"aligncenter size-full wp-image-5939\" src=\"https:\/\/www.ahmadiyya-islam.org\/es\/wp-content\/uploads\/sites\/10\/2019\/11\/berlin3.jpg\" alt=\"\" width=\"739\" height=\"493\" srcset=\"https:\/\/www.ahmadiyya-islam.org\/es\/wp-content\/uploads\/sites\/10\/2019\/11\/berlin3.jpg 739w, https:\/\/www.ahmadiyya-islam.org\/es\/wp-content\/uploads\/sites\/10\/2019\/11\/berlin3-300x200.jpg 300w\" sizes=\"auto, (max-width: 739px) 100vw, 739px\" \/><\/p>\n<p>Mediante una exposici\u00f3n poderosa en defensa del islam y de la religi\u00f3n en general, Su Santidad declar\u00f3 que el ate\u00edsmo y la impiedad son\u00a0 la verdadera amenaza para la herencia y la civilizaci\u00f3n occidentales y estaban llevando a que las costumbres y valores centenarios fueran abandonados repentinamente sin pausa para pensar.<\/p>\n<p>Su Santidad defini\u00f3\u00a0 &#8216;civilizaci\u00f3n&#8217; y\u00a0\u00a0 &#8216;cultura&#8217; desde una perspectiva isl\u00e1mica, y citando vers\u00edculos del Sagrado Cor\u00e1n y el ejemplo personal del Profeta del islam (la paz y las bendiciones sean con \u00e9l), refut\u00f3 las opiniones de que el islam no tiene cabida en occidente o en la sociedad moderna.<\/p>\n<p>Su Santidad respondi\u00f3 a las acusaciones de que el islam es una religi\u00f3n &#8220;mis\u00f3gina&#8221; y tambi\u00e9n conden\u00f3 lo que \u00e9l denomin\u00f3 &#8220;esclavitud econ\u00f3mica&#8221;, mediante la cual los pa\u00edses ricos y poderosos usan su riqueza y poder militar para dominar a las naciones m\u00e1s d\u00e9biles.<\/p>\n<p>Al principio, Su Santidad habl\u00f3 de las crecientes tensiones y temores en el mundo occidental debido a la migraci\u00f3n de un gran n\u00famero de musulmanes a los pa\u00edses occidentales.<\/p>\n<p>Su Santidad, Hazrat Mirza Masrur Ahmad dijo:<\/p>\n<blockquote><p><strong><em>\u201cEn el mundo de hoy, particularmente en las naciones occidentales y desarrolladas, existe un gran debate sobre la inmigraci\u00f3n y su efecto en las sociedades. Gran parte del debate se centra en los musulmanes. Ciertos gobiernos y miembros de la sociedad temen un \u2018choque de civilizaciones\u2019 y creen que los musulmanes son una amenaza para su sociedad y que no pueden integrarse en el mundo occidental.&#8221;<\/em><\/strong><\/p><\/blockquote>\n<p>Su Santidad procedi\u00f3 a definir el concepto de &#8220;civilizaci\u00f3n&#8221; y &#8220;cultura&#8221; de acuerdo con los principios isl\u00e1micos.<\/p>\n<p>Describiendo &#8220;civilizaci\u00f3n&#8221; como el &#8220;progreso material y el desarrollo de una sociedad&#8221;, Su Santidad, Hazrat Mirza Masrur Ahmad dijo:<\/p>\n<blockquote><p><em><strong>\u201cLos factores que indican el poder de una civilizaci\u00f3n incluyen su progreso econ\u00f3mico, el nivel de innovaci\u00f3n tecnol\u00f3gica, el avance de los medios de transporte y comunicaci\u00f3n y el progreso intelectual de la sociedad. Adem\u00e1s, los esfuerzos de una naci\u00f3n para fomentar la paz y la estabilidad, ya sea en virtud de su aplicaci\u00f3n de la ley y su dominio militar o por otros medios, tambi\u00e9n son una medida de su civilizaci\u00f3n.&#8221;<\/strong><\/em><\/p><\/blockquote>\n<p>Haciendo una distinci\u00f3n entre &#8220;civilizaci\u00f3n&#8221; y &#8220;cultura&#8221;, Su Santidad, Hazrat Mirza Masrur Ahmad dijo:<\/p>\n<blockquote><p><strong><em>&#8220;La cultura de una naci\u00f3n es algo separado y distinto de la civilizaci\u00f3n. La cultura es una manifestaci\u00f3n de los puntos de vista de un pueblo, sus actitudes hacia los problemas sociales y sus pr\u00e1cticas,\u00a0 y\u00a0 en lugar de basarse en el progreso material, la cultura tiene sus ra\u00edces en la moralidad y en los valores y tradiciones religiosas de una naci\u00f3n.&#8221;<\/em><\/strong><\/p><\/blockquote>\n<p><img loading=\"lazy\" decoding=\"async\" class=\"aligncenter size-full wp-image-5940\" src=\"https:\/\/www.ahmadiyya-islam.org\/es\/wp-content\/uploads\/sites\/10\/2019\/11\/berlin4.jpg\" alt=\"\" width=\"739\" height=\"441\" srcset=\"https:\/\/www.ahmadiyya-islam.org\/es\/wp-content\/uploads\/sites\/10\/2019\/11\/berlin4.jpg 739w, https:\/\/www.ahmadiyya-islam.org\/es\/wp-content\/uploads\/sites\/10\/2019\/11\/berlin4-300x179.jpg 300w\" sizes=\"auto, (max-width: 739px) 100vw, 739px\" \/><\/p>\n<p>Su Santidad, Hazrat Mirza Masrur Ahmad continu\u00f3 diciendo:<\/p>\n<blockquote><p><strong><em>&#8220;Por lo tanto, la civilizaci\u00f3n es el desarrollo material, tecnol\u00f3gico e intelectual de una sociedad, mientras que la cultura se basa en la composici\u00f3n religiosa, moral y filos\u00f3fica de esa sociedad\u201d.<\/em><\/strong><\/p><\/blockquote>\n<p>Su Santidad cit\u00f3 el ejemplo hist\u00f3rico del Imperio Romano y el per\u00edodo temprano del cristianismo para explicar lo que distingu\u00eda a una civilizaci\u00f3n de una cultura.<\/p>\n<p>Su Santidad, Hazrat Mirza Masrur Ahmad dijo:<\/p>\n<blockquote><p><strong><em>\u201cDebido a su prosperidad material, urbanizaci\u00f3n y\u00a0 forma de gobierno de sus territorios, los romanos eran considerados tremendamente civilizados y educados. Sin embargo, su sofisticaci\u00f3n no implicaba un elevado nivel de moralidad&#8221;.<\/em><\/strong><\/p><\/blockquote>\n<p>Su Santidad, Hazrat Mirza Masrur Ahmad dijo a continuaci\u00f3n:<\/p>\n<blockquote><p><strong><em>\u201cM\u00e1s bien, fue durante el per\u00edodo inicial del cristianismo cuando su pueblo recibi\u00f3 una cultura progresista. El cristianismo otorg\u00f3 a la sociedad principios rectores basadas \u200b\u200ben la religi\u00f3n y en la moralidad, mientras que los romanos prescribieron las leyes y los l\u00edmites materiales [&#8230;] Por lo tanto, el progreso y el avance de los romanos reflejaron su gran civilizaci\u00f3n, mientras que el cristianismo\u00a0 otorg\u00f3\u00a0 al pueblo una cultura loable&#8221;.<\/em><\/strong><\/p><\/blockquote>\n<p>Su Santidad dijo que\u00a0 cuando los romanos aceptaron el cristianismo,\u00a0 su gran civilizaci\u00f3n se fusion\u00f3 con una gran cultura y ese per\u00edodo sent\u00f3 las bases de los valores que continuaron apuntalando la sociedad occidental.<\/p>\n<p>Contrariamente a la opini\u00f3n popular, Su Santidad dijo que los musulmanes no desean atacar o menoscabar la civilizaci\u00f3n occidental.<\/p>\n<p>En realidad, los musulmanes buscan emular el avance material y tecnol\u00f3gico de Occidente.<\/p>\n<p>Su Santidad, Hazrat Mirza Masrur Ahmad dijo:<\/p>\n<blockquote><p><em><strong>\u201cEn lugar de rechazar a la civilizaci\u00f3n occidental, estamos viendo lo contrario. Debido a los medios modernos de transporte y comunicaci\u00f3n, el mundo se ha convertido en una aldea global. El advenimiento de la televisi\u00f3n, los medios de comunicaci\u00f3n y particularmente Internet han supuesto que nada quede oculto en el mundo y que incluso las personas que viven en pa\u00edses econ\u00f3micamente desfavorecidos pueden ver c\u00f3mo viven las personas en las naciones m\u00e1s ricas. Est\u00e1n siendo influenciados por la civilizaci\u00f3n occidental y desean alcanzar niveles similares de avance material e innovaci\u00f3n.&#8221;<\/strong><\/em><\/p><\/blockquote>\n<p><img loading=\"lazy\" decoding=\"async\" class=\"aligncenter size-full wp-image-5941\" src=\"https:\/\/www.ahmadiyya-islam.org\/es\/wp-content\/uploads\/sites\/10\/2019\/11\/berlin5.jpg\" alt=\"\" width=\"739\" height=\"916\" srcset=\"https:\/\/www.ahmadiyya-islam.org\/es\/wp-content\/uploads\/sites\/10\/2019\/11\/berlin5.jpg 739w, https:\/\/www.ahmadiyya-islam.org\/es\/wp-content\/uploads\/sites\/10\/2019\/11\/berlin5-242x300.jpg 242w\" sizes=\"auto, (max-width: 739px) 100vw, 739px\" \/><\/p>\n<p>Su Santidad, Hazrat Mirza Masrur Ahmad continu\u00f3 diciendo:<\/p>\n<blockquote><p><strong><em>\u201cPor lo tanto, la afirmaci\u00f3n de que la civilizaci\u00f3n occidental o europea est\u00e1 amenazada por la presencia de musulmanes no es v\u00e1lida. M\u00e1s bien, la civilizaci\u00f3n occidental est\u00e1 influyendo en otras partes del mundo y esto incluye al mundo musulm\u00e1n.\u201d<\/em><\/strong><\/p><\/blockquote>\n<p>Despu\u00e9s de afirmar que la civilizaci\u00f3n occidental no estaba amenazada, Su Santidad dijo que el temor de que los musulmanes desafiaran a la &#8220;cultura&#8221; occidental era un miedo m\u00e1s racional o &#8220;leg\u00edtimo&#8221;. Entonces, Su Santidad cit\u00f3 varios vers\u00edculos del Sagrado Cor\u00e1n y ejemplos del Profeta del islam (la paz y las bendiciones sean con \u00e9l) para anular tales preocupaciones.<\/p>\n<p>En una formidable exposici\u00f3n en defensa de la religi\u00f3n y el islam, Su Santidad declar\u00f3 que la religi\u00f3n es la base de la cultura occidental y, por lo tanto, es el continuo ascenso del ate\u00edsmo y la incredulidad lo que estaba cambiando la sociedad, en lugar de la inmigraci\u00f3n de musulmanes.<\/p>\n<p>Su Santidad, Hazrat Mirza Masrur Ahmad dijo:<\/p>\n<blockquote><p><strong><em>\u201cEn los pa\u00edses occidentales, los censos que se realizan muestran que las personas est\u00e1n cada vez menos inclinadas hacia la religi\u00f3n o la creencia en Dios. Ante esto, creo que el r\u00e1pido aumento del ate\u00edsmo es una amenaza mucho mayor para la cultura occidental que el islam.&#8221;<\/em><\/strong><\/p><\/blockquote>\n<p>Su Santidad, Hazrat Mirza Masrur Ahmad continu\u00f3 diciendo:<\/p>\n<blockquote><p><strong><em>\u201cLos valores occidentales tienen siglos de antig\u00fcedad y se basan en sus tradiciones religiosas y especialmente en su herencia cristiana y jud\u00eda. Sin embargo, estos valores religiosos y normas culturales est\u00e1n siendo atacados por aquellos que se oponen a todas las formas de religi\u00f3n y fe.&#8221;<\/em><\/strong><\/p><\/blockquote>\n<p><img loading=\"lazy\" decoding=\"async\" class=\"aligncenter size-full wp-image-5942\" src=\"https:\/\/www.ahmadiyya-islam.org\/es\/wp-content\/uploads\/sites\/10\/2019\/11\/berlin6.jpg\" alt=\"\" width=\"939\" height=\"339\" srcset=\"https:\/\/www.ahmadiyya-islam.org\/es\/wp-content\/uploads\/sites\/10\/2019\/11\/berlin6.jpg 939w, https:\/\/www.ahmadiyya-islam.org\/es\/wp-content\/uploads\/sites\/10\/2019\/11\/berlin6-300x108.jpg 300w, https:\/\/www.ahmadiyya-islam.org\/es\/wp-content\/uploads\/sites\/10\/2019\/11\/berlin6-768x277.jpg 768w\" sizes=\"auto, (max-width: 939px) 100vw, 939px\" \/><\/p>\n<p>Su Santidad llam\u00f3 la atenci\u00f3n de los l\u00edderes occidentales para que protejan y preserven su identidad religiosa.<\/p>\n<p>Su Santidad, Hazrat Mirza Masrur Ahmad dijo:<\/p>\n<blockquote><p><em><strong>&#8220;Como l\u00edder religioso musulm\u00e1n, creo que deb\u00e9is proteger vuestra herencia y cultura centrando vuestros esfuerzos en detener el declive de la religi\u00f3n y llevar a las personas de vuelta a la fe y a la creencia, ya sea en el cristianismo, el juda\u00edsmo o cualquier otra.&#8221;<\/strong><\/em><\/p><\/blockquote>\n<p>Su Santidad, Hazrat Mirza Masrur Ahmad continu\u00f3 diciendo:<\/p>\n<blockquote><p><em><strong>&#8220;No deb\u00e9is permitir que, en nombre del \u2018progreso\u2019, esos valores y est\u00e1ndares morales que han sido parte de la sociedad durante muchos siglos se abandonen repentinamente.&#8221;<\/strong><\/em><\/p><\/blockquote>\n<p>Su Santidad cit\u00f3 varios vers\u00edculos del Sagrado Cor\u00e1n que afirman el gran significado e importancia de los derechos humanos. Dijo que el islam defiende los derechos de las mujeres, y de miembros vulnerables de la sociedad y busc\u00f3 abolir la esclavitud desde el principio. Adem\u00e1s, la libertad de creencia es una piedra angular de la fe isl\u00e1mica.<\/p>\n<p>Su Santidad, Hazrat Mirza Masrur Ahmad dijo:<\/p>\n<blockquote><p><em><strong>\u201cEn el cap\u00edtulo 2, vers\u00edculo 257, el Sagrado Cor\u00e1n declara categ\u00f3ricamente que no debe haber obligaci\u00f3n en materia de religi\u00f3n. Por lo tanto, no hay raz\u00f3n para que los no musulmanes teman que los musulmanes difundan sus creencias o intenten imponer sus puntos de vista en esta parte del mundo. La odiosa ideolog\u00eda de una peque\u00f1a minor\u00eda de supuestos musulmanes que han adoptado el extremismo no tiene correlaci\u00f3n con las ense\u00f1anzas del Sagrado Cor\u00e1n.&#8221;<\/strong><\/em><\/p><\/blockquote>\n<p>Su Santidad, Hazrat Mirza Masrur Ahmad continu\u00f3 diciendo:<\/p>\n<blockquote><p><strong><em>\u201cEn lo que se refiere a la Comunidad Musulmana Ahmad\u00eda, creemos que en ninguna circunstancia el islam permite el uso de la fuerza o cualquier tipo de coerci\u00f3n en la difusi\u00f3n de la fe. \u00bfPor qu\u00e9 entonces hay una necesidad de temer al islam? \u00bfPor qu\u00e9 la gente piensa que su civilizaci\u00f3n o cultura est\u00e1 en riesgo por parte de los musulmanes?\u201d<\/em><\/strong><\/p><\/blockquote>\n<p>Su Santidad tambi\u00e9n habl\u00f3 sobre las crecientes desigualdades dentro de las sociedades y dijo que la educaci\u00f3n era necesaria para corregir el desequilibrio y garantizar la armon\u00eda social.<\/p>\n<p>Su Santidad, Hazrat Mirza Masrur Ahmad dijo:<\/p>\n<blockquote><p><em><strong>\u201cCreemos que una de las claves para ayudar a los pobres es la educaci\u00f3n. Si los miembros m\u00e1s j\u00f3venes de la sociedad, que provienen de hogares rotos o que sufren la pobreza, reciben educaci\u00f3n, podr\u00e1n liberarse de los grilletes de la miseria.&#8221;<\/strong><\/em><\/p><\/blockquote>\n<p>Su Santidad, Hazrat Mirza Masrur Ahmad continu\u00f3 diciendo:<\/p>\n<blockquote><p><strong><em>&#8220;Se abrir\u00e1n oportunidades para ellos y, por lo tanto, libres de frustraci\u00f3n y resentimiento, esos j\u00f3venes crecer\u00e1n para convertirse en miembros productivos de la sociedad, en lugar de ser atra\u00eddos hacia una vida de crimen o cultura de pandillas&#8221;.<\/em><\/strong><\/p><\/blockquote>\n<p>A nivel internacional, Su Santidad dijo que a los pa\u00edses ricos les interesa ayudar y apoyar a los pa\u00edses m\u00e1s d\u00e9biles.<\/p>\n<p>Su Santidad, Hazrat Mirza Masrur Ahmad dijo:<\/p>\n<blockquote><p><em><strong>\u201cTambi\u00e9n creemos que los pa\u00edses ricos deben ayudar a las naciones m\u00e1s d\u00e9biles del mundo a construir bases s\u00f3lidas. Si los pa\u00edses m\u00e1s pobres pueden desarrollar sus econom\u00edas e infraestructuras, sus gentes tendr\u00e1n oportunidades y muchas menos razones para emigrar al extranjero. Si sus naciones son estables y pr\u00f3speras, naturalmente se deduce que la regi\u00f3n y el mundo en general se beneficiar\u00e1n.\u201d<\/strong><\/em><\/p><\/blockquote>\n<p>Este fue un tema al que Su Santidad volvi\u00f3 m\u00e1s tarde en su discurso, cuando habl\u00f3 de la esclavitud econ\u00f3mica que ha reemplazado a los horrores de la esclavitud f\u00edsica en el mundo moderno.<\/p>\n<p>Su Santidad, Hazrat Mirza Masrur Ahmad dijo:<\/p>\n<blockquote><p><em><strong>\u201cEn el mundo actual, la esclavitud f\u00edsica ya no existe, pero ha sido reemplazada por la esclavitud econ\u00f3mica y la servidumbre, en la que la relaci\u00f3n entre las naciones m\u00e1s poderosas de la tierra y los pa\u00edses m\u00e1s d\u00e9biles se ha convertido en una relaci\u00f3n de amo y esclavo&#8221;.<\/strong><\/em><\/p><\/blockquote>\n<p>Su Santidad, Hazrat Mirza Masrur Ahmad continu\u00f3 diciendo:<\/p>\n<blockquote><p><strong><em>&#8220;Por ejemplo, los pa\u00edses ricos conceden \u2018pr\u00e9stamos\u2019 disfrazados de \u2018paquetes de ayuda\u2019 a pa\u00edses m\u00e1s d\u00e9biles que no tienen otra opci\u00f3n que aceptar las condiciones que se les imponen. Invariablemente, los niveles de inter\u00e9s paralizantes significan que los pr\u00e9stamos a corto plazo conducen a miseria y la deuda a largo plazo. El resultado final es que el pa\u00eds en incumplimiento no tiene m\u00e1s remedio que doblegarse a la voluntad de la naci\u00f3n dominante. Tal esclavitud es completamente inmoral.&#8221;<\/em><\/strong><\/p><\/blockquote>\n<p>Con respecto a los derechos de las mujeres, Su Santidad se\u00f1al\u00f3 el hecho de que varios estudios e informes oficiales producidos en occidente demuestran que la mayor\u00eda de los casos de abuso dom\u00e9stico y cr\u00edmenes contra las mujeres est\u00e1n siendo perpetrados por no musulmanes. Por el contrario, el islam ense\u00f1a a los hombres musulmanes a respetar y valorar a las mujeres y proporciona igualdad de oportunidades para la educaci\u00f3n entre los sexos.<\/p>\n<p>Su Santidad, Hazrat Mirza Masrur Ahmad dijo:<\/p>\n<blockquote><p><strong><em>\u201cOtra acusaci\u00f3n muy com\u00fan en el mundo occidental es que los musulmanes no respetan a las mujeres ni a sus derechos. En primer lugar, cabe se\u00f1alar que el islam fue la primera religi\u00f3n en otorgar a las mujeres el derecho a heredar, el derecho al divorcio y otros derechos. Adem\u00e1s, el islam enfatiza la gran importancia de educar a las ni\u00f1as y darles oportunidades de crecimiento y desarrollo personal&#8221;.<\/em><\/strong><\/p><\/blockquote>\n<p>Su Santidad, Hazrat Mirza Masrur Ahmad continu\u00f3 diciendo:<\/p>\n<blockquote><p><strong><em>&#8220;Adem\u00e1s, en un dicho famoso, el Santo Profeta del islam (la paz y las bendiciones sean con \u00e9l) dijo que \u2018el para\u00edso yace bajo los pies de la madre\u2019. Estas palabras ilustran el papel trascendental que juegan las mujeres y su estatus \u00fanico y distinguido en la sociedad [&#8230;] Por lo tanto, es completamente injusto calificar al islam como una religi\u00f3n mis\u00f3gina.&#8221;<\/em><\/strong><\/p><\/blockquote>\n<p><img loading=\"lazy\" decoding=\"async\" class=\"aligncenter size-full wp-image-5943\" src=\"https:\/\/www.ahmadiyya-islam.org\/es\/wp-content\/uploads\/sites\/10\/2019\/11\/berlin7.jpg\" alt=\"\" width=\"739\" height=\"468\" srcset=\"https:\/\/www.ahmadiyya-islam.org\/es\/wp-content\/uploads\/sites\/10\/2019\/11\/berlin7.jpg 739w, https:\/\/www.ahmadiyya-islam.org\/es\/wp-content\/uploads\/sites\/10\/2019\/11\/berlin7-300x190.jpg 300w\" sizes=\"auto, (max-width: 739px) 100vw, 739px\" \/><\/p>\n<p>Despu\u00e9s de explicar que la mayor\u00eda de los medios modernos y los que se oponen al islam han interpretado err\u00f3neamente la <em>Yihad<\/em>, Su Santidad present\u00f3 el incomparable ejemplo de perd\u00f3n y paciencia manifestado por el Santo Profeta Muhammad (la paz y las bendiciones sean con \u00e9l) en el momento de la victoria sobre la Meca.<\/p>\n<p>Acto seguido, Su Santidad concluy\u00f3 llamando a las naciones del mundo, sus l\u00edderes y miembros del p\u00fablico, a dejar de lado las diferencias y forjar lazos de unidad.<\/p>\n<p>En el epicentro de la ciudad donde existi\u00f3 una gran divisi\u00f3n f\u00edsica durante d\u00e9cadas que rompi\u00f3 una naci\u00f3n y se erigi\u00f3 como un s\u00edmbolo de una divisi\u00f3n mucho mayor en el mundo, Su Santidad pidi\u00f3 paz a trav\u00e9s de la unidad y la justicia.<\/p>\n<p>Su Santidad, Hazrat Mirza Masrur Ahmad dijo:<\/p>\n<blockquote><p><strong><em>&#8220;La gente debe darse cuenta de que las palabras pueden tener consecuencias de largo alcance y, por lo tanto, en lugar de hablar de\u00a0\u00a0 \u2018choque de civilizaciones\u2019 o de aumentar innecesariamente las tensiones entre las diferentes comunidades, las personas deben abstenerse de atacar las ense\u00f1anzas religiosas de los dem\u00e1s.\u201d<\/em><\/strong><\/p><\/blockquote>\n<p>Su Santidad, Hazrat Mirza Masrur Ahmad continu\u00f3 diciendo:<\/p>\n<blockquote><p><strong><em>\u201cEn lugar de tratar de imponer restricciones a la expresi\u00f3n de fe, debemos reconocer que todos somos parte de una \u00fanica raza humana m\u00e1s conectada que nunca. Debemos abrazar nuestra diversidad y centrarnos en establecer la unidad para que la paz a largo plazo pueda desarrollarse en el mundo.&#8221;<\/em><\/strong><\/p><\/blockquote>\n<p>Su Santidad expres\u00f3 su grave temor de que la falta de uni\u00f3n para la paz y el respeto mutuo sea el catalizador de una cat\u00e1strofe impensable, y cuyas consecuencias perduren durante generaciones.<\/p>\n<p>Su Santidad, Hazrat Mirza Masrur Ahmad dijo:<\/p>\n<blockquote><p><strong><em>\u201cCon reminiscencias de los d\u00edas oscuros del pasado, se est\u00e1n formando bloques y alianzas opuestas y parece que el mundo se empe\u00f1e en invitar a su destrucci\u00f3n. Hoy en d\u00eda, hay una gran cantidad de pa\u00edses que han adquirido bombas nucleares u otras armas destructivas que tienen el potencial de destruir la civilizaci\u00f3n tal como la conocemos.\u201d<\/em><\/strong><\/p><\/blockquote>\n<p>Su Santidad, Hazrat Mirza Masrur Ahmad continu\u00f3 diciendo:<\/p>\n<blockquote><p><strong><em>\u201cSi alguna vez se usan armas nucleares, no solo seremos nosotros quienes suframos las consecuencias, sino que nuestros hijos y las generaciones futuras tendr\u00e1n que sufrir por nuestros pecados. Generaciones de ni\u00f1os nacer\u00e1n con discapacidades intelectuales y f\u00edsicas y sus esperanzas y sue\u00f1os quedar\u00e1n reducidas a la nada sin que ellos tengan culpa. \u00bfEs ese la herencia de despedida que deseamos legar a los que nos siguen? \u00a1Ciertamente, no!&#8221;<\/em><\/strong><\/p><\/blockquote>\n<p>Concluyendo, Su Santidad, Hazrat Mirza Masrur Ahmad dijo:<\/p>\n<blockquote><p><em><strong>&#8220;Un\u00e1monos todos, independientemente de nuestras diferencias, y trabajemos con un esp\u00edritu de respeto mutuo, tolerancia y afecto por la paz del mundo y para promover la libertad de creencia.&#8221;<\/strong><\/em><\/p><\/blockquote>\n<p>Antes del discurso principal, varios oradores distinguidos subieron al escenario y expresaron su admiraci\u00f3n por la Comunidad Musulmana Ahmad\u00eda y sus esfuerzos por propagar el mensaje pac\u00edfico del islam en todo el mundo, as\u00ed como su compromiso de servir a la humanidad.<\/p>\n<p>Abdul\u2019lah Wagishauser, Presidente Nacional de la Comunidad Musulmana Ahmad\u00eda en Alemania, dio la bienvenida a los invitados y present\u00f3 la Comunidad Musulmana Ahmad\u00eda y su historia en Alemania.<\/p>\n<p><img loading=\"lazy\" decoding=\"async\" class=\"aligncenter size-full wp-image-5944\" src=\"https:\/\/www.ahmadiyya-islam.org\/es\/wp-content\/uploads\/sites\/10\/2019\/11\/berlin8.jpg\" alt=\"\" width=\"739\" height=\"188\" srcset=\"https:\/\/www.ahmadiyya-islam.org\/es\/wp-content\/uploads\/sites\/10\/2019\/11\/berlin8.jpg 739w, https:\/\/www.ahmadiyya-islam.org\/es\/wp-content\/uploads\/sites\/10\/2019\/11\/berlin8-300x76.jpg 300w\" sizes=\"auto, (max-width: 739px) 100vw, 739px\" \/><\/p>\n<p>El miembro del Parlamento Frank Heinrich (Partido CDU) dijo:<\/p>\n<blockquote><p><strong><em>\u201cTodos deber\u00edan tener la oportunidad de practicar su propia religi\u00f3n en todas partes. Y es por eso por lo que nos ten\u00e9is en el Bundestag apoyando a vuestro movimiento.\u201d<\/em><\/strong><\/p><\/blockquote>\n<p>El miembro del Parlamento Omid Nouripour (Partido Verde) dijo:<\/p>\n<blockquote><p><strong><em>\u201cLa Comunidad Musulmana Ahmad\u00eda es una comunidad maravillosa que hace un gran trabajo en sus regiones. Tambi\u00e9n nos hemos reunido aqu\u00ed para mostrar nuestro agradecimiento por vuestro excelente trabajo.\u201d<\/em><\/strong><\/p><\/blockquote>\n<p>El miembro del Parlamento Niels Annen (Partido SPD), ministro de gobierno en el Ministerio Federal de Relaciones Exteriores dijo:<\/p>\n<blockquote><p><strong><em>\u201cEn 1949 se promulg\u00f3 la constituci\u00f3n alemana y es la constituci\u00f3n la que nos proporciona los fundamentos legales para nuestra democracia y para la libertad religiosa [&#8230;] En el mismo a\u00f1o, una estaci\u00f3n de radio alemana emiti\u00f3 una conferencia del jeque Nasir Ahmad, que viv\u00eda en ese momento en Suiza y era un imam de la Comunidad Musulmana Ahmad\u00eda. \u00bfPor qu\u00e9 lo menciono? Porque ese fue el primer programa en la radio alemana sobre el islam y esto ilustra la conexi\u00f3n hist\u00f3rica de la Comunidad Musulmana Ahmad\u00eda con Alemania.&#8221;<\/em><\/strong><\/p><\/blockquote>\n<p><img loading=\"lazy\" decoding=\"async\" class=\"aligncenter size-full wp-image-5945\" src=\"https:\/\/www.ahmadiyya-islam.org\/es\/wp-content\/uploads\/sites\/10\/2019\/11\/berlin9.jpg\" alt=\"\" width=\"739\" height=\"388\" srcset=\"https:\/\/www.ahmadiyya-islam.org\/es\/wp-content\/uploads\/sites\/10\/2019\/11\/berlin9.jpg 739w, https:\/\/www.ahmadiyya-islam.org\/es\/wp-content\/uploads\/sites\/10\/2019\/11\/berlin9-300x158.jpg 300w\" sizes=\"auto, (max-width: 739px) 100vw, 739px\" \/><\/p>\n<p>La sesi\u00f3n concluy\u00f3 con una oraci\u00f3n silenciosa dirigida por Su Santidad.<\/p>\n<p>Despu\u00e9s del evento, Su Santidad se reuni\u00f3 personalmente con muchos de los invitados, y previamente, los tres oradores invitados tuvieron la oportunidad de reunirse con Su Santidad.<\/p>\n<p>Durante la reuni\u00f3n, elogiaron el compromiso continuo de la Comunidad Musulmana Ahmad\u00eda con la paz y el di\u00e1logo interreligioso.<\/p>\n<p>Al concluir las reuniones, Su Santidad se dirigi\u00f3 hacia la Puerta de Brandenburgo, donde se tom\u00f3 una foto memorable con el s\u00e9quito que hab\u00eda viajado con \u00e9l desde Inglaterra, as\u00ed como con algunos miembros de la Comunidad Musulmana Ahmad\u00eda en Alemania.<\/p>\n<p><img loading=\"lazy\" decoding=\"async\" class=\"aligncenter size-full wp-image-5946\" src=\"https:\/\/www.ahmadiyya-islam.org\/es\/wp-content\/uploads\/sites\/10\/2019\/11\/berlin10.jpg\" alt=\"\" width=\"739\" height=\"397\" srcset=\"https:\/\/www.ahmadiyya-islam.org\/es\/wp-content\/uploads\/sites\/10\/2019\/11\/berlin10.jpg 739w, https:\/\/www.ahmadiyya-islam.org\/es\/wp-content\/uploads\/sites\/10\/2019\/11\/berlin10-300x161.jpg 300w\" sizes=\"auto, (max-width: 739px) 100vw, 739px\" \/><\/p>\n","protected":false},"excerpt":{"rendered":"<p>Su Santidad, Hazrat Mirza Masrur Ahmad, pronuncia un discurso hist\u00f3rico en la capital alemana. Su Santidad dice que el ate\u00edsmo est\u00e1 minando las tradiciones y la herencia occidentales. El Jalifa dice que el islam no es una amenaza para la civilizaci\u00f3n occidental. El l\u00edder musulm\u00e1n condena la &#8220;esclavitud econ\u00f3mica&#8221; moderna y advierte sobre el riesgo<\/p>\n","protected":false},"author":74,"featured_media":5937,"comment_status":"closed","ping_status":"closed","sticky":false,"template":"","format":"standard","meta":{"_acf_changed":false,"footnotes":""},"categories":[1],"tags":[272],"authors":[],"content_source":[],"class_list":["post-5935","post","type-post","status-publish","format-standard","has-post-thumbnail","hentry","category-comunicados-de-prensa","tag-berlin","topics-civilizacion","topics-cultura"],"acf":[],"yoast_head":"<!-- This site is optimized with the Yoast SEO Premium plugin v21.1 (Yoast SEO v27.4) - https:\/\/yoast.com\/product\/yoast-seo-premium-wordpress\/ -->\n<title>Hablar de un &quot;choque de civilizaciones&quot; entre el islam y occidente es extremadamente peligroso e irresponsable \u2013\u00a0 l\u00edder de la Comunidad Musulmana Ahmad\u00eda<\/title>\n<meta name=\"description\" content=\"El 22 de octubre de 2019, el l\u00edder mundial de la Comunidad Musulmana Ahmad\u00eda, pronunci\u00f3 un discurso hist\u00f3rico en el centro de Berl\u00edn, titulado &#039;Islam y Europa: un choque de civilizaciones?\u2019\" \/>\n<meta name=\"robots\" content=\"index, follow, max-snippet:-1, max-image-preview:large, max-video-preview:-1\" \/>\n<link rel=\"canonical\" href=\"https:\/\/www.ahmadiyya-islam.org\/es\/comunicados-de-prensa\/choque-de-civilizaciones\/\" \/>\n<meta property=\"og:locale\" content=\"es_ES\" \/>\n<meta property=\"og:type\" content=\"article\" \/>\n<meta property=\"og:title\" content=\"Hablar de un &quot;choque de civilizaciones&quot; entre el islam y occidente es extremadamente peligroso e irresponsable \u2013\u00a0 l\u00edder de la Comunidad Musulmana Ahmad\u00eda\" \/>\n<meta property=\"og:description\" content=\"El 22 de octubre de 2019, el l\u00edder mundial de la Comunidad Musulmana Ahmad\u00eda, pronunci\u00f3 un discurso hist\u00f3rico en el centro de Berl\u00edn, titulado &#039;Islam y Europa: un choque de civilizaciones?\u2019\" \/>\n<meta property=\"og:url\" content=\"https:\/\/www.ahmadiyya-islam.org\/es\/comunicados-de-prensa\/choque-de-civilizaciones\/\" \/>\n<meta property=\"og:site_name\" content=\"Comunidad Musulmana Ahmad\u00eda\" \/>\n<meta property=\"article:published_time\" content=\"2019-10-24T12:10:19+00:00\" \/>\n<meta property=\"article:modified_time\" content=\"2019-11-03T12:12:35+00:00\" \/>\n<meta property=\"og:image\" content=\"https:\/\/www.ahmadiyya-islam.org\/es\/wp-content\/uploads\/sites\/10\/2019\/11\/berlin1.jpg\" \/>\n\t<meta property=\"og:image:width\" content=\"739\" \/>\n\t<meta property=\"og:image:height\" content=\"295\" \/>\n\t<meta property=\"og:image:type\" content=\"image\/jpeg\" \/>\n<meta name=\"author\" content=\"mariyawaseem\" \/>\n<meta name=\"twitter:card\" content=\"summary_large_image\" \/>\n<meta name=\"twitter:label1\" content=\"Written by\" \/>\n\t<meta name=\"twitter:data1\" content=\"mariyawaseem\" \/>\n\t<meta name=\"twitter:label2\" content=\"Est. reading time\" \/>\n\t<meta name=\"twitter:data2\" content=\"16 minutes\" \/>\n<script type=\"application\/ld+json\" class=\"yoast-schema-graph\">{\"@context\":\"https:\\\/\\\/schema.org\",\"@graph\":[{\"@type\":\"Article\",\"@id\":\"https:\\\/\\\/www.ahmadiyya-islam.org\\\/es\\\/comunicados-de-prensa\\\/choque-de-civilizaciones\\\/#article\",\"isPartOf\":{\"@id\":\"https:\\\/\\\/www.ahmadiyya-islam.org\\\/es\\\/comunicados-de-prensa\\\/choque-de-civilizaciones\\\/\"},\"author\":{\"name\":\"mariyawaseem\",\"@id\":\"https:\\\/\\\/www.ahmadiyya-islam.org\\\/es\\\/#\\\/schema\\\/person\\\/4678a7aaef3c647bf1456939c680db7c\"},\"headline\":\"Hablar de un &#8220;choque de civilizaciones&#8221; entre el islam y occidente es extremadamente peligroso e irresponsable \u2013\u00a0 l\u00edder de la Comunidad Musulmana Ahmad\u00eda\",\"datePublished\":\"2019-10-24T12:10:19+00:00\",\"dateModified\":\"2019-11-03T12:12:35+00:00\",\"mainEntityOfPage\":{\"@id\":\"https:\\\/\\\/www.ahmadiyya-islam.org\\\/es\\\/comunicados-de-prensa\\\/choque-de-civilizaciones\\\/\"},\"wordCount\":3278,\"publisher\":{\"@id\":\"https:\\\/\\\/www.ahmadiyya-islam.org\\\/es\\\/#organization\"},\"image\":{\"@id\":\"https:\\\/\\\/www.ahmadiyya-islam.org\\\/es\\\/comunicados-de-prensa\\\/choque-de-civilizaciones\\\/#primaryimage\"},\"thumbnailUrl\":\"https:\\\/\\\/www.ahmadiyya-islam.org\\\/es\\\/wp-content\\\/uploads\\\/sites\\\/10\\\/2019\\\/11\\\/berlin1.jpg\",\"keywords\":[\"Berl\u00edn\"],\"articleSection\":[\"Comunicados de prensa\"],\"inLanguage\":\"es-ES\"},{\"@type\":\"WebPage\",\"@id\":\"https:\\\/\\\/www.ahmadiyya-islam.org\\\/es\\\/comunicados-de-prensa\\\/choque-de-civilizaciones\\\/\",\"url\":\"https:\\\/\\\/www.ahmadiyya-islam.org\\\/es\\\/comunicados-de-prensa\\\/choque-de-civilizaciones\\\/\",\"name\":\"Hablar de un \\\"choque de civilizaciones\\\" entre el islam y occidente es extremadamente peligroso e irresponsable \u2013\u00a0 l\u00edder de la Comunidad Musulmana Ahmad\u00eda\",\"isPartOf\":{\"@id\":\"https:\\\/\\\/www.ahmadiyya-islam.org\\\/es\\\/#website\"},\"primaryImageOfPage\":{\"@id\":\"https:\\\/\\\/www.ahmadiyya-islam.org\\\/es\\\/comunicados-de-prensa\\\/choque-de-civilizaciones\\\/#primaryimage\"},\"image\":{\"@id\":\"https:\\\/\\\/www.ahmadiyya-islam.org\\\/es\\\/comunicados-de-prensa\\\/choque-de-civilizaciones\\\/#primaryimage\"},\"thumbnailUrl\":\"https:\\\/\\\/www.ahmadiyya-islam.org\\\/es\\\/wp-content\\\/uploads\\\/sites\\\/10\\\/2019\\\/11\\\/berlin1.jpg\",\"datePublished\":\"2019-10-24T12:10:19+00:00\",\"dateModified\":\"2019-11-03T12:12:35+00:00\",\"description\":\"El 22 de octubre de 2019, el l\u00edder mundial de la Comunidad Musulmana Ahmad\u00eda, pronunci\u00f3 un discurso hist\u00f3rico en el centro de Berl\u00edn, titulado 'Islam y Europa: un choque de civilizaciones?\u2019\",\"breadcrumb\":{\"@id\":\"https:\\\/\\\/www.ahmadiyya-islam.org\\\/es\\\/comunicados-de-prensa\\\/choque-de-civilizaciones\\\/#breadcrumb\"},\"inLanguage\":\"es-ES\",\"potentialAction\":[{\"@type\":\"ReadAction\",\"target\":[\"https:\\\/\\\/www.ahmadiyya-islam.org\\\/es\\\/comunicados-de-prensa\\\/choque-de-civilizaciones\\\/\"]}]},{\"@type\":\"ImageObject\",\"inLanguage\":\"es-ES\",\"@id\":\"https:\\\/\\\/www.ahmadiyya-islam.org\\\/es\\\/comunicados-de-prensa\\\/choque-de-civilizaciones\\\/#primaryimage\",\"url\":\"https:\\\/\\\/www.ahmadiyya-islam.org\\\/es\\\/wp-content\\\/uploads\\\/sites\\\/10\\\/2019\\\/11\\\/berlin1.jpg\",\"contentUrl\":\"https:\\\/\\\/www.ahmadiyya-islam.org\\\/es\\\/wp-content\\\/uploads\\\/sites\\\/10\\\/2019\\\/11\\\/berlin1.jpg\",\"width\":739,\"height\":295},{\"@type\":\"BreadcrumbList\",\"@id\":\"https:\\\/\\\/www.ahmadiyya-islam.org\\\/es\\\/comunicados-de-prensa\\\/choque-de-civilizaciones\\\/#breadcrumb\",\"itemListElement\":[{\"@type\":\"ListItem\",\"position\":1,\"name\":\"Home\",\"item\":\"https:\\\/\\\/www.ahmadiyya-islam.org\\\/es\\\/\"},{\"@type\":\"ListItem\",\"position\":2,\"name\":\"Hablar de un &#8220;choque de civilizaciones&#8221; entre el islam y occidente es extremadamente peligroso e irresponsable \u2013\u00a0 l\u00edder de la Comunidad Musulmana Ahmad\u00eda\"}]},{\"@type\":\"WebSite\",\"@id\":\"https:\\\/\\\/www.ahmadiyya-islam.org\\\/es\\\/#website\",\"url\":\"https:\\\/\\\/www.ahmadiyya-islam.org\\\/es\\\/\",\"name\":\"Comunidad Musulmana Ahmad\u00eda\",\"description\":\"Internacional\",\"publisher\":{\"@id\":\"https:\\\/\\\/www.ahmadiyya-islam.org\\\/es\\\/#organization\"},\"potentialAction\":[{\"@type\":\"SearchAction\",\"target\":{\"@type\":\"EntryPoint\",\"urlTemplate\":\"https:\\\/\\\/www.ahmadiyya-islam.org\\\/es\\\/?s={search_term_string}\"},\"query-input\":{\"@type\":\"PropertyValueSpecification\",\"valueRequired\":true,\"valueName\":\"search_term_string\"}}],\"inLanguage\":\"es-ES\"},{\"@type\":\"Organization\",\"@id\":\"https:\\\/\\\/www.ahmadiyya-islam.org\\\/es\\\/#organization\",\"name\":\"Comunidad Musulmana Ahmad\u00eda\",\"url\":\"https:\\\/\\\/www.ahmadiyya-islam.org\\\/es\\\/\",\"logo\":{\"@type\":\"ImageObject\",\"inLanguage\":\"es-ES\",\"@id\":\"https:\\\/\\\/www.ahmadiyya-islam.org\\\/es\\\/#\\\/schema\\\/logo\\\/image\\\/\",\"url\":\"https:\\\/\\\/www.ahmadiyya-islam.org\\\/es\\\/wp-content\\\/uploads\\\/sites\\\/10\\\/2015\\\/06\\\/alislam-logo.png\",\"contentUrl\":\"https:\\\/\\\/www.ahmadiyya-islam.org\\\/es\\\/wp-content\\\/uploads\\\/sites\\\/10\\\/2015\\\/06\\\/alislam-logo.png\",\"width\":1859,\"height\":1859,\"caption\":\"Comunidad Musulmana Ahmad\u00eda\"},\"image\":{\"@id\":\"https:\\\/\\\/www.ahmadiyya-islam.org\\\/es\\\/#\\\/schema\\\/logo\\\/image\\\/\"}},{\"@type\":\"Person\",\"@id\":\"https:\\\/\\\/www.ahmadiyya-islam.org\\\/es\\\/#\\\/schema\\\/person\\\/4678a7aaef3c647bf1456939c680db7c\",\"name\":\"mariyawaseem\"}]}<\/script>\n<!-- \/ Yoast SEO Premium plugin. -->","yoast_head_json":{"title":"Hablar de un \"choque de civilizaciones\" entre el islam y occidente es extremadamente peligroso e irresponsable \u2013\u00a0 l\u00edder de la Comunidad Musulmana Ahmad\u00eda","description":"El 22 de octubre de 2019, el l\u00edder mundial de la Comunidad Musulmana Ahmad\u00eda, pronunci\u00f3 un discurso hist\u00f3rico en el centro de Berl\u00edn, titulado 'Islam y Europa: un choque de civilizaciones?\u2019","robots":{"index":"index","follow":"follow","max-snippet":"max-snippet:-1","max-image-preview":"max-image-preview:large","max-video-preview":"max-video-preview:-1"},"canonical":"https:\/\/www.ahmadiyya-islam.org\/es\/comunicados-de-prensa\/choque-de-civilizaciones\/","og_locale":"es_ES","og_type":"article","og_title":"Hablar de un \"choque de civilizaciones\" entre el islam y occidente es extremadamente peligroso e irresponsable \u2013\u00a0 l\u00edder de la Comunidad Musulmana Ahmad\u00eda","og_description":"El 22 de octubre de 2019, el l\u00edder mundial de la Comunidad Musulmana Ahmad\u00eda, pronunci\u00f3 un discurso hist\u00f3rico en el centro de Berl\u00edn, titulado 'Islam y Europa: un choque de civilizaciones?\u2019","og_url":"https:\/\/www.ahmadiyya-islam.org\/es\/comunicados-de-prensa\/choque-de-civilizaciones\/","og_site_name":"Comunidad Musulmana Ahmad\u00eda","article_published_time":"2019-10-24T12:10:19+00:00","article_modified_time":"2019-11-03T12:12:35+00:00","og_image":[{"width":739,"height":295,"url":"https:\/\/www.ahmadiyya-islam.org\/es\/wp-content\/uploads\/sites\/10\/2019\/11\/berlin1.jpg","type":"image\/jpeg"}],"author":"mariyawaseem","twitter_card":"summary_large_image","twitter_misc":{"Written by":"mariyawaseem","Est. reading time":"16 minutes"},"schema":{"@context":"https:\/\/schema.org","@graph":[{"@type":"Article","@id":"https:\/\/www.ahmadiyya-islam.org\/es\/comunicados-de-prensa\/choque-de-civilizaciones\/#article","isPartOf":{"@id":"https:\/\/www.ahmadiyya-islam.org\/es\/comunicados-de-prensa\/choque-de-civilizaciones\/"},"author":{"name":"mariyawaseem","@id":"https:\/\/www.ahmadiyya-islam.org\/es\/#\/schema\/person\/4678a7aaef3c647bf1456939c680db7c"},"headline":"Hablar de un &#8220;choque de civilizaciones&#8221; entre el islam y occidente es extremadamente peligroso e irresponsable \u2013\u00a0 l\u00edder de la Comunidad Musulmana Ahmad\u00eda","datePublished":"2019-10-24T12:10:19+00:00","dateModified":"2019-11-03T12:12:35+00:00","mainEntityOfPage":{"@id":"https:\/\/www.ahmadiyya-islam.org\/es\/comunicados-de-prensa\/choque-de-civilizaciones\/"},"wordCount":3278,"publisher":{"@id":"https:\/\/www.ahmadiyya-islam.org\/es\/#organization"},"image":{"@id":"https:\/\/www.ahmadiyya-islam.org\/es\/comunicados-de-prensa\/choque-de-civilizaciones\/#primaryimage"},"thumbnailUrl":"https:\/\/www.ahmadiyya-islam.org\/es\/wp-content\/uploads\/sites\/10\/2019\/11\/berlin1.jpg","keywords":["Berl\u00edn"],"articleSection":["Comunicados de prensa"],"inLanguage":"es-ES"},{"@type":"WebPage","@id":"https:\/\/www.ahmadiyya-islam.org\/es\/comunicados-de-prensa\/choque-de-civilizaciones\/","url":"https:\/\/www.ahmadiyya-islam.org\/es\/comunicados-de-prensa\/choque-de-civilizaciones\/","name":"Hablar de un \"choque de civilizaciones\" entre el islam y occidente es extremadamente peligroso e irresponsable \u2013\u00a0 l\u00edder de la Comunidad Musulmana Ahmad\u00eda","isPartOf":{"@id":"https:\/\/www.ahmadiyya-islam.org\/es\/#website"},"primaryImageOfPage":{"@id":"https:\/\/www.ahmadiyya-islam.org\/es\/comunicados-de-prensa\/choque-de-civilizaciones\/#primaryimage"},"image":{"@id":"https:\/\/www.ahmadiyya-islam.org\/es\/comunicados-de-prensa\/choque-de-civilizaciones\/#primaryimage"},"thumbnailUrl":"https:\/\/www.ahmadiyya-islam.org\/es\/wp-content\/uploads\/sites\/10\/2019\/11\/berlin1.jpg","datePublished":"2019-10-24T12:10:19+00:00","dateModified":"2019-11-03T12:12:35+00:00","description":"El 22 de octubre de 2019, el l\u00edder mundial de la Comunidad Musulmana Ahmad\u00eda, pronunci\u00f3 un discurso hist\u00f3rico en el centro de Berl\u00edn, titulado 'Islam y Europa: un choque de civilizaciones?\u2019","breadcrumb":{"@id":"https:\/\/www.ahmadiyya-islam.org\/es\/comunicados-de-prensa\/choque-de-civilizaciones\/#breadcrumb"},"inLanguage":"es-ES","potentialAction":[{"@type":"ReadAction","target":["https:\/\/www.ahmadiyya-islam.org\/es\/comunicados-de-prensa\/choque-de-civilizaciones\/"]}]},{"@type":"ImageObject","inLanguage":"es-ES","@id":"https:\/\/www.ahmadiyya-islam.org\/es\/comunicados-de-prensa\/choque-de-civilizaciones\/#primaryimage","url":"https:\/\/www.ahmadiyya-islam.org\/es\/wp-content\/uploads\/sites\/10\/2019\/11\/berlin1.jpg","contentUrl":"https:\/\/www.ahmadiyya-islam.org\/es\/wp-content\/uploads\/sites\/10\/2019\/11\/berlin1.jpg","width":739,"height":295},{"@type":"BreadcrumbList","@id":"https:\/\/www.ahmadiyya-islam.org\/es\/comunicados-de-prensa\/choque-de-civilizaciones\/#breadcrumb","itemListElement":[{"@type":"ListItem","position":1,"name":"Home","item":"https:\/\/www.ahmadiyya-islam.org\/es\/"},{"@type":"ListItem","position":2,"name":"Hablar de un &#8220;choque de civilizaciones&#8221; entre el islam y occidente es extremadamente peligroso e irresponsable \u2013\u00a0 l\u00edder de la Comunidad Musulmana Ahmad\u00eda"}]},{"@type":"WebSite","@id":"https:\/\/www.ahmadiyya-islam.org\/es\/#website","url":"https:\/\/www.ahmadiyya-islam.org\/es\/","name":"Comunidad Musulmana Ahmad\u00eda","description":"Internacional","publisher":{"@id":"https:\/\/www.ahmadiyya-islam.org\/es\/#organization"},"potentialAction":[{"@type":"SearchAction","target":{"@type":"EntryPoint","urlTemplate":"https:\/\/www.ahmadiyya-islam.org\/es\/?s={search_term_string}"},"query-input":{"@type":"PropertyValueSpecification","valueRequired":true,"valueName":"search_term_string"}}],"inLanguage":"es-ES"},{"@type":"Organization","@id":"https:\/\/www.ahmadiyya-islam.org\/es\/#organization","name":"Comunidad Musulmana Ahmad\u00eda","url":"https:\/\/www.ahmadiyya-islam.org\/es\/","logo":{"@type":"ImageObject","inLanguage":"es-ES","@id":"https:\/\/www.ahmadiyya-islam.org\/es\/#\/schema\/logo\/image\/","url":"https:\/\/www.ahmadiyya-islam.org\/es\/wp-content\/uploads\/sites\/10\/2015\/06\/alislam-logo.png","contentUrl":"https:\/\/www.ahmadiyya-islam.org\/es\/wp-content\/uploads\/sites\/10\/2015\/06\/alislam-logo.png","width":1859,"height":1859,"caption":"Comunidad Musulmana Ahmad\u00eda"},"image":{"@id":"https:\/\/www.ahmadiyya-islam.org\/es\/#\/schema\/logo\/image\/"}},{"@type":"Person","@id":"https:\/\/www.ahmadiyya-islam.org\/es\/#\/schema\/person\/4678a7aaef3c647bf1456939c680db7c","name":"mariyawaseem"}]}},"_links":{"self":[{"href":"https:\/\/www.ahmadiyya-islam.org\/es\/wp-json\/wp\/v2\/posts\/5935","targetHints":{"allow":["GET"]}}],"collection":[{"href":"https:\/\/www.ahmadiyya-islam.org\/es\/wp-json\/wp\/v2\/posts"}],"about":[{"href":"https:\/\/www.ahmadiyya-islam.org\/es\/wp-json\/wp\/v2\/types\/post"}],"author":[{"embeddable":true,"href":"https:\/\/www.ahmadiyya-islam.org\/es\/wp-json\/wp\/v2\/users\/74"}],"replies":[{"embeddable":true,"href":"https:\/\/www.ahmadiyya-islam.org\/es\/wp-json\/wp\/v2\/comments?post=5935"}],"version-history":[{"count":0,"href":"https:\/\/www.ahmadiyya-islam.org\/es\/wp-json\/wp\/v2\/posts\/5935\/revisions"}],"wp:featuredmedia":[{"embeddable":true,"href":"https:\/\/www.ahmadiyya-islam.org\/es\/wp-json\/wp\/v2\/media\/5937"}],"wp:attachment":[{"href":"https:\/\/www.ahmadiyya-islam.org\/es\/wp-json\/wp\/v2\/media?parent=5935"}],"wp:term":[{"taxonomy":"category","embeddable":true,"href":"https:\/\/www.ahmadiyya-islam.org\/es\/wp-json\/wp\/v2\/categories?post=5935"},{"taxonomy":"post_tag","embeddable":true,"href":"https:\/\/www.ahmadiyya-islam.org\/es\/wp-json\/wp\/v2\/tags?post=5935"},{"taxonomy":"authors","embeddable":true,"href":"https:\/\/www.ahmadiyya-islam.org\/es\/wp-json\/wp\/v2\/authors?post=5935"},{"taxonomy":"content_source","embeddable":true,"href":"https:\/\/www.ahmadiyya-islam.org\/es\/wp-json\/wp\/v2\/content_source?post=5935"}],"curies":[{"name":"wp","href":"https:\/\/api.w.org\/{rel}","templated":true}]}}