{"id":5706,"date":"2019-08-08T15:17:49","date_gmt":"2019-08-08T15:17:49","guid":{"rendered":"https:\/\/www.ahmadiyya-islam.org\/es\/?p=5706"},"modified":"2019-08-10T16:04:01","modified_gmt":"2019-08-10T16:04:01","slug":"personas-unen-comunidad","status":"publish","type":"post","link":"https:\/\/www.ahmadiyya-islam.org\/es\/comunicados-de-prensa\/personas-unen-comunidad\/","title":{"rendered":"M\u00e1s de 668,000 personas se unen a la Comunidad Musulmana Ahmad\u00eda"},"content":{"rendered":"<p><strong>La 53\u00aa Yalsah Salanah del Reino Unido concluye con un discurso inspirador de Su Santidad, Hazrat Mirza Masrur Ahmad.<\/strong><\/p>\n<p>El l\u00edder espiritual de la Comunidad Musulmana Ahmad\u00eda, el quinto Jalifa, Su Santidad, Hazrat Mirza Masrur Ahmad concluy\u00f3 la 53\u00aa convenci\u00f3n anual (Yalsah Salanah) de la Comunidad Musulmana Ahmad\u00eda el 4 de agosto 2019 con un discurso inspirador.<\/p>\n<p>M\u00e1s de 39,800 personas de 115 pa\u00edses asistieron al Yalsah Salanah, que se celebr\u00f3 en Hadiqatul Mahdi en Alton, Hampshire.<\/p>\n<p>Aparte de los musulmanes \u00e1hmadis que participaron, tambi\u00e9n muchos invitados no \u00e1hmadis y no musulmanes asistieron el evento.<\/p>\n<p><a href=\"https:\/\/www.ahmadiyya-islam.org\/es\/wp-content\/uploads\/sites\/10\/2019\/08\/2019-08-04-Jalsa-UK-013.jpg\"><img loading=\"lazy\" decoding=\"async\" class=\"size-full wp-image-5708 aligncenter\" src=\"https:\/\/www.ahmadiyya-islam.org\/es\/wp-content\/uploads\/sites\/10\/2019\/08\/2019-08-04-Jalsa-UK-013.jpg\" alt=\"\" width=\"1000\" height=\"667\" srcset=\"https:\/\/www.ahmadiyya-islam.org\/es\/wp-content\/uploads\/sites\/10\/2019\/08\/2019-08-04-Jalsa-UK-013.jpg 1000w, https:\/\/www.ahmadiyya-islam.org\/es\/wp-content\/uploads\/sites\/10\/2019\/08\/2019-08-04-Jalsa-UK-013-300x200.jpg 300w, https:\/\/www.ahmadiyya-islam.org\/es\/wp-content\/uploads\/sites\/10\/2019\/08\/2019-08-04-Jalsa-UK-013-768x512.jpg 768w\" sizes=\"auto, (max-width: 1000px) 100vw, 1000px\" \/><\/a><\/p>\n<p>Un punto culminante de los tres d\u00edas de Yalsah Salanah fue el Pacto de Lealtad, llamado \u201cBai\u2019at\u201d, que ocurri\u00f3 el domingo en la tarde, donde los participantes prometieron su lealtad a Su Santidad, Hazrat Mirza Masrur Ahmad como el quinto Jalifa del Mes\u00edas Prometido (la paz sea con \u00e9l).<\/p>\n<p>Los participantes formaron una cadena humana llegando al Jalifa y repitieron las palabras del juramento todos juntos.<\/p>\n<p><a href=\"https:\/\/www.ahmadiyya-islam.org\/es\/wp-content\/uploads\/sites\/10\/2019\/08\/2019-08-04-Jalsa-UK-006.jpg\"><img loading=\"lazy\" decoding=\"async\" class=\"size-full wp-image-5715 aligncenter\" src=\"https:\/\/www.ahmadiyya-islam.org\/es\/wp-content\/uploads\/sites\/10\/2019\/08\/2019-08-04-Jalsa-UK-006.jpg\" alt=\"\" width=\"1000\" height=\"667\" srcset=\"https:\/\/www.ahmadiyya-islam.org\/es\/wp-content\/uploads\/sites\/10\/2019\/08\/2019-08-04-Jalsa-UK-006.jpg 1000w, https:\/\/www.ahmadiyya-islam.org\/es\/wp-content\/uploads\/sites\/10\/2019\/08\/2019-08-04-Jalsa-UK-006-300x200.jpg 300w, https:\/\/www.ahmadiyya-islam.org\/es\/wp-content\/uploads\/sites\/10\/2019\/08\/2019-08-04-Jalsa-UK-006-768x512.jpg 768w\" sizes=\"auto, (max-width: 1000px) 100vw, 1000px\" \/><\/a><\/p>\n<p>Antes de la ceremonia, Su Santidad anuncio que m\u00e1s de 668,500 personas en todo el mundo se unieron a la Comunidad Musulmana Ahmad\u00eda durante el \u00faltimo a\u00f1o.<\/p>\n<p>Su Santidad tambi\u00e9n anunci\u00f3 que la Comunidad Musulmana Ahmad\u00eda est\u00e1 establecida en 213 pa\u00edses. Este a\u00f1o la Comunidad Musulmana Ahmad\u00eda fue establecida en Armenia por primera vez.<\/p>\n<p>Durante su discurso, Su Santidad habl\u00f3 de c\u00f3mo el mundo moderno critica el islam en particular, y a la religi\u00f3n en general. Por lo tanto, Su Santidad defendi\u00f3 poderosamente las ense\u00f1anzas del islam y mostr\u00f3 la superioridad del islam sobre otros sistemas sociales y habl\u00f3 de las ense\u00f1anzas del Sagrado Cor\u00e1n sobre la defensa de los derechos humanos de todo el mundo.<\/p>\n<p><a href=\"https:\/\/www.ahmadiyya-islam.org\/es\/wp-content\/uploads\/sites\/10\/2019\/08\/2019-08-02-Jalsa-UK-003.jpg\"><img loading=\"lazy\" decoding=\"async\" class=\"size-full wp-image-5718 aligncenter\" src=\"https:\/\/www.ahmadiyya-islam.org\/es\/wp-content\/uploads\/sites\/10\/2019\/08\/2019-08-02-Jalsa-UK-003.jpg\" alt=\"\" width=\"1000\" height=\"434\" srcset=\"https:\/\/www.ahmadiyya-islam.org\/es\/wp-content\/uploads\/sites\/10\/2019\/08\/2019-08-02-Jalsa-UK-003.jpg 1000w, https:\/\/www.ahmadiyya-islam.org\/es\/wp-content\/uploads\/sites\/10\/2019\/08\/2019-08-02-Jalsa-UK-003-300x130.jpg 300w, https:\/\/www.ahmadiyya-islam.org\/es\/wp-content\/uploads\/sites\/10\/2019\/08\/2019-08-02-Jalsa-UK-003-768x333.jpg 768w\" sizes=\"auto, (max-width: 1000px) 100vw, 1000px\" \/><\/a><\/p>\n<p>Su Santidad dijo que es com\u00fan escuchar que la religi\u00f3n est\u00e1 anticuada y que es incompatible con el mundo moderno, y por ende las ense\u00f1anzas religiosas deben cambiar para acomodarse a esta nueva era.<\/p>\n<p>Su Santidad dijo que mientras algunas otras religiones est\u00e1n debatiendo la reforma de sus ense\u00f1anzas religiosas para adaptarse esta era moderna, las ense\u00f1anzas isl\u00e1micas son eternas y universales y el Sagrado Cor\u00e1n es, y siempre ser\u00e1, el libro m\u00e1s completo, v\u00e1lido para todos los tiempos y todos los lugares.<\/p>\n<p>Su Santidad, Hazrat Hazrat Mirza Masrur Ahmad dijo:<\/p>\n<blockquote><p><strong>\u201cCreemos firmemente que el Sagrado Cor\u00e1n es el libro de Al-lah el Todopoderoso, y \u00c9l ha prometido protegerlo. Otras religiones no han conservado sus ense\u00f1anzas en su forma original. Sin embargo las ense\u00f1anzas del Sagrado Cor\u00e1n no han cambiado en m\u00e1s de 1,400 a\u00f1os y as\u00ed permanecer\u00e1n hasta el \u00daltimo D\u00eda. Las ense\u00f1anzas del Sagrado Cor\u00e1n son eternas para todas las personas de todos los tiempos. <\/strong><\/p><\/blockquote>\n<p>Su Santidad, Hazrat Hazrat Mirza Masrur Ahmad contin\u00fao:<\/p>\n<blockquote><p><strong>\u201cEn esta era, al enviar el Mes\u00edas Prometido (la paz sea con \u00e9l), Al-lah el Todopoderoso ha seguido protegiendo las ense\u00f1anzas del Sagrado Cor\u00e1n.\u00a0 El Mes\u00edas Prometido (la paz sea con \u00e9l) expuso sobre las ense\u00f1anzas del Sagrado Cor\u00e1n y revel\u00f3 sus tesoros escondidos. Demostr\u00f3 que las ense\u00f1anzas del Sagrado Cor\u00e1n abastecen las necesidades en todos los aspectos de las interacciones humanas: desde las relaciones sociales entre individuos y sociedades a relaciones internacionales entre pa\u00edses. Habla de espiritualidad al tiempo que revela verdades acad\u00e9micas y cient\u00edficas relevantes. Presenta en forma completa los derechos de Dios y los derechos de la creaci\u00f3n de Dios. Por lo tanto, no hay que sentirse afectados por las objeciones de los cr\u00edticos y no debemos albergar alg\u00fan complejo sobre las ense\u00f1anzas del Sagrado Cor\u00e1n.\u201d<\/strong><\/p><\/blockquote>\n<p>Su Santidad, Hazrat Hazrat Mirza Masrur Ahmad tambi\u00e9n dijo:<\/p>\n<blockquote><p><strong>\u201cEl Sagrado Cor\u00e1n tambi\u00e9n trata necesidades humanas que parecen ser insignificantes. El Sagrado y el Santo Profeta Muhammad (la paz y bendiciones de Dios sean con \u00e9l) establecieron nuestros derechos que garantizan la paz en todas las esferas de la sociedad.\u201d<\/strong><\/p><\/blockquote>\n<p>Su Santidad sigui\u00f3 citando los derechos y obligaciones descritos en el Sagrado Cor\u00e1n que sus seguidores deben cumplir, incluyendo los derechos debidos a los padres, parientes, ni\u00f1os, vecinos, c\u00f3nyuges y toda la creaci\u00f3n de Dios.<\/p>\n<p><a href=\"https:\/\/www.ahmadiyya-islam.org\/es\/wp-content\/uploads\/sites\/10\/2019\/08\/2019-08-04-Jalsa-UK-008.jpg\"><img loading=\"lazy\" decoding=\"async\" class=\"size-full wp-image-5713 aligncenter\" src=\"https:\/\/www.ahmadiyya-islam.org\/es\/wp-content\/uploads\/sites\/10\/2019\/08\/2019-08-04-Jalsa-UK-008.jpg\" alt=\"\" width=\"1000\" height=\"351\" srcset=\"https:\/\/www.ahmadiyya-islam.org\/es\/wp-content\/uploads\/sites\/10\/2019\/08\/2019-08-04-Jalsa-UK-008.jpg 1000w, https:\/\/www.ahmadiyya-islam.org\/es\/wp-content\/uploads\/sites\/10\/2019\/08\/2019-08-04-Jalsa-UK-008-300x105.jpg 300w, https:\/\/www.ahmadiyya-islam.org\/es\/wp-content\/uploads\/sites\/10\/2019\/08\/2019-08-04-Jalsa-UK-008-768x270.jpg 768w\" sizes=\"auto, (max-width: 1000px) 100vw, 1000px\" \/><\/a><\/p>\n<p>Su Santidad ilustr\u00f3 la forma integral del Sagrado Cor\u00e1n a trav\u00e9s de la narraci\u00f3n de un vers\u00edculo del Sagrado Cor\u00e1n. <em>Cap\u00edtulo 4 vers\u00edculo 37<\/em> del Sagrado Cor\u00e1n habla en detalle de los derechos establecidos por Al-lah el Todopoderoso.<\/p>\n<p>Este vers\u00edculo del Sagrado Cor\u00e1n dice:<\/p>\n<blockquote><p><strong>\u201cY adorad a Al-lah y no asoci\u00e9is nada a \u00c9l y mostrad bondad a los padres, a los parientes, a los hu\u00e9rfanos y necesitados, al vecino af\u00edn a vosotros y al extra\u00f1o, al compa\u00f1ero que est\u00e1 a vuestro lado, al viajero y a los que poseen vuestras diestras. En verdad, Al-lah no ama los orgullosos ni a los jactanciosos.\u201d [4:37]<\/strong><\/p><\/blockquote>\n<p>Su Santidad tambi\u00e9n mencion\u00f3 que la gente debe bien pensar y no mal pensar de los dem\u00e1s. Con ello, se desarrollar\u00e1 el amor, la unidad y la fortaleza entre unos y otros.<\/p>\n<p>Su Santidad mencion\u00f3 que, lamentablemente, en el mundo materialista de hoy cada vez es m\u00e1s escaso mostrar afecci\u00f3n y simpat\u00eda humanas.\u00a0 Si alguien tiene hambre, no hay preocupaci\u00f3n por ello, o si alguien tiene problemas financieros, no se gasta de la propia riqueza para ayudar al pr\u00f3jimo.<\/p>\n<p>Su Santidad, Hazrat Hazrat Mirza Masrur Ahmad mencion\u00f3 que mientras las personas no religiosas hacen acusaciones contra la religi\u00f3n y contra el islam en particular, una encuesta reciente muestra que la caridad se ejerce en mayor parte por personas religiosas y los musulmanes son de los que m\u00e1s dan en caridad.<\/p>\n<p>Su Santidad, Mirza Masrur dijo:<\/p>\n<blockquote><p><strong>\u201cCuando uno trabaja para Al-lah y ayuda a sus hermanos d\u00e9biles y menos afortunados, su fe crece. El Mes\u00edas Prometido (la paz sea con \u00e9l) dijo que si un hombre no ayuda a los dem\u00e1s, gradualmente se convierte como los animales en cuanto a sus cualidades morales, sin importarle los dem\u00e1s. El Mes\u00edas Prometido (la paz sea con \u00e9l) dijo: \u2018El humanismo de una persona le exige serlo, y uno solo puede ser considerado humano, si es generoso hacia toda la humanidad sin discriminaci\u00f3n.\u2019 El Mes\u00edas Prometido (la paz sea con \u00e9l) tambi\u00e9n dijo, \u2018nunca, bajo ninguna circunstancia, reducid el c\u00edrculo de vuestra amabilidad.\u201d<\/strong><\/p><\/blockquote>\n<p>Su Santidad continu\u00f3 narrando vers\u00edculos del Sagrado Cor\u00e1n de c\u00f3mo el Islam hace necesario para sus seguidores cumplir con los derechos en cada aspecto de la sociedad.<\/p>\n<p>Sobre los derechos hacia los padres, Su Santidad, Hazrat Hazrat Mirza Masrur Ahmad cit\u00f3 el cap\u00edtulo 17 vers\u00edculo 24 del Sagrado Cor\u00e1n que dirige a los musulmanes mostrar amabilidad y tambi\u00e9n les instruye a,<\/p>\n<blockquote><p><strong>\u201cNo les digas nunca ninguna palabra que exprese disgusto ni les reproches, mas bien dir\u00edgete a ellos con palabras amables.\u201d<\/strong><\/p><\/blockquote>\n<p>Su Santidad, Hazrat Hazrat Mirza Masrur Ahmad tambi\u00e9n dijo:<\/p>\n<blockquote><p><strong>\u201cAquellos que hoy dicen ser defensores de los derechos humanos, est\u00e1n creando en verdad m\u00e1s distancia entre los padres y sus hijos. Si los padres amonestan a sus hijos o tratan de corregir sus valores morales, ciertas organizaciones los critican y empiezan a interrogarlos. La gente empieza a inquietarse y ahora surgen objeciones a este respecto.\u201d<\/strong><\/p><\/blockquote>\n<p>Su Santidad enfatiz\u00f3 que el Sagrado Cor\u00e1n es un libro completo y dijo que el Sagrado Cor\u00e1n y el Profeta del Islam (la paz y bendiciones de Dios sean con \u00e9l) no mencion\u00f3 s\u00f3lo con los derechos de los padres, sino tambi\u00e9n estipul\u00f3 los derechos de los hijos.<\/p>\n<p>Su Santidad, Hazrat Mirza Masrur Ahmad dijo:<\/p>\n<blockquote><p><strong>\u201cEl Santo Profeta (la paz y bendiciones de Dios sean con \u00e9l) instruy\u00f3 a los creyentes a respetar sus hijos y darles una buena educaci\u00f3n. Tambi\u00e9n dijo que el mejor regalo que un padre puede dar a sus hijos es darles una buena educaci\u00f3n.\u201d<\/strong><\/p><\/blockquote>\n<p>Su Santidad, Hazrat Mirza Masrur Ahmad continu\u00f3:<\/p>\n<blockquote><p><strong>\u201cEl Santo Profeta (la paz y bendiciones de Dios sean con \u00e9l) protegi\u00f3 incluso los derechos de los hijos de uno de sus m\u00e1s enardecidos enemigos. El Santo Profeta (la paz y bendiciones de Dios sean con \u00e9l) reprendi\u00f3 categ\u00f3ricamente a un ej\u00e9rcito que atacaba a ni\u00f1os\u2026 Hoy en d\u00eda existen gobiernos que dicen que el Islam es cruel e injusto, mientras separan a los padres de sus hijos de la forma m\u00e1s inhumana posible, y consideran que sus acciones son justas y basadas en la moral.\u201d<\/strong><\/p><\/blockquote>\n<p>Su Santidad elabor\u00f3 sobre las ense\u00f1anzas isl\u00e1micas de asuntos matrimoniales, y explic\u00f3 que el Santo Profeta Muhammad (la paz y bendiciones de Dios sean con \u00e9l) enfatiz\u00f3 sobre los derechos de la mujer hasta el punto que dijo,<\/p>\n<blockquote><p><strong>\u201cEl mejor de todos vosotros es el que trata mejor a su esposa y yo soy el que mejor trato a mi esposa.\u2019<\/strong><\/p><\/blockquote>\n<p>Su Santidad, Hazrat Mirza Masrur Ahmad dijo:<\/p>\n<blockquote><p><strong>\u201cLos que hablan de derechos humanos en el mundo desarrollado no cumplen con los derechos de sus esposas o son injustos con ellas. Existe un problema creciente de \u201caffairs\u201d extramatrimoniales, y las tasas de divorcio en el mundo desarrollado son muy altas.\u201d <\/strong><\/p><\/blockquote>\n<p>Su Santidad habl\u00f3 de los derechos prescritos en el Sagrado Cor\u00e1n en relaci\u00f3n a los hermanos y familiares y la humanidad en general.<\/p>\n<p>Su Santidad, Hazrat Mirza Masrur Ahmad dijo:<\/p>\n<blockquote><p><strong>\u201cEl Santo Profeta (la paz y bendiciones de Dios sean con \u00e9l) instruy\u00f3 a los musulmanes contra el prejuicio y el odio entre unos y otros, y dijo que no le est\u00e1 permitido a un creyente dejar de hablar a otro creyente por m\u00e1s de tres d\u00edas.\u201d<\/strong><\/p><\/blockquote>\n<p>Su Santidad llam\u00f3 la atenci\u00f3n de los asistentes hacia los derechos de las viudas, los ancianos, empleados y muchos otros; todos ellos tienen sus derechos protegidos y explicados en el islam en gran detalle.<\/p>\n<p>Su Santidad dijo que pudo hablar de un peque\u00f1o n\u00famero de derechos que est\u00e1n recogidos en el Sagrado Cor\u00e1n y que hab\u00edan muchos m\u00e1s que no se pod\u00edan cubrir en tan poco espacio de tiempo.<\/p>\n<p>Durante los tres d\u00edas del Yalsah Salanah, Su Santidad dio cinco discursos, incluyendo un informe anual de la Comunidad Musulmana Ahmad\u00eda.<\/p>\n<p>Otros muchos discursos se ofrecieron durante los tres d\u00edas del evento. Tambi\u00e9n, fueron mostradas varias exhibiciones como \u2018El islam en los medios\u2019, \u2018la Sabana Santa de Tur\u00edn\u2019, y exhibiciones sobre las cartas hist\u00f3ricas del Santo Profeta (la paz y bendiciones de Dios sean con \u00e9l) a los l\u00edderes mundiales.<\/p>\n<p>El Yalsah Salanah concluy\u00f3 con una oraci\u00f3n silenciosa dirigida por Su Santidad, Hazrat Mirza Masrur Ahmad.<\/p>\n<p><a href=\"https:\/\/www.ahmadiyya-islam.org\/es\/wp-content\/uploads\/sites\/10\/2019\/08\/2019-08-04-Jalsa-UK-011.jpg\"><img loading=\"lazy\" decoding=\"async\" class=\"size-full wp-image-5710 aligncenter\" src=\"https:\/\/www.ahmadiyya-islam.org\/es\/wp-content\/uploads\/sites\/10\/2019\/08\/2019-08-04-Jalsa-UK-011.jpg\" alt=\"\" width=\"1000\" height=\"621\" srcset=\"https:\/\/www.ahmadiyya-islam.org\/es\/wp-content\/uploads\/sites\/10\/2019\/08\/2019-08-04-Jalsa-UK-011.jpg 1000w, https:\/\/www.ahmadiyya-islam.org\/es\/wp-content\/uploads\/sites\/10\/2019\/08\/2019-08-04-Jalsa-UK-011-300x186.jpg 300w, https:\/\/www.ahmadiyya-islam.org\/es\/wp-content\/uploads\/sites\/10\/2019\/08\/2019-08-04-Jalsa-UK-011-768x477.jpg 768w\" sizes=\"auto, (max-width: 1000px) 100vw, 1000px\" \/><\/a><\/p>\n","protected":false},"excerpt":{"rendered":"<p>La 53\u00aa Yalsah Salanah del Reino Unido concluye con un discurso inspirador de Su Santidad, Hazrat Mirza Masrur Ahmad. El l\u00edder espiritual de la Comunidad Musulmana Ahmad\u00eda, el quinto Jalifa, Su Santidad, Hazrat Mirza Masrur Ahmad concluy\u00f3 la 53\u00aa convenci\u00f3n anual (Yalsah Salanah) de la Comunidad Musulmana Ahmad\u00eda el 4 de agosto 2019 con un<\/p>\n","protected":false},"author":35,"featured_media":5707,"comment_status":"closed","ping_status":"closed","sticky":false,"template":"","format":"standard","meta":{"_acf_changed":false,"footnotes":""},"categories":[1],"tags":[202],"authors":[477],"content_source":[],"class_list":["post-5706","post","type-post","status-publish","format-standard","has-post-thumbnail","hentry","category-comunicados-de-prensa","tag-convencion-anual","topics-reino-unido","topics-yalsa-salana","authors-mirza-masrur-ahmad"],"acf":[],"yoast_head":"<!-- This site is optimized with the Yoast SEO Premium plugin v21.1 (Yoast SEO v27.4) - https:\/\/yoast.com\/product\/yoast-seo-premium-wordpress\/ -->\n<title>M\u00e1s de 668,000 personas se unen a la Comunidad Musulmana Ahmad\u00eda<\/title>\n<meta name=\"description\" content=\"Concluye la convenci\u00f3n musulmana internacional de 2019 con un discurso inspirador dirigido por el Jalifa de la Comunidad Musulmana Ahmad\u00eda. Ese a\u00f1o se unen a la comunidad ahmad\u00eda m\u00e1s de 668.000 personas.\" \/>\n<meta name=\"robots\" content=\"index, follow, max-snippet:-1, max-image-preview:large, max-video-preview:-1\" \/>\n<link rel=\"canonical\" href=\"https:\/\/www.ahmadiyya-islam.org\/es\/comunicados-de-prensa\/personas-unen-comunidad\/\" \/>\n<meta property=\"og:locale\" content=\"es_ES\" \/>\n<meta property=\"og:type\" content=\"article\" \/>\n<meta property=\"og:title\" content=\"M\u00e1s de 668,000 personas se unen a la Comunidad Musulmana Ahmad\u00eda\" \/>\n<meta property=\"og:description\" content=\"Concluye la convenci\u00f3n musulmana internacional de 2019 con un discurso inspirador dirigido por el Jalifa de la Comunidad Musulmana Ahmad\u00eda. Ese a\u00f1o se unen a la comunidad ahmad\u00eda m\u00e1s de 668.000 personas.\" \/>\n<meta property=\"og:url\" content=\"https:\/\/www.ahmadiyya-islam.org\/es\/comunicados-de-prensa\/personas-unen-comunidad\/\" \/>\n<meta property=\"og:site_name\" content=\"Comunidad Musulmana Ahmad\u00eda\" \/>\n<meta property=\"article:published_time\" content=\"2019-08-08T15:17:49+00:00\" \/>\n<meta property=\"article:modified_time\" content=\"2019-08-10T16:04:01+00:00\" \/>\n<meta property=\"og:image\" content=\"https:\/\/www.ahmadiyya-islam.org\/es\/wp-content\/uploads\/sites\/10\/2019\/08\/2019-08-02-Jalsa-UK-001.jpg\" \/>\n\t<meta property=\"og:image:width\" content=\"1000\" \/>\n\t<meta property=\"og:image:height\" content=\"532\" \/>\n\t<meta property=\"og:image:type\" content=\"image\/jpeg\" \/>\n<meta name=\"author\" content=\"es3awaljalil\" \/>\n<meta name=\"twitter:card\" content=\"summary_large_image\" \/>\n<meta name=\"twitter:label1\" content=\"Written by\" \/>\n\t<meta name=\"twitter:data1\" content=\"es3awaljalil\" \/>\n\t<meta name=\"twitter:label2\" content=\"Est. reading time\" \/>\n\t<meta name=\"twitter:data2\" content=\"9 minutes\" \/>\n<script type=\"application\/ld+json\" class=\"yoast-schema-graph\">{\"@context\":\"https:\\\/\\\/schema.org\",\"@graph\":[{\"@type\":\"Article\",\"@id\":\"https:\\\/\\\/www.ahmadiyya-islam.org\\\/es\\\/comunicados-de-prensa\\\/personas-unen-comunidad\\\/#article\",\"isPartOf\":{\"@id\":\"https:\\\/\\\/www.ahmadiyya-islam.org\\\/es\\\/comunicados-de-prensa\\\/personas-unen-comunidad\\\/\"},\"author\":{\"name\":\"es3awaljalil\",\"@id\":\"https:\\\/\\\/www.ahmadiyya-islam.org\\\/es\\\/#\\\/schema\\\/person\\\/bbef07e2c3ccf919ce692a65f234abef\"},\"headline\":\"M\u00e1s de 668,000 personas se unen a la Comunidad Musulmana Ahmad\u00eda\",\"datePublished\":\"2019-08-08T15:17:49+00:00\",\"dateModified\":\"2019-08-10T16:04:01+00:00\",\"mainEntityOfPage\":{\"@id\":\"https:\\\/\\\/www.ahmadiyya-islam.org\\\/es\\\/comunicados-de-prensa\\\/personas-unen-comunidad\\\/\"},\"wordCount\":1824,\"publisher\":{\"@id\":\"https:\\\/\\\/www.ahmadiyya-islam.org\\\/es\\\/#organization\"},\"image\":{\"@id\":\"https:\\\/\\\/www.ahmadiyya-islam.org\\\/es\\\/comunicados-de-prensa\\\/personas-unen-comunidad\\\/#primaryimage\"},\"thumbnailUrl\":\"https:\\\/\\\/www.ahmadiyya-islam.org\\\/es\\\/wp-content\\\/uploads\\\/sites\\\/10\\\/2019\\\/08\\\/2019-08-02-Jalsa-UK-001.jpg\",\"keywords\":[\"Convenci\u00f3n anual\"],\"articleSection\":[\"Comunicados de prensa\"],\"inLanguage\":\"es-ES\"},{\"@type\":\"WebPage\",\"@id\":\"https:\\\/\\\/www.ahmadiyya-islam.org\\\/es\\\/comunicados-de-prensa\\\/personas-unen-comunidad\\\/\",\"url\":\"https:\\\/\\\/www.ahmadiyya-islam.org\\\/es\\\/comunicados-de-prensa\\\/personas-unen-comunidad\\\/\",\"name\":\"M\u00e1s de 668,000 personas se unen a la Comunidad Musulmana Ahmad\u00eda\",\"isPartOf\":{\"@id\":\"https:\\\/\\\/www.ahmadiyya-islam.org\\\/es\\\/#website\"},\"primaryImageOfPage\":{\"@id\":\"https:\\\/\\\/www.ahmadiyya-islam.org\\\/es\\\/comunicados-de-prensa\\\/personas-unen-comunidad\\\/#primaryimage\"},\"image\":{\"@id\":\"https:\\\/\\\/www.ahmadiyya-islam.org\\\/es\\\/comunicados-de-prensa\\\/personas-unen-comunidad\\\/#primaryimage\"},\"thumbnailUrl\":\"https:\\\/\\\/www.ahmadiyya-islam.org\\\/es\\\/wp-content\\\/uploads\\\/sites\\\/10\\\/2019\\\/08\\\/2019-08-02-Jalsa-UK-001.jpg\",\"datePublished\":\"2019-08-08T15:17:49+00:00\",\"dateModified\":\"2019-08-10T16:04:01+00:00\",\"description\":\"Concluye la convenci\u00f3n musulmana internacional de 2019 con un discurso inspirador dirigido por el Jalifa de la Comunidad Musulmana Ahmad\u00eda. Ese a\u00f1o se unen a la comunidad ahmad\u00eda m\u00e1s de 668.000 personas.\",\"breadcrumb\":{\"@id\":\"https:\\\/\\\/www.ahmadiyya-islam.org\\\/es\\\/comunicados-de-prensa\\\/personas-unen-comunidad\\\/#breadcrumb\"},\"inLanguage\":\"es-ES\",\"potentialAction\":[{\"@type\":\"ReadAction\",\"target\":[\"https:\\\/\\\/www.ahmadiyya-islam.org\\\/es\\\/comunicados-de-prensa\\\/personas-unen-comunidad\\\/\"]}]},{\"@type\":\"ImageObject\",\"inLanguage\":\"es-ES\",\"@id\":\"https:\\\/\\\/www.ahmadiyya-islam.org\\\/es\\\/comunicados-de-prensa\\\/personas-unen-comunidad\\\/#primaryimage\",\"url\":\"https:\\\/\\\/www.ahmadiyya-islam.org\\\/es\\\/wp-content\\\/uploads\\\/sites\\\/10\\\/2019\\\/08\\\/2019-08-02-Jalsa-UK-001.jpg\",\"contentUrl\":\"https:\\\/\\\/www.ahmadiyya-islam.org\\\/es\\\/wp-content\\\/uploads\\\/sites\\\/10\\\/2019\\\/08\\\/2019-08-02-Jalsa-UK-001.jpg\",\"width\":1000,\"height\":532},{\"@type\":\"BreadcrumbList\",\"@id\":\"https:\\\/\\\/www.ahmadiyya-islam.org\\\/es\\\/comunicados-de-prensa\\\/personas-unen-comunidad\\\/#breadcrumb\",\"itemListElement\":[{\"@type\":\"ListItem\",\"position\":1,\"name\":\"Home\",\"item\":\"https:\\\/\\\/www.ahmadiyya-islam.org\\\/es\\\/\"},{\"@type\":\"ListItem\",\"position\":2,\"name\":\"M\u00e1s de 668,000 personas se unen a la Comunidad Musulmana Ahmad\u00eda\"}]},{\"@type\":\"WebSite\",\"@id\":\"https:\\\/\\\/www.ahmadiyya-islam.org\\\/es\\\/#website\",\"url\":\"https:\\\/\\\/www.ahmadiyya-islam.org\\\/es\\\/\",\"name\":\"Comunidad Musulmana Ahmad\u00eda\",\"description\":\"Internacional\",\"publisher\":{\"@id\":\"https:\\\/\\\/www.ahmadiyya-islam.org\\\/es\\\/#organization\"},\"potentialAction\":[{\"@type\":\"SearchAction\",\"target\":{\"@type\":\"EntryPoint\",\"urlTemplate\":\"https:\\\/\\\/www.ahmadiyya-islam.org\\\/es\\\/?s={search_term_string}\"},\"query-input\":{\"@type\":\"PropertyValueSpecification\",\"valueRequired\":true,\"valueName\":\"search_term_string\"}}],\"inLanguage\":\"es-ES\"},{\"@type\":\"Organization\",\"@id\":\"https:\\\/\\\/www.ahmadiyya-islam.org\\\/es\\\/#organization\",\"name\":\"Comunidad Musulmana Ahmad\u00eda\",\"url\":\"https:\\\/\\\/www.ahmadiyya-islam.org\\\/es\\\/\",\"logo\":{\"@type\":\"ImageObject\",\"inLanguage\":\"es-ES\",\"@id\":\"https:\\\/\\\/www.ahmadiyya-islam.org\\\/es\\\/#\\\/schema\\\/logo\\\/image\\\/\",\"url\":\"https:\\\/\\\/www.ahmadiyya-islam.org\\\/es\\\/wp-content\\\/uploads\\\/sites\\\/10\\\/2015\\\/06\\\/alislam-logo.png\",\"contentUrl\":\"https:\\\/\\\/www.ahmadiyya-islam.org\\\/es\\\/wp-content\\\/uploads\\\/sites\\\/10\\\/2015\\\/06\\\/alislam-logo.png\",\"width\":1859,\"height\":1859,\"caption\":\"Comunidad Musulmana Ahmad\u00eda\"},\"image\":{\"@id\":\"https:\\\/\\\/www.ahmadiyya-islam.org\\\/es\\\/#\\\/schema\\\/logo\\\/image\\\/\"}},{\"@type\":\"Person\",\"@id\":\"https:\\\/\\\/www.ahmadiyya-islam.org\\\/es\\\/#\\\/schema\\\/person\\\/bbef07e2c3ccf919ce692a65f234abef\",\"name\":\"es3awaljalil\"}]}<\/script>\n<!-- \/ Yoast SEO Premium plugin. -->","yoast_head_json":{"title":"M\u00e1s de 668,000 personas se unen a la Comunidad Musulmana Ahmad\u00eda","description":"Concluye la convenci\u00f3n musulmana internacional de 2019 con un discurso inspirador dirigido por el Jalifa de la Comunidad Musulmana Ahmad\u00eda. Ese a\u00f1o se unen a la comunidad ahmad\u00eda m\u00e1s de 668.000 personas.","robots":{"index":"index","follow":"follow","max-snippet":"max-snippet:-1","max-image-preview":"max-image-preview:large","max-video-preview":"max-video-preview:-1"},"canonical":"https:\/\/www.ahmadiyya-islam.org\/es\/comunicados-de-prensa\/personas-unen-comunidad\/","og_locale":"es_ES","og_type":"article","og_title":"M\u00e1s de 668,000 personas se unen a la Comunidad Musulmana Ahmad\u00eda","og_description":"Concluye la convenci\u00f3n musulmana internacional de 2019 con un discurso inspirador dirigido por el Jalifa de la Comunidad Musulmana Ahmad\u00eda. Ese a\u00f1o se unen a la comunidad ahmad\u00eda m\u00e1s de 668.000 personas.","og_url":"https:\/\/www.ahmadiyya-islam.org\/es\/comunicados-de-prensa\/personas-unen-comunidad\/","og_site_name":"Comunidad Musulmana Ahmad\u00eda","article_published_time":"2019-08-08T15:17:49+00:00","article_modified_time":"2019-08-10T16:04:01+00:00","og_image":[{"width":1000,"height":532,"url":"https:\/\/www.ahmadiyya-islam.org\/es\/wp-content\/uploads\/sites\/10\/2019\/08\/2019-08-02-Jalsa-UK-001.jpg","type":"image\/jpeg"}],"author":"es3awaljalil","twitter_card":"summary_large_image","twitter_misc":{"Written by":"es3awaljalil","Est. reading time":"9 minutes"},"schema":{"@context":"https:\/\/schema.org","@graph":[{"@type":"Article","@id":"https:\/\/www.ahmadiyya-islam.org\/es\/comunicados-de-prensa\/personas-unen-comunidad\/#article","isPartOf":{"@id":"https:\/\/www.ahmadiyya-islam.org\/es\/comunicados-de-prensa\/personas-unen-comunidad\/"},"author":{"name":"es3awaljalil","@id":"https:\/\/www.ahmadiyya-islam.org\/es\/#\/schema\/person\/bbef07e2c3ccf919ce692a65f234abef"},"headline":"M\u00e1s de 668,000 personas se unen a la Comunidad Musulmana Ahmad\u00eda","datePublished":"2019-08-08T15:17:49+00:00","dateModified":"2019-08-10T16:04:01+00:00","mainEntityOfPage":{"@id":"https:\/\/www.ahmadiyya-islam.org\/es\/comunicados-de-prensa\/personas-unen-comunidad\/"},"wordCount":1824,"publisher":{"@id":"https:\/\/www.ahmadiyya-islam.org\/es\/#organization"},"image":{"@id":"https:\/\/www.ahmadiyya-islam.org\/es\/comunicados-de-prensa\/personas-unen-comunidad\/#primaryimage"},"thumbnailUrl":"https:\/\/www.ahmadiyya-islam.org\/es\/wp-content\/uploads\/sites\/10\/2019\/08\/2019-08-02-Jalsa-UK-001.jpg","keywords":["Convenci\u00f3n anual"],"articleSection":["Comunicados de prensa"],"inLanguage":"es-ES"},{"@type":"WebPage","@id":"https:\/\/www.ahmadiyya-islam.org\/es\/comunicados-de-prensa\/personas-unen-comunidad\/","url":"https:\/\/www.ahmadiyya-islam.org\/es\/comunicados-de-prensa\/personas-unen-comunidad\/","name":"M\u00e1s de 668,000 personas se unen a la Comunidad Musulmana Ahmad\u00eda","isPartOf":{"@id":"https:\/\/www.ahmadiyya-islam.org\/es\/#website"},"primaryImageOfPage":{"@id":"https:\/\/www.ahmadiyya-islam.org\/es\/comunicados-de-prensa\/personas-unen-comunidad\/#primaryimage"},"image":{"@id":"https:\/\/www.ahmadiyya-islam.org\/es\/comunicados-de-prensa\/personas-unen-comunidad\/#primaryimage"},"thumbnailUrl":"https:\/\/www.ahmadiyya-islam.org\/es\/wp-content\/uploads\/sites\/10\/2019\/08\/2019-08-02-Jalsa-UK-001.jpg","datePublished":"2019-08-08T15:17:49+00:00","dateModified":"2019-08-10T16:04:01+00:00","description":"Concluye la convenci\u00f3n musulmana internacional de 2019 con un discurso inspirador dirigido por el Jalifa de la Comunidad Musulmana Ahmad\u00eda. Ese a\u00f1o se unen a la comunidad ahmad\u00eda m\u00e1s de 668.000 personas.","breadcrumb":{"@id":"https:\/\/www.ahmadiyya-islam.org\/es\/comunicados-de-prensa\/personas-unen-comunidad\/#breadcrumb"},"inLanguage":"es-ES","potentialAction":[{"@type":"ReadAction","target":["https:\/\/www.ahmadiyya-islam.org\/es\/comunicados-de-prensa\/personas-unen-comunidad\/"]}]},{"@type":"ImageObject","inLanguage":"es-ES","@id":"https:\/\/www.ahmadiyya-islam.org\/es\/comunicados-de-prensa\/personas-unen-comunidad\/#primaryimage","url":"https:\/\/www.ahmadiyya-islam.org\/es\/wp-content\/uploads\/sites\/10\/2019\/08\/2019-08-02-Jalsa-UK-001.jpg","contentUrl":"https:\/\/www.ahmadiyya-islam.org\/es\/wp-content\/uploads\/sites\/10\/2019\/08\/2019-08-02-Jalsa-UK-001.jpg","width":1000,"height":532},{"@type":"BreadcrumbList","@id":"https:\/\/www.ahmadiyya-islam.org\/es\/comunicados-de-prensa\/personas-unen-comunidad\/#breadcrumb","itemListElement":[{"@type":"ListItem","position":1,"name":"Home","item":"https:\/\/www.ahmadiyya-islam.org\/es\/"},{"@type":"ListItem","position":2,"name":"M\u00e1s de 668,000 personas se unen a la Comunidad Musulmana Ahmad\u00eda"}]},{"@type":"WebSite","@id":"https:\/\/www.ahmadiyya-islam.org\/es\/#website","url":"https:\/\/www.ahmadiyya-islam.org\/es\/","name":"Comunidad Musulmana Ahmad\u00eda","description":"Internacional","publisher":{"@id":"https:\/\/www.ahmadiyya-islam.org\/es\/#organization"},"potentialAction":[{"@type":"SearchAction","target":{"@type":"EntryPoint","urlTemplate":"https:\/\/www.ahmadiyya-islam.org\/es\/?s={search_term_string}"},"query-input":{"@type":"PropertyValueSpecification","valueRequired":true,"valueName":"search_term_string"}}],"inLanguage":"es-ES"},{"@type":"Organization","@id":"https:\/\/www.ahmadiyya-islam.org\/es\/#organization","name":"Comunidad Musulmana Ahmad\u00eda","url":"https:\/\/www.ahmadiyya-islam.org\/es\/","logo":{"@type":"ImageObject","inLanguage":"es-ES","@id":"https:\/\/www.ahmadiyya-islam.org\/es\/#\/schema\/logo\/image\/","url":"https:\/\/www.ahmadiyya-islam.org\/es\/wp-content\/uploads\/sites\/10\/2015\/06\/alislam-logo.png","contentUrl":"https:\/\/www.ahmadiyya-islam.org\/es\/wp-content\/uploads\/sites\/10\/2015\/06\/alislam-logo.png","width":1859,"height":1859,"caption":"Comunidad Musulmana Ahmad\u00eda"},"image":{"@id":"https:\/\/www.ahmadiyya-islam.org\/es\/#\/schema\/logo\/image\/"}},{"@type":"Person","@id":"https:\/\/www.ahmadiyya-islam.org\/es\/#\/schema\/person\/bbef07e2c3ccf919ce692a65f234abef","name":"es3awaljalil"}]}},"_links":{"self":[{"href":"https:\/\/www.ahmadiyya-islam.org\/es\/wp-json\/wp\/v2\/posts\/5706","targetHints":{"allow":["GET"]}}],"collection":[{"href":"https:\/\/www.ahmadiyya-islam.org\/es\/wp-json\/wp\/v2\/posts"}],"about":[{"href":"https:\/\/www.ahmadiyya-islam.org\/es\/wp-json\/wp\/v2\/types\/post"}],"author":[{"embeddable":true,"href":"https:\/\/www.ahmadiyya-islam.org\/es\/wp-json\/wp\/v2\/users\/35"}],"replies":[{"embeddable":true,"href":"https:\/\/www.ahmadiyya-islam.org\/es\/wp-json\/wp\/v2\/comments?post=5706"}],"version-history":[{"count":0,"href":"https:\/\/www.ahmadiyya-islam.org\/es\/wp-json\/wp\/v2\/posts\/5706\/revisions"}],"wp:featuredmedia":[{"embeddable":true,"href":"https:\/\/www.ahmadiyya-islam.org\/es\/wp-json\/wp\/v2\/media\/5707"}],"wp:attachment":[{"href":"https:\/\/www.ahmadiyya-islam.org\/es\/wp-json\/wp\/v2\/media?parent=5706"}],"wp:term":[{"taxonomy":"category","embeddable":true,"href":"https:\/\/www.ahmadiyya-islam.org\/es\/wp-json\/wp\/v2\/categories?post=5706"},{"taxonomy":"post_tag","embeddable":true,"href":"https:\/\/www.ahmadiyya-islam.org\/es\/wp-json\/wp\/v2\/tags?post=5706"},{"taxonomy":"authors","embeddable":true,"href":"https:\/\/www.ahmadiyya-islam.org\/es\/wp-json\/wp\/v2\/authors?post=5706"},{"taxonomy":"content_source","embeddable":true,"href":"https:\/\/www.ahmadiyya-islam.org\/es\/wp-json\/wp\/v2\/content_source?post=5706"}],"curies":[{"name":"wp","href":"https:\/\/api.w.org\/{rel}","templated":true}]}}