{"id":5547,"date":"2019-07-05T21:45:35","date_gmt":"2019-07-05T21:45:35","guid":{"rendered":"https:\/\/www.ahmadiyya-islam.org\/es\/?p=5547"},"modified":"2019-07-07T13:00:43","modified_gmt":"2019-07-07T13:00:43","slug":"inspeccion-convencion-alemania","status":"publish","type":"post","link":"https:\/\/www.ahmadiyya-islam.org\/es\/comunicados-de-prensa\/inspeccion-convencion-alemania\/","title":{"rendered":"Inspecci\u00f3n de la convenci\u00f3n anual de la Comunidad Musulmana Ahmad\u00eda de Alemania tiene lugar en Karlsruhe"},"content":{"rendered":"<p>El Jefe Mundial de la Comunidad Musulmana Ahmad\u00eda, el Quinto Jalifa (Califa), Su Santidad, Hazrat Mirza Masrur Ahmad realiz\u00f3 una inspecci\u00f3n de los preparativos para la 44\u00aa Convenci\u00f3n Anual (Yalsa Salana) de la Comunidad Musulmana Ahmad\u00eda en Karlsruhe, Alemania el 4 de julio 2019.<\/p>\n<p>Durante la inspecci\u00f3n, Hazrat Mirza Masrur Ahmad visit\u00f3 los distintos departamentos encargados de organizar y llevar a cabo el evento de 3 d\u00edas que espera ver a m\u00e1s de 35.000 asistentes. Su Santidad fue informado sobre los preparativos mientras \u00e9l inspeccionaba el sitio.<\/p>\n<p><a href=\"https:\/\/www.ahmadiyya-islam.org\/es\/wp-content\/uploads\/sites\/10\/2019\/07\/DEinspection_2-1.png\"><img loading=\"lazy\" decoding=\"async\" class=\"size-full wp-image-5581 aligncenter\" src=\"https:\/\/www.ahmadiyya-islam.org\/es\/wp-content\/uploads\/sites\/10\/2019\/07\/DEinspection_2-1.png\" alt=\"\" width=\"939\" height=\"427\" srcset=\"https:\/\/www.ahmadiyya-islam.org\/es\/wp-content\/uploads\/sites\/10\/2019\/07\/DEinspection_2-1.png 939w, https:\/\/www.ahmadiyya-islam.org\/es\/wp-content\/uploads\/sites\/10\/2019\/07\/DEinspection_2-1-300x136.png 300w, https:\/\/www.ahmadiyya-islam.org\/es\/wp-content\/uploads\/sites\/10\/2019\/07\/DEinspection_2-1-768x349.png 768w\" sizes=\"auto, (max-width: 939px) 100vw, 939px\" \/><\/a><\/p>\n<p>Durante una visita al \u00e1rea de exposici\u00f3n, His Holiness lanz\u00f3 una nueva aplicaci\u00f3n para Humanity First de Alemania.<\/p>\n<p><a href=\"https:\/\/www.ahmadiyya-islam.org\/es\/wp-content\/uploads\/sites\/10\/2019\/07\/DEinspection_3.png\"><img loading=\"lazy\" decoding=\"async\" class=\"size-full wp-image-5583 aligncenter\" src=\"https:\/\/www.ahmadiyya-islam.org\/es\/wp-content\/uploads\/sites\/10\/2019\/07\/DEinspection_3.png\" alt=\"\" width=\"939\" height=\"575\" srcset=\"https:\/\/www.ahmadiyya-islam.org\/es\/wp-content\/uploads\/sites\/10\/2019\/07\/DEinspection_3.png 939w, https:\/\/www.ahmadiyya-islam.org\/es\/wp-content\/uploads\/sites\/10\/2019\/07\/DEinspection_3-300x184.png 300w, https:\/\/www.ahmadiyya-islam.org\/es\/wp-content\/uploads\/sites\/10\/2019\/07\/DEinspection_3-768x470.png 768w\" sizes=\"auto, (max-width: 939px) 100vw, 939px\" \/><\/a><\/p>\n<p>M\u00e1s tarde, Su Santidad se dirigi\u00f3 directamente a los miles de voluntarios encargados de organizar la Convenci\u00f3n. Su Santidad habl\u00f3 sobre la importancia de la oraci\u00f3n y de mantener una excelente muestra de car\u00e1cter y moral en todo momento.<\/p>\n<p><a href=\"https:\/\/www.ahmadiyya-islam.org\/es\/wp-content\/uploads\/sites\/10\/2019\/07\/DEinspection_4.png\"><img loading=\"lazy\" decoding=\"async\" class=\"size-full wp-image-5584 aligncenter\" src=\"https:\/\/www.ahmadiyya-islam.org\/es\/wp-content\/uploads\/sites\/10\/2019\/07\/DEinspection_4.png\" alt=\"\" width=\"939\" height=\"504\" srcset=\"https:\/\/www.ahmadiyya-islam.org\/es\/wp-content\/uploads\/sites\/10\/2019\/07\/DEinspection_4.png 939w, https:\/\/www.ahmadiyya-islam.org\/es\/wp-content\/uploads\/sites\/10\/2019\/07\/DEinspection_4-300x161.png 300w, https:\/\/www.ahmadiyya-islam.org\/es\/wp-content\/uploads\/sites\/10\/2019\/07\/DEinspection_4-768x412.png 768w\" sizes=\"auto, (max-width: 939px) 100vw, 939px\" \/><\/a><\/p>\n<p>Su Santidad explic\u00f3 c\u00f3mo la ayuda divina ha permitido a los trabajadores de la comunidad musulmana Ahmadiyya lograr grandes cosas.<\/p>\n<p>Hazrat Mirza Masrur Ahmad dijo:<\/p>\n<blockquote><p><strong><em>\u201cAhora, por la gracia de Al-lah, nuestros voluntarios en pa\u00edses donde tenemos un gran n\u00famero de musulmanes \u00e1hmadis, incluida Alemania, est\u00e1n extremadamente bien entrenados en la preparaci\u00f3n y organizaci\u00f3n de la Yalsa Salana para que sean capaces de lograr grandes e importantes tareas en muy tiempos cortos con gran facilidad\u201d.<\/em><\/strong><\/p><\/blockquote>\n<p>Despu\u00e9s de apreciar el esp\u00edritu de servicio de los voluntarios y responsables del evento, Su Santidad tambi\u00e9n impresion\u00f3 la importancia fundamental de las cinco oraciones diarias y explic\u00f3 que tienen prioridad sobre todos los dem\u00e1s asuntos.<\/p>\n<p><a href=\"https:\/\/www.ahmadiyya-islam.org\/es\/wp-content\/uploads\/sites\/10\/2019\/07\/DEinspection_5.png\"><img loading=\"lazy\" decoding=\"async\" class=\"size-full wp-image-5585 aligncenter\" src=\"https:\/\/www.ahmadiyya-islam.org\/es\/wp-content\/uploads\/sites\/10\/2019\/07\/DEinspection_5.png\" alt=\"\" width=\"939\" height=\"387\" srcset=\"https:\/\/www.ahmadiyya-islam.org\/es\/wp-content\/uploads\/sites\/10\/2019\/07\/DEinspection_5.png 939w, https:\/\/www.ahmadiyya-islam.org\/es\/wp-content\/uploads\/sites\/10\/2019\/07\/DEinspection_5-300x124.png 300w, https:\/\/www.ahmadiyya-islam.org\/es\/wp-content\/uploads\/sites\/10\/2019\/07\/DEinspection_5-768x317.png 768w\" sizes=\"auto, (max-width: 939px) 100vw, 939px\" \/><\/a><\/p>\n<p>Hazrat Mirza Masrur Ahmad dijo:<\/p>\n<blockquote><p><strong><em>\u201cEn estos d\u00edas, como he mencionado muchas veces antes, no deb\u00e9is pensar que cumplir con vuestros deberes de Yalsa os exime de vuestra obligaci\u00f3n hacia vuestras oraciones. Deb\u00e9is esforzaros por ofrecer vuestras oraciones a tiempo y en congregaci\u00f3n.\u201d<\/em><\/strong><\/p><\/blockquote>\n<p>Su Santidad tambi\u00e9n enfatiz\u00f3 la necesidad de que tanto los asistentes como los responsables de los deberes muestren la mejor moral y el est\u00e1ndar de car\u00e1cter en todo momento.<\/p>\n<p>Hablando espec\u00edficamente a los voluntarios de la Yalsa, Hazrat Mirza Masrur Ahmad dijo:<\/p>\n<blockquote><p><strong><em>\u201cIncluso si un invitado muestra alguna ira o frustraci\u00f3n, deb\u00e9is mostrar una excelente moral y actitud. No deb\u00e9is responder de ninguna manera negativa que pueda ser perjudicial para sus sentimientos.\u201d<\/em><\/strong><\/p><\/blockquote>\n<p><a href=\"https:\/\/www.ahmadiyya-islam.org\/es\/wp-content\/uploads\/sites\/10\/2019\/07\/DEinspection_6.png\"><img loading=\"lazy\" decoding=\"async\" class=\"size-full wp-image-5586 aligncenter\" src=\"https:\/\/www.ahmadiyya-islam.org\/es\/wp-content\/uploads\/sites\/10\/2019\/07\/DEinspection_6.png\" alt=\"\" width=\"939\" height=\"625\" srcset=\"https:\/\/www.ahmadiyya-islam.org\/es\/wp-content\/uploads\/sites\/10\/2019\/07\/DEinspection_6.png 939w, https:\/\/www.ahmadiyya-islam.org\/es\/wp-content\/uploads\/sites\/10\/2019\/07\/DEinspection_6-300x200.png 300w, https:\/\/www.ahmadiyya-islam.org\/es\/wp-content\/uploads\/sites\/10\/2019\/07\/DEinspection_6-768x511.png 768w\" sizes=\"auto, (max-width: 939px) 100vw, 939px\" \/><\/a><\/p>\n<p>Hacia el final del discurso, Su Santidad inst\u00f3 a los voluntarios a seguir trabajando con tanto celo y compasi\u00f3n durante los pr\u00f3ximos tres d\u00edas de Yalsa, como lo hab\u00edan hecho en los d\u00edas previos.<\/p>\n<p>Hazrat Mirza Masrur Ahmad concluy\u00f3 el discurso con una oraci\u00f3n en silencio.<\/p>\n","protected":false},"excerpt":{"rendered":"<p>El Jefe Mundial de la Comunidad Musulmana Ahmad\u00eda, el Quinto Jalifa (Califa), Su Santidad, Hazrat Mirza Masrur Ahmad realiz\u00f3 una inspecci\u00f3n de los preparativos para la 44\u00aa Convenci\u00f3n Anual (Yalsa Salana) de la Comunidad Musulmana Ahmad\u00eda en Karlsruhe, Alemania el 4 de julio 2019. Durante la inspecci\u00f3n, Hazrat Mirza Masrur Ahmad visit\u00f3 los distintos departamentos<\/p>\n","protected":false},"author":74,"featured_media":5580,"comment_status":"closed","ping_status":"closed","sticky":false,"template":"","format":"standard","meta":{"_acf_changed":false,"footnotes":""},"categories":[1],"tags":[27],"authors":[],"content_source":[],"class_list":["post-5547","post","type-post","status-publish","format-standard","has-post-thumbnail","hentry","category-comunicados-de-prensa","tag-alemania","topics-convencion-anual","topics-yalsa-salana"],"acf":[],"yoast_head":"<!-- This site is optimized with the Yoast SEO Premium plugin v21.1 (Yoast SEO v27.4) - https:\/\/yoast.com\/product\/yoast-seo-premium-wordpress\/ -->\n<title>Inspecci\u00f3n de la convenci\u00f3n anual de la Comunidad Musulmana Ahmad\u00eda de Alemania tiene lugar en Karlsruhe<\/title>\n<meta name=\"description\" content=\"El Jefe Mundial de la Comunidad Musulmana Ahmad\u00eda, el Quinto Jalifa (Califa), Su Santidad, Hazrat Mirza Masrur Ahmad realiz\u00f3 una inspecci\u00f3n de los preparativos para la 44\u00aa Convenci\u00f3n Anual (Yalsa Salana) de la Comunidad Musulmana Ahmad\u00eda en Karlsruhe, Alemania el 4 de julio 2019.\" \/>\n<meta name=\"robots\" content=\"index, follow, max-snippet:-1, max-image-preview:large, max-video-preview:-1\" \/>\n<link rel=\"canonical\" href=\"https:\/\/www.ahmadiyya-islam.org\/es\/comunicados-de-prensa\/inspeccion-convencion-alemania\/\" \/>\n<meta property=\"og:locale\" content=\"es_ES\" \/>\n<meta property=\"og:type\" content=\"article\" \/>\n<meta property=\"og:title\" content=\"Inspecci\u00f3n de la convenci\u00f3n anual de la Comunidad Musulmana Ahmad\u00eda de Alemania tiene lugar en Karlsruhe\" \/>\n<meta property=\"og:description\" content=\"El Jefe Mundial de la Comunidad Musulmana Ahmad\u00eda, el Quinto Jalifa (Califa), Su Santidad, Hazrat Mirza Masrur Ahmad realiz\u00f3 una inspecci\u00f3n de los preparativos para la 44\u00aa Convenci\u00f3n Anual (Yalsa Salana) de la Comunidad Musulmana Ahmad\u00eda en Karlsruhe, Alemania el 4 de julio 2019.\" \/>\n<meta property=\"og:url\" content=\"https:\/\/www.ahmadiyya-islam.org\/es\/comunicados-de-prensa\/inspeccion-convencion-alemania\/\" \/>\n<meta property=\"og:site_name\" content=\"Comunidad Musulmana Ahmad\u00eda\" \/>\n<meta property=\"article:published_time\" content=\"2019-07-05T21:45:35+00:00\" \/>\n<meta property=\"article:modified_time\" content=\"2019-07-07T13:00:43+00:00\" \/>\n<meta property=\"og:image\" content=\"https:\/\/www.ahmadiyya-islam.org\/es\/wp-content\/uploads\/sites\/10\/2019\/07\/DEinspection_1.png\" \/>\n\t<meta property=\"og:image:width\" content=\"939\" \/>\n\t<meta property=\"og:image:height\" content=\"577\" \/>\n\t<meta property=\"og:image:type\" content=\"image\/png\" \/>\n<meta name=\"author\" content=\"mariyawaseem\" \/>\n<meta name=\"twitter:card\" content=\"summary_large_image\" \/>\n<meta name=\"twitter:label1\" content=\"Written by\" \/>\n\t<meta name=\"twitter:data1\" content=\"mariyawaseem\" \/>\n\t<meta name=\"twitter:label2\" content=\"Est. reading time\" \/>\n\t<meta name=\"twitter:data2\" content=\"2 minutes\" \/>\n<script type=\"application\/ld+json\" class=\"yoast-schema-graph\">{\"@context\":\"https:\\\/\\\/schema.org\",\"@graph\":[{\"@type\":\"Article\",\"@id\":\"https:\\\/\\\/www.ahmadiyya-islam.org\\\/es\\\/comunicados-de-prensa\\\/inspeccion-convencion-alemania\\\/#article\",\"isPartOf\":{\"@id\":\"https:\\\/\\\/www.ahmadiyya-islam.org\\\/es\\\/comunicados-de-prensa\\\/inspeccion-convencion-alemania\\\/\"},\"author\":{\"name\":\"mariyawaseem\",\"@id\":\"https:\\\/\\\/www.ahmadiyya-islam.org\\\/es\\\/#\\\/schema\\\/person\\\/4678a7aaef3c647bf1456939c680db7c\"},\"headline\":\"Inspecci\u00f3n de la convenci\u00f3n anual de la Comunidad Musulmana Ahmad\u00eda de Alemania tiene lugar en Karlsruhe\",\"datePublished\":\"2019-07-05T21:45:35+00:00\",\"dateModified\":\"2019-07-07T13:00:43+00:00\",\"mainEntityOfPage\":{\"@id\":\"https:\\\/\\\/www.ahmadiyya-islam.org\\\/es\\\/comunicados-de-prensa\\\/inspeccion-convencion-alemania\\\/\"},\"wordCount\":471,\"publisher\":{\"@id\":\"https:\\\/\\\/www.ahmadiyya-islam.org\\\/es\\\/#organization\"},\"image\":{\"@id\":\"https:\\\/\\\/www.ahmadiyya-islam.org\\\/es\\\/comunicados-de-prensa\\\/inspeccion-convencion-alemania\\\/#primaryimage\"},\"thumbnailUrl\":\"https:\\\/\\\/www.ahmadiyya-islam.org\\\/es\\\/wp-content\\\/uploads\\\/sites\\\/10\\\/2019\\\/07\\\/DEinspection_1.png\",\"keywords\":[\"Alemania\"],\"articleSection\":[\"Comunicados de prensa\"],\"inLanguage\":\"es-ES\"},{\"@type\":\"WebPage\",\"@id\":\"https:\\\/\\\/www.ahmadiyya-islam.org\\\/es\\\/comunicados-de-prensa\\\/inspeccion-convencion-alemania\\\/\",\"url\":\"https:\\\/\\\/www.ahmadiyya-islam.org\\\/es\\\/comunicados-de-prensa\\\/inspeccion-convencion-alemania\\\/\",\"name\":\"Inspecci\u00f3n de la convenci\u00f3n anual de la Comunidad Musulmana Ahmad\u00eda de Alemania tiene lugar en Karlsruhe\",\"isPartOf\":{\"@id\":\"https:\\\/\\\/www.ahmadiyya-islam.org\\\/es\\\/#website\"},\"primaryImageOfPage\":{\"@id\":\"https:\\\/\\\/www.ahmadiyya-islam.org\\\/es\\\/comunicados-de-prensa\\\/inspeccion-convencion-alemania\\\/#primaryimage\"},\"image\":{\"@id\":\"https:\\\/\\\/www.ahmadiyya-islam.org\\\/es\\\/comunicados-de-prensa\\\/inspeccion-convencion-alemania\\\/#primaryimage\"},\"thumbnailUrl\":\"https:\\\/\\\/www.ahmadiyya-islam.org\\\/es\\\/wp-content\\\/uploads\\\/sites\\\/10\\\/2019\\\/07\\\/DEinspection_1.png\",\"datePublished\":\"2019-07-05T21:45:35+00:00\",\"dateModified\":\"2019-07-07T13:00:43+00:00\",\"description\":\"El Jefe Mundial de la Comunidad Musulmana Ahmad\u00eda, el Quinto Jalifa (Califa), Su Santidad, Hazrat Mirza Masrur Ahmad realiz\u00f3 una inspecci\u00f3n de los preparativos para la 44\u00aa Convenci\u00f3n Anual (Yalsa Salana) de la Comunidad Musulmana Ahmad\u00eda en Karlsruhe, Alemania el 4 de julio 2019.\",\"breadcrumb\":{\"@id\":\"https:\\\/\\\/www.ahmadiyya-islam.org\\\/es\\\/comunicados-de-prensa\\\/inspeccion-convencion-alemania\\\/#breadcrumb\"},\"inLanguage\":\"es-ES\",\"potentialAction\":[{\"@type\":\"ReadAction\",\"target\":[\"https:\\\/\\\/www.ahmadiyya-islam.org\\\/es\\\/comunicados-de-prensa\\\/inspeccion-convencion-alemania\\\/\"]}]},{\"@type\":\"ImageObject\",\"inLanguage\":\"es-ES\",\"@id\":\"https:\\\/\\\/www.ahmadiyya-islam.org\\\/es\\\/comunicados-de-prensa\\\/inspeccion-convencion-alemania\\\/#primaryimage\",\"url\":\"https:\\\/\\\/www.ahmadiyya-islam.org\\\/es\\\/wp-content\\\/uploads\\\/sites\\\/10\\\/2019\\\/07\\\/DEinspection_1.png\",\"contentUrl\":\"https:\\\/\\\/www.ahmadiyya-islam.org\\\/es\\\/wp-content\\\/uploads\\\/sites\\\/10\\\/2019\\\/07\\\/DEinspection_1.png\",\"width\":939,\"height\":577},{\"@type\":\"BreadcrumbList\",\"@id\":\"https:\\\/\\\/www.ahmadiyya-islam.org\\\/es\\\/comunicados-de-prensa\\\/inspeccion-convencion-alemania\\\/#breadcrumb\",\"itemListElement\":[{\"@type\":\"ListItem\",\"position\":1,\"name\":\"Home\",\"item\":\"https:\\\/\\\/www.ahmadiyya-islam.org\\\/es\\\/\"},{\"@type\":\"ListItem\",\"position\":2,\"name\":\"Inspecci\u00f3n de la convenci\u00f3n anual de la Comunidad Musulmana Ahmad\u00eda de Alemania tiene lugar en Karlsruhe\"}]},{\"@type\":\"WebSite\",\"@id\":\"https:\\\/\\\/www.ahmadiyya-islam.org\\\/es\\\/#website\",\"url\":\"https:\\\/\\\/www.ahmadiyya-islam.org\\\/es\\\/\",\"name\":\"Comunidad Musulmana Ahmad\u00eda\",\"description\":\"Internacional\",\"publisher\":{\"@id\":\"https:\\\/\\\/www.ahmadiyya-islam.org\\\/es\\\/#organization\"},\"potentialAction\":[{\"@type\":\"SearchAction\",\"target\":{\"@type\":\"EntryPoint\",\"urlTemplate\":\"https:\\\/\\\/www.ahmadiyya-islam.org\\\/es\\\/?s={search_term_string}\"},\"query-input\":{\"@type\":\"PropertyValueSpecification\",\"valueRequired\":true,\"valueName\":\"search_term_string\"}}],\"inLanguage\":\"es-ES\"},{\"@type\":\"Organization\",\"@id\":\"https:\\\/\\\/www.ahmadiyya-islam.org\\\/es\\\/#organization\",\"name\":\"Comunidad Musulmana Ahmad\u00eda\",\"url\":\"https:\\\/\\\/www.ahmadiyya-islam.org\\\/es\\\/\",\"logo\":{\"@type\":\"ImageObject\",\"inLanguage\":\"es-ES\",\"@id\":\"https:\\\/\\\/www.ahmadiyya-islam.org\\\/es\\\/#\\\/schema\\\/logo\\\/image\\\/\",\"url\":\"https:\\\/\\\/www.ahmadiyya-islam.org\\\/es\\\/wp-content\\\/uploads\\\/sites\\\/10\\\/2015\\\/06\\\/alislam-logo.png\",\"contentUrl\":\"https:\\\/\\\/www.ahmadiyya-islam.org\\\/es\\\/wp-content\\\/uploads\\\/sites\\\/10\\\/2015\\\/06\\\/alislam-logo.png\",\"width\":1859,\"height\":1859,\"caption\":\"Comunidad Musulmana Ahmad\u00eda\"},\"image\":{\"@id\":\"https:\\\/\\\/www.ahmadiyya-islam.org\\\/es\\\/#\\\/schema\\\/logo\\\/image\\\/\"}},{\"@type\":\"Person\",\"@id\":\"https:\\\/\\\/www.ahmadiyya-islam.org\\\/es\\\/#\\\/schema\\\/person\\\/4678a7aaef3c647bf1456939c680db7c\",\"name\":\"mariyawaseem\"}]}<\/script>\n<!-- \/ Yoast SEO Premium plugin. -->","yoast_head_json":{"title":"Inspecci\u00f3n de la convenci\u00f3n anual de la Comunidad Musulmana Ahmad\u00eda de Alemania tiene lugar en Karlsruhe","description":"El Jefe Mundial de la Comunidad Musulmana Ahmad\u00eda, el Quinto Jalifa (Califa), Su Santidad, Hazrat Mirza Masrur Ahmad realiz\u00f3 una inspecci\u00f3n de los preparativos para la 44\u00aa Convenci\u00f3n Anual (Yalsa Salana) de la Comunidad Musulmana Ahmad\u00eda en Karlsruhe, Alemania el 4 de julio 2019.","robots":{"index":"index","follow":"follow","max-snippet":"max-snippet:-1","max-image-preview":"max-image-preview:large","max-video-preview":"max-video-preview:-1"},"canonical":"https:\/\/www.ahmadiyya-islam.org\/es\/comunicados-de-prensa\/inspeccion-convencion-alemania\/","og_locale":"es_ES","og_type":"article","og_title":"Inspecci\u00f3n de la convenci\u00f3n anual de la Comunidad Musulmana Ahmad\u00eda de Alemania tiene lugar en Karlsruhe","og_description":"El Jefe Mundial de la Comunidad Musulmana Ahmad\u00eda, el Quinto Jalifa (Califa), Su Santidad, Hazrat Mirza Masrur Ahmad realiz\u00f3 una inspecci\u00f3n de los preparativos para la 44\u00aa Convenci\u00f3n Anual (Yalsa Salana) de la Comunidad Musulmana Ahmad\u00eda en Karlsruhe, Alemania el 4 de julio 2019.","og_url":"https:\/\/www.ahmadiyya-islam.org\/es\/comunicados-de-prensa\/inspeccion-convencion-alemania\/","og_site_name":"Comunidad Musulmana Ahmad\u00eda","article_published_time":"2019-07-05T21:45:35+00:00","article_modified_time":"2019-07-07T13:00:43+00:00","og_image":[{"width":939,"height":577,"url":"https:\/\/www.ahmadiyya-islam.org\/es\/wp-content\/uploads\/sites\/10\/2019\/07\/DEinspection_1.png","type":"image\/png"}],"author":"mariyawaseem","twitter_card":"summary_large_image","twitter_misc":{"Written by":"mariyawaseem","Est. reading time":"2 minutes"},"schema":{"@context":"https:\/\/schema.org","@graph":[{"@type":"Article","@id":"https:\/\/www.ahmadiyya-islam.org\/es\/comunicados-de-prensa\/inspeccion-convencion-alemania\/#article","isPartOf":{"@id":"https:\/\/www.ahmadiyya-islam.org\/es\/comunicados-de-prensa\/inspeccion-convencion-alemania\/"},"author":{"name":"mariyawaseem","@id":"https:\/\/www.ahmadiyya-islam.org\/es\/#\/schema\/person\/4678a7aaef3c647bf1456939c680db7c"},"headline":"Inspecci\u00f3n de la convenci\u00f3n anual de la Comunidad Musulmana Ahmad\u00eda de Alemania tiene lugar en Karlsruhe","datePublished":"2019-07-05T21:45:35+00:00","dateModified":"2019-07-07T13:00:43+00:00","mainEntityOfPage":{"@id":"https:\/\/www.ahmadiyya-islam.org\/es\/comunicados-de-prensa\/inspeccion-convencion-alemania\/"},"wordCount":471,"publisher":{"@id":"https:\/\/www.ahmadiyya-islam.org\/es\/#organization"},"image":{"@id":"https:\/\/www.ahmadiyya-islam.org\/es\/comunicados-de-prensa\/inspeccion-convencion-alemania\/#primaryimage"},"thumbnailUrl":"https:\/\/www.ahmadiyya-islam.org\/es\/wp-content\/uploads\/sites\/10\/2019\/07\/DEinspection_1.png","keywords":["Alemania"],"articleSection":["Comunicados de prensa"],"inLanguage":"es-ES"},{"@type":"WebPage","@id":"https:\/\/www.ahmadiyya-islam.org\/es\/comunicados-de-prensa\/inspeccion-convencion-alemania\/","url":"https:\/\/www.ahmadiyya-islam.org\/es\/comunicados-de-prensa\/inspeccion-convencion-alemania\/","name":"Inspecci\u00f3n de la convenci\u00f3n anual de la Comunidad Musulmana Ahmad\u00eda de Alemania tiene lugar en Karlsruhe","isPartOf":{"@id":"https:\/\/www.ahmadiyya-islam.org\/es\/#website"},"primaryImageOfPage":{"@id":"https:\/\/www.ahmadiyya-islam.org\/es\/comunicados-de-prensa\/inspeccion-convencion-alemania\/#primaryimage"},"image":{"@id":"https:\/\/www.ahmadiyya-islam.org\/es\/comunicados-de-prensa\/inspeccion-convencion-alemania\/#primaryimage"},"thumbnailUrl":"https:\/\/www.ahmadiyya-islam.org\/es\/wp-content\/uploads\/sites\/10\/2019\/07\/DEinspection_1.png","datePublished":"2019-07-05T21:45:35+00:00","dateModified":"2019-07-07T13:00:43+00:00","description":"El Jefe Mundial de la Comunidad Musulmana Ahmad\u00eda, el Quinto Jalifa (Califa), Su Santidad, Hazrat Mirza Masrur Ahmad realiz\u00f3 una inspecci\u00f3n de los preparativos para la 44\u00aa Convenci\u00f3n Anual (Yalsa Salana) de la Comunidad Musulmana Ahmad\u00eda en Karlsruhe, Alemania el 4 de julio 2019.","breadcrumb":{"@id":"https:\/\/www.ahmadiyya-islam.org\/es\/comunicados-de-prensa\/inspeccion-convencion-alemania\/#breadcrumb"},"inLanguage":"es-ES","potentialAction":[{"@type":"ReadAction","target":["https:\/\/www.ahmadiyya-islam.org\/es\/comunicados-de-prensa\/inspeccion-convencion-alemania\/"]}]},{"@type":"ImageObject","inLanguage":"es-ES","@id":"https:\/\/www.ahmadiyya-islam.org\/es\/comunicados-de-prensa\/inspeccion-convencion-alemania\/#primaryimage","url":"https:\/\/www.ahmadiyya-islam.org\/es\/wp-content\/uploads\/sites\/10\/2019\/07\/DEinspection_1.png","contentUrl":"https:\/\/www.ahmadiyya-islam.org\/es\/wp-content\/uploads\/sites\/10\/2019\/07\/DEinspection_1.png","width":939,"height":577},{"@type":"BreadcrumbList","@id":"https:\/\/www.ahmadiyya-islam.org\/es\/comunicados-de-prensa\/inspeccion-convencion-alemania\/#breadcrumb","itemListElement":[{"@type":"ListItem","position":1,"name":"Home","item":"https:\/\/www.ahmadiyya-islam.org\/es\/"},{"@type":"ListItem","position":2,"name":"Inspecci\u00f3n de la convenci\u00f3n anual de la Comunidad Musulmana Ahmad\u00eda de Alemania tiene lugar en Karlsruhe"}]},{"@type":"WebSite","@id":"https:\/\/www.ahmadiyya-islam.org\/es\/#website","url":"https:\/\/www.ahmadiyya-islam.org\/es\/","name":"Comunidad Musulmana Ahmad\u00eda","description":"Internacional","publisher":{"@id":"https:\/\/www.ahmadiyya-islam.org\/es\/#organization"},"potentialAction":[{"@type":"SearchAction","target":{"@type":"EntryPoint","urlTemplate":"https:\/\/www.ahmadiyya-islam.org\/es\/?s={search_term_string}"},"query-input":{"@type":"PropertyValueSpecification","valueRequired":true,"valueName":"search_term_string"}}],"inLanguage":"es-ES"},{"@type":"Organization","@id":"https:\/\/www.ahmadiyya-islam.org\/es\/#organization","name":"Comunidad Musulmana Ahmad\u00eda","url":"https:\/\/www.ahmadiyya-islam.org\/es\/","logo":{"@type":"ImageObject","inLanguage":"es-ES","@id":"https:\/\/www.ahmadiyya-islam.org\/es\/#\/schema\/logo\/image\/","url":"https:\/\/www.ahmadiyya-islam.org\/es\/wp-content\/uploads\/sites\/10\/2015\/06\/alislam-logo.png","contentUrl":"https:\/\/www.ahmadiyya-islam.org\/es\/wp-content\/uploads\/sites\/10\/2015\/06\/alislam-logo.png","width":1859,"height":1859,"caption":"Comunidad Musulmana Ahmad\u00eda"},"image":{"@id":"https:\/\/www.ahmadiyya-islam.org\/es\/#\/schema\/logo\/image\/"}},{"@type":"Person","@id":"https:\/\/www.ahmadiyya-islam.org\/es\/#\/schema\/person\/4678a7aaef3c647bf1456939c680db7c","name":"mariyawaseem"}]}},"_links":{"self":[{"href":"https:\/\/www.ahmadiyya-islam.org\/es\/wp-json\/wp\/v2\/posts\/5547","targetHints":{"allow":["GET"]}}],"collection":[{"href":"https:\/\/www.ahmadiyya-islam.org\/es\/wp-json\/wp\/v2\/posts"}],"about":[{"href":"https:\/\/www.ahmadiyya-islam.org\/es\/wp-json\/wp\/v2\/types\/post"}],"author":[{"embeddable":true,"href":"https:\/\/www.ahmadiyya-islam.org\/es\/wp-json\/wp\/v2\/users\/74"}],"replies":[{"embeddable":true,"href":"https:\/\/www.ahmadiyya-islam.org\/es\/wp-json\/wp\/v2\/comments?post=5547"}],"version-history":[{"count":0,"href":"https:\/\/www.ahmadiyya-islam.org\/es\/wp-json\/wp\/v2\/posts\/5547\/revisions"}],"wp:featuredmedia":[{"embeddable":true,"href":"https:\/\/www.ahmadiyya-islam.org\/es\/wp-json\/wp\/v2\/media\/5580"}],"wp:attachment":[{"href":"https:\/\/www.ahmadiyya-islam.org\/es\/wp-json\/wp\/v2\/media?parent=5547"}],"wp:term":[{"taxonomy":"category","embeddable":true,"href":"https:\/\/www.ahmadiyya-islam.org\/es\/wp-json\/wp\/v2\/categories?post=5547"},{"taxonomy":"post_tag","embeddable":true,"href":"https:\/\/www.ahmadiyya-islam.org\/es\/wp-json\/wp\/v2\/tags?post=5547"},{"taxonomy":"authors","embeddable":true,"href":"https:\/\/www.ahmadiyya-islam.org\/es\/wp-json\/wp\/v2\/authors?post=5547"},{"taxonomy":"content_source","embeddable":true,"href":"https:\/\/www.ahmadiyya-islam.org\/es\/wp-json\/wp\/v2\/content_source?post=5547"}],"curies":[{"name":"wp","href":"https:\/\/api.w.org\/{rel}","templated":true}]}}