{"id":5248,"date":"2019-03-15T18:52:50","date_gmt":"2019-03-15T18:52:50","guid":{"rendered":"https:\/\/www.ahmadiyya-islam.org\/es\/?p=5248"},"modified":"2019-03-15T22:43:03","modified_gmt":"2019-03-15T22:43:03","slug":"condena-ataques-nueva-zelanda","status":"publish","type":"post","link":"https:\/\/www.ahmadiyya-islam.org\/es\/comunicados-de-prensa\/condena-ataques-nueva-zelanda\/","title":{"rendered":"El l\u00edder mundial de la Comunidad Musulmana Ahmad\u00eda condena los ataques en Nueva Zelanda"},"content":{"rendered":"<p><strong>El l\u00edder mundial de la Comunidad Musulmana Ahmad\u00eda, Quinto Califa, Su Santidad, Hazrat Mirza Masrur Ahmad ha condenado en\u00e9rgicamente el ataque terrorista que ha tenido lugar en Nueva Zelanda en el d\u00eda de hoy.<\/strong><\/p>\n<p>Desde Londres, Su Santidad, Hazrat Mirza Masrur Ahmad dijo:<\/p>\n<blockquote><p><strong>\u201cEn nombre de la Comunidad Musulmana Ahmad\u00eda Internacional, quiero expresar mis m\u00e1s sinceras condolencias a todos los afectados por el brutal ataque terrorista que se ha producido en Christchurch.<\/strong><\/p>\n<p><strong>Este tipo de ataques atroces y absolutamente inhumanos han ser condenados en los t\u00e9rminos m\u00e1s en\u00e9rgicos. Es una grave tragedia que decenas de musulmanes inocentes hayan perdido la vida mientras se congregaban para la oraci\u00f3n. Todas las personas, independientemente de su fe o creencia, tienen el derecho a rezar en paz.<\/strong><\/p>\n<p><strong>Este evento tr\u00e1gico debe servir para alertar a todos los pa\u00edses del mundo desarrollado para que nos enfrentemos, todos unidos, con sabidur\u00eda y firmeza, a cualquier tipo de manifestaci\u00f3n de odio religioso, racial o \u00e9tnico.<\/strong><\/p>\n<p><strong>Ofrecemos nuestras oraciones m\u00e1s sentidas a las v\u00edctimas de estos ataques y a todos los damnificados. Que los perpetradores de este acto malvado sean llevados r\u00e1pidamente a la justicia.&#8221;<\/strong><\/p><\/blockquote>\n","protected":false},"excerpt":{"rendered":"<p>El l\u00edder mundial de la Comunidad Musulmana Ahmad\u00eda, Quinto Califa, Su Santidad, Hazrat Mirza Masrur Ahmad ha condenado en\u00e9rgicamente el ataque terrorista que ha tenido lugar en Nueva Zelanda en el d\u00eda de hoy. Desde Londres, Su Santidad, Hazrat Mirza Masrur Ahmad dijo: \u201cEn nombre de la Comunidad Musulmana Ahmad\u00eda Internacional, quiero expresar mis m\u00e1s<\/p>\n","protected":false},"author":15,"featured_media":5249,"comment_status":"closed","ping_status":"closed","sticky":false,"template":"","format":"standard","meta":{"_acf_changed":false,"footnotes":""},"categories":[1],"tags":[493,492],"authors":[],"content_source":[],"class_list":["post-5248","post","type-post","status-publish","format-standard","has-post-thumbnail","hentry","category-comunicados-de-prensa","tag-christchurch","tag-nueva-zelanda","topics-terrorismo"],"acf":[],"yoast_head":"<!-- This site is optimized with the Yoast SEO Premium plugin v21.1 (Yoast SEO v27.4) - https:\/\/yoast.com\/product\/yoast-seo-premium-wordpress\/ -->\n<title>El l\u00edder mundial de la Comunidad Musulmana Ahmad\u00eda condena los ataques en Nueva Zelanda<\/title>\n<meta name=\"description\" content=\"El l\u00edder mundial de la Comunidad Musulmana Ahmad\u00eda, Quinto Califa, Su Santidad, Hazrat Mirza Masrur Ahmad ha condenado en\u00e9rgicamente el ataque terrorista que ha tenido lugar en Nueva Zelanda en el d\u00eda de hoy.\" \/>\n<meta name=\"robots\" content=\"index, follow, max-snippet:-1, max-image-preview:large, max-video-preview:-1\" \/>\n<link rel=\"canonical\" href=\"https:\/\/www.ahmadiyya-islam.org\/es\/comunicados-de-prensa\/condena-ataques-nueva-zelanda\/\" \/>\n<meta property=\"og:locale\" content=\"es_ES\" \/>\n<meta property=\"og:type\" content=\"article\" \/>\n<meta property=\"og:title\" content=\"El l\u00edder mundial de la Comunidad Musulmana Ahmad\u00eda condena los ataques en Nueva Zelanda\" \/>\n<meta property=\"og:description\" content=\"El l\u00edder mundial de la Comunidad Musulmana Ahmad\u00eda, Quinto Califa, Su Santidad, Hazrat Mirza Masrur Ahmad ha condenado en\u00e9rgicamente el ataque terrorista que ha tenido lugar en Nueva Zelanda en el d\u00eda de hoy.\" \/>\n<meta property=\"og:url\" content=\"https:\/\/www.ahmadiyya-islam.org\/es\/comunicados-de-prensa\/condena-ataques-nueva-zelanda\/\" \/>\n<meta property=\"og:site_name\" content=\"Comunidad Musulmana Ahmad\u00eda\" \/>\n<meta property=\"article:published_time\" content=\"2019-03-15T18:52:50+00:00\" \/>\n<meta property=\"article:modified_time\" content=\"2019-03-15T22:43:03+00:00\" \/>\n<meta property=\"og:image\" content=\"https:\/\/www.ahmadiyya-islam.org\/es\/wp-content\/uploads\/sites\/10\/2019\/03\/new-zealand-1184112_1280.jpg\" \/>\n\t<meta property=\"og:image:width\" content=\"1280\" \/>\n\t<meta property=\"og:image:height\" content=\"640\" \/>\n\t<meta property=\"og:image:type\" content=\"image\/jpeg\" \/>\n<meta name=\"author\" content=\"es1tarikara\" \/>\n<meta name=\"twitter:card\" content=\"summary_large_image\" \/>\n<meta name=\"twitter:label1\" content=\"Written by\" \/>\n\t<meta name=\"twitter:data1\" content=\"es1tarikara\" \/>\n\t<meta name=\"twitter:label2\" content=\"Est. reading time\" \/>\n\t<meta name=\"twitter:data2\" content=\"1 minute\" \/>\n<script type=\"application\/ld+json\" class=\"yoast-schema-graph\">{\"@context\":\"https:\\\/\\\/schema.org\",\"@graph\":[{\"@type\":\"Article\",\"@id\":\"https:\\\/\\\/www.ahmadiyya-islam.org\\\/es\\\/comunicados-de-prensa\\\/condena-ataques-nueva-zelanda\\\/#article\",\"isPartOf\":{\"@id\":\"https:\\\/\\\/www.ahmadiyya-islam.org\\\/es\\\/comunicados-de-prensa\\\/condena-ataques-nueva-zelanda\\\/\"},\"author\":{\"name\":\"es1tarikara\",\"@id\":\"https:\\\/\\\/www.ahmadiyya-islam.org\\\/es\\\/#\\\/schema\\\/person\\\/ac4c08c7012bbfe73a43476371042f59\"},\"headline\":\"El l\u00edder mundial de la Comunidad Musulmana Ahmad\u00eda condena los ataques en Nueva Zelanda\",\"datePublished\":\"2019-03-15T18:52:50+00:00\",\"dateModified\":\"2019-03-15T22:43:03+00:00\",\"mainEntityOfPage\":{\"@id\":\"https:\\\/\\\/www.ahmadiyya-islam.org\\\/es\\\/comunicados-de-prensa\\\/condena-ataques-nueva-zelanda\\\/\"},\"wordCount\":220,\"publisher\":{\"@id\":\"https:\\\/\\\/www.ahmadiyya-islam.org\\\/es\\\/#organization\"},\"image\":{\"@id\":\"https:\\\/\\\/www.ahmadiyya-islam.org\\\/es\\\/comunicados-de-prensa\\\/condena-ataques-nueva-zelanda\\\/#primaryimage\"},\"thumbnailUrl\":\"https:\\\/\\\/www.ahmadiyya-islam.org\\\/es\\\/wp-content\\\/uploads\\\/sites\\\/10\\\/2019\\\/03\\\/new-zealand-1184112_1280.jpg\",\"keywords\":[\"Christchurch\",\"Nueva Zelanda\"],\"articleSection\":[\"Comunicados de prensa\"],\"inLanguage\":\"es-ES\"},{\"@type\":\"WebPage\",\"@id\":\"https:\\\/\\\/www.ahmadiyya-islam.org\\\/es\\\/comunicados-de-prensa\\\/condena-ataques-nueva-zelanda\\\/\",\"url\":\"https:\\\/\\\/www.ahmadiyya-islam.org\\\/es\\\/comunicados-de-prensa\\\/condena-ataques-nueva-zelanda\\\/\",\"name\":\"El l\u00edder mundial de la Comunidad Musulmana Ahmad\u00eda condena los ataques en Nueva Zelanda\",\"isPartOf\":{\"@id\":\"https:\\\/\\\/www.ahmadiyya-islam.org\\\/es\\\/#website\"},\"primaryImageOfPage\":{\"@id\":\"https:\\\/\\\/www.ahmadiyya-islam.org\\\/es\\\/comunicados-de-prensa\\\/condena-ataques-nueva-zelanda\\\/#primaryimage\"},\"image\":{\"@id\":\"https:\\\/\\\/www.ahmadiyya-islam.org\\\/es\\\/comunicados-de-prensa\\\/condena-ataques-nueva-zelanda\\\/#primaryimage\"},\"thumbnailUrl\":\"https:\\\/\\\/www.ahmadiyya-islam.org\\\/es\\\/wp-content\\\/uploads\\\/sites\\\/10\\\/2019\\\/03\\\/new-zealand-1184112_1280.jpg\",\"datePublished\":\"2019-03-15T18:52:50+00:00\",\"dateModified\":\"2019-03-15T22:43:03+00:00\",\"description\":\"El l\u00edder mundial de la Comunidad Musulmana Ahmad\u00eda, Quinto Califa, Su Santidad, Hazrat Mirza Masrur Ahmad ha condenado en\u00e9rgicamente el ataque terrorista que ha tenido lugar en Nueva Zelanda en el d\u00eda de hoy.\",\"breadcrumb\":{\"@id\":\"https:\\\/\\\/www.ahmadiyya-islam.org\\\/es\\\/comunicados-de-prensa\\\/condena-ataques-nueva-zelanda\\\/#breadcrumb\"},\"inLanguage\":\"es-ES\",\"potentialAction\":[{\"@type\":\"ReadAction\",\"target\":[\"https:\\\/\\\/www.ahmadiyya-islam.org\\\/es\\\/comunicados-de-prensa\\\/condena-ataques-nueva-zelanda\\\/\"]}]},{\"@type\":\"ImageObject\",\"inLanguage\":\"es-ES\",\"@id\":\"https:\\\/\\\/www.ahmadiyya-islam.org\\\/es\\\/comunicados-de-prensa\\\/condena-ataques-nueva-zelanda\\\/#primaryimage\",\"url\":\"https:\\\/\\\/www.ahmadiyya-islam.org\\\/es\\\/wp-content\\\/uploads\\\/sites\\\/10\\\/2019\\\/03\\\/new-zealand-1184112_1280.jpg\",\"contentUrl\":\"https:\\\/\\\/www.ahmadiyya-islam.org\\\/es\\\/wp-content\\\/uploads\\\/sites\\\/10\\\/2019\\\/03\\\/new-zealand-1184112_1280.jpg\",\"width\":1280,\"height\":640},{\"@type\":\"BreadcrumbList\",\"@id\":\"https:\\\/\\\/www.ahmadiyya-islam.org\\\/es\\\/comunicados-de-prensa\\\/condena-ataques-nueva-zelanda\\\/#breadcrumb\",\"itemListElement\":[{\"@type\":\"ListItem\",\"position\":1,\"name\":\"Home\",\"item\":\"https:\\\/\\\/www.ahmadiyya-islam.org\\\/es\\\/\"},{\"@type\":\"ListItem\",\"position\":2,\"name\":\"El l\u00edder mundial de la Comunidad Musulmana Ahmad\u00eda condena los ataques en Nueva Zelanda\"}]},{\"@type\":\"WebSite\",\"@id\":\"https:\\\/\\\/www.ahmadiyya-islam.org\\\/es\\\/#website\",\"url\":\"https:\\\/\\\/www.ahmadiyya-islam.org\\\/es\\\/\",\"name\":\"Comunidad Musulmana Ahmad\u00eda\",\"description\":\"Internacional\",\"publisher\":{\"@id\":\"https:\\\/\\\/www.ahmadiyya-islam.org\\\/es\\\/#organization\"},\"potentialAction\":[{\"@type\":\"SearchAction\",\"target\":{\"@type\":\"EntryPoint\",\"urlTemplate\":\"https:\\\/\\\/www.ahmadiyya-islam.org\\\/es\\\/?s={search_term_string}\"},\"query-input\":{\"@type\":\"PropertyValueSpecification\",\"valueRequired\":true,\"valueName\":\"search_term_string\"}}],\"inLanguage\":\"es-ES\"},{\"@type\":\"Organization\",\"@id\":\"https:\\\/\\\/www.ahmadiyya-islam.org\\\/es\\\/#organization\",\"name\":\"Comunidad Musulmana Ahmad\u00eda\",\"url\":\"https:\\\/\\\/www.ahmadiyya-islam.org\\\/es\\\/\",\"logo\":{\"@type\":\"ImageObject\",\"inLanguage\":\"es-ES\",\"@id\":\"https:\\\/\\\/www.ahmadiyya-islam.org\\\/es\\\/#\\\/schema\\\/logo\\\/image\\\/\",\"url\":\"https:\\\/\\\/www.ahmadiyya-islam.org\\\/es\\\/wp-content\\\/uploads\\\/sites\\\/10\\\/2015\\\/06\\\/alislam-logo.png\",\"contentUrl\":\"https:\\\/\\\/www.ahmadiyya-islam.org\\\/es\\\/wp-content\\\/uploads\\\/sites\\\/10\\\/2015\\\/06\\\/alislam-logo.png\",\"width\":1859,\"height\":1859,\"caption\":\"Comunidad Musulmana Ahmad\u00eda\"},\"image\":{\"@id\":\"https:\\\/\\\/www.ahmadiyya-islam.org\\\/es\\\/#\\\/schema\\\/logo\\\/image\\\/\"}},{\"@type\":\"Person\",\"@id\":\"https:\\\/\\\/www.ahmadiyya-islam.org\\\/es\\\/#\\\/schema\\\/person\\\/ac4c08c7012bbfe73a43476371042f59\",\"name\":\"es1tarikara\"}]}<\/script>\n<!-- \/ Yoast SEO Premium plugin. -->","yoast_head_json":{"title":"El l\u00edder mundial de la Comunidad Musulmana Ahmad\u00eda condena los ataques en Nueva Zelanda","description":"El l\u00edder mundial de la Comunidad Musulmana Ahmad\u00eda, Quinto Califa, Su Santidad, Hazrat Mirza Masrur Ahmad ha condenado en\u00e9rgicamente el ataque terrorista que ha tenido lugar en Nueva Zelanda en el d\u00eda de hoy.","robots":{"index":"index","follow":"follow","max-snippet":"max-snippet:-1","max-image-preview":"max-image-preview:large","max-video-preview":"max-video-preview:-1"},"canonical":"https:\/\/www.ahmadiyya-islam.org\/es\/comunicados-de-prensa\/condena-ataques-nueva-zelanda\/","og_locale":"es_ES","og_type":"article","og_title":"El l\u00edder mundial de la Comunidad Musulmana Ahmad\u00eda condena los ataques en Nueva Zelanda","og_description":"El l\u00edder mundial de la Comunidad Musulmana Ahmad\u00eda, Quinto Califa, Su Santidad, Hazrat Mirza Masrur Ahmad ha condenado en\u00e9rgicamente el ataque terrorista que ha tenido lugar en Nueva Zelanda en el d\u00eda de hoy.","og_url":"https:\/\/www.ahmadiyya-islam.org\/es\/comunicados-de-prensa\/condena-ataques-nueva-zelanda\/","og_site_name":"Comunidad Musulmana Ahmad\u00eda","article_published_time":"2019-03-15T18:52:50+00:00","article_modified_time":"2019-03-15T22:43:03+00:00","og_image":[{"width":1280,"height":640,"url":"https:\/\/www.ahmadiyya-islam.org\/es\/wp-content\/uploads\/sites\/10\/2019\/03\/new-zealand-1184112_1280.jpg","type":"image\/jpeg"}],"author":"es1tarikara","twitter_card":"summary_large_image","twitter_misc":{"Written by":"es1tarikara","Est. reading time":"1 minute"},"schema":{"@context":"https:\/\/schema.org","@graph":[{"@type":"Article","@id":"https:\/\/www.ahmadiyya-islam.org\/es\/comunicados-de-prensa\/condena-ataques-nueva-zelanda\/#article","isPartOf":{"@id":"https:\/\/www.ahmadiyya-islam.org\/es\/comunicados-de-prensa\/condena-ataques-nueva-zelanda\/"},"author":{"name":"es1tarikara","@id":"https:\/\/www.ahmadiyya-islam.org\/es\/#\/schema\/person\/ac4c08c7012bbfe73a43476371042f59"},"headline":"El l\u00edder mundial de la Comunidad Musulmana Ahmad\u00eda condena los ataques en Nueva Zelanda","datePublished":"2019-03-15T18:52:50+00:00","dateModified":"2019-03-15T22:43:03+00:00","mainEntityOfPage":{"@id":"https:\/\/www.ahmadiyya-islam.org\/es\/comunicados-de-prensa\/condena-ataques-nueva-zelanda\/"},"wordCount":220,"publisher":{"@id":"https:\/\/www.ahmadiyya-islam.org\/es\/#organization"},"image":{"@id":"https:\/\/www.ahmadiyya-islam.org\/es\/comunicados-de-prensa\/condena-ataques-nueva-zelanda\/#primaryimage"},"thumbnailUrl":"https:\/\/www.ahmadiyya-islam.org\/es\/wp-content\/uploads\/sites\/10\/2019\/03\/new-zealand-1184112_1280.jpg","keywords":["Christchurch","Nueva Zelanda"],"articleSection":["Comunicados de prensa"],"inLanguage":"es-ES"},{"@type":"WebPage","@id":"https:\/\/www.ahmadiyya-islam.org\/es\/comunicados-de-prensa\/condena-ataques-nueva-zelanda\/","url":"https:\/\/www.ahmadiyya-islam.org\/es\/comunicados-de-prensa\/condena-ataques-nueva-zelanda\/","name":"El l\u00edder mundial de la Comunidad Musulmana Ahmad\u00eda condena los ataques en Nueva Zelanda","isPartOf":{"@id":"https:\/\/www.ahmadiyya-islam.org\/es\/#website"},"primaryImageOfPage":{"@id":"https:\/\/www.ahmadiyya-islam.org\/es\/comunicados-de-prensa\/condena-ataques-nueva-zelanda\/#primaryimage"},"image":{"@id":"https:\/\/www.ahmadiyya-islam.org\/es\/comunicados-de-prensa\/condena-ataques-nueva-zelanda\/#primaryimage"},"thumbnailUrl":"https:\/\/www.ahmadiyya-islam.org\/es\/wp-content\/uploads\/sites\/10\/2019\/03\/new-zealand-1184112_1280.jpg","datePublished":"2019-03-15T18:52:50+00:00","dateModified":"2019-03-15T22:43:03+00:00","description":"El l\u00edder mundial de la Comunidad Musulmana Ahmad\u00eda, Quinto Califa, Su Santidad, Hazrat Mirza Masrur Ahmad ha condenado en\u00e9rgicamente el ataque terrorista que ha tenido lugar en Nueva Zelanda en el d\u00eda de hoy.","breadcrumb":{"@id":"https:\/\/www.ahmadiyya-islam.org\/es\/comunicados-de-prensa\/condena-ataques-nueva-zelanda\/#breadcrumb"},"inLanguage":"es-ES","potentialAction":[{"@type":"ReadAction","target":["https:\/\/www.ahmadiyya-islam.org\/es\/comunicados-de-prensa\/condena-ataques-nueva-zelanda\/"]}]},{"@type":"ImageObject","inLanguage":"es-ES","@id":"https:\/\/www.ahmadiyya-islam.org\/es\/comunicados-de-prensa\/condena-ataques-nueva-zelanda\/#primaryimage","url":"https:\/\/www.ahmadiyya-islam.org\/es\/wp-content\/uploads\/sites\/10\/2019\/03\/new-zealand-1184112_1280.jpg","contentUrl":"https:\/\/www.ahmadiyya-islam.org\/es\/wp-content\/uploads\/sites\/10\/2019\/03\/new-zealand-1184112_1280.jpg","width":1280,"height":640},{"@type":"BreadcrumbList","@id":"https:\/\/www.ahmadiyya-islam.org\/es\/comunicados-de-prensa\/condena-ataques-nueva-zelanda\/#breadcrumb","itemListElement":[{"@type":"ListItem","position":1,"name":"Home","item":"https:\/\/www.ahmadiyya-islam.org\/es\/"},{"@type":"ListItem","position":2,"name":"El l\u00edder mundial de la Comunidad Musulmana Ahmad\u00eda condena los ataques en Nueva Zelanda"}]},{"@type":"WebSite","@id":"https:\/\/www.ahmadiyya-islam.org\/es\/#website","url":"https:\/\/www.ahmadiyya-islam.org\/es\/","name":"Comunidad Musulmana Ahmad\u00eda","description":"Internacional","publisher":{"@id":"https:\/\/www.ahmadiyya-islam.org\/es\/#organization"},"potentialAction":[{"@type":"SearchAction","target":{"@type":"EntryPoint","urlTemplate":"https:\/\/www.ahmadiyya-islam.org\/es\/?s={search_term_string}"},"query-input":{"@type":"PropertyValueSpecification","valueRequired":true,"valueName":"search_term_string"}}],"inLanguage":"es-ES"},{"@type":"Organization","@id":"https:\/\/www.ahmadiyya-islam.org\/es\/#organization","name":"Comunidad Musulmana Ahmad\u00eda","url":"https:\/\/www.ahmadiyya-islam.org\/es\/","logo":{"@type":"ImageObject","inLanguage":"es-ES","@id":"https:\/\/www.ahmadiyya-islam.org\/es\/#\/schema\/logo\/image\/","url":"https:\/\/www.ahmadiyya-islam.org\/es\/wp-content\/uploads\/sites\/10\/2015\/06\/alislam-logo.png","contentUrl":"https:\/\/www.ahmadiyya-islam.org\/es\/wp-content\/uploads\/sites\/10\/2015\/06\/alislam-logo.png","width":1859,"height":1859,"caption":"Comunidad Musulmana Ahmad\u00eda"},"image":{"@id":"https:\/\/www.ahmadiyya-islam.org\/es\/#\/schema\/logo\/image\/"}},{"@type":"Person","@id":"https:\/\/www.ahmadiyya-islam.org\/es\/#\/schema\/person\/ac4c08c7012bbfe73a43476371042f59","name":"es1tarikara"}]}},"_links":{"self":[{"href":"https:\/\/www.ahmadiyya-islam.org\/es\/wp-json\/wp\/v2\/posts\/5248","targetHints":{"allow":["GET"]}}],"collection":[{"href":"https:\/\/www.ahmadiyya-islam.org\/es\/wp-json\/wp\/v2\/posts"}],"about":[{"href":"https:\/\/www.ahmadiyya-islam.org\/es\/wp-json\/wp\/v2\/types\/post"}],"author":[{"embeddable":true,"href":"https:\/\/www.ahmadiyya-islam.org\/es\/wp-json\/wp\/v2\/users\/15"}],"replies":[{"embeddable":true,"href":"https:\/\/www.ahmadiyya-islam.org\/es\/wp-json\/wp\/v2\/comments?post=5248"}],"version-history":[{"count":0,"href":"https:\/\/www.ahmadiyya-islam.org\/es\/wp-json\/wp\/v2\/posts\/5248\/revisions"}],"wp:featuredmedia":[{"embeddable":true,"href":"https:\/\/www.ahmadiyya-islam.org\/es\/wp-json\/wp\/v2\/media\/5249"}],"wp:attachment":[{"href":"https:\/\/www.ahmadiyya-islam.org\/es\/wp-json\/wp\/v2\/media?parent=5248"}],"wp:term":[{"taxonomy":"category","embeddable":true,"href":"https:\/\/www.ahmadiyya-islam.org\/es\/wp-json\/wp\/v2\/categories?post=5248"},{"taxonomy":"post_tag","embeddable":true,"href":"https:\/\/www.ahmadiyya-islam.org\/es\/wp-json\/wp\/v2\/tags?post=5248"},{"taxonomy":"authors","embeddable":true,"href":"https:\/\/www.ahmadiyya-islam.org\/es\/wp-json\/wp\/v2\/authors?post=5248"},{"taxonomy":"content_source","embeddable":true,"href":"https:\/\/www.ahmadiyya-islam.org\/es\/wp-json\/wp\/v2\/content_source?post=5248"}],"curies":[{"name":"wp","href":"https:\/\/api.w.org\/{rel}","templated":true}]}}