{"id":5245,"date":"2019-03-13T11:15:01","date_gmt":"2019-03-13T11:15:01","guid":{"rendered":"https:\/\/www.ahmadiyya-islam.org\/es\/?p=5245"},"modified":"2019-03-13T11:56:59","modified_gmt":"2019-03-13T11:56:59","slug":"simposio-paz-2019-guerra-nuclear","status":"publish","type":"post","link":"https:\/\/www.ahmadiyya-islam.org\/es\/comunicados-de-prensa\/simposio-paz-2019-guerra-nuclear\/","title":{"rendered":"El l\u00edder de la Comunidad Musulmana Ahmad\u00eda advierte del crecimiento de las hostilidades mundiales y el riesgo de una guerra nuclear desastrosa"},"content":{"rendered":"<p><strong>\u00a0\u201cA medida que las rivalidades fermentan y los odios se afianzan cada vez m\u00e1s, nadie puede predecir d\u00f3nde nos llevar\u00e1n esos problemas o cu\u00e1n horrorosas ser\u00e1n las consecuencias.\u201d<\/strong><\/p>\n<p><strong>Su Santidad, Mirza Masrur Ahmad, el Jalifa del islam, insta a las naciones a trabajar juntas para desarrollar una paz sostenible en el mundo.<\/strong><\/p>\n<p>El 9 de marzo de 2019, el L\u00edder \u00a0Mundial de la Comunidad Musulmana Ahmad\u00eda, el Quinto Jalifa (Califa), Su Santidad, Hazrat Mirza Masrur Ahmad pronunci\u00f3 el discurso principal en el XVI Simposio Nacional de la Paz organizado por la Comunidad Musulmana Ahmad\u00eda del Reino Unido.<\/p>\n<p><img loading=\"lazy\" decoding=\"async\" class=\"size-large wp-image-5233 aligncenter\" src=\"https:\/\/www.ahmadiyya-islam.org\/es\/wp-content\/uploads\/sites\/10\/2019\/03\/2019-03-09-UK-Peace-Symposium-002-1024x456-1024x456.jpg?x69560\" alt=\"\" width=\"900\" height=\"401\" srcset=\"https:\/\/www.ahmadiyya-islam.org\/es\/wp-content\/uploads\/sites\/10\/2019\/03\/2019-03-09-UK-Peace-Symposium-002-1024x456.jpg 1024w, https:\/\/www.ahmadiyya-islam.org\/es\/wp-content\/uploads\/sites\/10\/2019\/03\/2019-03-09-UK-Peace-Symposium-002-1024x456-300x134.jpg 300w, https:\/\/www.ahmadiyya-islam.org\/es\/wp-content\/uploads\/sites\/10\/2019\/03\/2019-03-09-UK-Peace-Symposium-002-1024x456-768x342.jpg 768w\" sizes=\"auto, (max-width: 900px) 100vw, 900px\" \/><\/p>\n<p>El evento se llev\u00f3 a cabo en la mezquita Baitul Futuh en Londres con una audiencia de m\u00e1s de 1000 personas, incluidos 700 dignatarios e invitados de 30 pa\u00edses, entre los que se encontraban ministros, embajadores de estado y miembros del Parlamento.<\/p>\n<p>Durante el evento, Su Santidad entreg\u00f3 al Dr. Fred Mednick, fundador de Teachers Without Borders (Maestros sin fronteras), el Premio Ahmad\u00eda para el Avance de la Paz en reconocimiento a sus esfuerzos para brindar acceso sin restricciones a la educaci\u00f3n en algunas de las partes m\u00e1s deprimidas del mundo.<\/p>\n<p>Su Santidad, Mirza Masrur Ahmad comenz\u00f3 su discurso afirmando que la Comunidad Musulmana Ahmad\u00eda nunca renunciar\u00e1 a sus esfuerzos para promover la paz y la justicia en el mundo.<\/p>\n<p>Su Santidad advirti\u00f3 que las rivalidades entre las naciones eran cada vez mayores \u00a0y que las nuevas l\u00edneas de conflicto que estaba surgiendo podr\u00edan tener consecuencias desastrosas.<\/p>\n<p><img loading=\"lazy\" decoding=\"async\" class=\"size-large wp-image-5234 aligncenter\" src=\"https:\/\/www.ahmadiyya-islam.org\/es\/wp-content\/uploads\/sites\/10\/2019\/03\/2019-03-09-UK-Peace-Symposium-003-1024x492-1024x492.jpg?x69560\" alt=\"\" width=\"900\" height=\"432\" srcset=\"https:\/\/www.ahmadiyya-islam.org\/es\/wp-content\/uploads\/sites\/10\/2019\/03\/2019-03-09-UK-Peace-Symposium-003-1024x492.jpg 1024w, https:\/\/www.ahmadiyya-islam.org\/es\/wp-content\/uploads\/sites\/10\/2019\/03\/2019-03-09-UK-Peace-Symposium-003-1024x492-300x144.jpg 300w, https:\/\/www.ahmadiyya-islam.org\/es\/wp-content\/uploads\/sites\/10\/2019\/03\/2019-03-09-UK-Peace-Symposium-003-1024x492-768x369.jpg 768w\" sizes=\"auto, (max-width: 900px) 100vw, 900px\" \/><\/p>\n<p>Su Santidad destac\u00f3 que una guerra nuclear no es una posibilidad remota o lejana, sino una amenaza creciente que ya no puede descartarse ni ignorarse.<\/p>\n<p>Mencion\u00f3 una serie de catalizadores apremiantes, incluidas las tensiones entre las potencias nucleares, los conflictos y las guerras de poder en el Medio Oriente, el nacionalismo de extrema derecha, los sentimientos contra la inmigraci\u00f3n, las frustraciones econ\u00f3micas y el aislacionismo, y que contin\u00faan empujando a las naciones hacia la guerra nuclear y la destrucci\u00f3n global.<\/p>\n<p>Su Santidad, Mirza Masrur Ahmad advirti\u00f3 sobre la catastr\u00f3fica destrucci\u00f3n nuclear que ocurrir\u00eda si las naciones no mostraban tolerancia o no se esforzaban por romper las causas de la divisi\u00f3n entre ellas.<\/p>\n<p>Su Santidad, Mirza Masrur Ahmad dijo:<\/p>\n<blockquote><p><strong><em>\u201cSi hay una guerra nuclear, no solo estaremos destruyendo el mundo hoy, sino que tambi\u00e9n dejaremos un rastro duradero de destrucci\u00f3n y miseria para las generaciones futuras. Por lo tanto, debemos hacer una pausa y reflexionar sobre las consecuencias de nuestras acciones. No debemos considerar como insignificante ning\u00fan problema o conflicto, ya sea dentro de un pa\u00eds o a nivel internacional.\u201d<\/em><\/strong><\/p><\/blockquote>\n<p><img loading=\"lazy\" decoding=\"async\" class=\"size-large wp-image-5235 aligncenter\" src=\"https:\/\/www.ahmadiyya-islam.org\/es\/wp-content\/uploads\/sites\/10\/2019\/03\/2019-03-09-UK-Peace-Symposium-004-1024x648-1024x648.jpg?x69560\" alt=\"\" width=\"900\" height=\"570\" srcset=\"https:\/\/www.ahmadiyya-islam.org\/es\/wp-content\/uploads\/sites\/10\/2019\/03\/2019-03-09-UK-Peace-Symposium-004-1024x648.jpg 1024w, https:\/\/www.ahmadiyya-islam.org\/es\/wp-content\/uploads\/sites\/10\/2019\/03\/2019-03-09-UK-Peace-Symposium-004-1024x648-300x190.jpg 300w, https:\/\/www.ahmadiyya-islam.org\/es\/wp-content\/uploads\/sites\/10\/2019\/03\/2019-03-09-UK-Peace-Symposium-004-1024x648-768x486.jpg 768w\" sizes=\"auto, (max-width: 900px) 100vw, 900px\" \/><\/p>\n<p>Al comentar sobre la escalada de tensiones entre las naciones, Su Santidad, Mirza Masrur Ahmad dijo:<\/p>\n<blockquote><p><strong><em>\u201cDurante el pasado a\u00f1o, Estados Unidos afirm\u00f3 con cierto grado de confianza que estaba cerca de lograr un hist\u00f3rico acuerdo de paz con Corea del Norte, pero en los \u00faltimos d\u00edas ha quedado claro que no se ha logrado nada sustancial.\u201d<\/em><\/strong><\/p><\/blockquote>\n<p>Su Santidad, Mirza Masrur Ahmad continu\u00f3 diciendo:<\/p>\n<blockquote><p><strong><em>\u201cEn los \u00faltimos d\u00edas, el mundo ha sido testigo de una repentina escalada de tensi\u00f3n entre India y Pakist\u00e1n. Ambos pa\u00edses son potencias nucleares y ambos han establecido alianzas con otras naciones, ya sea abiertamente o en secreto, lo que significa que las posibles consecuencias de una guerra ser\u00edan extensas y de gran alcance.\u201d<\/em><\/strong><\/p><\/blockquote>\n<p><img loading=\"lazy\" decoding=\"async\" class=\"size-large wp-image-5236 aligncenter\" src=\"https:\/\/www.ahmadiyya-islam.org\/es\/wp-content\/uploads\/sites\/10\/2019\/03\/2019-03-09-UK-Peace-Symposium-005-1024x690-1024x690.jpg?x69560\" alt=\"\" width=\"900\" height=\"606\" srcset=\"https:\/\/www.ahmadiyya-islam.org\/es\/wp-content\/uploads\/sites\/10\/2019\/03\/2019-03-09-UK-Peace-Symposium-005-1024x690.jpg 1024w, https:\/\/www.ahmadiyya-islam.org\/es\/wp-content\/uploads\/sites\/10\/2019\/03\/2019-03-09-UK-Peace-Symposium-005-1024x690-300x202.jpg 300w, https:\/\/www.ahmadiyya-islam.org\/es\/wp-content\/uploads\/sites\/10\/2019\/03\/2019-03-09-UK-Peace-Symposium-005-1024x690-768x518.jpg 768w\" sizes=\"auto, (max-width: 900px) 100vw, 900px\" \/><\/p>\n<p>Su Santidad declar\u00f3 que las naciones est\u00e1n utilizando los conflictos en el Medio Oriente como una herramienta para ampliar su dominio al construir alianzas e iniciar nuevos conflictos.<\/p>\n<p>Su Santidad, Mirza Masrur Ahmad declar\u00f3:<\/p>\n<blockquote><p><strong><em>\u201cPor un lado, Rusia y Turqu\u00eda se est\u00e1n alineando, mientras que, por otro lado, Estados Unidos y Arabia Saudita se est\u00e1n uniendo, incrementando la presi\u00f3n sobre Ir\u00e1n y buscando nuevas sanciones contra ellos. Los expertos pol\u00edticos han expresado abiertamente que el objetivo de estas naciones es dominar el Medio Oriente.\u201d<\/em><\/strong><\/p><\/blockquote>\n<p><img loading=\"lazy\" decoding=\"async\" class=\"size-large wp-image-5237 aligncenter\" src=\"https:\/\/www.ahmadiyya-islam.org\/es\/wp-content\/uploads\/sites\/10\/2019\/03\/2019-03-09-UK-Peace-Symposium-006-1024x406-1024x406.jpg?x69560\" alt=\"\" width=\"900\" height=\"357\" srcset=\"https:\/\/www.ahmadiyya-islam.org\/es\/wp-content\/uploads\/sites\/10\/2019\/03\/2019-03-09-UK-Peace-Symposium-006-1024x406.jpg 1024w, https:\/\/www.ahmadiyya-islam.org\/es\/wp-content\/uploads\/sites\/10\/2019\/03\/2019-03-09-UK-Peace-Symposium-006-1024x406-300x119.jpg 300w, https:\/\/www.ahmadiyya-islam.org\/es\/wp-content\/uploads\/sites\/10\/2019\/03\/2019-03-09-UK-Peace-Symposium-006-1024x406-768x305.jpg 768w\" sizes=\"auto, (max-width: 900px) 100vw, 900px\" \/><\/p>\n<p>Su Santidad, Mirza Masrur Ahmad declar\u00f3, adem\u00e1s:<\/p>\n<blockquote><p><strong><em>\u201cUna y otra vez, hemos visto ejemplos de pa\u00edses que han intervenido en naciones devastadas por la guerra o han brindado ayuda a los pa\u00edses necesitados con el pretexto de traer la paz, pero han atado cuerdas que les permiten tomar el control de los recursos del pa\u00eds m\u00e1s d\u00e9bil. En lugar de contentarse con su propia riqueza, los pa\u00edses poderosos buscan hacer valer su control sobre las naciones m\u00e1s d\u00e9biles.\u201d<\/em><\/strong><\/p><\/blockquote>\n<p>Su Santidad cit\u00f3 a Siria como un ejemplo de una guerra que hab\u00eda causado una miseria sin fin y que ha quedado en estado precario.<\/p>\n<p>Su Santidad, Mirza Masrur Ahmad declar\u00f3:<\/p>\n<blockquote><p><strong><em>\u201cDurante casi una d\u00e9cada, Siria ha sido devastada por derramamientos de sangre y ha quedado destrozada. Se dice que la guerra civil est\u00e1 llegando a su fin, pero, \u00bfqu\u00e9 se ha logrado en la \u00faltima d\u00e9cada, excepto la muerte de cientos de miles de personas inocentes y el desplazamiento de millones de personas m\u00e1s? Nada positivo ha emergido, y el futuro sigue siendo incierto y precario a medida que aumentan las tensiones entre las naciones que tienen sus propios intereses creados vinculados al futuro de Siria\u201d.<\/em><\/strong><\/p><\/blockquote>\n<p><img loading=\"lazy\" decoding=\"async\" class=\"size-large wp-image-5238 aligncenter\" src=\"https:\/\/www.ahmadiyya-islam.org\/es\/wp-content\/uploads\/sites\/10\/2019\/03\/2019-03-09-UK-Peace-Symposium-007-1024x367-1024x367.jpg?x69560\" alt=\"\" width=\"900\" height=\"323\" srcset=\"https:\/\/www.ahmadiyya-islam.org\/es\/wp-content\/uploads\/sites\/10\/2019\/03\/2019-03-09-UK-Peace-Symposium-007-1024x367.jpg 1024w, https:\/\/www.ahmadiyya-islam.org\/es\/wp-content\/uploads\/sites\/10\/2019\/03\/2019-03-09-UK-Peace-Symposium-007-1024x367-300x108.jpg 300w, https:\/\/www.ahmadiyya-islam.org\/es\/wp-content\/uploads\/sites\/10\/2019\/03\/2019-03-09-UK-Peace-Symposium-007-1024x367-768x275.jpg 768w\" sizes=\"auto, (max-width: 900px) 100vw, 900px\" \/><\/p>\n<p>Mencion\u00f3 que aunque estas naciones intentaron derrotar a grupos extremistas como Daesh en el Medio Oriente, en realidad solo han permitido que sus odiosas ense\u00f1anzas se extiendan m\u00e1s.<\/p>\n<p>Su Santidad, Mirza Masrur Ahmad declar\u00f3:<\/p>\n<blockquote><p><strong><em>\u201cSe dice que el grupo terrorista Daesh est\u00e1 al borde del colapso y que su llamado Jalifato est\u00e1 terminado. Sin embargo, los expertos tambi\u00e9n advierten que, aunque Daesh ha perdido su territorio, su ideolog\u00eda de odio persiste y los miembros que han sobrevivido ahora se est\u00e1n dispersando, pero podr\u00edan eventualmente reagruparse y perpetrar ataques en Europa o en cualquier otro lugar.\u201d<\/em><\/strong><\/p><\/blockquote>\n<p>Su Santidad, Mirza Masrur Ahmad tambi\u00e9n enfatiz\u00f3 que el auge del nacionalismo contin\u00faa haci\u00e9ndose evidente y que los partidos de extrema derecha est\u00e1n ganando popularidad a nivel mundial. Explic\u00f3 que una raz\u00f3n central que sustenta la popularidad de la extrema derecha ha sido la inmigraci\u00f3n generalizada.<\/p>\n<p><img loading=\"lazy\" decoding=\"async\" class=\"size-large wp-image-5239 aligncenter\" src=\"https:\/\/www.ahmadiyya-islam.org\/es\/wp-content\/uploads\/sites\/10\/2019\/03\/2019-03-09-UK-Peace-Symposium-008-1024x472-1024x472.jpg?x69560\" alt=\"\" width=\"900\" height=\"415\" srcset=\"https:\/\/www.ahmadiyya-islam.org\/es\/wp-content\/uploads\/sites\/10\/2019\/03\/2019-03-09-UK-Peace-Symposium-008-1024x472.jpg 1024w, https:\/\/www.ahmadiyya-islam.org\/es\/wp-content\/uploads\/sites\/10\/2019\/03\/2019-03-09-UK-Peace-Symposium-008-1024x472-300x138.jpg 300w, https:\/\/www.ahmadiyya-islam.org\/es\/wp-content\/uploads\/sites\/10\/2019\/03\/2019-03-09-UK-Peace-Symposium-008-1024x472-768x354.jpg 768w\" sizes=\"auto, (max-width: 900px) 100vw, 900px\" \/><\/p>\n<p>Su Santidad explic\u00f3 adem\u00e1s que el resentimiento proviene de la creencia de que los ciudadanos ind\u00edgenas existentes est\u00e1n siendo estafados para financiar y apoyar a los inmigrantes. Proporcion\u00f3 una soluci\u00f3n a largo y corto plazo para resolver este problema urgente.<\/p>\n<p>Al explicar la soluci\u00f3n a largo plazo, Su Santidad declar\u00f3:<\/p>\n<blockquote><p><strong><em>\u201cLa soluci\u00f3n a largo plazo a la crisis de inmigraci\u00f3n tiene que ser establecer la paz en pa\u00edses devastados por la guerra y ayudar a la gente local, que se ha visto obligada a soportar vidas de miseria y peligro, a vivir en paz\u201d.<\/em><\/strong><\/p><\/blockquote>\n<p>Discutiendo la soluci\u00f3n a corto plazo, Su Santidad declar\u00f3:<\/p>\n<blockquote><p><strong><em>\u201cEn el corto plazo, donde los refugiados o solicitantes de asilo llegan a Occidente debido a las condiciones pol\u00edticas o religiosas que prevalecen en sus propios pa\u00edses, deben ser tratados con dignidad y respeto. Al mismo tiempo, cualquier apoyo que se les brinde no debe ser a expensas de los ciudadanos existentes. Se debe alentar a los inmigrantes a conseguir empleo lo antes posible, en lugar de vivir de las ayudas por largos per\u00edodos. Deben trabajar duro, tratar de sostenerse con sus propios pies y contribuir positivamente a su nueva sociedad. De lo contrario, si son financiados continuamente por el dinero de los contribuyentes, inevitablemente se generar\u00e1n quejas.\u201d<\/em><\/strong><\/p><\/blockquote>\n<p><img loading=\"lazy\" decoding=\"async\" class=\"size-large wp-image-5240 aligncenter\" src=\"https:\/\/www.ahmadiyya-islam.org\/es\/wp-content\/uploads\/sites\/10\/2019\/03\/2019-03-09-UK-Peace-Symposium-009-724x1024-724x1024.jpg?x69560\" alt=\"\" width=\"724\" height=\"1024\" srcset=\"https:\/\/www.ahmadiyya-islam.org\/es\/wp-content\/uploads\/sites\/10\/2019\/03\/2019-03-09-UK-Peace-Symposium-009-724x1024.jpg 724w, https:\/\/www.ahmadiyya-islam.org\/es\/wp-content\/uploads\/sites\/10\/2019\/03\/2019-03-09-UK-Peace-Symposium-009-724x1024-212x300.jpg 212w, https:\/\/www.ahmadiyya-islam.org\/es\/wp-content\/uploads\/sites\/10\/2019\/03\/2019-03-09-UK-Peace-Symposium-009-724x1024-200x283.jpg 200w\" sizes=\"auto, (max-width: 724px) 100vw, 724px\" \/><\/p>\n<p>Adem\u00e1s, Su Santidad, Mirza Masrur Ahmad declar\u00f3 que cre\u00eda que la causa subyacente de la mayor parte del resentimiento en la sociedad suele ser la frustraci\u00f3n econ\u00f3mica y financiera y que esto inevitablemente conduce a la propagaci\u00f3n de la islamofobia y la xenofobia.<\/p>\n<p>Su Santidad, Mirza Masrur Ahmad declar\u00f3:<\/p>\n<blockquote><p><strong><em>\u201cCiertos grupos se aprovechan de tal ansiedad al culpar a los inmigrantes o a los seguidores de la religi\u00f3n e incitar sentimientos de odio hacia ellos. Por lo tanto, se ha desarrollado la idea en Europa de que los asi\u00e1ticos, los africanos y especialmente los inmigrantes musulmanes son una amenaza para la sociedad. En los Estados Unidos, existen temores similares con respecto a los musulmanes y tambi\u00e9n a los hispanos que buscan ingresar al pa\u00eds a trav\u00e9s de M\u00e9xico.\u201d<\/em><\/strong><\/p><\/blockquote>\n<p>Su Santidad explic\u00f3 que la causa ra\u00edz de la frustraci\u00f3n y la hostilidad resultante, ya sea en Oriente o en Occidente, es la injusticia econ\u00f3mica, por lo que es esencial que se haga un esfuerzo concertado para salvar la brecha econ\u00f3mica entre las naciones y su gente.<\/p>\n<p>Afirm\u00f3 que si esos pa\u00edses, que han sido centros de guerra o divisi\u00f3n, pueden prosperar econ\u00f3micamente, ya no albergar\u00e1n frustraciones u odios a otras naciones. Tampoco su gente se ver\u00e1 obligada a emigrar.<\/p>\n<p>Su Santidad, Mirza Masrur Ahmad tambi\u00e9n abord\u00f3 la incertidumbre y la ansiedad generalizadas en el Reino Unido con respecto al Brexit y la futura relaci\u00f3n del Reino Unido con la Uni\u00f3n Europea.<\/p>\n<p>Su Santidad mencion\u00f3 que ya dej\u00f3 muy en claro sus puntos de vista sobre el Brexit durante un discurso en el Parlamento Europeo en 2012, cuando afirm\u00f3 que la fuerza de Europa reside en permanecer s\u00f3lidamente unidos y juntos.<\/p>\n<p>Su Santidad, Mirza Masrur Ahmad declar\u00f3:<\/p>\n<blockquote><p><strong><em>\u201cEn mi discurso hace siete a\u00f1os, me centr\u00e9 en la importancia de eliminar los temores del p\u00fablico sobre la inmigraci\u00f3n y enfatizar los beneficios de la unidad. Sin embargo, las preocupaciones de las personas no se abordaron adecuadamente y, por lo tanto, cada vez m\u00e1s, las personas en toda Europa han llegado a cuestionar los beneficios de la Uni\u00f3n Europea \u2026 Por lo tanto, donde yo hab\u00eda esperado una mayor unidad en Europa, los \u00faltimos a\u00f1os han sido testigos de una mayor divisi\u00f3n y agitaci\u00f3n.\u201d<\/em><\/strong><\/p><\/blockquote>\n<p>Al citar las ense\u00f1anzas isl\u00e1micas para ofrecer una soluci\u00f3n a esta agitaci\u00f3n, Su Santidad, Mirza Masrur Ahmad declar\u00f3:<\/p>\n<blockquote><p><strong><em>\u201cEl punto de vista isl\u00e1mico es que la paz se puede lograr mejor a trav\u00e9s de la unidad. Sin embargo, lamentablemente, en lugar de unirnos, buscamos la separaci\u00f3n y priorizamos nuestros intereses individuales sobre los intereses colectivos del mundo. Creo que tales pol\u00edticas socavar\u00e1n la paz y la seguridad del mundo, y ya lo est\u00e1n haciendo.\u201d<\/em><\/strong><\/p><\/blockquote>\n<p>Al explicar c\u00f3mo las ense\u00f1anzas isl\u00e1micas brindan paz al mundo, Su Santidad, Mirza Masrur Ahmad dijo:<\/p>\n<blockquote><p><strong><em>\u201cPara obtener una descripci\u00f3n precisa del gobierno y el liderazgo isl\u00e1micos, debemos mirar hacia la era del Fundador del Islam, el Santo Profeta Muhammad (la paz y las bendiciones sean con \u00e9l). Despu\u00e9s de que el Santo Profeta (la paz y las bendiciones sean con \u00e9l) emigrara a la ciudad de Medina, form\u00f3 un pacto con el pueblo jud\u00edo, mediante el cual los musulmanes y los ciudadanos jud\u00edos deb\u00edan vivir juntos en paz y con un esp\u00edritu de simpat\u00eda mutua, tolerancia y equidad.\u201d<\/em><\/strong><\/p><\/blockquote>\n<p>Su Santidad, Mirza Masrur Ahmad continu\u00f3:<\/p>\n<blockquote><p><strong><em>\u201cEl pacto demostr\u00f3 ser una magn\u00edfica carta de derechos humanos y gobierno y asegur\u00f3 la paz entre las diferentes comunidades que viv\u00edan en Medina. Seg\u00fan sus t\u00e9rminos, todas las personas, independientemente de su fe u origen \u00e9tnico, estaban obligadas a respetar los derechos de los dem\u00e1s. La libertad de creencia y la libertad de conciencia fueron piedras angulares de ese tratado.\u201d<\/em><\/strong><\/p><\/blockquote>\n<p>Su Santidad, Mirza Masrur Ahmad concluy\u00f3 su discurso orando por la paz a largo plazo del mundo.<\/p>\n<p>Su Santidad, Mirza Masrur Ahmad or\u00f3:<\/p>\n<blockquote><p><strong><em>\u201cQue Al-lah el Todopoderoso permita que surja la verdadera paz y que las largas sombras de guerra y conflicto que se ciernen sobre nosotros sean reemplazadas por cielos azules de paz y prosperidad. Rezo por el fin de las frustraciones y las privaciones que han perturbado las vidas de innumerables personas y han encendido guerras e injusticias devastadoras en todo el mundo [\u2026] Rezo para que mostremos tolerancia entre las creencias y costumbres de los dem\u00e1s y valoremos la diversidad dentro de nuestras sociedades. Rezo para que veamos lo mejor de la humanidad y utilicemos las fortalezas y habilidades de unos y otros para construir un mundo mejor para nuestros hijos y para cultivar una paz duradera en la sociedad.\u201d<\/em><\/strong><\/p><\/blockquote>\n<p>Antes del discurso principal, Rafiq Hayat, Presidente Nacional de la Comunidad Musulmana Ahmad\u00eda, pronunci\u00f3 un discurso de bienvenida.<\/p>\n<p>Posteriormente, el Reverend\u00edsimo Kevin McDonald, Arzobispo Em\u00e9rito de la Archidi\u00f3cesis Cat\u00f3lica Romana de Southwark, dio las gracias a la Comunidad Musulmana Ahmad\u00eda por su firme determinaci\u00f3n en la promoci\u00f3n de la paz.<\/p>\n<p><img loading=\"lazy\" decoding=\"async\" class=\"size-large wp-image-5241 aligncenter\" src=\"https:\/\/www.ahmadiyya-islam.org\/es\/wp-content\/uploads\/sites\/10\/2019\/03\/2019-03-09-UK-Peace-Symposium-010-1024x275-1024x275.jpg?x69560\" alt=\"\" width=\"900\" height=\"242\" srcset=\"https:\/\/www.ahmadiyya-islam.org\/es\/wp-content\/uploads\/sites\/10\/2019\/03\/2019-03-09-UK-Peace-Symposium-010-1024x275.jpg 1024w, https:\/\/www.ahmadiyya-islam.org\/es\/wp-content\/uploads\/sites\/10\/2019\/03\/2019-03-09-UK-Peace-Symposium-010-1024x275-300x81.jpg 300w, https:\/\/www.ahmadiyya-islam.org\/es\/wp-content\/uploads\/sites\/10\/2019\/03\/2019-03-09-UK-Peace-Symposium-010-1024x275-768x206.jpg 768w\" sizes=\"auto, (max-width: 900px) 100vw, 900px\" \/><\/p>\n<p>El Reverend\u00edsimo Kevin McDonald dijo:<\/p>\n<blockquote><p><strong><em>\u201cEsta iniciativa es bastante inusual, diferente e imaginativa, y re\u00fane a personas de diferentes religiones, diferentes fes, personas del sector p\u00fablico y privado, personas de diferentes \u00e1mbitos de la vida para reflexionar sobre la paz, porque la paz es un problema para todos nosotros [\u2026] Agradezco a la Comunidad Ahmad\u00eda la llamada de atenci\u00f3n sobre la centralidad de la paz, por invitar a personas de diferentes credos y normas a unirse. Espero que podamos unirnos en torno a esta convicci\u00f3n de que solo puede haber paz suficiente en el mundo si hay paz dentro de nosotros\u201d.<\/em><\/strong><\/p><\/blockquote>\n<p>Al aceptar el Premio Ahmad\u00eda por el Avance de la Paz, el Dr. Fred Mednick, fundador de Teachers Without Borders (Maestros sin fronteras), dijo:<\/p>\n<blockquote><p><strong><em>\u201cCon este premio, Su Santidad, la Comunidad Ahmad\u00eda ha escuchado la voz del maestro y ha escuchado la canci\u00f3n de los maestros [\u2026] Solo puedo decir aqu\u00ed hoy, honrado por la hospitalidad, la calidez y la apertura de esta comunidad, [que] es un honor especial recibir este premio; haremos todo lo posible, Insha\u2019Al-lah [que Dios quiera], para llegar a todos los maestros que podamos en este planeta e incluso a m\u00e1s maestros y ni\u00f1os en esos peque\u00f1os lugares de la Tierra\u201d.<\/em><\/strong><\/p><\/blockquote>\n<p><img loading=\"lazy\" decoding=\"async\" class=\"size-large wp-image-5242 aligncenter\" src=\"https:\/\/www.ahmadiyya-islam.org\/es\/wp-content\/uploads\/sites\/10\/2019\/03\/2019-03-09-UK-Peace-Symposium-011-724x1024-724x1024.jpg?x69560\" alt=\"\" width=\"724\" height=\"1024\" srcset=\"https:\/\/www.ahmadiyya-islam.org\/es\/wp-content\/uploads\/sites\/10\/2019\/03\/2019-03-09-UK-Peace-Symposium-011-724x1024.jpg 724w, https:\/\/www.ahmadiyya-islam.org\/es\/wp-content\/uploads\/sites\/10\/2019\/03\/2019-03-09-UK-Peace-Symposium-011-724x1024-212x300.jpg 212w, https:\/\/www.ahmadiyya-islam.org\/es\/wp-content\/uploads\/sites\/10\/2019\/03\/2019-03-09-UK-Peace-Symposium-011-724x1024-200x283.jpg 200w\" sizes=\"auto, (max-width: 724px) 100vw, 724px\" \/><\/p>\n<p>El evento concluy\u00f3 con una oraci\u00f3n silenciosa dirigida por Su Santidad.<\/p>\n<p><img loading=\"lazy\" decoding=\"async\" class=\"size-large wp-image-5243 aligncenter\" src=\"https:\/\/www.ahmadiyya-islam.org\/es\/wp-content\/uploads\/sites\/10\/2019\/03\/2019-03-09-UK-Peace-Symposium-012-1024x387-1024x387.jpg?x69560\" alt=\"\" width=\"900\" height=\"340\" srcset=\"https:\/\/www.ahmadiyya-islam.org\/es\/wp-content\/uploads\/sites\/10\/2019\/03\/2019-03-09-UK-Peace-Symposium-012-1024x387.jpg 1024w, https:\/\/www.ahmadiyya-islam.org\/es\/wp-content\/uploads\/sites\/10\/2019\/03\/2019-03-09-UK-Peace-Symposium-012-1024x387-300x113.jpg 300w, https:\/\/www.ahmadiyya-islam.org\/es\/wp-content\/uploads\/sites\/10\/2019\/03\/2019-03-09-UK-Peace-Symposium-012-1024x387-768x290.jpg 768w\" sizes=\"auto, (max-width: 900px) 100vw, 900px\" \/><\/p>\n<p>Tanto antes como despu\u00e9s del procedimiento, Su Santidad se reuni\u00f3 personalmente con varios dignatarios e invitados y celebr\u00f3 una conferencia de prensa con periodistas y miembros de los medios de comunicaci\u00f3n.<\/p>\n","protected":false},"excerpt":{"rendered":"<p>\u00a0\u201cA medida que las rivalidades fermentan y los odios se afianzan cada vez m\u00e1s, nadie puede predecir d\u00f3nde nos llevar\u00e1n esos problemas o cu\u00e1n horrorosas ser\u00e1n las consecuencias.\u201d Su Santidad, Mirza Masrur Ahmad, el Jalifa del islam, insta a las naciones a trabajar juntas para desarrollar una paz sostenible en el mundo. El 9 de<\/p>\n","protected":false},"author":15,"featured_media":5232,"comment_status":"closed","ping_status":"closed","sticky":false,"template":"","format":"standard","meta":{"_acf_changed":false,"footnotes":""},"categories":[1],"tags":[11,262,14],"authors":[],"content_source":[],"class_list":["post-5245","post","type-post","status-publish","format-standard","has-post-thumbnail","hentry","category-comunicados-de-prensa","tag-ei","tag-isis","tag-londres","topics-guerra-mundial","topics-inmigracion","topics-paz","topics-paz-mundial","topics-relaciones-internacionales","topics-terrorismo"],"acf":[],"yoast_head":"<!-- This site is optimized with the Yoast SEO Premium plugin v21.1 (Yoast SEO v27.4) - https:\/\/yoast.com\/product\/yoast-seo-premium-wordpress\/ -->\n<title>El l\u00edder de la Comunidad Musulmana Ahmad\u00eda advierte del crecimiento de las hostilidades mundiales y el riesgo de una guerra nuclear desastrosa<\/title>\n<meta name=\"description\" content=\"A medida que las rivalidades fermentan y los odios se afianzan cada vez m\u00e1s, nadie puede predecir d\u00f3nde nos llevar\u00e1n esos problemas o cu\u00e1n horrorosas ser\u00e1n las consecuencias.El Jalifa del islam, insta a las naciones a trabajar juntas para desarrollar una paz sostenible en el mundo.\" \/>\n<meta name=\"robots\" content=\"index, follow, max-snippet:-1, max-image-preview:large, max-video-preview:-1\" \/>\n<link rel=\"canonical\" href=\"https:\/\/www.ahmadiyya-islam.org\/es\/comunicados-de-prensa\/simposio-paz-2019-guerra-nuclear\/\" \/>\n<meta property=\"og:locale\" content=\"es_ES\" \/>\n<meta property=\"og:type\" content=\"article\" \/>\n<meta property=\"og:title\" content=\"El l\u00edder de la Comunidad Musulmana Ahmad\u00eda advierte del crecimiento de las hostilidades mundiales y el riesgo de una guerra nuclear desastrosa\" \/>\n<meta property=\"og:description\" content=\"A medida que las rivalidades fermentan y los odios se afianzan cada vez m\u00e1s, nadie puede predecir d\u00f3nde nos llevar\u00e1n esos problemas o cu\u00e1n horrorosas ser\u00e1n las consecuencias.El Jalifa del islam, insta a las naciones a trabajar juntas para desarrollar una paz sostenible en el mundo.\" \/>\n<meta property=\"og:url\" content=\"https:\/\/www.ahmadiyya-islam.org\/es\/comunicados-de-prensa\/simposio-paz-2019-guerra-nuclear\/\" \/>\n<meta property=\"og:site_name\" content=\"Comunidad Musulmana Ahmad\u00eda\" \/>\n<meta property=\"article:published_time\" content=\"2019-03-13T11:15:01+00:00\" \/>\n<meta property=\"article:modified_time\" content=\"2019-03-13T11:56:59+00:00\" \/>\n<meta property=\"og:image\" content=\"https:\/\/www.ahmadiyya-islam.org\/es\/wp-content\/uploads\/sites\/10\/2019\/03\/2019-03-09-UK-Peace-Symposium-001.jpg\" \/>\n\t<meta property=\"og:image:width\" content=\"1467\" \/>\n\t<meta property=\"og:image:height\" content=\"509\" \/>\n\t<meta property=\"og:image:type\" content=\"image\/jpeg\" \/>\n<meta name=\"author\" content=\"es1tarikara\" \/>\n<meta name=\"twitter:card\" content=\"summary_large_image\" \/>\n<meta name=\"twitter:label1\" content=\"Written by\" \/>\n\t<meta name=\"twitter:data1\" content=\"es1tarikara\" \/>\n\t<meta name=\"twitter:label2\" content=\"Est. reading time\" \/>\n\t<meta name=\"twitter:data2\" content=\"12 minutes\" \/>\n<script type=\"application\/ld+json\" class=\"yoast-schema-graph\">{\"@context\":\"https:\\\/\\\/schema.org\",\"@graph\":[{\"@type\":\"Article\",\"@id\":\"https:\\\/\\\/www.ahmadiyya-islam.org\\\/es\\\/comunicados-de-prensa\\\/simposio-paz-2019-guerra-nuclear\\\/#article\",\"isPartOf\":{\"@id\":\"https:\\\/\\\/www.ahmadiyya-islam.org\\\/es\\\/comunicados-de-prensa\\\/simposio-paz-2019-guerra-nuclear\\\/\"},\"author\":{\"name\":\"es1tarikara\",\"@id\":\"https:\\\/\\\/www.ahmadiyya-islam.org\\\/es\\\/#\\\/schema\\\/person\\\/ac4c08c7012bbfe73a43476371042f59\"},\"headline\":\"El l\u00edder de la Comunidad Musulmana Ahmad\u00eda advierte del crecimiento de las hostilidades mundiales y el riesgo de una guerra nuclear desastrosa\",\"datePublished\":\"2019-03-13T11:15:01+00:00\",\"dateModified\":\"2019-03-13T11:56:59+00:00\",\"mainEntityOfPage\":{\"@id\":\"https:\\\/\\\/www.ahmadiyya-islam.org\\\/es\\\/comunicados-de-prensa\\\/simposio-paz-2019-guerra-nuclear\\\/\"},\"wordCount\":2401,\"publisher\":{\"@id\":\"https:\\\/\\\/www.ahmadiyya-islam.org\\\/es\\\/#organization\"},\"image\":{\"@id\":\"https:\\\/\\\/www.ahmadiyya-islam.org\\\/es\\\/comunicados-de-prensa\\\/simposio-paz-2019-guerra-nuclear\\\/#primaryimage\"},\"thumbnailUrl\":\"https:\\\/\\\/www.ahmadiyya-islam.org\\\/es\\\/wp-content\\\/uploads\\\/sites\\\/10\\\/2019\\\/03\\\/2019-03-09-UK-Peace-Symposium-001.jpg\",\"keywords\":[\"EI\",\"ISIS\",\"Londres\"],\"articleSection\":[\"Comunicados de prensa\"],\"inLanguage\":\"es-ES\"},{\"@type\":\"WebPage\",\"@id\":\"https:\\\/\\\/www.ahmadiyya-islam.org\\\/es\\\/comunicados-de-prensa\\\/simposio-paz-2019-guerra-nuclear\\\/\",\"url\":\"https:\\\/\\\/www.ahmadiyya-islam.org\\\/es\\\/comunicados-de-prensa\\\/simposio-paz-2019-guerra-nuclear\\\/\",\"name\":\"El l\u00edder de la Comunidad Musulmana Ahmad\u00eda advierte del crecimiento de las hostilidades mundiales y el riesgo de una guerra nuclear desastrosa\",\"isPartOf\":{\"@id\":\"https:\\\/\\\/www.ahmadiyya-islam.org\\\/es\\\/#website\"},\"primaryImageOfPage\":{\"@id\":\"https:\\\/\\\/www.ahmadiyya-islam.org\\\/es\\\/comunicados-de-prensa\\\/simposio-paz-2019-guerra-nuclear\\\/#primaryimage\"},\"image\":{\"@id\":\"https:\\\/\\\/www.ahmadiyya-islam.org\\\/es\\\/comunicados-de-prensa\\\/simposio-paz-2019-guerra-nuclear\\\/#primaryimage\"},\"thumbnailUrl\":\"https:\\\/\\\/www.ahmadiyya-islam.org\\\/es\\\/wp-content\\\/uploads\\\/sites\\\/10\\\/2019\\\/03\\\/2019-03-09-UK-Peace-Symposium-001.jpg\",\"datePublished\":\"2019-03-13T11:15:01+00:00\",\"dateModified\":\"2019-03-13T11:56:59+00:00\",\"description\":\"A medida que las rivalidades fermentan y los odios se afianzan cada vez m\u00e1s, nadie puede predecir d\u00f3nde nos llevar\u00e1n esos problemas o cu\u00e1n horrorosas ser\u00e1n las consecuencias.El Jalifa del islam, insta a las naciones a trabajar juntas para desarrollar una paz sostenible en el mundo.\",\"breadcrumb\":{\"@id\":\"https:\\\/\\\/www.ahmadiyya-islam.org\\\/es\\\/comunicados-de-prensa\\\/simposio-paz-2019-guerra-nuclear\\\/#breadcrumb\"},\"inLanguage\":\"es-ES\",\"potentialAction\":[{\"@type\":\"ReadAction\",\"target\":[\"https:\\\/\\\/www.ahmadiyya-islam.org\\\/es\\\/comunicados-de-prensa\\\/simposio-paz-2019-guerra-nuclear\\\/\"]}]},{\"@type\":\"ImageObject\",\"inLanguage\":\"es-ES\",\"@id\":\"https:\\\/\\\/www.ahmadiyya-islam.org\\\/es\\\/comunicados-de-prensa\\\/simposio-paz-2019-guerra-nuclear\\\/#primaryimage\",\"url\":\"https:\\\/\\\/www.ahmadiyya-islam.org\\\/es\\\/wp-content\\\/uploads\\\/sites\\\/10\\\/2019\\\/03\\\/2019-03-09-UK-Peace-Symposium-001.jpg\",\"contentUrl\":\"https:\\\/\\\/www.ahmadiyya-islam.org\\\/es\\\/wp-content\\\/uploads\\\/sites\\\/10\\\/2019\\\/03\\\/2019-03-09-UK-Peace-Symposium-001.jpg\",\"width\":1467,\"height\":509},{\"@type\":\"BreadcrumbList\",\"@id\":\"https:\\\/\\\/www.ahmadiyya-islam.org\\\/es\\\/comunicados-de-prensa\\\/simposio-paz-2019-guerra-nuclear\\\/#breadcrumb\",\"itemListElement\":[{\"@type\":\"ListItem\",\"position\":1,\"name\":\"Home\",\"item\":\"https:\\\/\\\/www.ahmadiyya-islam.org\\\/es\\\/\"},{\"@type\":\"ListItem\",\"position\":2,\"name\":\"El l\u00edder de la Comunidad Musulmana Ahmad\u00eda advierte del crecimiento de las hostilidades mundiales y el riesgo de una guerra nuclear desastrosa\"}]},{\"@type\":\"WebSite\",\"@id\":\"https:\\\/\\\/www.ahmadiyya-islam.org\\\/es\\\/#website\",\"url\":\"https:\\\/\\\/www.ahmadiyya-islam.org\\\/es\\\/\",\"name\":\"Comunidad Musulmana Ahmad\u00eda\",\"description\":\"Internacional\",\"publisher\":{\"@id\":\"https:\\\/\\\/www.ahmadiyya-islam.org\\\/es\\\/#organization\"},\"potentialAction\":[{\"@type\":\"SearchAction\",\"target\":{\"@type\":\"EntryPoint\",\"urlTemplate\":\"https:\\\/\\\/www.ahmadiyya-islam.org\\\/es\\\/?s={search_term_string}\"},\"query-input\":{\"@type\":\"PropertyValueSpecification\",\"valueRequired\":true,\"valueName\":\"search_term_string\"}}],\"inLanguage\":\"es-ES\"},{\"@type\":\"Organization\",\"@id\":\"https:\\\/\\\/www.ahmadiyya-islam.org\\\/es\\\/#organization\",\"name\":\"Comunidad Musulmana Ahmad\u00eda\",\"url\":\"https:\\\/\\\/www.ahmadiyya-islam.org\\\/es\\\/\",\"logo\":{\"@type\":\"ImageObject\",\"inLanguage\":\"es-ES\",\"@id\":\"https:\\\/\\\/www.ahmadiyya-islam.org\\\/es\\\/#\\\/schema\\\/logo\\\/image\\\/\",\"url\":\"https:\\\/\\\/www.ahmadiyya-islam.org\\\/es\\\/wp-content\\\/uploads\\\/sites\\\/10\\\/2015\\\/06\\\/alislam-logo.png\",\"contentUrl\":\"https:\\\/\\\/www.ahmadiyya-islam.org\\\/es\\\/wp-content\\\/uploads\\\/sites\\\/10\\\/2015\\\/06\\\/alislam-logo.png\",\"width\":1859,\"height\":1859,\"caption\":\"Comunidad Musulmana Ahmad\u00eda\"},\"image\":{\"@id\":\"https:\\\/\\\/www.ahmadiyya-islam.org\\\/es\\\/#\\\/schema\\\/logo\\\/image\\\/\"}},{\"@type\":\"Person\",\"@id\":\"https:\\\/\\\/www.ahmadiyya-islam.org\\\/es\\\/#\\\/schema\\\/person\\\/ac4c08c7012bbfe73a43476371042f59\",\"name\":\"es1tarikara\"}]}<\/script>\n<!-- \/ Yoast SEO Premium plugin. -->","yoast_head_json":{"title":"El l\u00edder de la Comunidad Musulmana Ahmad\u00eda advierte del crecimiento de las hostilidades mundiales y el riesgo de una guerra nuclear desastrosa","description":"A medida que las rivalidades fermentan y los odios se afianzan cada vez m\u00e1s, nadie puede predecir d\u00f3nde nos llevar\u00e1n esos problemas o cu\u00e1n horrorosas ser\u00e1n las consecuencias.El Jalifa del islam, insta a las naciones a trabajar juntas para desarrollar una paz sostenible en el mundo.","robots":{"index":"index","follow":"follow","max-snippet":"max-snippet:-1","max-image-preview":"max-image-preview:large","max-video-preview":"max-video-preview:-1"},"canonical":"https:\/\/www.ahmadiyya-islam.org\/es\/comunicados-de-prensa\/simposio-paz-2019-guerra-nuclear\/","og_locale":"es_ES","og_type":"article","og_title":"El l\u00edder de la Comunidad Musulmana Ahmad\u00eda advierte del crecimiento de las hostilidades mundiales y el riesgo de una guerra nuclear desastrosa","og_description":"A medida que las rivalidades fermentan y los odios se afianzan cada vez m\u00e1s, nadie puede predecir d\u00f3nde nos llevar\u00e1n esos problemas o cu\u00e1n horrorosas ser\u00e1n las consecuencias.El Jalifa del islam, insta a las naciones a trabajar juntas para desarrollar una paz sostenible en el mundo.","og_url":"https:\/\/www.ahmadiyya-islam.org\/es\/comunicados-de-prensa\/simposio-paz-2019-guerra-nuclear\/","og_site_name":"Comunidad Musulmana Ahmad\u00eda","article_published_time":"2019-03-13T11:15:01+00:00","article_modified_time":"2019-03-13T11:56:59+00:00","og_image":[{"width":1467,"height":509,"url":"https:\/\/www.ahmadiyya-islam.org\/es\/wp-content\/uploads\/sites\/10\/2019\/03\/2019-03-09-UK-Peace-Symposium-001.jpg","type":"image\/jpeg"}],"author":"es1tarikara","twitter_card":"summary_large_image","twitter_misc":{"Written by":"es1tarikara","Est. reading time":"12 minutes"},"schema":{"@context":"https:\/\/schema.org","@graph":[{"@type":"Article","@id":"https:\/\/www.ahmadiyya-islam.org\/es\/comunicados-de-prensa\/simposio-paz-2019-guerra-nuclear\/#article","isPartOf":{"@id":"https:\/\/www.ahmadiyya-islam.org\/es\/comunicados-de-prensa\/simposio-paz-2019-guerra-nuclear\/"},"author":{"name":"es1tarikara","@id":"https:\/\/www.ahmadiyya-islam.org\/es\/#\/schema\/person\/ac4c08c7012bbfe73a43476371042f59"},"headline":"El l\u00edder de la Comunidad Musulmana Ahmad\u00eda advierte del crecimiento de las hostilidades mundiales y el riesgo de una guerra nuclear desastrosa","datePublished":"2019-03-13T11:15:01+00:00","dateModified":"2019-03-13T11:56:59+00:00","mainEntityOfPage":{"@id":"https:\/\/www.ahmadiyya-islam.org\/es\/comunicados-de-prensa\/simposio-paz-2019-guerra-nuclear\/"},"wordCount":2401,"publisher":{"@id":"https:\/\/www.ahmadiyya-islam.org\/es\/#organization"},"image":{"@id":"https:\/\/www.ahmadiyya-islam.org\/es\/comunicados-de-prensa\/simposio-paz-2019-guerra-nuclear\/#primaryimage"},"thumbnailUrl":"https:\/\/www.ahmadiyya-islam.org\/es\/wp-content\/uploads\/sites\/10\/2019\/03\/2019-03-09-UK-Peace-Symposium-001.jpg","keywords":["EI","ISIS","Londres"],"articleSection":["Comunicados de prensa"],"inLanguage":"es-ES"},{"@type":"WebPage","@id":"https:\/\/www.ahmadiyya-islam.org\/es\/comunicados-de-prensa\/simposio-paz-2019-guerra-nuclear\/","url":"https:\/\/www.ahmadiyya-islam.org\/es\/comunicados-de-prensa\/simposio-paz-2019-guerra-nuclear\/","name":"El l\u00edder de la Comunidad Musulmana Ahmad\u00eda advierte del crecimiento de las hostilidades mundiales y el riesgo de una guerra nuclear desastrosa","isPartOf":{"@id":"https:\/\/www.ahmadiyya-islam.org\/es\/#website"},"primaryImageOfPage":{"@id":"https:\/\/www.ahmadiyya-islam.org\/es\/comunicados-de-prensa\/simposio-paz-2019-guerra-nuclear\/#primaryimage"},"image":{"@id":"https:\/\/www.ahmadiyya-islam.org\/es\/comunicados-de-prensa\/simposio-paz-2019-guerra-nuclear\/#primaryimage"},"thumbnailUrl":"https:\/\/www.ahmadiyya-islam.org\/es\/wp-content\/uploads\/sites\/10\/2019\/03\/2019-03-09-UK-Peace-Symposium-001.jpg","datePublished":"2019-03-13T11:15:01+00:00","dateModified":"2019-03-13T11:56:59+00:00","description":"A medida que las rivalidades fermentan y los odios se afianzan cada vez m\u00e1s, nadie puede predecir d\u00f3nde nos llevar\u00e1n esos problemas o cu\u00e1n horrorosas ser\u00e1n las consecuencias.El Jalifa del islam, insta a las naciones a trabajar juntas para desarrollar una paz sostenible en el mundo.","breadcrumb":{"@id":"https:\/\/www.ahmadiyya-islam.org\/es\/comunicados-de-prensa\/simposio-paz-2019-guerra-nuclear\/#breadcrumb"},"inLanguage":"es-ES","potentialAction":[{"@type":"ReadAction","target":["https:\/\/www.ahmadiyya-islam.org\/es\/comunicados-de-prensa\/simposio-paz-2019-guerra-nuclear\/"]}]},{"@type":"ImageObject","inLanguage":"es-ES","@id":"https:\/\/www.ahmadiyya-islam.org\/es\/comunicados-de-prensa\/simposio-paz-2019-guerra-nuclear\/#primaryimage","url":"https:\/\/www.ahmadiyya-islam.org\/es\/wp-content\/uploads\/sites\/10\/2019\/03\/2019-03-09-UK-Peace-Symposium-001.jpg","contentUrl":"https:\/\/www.ahmadiyya-islam.org\/es\/wp-content\/uploads\/sites\/10\/2019\/03\/2019-03-09-UK-Peace-Symposium-001.jpg","width":1467,"height":509},{"@type":"BreadcrumbList","@id":"https:\/\/www.ahmadiyya-islam.org\/es\/comunicados-de-prensa\/simposio-paz-2019-guerra-nuclear\/#breadcrumb","itemListElement":[{"@type":"ListItem","position":1,"name":"Home","item":"https:\/\/www.ahmadiyya-islam.org\/es\/"},{"@type":"ListItem","position":2,"name":"El l\u00edder de la Comunidad Musulmana Ahmad\u00eda advierte del crecimiento de las hostilidades mundiales y el riesgo de una guerra nuclear desastrosa"}]},{"@type":"WebSite","@id":"https:\/\/www.ahmadiyya-islam.org\/es\/#website","url":"https:\/\/www.ahmadiyya-islam.org\/es\/","name":"Comunidad Musulmana Ahmad\u00eda","description":"Internacional","publisher":{"@id":"https:\/\/www.ahmadiyya-islam.org\/es\/#organization"},"potentialAction":[{"@type":"SearchAction","target":{"@type":"EntryPoint","urlTemplate":"https:\/\/www.ahmadiyya-islam.org\/es\/?s={search_term_string}"},"query-input":{"@type":"PropertyValueSpecification","valueRequired":true,"valueName":"search_term_string"}}],"inLanguage":"es-ES"},{"@type":"Organization","@id":"https:\/\/www.ahmadiyya-islam.org\/es\/#organization","name":"Comunidad Musulmana Ahmad\u00eda","url":"https:\/\/www.ahmadiyya-islam.org\/es\/","logo":{"@type":"ImageObject","inLanguage":"es-ES","@id":"https:\/\/www.ahmadiyya-islam.org\/es\/#\/schema\/logo\/image\/","url":"https:\/\/www.ahmadiyya-islam.org\/es\/wp-content\/uploads\/sites\/10\/2015\/06\/alislam-logo.png","contentUrl":"https:\/\/www.ahmadiyya-islam.org\/es\/wp-content\/uploads\/sites\/10\/2015\/06\/alislam-logo.png","width":1859,"height":1859,"caption":"Comunidad Musulmana Ahmad\u00eda"},"image":{"@id":"https:\/\/www.ahmadiyya-islam.org\/es\/#\/schema\/logo\/image\/"}},{"@type":"Person","@id":"https:\/\/www.ahmadiyya-islam.org\/es\/#\/schema\/person\/ac4c08c7012bbfe73a43476371042f59","name":"es1tarikara"}]}},"_links":{"self":[{"href":"https:\/\/www.ahmadiyya-islam.org\/es\/wp-json\/wp\/v2\/posts\/5245","targetHints":{"allow":["GET"]}}],"collection":[{"href":"https:\/\/www.ahmadiyya-islam.org\/es\/wp-json\/wp\/v2\/posts"}],"about":[{"href":"https:\/\/www.ahmadiyya-islam.org\/es\/wp-json\/wp\/v2\/types\/post"}],"author":[{"embeddable":true,"href":"https:\/\/www.ahmadiyya-islam.org\/es\/wp-json\/wp\/v2\/users\/15"}],"replies":[{"embeddable":true,"href":"https:\/\/www.ahmadiyya-islam.org\/es\/wp-json\/wp\/v2\/comments?post=5245"}],"version-history":[{"count":0,"href":"https:\/\/www.ahmadiyya-islam.org\/es\/wp-json\/wp\/v2\/posts\/5245\/revisions"}],"wp:featuredmedia":[{"embeddable":true,"href":"https:\/\/www.ahmadiyya-islam.org\/es\/wp-json\/wp\/v2\/media\/5232"}],"wp:attachment":[{"href":"https:\/\/www.ahmadiyya-islam.org\/es\/wp-json\/wp\/v2\/media?parent=5245"}],"wp:term":[{"taxonomy":"category","embeddable":true,"href":"https:\/\/www.ahmadiyya-islam.org\/es\/wp-json\/wp\/v2\/categories?post=5245"},{"taxonomy":"post_tag","embeddable":true,"href":"https:\/\/www.ahmadiyya-islam.org\/es\/wp-json\/wp\/v2\/tags?post=5245"},{"taxonomy":"authors","embeddable":true,"href":"https:\/\/www.ahmadiyya-islam.org\/es\/wp-json\/wp\/v2\/authors?post=5245"},{"taxonomy":"content_source","embeddable":true,"href":"https:\/\/www.ahmadiyya-islam.org\/es\/wp-json\/wp\/v2\/content_source?post=5245"}],"curies":[{"name":"wp","href":"https:\/\/api.w.org\/{rel}","templated":true}]}}