{"id":4943,"date":"2018-10-16T16:58:31","date_gmt":"2018-10-16T16:58:31","guid":{"rendered":"https:\/\/www.ahmadiyya-islam.org\/es\/?p=4943"},"modified":"2018-10-25T17:11:12","modified_gmt":"2018-10-25T17:11:12","slug":"jalifa-llega-eeuu-2018","status":"publish","type":"post","link":"https:\/\/www.ahmadiyya-islam.org\/es\/comunicados-de-prensa\/jalifa-llega-eeuu-2018\/","title":{"rendered":"Jalifa del Islam llega a los Estados Unidos de Am\u00e9rica"},"content":{"rendered":"<p style=\"text-align: center\"><strong>Hazrat Mirza Masrur Ahmad fue recibido por 2000 musulmanes \u00e1hmadis<\/strong><\/p>\n<p>El Jefe Mundial de la Comunidad Musulmana Ahmad\u00eda, el Quinto Jalifa (Califa), Su Santidad, Hazrat Mirza Masrur Ahmad lleg\u00f3 a la mezquita de Baitur Rahman en Silver Spring, Maryland, en la tarde del 15 de octubre de 2018. Su Santidad fue saludado por unos 2.000 musulmanes \u00e1hmadis, que se hab\u00eda congregado en la sede nacional de la Comunidad Musulmana Ahmad\u00eda de EEUU, para dar la bienvenida a su l\u00edder espiritual a los Estados Unidos.<\/p>\n<p><a href=\"https:\/\/www.ahmadiyya-islam.org\/es\/wp-content\/uploads\/sites\/10\/2018\/10\/2018-10-15-USA-Tour-002.jpg\"><img loading=\"lazy\" decoding=\"async\" class=\"size-medium wp-image-4945 aligncenter\" src=\"https:\/\/www.ahmadiyya-islam.org\/es\/wp-content\/uploads\/sites\/10\/2018\/10\/2018-10-15-USA-Tour-002-300x190.jpg\" alt=\"\" width=\"300\" height=\"190\" srcset=\"https:\/\/www.ahmadiyya-islam.org\/es\/wp-content\/uploads\/sites\/10\/2018\/10\/2018-10-15-USA-Tour-002-300x190.jpg 300w, https:\/\/www.ahmadiyya-islam.org\/es\/wp-content\/uploads\/sites\/10\/2018\/10\/2018-10-15-USA-Tour-002-768x485.jpg 768w, https:\/\/www.ahmadiyya-islam.org\/es\/wp-content\/uploads\/sites\/10\/2018\/10\/2018-10-15-USA-Tour-002.jpg 815w\" sizes=\"auto, (max-width: 300px) 100vw, 300px\" \/><\/a><\/p>\n<p>Los musulmanes \u00e1hmadis se llenaron de alegr\u00eda al recibir a Su Santidad, ya que comenz\u00f3 su cuarta visita a Estados Unidos desde su elecci\u00f3n como Califa en 2003. Sus visitas anteriores a Estados Unidos fueron en 2008, 2012 y 2013.<\/p>\n<p><a href=\"https:\/\/www.ahmadiyya-islam.org\/es\/wp-content\/uploads\/sites\/10\/2018\/10\/2018-10-15-USA-Tour-003.jpg\"><img loading=\"lazy\" decoding=\"async\" class=\"size-medium wp-image-4946 aligncenter\" src=\"https:\/\/www.ahmadiyya-islam.org\/es\/wp-content\/uploads\/sites\/10\/2018\/10\/2018-10-15-USA-Tour-003-300x184.jpg\" alt=\"\" width=\"300\" height=\"184\" srcset=\"https:\/\/www.ahmadiyya-islam.org\/es\/wp-content\/uploads\/sites\/10\/2018\/10\/2018-10-15-USA-Tour-003-300x184.jpg 300w, https:\/\/www.ahmadiyya-islam.org\/es\/wp-content\/uploads\/sites\/10\/2018\/10\/2018-10-15-USA-Tour-003-768x471.jpg 768w, https:\/\/www.ahmadiyya-islam.org\/es\/wp-content\/uploads\/sites\/10\/2018\/10\/2018-10-15-USA-Tour-003.jpg 811w\" sizes=\"auto, (max-width: 300px) 100vw, 300px\" \/><\/a><\/p>\n<p>Su Santidad lleg\u00f3 a los Estados Unidos despu\u00e9s de viajar directamente desde Londres. Despu\u00e9s de llegar a la mezquita de Baitur Rahman a las 10.35 pm hora local, Su Santidad dirigi\u00f3 las oraciones del Magreb e Isha.<\/p>\n<p><a href=\"https:\/\/www.ahmadiyya-islam.org\/es\/wp-content\/uploads\/sites\/10\/2018\/10\/2018-10-16-USA-Tour-004.jpg\"><img loading=\"lazy\" decoding=\"async\" class=\"size-medium wp-image-4947 aligncenter\" src=\"https:\/\/www.ahmadiyya-islam.org\/es\/wp-content\/uploads\/sites\/10\/2018\/10\/2018-10-16-USA-Tour-004-300x177.jpg\" alt=\"\" width=\"300\" height=\"177\" srcset=\"https:\/\/www.ahmadiyya-islam.org\/es\/wp-content\/uploads\/sites\/10\/2018\/10\/2018-10-16-USA-Tour-004-300x177.jpg 300w, https:\/\/www.ahmadiyya-islam.org\/es\/wp-content\/uploads\/sites\/10\/2018\/10\/2018-10-16-USA-Tour-004-768x452.jpg 768w, https:\/\/www.ahmadiyya-islam.org\/es\/wp-content\/uploads\/sites\/10\/2018\/10\/2018-10-16-USA-Tour-004.jpg 975w\" sizes=\"auto, (max-width: 300px) 100vw, 300px\" \/><\/a><\/p>\n<p>Posteriormente, el 16 de octubre de 2018, Su Santidad llev\u00f3 a cabo una inspecci\u00f3n de las instalaciones de Baitur Rahman. Su Santidad tambi\u00e9n inspeccion\u00f3 el Teleport Masrur de MTA International, que ha sido recientemente redise\u00f1ado y dirigi\u00f3 una oraci\u00f3n silenciosa.<\/p>\n<p><a href=\"https:\/\/www.ahmadiyya-islam.org\/es\/wp-content\/uploads\/sites\/10\/2018\/10\/2018-10-16-USA-Tour-005.jpg\"><img loading=\"lazy\" decoding=\"async\" class=\"size-medium wp-image-4948 aligncenter\" src=\"https:\/\/www.ahmadiyya-islam.org\/es\/wp-content\/uploads\/sites\/10\/2018\/10\/2018-10-16-USA-Tour-005-300x145.jpg\" alt=\"\" width=\"300\" height=\"145\" srcset=\"https:\/\/www.ahmadiyya-islam.org\/es\/wp-content\/uploads\/sites\/10\/2018\/10\/2018-10-16-USA-Tour-005-300x145.jpg 300w, https:\/\/www.ahmadiyya-islam.org\/es\/wp-content\/uploads\/sites\/10\/2018\/10\/2018-10-16-USA-Tour-005-768x372.jpg 768w, https:\/\/www.ahmadiyya-islam.org\/es\/wp-content\/uploads\/sites\/10\/2018\/10\/2018-10-16-USA-Tour-005.jpg 961w\" sizes=\"auto, (max-width: 300px) 100vw, 300px\" \/><\/a><\/p>\n<p>Durante la inspecci\u00f3n, Su Santidad tambi\u00e9n visit\u00f3 las oficinas administrativas en Baitur Rahman y la cocina (langhar khana). Su Santidad tambi\u00e9n se reuni\u00f3 con voluntarios realizando varias tareas durante su gira.<\/p>\n<p><a href=\"https:\/\/www.ahmadiyya-islam.org\/es\/wp-content\/uploads\/sites\/10\/2018\/10\/2018-10-16-USA-Tour-006.jpg\"><img loading=\"lazy\" decoding=\"async\" class=\"size-medium wp-image-4949 aligncenter\" src=\"https:\/\/www.ahmadiyya-islam.org\/es\/wp-content\/uploads\/sites\/10\/2018\/10\/2018-10-16-USA-Tour-006-300x183.jpg\" alt=\"\" width=\"300\" height=\"183\" srcset=\"https:\/\/www.ahmadiyya-islam.org\/es\/wp-content\/uploads\/sites\/10\/2018\/10\/2018-10-16-USA-Tour-006-300x183.jpg 300w, https:\/\/www.ahmadiyya-islam.org\/es\/wp-content\/uploads\/sites\/10\/2018\/10\/2018-10-16-USA-Tour-006-768x467.jpg 768w, https:\/\/www.ahmadiyya-islam.org\/es\/wp-content\/uploads\/sites\/10\/2018\/10\/2018-10-16-USA-Tour-006.jpg 927w\" sizes=\"auto, (max-width: 300px) 100vw, 300px\" \/><\/a> <a href=\"https:\/\/www.ahmadiyya-islam.org\/es\/wp-content\/uploads\/sites\/10\/2018\/10\/2018-10-16-USA-Tour-007.jpg\"><img loading=\"lazy\" decoding=\"async\" class=\"size-medium wp-image-4950 aligncenter\" src=\"https:\/\/www.ahmadiyya-islam.org\/es\/wp-content\/uploads\/sites\/10\/2018\/10\/2018-10-16-USA-Tour-007-300x218.jpg\" alt=\"\" width=\"300\" height=\"218\" srcset=\"https:\/\/www.ahmadiyya-islam.org\/es\/wp-content\/uploads\/sites\/10\/2018\/10\/2018-10-16-USA-Tour-007-300x218.jpg 300w, https:\/\/www.ahmadiyya-islam.org\/es\/wp-content\/uploads\/sites\/10\/2018\/10\/2018-10-16-USA-Tour-007-768x558.jpg 768w, https:\/\/www.ahmadiyya-islam.org\/es\/wp-content\/uploads\/sites\/10\/2018\/10\/2018-10-16-USA-Tour-007.jpg 920w\" sizes=\"auto, (max-width: 300px) 100vw, 300px\" \/><\/a><\/p>\n<p>Durante su visita a los Estados Unidos, Su Santidad inaugurar\u00e1 3 mezquitas, se reunir\u00e1 con dignatarios y funcionarios locales y se reunir\u00e1 personalmente con cientos de musulmanes \u00e1hmadis.<\/p>\n<p><a href=\"https:\/\/www.ahmadiyya-islam.org\/es\/wp-content\/uploads\/sites\/10\/2018\/10\/2018-10-16-USA-Tour-008.jpg\"><img loading=\"lazy\" decoding=\"async\" class=\"size-medium wp-image-4951 aligncenter\" src=\"https:\/\/www.ahmadiyya-islam.org\/es\/wp-content\/uploads\/sites\/10\/2018\/10\/2018-10-16-USA-Tour-008-300x184.jpg\" alt=\"\" width=\"300\" height=\"184\" srcset=\"https:\/\/www.ahmadiyya-islam.org\/es\/wp-content\/uploads\/sites\/10\/2018\/10\/2018-10-16-USA-Tour-008-300x184.jpg 300w, https:\/\/www.ahmadiyya-islam.org\/es\/wp-content\/uploads\/sites\/10\/2018\/10\/2018-10-16-USA-Tour-008-768x471.jpg 768w, https:\/\/www.ahmadiyya-islam.org\/es\/wp-content\/uploads\/sites\/10\/2018\/10\/2018-10-16-USA-Tour-008.jpg 844w\" sizes=\"auto, (max-width: 300px) 100vw, 300px\" \/><\/a> <a href=\"https:\/\/www.ahmadiyya-islam.org\/es\/wp-content\/uploads\/sites\/10\/2018\/10\/2018-10-16-USA-Tour-009.jpg\"><img loading=\"lazy\" decoding=\"async\" class=\"size-medium wp-image-4952 aligncenter\" src=\"https:\/\/www.ahmadiyya-islam.org\/es\/wp-content\/uploads\/sites\/10\/2018\/10\/2018-10-16-USA-Tour-009-300x200.jpg\" alt=\"\" width=\"300\" height=\"200\" srcset=\"https:\/\/www.ahmadiyya-islam.org\/es\/wp-content\/uploads\/sites\/10\/2018\/10\/2018-10-16-USA-Tour-009-300x200.jpg 300w, https:\/\/www.ahmadiyya-islam.org\/es\/wp-content\/uploads\/sites\/10\/2018\/10\/2018-10-16-USA-Tour-009-768x512.jpg 768w, https:\/\/www.ahmadiyya-islam.org\/es\/wp-content\/uploads\/sites\/10\/2018\/10\/2018-10-16-USA-Tour-009.jpg 853w\" sizes=\"auto, (max-width: 300px) 100vw, 300px\" \/><\/a><\/p>\n","protected":false},"excerpt":{"rendered":"<p>Hazrat Mirza Masrur Ahmad fue recibido por 2000 musulmanes \u00e1hmadis El Jefe Mundial de la Comunidad Musulmana Ahmad\u00eda, el Quinto Jalifa (Califa), Su Santidad, Hazrat Mirza Masrur Ahmad lleg\u00f3 a la mezquita de Baitur Rahman en Silver Spring, Maryland, en la tarde del 15 de octubre de 2018. Su Santidad fue saludado por unos 2.000<\/p>\n","protected":false},"author":29,"featured_media":4944,"comment_status":"closed","ping_status":"closed","sticky":false,"template":"","format":"standard","meta":{"_acf_changed":false,"footnotes":""},"categories":[1],"tags":[36,455],"authors":[],"content_source":[],"class_list":["post-4943","post","type-post","status-publish","format-standard","has-post-thumbnail","hentry","category-comunicados-de-prensa","tag-eeuu","tag-gira-eeuu-2018"],"acf":[],"yoast_head":"<!-- This site is optimized with the Yoast SEO Premium plugin v21.1 (Yoast SEO v27.4) - https:\/\/yoast.com\/product\/yoast-seo-premium-wordpress\/ -->\n<title>Jalifa del Islam llega a los Estados Unidos de Am\u00e9rica<\/title>\n<meta name=\"description\" content=\"Hazrat Mirza Masrur Ahmad fue recibido por 2000 musulmanes \u00e1hmadis El Jefe Mundial de la Comunidad Musulmana Ahmad\u00eda, el Quinto Jalifa (Califa), Su\" \/>\n<meta name=\"robots\" content=\"index, follow, max-snippet:-1, max-image-preview:large, max-video-preview:-1\" \/>\n<link rel=\"canonical\" href=\"https:\/\/www.ahmadiyya-islam.org\/es\/comunicados-de-prensa\/jalifa-llega-eeuu-2018\/\" \/>\n<meta property=\"og:locale\" content=\"es_ES\" \/>\n<meta property=\"og:type\" content=\"article\" \/>\n<meta property=\"og:title\" content=\"Jalifa del Islam llega a los Estados Unidos de Am\u00e9rica\" \/>\n<meta property=\"og:description\" content=\"Hazrat Mirza Masrur Ahmad fue recibido por 2000 musulmanes \u00e1hmadis El Jefe Mundial de la Comunidad Musulmana Ahmad\u00eda, el Quinto Jalifa (Califa), Su\" \/>\n<meta property=\"og:url\" content=\"https:\/\/www.ahmadiyya-islam.org\/es\/comunicados-de-prensa\/jalifa-llega-eeuu-2018\/\" \/>\n<meta property=\"og:site_name\" content=\"Comunidad Musulmana Ahmad\u00eda\" \/>\n<meta property=\"article:published_time\" content=\"2018-10-16T16:58:31+00:00\" \/>\n<meta property=\"article:modified_time\" content=\"2018-10-25T17:11:12+00:00\" \/>\n<meta property=\"og:image\" content=\"https:\/\/www.ahmadiyya-islam.org\/es\/wp-content\/uploads\/sites\/10\/2018\/10\/1-1.png\" \/>\n\t<meta property=\"og:image:width\" content=\"1000\" \/>\n\t<meta property=\"og:image:height\" content=\"590\" \/>\n\t<meta property=\"og:image:type\" content=\"image\/png\" \/>\n<meta name=\"author\" content=\"es2tagb\" \/>\n<meta name=\"twitter:card\" content=\"summary_large_image\" \/>\n<meta name=\"twitter:label1\" content=\"Written by\" \/>\n\t<meta name=\"twitter:data1\" content=\"es2tagb\" \/>\n\t<meta name=\"twitter:label2\" content=\"Est. reading time\" \/>\n\t<meta name=\"twitter:data2\" content=\"1 minute\" \/>\n<script type=\"application\/ld+json\" class=\"yoast-schema-graph\">{\"@context\":\"https:\\\/\\\/schema.org\",\"@graph\":[{\"@type\":\"Article\",\"@id\":\"https:\\\/\\\/www.ahmadiyya-islam.org\\\/es\\\/comunicados-de-prensa\\\/jalifa-llega-eeuu-2018\\\/#article\",\"isPartOf\":{\"@id\":\"https:\\\/\\\/www.ahmadiyya-islam.org\\\/es\\\/comunicados-de-prensa\\\/jalifa-llega-eeuu-2018\\\/\"},\"author\":{\"name\":\"es2tagb\",\"@id\":\"https:\\\/\\\/www.ahmadiyya-islam.org\\\/es\\\/#\\\/schema\\\/person\\\/f67898763692f1d39d751f0adc0238c1\"},\"headline\":\"Jalifa del Islam llega a los Estados Unidos de Am\u00e9rica\",\"datePublished\":\"2018-10-16T16:58:31+00:00\",\"dateModified\":\"2018-10-25T17:11:12+00:00\",\"mainEntityOfPage\":{\"@id\":\"https:\\\/\\\/www.ahmadiyya-islam.org\\\/es\\\/comunicados-de-prensa\\\/jalifa-llega-eeuu-2018\\\/\"},\"wordCount\":274,\"publisher\":{\"@id\":\"https:\\\/\\\/www.ahmadiyya-islam.org\\\/es\\\/#organization\"},\"image\":{\"@id\":\"https:\\\/\\\/www.ahmadiyya-islam.org\\\/es\\\/comunicados-de-prensa\\\/jalifa-llega-eeuu-2018\\\/#primaryimage\"},\"thumbnailUrl\":\"https:\\\/\\\/www.ahmadiyya-islam.org\\\/es\\\/wp-content\\\/uploads\\\/sites\\\/10\\\/2018\\\/10\\\/1-1.png\",\"keywords\":[\"EEUU\",\"Gira EEUU 2018\"],\"articleSection\":[\"Comunicados de prensa\"],\"inLanguage\":\"es-ES\"},{\"@type\":\"WebPage\",\"@id\":\"https:\\\/\\\/www.ahmadiyya-islam.org\\\/es\\\/comunicados-de-prensa\\\/jalifa-llega-eeuu-2018\\\/\",\"url\":\"https:\\\/\\\/www.ahmadiyya-islam.org\\\/es\\\/comunicados-de-prensa\\\/jalifa-llega-eeuu-2018\\\/\",\"name\":\"Jalifa del Islam llega a los Estados Unidos de Am\u00e9rica\",\"isPartOf\":{\"@id\":\"https:\\\/\\\/www.ahmadiyya-islam.org\\\/es\\\/#website\"},\"primaryImageOfPage\":{\"@id\":\"https:\\\/\\\/www.ahmadiyya-islam.org\\\/es\\\/comunicados-de-prensa\\\/jalifa-llega-eeuu-2018\\\/#primaryimage\"},\"image\":{\"@id\":\"https:\\\/\\\/www.ahmadiyya-islam.org\\\/es\\\/comunicados-de-prensa\\\/jalifa-llega-eeuu-2018\\\/#primaryimage\"},\"thumbnailUrl\":\"https:\\\/\\\/www.ahmadiyya-islam.org\\\/es\\\/wp-content\\\/uploads\\\/sites\\\/10\\\/2018\\\/10\\\/1-1.png\",\"datePublished\":\"2018-10-16T16:58:31+00:00\",\"dateModified\":\"2018-10-25T17:11:12+00:00\",\"description\":\"Hazrat Mirza Masrur Ahmad fue recibido por 2000 musulmanes \u00e1hmadis El Jefe Mundial de la Comunidad Musulmana Ahmad\u00eda, el Quinto Jalifa (Califa), Su\",\"breadcrumb\":{\"@id\":\"https:\\\/\\\/www.ahmadiyya-islam.org\\\/es\\\/comunicados-de-prensa\\\/jalifa-llega-eeuu-2018\\\/#breadcrumb\"},\"inLanguage\":\"es-ES\",\"potentialAction\":[{\"@type\":\"ReadAction\",\"target\":[\"https:\\\/\\\/www.ahmadiyya-islam.org\\\/es\\\/comunicados-de-prensa\\\/jalifa-llega-eeuu-2018\\\/\"]}]},{\"@type\":\"ImageObject\",\"inLanguage\":\"es-ES\",\"@id\":\"https:\\\/\\\/www.ahmadiyya-islam.org\\\/es\\\/comunicados-de-prensa\\\/jalifa-llega-eeuu-2018\\\/#primaryimage\",\"url\":\"https:\\\/\\\/www.ahmadiyya-islam.org\\\/es\\\/wp-content\\\/uploads\\\/sites\\\/10\\\/2018\\\/10\\\/1-1.png\",\"contentUrl\":\"https:\\\/\\\/www.ahmadiyya-islam.org\\\/es\\\/wp-content\\\/uploads\\\/sites\\\/10\\\/2018\\\/10\\\/1-1.png\",\"width\":1000,\"height\":590},{\"@type\":\"BreadcrumbList\",\"@id\":\"https:\\\/\\\/www.ahmadiyya-islam.org\\\/es\\\/comunicados-de-prensa\\\/jalifa-llega-eeuu-2018\\\/#breadcrumb\",\"itemListElement\":[{\"@type\":\"ListItem\",\"position\":1,\"name\":\"Home\",\"item\":\"https:\\\/\\\/www.ahmadiyya-islam.org\\\/es\\\/\"},{\"@type\":\"ListItem\",\"position\":2,\"name\":\"Jalifa del Islam llega a los Estados Unidos de Am\u00e9rica\"}]},{\"@type\":\"WebSite\",\"@id\":\"https:\\\/\\\/www.ahmadiyya-islam.org\\\/es\\\/#website\",\"url\":\"https:\\\/\\\/www.ahmadiyya-islam.org\\\/es\\\/\",\"name\":\"Comunidad Musulmana Ahmad\u00eda\",\"description\":\"Internacional\",\"publisher\":{\"@id\":\"https:\\\/\\\/www.ahmadiyya-islam.org\\\/es\\\/#organization\"},\"potentialAction\":[{\"@type\":\"SearchAction\",\"target\":{\"@type\":\"EntryPoint\",\"urlTemplate\":\"https:\\\/\\\/www.ahmadiyya-islam.org\\\/es\\\/?s={search_term_string}\"},\"query-input\":{\"@type\":\"PropertyValueSpecification\",\"valueRequired\":true,\"valueName\":\"search_term_string\"}}],\"inLanguage\":\"es-ES\"},{\"@type\":\"Organization\",\"@id\":\"https:\\\/\\\/www.ahmadiyya-islam.org\\\/es\\\/#organization\",\"name\":\"Comunidad Musulmana Ahmad\u00eda\",\"url\":\"https:\\\/\\\/www.ahmadiyya-islam.org\\\/es\\\/\",\"logo\":{\"@type\":\"ImageObject\",\"inLanguage\":\"es-ES\",\"@id\":\"https:\\\/\\\/www.ahmadiyya-islam.org\\\/es\\\/#\\\/schema\\\/logo\\\/image\\\/\",\"url\":\"https:\\\/\\\/www.ahmadiyya-islam.org\\\/es\\\/wp-content\\\/uploads\\\/sites\\\/10\\\/2015\\\/06\\\/alislam-logo.png\",\"contentUrl\":\"https:\\\/\\\/www.ahmadiyya-islam.org\\\/es\\\/wp-content\\\/uploads\\\/sites\\\/10\\\/2015\\\/06\\\/alislam-logo.png\",\"width\":1859,\"height\":1859,\"caption\":\"Comunidad Musulmana Ahmad\u00eda\"},\"image\":{\"@id\":\"https:\\\/\\\/www.ahmadiyya-islam.org\\\/es\\\/#\\\/schema\\\/logo\\\/image\\\/\"}},{\"@type\":\"Person\",\"@id\":\"https:\\\/\\\/www.ahmadiyya-islam.org\\\/es\\\/#\\\/schema\\\/person\\\/f67898763692f1d39d751f0adc0238c1\",\"name\":\"es2tagb\"}]}<\/script>\n<!-- \/ Yoast SEO Premium plugin. -->","yoast_head_json":{"title":"Jalifa del Islam llega a los Estados Unidos de Am\u00e9rica","description":"Hazrat Mirza Masrur Ahmad fue recibido por 2000 musulmanes \u00e1hmadis El Jefe Mundial de la Comunidad Musulmana Ahmad\u00eda, el Quinto Jalifa (Califa), Su","robots":{"index":"index","follow":"follow","max-snippet":"max-snippet:-1","max-image-preview":"max-image-preview:large","max-video-preview":"max-video-preview:-1"},"canonical":"https:\/\/www.ahmadiyya-islam.org\/es\/comunicados-de-prensa\/jalifa-llega-eeuu-2018\/","og_locale":"es_ES","og_type":"article","og_title":"Jalifa del Islam llega a los Estados Unidos de Am\u00e9rica","og_description":"Hazrat Mirza Masrur Ahmad fue recibido por 2000 musulmanes \u00e1hmadis El Jefe Mundial de la Comunidad Musulmana Ahmad\u00eda, el Quinto Jalifa (Califa), Su","og_url":"https:\/\/www.ahmadiyya-islam.org\/es\/comunicados-de-prensa\/jalifa-llega-eeuu-2018\/","og_site_name":"Comunidad Musulmana Ahmad\u00eda","article_published_time":"2018-10-16T16:58:31+00:00","article_modified_time":"2018-10-25T17:11:12+00:00","og_image":[{"width":1000,"height":590,"url":"https:\/\/www.ahmadiyya-islam.org\/es\/wp-content\/uploads\/sites\/10\/2018\/10\/1-1.png","type":"image\/png"}],"author":"es2tagb","twitter_card":"summary_large_image","twitter_misc":{"Written by":"es2tagb","Est. reading time":"1 minute"},"schema":{"@context":"https:\/\/schema.org","@graph":[{"@type":"Article","@id":"https:\/\/www.ahmadiyya-islam.org\/es\/comunicados-de-prensa\/jalifa-llega-eeuu-2018\/#article","isPartOf":{"@id":"https:\/\/www.ahmadiyya-islam.org\/es\/comunicados-de-prensa\/jalifa-llega-eeuu-2018\/"},"author":{"name":"es2tagb","@id":"https:\/\/www.ahmadiyya-islam.org\/es\/#\/schema\/person\/f67898763692f1d39d751f0adc0238c1"},"headline":"Jalifa del Islam llega a los Estados Unidos de Am\u00e9rica","datePublished":"2018-10-16T16:58:31+00:00","dateModified":"2018-10-25T17:11:12+00:00","mainEntityOfPage":{"@id":"https:\/\/www.ahmadiyya-islam.org\/es\/comunicados-de-prensa\/jalifa-llega-eeuu-2018\/"},"wordCount":274,"publisher":{"@id":"https:\/\/www.ahmadiyya-islam.org\/es\/#organization"},"image":{"@id":"https:\/\/www.ahmadiyya-islam.org\/es\/comunicados-de-prensa\/jalifa-llega-eeuu-2018\/#primaryimage"},"thumbnailUrl":"https:\/\/www.ahmadiyya-islam.org\/es\/wp-content\/uploads\/sites\/10\/2018\/10\/1-1.png","keywords":["EEUU","Gira EEUU 2018"],"articleSection":["Comunicados de prensa"],"inLanguage":"es-ES"},{"@type":"WebPage","@id":"https:\/\/www.ahmadiyya-islam.org\/es\/comunicados-de-prensa\/jalifa-llega-eeuu-2018\/","url":"https:\/\/www.ahmadiyya-islam.org\/es\/comunicados-de-prensa\/jalifa-llega-eeuu-2018\/","name":"Jalifa del Islam llega a los Estados Unidos de Am\u00e9rica","isPartOf":{"@id":"https:\/\/www.ahmadiyya-islam.org\/es\/#website"},"primaryImageOfPage":{"@id":"https:\/\/www.ahmadiyya-islam.org\/es\/comunicados-de-prensa\/jalifa-llega-eeuu-2018\/#primaryimage"},"image":{"@id":"https:\/\/www.ahmadiyya-islam.org\/es\/comunicados-de-prensa\/jalifa-llega-eeuu-2018\/#primaryimage"},"thumbnailUrl":"https:\/\/www.ahmadiyya-islam.org\/es\/wp-content\/uploads\/sites\/10\/2018\/10\/1-1.png","datePublished":"2018-10-16T16:58:31+00:00","dateModified":"2018-10-25T17:11:12+00:00","description":"Hazrat Mirza Masrur Ahmad fue recibido por 2000 musulmanes \u00e1hmadis El Jefe Mundial de la Comunidad Musulmana Ahmad\u00eda, el Quinto Jalifa (Califa), Su","breadcrumb":{"@id":"https:\/\/www.ahmadiyya-islam.org\/es\/comunicados-de-prensa\/jalifa-llega-eeuu-2018\/#breadcrumb"},"inLanguage":"es-ES","potentialAction":[{"@type":"ReadAction","target":["https:\/\/www.ahmadiyya-islam.org\/es\/comunicados-de-prensa\/jalifa-llega-eeuu-2018\/"]}]},{"@type":"ImageObject","inLanguage":"es-ES","@id":"https:\/\/www.ahmadiyya-islam.org\/es\/comunicados-de-prensa\/jalifa-llega-eeuu-2018\/#primaryimage","url":"https:\/\/www.ahmadiyya-islam.org\/es\/wp-content\/uploads\/sites\/10\/2018\/10\/1-1.png","contentUrl":"https:\/\/www.ahmadiyya-islam.org\/es\/wp-content\/uploads\/sites\/10\/2018\/10\/1-1.png","width":1000,"height":590},{"@type":"BreadcrumbList","@id":"https:\/\/www.ahmadiyya-islam.org\/es\/comunicados-de-prensa\/jalifa-llega-eeuu-2018\/#breadcrumb","itemListElement":[{"@type":"ListItem","position":1,"name":"Home","item":"https:\/\/www.ahmadiyya-islam.org\/es\/"},{"@type":"ListItem","position":2,"name":"Jalifa del Islam llega a los Estados Unidos de Am\u00e9rica"}]},{"@type":"WebSite","@id":"https:\/\/www.ahmadiyya-islam.org\/es\/#website","url":"https:\/\/www.ahmadiyya-islam.org\/es\/","name":"Comunidad Musulmana Ahmad\u00eda","description":"Internacional","publisher":{"@id":"https:\/\/www.ahmadiyya-islam.org\/es\/#organization"},"potentialAction":[{"@type":"SearchAction","target":{"@type":"EntryPoint","urlTemplate":"https:\/\/www.ahmadiyya-islam.org\/es\/?s={search_term_string}"},"query-input":{"@type":"PropertyValueSpecification","valueRequired":true,"valueName":"search_term_string"}}],"inLanguage":"es-ES"},{"@type":"Organization","@id":"https:\/\/www.ahmadiyya-islam.org\/es\/#organization","name":"Comunidad Musulmana Ahmad\u00eda","url":"https:\/\/www.ahmadiyya-islam.org\/es\/","logo":{"@type":"ImageObject","inLanguage":"es-ES","@id":"https:\/\/www.ahmadiyya-islam.org\/es\/#\/schema\/logo\/image\/","url":"https:\/\/www.ahmadiyya-islam.org\/es\/wp-content\/uploads\/sites\/10\/2015\/06\/alislam-logo.png","contentUrl":"https:\/\/www.ahmadiyya-islam.org\/es\/wp-content\/uploads\/sites\/10\/2015\/06\/alislam-logo.png","width":1859,"height":1859,"caption":"Comunidad Musulmana Ahmad\u00eda"},"image":{"@id":"https:\/\/www.ahmadiyya-islam.org\/es\/#\/schema\/logo\/image\/"}},{"@type":"Person","@id":"https:\/\/www.ahmadiyya-islam.org\/es\/#\/schema\/person\/f67898763692f1d39d751f0adc0238c1","name":"es2tagb"}]}},"_links":{"self":[{"href":"https:\/\/www.ahmadiyya-islam.org\/es\/wp-json\/wp\/v2\/posts\/4943","targetHints":{"allow":["GET"]}}],"collection":[{"href":"https:\/\/www.ahmadiyya-islam.org\/es\/wp-json\/wp\/v2\/posts"}],"about":[{"href":"https:\/\/www.ahmadiyya-islam.org\/es\/wp-json\/wp\/v2\/types\/post"}],"author":[{"embeddable":true,"href":"https:\/\/www.ahmadiyya-islam.org\/es\/wp-json\/wp\/v2\/users\/29"}],"replies":[{"embeddable":true,"href":"https:\/\/www.ahmadiyya-islam.org\/es\/wp-json\/wp\/v2\/comments?post=4943"}],"version-history":[{"count":0,"href":"https:\/\/www.ahmadiyya-islam.org\/es\/wp-json\/wp\/v2\/posts\/4943\/revisions"}],"wp:featuredmedia":[{"embeddable":true,"href":"https:\/\/www.ahmadiyya-islam.org\/es\/wp-json\/wp\/v2\/media\/4944"}],"wp:attachment":[{"href":"https:\/\/www.ahmadiyya-islam.org\/es\/wp-json\/wp\/v2\/media?parent=4943"}],"wp:term":[{"taxonomy":"category","embeddable":true,"href":"https:\/\/www.ahmadiyya-islam.org\/es\/wp-json\/wp\/v2\/categories?post=4943"},{"taxonomy":"post_tag","embeddable":true,"href":"https:\/\/www.ahmadiyya-islam.org\/es\/wp-json\/wp\/v2\/tags?post=4943"},{"taxonomy":"authors","embeddable":true,"href":"https:\/\/www.ahmadiyya-islam.org\/es\/wp-json\/wp\/v2\/authors?post=4943"},{"taxonomy":"content_source","embeddable":true,"href":"https:\/\/www.ahmadiyya-islam.org\/es\/wp-json\/wp\/v2\/content_source?post=4943"}],"curies":[{"name":"wp","href":"https:\/\/api.w.org\/{rel}","templated":true}]}}