{"id":4920,"date":"2018-09-15T17:31:05","date_gmt":"2018-09-15T17:31:05","guid":{"rendered":"https:\/\/www.ahmadiyya-islam.org\/es\/?p=4920"},"modified":"2018-10-03T17:45:17","modified_gmt":"2018-10-03T17:45:17","slug":"mujeres-en-el-yalsa-salana-belgica-2018","status":"publish","type":"post","link":"https:\/\/www.ahmadiyya-islam.org\/es\/comunicados-de-prensa\/mujeres-en-el-yalsa-salana-belgica-2018\/","title":{"rendered":"Jalifa del Islam se dirige a la sesi\u00f3n de mujeres en el Yalsa Salana B\u00e9lgica 2018"},"content":{"rendered":"<p>Hazrat Mirza Masrur Ahmad tambi\u00e9n se re\u00fane con dignatarios locales y medios<\/p>\n<p>El 15 de septiembre de 2018, el Jefe Mundial de la Comunidad Musulmana Ahmad\u00eda, el Quinto Jalifa (Califa), Su Santidad, Hazrat Mirza Masrur Ahmad se dirigi\u00f3 a los miembros de Lallna Imaillah (Organizaci\u00f3n Auxiliar de las mujeres) sobre la importancia de mantenerse firmes en las verdaderas ense\u00f1anzas del islam sobre el segundo d\u00eda de la 25\u00aa Convenci\u00f3n Anual (Yalsa Salana) de la Comunidad Musulmana Ahmad\u00eda de B\u00e9lgica.<\/p>\n<p>Su Santidad se refiri\u00f3 al hecho de que muchos musulmanes \u00e1hmadis hab\u00edan emigrado a varios pa\u00edses desarrollados, como B\u00e9lgica, debido a que sus pr\u00e1cticas religiosas b\u00e1sicas hab\u00edan sido criminalizadas en Pakist\u00e1n, donde hab\u00edan sido declaradas \u201cno musulmanas\u201d por los legisladores de la naci\u00f3n.<\/p>\n<p><a href=\"https:\/\/www.ahmadiyya-islam.org\/es\/wp-content\/uploads\/sites\/10\/2018\/10\/Belgium-Lajna-2.jpg\"><img loading=\"lazy\" decoding=\"async\" class=\"size-full wp-image-4924 aligncenter\" src=\"https:\/\/www.ahmadiyya-islam.org\/es\/wp-content\/uploads\/sites\/10\/2018\/10\/Belgium-Lajna-2.jpg\" alt=\"\" width=\"999\" height=\"326\" srcset=\"https:\/\/www.ahmadiyya-islam.org\/es\/wp-content\/uploads\/sites\/10\/2018\/10\/Belgium-Lajna-2.jpg 999w, https:\/\/www.ahmadiyya-islam.org\/es\/wp-content\/uploads\/sites\/10\/2018\/10\/Belgium-Lajna-2-300x98.jpg 300w, https:\/\/www.ahmadiyya-islam.org\/es\/wp-content\/uploads\/sites\/10\/2018\/10\/Belgium-Lajna-2-768x251.jpg 768w\" sizes=\"auto, (max-width: 999px) 100vw, 999px\" \/><\/a><\/p>\n<p>Su Santidad dijo que esas personas, que ahora viven en el extranjero y disfrutan de la libertad religiosa, nunca deber\u00edan olvidar la raz\u00f3n por la que se les concedi\u00f3 refugio o las duras condiciones que hab\u00edan dejado atr\u00e1s.<\/p>\n<p>Hazrat Mirza Masrur Ahmad dijo:<\/p>\n<blockquote><p><strong>\u201cAdem\u00e1s de la libertad religiosa que adquieren, los musulmanes \u00e1hmadis que emigran a los pa\u00edses desarrollados tambi\u00e9n tienden a beneficiarse de las mejores condiciones socioecon\u00f3micas. Sin embargo, la mayor comodidad y la prosperidad material nunca deber\u00edan conducirlos a descuidar la adoraci\u00f3n de Al-lah el Todopoderoso. Si prestan la debida atenci\u00f3n a la remembranza y adoraci\u00f3n de Dios, no solo obtendr\u00e1n los beneficios materiales, sino que tambi\u00e9n se convertir\u00e1n en los destinatarios de las infinitas recompensas de Al-lah el Todopoderoso.\u201d<\/strong><\/p><\/blockquote>\n<p>Su Santidad pas\u00f3 a narrar ejemplos de mujeres musulmanas \u00e1hmadis que hab\u00edan mostrado una tolerancia extraordinaria en la defensa de su fe ante la extrema persecuci\u00f3n e intimidaci\u00f3n.<\/p>\n<p><a href=\"https:\/\/www.ahmadiyya-islam.org\/es\/wp-content\/uploads\/sites\/10\/2018\/10\/Belgium-Lajna-3.jpg\"><img loading=\"lazy\" decoding=\"async\" class=\"size-full wp-image-4923 aligncenter\" src=\"https:\/\/www.ahmadiyya-islam.org\/es\/wp-content\/uploads\/sites\/10\/2018\/10\/Belgium-Lajna-3.jpg\" alt=\"\" width=\"999\" height=\"586\" srcset=\"https:\/\/www.ahmadiyya-islam.org\/es\/wp-content\/uploads\/sites\/10\/2018\/10\/Belgium-Lajna-3.jpg 999w, https:\/\/www.ahmadiyya-islam.org\/es\/wp-content\/uploads\/sites\/10\/2018\/10\/Belgium-Lajna-3-300x176.jpg 300w, https:\/\/www.ahmadiyya-islam.org\/es\/wp-content\/uploads\/sites\/10\/2018\/10\/Belgium-Lajna-3-768x450.jpg 768w\" sizes=\"auto, (max-width: 999px) 100vw, 999px\" \/><\/a><\/p>\n<p>Su Santidad mencion\u00f3 a una musulmana \u00e1hmadi de Bangladesh que trabajaba como ingeniera. Cuando solicit\u00f3 una baja del trabajo para asistir a la Convenci\u00f3n Anual de la Comunidad Musulmana Ahmad\u00eda del Reino Unido, sus empleadores rechazaron la solicitud solo porque ella era musulmana \u00e1hmadi.<\/p>\n<p>Ante esto, ella renunci\u00f3 inmediatamente a su puesto de trabajo para viajar a la Convenci\u00f3n. Con la gracia de Al-lah, al regresar a Bangladesh, pudo encontrar un trabajo mucho mejor.<\/p>\n<p>Su Santidad tambi\u00e9n narr\u00f3 un incidente de una se\u00f1ora de la India que, despu\u00e9s de convertirse\/unirse a la Comunidad Musulmana Ahmad\u00eda, se apasion\u00f3 mucho por defender sus creencias, pero a menudo fue ridiculizada y hostigada por su fe.<\/p>\n<p><a href=\"https:\/\/www.ahmadiyya-islam.org\/es\/wp-content\/uploads\/sites\/10\/2018\/10\/Belgium-Lajna-4.jpg\"><img loading=\"lazy\" decoding=\"async\" class=\"size-full wp-image-4922 aligncenter\" src=\"https:\/\/www.ahmadiyya-islam.org\/es\/wp-content\/uploads\/sites\/10\/2018\/10\/Belgium-Lajna-4.jpg\" alt=\"\" width=\"657\" height=\"954\" srcset=\"https:\/\/www.ahmadiyya-islam.org\/es\/wp-content\/uploads\/sites\/10\/2018\/10\/Belgium-Lajna-4.jpg 657w, https:\/\/www.ahmadiyya-islam.org\/es\/wp-content\/uploads\/sites\/10\/2018\/10\/Belgium-Lajna-4-207x300.jpg 207w\" sizes=\"auto, (max-width: 657px) 100vw, 657px\" \/><\/a><\/p>\n<p>Por ejemplo, al fallecer su esposo, los ulemas le negaron el permiso para que su esposo fuera enterrado junto con otros musulmanes en el cementerio local. En lugar de debilitar su resoluci\u00f3n, mostr\u00f3 gran fortaleza y coraje y enterr\u00f3 a su esposo en su propio jard\u00edn.<\/p>\n<p>Su Santidad tambi\u00e9n mencion\u00f3 un incidente de una mujer musulmana \u00e1hmadi de Canad\u00e1 que solicit\u00f3 trabajo en varios lugares despu\u00e9s de completar sus estudios. A pesar de estar bien cualificada, luch\u00f3 para encontrar trabajo ya que los empleadores ten\u00edan reservas sobre el hecho de que ella practica el Hiyab.<\/p>\n<p><a href=\"https:\/\/www.ahmadiyya-islam.org\/es\/wp-content\/uploads\/sites\/10\/2018\/10\/Belgium-Lajna-5.jpg\"><img loading=\"lazy\" decoding=\"async\" class=\"size-full wp-image-4921 aligncenter\" src=\"https:\/\/www.ahmadiyya-islam.org\/es\/wp-content\/uploads\/sites\/10\/2018\/10\/Belgium-Lajna-5.jpg\" alt=\"\" width=\"993\" height=\"449\" srcset=\"https:\/\/www.ahmadiyya-islam.org\/es\/wp-content\/uploads\/sites\/10\/2018\/10\/Belgium-Lajna-5.jpg 993w, https:\/\/www.ahmadiyya-islam.org\/es\/wp-content\/uploads\/sites\/10\/2018\/10\/Belgium-Lajna-5-300x136.jpg 300w, https:\/\/www.ahmadiyya-islam.org\/es\/wp-content\/uploads\/sites\/10\/2018\/10\/Belgium-Lajna-5-768x347.jpg 768w\" sizes=\"auto, (max-width: 993px) 100vw, 993px\" \/><\/a><\/p>\n<p>Refiri\u00e9ndose al incidente, Hazrat Mirza Masrur Ahmad dijo:<\/p>\n<blockquote><p><strong>\u201cEl suyo fue un ejemplo de verdadera fe y ella no est\u00e1 sola. En muchos pa\u00edses occidentales, hay mujeres locales que se unen a la Comunidad Musulmana Ahmad\u00eda y practican el Hiyab sin ninguna vacilaci\u00f3n o complejidad. Ciertamente, esas mujeres est\u00e1n dando un ejemplo a los dem\u00e1s de que no hay necesidad de tener ning\u00fan complejo de inferioridad en lo que respecta a su fe. Si eres sincero en tu promesa de dar prioridad a tu fe en todos los asuntos mundanos, se te pedir\u00e1 que demuestres firme resoluci\u00f3n.\u201d<\/strong><\/p><\/blockquote>\n<p>M\u00e1s tarde en el d\u00eda, Su Santidad se reuni\u00f3 con varios l\u00edderes pol\u00edticos, alcaldes y otros dignatarios que prestaron servicios en varios municipios de Bruselas. Su Santidad tambi\u00e9n envi\u00f3 una serie de preguntas durante una conferencia de prensa de 35 minutos.<\/p>\n<p>Durante su reuni\u00f3n con los dignatarios, Su Santidad habl\u00f3 sobre la necesidad de tolerancia en la sociedad entre todas las personas y todos los grupos.<\/p>\n<p><a href=\"https:\/\/www.ahmadiyya-islam.org\/es\/wp-content\/uploads\/sites\/10\/2018\/10\/Belgium-Lajna-6.jpg\"><img loading=\"lazy\" decoding=\"async\" class=\"size-full wp-image-4926 aligncenter\" src=\"https:\/\/www.ahmadiyya-islam.org\/es\/wp-content\/uploads\/sites\/10\/2018\/10\/Belgium-Lajna-6.jpg\" alt=\"\" width=\"993\" height=\"570\" srcset=\"https:\/\/www.ahmadiyya-islam.org\/es\/wp-content\/uploads\/sites\/10\/2018\/10\/Belgium-Lajna-6.jpg 993w, https:\/\/www.ahmadiyya-islam.org\/es\/wp-content\/uploads\/sites\/10\/2018\/10\/Belgium-Lajna-6-300x172.jpg 300w, https:\/\/www.ahmadiyya-islam.org\/es\/wp-content\/uploads\/sites\/10\/2018\/10\/Belgium-Lajna-6-768x441.jpg 768w\" sizes=\"auto, (max-width: 993px) 100vw, 993px\" \/><\/a><\/p>\n<p>Su Santidad tambi\u00e9n habl\u00f3 sobre la persecuci\u00f3n que enfrenta la comunidad musulmana Ahmadiyya en Pakist\u00e1n y dijo que despu\u00e9s de su elecci\u00f3n como Califa en 2003 no tuvo m\u00e1s remedio que emigrar al extranjero para poder llevar a cabo sus deberes como Jefe de la Comunidad Musulmana Ahmad\u00eda.<\/p>\n<p>Hablando de la importancia de la verdadera libertad religiosa, Hazrat Mirza Masroor Ahmad dijo:<\/p>\n<blockquote><p><strong>&#8220;La religi\u00f3n es y siempre es una cuesti\u00f3n de coraz\u00f3n. Esta es la ense\u00f1anza del Sagrado Cor\u00e1n, que declara categ\u00f3ricamente que no debe haber compulsi\u00f3n en la religi\u00f3n y que cada religi\u00f3n debe ser respetada &#8220;.<\/strong><\/p><\/blockquote>\n<p>En la conferencia de prensa posterior, se le pregunt\u00f3 a Su Santidad sobre el aumento de la islamofobia en los pa\u00edses no musulmanes.<\/p>\n<p>En respuesta, Hazrat Mirza Masrur Ahmad dijo:<\/p>\n<blockquote><p><strong>\u201cNosotros, los musulmanes \u00e1hmadis, nos esforzamos por mostrar las verdaderas ense\u00f1anzas pac\u00edficas del islam a trav\u00e9s de nuestras palabras y hechos. Celebramos Simposios de Paz y nos reunimos con pol\u00edticos, dignatarios y miembros generales del p\u00fablico y nos esforzamos por mostrarles el verdadero rostro del islam. Esta es nuestra manera de contrarrestar el miedo al islam que est\u00e1 aumentando entre los no musulmanes. Entre la comunidad musulmana m\u00e1s amplia, es necesario que los ulemas ense\u00f1en a sus seguidores acerca de las ense\u00f1anzas pac\u00edficas reales del Sagrado Cor\u00e1n y les expliquen que el Profeta del islam (la paz y las bendiciones sean con \u00e9l) fue enviado como una misericordia. para toda la humanidad.\u201d<\/strong><\/p><\/blockquote>\n<p>Tambi\u00e9n se le pregunt\u00f3 a Su Santidad acerca de la persecuci\u00f3n de los musulmanes \u00e1hmadis en Pakist\u00e1n y la respuesta de la Comunidad Musulmana Ahmad\u00eda a dicha persecuci\u00f3n.<\/p>\n<p>Hazrat Mirza Masrur Ahmad dijo:<\/p>\n<blockquote><p><strong>\u201cLas leyes anti-ahmad\u00eda en Pakist\u00e1n son leyes muy crueles y se oponen a la visi\u00f3n del fundador de Pakist\u00e1n. El Pakist\u00e1n que Jinnah buscaba era un Pakist\u00e1n abierto en el que todas las personas tuvieran libertad religiosa. El primer gobierno que form\u00f3 demostr\u00f3 su deseo de defender los principios de la libertad religiosa. Si digo que soy musulm\u00e1n y recito la shahada (kalima), entonces, \u00bfqu\u00e9 derecho tiene alguien para decir que yo no soy?\u201d<\/strong><\/p><\/blockquote>\n","protected":false},"excerpt":{"rendered":"<p>Hazrat Mirza Masrur Ahmad tambi\u00e9n se re\u00fane con dignatarios locales y medios El 15 de septiembre de 2018, el Jefe Mundial de la Comunidad Musulmana Ahmad\u00eda, el Quinto Jalifa (Califa), Su Santidad, Hazrat Mirza Masrur Ahmad se dirigi\u00f3 a los miembros de Lallna Imaillah (Organizaci\u00f3n Auxiliar de las mujeres) sobre la importancia de mantenerse firmes<\/p>\n","protected":false},"author":35,"featured_media":4918,"comment_status":"closed","ping_status":"closed","sticky":false,"template":"","format":"standard","meta":{"_acf_changed":false,"footnotes":""},"categories":[1],"tags":[165],"authors":[],"content_source":[],"class_list":["post-4920","post","type-post","status-publish","format-standard","has-post-thumbnail","hentry","category-comunicados-de-prensa","tag-belgica","topics-mujer","topics-yalsa-salana"],"acf":[],"yoast_head":"<!-- This site is optimized with the Yoast SEO Premium plugin v21.1 (Yoast SEO v27.4) - https:\/\/yoast.com\/product\/yoast-seo-premium-wordpress\/ -->\n<title>Jalifa del Islam se dirige a la sesi\u00f3n de mujeres en el Yalsa Salana B\u00e9lgica 2018<\/title>\n<meta name=\"description\" content=\"Hazrat Mirza Masrur Ahmad tambi\u00e9n se re\u00fane con dignatarios locales y medios El 15 de septiembre de 2018, el Jefe Mundial de la Comunidad Musulmana\" \/>\n<meta name=\"robots\" content=\"index, follow, max-snippet:-1, max-image-preview:large, max-video-preview:-1\" \/>\n<link rel=\"canonical\" href=\"https:\/\/www.ahmadiyya-islam.org\/es\/comunicados-de-prensa\/mujeres-en-el-yalsa-salana-belgica-2018\/\" \/>\n<meta property=\"og:locale\" content=\"es_ES\" \/>\n<meta property=\"og:type\" content=\"article\" \/>\n<meta property=\"og:title\" content=\"Jalifa del Islam se dirige a la sesi\u00f3n de mujeres en el Yalsa Salana B\u00e9lgica 2018\" \/>\n<meta property=\"og:description\" content=\"Hazrat Mirza Masrur Ahmad tambi\u00e9n se re\u00fane con dignatarios locales y medios El 15 de septiembre de 2018, el Jefe Mundial de la Comunidad Musulmana\" \/>\n<meta property=\"og:url\" content=\"https:\/\/www.ahmadiyya-islam.org\/es\/comunicados-de-prensa\/mujeres-en-el-yalsa-salana-belgica-2018\/\" \/>\n<meta property=\"og:site_name\" content=\"Comunidad Musulmana Ahmad\u00eda\" \/>\n<meta property=\"article:published_time\" content=\"2018-09-15T17:31:05+00:00\" \/>\n<meta property=\"article:modified_time\" content=\"2018-10-03T17:45:17+00:00\" \/>\n<meta property=\"og:image\" content=\"https:\/\/www.ahmadiyya-islam.org\/es\/wp-content\/uploads\/sites\/10\/2018\/10\/9-1.png\" \/>\n\t<meta property=\"og:image:width\" content=\"1000\" \/>\n\t<meta property=\"og:image:height\" content=\"374\" \/>\n\t<meta property=\"og:image:type\" content=\"image\/png\" \/>\n<meta name=\"author\" content=\"es3awaljalil\" \/>\n<meta name=\"twitter:card\" content=\"summary_large_image\" \/>\n<meta name=\"twitter:label1\" content=\"Written by\" \/>\n\t<meta name=\"twitter:data1\" content=\"es3awaljalil\" \/>\n\t<meta name=\"twitter:label2\" content=\"Est. reading time\" \/>\n\t<meta name=\"twitter:data2\" content=\"5 minutes\" \/>\n<script type=\"application\/ld+json\" class=\"yoast-schema-graph\">{\"@context\":\"https:\\\/\\\/schema.org\",\"@graph\":[{\"@type\":\"Article\",\"@id\":\"https:\\\/\\\/www.ahmadiyya-islam.org\\\/es\\\/comunicados-de-prensa\\\/mujeres-en-el-yalsa-salana-belgica-2018\\\/#article\",\"isPartOf\":{\"@id\":\"https:\\\/\\\/www.ahmadiyya-islam.org\\\/es\\\/comunicados-de-prensa\\\/mujeres-en-el-yalsa-salana-belgica-2018\\\/\"},\"author\":{\"name\":\"es3awaljalil\",\"@id\":\"https:\\\/\\\/www.ahmadiyya-islam.org\\\/es\\\/#\\\/schema\\\/person\\\/bbef07e2c3ccf919ce692a65f234abef\"},\"headline\":\"Jalifa del Islam se dirige a la sesi\u00f3n de mujeres en el Yalsa Salana B\u00e9lgica 2018\",\"datePublished\":\"2018-09-15T17:31:05+00:00\",\"dateModified\":\"2018-10-03T17:45:17+00:00\",\"mainEntityOfPage\":{\"@id\":\"https:\\\/\\\/www.ahmadiyya-islam.org\\\/es\\\/comunicados-de-prensa\\\/mujeres-en-el-yalsa-salana-belgica-2018\\\/\"},\"wordCount\":1102,\"publisher\":{\"@id\":\"https:\\\/\\\/www.ahmadiyya-islam.org\\\/es\\\/#organization\"},\"image\":{\"@id\":\"https:\\\/\\\/www.ahmadiyya-islam.org\\\/es\\\/comunicados-de-prensa\\\/mujeres-en-el-yalsa-salana-belgica-2018\\\/#primaryimage\"},\"thumbnailUrl\":\"https:\\\/\\\/www.ahmadiyya-islam.org\\\/es\\\/wp-content\\\/uploads\\\/sites\\\/10\\\/2018\\\/10\\\/9-1.png\",\"keywords\":[\"b\u00e9lgica\"],\"articleSection\":[\"Comunicados de prensa\"],\"inLanguage\":\"es-ES\"},{\"@type\":\"WebPage\",\"@id\":\"https:\\\/\\\/www.ahmadiyya-islam.org\\\/es\\\/comunicados-de-prensa\\\/mujeres-en-el-yalsa-salana-belgica-2018\\\/\",\"url\":\"https:\\\/\\\/www.ahmadiyya-islam.org\\\/es\\\/comunicados-de-prensa\\\/mujeres-en-el-yalsa-salana-belgica-2018\\\/\",\"name\":\"Jalifa del Islam se dirige a la sesi\u00f3n de mujeres en el Yalsa Salana B\u00e9lgica 2018\",\"isPartOf\":{\"@id\":\"https:\\\/\\\/www.ahmadiyya-islam.org\\\/es\\\/#website\"},\"primaryImageOfPage\":{\"@id\":\"https:\\\/\\\/www.ahmadiyya-islam.org\\\/es\\\/comunicados-de-prensa\\\/mujeres-en-el-yalsa-salana-belgica-2018\\\/#primaryimage\"},\"image\":{\"@id\":\"https:\\\/\\\/www.ahmadiyya-islam.org\\\/es\\\/comunicados-de-prensa\\\/mujeres-en-el-yalsa-salana-belgica-2018\\\/#primaryimage\"},\"thumbnailUrl\":\"https:\\\/\\\/www.ahmadiyya-islam.org\\\/es\\\/wp-content\\\/uploads\\\/sites\\\/10\\\/2018\\\/10\\\/9-1.png\",\"datePublished\":\"2018-09-15T17:31:05+00:00\",\"dateModified\":\"2018-10-03T17:45:17+00:00\",\"description\":\"Hazrat Mirza Masrur Ahmad tambi\u00e9n se re\u00fane con dignatarios locales y medios El 15 de septiembre de 2018, el Jefe Mundial de la Comunidad Musulmana\",\"breadcrumb\":{\"@id\":\"https:\\\/\\\/www.ahmadiyya-islam.org\\\/es\\\/comunicados-de-prensa\\\/mujeres-en-el-yalsa-salana-belgica-2018\\\/#breadcrumb\"},\"inLanguage\":\"es-ES\",\"potentialAction\":[{\"@type\":\"ReadAction\",\"target\":[\"https:\\\/\\\/www.ahmadiyya-islam.org\\\/es\\\/comunicados-de-prensa\\\/mujeres-en-el-yalsa-salana-belgica-2018\\\/\"]}]},{\"@type\":\"ImageObject\",\"inLanguage\":\"es-ES\",\"@id\":\"https:\\\/\\\/www.ahmadiyya-islam.org\\\/es\\\/comunicados-de-prensa\\\/mujeres-en-el-yalsa-salana-belgica-2018\\\/#primaryimage\",\"url\":\"https:\\\/\\\/www.ahmadiyya-islam.org\\\/es\\\/wp-content\\\/uploads\\\/sites\\\/10\\\/2018\\\/10\\\/9-1.png\",\"contentUrl\":\"https:\\\/\\\/www.ahmadiyya-islam.org\\\/es\\\/wp-content\\\/uploads\\\/sites\\\/10\\\/2018\\\/10\\\/9-1.png\",\"width\":1000,\"height\":374},{\"@type\":\"BreadcrumbList\",\"@id\":\"https:\\\/\\\/www.ahmadiyya-islam.org\\\/es\\\/comunicados-de-prensa\\\/mujeres-en-el-yalsa-salana-belgica-2018\\\/#breadcrumb\",\"itemListElement\":[{\"@type\":\"ListItem\",\"position\":1,\"name\":\"Home\",\"item\":\"https:\\\/\\\/www.ahmadiyya-islam.org\\\/es\\\/\"},{\"@type\":\"ListItem\",\"position\":2,\"name\":\"Jalifa del Islam se dirige a la sesi\u00f3n de mujeres en el Yalsa Salana B\u00e9lgica 2018\"}]},{\"@type\":\"WebSite\",\"@id\":\"https:\\\/\\\/www.ahmadiyya-islam.org\\\/es\\\/#website\",\"url\":\"https:\\\/\\\/www.ahmadiyya-islam.org\\\/es\\\/\",\"name\":\"Comunidad Musulmana Ahmad\u00eda\",\"description\":\"Internacional\",\"publisher\":{\"@id\":\"https:\\\/\\\/www.ahmadiyya-islam.org\\\/es\\\/#organization\"},\"potentialAction\":[{\"@type\":\"SearchAction\",\"target\":{\"@type\":\"EntryPoint\",\"urlTemplate\":\"https:\\\/\\\/www.ahmadiyya-islam.org\\\/es\\\/?s={search_term_string}\"},\"query-input\":{\"@type\":\"PropertyValueSpecification\",\"valueRequired\":true,\"valueName\":\"search_term_string\"}}],\"inLanguage\":\"es-ES\"},{\"@type\":\"Organization\",\"@id\":\"https:\\\/\\\/www.ahmadiyya-islam.org\\\/es\\\/#organization\",\"name\":\"Comunidad Musulmana Ahmad\u00eda\",\"url\":\"https:\\\/\\\/www.ahmadiyya-islam.org\\\/es\\\/\",\"logo\":{\"@type\":\"ImageObject\",\"inLanguage\":\"es-ES\",\"@id\":\"https:\\\/\\\/www.ahmadiyya-islam.org\\\/es\\\/#\\\/schema\\\/logo\\\/image\\\/\",\"url\":\"https:\\\/\\\/www.ahmadiyya-islam.org\\\/es\\\/wp-content\\\/uploads\\\/sites\\\/10\\\/2015\\\/06\\\/alislam-logo.png\",\"contentUrl\":\"https:\\\/\\\/www.ahmadiyya-islam.org\\\/es\\\/wp-content\\\/uploads\\\/sites\\\/10\\\/2015\\\/06\\\/alislam-logo.png\",\"width\":1859,\"height\":1859,\"caption\":\"Comunidad Musulmana Ahmad\u00eda\"},\"image\":{\"@id\":\"https:\\\/\\\/www.ahmadiyya-islam.org\\\/es\\\/#\\\/schema\\\/logo\\\/image\\\/\"}},{\"@type\":\"Person\",\"@id\":\"https:\\\/\\\/www.ahmadiyya-islam.org\\\/es\\\/#\\\/schema\\\/person\\\/bbef07e2c3ccf919ce692a65f234abef\",\"name\":\"es3awaljalil\"}]}<\/script>\n<!-- \/ Yoast SEO Premium plugin. -->","yoast_head_json":{"title":"Jalifa del Islam se dirige a la sesi\u00f3n de mujeres en el Yalsa Salana B\u00e9lgica 2018","description":"Hazrat Mirza Masrur Ahmad tambi\u00e9n se re\u00fane con dignatarios locales y medios El 15 de septiembre de 2018, el Jefe Mundial de la Comunidad Musulmana","robots":{"index":"index","follow":"follow","max-snippet":"max-snippet:-1","max-image-preview":"max-image-preview:large","max-video-preview":"max-video-preview:-1"},"canonical":"https:\/\/www.ahmadiyya-islam.org\/es\/comunicados-de-prensa\/mujeres-en-el-yalsa-salana-belgica-2018\/","og_locale":"es_ES","og_type":"article","og_title":"Jalifa del Islam se dirige a la sesi\u00f3n de mujeres en el Yalsa Salana B\u00e9lgica 2018","og_description":"Hazrat Mirza Masrur Ahmad tambi\u00e9n se re\u00fane con dignatarios locales y medios El 15 de septiembre de 2018, el Jefe Mundial de la Comunidad Musulmana","og_url":"https:\/\/www.ahmadiyya-islam.org\/es\/comunicados-de-prensa\/mujeres-en-el-yalsa-salana-belgica-2018\/","og_site_name":"Comunidad Musulmana Ahmad\u00eda","article_published_time":"2018-09-15T17:31:05+00:00","article_modified_time":"2018-10-03T17:45:17+00:00","og_image":[{"width":1000,"height":374,"url":"https:\/\/www.ahmadiyya-islam.org\/es\/wp-content\/uploads\/sites\/10\/2018\/10\/9-1.png","type":"image\/png"}],"author":"es3awaljalil","twitter_card":"summary_large_image","twitter_misc":{"Written by":"es3awaljalil","Est. reading time":"5 minutes"},"schema":{"@context":"https:\/\/schema.org","@graph":[{"@type":"Article","@id":"https:\/\/www.ahmadiyya-islam.org\/es\/comunicados-de-prensa\/mujeres-en-el-yalsa-salana-belgica-2018\/#article","isPartOf":{"@id":"https:\/\/www.ahmadiyya-islam.org\/es\/comunicados-de-prensa\/mujeres-en-el-yalsa-salana-belgica-2018\/"},"author":{"name":"es3awaljalil","@id":"https:\/\/www.ahmadiyya-islam.org\/es\/#\/schema\/person\/bbef07e2c3ccf919ce692a65f234abef"},"headline":"Jalifa del Islam se dirige a la sesi\u00f3n de mujeres en el Yalsa Salana B\u00e9lgica 2018","datePublished":"2018-09-15T17:31:05+00:00","dateModified":"2018-10-03T17:45:17+00:00","mainEntityOfPage":{"@id":"https:\/\/www.ahmadiyya-islam.org\/es\/comunicados-de-prensa\/mujeres-en-el-yalsa-salana-belgica-2018\/"},"wordCount":1102,"publisher":{"@id":"https:\/\/www.ahmadiyya-islam.org\/es\/#organization"},"image":{"@id":"https:\/\/www.ahmadiyya-islam.org\/es\/comunicados-de-prensa\/mujeres-en-el-yalsa-salana-belgica-2018\/#primaryimage"},"thumbnailUrl":"https:\/\/www.ahmadiyya-islam.org\/es\/wp-content\/uploads\/sites\/10\/2018\/10\/9-1.png","keywords":["b\u00e9lgica"],"articleSection":["Comunicados de prensa"],"inLanguage":"es-ES"},{"@type":"WebPage","@id":"https:\/\/www.ahmadiyya-islam.org\/es\/comunicados-de-prensa\/mujeres-en-el-yalsa-salana-belgica-2018\/","url":"https:\/\/www.ahmadiyya-islam.org\/es\/comunicados-de-prensa\/mujeres-en-el-yalsa-salana-belgica-2018\/","name":"Jalifa del Islam se dirige a la sesi\u00f3n de mujeres en el Yalsa Salana B\u00e9lgica 2018","isPartOf":{"@id":"https:\/\/www.ahmadiyya-islam.org\/es\/#website"},"primaryImageOfPage":{"@id":"https:\/\/www.ahmadiyya-islam.org\/es\/comunicados-de-prensa\/mujeres-en-el-yalsa-salana-belgica-2018\/#primaryimage"},"image":{"@id":"https:\/\/www.ahmadiyya-islam.org\/es\/comunicados-de-prensa\/mujeres-en-el-yalsa-salana-belgica-2018\/#primaryimage"},"thumbnailUrl":"https:\/\/www.ahmadiyya-islam.org\/es\/wp-content\/uploads\/sites\/10\/2018\/10\/9-1.png","datePublished":"2018-09-15T17:31:05+00:00","dateModified":"2018-10-03T17:45:17+00:00","description":"Hazrat Mirza Masrur Ahmad tambi\u00e9n se re\u00fane con dignatarios locales y medios El 15 de septiembre de 2018, el Jefe Mundial de la Comunidad Musulmana","breadcrumb":{"@id":"https:\/\/www.ahmadiyya-islam.org\/es\/comunicados-de-prensa\/mujeres-en-el-yalsa-salana-belgica-2018\/#breadcrumb"},"inLanguage":"es-ES","potentialAction":[{"@type":"ReadAction","target":["https:\/\/www.ahmadiyya-islam.org\/es\/comunicados-de-prensa\/mujeres-en-el-yalsa-salana-belgica-2018\/"]}]},{"@type":"ImageObject","inLanguage":"es-ES","@id":"https:\/\/www.ahmadiyya-islam.org\/es\/comunicados-de-prensa\/mujeres-en-el-yalsa-salana-belgica-2018\/#primaryimage","url":"https:\/\/www.ahmadiyya-islam.org\/es\/wp-content\/uploads\/sites\/10\/2018\/10\/9-1.png","contentUrl":"https:\/\/www.ahmadiyya-islam.org\/es\/wp-content\/uploads\/sites\/10\/2018\/10\/9-1.png","width":1000,"height":374},{"@type":"BreadcrumbList","@id":"https:\/\/www.ahmadiyya-islam.org\/es\/comunicados-de-prensa\/mujeres-en-el-yalsa-salana-belgica-2018\/#breadcrumb","itemListElement":[{"@type":"ListItem","position":1,"name":"Home","item":"https:\/\/www.ahmadiyya-islam.org\/es\/"},{"@type":"ListItem","position":2,"name":"Jalifa del Islam se dirige a la sesi\u00f3n de mujeres en el Yalsa Salana B\u00e9lgica 2018"}]},{"@type":"WebSite","@id":"https:\/\/www.ahmadiyya-islam.org\/es\/#website","url":"https:\/\/www.ahmadiyya-islam.org\/es\/","name":"Comunidad Musulmana Ahmad\u00eda","description":"Internacional","publisher":{"@id":"https:\/\/www.ahmadiyya-islam.org\/es\/#organization"},"potentialAction":[{"@type":"SearchAction","target":{"@type":"EntryPoint","urlTemplate":"https:\/\/www.ahmadiyya-islam.org\/es\/?s={search_term_string}"},"query-input":{"@type":"PropertyValueSpecification","valueRequired":true,"valueName":"search_term_string"}}],"inLanguage":"es-ES"},{"@type":"Organization","@id":"https:\/\/www.ahmadiyya-islam.org\/es\/#organization","name":"Comunidad Musulmana Ahmad\u00eda","url":"https:\/\/www.ahmadiyya-islam.org\/es\/","logo":{"@type":"ImageObject","inLanguage":"es-ES","@id":"https:\/\/www.ahmadiyya-islam.org\/es\/#\/schema\/logo\/image\/","url":"https:\/\/www.ahmadiyya-islam.org\/es\/wp-content\/uploads\/sites\/10\/2015\/06\/alislam-logo.png","contentUrl":"https:\/\/www.ahmadiyya-islam.org\/es\/wp-content\/uploads\/sites\/10\/2015\/06\/alislam-logo.png","width":1859,"height":1859,"caption":"Comunidad Musulmana Ahmad\u00eda"},"image":{"@id":"https:\/\/www.ahmadiyya-islam.org\/es\/#\/schema\/logo\/image\/"}},{"@type":"Person","@id":"https:\/\/www.ahmadiyya-islam.org\/es\/#\/schema\/person\/bbef07e2c3ccf919ce692a65f234abef","name":"es3awaljalil"}]}},"_links":{"self":[{"href":"https:\/\/www.ahmadiyya-islam.org\/es\/wp-json\/wp\/v2\/posts\/4920","targetHints":{"allow":["GET"]}}],"collection":[{"href":"https:\/\/www.ahmadiyya-islam.org\/es\/wp-json\/wp\/v2\/posts"}],"about":[{"href":"https:\/\/www.ahmadiyya-islam.org\/es\/wp-json\/wp\/v2\/types\/post"}],"author":[{"embeddable":true,"href":"https:\/\/www.ahmadiyya-islam.org\/es\/wp-json\/wp\/v2\/users\/35"}],"replies":[{"embeddable":true,"href":"https:\/\/www.ahmadiyya-islam.org\/es\/wp-json\/wp\/v2\/comments?post=4920"}],"version-history":[{"count":0,"href":"https:\/\/www.ahmadiyya-islam.org\/es\/wp-json\/wp\/v2\/posts\/4920\/revisions"}],"wp:featuredmedia":[{"embeddable":true,"href":"https:\/\/www.ahmadiyya-islam.org\/es\/wp-json\/wp\/v2\/media\/4918"}],"wp:attachment":[{"href":"https:\/\/www.ahmadiyya-islam.org\/es\/wp-json\/wp\/v2\/media?parent=4920"}],"wp:term":[{"taxonomy":"category","embeddable":true,"href":"https:\/\/www.ahmadiyya-islam.org\/es\/wp-json\/wp\/v2\/categories?post=4920"},{"taxonomy":"post_tag","embeddable":true,"href":"https:\/\/www.ahmadiyya-islam.org\/es\/wp-json\/wp\/v2\/tags?post=4920"},{"taxonomy":"authors","embeddable":true,"href":"https:\/\/www.ahmadiyya-islam.org\/es\/wp-json\/wp\/v2\/authors?post=4920"},{"taxonomy":"content_source","embeddable":true,"href":"https:\/\/www.ahmadiyya-islam.org\/es\/wp-json\/wp\/v2\/content_source?post=4920"}],"curies":[{"name":"wp","href":"https:\/\/api.w.org\/{rel}","templated":true}]}}