{"id":4801,"date":"2018-09-03T10:58:43","date_gmt":"2018-09-03T10:58:43","guid":{"rendered":"https:\/\/www.ahmadiyya-islam.org\/es\/?p=4801"},"modified":"2018-09-03T10:58:43","modified_gmt":"2018-09-03T10:58:43","slug":"el-jalifa-del-islam-llega-a-alemania","status":"publish","type":"post","link":"https:\/\/www.ahmadiyya-islam.org\/es\/comunicados-de-prensa\/el-jalifa-del-islam-llega-a-alemania\/","title":{"rendered":"El Jalifa del Islam llega a Alemania"},"content":{"rendered":"<p><strong>Hazrat Mirza Masrur Ahmad viaja para asistir a la 43\u00aa convenci\u00f3n anual de la Comunidad Musulmana Ahmad\u00eda en Alemania<\/strong><\/p>\n<p>El l\u00edder mundial de la Comunidad Musulmana Ahmad\u00eda, el Quinto Jalifa, Su Santidad, Hazrat Mirza Masrur Ahmad lleg\u00f3 a la mezquita de Baitus Sabuh en Frankfurt el 1 de septiembre de 2018.<\/p>\n<p>El Jalifa viaj\u00f3 desde Londres por carretera y, tras llegar al continente europeo, fue recibido por el presidente nacional de la Comunidad Musulmana Ahmad\u00eda en Alemania, Abdullah Wagishauser as\u00ed como otros altos cargos.<\/p>\n<p>Su Santidad viaj\u00f3 hacia Frankfurt y lleg\u00f3 a la mezquita Baitus Sabuh a las 9pm, hora local, donde fue recibido por miles de hombres, mujeres y ni\u00f1os musulmanes \u00e1hmadis emocionados por ver a su l\u00edder espiritual de nuevo. Poco despu\u00e9s de su llegada, Su Santidad dirigi\u00f3 las oraciones de Maghrib e Isha.<\/p>\n<p>Su Santidad ha viajado para asistir a la 43\u00aa convenci\u00f3n anual (Yalsa Salana) de la Comunidad Musulmana Ahmad\u00eda en Alemania, que tendr\u00e1 lugar en Karlsruhe, donde se espera m\u00e1s de 35.000 delegados procedentes de docenas de pa\u00edses.<\/p>\n<p>Durante el evento de 3 d\u00edas de duraci\u00f3n (del 7 al 9 de septiembre), Su Santidad se dirigir\u00e1 tanto a musulmanes \u00e1hmadis como no \u00e1hmadis acerca de las verdaderas ense\u00f1anzas pac\u00edficas del islam. Su Santidad tambi\u00e9n presentar\u00e1 a los j\u00f3venes estudiantes musulmanes \u00e1hmadis (chicos y chicas) premios en reconocimiento de sus excepcionales logros acad\u00e9micos.<\/p>\n","protected":false},"excerpt":{"rendered":"<p>Hazrat Mirza Masrur Ahmad viaja para asistir a la 43\u00aa convenci\u00f3n anual de la Comunidad Musulmana Ahmad\u00eda en Alemania El l\u00edder mundial de la Comunidad Musulmana Ahmad\u00eda, el Quinto Jalifa, Su Santidad, Hazrat Mirza Masrur Ahmad lleg\u00f3 a la mezquita de Baitus Sabuh en Frankfurt el 1 de septiembre de 2018. El Jalifa viaj\u00f3 desde<\/p>\n","protected":false},"author":35,"featured_media":4802,"comment_status":"closed","ping_status":"closed","sticky":false,"template":"","format":"standard","meta":{"_acf_changed":false,"footnotes":""},"categories":[1],"tags":[27,26],"authors":[],"content_source":[],"class_list":["post-4801","post","type-post","status-publish","format-standard","has-post-thumbnail","hentry","category-comunicados-de-prensa","tag-alemania","tag-frankfurt","topics-alemania","topics-yalsa-salana"],"acf":[],"yoast_head":"<!-- This site is optimized with the Yoast SEO Premium plugin v21.1 (Yoast SEO v27.4) - https:\/\/yoast.com\/product\/yoast-seo-premium-wordpress\/ -->\n<title>El Jalifa del Islam llega a Alemania<\/title>\n<meta name=\"description\" content=\"Hazrat Mirza Masrur Ahmad viaja para asistir a la 43\u00aa convenci\u00f3n anual de la Comunidad Musulmana Ahmad\u00eda en Alemania\" \/>\n<meta name=\"robots\" content=\"index, follow, max-snippet:-1, max-image-preview:large, max-video-preview:-1\" \/>\n<link rel=\"canonical\" href=\"https:\/\/www.ahmadiyya-islam.org\/es\/comunicados-de-prensa\/el-jalifa-del-islam-llega-a-alemania\/\" \/>\n<meta property=\"og:locale\" content=\"es_ES\" \/>\n<meta property=\"og:type\" content=\"article\" \/>\n<meta property=\"og:title\" content=\"El Jalifa del Islam llega a Alemania\" \/>\n<meta property=\"og:description\" content=\"Hazrat Mirza Masrur Ahmad viaja para asistir a la 43\u00aa convenci\u00f3n anual de la Comunidad Musulmana Ahmad\u00eda en Alemania\" \/>\n<meta property=\"og:url\" content=\"https:\/\/www.ahmadiyya-islam.org\/es\/comunicados-de-prensa\/el-jalifa-del-islam-llega-a-alemania\/\" \/>\n<meta property=\"og:site_name\" content=\"Comunidad Musulmana Ahmad\u00eda\" \/>\n<meta property=\"article:published_time\" content=\"2018-09-03T10:58:43+00:00\" \/>\n<meta property=\"og:image\" content=\"https:\/\/www.ahmadiyya-islam.org\/es\/wp-content\/uploads\/sites\/10\/2018\/09\/IMG_4834-X3.jpg\" \/>\n\t<meta property=\"og:image:width\" content=\"1600\" \/>\n\t<meta property=\"og:image:height\" content=\"1067\" \/>\n\t<meta property=\"og:image:type\" content=\"image\/jpeg\" \/>\n<meta name=\"author\" content=\"es3awaljalil\" \/>\n<meta name=\"twitter:card\" content=\"summary_large_image\" \/>\n<meta name=\"twitter:label1\" content=\"Written by\" \/>\n\t<meta name=\"twitter:data1\" content=\"es3awaljalil\" \/>\n\t<meta name=\"twitter:label2\" content=\"Est. reading time\" \/>\n\t<meta name=\"twitter:data2\" content=\"1 minute\" \/>\n<script type=\"application\/ld+json\" class=\"yoast-schema-graph\">{\"@context\":\"https:\\\/\\\/schema.org\",\"@graph\":[{\"@type\":\"Article\",\"@id\":\"https:\\\/\\\/www.ahmadiyya-islam.org\\\/es\\\/comunicados-de-prensa\\\/el-jalifa-del-islam-llega-a-alemania\\\/#article\",\"isPartOf\":{\"@id\":\"https:\\\/\\\/www.ahmadiyya-islam.org\\\/es\\\/comunicados-de-prensa\\\/el-jalifa-del-islam-llega-a-alemania\\\/\"},\"author\":{\"name\":\"es3awaljalil\",\"@id\":\"https:\\\/\\\/www.ahmadiyya-islam.org\\\/es\\\/#\\\/schema\\\/person\\\/bbef07e2c3ccf919ce692a65f234abef\"},\"headline\":\"El Jalifa del Islam llega a Alemania\",\"datePublished\":\"2018-09-03T10:58:43+00:00\",\"mainEntityOfPage\":{\"@id\":\"https:\\\/\\\/www.ahmadiyya-islam.org\\\/es\\\/comunicados-de-prensa\\\/el-jalifa-del-islam-llega-a-alemania\\\/\"},\"wordCount\":245,\"publisher\":{\"@id\":\"https:\\\/\\\/www.ahmadiyya-islam.org\\\/es\\\/#organization\"},\"image\":{\"@id\":\"https:\\\/\\\/www.ahmadiyya-islam.org\\\/es\\\/comunicados-de-prensa\\\/el-jalifa-del-islam-llega-a-alemania\\\/#primaryimage\"},\"thumbnailUrl\":\"https:\\\/\\\/www.ahmadiyya-islam.org\\\/es\\\/wp-content\\\/uploads\\\/sites\\\/10\\\/2018\\\/09\\\/IMG_4834-X3.jpg\",\"keywords\":[\"Alemania\",\"Frankfurt\"],\"articleSection\":[\"Comunicados de prensa\"],\"inLanguage\":\"es-ES\"},{\"@type\":\"WebPage\",\"@id\":\"https:\\\/\\\/www.ahmadiyya-islam.org\\\/es\\\/comunicados-de-prensa\\\/el-jalifa-del-islam-llega-a-alemania\\\/\",\"url\":\"https:\\\/\\\/www.ahmadiyya-islam.org\\\/es\\\/comunicados-de-prensa\\\/el-jalifa-del-islam-llega-a-alemania\\\/\",\"name\":\"El Jalifa del Islam llega a Alemania\",\"isPartOf\":{\"@id\":\"https:\\\/\\\/www.ahmadiyya-islam.org\\\/es\\\/#website\"},\"primaryImageOfPage\":{\"@id\":\"https:\\\/\\\/www.ahmadiyya-islam.org\\\/es\\\/comunicados-de-prensa\\\/el-jalifa-del-islam-llega-a-alemania\\\/#primaryimage\"},\"image\":{\"@id\":\"https:\\\/\\\/www.ahmadiyya-islam.org\\\/es\\\/comunicados-de-prensa\\\/el-jalifa-del-islam-llega-a-alemania\\\/#primaryimage\"},\"thumbnailUrl\":\"https:\\\/\\\/www.ahmadiyya-islam.org\\\/es\\\/wp-content\\\/uploads\\\/sites\\\/10\\\/2018\\\/09\\\/IMG_4834-X3.jpg\",\"datePublished\":\"2018-09-03T10:58:43+00:00\",\"description\":\"Hazrat Mirza Masrur Ahmad viaja para asistir a la 43\u00aa convenci\u00f3n anual de la Comunidad Musulmana Ahmad\u00eda en Alemania\",\"breadcrumb\":{\"@id\":\"https:\\\/\\\/www.ahmadiyya-islam.org\\\/es\\\/comunicados-de-prensa\\\/el-jalifa-del-islam-llega-a-alemania\\\/#breadcrumb\"},\"inLanguage\":\"es-ES\",\"potentialAction\":[{\"@type\":\"ReadAction\",\"target\":[\"https:\\\/\\\/www.ahmadiyya-islam.org\\\/es\\\/comunicados-de-prensa\\\/el-jalifa-del-islam-llega-a-alemania\\\/\"]}]},{\"@type\":\"ImageObject\",\"inLanguage\":\"es-ES\",\"@id\":\"https:\\\/\\\/www.ahmadiyya-islam.org\\\/es\\\/comunicados-de-prensa\\\/el-jalifa-del-islam-llega-a-alemania\\\/#primaryimage\",\"url\":\"https:\\\/\\\/www.ahmadiyya-islam.org\\\/es\\\/wp-content\\\/uploads\\\/sites\\\/10\\\/2018\\\/09\\\/IMG_4834-X3.jpg\",\"contentUrl\":\"https:\\\/\\\/www.ahmadiyya-islam.org\\\/es\\\/wp-content\\\/uploads\\\/sites\\\/10\\\/2018\\\/09\\\/IMG_4834-X3.jpg\",\"width\":1600,\"height\":1067},{\"@type\":\"BreadcrumbList\",\"@id\":\"https:\\\/\\\/www.ahmadiyya-islam.org\\\/es\\\/comunicados-de-prensa\\\/el-jalifa-del-islam-llega-a-alemania\\\/#breadcrumb\",\"itemListElement\":[{\"@type\":\"ListItem\",\"position\":1,\"name\":\"Home\",\"item\":\"https:\\\/\\\/www.ahmadiyya-islam.org\\\/es\\\/\"},{\"@type\":\"ListItem\",\"position\":2,\"name\":\"El Jalifa del Islam llega a Alemania\"}]},{\"@type\":\"WebSite\",\"@id\":\"https:\\\/\\\/www.ahmadiyya-islam.org\\\/es\\\/#website\",\"url\":\"https:\\\/\\\/www.ahmadiyya-islam.org\\\/es\\\/\",\"name\":\"Comunidad Musulmana Ahmad\u00eda\",\"description\":\"Internacional\",\"publisher\":{\"@id\":\"https:\\\/\\\/www.ahmadiyya-islam.org\\\/es\\\/#organization\"},\"potentialAction\":[{\"@type\":\"SearchAction\",\"target\":{\"@type\":\"EntryPoint\",\"urlTemplate\":\"https:\\\/\\\/www.ahmadiyya-islam.org\\\/es\\\/?s={search_term_string}\"},\"query-input\":{\"@type\":\"PropertyValueSpecification\",\"valueRequired\":true,\"valueName\":\"search_term_string\"}}],\"inLanguage\":\"es-ES\"},{\"@type\":\"Organization\",\"@id\":\"https:\\\/\\\/www.ahmadiyya-islam.org\\\/es\\\/#organization\",\"name\":\"Comunidad Musulmana Ahmad\u00eda\",\"url\":\"https:\\\/\\\/www.ahmadiyya-islam.org\\\/es\\\/\",\"logo\":{\"@type\":\"ImageObject\",\"inLanguage\":\"es-ES\",\"@id\":\"https:\\\/\\\/www.ahmadiyya-islam.org\\\/es\\\/#\\\/schema\\\/logo\\\/image\\\/\",\"url\":\"https:\\\/\\\/www.ahmadiyya-islam.org\\\/es\\\/wp-content\\\/uploads\\\/sites\\\/10\\\/2015\\\/06\\\/alislam-logo.png\",\"contentUrl\":\"https:\\\/\\\/www.ahmadiyya-islam.org\\\/es\\\/wp-content\\\/uploads\\\/sites\\\/10\\\/2015\\\/06\\\/alislam-logo.png\",\"width\":1859,\"height\":1859,\"caption\":\"Comunidad Musulmana Ahmad\u00eda\"},\"image\":{\"@id\":\"https:\\\/\\\/www.ahmadiyya-islam.org\\\/es\\\/#\\\/schema\\\/logo\\\/image\\\/\"}},{\"@type\":\"Person\",\"@id\":\"https:\\\/\\\/www.ahmadiyya-islam.org\\\/es\\\/#\\\/schema\\\/person\\\/bbef07e2c3ccf919ce692a65f234abef\",\"name\":\"es3awaljalil\"}]}<\/script>\n<!-- \/ Yoast SEO Premium plugin. -->","yoast_head_json":{"title":"El Jalifa del Islam llega a Alemania","description":"Hazrat Mirza Masrur Ahmad viaja para asistir a la 43\u00aa convenci\u00f3n anual de la Comunidad Musulmana Ahmad\u00eda en Alemania","robots":{"index":"index","follow":"follow","max-snippet":"max-snippet:-1","max-image-preview":"max-image-preview:large","max-video-preview":"max-video-preview:-1"},"canonical":"https:\/\/www.ahmadiyya-islam.org\/es\/comunicados-de-prensa\/el-jalifa-del-islam-llega-a-alemania\/","og_locale":"es_ES","og_type":"article","og_title":"El Jalifa del Islam llega a Alemania","og_description":"Hazrat Mirza Masrur Ahmad viaja para asistir a la 43\u00aa convenci\u00f3n anual de la Comunidad Musulmana Ahmad\u00eda en Alemania","og_url":"https:\/\/www.ahmadiyya-islam.org\/es\/comunicados-de-prensa\/el-jalifa-del-islam-llega-a-alemania\/","og_site_name":"Comunidad Musulmana Ahmad\u00eda","article_published_time":"2018-09-03T10:58:43+00:00","og_image":[{"width":1600,"height":1067,"url":"https:\/\/www.ahmadiyya-islam.org\/es\/wp-content\/uploads\/sites\/10\/2018\/09\/IMG_4834-X3.jpg","type":"image\/jpeg"}],"author":"es3awaljalil","twitter_card":"summary_large_image","twitter_misc":{"Written by":"es3awaljalil","Est. reading time":"1 minute"},"schema":{"@context":"https:\/\/schema.org","@graph":[{"@type":"Article","@id":"https:\/\/www.ahmadiyya-islam.org\/es\/comunicados-de-prensa\/el-jalifa-del-islam-llega-a-alemania\/#article","isPartOf":{"@id":"https:\/\/www.ahmadiyya-islam.org\/es\/comunicados-de-prensa\/el-jalifa-del-islam-llega-a-alemania\/"},"author":{"name":"es3awaljalil","@id":"https:\/\/www.ahmadiyya-islam.org\/es\/#\/schema\/person\/bbef07e2c3ccf919ce692a65f234abef"},"headline":"El Jalifa del Islam llega a Alemania","datePublished":"2018-09-03T10:58:43+00:00","mainEntityOfPage":{"@id":"https:\/\/www.ahmadiyya-islam.org\/es\/comunicados-de-prensa\/el-jalifa-del-islam-llega-a-alemania\/"},"wordCount":245,"publisher":{"@id":"https:\/\/www.ahmadiyya-islam.org\/es\/#organization"},"image":{"@id":"https:\/\/www.ahmadiyya-islam.org\/es\/comunicados-de-prensa\/el-jalifa-del-islam-llega-a-alemania\/#primaryimage"},"thumbnailUrl":"https:\/\/www.ahmadiyya-islam.org\/es\/wp-content\/uploads\/sites\/10\/2018\/09\/IMG_4834-X3.jpg","keywords":["Alemania","Frankfurt"],"articleSection":["Comunicados de prensa"],"inLanguage":"es-ES"},{"@type":"WebPage","@id":"https:\/\/www.ahmadiyya-islam.org\/es\/comunicados-de-prensa\/el-jalifa-del-islam-llega-a-alemania\/","url":"https:\/\/www.ahmadiyya-islam.org\/es\/comunicados-de-prensa\/el-jalifa-del-islam-llega-a-alemania\/","name":"El Jalifa del Islam llega a Alemania","isPartOf":{"@id":"https:\/\/www.ahmadiyya-islam.org\/es\/#website"},"primaryImageOfPage":{"@id":"https:\/\/www.ahmadiyya-islam.org\/es\/comunicados-de-prensa\/el-jalifa-del-islam-llega-a-alemania\/#primaryimage"},"image":{"@id":"https:\/\/www.ahmadiyya-islam.org\/es\/comunicados-de-prensa\/el-jalifa-del-islam-llega-a-alemania\/#primaryimage"},"thumbnailUrl":"https:\/\/www.ahmadiyya-islam.org\/es\/wp-content\/uploads\/sites\/10\/2018\/09\/IMG_4834-X3.jpg","datePublished":"2018-09-03T10:58:43+00:00","description":"Hazrat Mirza Masrur Ahmad viaja para asistir a la 43\u00aa convenci\u00f3n anual de la Comunidad Musulmana Ahmad\u00eda en Alemania","breadcrumb":{"@id":"https:\/\/www.ahmadiyya-islam.org\/es\/comunicados-de-prensa\/el-jalifa-del-islam-llega-a-alemania\/#breadcrumb"},"inLanguage":"es-ES","potentialAction":[{"@type":"ReadAction","target":["https:\/\/www.ahmadiyya-islam.org\/es\/comunicados-de-prensa\/el-jalifa-del-islam-llega-a-alemania\/"]}]},{"@type":"ImageObject","inLanguage":"es-ES","@id":"https:\/\/www.ahmadiyya-islam.org\/es\/comunicados-de-prensa\/el-jalifa-del-islam-llega-a-alemania\/#primaryimage","url":"https:\/\/www.ahmadiyya-islam.org\/es\/wp-content\/uploads\/sites\/10\/2018\/09\/IMG_4834-X3.jpg","contentUrl":"https:\/\/www.ahmadiyya-islam.org\/es\/wp-content\/uploads\/sites\/10\/2018\/09\/IMG_4834-X3.jpg","width":1600,"height":1067},{"@type":"BreadcrumbList","@id":"https:\/\/www.ahmadiyya-islam.org\/es\/comunicados-de-prensa\/el-jalifa-del-islam-llega-a-alemania\/#breadcrumb","itemListElement":[{"@type":"ListItem","position":1,"name":"Home","item":"https:\/\/www.ahmadiyya-islam.org\/es\/"},{"@type":"ListItem","position":2,"name":"El Jalifa del Islam llega a Alemania"}]},{"@type":"WebSite","@id":"https:\/\/www.ahmadiyya-islam.org\/es\/#website","url":"https:\/\/www.ahmadiyya-islam.org\/es\/","name":"Comunidad Musulmana Ahmad\u00eda","description":"Internacional","publisher":{"@id":"https:\/\/www.ahmadiyya-islam.org\/es\/#organization"},"potentialAction":[{"@type":"SearchAction","target":{"@type":"EntryPoint","urlTemplate":"https:\/\/www.ahmadiyya-islam.org\/es\/?s={search_term_string}"},"query-input":{"@type":"PropertyValueSpecification","valueRequired":true,"valueName":"search_term_string"}}],"inLanguage":"es-ES"},{"@type":"Organization","@id":"https:\/\/www.ahmadiyya-islam.org\/es\/#organization","name":"Comunidad Musulmana Ahmad\u00eda","url":"https:\/\/www.ahmadiyya-islam.org\/es\/","logo":{"@type":"ImageObject","inLanguage":"es-ES","@id":"https:\/\/www.ahmadiyya-islam.org\/es\/#\/schema\/logo\/image\/","url":"https:\/\/www.ahmadiyya-islam.org\/es\/wp-content\/uploads\/sites\/10\/2015\/06\/alislam-logo.png","contentUrl":"https:\/\/www.ahmadiyya-islam.org\/es\/wp-content\/uploads\/sites\/10\/2015\/06\/alislam-logo.png","width":1859,"height":1859,"caption":"Comunidad Musulmana Ahmad\u00eda"},"image":{"@id":"https:\/\/www.ahmadiyya-islam.org\/es\/#\/schema\/logo\/image\/"}},{"@type":"Person","@id":"https:\/\/www.ahmadiyya-islam.org\/es\/#\/schema\/person\/bbef07e2c3ccf919ce692a65f234abef","name":"es3awaljalil"}]}},"_links":{"self":[{"href":"https:\/\/www.ahmadiyya-islam.org\/es\/wp-json\/wp\/v2\/posts\/4801","targetHints":{"allow":["GET"]}}],"collection":[{"href":"https:\/\/www.ahmadiyya-islam.org\/es\/wp-json\/wp\/v2\/posts"}],"about":[{"href":"https:\/\/www.ahmadiyya-islam.org\/es\/wp-json\/wp\/v2\/types\/post"}],"author":[{"embeddable":true,"href":"https:\/\/www.ahmadiyya-islam.org\/es\/wp-json\/wp\/v2\/users\/35"}],"replies":[{"embeddable":true,"href":"https:\/\/www.ahmadiyya-islam.org\/es\/wp-json\/wp\/v2\/comments?post=4801"}],"version-history":[{"count":0,"href":"https:\/\/www.ahmadiyya-islam.org\/es\/wp-json\/wp\/v2\/posts\/4801\/revisions"}],"wp:featuredmedia":[{"embeddable":true,"href":"https:\/\/www.ahmadiyya-islam.org\/es\/wp-json\/wp\/v2\/media\/4802"}],"wp:attachment":[{"href":"https:\/\/www.ahmadiyya-islam.org\/es\/wp-json\/wp\/v2\/media?parent=4801"}],"wp:term":[{"taxonomy":"category","embeddable":true,"href":"https:\/\/www.ahmadiyya-islam.org\/es\/wp-json\/wp\/v2\/categories?post=4801"},{"taxonomy":"post_tag","embeddable":true,"href":"https:\/\/www.ahmadiyya-islam.org\/es\/wp-json\/wp\/v2\/tags?post=4801"},{"taxonomy":"authors","embeddable":true,"href":"https:\/\/www.ahmadiyya-islam.org\/es\/wp-json\/wp\/v2\/authors?post=4801"},{"taxonomy":"content_source","embeddable":true,"href":"https:\/\/www.ahmadiyya-islam.org\/es\/wp-json\/wp\/v2\/content_source?post=4801"}],"curies":[{"name":"wp","href":"https:\/\/api.w.org\/{rel}","templated":true}]}}