{"id":4761,"date":"2018-08-14T13:34:10","date_gmt":"2018-08-14T13:34:10","guid":{"rendered":"https:\/\/www.ahmadiyya-islam.org\/es\/?p=4761"},"modified":"2018-08-15T16:01:31","modified_gmt":"2018-08-15T16:01:31","slug":"se-unen-a-la-comunidad-musulmana-ahmadiyya","status":"publish","type":"post","link":"https:\/\/www.ahmadiyya-islam.org\/es\/comunicados-de-prensa\/se-unen-a-la-comunidad-musulmana-ahmadiyya\/","title":{"rendered":"M\u00e1s de 647,000 personas se unen a la Comunidad Musulmana Ahmad\u00eda"},"content":{"rendered":"<p>La 52\u00aa Yalsa Salana (Convenci\u00f3n Anual) de la Comunidad Musulmana Ahmad\u00eda en el Reino Unido concluy\u00f3 el domingo 5 de agosto de 2018 con un discurso poderoso e inspirador de fe por parte del Jefe Mundial de la Comunidad Ahmad\u00eda Musulmana, el Quinto Jalifa (Califa), Su Santidad , Hazrat Mirza Masrur Ahmad.<\/p>\n<p><a href=\"https:\/\/www.ahmadiyya-islam.org\/es\/wp-content\/uploads\/sites\/10\/2018\/08\/2018-08-05-UK-Jalsa-002.jpg\"><img loading=\"lazy\" decoding=\"async\" class=\"size-full wp-image-4763 aligncenter\" src=\"https:\/\/www.ahmadiyya-islam.org\/es\/wp-content\/uploads\/sites\/10\/2018\/08\/2018-08-05-UK-Jalsa-002.jpg\" alt=\"\" width=\"1859\" height=\"1196\" srcset=\"https:\/\/www.ahmadiyya-islam.org\/es\/wp-content\/uploads\/sites\/10\/2018\/08\/2018-08-05-UK-Jalsa-002.jpg 1859w, https:\/\/www.ahmadiyya-islam.org\/es\/wp-content\/uploads\/sites\/10\/2018\/08\/2018-08-05-UK-Jalsa-002-300x193.jpg 300w, https:\/\/www.ahmadiyya-islam.org\/es\/wp-content\/uploads\/sites\/10\/2018\/08\/2018-08-05-UK-Jalsa-002-768x494.jpg 768w, https:\/\/www.ahmadiyya-islam.org\/es\/wp-content\/uploads\/sites\/10\/2018\/08\/2018-08-05-UK-Jalsa-002-1024x659.jpg 1024w\" sizes=\"auto, (max-width: 1859px) 100vw, 1859px\" \/><\/a><\/p>\n<p>M\u00e1s de 38,500 personas de 115 pa\u00edses asistieron al Yalsa Salana, que tuvo lugar en Hadiqatul Mahdi en Alton, Hampshire.<\/p>\n<p><a href=\"https:\/\/www.ahmadiyya-islam.org\/es\/wp-content\/uploads\/sites\/10\/2018\/08\/2018-08-05-UK-Jalsa-003.jpg\"><img loading=\"lazy\" decoding=\"async\" class=\"size-full wp-image-4764 aligncenter\" src=\"https:\/\/www.ahmadiyya-islam.org\/es\/wp-content\/uploads\/sites\/10\/2018\/08\/2018-08-05-UK-Jalsa-003.jpg\" alt=\"\" width=\"1852\" height=\"1012\" srcset=\"https:\/\/www.ahmadiyya-islam.org\/es\/wp-content\/uploads\/sites\/10\/2018\/08\/2018-08-05-UK-Jalsa-003.jpg 1852w, https:\/\/www.ahmadiyya-islam.org\/es\/wp-content\/uploads\/sites\/10\/2018\/08\/2018-08-05-UK-Jalsa-003-300x164.jpg 300w, https:\/\/www.ahmadiyya-islam.org\/es\/wp-content\/uploads\/sites\/10\/2018\/08\/2018-08-05-UK-Jalsa-003-768x420.jpg 768w, https:\/\/www.ahmadiyya-islam.org\/es\/wp-content\/uploads\/sites\/10\/2018\/08\/2018-08-05-UK-Jalsa-003-1024x560.jpg 1024w\" sizes=\"auto, (max-width: 1852px) 100vw, 1852px\" \/><\/a><\/p>\n<p>Adem\u00e1s de los miles de \u00e1hmadi musulmanes que participaron, tambi\u00e9n asistieron muchos invitados no \u00e1hmadis y no musulmanes. Todo el evento fue transmitido en vivo por la MTA Internacional en directo.<\/p>\n<p><a href=\"https:\/\/www.ahmadiyya-islam.org\/es\/wp-content\/uploads\/sites\/10\/2018\/08\/2018-08-05-UK-Jalsa-004.jpg\"><img loading=\"lazy\" decoding=\"async\" class=\"size-full wp-image-4765 aligncenter\" src=\"https:\/\/www.ahmadiyya-islam.org\/es\/wp-content\/uploads\/sites\/10\/2018\/08\/2018-08-05-UK-Jalsa-004.jpg\" alt=\"\" width=\"1983\" height=\"1244\" srcset=\"https:\/\/www.ahmadiyya-islam.org\/es\/wp-content\/uploads\/sites\/10\/2018\/08\/2018-08-05-UK-Jalsa-004.jpg 1983w, https:\/\/www.ahmadiyya-islam.org\/es\/wp-content\/uploads\/sites\/10\/2018\/08\/2018-08-05-UK-Jalsa-004-300x188.jpg 300w, https:\/\/www.ahmadiyya-islam.org\/es\/wp-content\/uploads\/sites\/10\/2018\/08\/2018-08-05-UK-Jalsa-004-768x482.jpg 768w, https:\/\/www.ahmadiyya-islam.org\/es\/wp-content\/uploads\/sites\/10\/2018\/08\/2018-08-05-UK-Jalsa-004-1024x642.jpg 1024w\" sizes=\"auto, (max-width: 1983px) 100vw, 1983px\" \/><\/a><\/p>\n<p>Lo m\u00e1s destacado de la Yalsa Salana de tres d\u00edas fue la promesa de lealtad, conocida como Bai&#8217;at, que tuvo lugar en el mediod\u00eda del domingo, donde los participantes juraron fidelidad a Hazrat Mirza Masrur Ahmad como el Quinto Jalifa (Califa) del Mes\u00edas Prometido (la paz sea con \u00e9l).<\/p>\n<p>Los participantes formaron una cadena humana que lideraba al Jalifa mientras repet\u00edan las palabras de la promesa al un\u00edsono. Antes de la ceremonia, Su Santidad anunci\u00f3 que m\u00e1s de 647,000 personas se hab\u00edan unido a la Comunidad Musulmana Ahmad\u00eda durante el a\u00f1o pasado de todo el mundo. Adem\u00e1s, anunci\u00f3 que la Comunidad Musulmana Ahmad\u00eda se hab\u00eda establecido en 212 pa\u00edses. Este a\u00f1o, la Comunidad Musulmana Ahmad\u00eda se estableci\u00f3 en Timor Oriental y Georgia por primera vez.<\/p>\n<p><a href=\"https:\/\/www.ahmadiyya-islam.org\/es\/wp-content\/uploads\/sites\/10\/2018\/08\/2018-08-05-UK-Jalsa-005.jpg\"><img loading=\"lazy\" decoding=\"async\" class=\"size-full wp-image-4766 aligncenter\" src=\"https:\/\/www.ahmadiyya-islam.org\/es\/wp-content\/uploads\/sites\/10\/2018\/08\/2018-08-05-UK-Jalsa-005.jpg\" alt=\"\" width=\"1985\" height=\"1115\" srcset=\"https:\/\/www.ahmadiyya-islam.org\/es\/wp-content\/uploads\/sites\/10\/2018\/08\/2018-08-05-UK-Jalsa-005.jpg 1985w, https:\/\/www.ahmadiyya-islam.org\/es\/wp-content\/uploads\/sites\/10\/2018\/08\/2018-08-05-UK-Jalsa-005-300x169.jpg 300w, https:\/\/www.ahmadiyya-islam.org\/es\/wp-content\/uploads\/sites\/10\/2018\/08\/2018-08-05-UK-Jalsa-005-768x431.jpg 768w, https:\/\/www.ahmadiyya-islam.org\/es\/wp-content\/uploads\/sites\/10\/2018\/08\/2018-08-05-UK-Jalsa-005-1024x575.jpg 1024w, https:\/\/www.ahmadiyya-islam.org\/es\/wp-content\/uploads\/sites\/10\/2018\/08\/2018-08-05-UK-Jalsa-005-400x225.jpg 400w\" sizes=\"auto, (max-width: 1985px) 100vw, 1985px\" \/><\/a><\/p>\n<p>Durante su discurso de clausura, Su Santidad habl\u00f3 sobre los altos valores morales a los que debe aspirar un verdadero musulm\u00e1n y dijo que los musulmanes ten\u00edan el deber de garantizar de vivir sus vidas de acuerdo con los mandamientos de Al-lah el Todopoderoso.<\/p>\n<p><a href=\"https:\/\/www.ahmadiyya-islam.org\/es\/wp-content\/uploads\/sites\/10\/2018\/08\/2018-08-05-UK-Jalsa-006.jpg\"><img loading=\"lazy\" decoding=\"async\" class=\"size-full wp-image-4767 aligncenter\" src=\"https:\/\/www.ahmadiyya-islam.org\/es\/wp-content\/uploads\/sites\/10\/2018\/08\/2018-08-05-UK-Jalsa-006.jpg\" alt=\"\" width=\"1987\" height=\"781\" srcset=\"https:\/\/www.ahmadiyya-islam.org\/es\/wp-content\/uploads\/sites\/10\/2018\/08\/2018-08-05-UK-Jalsa-006.jpg 1987w, https:\/\/www.ahmadiyya-islam.org\/es\/wp-content\/uploads\/sites\/10\/2018\/08\/2018-08-05-UK-Jalsa-006-300x118.jpg 300w, https:\/\/www.ahmadiyya-islam.org\/es\/wp-content\/uploads\/sites\/10\/2018\/08\/2018-08-05-UK-Jalsa-006-768x302.jpg 768w, https:\/\/www.ahmadiyya-islam.org\/es\/wp-content\/uploads\/sites\/10\/2018\/08\/2018-08-05-UK-Jalsa-006-1024x402.jpg 1024w\" sizes=\"auto, (max-width: 1987px) 100vw, 1987px\" \/><\/a><br \/>\nSu Santidad mencion\u00f3 varias cualidades morales y caracter\u00edsticas que los verdaderos musulmanes deber\u00edan poseer, incluyendo la modestia, la generosidad y la disposici\u00f3n a hacer sacrificios financieros por el bien de Al-lah el Todopoderoso.<\/p>\n<p><a href=\"https:\/\/www.ahmadiyya-islam.org\/es\/wp-content\/uploads\/sites\/10\/2018\/08\/2018-08-05-UK-Jalsa-007.jpg\"><img loading=\"lazy\" decoding=\"async\" class=\"alignnone size-full wp-image-4768\" src=\"https:\/\/www.ahmadiyya-islam.org\/es\/wp-content\/uploads\/sites\/10\/2018\/08\/2018-08-05-UK-Jalsa-007.jpg\" alt=\"\" width=\"1994\" height=\"769\" srcset=\"https:\/\/www.ahmadiyya-islam.org\/es\/wp-content\/uploads\/sites\/10\/2018\/08\/2018-08-05-UK-Jalsa-007.jpg 1994w, https:\/\/www.ahmadiyya-islam.org\/es\/wp-content\/uploads\/sites\/10\/2018\/08\/2018-08-05-UK-Jalsa-007-300x116.jpg 300w, https:\/\/www.ahmadiyya-islam.org\/es\/wp-content\/uploads\/sites\/10\/2018\/08\/2018-08-05-UK-Jalsa-007-768x296.jpg 768w, https:\/\/www.ahmadiyya-islam.org\/es\/wp-content\/uploads\/sites\/10\/2018\/08\/2018-08-05-UK-Jalsa-007-1024x395.jpg 1024w\" sizes=\"auto, (max-width: 1994px) 100vw, 1994px\" \/><\/a><\/p>\n<p>Al hablar sobre la importancia de gastar dinero en caridad para el placer de Al-lah, Hazrat Mirza Masrur Ahmad dijo:<\/p>\n<blockquote><p><strong>&#8220;Al-lah el Todopoderoso ha dado la buena nueva de que, al gastar en Su camino, una persona se convierte en receptora de sus bondades y, con la gracia de Al-lah, muchos miembros de la Comunidad Musulmana Ahmad\u00eda han experimentado personalmente esto. Al gastar en el camino de Al-lah, uno no se empobrece, sino que Al-lah concede consuelo y facilidades a quienes gastan en Su camino &#8220;.<\/strong><\/p><\/blockquote>\n<p><a href=\"https:\/\/www.ahmadiyya-islam.org\/es\/wp-content\/uploads\/sites\/10\/2018\/08\/2018-08-05-UK-Jalsa-008.jpg\"><img loading=\"lazy\" decoding=\"async\" class=\"alignnone size-full wp-image-4769\" src=\"https:\/\/www.ahmadiyya-islam.org\/es\/wp-content\/uploads\/sites\/10\/2018\/08\/2018-08-05-UK-Jalsa-008.jpg\" alt=\"\" width=\"1992\" height=\"460\" srcset=\"https:\/\/www.ahmadiyya-islam.org\/es\/wp-content\/uploads\/sites\/10\/2018\/08\/2018-08-05-UK-Jalsa-008.jpg 1992w, https:\/\/www.ahmadiyya-islam.org\/es\/wp-content\/uploads\/sites\/10\/2018\/08\/2018-08-05-UK-Jalsa-008-300x69.jpg 300w, https:\/\/www.ahmadiyya-islam.org\/es\/wp-content\/uploads\/sites\/10\/2018\/08\/2018-08-05-UK-Jalsa-008-768x177.jpg 768w, https:\/\/www.ahmadiyya-islam.org\/es\/wp-content\/uploads\/sites\/10\/2018\/08\/2018-08-05-UK-Jalsa-008-1024x236.jpg 1024w\" sizes=\"auto, (max-width: 1992px) 100vw, 1992px\" \/><\/a><\/p>\n<p>Su Santidad enfatiz\u00f3 la necesidad de protegerse contra el fracaso moral personal y las debilidades en todo momento. Su Santidad dijo que tal ca\u00edda perjudicaba tanto al individuo como a la sociedad en general.<\/p>\n<p><a href=\"https:\/\/www.ahmadiyya-islam.org\/es\/wp-content\/uploads\/sites\/10\/2018\/08\/2018-08-05-UK-Jalsa-009.jpg\"><img loading=\"lazy\" decoding=\"async\" class=\"size-full wp-image-4770 aligncenter\" src=\"https:\/\/www.ahmadiyya-islam.org\/es\/wp-content\/uploads\/sites\/10\/2018\/08\/2018-08-05-UK-Jalsa-009.jpg\" alt=\"\" width=\"1666\" height=\"1105\" srcset=\"https:\/\/www.ahmadiyya-islam.org\/es\/wp-content\/uploads\/sites\/10\/2018\/08\/2018-08-05-UK-Jalsa-009.jpg 1666w, https:\/\/www.ahmadiyya-islam.org\/es\/wp-content\/uploads\/sites\/10\/2018\/08\/2018-08-05-UK-Jalsa-009-300x199.jpg 300w, https:\/\/www.ahmadiyya-islam.org\/es\/wp-content\/uploads\/sites\/10\/2018\/08\/2018-08-05-UK-Jalsa-009-768x509.jpg 768w, https:\/\/www.ahmadiyya-islam.org\/es\/wp-content\/uploads\/sites\/10\/2018\/08\/2018-08-05-UK-Jalsa-009-1024x679.jpg 1024w\" sizes=\"auto, (max-width: 1666px) 100vw, 1666px\" \/><\/a><\/p>\n<p>Hazrat Mirza Masrur Ahmad dijo:<\/p>\n<blockquote><p><strong>&#8220;Si las debilidades morales y los pecados no se detienen inmediatamente y contin\u00faan desarroll\u00e1ndose, pueden da\u00f1ar y debilitar enormemente a la sociedad. Por ejemplo, algunas personas reclaman beneficios del gobierno bajo falsas pretensiones. Esto solo puede da\u00f1ar a otros y debilitar a la sociedad misma. Tal falsedad e inmoralidad es completamente contraria a las ense\u00f1nazas del Islam&#8221;.<\/strong><\/p><\/blockquote>\n<p><a href=\"https:\/\/www.ahmadiyya-islam.org\/es\/wp-content\/uploads\/sites\/10\/2018\/08\/2018-08-05-UK-Jalsa-010.jpg\"><img loading=\"lazy\" decoding=\"async\" class=\"alignnone size-full wp-image-4771\" src=\"https:\/\/www.ahmadiyya-islam.org\/es\/wp-content\/uploads\/sites\/10\/2018\/08\/2018-08-05-UK-Jalsa-010.jpg\" alt=\"\" width=\"1992\" height=\"504\" srcset=\"https:\/\/www.ahmadiyya-islam.org\/es\/wp-content\/uploads\/sites\/10\/2018\/08\/2018-08-05-UK-Jalsa-010.jpg 1992w, https:\/\/www.ahmadiyya-islam.org\/es\/wp-content\/uploads\/sites\/10\/2018\/08\/2018-08-05-UK-Jalsa-010-300x76.jpg 300w, https:\/\/www.ahmadiyya-islam.org\/es\/wp-content\/uploads\/sites\/10\/2018\/08\/2018-08-05-UK-Jalsa-010-768x194.jpg 768w, https:\/\/www.ahmadiyya-islam.org\/es\/wp-content\/uploads\/sites\/10\/2018\/08\/2018-08-05-UK-Jalsa-010-1024x259.jpg 1024w\" sizes=\"auto, (max-width: 1992px) 100vw, 1992px\" \/><\/a><\/p>\n<p>Desarrollando m\u00e1s acerca de la reforma espiritual y moral, Hazrat Mirza Masrur Ahmad dijo:<\/p>\n<blockquote><p><strong>&#8220;Es una distinci\u00f3n del creyente que detiene a otros del mal y de conversaciones fuera de lugar. Pero antes de detener a otros, es necesario que \u00e9l moldee su propio estado tan puro que influencie a los dem\u00e1s hacia la rectitud. \u00c9l o ella debe mejorar su propio estado moral antes de guiar a los dem\u00e1s. Una persona solo puede ejercer influencia sobre los dem\u00e1s cuando establece un ejemplo positivo para que se siga&#8221;.<\/strong><\/p><\/blockquote>\n<p><a href=\"https:\/\/www.ahmadiyya-islam.org\/es\/wp-content\/uploads\/sites\/10\/2018\/08\/2018-08-05-UK-Jalsa-011.jpg\"><img loading=\"lazy\" decoding=\"async\" class=\"alignnone size-full wp-image-4772\" src=\"https:\/\/www.ahmadiyya-islam.org\/es\/wp-content\/uploads\/sites\/10\/2018\/08\/2018-08-05-UK-Jalsa-011.jpg\" alt=\"\" width=\"1992\" height=\"841\" \/><\/a><\/p>\n<p>Hazrat Mirza Masrur Ahmad continu\u00f3:<\/p>\n<blockquote><p><strong>&#8220;Tambi\u00e9n se debe elegir el momento, el lugar y la forma apropiados para guiar a los dem\u00e1s a alejarse de la maldad o el pecado. Ciertamente, para detener a los dem\u00e1s del mal es una virtud y si se hace de la manera correcta es una generosidad. No es correcto humillar a los dem\u00e1s. Por ejemplo, uno debe abstenerse de exponer p\u00fablicamente los pecados de otras personas&#8221;.<\/strong><\/p><\/blockquote>\n<p>Su Santidad tambi\u00e9n declar\u00f3 que para que las oraciones fueran aceptadas, la humildad era la clave.<\/p>\n<p><a href=\"https:\/\/www.ahmadiyya-islam.org\/es\/wp-content\/uploads\/sites\/10\/2018\/08\/2018-08-05-UK-Jalsa-012.jpg\"><img loading=\"lazy\" decoding=\"async\" class=\"size-full wp-image-4773 aligncenter\" src=\"https:\/\/www.ahmadiyya-islam.org\/es\/wp-content\/uploads\/sites\/10\/2018\/08\/2018-08-05-UK-Jalsa-012.jpg\" alt=\"\" width=\"1990\" height=\"685\" srcset=\"https:\/\/www.ahmadiyya-islam.org\/es\/wp-content\/uploads\/sites\/10\/2018\/08\/2018-08-05-UK-Jalsa-012.jpg 1990w, https:\/\/www.ahmadiyya-islam.org\/es\/wp-content\/uploads\/sites\/10\/2018\/08\/2018-08-05-UK-Jalsa-012-300x103.jpg 300w, https:\/\/www.ahmadiyya-islam.org\/es\/wp-content\/uploads\/sites\/10\/2018\/08\/2018-08-05-UK-Jalsa-012-768x264.jpg 768w, https:\/\/www.ahmadiyya-islam.org\/es\/wp-content\/uploads\/sites\/10\/2018\/08\/2018-08-05-UK-Jalsa-012-1024x352.jpg 1024w\" sizes=\"auto, (max-width: 1990px) 100vw, 1990px\" \/><\/a><\/p>\n<p>Hazrat Mirza Masrur Ahmad dijo:<\/p>\n<blockquote><p><strong>&#8220;Para que la oraci\u00f3n sea aceptada por Al-lah Todopoderoso, es necesario incorporar la humildad, considerarse uno mismo como la nada y alcanzar el pin\u00e1culo de la mansedumbre&#8221;.<\/strong><\/p><\/blockquote>\n<p><a href=\"https:\/\/www.ahmadiyya-islam.org\/es\/wp-content\/uploads\/sites\/10\/2018\/08\/2018-08-05-UK-Jalsa-013.jpg\"><img loading=\"lazy\" decoding=\"async\" class=\"size-full wp-image-4774 aligncenter\" src=\"https:\/\/www.ahmadiyya-islam.org\/es\/wp-content\/uploads\/sites\/10\/2018\/08\/2018-08-05-UK-Jalsa-013.jpg\" alt=\"\" width=\"1988\" height=\"493\" srcset=\"https:\/\/www.ahmadiyya-islam.org\/es\/wp-content\/uploads\/sites\/10\/2018\/08\/2018-08-05-UK-Jalsa-013.jpg 1988w, https:\/\/www.ahmadiyya-islam.org\/es\/wp-content\/uploads\/sites\/10\/2018\/08\/2018-08-05-UK-Jalsa-013-300x74.jpg 300w, https:\/\/www.ahmadiyya-islam.org\/es\/wp-content\/uploads\/sites\/10\/2018\/08\/2018-08-05-UK-Jalsa-013-768x190.jpg 768w, https:\/\/www.ahmadiyya-islam.org\/es\/wp-content\/uploads\/sites\/10\/2018\/08\/2018-08-05-UK-Jalsa-013-1024x254.jpg 1024w\" sizes=\"auto, (max-width: 1988px) 100vw, 1988px\" \/><\/a><\/p>\n<p>Hazrat Mirza Masrur Ahmad continu\u00f3:<\/p>\n<blockquote><p><strong>&#8220;Vemos que algunas personas rezan, sin embargo, al mismo tiempo, contin\u00faan cometiendo malas acciones. Esto muestra que carecen del esp\u00edritu de oraci\u00f3n sincera y sinceridad. No oran adecuadamente con el esp\u00edritu necesario para tener \u00e9xito. Solo rezan como un ritual, poniendo sus cabezas en el suelo&#8221;.<\/strong><\/p><\/blockquote>\n<p><a href=\"https:\/\/www.ahmadiyya-islam.org\/es\/wp-content\/uploads\/sites\/10\/2018\/08\/2018-08-05-UK-Jalsa-014.jpg\"><img loading=\"lazy\" decoding=\"async\" class=\"size-full wp-image-4775 aligncenter\" src=\"https:\/\/www.ahmadiyya-islam.org\/es\/wp-content\/uploads\/sites\/10\/2018\/08\/2018-08-05-UK-Jalsa-014.jpg\" alt=\"\" width=\"1755\" height=\"1180\" srcset=\"https:\/\/www.ahmadiyya-islam.org\/es\/wp-content\/uploads\/sites\/10\/2018\/08\/2018-08-05-UK-Jalsa-014.jpg 1755w, https:\/\/www.ahmadiyya-islam.org\/es\/wp-content\/uploads\/sites\/10\/2018\/08\/2018-08-05-UK-Jalsa-014-300x202.jpg 300w, https:\/\/www.ahmadiyya-islam.org\/es\/wp-content\/uploads\/sites\/10\/2018\/08\/2018-08-05-UK-Jalsa-014-768x516.jpg 768w, https:\/\/www.ahmadiyya-islam.org\/es\/wp-content\/uploads\/sites\/10\/2018\/08\/2018-08-05-UK-Jalsa-014-1024x689.jpg 1024w\" sizes=\"auto, (max-width: 1755px) 100vw, 1755px\" \/><\/a><\/p>\n<p>Su Santidad concluy\u00f3 el Yalsa Salana recordando a los asistentes que se concentren en la oraci\u00f3n sincera y los inst\u00f3 a esforzarse para obtener un beneficio a largo plazo de los tres d\u00edas de rejuvenecimiento espiritual experimentados en el Yalsa Salana.<\/p>\n<p><a href=\"https:\/\/www.ahmadiyya-islam.org\/es\/wp-content\/uploads\/sites\/10\/2018\/08\/2018-08-05-UK-Jalsa-015.jpg\"><img loading=\"lazy\" decoding=\"async\" class=\"size-full wp-image-4776 aligncenter\" src=\"https:\/\/www.ahmadiyya-islam.org\/es\/wp-content\/uploads\/sites\/10\/2018\/08\/2018-08-05-UK-Jalsa-015.jpg\" alt=\"\" width=\"1844\" height=\"997\" srcset=\"https:\/\/www.ahmadiyya-islam.org\/es\/wp-content\/uploads\/sites\/10\/2018\/08\/2018-08-05-UK-Jalsa-015.jpg 1844w, https:\/\/www.ahmadiyya-islam.org\/es\/wp-content\/uploads\/sites\/10\/2018\/08\/2018-08-05-UK-Jalsa-015-300x162.jpg 300w, https:\/\/www.ahmadiyya-islam.org\/es\/wp-content\/uploads\/sites\/10\/2018\/08\/2018-08-05-UK-Jalsa-015-768x415.jpg 768w, https:\/\/www.ahmadiyya-islam.org\/es\/wp-content\/uploads\/sites\/10\/2018\/08\/2018-08-05-UK-Jalsa-015-1024x554.jpg 1024w\" sizes=\"auto, (max-width: 1844px) 100vw, 1844px\" \/><\/a><\/p>\n<p>Durante el curso del Yalsa Salana, Su Santidad pronunci\u00f3 cinco discursos, incluido un informe anual de la Comunidad Musulmana Ahmad\u00eda.<\/p>\n<p><a href=\"https:\/\/www.ahmadiyya-islam.org\/es\/wp-content\/uploads\/sites\/10\/2018\/08\/2018-08-05-UK-Jalsa-016.jpg\"><img loading=\"lazy\" decoding=\"async\" class=\"size-full wp-image-4777 aligncenter\" src=\"https:\/\/www.ahmadiyya-islam.org\/es\/wp-content\/uploads\/sites\/10\/2018\/08\/2018-08-05-UK-Jalsa-016.jpg\" alt=\"\" width=\"1982\" height=\"1307\" srcset=\"https:\/\/www.ahmadiyya-islam.org\/es\/wp-content\/uploads\/sites\/10\/2018\/08\/2018-08-05-UK-Jalsa-016.jpg 1982w, https:\/\/www.ahmadiyya-islam.org\/es\/wp-content\/uploads\/sites\/10\/2018\/08\/2018-08-05-UK-Jalsa-016-300x198.jpg 300w, https:\/\/www.ahmadiyya-islam.org\/es\/wp-content\/uploads\/sites\/10\/2018\/08\/2018-08-05-UK-Jalsa-016-768x506.jpg 768w, https:\/\/www.ahmadiyya-islam.org\/es\/wp-content\/uploads\/sites\/10\/2018\/08\/2018-08-05-UK-Jalsa-016-1024x675.jpg 1024w\" sizes=\"auto, (max-width: 1982px) 100vw, 1982px\" \/><\/a><\/p>\n<p>Varias otras conferencias y discursos fueron entregados durante el transcurso de los tres d\u00edas. Adem\u00e1s, se exhibieron varias exposiciones como la exposici\u00f3n &#8216;La S\u00e1bana Santa de Tur\u00edn&#8217;, la exposici\u00f3n &#8216;Camino a la Paz&#8217; y una exposici\u00f3n de &#8216;El Islam en el Este&#8217;.<\/p>\n<p>El Yalsa Salana concluy\u00f3 con una oraci\u00f3n silenciosa dirigida por Hazrat Mirza Masrur Ahmad.<\/p>\n","protected":false},"excerpt":{"rendered":"<p>La 52\u00aa Yalsa Salana (Convenci\u00f3n Anual) de la Comunidad Musulmana Ahmad\u00eda en el Reino Unido concluy\u00f3 el domingo 5 de agosto de 2018 con un discurso poderoso e inspirador de fe por parte del Jefe Mundial de la Comunidad Ahmad\u00eda Musulmana, el Quinto Jalifa (Califa), Su Santidad , Hazrat Mirza Masrur Ahmad. M\u00e1s de 38,500<\/p>\n","protected":false},"author":35,"featured_media":4773,"comment_status":"closed","ping_status":"closed","sticky":false,"template":"","format":"standard","meta":{"_acf_changed":false,"footnotes":""},"categories":[1],"tags":[443],"authors":[],"content_source":[],"class_list":["post-4761","post","type-post","status-publish","format-standard","has-post-thumbnail","hentry","category-comunicados-de-prensa","tag-yalsa","topics-reino-unido","topics-yalsa-salana"],"acf":[],"yoast_head":"<!-- This site is optimized with the Yoast SEO Premium plugin v21.1 (Yoast SEO v27.4) - https:\/\/yoast.com\/product\/yoast-seo-premium-wordpress\/ -->\n<title>M\u00e1s de 647,000 personas se unen a la Comunidad Musulmana Ahmad\u00eda<\/title>\n<meta name=\"description\" content=\"Concluye la convenci\u00f3n anual de la Comunidad Musulmana Ahmad\u00eda en la que el Jalifa del islam habl\u00f3 sobre los altos valores morales a los que debe aspirar un verdadero musulm\u00e1n y dijo que los musulmanes ten\u00edan el deber de garantizarde vivir sus vidas de acuerdo con los mandamientos de Dios.\" \/>\n<meta name=\"robots\" content=\"index, follow, max-snippet:-1, max-image-preview:large, max-video-preview:-1\" \/>\n<link rel=\"canonical\" href=\"https:\/\/www.ahmadiyya-islam.org\/es\/comunicados-de-prensa\/se-unen-a-la-comunidad-musulmana-ahmadiyya\/\" \/>\n<meta property=\"og:locale\" content=\"es_ES\" \/>\n<meta property=\"og:type\" content=\"article\" \/>\n<meta property=\"og:title\" content=\"M\u00e1s de 647,000 personas se unen a la Comunidad Musulmana Ahmad\u00eda\" \/>\n<meta property=\"og:description\" content=\"Concluye la convenci\u00f3n anual de la Comunidad Musulmana Ahmad\u00eda en la que el Jalifa del islam habl\u00f3 sobre los altos valores morales a los que debe aspirar un verdadero musulm\u00e1n y dijo que los musulmanes ten\u00edan el deber de garantizarde vivir sus vidas de acuerdo con los mandamientos de Dios.\" \/>\n<meta property=\"og:url\" content=\"https:\/\/www.ahmadiyya-islam.org\/es\/comunicados-de-prensa\/se-unen-a-la-comunidad-musulmana-ahmadiyya\/\" \/>\n<meta property=\"og:site_name\" content=\"Comunidad Musulmana Ahmad\u00eda\" \/>\n<meta property=\"article:published_time\" content=\"2018-08-14T13:34:10+00:00\" \/>\n<meta property=\"article:modified_time\" content=\"2018-08-15T16:01:31+00:00\" \/>\n<meta property=\"og:image\" content=\"https:\/\/www.ahmadiyya-islam.org\/es\/wp-content\/uploads\/sites\/10\/2018\/08\/2018-08-05-UK-Jalsa-012.jpg\" \/>\n\t<meta property=\"og:image:width\" content=\"1990\" \/>\n\t<meta property=\"og:image:height\" content=\"685\" \/>\n\t<meta property=\"og:image:type\" content=\"image\/jpeg\" \/>\n<meta name=\"author\" content=\"es3awaljalil\" \/>\n<meta name=\"twitter:card\" content=\"summary_large_image\" \/>\n<meta name=\"twitter:label1\" content=\"Written by\" \/>\n\t<meta name=\"twitter:data1\" content=\"es3awaljalil\" \/>\n\t<meta name=\"twitter:label2\" content=\"Est. reading time\" \/>\n\t<meta name=\"twitter:data2\" content=\"5 minutes\" \/>\n<script type=\"application\/ld+json\" class=\"yoast-schema-graph\">{\"@context\":\"https:\\\/\\\/schema.org\",\"@graph\":[{\"@type\":\"Article\",\"@id\":\"https:\\\/\\\/www.ahmadiyya-islam.org\\\/es\\\/comunicados-de-prensa\\\/se-unen-a-la-comunidad-musulmana-ahmadiyya\\\/#article\",\"isPartOf\":{\"@id\":\"https:\\\/\\\/www.ahmadiyya-islam.org\\\/es\\\/comunicados-de-prensa\\\/se-unen-a-la-comunidad-musulmana-ahmadiyya\\\/\"},\"author\":{\"name\":\"es3awaljalil\",\"@id\":\"https:\\\/\\\/www.ahmadiyya-islam.org\\\/es\\\/#\\\/schema\\\/person\\\/bbef07e2c3ccf919ce692a65f234abef\"},\"headline\":\"M\u00e1s de 647,000 personas se unen a la Comunidad Musulmana Ahmad\u00eda\",\"datePublished\":\"2018-08-14T13:34:10+00:00\",\"dateModified\":\"2018-08-15T16:01:31+00:00\",\"mainEntityOfPage\":{\"@id\":\"https:\\\/\\\/www.ahmadiyya-islam.org\\\/es\\\/comunicados-de-prensa\\\/se-unen-a-la-comunidad-musulmana-ahmadiyya\\\/\"},\"wordCount\":930,\"publisher\":{\"@id\":\"https:\\\/\\\/www.ahmadiyya-islam.org\\\/es\\\/#organization\"},\"image\":{\"@id\":\"https:\\\/\\\/www.ahmadiyya-islam.org\\\/es\\\/comunicados-de-prensa\\\/se-unen-a-la-comunidad-musulmana-ahmadiyya\\\/#primaryimage\"},\"thumbnailUrl\":\"https:\\\/\\\/www.ahmadiyya-islam.org\\\/es\\\/wp-content\\\/uploads\\\/sites\\\/10\\\/2018\\\/08\\\/2018-08-05-UK-Jalsa-012.jpg\",\"keywords\":[\"yalsa\"],\"articleSection\":[\"Comunicados de prensa\"],\"inLanguage\":\"es-ES\"},{\"@type\":\"WebPage\",\"@id\":\"https:\\\/\\\/www.ahmadiyya-islam.org\\\/es\\\/comunicados-de-prensa\\\/se-unen-a-la-comunidad-musulmana-ahmadiyya\\\/\",\"url\":\"https:\\\/\\\/www.ahmadiyya-islam.org\\\/es\\\/comunicados-de-prensa\\\/se-unen-a-la-comunidad-musulmana-ahmadiyya\\\/\",\"name\":\"M\u00e1s de 647,000 personas se unen a la Comunidad Musulmana Ahmad\u00eda\",\"isPartOf\":{\"@id\":\"https:\\\/\\\/www.ahmadiyya-islam.org\\\/es\\\/#website\"},\"primaryImageOfPage\":{\"@id\":\"https:\\\/\\\/www.ahmadiyya-islam.org\\\/es\\\/comunicados-de-prensa\\\/se-unen-a-la-comunidad-musulmana-ahmadiyya\\\/#primaryimage\"},\"image\":{\"@id\":\"https:\\\/\\\/www.ahmadiyya-islam.org\\\/es\\\/comunicados-de-prensa\\\/se-unen-a-la-comunidad-musulmana-ahmadiyya\\\/#primaryimage\"},\"thumbnailUrl\":\"https:\\\/\\\/www.ahmadiyya-islam.org\\\/es\\\/wp-content\\\/uploads\\\/sites\\\/10\\\/2018\\\/08\\\/2018-08-05-UK-Jalsa-012.jpg\",\"datePublished\":\"2018-08-14T13:34:10+00:00\",\"dateModified\":\"2018-08-15T16:01:31+00:00\",\"description\":\"Concluye la convenci\u00f3n anual de la Comunidad Musulmana Ahmad\u00eda en la que el Jalifa del islam habl\u00f3 sobre los altos valores morales a los que debe aspirar un verdadero musulm\u00e1n y dijo que los musulmanes ten\u00edan el deber de garantizarde vivir sus vidas de acuerdo con los mandamientos de Dios.\",\"breadcrumb\":{\"@id\":\"https:\\\/\\\/www.ahmadiyya-islam.org\\\/es\\\/comunicados-de-prensa\\\/se-unen-a-la-comunidad-musulmana-ahmadiyya\\\/#breadcrumb\"},\"inLanguage\":\"es-ES\",\"potentialAction\":[{\"@type\":\"ReadAction\",\"target\":[\"https:\\\/\\\/www.ahmadiyya-islam.org\\\/es\\\/comunicados-de-prensa\\\/se-unen-a-la-comunidad-musulmana-ahmadiyya\\\/\"]}]},{\"@type\":\"ImageObject\",\"inLanguage\":\"es-ES\",\"@id\":\"https:\\\/\\\/www.ahmadiyya-islam.org\\\/es\\\/comunicados-de-prensa\\\/se-unen-a-la-comunidad-musulmana-ahmadiyya\\\/#primaryimage\",\"url\":\"https:\\\/\\\/www.ahmadiyya-islam.org\\\/es\\\/wp-content\\\/uploads\\\/sites\\\/10\\\/2018\\\/08\\\/2018-08-05-UK-Jalsa-012.jpg\",\"contentUrl\":\"https:\\\/\\\/www.ahmadiyya-islam.org\\\/es\\\/wp-content\\\/uploads\\\/sites\\\/10\\\/2018\\\/08\\\/2018-08-05-UK-Jalsa-012.jpg\",\"width\":1990,\"height\":685},{\"@type\":\"BreadcrumbList\",\"@id\":\"https:\\\/\\\/www.ahmadiyya-islam.org\\\/es\\\/comunicados-de-prensa\\\/se-unen-a-la-comunidad-musulmana-ahmadiyya\\\/#breadcrumb\",\"itemListElement\":[{\"@type\":\"ListItem\",\"position\":1,\"name\":\"Home\",\"item\":\"https:\\\/\\\/www.ahmadiyya-islam.org\\\/es\\\/\"},{\"@type\":\"ListItem\",\"position\":2,\"name\":\"M\u00e1s de 647,000 personas se unen a la Comunidad Musulmana Ahmad\u00eda\"}]},{\"@type\":\"WebSite\",\"@id\":\"https:\\\/\\\/www.ahmadiyya-islam.org\\\/es\\\/#website\",\"url\":\"https:\\\/\\\/www.ahmadiyya-islam.org\\\/es\\\/\",\"name\":\"Comunidad Musulmana Ahmad\u00eda\",\"description\":\"Internacional\",\"publisher\":{\"@id\":\"https:\\\/\\\/www.ahmadiyya-islam.org\\\/es\\\/#organization\"},\"potentialAction\":[{\"@type\":\"SearchAction\",\"target\":{\"@type\":\"EntryPoint\",\"urlTemplate\":\"https:\\\/\\\/www.ahmadiyya-islam.org\\\/es\\\/?s={search_term_string}\"},\"query-input\":{\"@type\":\"PropertyValueSpecification\",\"valueRequired\":true,\"valueName\":\"search_term_string\"}}],\"inLanguage\":\"es-ES\"},{\"@type\":\"Organization\",\"@id\":\"https:\\\/\\\/www.ahmadiyya-islam.org\\\/es\\\/#organization\",\"name\":\"Comunidad Musulmana Ahmad\u00eda\",\"url\":\"https:\\\/\\\/www.ahmadiyya-islam.org\\\/es\\\/\",\"logo\":{\"@type\":\"ImageObject\",\"inLanguage\":\"es-ES\",\"@id\":\"https:\\\/\\\/www.ahmadiyya-islam.org\\\/es\\\/#\\\/schema\\\/logo\\\/image\\\/\",\"url\":\"https:\\\/\\\/www.ahmadiyya-islam.org\\\/es\\\/wp-content\\\/uploads\\\/sites\\\/10\\\/2015\\\/06\\\/alislam-logo.png\",\"contentUrl\":\"https:\\\/\\\/www.ahmadiyya-islam.org\\\/es\\\/wp-content\\\/uploads\\\/sites\\\/10\\\/2015\\\/06\\\/alislam-logo.png\",\"width\":1859,\"height\":1859,\"caption\":\"Comunidad Musulmana Ahmad\u00eda\"},\"image\":{\"@id\":\"https:\\\/\\\/www.ahmadiyya-islam.org\\\/es\\\/#\\\/schema\\\/logo\\\/image\\\/\"}},{\"@type\":\"Person\",\"@id\":\"https:\\\/\\\/www.ahmadiyya-islam.org\\\/es\\\/#\\\/schema\\\/person\\\/bbef07e2c3ccf919ce692a65f234abef\",\"name\":\"es3awaljalil\"}]}<\/script>\n<!-- \/ Yoast SEO Premium plugin. -->","yoast_head_json":{"title":"M\u00e1s de 647,000 personas se unen a la Comunidad Musulmana Ahmad\u00eda","description":"Concluye la convenci\u00f3n anual de la Comunidad Musulmana Ahmad\u00eda en la que el Jalifa del islam habl\u00f3 sobre los altos valores morales a los que debe aspirar un verdadero musulm\u00e1n y dijo que los musulmanes ten\u00edan el deber de garantizarde vivir sus vidas de acuerdo con los mandamientos de Dios.","robots":{"index":"index","follow":"follow","max-snippet":"max-snippet:-1","max-image-preview":"max-image-preview:large","max-video-preview":"max-video-preview:-1"},"canonical":"https:\/\/www.ahmadiyya-islam.org\/es\/comunicados-de-prensa\/se-unen-a-la-comunidad-musulmana-ahmadiyya\/","og_locale":"es_ES","og_type":"article","og_title":"M\u00e1s de 647,000 personas se unen a la Comunidad Musulmana Ahmad\u00eda","og_description":"Concluye la convenci\u00f3n anual de la Comunidad Musulmana Ahmad\u00eda en la que el Jalifa del islam habl\u00f3 sobre los altos valores morales a los que debe aspirar un verdadero musulm\u00e1n y dijo que los musulmanes ten\u00edan el deber de garantizarde vivir sus vidas de acuerdo con los mandamientos de Dios.","og_url":"https:\/\/www.ahmadiyya-islam.org\/es\/comunicados-de-prensa\/se-unen-a-la-comunidad-musulmana-ahmadiyya\/","og_site_name":"Comunidad Musulmana Ahmad\u00eda","article_published_time":"2018-08-14T13:34:10+00:00","article_modified_time":"2018-08-15T16:01:31+00:00","og_image":[{"width":1990,"height":685,"url":"https:\/\/www.ahmadiyya-islam.org\/es\/wp-content\/uploads\/sites\/10\/2018\/08\/2018-08-05-UK-Jalsa-012.jpg","type":"image\/jpeg"}],"author":"es3awaljalil","twitter_card":"summary_large_image","twitter_misc":{"Written by":"es3awaljalil","Est. reading time":"5 minutes"},"schema":{"@context":"https:\/\/schema.org","@graph":[{"@type":"Article","@id":"https:\/\/www.ahmadiyya-islam.org\/es\/comunicados-de-prensa\/se-unen-a-la-comunidad-musulmana-ahmadiyya\/#article","isPartOf":{"@id":"https:\/\/www.ahmadiyya-islam.org\/es\/comunicados-de-prensa\/se-unen-a-la-comunidad-musulmana-ahmadiyya\/"},"author":{"name":"es3awaljalil","@id":"https:\/\/www.ahmadiyya-islam.org\/es\/#\/schema\/person\/bbef07e2c3ccf919ce692a65f234abef"},"headline":"M\u00e1s de 647,000 personas se unen a la Comunidad Musulmana Ahmad\u00eda","datePublished":"2018-08-14T13:34:10+00:00","dateModified":"2018-08-15T16:01:31+00:00","mainEntityOfPage":{"@id":"https:\/\/www.ahmadiyya-islam.org\/es\/comunicados-de-prensa\/se-unen-a-la-comunidad-musulmana-ahmadiyya\/"},"wordCount":930,"publisher":{"@id":"https:\/\/www.ahmadiyya-islam.org\/es\/#organization"},"image":{"@id":"https:\/\/www.ahmadiyya-islam.org\/es\/comunicados-de-prensa\/se-unen-a-la-comunidad-musulmana-ahmadiyya\/#primaryimage"},"thumbnailUrl":"https:\/\/www.ahmadiyya-islam.org\/es\/wp-content\/uploads\/sites\/10\/2018\/08\/2018-08-05-UK-Jalsa-012.jpg","keywords":["yalsa"],"articleSection":["Comunicados de prensa"],"inLanguage":"es-ES"},{"@type":"WebPage","@id":"https:\/\/www.ahmadiyya-islam.org\/es\/comunicados-de-prensa\/se-unen-a-la-comunidad-musulmana-ahmadiyya\/","url":"https:\/\/www.ahmadiyya-islam.org\/es\/comunicados-de-prensa\/se-unen-a-la-comunidad-musulmana-ahmadiyya\/","name":"M\u00e1s de 647,000 personas se unen a la Comunidad Musulmana Ahmad\u00eda","isPartOf":{"@id":"https:\/\/www.ahmadiyya-islam.org\/es\/#website"},"primaryImageOfPage":{"@id":"https:\/\/www.ahmadiyya-islam.org\/es\/comunicados-de-prensa\/se-unen-a-la-comunidad-musulmana-ahmadiyya\/#primaryimage"},"image":{"@id":"https:\/\/www.ahmadiyya-islam.org\/es\/comunicados-de-prensa\/se-unen-a-la-comunidad-musulmana-ahmadiyya\/#primaryimage"},"thumbnailUrl":"https:\/\/www.ahmadiyya-islam.org\/es\/wp-content\/uploads\/sites\/10\/2018\/08\/2018-08-05-UK-Jalsa-012.jpg","datePublished":"2018-08-14T13:34:10+00:00","dateModified":"2018-08-15T16:01:31+00:00","description":"Concluye la convenci\u00f3n anual de la Comunidad Musulmana Ahmad\u00eda en la que el Jalifa del islam habl\u00f3 sobre los altos valores morales a los que debe aspirar un verdadero musulm\u00e1n y dijo que los musulmanes ten\u00edan el deber de garantizarde vivir sus vidas de acuerdo con los mandamientos de Dios.","breadcrumb":{"@id":"https:\/\/www.ahmadiyya-islam.org\/es\/comunicados-de-prensa\/se-unen-a-la-comunidad-musulmana-ahmadiyya\/#breadcrumb"},"inLanguage":"es-ES","potentialAction":[{"@type":"ReadAction","target":["https:\/\/www.ahmadiyya-islam.org\/es\/comunicados-de-prensa\/se-unen-a-la-comunidad-musulmana-ahmadiyya\/"]}]},{"@type":"ImageObject","inLanguage":"es-ES","@id":"https:\/\/www.ahmadiyya-islam.org\/es\/comunicados-de-prensa\/se-unen-a-la-comunidad-musulmana-ahmadiyya\/#primaryimage","url":"https:\/\/www.ahmadiyya-islam.org\/es\/wp-content\/uploads\/sites\/10\/2018\/08\/2018-08-05-UK-Jalsa-012.jpg","contentUrl":"https:\/\/www.ahmadiyya-islam.org\/es\/wp-content\/uploads\/sites\/10\/2018\/08\/2018-08-05-UK-Jalsa-012.jpg","width":1990,"height":685},{"@type":"BreadcrumbList","@id":"https:\/\/www.ahmadiyya-islam.org\/es\/comunicados-de-prensa\/se-unen-a-la-comunidad-musulmana-ahmadiyya\/#breadcrumb","itemListElement":[{"@type":"ListItem","position":1,"name":"Home","item":"https:\/\/www.ahmadiyya-islam.org\/es\/"},{"@type":"ListItem","position":2,"name":"M\u00e1s de 647,000 personas se unen a la Comunidad Musulmana Ahmad\u00eda"}]},{"@type":"WebSite","@id":"https:\/\/www.ahmadiyya-islam.org\/es\/#website","url":"https:\/\/www.ahmadiyya-islam.org\/es\/","name":"Comunidad Musulmana Ahmad\u00eda","description":"Internacional","publisher":{"@id":"https:\/\/www.ahmadiyya-islam.org\/es\/#organization"},"potentialAction":[{"@type":"SearchAction","target":{"@type":"EntryPoint","urlTemplate":"https:\/\/www.ahmadiyya-islam.org\/es\/?s={search_term_string}"},"query-input":{"@type":"PropertyValueSpecification","valueRequired":true,"valueName":"search_term_string"}}],"inLanguage":"es-ES"},{"@type":"Organization","@id":"https:\/\/www.ahmadiyya-islam.org\/es\/#organization","name":"Comunidad Musulmana Ahmad\u00eda","url":"https:\/\/www.ahmadiyya-islam.org\/es\/","logo":{"@type":"ImageObject","inLanguage":"es-ES","@id":"https:\/\/www.ahmadiyya-islam.org\/es\/#\/schema\/logo\/image\/","url":"https:\/\/www.ahmadiyya-islam.org\/es\/wp-content\/uploads\/sites\/10\/2015\/06\/alislam-logo.png","contentUrl":"https:\/\/www.ahmadiyya-islam.org\/es\/wp-content\/uploads\/sites\/10\/2015\/06\/alislam-logo.png","width":1859,"height":1859,"caption":"Comunidad Musulmana Ahmad\u00eda"},"image":{"@id":"https:\/\/www.ahmadiyya-islam.org\/es\/#\/schema\/logo\/image\/"}},{"@type":"Person","@id":"https:\/\/www.ahmadiyya-islam.org\/es\/#\/schema\/person\/bbef07e2c3ccf919ce692a65f234abef","name":"es3awaljalil"}]}},"_links":{"self":[{"href":"https:\/\/www.ahmadiyya-islam.org\/es\/wp-json\/wp\/v2\/posts\/4761","targetHints":{"allow":["GET"]}}],"collection":[{"href":"https:\/\/www.ahmadiyya-islam.org\/es\/wp-json\/wp\/v2\/posts"}],"about":[{"href":"https:\/\/www.ahmadiyya-islam.org\/es\/wp-json\/wp\/v2\/types\/post"}],"author":[{"embeddable":true,"href":"https:\/\/www.ahmadiyya-islam.org\/es\/wp-json\/wp\/v2\/users\/35"}],"replies":[{"embeddable":true,"href":"https:\/\/www.ahmadiyya-islam.org\/es\/wp-json\/wp\/v2\/comments?post=4761"}],"version-history":[{"count":0,"href":"https:\/\/www.ahmadiyya-islam.org\/es\/wp-json\/wp\/v2\/posts\/4761\/revisions"}],"wp:featuredmedia":[{"embeddable":true,"href":"https:\/\/www.ahmadiyya-islam.org\/es\/wp-json\/wp\/v2\/media\/4773"}],"wp:attachment":[{"href":"https:\/\/www.ahmadiyya-islam.org\/es\/wp-json\/wp\/v2\/media?parent=4761"}],"wp:term":[{"taxonomy":"category","embeddable":true,"href":"https:\/\/www.ahmadiyya-islam.org\/es\/wp-json\/wp\/v2\/categories?post=4761"},{"taxonomy":"post_tag","embeddable":true,"href":"https:\/\/www.ahmadiyya-islam.org\/es\/wp-json\/wp\/v2\/tags?post=4761"},{"taxonomy":"authors","embeddable":true,"href":"https:\/\/www.ahmadiyya-islam.org\/es\/wp-json\/wp\/v2\/authors?post=4761"},{"taxonomy":"content_source","embeddable":true,"href":"https:\/\/www.ahmadiyya-islam.org\/es\/wp-json\/wp\/v2\/content_source?post=4761"}],"curies":[{"name":"wp","href":"https:\/\/api.w.org\/{rel}","templated":true}]}}