{"id":3763,"date":"2017-08-27T18:46:42","date_gmt":"2017-08-27T18:46:42","guid":{"rendered":"https:\/\/www.ahmadiyya-islam.org\/es\/?p=3763"},"modified":"2017-08-31T20:14:15","modified_gmt":"2017-08-31T20:14:15","slug":"el-islam-proclama-que-todas-las-personas-nacen-iguales","status":"publish","type":"post","link":"https:\/\/www.ahmadiyya-islam.org\/es\/comunicados-de-prensa\/el-islam-proclama-que-todas-las-personas-nacen-iguales\/","title":{"rendered":"\u201cEl Islam proclama que todas las personas nacen iguales\u201d"},"content":{"rendered":"<p>\u201cEl Islam proclama que todas las personas nacen iguales, al margen de su procedencia o del color de su piel.&#8221;<\/p>\n<p>Hazrat Mirza Masrur Ahmad<\/p>\n<p><strong>El L\u00edder de la Comunidad Musulmana Ahmad\u00eda hace un llamamiento a favor de la igualdad de todas las razas y de la paz en base a la justicia durante su discurso del Yalsa Salana de Alemania.<\/strong><\/p>\n<p>El s\u00e1bado 26 de agosto de 2017, el L\u00edder Mundial de la Comunidad Ahmad\u00eda, el Quinto Jalifa (Califa), Su Santidad Hazrat Mirza Masrur Ahmad se dirigi\u00f3 a una audiencia de unos 800 dignatarios e invitados durante el segundo d\u00eda de la 42 Convenci\u00f3n Anual (Yalsa Salana) de la Comunidad Musulmana Ahmad\u00eda de Alemania.<\/p>\n<p><a href=\"https:\/\/www.ahmadiyya-islam.org\/es\/wp-content\/uploads\/sites\/10\/2017\/08\/2017-08-26-DE-Jalsa-002-1.jpg\"><img loading=\"lazy\" decoding=\"async\" class=\"size-full wp-image-3774 aligncenter\" src=\"https:\/\/www.ahmadiyya-islam.org\/es\/wp-content\/uploads\/sites\/10\/2017\/08\/2017-08-26-DE-Jalsa-002-1.jpg\" alt=\"\" width=\"1000\" height=\"621\" srcset=\"https:\/\/www.ahmadiyya-islam.org\/es\/wp-content\/uploads\/sites\/10\/2017\/08\/2017-08-26-DE-Jalsa-002-1.jpg 1000w, https:\/\/www.ahmadiyya-islam.org\/es\/wp-content\/uploads\/sites\/10\/2017\/08\/2017-08-26-DE-Jalsa-002-1-300x186.jpg 300w, https:\/\/www.ahmadiyya-islam.org\/es\/wp-content\/uploads\/sites\/10\/2017\/08\/2017-08-26-DE-Jalsa-002-1-768x477.jpg 768w\" sizes=\"auto, (max-width: 1000px) 100vw, 1000px\" \/><\/a><\/p>\n<p>En un momento en que existe una escalada de tensiones y prejuicios raciales en ciertos pa\u00edses, Su Santidad dijo que existe la necesidad urgente de reconocer que todas las personas nacen iguales y que ninguna raza o naci\u00f3n es superior a otra.<\/p>\n<p>Su Santidad tambi\u00e9n aprovech\u00f3 su discurso para condenar categ\u00f3ricamente todas las formas de extremismo y a los llamados cl\u00e9rigos musulmanes que se dedican a radicalizar a los musulmanes de distintos pa\u00edses. Adem\u00e1s, Su Santidad puso en tela de juicio las pol\u00edticas occidentales de venta de armas a los pa\u00edses musulmanes que exacerban las guerras y conflictos.<\/p>\n<p>Condenando en los t\u00e9rminos m\u00e1s en\u00e9rgicos el papel de los cl\u00e9rigos extremistas y los gobiernos musulmanes en la desestabilizaci\u00f3n del mundo, Hazrat Mirza Masrur Ahmad dijo:<\/p>\n<blockquote><p><strong>\u201cLos grupos o cl\u00e9rigos musulmanes extremistas se han cernido sobre musulmanes vulnerables y en lugar de guiar y ayudar a este gente frustrada y desorientada, han envenenado sus mentes con el extremismo y les han radicalizado\u2026 Del mismo modo, llevamos viendo desde hace mucho tiempo que algunos gobiernos musulmanes maltratan a su gente y les han sometido a crueldades e injusticias indescriptibles, lo cual ha originado divisiones que han desembocado en sublevaciones y guerras civiles sangrientas.\u201d<\/strong><\/p><\/blockquote>\n<p><a href=\"https:\/\/www.ahmadiyya-islam.org\/es\/wp-content\/uploads\/sites\/10\/2017\/08\/2017-08-26-DE-Jalsa-003-1.jpg\"><img loading=\"lazy\" decoding=\"async\" class=\"size-full wp-image-3775 aligncenter\" src=\"https:\/\/www.ahmadiyya-islam.org\/es\/wp-content\/uploads\/sites\/10\/2017\/08\/2017-08-26-DE-Jalsa-003-1.jpg\" alt=\"\" width=\"1000\" height=\"309\" srcset=\"https:\/\/www.ahmadiyya-islam.org\/es\/wp-content\/uploads\/sites\/10\/2017\/08\/2017-08-26-DE-Jalsa-003-1.jpg 1000w, https:\/\/www.ahmadiyya-islam.org\/es\/wp-content\/uploads\/sites\/10\/2017\/08\/2017-08-26-DE-Jalsa-003-1-300x93.jpg 300w, https:\/\/www.ahmadiyya-islam.org\/es\/wp-content\/uploads\/sites\/10\/2017\/08\/2017-08-26-DE-Jalsa-003-1-768x237.jpg 768w\" sizes=\"auto, (max-width: 1000px) 100vw, 1000px\" \/><\/a><\/p>\n<p>Comparando los actos de los extremistas con las verdaderas ense\u00f1anzas isl\u00e1micas, Hazrat Mirza Masrur Ahmad dijo:<\/p>\n<blockquote><p><strong>\u201cSin lugar a dudas, las ense\u00f1anzas del islam son una garant\u00eda para la paz y seguridad de toda la humanidad. Sus ense\u00f1anzas est\u00e1n basadas en la compasi\u00f3n, merced y humanidad y son precisamente estos aut\u00e9nticos valores isl\u00e1micos los que la Comunidad Ahmad\u00eda ha destacado sin cesar y se ha esforzado en propagar en el mundo durante m\u00e1s de 125 a\u00f1os.\u201d<\/strong><\/p><\/blockquote>\n<p>Su Santidad dijo que en el primer cap\u00edtulo del Santo Cor\u00e1n est\u00e1 escrito que Dios el Todopoderoso es \u201cel Se\u00f1or de todos los mundos\u201d y esto significa que Dios el Todopoderoso es el Proveedor y Sustentador de toda la gente, todas las razas y todas las creencias.<\/p>\n<p><a href=\"https:\/\/www.ahmadiyya-islam.org\/es\/wp-content\/uploads\/sites\/10\/2017\/08\/2017-08-26-DE-Jalsa-004-1.jpg\"><img loading=\"lazy\" decoding=\"async\" class=\"size-full wp-image-3776 aligncenter\" src=\"https:\/\/www.ahmadiyya-islam.org\/es\/wp-content\/uploads\/sites\/10\/2017\/08\/2017-08-26-DE-Jalsa-004-1.jpg\" alt=\"\" width=\"1000\" height=\"311\" srcset=\"https:\/\/www.ahmadiyya-islam.org\/es\/wp-content\/uploads\/sites\/10\/2017\/08\/2017-08-26-DE-Jalsa-004-1.jpg 1000w, https:\/\/www.ahmadiyya-islam.org\/es\/wp-content\/uploads\/sites\/10\/2017\/08\/2017-08-26-DE-Jalsa-004-1-300x93.jpg 300w, https:\/\/www.ahmadiyya-islam.org\/es\/wp-content\/uploads\/sites\/10\/2017\/08\/2017-08-26-DE-Jalsa-004-1-768x239.jpg 768w\" sizes=\"auto, (max-width: 1000px) 100vw, 1000px\" \/><\/a><\/p>\n<p>Por lo tanto, un verdadero musulm\u00e1n jam\u00e1s puede discriminar u oponerse a los que no son musulmanes, como se afirma cada vez m\u00e1s en los tiempos modernos. Por el contrario, Su Santidad dijo que entre aquellos que condenaban el islam se encontraba gente que incurr\u00eda en racismo y prejuicios.<\/p>\n<p>Condenando a quienes reivindicaban superioridad racial, Hazrat Mirza Masrur Ahmad dijo:<\/p>\n<blockquote><p>\u201c<strong>Estas opiniones extremistas solo pueden alimentar resentimiento y desesperaci\u00f3n ente la gente de otras razas y etnias. En contraste absoluto, el islam proclama que toda la gente nace igual, al margen de su procedencia o del color de su piel.\u201d<\/strong><\/p><\/blockquote>\n<p>Su Santidad tambi\u00e9n cit\u00f3 el Serm\u00f3n de Despedida del Santo Profeta Mohammad (la paz sea con \u00e9l) al que calific\u00f3 de \u201c<strong>discurso memorable que sent\u00f3 las bases para la paz mundial<\/strong>\u201d.<\/p>\n<p>Hazrat Mirza Masrur Ahmad dijo:<\/p>\n<blockquote><p><strong>\u201cEn palabras que eran tanto imperecederas como ilustradas, el Santo Profeta (la paz sea con \u00e9l) proclam\u00f3 que toda la gente nace igual y que una persona blanca no era superior a una negra, ni una negra superior a una blanca\u2026 Blandiendo una antorcha que iluminaba la senda hacia los derechos humanos universales, el Santo Profeta (la paz sea con \u00e9l) declar\u00f3 que todos seres humanos nacieron iguales y ostentaban los mismos derechos.\u201d<\/strong><\/p><\/blockquote>\n<p><a href=\"https:\/\/www.ahmadiyya-islam.org\/es\/wp-content\/uploads\/sites\/10\/2017\/08\/2017-08-26-DE-Jalsa-005-1.jpg\"><img loading=\"lazy\" decoding=\"async\" class=\"size-full wp-image-3777 aligncenter\" src=\"https:\/\/www.ahmadiyya-islam.org\/es\/wp-content\/uploads\/sites\/10\/2017\/08\/2017-08-26-DE-Jalsa-005-1.jpg\" alt=\"\" width=\"949\" height=\"633\" srcset=\"https:\/\/www.ahmadiyya-islam.org\/es\/wp-content\/uploads\/sites\/10\/2017\/08\/2017-08-26-DE-Jalsa-005-1.jpg 949w, https:\/\/www.ahmadiyya-islam.org\/es\/wp-content\/uploads\/sites\/10\/2017\/08\/2017-08-26-DE-Jalsa-005-1-300x200.jpg 300w, https:\/\/www.ahmadiyya-islam.org\/es\/wp-content\/uploads\/sites\/10\/2017\/08\/2017-08-26-DE-Jalsa-005-1-768x512.jpg 768w, https:\/\/www.ahmadiyya-islam.org\/es\/wp-content\/uploads\/sites\/10\/2017\/08\/2017-08-26-DE-Jalsa-005-1-940x626.jpg 940w\" sizes=\"auto, (max-width: 949px) 100vw, 949px\" \/><\/a><\/p>\n<p>Su Santidad dijo que el islam ense\u00f1a que Dios ha enviado profetas a todas las naciones y que se ordenaba a los musulmanes respetar y honrar a todos ellos, incluso aunque otros insultaran al Santo Profeta (la paz sea con \u00e9l).<\/p>\n<p>Hazrat Mirza Masrur Ahmad dijo:<\/p>\n<blockquote><p><strong>\u201cEs cierto que al escuchar a otros difamar a nuestro amado Profeta (la paz sea con \u00e9l) nos causa un intenso dolor e hiere profundamente nuestros corazones. A pesar de todo nunca reaccionaremos faltando al respeto a los profetas o figuras santas de otras religiones y creencias. Frente al odio y la adversidad, es nuestra fe la que nos impulsa a responder con amor y a exhibir paz en todo momento.\u201d<\/strong><\/p><\/blockquote>\n<p><a href=\"https:\/\/www.ahmadiyya-islam.org\/es\/wp-content\/uploads\/sites\/10\/2017\/08\/2017-08-26-DE-Jalsa-006-1.jpg\"><img loading=\"lazy\" decoding=\"async\" class=\"size-full wp-image-3778 aligncenter\" src=\"https:\/\/www.ahmadiyya-islam.org\/es\/wp-content\/uploads\/sites\/10\/2017\/08\/2017-08-26-DE-Jalsa-006-1.jpg\" alt=\"\" width=\"1000\" height=\"732\" srcset=\"https:\/\/www.ahmadiyya-islam.org\/es\/wp-content\/uploads\/sites\/10\/2017\/08\/2017-08-26-DE-Jalsa-006-1.jpg 1000w, https:\/\/www.ahmadiyya-islam.org\/es\/wp-content\/uploads\/sites\/10\/2017\/08\/2017-08-26-DE-Jalsa-006-1-300x220.jpg 300w, https:\/\/www.ahmadiyya-islam.org\/es\/wp-content\/uploads\/sites\/10\/2017\/08\/2017-08-26-DE-Jalsa-006-1-768x562.jpg 768w\" sizes=\"auto, (max-width: 1000px) 100vw, 1000px\" \/><\/a><\/p>\n<p>En respuesta a las alegaciones generales de que el islam permite la agresi\u00f3n para obligar a la gente a aceptar el islam, Su Santidad cit\u00f3 el cap\u00edtulo 10, vers\u00edculo 100 del Santo Cor\u00e1n que explica que, aunque Al-lah el Todopoderoso tiene el poder de obligar a la humanidad a aceptar el islam, \u00c9l ha otorgado libre albedr\u00edo.<\/p>\n<p>Su Santidad dijo que esto no significa que los musulmanes no deban predicar su religi\u00f3n, pues el Cor\u00e1n ha ordenado a los musulmanes informar a la gente sobre el islam, pero es esencial que prediquen con un<\/p>\n<blockquote><p>\u201c<strong>esp\u00edritu de tolerancia y respeto mutuo<\/strong>\u201d.<\/p><\/blockquote>\n<p><a href=\"https:\/\/www.ahmadiyya-islam.org\/es\/wp-content\/uploads\/sites\/10\/2017\/08\/2017-08-26-DE-Jalsa-007-1.jpg\"><img loading=\"lazy\" decoding=\"async\" class=\"size-full wp-image-3779 aligncenter\" src=\"https:\/\/www.ahmadiyya-islam.org\/es\/wp-content\/uploads\/sites\/10\/2017\/08\/2017-08-26-DE-Jalsa-007-1.jpg\" alt=\"\" width=\"1000\" height=\"504\" srcset=\"https:\/\/www.ahmadiyya-islam.org\/es\/wp-content\/uploads\/sites\/10\/2017\/08\/2017-08-26-DE-Jalsa-007-1.jpg 1000w, https:\/\/www.ahmadiyya-islam.org\/es\/wp-content\/uploads\/sites\/10\/2017\/08\/2017-08-26-DE-Jalsa-007-1-300x151.jpg 300w, https:\/\/www.ahmadiyya-islam.org\/es\/wp-content\/uploads\/sites\/10\/2017\/08\/2017-08-26-DE-Jalsa-007-1-768x387.jpg 768w\" sizes=\"auto, (max-width: 1000px) 100vw, 1000px\" \/><\/a><\/p>\n<p>Su Santidad present\u00f3 un ejemplo de benevolencia y tolerancia sin paralelo del Santo Profeta Mohammad (la paz sea con \u00e9l) cuando entr\u00f3 victorioso en la Meca con diez mil compa\u00f1eros suyos, despu\u00e9s de haber sido forzado a emigrar de la ciudad debido a una persecuci\u00f3n implacable por parte de los no musulmanes de la ciudad.<\/p>\n<p>Hablando el momento en que el Santo Profeta Mohammad (la paz sea con \u00e9l) regres\u00f3 a la Meca, Hazrat Mirza Masrur Ahmad dijo:<\/p>\n<blockquote><p><strong>\u201cEn aquel momento de triunfo glorioso, el Santo Profeta (la paz sea con \u00e9l) mostr\u00f3 una humildad y tolerancia supremas al declarar que, de acuerdo con las ense\u00f1anzas pac\u00edficas del islam, se perdonar\u00eda instant\u00e1neamente a todos los que torturaron a los musulmanes.\u201d<\/strong><\/p><\/blockquote>\n<p>Despu\u00e9s, Su Santidad explic\u00f3 con detalle su opini\u00f3n de que los musulmanes no eran los \u00fanicos responsables de los diversos conflictos que afectan al mundo actual.<\/p>\n<p><a href=\"https:\/\/www.ahmadiyya-islam.org\/es\/wp-content\/uploads\/sites\/10\/2017\/08\/2017-08-26-DE-Jalsa-008.jpg\"><img loading=\"lazy\" decoding=\"async\" class=\"size-full wp-image-3780 aligncenter\" src=\"https:\/\/www.ahmadiyya-islam.org\/es\/wp-content\/uploads\/sites\/10\/2017\/08\/2017-08-26-DE-Jalsa-008.jpg\" alt=\"\" width=\"1000\" height=\"445\" srcset=\"https:\/\/www.ahmadiyya-islam.org\/es\/wp-content\/uploads\/sites\/10\/2017\/08\/2017-08-26-DE-Jalsa-008.jpg 1000w, https:\/\/www.ahmadiyya-islam.org\/es\/wp-content\/uploads\/sites\/10\/2017\/08\/2017-08-26-DE-Jalsa-008-300x134.jpg 300w, https:\/\/www.ahmadiyya-islam.org\/es\/wp-content\/uploads\/sites\/10\/2017\/08\/2017-08-26-DE-Jalsa-008-768x342.jpg 768w\" sizes=\"auto, (max-width: 1000px) 100vw, 1000px\" \/><\/a><\/p>\n<p>Hazrat Mirza Masrur Ahmad dijo:<\/p>\n<blockquote><p><strong>\u201cEntre los nueve pa\u00edses que han adquirido armas nucleares, solamente uno, Pakist\u00e1n, es un pa\u00eds musulm\u00e1n. Por lo tanto, no se puede afirmar que el mundo musulm\u00e1n es el centro de estas armas mort\u00edferas que constituyen la mayor amenaza para el bienestar de la humanidad.\u201d<\/strong><\/p><\/blockquote>\n<p>Su Santidad dijo que, aunque por un lado las naciones no musulmanas hacen un llamamiento por la paz en el mundo musulm\u00e1n, por otro, provocan esos mismos conflictos al producir el armamento que se utiliza en tales pa\u00edses.<\/p>\n<p>Hazrat Mirza Masrur Ahmad dijo:<\/p>\n<blockquote><p><strong>\u201cLos pa\u00edses occidentales y los productores de armamento tienen un claro inter\u00e9s comercial al mantener cierto grado de conflicto en los pa\u00edses musulmanes. Estas pol\u00edticas unilaterales y motivos egoc\u00e9ntricos son muy lamentables y solo demuestran ser un medio de destruir la paz mundial.\u201d<\/strong><\/p><\/blockquote>\n<p>Su Santidad dijo que, desde la Segunda Guerra Mundial, las principales potencias mundiales han intentado cada vez m\u00e1s mantener la paz a trav\u00e9s de la construcci\u00f3n de armamento cada vez m\u00e1s mort\u00edfero, con capacidad para destruir el mundo repetidas veces. Su Santidad dijo a trav\u00e9s de tales medios no es posible mantener la paz a largo plazo.<\/p>\n<p>Hazrat Mirza Masrur Ahmad dijo:<\/p>\n<blockquote><p><strong>\u201cLa caracter\u00edstica que ha definido los esfuerzos del mundo para asegurar la paz durante aproximadamente los \u00faltimos setenta a\u00f1os ha sido la intimidaci\u00f3n y las t\u00e1cticas de miedo, a trav\u00e9s de la cual, las naciones han buscado la paz mediante el desarrollo de armas incluso m\u00e1s mortales. Al margen de lo que se reivindique, la verdad es que tales medidas no conseguir\u00e1n brindar una paz duradera y es m\u00e1s que probable que un d\u00eda alguien pulse el bot\u00f3n, desencadenando una masacre y miseria jam\u00e1s vista antes por el mundo.\u201d<\/strong><\/p><\/blockquote>\n<p>Hazrat Mirza Masrur Ahmad dijo:<\/p>\n<blockquote><p><strong>\u201cEn lugar de edificar la paz a trav\u00e9s del llamado \u201cmodelo de disuasi\u00f3n\u201d, nosotros, los \u00e1hmadis musulmanes, creemos que solamente existe un medio que conduce a la paz duradera, y es el camino de Dios el Todopoderoso\u2026 Mientras el mundo contin\u00fae dando prioridad a la riqueza y poder materiales, no podremos ver la aut\u00e9ntica paz en el mundo.\u201d<\/strong><\/p><\/blockquote>\n<p>Concluyendo, Hazrat Mirza Masrur Ahmad dijo:<\/p>\n<blockquote><p><strong>\u201cHa llegado el momento para que la humanidad reconozca a su Creador y acepte que Dios el Todopoderoso es realmente el Se\u00f1or de todos los mundos, Quien nos sustenta, nos provee y es nuestro Creador.\u201d<\/strong><\/p><\/blockquote>\n<p><a href=\"https:\/\/www.ahmadiyya-islam.org\/es\/wp-content\/uploads\/sites\/10\/2017\/08\/2017-08-26-DE-Jalsa-009.jpg\"><img loading=\"lazy\" decoding=\"async\" class=\"size-full wp-image-3781 aligncenter\" src=\"https:\/\/www.ahmadiyya-islam.org\/es\/wp-content\/uploads\/sites\/10\/2017\/08\/2017-08-26-DE-Jalsa-009.jpg\" alt=\"\" width=\"1000\" height=\"667\" srcset=\"https:\/\/www.ahmadiyya-islam.org\/es\/wp-content\/uploads\/sites\/10\/2017\/08\/2017-08-26-DE-Jalsa-009.jpg 1000w, https:\/\/www.ahmadiyya-islam.org\/es\/wp-content\/uploads\/sites\/10\/2017\/08\/2017-08-26-DE-Jalsa-009-300x200.jpg 300w, https:\/\/www.ahmadiyya-islam.org\/es\/wp-content\/uploads\/sites\/10\/2017\/08\/2017-08-26-DE-Jalsa-009-768x512.jpg 768w, https:\/\/www.ahmadiyya-islam.org\/es\/wp-content\/uploads\/sites\/10\/2017\/08\/2017-08-26-DE-Jalsa-009-940x626.jpg 940w\" sizes=\"auto, (max-width: 1000px) 100vw, 1000px\" \/><\/a><\/p>\n<p>Con anterioridad, Su Santidad, Hazrat Mirza Masrur Ahmad se dirigi\u00f3 directamente a los miembros de Lallna Imail-lah (organizaci\u00f3n auxiliar de mujeres) con respecto a las ense\u00f1anzas del islam en relaci\u00f3n con los derechos de las mujeres.<\/p>\n<p>Su Santidad dijo que, desde el principio, el islam ha otorgado a las mujeres el derecho a la herencia, matrimonio, divorcio, libertad de expresi\u00f3n, educaci\u00f3n y otros muchos derechos que el mundo occidental ha otorgado a las mujeres solamente en tiempos recientes.<\/p>\n<p>Hazrat Mirza Masrur Ahmad dijo:<\/p>\n<blockquote><p><strong>\u201cAntes de la aparici\u00f3n del islam, los \u00e1rabes se aflig\u00edan al ver el nacimiento de una ni\u00f1a, y algunos osaban incluso enterrar a sus hijas reci\u00e9n nacidas. En momentos de tal ignorancia y crueldad supremas, el Santo Profeta (la paz sea con \u00e9l) produjo una revoluci\u00f3n en la que estableci\u00f3 el verdadero estatus y honor de las ni\u00f1as y proclam\u00f3 que el nacimiento de una ni\u00f1a era motivo de orgullo y alegr\u00eda.\u201d<\/strong><\/p><\/blockquote>\n<p><a href=\"https:\/\/www.ahmadiyya-islam.org\/es\/wp-content\/uploads\/sites\/10\/2017\/08\/2017-08-26-DE-Jalsa-010.jpg\"><img loading=\"lazy\" decoding=\"async\" class=\"size-full wp-image-3782 aligncenter\" src=\"https:\/\/www.ahmadiyya-islam.org\/es\/wp-content\/uploads\/sites\/10\/2017\/08\/2017-08-26-DE-Jalsa-010.jpg\" alt=\"\" width=\"1000\" height=\"400\" srcset=\"https:\/\/www.ahmadiyya-islam.org\/es\/wp-content\/uploads\/sites\/10\/2017\/08\/2017-08-26-DE-Jalsa-010.jpg 1000w, https:\/\/www.ahmadiyya-islam.org\/es\/wp-content\/uploads\/sites\/10\/2017\/08\/2017-08-26-DE-Jalsa-010-300x120.jpg 300w, https:\/\/www.ahmadiyya-islam.org\/es\/wp-content\/uploads\/sites\/10\/2017\/08\/2017-08-26-DE-Jalsa-010-768x307.jpg 768w\" sizes=\"auto, (max-width: 1000px) 100vw, 1000px\" \/><\/a><\/p>\n<p>Hazrat Mirza Masrur Ahmad continu\u00f3:<\/p>\n<blockquote><p><strong>\u201cEl islam ense\u00f1a que, si se tiene fe en Dios, hay que alegrarse del nacimiento de una ni\u00f1a. La gente mundanal solamente promete recompensas en esta vida, mientras que el islam promete la recompensa del M\u00e1s All\u00e1 al cumplir los derechos de las mujeres. \u00a0Es muy lamentable que, a pesar de tales bellas ense\u00f1anzas, se afirme que el islam no otorga derechos a las mujeres.\u201d<\/strong><\/p><\/blockquote>\n<p>Posteriormente, Su Santidad mantuvo entrevistas con representantes de los medios alemanes y recibi\u00f3 a delegaciones de los invitados que participaron en el Yalsa Salana desde distintos pa\u00edses.<\/p>\n","protected":false},"excerpt":{"rendered":"<p>\u201cEl Islam proclama que todas las personas nacen iguales, al margen de su procedencia o del color de su piel.&#8221; Hazrat Mirza Masrur Ahmad El L\u00edder de la Comunidad Musulmana Ahmad\u00eda hace un llamamiento a favor de la igualdad de todas las razas y de la paz en base a la justicia durante su discurso<\/p>\n","protected":false},"author":35,"featured_media":3783,"comment_status":"closed","ping_status":"closed","sticky":false,"template":"","format":"standard","meta":{"_acf_changed":false,"footnotes":""},"categories":[1],"tags":[27],"authors":[],"content_source":[],"class_list":["post-3763","post","type-post","status-publish","format-standard","has-post-thumbnail","hentry","category-comunicados-de-prensa","tag-alemania","topics-alemania","topics-dios","topics-islam","topics-justicia","topics-paz-mundial"],"acf":[],"yoast_head":"<!-- This site is optimized with the Yoast SEO Premium plugin v21.1 (Yoast SEO v27.4) - https:\/\/yoast.com\/product\/yoast-seo-premium-wordpress\/ -->\n<title>\u201cEl Islam proclama que todas las personas nacen iguales\u201d<\/title>\n<meta name=\"description\" content=\"\u201cEl Islam proclama que todas las personas nacen iguales, al margen de su procedencia o del color de su piel.&quot; Hazrat Mirza Masrur Ahmad El L\u00edder de la\" \/>\n<meta name=\"robots\" content=\"index, follow, max-snippet:-1, max-image-preview:large, max-video-preview:-1\" \/>\n<link rel=\"canonical\" href=\"https:\/\/www.ahmadiyya-islam.org\/es\/comunicados-de-prensa\/el-islam-proclama-que-todas-las-personas-nacen-iguales\/\" \/>\n<meta property=\"og:locale\" content=\"es_ES\" \/>\n<meta property=\"og:type\" content=\"article\" \/>\n<meta property=\"og:title\" content=\"\u201cEl Islam proclama que todas las personas nacen iguales\u201d\" \/>\n<meta property=\"og:description\" content=\"\u201cEl Islam proclama que todas las personas nacen iguales, al margen de su procedencia o del color de su piel.&quot; Hazrat Mirza Masrur Ahmad El L\u00edder de la\" \/>\n<meta property=\"og:url\" content=\"https:\/\/www.ahmadiyya-islam.org\/es\/comunicados-de-prensa\/el-islam-proclama-que-todas-las-personas-nacen-iguales\/\" \/>\n<meta property=\"og:site_name\" content=\"Comunidad Musulmana Ahmad\u00eda\" \/>\n<meta property=\"article:published_time\" content=\"2017-08-27T18:46:42+00:00\" \/>\n<meta property=\"article:modified_time\" content=\"2017-08-31T20:14:15+00:00\" \/>\n<meta property=\"og:image\" content=\"https:\/\/www.ahmadiyya-islam.org\/es\/wp-content\/uploads\/sites\/10\/2017\/08\/2017-08-26-DE-Jalsa-001-1.jpg\" \/>\n\t<meta property=\"og:image:width\" content=\"1000\" \/>\n\t<meta property=\"og:image:height\" content=\"425\" \/>\n\t<meta property=\"og:image:type\" content=\"image\/jpeg\" \/>\n<meta name=\"author\" content=\"es3awaljalil\" \/>\n<meta name=\"twitter:card\" content=\"summary_large_image\" \/>\n<meta name=\"twitter:label1\" content=\"Written by\" \/>\n\t<meta name=\"twitter:data1\" content=\"es3awaljalil\" \/>\n\t<meta name=\"twitter:label2\" content=\"Est. reading time\" \/>\n\t<meta name=\"twitter:data2\" content=\"9 minutes\" \/>\n<script type=\"application\/ld+json\" class=\"yoast-schema-graph\">{\"@context\":\"https:\\\/\\\/schema.org\",\"@graph\":[{\"@type\":\"Article\",\"@id\":\"https:\\\/\\\/www.ahmadiyya-islam.org\\\/es\\\/comunicados-de-prensa\\\/el-islam-proclama-que-todas-las-personas-nacen-iguales\\\/#article\",\"isPartOf\":{\"@id\":\"https:\\\/\\\/www.ahmadiyya-islam.org\\\/es\\\/comunicados-de-prensa\\\/el-islam-proclama-que-todas-las-personas-nacen-iguales\\\/\"},\"author\":{\"name\":\"es3awaljalil\",\"@id\":\"https:\\\/\\\/www.ahmadiyya-islam.org\\\/es\\\/#\\\/schema\\\/person\\\/bbef07e2c3ccf919ce692a65f234abef\"},\"headline\":\"\u201cEl Islam proclama que todas las personas nacen iguales\u201d\",\"datePublished\":\"2017-08-27T18:46:42+00:00\",\"dateModified\":\"2017-08-31T20:14:15+00:00\",\"mainEntityOfPage\":{\"@id\":\"https:\\\/\\\/www.ahmadiyya-islam.org\\\/es\\\/comunicados-de-prensa\\\/el-islam-proclama-que-todas-las-personas-nacen-iguales\\\/\"},\"wordCount\":1769,\"publisher\":{\"@id\":\"https:\\\/\\\/www.ahmadiyya-islam.org\\\/es\\\/#organization\"},\"image\":{\"@id\":\"https:\\\/\\\/www.ahmadiyya-islam.org\\\/es\\\/comunicados-de-prensa\\\/el-islam-proclama-que-todas-las-personas-nacen-iguales\\\/#primaryimage\"},\"thumbnailUrl\":\"https:\\\/\\\/www.ahmadiyya-islam.org\\\/es\\\/wp-content\\\/uploads\\\/sites\\\/10\\\/2017\\\/08\\\/2017-08-26-DE-Jalsa-001-1.jpg\",\"keywords\":[\"Alemania\"],\"articleSection\":[\"Comunicados de prensa\"],\"inLanguage\":\"es-ES\"},{\"@type\":\"WebPage\",\"@id\":\"https:\\\/\\\/www.ahmadiyya-islam.org\\\/es\\\/comunicados-de-prensa\\\/el-islam-proclama-que-todas-las-personas-nacen-iguales\\\/\",\"url\":\"https:\\\/\\\/www.ahmadiyya-islam.org\\\/es\\\/comunicados-de-prensa\\\/el-islam-proclama-que-todas-las-personas-nacen-iguales\\\/\",\"name\":\"\u201cEl Islam proclama que todas las personas nacen iguales\u201d\",\"isPartOf\":{\"@id\":\"https:\\\/\\\/www.ahmadiyya-islam.org\\\/es\\\/#website\"},\"primaryImageOfPage\":{\"@id\":\"https:\\\/\\\/www.ahmadiyya-islam.org\\\/es\\\/comunicados-de-prensa\\\/el-islam-proclama-que-todas-las-personas-nacen-iguales\\\/#primaryimage\"},\"image\":{\"@id\":\"https:\\\/\\\/www.ahmadiyya-islam.org\\\/es\\\/comunicados-de-prensa\\\/el-islam-proclama-que-todas-las-personas-nacen-iguales\\\/#primaryimage\"},\"thumbnailUrl\":\"https:\\\/\\\/www.ahmadiyya-islam.org\\\/es\\\/wp-content\\\/uploads\\\/sites\\\/10\\\/2017\\\/08\\\/2017-08-26-DE-Jalsa-001-1.jpg\",\"datePublished\":\"2017-08-27T18:46:42+00:00\",\"dateModified\":\"2017-08-31T20:14:15+00:00\",\"description\":\"\u201cEl Islam proclama que todas las personas nacen iguales, al margen de su procedencia o del color de su piel.\\\" Hazrat Mirza Masrur Ahmad El L\u00edder de la\",\"breadcrumb\":{\"@id\":\"https:\\\/\\\/www.ahmadiyya-islam.org\\\/es\\\/comunicados-de-prensa\\\/el-islam-proclama-que-todas-las-personas-nacen-iguales\\\/#breadcrumb\"},\"inLanguage\":\"es-ES\",\"potentialAction\":[{\"@type\":\"ReadAction\",\"target\":[\"https:\\\/\\\/www.ahmadiyya-islam.org\\\/es\\\/comunicados-de-prensa\\\/el-islam-proclama-que-todas-las-personas-nacen-iguales\\\/\"]}]},{\"@type\":\"ImageObject\",\"inLanguage\":\"es-ES\",\"@id\":\"https:\\\/\\\/www.ahmadiyya-islam.org\\\/es\\\/comunicados-de-prensa\\\/el-islam-proclama-que-todas-las-personas-nacen-iguales\\\/#primaryimage\",\"url\":\"https:\\\/\\\/www.ahmadiyya-islam.org\\\/es\\\/wp-content\\\/uploads\\\/sites\\\/10\\\/2017\\\/08\\\/2017-08-26-DE-Jalsa-001-1.jpg\",\"contentUrl\":\"https:\\\/\\\/www.ahmadiyya-islam.org\\\/es\\\/wp-content\\\/uploads\\\/sites\\\/10\\\/2017\\\/08\\\/2017-08-26-DE-Jalsa-001-1.jpg\",\"width\":1000,\"height\":425},{\"@type\":\"BreadcrumbList\",\"@id\":\"https:\\\/\\\/www.ahmadiyya-islam.org\\\/es\\\/comunicados-de-prensa\\\/el-islam-proclama-que-todas-las-personas-nacen-iguales\\\/#breadcrumb\",\"itemListElement\":[{\"@type\":\"ListItem\",\"position\":1,\"name\":\"Home\",\"item\":\"https:\\\/\\\/www.ahmadiyya-islam.org\\\/es\\\/\"},{\"@type\":\"ListItem\",\"position\":2,\"name\":\"\u201cEl Islam proclama que todas las personas nacen iguales\u201d\"}]},{\"@type\":\"WebSite\",\"@id\":\"https:\\\/\\\/www.ahmadiyya-islam.org\\\/es\\\/#website\",\"url\":\"https:\\\/\\\/www.ahmadiyya-islam.org\\\/es\\\/\",\"name\":\"Comunidad Musulmana Ahmad\u00eda\",\"description\":\"Internacional\",\"publisher\":{\"@id\":\"https:\\\/\\\/www.ahmadiyya-islam.org\\\/es\\\/#organization\"},\"potentialAction\":[{\"@type\":\"SearchAction\",\"target\":{\"@type\":\"EntryPoint\",\"urlTemplate\":\"https:\\\/\\\/www.ahmadiyya-islam.org\\\/es\\\/?s={search_term_string}\"},\"query-input\":{\"@type\":\"PropertyValueSpecification\",\"valueRequired\":true,\"valueName\":\"search_term_string\"}}],\"inLanguage\":\"es-ES\"},{\"@type\":\"Organization\",\"@id\":\"https:\\\/\\\/www.ahmadiyya-islam.org\\\/es\\\/#organization\",\"name\":\"Comunidad Musulmana Ahmad\u00eda\",\"url\":\"https:\\\/\\\/www.ahmadiyya-islam.org\\\/es\\\/\",\"logo\":{\"@type\":\"ImageObject\",\"inLanguage\":\"es-ES\",\"@id\":\"https:\\\/\\\/www.ahmadiyya-islam.org\\\/es\\\/#\\\/schema\\\/logo\\\/image\\\/\",\"url\":\"https:\\\/\\\/www.ahmadiyya-islam.org\\\/es\\\/wp-content\\\/uploads\\\/sites\\\/10\\\/2015\\\/06\\\/alislam-logo.png\",\"contentUrl\":\"https:\\\/\\\/www.ahmadiyya-islam.org\\\/es\\\/wp-content\\\/uploads\\\/sites\\\/10\\\/2015\\\/06\\\/alislam-logo.png\",\"width\":1859,\"height\":1859,\"caption\":\"Comunidad Musulmana Ahmad\u00eda\"},\"image\":{\"@id\":\"https:\\\/\\\/www.ahmadiyya-islam.org\\\/es\\\/#\\\/schema\\\/logo\\\/image\\\/\"}},{\"@type\":\"Person\",\"@id\":\"https:\\\/\\\/www.ahmadiyya-islam.org\\\/es\\\/#\\\/schema\\\/person\\\/bbef07e2c3ccf919ce692a65f234abef\",\"name\":\"es3awaljalil\"}]}<\/script>\n<!-- \/ Yoast SEO Premium plugin. -->","yoast_head_json":{"title":"\u201cEl Islam proclama que todas las personas nacen iguales\u201d","description":"\u201cEl Islam proclama que todas las personas nacen iguales, al margen de su procedencia o del color de su piel.\" Hazrat Mirza Masrur Ahmad El L\u00edder de la","robots":{"index":"index","follow":"follow","max-snippet":"max-snippet:-1","max-image-preview":"max-image-preview:large","max-video-preview":"max-video-preview:-1"},"canonical":"https:\/\/www.ahmadiyya-islam.org\/es\/comunicados-de-prensa\/el-islam-proclama-que-todas-las-personas-nacen-iguales\/","og_locale":"es_ES","og_type":"article","og_title":"\u201cEl Islam proclama que todas las personas nacen iguales\u201d","og_description":"\u201cEl Islam proclama que todas las personas nacen iguales, al margen de su procedencia o del color de su piel.\" Hazrat Mirza Masrur Ahmad El L\u00edder de la","og_url":"https:\/\/www.ahmadiyya-islam.org\/es\/comunicados-de-prensa\/el-islam-proclama-que-todas-las-personas-nacen-iguales\/","og_site_name":"Comunidad Musulmana Ahmad\u00eda","article_published_time":"2017-08-27T18:46:42+00:00","article_modified_time":"2017-08-31T20:14:15+00:00","og_image":[{"width":1000,"height":425,"url":"https:\/\/www.ahmadiyya-islam.org\/es\/wp-content\/uploads\/sites\/10\/2017\/08\/2017-08-26-DE-Jalsa-001-1.jpg","type":"image\/jpeg"}],"author":"es3awaljalil","twitter_card":"summary_large_image","twitter_misc":{"Written by":"es3awaljalil","Est. reading time":"9 minutes"},"schema":{"@context":"https:\/\/schema.org","@graph":[{"@type":"Article","@id":"https:\/\/www.ahmadiyya-islam.org\/es\/comunicados-de-prensa\/el-islam-proclama-que-todas-las-personas-nacen-iguales\/#article","isPartOf":{"@id":"https:\/\/www.ahmadiyya-islam.org\/es\/comunicados-de-prensa\/el-islam-proclama-que-todas-las-personas-nacen-iguales\/"},"author":{"name":"es3awaljalil","@id":"https:\/\/www.ahmadiyya-islam.org\/es\/#\/schema\/person\/bbef07e2c3ccf919ce692a65f234abef"},"headline":"\u201cEl Islam proclama que todas las personas nacen iguales\u201d","datePublished":"2017-08-27T18:46:42+00:00","dateModified":"2017-08-31T20:14:15+00:00","mainEntityOfPage":{"@id":"https:\/\/www.ahmadiyya-islam.org\/es\/comunicados-de-prensa\/el-islam-proclama-que-todas-las-personas-nacen-iguales\/"},"wordCount":1769,"publisher":{"@id":"https:\/\/www.ahmadiyya-islam.org\/es\/#organization"},"image":{"@id":"https:\/\/www.ahmadiyya-islam.org\/es\/comunicados-de-prensa\/el-islam-proclama-que-todas-las-personas-nacen-iguales\/#primaryimage"},"thumbnailUrl":"https:\/\/www.ahmadiyya-islam.org\/es\/wp-content\/uploads\/sites\/10\/2017\/08\/2017-08-26-DE-Jalsa-001-1.jpg","keywords":["Alemania"],"articleSection":["Comunicados de prensa"],"inLanguage":"es-ES"},{"@type":"WebPage","@id":"https:\/\/www.ahmadiyya-islam.org\/es\/comunicados-de-prensa\/el-islam-proclama-que-todas-las-personas-nacen-iguales\/","url":"https:\/\/www.ahmadiyya-islam.org\/es\/comunicados-de-prensa\/el-islam-proclama-que-todas-las-personas-nacen-iguales\/","name":"\u201cEl Islam proclama que todas las personas nacen iguales\u201d","isPartOf":{"@id":"https:\/\/www.ahmadiyya-islam.org\/es\/#website"},"primaryImageOfPage":{"@id":"https:\/\/www.ahmadiyya-islam.org\/es\/comunicados-de-prensa\/el-islam-proclama-que-todas-las-personas-nacen-iguales\/#primaryimage"},"image":{"@id":"https:\/\/www.ahmadiyya-islam.org\/es\/comunicados-de-prensa\/el-islam-proclama-que-todas-las-personas-nacen-iguales\/#primaryimage"},"thumbnailUrl":"https:\/\/www.ahmadiyya-islam.org\/es\/wp-content\/uploads\/sites\/10\/2017\/08\/2017-08-26-DE-Jalsa-001-1.jpg","datePublished":"2017-08-27T18:46:42+00:00","dateModified":"2017-08-31T20:14:15+00:00","description":"\u201cEl Islam proclama que todas las personas nacen iguales, al margen de su procedencia o del color de su piel.\" Hazrat Mirza Masrur Ahmad El L\u00edder de la","breadcrumb":{"@id":"https:\/\/www.ahmadiyya-islam.org\/es\/comunicados-de-prensa\/el-islam-proclama-que-todas-las-personas-nacen-iguales\/#breadcrumb"},"inLanguage":"es-ES","potentialAction":[{"@type":"ReadAction","target":["https:\/\/www.ahmadiyya-islam.org\/es\/comunicados-de-prensa\/el-islam-proclama-que-todas-las-personas-nacen-iguales\/"]}]},{"@type":"ImageObject","inLanguage":"es-ES","@id":"https:\/\/www.ahmadiyya-islam.org\/es\/comunicados-de-prensa\/el-islam-proclama-que-todas-las-personas-nacen-iguales\/#primaryimage","url":"https:\/\/www.ahmadiyya-islam.org\/es\/wp-content\/uploads\/sites\/10\/2017\/08\/2017-08-26-DE-Jalsa-001-1.jpg","contentUrl":"https:\/\/www.ahmadiyya-islam.org\/es\/wp-content\/uploads\/sites\/10\/2017\/08\/2017-08-26-DE-Jalsa-001-1.jpg","width":1000,"height":425},{"@type":"BreadcrumbList","@id":"https:\/\/www.ahmadiyya-islam.org\/es\/comunicados-de-prensa\/el-islam-proclama-que-todas-las-personas-nacen-iguales\/#breadcrumb","itemListElement":[{"@type":"ListItem","position":1,"name":"Home","item":"https:\/\/www.ahmadiyya-islam.org\/es\/"},{"@type":"ListItem","position":2,"name":"\u201cEl Islam proclama que todas las personas nacen iguales\u201d"}]},{"@type":"WebSite","@id":"https:\/\/www.ahmadiyya-islam.org\/es\/#website","url":"https:\/\/www.ahmadiyya-islam.org\/es\/","name":"Comunidad Musulmana Ahmad\u00eda","description":"Internacional","publisher":{"@id":"https:\/\/www.ahmadiyya-islam.org\/es\/#organization"},"potentialAction":[{"@type":"SearchAction","target":{"@type":"EntryPoint","urlTemplate":"https:\/\/www.ahmadiyya-islam.org\/es\/?s={search_term_string}"},"query-input":{"@type":"PropertyValueSpecification","valueRequired":true,"valueName":"search_term_string"}}],"inLanguage":"es-ES"},{"@type":"Organization","@id":"https:\/\/www.ahmadiyya-islam.org\/es\/#organization","name":"Comunidad Musulmana Ahmad\u00eda","url":"https:\/\/www.ahmadiyya-islam.org\/es\/","logo":{"@type":"ImageObject","inLanguage":"es-ES","@id":"https:\/\/www.ahmadiyya-islam.org\/es\/#\/schema\/logo\/image\/","url":"https:\/\/www.ahmadiyya-islam.org\/es\/wp-content\/uploads\/sites\/10\/2015\/06\/alislam-logo.png","contentUrl":"https:\/\/www.ahmadiyya-islam.org\/es\/wp-content\/uploads\/sites\/10\/2015\/06\/alislam-logo.png","width":1859,"height":1859,"caption":"Comunidad Musulmana Ahmad\u00eda"},"image":{"@id":"https:\/\/www.ahmadiyya-islam.org\/es\/#\/schema\/logo\/image\/"}},{"@type":"Person","@id":"https:\/\/www.ahmadiyya-islam.org\/es\/#\/schema\/person\/bbef07e2c3ccf919ce692a65f234abef","name":"es3awaljalil"}]}},"_links":{"self":[{"href":"https:\/\/www.ahmadiyya-islam.org\/es\/wp-json\/wp\/v2\/posts\/3763","targetHints":{"allow":["GET"]}}],"collection":[{"href":"https:\/\/www.ahmadiyya-islam.org\/es\/wp-json\/wp\/v2\/posts"}],"about":[{"href":"https:\/\/www.ahmadiyya-islam.org\/es\/wp-json\/wp\/v2\/types\/post"}],"author":[{"embeddable":true,"href":"https:\/\/www.ahmadiyya-islam.org\/es\/wp-json\/wp\/v2\/users\/35"}],"replies":[{"embeddable":true,"href":"https:\/\/www.ahmadiyya-islam.org\/es\/wp-json\/wp\/v2\/comments?post=3763"}],"version-history":[{"count":0,"href":"https:\/\/www.ahmadiyya-islam.org\/es\/wp-json\/wp\/v2\/posts\/3763\/revisions"}],"wp:featuredmedia":[{"embeddable":true,"href":"https:\/\/www.ahmadiyya-islam.org\/es\/wp-json\/wp\/v2\/media\/3783"}],"wp:attachment":[{"href":"https:\/\/www.ahmadiyya-islam.org\/es\/wp-json\/wp\/v2\/media?parent=3763"}],"wp:term":[{"taxonomy":"category","embeddable":true,"href":"https:\/\/www.ahmadiyya-islam.org\/es\/wp-json\/wp\/v2\/categories?post=3763"},{"taxonomy":"post_tag","embeddable":true,"href":"https:\/\/www.ahmadiyya-islam.org\/es\/wp-json\/wp\/v2\/tags?post=3763"},{"taxonomy":"authors","embeddable":true,"href":"https:\/\/www.ahmadiyya-islam.org\/es\/wp-json\/wp\/v2\/authors?post=3763"},{"taxonomy":"content_source","embeddable":true,"href":"https:\/\/www.ahmadiyya-islam.org\/es\/wp-json\/wp\/v2\/content_source?post=3763"}],"curies":[{"name":"wp","href":"https:\/\/api.w.org\/{rel}","templated":true}]}}