{"id":3664,"date":"2017-08-08T10:29:51","date_gmt":"2017-08-08T10:29:51","guid":{"rendered":"https:\/\/www.ahmadiyya-islam.org\/es\/?p=3664"},"modified":"2017-08-08T10:31:43","modified_gmt":"2017-08-08T10:31:43","slug":"convencion-anual-2017","status":"publish","type":"post","link":"https:\/\/www.ahmadiyya-islam.org\/es\/comunicados-de-prensa\/convencion-anual-2017\/","title":{"rendered":"M\u00e1s de 600.000 personas se unen a la Comunidad Musulmana Ahmad\u00eda"},"content":{"rendered":"<p><em><strong>El 51\u00ba Yalsa Salana de Reino Unido concluye con un discurso conmovedor de Hazrat Mirza Masrur Ahmad<\/strong><\/em><\/p>\n<p>El 51\u00ba Yalsa Salana (Convenci\u00f3n Anual) de la Comunidad Musulmana Ahmad\u00eda en el Reino Unido concluy\u00f3 el domingo 30 de julio de 2017 con un potente e inspirador discurso del L\u00edder Mundial de la Comunidad Musulmana Ahmad\u00eda, el Quinto Jalifa, Su Santidad, Hazrat Mirza Masrur Ahmad.<\/p>\n<p>M\u00e1s de 37.000 personas asistieron al Yalsa Salana, que tuvo lugar en Hadeeqatul Mahdi en Alton, Hampshire.<\/p>\n<p>Adem\u00e1s de los miles de musulmanes \u00e1hmadis que participaron, tambi\u00e9n participaron muchos invitados no \u00e1hmadis y no musulmanes. El evento completo se transmiti\u00f3 en directo a trav\u00e9s del canal de televisi\u00f3n MTA International y tambi\u00e9n se transmiti\u00f3 online.<\/p>\n<p><img loading=\"lazy\" decoding=\"async\" class=\"size-large wp-image-3666 aligncenter\" src=\"https:\/\/www.ahmadiyya-islam.org\/es\/wp-content\/uploads\/sites\/10\/2017\/08\/photo-2-1024x421.jpg\" alt=\"\" width=\"1024\" height=\"421\" srcset=\"https:\/\/www.ahmadiyya-islam.org\/es\/wp-content\/uploads\/sites\/10\/2017\/08\/photo-2-1024x421.jpg 1024w, https:\/\/www.ahmadiyya-islam.org\/es\/wp-content\/uploads\/sites\/10\/2017\/08\/photo-2-300x123.jpg 300w, https:\/\/www.ahmadiyya-islam.org\/es\/wp-content\/uploads\/sites\/10\/2017\/08\/photo-2-768x316.jpg 768w, https:\/\/www.ahmadiyya-islam.org\/es\/wp-content\/uploads\/sites\/10\/2017\/08\/photo-2.jpg 1344w\" sizes=\"auto, (max-width: 1024px) 100vw, 1024px\" \/><\/p>\n<p>Un aspecto destacado del Yalsa Salana de tres d\u00edas fue el juramento de lealtad, conocido como Bai&#8217;at, que tuvo lugar el domingo por la ma\u00f1ana, donde los participantes juraron su lealtad a Hazrat Mirza Masrur Ahmad como el Quinto Jalifa (Califa) del Mes\u00edas Prometido (la paz sea con \u00e9l). Los participantes formaron una cadena humana que conduc\u00eda al Jalifa mientras repet\u00edan las palabras del juramento al un\u00edsono.<\/p>\n<p><img loading=\"lazy\" decoding=\"async\" class=\"size-large wp-image-3665 aligncenter\" src=\"https:\/\/www.ahmadiyya-islam.org\/es\/wp-content\/uploads\/sites\/10\/2017\/08\/photo-1-1024x375.jpg\" alt=\"\" width=\"1024\" height=\"375\" srcset=\"https:\/\/www.ahmadiyya-islam.org\/es\/wp-content\/uploads\/sites\/10\/2017\/08\/photo-1-1024x375.jpg 1024w, https:\/\/www.ahmadiyya-islam.org\/es\/wp-content\/uploads\/sites\/10\/2017\/08\/photo-1-300x110.jpg 300w, https:\/\/www.ahmadiyya-islam.org\/es\/wp-content\/uploads\/sites\/10\/2017\/08\/photo-1-768x281.jpg 768w, https:\/\/www.ahmadiyya-islam.org\/es\/wp-content\/uploads\/sites\/10\/2017\/08\/photo-1.jpg 1468w\" sizes=\"auto, (max-width: 1024px) 100vw, 1024px\" \/><\/p>\n<p>Antes de la ceremonia, Su Santidad anunci\u00f3 que el a\u00f1o pasado m\u00e1s de 600.000 personas de todo el mundo se hab\u00edan unido a la Comunidad Musulmana Ahmad\u00eda. Adem\u00e1s, anunci\u00f3 que la Comunidad Musulmana Ahmad\u00eda se hab\u00eda establecido en 210 naciones.<\/p>\n<p><img loading=\"lazy\" decoding=\"async\" class=\"size-large wp-image-3667 aligncenter\" src=\"https:\/\/www.ahmadiyya-islam.org\/es\/wp-content\/uploads\/sites\/10\/2017\/08\/photo-4-1024x470.jpg\" alt=\"\" width=\"1024\" height=\"470\" srcset=\"https:\/\/www.ahmadiyya-islam.org\/es\/wp-content\/uploads\/sites\/10\/2017\/08\/photo-4-1024x470.jpg 1024w, https:\/\/www.ahmadiyya-islam.org\/es\/wp-content\/uploads\/sites\/10\/2017\/08\/photo-4-300x138.jpg 300w, https:\/\/www.ahmadiyya-islam.org\/es\/wp-content\/uploads\/sites\/10\/2017\/08\/photo-4-768x353.jpg 768w, https:\/\/www.ahmadiyya-islam.org\/es\/wp-content\/uploads\/sites\/10\/2017\/08\/photo-4.jpg 1468w\" sizes=\"auto, (max-width: 1024px) 100vw, 1024px\" \/><\/p>\n<p>Durante su discurso de clausura, Su Santidad habl\u00f3 de las consecuencias de la publicidad negativa que el islam recibe en gran parte del mundo y de c\u00f3mo la Comunidad Musulmana Ahmad\u00eda trata de contrarrestar la falsa informaci\u00f3n que se est\u00e1 difundiendo.<\/p>\n<p>Su Santidad, Hazrat Mirza Masrur Ahmad dijo:<\/p>\n<blockquote><p><strong>&#8220;Cuando los musulmanes \u00e1hmadis de todo el mundo alzamos nuestras voces y explicamos a la gente el verdadero mensaje de paz del islam, la reacci\u00f3n es invariablemente de sorpresa. La gente se sorprende al ver lo que el islam realmente representa, puesto que previamente s\u00f3lo conoc\u00edan lo que los medios de comunicaci\u00f3n les han alimentado. Lamentablemente, la mayor\u00eda de los medios de comunicaci\u00f3n se centran exclusivamente en las acciones de una minor\u00eda de extremistas y han perpetuado el mito de que el islam, Dios no lo quiera, es una religi\u00f3n de violencia. Esto ha llegado hasta el punto de que, tanto en las aldeas remotas en \u00c1frica como en los pa\u00edses desarrollados como Estados Unidos, la gente tiene opiniones similares y negativas sobre el islam.&#8221;<\/strong><\/p>\n<p><img loading=\"lazy\" decoding=\"async\" class=\"size-large wp-image-3669 aligncenter\" src=\"https:\/\/www.ahmadiyya-islam.org\/es\/wp-content\/uploads\/sites\/10\/2017\/08\/Photo-5-1024x654.jpg\" alt=\"\" width=\"1024\" height=\"654\" srcset=\"https:\/\/www.ahmadiyya-islam.org\/es\/wp-content\/uploads\/sites\/10\/2017\/08\/Photo-5-1024x654.jpg 1024w, https:\/\/www.ahmadiyya-islam.org\/es\/wp-content\/uploads\/sites\/10\/2017\/08\/Photo-5-300x191.jpg 300w, https:\/\/www.ahmadiyya-islam.org\/es\/wp-content\/uploads\/sites\/10\/2017\/08\/Photo-5-768x490.jpg 768w, https:\/\/www.ahmadiyya-islam.org\/es\/wp-content\/uploads\/sites\/10\/2017\/08\/Photo-5.jpg 1468w\" sizes=\"auto, (max-width: 1024px) 100vw, 1024px\" \/><\/p><\/blockquote>\n<p>Su Santidad, Hazrat Mirza Masrur Ahmad continu\u00f3 diciendo:<\/p>\n<blockquote><p><strong>&#8220;La realidad es, y siempre ser\u00e1, que las ense\u00f1anzas del islam son el verdadero garante de la paz en el mundo. La palabra islam significa literalmente paz y seguridad y, por lo tanto, ense\u00f1a a los musulmanes que deben manifestar la paz a todas las personas procedentes de todos los \u00e1mbitos de la vida. El islam denuncia todas las formas de discriminaci\u00f3n basadas en el credo, la casta o el color y afirma que todas las personas, sin importar de d\u00f3nde provengan, nacen iguales. De hecho, el Santo Profeta Muhammad (la paz sea con \u00e9l) proclam\u00f3 categ\u00f3ricamente que ning\u00fan \u00e1rabe ten\u00eda superioridad sobre un no \u00e1rabe y tampoco hab\u00eda ninguna diferencia entre las personas de diferente raza o etnia &#8220;.<\/strong><\/p><\/blockquote>\n<p>Su Santidad, Hazrat Mirza Masrur Ahmad dijo, adem\u00e1s:<\/p>\n<blockquote><p><strong>&#8220;Seg\u00fan el islam, Dios ha enviado profetas a cada naci\u00f3n y los musulmanes creen en todos los profetas de Dios. Solo este punto \u00fanico ilustra que ninguna fe puede rivalizar con el compromiso del islam en relaci\u00f3n a la libertad religiosa y la tolerancia. Lamentablemente, hay personas de otras religiones que hablan en contra del Santo Profeta Muhammad (la paz sea con \u00e9l), sin embargo, un musulm\u00e1n est\u00e1, y siempre estar\u00e1, obligado a respetar y creer en los fundadores y profetas de todas las dem\u00e1s religiones y nunca debe hablar en contra de ellos. Mientras que otras personas usan t\u00e9rminos viles contra el Santo Profeta Muhammad (la paz sea con \u00e9l), los musulmanes al mismo tiempo deben enviar salutaciones de paz a los profetas y fundadores de otras religiones. Este es el verdadero islam.&#8221;<\/strong><\/p>\n<p><img loading=\"lazy\" decoding=\"async\" class=\"size-large wp-image-3670 aligncenter\" src=\"https:\/\/www.ahmadiyya-islam.org\/es\/wp-content\/uploads\/sites\/10\/2017\/08\/Photo-6-1024x575.jpg\" alt=\"\" width=\"1024\" height=\"575\" srcset=\"https:\/\/www.ahmadiyya-islam.org\/es\/wp-content\/uploads\/sites\/10\/2017\/08\/Photo-6-1024x575.jpg 1024w, https:\/\/www.ahmadiyya-islam.org\/es\/wp-content\/uploads\/sites\/10\/2017\/08\/Photo-6-300x168.jpg 300w, https:\/\/www.ahmadiyya-islam.org\/es\/wp-content\/uploads\/sites\/10\/2017\/08\/Photo-6-768x431.jpg 768w, https:\/\/www.ahmadiyya-islam.org\/es\/wp-content\/uploads\/sites\/10\/2017\/08\/Photo-6.jpg 1468w\" sizes=\"auto, (max-width: 1024px) 100vw, 1024px\" \/><\/p><\/blockquote>\n<p>Para explicar las ense\u00f1anzas del islam sobre la tolerancia religiosa, Su Santidad cit\u00f3 el cap\u00edtulo 6 vers\u00edculo 109 del Sagrado Cor\u00e1n que dice:<\/p>\n<blockquote><p><strong>&#8220;Y no insult\u00e9is a quienes ellos invocan en lugar de Al-lah, no sea que ellos, por despecho, insulten a Al-lah en su ignorancia. As\u00ed hicimos que cada pueblo considerara justas sus acciones. Pero despu\u00e9s volver\u00e1n a su Se\u00f1or y \u00c9l les informar\u00e1 de cuanto hayan hecho.\u201d<\/strong><\/p>\n<p><img loading=\"lazy\" decoding=\"async\" class=\"size-large wp-image-3671 aligncenter\" src=\"https:\/\/www.ahmadiyya-islam.org\/es\/wp-content\/uploads\/sites\/10\/2017\/08\/Photo-7-683x1024.jpg\" alt=\"\" width=\"683\" height=\"1024\" srcset=\"https:\/\/www.ahmadiyya-islam.org\/es\/wp-content\/uploads\/sites\/10\/2017\/08\/Photo-7-683x1024.jpg 683w, https:\/\/www.ahmadiyya-islam.org\/es\/wp-content\/uploads\/sites\/10\/2017\/08\/Photo-7-200x300.jpg 200w, https:\/\/www.ahmadiyya-islam.org\/es\/wp-content\/uploads\/sites\/10\/2017\/08\/Photo-7.jpg 768w\" sizes=\"auto, (max-width: 683px) 100vw, 683px\" \/><\/p><\/blockquote>\n<p>Refutando a quienes intentaban justificar sus odiosos actos terroristas en nombre del islam, Su Santidad declar\u00f3 que el Cor\u00e1n declara categ\u00f3ricamente que no debe haber compulsi\u00f3n en la religi\u00f3n. Dijo que Al-lah el Todopoderoso hab\u00eda prohibido al Santo Profeta Muhammad (la paz sea con \u00e9l) usar cualquier tipo de fuerza o compulsi\u00f3n con el fin de difundir el islam y, por ello, \u00bfc\u00f3mo es posible para un musulm\u00e1n tener esta autorizaci\u00f3n que ni siquiera ten\u00eda el Profeta del islam (la paz sea con \u00e9l)?<\/p>\n<p><img loading=\"lazy\" decoding=\"async\" class=\"size-large wp-image-3672 aligncenter\" src=\"https:\/\/www.ahmadiyya-islam.org\/es\/wp-content\/uploads\/sites\/10\/2017\/08\/photo-8-1024x594.jpg\" alt=\"\" width=\"1024\" height=\"594\" srcset=\"https:\/\/www.ahmadiyya-islam.org\/es\/wp-content\/uploads\/sites\/10\/2017\/08\/photo-8-1024x594.jpg 1024w, https:\/\/www.ahmadiyya-islam.org\/es\/wp-content\/uploads\/sites\/10\/2017\/08\/photo-8-300x174.jpg 300w, https:\/\/www.ahmadiyya-islam.org\/es\/wp-content\/uploads\/sites\/10\/2017\/08\/photo-8-768x446.jpg 768w, https:\/\/www.ahmadiyya-islam.org\/es\/wp-content\/uploads\/sites\/10\/2017\/08\/photo-8.jpg 1468w\" sizes=\"auto, (max-width: 1024px) 100vw, 1024px\" \/><\/p>\n<p>Durante su discurso, Su Santidad conden\u00f3 el comercio de armas y dijo que las potencias occidentales estaban alimentando las guerras en el mundo musulm\u00e1n vendiendo armas a ciertos pa\u00edses musulmanes o proporcion\u00e1ndolas a ciertos grupos rebeldes.<\/p>\n<p>Su Santidad dijo que los pa\u00edses musulmanes no tienen la capacidad de producir las armas sofisticadas que est\u00e1n arruinando sus pa\u00edses y que est\u00e1n siendo importados desde el extranjero. Estas armas acaban en manos de terroristas y extremistas y causan destrucci\u00f3n y devastaci\u00f3n.<\/p>\n<p>Su Santidad tambi\u00e9n dio una respuesta comprensiva a aquellos que cuestionan por qu\u00e9 los primeros musulmanes participaban en guerras. Su Santidad dej\u00f3 en claro que todas las guerras que tuvieron lugar durante el per\u00edodo del Santo Profeta (la paz sea con \u00e9l) y sus cuatro sucesores divinamente guiados fueron guerras defensivas para defender el principio de la libertad religiosa universal.<\/p>\n<p><img loading=\"lazy\" decoding=\"async\" class=\"size-large wp-image-3673 aligncenter\" src=\"https:\/\/www.ahmadiyya-islam.org\/es\/wp-content\/uploads\/sites\/10\/2017\/08\/Photo-9-1024x356.jpg\" alt=\"\" width=\"1024\" height=\"356\" srcset=\"https:\/\/www.ahmadiyya-islam.org\/es\/wp-content\/uploads\/sites\/10\/2017\/08\/Photo-9-1024x356.jpg 1024w, https:\/\/www.ahmadiyya-islam.org\/es\/wp-content\/uploads\/sites\/10\/2017\/08\/Photo-9-300x104.jpg 300w, https:\/\/www.ahmadiyya-islam.org\/es\/wp-content\/uploads\/sites\/10\/2017\/08\/Photo-9-768x267.jpg 768w, https:\/\/www.ahmadiyya-islam.org\/es\/wp-content\/uploads\/sites\/10\/2017\/08\/Photo-9.jpg 1468w\" sizes=\"auto, (max-width: 1024px) 100vw, 1024px\" \/><\/p>\n<p>Su Santidad, Hazrat Mirza Masrur Ahmad dijo:<\/p>\n<blockquote><p><strong>&#8220;No hay ninguna justificaci\u00f3n posible para decir que el islam es una religi\u00f3n que destruye la paz del mundo o que desea destruir los lugares de culto de las dem\u00e1s religiones. Aquellos que se dedican a actividades tan abominables -por ejemplo, la destrucci\u00f3n de iglesias o sitios religiosos hist\u00f3ricos famosos- est\u00e1n actuando totalmente en contra de las ense\u00f1anzas del islam. Que quede claro que Al-lah el Todopoderoso no les recompensar\u00e1 con un lugar en el cielo, sino que se reservar\u00e1 un lugar en el infierno para aquellos que est\u00e1n involucrados en este mal.\u201d<\/strong><\/p>\n<p><img loading=\"lazy\" decoding=\"async\" class=\"size-large wp-image-3674 aligncenter\" src=\"https:\/\/www.ahmadiyya-islam.org\/es\/wp-content\/uploads\/sites\/10\/2017\/08\/Photo-10-1024x322.jpg\" alt=\"\" width=\"1024\" height=\"322\" srcset=\"https:\/\/www.ahmadiyya-islam.org\/es\/wp-content\/uploads\/sites\/10\/2017\/08\/Photo-10-1024x322.jpg 1024w, https:\/\/www.ahmadiyya-islam.org\/es\/wp-content\/uploads\/sites\/10\/2017\/08\/Photo-10-300x94.jpg 300w, https:\/\/www.ahmadiyya-islam.org\/es\/wp-content\/uploads\/sites\/10\/2017\/08\/Photo-10-768x242.jpg 768w, https:\/\/www.ahmadiyya-islam.org\/es\/wp-content\/uploads\/sites\/10\/2017\/08\/Photo-10.jpg 1468w\" sizes=\"auto, (max-width: 1024px) 100vw, 1024px\" \/><\/p><\/blockquote>\n<p>Concluyendo su discurso, Su Santidad dijo que s\u00f3lo el islam proporciona las soluciones a los problemas del mundo.<\/p>\n<p><img loading=\"lazy\" decoding=\"async\" class=\"size-large wp-image-3675 aligncenter\" src=\"https:\/\/www.ahmadiyya-islam.org\/es\/wp-content\/uploads\/sites\/10\/2017\/08\/Photo-11-1024x551.jpg\" alt=\"\" width=\"1024\" height=\"551\" srcset=\"https:\/\/www.ahmadiyya-islam.org\/es\/wp-content\/uploads\/sites\/10\/2017\/08\/Photo-11-1024x551.jpg 1024w, https:\/\/www.ahmadiyya-islam.org\/es\/wp-content\/uploads\/sites\/10\/2017\/08\/Photo-11-300x161.jpg 300w, https:\/\/www.ahmadiyya-islam.org\/es\/wp-content\/uploads\/sites\/10\/2017\/08\/Photo-11-768x413.jpg 768w, https:\/\/www.ahmadiyya-islam.org\/es\/wp-content\/uploads\/sites\/10\/2017\/08\/Photo-11.jpg 1212w\" sizes=\"auto, (max-width: 1024px) 100vw, 1024px\" \/><\/p>\n<p>Su Santidad, Hazrat Mirza Masrur Ahmad dijo:<\/p>\n<blockquote><p><strong>&#8220;El mundo ha agotado todos los medios y los planes mundanos para establecer la paz, pero lamentablemente estos esfuerzos han fracasado terriblemente. M\u00e1s bien, vemos c\u00f3mo el desorden, el odio y el conflicto contin\u00faan intensific\u00e1ndose y empeorando. La verdad es que hasta que el mundo adopte los verdaderos principios isl\u00e1micos de amor y justicia en todos los niveles de la sociedad, no podr\u00e1n alcanzar la paz. Los medios para la paz consisten en reconocer al Creador y servir a la humanidad.&#8221;<\/strong><\/p>\n<p><img loading=\"lazy\" decoding=\"async\" class=\"size-large wp-image-3676 aligncenter\" src=\"https:\/\/www.ahmadiyya-islam.org\/es\/wp-content\/uploads\/sites\/10\/2017\/08\/Photo-12-1024x321.jpg\" alt=\"\" width=\"1024\" height=\"321\" srcset=\"https:\/\/www.ahmadiyya-islam.org\/es\/wp-content\/uploads\/sites\/10\/2017\/08\/Photo-12-1024x321.jpg 1024w, https:\/\/www.ahmadiyya-islam.org\/es\/wp-content\/uploads\/sites\/10\/2017\/08\/Photo-12-300x94.jpg 300w, https:\/\/www.ahmadiyya-islam.org\/es\/wp-content\/uploads\/sites\/10\/2017\/08\/Photo-12-768x241.jpg 768w, https:\/\/www.ahmadiyya-islam.org\/es\/wp-content\/uploads\/sites\/10\/2017\/08\/Photo-12.jpg 1468w\" sizes=\"auto, (max-width: 1024px) 100vw, 1024px\" \/><\/p><\/blockquote>\n<p>El Yalsa Salana concluy\u00f3 con una oraci\u00f3n silenciosa dirigida por Su Santidad.<\/p>\n<p><img loading=\"lazy\" decoding=\"async\" class=\"size-large wp-image-3677 aligncenter\" src=\"https:\/\/www.ahmadiyya-islam.org\/es\/wp-content\/uploads\/sites\/10\/2017\/08\/Photo-13-1024x664.jpg\" alt=\"\" width=\"1024\" height=\"664\" srcset=\"https:\/\/www.ahmadiyya-islam.org\/es\/wp-content\/uploads\/sites\/10\/2017\/08\/Photo-13-1024x664.jpg 1024w, https:\/\/www.ahmadiyya-islam.org\/es\/wp-content\/uploads\/sites\/10\/2017\/08\/Photo-13-300x195.jpg 300w, https:\/\/www.ahmadiyya-islam.org\/es\/wp-content\/uploads\/sites\/10\/2017\/08\/Photo-13-768x498.jpg 768w, https:\/\/www.ahmadiyya-islam.org\/es\/wp-content\/uploads\/sites\/10\/2017\/08\/Photo-13.jpg 1216w\" sizes=\"auto, (max-width: 1024px) 100vw, 1024px\" \/><\/p>\n<p><img loading=\"lazy\" decoding=\"async\" class=\"size-large wp-image-3678 aligncenter\" src=\"https:\/\/www.ahmadiyya-islam.org\/es\/wp-content\/uploads\/sites\/10\/2017\/08\/Photo-14-1024x669.jpg\" alt=\"\" width=\"1024\" height=\"669\" srcset=\"https:\/\/www.ahmadiyya-islam.org\/es\/wp-content\/uploads\/sites\/10\/2017\/08\/Photo-14-1024x669.jpg 1024w, https:\/\/www.ahmadiyya-islam.org\/es\/wp-content\/uploads\/sites\/10\/2017\/08\/Photo-14-300x196.jpg 300w, https:\/\/www.ahmadiyya-islam.org\/es\/wp-content\/uploads\/sites\/10\/2017\/08\/Photo-14-768x502.jpg 768w, https:\/\/www.ahmadiyya-islam.org\/es\/wp-content\/uploads\/sites\/10\/2017\/08\/Photo-14.jpg 1176w\" sizes=\"auto, (max-width: 1024px) 100vw, 1024px\" \/><\/p>\n<p>Durante la convenci\u00f3n de tres d\u00edas, Su Santidad pronunci\u00f3 cinco discursos y otros eruditos dieron discursos sobre las verdaderas ense\u00f1anzas del islam.<\/p>\n","protected":false},"excerpt":{"rendered":"<p>El 51\u00ba Yalsa Salana de Reino Unido concluye con un discurso conmovedor de Hazrat Mirza Masrur Ahmad El 51\u00ba Yalsa Salana (Convenci\u00f3n Anual) de la Comunidad Musulmana Ahmad\u00eda en el Reino Unido concluy\u00f3 el domingo 30 de julio de 2017 con un potente e inspirador discurso del L\u00edder Mundial de la Comunidad Musulmana Ahmad\u00eda, el<\/p>\n","protected":false},"author":15,"featured_media":3673,"comment_status":"closed","ping_status":"closed","sticky":false,"template":"","format":"standard","meta":{"_acf_changed":false,"footnotes":""},"categories":[1],"tags":[42],"authors":[],"content_source":[],"class_list":["post-3664","post","type-post","status-publish","format-standard","has-post-thumbnail","hentry","category-comunicados-de-prensa","tag-yalsa-salana","topics-reino-unido","topics-yalsa-salana"],"acf":[],"yoast_head":"<!-- This site is optimized with the Yoast SEO Premium plugin v21.1 (Yoast SEO v27.4) - https:\/\/yoast.com\/product\/yoast-seo-premium-wordpress\/ -->\n<title>M\u00e1s de 600.000 personas se unen a la Comunidad Musulmana Ahmad\u00eda<\/title>\n<meta name=\"description\" content=\"El 51\u00ba Yalsa Salana de Reino Unido concluye con un discurso conmovedor de Hazrat Mirza Masrur Ahmad El 51\u00ba Yalsa Salana (Convenci\u00f3n Anual) de la Comunidad\" \/>\n<meta name=\"robots\" content=\"index, follow, max-snippet:-1, max-image-preview:large, max-video-preview:-1\" \/>\n<link rel=\"canonical\" href=\"https:\/\/www.ahmadiyya-islam.org\/es\/comunicados-de-prensa\/convencion-anual-2017\/\" \/>\n<meta property=\"og:locale\" content=\"es_ES\" \/>\n<meta property=\"og:type\" content=\"article\" \/>\n<meta property=\"og:title\" content=\"M\u00e1s de 600.000 personas se unen a la Comunidad Musulmana Ahmad\u00eda\" \/>\n<meta property=\"og:description\" content=\"El 51\u00ba Yalsa Salana de Reino Unido concluye con un discurso conmovedor de Hazrat Mirza Masrur Ahmad El 51\u00ba Yalsa Salana (Convenci\u00f3n Anual) de la Comunidad\" \/>\n<meta property=\"og:url\" content=\"https:\/\/www.ahmadiyya-islam.org\/es\/comunicados-de-prensa\/convencion-anual-2017\/\" \/>\n<meta property=\"og:site_name\" content=\"Comunidad Musulmana Ahmad\u00eda\" \/>\n<meta property=\"article:published_time\" content=\"2017-08-08T10:29:51+00:00\" \/>\n<meta property=\"article:modified_time\" content=\"2017-08-08T10:31:43+00:00\" \/>\n<meta property=\"og:image\" content=\"https:\/\/www.ahmadiyya-islam.org\/es\/wp-content\/uploads\/sites\/10\/2017\/08\/Photo-9.jpg\" \/>\n\t<meta property=\"og:image:width\" content=\"1468\" \/>\n\t<meta property=\"og:image:height\" content=\"510\" \/>\n\t<meta property=\"og:image:type\" content=\"image\/jpeg\" \/>\n<meta name=\"author\" content=\"es1tarikara\" \/>\n<meta name=\"twitter:card\" content=\"summary_large_image\" \/>\n<meta name=\"twitter:label1\" content=\"Written by\" \/>\n\t<meta name=\"twitter:data1\" content=\"es1tarikara\" \/>\n\t<meta name=\"twitter:label2\" content=\"Est. reading time\" \/>\n\t<meta name=\"twitter:data2\" content=\"6 minutes\" \/>\n<script type=\"application\/ld+json\" class=\"yoast-schema-graph\">{\"@context\":\"https:\\\/\\\/schema.org\",\"@graph\":[{\"@type\":\"Article\",\"@id\":\"https:\\\/\\\/www.ahmadiyya-islam.org\\\/es\\\/comunicados-de-prensa\\\/convencion-anual-2017\\\/#article\",\"isPartOf\":{\"@id\":\"https:\\\/\\\/www.ahmadiyya-islam.org\\\/es\\\/comunicados-de-prensa\\\/convencion-anual-2017\\\/\"},\"author\":{\"name\":\"es1tarikara\",\"@id\":\"https:\\\/\\\/www.ahmadiyya-islam.org\\\/es\\\/#\\\/schema\\\/person\\\/ac4c08c7012bbfe73a43476371042f59\"},\"headline\":\"M\u00e1s de 600.000 personas se unen a la Comunidad Musulmana Ahmad\u00eda\",\"datePublished\":\"2017-08-08T10:29:51+00:00\",\"dateModified\":\"2017-08-08T10:31:43+00:00\",\"mainEntityOfPage\":{\"@id\":\"https:\\\/\\\/www.ahmadiyya-islam.org\\\/es\\\/comunicados-de-prensa\\\/convencion-anual-2017\\\/\"},\"wordCount\":1301,\"publisher\":{\"@id\":\"https:\\\/\\\/www.ahmadiyya-islam.org\\\/es\\\/#organization\"},\"image\":{\"@id\":\"https:\\\/\\\/www.ahmadiyya-islam.org\\\/es\\\/comunicados-de-prensa\\\/convencion-anual-2017\\\/#primaryimage\"},\"thumbnailUrl\":\"https:\\\/\\\/www.ahmadiyya-islam.org\\\/es\\\/wp-content\\\/uploads\\\/sites\\\/10\\\/2017\\\/08\\\/Photo-9.jpg\",\"keywords\":[\"Yalsa Salana\"],\"articleSection\":[\"Comunicados de prensa\"],\"inLanguage\":\"es-ES\"},{\"@type\":\"WebPage\",\"@id\":\"https:\\\/\\\/www.ahmadiyya-islam.org\\\/es\\\/comunicados-de-prensa\\\/convencion-anual-2017\\\/\",\"url\":\"https:\\\/\\\/www.ahmadiyya-islam.org\\\/es\\\/comunicados-de-prensa\\\/convencion-anual-2017\\\/\",\"name\":\"M\u00e1s de 600.000 personas se unen a la Comunidad Musulmana Ahmad\u00eda\",\"isPartOf\":{\"@id\":\"https:\\\/\\\/www.ahmadiyya-islam.org\\\/es\\\/#website\"},\"primaryImageOfPage\":{\"@id\":\"https:\\\/\\\/www.ahmadiyya-islam.org\\\/es\\\/comunicados-de-prensa\\\/convencion-anual-2017\\\/#primaryimage\"},\"image\":{\"@id\":\"https:\\\/\\\/www.ahmadiyya-islam.org\\\/es\\\/comunicados-de-prensa\\\/convencion-anual-2017\\\/#primaryimage\"},\"thumbnailUrl\":\"https:\\\/\\\/www.ahmadiyya-islam.org\\\/es\\\/wp-content\\\/uploads\\\/sites\\\/10\\\/2017\\\/08\\\/Photo-9.jpg\",\"datePublished\":\"2017-08-08T10:29:51+00:00\",\"dateModified\":\"2017-08-08T10:31:43+00:00\",\"description\":\"El 51\u00ba Yalsa Salana de Reino Unido concluye con un discurso conmovedor de Hazrat Mirza Masrur Ahmad El 51\u00ba Yalsa Salana (Convenci\u00f3n Anual) de la Comunidad\",\"breadcrumb\":{\"@id\":\"https:\\\/\\\/www.ahmadiyya-islam.org\\\/es\\\/comunicados-de-prensa\\\/convencion-anual-2017\\\/#breadcrumb\"},\"inLanguage\":\"es-ES\",\"potentialAction\":[{\"@type\":\"ReadAction\",\"target\":[\"https:\\\/\\\/www.ahmadiyya-islam.org\\\/es\\\/comunicados-de-prensa\\\/convencion-anual-2017\\\/\"]}]},{\"@type\":\"ImageObject\",\"inLanguage\":\"es-ES\",\"@id\":\"https:\\\/\\\/www.ahmadiyya-islam.org\\\/es\\\/comunicados-de-prensa\\\/convencion-anual-2017\\\/#primaryimage\",\"url\":\"https:\\\/\\\/www.ahmadiyya-islam.org\\\/es\\\/wp-content\\\/uploads\\\/sites\\\/10\\\/2017\\\/08\\\/Photo-9.jpg\",\"contentUrl\":\"https:\\\/\\\/www.ahmadiyya-islam.org\\\/es\\\/wp-content\\\/uploads\\\/sites\\\/10\\\/2017\\\/08\\\/Photo-9.jpg\",\"width\":1468,\"height\":510},{\"@type\":\"BreadcrumbList\",\"@id\":\"https:\\\/\\\/www.ahmadiyya-islam.org\\\/es\\\/comunicados-de-prensa\\\/convencion-anual-2017\\\/#breadcrumb\",\"itemListElement\":[{\"@type\":\"ListItem\",\"position\":1,\"name\":\"Home\",\"item\":\"https:\\\/\\\/www.ahmadiyya-islam.org\\\/es\\\/\"},{\"@type\":\"ListItem\",\"position\":2,\"name\":\"M\u00e1s de 600.000 personas se unen a la Comunidad Musulmana Ahmad\u00eda\"}]},{\"@type\":\"WebSite\",\"@id\":\"https:\\\/\\\/www.ahmadiyya-islam.org\\\/es\\\/#website\",\"url\":\"https:\\\/\\\/www.ahmadiyya-islam.org\\\/es\\\/\",\"name\":\"Comunidad Musulmana Ahmad\u00eda\",\"description\":\"Internacional\",\"publisher\":{\"@id\":\"https:\\\/\\\/www.ahmadiyya-islam.org\\\/es\\\/#organization\"},\"potentialAction\":[{\"@type\":\"SearchAction\",\"target\":{\"@type\":\"EntryPoint\",\"urlTemplate\":\"https:\\\/\\\/www.ahmadiyya-islam.org\\\/es\\\/?s={search_term_string}\"},\"query-input\":{\"@type\":\"PropertyValueSpecification\",\"valueRequired\":true,\"valueName\":\"search_term_string\"}}],\"inLanguage\":\"es-ES\"},{\"@type\":\"Organization\",\"@id\":\"https:\\\/\\\/www.ahmadiyya-islam.org\\\/es\\\/#organization\",\"name\":\"Comunidad Musulmana Ahmad\u00eda\",\"url\":\"https:\\\/\\\/www.ahmadiyya-islam.org\\\/es\\\/\",\"logo\":{\"@type\":\"ImageObject\",\"inLanguage\":\"es-ES\",\"@id\":\"https:\\\/\\\/www.ahmadiyya-islam.org\\\/es\\\/#\\\/schema\\\/logo\\\/image\\\/\",\"url\":\"https:\\\/\\\/www.ahmadiyya-islam.org\\\/es\\\/wp-content\\\/uploads\\\/sites\\\/10\\\/2015\\\/06\\\/alislam-logo.png\",\"contentUrl\":\"https:\\\/\\\/www.ahmadiyya-islam.org\\\/es\\\/wp-content\\\/uploads\\\/sites\\\/10\\\/2015\\\/06\\\/alislam-logo.png\",\"width\":1859,\"height\":1859,\"caption\":\"Comunidad Musulmana Ahmad\u00eda\"},\"image\":{\"@id\":\"https:\\\/\\\/www.ahmadiyya-islam.org\\\/es\\\/#\\\/schema\\\/logo\\\/image\\\/\"}},{\"@type\":\"Person\",\"@id\":\"https:\\\/\\\/www.ahmadiyya-islam.org\\\/es\\\/#\\\/schema\\\/person\\\/ac4c08c7012bbfe73a43476371042f59\",\"name\":\"es1tarikara\"}]}<\/script>\n<!-- \/ Yoast SEO Premium plugin. -->","yoast_head_json":{"title":"M\u00e1s de 600.000 personas se unen a la Comunidad Musulmana Ahmad\u00eda","description":"El 51\u00ba Yalsa Salana de Reino Unido concluye con un discurso conmovedor de Hazrat Mirza Masrur Ahmad El 51\u00ba Yalsa Salana (Convenci\u00f3n Anual) de la Comunidad","robots":{"index":"index","follow":"follow","max-snippet":"max-snippet:-1","max-image-preview":"max-image-preview:large","max-video-preview":"max-video-preview:-1"},"canonical":"https:\/\/www.ahmadiyya-islam.org\/es\/comunicados-de-prensa\/convencion-anual-2017\/","og_locale":"es_ES","og_type":"article","og_title":"M\u00e1s de 600.000 personas se unen a la Comunidad Musulmana Ahmad\u00eda","og_description":"El 51\u00ba Yalsa Salana de Reino Unido concluye con un discurso conmovedor de Hazrat Mirza Masrur Ahmad El 51\u00ba Yalsa Salana (Convenci\u00f3n Anual) de la Comunidad","og_url":"https:\/\/www.ahmadiyya-islam.org\/es\/comunicados-de-prensa\/convencion-anual-2017\/","og_site_name":"Comunidad Musulmana Ahmad\u00eda","article_published_time":"2017-08-08T10:29:51+00:00","article_modified_time":"2017-08-08T10:31:43+00:00","og_image":[{"width":1468,"height":510,"url":"https:\/\/www.ahmadiyya-islam.org\/es\/wp-content\/uploads\/sites\/10\/2017\/08\/Photo-9.jpg","type":"image\/jpeg"}],"author":"es1tarikara","twitter_card":"summary_large_image","twitter_misc":{"Written by":"es1tarikara","Est. reading time":"6 minutes"},"schema":{"@context":"https:\/\/schema.org","@graph":[{"@type":"Article","@id":"https:\/\/www.ahmadiyya-islam.org\/es\/comunicados-de-prensa\/convencion-anual-2017\/#article","isPartOf":{"@id":"https:\/\/www.ahmadiyya-islam.org\/es\/comunicados-de-prensa\/convencion-anual-2017\/"},"author":{"name":"es1tarikara","@id":"https:\/\/www.ahmadiyya-islam.org\/es\/#\/schema\/person\/ac4c08c7012bbfe73a43476371042f59"},"headline":"M\u00e1s de 600.000 personas se unen a la Comunidad Musulmana Ahmad\u00eda","datePublished":"2017-08-08T10:29:51+00:00","dateModified":"2017-08-08T10:31:43+00:00","mainEntityOfPage":{"@id":"https:\/\/www.ahmadiyya-islam.org\/es\/comunicados-de-prensa\/convencion-anual-2017\/"},"wordCount":1301,"publisher":{"@id":"https:\/\/www.ahmadiyya-islam.org\/es\/#organization"},"image":{"@id":"https:\/\/www.ahmadiyya-islam.org\/es\/comunicados-de-prensa\/convencion-anual-2017\/#primaryimage"},"thumbnailUrl":"https:\/\/www.ahmadiyya-islam.org\/es\/wp-content\/uploads\/sites\/10\/2017\/08\/Photo-9.jpg","keywords":["Yalsa Salana"],"articleSection":["Comunicados de prensa"],"inLanguage":"es-ES"},{"@type":"WebPage","@id":"https:\/\/www.ahmadiyya-islam.org\/es\/comunicados-de-prensa\/convencion-anual-2017\/","url":"https:\/\/www.ahmadiyya-islam.org\/es\/comunicados-de-prensa\/convencion-anual-2017\/","name":"M\u00e1s de 600.000 personas se unen a la Comunidad Musulmana Ahmad\u00eda","isPartOf":{"@id":"https:\/\/www.ahmadiyya-islam.org\/es\/#website"},"primaryImageOfPage":{"@id":"https:\/\/www.ahmadiyya-islam.org\/es\/comunicados-de-prensa\/convencion-anual-2017\/#primaryimage"},"image":{"@id":"https:\/\/www.ahmadiyya-islam.org\/es\/comunicados-de-prensa\/convencion-anual-2017\/#primaryimage"},"thumbnailUrl":"https:\/\/www.ahmadiyya-islam.org\/es\/wp-content\/uploads\/sites\/10\/2017\/08\/Photo-9.jpg","datePublished":"2017-08-08T10:29:51+00:00","dateModified":"2017-08-08T10:31:43+00:00","description":"El 51\u00ba Yalsa Salana de Reino Unido concluye con un discurso conmovedor de Hazrat Mirza Masrur Ahmad El 51\u00ba Yalsa Salana (Convenci\u00f3n Anual) de la Comunidad","breadcrumb":{"@id":"https:\/\/www.ahmadiyya-islam.org\/es\/comunicados-de-prensa\/convencion-anual-2017\/#breadcrumb"},"inLanguage":"es-ES","potentialAction":[{"@type":"ReadAction","target":["https:\/\/www.ahmadiyya-islam.org\/es\/comunicados-de-prensa\/convencion-anual-2017\/"]}]},{"@type":"ImageObject","inLanguage":"es-ES","@id":"https:\/\/www.ahmadiyya-islam.org\/es\/comunicados-de-prensa\/convencion-anual-2017\/#primaryimage","url":"https:\/\/www.ahmadiyya-islam.org\/es\/wp-content\/uploads\/sites\/10\/2017\/08\/Photo-9.jpg","contentUrl":"https:\/\/www.ahmadiyya-islam.org\/es\/wp-content\/uploads\/sites\/10\/2017\/08\/Photo-9.jpg","width":1468,"height":510},{"@type":"BreadcrumbList","@id":"https:\/\/www.ahmadiyya-islam.org\/es\/comunicados-de-prensa\/convencion-anual-2017\/#breadcrumb","itemListElement":[{"@type":"ListItem","position":1,"name":"Home","item":"https:\/\/www.ahmadiyya-islam.org\/es\/"},{"@type":"ListItem","position":2,"name":"M\u00e1s de 600.000 personas se unen a la Comunidad Musulmana Ahmad\u00eda"}]},{"@type":"WebSite","@id":"https:\/\/www.ahmadiyya-islam.org\/es\/#website","url":"https:\/\/www.ahmadiyya-islam.org\/es\/","name":"Comunidad Musulmana Ahmad\u00eda","description":"Internacional","publisher":{"@id":"https:\/\/www.ahmadiyya-islam.org\/es\/#organization"},"potentialAction":[{"@type":"SearchAction","target":{"@type":"EntryPoint","urlTemplate":"https:\/\/www.ahmadiyya-islam.org\/es\/?s={search_term_string}"},"query-input":{"@type":"PropertyValueSpecification","valueRequired":true,"valueName":"search_term_string"}}],"inLanguage":"es-ES"},{"@type":"Organization","@id":"https:\/\/www.ahmadiyya-islam.org\/es\/#organization","name":"Comunidad Musulmana Ahmad\u00eda","url":"https:\/\/www.ahmadiyya-islam.org\/es\/","logo":{"@type":"ImageObject","inLanguage":"es-ES","@id":"https:\/\/www.ahmadiyya-islam.org\/es\/#\/schema\/logo\/image\/","url":"https:\/\/www.ahmadiyya-islam.org\/es\/wp-content\/uploads\/sites\/10\/2015\/06\/alislam-logo.png","contentUrl":"https:\/\/www.ahmadiyya-islam.org\/es\/wp-content\/uploads\/sites\/10\/2015\/06\/alislam-logo.png","width":1859,"height":1859,"caption":"Comunidad Musulmana Ahmad\u00eda"},"image":{"@id":"https:\/\/www.ahmadiyya-islam.org\/es\/#\/schema\/logo\/image\/"}},{"@type":"Person","@id":"https:\/\/www.ahmadiyya-islam.org\/es\/#\/schema\/person\/ac4c08c7012bbfe73a43476371042f59","name":"es1tarikara"}]}},"_links":{"self":[{"href":"https:\/\/www.ahmadiyya-islam.org\/es\/wp-json\/wp\/v2\/posts\/3664","targetHints":{"allow":["GET"]}}],"collection":[{"href":"https:\/\/www.ahmadiyya-islam.org\/es\/wp-json\/wp\/v2\/posts"}],"about":[{"href":"https:\/\/www.ahmadiyya-islam.org\/es\/wp-json\/wp\/v2\/types\/post"}],"author":[{"embeddable":true,"href":"https:\/\/www.ahmadiyya-islam.org\/es\/wp-json\/wp\/v2\/users\/15"}],"replies":[{"embeddable":true,"href":"https:\/\/www.ahmadiyya-islam.org\/es\/wp-json\/wp\/v2\/comments?post=3664"}],"version-history":[{"count":0,"href":"https:\/\/www.ahmadiyya-islam.org\/es\/wp-json\/wp\/v2\/posts\/3664\/revisions"}],"wp:featuredmedia":[{"embeddable":true,"href":"https:\/\/www.ahmadiyya-islam.org\/es\/wp-json\/wp\/v2\/media\/3673"}],"wp:attachment":[{"href":"https:\/\/www.ahmadiyya-islam.org\/es\/wp-json\/wp\/v2\/media?parent=3664"}],"wp:term":[{"taxonomy":"category","embeddable":true,"href":"https:\/\/www.ahmadiyya-islam.org\/es\/wp-json\/wp\/v2\/categories?post=3664"},{"taxonomy":"post_tag","embeddable":true,"href":"https:\/\/www.ahmadiyya-islam.org\/es\/wp-json\/wp\/v2\/tags?post=3664"},{"taxonomy":"authors","embeddable":true,"href":"https:\/\/www.ahmadiyya-islam.org\/es\/wp-json\/wp\/v2\/authors?post=3664"},{"taxonomy":"content_source","embeddable":true,"href":"https:\/\/www.ahmadiyya-islam.org\/es\/wp-json\/wp\/v2\/content_source?post=3664"}],"curies":[{"name":"wp","href":"https:\/\/api.w.org\/{rel}","templated":true}]}}