{"id":3596,"date":"2017-05-26T23:34:46","date_gmt":"2017-05-26T23:34:46","guid":{"rendered":"https:\/\/www.ahmadiyya-islam.org\/es\/?p=3596"},"modified":"2017-05-30T23:43:18","modified_gmt":"2017-05-30T23:43:18","slug":"ataque-terrorista-de-manchester","status":"publish","type":"post","link":"https:\/\/www.ahmadiyya-islam.org\/es\/comunicados-de-prensa\/ataque-terrorista-de-manchester\/","title":{"rendered":"El lider de la comunidad ahmad\u00eda condena el ataque terrorista de Manchester calificandolo de &#8220;atentado brutal&#8221;"},"content":{"rendered":"<p>EL LIDER DE LA COMUNIDAD AHMAD\u00cdA CONDENA EL ATAQUE TERRORISTA DE MANCHESTER CALIFICANDOLO DE \u201cATENTADO BRUTAL\u201d<\/p>\n<p><strong>Hazrat Mirza Masrur Ahmad declara que el atentado es \u201cabsolutamente contrario a las ense\u00f1anzas del islam\u201d<\/strong><\/p>\n<p>El Jefe Mundial de la Comunidad Musulmana Ahmad\u00eda, Quinto Jalifa, Su Santidad, Hazrat Mirza Masrur Ahmad, ha condenado en los t\u00e9rminos m\u00e1s duros el ataque terrorista del lunes en Manchester.<\/p>\n<p>En su alocuci\u00f3n semanal del Serm\u00f3n del Viernes, desde la Mezquita <em>Baitul Futuh<\/em> en Londres, Hazrat Mirza Masrur Ahmad afirm\u00f3 que los ataques constitu\u00edan una completa violaci\u00f3n de las ense\u00f1anzas y creencias del islam.<\/p>\n<p>Hazrat Mirza Masroor Ahmad dijo:<\/p>\n<blockquote><p><strong><em>&#8220;A comienzos de esta semana, 22 personas inocentes, entre ellos algunos ni\u00f1os de corta edad fueron asesinados brutal e injustificadamente en Manchester. Fue un acto de barbarie, y estos actos atroces est\u00e1n en completa oposici\u00f3n a las ense\u00f1anzas del islam. Como musulmanes, nos sentimos devastados y afligidos por este ataque y lo condenamos en los t\u00e9rminos m\u00e1s en\u00e9rgicos posibles&#8221;<\/em><\/strong><\/p><\/blockquote>\n<p>Hazrat Mirza Masroor Ahmad continu\u00f3 diciendo:<\/p>\n<blockquote><p><strong><em>&#8220;A todo musulm\u00e1n verdadero le causa un inmenso dolor o\u00edr que hay personas inocentes que son asesinadas a manos de musulmanes; y que hay musulmanes que en el nombre del islam causan tal devastaci\u00f3n y destrucci\u00f3n&#8221;<\/em><\/strong><\/p><\/blockquote>\n<p>Hazrat Mirza Masroor Ahmad or\u00f3 por las v\u00edctimas y dijo:<\/p>\n<blockquote><p><strong><em>&#8220;Que Al\u2019lah tenga misericordia de todas las v\u00edctimas y de los que han quedado desamparados; y que terminen las crueldades de aquellos que ejecutan estas atrocidades en nombre del islam&#8221;.<\/em><\/strong><\/p><\/blockquote>\n","protected":false},"excerpt":{"rendered":"<p>EL LIDER DE LA COMUNIDAD AHMAD\u00cdA CONDENA EL ATAQUE TERRORISTA DE MANCHESTER CALIFICANDOLO DE \u201cATENTADO BRUTAL\u201d Hazrat Mirza Masrur Ahmad declara que el atentado es \u201cabsolutamente contrario a las ense\u00f1anzas del islam\u201d El Jefe Mundial de la Comunidad Musulmana Ahmad\u00eda, Quinto Jalifa, Su Santidad, Hazrat Mirza Masrur Ahmad, ha condenado en los t\u00e9rminos m\u00e1s duros<\/p>\n","protected":false},"author":15,"featured_media":3597,"comment_status":"closed","ping_status":"closed","sticky":false,"template":"","format":"standard","meta":{"_acf_changed":false,"footnotes":""},"categories":[1],"tags":[298,259,13],"authors":[],"content_source":[],"class_list":["post-3596","post","type-post","status-publish","format-standard","has-post-thumbnail","hentry","category-comunicados-de-prensa","tag-manchester","tag-paz","tag-reino-unido","topics-terrorismo"],"acf":[],"yoast_head":"<!-- This site is optimized with the Yoast SEO Premium plugin v21.1 (Yoast SEO v27.4) - https:\/\/yoast.com\/product\/yoast-seo-premium-wordpress\/ -->\n<title>El lider de la comunidad ahmad\u00eda condena el ataque terrorista de Manchester calificandolo de &quot;atentado brutal&quot;<\/title>\n<meta name=\"description\" content=\"EL LIDER DE LA COMUNIDAD AHMAD\u00cdA CONDENA EL ATAQUE TERRORISTA DE MANCHESTER CALIFICANDOLO DE \u201cATENTADO BRUTAL\u201d Hazrat Mirza Masrur Ahmad declara que el\" \/>\n<meta name=\"robots\" content=\"index, follow, max-snippet:-1, max-image-preview:large, max-video-preview:-1\" \/>\n<link rel=\"canonical\" href=\"https:\/\/www.ahmadiyya-islam.org\/es\/comunicados-de-prensa\/ataque-terrorista-de-manchester\/\" \/>\n<meta property=\"og:locale\" content=\"es_ES\" \/>\n<meta property=\"og:type\" content=\"article\" \/>\n<meta property=\"og:title\" content=\"El lider de la comunidad ahmad\u00eda condena el ataque terrorista de Manchester calificandolo de &quot;atentado brutal&quot;\" \/>\n<meta property=\"og:description\" content=\"EL LIDER DE LA COMUNIDAD AHMAD\u00cdA CONDENA EL ATAQUE TERRORISTA DE MANCHESTER CALIFICANDOLO DE \u201cATENTADO BRUTAL\u201d Hazrat Mirza Masrur Ahmad declara que el\" \/>\n<meta property=\"og:url\" content=\"https:\/\/www.ahmadiyya-islam.org\/es\/comunicados-de-prensa\/ataque-terrorista-de-manchester\/\" \/>\n<meta property=\"og:site_name\" content=\"Comunidad Musulmana Ahmad\u00eda\" \/>\n<meta property=\"article:published_time\" content=\"2017-05-26T23:34:46+00:00\" \/>\n<meta property=\"article:modified_time\" content=\"2017-05-30T23:43:18+00:00\" \/>\n<meta property=\"og:image\" content=\"https:\/\/www.ahmadiyya-islam.org\/es\/wp-content\/uploads\/sites\/10\/2017\/05\/2016-08-14-Jalsa-UK-006.jpg\" \/>\n\t<meta property=\"og:image:width\" content=\"1000\" \/>\n\t<meta property=\"og:image:height\" content=\"628\" \/>\n\t<meta property=\"og:image:type\" content=\"image\/jpeg\" \/>\n<meta name=\"author\" content=\"es1tarikara\" \/>\n<meta name=\"twitter:card\" content=\"summary_large_image\" \/>\n<meta name=\"twitter:label1\" content=\"Written by\" \/>\n\t<meta name=\"twitter:data1\" content=\"es1tarikara\" \/>\n\t<meta name=\"twitter:label2\" content=\"Est. reading time\" \/>\n\t<meta name=\"twitter:data2\" content=\"1 minute\" \/>\n<script type=\"application\/ld+json\" class=\"yoast-schema-graph\">{\"@context\":\"https:\\\/\\\/schema.org\",\"@graph\":[{\"@type\":\"Article\",\"@id\":\"https:\\\/\\\/www.ahmadiyya-islam.org\\\/es\\\/comunicados-de-prensa\\\/ataque-terrorista-de-manchester\\\/#article\",\"isPartOf\":{\"@id\":\"https:\\\/\\\/www.ahmadiyya-islam.org\\\/es\\\/comunicados-de-prensa\\\/ataque-terrorista-de-manchester\\\/\"},\"author\":{\"name\":\"es1tarikara\",\"@id\":\"https:\\\/\\\/www.ahmadiyya-islam.org\\\/es\\\/#\\\/schema\\\/person\\\/ac4c08c7012bbfe73a43476371042f59\"},\"headline\":\"El lider de la comunidad ahmad\u00eda condena el ataque terrorista de Manchester calificandolo de &#8220;atentado brutal&#8221;\",\"datePublished\":\"2017-05-26T23:34:46+00:00\",\"dateModified\":\"2017-05-30T23:43:18+00:00\",\"mainEntityOfPage\":{\"@id\":\"https:\\\/\\\/www.ahmadiyya-islam.org\\\/es\\\/comunicados-de-prensa\\\/ataque-terrorista-de-manchester\\\/\"},\"wordCount\":282,\"publisher\":{\"@id\":\"https:\\\/\\\/www.ahmadiyya-islam.org\\\/es\\\/#organization\"},\"image\":{\"@id\":\"https:\\\/\\\/www.ahmadiyya-islam.org\\\/es\\\/comunicados-de-prensa\\\/ataque-terrorista-de-manchester\\\/#primaryimage\"},\"thumbnailUrl\":\"https:\\\/\\\/www.ahmadiyya-islam.org\\\/es\\\/wp-content\\\/uploads\\\/sites\\\/10\\\/2017\\\/05\\\/2016-08-14-Jalsa-UK-006.jpg\",\"keywords\":[\"Manchester\",\"paz\",\"Reino Unido\"],\"articleSection\":[\"Comunicados de prensa\"],\"inLanguage\":\"es-ES\"},{\"@type\":\"WebPage\",\"@id\":\"https:\\\/\\\/www.ahmadiyya-islam.org\\\/es\\\/comunicados-de-prensa\\\/ataque-terrorista-de-manchester\\\/\",\"url\":\"https:\\\/\\\/www.ahmadiyya-islam.org\\\/es\\\/comunicados-de-prensa\\\/ataque-terrorista-de-manchester\\\/\",\"name\":\"El lider de la comunidad ahmad\u00eda condena el ataque terrorista de Manchester calificandolo de \\\"atentado brutal\\\"\",\"isPartOf\":{\"@id\":\"https:\\\/\\\/www.ahmadiyya-islam.org\\\/es\\\/#website\"},\"primaryImageOfPage\":{\"@id\":\"https:\\\/\\\/www.ahmadiyya-islam.org\\\/es\\\/comunicados-de-prensa\\\/ataque-terrorista-de-manchester\\\/#primaryimage\"},\"image\":{\"@id\":\"https:\\\/\\\/www.ahmadiyya-islam.org\\\/es\\\/comunicados-de-prensa\\\/ataque-terrorista-de-manchester\\\/#primaryimage\"},\"thumbnailUrl\":\"https:\\\/\\\/www.ahmadiyya-islam.org\\\/es\\\/wp-content\\\/uploads\\\/sites\\\/10\\\/2017\\\/05\\\/2016-08-14-Jalsa-UK-006.jpg\",\"datePublished\":\"2017-05-26T23:34:46+00:00\",\"dateModified\":\"2017-05-30T23:43:18+00:00\",\"description\":\"EL LIDER DE LA COMUNIDAD AHMAD\u00cdA CONDENA EL ATAQUE TERRORISTA DE MANCHESTER CALIFICANDOLO DE \u201cATENTADO BRUTAL\u201d Hazrat Mirza Masrur Ahmad declara que el\",\"breadcrumb\":{\"@id\":\"https:\\\/\\\/www.ahmadiyya-islam.org\\\/es\\\/comunicados-de-prensa\\\/ataque-terrorista-de-manchester\\\/#breadcrumb\"},\"inLanguage\":\"es-ES\",\"potentialAction\":[{\"@type\":\"ReadAction\",\"target\":[\"https:\\\/\\\/www.ahmadiyya-islam.org\\\/es\\\/comunicados-de-prensa\\\/ataque-terrorista-de-manchester\\\/\"]}]},{\"@type\":\"ImageObject\",\"inLanguage\":\"es-ES\",\"@id\":\"https:\\\/\\\/www.ahmadiyya-islam.org\\\/es\\\/comunicados-de-prensa\\\/ataque-terrorista-de-manchester\\\/#primaryimage\",\"url\":\"https:\\\/\\\/www.ahmadiyya-islam.org\\\/es\\\/wp-content\\\/uploads\\\/sites\\\/10\\\/2017\\\/05\\\/2016-08-14-Jalsa-UK-006.jpg\",\"contentUrl\":\"https:\\\/\\\/www.ahmadiyya-islam.org\\\/es\\\/wp-content\\\/uploads\\\/sites\\\/10\\\/2017\\\/05\\\/2016-08-14-Jalsa-UK-006.jpg\",\"width\":\"1000\",\"height\":\"628\"},{\"@type\":\"BreadcrumbList\",\"@id\":\"https:\\\/\\\/www.ahmadiyya-islam.org\\\/es\\\/comunicados-de-prensa\\\/ataque-terrorista-de-manchester\\\/#breadcrumb\",\"itemListElement\":[{\"@type\":\"ListItem\",\"position\":1,\"name\":\"Home\",\"item\":\"https:\\\/\\\/www.ahmadiyya-islam.org\\\/es\\\/\"},{\"@type\":\"ListItem\",\"position\":2,\"name\":\"El lider de la comunidad ahmad\u00eda condena el ataque terrorista de Manchester calificandolo de &#8220;atentado brutal&#8221;\"}]},{\"@type\":\"WebSite\",\"@id\":\"https:\\\/\\\/www.ahmadiyya-islam.org\\\/es\\\/#website\",\"url\":\"https:\\\/\\\/www.ahmadiyya-islam.org\\\/es\\\/\",\"name\":\"Comunidad Musulmana Ahmad\u00eda\",\"description\":\"Internacional\",\"publisher\":{\"@id\":\"https:\\\/\\\/www.ahmadiyya-islam.org\\\/es\\\/#organization\"},\"potentialAction\":[{\"@type\":\"SearchAction\",\"target\":{\"@type\":\"EntryPoint\",\"urlTemplate\":\"https:\\\/\\\/www.ahmadiyya-islam.org\\\/es\\\/?s={search_term_string}\"},\"query-input\":{\"@type\":\"PropertyValueSpecification\",\"valueRequired\":true,\"valueName\":\"search_term_string\"}}],\"inLanguage\":\"es-ES\"},{\"@type\":\"Organization\",\"@id\":\"https:\\\/\\\/www.ahmadiyya-islam.org\\\/es\\\/#organization\",\"name\":\"Comunidad Musulmana Ahmad\u00eda\",\"url\":\"https:\\\/\\\/www.ahmadiyya-islam.org\\\/es\\\/\",\"logo\":{\"@type\":\"ImageObject\",\"inLanguage\":\"es-ES\",\"@id\":\"https:\\\/\\\/www.ahmadiyya-islam.org\\\/es\\\/#\\\/schema\\\/logo\\\/image\\\/\",\"url\":\"https:\\\/\\\/www.ahmadiyya-islam.org\\\/es\\\/wp-content\\\/uploads\\\/sites\\\/10\\\/2015\\\/06\\\/alislam-logo.png\",\"contentUrl\":\"https:\\\/\\\/www.ahmadiyya-islam.org\\\/es\\\/wp-content\\\/uploads\\\/sites\\\/10\\\/2015\\\/06\\\/alislam-logo.png\",\"width\":1859,\"height\":1859,\"caption\":\"Comunidad Musulmana Ahmad\u00eda\"},\"image\":{\"@id\":\"https:\\\/\\\/www.ahmadiyya-islam.org\\\/es\\\/#\\\/schema\\\/logo\\\/image\\\/\"}},{\"@type\":\"Person\",\"@id\":\"https:\\\/\\\/www.ahmadiyya-islam.org\\\/es\\\/#\\\/schema\\\/person\\\/ac4c08c7012bbfe73a43476371042f59\",\"name\":\"es1tarikara\"}]}<\/script>\n<!-- \/ Yoast SEO Premium plugin. -->","yoast_head_json":{"title":"El lider de la comunidad ahmad\u00eda condena el ataque terrorista de Manchester calificandolo de \"atentado brutal\"","description":"EL LIDER DE LA COMUNIDAD AHMAD\u00cdA CONDENA EL ATAQUE TERRORISTA DE MANCHESTER CALIFICANDOLO DE \u201cATENTADO BRUTAL\u201d Hazrat Mirza Masrur Ahmad declara que el","robots":{"index":"index","follow":"follow","max-snippet":"max-snippet:-1","max-image-preview":"max-image-preview:large","max-video-preview":"max-video-preview:-1"},"canonical":"https:\/\/www.ahmadiyya-islam.org\/es\/comunicados-de-prensa\/ataque-terrorista-de-manchester\/","og_locale":"es_ES","og_type":"article","og_title":"El lider de la comunidad ahmad\u00eda condena el ataque terrorista de Manchester calificandolo de \"atentado brutal\"","og_description":"EL LIDER DE LA COMUNIDAD AHMAD\u00cdA CONDENA EL ATAQUE TERRORISTA DE MANCHESTER CALIFICANDOLO DE \u201cATENTADO BRUTAL\u201d Hazrat Mirza Masrur Ahmad declara que el","og_url":"https:\/\/www.ahmadiyya-islam.org\/es\/comunicados-de-prensa\/ataque-terrorista-de-manchester\/","og_site_name":"Comunidad Musulmana Ahmad\u00eda","article_published_time":"2017-05-26T23:34:46+00:00","article_modified_time":"2017-05-30T23:43:18+00:00","og_image":[{"width":1000,"height":628,"url":"https:\/\/www.ahmadiyya-islam.org\/es\/wp-content\/uploads\/sites\/10\/2017\/05\/2016-08-14-Jalsa-UK-006.jpg","type":"image\/jpeg"}],"author":"es1tarikara","twitter_card":"summary_large_image","twitter_misc":{"Written by":"es1tarikara","Est. reading time":"1 minute"},"schema":{"@context":"https:\/\/schema.org","@graph":[{"@type":"Article","@id":"https:\/\/www.ahmadiyya-islam.org\/es\/comunicados-de-prensa\/ataque-terrorista-de-manchester\/#article","isPartOf":{"@id":"https:\/\/www.ahmadiyya-islam.org\/es\/comunicados-de-prensa\/ataque-terrorista-de-manchester\/"},"author":{"name":"es1tarikara","@id":"https:\/\/www.ahmadiyya-islam.org\/es\/#\/schema\/person\/ac4c08c7012bbfe73a43476371042f59"},"headline":"El lider de la comunidad ahmad\u00eda condena el ataque terrorista de Manchester calificandolo de &#8220;atentado brutal&#8221;","datePublished":"2017-05-26T23:34:46+00:00","dateModified":"2017-05-30T23:43:18+00:00","mainEntityOfPage":{"@id":"https:\/\/www.ahmadiyya-islam.org\/es\/comunicados-de-prensa\/ataque-terrorista-de-manchester\/"},"wordCount":282,"publisher":{"@id":"https:\/\/www.ahmadiyya-islam.org\/es\/#organization"},"image":{"@id":"https:\/\/www.ahmadiyya-islam.org\/es\/comunicados-de-prensa\/ataque-terrorista-de-manchester\/#primaryimage"},"thumbnailUrl":"https:\/\/www.ahmadiyya-islam.org\/es\/wp-content\/uploads\/sites\/10\/2017\/05\/2016-08-14-Jalsa-UK-006.jpg","keywords":["Manchester","paz","Reino Unido"],"articleSection":["Comunicados de prensa"],"inLanguage":"es-ES"},{"@type":"WebPage","@id":"https:\/\/www.ahmadiyya-islam.org\/es\/comunicados-de-prensa\/ataque-terrorista-de-manchester\/","url":"https:\/\/www.ahmadiyya-islam.org\/es\/comunicados-de-prensa\/ataque-terrorista-de-manchester\/","name":"El lider de la comunidad ahmad\u00eda condena el ataque terrorista de Manchester calificandolo de \"atentado brutal\"","isPartOf":{"@id":"https:\/\/www.ahmadiyya-islam.org\/es\/#website"},"primaryImageOfPage":{"@id":"https:\/\/www.ahmadiyya-islam.org\/es\/comunicados-de-prensa\/ataque-terrorista-de-manchester\/#primaryimage"},"image":{"@id":"https:\/\/www.ahmadiyya-islam.org\/es\/comunicados-de-prensa\/ataque-terrorista-de-manchester\/#primaryimage"},"thumbnailUrl":"https:\/\/www.ahmadiyya-islam.org\/es\/wp-content\/uploads\/sites\/10\/2017\/05\/2016-08-14-Jalsa-UK-006.jpg","datePublished":"2017-05-26T23:34:46+00:00","dateModified":"2017-05-30T23:43:18+00:00","description":"EL LIDER DE LA COMUNIDAD AHMAD\u00cdA CONDENA EL ATAQUE TERRORISTA DE MANCHESTER CALIFICANDOLO DE \u201cATENTADO BRUTAL\u201d Hazrat Mirza Masrur Ahmad declara que el","breadcrumb":{"@id":"https:\/\/www.ahmadiyya-islam.org\/es\/comunicados-de-prensa\/ataque-terrorista-de-manchester\/#breadcrumb"},"inLanguage":"es-ES","potentialAction":[{"@type":"ReadAction","target":["https:\/\/www.ahmadiyya-islam.org\/es\/comunicados-de-prensa\/ataque-terrorista-de-manchester\/"]}]},{"@type":"ImageObject","inLanguage":"es-ES","@id":"https:\/\/www.ahmadiyya-islam.org\/es\/comunicados-de-prensa\/ataque-terrorista-de-manchester\/#primaryimage","url":"https:\/\/www.ahmadiyya-islam.org\/es\/wp-content\/uploads\/sites\/10\/2017\/05\/2016-08-14-Jalsa-UK-006.jpg","contentUrl":"https:\/\/www.ahmadiyya-islam.org\/es\/wp-content\/uploads\/sites\/10\/2017\/05\/2016-08-14-Jalsa-UK-006.jpg","width":"1000","height":"628"},{"@type":"BreadcrumbList","@id":"https:\/\/www.ahmadiyya-islam.org\/es\/comunicados-de-prensa\/ataque-terrorista-de-manchester\/#breadcrumb","itemListElement":[{"@type":"ListItem","position":1,"name":"Home","item":"https:\/\/www.ahmadiyya-islam.org\/es\/"},{"@type":"ListItem","position":2,"name":"El lider de la comunidad ahmad\u00eda condena el ataque terrorista de Manchester calificandolo de &#8220;atentado brutal&#8221;"}]},{"@type":"WebSite","@id":"https:\/\/www.ahmadiyya-islam.org\/es\/#website","url":"https:\/\/www.ahmadiyya-islam.org\/es\/","name":"Comunidad Musulmana Ahmad\u00eda","description":"Internacional","publisher":{"@id":"https:\/\/www.ahmadiyya-islam.org\/es\/#organization"},"potentialAction":[{"@type":"SearchAction","target":{"@type":"EntryPoint","urlTemplate":"https:\/\/www.ahmadiyya-islam.org\/es\/?s={search_term_string}"},"query-input":{"@type":"PropertyValueSpecification","valueRequired":true,"valueName":"search_term_string"}}],"inLanguage":"es-ES"},{"@type":"Organization","@id":"https:\/\/www.ahmadiyya-islam.org\/es\/#organization","name":"Comunidad Musulmana Ahmad\u00eda","url":"https:\/\/www.ahmadiyya-islam.org\/es\/","logo":{"@type":"ImageObject","inLanguage":"es-ES","@id":"https:\/\/www.ahmadiyya-islam.org\/es\/#\/schema\/logo\/image\/","url":"https:\/\/www.ahmadiyya-islam.org\/es\/wp-content\/uploads\/sites\/10\/2015\/06\/alislam-logo.png","contentUrl":"https:\/\/www.ahmadiyya-islam.org\/es\/wp-content\/uploads\/sites\/10\/2015\/06\/alislam-logo.png","width":1859,"height":1859,"caption":"Comunidad Musulmana Ahmad\u00eda"},"image":{"@id":"https:\/\/www.ahmadiyya-islam.org\/es\/#\/schema\/logo\/image\/"}},{"@type":"Person","@id":"https:\/\/www.ahmadiyya-islam.org\/es\/#\/schema\/person\/ac4c08c7012bbfe73a43476371042f59","name":"es1tarikara"}]}},"_links":{"self":[{"href":"https:\/\/www.ahmadiyya-islam.org\/es\/wp-json\/wp\/v2\/posts\/3596","targetHints":{"allow":["GET"]}}],"collection":[{"href":"https:\/\/www.ahmadiyya-islam.org\/es\/wp-json\/wp\/v2\/posts"}],"about":[{"href":"https:\/\/www.ahmadiyya-islam.org\/es\/wp-json\/wp\/v2\/types\/post"}],"author":[{"embeddable":true,"href":"https:\/\/www.ahmadiyya-islam.org\/es\/wp-json\/wp\/v2\/users\/15"}],"replies":[{"embeddable":true,"href":"https:\/\/www.ahmadiyya-islam.org\/es\/wp-json\/wp\/v2\/comments?post=3596"}],"version-history":[{"count":0,"href":"https:\/\/www.ahmadiyya-islam.org\/es\/wp-json\/wp\/v2\/posts\/3596\/revisions"}],"wp:featuredmedia":[{"embeddable":true,"href":"https:\/\/www.ahmadiyya-islam.org\/es\/wp-json\/wp\/v2\/media\/3597"}],"wp:attachment":[{"href":"https:\/\/www.ahmadiyya-islam.org\/es\/wp-json\/wp\/v2\/media?parent=3596"}],"wp:term":[{"taxonomy":"category","embeddable":true,"href":"https:\/\/www.ahmadiyya-islam.org\/es\/wp-json\/wp\/v2\/categories?post=3596"},{"taxonomy":"post_tag","embeddable":true,"href":"https:\/\/www.ahmadiyya-islam.org\/es\/wp-json\/wp\/v2\/tags?post=3596"},{"taxonomy":"authors","embeddable":true,"href":"https:\/\/www.ahmadiyya-islam.org\/es\/wp-json\/wp\/v2\/authors?post=3596"},{"taxonomy":"content_source","embeddable":true,"href":"https:\/\/www.ahmadiyya-islam.org\/es\/wp-json\/wp\/v2\/content_source?post=3596"}],"curies":[{"name":"wp","href":"https:\/\/api.w.org\/{rel}","templated":true}]}}