{"id":3086,"date":"2016-10-08T08:45:13","date_gmt":"2016-10-08T08:45:13","guid":{"rendered":"http:\/\/www.ahmadiyya-islam.org\/es\/?p=3086"},"modified":"2016-11-06T08:56:38","modified_gmt":"2016-11-06T08:56:38","slug":"rueda-de-prensa-mississauga-2016","status":"publish","type":"post","link":"https:\/\/www.ahmadiyya-islam.org\/es\/comunicados-de-prensa\/rueda-de-prensa-mississauga-2016\/","title":{"rendered":"\u201cAlg\u00fan d\u00eda ganaremos los corazones de la gente\u201d \u2013 Jefe Supremo de la Comunidad Musulmana Ahmad\u00eda"},"content":{"rendered":"<p><strong>Hazrat Mirza Masrur Ahmad fue entrevistado por los medios de comunicaci\u00f3n canadienses durante el Yalsa Salana de Canad\u00e1<\/strong><\/p>\n<p>El 7 de octubre de 2016, el Jefe Supremo de la Comunidad Musulmana Ahmad\u00eda, V Jalifa, Su Santidad Hazrat Mirza Masrur Ahmad, mantuvo una rueda de prensa con representantes de medios de comunicaci\u00f3n canadienses. Entre los medios presentes se encontraban la CTV y Toronto Star.<\/p>\n<p>La rueda de prensa se llev\u00f3 a cabo en el Centro Internacional de Mississauga durante el primer d\u00eda de la 40<sup>a<\/sup> Convenci\u00f3n Anual (<em>Yalsa Salana<\/em>) de la Comunidad Musulmana Ahmad\u00eda.<\/p>\n<p><a href=\"http:\/\/www.ahmadiyya-islam.org\/es\/wp-content\/uploads\/sites\/10\/2016\/11\/2016-10-07-CA-Press-Conference-002.jpg\"><img loading=\"lazy\" decoding=\"async\" class=\"size-full wp-image-3088 aligncenter\" src=\"http:\/\/www.ahmadiyya-islam.org\/es\/wp-content\/uploads\/sites\/10\/2016\/11\/2016-10-07-CA-Press-Conference-002.jpg\" alt=\"2016-10-07-ca-press-conference-002\" width=\"893\" height=\"952\" srcset=\"https:\/\/www.ahmadiyya-islam.org\/es\/wp-content\/uploads\/sites\/10\/2016\/11\/2016-10-07-CA-Press-Conference-002.jpg 893w, https:\/\/www.ahmadiyya-islam.org\/es\/wp-content\/uploads\/sites\/10\/2016\/11\/2016-10-07-CA-Press-Conference-002-281x300.jpg 281w, https:\/\/www.ahmadiyya-islam.org\/es\/wp-content\/uploads\/sites\/10\/2016\/11\/2016-10-07-CA-Press-Conference-002-768x819.jpg 768w\" sizes=\"auto, (max-width: 893px) 100vw, 893px\" \/><\/a><\/p>\n<p>Durante los 35 minutos que dur\u00f3 la rueda de prensa, Su Santidad fue preguntado sobre su punto de vista respecto al establecimiento de la paz en el mundo, la continua amenaza de terrorismo y extremismo, y su objetivo de visitar Canad\u00e1.<\/p>\n<p>Hablando sobre su presente tour en Canad\u00e1, Hazrat Mirza Masrur Ahmad dijo:<\/p>\n<blockquote><p><strong><em>\u201cEste a\u00f1o la Comunidad Musulmana Ahmad\u00eda de Canad\u00e1 est\u00e1 celebrando su 50 aniversario, y por esa raz\u00f3n la Comunidad Musulmana Ahmad\u00eda de este pa\u00eds me solicit\u00f3 que acudiera y me dirigiera a ellos durante su Convenci\u00f3n Anual\u201d.<\/em><\/strong><\/p><\/blockquote>\n<p><a href=\"http:\/\/www.ahmadiyya-islam.org\/es\/wp-content\/uploads\/sites\/10\/2016\/11\/2016-10-07-CA-Press-Conference-003.jpg\"><img loading=\"lazy\" decoding=\"async\" class=\"size-full wp-image-3089 aligncenter\" src=\"http:\/\/www.ahmadiyya-islam.org\/es\/wp-content\/uploads\/sites\/10\/2016\/11\/2016-10-07-CA-Press-Conference-003.jpg\" alt=\"2016-10-07-ca-press-conference-003\" width=\"1000\" height=\"390\" srcset=\"https:\/\/www.ahmadiyya-islam.org\/es\/wp-content\/uploads\/sites\/10\/2016\/11\/2016-10-07-CA-Press-Conference-003.jpg 1000w, https:\/\/www.ahmadiyya-islam.org\/es\/wp-content\/uploads\/sites\/10\/2016\/11\/2016-10-07-CA-Press-Conference-003-300x117.jpg 300w, https:\/\/www.ahmadiyya-islam.org\/es\/wp-content\/uploads\/sites\/10\/2016\/11\/2016-10-07-CA-Press-Conference-003-768x300.jpg 768w\" sizes=\"auto, (max-width: 1000px) 100vw, 1000px\" \/><\/a><\/p>\n<p>Al ser preguntado c\u00f3mo la Comunidad Musulmana Ahmad\u00eda est\u00e1 propagando la paz en el mundo, Hazrat Mirza Masrur Ahmad dijo:<\/p>\n<blockquote><p><strong><em>\u201cEl Islam proh\u00edbe todo tipo de extremismo y terrorismo; y por tanto los atentados suicidas, los decapitamientos, el asesinato de personas inocentes, son contrarios a las ense\u00f1anzas isl\u00e1micas. Este es el mensaje que estamos propagando por todo el mundo\u201d.\u00a0 \u00a0<\/em><\/strong><\/p><\/blockquote>\n<p>En respuesta a la pregunta sobre el lema de la Comunidad Musulmana Ahmad\u00eda: \u201cAmor para todos, odio para nadie\u201d, Hazrat Mirza Masrur Ahmad dijo:<\/p>\n<blockquote><p><strong><em>\u201cLa importancia y significado de este mensaje es obvio en el mundo actual, donde la violencia y el caos impera en varias partes del mundo. Por tanto, el mensaje de \u201cAmor para todos, Odio para nadie no es algo que \u00fanicamente tengan que cumplir los musulmanes, sino que es un mensaje para todo el mundo. En la sociedad actual necesitamos mostrar amabilidad, compasi\u00f3n, y debemos cumplir con los derechos de los dem\u00e1s\u201d.<\/em><\/strong><\/p><\/blockquote>\n<p>Durante la rueda de prensa, Su Santidad conden\u00f3 el papel que juegan los cl\u00e9rigos musulmanes extremistas al difundir el extremismo y la radicalizaci\u00f3n de algunos musulmanes. Su Santidad dijo que tales cl\u00e9rigos hab\u00edan<\/p>\n<blockquote><p><strong><em>\u201cmalinterpretado<\/em><\/strong> <strong><em>completamente las verdaderas ense\u00f1anzas del Islam\u201d<\/em><\/strong><\/p><\/blockquote>\n<p>y aconsej\u00f3 a las autoridades que adoptaran medidas severas contra cualquier cl\u00e9rigo responsable de promover el extremismo.<\/p>\n<p>Al ser preguntado sobre los valores canadienses, Hazrat Mirza Masrur Ahmad dijo:<\/p>\n<blockquote><p><strong><em>\u201cEstoy muy contento de que Canad\u00e1 sea una sociedad multicultural donde existe la libertad de religi\u00f3n y expresi\u00f3n. Disfruto cada vez que tengo la oportunidad de viajar a Canad\u00e1\u201d.<\/em><\/strong><\/p><\/blockquote>\n<p>Al hablar del tema relativo a los esfuerzos que hace la Comunidad Musulmana Ahmad\u00eda para erradicar el extremismo, Hazrat Mirza Masrur Ahmad dijo:<\/p>\n<blockquote><p><strong><em>\u201cNo tenemos ning\u00fan poder material, por lo que lo \u00fanico que podemos hacer es continuar difundiendo las verdaderas ense\u00f1anzas del Islam. Es un proceso lento, pero alg\u00fan d\u00eda ganaremos los corazones de la gente, y cesar\u00e1n las brutalidades de las que estamos siendo testigos en la actualidad. Estamos determinados a ello y nunca dejaremos nuestra misi\u00f3n.\u201d<\/em><\/strong><\/p><\/blockquote>\n","protected":false},"excerpt":{"rendered":"<p>Hazrat Mirza Masrur Ahmad fue entrevistado por los medios de comunicaci\u00f3n canadienses durante el Yalsa Salana de Canad\u00e1 El 7 de octubre de 2016, el Jefe Supremo de la Comunidad Musulmana Ahmad\u00eda, V Jalifa, Su Santidad Hazrat Mirza Masrur Ahmad, mantuvo una rueda de prensa con representantes de medios de comunicaci\u00f3n canadienses. Entre los medios<\/p>\n","protected":false},"author":29,"featured_media":3087,"comment_status":"closed","ping_status":"closed","sticky":false,"template":"","format":"standard","meta":{"_acf_changed":false,"footnotes":""},"categories":[1],"tags":[],"authors":[],"content_source":[],"class_list":["post-3086","post","type-post","status-publish","format-standard","has-post-thumbnail","hentry","category-comunicados-de-prensa"],"acf":[],"yoast_head":"<!-- This site is optimized with the Yoast SEO Premium plugin v21.1 (Yoast SEO v27.4) - https:\/\/yoast.com\/product\/yoast-seo-premium-wordpress\/ -->\n<title>\u201cAlg\u00fan d\u00eda ganaremos los corazones de la gente\u201d \u2013 Jefe Supremo de la Comunidad Musulmana Ahmad\u00eda<\/title>\n<meta name=\"description\" content=\"Hazrat Mirza Masrur Ahmad fue entrevistado por los medios de comunicaci\u00f3n canadienses durante el Yalsa Salana de Canad\u00e1 El 7 de octubre de 2016, el Jefe\" \/>\n<meta name=\"robots\" content=\"index, follow, max-snippet:-1, max-image-preview:large, max-video-preview:-1\" \/>\n<link rel=\"canonical\" href=\"https:\/\/www.ahmadiyya-islam.org\/es\/comunicados-de-prensa\/rueda-de-prensa-mississauga-2016\/\" \/>\n<meta property=\"og:locale\" content=\"es_ES\" \/>\n<meta property=\"og:type\" content=\"article\" \/>\n<meta property=\"og:title\" content=\"\u201cAlg\u00fan d\u00eda ganaremos los corazones de la gente\u201d \u2013 Jefe Supremo de la Comunidad Musulmana Ahmad\u00eda\" \/>\n<meta property=\"og:description\" content=\"Hazrat Mirza Masrur Ahmad fue entrevistado por los medios de comunicaci\u00f3n canadienses durante el Yalsa Salana de Canad\u00e1 El 7 de octubre de 2016, el Jefe\" \/>\n<meta property=\"og:url\" content=\"https:\/\/www.ahmadiyya-islam.org\/es\/comunicados-de-prensa\/rueda-de-prensa-mississauga-2016\/\" \/>\n<meta property=\"og:site_name\" content=\"Comunidad Musulmana Ahmad\u00eda\" \/>\n<meta property=\"article:published_time\" content=\"2016-10-08T08:45:13+00:00\" \/>\n<meta property=\"article:modified_time\" content=\"2016-11-06T08:56:38+00:00\" \/>\n<meta property=\"og:image\" content=\"https:\/\/www.ahmadiyya-islam.org\/es\/wp-content\/uploads\/sites\/10\/2016\/11\/2016-10-07-CA-Press-Conference-0010.jpg\" \/>\n\t<meta property=\"og:image:width\" content=\"911\" \/>\n\t<meta property=\"og:image:height\" content=\"389\" \/>\n\t<meta property=\"og:image:type\" content=\"image\/jpeg\" \/>\n<meta name=\"author\" content=\"es2tagb\" \/>\n<meta name=\"twitter:card\" content=\"summary_large_image\" \/>\n<meta name=\"twitter:label1\" content=\"Written by\" \/>\n\t<meta name=\"twitter:data1\" content=\"es2tagb\" \/>\n\t<meta name=\"twitter:label2\" content=\"Est. reading time\" \/>\n\t<meta name=\"twitter:data2\" content=\"3 minutes\" \/>\n<script type=\"application\/ld+json\" class=\"yoast-schema-graph\">{\"@context\":\"https:\\\/\\\/schema.org\",\"@graph\":[{\"@type\":\"Article\",\"@id\":\"https:\\\/\\\/www.ahmadiyya-islam.org\\\/es\\\/comunicados-de-prensa\\\/rueda-de-prensa-mississauga-2016\\\/#article\",\"isPartOf\":{\"@id\":\"https:\\\/\\\/www.ahmadiyya-islam.org\\\/es\\\/comunicados-de-prensa\\\/rueda-de-prensa-mississauga-2016\\\/\"},\"author\":{\"name\":\"es2tagb\",\"@id\":\"https:\\\/\\\/www.ahmadiyya-islam.org\\\/es\\\/#\\\/schema\\\/person\\\/f67898763692f1d39d751f0adc0238c1\"},\"headline\":\"\u201cAlg\u00fan d\u00eda ganaremos los corazones de la gente\u201d \u2013 Jefe Supremo de la Comunidad Musulmana Ahmad\u00eda\",\"datePublished\":\"2016-10-08T08:45:13+00:00\",\"dateModified\":\"2016-11-06T08:56:38+00:00\",\"mainEntityOfPage\":{\"@id\":\"https:\\\/\\\/www.ahmadiyya-islam.org\\\/es\\\/comunicados-de-prensa\\\/rueda-de-prensa-mississauga-2016\\\/\"},\"wordCount\":564,\"publisher\":{\"@id\":\"https:\\\/\\\/www.ahmadiyya-islam.org\\\/es\\\/#organization\"},\"image\":{\"@id\":\"https:\\\/\\\/www.ahmadiyya-islam.org\\\/es\\\/comunicados-de-prensa\\\/rueda-de-prensa-mississauga-2016\\\/#primaryimage\"},\"thumbnailUrl\":\"https:\\\/\\\/www.ahmadiyya-islam.org\\\/es\\\/wp-content\\\/uploads\\\/sites\\\/10\\\/2016\\\/11\\\/2016-10-07-CA-Press-Conference-0010.jpg\",\"articleSection\":[\"Comunicados de prensa\"],\"inLanguage\":\"es-ES\"},{\"@type\":\"WebPage\",\"@id\":\"https:\\\/\\\/www.ahmadiyya-islam.org\\\/es\\\/comunicados-de-prensa\\\/rueda-de-prensa-mississauga-2016\\\/\",\"url\":\"https:\\\/\\\/www.ahmadiyya-islam.org\\\/es\\\/comunicados-de-prensa\\\/rueda-de-prensa-mississauga-2016\\\/\",\"name\":\"\u201cAlg\u00fan d\u00eda ganaremos los corazones de la gente\u201d \u2013 Jefe Supremo de la Comunidad Musulmana Ahmad\u00eda\",\"isPartOf\":{\"@id\":\"https:\\\/\\\/www.ahmadiyya-islam.org\\\/es\\\/#website\"},\"primaryImageOfPage\":{\"@id\":\"https:\\\/\\\/www.ahmadiyya-islam.org\\\/es\\\/comunicados-de-prensa\\\/rueda-de-prensa-mississauga-2016\\\/#primaryimage\"},\"image\":{\"@id\":\"https:\\\/\\\/www.ahmadiyya-islam.org\\\/es\\\/comunicados-de-prensa\\\/rueda-de-prensa-mississauga-2016\\\/#primaryimage\"},\"thumbnailUrl\":\"https:\\\/\\\/www.ahmadiyya-islam.org\\\/es\\\/wp-content\\\/uploads\\\/sites\\\/10\\\/2016\\\/11\\\/2016-10-07-CA-Press-Conference-0010.jpg\",\"datePublished\":\"2016-10-08T08:45:13+00:00\",\"dateModified\":\"2016-11-06T08:56:38+00:00\",\"description\":\"Hazrat Mirza Masrur Ahmad fue entrevistado por los medios de comunicaci\u00f3n canadienses durante el Yalsa Salana de Canad\u00e1 El 7 de octubre de 2016, el Jefe\",\"breadcrumb\":{\"@id\":\"https:\\\/\\\/www.ahmadiyya-islam.org\\\/es\\\/comunicados-de-prensa\\\/rueda-de-prensa-mississauga-2016\\\/#breadcrumb\"},\"inLanguage\":\"es-ES\",\"potentialAction\":[{\"@type\":\"ReadAction\",\"target\":[\"https:\\\/\\\/www.ahmadiyya-islam.org\\\/es\\\/comunicados-de-prensa\\\/rueda-de-prensa-mississauga-2016\\\/\"]}]},{\"@type\":\"ImageObject\",\"inLanguage\":\"es-ES\",\"@id\":\"https:\\\/\\\/www.ahmadiyya-islam.org\\\/es\\\/comunicados-de-prensa\\\/rueda-de-prensa-mississauga-2016\\\/#primaryimage\",\"url\":\"https:\\\/\\\/www.ahmadiyya-islam.org\\\/es\\\/wp-content\\\/uploads\\\/sites\\\/10\\\/2016\\\/11\\\/2016-10-07-CA-Press-Conference-0010.jpg\",\"contentUrl\":\"https:\\\/\\\/www.ahmadiyya-islam.org\\\/es\\\/wp-content\\\/uploads\\\/sites\\\/10\\\/2016\\\/11\\\/2016-10-07-CA-Press-Conference-0010.jpg\",\"width\":911,\"height\":389},{\"@type\":\"BreadcrumbList\",\"@id\":\"https:\\\/\\\/www.ahmadiyya-islam.org\\\/es\\\/comunicados-de-prensa\\\/rueda-de-prensa-mississauga-2016\\\/#breadcrumb\",\"itemListElement\":[{\"@type\":\"ListItem\",\"position\":1,\"name\":\"Home\",\"item\":\"https:\\\/\\\/www.ahmadiyya-islam.org\\\/es\\\/\"},{\"@type\":\"ListItem\",\"position\":2,\"name\":\"\u201cAlg\u00fan d\u00eda ganaremos los corazones de la gente\u201d \u2013 Jefe Supremo de la Comunidad Musulmana Ahmad\u00eda\"}]},{\"@type\":\"WebSite\",\"@id\":\"https:\\\/\\\/www.ahmadiyya-islam.org\\\/es\\\/#website\",\"url\":\"https:\\\/\\\/www.ahmadiyya-islam.org\\\/es\\\/\",\"name\":\"Comunidad Musulmana Ahmad\u00eda\",\"description\":\"Internacional\",\"publisher\":{\"@id\":\"https:\\\/\\\/www.ahmadiyya-islam.org\\\/es\\\/#organization\"},\"potentialAction\":[{\"@type\":\"SearchAction\",\"target\":{\"@type\":\"EntryPoint\",\"urlTemplate\":\"https:\\\/\\\/www.ahmadiyya-islam.org\\\/es\\\/?s={search_term_string}\"},\"query-input\":{\"@type\":\"PropertyValueSpecification\",\"valueRequired\":true,\"valueName\":\"search_term_string\"}}],\"inLanguage\":\"es-ES\"},{\"@type\":\"Organization\",\"@id\":\"https:\\\/\\\/www.ahmadiyya-islam.org\\\/es\\\/#organization\",\"name\":\"Comunidad Musulmana Ahmad\u00eda\",\"url\":\"https:\\\/\\\/www.ahmadiyya-islam.org\\\/es\\\/\",\"logo\":{\"@type\":\"ImageObject\",\"inLanguage\":\"es-ES\",\"@id\":\"https:\\\/\\\/www.ahmadiyya-islam.org\\\/es\\\/#\\\/schema\\\/logo\\\/image\\\/\",\"url\":\"https:\\\/\\\/www.ahmadiyya-islam.org\\\/es\\\/wp-content\\\/uploads\\\/sites\\\/10\\\/2015\\\/06\\\/alislam-logo.png\",\"contentUrl\":\"https:\\\/\\\/www.ahmadiyya-islam.org\\\/es\\\/wp-content\\\/uploads\\\/sites\\\/10\\\/2015\\\/06\\\/alislam-logo.png\",\"width\":1859,\"height\":1859,\"caption\":\"Comunidad Musulmana Ahmad\u00eda\"},\"image\":{\"@id\":\"https:\\\/\\\/www.ahmadiyya-islam.org\\\/es\\\/#\\\/schema\\\/logo\\\/image\\\/\"}},{\"@type\":\"Person\",\"@id\":\"https:\\\/\\\/www.ahmadiyya-islam.org\\\/es\\\/#\\\/schema\\\/person\\\/f67898763692f1d39d751f0adc0238c1\",\"name\":\"es2tagb\"}]}<\/script>\n<!-- \/ Yoast SEO Premium plugin. -->","yoast_head_json":{"title":"\u201cAlg\u00fan d\u00eda ganaremos los corazones de la gente\u201d \u2013 Jefe Supremo de la Comunidad Musulmana Ahmad\u00eda","description":"Hazrat Mirza Masrur Ahmad fue entrevistado por los medios de comunicaci\u00f3n canadienses durante el Yalsa Salana de Canad\u00e1 El 7 de octubre de 2016, el Jefe","robots":{"index":"index","follow":"follow","max-snippet":"max-snippet:-1","max-image-preview":"max-image-preview:large","max-video-preview":"max-video-preview:-1"},"canonical":"https:\/\/www.ahmadiyya-islam.org\/es\/comunicados-de-prensa\/rueda-de-prensa-mississauga-2016\/","og_locale":"es_ES","og_type":"article","og_title":"\u201cAlg\u00fan d\u00eda ganaremos los corazones de la gente\u201d \u2013 Jefe Supremo de la Comunidad Musulmana Ahmad\u00eda","og_description":"Hazrat Mirza Masrur Ahmad fue entrevistado por los medios de comunicaci\u00f3n canadienses durante el Yalsa Salana de Canad\u00e1 El 7 de octubre de 2016, el Jefe","og_url":"https:\/\/www.ahmadiyya-islam.org\/es\/comunicados-de-prensa\/rueda-de-prensa-mississauga-2016\/","og_site_name":"Comunidad Musulmana Ahmad\u00eda","article_published_time":"2016-10-08T08:45:13+00:00","article_modified_time":"2016-11-06T08:56:38+00:00","og_image":[{"width":911,"height":389,"url":"https:\/\/www.ahmadiyya-islam.org\/es\/wp-content\/uploads\/sites\/10\/2016\/11\/2016-10-07-CA-Press-Conference-0010.jpg","type":"image\/jpeg"}],"author":"es2tagb","twitter_card":"summary_large_image","twitter_misc":{"Written by":"es2tagb","Est. reading time":"3 minutes"},"schema":{"@context":"https:\/\/schema.org","@graph":[{"@type":"Article","@id":"https:\/\/www.ahmadiyya-islam.org\/es\/comunicados-de-prensa\/rueda-de-prensa-mississauga-2016\/#article","isPartOf":{"@id":"https:\/\/www.ahmadiyya-islam.org\/es\/comunicados-de-prensa\/rueda-de-prensa-mississauga-2016\/"},"author":{"name":"es2tagb","@id":"https:\/\/www.ahmadiyya-islam.org\/es\/#\/schema\/person\/f67898763692f1d39d751f0adc0238c1"},"headline":"\u201cAlg\u00fan d\u00eda ganaremos los corazones de la gente\u201d \u2013 Jefe Supremo de la Comunidad Musulmana Ahmad\u00eda","datePublished":"2016-10-08T08:45:13+00:00","dateModified":"2016-11-06T08:56:38+00:00","mainEntityOfPage":{"@id":"https:\/\/www.ahmadiyya-islam.org\/es\/comunicados-de-prensa\/rueda-de-prensa-mississauga-2016\/"},"wordCount":564,"publisher":{"@id":"https:\/\/www.ahmadiyya-islam.org\/es\/#organization"},"image":{"@id":"https:\/\/www.ahmadiyya-islam.org\/es\/comunicados-de-prensa\/rueda-de-prensa-mississauga-2016\/#primaryimage"},"thumbnailUrl":"https:\/\/www.ahmadiyya-islam.org\/es\/wp-content\/uploads\/sites\/10\/2016\/11\/2016-10-07-CA-Press-Conference-0010.jpg","articleSection":["Comunicados de prensa"],"inLanguage":"es-ES"},{"@type":"WebPage","@id":"https:\/\/www.ahmadiyya-islam.org\/es\/comunicados-de-prensa\/rueda-de-prensa-mississauga-2016\/","url":"https:\/\/www.ahmadiyya-islam.org\/es\/comunicados-de-prensa\/rueda-de-prensa-mississauga-2016\/","name":"\u201cAlg\u00fan d\u00eda ganaremos los corazones de la gente\u201d \u2013 Jefe Supremo de la Comunidad Musulmana Ahmad\u00eda","isPartOf":{"@id":"https:\/\/www.ahmadiyya-islam.org\/es\/#website"},"primaryImageOfPage":{"@id":"https:\/\/www.ahmadiyya-islam.org\/es\/comunicados-de-prensa\/rueda-de-prensa-mississauga-2016\/#primaryimage"},"image":{"@id":"https:\/\/www.ahmadiyya-islam.org\/es\/comunicados-de-prensa\/rueda-de-prensa-mississauga-2016\/#primaryimage"},"thumbnailUrl":"https:\/\/www.ahmadiyya-islam.org\/es\/wp-content\/uploads\/sites\/10\/2016\/11\/2016-10-07-CA-Press-Conference-0010.jpg","datePublished":"2016-10-08T08:45:13+00:00","dateModified":"2016-11-06T08:56:38+00:00","description":"Hazrat Mirza Masrur Ahmad fue entrevistado por los medios de comunicaci\u00f3n canadienses durante el Yalsa Salana de Canad\u00e1 El 7 de octubre de 2016, el Jefe","breadcrumb":{"@id":"https:\/\/www.ahmadiyya-islam.org\/es\/comunicados-de-prensa\/rueda-de-prensa-mississauga-2016\/#breadcrumb"},"inLanguage":"es-ES","potentialAction":[{"@type":"ReadAction","target":["https:\/\/www.ahmadiyya-islam.org\/es\/comunicados-de-prensa\/rueda-de-prensa-mississauga-2016\/"]}]},{"@type":"ImageObject","inLanguage":"es-ES","@id":"https:\/\/www.ahmadiyya-islam.org\/es\/comunicados-de-prensa\/rueda-de-prensa-mississauga-2016\/#primaryimage","url":"https:\/\/www.ahmadiyya-islam.org\/es\/wp-content\/uploads\/sites\/10\/2016\/11\/2016-10-07-CA-Press-Conference-0010.jpg","contentUrl":"https:\/\/www.ahmadiyya-islam.org\/es\/wp-content\/uploads\/sites\/10\/2016\/11\/2016-10-07-CA-Press-Conference-0010.jpg","width":911,"height":389},{"@type":"BreadcrumbList","@id":"https:\/\/www.ahmadiyya-islam.org\/es\/comunicados-de-prensa\/rueda-de-prensa-mississauga-2016\/#breadcrumb","itemListElement":[{"@type":"ListItem","position":1,"name":"Home","item":"https:\/\/www.ahmadiyya-islam.org\/es\/"},{"@type":"ListItem","position":2,"name":"\u201cAlg\u00fan d\u00eda ganaremos los corazones de la gente\u201d \u2013 Jefe Supremo de la Comunidad Musulmana Ahmad\u00eda"}]},{"@type":"WebSite","@id":"https:\/\/www.ahmadiyya-islam.org\/es\/#website","url":"https:\/\/www.ahmadiyya-islam.org\/es\/","name":"Comunidad Musulmana Ahmad\u00eda","description":"Internacional","publisher":{"@id":"https:\/\/www.ahmadiyya-islam.org\/es\/#organization"},"potentialAction":[{"@type":"SearchAction","target":{"@type":"EntryPoint","urlTemplate":"https:\/\/www.ahmadiyya-islam.org\/es\/?s={search_term_string}"},"query-input":{"@type":"PropertyValueSpecification","valueRequired":true,"valueName":"search_term_string"}}],"inLanguage":"es-ES"},{"@type":"Organization","@id":"https:\/\/www.ahmadiyya-islam.org\/es\/#organization","name":"Comunidad Musulmana Ahmad\u00eda","url":"https:\/\/www.ahmadiyya-islam.org\/es\/","logo":{"@type":"ImageObject","inLanguage":"es-ES","@id":"https:\/\/www.ahmadiyya-islam.org\/es\/#\/schema\/logo\/image\/","url":"https:\/\/www.ahmadiyya-islam.org\/es\/wp-content\/uploads\/sites\/10\/2015\/06\/alislam-logo.png","contentUrl":"https:\/\/www.ahmadiyya-islam.org\/es\/wp-content\/uploads\/sites\/10\/2015\/06\/alislam-logo.png","width":1859,"height":1859,"caption":"Comunidad Musulmana Ahmad\u00eda"},"image":{"@id":"https:\/\/www.ahmadiyya-islam.org\/es\/#\/schema\/logo\/image\/"}},{"@type":"Person","@id":"https:\/\/www.ahmadiyya-islam.org\/es\/#\/schema\/person\/f67898763692f1d39d751f0adc0238c1","name":"es2tagb"}]}},"_links":{"self":[{"href":"https:\/\/www.ahmadiyya-islam.org\/es\/wp-json\/wp\/v2\/posts\/3086","targetHints":{"allow":["GET"]}}],"collection":[{"href":"https:\/\/www.ahmadiyya-islam.org\/es\/wp-json\/wp\/v2\/posts"}],"about":[{"href":"https:\/\/www.ahmadiyya-islam.org\/es\/wp-json\/wp\/v2\/types\/post"}],"author":[{"embeddable":true,"href":"https:\/\/www.ahmadiyya-islam.org\/es\/wp-json\/wp\/v2\/users\/29"}],"replies":[{"embeddable":true,"href":"https:\/\/www.ahmadiyya-islam.org\/es\/wp-json\/wp\/v2\/comments?post=3086"}],"version-history":[{"count":0,"href":"https:\/\/www.ahmadiyya-islam.org\/es\/wp-json\/wp\/v2\/posts\/3086\/revisions"}],"wp:featuredmedia":[{"embeddable":true,"href":"https:\/\/www.ahmadiyya-islam.org\/es\/wp-json\/wp\/v2\/media\/3087"}],"wp:attachment":[{"href":"https:\/\/www.ahmadiyya-islam.org\/es\/wp-json\/wp\/v2\/media?parent=3086"}],"wp:term":[{"taxonomy":"category","embeddable":true,"href":"https:\/\/www.ahmadiyya-islam.org\/es\/wp-json\/wp\/v2\/categories?post=3086"},{"taxonomy":"post_tag","embeddable":true,"href":"https:\/\/www.ahmadiyya-islam.org\/es\/wp-json\/wp\/v2\/tags?post=3086"},{"taxonomy":"authors","embeddable":true,"href":"https:\/\/www.ahmadiyya-islam.org\/es\/wp-json\/wp\/v2\/authors?post=3086"},{"taxonomy":"content_source","embeddable":true,"href":"https:\/\/www.ahmadiyya-islam.org\/es\/wp-json\/wp\/v2\/content_source?post=3086"}],"curies":[{"name":"wp","href":"https:\/\/api.w.org\/{rel}","templated":true}]}}