{"id":3037,"date":"2016-10-09T10:10:34","date_gmt":"2016-10-09T10:10:34","guid":{"rendered":"http:\/\/www.ahmadiyya-islam.org\/es\/?p=3037"},"modified":"2016-10-09T10:10:34","modified_gmt":"2016-10-09T10:10:34","slug":"entrevista-torstar-canada-2016","status":"publish","type":"post","link":"https:\/\/www.ahmadiyya-islam.org\/es\/comunicados-de-prensa\/entrevista-torstar-canada-2016\/","title":{"rendered":"\u201cAprovechad el potencial de los refugiados\u201d \u2013 L\u00edder de la Comunidad Musulmana Ahmad\u00eda"},"content":{"rendered":"<p><strong>Hazrat Mirza Masrur Ahmad se entrevista con el presidente del peri\u00f3dico canadiense Torstar.<\/strong><\/p>\n<p>El 5 de octubre de 2016, el <em>L\u00edder Mundial de la Comunidad Musulmana Ahmad\u00eda, el Quinto Jalifa, Su Santidad, Hazrat Mirza Masrur Ahmad<\/em> recibi\u00f3 la visita de Mr. John Honderich, <em>presidente del consejo de administraci\u00f3n del peri\u00f3dico canadiense Torstar Corporation<\/em> en la mezquita Baitul Islam en Peace Village, Canad\u00e1.<\/p>\n<p>Durante la entrevista, Mr Honderich se lament\u00f3 por un art\u00edculo que el peri\u00f3dico <em>Toronto Star<\/em> (una publicaci\u00f3n de Torstar) hab\u00eda publicado recientemente acerca de un estudio que suger\u00eda la presencia extendida de literatura de car\u00e1cter extremista en mezquitas canadienses, en la que hab\u00eda incluido por error una foto de la mezquita <em>Baitul Islam<\/em> de la Comunidad Musulmana Ahmad\u00eda.<\/p>\n<p>Mr. Honderlich inform\u00f3 a Su Santidad, que <em>Toronto Star<\/em> hab\u00eda retirado inmediatamente la fotograf\u00eda cuando se le notific\u00f3 del error y public\u00f3 una nota de disculpa oficial que declaraba:<\/p>\n<blockquote><p>\u201cLa mezquita Baitul Islam no guarda ning\u00fan tipo de relaci\u00f3n con el contenido del estudio \u2013 el cual adem\u00e1s est\u00e1 siendo cuestionado \u2013 por lo que la imagen de esta mezquita en concreto nunca debi\u00f3 vincularse a este art\u00edculo\u2026 vincular esta mezquita con cualquier informe relacionado con el extremismo isl\u00e1mico es un error inaceptable y, por ello, Star pide disculpas a la mezquita Baitul Islam y a la Comunidad Musulmana Ahmad\u00eda.\u201d<\/p><\/blockquote>\n<p>Su Santidad agradeci\u00f3 a Mr. Honderlich por la respuesta inmediata de Toronto Star rectificando el error, y dijo que consideraba que el incidente era en realidad:<\/p>\n<blockquote><p>\u201cuna bendici\u00f3n encubierta\u201d<\/p><\/blockquote>\n<p>Puesto que hab\u00eda supuesto que Mr. Honderlich y los redactores de Toronto Star tuvieran la oportunidad de familiarizarse m\u00e1s a\u00fan con las verdaderas y pac\u00edficas ense\u00f1anzas del Islam y de la Comunidad Ahmad\u00eda.<\/p>\n<p>Durante su reuni\u00f3n, Su Santidad y Mr. Honderlich tambi\u00e9n dialogaron sobre el impacto de la crisis de refugiados en el mundo occidental. Su Santidad dijo que consideraba que Canad\u00e1 era<\/p>\n<blockquote><p>\u201cuna naci\u00f3n tolerante con una mayor disposici\u00f3n a absorber a inmigrantes que muchos otros pa\u00edses.\u201d<\/p><\/blockquote>\n<p>Su Santidad tambi\u00e9n dijo que cre\u00eda que Canad\u00e1 deb\u00eda<\/p>\n<blockquote><p>\u201caprovechar el potencial de los refugiados\u201d<\/p><\/blockquote>\n<p>alent\u00e1ndoles a que se incorporen a la poblaci\u00f3n activa lo antes posible.<\/p>\n","protected":false},"excerpt":{"rendered":"<p>Hazrat Mirza Masrur Ahmad se entrevista con el presidente del peri\u00f3dico canadiense Torstar. El 5 de octubre de 2016, el L\u00edder Mundial de la Comunidad Musulmana Ahmad\u00eda, el Quinto Jalifa, Su Santidad, Hazrat Mirza Masrur Ahmad recibi\u00f3 la visita de Mr. John Honderich, presidente del consejo de administraci\u00f3n del peri\u00f3dico canadiense Torstar Corporation en la<\/p>\n","protected":false},"author":29,"featured_media":3038,"comment_status":"closed","ping_status":"closed","sticky":false,"template":"","format":"standard","meta":{"_acf_changed":false,"footnotes":""},"categories":[1],"tags":[],"authors":[],"content_source":[],"class_list":["post-3037","post","type-post","status-publish","format-standard","has-post-thumbnail","hentry","category-comunicados-de-prensa","topics-democracia","topics-derechos-humanos","topics-extremismo","topics-guerra-mundial","topics-paz","topics-paz-mundial","topics-terrorismo","topics-yihad"],"acf":[],"yoast_head":"<!-- This site is optimized with the Yoast SEO Premium plugin v21.1 (Yoast SEO v27.4) - https:\/\/yoast.com\/product\/yoast-seo-premium-wordpress\/ -->\n<title>\u201cAprovechad el potencial de los refugiados\u201d \u2013 L\u00edder de la Comunidad Musulmana Ahmad\u00eda<\/title>\n<meta name=\"description\" content=\"Hazrat Mirza Masrur Ahmad se entrevista con el presidente del peri\u00f3dico canadiense Torstar. El 5 de octubre de 2016, el L\u00edder Mundial de la Comunidad\" \/>\n<meta name=\"robots\" content=\"index, follow, max-snippet:-1, max-image-preview:large, max-video-preview:-1\" \/>\n<link rel=\"canonical\" href=\"https:\/\/www.ahmadiyya-islam.org\/es\/comunicados-de-prensa\/entrevista-torstar-canada-2016\/\" \/>\n<meta property=\"og:locale\" content=\"es_ES\" \/>\n<meta property=\"og:type\" content=\"article\" \/>\n<meta property=\"og:title\" content=\"\u201cAprovechad el potencial de los refugiados\u201d \u2013 L\u00edder de la Comunidad Musulmana Ahmad\u00eda\" \/>\n<meta property=\"og:description\" content=\"Hazrat Mirza Masrur Ahmad se entrevista con el presidente del peri\u00f3dico canadiense Torstar. El 5 de octubre de 2016, el L\u00edder Mundial de la Comunidad\" \/>\n<meta property=\"og:url\" content=\"https:\/\/www.ahmadiyya-islam.org\/es\/comunicados-de-prensa\/entrevista-torstar-canada-2016\/\" \/>\n<meta property=\"og:site_name\" content=\"Comunidad Musulmana Ahmad\u00eda\" \/>\n<meta property=\"article:published_time\" content=\"2016-10-09T10:10:34+00:00\" \/>\n<meta property=\"og:image\" content=\"https:\/\/www.ahmadiyya-islam.org\/es\/wp-content\/uploads\/sites\/10\/2016\/10\/2016-10-05-Meeting-Honderich-001.jpg\" \/>\n\t<meta property=\"og:image:width\" content=\"1459\" \/>\n\t<meta property=\"og:image:height\" content=\"1031\" \/>\n\t<meta property=\"og:image:type\" content=\"image\/jpeg\" \/>\n<meta name=\"author\" content=\"es2tagb\" \/>\n<meta name=\"twitter:card\" content=\"summary_large_image\" \/>\n<meta name=\"twitter:label1\" content=\"Written by\" \/>\n\t<meta name=\"twitter:data1\" content=\"es2tagb\" \/>\n\t<meta name=\"twitter:label2\" content=\"Est. reading time\" \/>\n\t<meta name=\"twitter:data2\" content=\"2 minutes\" \/>\n<script type=\"application\/ld+json\" class=\"yoast-schema-graph\">{\"@context\":\"https:\\\/\\\/schema.org\",\"@graph\":[{\"@type\":\"Article\",\"@id\":\"https:\\\/\\\/www.ahmadiyya-islam.org\\\/es\\\/comunicados-de-prensa\\\/entrevista-torstar-canada-2016\\\/#article\",\"isPartOf\":{\"@id\":\"https:\\\/\\\/www.ahmadiyya-islam.org\\\/es\\\/comunicados-de-prensa\\\/entrevista-torstar-canada-2016\\\/\"},\"author\":{\"name\":\"es2tagb\",\"@id\":\"https:\\\/\\\/www.ahmadiyya-islam.org\\\/es\\\/#\\\/schema\\\/person\\\/f67898763692f1d39d751f0adc0238c1\"},\"headline\":\"\u201cAprovechad el potencial de los refugiados\u201d \u2013 L\u00edder de la Comunidad Musulmana Ahmad\u00eda\",\"datePublished\":\"2016-10-09T10:10:34+00:00\",\"mainEntityOfPage\":{\"@id\":\"https:\\\/\\\/www.ahmadiyya-islam.org\\\/es\\\/comunicados-de-prensa\\\/entrevista-torstar-canada-2016\\\/\"},\"wordCount\":402,\"publisher\":{\"@id\":\"https:\\\/\\\/www.ahmadiyya-islam.org\\\/es\\\/#organization\"},\"image\":{\"@id\":\"https:\\\/\\\/www.ahmadiyya-islam.org\\\/es\\\/comunicados-de-prensa\\\/entrevista-torstar-canada-2016\\\/#primaryimage\"},\"thumbnailUrl\":\"https:\\\/\\\/www.ahmadiyya-islam.org\\\/es\\\/wp-content\\\/uploads\\\/sites\\\/10\\\/2016\\\/10\\\/2016-10-05-Meeting-Honderich-001.jpg\",\"articleSection\":[\"Comunicados de prensa\"],\"inLanguage\":\"es-ES\"},{\"@type\":\"WebPage\",\"@id\":\"https:\\\/\\\/www.ahmadiyya-islam.org\\\/es\\\/comunicados-de-prensa\\\/entrevista-torstar-canada-2016\\\/\",\"url\":\"https:\\\/\\\/www.ahmadiyya-islam.org\\\/es\\\/comunicados-de-prensa\\\/entrevista-torstar-canada-2016\\\/\",\"name\":\"\u201cAprovechad el potencial de los refugiados\u201d \u2013 L\u00edder de la Comunidad Musulmana Ahmad\u00eda\",\"isPartOf\":{\"@id\":\"https:\\\/\\\/www.ahmadiyya-islam.org\\\/es\\\/#website\"},\"primaryImageOfPage\":{\"@id\":\"https:\\\/\\\/www.ahmadiyya-islam.org\\\/es\\\/comunicados-de-prensa\\\/entrevista-torstar-canada-2016\\\/#primaryimage\"},\"image\":{\"@id\":\"https:\\\/\\\/www.ahmadiyya-islam.org\\\/es\\\/comunicados-de-prensa\\\/entrevista-torstar-canada-2016\\\/#primaryimage\"},\"thumbnailUrl\":\"https:\\\/\\\/www.ahmadiyya-islam.org\\\/es\\\/wp-content\\\/uploads\\\/sites\\\/10\\\/2016\\\/10\\\/2016-10-05-Meeting-Honderich-001.jpg\",\"datePublished\":\"2016-10-09T10:10:34+00:00\",\"description\":\"Hazrat Mirza Masrur Ahmad se entrevista con el presidente del peri\u00f3dico canadiense Torstar. El 5 de octubre de 2016, el L\u00edder Mundial de la Comunidad\",\"breadcrumb\":{\"@id\":\"https:\\\/\\\/www.ahmadiyya-islam.org\\\/es\\\/comunicados-de-prensa\\\/entrevista-torstar-canada-2016\\\/#breadcrumb\"},\"inLanguage\":\"es-ES\",\"potentialAction\":[{\"@type\":\"ReadAction\",\"target\":[\"https:\\\/\\\/www.ahmadiyya-islam.org\\\/es\\\/comunicados-de-prensa\\\/entrevista-torstar-canada-2016\\\/\"]}]},{\"@type\":\"ImageObject\",\"inLanguage\":\"es-ES\",\"@id\":\"https:\\\/\\\/www.ahmadiyya-islam.org\\\/es\\\/comunicados-de-prensa\\\/entrevista-torstar-canada-2016\\\/#primaryimage\",\"url\":\"https:\\\/\\\/www.ahmadiyya-islam.org\\\/es\\\/wp-content\\\/uploads\\\/sites\\\/10\\\/2016\\\/10\\\/2016-10-05-Meeting-Honderich-001.jpg\",\"contentUrl\":\"https:\\\/\\\/www.ahmadiyya-islam.org\\\/es\\\/wp-content\\\/uploads\\\/sites\\\/10\\\/2016\\\/10\\\/2016-10-05-Meeting-Honderich-001.jpg\",\"width\":1459,\"height\":1031},{\"@type\":\"BreadcrumbList\",\"@id\":\"https:\\\/\\\/www.ahmadiyya-islam.org\\\/es\\\/comunicados-de-prensa\\\/entrevista-torstar-canada-2016\\\/#breadcrumb\",\"itemListElement\":[{\"@type\":\"ListItem\",\"position\":1,\"name\":\"Home\",\"item\":\"https:\\\/\\\/www.ahmadiyya-islam.org\\\/es\\\/\"},{\"@type\":\"ListItem\",\"position\":2,\"name\":\"\u201cAprovechad el potencial de los refugiados\u201d \u2013 L\u00edder de la Comunidad Musulmana Ahmad\u00eda\"}]},{\"@type\":\"WebSite\",\"@id\":\"https:\\\/\\\/www.ahmadiyya-islam.org\\\/es\\\/#website\",\"url\":\"https:\\\/\\\/www.ahmadiyya-islam.org\\\/es\\\/\",\"name\":\"Comunidad Musulmana Ahmad\u00eda\",\"description\":\"Internacional\",\"publisher\":{\"@id\":\"https:\\\/\\\/www.ahmadiyya-islam.org\\\/es\\\/#organization\"},\"potentialAction\":[{\"@type\":\"SearchAction\",\"target\":{\"@type\":\"EntryPoint\",\"urlTemplate\":\"https:\\\/\\\/www.ahmadiyya-islam.org\\\/es\\\/?s={search_term_string}\"},\"query-input\":{\"@type\":\"PropertyValueSpecification\",\"valueRequired\":true,\"valueName\":\"search_term_string\"}}],\"inLanguage\":\"es-ES\"},{\"@type\":\"Organization\",\"@id\":\"https:\\\/\\\/www.ahmadiyya-islam.org\\\/es\\\/#organization\",\"name\":\"Comunidad Musulmana Ahmad\u00eda\",\"url\":\"https:\\\/\\\/www.ahmadiyya-islam.org\\\/es\\\/\",\"logo\":{\"@type\":\"ImageObject\",\"inLanguage\":\"es-ES\",\"@id\":\"https:\\\/\\\/www.ahmadiyya-islam.org\\\/es\\\/#\\\/schema\\\/logo\\\/image\\\/\",\"url\":\"https:\\\/\\\/www.ahmadiyya-islam.org\\\/es\\\/wp-content\\\/uploads\\\/sites\\\/10\\\/2015\\\/06\\\/alislam-logo.png\",\"contentUrl\":\"https:\\\/\\\/www.ahmadiyya-islam.org\\\/es\\\/wp-content\\\/uploads\\\/sites\\\/10\\\/2015\\\/06\\\/alislam-logo.png\",\"width\":1859,\"height\":1859,\"caption\":\"Comunidad Musulmana Ahmad\u00eda\"},\"image\":{\"@id\":\"https:\\\/\\\/www.ahmadiyya-islam.org\\\/es\\\/#\\\/schema\\\/logo\\\/image\\\/\"}},{\"@type\":\"Person\",\"@id\":\"https:\\\/\\\/www.ahmadiyya-islam.org\\\/es\\\/#\\\/schema\\\/person\\\/f67898763692f1d39d751f0adc0238c1\",\"name\":\"es2tagb\"}]}<\/script>\n<!-- \/ Yoast SEO Premium plugin. -->","yoast_head_json":{"title":"\u201cAprovechad el potencial de los refugiados\u201d \u2013 L\u00edder de la Comunidad Musulmana Ahmad\u00eda","description":"Hazrat Mirza Masrur Ahmad se entrevista con el presidente del peri\u00f3dico canadiense Torstar. El 5 de octubre de 2016, el L\u00edder Mundial de la Comunidad","robots":{"index":"index","follow":"follow","max-snippet":"max-snippet:-1","max-image-preview":"max-image-preview:large","max-video-preview":"max-video-preview:-1"},"canonical":"https:\/\/www.ahmadiyya-islam.org\/es\/comunicados-de-prensa\/entrevista-torstar-canada-2016\/","og_locale":"es_ES","og_type":"article","og_title":"\u201cAprovechad el potencial de los refugiados\u201d \u2013 L\u00edder de la Comunidad Musulmana Ahmad\u00eda","og_description":"Hazrat Mirza Masrur Ahmad se entrevista con el presidente del peri\u00f3dico canadiense Torstar. El 5 de octubre de 2016, el L\u00edder Mundial de la Comunidad","og_url":"https:\/\/www.ahmadiyya-islam.org\/es\/comunicados-de-prensa\/entrevista-torstar-canada-2016\/","og_site_name":"Comunidad Musulmana Ahmad\u00eda","article_published_time":"2016-10-09T10:10:34+00:00","og_image":[{"width":1459,"height":1031,"url":"https:\/\/www.ahmadiyya-islam.org\/es\/wp-content\/uploads\/sites\/10\/2016\/10\/2016-10-05-Meeting-Honderich-001.jpg","type":"image\/jpeg"}],"author":"es2tagb","twitter_card":"summary_large_image","twitter_misc":{"Written by":"es2tagb","Est. reading time":"2 minutes"},"schema":{"@context":"https:\/\/schema.org","@graph":[{"@type":"Article","@id":"https:\/\/www.ahmadiyya-islam.org\/es\/comunicados-de-prensa\/entrevista-torstar-canada-2016\/#article","isPartOf":{"@id":"https:\/\/www.ahmadiyya-islam.org\/es\/comunicados-de-prensa\/entrevista-torstar-canada-2016\/"},"author":{"name":"es2tagb","@id":"https:\/\/www.ahmadiyya-islam.org\/es\/#\/schema\/person\/f67898763692f1d39d751f0adc0238c1"},"headline":"\u201cAprovechad el potencial de los refugiados\u201d \u2013 L\u00edder de la Comunidad Musulmana Ahmad\u00eda","datePublished":"2016-10-09T10:10:34+00:00","mainEntityOfPage":{"@id":"https:\/\/www.ahmadiyya-islam.org\/es\/comunicados-de-prensa\/entrevista-torstar-canada-2016\/"},"wordCount":402,"publisher":{"@id":"https:\/\/www.ahmadiyya-islam.org\/es\/#organization"},"image":{"@id":"https:\/\/www.ahmadiyya-islam.org\/es\/comunicados-de-prensa\/entrevista-torstar-canada-2016\/#primaryimage"},"thumbnailUrl":"https:\/\/www.ahmadiyya-islam.org\/es\/wp-content\/uploads\/sites\/10\/2016\/10\/2016-10-05-Meeting-Honderich-001.jpg","articleSection":["Comunicados de prensa"],"inLanguage":"es-ES"},{"@type":"WebPage","@id":"https:\/\/www.ahmadiyya-islam.org\/es\/comunicados-de-prensa\/entrevista-torstar-canada-2016\/","url":"https:\/\/www.ahmadiyya-islam.org\/es\/comunicados-de-prensa\/entrevista-torstar-canada-2016\/","name":"\u201cAprovechad el potencial de los refugiados\u201d \u2013 L\u00edder de la Comunidad Musulmana Ahmad\u00eda","isPartOf":{"@id":"https:\/\/www.ahmadiyya-islam.org\/es\/#website"},"primaryImageOfPage":{"@id":"https:\/\/www.ahmadiyya-islam.org\/es\/comunicados-de-prensa\/entrevista-torstar-canada-2016\/#primaryimage"},"image":{"@id":"https:\/\/www.ahmadiyya-islam.org\/es\/comunicados-de-prensa\/entrevista-torstar-canada-2016\/#primaryimage"},"thumbnailUrl":"https:\/\/www.ahmadiyya-islam.org\/es\/wp-content\/uploads\/sites\/10\/2016\/10\/2016-10-05-Meeting-Honderich-001.jpg","datePublished":"2016-10-09T10:10:34+00:00","description":"Hazrat Mirza Masrur Ahmad se entrevista con el presidente del peri\u00f3dico canadiense Torstar. El 5 de octubre de 2016, el L\u00edder Mundial de la Comunidad","breadcrumb":{"@id":"https:\/\/www.ahmadiyya-islam.org\/es\/comunicados-de-prensa\/entrevista-torstar-canada-2016\/#breadcrumb"},"inLanguage":"es-ES","potentialAction":[{"@type":"ReadAction","target":["https:\/\/www.ahmadiyya-islam.org\/es\/comunicados-de-prensa\/entrevista-torstar-canada-2016\/"]}]},{"@type":"ImageObject","inLanguage":"es-ES","@id":"https:\/\/www.ahmadiyya-islam.org\/es\/comunicados-de-prensa\/entrevista-torstar-canada-2016\/#primaryimage","url":"https:\/\/www.ahmadiyya-islam.org\/es\/wp-content\/uploads\/sites\/10\/2016\/10\/2016-10-05-Meeting-Honderich-001.jpg","contentUrl":"https:\/\/www.ahmadiyya-islam.org\/es\/wp-content\/uploads\/sites\/10\/2016\/10\/2016-10-05-Meeting-Honderich-001.jpg","width":1459,"height":1031},{"@type":"BreadcrumbList","@id":"https:\/\/www.ahmadiyya-islam.org\/es\/comunicados-de-prensa\/entrevista-torstar-canada-2016\/#breadcrumb","itemListElement":[{"@type":"ListItem","position":1,"name":"Home","item":"https:\/\/www.ahmadiyya-islam.org\/es\/"},{"@type":"ListItem","position":2,"name":"\u201cAprovechad el potencial de los refugiados\u201d \u2013 L\u00edder de la Comunidad Musulmana Ahmad\u00eda"}]},{"@type":"WebSite","@id":"https:\/\/www.ahmadiyya-islam.org\/es\/#website","url":"https:\/\/www.ahmadiyya-islam.org\/es\/","name":"Comunidad Musulmana Ahmad\u00eda","description":"Internacional","publisher":{"@id":"https:\/\/www.ahmadiyya-islam.org\/es\/#organization"},"potentialAction":[{"@type":"SearchAction","target":{"@type":"EntryPoint","urlTemplate":"https:\/\/www.ahmadiyya-islam.org\/es\/?s={search_term_string}"},"query-input":{"@type":"PropertyValueSpecification","valueRequired":true,"valueName":"search_term_string"}}],"inLanguage":"es-ES"},{"@type":"Organization","@id":"https:\/\/www.ahmadiyya-islam.org\/es\/#organization","name":"Comunidad Musulmana Ahmad\u00eda","url":"https:\/\/www.ahmadiyya-islam.org\/es\/","logo":{"@type":"ImageObject","inLanguage":"es-ES","@id":"https:\/\/www.ahmadiyya-islam.org\/es\/#\/schema\/logo\/image\/","url":"https:\/\/www.ahmadiyya-islam.org\/es\/wp-content\/uploads\/sites\/10\/2015\/06\/alislam-logo.png","contentUrl":"https:\/\/www.ahmadiyya-islam.org\/es\/wp-content\/uploads\/sites\/10\/2015\/06\/alislam-logo.png","width":1859,"height":1859,"caption":"Comunidad Musulmana Ahmad\u00eda"},"image":{"@id":"https:\/\/www.ahmadiyya-islam.org\/es\/#\/schema\/logo\/image\/"}},{"@type":"Person","@id":"https:\/\/www.ahmadiyya-islam.org\/es\/#\/schema\/person\/f67898763692f1d39d751f0adc0238c1","name":"es2tagb"}]}},"_links":{"self":[{"href":"https:\/\/www.ahmadiyya-islam.org\/es\/wp-json\/wp\/v2\/posts\/3037","targetHints":{"allow":["GET"]}}],"collection":[{"href":"https:\/\/www.ahmadiyya-islam.org\/es\/wp-json\/wp\/v2\/posts"}],"about":[{"href":"https:\/\/www.ahmadiyya-islam.org\/es\/wp-json\/wp\/v2\/types\/post"}],"author":[{"embeddable":true,"href":"https:\/\/www.ahmadiyya-islam.org\/es\/wp-json\/wp\/v2\/users\/29"}],"replies":[{"embeddable":true,"href":"https:\/\/www.ahmadiyya-islam.org\/es\/wp-json\/wp\/v2\/comments?post=3037"}],"version-history":[{"count":0,"href":"https:\/\/www.ahmadiyya-islam.org\/es\/wp-json\/wp\/v2\/posts\/3037\/revisions"}],"wp:featuredmedia":[{"embeddable":true,"href":"https:\/\/www.ahmadiyya-islam.org\/es\/wp-json\/wp\/v2\/media\/3038"}],"wp:attachment":[{"href":"https:\/\/www.ahmadiyya-islam.org\/es\/wp-json\/wp\/v2\/media?parent=3037"}],"wp:term":[{"taxonomy":"category","embeddable":true,"href":"https:\/\/www.ahmadiyya-islam.org\/es\/wp-json\/wp\/v2\/categories?post=3037"},{"taxonomy":"post_tag","embeddable":true,"href":"https:\/\/www.ahmadiyya-islam.org\/es\/wp-json\/wp\/v2\/tags?post=3037"},{"taxonomy":"authors","embeddable":true,"href":"https:\/\/www.ahmadiyya-islam.org\/es\/wp-json\/wp\/v2\/authors?post=3037"},{"taxonomy":"content_source","embeddable":true,"href":"https:\/\/www.ahmadiyya-islam.org\/es\/wp-json\/wp\/v2\/content_source?post=3037"}],"curies":[{"name":"wp","href":"https:\/\/api.w.org\/{rel}","templated":true}]}}