{"id":3027,"date":"2016-10-04T20:49:22","date_gmt":"2016-10-04T20:49:22","guid":{"rendered":"http:\/\/www.ahmadiyya-islam.org\/es\/?p=3027"},"modified":"2016-10-04T20:50:07","modified_gmt":"2016-10-04T20:50:07","slug":"llegada-canada-2016","status":"publish","type":"post","link":"https:\/\/www.ahmadiyya-islam.org\/es\/comunicados-de-prensa\/llegada-canada-2016\/","title":{"rendered":"El l\u00edder de la Comunidad Musulmana Ahmad\u00eda llega a Canad\u00e1"},"content":{"rendered":"<p><strong>Miles de musulmanes \u00e1hmadis dan una emotiva bienvenida a Su Santidad, Hazrat Mirza Masrur Ahmad a su llegada a Peace Village<\/strong><\/p>\n<p>El 3 de octubre de 2016, el L\u00edder Mundial de la Comunidad Musulmana Ahmad\u00eda, el Quinto Jalifa, Su Santidad, Hazrat Mirza Masrur Ahmad lleg\u00f3 a Canad\u00e1, donde fue recibido por miles de musulmanes \u00e1hmadis al llegar a Peace Village, Vaughan, donde regresa despu\u00e9s de un periodo de m\u00e1s de 4 a\u00f1os.<\/p>\n<p>Su Santidad fue recibido en el aeropuerto de Toronto por el Presidente Nacional de la Comunidad Musulmana Ahmad\u00eda en Canad\u00e1, Mr Lal Khan Malik y por una delegaci\u00f3n que acompa\u00f1\u00f3 a Su Santidad hasta la mezquita Baitul Islam en Peace Village, la sede nacional de la Comunidad Musulmana Ahmad\u00eda en Canad\u00e1.<\/p>\n<p><a href=\"http:\/\/www.ahmadiyya-islam.org\/es\/wp-content\/uploads\/sites\/10\/2016\/10\/2016-10-03-CA-Arrival-002.jpg\"><img loading=\"lazy\" decoding=\"async\" class=\"size-full wp-image-3029 aligncenter\" src=\"http:\/\/www.ahmadiyya-islam.org\/es\/wp-content\/uploads\/sites\/10\/2016\/10\/2016-10-03-CA-Arrival-002.jpg\" alt=\"2016-10-03-ca-arrival-002\" width=\"993\" height=\"548\" srcset=\"https:\/\/www.ahmadiyya-islam.org\/es\/wp-content\/uploads\/sites\/10\/2016\/10\/2016-10-03-CA-Arrival-002.jpg 993w, https:\/\/www.ahmadiyya-islam.org\/es\/wp-content\/uploads\/sites\/10\/2016\/10\/2016-10-03-CA-Arrival-002-300x166.jpg 300w, https:\/\/www.ahmadiyya-islam.org\/es\/wp-content\/uploads\/sites\/10\/2016\/10\/2016-10-03-CA-Arrival-002-768x424.jpg 768w\" sizes=\"auto, (max-width: 993px) 100vw, 993px\" \/><\/a><\/p>\n<p>A su llegada a Peace Village, fue recibido por miles de musulmanes \u00e1hmadis, que mostraron su alegr\u00eda y afecto y expresaron su gratitud a Al-lah el Todopoderoso.<\/p>\n<p>Su Santidad tambi\u00e9n fue recibido por el alcalde de Vaughan, el Hon. Maurizio Bevilacqua, el ministro de transporte, el Hon. Steven Del Duca y el miembro del parlamento nacional, el Hon. Deb Schulte.<\/p>\n<p><a href=\"http:\/\/www.ahmadiyya-islam.org\/es\/wp-content\/uploads\/sites\/10\/2016\/10\/2016-10-03-CA-Arrival-003.jpg\"><img loading=\"lazy\" decoding=\"async\" class=\"size-full wp-image-3030 aligncenter\" src=\"http:\/\/www.ahmadiyya-islam.org\/es\/wp-content\/uploads\/sites\/10\/2016\/10\/2016-10-03-CA-Arrival-003.jpg\" alt=\"2016-10-03-ca-arrival-003\" width=\"911\" height=\"547\" srcset=\"https:\/\/www.ahmadiyya-islam.org\/es\/wp-content\/uploads\/sites\/10\/2016\/10\/2016-10-03-CA-Arrival-003.jpg 911w, https:\/\/www.ahmadiyya-islam.org\/es\/wp-content\/uploads\/sites\/10\/2016\/10\/2016-10-03-CA-Arrival-003-300x180.jpg 300w, https:\/\/www.ahmadiyya-islam.org\/es\/wp-content\/uploads\/sites\/10\/2016\/10\/2016-10-03-CA-Arrival-003-768x461.jpg 768w\" sizes=\"auto, (max-width: 911px) 100vw, 911px\" \/><\/a><\/p>\n<p>Poco despu\u00e9s de su llegada, Su Santidad dirigi\u00f3 las oraciones de Zuhr y Asr en la mezquita de Baitul Islam.<\/p>\n<p><a href=\"http:\/\/www.ahmadiyya-islam.org\/es\/wp-content\/uploads\/sites\/10\/2016\/10\/2016-10-03-CA-Arrival-004.jpg\"><img loading=\"lazy\" decoding=\"async\" class=\"size-full wp-image-3031 aligncenter\" src=\"http:\/\/www.ahmadiyya-islam.org\/es\/wp-content\/uploads\/sites\/10\/2016\/10\/2016-10-03-CA-Arrival-004.jpg\" alt=\"2016-10-03-ca-arrival-004\" width=\"911\" height=\"543\" srcset=\"https:\/\/www.ahmadiyya-islam.org\/es\/wp-content\/uploads\/sites\/10\/2016\/10\/2016-10-03-CA-Arrival-004.jpg 911w, https:\/\/www.ahmadiyya-islam.org\/es\/wp-content\/uploads\/sites\/10\/2016\/10\/2016-10-03-CA-Arrival-004-300x179.jpg 300w, https:\/\/www.ahmadiyya-islam.org\/es\/wp-content\/uploads\/sites\/10\/2016\/10\/2016-10-03-CA-Arrival-004-768x458.jpg 768w\" sizes=\"auto, (max-width: 911px) 100vw, 911px\" \/><\/a><\/p>\n<p>Su Santidad ha viajado desde Londres para participar en la 40\u00aa Convenci\u00f3n Anual (Yalsa Salana) de la Comunidad Musulmana Ahmad\u00eda, que tendr\u00e1 lugar del 7 al 9 de octubre en Mississauga.<\/p>\n<p><a href=\"http:\/\/www.ahmadiyya-islam.org\/es\/wp-content\/uploads\/sites\/10\/2016\/10\/2016-10-03-CA-Arrival-005.jpg\"><img loading=\"lazy\" decoding=\"async\" class=\"size-full wp-image-3032 aligncenter\" src=\"http:\/\/www.ahmadiyya-islam.org\/es\/wp-content\/uploads\/sites\/10\/2016\/10\/2016-10-03-CA-Arrival-005.jpg\" alt=\"2016-10-03-ca-arrival-005\" width=\"866\" height=\"577\" srcset=\"https:\/\/www.ahmadiyya-islam.org\/es\/wp-content\/uploads\/sites\/10\/2016\/10\/2016-10-03-CA-Arrival-005.jpg 866w, https:\/\/www.ahmadiyya-islam.org\/es\/wp-content\/uploads\/sites\/10\/2016\/10\/2016-10-03-CA-Arrival-005-300x200.jpg 300w, https:\/\/www.ahmadiyya-islam.org\/es\/wp-content\/uploads\/sites\/10\/2016\/10\/2016-10-03-CA-Arrival-005-768x512.jpg 768w\" sizes=\"auto, (max-width: 866px) 100vw, 866px\" \/><\/a><\/p>\n<p><a href=\"http:\/\/www.ahmadiyya-islam.org\/es\/wp-content\/uploads\/sites\/10\/2016\/10\/2016-10-03-CA-Arrival-006.jpg\"><img loading=\"lazy\" decoding=\"async\" class=\"size-full wp-image-3033 aligncenter\" src=\"http:\/\/www.ahmadiyya-islam.org\/es\/wp-content\/uploads\/sites\/10\/2016\/10\/2016-10-03-CA-Arrival-006.jpg\" alt=\"2016-10-03-ca-arrival-006\" width=\"884\" height=\"573\" srcset=\"https:\/\/www.ahmadiyya-islam.org\/es\/wp-content\/uploads\/sites\/10\/2016\/10\/2016-10-03-CA-Arrival-006.jpg 884w, https:\/\/www.ahmadiyya-islam.org\/es\/wp-content\/uploads\/sites\/10\/2016\/10\/2016-10-03-CA-Arrival-006-300x194.jpg 300w, https:\/\/www.ahmadiyya-islam.org\/es\/wp-content\/uploads\/sites\/10\/2016\/10\/2016-10-03-CA-Arrival-006-768x498.jpg 768w\" sizes=\"auto, (max-width: 884px) 100vw, 884px\" \/><\/a><\/p>\n<p>Su visita tambi\u00e9n coincide con el 50 aniversario de la Comunidad Musulmana Ahmad\u00eda en Canad\u00e1.<\/p>\n","protected":false},"excerpt":{"rendered":"<p>Miles de musulmanes \u00e1hmadis dan una emotiva bienvenida a Su Santidad, Hazrat Mirza Masrur Ahmad a su llegada a Peace Village El 3 de octubre de 2016, el L\u00edder Mundial de la Comunidad Musulmana Ahmad\u00eda, el Quinto Jalifa, Su Santidad, Hazrat Mirza Masrur Ahmad lleg\u00f3 a Canad\u00e1, donde fue recibido por miles de musulmanes \u00e1hmadis<\/p>\n","protected":false},"author":29,"featured_media":3028,"comment_status":"closed","ping_status":"closed","sticky":false,"template":"","format":"standard","meta":{"_acf_changed":false,"footnotes":""},"categories":[1],"tags":[],"authors":[],"content_source":[],"class_list":["post-3027","post","type-post","status-publish","format-standard","has-post-thumbnail","hentry","category-comunicados-de-prensa"],"acf":[],"yoast_head":"<!-- This site is optimized with the Yoast SEO Premium plugin v21.1 (Yoast SEO v27.4) - https:\/\/yoast.com\/product\/yoast-seo-premium-wordpress\/ -->\n<title>El l\u00edder de la Comunidad Musulmana Ahmad\u00eda llega a Canad\u00e1<\/title>\n<meta name=\"description\" content=\"Miles de musulmanes \u00e1hmadis dan una emotiva bienvenida a Su Santidad, Hazrat Mirza Masrur Ahmad a su llegada a Peace Village El 3 de octubre de 2016, el\" \/>\n<meta name=\"robots\" content=\"index, follow, max-snippet:-1, max-image-preview:large, max-video-preview:-1\" \/>\n<link rel=\"canonical\" href=\"https:\/\/www.ahmadiyya-islam.org\/es\/comunicados-de-prensa\/llegada-canada-2016\/\" \/>\n<meta property=\"og:locale\" content=\"es_ES\" \/>\n<meta property=\"og:type\" content=\"article\" \/>\n<meta property=\"og:title\" content=\"El l\u00edder de la Comunidad Musulmana Ahmad\u00eda llega a Canad\u00e1\" \/>\n<meta property=\"og:description\" content=\"Miles de musulmanes \u00e1hmadis dan una emotiva bienvenida a Su Santidad, Hazrat Mirza Masrur Ahmad a su llegada a Peace Village El 3 de octubre de 2016, el\" \/>\n<meta property=\"og:url\" content=\"https:\/\/www.ahmadiyya-islam.org\/es\/comunicados-de-prensa\/llegada-canada-2016\/\" \/>\n<meta property=\"og:site_name\" content=\"Comunidad Musulmana Ahmad\u00eda\" \/>\n<meta property=\"article:published_time\" content=\"2016-10-04T20:49:22+00:00\" \/>\n<meta property=\"article:modified_time\" content=\"2016-10-04T20:50:07+00:00\" \/>\n<meta property=\"og:image\" content=\"https:\/\/www.ahmadiyya-islam.org\/es\/wp-content\/uploads\/sites\/10\/2016\/10\/2016-10-03-CA-Arrival-001.jpg\" \/>\n\t<meta property=\"og:image:width\" content=\"993\" \/>\n\t<meta property=\"og:image:height\" content=\"486\" \/>\n\t<meta property=\"og:image:type\" content=\"image\/jpeg\" \/>\n<meta name=\"author\" content=\"es2tagb\" \/>\n<meta name=\"twitter:card\" content=\"summary_large_image\" \/>\n<meta name=\"twitter:label1\" content=\"Written by\" \/>\n\t<meta name=\"twitter:data1\" content=\"es2tagb\" \/>\n\t<meta name=\"twitter:label2\" content=\"Est. reading time\" \/>\n\t<meta name=\"twitter:data2\" content=\"1 minute\" \/>\n<script type=\"application\/ld+json\" class=\"yoast-schema-graph\">{\"@context\":\"https:\\\/\\\/schema.org\",\"@graph\":[{\"@type\":\"Article\",\"@id\":\"https:\\\/\\\/www.ahmadiyya-islam.org\\\/es\\\/comunicados-de-prensa\\\/llegada-canada-2016\\\/#article\",\"isPartOf\":{\"@id\":\"https:\\\/\\\/www.ahmadiyya-islam.org\\\/es\\\/comunicados-de-prensa\\\/llegada-canada-2016\\\/\"},\"author\":{\"name\":\"es2tagb\",\"@id\":\"https:\\\/\\\/www.ahmadiyya-islam.org\\\/es\\\/#\\\/schema\\\/person\\\/f67898763692f1d39d751f0adc0238c1\"},\"headline\":\"El l\u00edder de la Comunidad Musulmana Ahmad\u00eda llega a Canad\u00e1\",\"datePublished\":\"2016-10-04T20:49:22+00:00\",\"dateModified\":\"2016-10-04T20:50:07+00:00\",\"mainEntityOfPage\":{\"@id\":\"https:\\\/\\\/www.ahmadiyya-islam.org\\\/es\\\/comunicados-de-prensa\\\/llegada-canada-2016\\\/\"},\"wordCount\":269,\"publisher\":{\"@id\":\"https:\\\/\\\/www.ahmadiyya-islam.org\\\/es\\\/#organization\"},\"image\":{\"@id\":\"https:\\\/\\\/www.ahmadiyya-islam.org\\\/es\\\/comunicados-de-prensa\\\/llegada-canada-2016\\\/#primaryimage\"},\"thumbnailUrl\":\"https:\\\/\\\/www.ahmadiyya-islam.org\\\/es\\\/wp-content\\\/uploads\\\/sites\\\/10\\\/2016\\\/10\\\/2016-10-03-CA-Arrival-001.jpg\",\"articleSection\":[\"Comunicados de prensa\"],\"inLanguage\":\"es-ES\"},{\"@type\":\"WebPage\",\"@id\":\"https:\\\/\\\/www.ahmadiyya-islam.org\\\/es\\\/comunicados-de-prensa\\\/llegada-canada-2016\\\/\",\"url\":\"https:\\\/\\\/www.ahmadiyya-islam.org\\\/es\\\/comunicados-de-prensa\\\/llegada-canada-2016\\\/\",\"name\":\"El l\u00edder de la Comunidad Musulmana Ahmad\u00eda llega a Canad\u00e1\",\"isPartOf\":{\"@id\":\"https:\\\/\\\/www.ahmadiyya-islam.org\\\/es\\\/#website\"},\"primaryImageOfPage\":{\"@id\":\"https:\\\/\\\/www.ahmadiyya-islam.org\\\/es\\\/comunicados-de-prensa\\\/llegada-canada-2016\\\/#primaryimage\"},\"image\":{\"@id\":\"https:\\\/\\\/www.ahmadiyya-islam.org\\\/es\\\/comunicados-de-prensa\\\/llegada-canada-2016\\\/#primaryimage\"},\"thumbnailUrl\":\"https:\\\/\\\/www.ahmadiyya-islam.org\\\/es\\\/wp-content\\\/uploads\\\/sites\\\/10\\\/2016\\\/10\\\/2016-10-03-CA-Arrival-001.jpg\",\"datePublished\":\"2016-10-04T20:49:22+00:00\",\"dateModified\":\"2016-10-04T20:50:07+00:00\",\"description\":\"Miles de musulmanes \u00e1hmadis dan una emotiva bienvenida a Su Santidad, Hazrat Mirza Masrur Ahmad a su llegada a Peace Village El 3 de octubre de 2016, el\",\"breadcrumb\":{\"@id\":\"https:\\\/\\\/www.ahmadiyya-islam.org\\\/es\\\/comunicados-de-prensa\\\/llegada-canada-2016\\\/#breadcrumb\"},\"inLanguage\":\"es-ES\",\"potentialAction\":[{\"@type\":\"ReadAction\",\"target\":[\"https:\\\/\\\/www.ahmadiyya-islam.org\\\/es\\\/comunicados-de-prensa\\\/llegada-canada-2016\\\/\"]}]},{\"@type\":\"ImageObject\",\"inLanguage\":\"es-ES\",\"@id\":\"https:\\\/\\\/www.ahmadiyya-islam.org\\\/es\\\/comunicados-de-prensa\\\/llegada-canada-2016\\\/#primaryimage\",\"url\":\"https:\\\/\\\/www.ahmadiyya-islam.org\\\/es\\\/wp-content\\\/uploads\\\/sites\\\/10\\\/2016\\\/10\\\/2016-10-03-CA-Arrival-001.jpg\",\"contentUrl\":\"https:\\\/\\\/www.ahmadiyya-islam.org\\\/es\\\/wp-content\\\/uploads\\\/sites\\\/10\\\/2016\\\/10\\\/2016-10-03-CA-Arrival-001.jpg\",\"width\":993,\"height\":486},{\"@type\":\"BreadcrumbList\",\"@id\":\"https:\\\/\\\/www.ahmadiyya-islam.org\\\/es\\\/comunicados-de-prensa\\\/llegada-canada-2016\\\/#breadcrumb\",\"itemListElement\":[{\"@type\":\"ListItem\",\"position\":1,\"name\":\"Home\",\"item\":\"https:\\\/\\\/www.ahmadiyya-islam.org\\\/es\\\/\"},{\"@type\":\"ListItem\",\"position\":2,\"name\":\"El l\u00edder de la Comunidad Musulmana Ahmad\u00eda llega a Canad\u00e1\"}]},{\"@type\":\"WebSite\",\"@id\":\"https:\\\/\\\/www.ahmadiyya-islam.org\\\/es\\\/#website\",\"url\":\"https:\\\/\\\/www.ahmadiyya-islam.org\\\/es\\\/\",\"name\":\"Comunidad Musulmana Ahmad\u00eda\",\"description\":\"Internacional\",\"publisher\":{\"@id\":\"https:\\\/\\\/www.ahmadiyya-islam.org\\\/es\\\/#organization\"},\"potentialAction\":[{\"@type\":\"SearchAction\",\"target\":{\"@type\":\"EntryPoint\",\"urlTemplate\":\"https:\\\/\\\/www.ahmadiyya-islam.org\\\/es\\\/?s={search_term_string}\"},\"query-input\":{\"@type\":\"PropertyValueSpecification\",\"valueRequired\":true,\"valueName\":\"search_term_string\"}}],\"inLanguage\":\"es-ES\"},{\"@type\":\"Organization\",\"@id\":\"https:\\\/\\\/www.ahmadiyya-islam.org\\\/es\\\/#organization\",\"name\":\"Comunidad Musulmana Ahmad\u00eda\",\"url\":\"https:\\\/\\\/www.ahmadiyya-islam.org\\\/es\\\/\",\"logo\":{\"@type\":\"ImageObject\",\"inLanguage\":\"es-ES\",\"@id\":\"https:\\\/\\\/www.ahmadiyya-islam.org\\\/es\\\/#\\\/schema\\\/logo\\\/image\\\/\",\"url\":\"https:\\\/\\\/www.ahmadiyya-islam.org\\\/es\\\/wp-content\\\/uploads\\\/sites\\\/10\\\/2015\\\/06\\\/alislam-logo.png\",\"contentUrl\":\"https:\\\/\\\/www.ahmadiyya-islam.org\\\/es\\\/wp-content\\\/uploads\\\/sites\\\/10\\\/2015\\\/06\\\/alislam-logo.png\",\"width\":1859,\"height\":1859,\"caption\":\"Comunidad Musulmana Ahmad\u00eda\"},\"image\":{\"@id\":\"https:\\\/\\\/www.ahmadiyya-islam.org\\\/es\\\/#\\\/schema\\\/logo\\\/image\\\/\"}},{\"@type\":\"Person\",\"@id\":\"https:\\\/\\\/www.ahmadiyya-islam.org\\\/es\\\/#\\\/schema\\\/person\\\/f67898763692f1d39d751f0adc0238c1\",\"name\":\"es2tagb\"}]}<\/script>\n<!-- \/ Yoast SEO Premium plugin. -->","yoast_head_json":{"title":"El l\u00edder de la Comunidad Musulmana Ahmad\u00eda llega a Canad\u00e1","description":"Miles de musulmanes \u00e1hmadis dan una emotiva bienvenida a Su Santidad, Hazrat Mirza Masrur Ahmad a su llegada a Peace Village El 3 de octubre de 2016, el","robots":{"index":"index","follow":"follow","max-snippet":"max-snippet:-1","max-image-preview":"max-image-preview:large","max-video-preview":"max-video-preview:-1"},"canonical":"https:\/\/www.ahmadiyya-islam.org\/es\/comunicados-de-prensa\/llegada-canada-2016\/","og_locale":"es_ES","og_type":"article","og_title":"El l\u00edder de la Comunidad Musulmana Ahmad\u00eda llega a Canad\u00e1","og_description":"Miles de musulmanes \u00e1hmadis dan una emotiva bienvenida a Su Santidad, Hazrat Mirza Masrur Ahmad a su llegada a Peace Village El 3 de octubre de 2016, el","og_url":"https:\/\/www.ahmadiyya-islam.org\/es\/comunicados-de-prensa\/llegada-canada-2016\/","og_site_name":"Comunidad Musulmana Ahmad\u00eda","article_published_time":"2016-10-04T20:49:22+00:00","article_modified_time":"2016-10-04T20:50:07+00:00","og_image":[{"width":993,"height":486,"url":"https:\/\/www.ahmadiyya-islam.org\/es\/wp-content\/uploads\/sites\/10\/2016\/10\/2016-10-03-CA-Arrival-001.jpg","type":"image\/jpeg"}],"author":"es2tagb","twitter_card":"summary_large_image","twitter_misc":{"Written by":"es2tagb","Est. reading time":"1 minute"},"schema":{"@context":"https:\/\/schema.org","@graph":[{"@type":"Article","@id":"https:\/\/www.ahmadiyya-islam.org\/es\/comunicados-de-prensa\/llegada-canada-2016\/#article","isPartOf":{"@id":"https:\/\/www.ahmadiyya-islam.org\/es\/comunicados-de-prensa\/llegada-canada-2016\/"},"author":{"name":"es2tagb","@id":"https:\/\/www.ahmadiyya-islam.org\/es\/#\/schema\/person\/f67898763692f1d39d751f0adc0238c1"},"headline":"El l\u00edder de la Comunidad Musulmana Ahmad\u00eda llega a Canad\u00e1","datePublished":"2016-10-04T20:49:22+00:00","dateModified":"2016-10-04T20:50:07+00:00","mainEntityOfPage":{"@id":"https:\/\/www.ahmadiyya-islam.org\/es\/comunicados-de-prensa\/llegada-canada-2016\/"},"wordCount":269,"publisher":{"@id":"https:\/\/www.ahmadiyya-islam.org\/es\/#organization"},"image":{"@id":"https:\/\/www.ahmadiyya-islam.org\/es\/comunicados-de-prensa\/llegada-canada-2016\/#primaryimage"},"thumbnailUrl":"https:\/\/www.ahmadiyya-islam.org\/es\/wp-content\/uploads\/sites\/10\/2016\/10\/2016-10-03-CA-Arrival-001.jpg","articleSection":["Comunicados de prensa"],"inLanguage":"es-ES"},{"@type":"WebPage","@id":"https:\/\/www.ahmadiyya-islam.org\/es\/comunicados-de-prensa\/llegada-canada-2016\/","url":"https:\/\/www.ahmadiyya-islam.org\/es\/comunicados-de-prensa\/llegada-canada-2016\/","name":"El l\u00edder de la Comunidad Musulmana Ahmad\u00eda llega a Canad\u00e1","isPartOf":{"@id":"https:\/\/www.ahmadiyya-islam.org\/es\/#website"},"primaryImageOfPage":{"@id":"https:\/\/www.ahmadiyya-islam.org\/es\/comunicados-de-prensa\/llegada-canada-2016\/#primaryimage"},"image":{"@id":"https:\/\/www.ahmadiyya-islam.org\/es\/comunicados-de-prensa\/llegada-canada-2016\/#primaryimage"},"thumbnailUrl":"https:\/\/www.ahmadiyya-islam.org\/es\/wp-content\/uploads\/sites\/10\/2016\/10\/2016-10-03-CA-Arrival-001.jpg","datePublished":"2016-10-04T20:49:22+00:00","dateModified":"2016-10-04T20:50:07+00:00","description":"Miles de musulmanes \u00e1hmadis dan una emotiva bienvenida a Su Santidad, Hazrat Mirza Masrur Ahmad a su llegada a Peace Village El 3 de octubre de 2016, el","breadcrumb":{"@id":"https:\/\/www.ahmadiyya-islam.org\/es\/comunicados-de-prensa\/llegada-canada-2016\/#breadcrumb"},"inLanguage":"es-ES","potentialAction":[{"@type":"ReadAction","target":["https:\/\/www.ahmadiyya-islam.org\/es\/comunicados-de-prensa\/llegada-canada-2016\/"]}]},{"@type":"ImageObject","inLanguage":"es-ES","@id":"https:\/\/www.ahmadiyya-islam.org\/es\/comunicados-de-prensa\/llegada-canada-2016\/#primaryimage","url":"https:\/\/www.ahmadiyya-islam.org\/es\/wp-content\/uploads\/sites\/10\/2016\/10\/2016-10-03-CA-Arrival-001.jpg","contentUrl":"https:\/\/www.ahmadiyya-islam.org\/es\/wp-content\/uploads\/sites\/10\/2016\/10\/2016-10-03-CA-Arrival-001.jpg","width":993,"height":486},{"@type":"BreadcrumbList","@id":"https:\/\/www.ahmadiyya-islam.org\/es\/comunicados-de-prensa\/llegada-canada-2016\/#breadcrumb","itemListElement":[{"@type":"ListItem","position":1,"name":"Home","item":"https:\/\/www.ahmadiyya-islam.org\/es\/"},{"@type":"ListItem","position":2,"name":"El l\u00edder de la Comunidad Musulmana Ahmad\u00eda llega a Canad\u00e1"}]},{"@type":"WebSite","@id":"https:\/\/www.ahmadiyya-islam.org\/es\/#website","url":"https:\/\/www.ahmadiyya-islam.org\/es\/","name":"Comunidad Musulmana Ahmad\u00eda","description":"Internacional","publisher":{"@id":"https:\/\/www.ahmadiyya-islam.org\/es\/#organization"},"potentialAction":[{"@type":"SearchAction","target":{"@type":"EntryPoint","urlTemplate":"https:\/\/www.ahmadiyya-islam.org\/es\/?s={search_term_string}"},"query-input":{"@type":"PropertyValueSpecification","valueRequired":true,"valueName":"search_term_string"}}],"inLanguage":"es-ES"},{"@type":"Organization","@id":"https:\/\/www.ahmadiyya-islam.org\/es\/#organization","name":"Comunidad Musulmana Ahmad\u00eda","url":"https:\/\/www.ahmadiyya-islam.org\/es\/","logo":{"@type":"ImageObject","inLanguage":"es-ES","@id":"https:\/\/www.ahmadiyya-islam.org\/es\/#\/schema\/logo\/image\/","url":"https:\/\/www.ahmadiyya-islam.org\/es\/wp-content\/uploads\/sites\/10\/2015\/06\/alislam-logo.png","contentUrl":"https:\/\/www.ahmadiyya-islam.org\/es\/wp-content\/uploads\/sites\/10\/2015\/06\/alislam-logo.png","width":1859,"height":1859,"caption":"Comunidad Musulmana Ahmad\u00eda"},"image":{"@id":"https:\/\/www.ahmadiyya-islam.org\/es\/#\/schema\/logo\/image\/"}},{"@type":"Person","@id":"https:\/\/www.ahmadiyya-islam.org\/es\/#\/schema\/person\/f67898763692f1d39d751f0adc0238c1","name":"es2tagb"}]}},"_links":{"self":[{"href":"https:\/\/www.ahmadiyya-islam.org\/es\/wp-json\/wp\/v2\/posts\/3027","targetHints":{"allow":["GET"]}}],"collection":[{"href":"https:\/\/www.ahmadiyya-islam.org\/es\/wp-json\/wp\/v2\/posts"}],"about":[{"href":"https:\/\/www.ahmadiyya-islam.org\/es\/wp-json\/wp\/v2\/types\/post"}],"author":[{"embeddable":true,"href":"https:\/\/www.ahmadiyya-islam.org\/es\/wp-json\/wp\/v2\/users\/29"}],"replies":[{"embeddable":true,"href":"https:\/\/www.ahmadiyya-islam.org\/es\/wp-json\/wp\/v2\/comments?post=3027"}],"version-history":[{"count":0,"href":"https:\/\/www.ahmadiyya-islam.org\/es\/wp-json\/wp\/v2\/posts\/3027\/revisions"}],"wp:featuredmedia":[{"embeddable":true,"href":"https:\/\/www.ahmadiyya-islam.org\/es\/wp-json\/wp\/v2\/media\/3028"}],"wp:attachment":[{"href":"https:\/\/www.ahmadiyya-islam.org\/es\/wp-json\/wp\/v2\/media?parent=3027"}],"wp:term":[{"taxonomy":"category","embeddable":true,"href":"https:\/\/www.ahmadiyya-islam.org\/es\/wp-json\/wp\/v2\/categories?post=3027"},{"taxonomy":"post_tag","embeddable":true,"href":"https:\/\/www.ahmadiyya-islam.org\/es\/wp-json\/wp\/v2\/tags?post=3027"},{"taxonomy":"authors","embeddable":true,"href":"https:\/\/www.ahmadiyya-islam.org\/es\/wp-json\/wp\/v2\/authors?post=3027"},{"taxonomy":"content_source","embeddable":true,"href":"https:\/\/www.ahmadiyya-islam.org\/es\/wp-json\/wp\/v2\/content_source?post=3027"}],"curies":[{"name":"wp","href":"https:\/\/api.w.org\/{rel}","templated":true}]}}