{"id":2937,"date":"2016-09-11T10:42:00","date_gmt":"2016-09-11T10:42:00","guid":{"rendered":"http:\/\/www.ahmadiyya-islam.org\/es\/?p=2937"},"modified":"2016-09-11T10:42:00","modified_gmt":"2016-09-11T10:42:00","slug":"yalsa-alemania-dia2-2016","status":"publish","type":"post","link":"https:\/\/www.ahmadiyya-islam.org\/es\/comunicados-de-prensa\/yalsa-alemania-dia2-2016\/","title":{"rendered":"El L\u00edder Mundial de la Comunidad Musulmana Ahmad\u00eda habla sobre los riesgos de la crisis de refugiados y el aumento de la extrema derecha en Europa"},"content":{"rendered":"<p><strong>Hazrat Mirza Masrur Ahmad se dirige a los invitados no \u00e1hmadis y a las mujeres en el segundo d\u00eda del Yalsa Salana de Alemania<\/strong><\/p>\n<p>El s\u00e1bado 3 de septiembre de 2016, el L\u00edder Mundial de la Comunidad Musulmana Ahmad\u00eda, el Quinto Jalifa, Su Santidad, Hazrat Mirza Masrur Ahmad, pronunci\u00f3 un discurso ante m\u00e1s de 1.000 invitados no ahmadis en el segundo d\u00eda del 41<sup>o<\/sup> Yalsa Salana (Convenci\u00f3n anual) de la Comunidad Musulmana Ahmad\u00eda en Alemania.<\/p>\n<p><img loading=\"lazy\" decoding=\"async\" class=\"aligncenter size-full wp-image-2939\" src=\"http:\/\/www.ahmadiyya-islam.org\/es\/wp-content\/uploads\/sites\/10\/2016\/09\/2016-09-03-DE-Jalsa-Day-2-002.jpg\" alt=\"2016-09-03-de-jalsa-day-2-002\" width=\"993\" height=\"340\" srcset=\"https:\/\/www.ahmadiyya-islam.org\/es\/wp-content\/uploads\/sites\/10\/2016\/09\/2016-09-03-DE-Jalsa-Day-2-002.jpg 993w, https:\/\/www.ahmadiyya-islam.org\/es\/wp-content\/uploads\/sites\/10\/2016\/09\/2016-09-03-DE-Jalsa-Day-2-002-300x103.jpg 300w, https:\/\/www.ahmadiyya-islam.org\/es\/wp-content\/uploads\/sites\/10\/2016\/09\/2016-09-03-DE-Jalsa-Day-2-002-768x263.jpg 768w\" sizes=\"auto, (max-width: 993px) 100vw, 993px\" \/><\/p>\n<p>Durante su discurso, Su Santidad cit\u00f3 vers\u00edculos del Sagrado Cor\u00e1n y de la pr\u00e1ctica del Santo Profeta del Islam (la paz sea con \u00e9l), para refutar las acusaciones de que el Islam instiga al extremismo o violencia de cualquier tipo.<\/p>\n<p>Su Santidad habl\u00f3 sobre la creciente inestabilidad en Europa debido a los recientes actos terroristas y los continuos efectos que se est\u00e1n produciendo por la crisis de refugiados, aparte de un aumento de partidos pol\u00edticos de extrema derecha en Europa.<\/p>\n<p>Su Santidad tambi\u00e9n hizo referencia a las actividades de car\u00e1cter humanitario llevadas a cabo por la Comunidad Musulmana Ahmad\u00eda en diferentes partes del mundo.<\/p>\n<p>Hablando sobre la creciente inestabilidad en el mundo, Su Santidad, Hazrat Mirza Masrur Ahmad dijo:<\/p>\n<blockquote><p><strong>\u201cMientras estamos reunidos hoy aqu\u00ed, es un hecho indiscutible el que la paz mundial se encuentra balance\u00e1ndose sobre el filo de un cuchillo. Cada d\u00eda que pasa, somos testigos del aumento de conflictos e inseguridad alrededor del mundo. Es una paradoja extra\u00f1a y tr\u00e1gica el que a pesar de estamos m\u00e1s conectados que nunca, nos vamos alejando unos de otros cada d\u00eda que pasa\u201d.<\/strong><\/p><\/blockquote>\n<p><img loading=\"lazy\" decoding=\"async\" class=\"aligncenter size-full wp-image-2940\" src=\"http:\/\/www.ahmadiyya-islam.org\/es\/wp-content\/uploads\/sites\/10\/2016\/09\/2016-09-03-DE-Jalsa-Day-2-003.jpg\" alt=\"2016-09-03-de-jalsa-day-2-003\" width=\"993\" height=\"217\" srcset=\"https:\/\/www.ahmadiyya-islam.org\/es\/wp-content\/uploads\/sites\/10\/2016\/09\/2016-09-03-DE-Jalsa-Day-2-003.jpg 993w, https:\/\/www.ahmadiyya-islam.org\/es\/wp-content\/uploads\/sites\/10\/2016\/09\/2016-09-03-DE-Jalsa-Day-2-003-300x66.jpg 300w, https:\/\/www.ahmadiyya-islam.org\/es\/wp-content\/uploads\/sites\/10\/2016\/09\/2016-09-03-DE-Jalsa-Day-2-003-768x168.jpg 768w\" sizes=\"auto, (max-width: 993px) 100vw, 993px\" \/><\/p>\n<p>En referencia a los recientes actos terroristas en Europa, Su Santidad, Hazrat Mirza Masrur Ahmad dijo:<\/p>\n<blockquote><p><strong>\u00a0<\/strong><strong>\u201cTendr\u00e9is a\u00fan presente en vuestras mentes los despiadados ataques que se llevaron a cabo en Francia y B\u00e9lgica. Y sobretodo estar\u00e9is profundamente desconcertados y alarmados por los ataques que se han llevado a cabo durante los pasados meses en Alemania, en los cuales, personas inocentes perdieron la vida o fueron heridas de gravedad\u201d.<\/strong><\/p><\/blockquote>\n<p>Su Santidad, Hazrat Mirza Masrur Ahmad continu\u00f3 diciendo:<\/p>\n<blockquote><p><strong>\u201cEstos ataques, naturalmente, han asustado a la gente e infundido terror hacia el Islam en los corazones y mentes de la gente local. Es una tragedia a gran escala el que estos ataques est\u00e9n siendo conectados con el Islam, puesto que dichos ataques son el polo opuesto de lo que defiende el Islam\u201d.<\/strong><\/p><\/blockquote>\n<p>En referencia a la crisis de refugiados en Europa, Su Santidad, Hazrat Mirza Masrur Ahmad dijo:<\/p>\n<blockquote><p><strong>\u201cComo resultado de la crisis de refugiados, Europa se ha convertido de repente en un sitio m\u00e1s peligroso e inestable; puesto que ha creado una oportunidad para grupos terroristas para que env\u00eden a sus miembros como refugiados a este continente. Aparte de los ataques en los que estos extremistas se ven involucrados, buscan el difundir el terror radicalizando a musulmanes que viven en esta parte del mundo\u201d.<\/strong><\/p><\/blockquote>\n<p><img loading=\"lazy\" decoding=\"async\" class=\"aligncenter size-full wp-image-2941\" src=\"http:\/\/www.ahmadiyya-islam.org\/es\/wp-content\/uploads\/sites\/10\/2016\/09\/2016-09-03-DE-Jalsa-Day-2-004.jpg\" alt=\"2016-09-03-de-jalsa-day-2-004\" width=\"993\" height=\"598\" srcset=\"https:\/\/www.ahmadiyya-islam.org\/es\/wp-content\/uploads\/sites\/10\/2016\/09\/2016-09-03-DE-Jalsa-Day-2-004.jpg 993w, https:\/\/www.ahmadiyya-islam.org\/es\/wp-content\/uploads\/sites\/10\/2016\/09\/2016-09-03-DE-Jalsa-Day-2-004-300x181.jpg 300w, https:\/\/www.ahmadiyya-islam.org\/es\/wp-content\/uploads\/sites\/10\/2016\/09\/2016-09-03-DE-Jalsa-Day-2-004-768x463.jpg 768w\" sizes=\"auto, (max-width: 993px) 100vw, 993px\" \/><\/p>\n<p>Su Santidad, Hazrat Mirza Masrur Ahmad continu\u00f3 diciendo:<\/p>\n<blockquote><p><strong>\u201cOtra de las consecuencias negativas de la crisis de refugiados ha sido el endurecimiento en el trato hacia los inmigrantes en toda Europa. Estamos viendo c\u00f3mo partidos pol\u00edticos de extrema derecha est\u00e1n ganando popularidad en muchos pa\u00edses\u201d.<\/strong><\/p><\/blockquote>\n<p>Acerca del cambio de actitud en Alemania en el trato hacia inmigrantes, Su Santidad, Hazrat Mirza Masrur Ahmad dijo:<\/p>\n<blockquote><p><strong>\u201cEs obvio que aqu\u00ed en Alemania la compasi\u00f3n y acogida que la mayor\u00eda del pa\u00eds mostr\u00f3 hacia los refugiados hace un a\u00f1o, ha dado un vuelco r\u00e1pido y ha sido sustituido por una mezcla de temor y hostilidad hacia los inmigrantes. Este cambio de actitud es preocupante, y sobre todo el aumento de partidos nacionalistas es una causa de profunda preocupaci\u00f3n y una amenaza para la paz y seguridad del pa\u00eds\u201d.<\/strong><\/p><\/blockquote>\n<p>Su Santidad inst\u00f3 tanto a los pa\u00edses de acogida como a inmigrantes a cumplir con sus responsabilidades rec\u00edprocas. Dijo que los verdaderos refugiados deb\u00edan de ser apoyados, mientras que los inmigrantes deber\u00edan ayudar a contribuir a la sociedad lo antes posible.<\/p>\n<p>Su Santidad, Hazrat Mirza Masrur Ahmad dijo:<\/p>\n<blockquote><p><strong>\u00a0<\/strong><strong>\u201cLas autoridades deber\u00edan ayudar a los inmigrantes sinceros a establecerse y valerse por s\u00ed mismos. Los inmigrantes no deber\u00edan \u00fanicamente tomar ayudas del gobierno al que emigran, por lo contrario, deber\u00edan entrar al mercado laboral y contribuir a la sociedad lo antes posible. Bajo mi punto de vista, esto tendr\u00eda un efecto positivo instant\u00e1neo y disminuir\u00eda la peligrosa brecha que se est\u00e1 abriendo entre los ciudadanos locales e inmigrantes\u201d.<\/strong><\/p><\/blockquote>\n<p>Su Santidad cit\u00f3 el vers\u00edculo 9 del cap\u00edtulo 5 del Sagrado Cor\u00e1n, el cual ordena a los musulmanes a actuar con justicia e imparcialidad incluso con sus enemigos u oponentes.<\/p>\n<p>Su Santidad dijo que el Profeta del Islam (la paz sea con \u00e9l) fue el verdadero ejemplo de esta ense\u00f1anza.<\/p>\n<p>Su Santidad, Hazrat Mirza Masur Ahmad dijo:<\/p>\n<blockquote><p><strong>\u201cCuando se presentaba un caso ante el Santo Profeta Mohammad (la paz sea con \u00e9l), \u00e9l no ten\u00eda en cuenta qui\u00e9n era su seguidor y qui\u00e9n su enemigo. Por lo contrario, el Profeta del Islam (la paz sea con \u00e9l) se fijaba \u00fanicamente en lo que era correcto y justo\u201d.<\/strong><\/p><\/blockquote>\n<p><img loading=\"lazy\" decoding=\"async\" class=\"aligncenter size-full wp-image-2942\" src=\"http:\/\/www.ahmadiyya-islam.org\/es\/wp-content\/uploads\/sites\/10\/2016\/09\/2016-09-03-DE-Jalsa-Day-2-005.jpg\" alt=\"2016-09-03-de-jalsa-day-2-005\" width=\"1000\" height=\"292\" srcset=\"https:\/\/www.ahmadiyya-islam.org\/es\/wp-content\/uploads\/sites\/10\/2016\/09\/2016-09-03-DE-Jalsa-Day-2-005.jpg 1000w, https:\/\/www.ahmadiyya-islam.org\/es\/wp-content\/uploads\/sites\/10\/2016\/09\/2016-09-03-DE-Jalsa-Day-2-005-300x88.jpg 300w, https:\/\/www.ahmadiyya-islam.org\/es\/wp-content\/uploads\/sites\/10\/2016\/09\/2016-09-03-DE-Jalsa-Day-2-005-768x224.jpg 768w\" sizes=\"auto, (max-width: 1000px) 100vw, 1000px\" \/><\/p>\n<p>Su Santidad dijo que Comunidad Musulmana Ahmad\u00eda buscaba el establecer la paz en el mundo, bas\u00e1ndose en las ense\u00f1anzas del Islam.<\/p>\n<p>Su Santidad, Hazrat Mirza Masrur Ahmad dijo:<\/p>\n<blockquote><p><strong>\u201cEs \u00fanicamente debido al hecho de que hemos entendido el verdadero significado del Sagrado Cor\u00e1n, que nosotros, los musulmanes \u00e1hmadis buscamos el vivir nuestras vidas de esta manera pac\u00edfica. Todo lo que decimos y hacemos est\u00e1 basado en lo que hemos aprendido del Sagrado Cor\u00e1n y lo que practic\u00f3 el fundador del Islam, el Santo Profeta Mohammad (la paz sea con \u00e9l).\u201d<\/strong><\/p><\/blockquote>\n<p>M\u00e1s adelante en su discurso, Su Santidad habl\u00f3 sobre los proyectos humanitarios llevados a cabo por la Comunidad Musulmana Ahmad\u00eda en varias partes del mundo.<\/p>\n<p>Dijo que se hab\u00edan establecido cientos de escuelas y docenas de hospitales para proporcionar educaci\u00f3n y sanidad a la gente que viv\u00eda en las zonas m\u00e1s depravadas del mundo, independientemente de su estatus social o creencia.<\/p>\n<p>Su Santidad, Hazrat Mirza Masrur Ahmad dijo:<\/p>\n<blockquote><p><strong>\u00a0<\/strong><strong>\u201cNo deseamos ning\u00fan tipo de reconocimiento por nuestros esfuerzos en cuanto a trabajos humanitarios, ya que simplemente estamos siguiendo lo que nuestra religi\u00f3n nos ha ense\u00f1ado. Este es el verdadero Islam y estoy seguro de que estar\u00e9is de acuerdo en que no tiene nada que ver con lo que los medios de comunicaci\u00f3n muestran a menudo\u201d.<\/strong><\/p><\/blockquote>\n<p>Anteriormente, por la ma\u00f1ana, Su Santidad, Hazrat Mirza Masrur Ahmad se dirigi\u00f3 directamente a Layna Imailah (la organizaci\u00f3n de las mujeres de la Comunidad), y les habl\u00f3 sobre las ense\u00f1anzas del Islam en relaci\u00f3n con la igualdad de genero.<\/p>\n<p>Su Santidad rechaz\u00f3 la acusaci\u00f3n de que el Islam promueve una desigualdad entre g\u00e9neros.<\/p>\n<p>Explic\u00f3 que el Islam se basaba en la naturaleza y por ello hab\u00eda establecido diferentes roles para hombres y mujeres, lo cual no significaba que hubiese desigualdad entre ambos.<\/p>\n<p><img loading=\"lazy\" decoding=\"async\" class=\"aligncenter size-full wp-image-2943\" src=\"http:\/\/www.ahmadiyya-islam.org\/es\/wp-content\/uploads\/sites\/10\/2016\/09\/2016-09-03-DE-Jalsa-Day-2-006.jpg\" alt=\"2016-09-03-de-jalsa-day-2-006\" width=\"1000\" height=\"514\" srcset=\"https:\/\/www.ahmadiyya-islam.org\/es\/wp-content\/uploads\/sites\/10\/2016\/09\/2016-09-03-DE-Jalsa-Day-2-006.jpg 1000w, https:\/\/www.ahmadiyya-islam.org\/es\/wp-content\/uploads\/sites\/10\/2016\/09\/2016-09-03-DE-Jalsa-Day-2-006-300x154.jpg 300w, https:\/\/www.ahmadiyya-islam.org\/es\/wp-content\/uploads\/sites\/10\/2016\/09\/2016-09-03-DE-Jalsa-Day-2-006-768x395.jpg 768w\" sizes=\"auto, (max-width: 1000px) 100vw, 1000px\" \/><\/p>\n<p>Su Santidad, Hazrat Mirza Masrur Ahmad dijo:<\/p>\n<blockquote><p><strong>\u201cEl Islam nos ense\u00f1a a que debemos apreciar el hecho de que hay diferencias de car\u00e1cter natural entre hombres y mujeres; y es totalmente ignorante e insensato el no apreciar esto\u201d.<\/strong><\/p><\/blockquote>\n","protected":false},"excerpt":{"rendered":"<p>Hazrat Mirza Masrur Ahmad se dirige a los invitados no \u00e1hmadis y a las mujeres en el segundo d\u00eda del Yalsa Salana de Alemania El s\u00e1bado 3 de septiembre de 2016, el L\u00edder Mundial de la Comunidad Musulmana Ahmad\u00eda, el Quinto Jalifa, Su Santidad, Hazrat Mirza Masrur Ahmad, pronunci\u00f3 un discurso ante m\u00e1s de 1.000<\/p>\n","protected":false},"author":15,"featured_media":2938,"comment_status":"closed","ping_status":"closed","sticky":false,"template":"","format":"standard","meta":{"_acf_changed":false,"footnotes":""},"categories":[1],"tags":[264],"authors":[],"content_source":[],"class_list":["post-2937","post","type-post","status-publish","format-standard","has-post-thumbnail","hentry","category-comunicados-de-prensa","tag-2016-gira-alemania","topics-alemania","topics-yalsa-salana"],"acf":[],"yoast_head":"<!-- This site is optimized with the Yoast SEO Premium plugin v21.1 (Yoast SEO v27.4) - https:\/\/yoast.com\/product\/yoast-seo-premium-wordpress\/ -->\n<title>El L\u00edder Mundial de la Comunidad Musulmana Ahmad\u00eda habla sobre los riesgos de la crisis de refugiados y el aumento de la extrema derecha en Europa<\/title>\n<meta name=\"description\" content=\"Hazrat Mirza Masrur Ahmad se dirige a los invitados no \u00e1hmadis y a las mujeres en el segundo d\u00eda del Yalsa Salana de Alemania El s\u00e1bado 3 de septiembre de\" \/>\n<meta name=\"robots\" content=\"index, follow, max-snippet:-1, max-image-preview:large, max-video-preview:-1\" \/>\n<link rel=\"canonical\" href=\"https:\/\/www.ahmadiyya-islam.org\/es\/comunicados-de-prensa\/yalsa-alemania-dia2-2016\/\" \/>\n<meta property=\"og:locale\" content=\"es_ES\" \/>\n<meta property=\"og:type\" content=\"article\" \/>\n<meta property=\"og:title\" content=\"El L\u00edder Mundial de la Comunidad Musulmana Ahmad\u00eda habla sobre los riesgos de la crisis de refugiados y el aumento de la extrema derecha en Europa\" \/>\n<meta property=\"og:description\" content=\"Hazrat Mirza Masrur Ahmad se dirige a los invitados no \u00e1hmadis y a las mujeres en el segundo d\u00eda del Yalsa Salana de Alemania El s\u00e1bado 3 de septiembre de\" \/>\n<meta property=\"og:url\" content=\"https:\/\/www.ahmadiyya-islam.org\/es\/comunicados-de-prensa\/yalsa-alemania-dia2-2016\/\" \/>\n<meta property=\"og:site_name\" content=\"Comunidad Musulmana Ahmad\u00eda\" \/>\n<meta property=\"article:published_time\" content=\"2016-09-11T10:42:00+00:00\" \/>\n<meta property=\"og:image\" content=\"https:\/\/www.ahmadiyya-islam.org\/es\/wp-content\/uploads\/sites\/10\/2016\/09\/2016-09-03-DE-Jalsa-Day-2-001.jpg\" \/>\n\t<meta property=\"og:image:width\" content=\"993\" \/>\n\t<meta property=\"og:image:height\" content=\"587\" \/>\n\t<meta property=\"og:image:type\" content=\"image\/jpeg\" \/>\n<meta name=\"author\" content=\"es1tarikara\" \/>\n<meta name=\"twitter:card\" content=\"summary_large_image\" \/>\n<meta name=\"twitter:label1\" content=\"Written by\" \/>\n\t<meta name=\"twitter:data1\" content=\"es1tarikara\" \/>\n\t<meta name=\"twitter:label2\" content=\"Est. reading time\" \/>\n\t<meta name=\"twitter:data2\" content=\"6 minutes\" \/>\n<script type=\"application\/ld+json\" class=\"yoast-schema-graph\">{\"@context\":\"https:\\\/\\\/schema.org\",\"@graph\":[{\"@type\":\"Article\",\"@id\":\"https:\\\/\\\/www.ahmadiyya-islam.org\\\/es\\\/comunicados-de-prensa\\\/yalsa-alemania-dia2-2016\\\/#article\",\"isPartOf\":{\"@id\":\"https:\\\/\\\/www.ahmadiyya-islam.org\\\/es\\\/comunicados-de-prensa\\\/yalsa-alemania-dia2-2016\\\/\"},\"author\":{\"name\":\"es1tarikara\",\"@id\":\"https:\\\/\\\/www.ahmadiyya-islam.org\\\/es\\\/#\\\/schema\\\/person\\\/ac4c08c7012bbfe73a43476371042f59\"},\"headline\":\"El L\u00edder Mundial de la Comunidad Musulmana Ahmad\u00eda habla sobre los riesgos de la crisis de refugiados y el aumento de la extrema derecha en Europa\",\"datePublished\":\"2016-09-11T10:42:00+00:00\",\"mainEntityOfPage\":{\"@id\":\"https:\\\/\\\/www.ahmadiyya-islam.org\\\/es\\\/comunicados-de-prensa\\\/yalsa-alemania-dia2-2016\\\/\"},\"wordCount\":1270,\"publisher\":{\"@id\":\"https:\\\/\\\/www.ahmadiyya-islam.org\\\/es\\\/#organization\"},\"image\":{\"@id\":\"https:\\\/\\\/www.ahmadiyya-islam.org\\\/es\\\/comunicados-de-prensa\\\/yalsa-alemania-dia2-2016\\\/#primaryimage\"},\"thumbnailUrl\":\"https:\\\/\\\/www.ahmadiyya-islam.org\\\/es\\\/wp-content\\\/uploads\\\/sites\\\/10\\\/2016\\\/09\\\/2016-09-03-DE-Jalsa-Day-2-001.jpg\",\"keywords\":[\"2016 gira alemania\"],\"articleSection\":[\"Comunicados de prensa\"],\"inLanguage\":\"es-ES\"},{\"@type\":\"WebPage\",\"@id\":\"https:\\\/\\\/www.ahmadiyya-islam.org\\\/es\\\/comunicados-de-prensa\\\/yalsa-alemania-dia2-2016\\\/\",\"url\":\"https:\\\/\\\/www.ahmadiyya-islam.org\\\/es\\\/comunicados-de-prensa\\\/yalsa-alemania-dia2-2016\\\/\",\"name\":\"El L\u00edder Mundial de la Comunidad Musulmana Ahmad\u00eda habla sobre los riesgos de la crisis de refugiados y el aumento de la extrema derecha en Europa\",\"isPartOf\":{\"@id\":\"https:\\\/\\\/www.ahmadiyya-islam.org\\\/es\\\/#website\"},\"primaryImageOfPage\":{\"@id\":\"https:\\\/\\\/www.ahmadiyya-islam.org\\\/es\\\/comunicados-de-prensa\\\/yalsa-alemania-dia2-2016\\\/#primaryimage\"},\"image\":{\"@id\":\"https:\\\/\\\/www.ahmadiyya-islam.org\\\/es\\\/comunicados-de-prensa\\\/yalsa-alemania-dia2-2016\\\/#primaryimage\"},\"thumbnailUrl\":\"https:\\\/\\\/www.ahmadiyya-islam.org\\\/es\\\/wp-content\\\/uploads\\\/sites\\\/10\\\/2016\\\/09\\\/2016-09-03-DE-Jalsa-Day-2-001.jpg\",\"datePublished\":\"2016-09-11T10:42:00+00:00\",\"description\":\"Hazrat Mirza Masrur Ahmad se dirige a los invitados no \u00e1hmadis y a las mujeres en el segundo d\u00eda del Yalsa Salana de Alemania El s\u00e1bado 3 de septiembre de\",\"breadcrumb\":{\"@id\":\"https:\\\/\\\/www.ahmadiyya-islam.org\\\/es\\\/comunicados-de-prensa\\\/yalsa-alemania-dia2-2016\\\/#breadcrumb\"},\"inLanguage\":\"es-ES\",\"potentialAction\":[{\"@type\":\"ReadAction\",\"target\":[\"https:\\\/\\\/www.ahmadiyya-islam.org\\\/es\\\/comunicados-de-prensa\\\/yalsa-alemania-dia2-2016\\\/\"]}]},{\"@type\":\"ImageObject\",\"inLanguage\":\"es-ES\",\"@id\":\"https:\\\/\\\/www.ahmadiyya-islam.org\\\/es\\\/comunicados-de-prensa\\\/yalsa-alemania-dia2-2016\\\/#primaryimage\",\"url\":\"https:\\\/\\\/www.ahmadiyya-islam.org\\\/es\\\/wp-content\\\/uploads\\\/sites\\\/10\\\/2016\\\/09\\\/2016-09-03-DE-Jalsa-Day-2-001.jpg\",\"contentUrl\":\"https:\\\/\\\/www.ahmadiyya-islam.org\\\/es\\\/wp-content\\\/uploads\\\/sites\\\/10\\\/2016\\\/09\\\/2016-09-03-DE-Jalsa-Day-2-001.jpg\",\"width\":993,\"height\":587},{\"@type\":\"BreadcrumbList\",\"@id\":\"https:\\\/\\\/www.ahmadiyya-islam.org\\\/es\\\/comunicados-de-prensa\\\/yalsa-alemania-dia2-2016\\\/#breadcrumb\",\"itemListElement\":[{\"@type\":\"ListItem\",\"position\":1,\"name\":\"Home\",\"item\":\"https:\\\/\\\/www.ahmadiyya-islam.org\\\/es\\\/\"},{\"@type\":\"ListItem\",\"position\":2,\"name\":\"El L\u00edder Mundial de la Comunidad Musulmana Ahmad\u00eda habla sobre los riesgos de la crisis de refugiados y el aumento de la extrema derecha en Europa\"}]},{\"@type\":\"WebSite\",\"@id\":\"https:\\\/\\\/www.ahmadiyya-islam.org\\\/es\\\/#website\",\"url\":\"https:\\\/\\\/www.ahmadiyya-islam.org\\\/es\\\/\",\"name\":\"Comunidad Musulmana Ahmad\u00eda\",\"description\":\"Internacional\",\"publisher\":{\"@id\":\"https:\\\/\\\/www.ahmadiyya-islam.org\\\/es\\\/#organization\"},\"potentialAction\":[{\"@type\":\"SearchAction\",\"target\":{\"@type\":\"EntryPoint\",\"urlTemplate\":\"https:\\\/\\\/www.ahmadiyya-islam.org\\\/es\\\/?s={search_term_string}\"},\"query-input\":{\"@type\":\"PropertyValueSpecification\",\"valueRequired\":true,\"valueName\":\"search_term_string\"}}],\"inLanguage\":\"es-ES\"},{\"@type\":\"Organization\",\"@id\":\"https:\\\/\\\/www.ahmadiyya-islam.org\\\/es\\\/#organization\",\"name\":\"Comunidad Musulmana Ahmad\u00eda\",\"url\":\"https:\\\/\\\/www.ahmadiyya-islam.org\\\/es\\\/\",\"logo\":{\"@type\":\"ImageObject\",\"inLanguage\":\"es-ES\",\"@id\":\"https:\\\/\\\/www.ahmadiyya-islam.org\\\/es\\\/#\\\/schema\\\/logo\\\/image\\\/\",\"url\":\"https:\\\/\\\/www.ahmadiyya-islam.org\\\/es\\\/wp-content\\\/uploads\\\/sites\\\/10\\\/2015\\\/06\\\/alislam-logo.png\",\"contentUrl\":\"https:\\\/\\\/www.ahmadiyya-islam.org\\\/es\\\/wp-content\\\/uploads\\\/sites\\\/10\\\/2015\\\/06\\\/alislam-logo.png\",\"width\":1859,\"height\":1859,\"caption\":\"Comunidad Musulmana Ahmad\u00eda\"},\"image\":{\"@id\":\"https:\\\/\\\/www.ahmadiyya-islam.org\\\/es\\\/#\\\/schema\\\/logo\\\/image\\\/\"}},{\"@type\":\"Person\",\"@id\":\"https:\\\/\\\/www.ahmadiyya-islam.org\\\/es\\\/#\\\/schema\\\/person\\\/ac4c08c7012bbfe73a43476371042f59\",\"name\":\"es1tarikara\"}]}<\/script>\n<!-- \/ Yoast SEO Premium plugin. -->","yoast_head_json":{"title":"El L\u00edder Mundial de la Comunidad Musulmana Ahmad\u00eda habla sobre los riesgos de la crisis de refugiados y el aumento de la extrema derecha en Europa","description":"Hazrat Mirza Masrur Ahmad se dirige a los invitados no \u00e1hmadis y a las mujeres en el segundo d\u00eda del Yalsa Salana de Alemania El s\u00e1bado 3 de septiembre de","robots":{"index":"index","follow":"follow","max-snippet":"max-snippet:-1","max-image-preview":"max-image-preview:large","max-video-preview":"max-video-preview:-1"},"canonical":"https:\/\/www.ahmadiyya-islam.org\/es\/comunicados-de-prensa\/yalsa-alemania-dia2-2016\/","og_locale":"es_ES","og_type":"article","og_title":"El L\u00edder Mundial de la Comunidad Musulmana Ahmad\u00eda habla sobre los riesgos de la crisis de refugiados y el aumento de la extrema derecha en Europa","og_description":"Hazrat Mirza Masrur Ahmad se dirige a los invitados no \u00e1hmadis y a las mujeres en el segundo d\u00eda del Yalsa Salana de Alemania El s\u00e1bado 3 de septiembre de","og_url":"https:\/\/www.ahmadiyya-islam.org\/es\/comunicados-de-prensa\/yalsa-alemania-dia2-2016\/","og_site_name":"Comunidad Musulmana Ahmad\u00eda","article_published_time":"2016-09-11T10:42:00+00:00","og_image":[{"width":993,"height":587,"url":"https:\/\/www.ahmadiyya-islam.org\/es\/wp-content\/uploads\/sites\/10\/2016\/09\/2016-09-03-DE-Jalsa-Day-2-001.jpg","type":"image\/jpeg"}],"author":"es1tarikara","twitter_card":"summary_large_image","twitter_misc":{"Written by":"es1tarikara","Est. reading time":"6 minutes"},"schema":{"@context":"https:\/\/schema.org","@graph":[{"@type":"Article","@id":"https:\/\/www.ahmadiyya-islam.org\/es\/comunicados-de-prensa\/yalsa-alemania-dia2-2016\/#article","isPartOf":{"@id":"https:\/\/www.ahmadiyya-islam.org\/es\/comunicados-de-prensa\/yalsa-alemania-dia2-2016\/"},"author":{"name":"es1tarikara","@id":"https:\/\/www.ahmadiyya-islam.org\/es\/#\/schema\/person\/ac4c08c7012bbfe73a43476371042f59"},"headline":"El L\u00edder Mundial de la Comunidad Musulmana Ahmad\u00eda habla sobre los riesgos de la crisis de refugiados y el aumento de la extrema derecha en Europa","datePublished":"2016-09-11T10:42:00+00:00","mainEntityOfPage":{"@id":"https:\/\/www.ahmadiyya-islam.org\/es\/comunicados-de-prensa\/yalsa-alemania-dia2-2016\/"},"wordCount":1270,"publisher":{"@id":"https:\/\/www.ahmadiyya-islam.org\/es\/#organization"},"image":{"@id":"https:\/\/www.ahmadiyya-islam.org\/es\/comunicados-de-prensa\/yalsa-alemania-dia2-2016\/#primaryimage"},"thumbnailUrl":"https:\/\/www.ahmadiyya-islam.org\/es\/wp-content\/uploads\/sites\/10\/2016\/09\/2016-09-03-DE-Jalsa-Day-2-001.jpg","keywords":["2016 gira alemania"],"articleSection":["Comunicados de prensa"],"inLanguage":"es-ES"},{"@type":"WebPage","@id":"https:\/\/www.ahmadiyya-islam.org\/es\/comunicados-de-prensa\/yalsa-alemania-dia2-2016\/","url":"https:\/\/www.ahmadiyya-islam.org\/es\/comunicados-de-prensa\/yalsa-alemania-dia2-2016\/","name":"El L\u00edder Mundial de la Comunidad Musulmana Ahmad\u00eda habla sobre los riesgos de la crisis de refugiados y el aumento de la extrema derecha en Europa","isPartOf":{"@id":"https:\/\/www.ahmadiyya-islam.org\/es\/#website"},"primaryImageOfPage":{"@id":"https:\/\/www.ahmadiyya-islam.org\/es\/comunicados-de-prensa\/yalsa-alemania-dia2-2016\/#primaryimage"},"image":{"@id":"https:\/\/www.ahmadiyya-islam.org\/es\/comunicados-de-prensa\/yalsa-alemania-dia2-2016\/#primaryimage"},"thumbnailUrl":"https:\/\/www.ahmadiyya-islam.org\/es\/wp-content\/uploads\/sites\/10\/2016\/09\/2016-09-03-DE-Jalsa-Day-2-001.jpg","datePublished":"2016-09-11T10:42:00+00:00","description":"Hazrat Mirza Masrur Ahmad se dirige a los invitados no \u00e1hmadis y a las mujeres en el segundo d\u00eda del Yalsa Salana de Alemania El s\u00e1bado 3 de septiembre de","breadcrumb":{"@id":"https:\/\/www.ahmadiyya-islam.org\/es\/comunicados-de-prensa\/yalsa-alemania-dia2-2016\/#breadcrumb"},"inLanguage":"es-ES","potentialAction":[{"@type":"ReadAction","target":["https:\/\/www.ahmadiyya-islam.org\/es\/comunicados-de-prensa\/yalsa-alemania-dia2-2016\/"]}]},{"@type":"ImageObject","inLanguage":"es-ES","@id":"https:\/\/www.ahmadiyya-islam.org\/es\/comunicados-de-prensa\/yalsa-alemania-dia2-2016\/#primaryimage","url":"https:\/\/www.ahmadiyya-islam.org\/es\/wp-content\/uploads\/sites\/10\/2016\/09\/2016-09-03-DE-Jalsa-Day-2-001.jpg","contentUrl":"https:\/\/www.ahmadiyya-islam.org\/es\/wp-content\/uploads\/sites\/10\/2016\/09\/2016-09-03-DE-Jalsa-Day-2-001.jpg","width":993,"height":587},{"@type":"BreadcrumbList","@id":"https:\/\/www.ahmadiyya-islam.org\/es\/comunicados-de-prensa\/yalsa-alemania-dia2-2016\/#breadcrumb","itemListElement":[{"@type":"ListItem","position":1,"name":"Home","item":"https:\/\/www.ahmadiyya-islam.org\/es\/"},{"@type":"ListItem","position":2,"name":"El L\u00edder Mundial de la Comunidad Musulmana Ahmad\u00eda habla sobre los riesgos de la crisis de refugiados y el aumento de la extrema derecha en Europa"}]},{"@type":"WebSite","@id":"https:\/\/www.ahmadiyya-islam.org\/es\/#website","url":"https:\/\/www.ahmadiyya-islam.org\/es\/","name":"Comunidad Musulmana Ahmad\u00eda","description":"Internacional","publisher":{"@id":"https:\/\/www.ahmadiyya-islam.org\/es\/#organization"},"potentialAction":[{"@type":"SearchAction","target":{"@type":"EntryPoint","urlTemplate":"https:\/\/www.ahmadiyya-islam.org\/es\/?s={search_term_string}"},"query-input":{"@type":"PropertyValueSpecification","valueRequired":true,"valueName":"search_term_string"}}],"inLanguage":"es-ES"},{"@type":"Organization","@id":"https:\/\/www.ahmadiyya-islam.org\/es\/#organization","name":"Comunidad Musulmana Ahmad\u00eda","url":"https:\/\/www.ahmadiyya-islam.org\/es\/","logo":{"@type":"ImageObject","inLanguage":"es-ES","@id":"https:\/\/www.ahmadiyya-islam.org\/es\/#\/schema\/logo\/image\/","url":"https:\/\/www.ahmadiyya-islam.org\/es\/wp-content\/uploads\/sites\/10\/2015\/06\/alislam-logo.png","contentUrl":"https:\/\/www.ahmadiyya-islam.org\/es\/wp-content\/uploads\/sites\/10\/2015\/06\/alislam-logo.png","width":1859,"height":1859,"caption":"Comunidad Musulmana Ahmad\u00eda"},"image":{"@id":"https:\/\/www.ahmadiyya-islam.org\/es\/#\/schema\/logo\/image\/"}},{"@type":"Person","@id":"https:\/\/www.ahmadiyya-islam.org\/es\/#\/schema\/person\/ac4c08c7012bbfe73a43476371042f59","name":"es1tarikara"}]}},"_links":{"self":[{"href":"https:\/\/www.ahmadiyya-islam.org\/es\/wp-json\/wp\/v2\/posts\/2937","targetHints":{"allow":["GET"]}}],"collection":[{"href":"https:\/\/www.ahmadiyya-islam.org\/es\/wp-json\/wp\/v2\/posts"}],"about":[{"href":"https:\/\/www.ahmadiyya-islam.org\/es\/wp-json\/wp\/v2\/types\/post"}],"author":[{"embeddable":true,"href":"https:\/\/www.ahmadiyya-islam.org\/es\/wp-json\/wp\/v2\/users\/15"}],"replies":[{"embeddable":true,"href":"https:\/\/www.ahmadiyya-islam.org\/es\/wp-json\/wp\/v2\/comments?post=2937"}],"version-history":[{"count":0,"href":"https:\/\/www.ahmadiyya-islam.org\/es\/wp-json\/wp\/v2\/posts\/2937\/revisions"}],"wp:featuredmedia":[{"embeddable":true,"href":"https:\/\/www.ahmadiyya-islam.org\/es\/wp-json\/wp\/v2\/media\/2938"}],"wp:attachment":[{"href":"https:\/\/www.ahmadiyya-islam.org\/es\/wp-json\/wp\/v2\/media?parent=2937"}],"wp:term":[{"taxonomy":"category","embeddable":true,"href":"https:\/\/www.ahmadiyya-islam.org\/es\/wp-json\/wp\/v2\/categories?post=2937"},{"taxonomy":"post_tag","embeddable":true,"href":"https:\/\/www.ahmadiyya-islam.org\/es\/wp-json\/wp\/v2\/tags?post=2937"},{"taxonomy":"authors","embeddable":true,"href":"https:\/\/www.ahmadiyya-islam.org\/es\/wp-json\/wp\/v2\/authors?post=2937"},{"taxonomy":"content_source","embeddable":true,"href":"https:\/\/www.ahmadiyya-islam.org\/es\/wp-json\/wp\/v2\/content_source?post=2937"}],"curies":[{"name":"wp","href":"https:\/\/api.w.org\/{rel}","templated":true}]}}