{"id":2865,"date":"2016-07-31T19:18:13","date_gmt":"2016-07-31T19:18:13","guid":{"rendered":"http:\/\/www.ahmadiyya-islam.org\/es\/?p=2865"},"modified":"2016-08-02T15:10:03","modified_gmt":"2016-08-02T15:10:03","slug":"sermon-condena-terrorismo-2016","status":"publish","type":"post","link":"https:\/\/www.ahmadiyya-islam.org\/es\/comunicados-de-prensa\/sermon-condena-terrorismo-2016\/","title":{"rendered":"El l\u00edder de la Comunidad Musulmana Ahmad\u00eda condena los ataques terroristas perpetrados en Europa y hace un llamamiento por la paz mundial"},"content":{"rendered":"<p><strong>Su Santidad, Hazrat Mirza Masrur Ahmad aborda la actual desintegraci\u00f3n de los pa\u00edses musulmanes<\/strong><\/p>\n<p><strong>\u00a0<\/strong><strong>Su Santidad elogia al Papa Francisco por decir que las atrocidades de hoy d\u00eda no son equiparables a las guerras religiosas<\/strong><\/p>\n<p>El l\u00edder mundial de la Comunidad Musulmana Ahmad\u00eda, el Quinto Jalifa, Su Santidad, Hazrat Mirza Masrur Ahmad, ha pedido a las naciones musulmanas de todo el mundo que retornen a las verdaderas ense\u00f1anzas pac\u00edficas del Islam.<\/p>\n<p>Durante el serm\u00f3n del viernes, dirigido desde la mezquita Baitul Futuh de Londres, Su Santidad dijo que el mundo se enfrenta a tiempos muy dif\u00edciles a la luz de los recientes ataques terroristas perpetrados en Europa, los cuales considera completamente contrarios a las ense\u00f1anzas del Islam. Su Santidad tambi\u00e9n se dirigi\u00f3 a la situaci\u00f3n cada vez m\u00e1s vol\u00e1til en Turqu\u00eda y otros pa\u00edses musulmanes.<\/p>\n<p>En relaci\u00f3n al aumento de la inestabilidad en el mundo musulm\u00e1n, Su Santidad, Hazrat Mirza\u00a0Masrur Ahmad dijo:<\/p>\n<blockquote><p><strong><em>&#8220;Con cada d\u00eda que pasa, el poder y la fuerza de las naciones musulmanas disminuye \u00a0constantemente. La causa fundamental es que los l\u00edderes musulmanes y sus supuestos eruditos religiosos est\u00e1n cegados ante las verdaderas ense\u00f1anzas del Islam y dirigen a sus naciones por un camino destructivo y ruinoso.&#8221;<\/em><\/strong><\/p><\/blockquote>\n<p>Su Santidad continu\u00f3 diciendo:<\/p>\n<blockquote><p><strong><em>&#8220;Vemos que todos los pa\u00edses musulmanes est\u00e1n sumidos en el caos y en el desorden, porque sus l\u00edderes est\u00e1n dando prioridad a sus propios intereses por encima del inter\u00e9s general, los derechos de las personas y del progreso de sus naciones.&#8221;<\/em><\/strong><\/p><\/blockquote>\n<p>Su Santidad tambi\u00e9n agreg\u00f3 que la desintegraci\u00f3n de los pa\u00edses musulmanes s\u00f3lo ha beneficiado a los que se oponen al Islam. En lugar de destruirse, los musulmanes deben unirse entre ellos.<\/p>\n<p>Su Santidad, Hazrat Mirza Masrur Ahmad dijo:<\/p>\n<blockquote><p><strong><em>\u201cEl mundo musulm\u00e1n y sus gobiernos no han aprendido de las lecciones del pasado reciente. Han visto lo que ha sucedido en Irak, Siria y Libia, la forma en que esos pa\u00edses han quedado divididos y c\u00f3mo ha sido destruido el futuro de esas naciones. Los l\u00edderes musulmanes deben reflexionar sobre estos ejemplos y preguntarse \u00bfa qui\u00e9n le beneficia la confusi\u00f3n y el desorden en el mundo musulm\u00e1n?\u201d<\/em><\/strong><\/p><\/blockquote>\n<p><strong><em>\u00a0<\/em><\/strong>Su Santidad tambi\u00e9n respondi\u00f3 a la serie de ataques terroristas perpetrados recientemente en Europa. Dijo que estos ataques no guardan ninguna relaci\u00f3n con las ense\u00f1anzas del Islam. Por ejemplo, dijo que el reciente asesinato del padre Jacques Hamel en Francia es &#8220;repugnante y totalmente opuesto a las ense\u00f1anzas del Islam&#8221;.<\/p>\n<p>Su Santidad, Hazrat Mirza Masrur Ahmad dijo:<\/p>\n<blockquote><p><strong><em>&#8220;Recientemente, las organizaciones terroristas han comenzado realizar con regularidad atrocidades brutales en los pa\u00edses occidentales, tomando la vida de personas inocentes. Los terroristas muestran un desconocimiento del Islam, porque de lo contrario se dar\u00edan cuenta de que el Santo Profeta del Islam (la paz sea con \u00e9l) prohibi\u00f3 el asesinato de personas inocentes en cualquier circunstancia. El Santo Profeta (la paz sea con \u00e9l) prohibi\u00f3 dirigir los ataques a ni\u00f1os, mujeres y ancianos inocentes y prohibi\u00f3 dirigir los ataques a los l\u00edderes religiosos y lugares de culto, como sacerdotes e iglesias.&#8221;<\/em><\/strong><\/p><\/blockquote>\n<p>Su Santidad, Hazrat Mirza Masrur Ahmad continu\u00f3 diciendo:<\/p>\n<blockquote><p><strong><em>&#8220;Lo \u00fanico que est\u00e1n logrando los terroristas es violar por completo las ense\u00f1anzas del Sagrado Cor\u00e1n y del Santo Profeta Muhammad (la paz sea con \u00e9l). Que quede claro que no est\u00e1n practicando el Islam, sino que m\u00e1s bien parece como si hubieran inventado su propia religi\u00f3n venenosa llena de odio.&#8221;<\/em><\/strong><\/p><\/blockquote>\n<p>Sobre el significado de la palabra &#8220;Islam&#8221;, Su Santidad, Hazrat Mirza Masrur Ahmad dijo:<\/p>\n<blockquote><p><strong><em>&#8220;Al-lah el Todopoderoso ha puesto el nombre &#8220;Islam&#8221; a nuestra religi\u00f3n, que literalmente significa la paz. Incluso el propio nombre rechaza todas las formas de terrorismo, extremismo y compulsi\u00f3n. Al contrario, el Islam es una religi\u00f3n que aboga por la paz, la libertad, el amor y la seguridad para toda la humanidad.&#8221;<\/em><\/strong><\/p><\/blockquote>\n<p><strong><em>\u00a0<\/em><\/strong>Su Santidad tambi\u00e9n elogi\u00f3 los recientes comentarios realizados por el Papa Francisco en el que dijo: &#8220;el mundo est\u00e1 en guerra pero no es una guerra religiosa&#8221;. Su Santidad dijo que el Papa hab\u00eda aclarado, acertadamente, que los conflictos b\u00e9licos de hoy no est\u00e1n motivados por la religi\u00f3n, sino por la codicia y el deseo de poder y riqueza.<\/p>\n<p>Concluyendo, Su Santidad dijo que en tiempos turbulentos como los que vivimos hoy, la responsabilidad que yace sobre los musulmanes \u00e1hmadis para contrarrestar la narrativa extremista es mediante la difusi\u00f3n de las ense\u00f1anzas verdaderas y pac\u00edficas del Islam, tanto a trav\u00e9s de su conducta personal como a trav\u00e9s de los medios de comunicaci\u00f3n y otras plataformas pertinentes.<\/p>\n<p>Su Santidad, Hazrat Mirza Masrur Ahmad dijo:<\/p>\n<blockquote><p><strong><em>&#8220;Deb\u00e9is extender la paz a todos los sectores de la sociedad. Difundir el amor entre todas las personas. Atraed a la gente hacia Dios Todopoderoso y hacia el Profeta del Islam (la paz sea con \u00e9l) al ganar sus corazones a trav\u00e9s de la fuerza del amor, la gracia y la compasi\u00f3n.\u201d<\/em><\/strong><\/p><\/blockquote>\n<p>Su Santidad pidi\u00f3 a los miembros de la Comunidad que realizaran oraciones especiales por la paz en el mundo.<\/p>\n","protected":false},"excerpt":{"rendered":"<p>Su Santidad, Hazrat Mirza Masrur Ahmad aborda la actual desintegraci\u00f3n de los pa\u00edses musulmanes \u00a0Su Santidad elogia al Papa Francisco por decir que las atrocidades de hoy d\u00eda no son equiparables a las guerras religiosas El l\u00edder mundial de la Comunidad Musulmana Ahmad\u00eda, el Quinto Jalifa, Su Santidad, Hazrat Mirza Masrur Ahmad, ha pedido a<\/p>\n","protected":false},"author":15,"featured_media":2866,"comment_status":"closed","ping_status":"closed","sticky":false,"template":"","format":"standard","meta":{"_acf_changed":false,"footnotes":""},"categories":[1],"tags":[],"authors":[],"content_source":[],"class_list":["post-2865","post","type-post","status-publish","format-standard","has-post-thumbnail","hentry","category-comunicados-de-prensa","topics-paz","topics-paz-mundial","topics-terrorismo"],"acf":[],"yoast_head":"<!-- This site is optimized with the Yoast SEO Premium plugin v21.1 (Yoast SEO v27.4) - https:\/\/yoast.com\/product\/yoast-seo-premium-wordpress\/ -->\n<title>El l\u00edder de la Comunidad Musulmana Ahmad\u00eda condena los ataques terroristas perpetrados en Europa y hace un llamamiento por la paz mundial<\/title>\n<meta name=\"description\" content=\"Su Santidad, Hazrat Mirza Masrur Ahmad aborda la actual desintegraci\u00f3n de los pa\u00edses musulmanes \u00a0Su Santidad elogia al Papa Francisco por decir que las\" \/>\n<meta name=\"robots\" content=\"index, follow, max-snippet:-1, max-image-preview:large, max-video-preview:-1\" \/>\n<link rel=\"canonical\" href=\"https:\/\/www.ahmadiyya-islam.org\/es\/comunicados-de-prensa\/sermon-condena-terrorismo-2016\/\" \/>\n<meta property=\"og:locale\" content=\"es_ES\" \/>\n<meta property=\"og:type\" content=\"article\" \/>\n<meta property=\"og:title\" content=\"El l\u00edder de la Comunidad Musulmana Ahmad\u00eda condena los ataques terroristas perpetrados en Europa y hace un llamamiento por la paz mundial\" \/>\n<meta property=\"og:description\" content=\"Su Santidad, Hazrat Mirza Masrur Ahmad aborda la actual desintegraci\u00f3n de los pa\u00edses musulmanes \u00a0Su Santidad elogia al Papa Francisco por decir que las\" \/>\n<meta property=\"og:url\" content=\"https:\/\/www.ahmadiyya-islam.org\/es\/comunicados-de-prensa\/sermon-condena-terrorismo-2016\/\" \/>\n<meta property=\"og:site_name\" content=\"Comunidad Musulmana Ahmad\u00eda\" \/>\n<meta property=\"article:published_time\" content=\"2016-07-31T19:18:13+00:00\" \/>\n<meta property=\"article:modified_time\" content=\"2016-08-02T15:10:03+00:00\" \/>\n<meta property=\"og:image\" content=\"https:\/\/www.ahmadiyya-islam.org\/es\/wp-content\/uploads\/sites\/10\/2016\/07\/2014-07-04-FS-001.jpg\" \/>\n\t<meta property=\"og:image:width\" content=\"1467\" \/>\n\t<meta property=\"og:image:height\" content=\"826\" \/>\n\t<meta property=\"og:image:type\" content=\"image\/jpeg\" \/>\n<meta name=\"author\" content=\"es1tarikara\" \/>\n<meta name=\"twitter:card\" content=\"summary_large_image\" \/>\n<meta name=\"twitter:title\" content=\"El Jalifa del #Islam condena el #terrorismo y hace un llamamiento a la #paz\" \/>\n<meta name=\"twitter:label1\" content=\"Written by\" \/>\n\t<meta name=\"twitter:data1\" content=\"es1tarikara\" \/>\n\t<meta name=\"twitter:label2\" content=\"Est. reading time\" \/>\n\t<meta name=\"twitter:data2\" content=\"4 minutes\" \/>\n<script type=\"application\/ld+json\" class=\"yoast-schema-graph\">{\"@context\":\"https:\\\/\\\/schema.org\",\"@graph\":[{\"@type\":\"Article\",\"@id\":\"https:\\\/\\\/www.ahmadiyya-islam.org\\\/es\\\/comunicados-de-prensa\\\/sermon-condena-terrorismo-2016\\\/#article\",\"isPartOf\":{\"@id\":\"https:\\\/\\\/www.ahmadiyya-islam.org\\\/es\\\/comunicados-de-prensa\\\/sermon-condena-terrorismo-2016\\\/\"},\"author\":{\"name\":\"es1tarikara\",\"@id\":\"https:\\\/\\\/www.ahmadiyya-islam.org\\\/es\\\/#\\\/schema\\\/person\\\/ac4c08c7012bbfe73a43476371042f59\"},\"headline\":\"El l\u00edder de la Comunidad Musulmana Ahmad\u00eda condena los ataques terroristas perpetrados en Europa y hace un llamamiento por la paz mundial\",\"datePublished\":\"2016-07-31T19:18:13+00:00\",\"dateModified\":\"2016-08-02T15:10:03+00:00\",\"mainEntityOfPage\":{\"@id\":\"https:\\\/\\\/www.ahmadiyya-islam.org\\\/es\\\/comunicados-de-prensa\\\/sermon-condena-terrorismo-2016\\\/\"},\"wordCount\":912,\"publisher\":{\"@id\":\"https:\\\/\\\/www.ahmadiyya-islam.org\\\/es\\\/#organization\"},\"image\":{\"@id\":\"https:\\\/\\\/www.ahmadiyya-islam.org\\\/es\\\/comunicados-de-prensa\\\/sermon-condena-terrorismo-2016\\\/#primaryimage\"},\"thumbnailUrl\":\"https:\\\/\\\/www.ahmadiyya-islam.org\\\/es\\\/wp-content\\\/uploads\\\/sites\\\/10\\\/2016\\\/07\\\/2014-07-04-FS-001.jpg\",\"articleSection\":[\"Comunicados de prensa\"],\"inLanguage\":\"es-ES\"},{\"@type\":\"WebPage\",\"@id\":\"https:\\\/\\\/www.ahmadiyya-islam.org\\\/es\\\/comunicados-de-prensa\\\/sermon-condena-terrorismo-2016\\\/\",\"url\":\"https:\\\/\\\/www.ahmadiyya-islam.org\\\/es\\\/comunicados-de-prensa\\\/sermon-condena-terrorismo-2016\\\/\",\"name\":\"El l\u00edder de la Comunidad Musulmana Ahmad\u00eda condena los ataques terroristas perpetrados en Europa y hace un llamamiento por la paz mundial\",\"isPartOf\":{\"@id\":\"https:\\\/\\\/www.ahmadiyya-islam.org\\\/es\\\/#website\"},\"primaryImageOfPage\":{\"@id\":\"https:\\\/\\\/www.ahmadiyya-islam.org\\\/es\\\/comunicados-de-prensa\\\/sermon-condena-terrorismo-2016\\\/#primaryimage\"},\"image\":{\"@id\":\"https:\\\/\\\/www.ahmadiyya-islam.org\\\/es\\\/comunicados-de-prensa\\\/sermon-condena-terrorismo-2016\\\/#primaryimage\"},\"thumbnailUrl\":\"https:\\\/\\\/www.ahmadiyya-islam.org\\\/es\\\/wp-content\\\/uploads\\\/sites\\\/10\\\/2016\\\/07\\\/2014-07-04-FS-001.jpg\",\"datePublished\":\"2016-07-31T19:18:13+00:00\",\"dateModified\":\"2016-08-02T15:10:03+00:00\",\"description\":\"Su Santidad, Hazrat Mirza Masrur Ahmad aborda la actual desintegraci\u00f3n de los pa\u00edses musulmanes \u00a0Su Santidad elogia al Papa Francisco por decir que las\",\"breadcrumb\":{\"@id\":\"https:\\\/\\\/www.ahmadiyya-islam.org\\\/es\\\/comunicados-de-prensa\\\/sermon-condena-terrorismo-2016\\\/#breadcrumb\"},\"inLanguage\":\"es-ES\",\"potentialAction\":[{\"@type\":\"ReadAction\",\"target\":[\"https:\\\/\\\/www.ahmadiyya-islam.org\\\/es\\\/comunicados-de-prensa\\\/sermon-condena-terrorismo-2016\\\/\"]}]},{\"@type\":\"ImageObject\",\"inLanguage\":\"es-ES\",\"@id\":\"https:\\\/\\\/www.ahmadiyya-islam.org\\\/es\\\/comunicados-de-prensa\\\/sermon-condena-terrorismo-2016\\\/#primaryimage\",\"url\":\"https:\\\/\\\/www.ahmadiyya-islam.org\\\/es\\\/wp-content\\\/uploads\\\/sites\\\/10\\\/2016\\\/07\\\/2014-07-04-FS-001.jpg\",\"contentUrl\":\"https:\\\/\\\/www.ahmadiyya-islam.org\\\/es\\\/wp-content\\\/uploads\\\/sites\\\/10\\\/2016\\\/07\\\/2014-07-04-FS-001.jpg\",\"width\":1467,\"height\":826},{\"@type\":\"BreadcrumbList\",\"@id\":\"https:\\\/\\\/www.ahmadiyya-islam.org\\\/es\\\/comunicados-de-prensa\\\/sermon-condena-terrorismo-2016\\\/#breadcrumb\",\"itemListElement\":[{\"@type\":\"ListItem\",\"position\":1,\"name\":\"Home\",\"item\":\"https:\\\/\\\/www.ahmadiyya-islam.org\\\/es\\\/\"},{\"@type\":\"ListItem\",\"position\":2,\"name\":\"El l\u00edder de la Comunidad Musulmana Ahmad\u00eda condena los ataques terroristas perpetrados en Europa y hace un llamamiento por la paz mundial\"}]},{\"@type\":\"WebSite\",\"@id\":\"https:\\\/\\\/www.ahmadiyya-islam.org\\\/es\\\/#website\",\"url\":\"https:\\\/\\\/www.ahmadiyya-islam.org\\\/es\\\/\",\"name\":\"Comunidad Musulmana Ahmad\u00eda\",\"description\":\"Internacional\",\"publisher\":{\"@id\":\"https:\\\/\\\/www.ahmadiyya-islam.org\\\/es\\\/#organization\"},\"potentialAction\":[{\"@type\":\"SearchAction\",\"target\":{\"@type\":\"EntryPoint\",\"urlTemplate\":\"https:\\\/\\\/www.ahmadiyya-islam.org\\\/es\\\/?s={search_term_string}\"},\"query-input\":{\"@type\":\"PropertyValueSpecification\",\"valueRequired\":true,\"valueName\":\"search_term_string\"}}],\"inLanguage\":\"es-ES\"},{\"@type\":\"Organization\",\"@id\":\"https:\\\/\\\/www.ahmadiyya-islam.org\\\/es\\\/#organization\",\"name\":\"Comunidad Musulmana Ahmad\u00eda\",\"url\":\"https:\\\/\\\/www.ahmadiyya-islam.org\\\/es\\\/\",\"logo\":{\"@type\":\"ImageObject\",\"inLanguage\":\"es-ES\",\"@id\":\"https:\\\/\\\/www.ahmadiyya-islam.org\\\/es\\\/#\\\/schema\\\/logo\\\/image\\\/\",\"url\":\"https:\\\/\\\/www.ahmadiyya-islam.org\\\/es\\\/wp-content\\\/uploads\\\/sites\\\/10\\\/2015\\\/06\\\/alislam-logo.png\",\"contentUrl\":\"https:\\\/\\\/www.ahmadiyya-islam.org\\\/es\\\/wp-content\\\/uploads\\\/sites\\\/10\\\/2015\\\/06\\\/alislam-logo.png\",\"width\":1859,\"height\":1859,\"caption\":\"Comunidad Musulmana Ahmad\u00eda\"},\"image\":{\"@id\":\"https:\\\/\\\/www.ahmadiyya-islam.org\\\/es\\\/#\\\/schema\\\/logo\\\/image\\\/\"}},{\"@type\":\"Person\",\"@id\":\"https:\\\/\\\/www.ahmadiyya-islam.org\\\/es\\\/#\\\/schema\\\/person\\\/ac4c08c7012bbfe73a43476371042f59\",\"name\":\"es1tarikara\"}]}<\/script>\n<!-- \/ Yoast SEO Premium plugin. -->","yoast_head_json":{"title":"El l\u00edder de la Comunidad Musulmana Ahmad\u00eda condena los ataques terroristas perpetrados en Europa y hace un llamamiento por la paz mundial","description":"Su Santidad, Hazrat Mirza Masrur Ahmad aborda la actual desintegraci\u00f3n de los pa\u00edses musulmanes \u00a0Su Santidad elogia al Papa Francisco por decir que las","robots":{"index":"index","follow":"follow","max-snippet":"max-snippet:-1","max-image-preview":"max-image-preview:large","max-video-preview":"max-video-preview:-1"},"canonical":"https:\/\/www.ahmadiyya-islam.org\/es\/comunicados-de-prensa\/sermon-condena-terrorismo-2016\/","og_locale":"es_ES","og_type":"article","og_title":"El l\u00edder de la Comunidad Musulmana Ahmad\u00eda condena los ataques terroristas perpetrados en Europa y hace un llamamiento por la paz mundial","og_description":"Su Santidad, Hazrat Mirza Masrur Ahmad aborda la actual desintegraci\u00f3n de los pa\u00edses musulmanes \u00a0Su Santidad elogia al Papa Francisco por decir que las","og_url":"https:\/\/www.ahmadiyya-islam.org\/es\/comunicados-de-prensa\/sermon-condena-terrorismo-2016\/","og_site_name":"Comunidad Musulmana Ahmad\u00eda","article_published_time":"2016-07-31T19:18:13+00:00","article_modified_time":"2016-08-02T15:10:03+00:00","og_image":[{"width":1467,"height":826,"url":"https:\/\/www.ahmadiyya-islam.org\/es\/wp-content\/uploads\/sites\/10\/2016\/07\/2014-07-04-FS-001.jpg","type":"image\/jpeg"}],"author":"es1tarikara","twitter_card":"summary_large_image","twitter_title":"El Jalifa del #Islam condena el #terrorismo y hace un llamamiento a la #paz","twitter_misc":{"Written by":"es1tarikara","Est. reading time":"4 minutes"},"schema":{"@context":"https:\/\/schema.org","@graph":[{"@type":"Article","@id":"https:\/\/www.ahmadiyya-islam.org\/es\/comunicados-de-prensa\/sermon-condena-terrorismo-2016\/#article","isPartOf":{"@id":"https:\/\/www.ahmadiyya-islam.org\/es\/comunicados-de-prensa\/sermon-condena-terrorismo-2016\/"},"author":{"name":"es1tarikara","@id":"https:\/\/www.ahmadiyya-islam.org\/es\/#\/schema\/person\/ac4c08c7012bbfe73a43476371042f59"},"headline":"El l\u00edder de la Comunidad Musulmana Ahmad\u00eda condena los ataques terroristas perpetrados en Europa y hace un llamamiento por la paz mundial","datePublished":"2016-07-31T19:18:13+00:00","dateModified":"2016-08-02T15:10:03+00:00","mainEntityOfPage":{"@id":"https:\/\/www.ahmadiyya-islam.org\/es\/comunicados-de-prensa\/sermon-condena-terrorismo-2016\/"},"wordCount":912,"publisher":{"@id":"https:\/\/www.ahmadiyya-islam.org\/es\/#organization"},"image":{"@id":"https:\/\/www.ahmadiyya-islam.org\/es\/comunicados-de-prensa\/sermon-condena-terrorismo-2016\/#primaryimage"},"thumbnailUrl":"https:\/\/www.ahmadiyya-islam.org\/es\/wp-content\/uploads\/sites\/10\/2016\/07\/2014-07-04-FS-001.jpg","articleSection":["Comunicados de prensa"],"inLanguage":"es-ES"},{"@type":"WebPage","@id":"https:\/\/www.ahmadiyya-islam.org\/es\/comunicados-de-prensa\/sermon-condena-terrorismo-2016\/","url":"https:\/\/www.ahmadiyya-islam.org\/es\/comunicados-de-prensa\/sermon-condena-terrorismo-2016\/","name":"El l\u00edder de la Comunidad Musulmana Ahmad\u00eda condena los ataques terroristas perpetrados en Europa y hace un llamamiento por la paz mundial","isPartOf":{"@id":"https:\/\/www.ahmadiyya-islam.org\/es\/#website"},"primaryImageOfPage":{"@id":"https:\/\/www.ahmadiyya-islam.org\/es\/comunicados-de-prensa\/sermon-condena-terrorismo-2016\/#primaryimage"},"image":{"@id":"https:\/\/www.ahmadiyya-islam.org\/es\/comunicados-de-prensa\/sermon-condena-terrorismo-2016\/#primaryimage"},"thumbnailUrl":"https:\/\/www.ahmadiyya-islam.org\/es\/wp-content\/uploads\/sites\/10\/2016\/07\/2014-07-04-FS-001.jpg","datePublished":"2016-07-31T19:18:13+00:00","dateModified":"2016-08-02T15:10:03+00:00","description":"Su Santidad, Hazrat Mirza Masrur Ahmad aborda la actual desintegraci\u00f3n de los pa\u00edses musulmanes \u00a0Su Santidad elogia al Papa Francisco por decir que las","breadcrumb":{"@id":"https:\/\/www.ahmadiyya-islam.org\/es\/comunicados-de-prensa\/sermon-condena-terrorismo-2016\/#breadcrumb"},"inLanguage":"es-ES","potentialAction":[{"@type":"ReadAction","target":["https:\/\/www.ahmadiyya-islam.org\/es\/comunicados-de-prensa\/sermon-condena-terrorismo-2016\/"]}]},{"@type":"ImageObject","inLanguage":"es-ES","@id":"https:\/\/www.ahmadiyya-islam.org\/es\/comunicados-de-prensa\/sermon-condena-terrorismo-2016\/#primaryimage","url":"https:\/\/www.ahmadiyya-islam.org\/es\/wp-content\/uploads\/sites\/10\/2016\/07\/2014-07-04-FS-001.jpg","contentUrl":"https:\/\/www.ahmadiyya-islam.org\/es\/wp-content\/uploads\/sites\/10\/2016\/07\/2014-07-04-FS-001.jpg","width":1467,"height":826},{"@type":"BreadcrumbList","@id":"https:\/\/www.ahmadiyya-islam.org\/es\/comunicados-de-prensa\/sermon-condena-terrorismo-2016\/#breadcrumb","itemListElement":[{"@type":"ListItem","position":1,"name":"Home","item":"https:\/\/www.ahmadiyya-islam.org\/es\/"},{"@type":"ListItem","position":2,"name":"El l\u00edder de la Comunidad Musulmana Ahmad\u00eda condena los ataques terroristas perpetrados en Europa y hace un llamamiento por la paz mundial"}]},{"@type":"WebSite","@id":"https:\/\/www.ahmadiyya-islam.org\/es\/#website","url":"https:\/\/www.ahmadiyya-islam.org\/es\/","name":"Comunidad Musulmana Ahmad\u00eda","description":"Internacional","publisher":{"@id":"https:\/\/www.ahmadiyya-islam.org\/es\/#organization"},"potentialAction":[{"@type":"SearchAction","target":{"@type":"EntryPoint","urlTemplate":"https:\/\/www.ahmadiyya-islam.org\/es\/?s={search_term_string}"},"query-input":{"@type":"PropertyValueSpecification","valueRequired":true,"valueName":"search_term_string"}}],"inLanguage":"es-ES"},{"@type":"Organization","@id":"https:\/\/www.ahmadiyya-islam.org\/es\/#organization","name":"Comunidad Musulmana Ahmad\u00eda","url":"https:\/\/www.ahmadiyya-islam.org\/es\/","logo":{"@type":"ImageObject","inLanguage":"es-ES","@id":"https:\/\/www.ahmadiyya-islam.org\/es\/#\/schema\/logo\/image\/","url":"https:\/\/www.ahmadiyya-islam.org\/es\/wp-content\/uploads\/sites\/10\/2015\/06\/alislam-logo.png","contentUrl":"https:\/\/www.ahmadiyya-islam.org\/es\/wp-content\/uploads\/sites\/10\/2015\/06\/alislam-logo.png","width":1859,"height":1859,"caption":"Comunidad Musulmana Ahmad\u00eda"},"image":{"@id":"https:\/\/www.ahmadiyya-islam.org\/es\/#\/schema\/logo\/image\/"}},{"@type":"Person","@id":"https:\/\/www.ahmadiyya-islam.org\/es\/#\/schema\/person\/ac4c08c7012bbfe73a43476371042f59","name":"es1tarikara"}]}},"_links":{"self":[{"href":"https:\/\/www.ahmadiyya-islam.org\/es\/wp-json\/wp\/v2\/posts\/2865","targetHints":{"allow":["GET"]}}],"collection":[{"href":"https:\/\/www.ahmadiyya-islam.org\/es\/wp-json\/wp\/v2\/posts"}],"about":[{"href":"https:\/\/www.ahmadiyya-islam.org\/es\/wp-json\/wp\/v2\/types\/post"}],"author":[{"embeddable":true,"href":"https:\/\/www.ahmadiyya-islam.org\/es\/wp-json\/wp\/v2\/users\/15"}],"replies":[{"embeddable":true,"href":"https:\/\/www.ahmadiyya-islam.org\/es\/wp-json\/wp\/v2\/comments?post=2865"}],"version-history":[{"count":0,"href":"https:\/\/www.ahmadiyya-islam.org\/es\/wp-json\/wp\/v2\/posts\/2865\/revisions"}],"wp:featuredmedia":[{"embeddable":true,"href":"https:\/\/www.ahmadiyya-islam.org\/es\/wp-json\/wp\/v2\/media\/2866"}],"wp:attachment":[{"href":"https:\/\/www.ahmadiyya-islam.org\/es\/wp-json\/wp\/v2\/media?parent=2865"}],"wp:term":[{"taxonomy":"category","embeddable":true,"href":"https:\/\/www.ahmadiyya-islam.org\/es\/wp-json\/wp\/v2\/categories?post=2865"},{"taxonomy":"post_tag","embeddable":true,"href":"https:\/\/www.ahmadiyya-islam.org\/es\/wp-json\/wp\/v2\/tags?post=2865"},{"taxonomy":"authors","embeddable":true,"href":"https:\/\/www.ahmadiyya-islam.org\/es\/wp-json\/wp\/v2\/authors?post=2865"},{"taxonomy":"content_source","embeddable":true,"href":"https:\/\/www.ahmadiyya-islam.org\/es\/wp-json\/wp\/v2\/content_source?post=2865"}],"curies":[{"name":"wp","href":"https:\/\/api.w.org\/{rel}","templated":true}]}}