{"id":2841,"date":"2016-07-22T22:34:08","date_gmt":"2016-07-22T22:34:08","guid":{"rendered":"http:\/\/www.ahmadiyya-islam.org\/es\/?p=2841"},"modified":"2016-07-22T22:35:15","modified_gmt":"2016-07-22T22:35:15","slug":"ataque-munich-2016","status":"publish","type":"post","link":"https:\/\/www.ahmadiyya-islam.org\/es\/comunicados-de-prensa\/ataque-munich-2016\/","title":{"rendered":"Ataque en M\u00fanich: #RezemosporMunich"},"content":{"rendered":"<p>Al menos seis personas han muerto en un tiroteo en pleno centro de M\u00fanich. Los atacantes dispararon a transe\u00fantes y clientes de un restaurante de la ciudad, pr\u00f3ximo a un gran centro comercial.<\/p>\n<p><strong>Declaraci\u00f3n de la Comunidad Musulmana Ahmad\u00eda:<\/strong><\/p>\n<blockquote><p>&#8220;Nos sentimos consternados y entristecidos tras conocer el ataque producido\u00a0M\u00fanich en el que varios inocentes han sido asesinados.\u201d<\/p>\n<p>&#8220;Las v\u00edctimas de este b\u00e1rbaro ataque y sus familias est\u00e1n en nuestros\u00a0pensamientos y oraciones.\u201d<\/p>\n<p>&#8220;Todas las formas de terrorismo y extremismo est\u00e1n en contra de las\u00a0verdaderas ense\u00f1anzas del islam. El Santo Cor\u00e1n dice el asesinato de una\u00a0persona inocente equivale al asesinato de toda la humanidad.\u201d<\/p>\n<p>&#8220;Esperamos que los autores de semejante barbarie sean llevados\u00a0r\u00e1pidamente ante la justicia.&#8221;<\/p><\/blockquote>\n","protected":false},"excerpt":{"rendered":"<p>Al menos seis personas han muerto en un tiroteo en pleno centro de M\u00fanich. Los atacantes dispararon a transe\u00fantes y clientes de un restaurante de la ciudad, pr\u00f3ximo a un gran centro comercial.<\/p>\n","protected":false},"author":1,"featured_media":2842,"comment_status":"closed","ping_status":"closed","sticky":false,"template":"","format":"standard","meta":{"_acf_changed":false,"footnotes":""},"categories":[1],"tags":[],"authors":[],"content_source":[],"class_list":["post-2841","post","type-post","status-publish","format-standard","has-post-thumbnail","hentry","category-comunicados-de-prensa"],"acf":[],"yoast_head":"<!-- This site is optimized with the Yoast SEO Premium plugin v21.1 (Yoast SEO v27.4) - https:\/\/yoast.com\/product\/yoast-seo-premium-wordpress\/ -->\n<title>Ataque en M\u00fanich: #RezemosporMunich<\/title>\n<meta name=\"description\" content=\"Los atacantes dispararon a transe\u00fantes y clientes de un restaurante de la ciudad, pr\u00f3ximo a un gran centro comercial.\" \/>\n<meta name=\"robots\" content=\"index, follow, max-snippet:-1, max-image-preview:large, max-video-preview:-1\" \/>\n<link rel=\"canonical\" href=\"https:\/\/www.ahmadiyya-islam.org\/es\/comunicados-de-prensa\/ataque-munich-2016\/\" \/>\n<meta property=\"og:locale\" content=\"es_ES\" \/>\n<meta property=\"og:type\" content=\"article\" \/>\n<meta property=\"og:title\" content=\"Ataque en M\u00fanich: #RezemosporMunich\" \/>\n<meta property=\"og:description\" content=\"Los atacantes dispararon a transe\u00fantes y clientes de un restaurante de la ciudad, pr\u00f3ximo a un gran centro comercial.\" \/>\n<meta property=\"og:url\" content=\"https:\/\/www.ahmadiyya-islam.org\/es\/comunicados-de-prensa\/ataque-munich-2016\/\" \/>\n<meta property=\"og:site_name\" content=\"Comunidad Musulmana Ahmad\u00eda\" \/>\n<meta property=\"article:published_time\" content=\"2016-07-22T22:34:08+00:00\" \/>\n<meta property=\"article:modified_time\" content=\"2016-07-22T22:35:15+00:00\" \/>\n<meta property=\"og:image\" content=\"https:\/\/www.ahmadiyya-islam.org\/es\/wp-content\/uploads\/sites\/10\/2016\/07\/c00183681dc_1469211242-1920x1080.jpg\" \/>\n\t<meta property=\"og:image:width\" content=\"1200\" \/>\n\t<meta property=\"og:image:height\" content=\"675\" \/>\n\t<meta property=\"og:image:type\" content=\"image\/jpeg\" \/>\n<meta name=\"author\" content=\"msi\" \/>\n<meta name=\"twitter:card\" content=\"summary_large_image\" \/>\n<meta name=\"twitter:label1\" content=\"Written by\" \/>\n\t<meta name=\"twitter:data1\" content=\"msi\" \/>\n\t<meta name=\"twitter:label2\" content=\"Est. reading time\" \/>\n\t<meta name=\"twitter:data2\" content=\"1 minute\" \/>\n<script type=\"application\/ld+json\" class=\"yoast-schema-graph\">{\"@context\":\"https:\\\/\\\/schema.org\",\"@graph\":[{\"@type\":\"Article\",\"@id\":\"https:\\\/\\\/www.ahmadiyya-islam.org\\\/es\\\/comunicados-de-prensa\\\/ataque-munich-2016\\\/#article\",\"isPartOf\":{\"@id\":\"https:\\\/\\\/www.ahmadiyya-islam.org\\\/es\\\/comunicados-de-prensa\\\/ataque-munich-2016\\\/\"},\"author\":{\"name\":\"msi\",\"@id\":\"https:\\\/\\\/www.ahmadiyya-islam.org\\\/es\\\/#\\\/schema\\\/person\\\/83d2f525d5c8e69740601fb0bedbeb43\"},\"headline\":\"Ataque en M\u00fanich: #RezemosporMunich\",\"datePublished\":\"2016-07-22T22:34:08+00:00\",\"dateModified\":\"2016-07-22T22:35:15+00:00\",\"mainEntityOfPage\":{\"@id\":\"https:\\\/\\\/www.ahmadiyya-islam.org\\\/es\\\/comunicados-de-prensa\\\/ataque-munich-2016\\\/\"},\"wordCount\":137,\"publisher\":{\"@id\":\"https:\\\/\\\/www.ahmadiyya-islam.org\\\/es\\\/#organization\"},\"image\":{\"@id\":\"https:\\\/\\\/www.ahmadiyya-islam.org\\\/es\\\/comunicados-de-prensa\\\/ataque-munich-2016\\\/#primaryimage\"},\"thumbnailUrl\":\"https:\\\/\\\/www.ahmadiyya-islam.org\\\/es\\\/wp-content\\\/uploads\\\/sites\\\/10\\\/2016\\\/07\\\/c00183681dc_1469211242-1920x1080.jpg\",\"articleSection\":[\"Comunicados de prensa\"],\"inLanguage\":\"es-ES\"},{\"@type\":\"WebPage\",\"@id\":\"https:\\\/\\\/www.ahmadiyya-islam.org\\\/es\\\/comunicados-de-prensa\\\/ataque-munich-2016\\\/\",\"url\":\"https:\\\/\\\/www.ahmadiyya-islam.org\\\/es\\\/comunicados-de-prensa\\\/ataque-munich-2016\\\/\",\"name\":\"Ataque en M\u00fanich: #RezemosporMunich\",\"isPartOf\":{\"@id\":\"https:\\\/\\\/www.ahmadiyya-islam.org\\\/es\\\/#website\"},\"primaryImageOfPage\":{\"@id\":\"https:\\\/\\\/www.ahmadiyya-islam.org\\\/es\\\/comunicados-de-prensa\\\/ataque-munich-2016\\\/#primaryimage\"},\"image\":{\"@id\":\"https:\\\/\\\/www.ahmadiyya-islam.org\\\/es\\\/comunicados-de-prensa\\\/ataque-munich-2016\\\/#primaryimage\"},\"thumbnailUrl\":\"https:\\\/\\\/www.ahmadiyya-islam.org\\\/es\\\/wp-content\\\/uploads\\\/sites\\\/10\\\/2016\\\/07\\\/c00183681dc_1469211242-1920x1080.jpg\",\"datePublished\":\"2016-07-22T22:34:08+00:00\",\"dateModified\":\"2016-07-22T22:35:15+00:00\",\"description\":\"Los atacantes dispararon a transe\u00fantes y clientes de un restaurante de la ciudad, pr\u00f3ximo a un gran centro comercial.\",\"breadcrumb\":{\"@id\":\"https:\\\/\\\/www.ahmadiyya-islam.org\\\/es\\\/comunicados-de-prensa\\\/ataque-munich-2016\\\/#breadcrumb\"},\"inLanguage\":\"es-ES\",\"potentialAction\":[{\"@type\":\"ReadAction\",\"target\":[\"https:\\\/\\\/www.ahmadiyya-islam.org\\\/es\\\/comunicados-de-prensa\\\/ataque-munich-2016\\\/\"]}]},{\"@type\":\"ImageObject\",\"inLanguage\":\"es-ES\",\"@id\":\"https:\\\/\\\/www.ahmadiyya-islam.org\\\/es\\\/comunicados-de-prensa\\\/ataque-munich-2016\\\/#primaryimage\",\"url\":\"https:\\\/\\\/www.ahmadiyya-islam.org\\\/es\\\/wp-content\\\/uploads\\\/sites\\\/10\\\/2016\\\/07\\\/c00183681dc_1469211242-1920x1080.jpg\",\"contentUrl\":\"https:\\\/\\\/www.ahmadiyya-islam.org\\\/es\\\/wp-content\\\/uploads\\\/sites\\\/10\\\/2016\\\/07\\\/c00183681dc_1469211242-1920x1080.jpg\",\"width\":1200,\"height\":675},{\"@type\":\"BreadcrumbList\",\"@id\":\"https:\\\/\\\/www.ahmadiyya-islam.org\\\/es\\\/comunicados-de-prensa\\\/ataque-munich-2016\\\/#breadcrumb\",\"itemListElement\":[{\"@type\":\"ListItem\",\"position\":1,\"name\":\"Home\",\"item\":\"https:\\\/\\\/www.ahmadiyya-islam.org\\\/es\\\/\"},{\"@type\":\"ListItem\",\"position\":2,\"name\":\"Ataque en M\u00fanich: #RezemosporMunich\"}]},{\"@type\":\"WebSite\",\"@id\":\"https:\\\/\\\/www.ahmadiyya-islam.org\\\/es\\\/#website\",\"url\":\"https:\\\/\\\/www.ahmadiyya-islam.org\\\/es\\\/\",\"name\":\"Comunidad Musulmana Ahmad\u00eda\",\"description\":\"Internacional\",\"publisher\":{\"@id\":\"https:\\\/\\\/www.ahmadiyya-islam.org\\\/es\\\/#organization\"},\"potentialAction\":[{\"@type\":\"SearchAction\",\"target\":{\"@type\":\"EntryPoint\",\"urlTemplate\":\"https:\\\/\\\/www.ahmadiyya-islam.org\\\/es\\\/?s={search_term_string}\"},\"query-input\":{\"@type\":\"PropertyValueSpecification\",\"valueRequired\":true,\"valueName\":\"search_term_string\"}}],\"inLanguage\":\"es-ES\"},{\"@type\":\"Organization\",\"@id\":\"https:\\\/\\\/www.ahmadiyya-islam.org\\\/es\\\/#organization\",\"name\":\"Comunidad Musulmana Ahmad\u00eda\",\"url\":\"https:\\\/\\\/www.ahmadiyya-islam.org\\\/es\\\/\",\"logo\":{\"@type\":\"ImageObject\",\"inLanguage\":\"es-ES\",\"@id\":\"https:\\\/\\\/www.ahmadiyya-islam.org\\\/es\\\/#\\\/schema\\\/logo\\\/image\\\/\",\"url\":\"https:\\\/\\\/www.ahmadiyya-islam.org\\\/es\\\/wp-content\\\/uploads\\\/sites\\\/10\\\/2015\\\/06\\\/alislam-logo.png\",\"contentUrl\":\"https:\\\/\\\/www.ahmadiyya-islam.org\\\/es\\\/wp-content\\\/uploads\\\/sites\\\/10\\\/2015\\\/06\\\/alislam-logo.png\",\"width\":1859,\"height\":1859,\"caption\":\"Comunidad Musulmana Ahmad\u00eda\"},\"image\":{\"@id\":\"https:\\\/\\\/www.ahmadiyya-islam.org\\\/es\\\/#\\\/schema\\\/logo\\\/image\\\/\"}},{\"@type\":\"Person\",\"@id\":\"https:\\\/\\\/www.ahmadiyya-islam.org\\\/es\\\/#\\\/schema\\\/person\\\/83d2f525d5c8e69740601fb0bedbeb43\",\"name\":\"msi\"}]}<\/script>\n<!-- \/ Yoast SEO Premium plugin. -->","yoast_head_json":{"title":"Ataque en M\u00fanich: #RezemosporMunich","description":"Los atacantes dispararon a transe\u00fantes y clientes de un restaurante de la ciudad, pr\u00f3ximo a un gran centro comercial.","robots":{"index":"index","follow":"follow","max-snippet":"max-snippet:-1","max-image-preview":"max-image-preview:large","max-video-preview":"max-video-preview:-1"},"canonical":"https:\/\/www.ahmadiyya-islam.org\/es\/comunicados-de-prensa\/ataque-munich-2016\/","og_locale":"es_ES","og_type":"article","og_title":"Ataque en M\u00fanich: #RezemosporMunich","og_description":"Los atacantes dispararon a transe\u00fantes y clientes de un restaurante de la ciudad, pr\u00f3ximo a un gran centro comercial.","og_url":"https:\/\/www.ahmadiyya-islam.org\/es\/comunicados-de-prensa\/ataque-munich-2016\/","og_site_name":"Comunidad Musulmana Ahmad\u00eda","article_published_time":"2016-07-22T22:34:08+00:00","article_modified_time":"2016-07-22T22:35:15+00:00","og_image":[{"width":1200,"height":675,"url":"https:\/\/www.ahmadiyya-islam.org\/es\/wp-content\/uploads\/sites\/10\/2016\/07\/c00183681dc_1469211242-1920x1080.jpg","type":"image\/jpeg"}],"author":"msi","twitter_card":"summary_large_image","twitter_misc":{"Written by":"msi","Est. reading time":"1 minute"},"schema":{"@context":"https:\/\/schema.org","@graph":[{"@type":"Article","@id":"https:\/\/www.ahmadiyya-islam.org\/es\/comunicados-de-prensa\/ataque-munich-2016\/#article","isPartOf":{"@id":"https:\/\/www.ahmadiyya-islam.org\/es\/comunicados-de-prensa\/ataque-munich-2016\/"},"author":{"name":"msi","@id":"https:\/\/www.ahmadiyya-islam.org\/es\/#\/schema\/person\/83d2f525d5c8e69740601fb0bedbeb43"},"headline":"Ataque en M\u00fanich: #RezemosporMunich","datePublished":"2016-07-22T22:34:08+00:00","dateModified":"2016-07-22T22:35:15+00:00","mainEntityOfPage":{"@id":"https:\/\/www.ahmadiyya-islam.org\/es\/comunicados-de-prensa\/ataque-munich-2016\/"},"wordCount":137,"publisher":{"@id":"https:\/\/www.ahmadiyya-islam.org\/es\/#organization"},"image":{"@id":"https:\/\/www.ahmadiyya-islam.org\/es\/comunicados-de-prensa\/ataque-munich-2016\/#primaryimage"},"thumbnailUrl":"https:\/\/www.ahmadiyya-islam.org\/es\/wp-content\/uploads\/sites\/10\/2016\/07\/c00183681dc_1469211242-1920x1080.jpg","articleSection":["Comunicados de prensa"],"inLanguage":"es-ES"},{"@type":"WebPage","@id":"https:\/\/www.ahmadiyya-islam.org\/es\/comunicados-de-prensa\/ataque-munich-2016\/","url":"https:\/\/www.ahmadiyya-islam.org\/es\/comunicados-de-prensa\/ataque-munich-2016\/","name":"Ataque en M\u00fanich: #RezemosporMunich","isPartOf":{"@id":"https:\/\/www.ahmadiyya-islam.org\/es\/#website"},"primaryImageOfPage":{"@id":"https:\/\/www.ahmadiyya-islam.org\/es\/comunicados-de-prensa\/ataque-munich-2016\/#primaryimage"},"image":{"@id":"https:\/\/www.ahmadiyya-islam.org\/es\/comunicados-de-prensa\/ataque-munich-2016\/#primaryimage"},"thumbnailUrl":"https:\/\/www.ahmadiyya-islam.org\/es\/wp-content\/uploads\/sites\/10\/2016\/07\/c00183681dc_1469211242-1920x1080.jpg","datePublished":"2016-07-22T22:34:08+00:00","dateModified":"2016-07-22T22:35:15+00:00","description":"Los atacantes dispararon a transe\u00fantes y clientes de un restaurante de la ciudad, pr\u00f3ximo a un gran centro comercial.","breadcrumb":{"@id":"https:\/\/www.ahmadiyya-islam.org\/es\/comunicados-de-prensa\/ataque-munich-2016\/#breadcrumb"},"inLanguage":"es-ES","potentialAction":[{"@type":"ReadAction","target":["https:\/\/www.ahmadiyya-islam.org\/es\/comunicados-de-prensa\/ataque-munich-2016\/"]}]},{"@type":"ImageObject","inLanguage":"es-ES","@id":"https:\/\/www.ahmadiyya-islam.org\/es\/comunicados-de-prensa\/ataque-munich-2016\/#primaryimage","url":"https:\/\/www.ahmadiyya-islam.org\/es\/wp-content\/uploads\/sites\/10\/2016\/07\/c00183681dc_1469211242-1920x1080.jpg","contentUrl":"https:\/\/www.ahmadiyya-islam.org\/es\/wp-content\/uploads\/sites\/10\/2016\/07\/c00183681dc_1469211242-1920x1080.jpg","width":1200,"height":675},{"@type":"BreadcrumbList","@id":"https:\/\/www.ahmadiyya-islam.org\/es\/comunicados-de-prensa\/ataque-munich-2016\/#breadcrumb","itemListElement":[{"@type":"ListItem","position":1,"name":"Home","item":"https:\/\/www.ahmadiyya-islam.org\/es\/"},{"@type":"ListItem","position":2,"name":"Ataque en M\u00fanich: #RezemosporMunich"}]},{"@type":"WebSite","@id":"https:\/\/www.ahmadiyya-islam.org\/es\/#website","url":"https:\/\/www.ahmadiyya-islam.org\/es\/","name":"Comunidad Musulmana Ahmad\u00eda","description":"Internacional","publisher":{"@id":"https:\/\/www.ahmadiyya-islam.org\/es\/#organization"},"potentialAction":[{"@type":"SearchAction","target":{"@type":"EntryPoint","urlTemplate":"https:\/\/www.ahmadiyya-islam.org\/es\/?s={search_term_string}"},"query-input":{"@type":"PropertyValueSpecification","valueRequired":true,"valueName":"search_term_string"}}],"inLanguage":"es-ES"},{"@type":"Organization","@id":"https:\/\/www.ahmadiyya-islam.org\/es\/#organization","name":"Comunidad Musulmana Ahmad\u00eda","url":"https:\/\/www.ahmadiyya-islam.org\/es\/","logo":{"@type":"ImageObject","inLanguage":"es-ES","@id":"https:\/\/www.ahmadiyya-islam.org\/es\/#\/schema\/logo\/image\/","url":"https:\/\/www.ahmadiyya-islam.org\/es\/wp-content\/uploads\/sites\/10\/2015\/06\/alislam-logo.png","contentUrl":"https:\/\/www.ahmadiyya-islam.org\/es\/wp-content\/uploads\/sites\/10\/2015\/06\/alislam-logo.png","width":1859,"height":1859,"caption":"Comunidad Musulmana Ahmad\u00eda"},"image":{"@id":"https:\/\/www.ahmadiyya-islam.org\/es\/#\/schema\/logo\/image\/"}},{"@type":"Person","@id":"https:\/\/www.ahmadiyya-islam.org\/es\/#\/schema\/person\/83d2f525d5c8e69740601fb0bedbeb43","name":"msi"}]}},"_links":{"self":[{"href":"https:\/\/www.ahmadiyya-islam.org\/es\/wp-json\/wp\/v2\/posts\/2841","targetHints":{"allow":["GET"]}}],"collection":[{"href":"https:\/\/www.ahmadiyya-islam.org\/es\/wp-json\/wp\/v2\/posts"}],"about":[{"href":"https:\/\/www.ahmadiyya-islam.org\/es\/wp-json\/wp\/v2\/types\/post"}],"author":[{"embeddable":true,"href":"https:\/\/www.ahmadiyya-islam.org\/es\/wp-json\/wp\/v2\/users\/1"}],"replies":[{"embeddable":true,"href":"https:\/\/www.ahmadiyya-islam.org\/es\/wp-json\/wp\/v2\/comments?post=2841"}],"version-history":[{"count":0,"href":"https:\/\/www.ahmadiyya-islam.org\/es\/wp-json\/wp\/v2\/posts\/2841\/revisions"}],"wp:featuredmedia":[{"embeddable":true,"href":"https:\/\/www.ahmadiyya-islam.org\/es\/wp-json\/wp\/v2\/media\/2842"}],"wp:attachment":[{"href":"https:\/\/www.ahmadiyya-islam.org\/es\/wp-json\/wp\/v2\/media?parent=2841"}],"wp:term":[{"taxonomy":"category","embeddable":true,"href":"https:\/\/www.ahmadiyya-islam.org\/es\/wp-json\/wp\/v2\/categories?post=2841"},{"taxonomy":"post_tag","embeddable":true,"href":"https:\/\/www.ahmadiyya-islam.org\/es\/wp-json\/wp\/v2\/tags?post=2841"},{"taxonomy":"authors","embeddable":true,"href":"https:\/\/www.ahmadiyya-islam.org\/es\/wp-json\/wp\/v2\/authors?post=2841"},{"taxonomy":"content_source","embeddable":true,"href":"https:\/\/www.ahmadiyya-islam.org\/es\/wp-json\/wp\/v2\/content_source?post=2841"}],"curies":[{"name":"wp","href":"https:\/\/api.w.org\/{rel}","templated":true}]}}