{"id":2828,"date":"2016-05-06T22:40:27","date_gmt":"2016-05-06T22:40:27","guid":{"rendered":"http:\/\/www.ahmadiyya-islam.org\/es\/?p=2828"},"modified":"2016-05-18T22:45:33","modified_gmt":"2016-05-18T22:45:33","slug":"alcalde-hvidovre-dinamarca-2016","status":"publish","type":"post","link":"https:\/\/www.ahmadiyya-islam.org\/es\/comunicados-de-prensa\/alcalde-hvidovre-dinamarca-2016\/","title":{"rendered":"El Alcalde de Hvidovre da la bienvenida a Dinamarca al L\u00edder de la Comunidad Musulmana Ahmad\u00eda"},"content":{"rendered":"<p><strong>Durante la reuni\u00f3n, Su Santidad, Hazrat Mirza Masrur Ahmad dijo que es una cuesti\u00f3n crucial de nuestro tiempo establecer la paz mundial.<\/strong><\/p>\n<p>El 5 de mayo de 2016, el L\u00edder Mundial de la Comunidad Musulmana Ahmad\u00eda, el Quinto Califa, Su Santidad Hazrat Mirza Masrur Ahmad fue recibido por el Honorable Helle Adelborg, Alcalde de Hvidovre, y los Concejales Annette Sjobeck, Mar\u00eda Durhuus, Kenneth Christensen y Kashif Ahmad.<\/p>\n<p><img loading=\"lazy\" decoding=\"async\" class=\"aligncenter size-full wp-image-2829\" src=\"http:\/\/www.ahmadiyya-islam.org\/es\/wp-content\/uploads\/sites\/10\/2016\/05\/2016-05-05-DK-Mayor-Invite-001.jpg\" alt=\"2016-05-05-DK-Mayor-Invite-001\" width=\"1000\" height=\"465\" srcset=\"https:\/\/www.ahmadiyya-islam.org\/es\/wp-content\/uploads\/sites\/10\/2016\/05\/2016-05-05-DK-Mayor-Invite-001.jpg 1000w, https:\/\/www.ahmadiyya-islam.org\/es\/wp-content\/uploads\/sites\/10\/2016\/05\/2016-05-05-DK-Mayor-Invite-001-300x140.jpg 300w, https:\/\/www.ahmadiyya-islam.org\/es\/wp-content\/uploads\/sites\/10\/2016\/05\/2016-05-05-DK-Mayor-Invite-001-768x357.jpg 768w\" sizes=\"auto, (max-width: 1000px) 100vw, 1000px\" \/><\/p>\n<p>En la reuni\u00f3n, que dur\u00f3 30 minutos y tuvo lugar en la Mezquita Nusrat Jahan de Copenhague, el Alcalde afirm\u00f3 que era<\/p>\n<blockquote><p><strong>\u201cun gran honor y un motivo de orgullo\u201d<\/strong><\/p><\/blockquote>\n<p>para Hvidovre recibir de nuevo a Su Santidad.<\/p>\n<p><img loading=\"lazy\" decoding=\"async\" class=\"aligncenter size-full wp-image-2830\" src=\"http:\/\/www.ahmadiyya-islam.org\/es\/wp-content\/uploads\/sites\/10\/2016\/05\/2016-05-05-DK-Mayor-Invite-002.jpg\" alt=\"2016-05-05-DK-Mayor-Invite-002\" width=\"993\" height=\"510\" srcset=\"https:\/\/www.ahmadiyya-islam.org\/es\/wp-content\/uploads\/sites\/10\/2016\/05\/2016-05-05-DK-Mayor-Invite-002.jpg 993w, https:\/\/www.ahmadiyya-islam.org\/es\/wp-content\/uploads\/sites\/10\/2016\/05\/2016-05-05-DK-Mayor-Invite-002-300x154.jpg 300w, https:\/\/www.ahmadiyya-islam.org\/es\/wp-content\/uploads\/sites\/10\/2016\/05\/2016-05-05-DK-Mayor-Invite-002-768x394.jpg 768w\" sizes=\"auto, (max-width: 993px) 100vw, 993px\" \/><\/p>\n<p>Respondiendo a una pregunta sobre la persecuci\u00f3n que sufren los musulmanes \u00e1hmadis, Su Santidad explic\u00f3 que los musulmanes \u00e1hmadis est\u00e1n perseguidos en algunos pa\u00edses musulmanes, especialmente en Pakist\u00e1n. Sin embargo, con la gracia de Dios, la Comunidad Musulmana Ahmad\u00eda contin\u00faa progresando.<\/p>\n<p>Durante la reuni\u00f3n, Su Santidad habl\u00f3 sobre la necesidad de<\/p>\n<blockquote><p><strong>\u201cunirse en el esfuerzo por establecer la paz mundial\u201d <\/strong><\/p><\/blockquote>\n<p>y tambi\u00e9n abord\u00f3 la cuesti\u00f3n de la libertad de expresi\u00f3n.<\/p>\n<p>Su Santidad, Hazrat Mirza Masrur Ahmad dijo:<\/p>\n<blockquote><p><strong>\u201cSiempre he mantenido que la libertad de expresi\u00f3n es sumamente importante, sin embargo, debe haber un l\u00edmite, porque es injusto utilizar un discurso que pueda ofender y herir los sentimientos de los dem\u00e1s. Necesitamos encontrar el t\u00e9rmino medio para que podamos establecer la paz en el mundo.\u201d<\/strong><\/p><\/blockquote>\n<p><img loading=\"lazy\" decoding=\"async\" class=\"aligncenter size-full wp-image-2831\" src=\"http:\/\/www.ahmadiyya-islam.org\/es\/wp-content\/uploads\/sites\/10\/2016\/05\/2016-05-05-DK-Mayor-Invite-003.jpg\" alt=\"2016-05-05-DK-Mayor-Invite-003\" width=\"993\" height=\"602\" srcset=\"https:\/\/www.ahmadiyya-islam.org\/es\/wp-content\/uploads\/sites\/10\/2016\/05\/2016-05-05-DK-Mayor-Invite-003.jpg 993w, https:\/\/www.ahmadiyya-islam.org\/es\/wp-content\/uploads\/sites\/10\/2016\/05\/2016-05-05-DK-Mayor-Invite-003-300x182.jpg 300w, https:\/\/www.ahmadiyya-islam.org\/es\/wp-content\/uploads\/sites\/10\/2016\/05\/2016-05-05-DK-Mayor-Invite-003-768x466.jpg 768w\" sizes=\"auto, (max-width: 993px) 100vw, 993px\" \/><\/p>\n<p>Desarrollando esta afirmaci\u00f3n, Su Santidad se refiri\u00f3 a los comentarios formulados el a\u00f1o pasado por el Papa Francisco en los que dijo que incluso si su mejor amigo dijese algo ofensivo en contra de su madre, podr\u00eda recibir un \u201cpu\u00f1etazo\u201d a cambio.<\/p>\n<p>Su Santidad, Hazrat Mirza Masrur Ahmad dijo:<\/p>\n<blockquote><p><strong>\u201cEl Papa debe ser elogiado por tratar de proteger los sentimientos y las sensibilidades de la gente y creo que con ello est\u00e1 tratando de seguir las verdaderas ense\u00f1anzas del Cristianismo.\u201d<\/strong><\/p><\/blockquote>\n<p>Su Santidad, Hazrat Mirza Masrur Ahmad a\u00f1adi\u00f3:<\/p>\n<blockquote><p><strong>\u201cEl Sagrado Cor\u00e1n ense\u00f1a que no debe haber coacci\u00f3n en asuntos de religi\u00f3n y que la fe de una persona es un asunto entre un individuo y Dios Todopoderoso. Si nos atenemos al principio de respeto mutuo, podremos establecer la paz.\u201d<\/strong><\/p><\/blockquote>\n","protected":false},"excerpt":{"rendered":"<p>Durante la reuni\u00f3n, Su Santidad, Hazrat Mirza Masrur Ahmad dijo que es una cuesti\u00f3n crucial de nuestro tiempo establecer la paz mundial.<\/p>\n","protected":false},"author":1,"featured_media":2830,"comment_status":"closed","ping_status":"closed","sticky":false,"template":"","format":"standard","meta":{"_acf_changed":false,"footnotes":""},"categories":[1],"tags":[],"authors":[],"content_source":[],"class_list":["post-2828","post","type-post","status-publish","format-standard","has-post-thumbnail","hentry","category-comunicados-de-prensa"],"acf":[],"yoast_head":"<!-- This site is optimized with the Yoast SEO Premium plugin v21.1 (Yoast SEO v27.4) - https:\/\/yoast.com\/product\/yoast-seo-premium-wordpress\/ -->\n<title>El Alcalde de Hvidovre da la bienvenida a Dinamarca al Jalifa<\/title>\n<meta name=\"description\" content=\"Durante la reuni\u00f3n, Su Santidad, Hazrat Mirza Masrur Ahmad dijo que es una cuesti\u00f3n crucial de nuestro tiempo establecer la paz mundial.\" \/>\n<meta name=\"robots\" content=\"index, follow, max-snippet:-1, max-image-preview:large, max-video-preview:-1\" \/>\n<link rel=\"canonical\" href=\"https:\/\/www.ahmadiyya-islam.org\/es\/comunicados-de-prensa\/alcalde-hvidovre-dinamarca-2016\/\" \/>\n<meta property=\"og:locale\" content=\"es_ES\" \/>\n<meta property=\"og:type\" content=\"article\" \/>\n<meta property=\"og:title\" content=\"El Alcalde de Hvidovre da la bienvenida a Dinamarca al L\u00edder de la Comunidad Musulmana Ahmad\u00eda\" \/>\n<meta property=\"og:description\" content=\"Durante la reuni\u00f3n, Su Santidad, Hazrat Mirza Masrur Ahmad dijo que es una cuesti\u00f3n crucial de nuestro tiempo establecer la paz mundial.\" \/>\n<meta property=\"og:url\" content=\"https:\/\/www.ahmadiyya-islam.org\/es\/comunicados-de-prensa\/alcalde-hvidovre-dinamarca-2016\/\" \/>\n<meta property=\"og:site_name\" content=\"Comunidad Musulmana Ahmad\u00eda\" \/>\n<meta property=\"article:published_time\" content=\"2016-05-06T22:40:27+00:00\" \/>\n<meta property=\"article:modified_time\" content=\"2016-05-18T22:45:33+00:00\" \/>\n<meta property=\"og:image\" content=\"https:\/\/www.ahmadiyya-islam.org\/es\/wp-content\/uploads\/sites\/10\/2016\/05\/2016-05-05-DK-Mayor-Invite-002.jpg\" \/>\n\t<meta property=\"og:image:width\" content=\"993\" \/>\n\t<meta property=\"og:image:height\" content=\"510\" \/>\n\t<meta property=\"og:image:type\" content=\"image\/jpeg\" \/>\n<meta name=\"author\" content=\"msi\" \/>\n<meta name=\"twitter:card\" content=\"summary_large_image\" \/>\n<meta name=\"twitter:label1\" content=\"Written by\" \/>\n\t<meta name=\"twitter:data1\" content=\"msi\" \/>\n\t<meta name=\"twitter:label2\" content=\"Est. reading time\" \/>\n\t<meta name=\"twitter:data2\" content=\"2 minutes\" \/>\n<script type=\"application\/ld+json\" class=\"yoast-schema-graph\">{\"@context\":\"https:\\\/\\\/schema.org\",\"@graph\":[{\"@type\":\"Article\",\"@id\":\"https:\\\/\\\/www.ahmadiyya-islam.org\\\/es\\\/comunicados-de-prensa\\\/alcalde-hvidovre-dinamarca-2016\\\/#article\",\"isPartOf\":{\"@id\":\"https:\\\/\\\/www.ahmadiyya-islam.org\\\/es\\\/comunicados-de-prensa\\\/alcalde-hvidovre-dinamarca-2016\\\/\"},\"author\":{\"name\":\"msi\",\"@id\":\"https:\\\/\\\/www.ahmadiyya-islam.org\\\/es\\\/#\\\/schema\\\/person\\\/83d2f525d5c8e69740601fb0bedbeb43\"},\"headline\":\"El Alcalde de Hvidovre da la bienvenida a Dinamarca al L\u00edder de la Comunidad Musulmana Ahmad\u00eda\",\"datePublished\":\"2016-05-06T22:40:27+00:00\",\"dateModified\":\"2016-05-18T22:45:33+00:00\",\"mainEntityOfPage\":{\"@id\":\"https:\\\/\\\/www.ahmadiyya-islam.org\\\/es\\\/comunicados-de-prensa\\\/alcalde-hvidovre-dinamarca-2016\\\/\"},\"wordCount\":402,\"publisher\":{\"@id\":\"https:\\\/\\\/www.ahmadiyya-islam.org\\\/es\\\/#organization\"},\"image\":{\"@id\":\"https:\\\/\\\/www.ahmadiyya-islam.org\\\/es\\\/comunicados-de-prensa\\\/alcalde-hvidovre-dinamarca-2016\\\/#primaryimage\"},\"thumbnailUrl\":\"https:\\\/\\\/www.ahmadiyya-islam.org\\\/es\\\/wp-content\\\/uploads\\\/sites\\\/10\\\/2016\\\/05\\\/2016-05-05-DK-Mayor-Invite-002.jpg\",\"articleSection\":[\"Comunicados de prensa\"],\"inLanguage\":\"es-ES\"},{\"@type\":\"WebPage\",\"@id\":\"https:\\\/\\\/www.ahmadiyya-islam.org\\\/es\\\/comunicados-de-prensa\\\/alcalde-hvidovre-dinamarca-2016\\\/\",\"url\":\"https:\\\/\\\/www.ahmadiyya-islam.org\\\/es\\\/comunicados-de-prensa\\\/alcalde-hvidovre-dinamarca-2016\\\/\",\"name\":\"El Alcalde de Hvidovre da la bienvenida a Dinamarca al Jalifa\",\"isPartOf\":{\"@id\":\"https:\\\/\\\/www.ahmadiyya-islam.org\\\/es\\\/#website\"},\"primaryImageOfPage\":{\"@id\":\"https:\\\/\\\/www.ahmadiyya-islam.org\\\/es\\\/comunicados-de-prensa\\\/alcalde-hvidovre-dinamarca-2016\\\/#primaryimage\"},\"image\":{\"@id\":\"https:\\\/\\\/www.ahmadiyya-islam.org\\\/es\\\/comunicados-de-prensa\\\/alcalde-hvidovre-dinamarca-2016\\\/#primaryimage\"},\"thumbnailUrl\":\"https:\\\/\\\/www.ahmadiyya-islam.org\\\/es\\\/wp-content\\\/uploads\\\/sites\\\/10\\\/2016\\\/05\\\/2016-05-05-DK-Mayor-Invite-002.jpg\",\"datePublished\":\"2016-05-06T22:40:27+00:00\",\"dateModified\":\"2016-05-18T22:45:33+00:00\",\"description\":\"Durante la reuni\u00f3n, Su Santidad, Hazrat Mirza Masrur Ahmad dijo que es una cuesti\u00f3n crucial de nuestro tiempo establecer la paz mundial.\",\"breadcrumb\":{\"@id\":\"https:\\\/\\\/www.ahmadiyya-islam.org\\\/es\\\/comunicados-de-prensa\\\/alcalde-hvidovre-dinamarca-2016\\\/#breadcrumb\"},\"inLanguage\":\"es-ES\",\"potentialAction\":[{\"@type\":\"ReadAction\",\"target\":[\"https:\\\/\\\/www.ahmadiyya-islam.org\\\/es\\\/comunicados-de-prensa\\\/alcalde-hvidovre-dinamarca-2016\\\/\"]}]},{\"@type\":\"ImageObject\",\"inLanguage\":\"es-ES\",\"@id\":\"https:\\\/\\\/www.ahmadiyya-islam.org\\\/es\\\/comunicados-de-prensa\\\/alcalde-hvidovre-dinamarca-2016\\\/#primaryimage\",\"url\":\"https:\\\/\\\/www.ahmadiyya-islam.org\\\/es\\\/wp-content\\\/uploads\\\/sites\\\/10\\\/2016\\\/05\\\/2016-05-05-DK-Mayor-Invite-002.jpg\",\"contentUrl\":\"https:\\\/\\\/www.ahmadiyya-islam.org\\\/es\\\/wp-content\\\/uploads\\\/sites\\\/10\\\/2016\\\/05\\\/2016-05-05-DK-Mayor-Invite-002.jpg\",\"width\":993,\"height\":510},{\"@type\":\"BreadcrumbList\",\"@id\":\"https:\\\/\\\/www.ahmadiyya-islam.org\\\/es\\\/comunicados-de-prensa\\\/alcalde-hvidovre-dinamarca-2016\\\/#breadcrumb\",\"itemListElement\":[{\"@type\":\"ListItem\",\"position\":1,\"name\":\"Home\",\"item\":\"https:\\\/\\\/www.ahmadiyya-islam.org\\\/es\\\/\"},{\"@type\":\"ListItem\",\"position\":2,\"name\":\"El Alcalde de Hvidovre da la bienvenida a Dinamarca al L\u00edder de la Comunidad Musulmana Ahmad\u00eda\"}]},{\"@type\":\"WebSite\",\"@id\":\"https:\\\/\\\/www.ahmadiyya-islam.org\\\/es\\\/#website\",\"url\":\"https:\\\/\\\/www.ahmadiyya-islam.org\\\/es\\\/\",\"name\":\"Comunidad Musulmana Ahmad\u00eda\",\"description\":\"Internacional\",\"publisher\":{\"@id\":\"https:\\\/\\\/www.ahmadiyya-islam.org\\\/es\\\/#organization\"},\"potentialAction\":[{\"@type\":\"SearchAction\",\"target\":{\"@type\":\"EntryPoint\",\"urlTemplate\":\"https:\\\/\\\/www.ahmadiyya-islam.org\\\/es\\\/?s={search_term_string}\"},\"query-input\":{\"@type\":\"PropertyValueSpecification\",\"valueRequired\":true,\"valueName\":\"search_term_string\"}}],\"inLanguage\":\"es-ES\"},{\"@type\":\"Organization\",\"@id\":\"https:\\\/\\\/www.ahmadiyya-islam.org\\\/es\\\/#organization\",\"name\":\"Comunidad Musulmana Ahmad\u00eda\",\"url\":\"https:\\\/\\\/www.ahmadiyya-islam.org\\\/es\\\/\",\"logo\":{\"@type\":\"ImageObject\",\"inLanguage\":\"es-ES\",\"@id\":\"https:\\\/\\\/www.ahmadiyya-islam.org\\\/es\\\/#\\\/schema\\\/logo\\\/image\\\/\",\"url\":\"https:\\\/\\\/www.ahmadiyya-islam.org\\\/es\\\/wp-content\\\/uploads\\\/sites\\\/10\\\/2015\\\/06\\\/alislam-logo.png\",\"contentUrl\":\"https:\\\/\\\/www.ahmadiyya-islam.org\\\/es\\\/wp-content\\\/uploads\\\/sites\\\/10\\\/2015\\\/06\\\/alislam-logo.png\",\"width\":1859,\"height\":1859,\"caption\":\"Comunidad Musulmana Ahmad\u00eda\"},\"image\":{\"@id\":\"https:\\\/\\\/www.ahmadiyya-islam.org\\\/es\\\/#\\\/schema\\\/logo\\\/image\\\/\"}},{\"@type\":\"Person\",\"@id\":\"https:\\\/\\\/www.ahmadiyya-islam.org\\\/es\\\/#\\\/schema\\\/person\\\/83d2f525d5c8e69740601fb0bedbeb43\",\"name\":\"msi\"}]}<\/script>\n<!-- \/ Yoast SEO Premium plugin. -->","yoast_head_json":{"title":"El Alcalde de Hvidovre da la bienvenida a Dinamarca al Jalifa","description":"Durante la reuni\u00f3n, Su Santidad, Hazrat Mirza Masrur Ahmad dijo que es una cuesti\u00f3n crucial de nuestro tiempo establecer la paz mundial.","robots":{"index":"index","follow":"follow","max-snippet":"max-snippet:-1","max-image-preview":"max-image-preview:large","max-video-preview":"max-video-preview:-1"},"canonical":"https:\/\/www.ahmadiyya-islam.org\/es\/comunicados-de-prensa\/alcalde-hvidovre-dinamarca-2016\/","og_locale":"es_ES","og_type":"article","og_title":"El Alcalde de Hvidovre da la bienvenida a Dinamarca al L\u00edder de la Comunidad Musulmana Ahmad\u00eda","og_description":"Durante la reuni\u00f3n, Su Santidad, Hazrat Mirza Masrur Ahmad dijo que es una cuesti\u00f3n crucial de nuestro tiempo establecer la paz mundial.","og_url":"https:\/\/www.ahmadiyya-islam.org\/es\/comunicados-de-prensa\/alcalde-hvidovre-dinamarca-2016\/","og_site_name":"Comunidad Musulmana Ahmad\u00eda","article_published_time":"2016-05-06T22:40:27+00:00","article_modified_time":"2016-05-18T22:45:33+00:00","og_image":[{"width":993,"height":510,"url":"https:\/\/www.ahmadiyya-islam.org\/es\/wp-content\/uploads\/sites\/10\/2016\/05\/2016-05-05-DK-Mayor-Invite-002.jpg","type":"image\/jpeg"}],"author":"msi","twitter_card":"summary_large_image","twitter_misc":{"Written by":"msi","Est. reading time":"2 minutes"},"schema":{"@context":"https:\/\/schema.org","@graph":[{"@type":"Article","@id":"https:\/\/www.ahmadiyya-islam.org\/es\/comunicados-de-prensa\/alcalde-hvidovre-dinamarca-2016\/#article","isPartOf":{"@id":"https:\/\/www.ahmadiyya-islam.org\/es\/comunicados-de-prensa\/alcalde-hvidovre-dinamarca-2016\/"},"author":{"name":"msi","@id":"https:\/\/www.ahmadiyya-islam.org\/es\/#\/schema\/person\/83d2f525d5c8e69740601fb0bedbeb43"},"headline":"El Alcalde de Hvidovre da la bienvenida a Dinamarca al L\u00edder de la Comunidad Musulmana Ahmad\u00eda","datePublished":"2016-05-06T22:40:27+00:00","dateModified":"2016-05-18T22:45:33+00:00","mainEntityOfPage":{"@id":"https:\/\/www.ahmadiyya-islam.org\/es\/comunicados-de-prensa\/alcalde-hvidovre-dinamarca-2016\/"},"wordCount":402,"publisher":{"@id":"https:\/\/www.ahmadiyya-islam.org\/es\/#organization"},"image":{"@id":"https:\/\/www.ahmadiyya-islam.org\/es\/comunicados-de-prensa\/alcalde-hvidovre-dinamarca-2016\/#primaryimage"},"thumbnailUrl":"https:\/\/www.ahmadiyya-islam.org\/es\/wp-content\/uploads\/sites\/10\/2016\/05\/2016-05-05-DK-Mayor-Invite-002.jpg","articleSection":["Comunicados de prensa"],"inLanguage":"es-ES"},{"@type":"WebPage","@id":"https:\/\/www.ahmadiyya-islam.org\/es\/comunicados-de-prensa\/alcalde-hvidovre-dinamarca-2016\/","url":"https:\/\/www.ahmadiyya-islam.org\/es\/comunicados-de-prensa\/alcalde-hvidovre-dinamarca-2016\/","name":"El Alcalde de Hvidovre da la bienvenida a Dinamarca al Jalifa","isPartOf":{"@id":"https:\/\/www.ahmadiyya-islam.org\/es\/#website"},"primaryImageOfPage":{"@id":"https:\/\/www.ahmadiyya-islam.org\/es\/comunicados-de-prensa\/alcalde-hvidovre-dinamarca-2016\/#primaryimage"},"image":{"@id":"https:\/\/www.ahmadiyya-islam.org\/es\/comunicados-de-prensa\/alcalde-hvidovre-dinamarca-2016\/#primaryimage"},"thumbnailUrl":"https:\/\/www.ahmadiyya-islam.org\/es\/wp-content\/uploads\/sites\/10\/2016\/05\/2016-05-05-DK-Mayor-Invite-002.jpg","datePublished":"2016-05-06T22:40:27+00:00","dateModified":"2016-05-18T22:45:33+00:00","description":"Durante la reuni\u00f3n, Su Santidad, Hazrat Mirza Masrur Ahmad dijo que es una cuesti\u00f3n crucial de nuestro tiempo establecer la paz mundial.","breadcrumb":{"@id":"https:\/\/www.ahmadiyya-islam.org\/es\/comunicados-de-prensa\/alcalde-hvidovre-dinamarca-2016\/#breadcrumb"},"inLanguage":"es-ES","potentialAction":[{"@type":"ReadAction","target":["https:\/\/www.ahmadiyya-islam.org\/es\/comunicados-de-prensa\/alcalde-hvidovre-dinamarca-2016\/"]}]},{"@type":"ImageObject","inLanguage":"es-ES","@id":"https:\/\/www.ahmadiyya-islam.org\/es\/comunicados-de-prensa\/alcalde-hvidovre-dinamarca-2016\/#primaryimage","url":"https:\/\/www.ahmadiyya-islam.org\/es\/wp-content\/uploads\/sites\/10\/2016\/05\/2016-05-05-DK-Mayor-Invite-002.jpg","contentUrl":"https:\/\/www.ahmadiyya-islam.org\/es\/wp-content\/uploads\/sites\/10\/2016\/05\/2016-05-05-DK-Mayor-Invite-002.jpg","width":993,"height":510},{"@type":"BreadcrumbList","@id":"https:\/\/www.ahmadiyya-islam.org\/es\/comunicados-de-prensa\/alcalde-hvidovre-dinamarca-2016\/#breadcrumb","itemListElement":[{"@type":"ListItem","position":1,"name":"Home","item":"https:\/\/www.ahmadiyya-islam.org\/es\/"},{"@type":"ListItem","position":2,"name":"El Alcalde de Hvidovre da la bienvenida a Dinamarca al L\u00edder de la Comunidad Musulmana Ahmad\u00eda"}]},{"@type":"WebSite","@id":"https:\/\/www.ahmadiyya-islam.org\/es\/#website","url":"https:\/\/www.ahmadiyya-islam.org\/es\/","name":"Comunidad Musulmana Ahmad\u00eda","description":"Internacional","publisher":{"@id":"https:\/\/www.ahmadiyya-islam.org\/es\/#organization"},"potentialAction":[{"@type":"SearchAction","target":{"@type":"EntryPoint","urlTemplate":"https:\/\/www.ahmadiyya-islam.org\/es\/?s={search_term_string}"},"query-input":{"@type":"PropertyValueSpecification","valueRequired":true,"valueName":"search_term_string"}}],"inLanguage":"es-ES"},{"@type":"Organization","@id":"https:\/\/www.ahmadiyya-islam.org\/es\/#organization","name":"Comunidad Musulmana Ahmad\u00eda","url":"https:\/\/www.ahmadiyya-islam.org\/es\/","logo":{"@type":"ImageObject","inLanguage":"es-ES","@id":"https:\/\/www.ahmadiyya-islam.org\/es\/#\/schema\/logo\/image\/","url":"https:\/\/www.ahmadiyya-islam.org\/es\/wp-content\/uploads\/sites\/10\/2015\/06\/alislam-logo.png","contentUrl":"https:\/\/www.ahmadiyya-islam.org\/es\/wp-content\/uploads\/sites\/10\/2015\/06\/alislam-logo.png","width":1859,"height":1859,"caption":"Comunidad Musulmana Ahmad\u00eda"},"image":{"@id":"https:\/\/www.ahmadiyya-islam.org\/es\/#\/schema\/logo\/image\/"}},{"@type":"Person","@id":"https:\/\/www.ahmadiyya-islam.org\/es\/#\/schema\/person\/83d2f525d5c8e69740601fb0bedbeb43","name":"msi"}]}},"_links":{"self":[{"href":"https:\/\/www.ahmadiyya-islam.org\/es\/wp-json\/wp\/v2\/posts\/2828","targetHints":{"allow":["GET"]}}],"collection":[{"href":"https:\/\/www.ahmadiyya-islam.org\/es\/wp-json\/wp\/v2\/posts"}],"about":[{"href":"https:\/\/www.ahmadiyya-islam.org\/es\/wp-json\/wp\/v2\/types\/post"}],"author":[{"embeddable":true,"href":"https:\/\/www.ahmadiyya-islam.org\/es\/wp-json\/wp\/v2\/users\/1"}],"replies":[{"embeddable":true,"href":"https:\/\/www.ahmadiyya-islam.org\/es\/wp-json\/wp\/v2\/comments?post=2828"}],"version-history":[{"count":0,"href":"https:\/\/www.ahmadiyya-islam.org\/es\/wp-json\/wp\/v2\/posts\/2828\/revisions"}],"wp:featuredmedia":[{"embeddable":true,"href":"https:\/\/www.ahmadiyya-islam.org\/es\/wp-json\/wp\/v2\/media\/2830"}],"wp:attachment":[{"href":"https:\/\/www.ahmadiyya-islam.org\/es\/wp-json\/wp\/v2\/media?parent=2828"}],"wp:term":[{"taxonomy":"category","embeddable":true,"href":"https:\/\/www.ahmadiyya-islam.org\/es\/wp-json\/wp\/v2\/categories?post=2828"},{"taxonomy":"post_tag","embeddable":true,"href":"https:\/\/www.ahmadiyya-islam.org\/es\/wp-json\/wp\/v2\/tags?post=2828"},{"taxonomy":"authors","embeddable":true,"href":"https:\/\/www.ahmadiyya-islam.org\/es\/wp-json\/wp\/v2\/authors?post=2828"},{"taxonomy":"content_source","embeddable":true,"href":"https:\/\/www.ahmadiyya-islam.org\/es\/wp-json\/wp\/v2\/content_source?post=2828"}],"curies":[{"name":"wp","href":"https:\/\/api.w.org\/{rel}","templated":true}]}}