{"id":2701,"date":"2016-03-02T12:12:04","date_gmt":"2016-03-02T12:12:04","guid":{"rendered":"http:\/\/www.ahmadiyya-islam.org\/es\/?p=2701"},"modified":"2016-04-03T21:42:46","modified_gmt":"2016-04-03T21:42:46","slug":"yamaat-ahmadia-del-islam-jovenes-musulmanes-waqf-e-nau-ijtema-en-londres","status":"publish","type":"post","link":"https:\/\/www.ahmadiyya-islam.org\/es\/comunicados-de-prensa\/yamaat-ahmadia-del-islam-jovenes-musulmanes-waqf-e-nau-ijtema-en-londres\/","title":{"rendered":"El Jefe Supremo de la Yamaat Ahmad\u00eda del Islam se dirige a los j\u00f3venes musulmanes (Waqf-e-Nau Ijtema) en Londres"},"content":{"rendered":"<p><strong>Hazrat Mirza Masrur Ahmad aconseja a los j\u00f3venes musulmanes en cuestiones morales y profesionales<\/strong><\/p>\n<p>El 28 de febrero de 2016, el Jefe Supremo de la Yamaat Ahmad\u00eda del Islam, el Quinto Jalifa, Su Santidad, Hazrat Mirza Masrur Ahmad, pronunci\u00f3 un discurso en la sesi\u00f3n de clausura del Iytema anual (reuni\u00f3n), a los j\u00f3venes Waqf-e-Nau de la Comunidad Ahmad\u00eda en Reino Unido.<\/p>\n<p><img loading=\"lazy\" decoding=\"async\" class=\"aligncenter size-full wp-image-2703\" src=\"http:\/\/www.ahmadiyya-islam.org\/es\/wp-content\/uploads\/sites\/10\/2016\/03\/2016-03-02-Waqfe-Nau-Ijtema-002.jpg\" alt=\"2016-03-02-Waqfe-Nau-Ijtema-002\" width=\"993\" height=\"660\" srcset=\"https:\/\/www.ahmadiyya-islam.org\/es\/wp-content\/uploads\/sites\/10\/2016\/03\/2016-03-02-Waqfe-Nau-Ijtema-002.jpg 993w, https:\/\/www.ahmadiyya-islam.org\/es\/wp-content\/uploads\/sites\/10\/2016\/03\/2016-03-02-Waqfe-Nau-Ijtema-002-300x199.jpg 300w, https:\/\/www.ahmadiyya-islam.org\/es\/wp-content\/uploads\/sites\/10\/2016\/03\/2016-03-02-Waqfe-Nau-Ijtema-002-768x510.jpg 768w, https:\/\/www.ahmadiyya-islam.org\/es\/wp-content\/uploads\/sites\/10\/2016\/03\/2016-03-02-Waqfe-Nau-Ijtema-002-940x626.jpg 940w\" sizes=\"auto, (max-width: 993px) 100vw, 993px\" \/><\/p>\n<p>El evento se llev\u00f3 a cabo en la mezquita Baitul Futuh de Londres, y asistieron m\u00e1s de 1500 personas, incluyendo m\u00e1s de 1260 j\u00f3venes Waqf-e-Nau.<\/p>\n<p>Durante su discurso, Hazrat Mirza Masrur Ahmad habl\u00f3 de manera detallada sobre las responsabilidades morales que recaen sobre los j\u00f3venes Waqf-e-Nau. De igual manera, les aconsej\u00f3 sobre su futuro profesional.<\/p>\n<p>Su Santidad destac\u00f3 la importancia del elevado n\u00famero de devotos que solicitan plaza para el instituto teol\u00f3gico de Yamia Ahmad\u00eda. Tambi\u00e9n hizo menci\u00f3n a otras salidas profesionales como medicina, ingenier\u00eda y periodismo.<\/p>\n<p><img loading=\"lazy\" decoding=\"async\" class=\"aligncenter size-full wp-image-2704\" src=\"http:\/\/www.ahmadiyya-islam.org\/es\/wp-content\/uploads\/sites\/10\/2016\/03\/2016-03-02-Waqfe-Nau-Ijtema-003.jpg\" alt=\"2016-03-02-Waqfe-Nau-Ijtema-003\" width=\"1000\" height=\"365\" srcset=\"https:\/\/www.ahmadiyya-islam.org\/es\/wp-content\/uploads\/sites\/10\/2016\/03\/2016-03-02-Waqfe-Nau-Ijtema-003.jpg 1000w, https:\/\/www.ahmadiyya-islam.org\/es\/wp-content\/uploads\/sites\/10\/2016\/03\/2016-03-02-Waqfe-Nau-Ijtema-003-300x110.jpg 300w, https:\/\/www.ahmadiyya-islam.org\/es\/wp-content\/uploads\/sites\/10\/2016\/03\/2016-03-02-Waqfe-Nau-Ijtema-003-768x280.jpg 768w\" sizes=\"auto, (max-width: 1000px) 100vw, 1000px\" \/><\/p>\n<p>Su Santidad, Hazrat Mirza Masrur Ahmad dijo:<\/p>\n<blockquote><p><strong>\u201cComo Waqifin-e-Nau, deb\u00e9is tener en cuenta cu\u00e1les son los requisitos y necesidades de la Comunidad, y, bas\u00e1ndose en estos requisitos, deb\u00e9is educaros a vosotros mismos y trabajar tanto como pod\u00e1is\u201d.<\/strong><\/p><\/blockquote>\n<p>Refiri\u00e9ndose al campo de la medicina, Su Santidad, Hazrat Mirza Masrur Ahmad dijo que los m\u00e9dicos y profesionales de la salud no solo tienen el honor de servir a su fe, sino que tambi\u00e9n sirven a la humanidad.<\/p>\n<p>El Jalifa tambi\u00e9n hizo hincapi\u00e9 en que los j\u00f3venes Waqf-e-Nau no deben conformarse s\u00f3lo en progresar en su educaci\u00f3n secular.<\/p>\n<p>Su Santidad, Hazrat Mirza Masrur Ahmad dijo:<\/p>\n<blockquote><p><strong>\u201cTambi\u00e9n quiero dejar claro que no es suficiente el que consig\u00e1is buenas calificaciones en el \u00e1mbito educativo. Al contrario, siendo Waqf-e-Nau, tenemos otras expectativas m\u00e1s importantes acerca de vosotros. En resumen, el car\u00e1cter personal de un Waqf-e-Nau debe estar en completa sinton\u00eda con las verdaderas ense\u00f1anzas del Islam. Deb\u00e9is siempre alcanzar el m\u00e1ximo nivel espiritual y moral.\u201d<\/strong><\/p><\/blockquote>\n<p>Su Santidad recalc\u00f3 la importancia de que los j\u00f3venes Waqf-e-Nau deben ser constantes en sus oraciones y deben establecer una relaci\u00f3n con Dios Todopoderoso. Su Santidad dijo que los j\u00f3venes Waqf-e-Nau deben <strong>\u201cdar el mejor ejemplo posible para que la gente pueda diferenciarles del resto\u201d.<\/strong><\/p>\n<p>Su Santidad, Hazrat Mirza Masrur Ahmad tambi\u00e9n aconsej\u00f3 a los presentes que deben ser siempre amables y nunca burlarse de los dem\u00e1s. Dijo que los j\u00f3venes Waqf-e-Nau deber\u00edan adoptar la costumbre de leer libros, en lugar de perder el tiempo jugando a los videojuegos. Deber\u00edan, adem\u00e1s, evitar toda actividad que promueva un comportamiento indecente, como por ejemplo, ver pel\u00edculas inapropiadas.<\/p>\n<p>Su Santidad tambi\u00e9n enfatiz\u00f3 la necesidad de adquirir niveles elevados de veracidad e integridad.<\/p>\n<p>Su Santidad, Hazrat Mirza Masrur Ahmad dijo:<\/p>\n<blockquote><p><strong>\u201cOtro gran pecado del que Al-lah nos ha advertido, es la falsedad. No importa cu\u00e1l sea la situaci\u00f3n, todo \u00e1hmadi musulm\u00e1n debe evitar mentir. Y, por supuesto, todo Waqifin-Nau debe dar el mejor ejemplo de honestidad, veracidad e integridad. Esto es de suma importancia puesto que vosotros sois aquellos que hab\u00e9is jurado reformar espiritualmente vuestra sociedad. Por tanto, sed completamente honestos en cualquier situaci\u00f3n, este es un requisito extremadamente importante en un Waqf-e-Nau\u201d.<\/strong><\/p>\n<p><img loading=\"lazy\" decoding=\"async\" class=\"aligncenter size-full wp-image-2705\" src=\"http:\/\/www.ahmadiyya-islam.org\/es\/wp-content\/uploads\/sites\/10\/2016\/03\/2016-03-02-Waqfe-Nau-Ijtema-004.jpg\" alt=\"2016-03-02-Waqfe-Nau-Ijtema-004\" width=\"993\" height=\"718\" srcset=\"https:\/\/www.ahmadiyya-islam.org\/es\/wp-content\/uploads\/sites\/10\/2016\/03\/2016-03-02-Waqfe-Nau-Ijtema-004.jpg 993w, https:\/\/www.ahmadiyya-islam.org\/es\/wp-content\/uploads\/sites\/10\/2016\/03\/2016-03-02-Waqfe-Nau-Ijtema-004-300x217.jpg 300w, https:\/\/www.ahmadiyya-islam.org\/es\/wp-content\/uploads\/sites\/10\/2016\/03\/2016-03-02-Waqfe-Nau-Ijtema-004-768x555.jpg 768w\" sizes=\"auto, (max-width: 993px) 100vw, 993px\" \/><\/p><\/blockquote>\n<p>El acto concluy\u00f3 con una oraci\u00f3n silenciosa dirigida por Su Santidad.<\/p>\n<p>Antes del discurso de clausura de Su Santidad, en el Iytema se llevaron a cabo varios talleres, competiciones acad\u00e9micas y debates.<\/p>\n","protected":false},"excerpt":{"rendered":"<p>Hazrat Mirza Masrur Ahmad aconseja a los j\u00f3venes musulmanes en cuestiones morales y profesionales El 28 de febrero de 2016, el Jefe Supremo de la Yamaat Ahmad\u00eda del Islam, el Quinto Jalifa, Su Santidad, Hazrat Mirza Masrur Ahmad, pronunci\u00f3 un discurso en la sesi\u00f3n de clausura del Iytema anual (reuni\u00f3n), a los j\u00f3venes Waqf-e-Nau de<\/p>\n","protected":false},"author":15,"featured_media":2702,"comment_status":"closed","ping_status":"closed","sticky":false,"template":"","format":"standard","meta":{"_acf_changed":false,"footnotes":""},"categories":[1],"tags":[44],"authors":[],"content_source":[],"class_list":["post-2701","post","type-post","status-publish","format-standard","has-post-thumbnail","hentry","category-comunicados-de-prensa","tag-waqfe-nau","topics-jovenes"],"acf":[],"yoast_head":"<!-- This site is optimized with the Yoast SEO Premium plugin v21.1 (Yoast SEO v27.4) - https:\/\/yoast.com\/product\/yoast-seo-premium-wordpress\/ -->\n<title>El Jefe Supremo de la Yamaat Ahmad\u00eda del Islam se dirige a los j\u00f3venes musulmanes (Waqf-e-Nau Ijtema) en Londres<\/title>\n<meta name=\"description\" content=\"Hazrat Mirza Masrur Ahmad aconseja a los j\u00f3venes musulmanes en cuestiones morales y profesionales El 28 de febrero de 2016, el Jefe Supremo de la Yamaat\" \/>\n<meta name=\"robots\" content=\"index, follow, max-snippet:-1, max-image-preview:large, max-video-preview:-1\" \/>\n<link rel=\"canonical\" href=\"https:\/\/www.ahmadiyya-islam.org\/es\/comunicados-de-prensa\/yamaat-ahmadia-del-islam-jovenes-musulmanes-waqf-e-nau-ijtema-en-londres\/\" \/>\n<meta property=\"og:locale\" content=\"es_ES\" \/>\n<meta property=\"og:type\" content=\"article\" \/>\n<meta property=\"og:title\" content=\"El Jefe Supremo de la Yamaat Ahmad\u00eda del Islam se dirige a los j\u00f3venes musulmanes (Waqf-e-Nau Ijtema) en Londres\" \/>\n<meta property=\"og:description\" content=\"Hazrat Mirza Masrur Ahmad aconseja a los j\u00f3venes musulmanes en cuestiones morales y profesionales El 28 de febrero de 2016, el Jefe Supremo de la Yamaat\" \/>\n<meta property=\"og:url\" content=\"https:\/\/www.ahmadiyya-islam.org\/es\/comunicados-de-prensa\/yamaat-ahmadia-del-islam-jovenes-musulmanes-waqf-e-nau-ijtema-en-londres\/\" \/>\n<meta property=\"og:site_name\" content=\"Comunidad Musulmana Ahmad\u00eda\" \/>\n<meta property=\"article:published_time\" content=\"2016-03-02T12:12:04+00:00\" \/>\n<meta property=\"article:modified_time\" content=\"2016-04-03T21:42:46+00:00\" \/>\n<meta property=\"og:image\" content=\"https:\/\/www.ahmadiyya-islam.org\/es\/wp-content\/uploads\/sites\/10\/2016\/03\/2016-03-02-Waqfe-Nau-Ijtema-001.jpg\" \/>\n\t<meta property=\"og:image:width\" content=\"1000\" \/>\n\t<meta property=\"og:image:height\" content=\"609\" \/>\n\t<meta property=\"og:image:type\" content=\"image\/jpeg\" \/>\n<meta name=\"author\" content=\"es1tarikara\" \/>\n<meta name=\"twitter:card\" content=\"summary_large_image\" \/>\n<meta name=\"twitter:label1\" content=\"Written by\" \/>\n\t<meta name=\"twitter:data1\" content=\"es1tarikara\" \/>\n\t<meta name=\"twitter:label2\" content=\"Est. reading time\" \/>\n\t<meta name=\"twitter:data2\" content=\"3 minutes\" \/>\n<script type=\"application\/ld+json\" class=\"yoast-schema-graph\">{\"@context\":\"https:\\\/\\\/schema.org\",\"@graph\":[{\"@type\":\"Article\",\"@id\":\"https:\\\/\\\/www.ahmadiyya-islam.org\\\/es\\\/comunicados-de-prensa\\\/yamaat-ahmadia-del-islam-jovenes-musulmanes-waqf-e-nau-ijtema-en-londres\\\/#article\",\"isPartOf\":{\"@id\":\"https:\\\/\\\/www.ahmadiyya-islam.org\\\/es\\\/comunicados-de-prensa\\\/yamaat-ahmadia-del-islam-jovenes-musulmanes-waqf-e-nau-ijtema-en-londres\\\/\"},\"author\":{\"name\":\"es1tarikara\",\"@id\":\"https:\\\/\\\/www.ahmadiyya-islam.org\\\/es\\\/#\\\/schema\\\/person\\\/ac4c08c7012bbfe73a43476371042f59\"},\"headline\":\"El Jefe Supremo de la Yamaat Ahmad\u00eda del Islam se dirige a los j\u00f3venes musulmanes (Waqf-e-Nau Ijtema) en Londres\",\"datePublished\":\"2016-03-02T12:12:04+00:00\",\"dateModified\":\"2016-04-03T21:42:46+00:00\",\"mainEntityOfPage\":{\"@id\":\"https:\\\/\\\/www.ahmadiyya-islam.org\\\/es\\\/comunicados-de-prensa\\\/yamaat-ahmadia-del-islam-jovenes-musulmanes-waqf-e-nau-ijtema-en-londres\\\/\"},\"wordCount\":609,\"publisher\":{\"@id\":\"https:\\\/\\\/www.ahmadiyya-islam.org\\\/es\\\/#organization\"},\"image\":{\"@id\":\"https:\\\/\\\/www.ahmadiyya-islam.org\\\/es\\\/comunicados-de-prensa\\\/yamaat-ahmadia-del-islam-jovenes-musulmanes-waqf-e-nau-ijtema-en-londres\\\/#primaryimage\"},\"thumbnailUrl\":\"https:\\\/\\\/www.ahmadiyya-islam.org\\\/es\\\/wp-content\\\/uploads\\\/sites\\\/10\\\/2016\\\/03\\\/2016-03-02-Waqfe-Nau-Ijtema-001.jpg\",\"keywords\":[\"Waqfe Nau\"],\"articleSection\":[\"Comunicados de prensa\"],\"inLanguage\":\"es-ES\"},{\"@type\":\"WebPage\",\"@id\":\"https:\\\/\\\/www.ahmadiyya-islam.org\\\/es\\\/comunicados-de-prensa\\\/yamaat-ahmadia-del-islam-jovenes-musulmanes-waqf-e-nau-ijtema-en-londres\\\/\",\"url\":\"https:\\\/\\\/www.ahmadiyya-islam.org\\\/es\\\/comunicados-de-prensa\\\/yamaat-ahmadia-del-islam-jovenes-musulmanes-waqf-e-nau-ijtema-en-londres\\\/\",\"name\":\"El Jefe Supremo de la Yamaat Ahmad\u00eda del Islam se dirige a los j\u00f3venes musulmanes (Waqf-e-Nau Ijtema) en Londres\",\"isPartOf\":{\"@id\":\"https:\\\/\\\/www.ahmadiyya-islam.org\\\/es\\\/#website\"},\"primaryImageOfPage\":{\"@id\":\"https:\\\/\\\/www.ahmadiyya-islam.org\\\/es\\\/comunicados-de-prensa\\\/yamaat-ahmadia-del-islam-jovenes-musulmanes-waqf-e-nau-ijtema-en-londres\\\/#primaryimage\"},\"image\":{\"@id\":\"https:\\\/\\\/www.ahmadiyya-islam.org\\\/es\\\/comunicados-de-prensa\\\/yamaat-ahmadia-del-islam-jovenes-musulmanes-waqf-e-nau-ijtema-en-londres\\\/#primaryimage\"},\"thumbnailUrl\":\"https:\\\/\\\/www.ahmadiyya-islam.org\\\/es\\\/wp-content\\\/uploads\\\/sites\\\/10\\\/2016\\\/03\\\/2016-03-02-Waqfe-Nau-Ijtema-001.jpg\",\"datePublished\":\"2016-03-02T12:12:04+00:00\",\"dateModified\":\"2016-04-03T21:42:46+00:00\",\"description\":\"Hazrat Mirza Masrur Ahmad aconseja a los j\u00f3venes musulmanes en cuestiones morales y profesionales El 28 de febrero de 2016, el Jefe Supremo de la Yamaat\",\"breadcrumb\":{\"@id\":\"https:\\\/\\\/www.ahmadiyya-islam.org\\\/es\\\/comunicados-de-prensa\\\/yamaat-ahmadia-del-islam-jovenes-musulmanes-waqf-e-nau-ijtema-en-londres\\\/#breadcrumb\"},\"inLanguage\":\"es-ES\",\"potentialAction\":[{\"@type\":\"ReadAction\",\"target\":[\"https:\\\/\\\/www.ahmadiyya-islam.org\\\/es\\\/comunicados-de-prensa\\\/yamaat-ahmadia-del-islam-jovenes-musulmanes-waqf-e-nau-ijtema-en-londres\\\/\"]}]},{\"@type\":\"ImageObject\",\"inLanguage\":\"es-ES\",\"@id\":\"https:\\\/\\\/www.ahmadiyya-islam.org\\\/es\\\/comunicados-de-prensa\\\/yamaat-ahmadia-del-islam-jovenes-musulmanes-waqf-e-nau-ijtema-en-londres\\\/#primaryimage\",\"url\":\"https:\\\/\\\/www.ahmadiyya-islam.org\\\/es\\\/wp-content\\\/uploads\\\/sites\\\/10\\\/2016\\\/03\\\/2016-03-02-Waqfe-Nau-Ijtema-001.jpg\",\"contentUrl\":\"https:\\\/\\\/www.ahmadiyya-islam.org\\\/es\\\/wp-content\\\/uploads\\\/sites\\\/10\\\/2016\\\/03\\\/2016-03-02-Waqfe-Nau-Ijtema-001.jpg\",\"width\":1000,\"height\":609},{\"@type\":\"BreadcrumbList\",\"@id\":\"https:\\\/\\\/www.ahmadiyya-islam.org\\\/es\\\/comunicados-de-prensa\\\/yamaat-ahmadia-del-islam-jovenes-musulmanes-waqf-e-nau-ijtema-en-londres\\\/#breadcrumb\",\"itemListElement\":[{\"@type\":\"ListItem\",\"position\":1,\"name\":\"Home\",\"item\":\"https:\\\/\\\/www.ahmadiyya-islam.org\\\/es\\\/\"},{\"@type\":\"ListItem\",\"position\":2,\"name\":\"El Jefe Supremo de la Yamaat Ahmad\u00eda del Islam se dirige a los j\u00f3venes musulmanes (Waqf-e-Nau Ijtema) en Londres\"}]},{\"@type\":\"WebSite\",\"@id\":\"https:\\\/\\\/www.ahmadiyya-islam.org\\\/es\\\/#website\",\"url\":\"https:\\\/\\\/www.ahmadiyya-islam.org\\\/es\\\/\",\"name\":\"Comunidad Musulmana Ahmad\u00eda\",\"description\":\"Internacional\",\"publisher\":{\"@id\":\"https:\\\/\\\/www.ahmadiyya-islam.org\\\/es\\\/#organization\"},\"potentialAction\":[{\"@type\":\"SearchAction\",\"target\":{\"@type\":\"EntryPoint\",\"urlTemplate\":\"https:\\\/\\\/www.ahmadiyya-islam.org\\\/es\\\/?s={search_term_string}\"},\"query-input\":{\"@type\":\"PropertyValueSpecification\",\"valueRequired\":true,\"valueName\":\"search_term_string\"}}],\"inLanguage\":\"es-ES\"},{\"@type\":\"Organization\",\"@id\":\"https:\\\/\\\/www.ahmadiyya-islam.org\\\/es\\\/#organization\",\"name\":\"Comunidad Musulmana Ahmad\u00eda\",\"url\":\"https:\\\/\\\/www.ahmadiyya-islam.org\\\/es\\\/\",\"logo\":{\"@type\":\"ImageObject\",\"inLanguage\":\"es-ES\",\"@id\":\"https:\\\/\\\/www.ahmadiyya-islam.org\\\/es\\\/#\\\/schema\\\/logo\\\/image\\\/\",\"url\":\"https:\\\/\\\/www.ahmadiyya-islam.org\\\/es\\\/wp-content\\\/uploads\\\/sites\\\/10\\\/2015\\\/06\\\/alislam-logo.png\",\"contentUrl\":\"https:\\\/\\\/www.ahmadiyya-islam.org\\\/es\\\/wp-content\\\/uploads\\\/sites\\\/10\\\/2015\\\/06\\\/alislam-logo.png\",\"width\":1859,\"height\":1859,\"caption\":\"Comunidad Musulmana Ahmad\u00eda\"},\"image\":{\"@id\":\"https:\\\/\\\/www.ahmadiyya-islam.org\\\/es\\\/#\\\/schema\\\/logo\\\/image\\\/\"}},{\"@type\":\"Person\",\"@id\":\"https:\\\/\\\/www.ahmadiyya-islam.org\\\/es\\\/#\\\/schema\\\/person\\\/ac4c08c7012bbfe73a43476371042f59\",\"name\":\"es1tarikara\"}]}<\/script>\n<!-- \/ Yoast SEO Premium plugin. -->","yoast_head_json":{"title":"El Jefe Supremo de la Yamaat Ahmad\u00eda del Islam se dirige a los j\u00f3venes musulmanes (Waqf-e-Nau Ijtema) en Londres","description":"Hazrat Mirza Masrur Ahmad aconseja a los j\u00f3venes musulmanes en cuestiones morales y profesionales El 28 de febrero de 2016, el Jefe Supremo de la Yamaat","robots":{"index":"index","follow":"follow","max-snippet":"max-snippet:-1","max-image-preview":"max-image-preview:large","max-video-preview":"max-video-preview:-1"},"canonical":"https:\/\/www.ahmadiyya-islam.org\/es\/comunicados-de-prensa\/yamaat-ahmadia-del-islam-jovenes-musulmanes-waqf-e-nau-ijtema-en-londres\/","og_locale":"es_ES","og_type":"article","og_title":"El Jefe Supremo de la Yamaat Ahmad\u00eda del Islam se dirige a los j\u00f3venes musulmanes (Waqf-e-Nau Ijtema) en Londres","og_description":"Hazrat Mirza Masrur Ahmad aconseja a los j\u00f3venes musulmanes en cuestiones morales y profesionales El 28 de febrero de 2016, el Jefe Supremo de la Yamaat","og_url":"https:\/\/www.ahmadiyya-islam.org\/es\/comunicados-de-prensa\/yamaat-ahmadia-del-islam-jovenes-musulmanes-waqf-e-nau-ijtema-en-londres\/","og_site_name":"Comunidad Musulmana Ahmad\u00eda","article_published_time":"2016-03-02T12:12:04+00:00","article_modified_time":"2016-04-03T21:42:46+00:00","og_image":[{"width":1000,"height":609,"url":"https:\/\/www.ahmadiyya-islam.org\/es\/wp-content\/uploads\/sites\/10\/2016\/03\/2016-03-02-Waqfe-Nau-Ijtema-001.jpg","type":"image\/jpeg"}],"author":"es1tarikara","twitter_card":"summary_large_image","twitter_misc":{"Written by":"es1tarikara","Est. reading time":"3 minutes"},"schema":{"@context":"https:\/\/schema.org","@graph":[{"@type":"Article","@id":"https:\/\/www.ahmadiyya-islam.org\/es\/comunicados-de-prensa\/yamaat-ahmadia-del-islam-jovenes-musulmanes-waqf-e-nau-ijtema-en-londres\/#article","isPartOf":{"@id":"https:\/\/www.ahmadiyya-islam.org\/es\/comunicados-de-prensa\/yamaat-ahmadia-del-islam-jovenes-musulmanes-waqf-e-nau-ijtema-en-londres\/"},"author":{"name":"es1tarikara","@id":"https:\/\/www.ahmadiyya-islam.org\/es\/#\/schema\/person\/ac4c08c7012bbfe73a43476371042f59"},"headline":"El Jefe Supremo de la Yamaat Ahmad\u00eda del Islam se dirige a los j\u00f3venes musulmanes (Waqf-e-Nau Ijtema) en Londres","datePublished":"2016-03-02T12:12:04+00:00","dateModified":"2016-04-03T21:42:46+00:00","mainEntityOfPage":{"@id":"https:\/\/www.ahmadiyya-islam.org\/es\/comunicados-de-prensa\/yamaat-ahmadia-del-islam-jovenes-musulmanes-waqf-e-nau-ijtema-en-londres\/"},"wordCount":609,"publisher":{"@id":"https:\/\/www.ahmadiyya-islam.org\/es\/#organization"},"image":{"@id":"https:\/\/www.ahmadiyya-islam.org\/es\/comunicados-de-prensa\/yamaat-ahmadia-del-islam-jovenes-musulmanes-waqf-e-nau-ijtema-en-londres\/#primaryimage"},"thumbnailUrl":"https:\/\/www.ahmadiyya-islam.org\/es\/wp-content\/uploads\/sites\/10\/2016\/03\/2016-03-02-Waqfe-Nau-Ijtema-001.jpg","keywords":["Waqfe Nau"],"articleSection":["Comunicados de prensa"],"inLanguage":"es-ES"},{"@type":"WebPage","@id":"https:\/\/www.ahmadiyya-islam.org\/es\/comunicados-de-prensa\/yamaat-ahmadia-del-islam-jovenes-musulmanes-waqf-e-nau-ijtema-en-londres\/","url":"https:\/\/www.ahmadiyya-islam.org\/es\/comunicados-de-prensa\/yamaat-ahmadia-del-islam-jovenes-musulmanes-waqf-e-nau-ijtema-en-londres\/","name":"El Jefe Supremo de la Yamaat Ahmad\u00eda del Islam se dirige a los j\u00f3venes musulmanes (Waqf-e-Nau Ijtema) en Londres","isPartOf":{"@id":"https:\/\/www.ahmadiyya-islam.org\/es\/#website"},"primaryImageOfPage":{"@id":"https:\/\/www.ahmadiyya-islam.org\/es\/comunicados-de-prensa\/yamaat-ahmadia-del-islam-jovenes-musulmanes-waqf-e-nau-ijtema-en-londres\/#primaryimage"},"image":{"@id":"https:\/\/www.ahmadiyya-islam.org\/es\/comunicados-de-prensa\/yamaat-ahmadia-del-islam-jovenes-musulmanes-waqf-e-nau-ijtema-en-londres\/#primaryimage"},"thumbnailUrl":"https:\/\/www.ahmadiyya-islam.org\/es\/wp-content\/uploads\/sites\/10\/2016\/03\/2016-03-02-Waqfe-Nau-Ijtema-001.jpg","datePublished":"2016-03-02T12:12:04+00:00","dateModified":"2016-04-03T21:42:46+00:00","description":"Hazrat Mirza Masrur Ahmad aconseja a los j\u00f3venes musulmanes en cuestiones morales y profesionales El 28 de febrero de 2016, el Jefe Supremo de la Yamaat","breadcrumb":{"@id":"https:\/\/www.ahmadiyya-islam.org\/es\/comunicados-de-prensa\/yamaat-ahmadia-del-islam-jovenes-musulmanes-waqf-e-nau-ijtema-en-londres\/#breadcrumb"},"inLanguage":"es-ES","potentialAction":[{"@type":"ReadAction","target":["https:\/\/www.ahmadiyya-islam.org\/es\/comunicados-de-prensa\/yamaat-ahmadia-del-islam-jovenes-musulmanes-waqf-e-nau-ijtema-en-londres\/"]}]},{"@type":"ImageObject","inLanguage":"es-ES","@id":"https:\/\/www.ahmadiyya-islam.org\/es\/comunicados-de-prensa\/yamaat-ahmadia-del-islam-jovenes-musulmanes-waqf-e-nau-ijtema-en-londres\/#primaryimage","url":"https:\/\/www.ahmadiyya-islam.org\/es\/wp-content\/uploads\/sites\/10\/2016\/03\/2016-03-02-Waqfe-Nau-Ijtema-001.jpg","contentUrl":"https:\/\/www.ahmadiyya-islam.org\/es\/wp-content\/uploads\/sites\/10\/2016\/03\/2016-03-02-Waqfe-Nau-Ijtema-001.jpg","width":1000,"height":609},{"@type":"BreadcrumbList","@id":"https:\/\/www.ahmadiyya-islam.org\/es\/comunicados-de-prensa\/yamaat-ahmadia-del-islam-jovenes-musulmanes-waqf-e-nau-ijtema-en-londres\/#breadcrumb","itemListElement":[{"@type":"ListItem","position":1,"name":"Home","item":"https:\/\/www.ahmadiyya-islam.org\/es\/"},{"@type":"ListItem","position":2,"name":"El Jefe Supremo de la Yamaat Ahmad\u00eda del Islam se dirige a los j\u00f3venes musulmanes (Waqf-e-Nau Ijtema) en Londres"}]},{"@type":"WebSite","@id":"https:\/\/www.ahmadiyya-islam.org\/es\/#website","url":"https:\/\/www.ahmadiyya-islam.org\/es\/","name":"Comunidad Musulmana Ahmad\u00eda","description":"Internacional","publisher":{"@id":"https:\/\/www.ahmadiyya-islam.org\/es\/#organization"},"potentialAction":[{"@type":"SearchAction","target":{"@type":"EntryPoint","urlTemplate":"https:\/\/www.ahmadiyya-islam.org\/es\/?s={search_term_string}"},"query-input":{"@type":"PropertyValueSpecification","valueRequired":true,"valueName":"search_term_string"}}],"inLanguage":"es-ES"},{"@type":"Organization","@id":"https:\/\/www.ahmadiyya-islam.org\/es\/#organization","name":"Comunidad Musulmana Ahmad\u00eda","url":"https:\/\/www.ahmadiyya-islam.org\/es\/","logo":{"@type":"ImageObject","inLanguage":"es-ES","@id":"https:\/\/www.ahmadiyya-islam.org\/es\/#\/schema\/logo\/image\/","url":"https:\/\/www.ahmadiyya-islam.org\/es\/wp-content\/uploads\/sites\/10\/2015\/06\/alislam-logo.png","contentUrl":"https:\/\/www.ahmadiyya-islam.org\/es\/wp-content\/uploads\/sites\/10\/2015\/06\/alislam-logo.png","width":1859,"height":1859,"caption":"Comunidad Musulmana Ahmad\u00eda"},"image":{"@id":"https:\/\/www.ahmadiyya-islam.org\/es\/#\/schema\/logo\/image\/"}},{"@type":"Person","@id":"https:\/\/www.ahmadiyya-islam.org\/es\/#\/schema\/person\/ac4c08c7012bbfe73a43476371042f59","name":"es1tarikara"}]}},"_links":{"self":[{"href":"https:\/\/www.ahmadiyya-islam.org\/es\/wp-json\/wp\/v2\/posts\/2701","targetHints":{"allow":["GET"]}}],"collection":[{"href":"https:\/\/www.ahmadiyya-islam.org\/es\/wp-json\/wp\/v2\/posts"}],"about":[{"href":"https:\/\/www.ahmadiyya-islam.org\/es\/wp-json\/wp\/v2\/types\/post"}],"author":[{"embeddable":true,"href":"https:\/\/www.ahmadiyya-islam.org\/es\/wp-json\/wp\/v2\/users\/15"}],"replies":[{"embeddable":true,"href":"https:\/\/www.ahmadiyya-islam.org\/es\/wp-json\/wp\/v2\/comments?post=2701"}],"version-history":[{"count":0,"href":"https:\/\/www.ahmadiyya-islam.org\/es\/wp-json\/wp\/v2\/posts\/2701\/revisions"}],"wp:featuredmedia":[{"embeddable":true,"href":"https:\/\/www.ahmadiyya-islam.org\/es\/wp-json\/wp\/v2\/media\/2702"}],"wp:attachment":[{"href":"https:\/\/www.ahmadiyya-islam.org\/es\/wp-json\/wp\/v2\/media?parent=2701"}],"wp:term":[{"taxonomy":"category","embeddable":true,"href":"https:\/\/www.ahmadiyya-islam.org\/es\/wp-json\/wp\/v2\/categories?post=2701"},{"taxonomy":"post_tag","embeddable":true,"href":"https:\/\/www.ahmadiyya-islam.org\/es\/wp-json\/wp\/v2\/tags?post=2701"},{"taxonomy":"authors","embeddable":true,"href":"https:\/\/www.ahmadiyya-islam.org\/es\/wp-json\/wp\/v2\/authors?post=2701"},{"taxonomy":"content_source","embeddable":true,"href":"https:\/\/www.ahmadiyya-islam.org\/es\/wp-json\/wp\/v2\/content_source?post=2701"}],"curies":[{"name":"wp","href":"https:\/\/api.w.org\/{rel}","templated":true}]}}