{"id":2480,"date":"2015-12-09T14:42:32","date_gmt":"2015-12-09T14:42:32","guid":{"rendered":"http:\/\/www.ahmadiyya-islam.org\/es\/?p=2480"},"modified":"2016-04-03T21:46:11","modified_gmt":"2016-04-03T21:46:11","slug":"el-jefe-supremo-de-la-comunidad-musulmana-ahmadia-advierte-del-riesgo-de-una-tercera-guerra-mundial","status":"publish","type":"post","link":"https:\/\/www.ahmadiyya-islam.org\/es\/comunicados-de-prensa\/el-jefe-supremo-de-la-comunidad-musulmana-ahmadia-advierte-del-riesgo-de-una-tercera-guerra-mundial\/","title":{"rendered":"El jefe supremo de la Comunidad Musulmana Ahmad\u00eda advierte del riesgo de una tercera guerra mundial"},"content":{"rendered":"<p><strong>Hazrat Mirza Masrur Ahmad tambi\u00e9n habla del peligro de que mueran civiles inocentes en los bombardeos <\/strong><\/p>\n<p>El Jefe Supremo de la Comunidad Musulmana Ahmad\u00eda y <em>Quinto Jalifa<\/em>, Su Santidad, Hazrat Mirza Masrur Ahmad, ha advertido seriamente a los l\u00edderes y gobiernos del mundo sobre una escalada potencial de los conflictos actuales a una Tercera Guerra Mundial global. Su Santidad hizo estos comentarios durante su Serm\u00f3n del Viernes del 4 de diciembre de 2015 pronunciado en la Mezquita Baitul Futuh de Londres.<\/p>\n<p>Su Santidad se\u00f1al\u00f3 que los problemas del mundo tienen su origen en las graves injusticias cometidas tanto por los pa\u00edses musulmanes como por las dem\u00e1s potencias. Su Santidad pidi\u00f3 a los musulmanes \u00e1hmadis de todo el mundo que rezaran por una paz duradera en el mundo.<\/p>\n<p>Hazrat Mirza Masrur Ahmad dijo:<\/p>\n<blockquote><p><strong>\u201cHoy el mundo se halla en grave peligro y se dirige r\u00e1pidamente hacia la cat\u00e1strofe, por lo que son necesarias las plegarias especiales y sinceras de todos los miembros de nuestra comunidad\u201d<\/strong><\/p><\/blockquote>\n<p>Advirtiendo de las consecuencias potencialmente devastadoras a las que nos enfrentamos, Hazrat Mirza Masrur Ahmad dijo:<\/p>\n<blockquote><p><strong>\u201cLa gravedad de la situaci\u00f3n es tal, que una Tercera Guerra Mundial puede empezar en cualquier momento; de hecho, la Tercera Guerra Mundial ya ha comenzado a peque\u00f1a escala. Llevo advirti\u00e9ndolo desde hace a\u00f1os aunque s\u00f3lo ahora parecen estar de acuerdo en ello algunos analistas y personalidades mundiales\u201d<\/strong><\/p><\/blockquote>\n<p>Comentando los ataques contra el grupo terrorista <em>Daesh<\/em> en Irak y Siria, Hazrat Mirza Masrur Ahmad dijo:<\/p>\n<blockquote><p><strong>\u201cSi los gobiernos desean llevar a cabo ataques a\u00e9reos, \u00e9stos deben ser dirigidos contra los que perpetran actos crueles, y no contra la gente inocente. Que Dios Todopoderoso proteja a los inocentes y a los ciudadanos en general\u201d<\/strong><\/p>\n<p><strong>\u201cLa gente de Siria est\u00e1 atrapada y no tiene donde ir. Los pa\u00edses vecinos deber\u00edan haberse unido con los gobiernos locales para poner fin al conflicto hace ya mucho tiempo. Por el contrario, se ha permitido que crezca y se extienda el desorden a otros territorios, y ahora est\u00e1 afectando a una gran parte del mundo. Ciertamente, los pa\u00edses musulmanes vecinos han fracasado en su obligaci\u00f3n de poner fin al conflicto y al desorden\u201d.<\/strong><\/p><\/blockquote>\n<p>Hablando de la escalada del conflicto, Hazrat Mirza Masrur Ahmad dijo:<\/p>\n<blockquote><p><strong>\u201cSe dice que algunos gobiernos est\u00e1n comerciando con el Daesh comprando su petr\u00f3leo. Rusia hace esta acusaci\u00f3n contra Turqu\u00eda. Turqu\u00eda la desmiente y acusa a Rusia de lo mismo. Sea cual sea la verdad, lo cierto es que dicho comercio tiene lugar. Adem\u00e1s, desde que Turqu\u00eda derrib\u00f3 el avi\u00f3n sovi\u00e9tico, las expresiones de hostilidad no han hecho m\u00e1s que aumentar\u201d<\/strong><\/p><\/blockquote>\n<p>Hazrat Mirza Masrur Ahmad dijo:<\/p>\n<blockquote><p><strong>\u201cAdem\u00e1s, se escucha tambi\u00e9n que el Daesh tiene previsto que si tuviera que salir de Irak y Siria, establecer\u00eda su sede y gobierno en Libia. Est\u00e1 claro que habr\u00eda ataques a\u00e9reos similares contra Libia, y una vez m\u00e1s, morir\u00eda gente inocente. Las naciones occidentales ayudan repetidamente a estas naciones y despu\u00e9s les atacan. En Libia, Siria e Irak, han derrocado a sus gobiernos o tratan de hacerlo. Por desgracia, los gobiernos de los pa\u00edses musulmanes tambi\u00e9n son crueles e injustos con sus propios pueblos. El desorden que prevalece en el mundo es el resultado de un ciclo de injusticia permanente\u201d<\/strong><\/p>\n<p><strong>\u201cA pesar de la situaci\u00f3n precaria a la que el mundo se enfrenta, no parece que las grandes potencias ni tampoco los gobiernos musulmanes presten atenci\u00f3n a la necesidad imperiosa de actuar con justicia. Incluso si los salvajes terroristas del Daesh fueran derrotados no significar\u00eda que se iba a conseguir la paz de manera inmediata. En realidad hay factores que indican que la divisi\u00f3n y el enfrentamiento seguir\u00e1n sucediendo a medida que la tensi\u00f3n entre Rusia y Occidente vaya en aumento. De nuevo ser\u00e1n los civiles inocentes del p\u00fablico en general quienes m\u00e1s sufrir\u00e1n y quienes perder\u00e1n sus vidas\u201d<\/strong><\/p><\/blockquote>\n<p>Al concluir Hazrat Mirza Masroor Ahmad dijo:<\/p>\n<blockquote><p><strong>\u201cEl mundo se halla en un grave peligro por lo que debemos postrarnos en oraci\u00f3n. Que Dios Todopoderoso salve al mundo de todas las formas de destrucci\u00f3n y que los l\u00edderes y gobiernos del mundo act\u00faen con sensatez y con justicia\u201d.<\/strong><\/p><\/blockquote>\n","protected":false},"excerpt":{"rendered":"<p>Hazrat Mirza Masrur Ahmad tambi\u00e9n habla del peligro de que mueran civiles inocentes en los bombardeos <\/p>\n","protected":false},"author":1,"featured_media":2481,"comment_status":"closed","ping_status":"closed","sticky":false,"template":"","format":"standard","meta":{"_acf_changed":false,"footnotes":""},"categories":[1],"tags":[],"authors":[],"content_source":[],"class_list":["post-2480","post","type-post","status-publish","format-standard","has-post-thumbnail","hentry","category-comunicados-de-prensa","topics-paz","topics-paz-mundial","topics-politica"],"acf":[],"yoast_head":"<!-- This site is optimized with the Yoast SEO Premium plugin v21.1 (Yoast SEO v27.4) - https:\/\/yoast.com\/product\/yoast-seo-premium-wordpress\/ -->\n<title>El jefe supremo de la Comunidad Musulmana Ahmad\u00eda advierte del riesgo de una tercera guerra mundial<\/title>\n<meta name=\"description\" content=\"Hazrat Mirza Masrur Ahmad tambi\u00e9n habla del peligro de que mueran civiles inocentes en los bombardeos\" \/>\n<meta name=\"robots\" content=\"index, follow, max-snippet:-1, max-image-preview:large, max-video-preview:-1\" \/>\n<link rel=\"canonical\" href=\"https:\/\/www.ahmadiyya-islam.org\/es\/comunicados-de-prensa\/el-jefe-supremo-de-la-comunidad-musulmana-ahmadia-advierte-del-riesgo-de-una-tercera-guerra-mundial\/\" \/>\n<meta property=\"og:locale\" content=\"es_ES\" \/>\n<meta property=\"og:type\" content=\"article\" \/>\n<meta property=\"og:title\" content=\"El jefe supremo de la Comunidad Musulmana Ahmad\u00eda advierte del riesgo de una tercera guerra mundial\" \/>\n<meta property=\"og:description\" content=\"Hazrat Mirza Masrur Ahmad tambi\u00e9n habla del peligro de que mueran civiles inocentes en los bombardeos\" \/>\n<meta property=\"og:url\" content=\"https:\/\/www.ahmadiyya-islam.org\/es\/comunicados-de-prensa\/el-jefe-supremo-de-la-comunidad-musulmana-ahmadia-advierte-del-riesgo-de-una-tercera-guerra-mundial\/\" \/>\n<meta property=\"og:site_name\" content=\"Comunidad Musulmana Ahmad\u00eda\" \/>\n<meta property=\"article:published_time\" content=\"2015-12-09T14:42:32+00:00\" \/>\n<meta property=\"article:modified_time\" content=\"2016-04-03T21:46:11+00:00\" \/>\n<meta property=\"og:image\" content=\"https:\/\/www.ahmadiyya-islam.org\/es\/wp-content\/uploads\/sites\/10\/2015\/12\/2014-07-04-FS-001.jpg\" \/>\n\t<meta property=\"og:image:width\" content=\"1467\" \/>\n\t<meta property=\"og:image:height\" content=\"826\" \/>\n\t<meta property=\"og:image:type\" content=\"image\/jpeg\" \/>\n<meta name=\"author\" content=\"msi\" \/>\n<meta name=\"twitter:card\" content=\"summary_large_image\" \/>\n<meta name=\"twitter:label1\" content=\"Written by\" \/>\n\t<meta name=\"twitter:data1\" content=\"msi\" \/>\n\t<meta name=\"twitter:label2\" content=\"Est. reading time\" \/>\n\t<meta name=\"twitter:data2\" content=\"4 minutes\" \/>\n<script type=\"application\/ld+json\" class=\"yoast-schema-graph\">{\"@context\":\"https:\\\/\\\/schema.org\",\"@graph\":[{\"@type\":\"Article\",\"@id\":\"https:\\\/\\\/www.ahmadiyya-islam.org\\\/es\\\/comunicados-de-prensa\\\/el-jefe-supremo-de-la-comunidad-musulmana-ahmadia-advierte-del-riesgo-de-una-tercera-guerra-mundial\\\/#article\",\"isPartOf\":{\"@id\":\"https:\\\/\\\/www.ahmadiyya-islam.org\\\/es\\\/comunicados-de-prensa\\\/el-jefe-supremo-de-la-comunidad-musulmana-ahmadia-advierte-del-riesgo-de-una-tercera-guerra-mundial\\\/\"},\"author\":{\"name\":\"msi\",\"@id\":\"https:\\\/\\\/www.ahmadiyya-islam.org\\\/es\\\/#\\\/schema\\\/person\\\/83d2f525d5c8e69740601fb0bedbeb43\"},\"headline\":\"El jefe supremo de la Comunidad Musulmana Ahmad\u00eda advierte del riesgo de una tercera guerra mundial\",\"datePublished\":\"2015-12-09T14:42:32+00:00\",\"dateModified\":\"2016-04-03T21:46:11+00:00\",\"mainEntityOfPage\":{\"@id\":\"https:\\\/\\\/www.ahmadiyya-islam.org\\\/es\\\/comunicados-de-prensa\\\/el-jefe-supremo-de-la-comunidad-musulmana-ahmadia-advierte-del-riesgo-de-una-tercera-guerra-mundial\\\/\"},\"wordCount\":749,\"publisher\":{\"@id\":\"https:\\\/\\\/www.ahmadiyya-islam.org\\\/es\\\/#organization\"},\"image\":{\"@id\":\"https:\\\/\\\/www.ahmadiyya-islam.org\\\/es\\\/comunicados-de-prensa\\\/el-jefe-supremo-de-la-comunidad-musulmana-ahmadia-advierte-del-riesgo-de-una-tercera-guerra-mundial\\\/#primaryimage\"},\"thumbnailUrl\":\"https:\\\/\\\/www.ahmadiyya-islam.org\\\/es\\\/wp-content\\\/uploads\\\/sites\\\/10\\\/2015\\\/12\\\/2014-07-04-FS-001.jpg\",\"articleSection\":[\"Comunicados de prensa\"],\"inLanguage\":\"es-ES\"},{\"@type\":\"WebPage\",\"@id\":\"https:\\\/\\\/www.ahmadiyya-islam.org\\\/es\\\/comunicados-de-prensa\\\/el-jefe-supremo-de-la-comunidad-musulmana-ahmadia-advierte-del-riesgo-de-una-tercera-guerra-mundial\\\/\",\"url\":\"https:\\\/\\\/www.ahmadiyya-islam.org\\\/es\\\/comunicados-de-prensa\\\/el-jefe-supremo-de-la-comunidad-musulmana-ahmadia-advierte-del-riesgo-de-una-tercera-guerra-mundial\\\/\",\"name\":\"El jefe supremo de la Comunidad Musulmana Ahmad\u00eda advierte del riesgo de una tercera guerra mundial\",\"isPartOf\":{\"@id\":\"https:\\\/\\\/www.ahmadiyya-islam.org\\\/es\\\/#website\"},\"primaryImageOfPage\":{\"@id\":\"https:\\\/\\\/www.ahmadiyya-islam.org\\\/es\\\/comunicados-de-prensa\\\/el-jefe-supremo-de-la-comunidad-musulmana-ahmadia-advierte-del-riesgo-de-una-tercera-guerra-mundial\\\/#primaryimage\"},\"image\":{\"@id\":\"https:\\\/\\\/www.ahmadiyya-islam.org\\\/es\\\/comunicados-de-prensa\\\/el-jefe-supremo-de-la-comunidad-musulmana-ahmadia-advierte-del-riesgo-de-una-tercera-guerra-mundial\\\/#primaryimage\"},\"thumbnailUrl\":\"https:\\\/\\\/www.ahmadiyya-islam.org\\\/es\\\/wp-content\\\/uploads\\\/sites\\\/10\\\/2015\\\/12\\\/2014-07-04-FS-001.jpg\",\"datePublished\":\"2015-12-09T14:42:32+00:00\",\"dateModified\":\"2016-04-03T21:46:11+00:00\",\"description\":\"Hazrat Mirza Masrur Ahmad tambi\u00e9n habla del peligro de que mueran civiles inocentes en los bombardeos\",\"breadcrumb\":{\"@id\":\"https:\\\/\\\/www.ahmadiyya-islam.org\\\/es\\\/comunicados-de-prensa\\\/el-jefe-supremo-de-la-comunidad-musulmana-ahmadia-advierte-del-riesgo-de-una-tercera-guerra-mundial\\\/#breadcrumb\"},\"inLanguage\":\"es-ES\",\"potentialAction\":[{\"@type\":\"ReadAction\",\"target\":[\"https:\\\/\\\/www.ahmadiyya-islam.org\\\/es\\\/comunicados-de-prensa\\\/el-jefe-supremo-de-la-comunidad-musulmana-ahmadia-advierte-del-riesgo-de-una-tercera-guerra-mundial\\\/\"]}]},{\"@type\":\"ImageObject\",\"inLanguage\":\"es-ES\",\"@id\":\"https:\\\/\\\/www.ahmadiyya-islam.org\\\/es\\\/comunicados-de-prensa\\\/el-jefe-supremo-de-la-comunidad-musulmana-ahmadia-advierte-del-riesgo-de-una-tercera-guerra-mundial\\\/#primaryimage\",\"url\":\"https:\\\/\\\/www.ahmadiyya-islam.org\\\/es\\\/wp-content\\\/uploads\\\/sites\\\/10\\\/2015\\\/12\\\/2014-07-04-FS-001.jpg\",\"contentUrl\":\"https:\\\/\\\/www.ahmadiyya-islam.org\\\/es\\\/wp-content\\\/uploads\\\/sites\\\/10\\\/2015\\\/12\\\/2014-07-04-FS-001.jpg\",\"width\":1467,\"height\":826},{\"@type\":\"BreadcrumbList\",\"@id\":\"https:\\\/\\\/www.ahmadiyya-islam.org\\\/es\\\/comunicados-de-prensa\\\/el-jefe-supremo-de-la-comunidad-musulmana-ahmadia-advierte-del-riesgo-de-una-tercera-guerra-mundial\\\/#breadcrumb\",\"itemListElement\":[{\"@type\":\"ListItem\",\"position\":1,\"name\":\"Home\",\"item\":\"https:\\\/\\\/www.ahmadiyya-islam.org\\\/es\\\/\"},{\"@type\":\"ListItem\",\"position\":2,\"name\":\"El jefe supremo de la Comunidad Musulmana Ahmad\u00eda advierte del riesgo de una tercera guerra mundial\"}]},{\"@type\":\"WebSite\",\"@id\":\"https:\\\/\\\/www.ahmadiyya-islam.org\\\/es\\\/#website\",\"url\":\"https:\\\/\\\/www.ahmadiyya-islam.org\\\/es\\\/\",\"name\":\"Comunidad Musulmana Ahmad\u00eda\",\"description\":\"Internacional\",\"publisher\":{\"@id\":\"https:\\\/\\\/www.ahmadiyya-islam.org\\\/es\\\/#organization\"},\"potentialAction\":[{\"@type\":\"SearchAction\",\"target\":{\"@type\":\"EntryPoint\",\"urlTemplate\":\"https:\\\/\\\/www.ahmadiyya-islam.org\\\/es\\\/?s={search_term_string}\"},\"query-input\":{\"@type\":\"PropertyValueSpecification\",\"valueRequired\":true,\"valueName\":\"search_term_string\"}}],\"inLanguage\":\"es-ES\"},{\"@type\":\"Organization\",\"@id\":\"https:\\\/\\\/www.ahmadiyya-islam.org\\\/es\\\/#organization\",\"name\":\"Comunidad Musulmana Ahmad\u00eda\",\"url\":\"https:\\\/\\\/www.ahmadiyya-islam.org\\\/es\\\/\",\"logo\":{\"@type\":\"ImageObject\",\"inLanguage\":\"es-ES\",\"@id\":\"https:\\\/\\\/www.ahmadiyya-islam.org\\\/es\\\/#\\\/schema\\\/logo\\\/image\\\/\",\"url\":\"https:\\\/\\\/www.ahmadiyya-islam.org\\\/es\\\/wp-content\\\/uploads\\\/sites\\\/10\\\/2015\\\/06\\\/alislam-logo.png\",\"contentUrl\":\"https:\\\/\\\/www.ahmadiyya-islam.org\\\/es\\\/wp-content\\\/uploads\\\/sites\\\/10\\\/2015\\\/06\\\/alislam-logo.png\",\"width\":1859,\"height\":1859,\"caption\":\"Comunidad Musulmana Ahmad\u00eda\"},\"image\":{\"@id\":\"https:\\\/\\\/www.ahmadiyya-islam.org\\\/es\\\/#\\\/schema\\\/logo\\\/image\\\/\"}},{\"@type\":\"Person\",\"@id\":\"https:\\\/\\\/www.ahmadiyya-islam.org\\\/es\\\/#\\\/schema\\\/person\\\/83d2f525d5c8e69740601fb0bedbeb43\",\"name\":\"msi\"}]}<\/script>\n<!-- \/ Yoast SEO Premium plugin. -->","yoast_head_json":{"title":"El jefe supremo de la Comunidad Musulmana Ahmad\u00eda advierte del riesgo de una tercera guerra mundial","description":"Hazrat Mirza Masrur Ahmad tambi\u00e9n habla del peligro de que mueran civiles inocentes en los bombardeos","robots":{"index":"index","follow":"follow","max-snippet":"max-snippet:-1","max-image-preview":"max-image-preview:large","max-video-preview":"max-video-preview:-1"},"canonical":"https:\/\/www.ahmadiyya-islam.org\/es\/comunicados-de-prensa\/el-jefe-supremo-de-la-comunidad-musulmana-ahmadia-advierte-del-riesgo-de-una-tercera-guerra-mundial\/","og_locale":"es_ES","og_type":"article","og_title":"El jefe supremo de la Comunidad Musulmana Ahmad\u00eda advierte del riesgo de una tercera guerra mundial","og_description":"Hazrat Mirza Masrur Ahmad tambi\u00e9n habla del peligro de que mueran civiles inocentes en los bombardeos","og_url":"https:\/\/www.ahmadiyya-islam.org\/es\/comunicados-de-prensa\/el-jefe-supremo-de-la-comunidad-musulmana-ahmadia-advierte-del-riesgo-de-una-tercera-guerra-mundial\/","og_site_name":"Comunidad Musulmana Ahmad\u00eda","article_published_time":"2015-12-09T14:42:32+00:00","article_modified_time":"2016-04-03T21:46:11+00:00","og_image":[{"width":1467,"height":826,"url":"https:\/\/www.ahmadiyya-islam.org\/es\/wp-content\/uploads\/sites\/10\/2015\/12\/2014-07-04-FS-001.jpg","type":"image\/jpeg"}],"author":"msi","twitter_card":"summary_large_image","twitter_misc":{"Written by":"msi","Est. reading time":"4 minutes"},"schema":{"@context":"https:\/\/schema.org","@graph":[{"@type":"Article","@id":"https:\/\/www.ahmadiyya-islam.org\/es\/comunicados-de-prensa\/el-jefe-supremo-de-la-comunidad-musulmana-ahmadia-advierte-del-riesgo-de-una-tercera-guerra-mundial\/#article","isPartOf":{"@id":"https:\/\/www.ahmadiyya-islam.org\/es\/comunicados-de-prensa\/el-jefe-supremo-de-la-comunidad-musulmana-ahmadia-advierte-del-riesgo-de-una-tercera-guerra-mundial\/"},"author":{"name":"msi","@id":"https:\/\/www.ahmadiyya-islam.org\/es\/#\/schema\/person\/83d2f525d5c8e69740601fb0bedbeb43"},"headline":"El jefe supremo de la Comunidad Musulmana Ahmad\u00eda advierte del riesgo de una tercera guerra mundial","datePublished":"2015-12-09T14:42:32+00:00","dateModified":"2016-04-03T21:46:11+00:00","mainEntityOfPage":{"@id":"https:\/\/www.ahmadiyya-islam.org\/es\/comunicados-de-prensa\/el-jefe-supremo-de-la-comunidad-musulmana-ahmadia-advierte-del-riesgo-de-una-tercera-guerra-mundial\/"},"wordCount":749,"publisher":{"@id":"https:\/\/www.ahmadiyya-islam.org\/es\/#organization"},"image":{"@id":"https:\/\/www.ahmadiyya-islam.org\/es\/comunicados-de-prensa\/el-jefe-supremo-de-la-comunidad-musulmana-ahmadia-advierte-del-riesgo-de-una-tercera-guerra-mundial\/#primaryimage"},"thumbnailUrl":"https:\/\/www.ahmadiyya-islam.org\/es\/wp-content\/uploads\/sites\/10\/2015\/12\/2014-07-04-FS-001.jpg","articleSection":["Comunicados de prensa"],"inLanguage":"es-ES"},{"@type":"WebPage","@id":"https:\/\/www.ahmadiyya-islam.org\/es\/comunicados-de-prensa\/el-jefe-supremo-de-la-comunidad-musulmana-ahmadia-advierte-del-riesgo-de-una-tercera-guerra-mundial\/","url":"https:\/\/www.ahmadiyya-islam.org\/es\/comunicados-de-prensa\/el-jefe-supremo-de-la-comunidad-musulmana-ahmadia-advierte-del-riesgo-de-una-tercera-guerra-mundial\/","name":"El jefe supremo de la Comunidad Musulmana Ahmad\u00eda advierte del riesgo de una tercera guerra mundial","isPartOf":{"@id":"https:\/\/www.ahmadiyya-islam.org\/es\/#website"},"primaryImageOfPage":{"@id":"https:\/\/www.ahmadiyya-islam.org\/es\/comunicados-de-prensa\/el-jefe-supremo-de-la-comunidad-musulmana-ahmadia-advierte-del-riesgo-de-una-tercera-guerra-mundial\/#primaryimage"},"image":{"@id":"https:\/\/www.ahmadiyya-islam.org\/es\/comunicados-de-prensa\/el-jefe-supremo-de-la-comunidad-musulmana-ahmadia-advierte-del-riesgo-de-una-tercera-guerra-mundial\/#primaryimage"},"thumbnailUrl":"https:\/\/www.ahmadiyya-islam.org\/es\/wp-content\/uploads\/sites\/10\/2015\/12\/2014-07-04-FS-001.jpg","datePublished":"2015-12-09T14:42:32+00:00","dateModified":"2016-04-03T21:46:11+00:00","description":"Hazrat Mirza Masrur Ahmad tambi\u00e9n habla del peligro de que mueran civiles inocentes en los bombardeos","breadcrumb":{"@id":"https:\/\/www.ahmadiyya-islam.org\/es\/comunicados-de-prensa\/el-jefe-supremo-de-la-comunidad-musulmana-ahmadia-advierte-del-riesgo-de-una-tercera-guerra-mundial\/#breadcrumb"},"inLanguage":"es-ES","potentialAction":[{"@type":"ReadAction","target":["https:\/\/www.ahmadiyya-islam.org\/es\/comunicados-de-prensa\/el-jefe-supremo-de-la-comunidad-musulmana-ahmadia-advierte-del-riesgo-de-una-tercera-guerra-mundial\/"]}]},{"@type":"ImageObject","inLanguage":"es-ES","@id":"https:\/\/www.ahmadiyya-islam.org\/es\/comunicados-de-prensa\/el-jefe-supremo-de-la-comunidad-musulmana-ahmadia-advierte-del-riesgo-de-una-tercera-guerra-mundial\/#primaryimage","url":"https:\/\/www.ahmadiyya-islam.org\/es\/wp-content\/uploads\/sites\/10\/2015\/12\/2014-07-04-FS-001.jpg","contentUrl":"https:\/\/www.ahmadiyya-islam.org\/es\/wp-content\/uploads\/sites\/10\/2015\/12\/2014-07-04-FS-001.jpg","width":1467,"height":826},{"@type":"BreadcrumbList","@id":"https:\/\/www.ahmadiyya-islam.org\/es\/comunicados-de-prensa\/el-jefe-supremo-de-la-comunidad-musulmana-ahmadia-advierte-del-riesgo-de-una-tercera-guerra-mundial\/#breadcrumb","itemListElement":[{"@type":"ListItem","position":1,"name":"Home","item":"https:\/\/www.ahmadiyya-islam.org\/es\/"},{"@type":"ListItem","position":2,"name":"El jefe supremo de la Comunidad Musulmana Ahmad\u00eda advierte del riesgo de una tercera guerra mundial"}]},{"@type":"WebSite","@id":"https:\/\/www.ahmadiyya-islam.org\/es\/#website","url":"https:\/\/www.ahmadiyya-islam.org\/es\/","name":"Comunidad Musulmana Ahmad\u00eda","description":"Internacional","publisher":{"@id":"https:\/\/www.ahmadiyya-islam.org\/es\/#organization"},"potentialAction":[{"@type":"SearchAction","target":{"@type":"EntryPoint","urlTemplate":"https:\/\/www.ahmadiyya-islam.org\/es\/?s={search_term_string}"},"query-input":{"@type":"PropertyValueSpecification","valueRequired":true,"valueName":"search_term_string"}}],"inLanguage":"es-ES"},{"@type":"Organization","@id":"https:\/\/www.ahmadiyya-islam.org\/es\/#organization","name":"Comunidad Musulmana Ahmad\u00eda","url":"https:\/\/www.ahmadiyya-islam.org\/es\/","logo":{"@type":"ImageObject","inLanguage":"es-ES","@id":"https:\/\/www.ahmadiyya-islam.org\/es\/#\/schema\/logo\/image\/","url":"https:\/\/www.ahmadiyya-islam.org\/es\/wp-content\/uploads\/sites\/10\/2015\/06\/alislam-logo.png","contentUrl":"https:\/\/www.ahmadiyya-islam.org\/es\/wp-content\/uploads\/sites\/10\/2015\/06\/alislam-logo.png","width":1859,"height":1859,"caption":"Comunidad Musulmana Ahmad\u00eda"},"image":{"@id":"https:\/\/www.ahmadiyya-islam.org\/es\/#\/schema\/logo\/image\/"}},{"@type":"Person","@id":"https:\/\/www.ahmadiyya-islam.org\/es\/#\/schema\/person\/83d2f525d5c8e69740601fb0bedbeb43","name":"msi"}]}},"_links":{"self":[{"href":"https:\/\/www.ahmadiyya-islam.org\/es\/wp-json\/wp\/v2\/posts\/2480","targetHints":{"allow":["GET"]}}],"collection":[{"href":"https:\/\/www.ahmadiyya-islam.org\/es\/wp-json\/wp\/v2\/posts"}],"about":[{"href":"https:\/\/www.ahmadiyya-islam.org\/es\/wp-json\/wp\/v2\/types\/post"}],"author":[{"embeddable":true,"href":"https:\/\/www.ahmadiyya-islam.org\/es\/wp-json\/wp\/v2\/users\/1"}],"replies":[{"embeddable":true,"href":"https:\/\/www.ahmadiyya-islam.org\/es\/wp-json\/wp\/v2\/comments?post=2480"}],"version-history":[{"count":0,"href":"https:\/\/www.ahmadiyya-islam.org\/es\/wp-json\/wp\/v2\/posts\/2480\/revisions"}],"wp:featuredmedia":[{"embeddable":true,"href":"https:\/\/www.ahmadiyya-islam.org\/es\/wp-json\/wp\/v2\/media\/2481"}],"wp:attachment":[{"href":"https:\/\/www.ahmadiyya-islam.org\/es\/wp-json\/wp\/v2\/media?parent=2480"}],"wp:term":[{"taxonomy":"category","embeddable":true,"href":"https:\/\/www.ahmadiyya-islam.org\/es\/wp-json\/wp\/v2\/categories?post=2480"},{"taxonomy":"post_tag","embeddable":true,"href":"https:\/\/www.ahmadiyya-islam.org\/es\/wp-json\/wp\/v2\/tags?post=2480"},{"taxonomy":"authors","embeddable":true,"href":"https:\/\/www.ahmadiyya-islam.org\/es\/wp-json\/wp\/v2\/authors?post=2480"},{"taxonomy":"content_source","embeddable":true,"href":"https:\/\/www.ahmadiyya-islam.org\/es\/wp-json\/wp\/v2\/content_source?post=2480"}],"curies":[{"name":"wp","href":"https:\/\/api.w.org\/{rel}","templated":true}]}}