{"id":2387,"date":"2015-11-14T09:49:21","date_gmt":"2015-11-14T09:49:21","guid":{"rendered":"http:\/\/www.ahmadiyya-islam.org\/es\/?p=2387"},"modified":"2015-11-14T10:32:12","modified_gmt":"2015-11-14T10:32:12","slug":"declaracion-de-la-comunidad-musulmana-ahmadia-en-relacion-a-los-ataques-en-paris","status":"publish","type":"post","link":"https:\/\/www.ahmadiyya-islam.org\/es\/comunicados-de-prensa\/declaracion-de-la-comunidad-musulmana-ahmadia-en-relacion-a-los-ataques-en-paris\/","title":{"rendered":"Declaraci\u00f3n de la Comunidad Musulmana Ahmad\u00eda en relaci\u00f3n con los ataques en Par\u00eds"},"content":{"rendered":"<p><em>&#8220;La Comunidad Musulmana Ahmad\u00eda transmite sus m\u00e1s sentidas condolencias a los ciudadanos\u00a0de Francia y a su gobierno.\u201d<\/em><\/p>\n<p><em>\u201cLas v\u00edctimas inocentes de estos ataques salvajes y sus familias est\u00e1n presentes en nuestros pensamientos y en nuestras oraciones.\u201d<\/em><\/p>\n<p><em>&#8220;La Communaut\u00e9 Islamique Ahmadiyya pr\u00e9sente ses sinc\u00e8res condol\u00e9ances au peuple et au gouvernement fran\u00e7ais.\u00a0<\/em><em><br \/>\n<\/em><em><br \/>\n&#8220;Les innocentes victimes de ces attaques barbares ainsi que leurs familles sont dans nos pens\u00e9es et pri\u00e8res. <\/em><em>&#8220;<\/em><\/p>\n","protected":false},"excerpt":{"rendered":"<p>&#8220;La Comunidad Musulmana Ahmad\u00eda transmite sus m\u00e1s sentidas condolencias a los ciudadanos\u00a0de Francia y a su gobierno.\u201d \u201cLas v\u00edctimas inocentes de estos ataques salvajes y sus familias est\u00e1n presentes en nuestros pensamientos y en nuestras oraciones.\u201d &#8220;La Communaut\u00e9 Islamique Ahmadiyya pr\u00e9sente ses sinc\u00e8res condol\u00e9ances au peuple et au gouvernement fran\u00e7ais.\u00a0 &#8220;Les innocentes victimes de ces<\/p>\n","protected":false},"author":15,"featured_media":0,"comment_status":"closed","ping_status":"closed","sticky":false,"template":"","format":"standard","meta":{"_acf_changed":false,"footnotes":""},"categories":[1],"tags":[144,204],"authors":[],"content_source":[],"class_list":["post-2387","post","type-post","status-publish","format-standard","hentry","category-comunicados-de-prensa","tag-francia","tag-paris","topics-terrorismo"],"acf":[],"yoast_head":"<!-- This site is optimized with the Yoast SEO Premium plugin v21.1 (Yoast SEO v27.4) - https:\/\/yoast.com\/product\/yoast-seo-premium-wordpress\/ -->\n<title>Declaraci\u00f3n de la Comunidad Musulmana Ahmad\u00eda en relaci\u00f3n con los ataques en Par\u00eds<\/title>\n<meta name=\"description\" content=\"&quot;La Comunidad Musulmana Ahmad\u00eda transmite sus m\u00e1s sentidas condolencias a los ciudadanos\u00a0de Francia y a su gobierno.\u201d \u201cLas v\u00edctimas inocentes de estos\" \/>\n<meta name=\"robots\" content=\"index, follow, max-snippet:-1, max-image-preview:large, max-video-preview:-1\" \/>\n<link rel=\"canonical\" href=\"https:\/\/www.ahmadiyya-islam.org\/es\/comunicados-de-prensa\/declaracion-de-la-comunidad-musulmana-ahmadia-en-relacion-a-los-ataques-en-paris\/\" \/>\n<meta property=\"og:locale\" content=\"es_ES\" \/>\n<meta property=\"og:type\" content=\"article\" \/>\n<meta property=\"og:title\" content=\"Declaraci\u00f3n de la Comunidad Musulmana Ahmad\u00eda en relaci\u00f3n con los ataques en Par\u00eds\" \/>\n<meta property=\"og:description\" content=\"&quot;La Comunidad Musulmana Ahmad\u00eda transmite sus m\u00e1s sentidas condolencias a los ciudadanos\u00a0de Francia y a su gobierno.\u201d \u201cLas v\u00edctimas inocentes de estos\" \/>\n<meta property=\"og:url\" content=\"https:\/\/www.ahmadiyya-islam.org\/es\/comunicados-de-prensa\/declaracion-de-la-comunidad-musulmana-ahmadia-en-relacion-a-los-ataques-en-paris\/\" \/>\n<meta property=\"og:site_name\" content=\"Comunidad Musulmana Ahmad\u00eda\" \/>\n<meta property=\"article:published_time\" content=\"2015-11-14T09:49:21+00:00\" \/>\n<meta property=\"article:modified_time\" content=\"2015-11-14T10:32:12+00:00\" \/>\n<meta property=\"og:image\" content=\"https:\/\/www.ahmadiyya-islam.org\/es\/wp-content\/uploads\/sites\/10\/2019\/02\/ahmadiyya.png\" \/>\n\t<meta property=\"og:image:width\" content=\"917\" \/>\n\t<meta property=\"og:image:height\" content=\"410\" \/>\n\t<meta property=\"og:image:type\" content=\"image\/png\" \/>\n<meta name=\"author\" content=\"es1tarikara\" \/>\n<meta name=\"twitter:card\" content=\"summary_large_image\" \/>\n<meta name=\"twitter:label1\" content=\"Written by\" \/>\n\t<meta name=\"twitter:data1\" content=\"es1tarikara\" \/>\n<script type=\"application\/ld+json\" class=\"yoast-schema-graph\">{\"@context\":\"https:\\\/\\\/schema.org\",\"@graph\":[{\"@type\":\"Article\",\"@id\":\"https:\\\/\\\/www.ahmadiyya-islam.org\\\/es\\\/comunicados-de-prensa\\\/declaracion-de-la-comunidad-musulmana-ahmadia-en-relacion-a-los-ataques-en-paris\\\/#article\",\"isPartOf\":{\"@id\":\"https:\\\/\\\/www.ahmadiyya-islam.org\\\/es\\\/comunicados-de-prensa\\\/declaracion-de-la-comunidad-musulmana-ahmadia-en-relacion-a-los-ataques-en-paris\\\/\"},\"author\":{\"name\":\"es1tarikara\",\"@id\":\"https:\\\/\\\/www.ahmadiyya-islam.org\\\/es\\\/#\\\/schema\\\/person\\\/ac4c08c7012bbfe73a43476371042f59\"},\"headline\":\"Declaraci\u00f3n de la Comunidad Musulmana Ahmad\u00eda en relaci\u00f3n con los ataques en Par\u00eds\",\"datePublished\":\"2015-11-14T09:49:21+00:00\",\"dateModified\":\"2015-11-14T10:32:12+00:00\",\"mainEntityOfPage\":{\"@id\":\"https:\\\/\\\/www.ahmadiyya-islam.org\\\/es\\\/comunicados-de-prensa\\\/declaracion-de-la-comunidad-musulmana-ahmadia-en-relacion-a-los-ataques-en-paris\\\/\"},\"wordCount\":95,\"publisher\":{\"@id\":\"https:\\\/\\\/www.ahmadiyya-islam.org\\\/es\\\/#organization\"},\"keywords\":[\"Francia\",\"Paris\"],\"articleSection\":[\"Comunicados de prensa\"],\"inLanguage\":\"es-ES\"},{\"@type\":\"WebPage\",\"@id\":\"https:\\\/\\\/www.ahmadiyya-islam.org\\\/es\\\/comunicados-de-prensa\\\/declaracion-de-la-comunidad-musulmana-ahmadia-en-relacion-a-los-ataques-en-paris\\\/\",\"url\":\"https:\\\/\\\/www.ahmadiyya-islam.org\\\/es\\\/comunicados-de-prensa\\\/declaracion-de-la-comunidad-musulmana-ahmadia-en-relacion-a-los-ataques-en-paris\\\/\",\"name\":\"Declaraci\u00f3n de la Comunidad Musulmana Ahmad\u00eda en relaci\u00f3n con los ataques en Par\u00eds\",\"isPartOf\":{\"@id\":\"https:\\\/\\\/www.ahmadiyya-islam.org\\\/es\\\/#website\"},\"datePublished\":\"2015-11-14T09:49:21+00:00\",\"dateModified\":\"2015-11-14T10:32:12+00:00\",\"description\":\"\\\"La Comunidad Musulmana Ahmad\u00eda transmite sus m\u00e1s sentidas condolencias a los ciudadanos\u00a0de Francia y a su gobierno.\u201d \u201cLas v\u00edctimas inocentes de estos\",\"breadcrumb\":{\"@id\":\"https:\\\/\\\/www.ahmadiyya-islam.org\\\/es\\\/comunicados-de-prensa\\\/declaracion-de-la-comunidad-musulmana-ahmadia-en-relacion-a-los-ataques-en-paris\\\/#breadcrumb\"},\"inLanguage\":\"es-ES\",\"potentialAction\":[{\"@type\":\"ReadAction\",\"target\":[\"https:\\\/\\\/www.ahmadiyya-islam.org\\\/es\\\/comunicados-de-prensa\\\/declaracion-de-la-comunidad-musulmana-ahmadia-en-relacion-a-los-ataques-en-paris\\\/\"]}]},{\"@type\":\"BreadcrumbList\",\"@id\":\"https:\\\/\\\/www.ahmadiyya-islam.org\\\/es\\\/comunicados-de-prensa\\\/declaracion-de-la-comunidad-musulmana-ahmadia-en-relacion-a-los-ataques-en-paris\\\/#breadcrumb\",\"itemListElement\":[{\"@type\":\"ListItem\",\"position\":1,\"name\":\"Home\",\"item\":\"https:\\\/\\\/www.ahmadiyya-islam.org\\\/es\\\/\"},{\"@type\":\"ListItem\",\"position\":2,\"name\":\"Declaraci\u00f3n de la Comunidad Musulmana Ahmad\u00eda en relaci\u00f3n con los ataques en Par\u00eds\"}]},{\"@type\":\"WebSite\",\"@id\":\"https:\\\/\\\/www.ahmadiyya-islam.org\\\/es\\\/#website\",\"url\":\"https:\\\/\\\/www.ahmadiyya-islam.org\\\/es\\\/\",\"name\":\"Comunidad Musulmana Ahmad\u00eda\",\"description\":\"Internacional\",\"publisher\":{\"@id\":\"https:\\\/\\\/www.ahmadiyya-islam.org\\\/es\\\/#organization\"},\"potentialAction\":[{\"@type\":\"SearchAction\",\"target\":{\"@type\":\"EntryPoint\",\"urlTemplate\":\"https:\\\/\\\/www.ahmadiyya-islam.org\\\/es\\\/?s={search_term_string}\"},\"query-input\":{\"@type\":\"PropertyValueSpecification\",\"valueRequired\":true,\"valueName\":\"search_term_string\"}}],\"inLanguage\":\"es-ES\"},{\"@type\":\"Organization\",\"@id\":\"https:\\\/\\\/www.ahmadiyya-islam.org\\\/es\\\/#organization\",\"name\":\"Comunidad Musulmana Ahmad\u00eda\",\"url\":\"https:\\\/\\\/www.ahmadiyya-islam.org\\\/es\\\/\",\"logo\":{\"@type\":\"ImageObject\",\"inLanguage\":\"es-ES\",\"@id\":\"https:\\\/\\\/www.ahmadiyya-islam.org\\\/es\\\/#\\\/schema\\\/logo\\\/image\\\/\",\"url\":\"https:\\\/\\\/www.ahmadiyya-islam.org\\\/es\\\/wp-content\\\/uploads\\\/sites\\\/10\\\/2015\\\/06\\\/alislam-logo.png\",\"contentUrl\":\"https:\\\/\\\/www.ahmadiyya-islam.org\\\/es\\\/wp-content\\\/uploads\\\/sites\\\/10\\\/2015\\\/06\\\/alislam-logo.png\",\"width\":1859,\"height\":1859,\"caption\":\"Comunidad Musulmana Ahmad\u00eda\"},\"image\":{\"@id\":\"https:\\\/\\\/www.ahmadiyya-islam.org\\\/es\\\/#\\\/schema\\\/logo\\\/image\\\/\"}},{\"@type\":\"Person\",\"@id\":\"https:\\\/\\\/www.ahmadiyya-islam.org\\\/es\\\/#\\\/schema\\\/person\\\/ac4c08c7012bbfe73a43476371042f59\",\"name\":\"es1tarikara\"}]}<\/script>\n<!-- \/ Yoast SEO Premium plugin. -->","yoast_head_json":{"title":"Declaraci\u00f3n de la Comunidad Musulmana Ahmad\u00eda en relaci\u00f3n con los ataques en Par\u00eds","description":"\"La Comunidad Musulmana Ahmad\u00eda transmite sus m\u00e1s sentidas condolencias a los ciudadanos\u00a0de Francia y a su gobierno.\u201d \u201cLas v\u00edctimas inocentes de estos","robots":{"index":"index","follow":"follow","max-snippet":"max-snippet:-1","max-image-preview":"max-image-preview:large","max-video-preview":"max-video-preview:-1"},"canonical":"https:\/\/www.ahmadiyya-islam.org\/es\/comunicados-de-prensa\/declaracion-de-la-comunidad-musulmana-ahmadia-en-relacion-a-los-ataques-en-paris\/","og_locale":"es_ES","og_type":"article","og_title":"Declaraci\u00f3n de la Comunidad Musulmana Ahmad\u00eda en relaci\u00f3n con los ataques en Par\u00eds","og_description":"\"La Comunidad Musulmana Ahmad\u00eda transmite sus m\u00e1s sentidas condolencias a los ciudadanos\u00a0de Francia y a su gobierno.\u201d \u201cLas v\u00edctimas inocentes de estos","og_url":"https:\/\/www.ahmadiyya-islam.org\/es\/comunicados-de-prensa\/declaracion-de-la-comunidad-musulmana-ahmadia-en-relacion-a-los-ataques-en-paris\/","og_site_name":"Comunidad Musulmana Ahmad\u00eda","article_published_time":"2015-11-14T09:49:21+00:00","article_modified_time":"2015-11-14T10:32:12+00:00","og_image":[{"width":917,"height":410,"url":"https:\/\/www.ahmadiyya-islam.org\/es\/wp-content\/uploads\/sites\/10\/2019\/02\/ahmadiyya.png","type":"image\/png"}],"author":"es1tarikara","twitter_card":"summary_large_image","twitter_misc":{"Written by":"es1tarikara"},"schema":{"@context":"https:\/\/schema.org","@graph":[{"@type":"Article","@id":"https:\/\/www.ahmadiyya-islam.org\/es\/comunicados-de-prensa\/declaracion-de-la-comunidad-musulmana-ahmadia-en-relacion-a-los-ataques-en-paris\/#article","isPartOf":{"@id":"https:\/\/www.ahmadiyya-islam.org\/es\/comunicados-de-prensa\/declaracion-de-la-comunidad-musulmana-ahmadia-en-relacion-a-los-ataques-en-paris\/"},"author":{"name":"es1tarikara","@id":"https:\/\/www.ahmadiyya-islam.org\/es\/#\/schema\/person\/ac4c08c7012bbfe73a43476371042f59"},"headline":"Declaraci\u00f3n de la Comunidad Musulmana Ahmad\u00eda en relaci\u00f3n con los ataques en Par\u00eds","datePublished":"2015-11-14T09:49:21+00:00","dateModified":"2015-11-14T10:32:12+00:00","mainEntityOfPage":{"@id":"https:\/\/www.ahmadiyya-islam.org\/es\/comunicados-de-prensa\/declaracion-de-la-comunidad-musulmana-ahmadia-en-relacion-a-los-ataques-en-paris\/"},"wordCount":95,"publisher":{"@id":"https:\/\/www.ahmadiyya-islam.org\/es\/#organization"},"keywords":["Francia","Paris"],"articleSection":["Comunicados de prensa"],"inLanguage":"es-ES"},{"@type":"WebPage","@id":"https:\/\/www.ahmadiyya-islam.org\/es\/comunicados-de-prensa\/declaracion-de-la-comunidad-musulmana-ahmadia-en-relacion-a-los-ataques-en-paris\/","url":"https:\/\/www.ahmadiyya-islam.org\/es\/comunicados-de-prensa\/declaracion-de-la-comunidad-musulmana-ahmadia-en-relacion-a-los-ataques-en-paris\/","name":"Declaraci\u00f3n de la Comunidad Musulmana Ahmad\u00eda en relaci\u00f3n con los ataques en Par\u00eds","isPartOf":{"@id":"https:\/\/www.ahmadiyya-islam.org\/es\/#website"},"datePublished":"2015-11-14T09:49:21+00:00","dateModified":"2015-11-14T10:32:12+00:00","description":"\"La Comunidad Musulmana Ahmad\u00eda transmite sus m\u00e1s sentidas condolencias a los ciudadanos\u00a0de Francia y a su gobierno.\u201d \u201cLas v\u00edctimas inocentes de estos","breadcrumb":{"@id":"https:\/\/www.ahmadiyya-islam.org\/es\/comunicados-de-prensa\/declaracion-de-la-comunidad-musulmana-ahmadia-en-relacion-a-los-ataques-en-paris\/#breadcrumb"},"inLanguage":"es-ES","potentialAction":[{"@type":"ReadAction","target":["https:\/\/www.ahmadiyya-islam.org\/es\/comunicados-de-prensa\/declaracion-de-la-comunidad-musulmana-ahmadia-en-relacion-a-los-ataques-en-paris\/"]}]},{"@type":"BreadcrumbList","@id":"https:\/\/www.ahmadiyya-islam.org\/es\/comunicados-de-prensa\/declaracion-de-la-comunidad-musulmana-ahmadia-en-relacion-a-los-ataques-en-paris\/#breadcrumb","itemListElement":[{"@type":"ListItem","position":1,"name":"Home","item":"https:\/\/www.ahmadiyya-islam.org\/es\/"},{"@type":"ListItem","position":2,"name":"Declaraci\u00f3n de la Comunidad Musulmana Ahmad\u00eda en relaci\u00f3n con los ataques en Par\u00eds"}]},{"@type":"WebSite","@id":"https:\/\/www.ahmadiyya-islam.org\/es\/#website","url":"https:\/\/www.ahmadiyya-islam.org\/es\/","name":"Comunidad Musulmana Ahmad\u00eda","description":"Internacional","publisher":{"@id":"https:\/\/www.ahmadiyya-islam.org\/es\/#organization"},"potentialAction":[{"@type":"SearchAction","target":{"@type":"EntryPoint","urlTemplate":"https:\/\/www.ahmadiyya-islam.org\/es\/?s={search_term_string}"},"query-input":{"@type":"PropertyValueSpecification","valueRequired":true,"valueName":"search_term_string"}}],"inLanguage":"es-ES"},{"@type":"Organization","@id":"https:\/\/www.ahmadiyya-islam.org\/es\/#organization","name":"Comunidad Musulmana Ahmad\u00eda","url":"https:\/\/www.ahmadiyya-islam.org\/es\/","logo":{"@type":"ImageObject","inLanguage":"es-ES","@id":"https:\/\/www.ahmadiyya-islam.org\/es\/#\/schema\/logo\/image\/","url":"https:\/\/www.ahmadiyya-islam.org\/es\/wp-content\/uploads\/sites\/10\/2015\/06\/alislam-logo.png","contentUrl":"https:\/\/www.ahmadiyya-islam.org\/es\/wp-content\/uploads\/sites\/10\/2015\/06\/alislam-logo.png","width":1859,"height":1859,"caption":"Comunidad Musulmana Ahmad\u00eda"},"image":{"@id":"https:\/\/www.ahmadiyya-islam.org\/es\/#\/schema\/logo\/image\/"}},{"@type":"Person","@id":"https:\/\/www.ahmadiyya-islam.org\/es\/#\/schema\/person\/ac4c08c7012bbfe73a43476371042f59","name":"es1tarikara"}]}},"_links":{"self":[{"href":"https:\/\/www.ahmadiyya-islam.org\/es\/wp-json\/wp\/v2\/posts\/2387","targetHints":{"allow":["GET"]}}],"collection":[{"href":"https:\/\/www.ahmadiyya-islam.org\/es\/wp-json\/wp\/v2\/posts"}],"about":[{"href":"https:\/\/www.ahmadiyya-islam.org\/es\/wp-json\/wp\/v2\/types\/post"}],"author":[{"embeddable":true,"href":"https:\/\/www.ahmadiyya-islam.org\/es\/wp-json\/wp\/v2\/users\/15"}],"replies":[{"embeddable":true,"href":"https:\/\/www.ahmadiyya-islam.org\/es\/wp-json\/wp\/v2\/comments?post=2387"}],"version-history":[{"count":0,"href":"https:\/\/www.ahmadiyya-islam.org\/es\/wp-json\/wp\/v2\/posts\/2387\/revisions"}],"wp:attachment":[{"href":"https:\/\/www.ahmadiyya-islam.org\/es\/wp-json\/wp\/v2\/media?parent=2387"}],"wp:term":[{"taxonomy":"category","embeddable":true,"href":"https:\/\/www.ahmadiyya-islam.org\/es\/wp-json\/wp\/v2\/categories?post=2387"},{"taxonomy":"post_tag","embeddable":true,"href":"https:\/\/www.ahmadiyya-islam.org\/es\/wp-json\/wp\/v2\/tags?post=2387"},{"taxonomy":"authors","embeddable":true,"href":"https:\/\/www.ahmadiyya-islam.org\/es\/wp-json\/wp\/v2\/authors?post=2387"},{"taxonomy":"content_source","embeddable":true,"href":"https:\/\/www.ahmadiyya-islam.org\/es\/wp-json\/wp\/v2\/content_source?post=2387"}],"curies":[{"name":"wp","href":"https:\/\/api.w.org\/{rel}","templated":true}]}}