{"id":2331,"date":"2015-10-17T10:59:36","date_gmt":"2015-10-17T10:59:36","guid":{"rendered":"http:\/\/www.ahmadiyya-islam.org\/es\/?p=2331"},"modified":"2015-10-22T11:01:29","modified_gmt":"2015-10-22T11:01:29","slug":"los-gobiernos-deben-tomar-medidas-contundentes-en-contra-de-los-clerigos-extremistas-lider-de-la-comunidad-musulmana-ahmadia","status":"publish","type":"post","link":"https:\/\/www.ahmadiyya-islam.org\/es\/comunicados-de-prensa\/los-gobiernos-deben-tomar-medidas-contundentes-en-contra-de-los-clerigos-extremistas-lider-de-la-comunidad-musulmana-ahmadia\/","title":{"rendered":"\u201cLos gobiernos deben tomar medidas contundentes en contra de los cl\u00e9rigos extremistas\u201d \u2013 L\u00edder de la Comunidad musulmana Ahmad\u00eda"},"content":{"rendered":"<p><strong>Hazrat Mirza Masroor Ahmad concede una entrevista al peri\u00f3dico holand\u00e9s <em>De Correspondent<\/em><\/strong><\/p>\n<p>El 9 de octubre de 2015, el <em>l\u00edder mundial de la Comunidad musulmana Ahmad\u00eda, el Quinto Jalifa<\/em>, Su Santidad, Hazrat Mirza Masrur Ahmad fue entrevistado por el peri\u00f3dico <em>De Correspondent<\/em> en el complejo de la mezquita de <em>Baitun Noor<\/em> en Nunspeet, Holanda.<\/p>\n<p>Durante la entrevista, Su Santidad dijo que la interpretaci\u00f3n pac\u00edfica del Islam abogada por la Comunidad musulmana Ahmad\u00eda no es una reacci\u00f3n a los conflictos y a la violencia que se observa actualmente, sino que en realidad se basa en las ense\u00f1anzas y la gu\u00eda del <em>fundador<\/em> de la Comunidad musulmana Ahmad\u00eda.<\/p>\n<p>Cuando se le pregunt\u00f3 si la Guerra de Irak de 2003 fue un ataque al Islam, Hazrat Mirza Masrur Ahmad dijo que era una guerra \u201cgeo-pol\u00edtica\u201d m\u00e1s que una guerra religiosa.<\/p>\n<p>Al preguntarle acerca de su opini\u00f3n sobre el grupo terrorista conocido como <em>E.I.<\/em> o <em>Daesh<\/em>, Hazrat Mirza Masrur Ahmad dijo:<\/p>\n<blockquote><p><strong>\u201cEstos grupos como Daesh est\u00e1n interpretando el Sagrado Cor\u00e1n de manera completamente equivocada. La Yihad significa en realidad el esfuerzo por hacer algo bueno pero los terroristas est\u00e1n realizando sus propias interpretaciones violentas tan s\u00f3lo para satisfacer sus propios intereses personales.\u201d<\/strong><\/p><\/blockquote>\n<p>Su Santidad dijo que el contexto es clave para entender el <em>Sagrado Cor\u00e1n<\/em> y que por tanto cuando se trata de interpretar cualquier vers\u00edculo es necesario leer lo que est\u00e1 escrito antes y despu\u00e9s.<\/p>\n<p>Cuando se le pregunt\u00f3 c\u00f3mo combatir el terrorismo, Su Santidad dijo que era esencial cortar las l\u00edneas de suministro de armamento de los grupos terroristas y acabar con las fuentes de financiaci\u00f3n y comercio en el mercado negro.<\/p>\n<p>Hazrat Mirza Masrur Ahmad dijo que los gobiernos musulmanes deben tomar <strong>\u201cmedidas firmes\u201d<\/strong> para combatir la influencia de los cl\u00e9rigos extremistas en sus pa\u00edses.<\/p>\n<p>En relaci\u00f3n a los esfuerzos continuados de la Comunidad musulmana Ahmad\u00eda para promover el mensaje pac\u00edfico del Islam, Hazrat Mirza Masrur Ahmad dijo:<\/p>\n<blockquote><p><strong>\u201cNo nos rendiremos ni nos sentiremos frustrados. M\u00e1s bien continuaremos con nuestra labor misionera y creemos que un d\u00eda las cosas cambiar\u00e1n. Si no esta generaci\u00f3n, entonces las generaciones futuras se dar\u00e1n cuenta de la realidad del Islam.\u201d<\/strong><\/p><\/blockquote>\n<p>Cuando se le pregunt\u00f3 si se sent\u00eda optimista acerca de la paz emergente en el oriente medio, Su Santidad dijo que los s\u00edntomas no son actualmente esperanzadores y que hay un riesgo de haya una escalada de conflictos. Por ello, dijo que \u201cno era optimista\u201d en el corto plazo pero esperaba que poco a poco la gente comprendiera sus errores y tornaran hacia Dios Todopoderoso.<\/p>\n","protected":false},"excerpt":{"rendered":"<p>Hazrat Mirza Masroor Ahmad concede una entrevista al peri\u00f3dico holand\u00e9s De Correspondent El 9 de octubre de 2015, el l\u00edder mundial de la Comunidad musulmana Ahmad\u00eda, el Quinto Jalifa, Su Santidad, Hazrat Mirza Masrur Ahmad fue entrevistado por el peri\u00f3dico De Correspondent en el complejo de la mezquita de Baitun Noor en Nunspeet, Holanda. Durante<\/p>\n","protected":false},"author":15,"featured_media":2332,"comment_status":"closed","ping_status":"closed","sticky":false,"template":"","format":"standard","meta":{"_acf_changed":false,"footnotes":""},"categories":[1],"tags":[11,223,224],"authors":[],"content_source":[],"class_list":["post-2331","post","type-post","status-publish","format-standard","has-post-thumbnail","hentry","category-comunicados-de-prensa","tag-ei","tag-holanda","tag-nunspeet","topics-extremismo","topics-terrorismo"],"acf":[],"yoast_head":"<!-- This site is optimized with the Yoast SEO Premium plugin v21.1 (Yoast SEO v27.4) - https:\/\/yoast.com\/product\/yoast-seo-premium-wordpress\/ -->\n<title>\u201cLos gobiernos deben tomar medidas contundentes en contra de los cl\u00e9rigos extremistas\u201d \u2013 L\u00edder de la Comunidad musulmana Ahmad\u00eda<\/title>\n<meta name=\"description\" content=\"Hazrat Mirza Masroor Ahmad concede una entrevista al peri\u00f3dico holand\u00e9s De Correspondent El 9 de octubre de 2015, el l\u00edder mundial de la Comunidad\" \/>\n<meta name=\"robots\" content=\"index, follow, max-snippet:-1, max-image-preview:large, max-video-preview:-1\" \/>\n<link rel=\"canonical\" href=\"https:\/\/www.ahmadiyya-islam.org\/es\/comunicados-de-prensa\/los-gobiernos-deben-tomar-medidas-contundentes-en-contra-de-los-clerigos-extremistas-lider-de-la-comunidad-musulmana-ahmadia\/\" \/>\n<meta property=\"og:locale\" content=\"es_ES\" \/>\n<meta property=\"og:type\" content=\"article\" \/>\n<meta property=\"og:title\" content=\"\u201cLos gobiernos deben tomar medidas contundentes en contra de los cl\u00e9rigos extremistas\u201d \u2013 L\u00edder de la Comunidad musulmana Ahmad\u00eda\" \/>\n<meta property=\"og:description\" content=\"Hazrat Mirza Masroor Ahmad concede una entrevista al peri\u00f3dico holand\u00e9s De Correspondent El 9 de octubre de 2015, el l\u00edder mundial de la Comunidad\" \/>\n<meta property=\"og:url\" content=\"https:\/\/www.ahmadiyya-islam.org\/es\/comunicados-de-prensa\/los-gobiernos-deben-tomar-medidas-contundentes-en-contra-de-los-clerigos-extremistas-lider-de-la-comunidad-musulmana-ahmadia\/\" \/>\n<meta property=\"og:site_name\" content=\"Comunidad Musulmana Ahmad\u00eda\" \/>\n<meta property=\"article:published_time\" content=\"2015-10-17T10:59:36+00:00\" \/>\n<meta property=\"article:modified_time\" content=\"2015-10-22T11:01:29+00:00\" \/>\n<meta property=\"og:image\" content=\"https:\/\/www.ahmadiyya-islam.org\/es\/wp-content\/uploads\/sites\/10\/2015\/10\/2015-10-09-NL-Interview-1.jpg\" \/>\n\t<meta property=\"og:image:width\" content=\"1000\" \/>\n\t<meta property=\"og:image:height\" content=\"680\" \/>\n\t<meta property=\"og:image:type\" content=\"image\/jpeg\" \/>\n<meta name=\"author\" content=\"es1tarikara\" \/>\n<meta name=\"twitter:card\" content=\"summary_large_image\" \/>\n<meta name=\"twitter:label1\" content=\"Written by\" \/>\n\t<meta name=\"twitter:data1\" content=\"es1tarikara\" \/>\n\t<meta name=\"twitter:label2\" content=\"Est. reading time\" \/>\n\t<meta name=\"twitter:data2\" content=\"2 minutes\" \/>\n<script type=\"application\/ld+json\" class=\"yoast-schema-graph\">{\"@context\":\"https:\\\/\\\/schema.org\",\"@graph\":[{\"@type\":\"Article\",\"@id\":\"https:\\\/\\\/www.ahmadiyya-islam.org\\\/es\\\/comunicados-de-prensa\\\/los-gobiernos-deben-tomar-medidas-contundentes-en-contra-de-los-clerigos-extremistas-lider-de-la-comunidad-musulmana-ahmadia\\\/#article\",\"isPartOf\":{\"@id\":\"https:\\\/\\\/www.ahmadiyya-islam.org\\\/es\\\/comunicados-de-prensa\\\/los-gobiernos-deben-tomar-medidas-contundentes-en-contra-de-los-clerigos-extremistas-lider-de-la-comunidad-musulmana-ahmadia\\\/\"},\"author\":{\"name\":\"es1tarikara\",\"@id\":\"https:\\\/\\\/www.ahmadiyya-islam.org\\\/es\\\/#\\\/schema\\\/person\\\/ac4c08c7012bbfe73a43476371042f59\"},\"headline\":\"\u201cLos gobiernos deben tomar medidas contundentes en contra de los cl\u00e9rigos extremistas\u201d \u2013 L\u00edder de la Comunidad musulmana Ahmad\u00eda\",\"datePublished\":\"2015-10-17T10:59:36+00:00\",\"dateModified\":\"2015-10-22T11:01:29+00:00\",\"mainEntityOfPage\":{\"@id\":\"https:\\\/\\\/www.ahmadiyya-islam.org\\\/es\\\/comunicados-de-prensa\\\/los-gobiernos-deben-tomar-medidas-contundentes-en-contra-de-los-clerigos-extremistas-lider-de-la-comunidad-musulmana-ahmadia\\\/\"},\"wordCount\":476,\"publisher\":{\"@id\":\"https:\\\/\\\/www.ahmadiyya-islam.org\\\/es\\\/#organization\"},\"image\":{\"@id\":\"https:\\\/\\\/www.ahmadiyya-islam.org\\\/es\\\/comunicados-de-prensa\\\/los-gobiernos-deben-tomar-medidas-contundentes-en-contra-de-los-clerigos-extremistas-lider-de-la-comunidad-musulmana-ahmadia\\\/#primaryimage\"},\"thumbnailUrl\":\"https:\\\/\\\/www.ahmadiyya-islam.org\\\/es\\\/wp-content\\\/uploads\\\/sites\\\/10\\\/2015\\\/10\\\/2015-10-09-NL-Interview-1.jpg\",\"keywords\":[\"EI\",\"Holanda\",\"nunspeet\"],\"articleSection\":[\"Comunicados de prensa\"],\"inLanguage\":\"es-ES\"},{\"@type\":\"WebPage\",\"@id\":\"https:\\\/\\\/www.ahmadiyya-islam.org\\\/es\\\/comunicados-de-prensa\\\/los-gobiernos-deben-tomar-medidas-contundentes-en-contra-de-los-clerigos-extremistas-lider-de-la-comunidad-musulmana-ahmadia\\\/\",\"url\":\"https:\\\/\\\/www.ahmadiyya-islam.org\\\/es\\\/comunicados-de-prensa\\\/los-gobiernos-deben-tomar-medidas-contundentes-en-contra-de-los-clerigos-extremistas-lider-de-la-comunidad-musulmana-ahmadia\\\/\",\"name\":\"\u201cLos gobiernos deben tomar medidas contundentes en contra de los cl\u00e9rigos extremistas\u201d \u2013 L\u00edder de la Comunidad musulmana Ahmad\u00eda\",\"isPartOf\":{\"@id\":\"https:\\\/\\\/www.ahmadiyya-islam.org\\\/es\\\/#website\"},\"primaryImageOfPage\":{\"@id\":\"https:\\\/\\\/www.ahmadiyya-islam.org\\\/es\\\/comunicados-de-prensa\\\/los-gobiernos-deben-tomar-medidas-contundentes-en-contra-de-los-clerigos-extremistas-lider-de-la-comunidad-musulmana-ahmadia\\\/#primaryimage\"},\"image\":{\"@id\":\"https:\\\/\\\/www.ahmadiyya-islam.org\\\/es\\\/comunicados-de-prensa\\\/los-gobiernos-deben-tomar-medidas-contundentes-en-contra-de-los-clerigos-extremistas-lider-de-la-comunidad-musulmana-ahmadia\\\/#primaryimage\"},\"thumbnailUrl\":\"https:\\\/\\\/www.ahmadiyya-islam.org\\\/es\\\/wp-content\\\/uploads\\\/sites\\\/10\\\/2015\\\/10\\\/2015-10-09-NL-Interview-1.jpg\",\"datePublished\":\"2015-10-17T10:59:36+00:00\",\"dateModified\":\"2015-10-22T11:01:29+00:00\",\"description\":\"Hazrat Mirza Masroor Ahmad concede una entrevista al peri\u00f3dico holand\u00e9s De Correspondent El 9 de octubre de 2015, el l\u00edder mundial de la Comunidad\",\"breadcrumb\":{\"@id\":\"https:\\\/\\\/www.ahmadiyya-islam.org\\\/es\\\/comunicados-de-prensa\\\/los-gobiernos-deben-tomar-medidas-contundentes-en-contra-de-los-clerigos-extremistas-lider-de-la-comunidad-musulmana-ahmadia\\\/#breadcrumb\"},\"inLanguage\":\"es-ES\",\"potentialAction\":[{\"@type\":\"ReadAction\",\"target\":[\"https:\\\/\\\/www.ahmadiyya-islam.org\\\/es\\\/comunicados-de-prensa\\\/los-gobiernos-deben-tomar-medidas-contundentes-en-contra-de-los-clerigos-extremistas-lider-de-la-comunidad-musulmana-ahmadia\\\/\"]}]},{\"@type\":\"ImageObject\",\"inLanguage\":\"es-ES\",\"@id\":\"https:\\\/\\\/www.ahmadiyya-islam.org\\\/es\\\/comunicados-de-prensa\\\/los-gobiernos-deben-tomar-medidas-contundentes-en-contra-de-los-clerigos-extremistas-lider-de-la-comunidad-musulmana-ahmadia\\\/#primaryimage\",\"url\":\"https:\\\/\\\/www.ahmadiyya-islam.org\\\/es\\\/wp-content\\\/uploads\\\/sites\\\/10\\\/2015\\\/10\\\/2015-10-09-NL-Interview-1.jpg\",\"contentUrl\":\"https:\\\/\\\/www.ahmadiyya-islam.org\\\/es\\\/wp-content\\\/uploads\\\/sites\\\/10\\\/2015\\\/10\\\/2015-10-09-NL-Interview-1.jpg\",\"width\":1000,\"height\":680},{\"@type\":\"BreadcrumbList\",\"@id\":\"https:\\\/\\\/www.ahmadiyya-islam.org\\\/es\\\/comunicados-de-prensa\\\/los-gobiernos-deben-tomar-medidas-contundentes-en-contra-de-los-clerigos-extremistas-lider-de-la-comunidad-musulmana-ahmadia\\\/#breadcrumb\",\"itemListElement\":[{\"@type\":\"ListItem\",\"position\":1,\"name\":\"Home\",\"item\":\"https:\\\/\\\/www.ahmadiyya-islam.org\\\/es\\\/\"},{\"@type\":\"ListItem\",\"position\":2,\"name\":\"\u201cLos gobiernos deben tomar medidas contundentes en contra de los cl\u00e9rigos extremistas\u201d \u2013 L\u00edder de la Comunidad musulmana Ahmad\u00eda\"}]},{\"@type\":\"WebSite\",\"@id\":\"https:\\\/\\\/www.ahmadiyya-islam.org\\\/es\\\/#website\",\"url\":\"https:\\\/\\\/www.ahmadiyya-islam.org\\\/es\\\/\",\"name\":\"Comunidad Musulmana Ahmad\u00eda\",\"description\":\"Internacional\",\"publisher\":{\"@id\":\"https:\\\/\\\/www.ahmadiyya-islam.org\\\/es\\\/#organization\"},\"potentialAction\":[{\"@type\":\"SearchAction\",\"target\":{\"@type\":\"EntryPoint\",\"urlTemplate\":\"https:\\\/\\\/www.ahmadiyya-islam.org\\\/es\\\/?s={search_term_string}\"},\"query-input\":{\"@type\":\"PropertyValueSpecification\",\"valueRequired\":true,\"valueName\":\"search_term_string\"}}],\"inLanguage\":\"es-ES\"},{\"@type\":\"Organization\",\"@id\":\"https:\\\/\\\/www.ahmadiyya-islam.org\\\/es\\\/#organization\",\"name\":\"Comunidad Musulmana Ahmad\u00eda\",\"url\":\"https:\\\/\\\/www.ahmadiyya-islam.org\\\/es\\\/\",\"logo\":{\"@type\":\"ImageObject\",\"inLanguage\":\"es-ES\",\"@id\":\"https:\\\/\\\/www.ahmadiyya-islam.org\\\/es\\\/#\\\/schema\\\/logo\\\/image\\\/\",\"url\":\"https:\\\/\\\/www.ahmadiyya-islam.org\\\/es\\\/wp-content\\\/uploads\\\/sites\\\/10\\\/2015\\\/06\\\/alislam-logo.png\",\"contentUrl\":\"https:\\\/\\\/www.ahmadiyya-islam.org\\\/es\\\/wp-content\\\/uploads\\\/sites\\\/10\\\/2015\\\/06\\\/alislam-logo.png\",\"width\":1859,\"height\":1859,\"caption\":\"Comunidad Musulmana Ahmad\u00eda\"},\"image\":{\"@id\":\"https:\\\/\\\/www.ahmadiyya-islam.org\\\/es\\\/#\\\/schema\\\/logo\\\/image\\\/\"}},{\"@type\":\"Person\",\"@id\":\"https:\\\/\\\/www.ahmadiyya-islam.org\\\/es\\\/#\\\/schema\\\/person\\\/ac4c08c7012bbfe73a43476371042f59\",\"name\":\"es1tarikara\"}]}<\/script>\n<!-- \/ Yoast SEO Premium plugin. -->","yoast_head_json":{"title":"\u201cLos gobiernos deben tomar medidas contundentes en contra de los cl\u00e9rigos extremistas\u201d \u2013 L\u00edder de la Comunidad musulmana Ahmad\u00eda","description":"Hazrat Mirza Masroor Ahmad concede una entrevista al peri\u00f3dico holand\u00e9s De Correspondent El 9 de octubre de 2015, el l\u00edder mundial de la Comunidad","robots":{"index":"index","follow":"follow","max-snippet":"max-snippet:-1","max-image-preview":"max-image-preview:large","max-video-preview":"max-video-preview:-1"},"canonical":"https:\/\/www.ahmadiyya-islam.org\/es\/comunicados-de-prensa\/los-gobiernos-deben-tomar-medidas-contundentes-en-contra-de-los-clerigos-extremistas-lider-de-la-comunidad-musulmana-ahmadia\/","og_locale":"es_ES","og_type":"article","og_title":"\u201cLos gobiernos deben tomar medidas contundentes en contra de los cl\u00e9rigos extremistas\u201d \u2013 L\u00edder de la Comunidad musulmana Ahmad\u00eda","og_description":"Hazrat Mirza Masroor Ahmad concede una entrevista al peri\u00f3dico holand\u00e9s De Correspondent El 9 de octubre de 2015, el l\u00edder mundial de la Comunidad","og_url":"https:\/\/www.ahmadiyya-islam.org\/es\/comunicados-de-prensa\/los-gobiernos-deben-tomar-medidas-contundentes-en-contra-de-los-clerigos-extremistas-lider-de-la-comunidad-musulmana-ahmadia\/","og_site_name":"Comunidad Musulmana Ahmad\u00eda","article_published_time":"2015-10-17T10:59:36+00:00","article_modified_time":"2015-10-22T11:01:29+00:00","og_image":[{"width":1000,"height":680,"url":"https:\/\/www.ahmadiyya-islam.org\/es\/wp-content\/uploads\/sites\/10\/2015\/10\/2015-10-09-NL-Interview-1.jpg","type":"image\/jpeg"}],"author":"es1tarikara","twitter_card":"summary_large_image","twitter_misc":{"Written by":"es1tarikara","Est. reading time":"2 minutes"},"schema":{"@context":"https:\/\/schema.org","@graph":[{"@type":"Article","@id":"https:\/\/www.ahmadiyya-islam.org\/es\/comunicados-de-prensa\/los-gobiernos-deben-tomar-medidas-contundentes-en-contra-de-los-clerigos-extremistas-lider-de-la-comunidad-musulmana-ahmadia\/#article","isPartOf":{"@id":"https:\/\/www.ahmadiyya-islam.org\/es\/comunicados-de-prensa\/los-gobiernos-deben-tomar-medidas-contundentes-en-contra-de-los-clerigos-extremistas-lider-de-la-comunidad-musulmana-ahmadia\/"},"author":{"name":"es1tarikara","@id":"https:\/\/www.ahmadiyya-islam.org\/es\/#\/schema\/person\/ac4c08c7012bbfe73a43476371042f59"},"headline":"\u201cLos gobiernos deben tomar medidas contundentes en contra de los cl\u00e9rigos extremistas\u201d \u2013 L\u00edder de la Comunidad musulmana Ahmad\u00eda","datePublished":"2015-10-17T10:59:36+00:00","dateModified":"2015-10-22T11:01:29+00:00","mainEntityOfPage":{"@id":"https:\/\/www.ahmadiyya-islam.org\/es\/comunicados-de-prensa\/los-gobiernos-deben-tomar-medidas-contundentes-en-contra-de-los-clerigos-extremistas-lider-de-la-comunidad-musulmana-ahmadia\/"},"wordCount":476,"publisher":{"@id":"https:\/\/www.ahmadiyya-islam.org\/es\/#organization"},"image":{"@id":"https:\/\/www.ahmadiyya-islam.org\/es\/comunicados-de-prensa\/los-gobiernos-deben-tomar-medidas-contundentes-en-contra-de-los-clerigos-extremistas-lider-de-la-comunidad-musulmana-ahmadia\/#primaryimage"},"thumbnailUrl":"https:\/\/www.ahmadiyya-islam.org\/es\/wp-content\/uploads\/sites\/10\/2015\/10\/2015-10-09-NL-Interview-1.jpg","keywords":["EI","Holanda","nunspeet"],"articleSection":["Comunicados de prensa"],"inLanguage":"es-ES"},{"@type":"WebPage","@id":"https:\/\/www.ahmadiyya-islam.org\/es\/comunicados-de-prensa\/los-gobiernos-deben-tomar-medidas-contundentes-en-contra-de-los-clerigos-extremistas-lider-de-la-comunidad-musulmana-ahmadia\/","url":"https:\/\/www.ahmadiyya-islam.org\/es\/comunicados-de-prensa\/los-gobiernos-deben-tomar-medidas-contundentes-en-contra-de-los-clerigos-extremistas-lider-de-la-comunidad-musulmana-ahmadia\/","name":"\u201cLos gobiernos deben tomar medidas contundentes en contra de los cl\u00e9rigos extremistas\u201d \u2013 L\u00edder de la Comunidad musulmana Ahmad\u00eda","isPartOf":{"@id":"https:\/\/www.ahmadiyya-islam.org\/es\/#website"},"primaryImageOfPage":{"@id":"https:\/\/www.ahmadiyya-islam.org\/es\/comunicados-de-prensa\/los-gobiernos-deben-tomar-medidas-contundentes-en-contra-de-los-clerigos-extremistas-lider-de-la-comunidad-musulmana-ahmadia\/#primaryimage"},"image":{"@id":"https:\/\/www.ahmadiyya-islam.org\/es\/comunicados-de-prensa\/los-gobiernos-deben-tomar-medidas-contundentes-en-contra-de-los-clerigos-extremistas-lider-de-la-comunidad-musulmana-ahmadia\/#primaryimage"},"thumbnailUrl":"https:\/\/www.ahmadiyya-islam.org\/es\/wp-content\/uploads\/sites\/10\/2015\/10\/2015-10-09-NL-Interview-1.jpg","datePublished":"2015-10-17T10:59:36+00:00","dateModified":"2015-10-22T11:01:29+00:00","description":"Hazrat Mirza Masroor Ahmad concede una entrevista al peri\u00f3dico holand\u00e9s De Correspondent El 9 de octubre de 2015, el l\u00edder mundial de la Comunidad","breadcrumb":{"@id":"https:\/\/www.ahmadiyya-islam.org\/es\/comunicados-de-prensa\/los-gobiernos-deben-tomar-medidas-contundentes-en-contra-de-los-clerigos-extremistas-lider-de-la-comunidad-musulmana-ahmadia\/#breadcrumb"},"inLanguage":"es-ES","potentialAction":[{"@type":"ReadAction","target":["https:\/\/www.ahmadiyya-islam.org\/es\/comunicados-de-prensa\/los-gobiernos-deben-tomar-medidas-contundentes-en-contra-de-los-clerigos-extremistas-lider-de-la-comunidad-musulmana-ahmadia\/"]}]},{"@type":"ImageObject","inLanguage":"es-ES","@id":"https:\/\/www.ahmadiyya-islam.org\/es\/comunicados-de-prensa\/los-gobiernos-deben-tomar-medidas-contundentes-en-contra-de-los-clerigos-extremistas-lider-de-la-comunidad-musulmana-ahmadia\/#primaryimage","url":"https:\/\/www.ahmadiyya-islam.org\/es\/wp-content\/uploads\/sites\/10\/2015\/10\/2015-10-09-NL-Interview-1.jpg","contentUrl":"https:\/\/www.ahmadiyya-islam.org\/es\/wp-content\/uploads\/sites\/10\/2015\/10\/2015-10-09-NL-Interview-1.jpg","width":1000,"height":680},{"@type":"BreadcrumbList","@id":"https:\/\/www.ahmadiyya-islam.org\/es\/comunicados-de-prensa\/los-gobiernos-deben-tomar-medidas-contundentes-en-contra-de-los-clerigos-extremistas-lider-de-la-comunidad-musulmana-ahmadia\/#breadcrumb","itemListElement":[{"@type":"ListItem","position":1,"name":"Home","item":"https:\/\/www.ahmadiyya-islam.org\/es\/"},{"@type":"ListItem","position":2,"name":"\u201cLos gobiernos deben tomar medidas contundentes en contra de los cl\u00e9rigos extremistas\u201d \u2013 L\u00edder de la Comunidad musulmana Ahmad\u00eda"}]},{"@type":"WebSite","@id":"https:\/\/www.ahmadiyya-islam.org\/es\/#website","url":"https:\/\/www.ahmadiyya-islam.org\/es\/","name":"Comunidad Musulmana Ahmad\u00eda","description":"Internacional","publisher":{"@id":"https:\/\/www.ahmadiyya-islam.org\/es\/#organization"},"potentialAction":[{"@type":"SearchAction","target":{"@type":"EntryPoint","urlTemplate":"https:\/\/www.ahmadiyya-islam.org\/es\/?s={search_term_string}"},"query-input":{"@type":"PropertyValueSpecification","valueRequired":true,"valueName":"search_term_string"}}],"inLanguage":"es-ES"},{"@type":"Organization","@id":"https:\/\/www.ahmadiyya-islam.org\/es\/#organization","name":"Comunidad Musulmana Ahmad\u00eda","url":"https:\/\/www.ahmadiyya-islam.org\/es\/","logo":{"@type":"ImageObject","inLanguage":"es-ES","@id":"https:\/\/www.ahmadiyya-islam.org\/es\/#\/schema\/logo\/image\/","url":"https:\/\/www.ahmadiyya-islam.org\/es\/wp-content\/uploads\/sites\/10\/2015\/06\/alislam-logo.png","contentUrl":"https:\/\/www.ahmadiyya-islam.org\/es\/wp-content\/uploads\/sites\/10\/2015\/06\/alislam-logo.png","width":1859,"height":1859,"caption":"Comunidad Musulmana Ahmad\u00eda"},"image":{"@id":"https:\/\/www.ahmadiyya-islam.org\/es\/#\/schema\/logo\/image\/"}},{"@type":"Person","@id":"https:\/\/www.ahmadiyya-islam.org\/es\/#\/schema\/person\/ac4c08c7012bbfe73a43476371042f59","name":"es1tarikara"}]}},"_links":{"self":[{"href":"https:\/\/www.ahmadiyya-islam.org\/es\/wp-json\/wp\/v2\/posts\/2331","targetHints":{"allow":["GET"]}}],"collection":[{"href":"https:\/\/www.ahmadiyya-islam.org\/es\/wp-json\/wp\/v2\/posts"}],"about":[{"href":"https:\/\/www.ahmadiyya-islam.org\/es\/wp-json\/wp\/v2\/types\/post"}],"author":[{"embeddable":true,"href":"https:\/\/www.ahmadiyya-islam.org\/es\/wp-json\/wp\/v2\/users\/15"}],"replies":[{"embeddable":true,"href":"https:\/\/www.ahmadiyya-islam.org\/es\/wp-json\/wp\/v2\/comments?post=2331"}],"version-history":[{"count":0,"href":"https:\/\/www.ahmadiyya-islam.org\/es\/wp-json\/wp\/v2\/posts\/2331\/revisions"}],"wp:featuredmedia":[{"embeddable":true,"href":"https:\/\/www.ahmadiyya-islam.org\/es\/wp-json\/wp\/v2\/media\/2332"}],"wp:attachment":[{"href":"https:\/\/www.ahmadiyya-islam.org\/es\/wp-json\/wp\/v2\/media?parent=2331"}],"wp:term":[{"taxonomy":"category","embeddable":true,"href":"https:\/\/www.ahmadiyya-islam.org\/es\/wp-json\/wp\/v2\/categories?post=2331"},{"taxonomy":"post_tag","embeddable":true,"href":"https:\/\/www.ahmadiyya-islam.org\/es\/wp-json\/wp\/v2\/tags?post=2331"},{"taxonomy":"authors","embeddable":true,"href":"https:\/\/www.ahmadiyya-islam.org\/es\/wp-json\/wp\/v2\/authors?post=2331"},{"taxonomy":"content_source","embeddable":true,"href":"https:\/\/www.ahmadiyya-islam.org\/es\/wp-json\/wp\/v2\/content_source?post=2331"}],"curies":[{"name":"wp","href":"https:\/\/api.w.org\/{rel}","templated":true}]}}