{"id":2160,"date":"2015-08-23T09:35:00","date_gmt":"2015-08-23T09:35:00","guid":{"rendered":"http:\/\/www.ahmadiyya-islam.org\/es\/?p=2160"},"modified":"2015-09-03T09:38:47","modified_gmt":"2015-09-03T09:38:47","slug":"mas-de-567-000-personas-se-unen-a-la-comunidad-musulmana-ahmadia","status":"publish","type":"post","link":"https:\/\/www.ahmadiyya-islam.org\/es\/comunicados-de-prensa\/mas-de-567-000-personas-se-unen-a-la-comunidad-musulmana-ahmadia\/","title":{"rendered":"M\u00e1s de 567.000 personas se unen a la Comunidad musulmana Ahmad\u00eda"},"content":{"rendered":"<p><strong>El l\u00edder mundial de la Comunidad musulmana Ahmad\u00eda realiza el anuncio durante la convenci\u00f3n anual del Reino Unido<\/strong><\/p>\n<p>El 22 de agosto de 2015, el l\u00edder de la comunidad musulmana Ahmad\u00eda, el Quinto Jalifa, Su Santidad, Hazrat Mirza Masrur Ahmad anunci\u00f3 que m\u00e1s de 567.000 personas se hab\u00edan unido a la Comunidad durante el pasado a\u00f1o.<\/p>\n<p>Su Santidad hizo el anuncio durante su discurso el domingo por la tarde en el 49\u00ba Yalsa Salana (convenci\u00f3n anual) de la Comunidad musulmana Ahmad\u00eda en el Reino Unido.<\/p>\n<p>Su Santidad tambi\u00e9n anunci\u00f3 que la Comunidad musulmana Ahmad\u00eda hab\u00eda constuido m\u00e1s de 400 nuevas mezquitas por todo el mundo durante el pasado a\u00f1o.<\/p>\n<p><a href=\"http:\/\/www.ahmadiyya-islam.org\/es\/wp-content\/uploads\/sites\/10\/2015\/09\/2015-08-22-Jalsa-UK-002.jpg\"><img loading=\"lazy\" decoding=\"async\" class=\"aligncenter size-full wp-image-2162\" src=\"http:\/\/www.ahmadiyya-islam.org\/es\/wp-content\/uploads\/sites\/10\/2015\/09\/2015-08-22-Jalsa-UK-002.jpg\" alt=\"2015-08-22-Jalsa-UK-002\" width=\"640\" height=\"415\" srcset=\"https:\/\/www.ahmadiyya-islam.org\/es\/wp-content\/uploads\/sites\/10\/2015\/09\/2015-08-22-Jalsa-UK-002.jpg 640w, https:\/\/www.ahmadiyya-islam.org\/es\/wp-content\/uploads\/sites\/10\/2015\/09\/2015-08-22-Jalsa-UK-002-300x195.jpg 300w\" sizes=\"auto, (max-width: 640px) 100vw, 640px\" \/><\/a><\/p>\n<p>Su Santidad anunci\u00f3 adem\u00e1s que la Comunidad musulmana Ahamd\u00eda se encontraba presente actualmente en 207 pa\u00edses del mundo.<\/p>\n<p>Su Santidad anunci\u00f3 que la Comunidad hab\u00eda traducido el Sagrado Cor\u00e1n en 74 idiomas.<\/p>\n<p><a href=\"http:\/\/www.ahmadiyya-islam.org\/es\/wp-content\/uploads\/sites\/10\/2015\/09\/2015-08-22-Jalsa-UK-003.jpg\"><img loading=\"lazy\" decoding=\"async\" class=\"aligncenter size-full wp-image-2163\" src=\"http:\/\/www.ahmadiyya-islam.org\/es\/wp-content\/uploads\/sites\/10\/2015\/09\/2015-08-22-Jalsa-UK-003.jpg\" alt=\"2015-08-22-Jalsa-UK-003\" width=\"640\" height=\"277\" srcset=\"https:\/\/www.ahmadiyya-islam.org\/es\/wp-content\/uploads\/sites\/10\/2015\/09\/2015-08-22-Jalsa-UK-003.jpg 640w, https:\/\/www.ahmadiyya-islam.org\/es\/wp-content\/uploads\/sites\/10\/2015\/09\/2015-08-22-Jalsa-UK-003-300x130.jpg 300w\" sizes=\"auto, (max-width: 640px) 100vw, 640px\" \/><\/a><\/p>\n<p>Hazrat Mirza Masrur Ahmad tambi\u00e9n inform\u00f3 acerca de las actividades y el progreso continuo de la Comunidad musulmana Ahmad\u00eda en todas las partes del mundo.<\/p>\n<p><a href=\"http:\/\/www.ahmadiyya-islam.org\/es\/wp-content\/uploads\/sites\/10\/2015\/09\/2015-08-22-Jalsa-UK-004.jpg\"><img loading=\"lazy\" decoding=\"async\" class=\"aligncenter size-full wp-image-2164\" src=\"http:\/\/www.ahmadiyya-islam.org\/es\/wp-content\/uploads\/sites\/10\/2015\/09\/2015-08-22-Jalsa-UK-004.jpg\" alt=\"2015-08-22-Jalsa-UK-004\" width=\"633\" height=\"158\" srcset=\"https:\/\/www.ahmadiyya-islam.org\/es\/wp-content\/uploads\/sites\/10\/2015\/09\/2015-08-22-Jalsa-UK-004.jpg 633w, https:\/\/www.ahmadiyya-islam.org\/es\/wp-content\/uploads\/sites\/10\/2015\/09\/2015-08-22-Jalsa-UK-004-300x75.jpg 300w\" sizes=\"auto, (max-width: 633px) 100vw, 633px\" \/><\/a><\/p>\n<p>Anteriormente, por la ma\u00f1ana, Hazrat Mirza Masrur Ahmad se dirigi\u00f3 a los miembros de Layna Imaillah (organizaci\u00f3n auxiliar de mujeres) donde dijo que el Islam hab\u00eda concedido la verdadera libertad e independencia a las mujeres.<\/p>\n<p>El Yalsa Salana finalizar\u00e1 el domingo por la tarde con un discurso pronunciado por Hazrat Mirza Masrur Ahmad.<\/p>\n","protected":false},"excerpt":{"rendered":"<p>El l\u00edder mundial de la Comunidad musulmana Ahmad\u00eda realiza el anuncio durante la convenci\u00f3n anual del Reino Unido El 22 de agosto de 2015, el l\u00edder de la comunidad musulmana Ahmad\u00eda, el Quinto Jalifa, Su Santidad, Hazrat Mirza Masrur Ahmad anunci\u00f3 que m\u00e1s de 567.000 personas se hab\u00edan unido a la Comunidad durante el pasado<\/p>\n","protected":false},"author":15,"featured_media":2161,"comment_status":"closed","ping_status":"closed","sticky":false,"template":"","format":"standard","meta":{"_acf_changed":false,"footnotes":""},"categories":[1],"tags":[13,42],"authors":[],"content_source":[],"class_list":["post-2160","post","type-post","status-publish","format-standard","has-post-thumbnail","hentry","category-comunicados-de-prensa","tag-reino-unido","tag-yalsa-salana","topics-convencion-anual"],"acf":[],"yoast_head":"<!-- This site is optimized with the Yoast SEO Premium plugin v21.1 (Yoast SEO v27.4) - https:\/\/yoast.com\/product\/yoast-seo-premium-wordpress\/ -->\n<title>M\u00e1s de 567.000 personas se unen a la Comunidad musulmana Ahmad\u00eda<\/title>\n<meta name=\"description\" content=\"El l\u00edder mundial de la Comunidad musulmana Ahmad\u00eda realiza el anuncio durante la convenci\u00f3n anual del Reino Unido El 22 de agosto de 2015, el l\u00edder de la\" \/>\n<meta name=\"robots\" content=\"index, follow, max-snippet:-1, max-image-preview:large, max-video-preview:-1\" \/>\n<link rel=\"canonical\" href=\"https:\/\/www.ahmadiyya-islam.org\/es\/comunicados-de-prensa\/mas-de-567-000-personas-se-unen-a-la-comunidad-musulmana-ahmadia\/\" \/>\n<meta property=\"og:locale\" content=\"es_ES\" \/>\n<meta property=\"og:type\" content=\"article\" \/>\n<meta property=\"og:title\" content=\"M\u00e1s de 567.000 personas se unen a la Comunidad musulmana Ahmad\u00eda\" \/>\n<meta property=\"og:description\" content=\"El l\u00edder mundial de la Comunidad musulmana Ahmad\u00eda realiza el anuncio durante la convenci\u00f3n anual del Reino Unido El 22 de agosto de 2015, el l\u00edder de la\" \/>\n<meta property=\"og:url\" content=\"https:\/\/www.ahmadiyya-islam.org\/es\/comunicados-de-prensa\/mas-de-567-000-personas-se-unen-a-la-comunidad-musulmana-ahmadia\/\" \/>\n<meta property=\"og:site_name\" content=\"Comunidad Musulmana Ahmad\u00eda\" \/>\n<meta property=\"article:published_time\" content=\"2015-08-23T09:35:00+00:00\" \/>\n<meta property=\"article:modified_time\" content=\"2015-09-03T09:38:47+00:00\" \/>\n<meta property=\"og:image\" content=\"https:\/\/www.ahmadiyya-islam.org\/es\/wp-content\/uploads\/sites\/10\/2015\/09\/2015-08-22-Jalsa-UK-001.jpg\" \/>\n\t<meta property=\"og:image:width\" content=\"640\" \/>\n\t<meta property=\"og:image:height\" content=\"358\" \/>\n\t<meta property=\"og:image:type\" content=\"image\/jpeg\" \/>\n<meta name=\"author\" content=\"es1tarikara\" \/>\n<meta name=\"twitter:card\" content=\"summary_large_image\" \/>\n<meta name=\"twitter:label1\" content=\"Written by\" \/>\n\t<meta name=\"twitter:data1\" content=\"es1tarikara\" \/>\n\t<meta name=\"twitter:label2\" content=\"Est. reading time\" \/>\n\t<meta name=\"twitter:data2\" content=\"1 minute\" \/>\n<script type=\"application\/ld+json\" class=\"yoast-schema-graph\">{\"@context\":\"https:\\\/\\\/schema.org\",\"@graph\":[{\"@type\":\"Article\",\"@id\":\"https:\\\/\\\/www.ahmadiyya-islam.org\\\/es\\\/comunicados-de-prensa\\\/mas-de-567-000-personas-se-unen-a-la-comunidad-musulmana-ahmadia\\\/#article\",\"isPartOf\":{\"@id\":\"https:\\\/\\\/www.ahmadiyya-islam.org\\\/es\\\/comunicados-de-prensa\\\/mas-de-567-000-personas-se-unen-a-la-comunidad-musulmana-ahmadia\\\/\"},\"author\":{\"name\":\"es1tarikara\",\"@id\":\"https:\\\/\\\/www.ahmadiyya-islam.org\\\/es\\\/#\\\/schema\\\/person\\\/ac4c08c7012bbfe73a43476371042f59\"},\"headline\":\"M\u00e1s de 567.000 personas se unen a la Comunidad musulmana Ahmad\u00eda\",\"datePublished\":\"2015-08-23T09:35:00+00:00\",\"dateModified\":\"2015-09-03T09:38:47+00:00\",\"mainEntityOfPage\":{\"@id\":\"https:\\\/\\\/www.ahmadiyya-islam.org\\\/es\\\/comunicados-de-prensa\\\/mas-de-567-000-personas-se-unen-a-la-comunidad-musulmana-ahmadia\\\/\"},\"wordCount\":249,\"publisher\":{\"@id\":\"https:\\\/\\\/www.ahmadiyya-islam.org\\\/es\\\/#organization\"},\"image\":{\"@id\":\"https:\\\/\\\/www.ahmadiyya-islam.org\\\/es\\\/comunicados-de-prensa\\\/mas-de-567-000-personas-se-unen-a-la-comunidad-musulmana-ahmadia\\\/#primaryimage\"},\"thumbnailUrl\":\"https:\\\/\\\/www.ahmadiyya-islam.org\\\/es\\\/wp-content\\\/uploads\\\/sites\\\/10\\\/2015\\\/09\\\/2015-08-22-Jalsa-UK-001.jpg\",\"keywords\":[\"Reino Unido\",\"Yalsa Salana\"],\"articleSection\":[\"Comunicados de prensa\"],\"inLanguage\":\"es-ES\"},{\"@type\":\"WebPage\",\"@id\":\"https:\\\/\\\/www.ahmadiyya-islam.org\\\/es\\\/comunicados-de-prensa\\\/mas-de-567-000-personas-se-unen-a-la-comunidad-musulmana-ahmadia\\\/\",\"url\":\"https:\\\/\\\/www.ahmadiyya-islam.org\\\/es\\\/comunicados-de-prensa\\\/mas-de-567-000-personas-se-unen-a-la-comunidad-musulmana-ahmadia\\\/\",\"name\":\"M\u00e1s de 567.000 personas se unen a la Comunidad musulmana Ahmad\u00eda\",\"isPartOf\":{\"@id\":\"https:\\\/\\\/www.ahmadiyya-islam.org\\\/es\\\/#website\"},\"primaryImageOfPage\":{\"@id\":\"https:\\\/\\\/www.ahmadiyya-islam.org\\\/es\\\/comunicados-de-prensa\\\/mas-de-567-000-personas-se-unen-a-la-comunidad-musulmana-ahmadia\\\/#primaryimage\"},\"image\":{\"@id\":\"https:\\\/\\\/www.ahmadiyya-islam.org\\\/es\\\/comunicados-de-prensa\\\/mas-de-567-000-personas-se-unen-a-la-comunidad-musulmana-ahmadia\\\/#primaryimage\"},\"thumbnailUrl\":\"https:\\\/\\\/www.ahmadiyya-islam.org\\\/es\\\/wp-content\\\/uploads\\\/sites\\\/10\\\/2015\\\/09\\\/2015-08-22-Jalsa-UK-001.jpg\",\"datePublished\":\"2015-08-23T09:35:00+00:00\",\"dateModified\":\"2015-09-03T09:38:47+00:00\",\"description\":\"El l\u00edder mundial de la Comunidad musulmana Ahmad\u00eda realiza el anuncio durante la convenci\u00f3n anual del Reino Unido El 22 de agosto de 2015, el l\u00edder de la\",\"breadcrumb\":{\"@id\":\"https:\\\/\\\/www.ahmadiyya-islam.org\\\/es\\\/comunicados-de-prensa\\\/mas-de-567-000-personas-se-unen-a-la-comunidad-musulmana-ahmadia\\\/#breadcrumb\"},\"inLanguage\":\"es-ES\",\"potentialAction\":[{\"@type\":\"ReadAction\",\"target\":[\"https:\\\/\\\/www.ahmadiyya-islam.org\\\/es\\\/comunicados-de-prensa\\\/mas-de-567-000-personas-se-unen-a-la-comunidad-musulmana-ahmadia\\\/\"]}]},{\"@type\":\"ImageObject\",\"inLanguage\":\"es-ES\",\"@id\":\"https:\\\/\\\/www.ahmadiyya-islam.org\\\/es\\\/comunicados-de-prensa\\\/mas-de-567-000-personas-se-unen-a-la-comunidad-musulmana-ahmadia\\\/#primaryimage\",\"url\":\"https:\\\/\\\/www.ahmadiyya-islam.org\\\/es\\\/wp-content\\\/uploads\\\/sites\\\/10\\\/2015\\\/09\\\/2015-08-22-Jalsa-UK-001.jpg\",\"contentUrl\":\"https:\\\/\\\/www.ahmadiyya-islam.org\\\/es\\\/wp-content\\\/uploads\\\/sites\\\/10\\\/2015\\\/09\\\/2015-08-22-Jalsa-UK-001.jpg\",\"width\":640,\"height\":358},{\"@type\":\"BreadcrumbList\",\"@id\":\"https:\\\/\\\/www.ahmadiyya-islam.org\\\/es\\\/comunicados-de-prensa\\\/mas-de-567-000-personas-se-unen-a-la-comunidad-musulmana-ahmadia\\\/#breadcrumb\",\"itemListElement\":[{\"@type\":\"ListItem\",\"position\":1,\"name\":\"Home\",\"item\":\"https:\\\/\\\/www.ahmadiyya-islam.org\\\/es\\\/\"},{\"@type\":\"ListItem\",\"position\":2,\"name\":\"M\u00e1s de 567.000 personas se unen a la Comunidad musulmana Ahmad\u00eda\"}]},{\"@type\":\"WebSite\",\"@id\":\"https:\\\/\\\/www.ahmadiyya-islam.org\\\/es\\\/#website\",\"url\":\"https:\\\/\\\/www.ahmadiyya-islam.org\\\/es\\\/\",\"name\":\"Comunidad Musulmana Ahmad\u00eda\",\"description\":\"Internacional\",\"publisher\":{\"@id\":\"https:\\\/\\\/www.ahmadiyya-islam.org\\\/es\\\/#organization\"},\"potentialAction\":[{\"@type\":\"SearchAction\",\"target\":{\"@type\":\"EntryPoint\",\"urlTemplate\":\"https:\\\/\\\/www.ahmadiyya-islam.org\\\/es\\\/?s={search_term_string}\"},\"query-input\":{\"@type\":\"PropertyValueSpecification\",\"valueRequired\":true,\"valueName\":\"search_term_string\"}}],\"inLanguage\":\"es-ES\"},{\"@type\":\"Organization\",\"@id\":\"https:\\\/\\\/www.ahmadiyya-islam.org\\\/es\\\/#organization\",\"name\":\"Comunidad Musulmana Ahmad\u00eda\",\"url\":\"https:\\\/\\\/www.ahmadiyya-islam.org\\\/es\\\/\",\"logo\":{\"@type\":\"ImageObject\",\"inLanguage\":\"es-ES\",\"@id\":\"https:\\\/\\\/www.ahmadiyya-islam.org\\\/es\\\/#\\\/schema\\\/logo\\\/image\\\/\",\"url\":\"https:\\\/\\\/www.ahmadiyya-islam.org\\\/es\\\/wp-content\\\/uploads\\\/sites\\\/10\\\/2015\\\/06\\\/alislam-logo.png\",\"contentUrl\":\"https:\\\/\\\/www.ahmadiyya-islam.org\\\/es\\\/wp-content\\\/uploads\\\/sites\\\/10\\\/2015\\\/06\\\/alislam-logo.png\",\"width\":1859,\"height\":1859,\"caption\":\"Comunidad Musulmana Ahmad\u00eda\"},\"image\":{\"@id\":\"https:\\\/\\\/www.ahmadiyya-islam.org\\\/es\\\/#\\\/schema\\\/logo\\\/image\\\/\"}},{\"@type\":\"Person\",\"@id\":\"https:\\\/\\\/www.ahmadiyya-islam.org\\\/es\\\/#\\\/schema\\\/person\\\/ac4c08c7012bbfe73a43476371042f59\",\"name\":\"es1tarikara\"}]}<\/script>\n<!-- \/ Yoast SEO Premium plugin. -->","yoast_head_json":{"title":"M\u00e1s de 567.000 personas se unen a la Comunidad musulmana Ahmad\u00eda","description":"El l\u00edder mundial de la Comunidad musulmana Ahmad\u00eda realiza el anuncio durante la convenci\u00f3n anual del Reino Unido El 22 de agosto de 2015, el l\u00edder de la","robots":{"index":"index","follow":"follow","max-snippet":"max-snippet:-1","max-image-preview":"max-image-preview:large","max-video-preview":"max-video-preview:-1"},"canonical":"https:\/\/www.ahmadiyya-islam.org\/es\/comunicados-de-prensa\/mas-de-567-000-personas-se-unen-a-la-comunidad-musulmana-ahmadia\/","og_locale":"es_ES","og_type":"article","og_title":"M\u00e1s de 567.000 personas se unen a la Comunidad musulmana Ahmad\u00eda","og_description":"El l\u00edder mundial de la Comunidad musulmana Ahmad\u00eda realiza el anuncio durante la convenci\u00f3n anual del Reino Unido El 22 de agosto de 2015, el l\u00edder de la","og_url":"https:\/\/www.ahmadiyya-islam.org\/es\/comunicados-de-prensa\/mas-de-567-000-personas-se-unen-a-la-comunidad-musulmana-ahmadia\/","og_site_name":"Comunidad Musulmana Ahmad\u00eda","article_published_time":"2015-08-23T09:35:00+00:00","article_modified_time":"2015-09-03T09:38:47+00:00","og_image":[{"width":640,"height":358,"url":"https:\/\/www.ahmadiyya-islam.org\/es\/wp-content\/uploads\/sites\/10\/2015\/09\/2015-08-22-Jalsa-UK-001.jpg","type":"image\/jpeg"}],"author":"es1tarikara","twitter_card":"summary_large_image","twitter_misc":{"Written by":"es1tarikara","Est. reading time":"1 minute"},"schema":{"@context":"https:\/\/schema.org","@graph":[{"@type":"Article","@id":"https:\/\/www.ahmadiyya-islam.org\/es\/comunicados-de-prensa\/mas-de-567-000-personas-se-unen-a-la-comunidad-musulmana-ahmadia\/#article","isPartOf":{"@id":"https:\/\/www.ahmadiyya-islam.org\/es\/comunicados-de-prensa\/mas-de-567-000-personas-se-unen-a-la-comunidad-musulmana-ahmadia\/"},"author":{"name":"es1tarikara","@id":"https:\/\/www.ahmadiyya-islam.org\/es\/#\/schema\/person\/ac4c08c7012bbfe73a43476371042f59"},"headline":"M\u00e1s de 567.000 personas se unen a la Comunidad musulmana Ahmad\u00eda","datePublished":"2015-08-23T09:35:00+00:00","dateModified":"2015-09-03T09:38:47+00:00","mainEntityOfPage":{"@id":"https:\/\/www.ahmadiyya-islam.org\/es\/comunicados-de-prensa\/mas-de-567-000-personas-se-unen-a-la-comunidad-musulmana-ahmadia\/"},"wordCount":249,"publisher":{"@id":"https:\/\/www.ahmadiyya-islam.org\/es\/#organization"},"image":{"@id":"https:\/\/www.ahmadiyya-islam.org\/es\/comunicados-de-prensa\/mas-de-567-000-personas-se-unen-a-la-comunidad-musulmana-ahmadia\/#primaryimage"},"thumbnailUrl":"https:\/\/www.ahmadiyya-islam.org\/es\/wp-content\/uploads\/sites\/10\/2015\/09\/2015-08-22-Jalsa-UK-001.jpg","keywords":["Reino Unido","Yalsa Salana"],"articleSection":["Comunicados de prensa"],"inLanguage":"es-ES"},{"@type":"WebPage","@id":"https:\/\/www.ahmadiyya-islam.org\/es\/comunicados-de-prensa\/mas-de-567-000-personas-se-unen-a-la-comunidad-musulmana-ahmadia\/","url":"https:\/\/www.ahmadiyya-islam.org\/es\/comunicados-de-prensa\/mas-de-567-000-personas-se-unen-a-la-comunidad-musulmana-ahmadia\/","name":"M\u00e1s de 567.000 personas se unen a la Comunidad musulmana Ahmad\u00eda","isPartOf":{"@id":"https:\/\/www.ahmadiyya-islam.org\/es\/#website"},"primaryImageOfPage":{"@id":"https:\/\/www.ahmadiyya-islam.org\/es\/comunicados-de-prensa\/mas-de-567-000-personas-se-unen-a-la-comunidad-musulmana-ahmadia\/#primaryimage"},"image":{"@id":"https:\/\/www.ahmadiyya-islam.org\/es\/comunicados-de-prensa\/mas-de-567-000-personas-se-unen-a-la-comunidad-musulmana-ahmadia\/#primaryimage"},"thumbnailUrl":"https:\/\/www.ahmadiyya-islam.org\/es\/wp-content\/uploads\/sites\/10\/2015\/09\/2015-08-22-Jalsa-UK-001.jpg","datePublished":"2015-08-23T09:35:00+00:00","dateModified":"2015-09-03T09:38:47+00:00","description":"El l\u00edder mundial de la Comunidad musulmana Ahmad\u00eda realiza el anuncio durante la convenci\u00f3n anual del Reino Unido El 22 de agosto de 2015, el l\u00edder de la","breadcrumb":{"@id":"https:\/\/www.ahmadiyya-islam.org\/es\/comunicados-de-prensa\/mas-de-567-000-personas-se-unen-a-la-comunidad-musulmana-ahmadia\/#breadcrumb"},"inLanguage":"es-ES","potentialAction":[{"@type":"ReadAction","target":["https:\/\/www.ahmadiyya-islam.org\/es\/comunicados-de-prensa\/mas-de-567-000-personas-se-unen-a-la-comunidad-musulmana-ahmadia\/"]}]},{"@type":"ImageObject","inLanguage":"es-ES","@id":"https:\/\/www.ahmadiyya-islam.org\/es\/comunicados-de-prensa\/mas-de-567-000-personas-se-unen-a-la-comunidad-musulmana-ahmadia\/#primaryimage","url":"https:\/\/www.ahmadiyya-islam.org\/es\/wp-content\/uploads\/sites\/10\/2015\/09\/2015-08-22-Jalsa-UK-001.jpg","contentUrl":"https:\/\/www.ahmadiyya-islam.org\/es\/wp-content\/uploads\/sites\/10\/2015\/09\/2015-08-22-Jalsa-UK-001.jpg","width":640,"height":358},{"@type":"BreadcrumbList","@id":"https:\/\/www.ahmadiyya-islam.org\/es\/comunicados-de-prensa\/mas-de-567-000-personas-se-unen-a-la-comunidad-musulmana-ahmadia\/#breadcrumb","itemListElement":[{"@type":"ListItem","position":1,"name":"Home","item":"https:\/\/www.ahmadiyya-islam.org\/es\/"},{"@type":"ListItem","position":2,"name":"M\u00e1s de 567.000 personas se unen a la Comunidad musulmana Ahmad\u00eda"}]},{"@type":"WebSite","@id":"https:\/\/www.ahmadiyya-islam.org\/es\/#website","url":"https:\/\/www.ahmadiyya-islam.org\/es\/","name":"Comunidad Musulmana Ahmad\u00eda","description":"Internacional","publisher":{"@id":"https:\/\/www.ahmadiyya-islam.org\/es\/#organization"},"potentialAction":[{"@type":"SearchAction","target":{"@type":"EntryPoint","urlTemplate":"https:\/\/www.ahmadiyya-islam.org\/es\/?s={search_term_string}"},"query-input":{"@type":"PropertyValueSpecification","valueRequired":true,"valueName":"search_term_string"}}],"inLanguage":"es-ES"},{"@type":"Organization","@id":"https:\/\/www.ahmadiyya-islam.org\/es\/#organization","name":"Comunidad Musulmana Ahmad\u00eda","url":"https:\/\/www.ahmadiyya-islam.org\/es\/","logo":{"@type":"ImageObject","inLanguage":"es-ES","@id":"https:\/\/www.ahmadiyya-islam.org\/es\/#\/schema\/logo\/image\/","url":"https:\/\/www.ahmadiyya-islam.org\/es\/wp-content\/uploads\/sites\/10\/2015\/06\/alislam-logo.png","contentUrl":"https:\/\/www.ahmadiyya-islam.org\/es\/wp-content\/uploads\/sites\/10\/2015\/06\/alislam-logo.png","width":1859,"height":1859,"caption":"Comunidad Musulmana Ahmad\u00eda"},"image":{"@id":"https:\/\/www.ahmadiyya-islam.org\/es\/#\/schema\/logo\/image\/"}},{"@type":"Person","@id":"https:\/\/www.ahmadiyya-islam.org\/es\/#\/schema\/person\/ac4c08c7012bbfe73a43476371042f59","name":"es1tarikara"}]}},"_links":{"self":[{"href":"https:\/\/www.ahmadiyya-islam.org\/es\/wp-json\/wp\/v2\/posts\/2160","targetHints":{"allow":["GET"]}}],"collection":[{"href":"https:\/\/www.ahmadiyya-islam.org\/es\/wp-json\/wp\/v2\/posts"}],"about":[{"href":"https:\/\/www.ahmadiyya-islam.org\/es\/wp-json\/wp\/v2\/types\/post"}],"author":[{"embeddable":true,"href":"https:\/\/www.ahmadiyya-islam.org\/es\/wp-json\/wp\/v2\/users\/15"}],"replies":[{"embeddable":true,"href":"https:\/\/www.ahmadiyya-islam.org\/es\/wp-json\/wp\/v2\/comments?post=2160"}],"version-history":[{"count":0,"href":"https:\/\/www.ahmadiyya-islam.org\/es\/wp-json\/wp\/v2\/posts\/2160\/revisions"}],"wp:featuredmedia":[{"embeddable":true,"href":"https:\/\/www.ahmadiyya-islam.org\/es\/wp-json\/wp\/v2\/media\/2161"}],"wp:attachment":[{"href":"https:\/\/www.ahmadiyya-islam.org\/es\/wp-json\/wp\/v2\/media?parent=2160"}],"wp:term":[{"taxonomy":"category","embeddable":true,"href":"https:\/\/www.ahmadiyya-islam.org\/es\/wp-json\/wp\/v2\/categories?post=2160"},{"taxonomy":"post_tag","embeddable":true,"href":"https:\/\/www.ahmadiyya-islam.org\/es\/wp-json\/wp\/v2\/tags?post=2160"},{"taxonomy":"authors","embeddable":true,"href":"https:\/\/www.ahmadiyya-islam.org\/es\/wp-json\/wp\/v2\/authors?post=2160"},{"taxonomy":"content_source","embeddable":true,"href":"https:\/\/www.ahmadiyya-islam.org\/es\/wp-json\/wp\/v2\/content_source?post=2160"}],"curies":[{"name":"wp","href":"https:\/\/api.w.org\/{rel}","templated":true}]}}