{"id":2100,"date":"2014-09-05T17:12:07","date_gmt":"2014-09-05T17:12:07","guid":{"rendered":"http:\/\/www.ahmadiyya-islam.org\/es\/?p=2100"},"modified":"2015-08-12T17:19:05","modified_gmt":"2015-08-12T17:19:05","slug":"la-comunidad-ahmadia-proclama-la-paz-mundial-en-su-encuentro-de-inglaterra","status":"publish","type":"post","link":"https:\/\/www.ahmadiyya-islam.org\/es\/medios\/la-comunidad-ahmadia-proclama-la-paz-mundial-en-su-encuentro-de-inglaterra\/","title":{"rendered":"La Comunidad Ahmad\u00eda proclama la paz mundial en su encuentro de Inglaterra"},"content":{"rendered":"<p><em><strong>Una delegaci\u00f3n de la Mezquita Basharat, de Pedro Abad, asiste a esta multitudinaria convenci\u00f3n celebrada en Alton.\u00a0<\/strong><\/em><\/p>\n<p>Pol\u00edticos de varios pa\u00edses, como la exministra canadiense Judy Sgro; el alcalde de Turnhout (B\u00e9lgica), Franscis Stijnen; y el parlamentario belga Ward Kennes han destacado a la Comunidad Ahmad\u00eda del Islam como un &#8220;ejemplo de convivencia religiosa&#8221;.<\/p>\n<p>Estas manifestaciones tuvieron lugar durante su estancia en el <i>Jalsa Salana <\/i>, la convenci\u00f3n anual de esta comunidad isl\u00e1mica en el Reino Unido. Estos tres pol\u00edticos han explicado a <i>La Cr\u00f3nica del Alto Guadalquivir <\/i>el modelo de implantaci\u00f3n de la comunidad Ahmad\u00eda en sus respectivas localidades, as\u00ed como las diferencias entre \u00e9sta y otras ramas del islam.<\/p>\n<p>Kennes, vicealcalde de Kasterlee (B\u00e9lgica) y parlamentario nacional, ha lamentado que la opini\u00f3n p\u00fablica normalmente se deja guiar por las noticias negativas que aportan &#8220;un pu\u00f1ado de extremistas que dicen tener el monopolio del Islam&#8221;, y para ello ha puesto como ejemplo los recientes acontecimientos de Siria e Irak.<\/p>\n<p>Por ello, espera que los medios de comunicaci\u00f3n internacionales presten atenci\u00f3n a esta reuni\u00f3n anual, porque el mensaje que ofrece es &#8220;radicalmente opuesto&#8221; al del fundamentalismo, al estar basado en la convivencia, el respeto y la paz.<\/p>\n<p>Kennes recuerda que su primer contacto con la Ahmad\u00eda fue hace una d\u00e9cada, cuando varios miembros de la comunidad se acercaron a su oficina y le pidieron que les dejaran limpiar las calles a principios de enero, una labor que, desde entonces, desempe\u00f1an de forma altruista.<\/p>\n<p>Tambi\u00e9n el alcalde de Turnhout ha se\u00f1alado que la comunidad instalada en su localidad, en la que viven 50.000 personas &#8211;muchas de ellas inmigrantes&#8211; se ofreci\u00f3 a realizar trabajos y servicios sociales, lo que contribuy\u00f3 a su implantaci\u00f3n, puesto que los habitantes locales lo interpretaron como un gesto de acercamiento.<\/p>\n<p>Stijnen reconoce que otras comunidades isl\u00e1micas no son tan abiertas, pero insiste en la necesidad de que no se condene al islam &#8220;como un todo&#8221;, s\u00f3lo porque sea &#8220;utilizado por los terroristas para realizar actos violentos&#8221;.<\/p>\n<p>&#8220;Si tratamos de trabajar todos juntos, es m\u00e1s f\u00e1cil dar a conocer el verdadero islam. S\u00f3lo el conocimiento puede permitir a la gente desligarse de los aspectos negativos que a menudo se asocian al islam&#8221;, ha concluido Stijnen.<\/p>\n<p>Por su parte la exministra canadiense ha puesto el \u00e9nfasis en que el mensaje que transmite la Ahmad\u00eda sea escuchado, porque &#8220;puede hacer del mundo algo mejor&#8221;. En su discurso, el califa de esta comunidad, Mirza Masroor Ahmad, ha informado de que, en el \u00faltimo a\u00f1o, la Ahmad\u00eda se ha establecido en dos nuevos pa\u00edses, Belice y Uruguay, con lo que son ya 206 las naciones en las que esta rama del isl\u00e1m ha asentado sus comunidades. El alcalde de la ciudad de Belice, Darrell Bradley, manifest\u00f3 a este peri\u00f3dico que &#8220;la Comunidad Ahmad\u00eda del Islam es un ejemplo a seguir en cuanto a espiritualidad y en este encuentro hemos aprendido lo importante que es escuchar el Islam fuera del fundamentalismo del que otros la quieren impregnar por intereses infundados&#8221;.<\/p>\n<p>El Movimiento Ahmad\u00eda del Islam es una organizaci\u00f3n religiosa de \u00e1mbito internacional, establecida en pa\u00edses de Africa, Am\u00e9rica del Norte y del Sur, Asia, Australia y Europa, y cuya sede en Espa\u00f1a est\u00e1 situada en la Mezquita Basharat, inaugurada en 1982 en la localidad cordobesa de Pedro Abad.<\/p>\n<p>El im\u00e1n de dicha mezquita y jefe nacional Abdul Razzaq, estuvo tambi\u00e9n presente junto con una delegaci\u00f3n de periodistas cordobeses y dijo, tras una audiencia privada mantenida con el jalifa que &#8220;nuestro mensaje est\u00e1 calando cada vez m\u00e1s en la sociedad de todo el mundo&#8221;, aludiendo a su lema, que es &#8220;Amor para todos, odio para nadie&#8221;. Razzaq tambi\u00e9n hizo una valoraci\u00f3n de la importancia que tiene la Mezquita Basharat de Pedro Abad en el mundo musulm\u00e1n, &#8220;ya que es la primera, tras la Mezquita de C\u00f3rdoba, que se construy\u00f3 en Espa\u00f1a y se ha convertido en un aut\u00e9ntico centro de peregrinaci\u00f3n de los musulmanes&#8221;.<\/p>\n<p>Por \u00faltimo, Razzaq alab\u00f3 la difusi\u00f3n de este encuentro que conmemora el 125 Aniversario de la Comunidad, que es perseguida en Pakist\u00e1n.<\/p>\n<p><a href=\"http:\/\/www.diariocordoba.com\/noticias\/altoguadalquivir\/comunidad-ahmadia-proclama-paz-mundial-encuentro-inglaterra_905060.html\" target=\"_blank\">Cortes\u00eda de Diario C\u00f3rdoba<\/a><\/p>\n","protected":false},"excerpt":{"rendered":"<p>Una delegaci\u00f3n de la Mezquita Basharat, de Pedro Abad, asiste a esta multitudinaria convenci\u00f3n celebrada en Alton.\u00a0 Pol\u00edticos de varios pa\u00edses, como la exministra canadiense Judy Sgro; el alcalde de Turnhout (B\u00e9lgica), Franscis Stijnen; y el parlamentario belga Ward Kennes han destacado a la Comunidad Ahmad\u00eda del Islam como un &#8220;ejemplo de convivencia religiosa&#8221;. Estas<\/p>\n","protected":false},"author":15,"featured_media":0,"comment_status":"closed","ping_status":"closed","sticky":false,"template":"","format":"standard","meta":{"_acf_changed":false,"footnotes":""},"categories":[15],"tags":[],"authors":[],"content_source":[],"class_list":["post-2100","post","type-post","status-publish","format-standard","hentry","category-medios"],"acf":[],"yoast_head":"<!-- This site is optimized with the Yoast SEO Premium plugin v21.1 (Yoast SEO v27.4) - https:\/\/yoast.com\/product\/yoast-seo-premium-wordpress\/ -->\n<title>La Comunidad Ahmad\u00eda proclama la paz mundial en su encuentro de Inglaterra<\/title>\n<meta name=\"description\" content=\"Una delegaci\u00f3n de la Mezquita Basharat, de Pedro Abad, asiste a esta multitudinaria convenci\u00f3n celebrada en Alton.\u00a0 Pol\u00edticos de varios pa\u00edses, como la\" \/>\n<meta name=\"robots\" content=\"index, follow, max-snippet:-1, max-image-preview:large, max-video-preview:-1\" \/>\n<link rel=\"canonical\" href=\"https:\/\/www.ahmadiyya-islam.org\/es\/medios\/la-comunidad-ahmadia-proclama-la-paz-mundial-en-su-encuentro-de-inglaterra\/\" \/>\n<meta property=\"og:locale\" content=\"es_ES\" \/>\n<meta property=\"og:type\" content=\"article\" \/>\n<meta property=\"og:title\" content=\"La Comunidad Ahmad\u00eda proclama la paz mundial en su encuentro de Inglaterra\" \/>\n<meta property=\"og:description\" content=\"Una delegaci\u00f3n de la Mezquita Basharat, de Pedro Abad, asiste a esta multitudinaria convenci\u00f3n celebrada en Alton.\u00a0 Pol\u00edticos de varios pa\u00edses, como la\" \/>\n<meta property=\"og:url\" content=\"https:\/\/www.ahmadiyya-islam.org\/es\/medios\/la-comunidad-ahmadia-proclama-la-paz-mundial-en-su-encuentro-de-inglaterra\/\" \/>\n<meta property=\"og:site_name\" content=\"Comunidad Musulmana Ahmad\u00eda\" \/>\n<meta property=\"article:published_time\" content=\"2014-09-05T17:12:07+00:00\" \/>\n<meta property=\"article:modified_time\" content=\"2015-08-12T17:19:05+00:00\" \/>\n<meta property=\"og:image\" content=\"https:\/\/www.ahmadiyya-islam.org\/es\/wp-content\/uploads\/sites\/10\/2019\/02\/ahmadiyya.png\" \/>\n\t<meta property=\"og:image:width\" content=\"917\" \/>\n\t<meta property=\"og:image:height\" content=\"410\" \/>\n\t<meta property=\"og:image:type\" content=\"image\/png\" \/>\n<meta name=\"author\" content=\"es1tarikara\" \/>\n<meta name=\"twitter:card\" content=\"summary_large_image\" \/>\n<meta name=\"twitter:label1\" content=\"Written by\" \/>\n\t<meta name=\"twitter:data1\" content=\"es1tarikara\" \/>\n\t<meta name=\"twitter:label2\" content=\"Est. reading time\" \/>\n\t<meta name=\"twitter:data2\" content=\"4 minutes\" \/>\n<script type=\"application\/ld+json\" class=\"yoast-schema-graph\">{\"@context\":\"https:\\\/\\\/schema.org\",\"@graph\":[{\"@type\":\"Article\",\"@id\":\"https:\\\/\\\/www.ahmadiyya-islam.org\\\/es\\\/medios\\\/la-comunidad-ahmadia-proclama-la-paz-mundial-en-su-encuentro-de-inglaterra\\\/#article\",\"isPartOf\":{\"@id\":\"https:\\\/\\\/www.ahmadiyya-islam.org\\\/es\\\/medios\\\/la-comunidad-ahmadia-proclama-la-paz-mundial-en-su-encuentro-de-inglaterra\\\/\"},\"author\":{\"name\":\"es1tarikara\",\"@id\":\"https:\\\/\\\/www.ahmadiyya-islam.org\\\/es\\\/#\\\/schema\\\/person\\\/ac4c08c7012bbfe73a43476371042f59\"},\"headline\":\"La Comunidad Ahmad\u00eda proclama la paz mundial en su encuentro de Inglaterra\",\"datePublished\":\"2014-09-05T17:12:07+00:00\",\"dateModified\":\"2015-08-12T17:19:05+00:00\",\"mainEntityOfPage\":{\"@id\":\"https:\\\/\\\/www.ahmadiyya-islam.org\\\/es\\\/medios\\\/la-comunidad-ahmadia-proclama-la-paz-mundial-en-su-encuentro-de-inglaterra\\\/\"},\"wordCount\":741,\"publisher\":{\"@id\":\"https:\\\/\\\/www.ahmadiyya-islam.org\\\/es\\\/#organization\"},\"articleSection\":[\"En los medios sobre nosotros\"],\"inLanguage\":\"es-ES\"},{\"@type\":\"WebPage\",\"@id\":\"https:\\\/\\\/www.ahmadiyya-islam.org\\\/es\\\/medios\\\/la-comunidad-ahmadia-proclama-la-paz-mundial-en-su-encuentro-de-inglaterra\\\/\",\"url\":\"https:\\\/\\\/www.ahmadiyya-islam.org\\\/es\\\/medios\\\/la-comunidad-ahmadia-proclama-la-paz-mundial-en-su-encuentro-de-inglaterra\\\/\",\"name\":\"La Comunidad Ahmad\u00eda proclama la paz mundial en su encuentro de Inglaterra\",\"isPartOf\":{\"@id\":\"https:\\\/\\\/www.ahmadiyya-islam.org\\\/es\\\/#website\"},\"datePublished\":\"2014-09-05T17:12:07+00:00\",\"dateModified\":\"2015-08-12T17:19:05+00:00\",\"description\":\"Una delegaci\u00f3n de la Mezquita Basharat, de Pedro Abad, asiste a esta multitudinaria convenci\u00f3n celebrada en Alton.\u00a0 Pol\u00edticos de varios pa\u00edses, como la\",\"breadcrumb\":{\"@id\":\"https:\\\/\\\/www.ahmadiyya-islam.org\\\/es\\\/medios\\\/la-comunidad-ahmadia-proclama-la-paz-mundial-en-su-encuentro-de-inglaterra\\\/#breadcrumb\"},\"inLanguage\":\"es-ES\",\"potentialAction\":[{\"@type\":\"ReadAction\",\"target\":[\"https:\\\/\\\/www.ahmadiyya-islam.org\\\/es\\\/medios\\\/la-comunidad-ahmadia-proclama-la-paz-mundial-en-su-encuentro-de-inglaterra\\\/\"]}]},{\"@type\":\"BreadcrumbList\",\"@id\":\"https:\\\/\\\/www.ahmadiyya-islam.org\\\/es\\\/medios\\\/la-comunidad-ahmadia-proclama-la-paz-mundial-en-su-encuentro-de-inglaterra\\\/#breadcrumb\",\"itemListElement\":[{\"@type\":\"ListItem\",\"position\":1,\"name\":\"Home\",\"item\":\"https:\\\/\\\/www.ahmadiyya-islam.org\\\/es\\\/\"},{\"@type\":\"ListItem\",\"position\":2,\"name\":\"La Comunidad Ahmad\u00eda proclama la paz mundial en su encuentro de Inglaterra\"}]},{\"@type\":\"WebSite\",\"@id\":\"https:\\\/\\\/www.ahmadiyya-islam.org\\\/es\\\/#website\",\"url\":\"https:\\\/\\\/www.ahmadiyya-islam.org\\\/es\\\/\",\"name\":\"Comunidad Musulmana Ahmad\u00eda\",\"description\":\"Internacional\",\"publisher\":{\"@id\":\"https:\\\/\\\/www.ahmadiyya-islam.org\\\/es\\\/#organization\"},\"potentialAction\":[{\"@type\":\"SearchAction\",\"target\":{\"@type\":\"EntryPoint\",\"urlTemplate\":\"https:\\\/\\\/www.ahmadiyya-islam.org\\\/es\\\/?s={search_term_string}\"},\"query-input\":{\"@type\":\"PropertyValueSpecification\",\"valueRequired\":true,\"valueName\":\"search_term_string\"}}],\"inLanguage\":\"es-ES\"},{\"@type\":\"Organization\",\"@id\":\"https:\\\/\\\/www.ahmadiyya-islam.org\\\/es\\\/#organization\",\"name\":\"Comunidad Musulmana Ahmad\u00eda\",\"url\":\"https:\\\/\\\/www.ahmadiyya-islam.org\\\/es\\\/\",\"logo\":{\"@type\":\"ImageObject\",\"inLanguage\":\"es-ES\",\"@id\":\"https:\\\/\\\/www.ahmadiyya-islam.org\\\/es\\\/#\\\/schema\\\/logo\\\/image\\\/\",\"url\":\"https:\\\/\\\/www.ahmadiyya-islam.org\\\/es\\\/wp-content\\\/uploads\\\/sites\\\/10\\\/2015\\\/06\\\/alislam-logo.png\",\"contentUrl\":\"https:\\\/\\\/www.ahmadiyya-islam.org\\\/es\\\/wp-content\\\/uploads\\\/sites\\\/10\\\/2015\\\/06\\\/alislam-logo.png\",\"width\":1859,\"height\":1859,\"caption\":\"Comunidad Musulmana Ahmad\u00eda\"},\"image\":{\"@id\":\"https:\\\/\\\/www.ahmadiyya-islam.org\\\/es\\\/#\\\/schema\\\/logo\\\/image\\\/\"}},{\"@type\":\"Person\",\"@id\":\"https:\\\/\\\/www.ahmadiyya-islam.org\\\/es\\\/#\\\/schema\\\/person\\\/ac4c08c7012bbfe73a43476371042f59\",\"name\":\"es1tarikara\"}]}<\/script>\n<!-- \/ Yoast SEO Premium plugin. -->","yoast_head_json":{"title":"La Comunidad Ahmad\u00eda proclama la paz mundial en su encuentro de Inglaterra","description":"Una delegaci\u00f3n de la Mezquita Basharat, de Pedro Abad, asiste a esta multitudinaria convenci\u00f3n celebrada en Alton.\u00a0 Pol\u00edticos de varios pa\u00edses, como la","robots":{"index":"index","follow":"follow","max-snippet":"max-snippet:-1","max-image-preview":"max-image-preview:large","max-video-preview":"max-video-preview:-1"},"canonical":"https:\/\/www.ahmadiyya-islam.org\/es\/medios\/la-comunidad-ahmadia-proclama-la-paz-mundial-en-su-encuentro-de-inglaterra\/","og_locale":"es_ES","og_type":"article","og_title":"La Comunidad Ahmad\u00eda proclama la paz mundial en su encuentro de Inglaterra","og_description":"Una delegaci\u00f3n de la Mezquita Basharat, de Pedro Abad, asiste a esta multitudinaria convenci\u00f3n celebrada en Alton.\u00a0 Pol\u00edticos de varios pa\u00edses, como la","og_url":"https:\/\/www.ahmadiyya-islam.org\/es\/medios\/la-comunidad-ahmadia-proclama-la-paz-mundial-en-su-encuentro-de-inglaterra\/","og_site_name":"Comunidad Musulmana Ahmad\u00eda","article_published_time":"2014-09-05T17:12:07+00:00","article_modified_time":"2015-08-12T17:19:05+00:00","og_image":[{"width":917,"height":410,"url":"https:\/\/www.ahmadiyya-islam.org\/es\/wp-content\/uploads\/sites\/10\/2019\/02\/ahmadiyya.png","type":"image\/png"}],"author":"es1tarikara","twitter_card":"summary_large_image","twitter_misc":{"Written by":"es1tarikara","Est. reading time":"4 minutes"},"schema":{"@context":"https:\/\/schema.org","@graph":[{"@type":"Article","@id":"https:\/\/www.ahmadiyya-islam.org\/es\/medios\/la-comunidad-ahmadia-proclama-la-paz-mundial-en-su-encuentro-de-inglaterra\/#article","isPartOf":{"@id":"https:\/\/www.ahmadiyya-islam.org\/es\/medios\/la-comunidad-ahmadia-proclama-la-paz-mundial-en-su-encuentro-de-inglaterra\/"},"author":{"name":"es1tarikara","@id":"https:\/\/www.ahmadiyya-islam.org\/es\/#\/schema\/person\/ac4c08c7012bbfe73a43476371042f59"},"headline":"La Comunidad Ahmad\u00eda proclama la paz mundial en su encuentro de Inglaterra","datePublished":"2014-09-05T17:12:07+00:00","dateModified":"2015-08-12T17:19:05+00:00","mainEntityOfPage":{"@id":"https:\/\/www.ahmadiyya-islam.org\/es\/medios\/la-comunidad-ahmadia-proclama-la-paz-mundial-en-su-encuentro-de-inglaterra\/"},"wordCount":741,"publisher":{"@id":"https:\/\/www.ahmadiyya-islam.org\/es\/#organization"},"articleSection":["En los medios sobre nosotros"],"inLanguage":"es-ES"},{"@type":"WebPage","@id":"https:\/\/www.ahmadiyya-islam.org\/es\/medios\/la-comunidad-ahmadia-proclama-la-paz-mundial-en-su-encuentro-de-inglaterra\/","url":"https:\/\/www.ahmadiyya-islam.org\/es\/medios\/la-comunidad-ahmadia-proclama-la-paz-mundial-en-su-encuentro-de-inglaterra\/","name":"La Comunidad Ahmad\u00eda proclama la paz mundial en su encuentro de Inglaterra","isPartOf":{"@id":"https:\/\/www.ahmadiyya-islam.org\/es\/#website"},"datePublished":"2014-09-05T17:12:07+00:00","dateModified":"2015-08-12T17:19:05+00:00","description":"Una delegaci\u00f3n de la Mezquita Basharat, de Pedro Abad, asiste a esta multitudinaria convenci\u00f3n celebrada en Alton.\u00a0 Pol\u00edticos de varios pa\u00edses, como la","breadcrumb":{"@id":"https:\/\/www.ahmadiyya-islam.org\/es\/medios\/la-comunidad-ahmadia-proclama-la-paz-mundial-en-su-encuentro-de-inglaterra\/#breadcrumb"},"inLanguage":"es-ES","potentialAction":[{"@type":"ReadAction","target":["https:\/\/www.ahmadiyya-islam.org\/es\/medios\/la-comunidad-ahmadia-proclama-la-paz-mundial-en-su-encuentro-de-inglaterra\/"]}]},{"@type":"BreadcrumbList","@id":"https:\/\/www.ahmadiyya-islam.org\/es\/medios\/la-comunidad-ahmadia-proclama-la-paz-mundial-en-su-encuentro-de-inglaterra\/#breadcrumb","itemListElement":[{"@type":"ListItem","position":1,"name":"Home","item":"https:\/\/www.ahmadiyya-islam.org\/es\/"},{"@type":"ListItem","position":2,"name":"La Comunidad Ahmad\u00eda proclama la paz mundial en su encuentro de Inglaterra"}]},{"@type":"WebSite","@id":"https:\/\/www.ahmadiyya-islam.org\/es\/#website","url":"https:\/\/www.ahmadiyya-islam.org\/es\/","name":"Comunidad Musulmana Ahmad\u00eda","description":"Internacional","publisher":{"@id":"https:\/\/www.ahmadiyya-islam.org\/es\/#organization"},"potentialAction":[{"@type":"SearchAction","target":{"@type":"EntryPoint","urlTemplate":"https:\/\/www.ahmadiyya-islam.org\/es\/?s={search_term_string}"},"query-input":{"@type":"PropertyValueSpecification","valueRequired":true,"valueName":"search_term_string"}}],"inLanguage":"es-ES"},{"@type":"Organization","@id":"https:\/\/www.ahmadiyya-islam.org\/es\/#organization","name":"Comunidad Musulmana Ahmad\u00eda","url":"https:\/\/www.ahmadiyya-islam.org\/es\/","logo":{"@type":"ImageObject","inLanguage":"es-ES","@id":"https:\/\/www.ahmadiyya-islam.org\/es\/#\/schema\/logo\/image\/","url":"https:\/\/www.ahmadiyya-islam.org\/es\/wp-content\/uploads\/sites\/10\/2015\/06\/alislam-logo.png","contentUrl":"https:\/\/www.ahmadiyya-islam.org\/es\/wp-content\/uploads\/sites\/10\/2015\/06\/alislam-logo.png","width":1859,"height":1859,"caption":"Comunidad Musulmana Ahmad\u00eda"},"image":{"@id":"https:\/\/www.ahmadiyya-islam.org\/es\/#\/schema\/logo\/image\/"}},{"@type":"Person","@id":"https:\/\/www.ahmadiyya-islam.org\/es\/#\/schema\/person\/ac4c08c7012bbfe73a43476371042f59","name":"es1tarikara"}]}},"_links":{"self":[{"href":"https:\/\/www.ahmadiyya-islam.org\/es\/wp-json\/wp\/v2\/posts\/2100","targetHints":{"allow":["GET"]}}],"collection":[{"href":"https:\/\/www.ahmadiyya-islam.org\/es\/wp-json\/wp\/v2\/posts"}],"about":[{"href":"https:\/\/www.ahmadiyya-islam.org\/es\/wp-json\/wp\/v2\/types\/post"}],"author":[{"embeddable":true,"href":"https:\/\/www.ahmadiyya-islam.org\/es\/wp-json\/wp\/v2\/users\/15"}],"replies":[{"embeddable":true,"href":"https:\/\/www.ahmadiyya-islam.org\/es\/wp-json\/wp\/v2\/comments?post=2100"}],"version-history":[{"count":0,"href":"https:\/\/www.ahmadiyya-islam.org\/es\/wp-json\/wp\/v2\/posts\/2100\/revisions"}],"wp:attachment":[{"href":"https:\/\/www.ahmadiyya-islam.org\/es\/wp-json\/wp\/v2\/media?parent=2100"}],"wp:term":[{"taxonomy":"category","embeddable":true,"href":"https:\/\/www.ahmadiyya-islam.org\/es\/wp-json\/wp\/v2\/categories?post=2100"},{"taxonomy":"post_tag","embeddable":true,"href":"https:\/\/www.ahmadiyya-islam.org\/es\/wp-json\/wp\/v2\/tags?post=2100"},{"taxonomy":"authors","embeddable":true,"href":"https:\/\/www.ahmadiyya-islam.org\/es\/wp-json\/wp\/v2\/authors?post=2100"},{"taxonomy":"content_source","embeddable":true,"href":"https:\/\/www.ahmadiyya-islam.org\/es\/wp-json\/wp\/v2\/content_source?post=2100"}],"curies":[{"name":"wp","href":"https:\/\/api.w.org\/{rel}","templated":true}]}}