{"id":2095,"date":"2015-07-20T16:40:18","date_gmt":"2015-07-20T16:40:18","guid":{"rendered":"http:\/\/www.ahmadiyya-islam.org\/es\/?p=2095"},"modified":"2015-08-12T17:06:43","modified_gmt":"2015-08-12T17:06:43","slug":"el-fin-del-ramadan","status":"publish","type":"post","link":"https:\/\/www.ahmadiyya-islam.org\/es\/medios\/el-fin-del-ramadan\/","title":{"rendered":"El fin del Ramad\u00e1n"},"content":{"rendered":"<p><em><strong>La comunidad Ahmad\u00eda del Islam, de Pedro Abad, ha celebrado su fiesta de fin del ayuno, en la que musulmanes llegados de distintos puntos de Espa\u00f1a rezaron, hicieron donativos, compartieron regalos y culminaron con una gran convivencia<\/strong><\/em><\/p>\n<p>Despu\u00e9s de la oraci\u00f3n de la noche, hay otros rezos especiales recitados solo durante el Ramad\u00e1n. Se llaman <em>Tarawih<\/em>. Algunos recitan el Cor\u00e1n por completo como un acto especial de adoraci\u00f3n y las recitaciones p\u00fablicas del libro sagrado de los musulmanes se escuchan a lo largo de toda la noche. Otra adoraci\u00f3n importante del Ramad\u00e1n se denomina <em>Etikaf <\/em>. En ella las personas quedan los diez u once \u00faltimos d\u00edas en las mezquitas orando, haciendo plegarias y recitando el Cor\u00e1n.<\/p>\n<p>Cerca del final del Ramad\u00e1n los musulmanes conmemoran la Noche del Decreto, cuando fue revelado el libro sagrado. El mes del Ramad\u00e1n termina con una de las dos mayores celebraciones isl\u00e1micas, la fiesta de la finalizaci\u00f3n del ayuno, llamada <em>Eid al-Fitr <\/em>. En este d\u00eda es costumbre repartir regalos a los ni\u00f1os. Los musulmanes deben asimismo ayudar a los pobres a poder disfrutar de esta fiesta distribuyendo el <em>zakat-ul-fitr <\/em>, una caridad especial de car\u00e1cter obligatorio para que todos puedan disfrutar de ese d\u00eda.<\/p>\n<p>El im\u00e1n de la mezquita de Pedro Abad, Abdul Saboor Numan, fue el encargado de dirigir las oraciones y explic\u00f3 al m\u00e1s del centenar de asistentes la importancia de esta celebraci\u00f3n. &#8220;En el Ramad\u00e1n, el noveno mes del calendario isl\u00e1mico, se ha prescrito a los musulmanes guardar el ayuno para llegar a la piedad alej\u00e1ndose de las maldades&#8221;.<\/p>\n<p><a href=\"http:\/\/www.diariocordoba.com\/noticias\/fin-ramadan_976354.html\" target=\"_blank\">Cortes\u00eda de Diario C\u00f3rdoba<\/a><\/p>\n","protected":false},"excerpt":{"rendered":"<p>La comunidad Ahmad\u00eda del Islam, de Pedro Abad, ha celebrado su fiesta de fin del ayuno, en la que musulmanes llegados de distintos puntos de Espa\u00f1a rezaron, hicieron donativos, compartieron regalos y culminaron con una gran convivencia Despu\u00e9s de la oraci\u00f3n de la noche, hay otros rezos especiales recitados solo durante el Ramad\u00e1n. Se llaman<\/p>\n","protected":false},"author":15,"featured_media":0,"comment_status":"closed","ping_status":"closed","sticky":false,"template":"","format":"standard","meta":{"_acf_changed":false,"footnotes":""},"categories":[15],"tags":[],"authors":[],"content_source":[],"class_list":["post-2095","post","type-post","status-publish","format-standard","hentry","category-medios"],"acf":[],"yoast_head":"<!-- This site is optimized with the Yoast SEO Premium plugin v21.1 (Yoast SEO v27.4) - https:\/\/yoast.com\/product\/yoast-seo-premium-wordpress\/ -->\n<title>El fin del Ramad\u00e1n<\/title>\n<meta name=\"description\" content=\"La comunidad Ahmad\u00eda del Islam, de Pedro Abad, ha celebrado su fiesta de fin del ayuno, en la que musulmanes llegados de distintos puntos de Espa\u00f1a\" \/>\n<meta name=\"robots\" content=\"index, follow, max-snippet:-1, max-image-preview:large, max-video-preview:-1\" \/>\n<link rel=\"canonical\" href=\"https:\/\/www.ahmadiyya-islam.org\/es\/medios\/el-fin-del-ramadan\/\" \/>\n<meta property=\"og:locale\" content=\"es_ES\" \/>\n<meta property=\"og:type\" content=\"article\" \/>\n<meta property=\"og:title\" content=\"El fin del Ramad\u00e1n\" \/>\n<meta property=\"og:description\" content=\"La comunidad Ahmad\u00eda del Islam, de Pedro Abad, ha celebrado su fiesta de fin del ayuno, en la que musulmanes llegados de distintos puntos de Espa\u00f1a\" \/>\n<meta property=\"og:url\" content=\"https:\/\/www.ahmadiyya-islam.org\/es\/medios\/el-fin-del-ramadan\/\" \/>\n<meta property=\"og:site_name\" content=\"Comunidad Musulmana Ahmad\u00eda\" \/>\n<meta property=\"article:published_time\" content=\"2015-07-20T16:40:18+00:00\" \/>\n<meta property=\"article:modified_time\" content=\"2015-08-12T17:06:43+00:00\" \/>\n<meta property=\"og:image\" content=\"https:\/\/www.ahmadiyya-islam.org\/es\/wp-content\/uploads\/sites\/10\/2019\/02\/ahmadiyya.png\" \/>\n\t<meta property=\"og:image:width\" content=\"917\" \/>\n\t<meta property=\"og:image:height\" content=\"410\" \/>\n\t<meta property=\"og:image:type\" content=\"image\/png\" \/>\n<meta name=\"author\" content=\"es1tarikara\" \/>\n<meta name=\"twitter:card\" content=\"summary_large_image\" \/>\n<meta name=\"twitter:label1\" content=\"Written by\" \/>\n\t<meta name=\"twitter:data1\" content=\"es1tarikara\" \/>\n\t<meta name=\"twitter:label2\" content=\"Est. reading time\" \/>\n\t<meta name=\"twitter:data2\" content=\"1 minute\" \/>\n<script type=\"application\/ld+json\" class=\"yoast-schema-graph\">{\"@context\":\"https:\\\/\\\/schema.org\",\"@graph\":[{\"@type\":\"Article\",\"@id\":\"https:\\\/\\\/www.ahmadiyya-islam.org\\\/es\\\/medios\\\/el-fin-del-ramadan\\\/#article\",\"isPartOf\":{\"@id\":\"https:\\\/\\\/www.ahmadiyya-islam.org\\\/es\\\/medios\\\/el-fin-del-ramadan\\\/\"},\"author\":{\"name\":\"es1tarikara\",\"@id\":\"https:\\\/\\\/www.ahmadiyya-islam.org\\\/es\\\/#\\\/schema\\\/person\\\/ac4c08c7012bbfe73a43476371042f59\"},\"headline\":\"El fin del Ramad\u00e1n\",\"datePublished\":\"2015-07-20T16:40:18+00:00\",\"dateModified\":\"2015-08-12T17:06:43+00:00\",\"mainEntityOfPage\":{\"@id\":\"https:\\\/\\\/www.ahmadiyya-islam.org\\\/es\\\/medios\\\/el-fin-del-ramadan\\\/\"},\"wordCount\":293,\"publisher\":{\"@id\":\"https:\\\/\\\/www.ahmadiyya-islam.org\\\/es\\\/#organization\"},\"articleSection\":[\"En los medios sobre nosotros\"],\"inLanguage\":\"es-ES\"},{\"@type\":\"WebPage\",\"@id\":\"https:\\\/\\\/www.ahmadiyya-islam.org\\\/es\\\/medios\\\/el-fin-del-ramadan\\\/\",\"url\":\"https:\\\/\\\/www.ahmadiyya-islam.org\\\/es\\\/medios\\\/el-fin-del-ramadan\\\/\",\"name\":\"El fin del Ramad\u00e1n\",\"isPartOf\":{\"@id\":\"https:\\\/\\\/www.ahmadiyya-islam.org\\\/es\\\/#website\"},\"datePublished\":\"2015-07-20T16:40:18+00:00\",\"dateModified\":\"2015-08-12T17:06:43+00:00\",\"description\":\"La comunidad Ahmad\u00eda del Islam, de Pedro Abad, ha celebrado su fiesta de fin del ayuno, en la que musulmanes llegados de distintos puntos de Espa\u00f1a\",\"breadcrumb\":{\"@id\":\"https:\\\/\\\/www.ahmadiyya-islam.org\\\/es\\\/medios\\\/el-fin-del-ramadan\\\/#breadcrumb\"},\"inLanguage\":\"es-ES\",\"potentialAction\":[{\"@type\":\"ReadAction\",\"target\":[\"https:\\\/\\\/www.ahmadiyya-islam.org\\\/es\\\/medios\\\/el-fin-del-ramadan\\\/\"]}]},{\"@type\":\"BreadcrumbList\",\"@id\":\"https:\\\/\\\/www.ahmadiyya-islam.org\\\/es\\\/medios\\\/el-fin-del-ramadan\\\/#breadcrumb\",\"itemListElement\":[{\"@type\":\"ListItem\",\"position\":1,\"name\":\"Home\",\"item\":\"https:\\\/\\\/www.ahmadiyya-islam.org\\\/es\\\/\"},{\"@type\":\"ListItem\",\"position\":2,\"name\":\"El fin del Ramad\u00e1n\"}]},{\"@type\":\"WebSite\",\"@id\":\"https:\\\/\\\/www.ahmadiyya-islam.org\\\/es\\\/#website\",\"url\":\"https:\\\/\\\/www.ahmadiyya-islam.org\\\/es\\\/\",\"name\":\"Comunidad Musulmana Ahmad\u00eda\",\"description\":\"Internacional\",\"publisher\":{\"@id\":\"https:\\\/\\\/www.ahmadiyya-islam.org\\\/es\\\/#organization\"},\"potentialAction\":[{\"@type\":\"SearchAction\",\"target\":{\"@type\":\"EntryPoint\",\"urlTemplate\":\"https:\\\/\\\/www.ahmadiyya-islam.org\\\/es\\\/?s={search_term_string}\"},\"query-input\":{\"@type\":\"PropertyValueSpecification\",\"valueRequired\":true,\"valueName\":\"search_term_string\"}}],\"inLanguage\":\"es-ES\"},{\"@type\":\"Organization\",\"@id\":\"https:\\\/\\\/www.ahmadiyya-islam.org\\\/es\\\/#organization\",\"name\":\"Comunidad Musulmana Ahmad\u00eda\",\"url\":\"https:\\\/\\\/www.ahmadiyya-islam.org\\\/es\\\/\",\"logo\":{\"@type\":\"ImageObject\",\"inLanguage\":\"es-ES\",\"@id\":\"https:\\\/\\\/www.ahmadiyya-islam.org\\\/es\\\/#\\\/schema\\\/logo\\\/image\\\/\",\"url\":\"https:\\\/\\\/www.ahmadiyya-islam.org\\\/es\\\/wp-content\\\/uploads\\\/sites\\\/10\\\/2015\\\/06\\\/alislam-logo.png\",\"contentUrl\":\"https:\\\/\\\/www.ahmadiyya-islam.org\\\/es\\\/wp-content\\\/uploads\\\/sites\\\/10\\\/2015\\\/06\\\/alislam-logo.png\",\"width\":1859,\"height\":1859,\"caption\":\"Comunidad Musulmana Ahmad\u00eda\"},\"image\":{\"@id\":\"https:\\\/\\\/www.ahmadiyya-islam.org\\\/es\\\/#\\\/schema\\\/logo\\\/image\\\/\"}},{\"@type\":\"Person\",\"@id\":\"https:\\\/\\\/www.ahmadiyya-islam.org\\\/es\\\/#\\\/schema\\\/person\\\/ac4c08c7012bbfe73a43476371042f59\",\"name\":\"es1tarikara\"}]}<\/script>\n<!-- \/ Yoast SEO Premium plugin. -->","yoast_head_json":{"title":"El fin del Ramad\u00e1n","description":"La comunidad Ahmad\u00eda del Islam, de Pedro Abad, ha celebrado su fiesta de fin del ayuno, en la que musulmanes llegados de distintos puntos de Espa\u00f1a","robots":{"index":"index","follow":"follow","max-snippet":"max-snippet:-1","max-image-preview":"max-image-preview:large","max-video-preview":"max-video-preview:-1"},"canonical":"https:\/\/www.ahmadiyya-islam.org\/es\/medios\/el-fin-del-ramadan\/","og_locale":"es_ES","og_type":"article","og_title":"El fin del Ramad\u00e1n","og_description":"La comunidad Ahmad\u00eda del Islam, de Pedro Abad, ha celebrado su fiesta de fin del ayuno, en la que musulmanes llegados de distintos puntos de Espa\u00f1a","og_url":"https:\/\/www.ahmadiyya-islam.org\/es\/medios\/el-fin-del-ramadan\/","og_site_name":"Comunidad Musulmana Ahmad\u00eda","article_published_time":"2015-07-20T16:40:18+00:00","article_modified_time":"2015-08-12T17:06:43+00:00","og_image":[{"width":917,"height":410,"url":"https:\/\/www.ahmadiyya-islam.org\/es\/wp-content\/uploads\/sites\/10\/2019\/02\/ahmadiyya.png","type":"image\/png"}],"author":"es1tarikara","twitter_card":"summary_large_image","twitter_misc":{"Written by":"es1tarikara","Est. reading time":"1 minute"},"schema":{"@context":"https:\/\/schema.org","@graph":[{"@type":"Article","@id":"https:\/\/www.ahmadiyya-islam.org\/es\/medios\/el-fin-del-ramadan\/#article","isPartOf":{"@id":"https:\/\/www.ahmadiyya-islam.org\/es\/medios\/el-fin-del-ramadan\/"},"author":{"name":"es1tarikara","@id":"https:\/\/www.ahmadiyya-islam.org\/es\/#\/schema\/person\/ac4c08c7012bbfe73a43476371042f59"},"headline":"El fin del Ramad\u00e1n","datePublished":"2015-07-20T16:40:18+00:00","dateModified":"2015-08-12T17:06:43+00:00","mainEntityOfPage":{"@id":"https:\/\/www.ahmadiyya-islam.org\/es\/medios\/el-fin-del-ramadan\/"},"wordCount":293,"publisher":{"@id":"https:\/\/www.ahmadiyya-islam.org\/es\/#organization"},"articleSection":["En los medios sobre nosotros"],"inLanguage":"es-ES"},{"@type":"WebPage","@id":"https:\/\/www.ahmadiyya-islam.org\/es\/medios\/el-fin-del-ramadan\/","url":"https:\/\/www.ahmadiyya-islam.org\/es\/medios\/el-fin-del-ramadan\/","name":"El fin del Ramad\u00e1n","isPartOf":{"@id":"https:\/\/www.ahmadiyya-islam.org\/es\/#website"},"datePublished":"2015-07-20T16:40:18+00:00","dateModified":"2015-08-12T17:06:43+00:00","description":"La comunidad Ahmad\u00eda del Islam, de Pedro Abad, ha celebrado su fiesta de fin del ayuno, en la que musulmanes llegados de distintos puntos de Espa\u00f1a","breadcrumb":{"@id":"https:\/\/www.ahmadiyya-islam.org\/es\/medios\/el-fin-del-ramadan\/#breadcrumb"},"inLanguage":"es-ES","potentialAction":[{"@type":"ReadAction","target":["https:\/\/www.ahmadiyya-islam.org\/es\/medios\/el-fin-del-ramadan\/"]}]},{"@type":"BreadcrumbList","@id":"https:\/\/www.ahmadiyya-islam.org\/es\/medios\/el-fin-del-ramadan\/#breadcrumb","itemListElement":[{"@type":"ListItem","position":1,"name":"Home","item":"https:\/\/www.ahmadiyya-islam.org\/es\/"},{"@type":"ListItem","position":2,"name":"El fin del Ramad\u00e1n"}]},{"@type":"WebSite","@id":"https:\/\/www.ahmadiyya-islam.org\/es\/#website","url":"https:\/\/www.ahmadiyya-islam.org\/es\/","name":"Comunidad Musulmana Ahmad\u00eda","description":"Internacional","publisher":{"@id":"https:\/\/www.ahmadiyya-islam.org\/es\/#organization"},"potentialAction":[{"@type":"SearchAction","target":{"@type":"EntryPoint","urlTemplate":"https:\/\/www.ahmadiyya-islam.org\/es\/?s={search_term_string}"},"query-input":{"@type":"PropertyValueSpecification","valueRequired":true,"valueName":"search_term_string"}}],"inLanguage":"es-ES"},{"@type":"Organization","@id":"https:\/\/www.ahmadiyya-islam.org\/es\/#organization","name":"Comunidad Musulmana Ahmad\u00eda","url":"https:\/\/www.ahmadiyya-islam.org\/es\/","logo":{"@type":"ImageObject","inLanguage":"es-ES","@id":"https:\/\/www.ahmadiyya-islam.org\/es\/#\/schema\/logo\/image\/","url":"https:\/\/www.ahmadiyya-islam.org\/es\/wp-content\/uploads\/sites\/10\/2015\/06\/alislam-logo.png","contentUrl":"https:\/\/www.ahmadiyya-islam.org\/es\/wp-content\/uploads\/sites\/10\/2015\/06\/alislam-logo.png","width":1859,"height":1859,"caption":"Comunidad Musulmana Ahmad\u00eda"},"image":{"@id":"https:\/\/www.ahmadiyya-islam.org\/es\/#\/schema\/logo\/image\/"}},{"@type":"Person","@id":"https:\/\/www.ahmadiyya-islam.org\/es\/#\/schema\/person\/ac4c08c7012bbfe73a43476371042f59","name":"es1tarikara"}]}},"_links":{"self":[{"href":"https:\/\/www.ahmadiyya-islam.org\/es\/wp-json\/wp\/v2\/posts\/2095","targetHints":{"allow":["GET"]}}],"collection":[{"href":"https:\/\/www.ahmadiyya-islam.org\/es\/wp-json\/wp\/v2\/posts"}],"about":[{"href":"https:\/\/www.ahmadiyya-islam.org\/es\/wp-json\/wp\/v2\/types\/post"}],"author":[{"embeddable":true,"href":"https:\/\/www.ahmadiyya-islam.org\/es\/wp-json\/wp\/v2\/users\/15"}],"replies":[{"embeddable":true,"href":"https:\/\/www.ahmadiyya-islam.org\/es\/wp-json\/wp\/v2\/comments?post=2095"}],"version-history":[{"count":0,"href":"https:\/\/www.ahmadiyya-islam.org\/es\/wp-json\/wp\/v2\/posts\/2095\/revisions"}],"wp:attachment":[{"href":"https:\/\/www.ahmadiyya-islam.org\/es\/wp-json\/wp\/v2\/media?parent=2095"}],"wp:term":[{"taxonomy":"category","embeddable":true,"href":"https:\/\/www.ahmadiyya-islam.org\/es\/wp-json\/wp\/v2\/categories?post=2095"},{"taxonomy":"post_tag","embeddable":true,"href":"https:\/\/www.ahmadiyya-islam.org\/es\/wp-json\/wp\/v2\/tags?post=2095"},{"taxonomy":"authors","embeddable":true,"href":"https:\/\/www.ahmadiyya-islam.org\/es\/wp-json\/wp\/v2\/authors?post=2095"},{"taxonomy":"content_source","embeddable":true,"href":"https:\/\/www.ahmadiyya-islam.org\/es\/wp-json\/wp\/v2\/content_source?post=2095"}],"curies":[{"name":"wp","href":"https:\/\/api.w.org\/{rel}","templated":true}]}}