{"id":17424,"date":"2025-09-05T10:50:52","date_gmt":"2025-09-05T10:50:52","guid":{"rendered":"https:\/\/www.ahmadiyya-islam.org\/es\/?p=17424"},"modified":"2025-10-07T10:43:13","modified_gmt":"2025-10-07T10:43:13","slug":"jalsa-salana-alemania-2025-concluye-con-un-discurso-inspirador-oficina-de-prensa-y-medios","status":"publish","type":"post","link":"https:\/\/www.ahmadiyya-islam.org\/es\/comunicados-de-prensa\/jalsa-salana-alemania-2025-concluye-con-un-discurso-inspirador-oficina-de-prensa-y-medios\/","title":{"rendered":"Jalsa Salana Alemania 2025 concluye con un discurso inspirador &#8211; Oficina de Prensa y Medios"},"content":{"rendered":"<p>El Yalsa Salana Alemania 2025 concluye con un discurso inspirador<\/p>\n<p>M\u00e1s de 46.000 personas de todo el mundo asisten a una convenci\u00f3n religiosa de tres d\u00edas en Mendig.<\/p>\n<p>El 31 de agosto de 2025, el Jalifa V del Mes\u00edas, Hazrat Mirza Masrur Ahmad, concluy\u00f3 la 49\u00aa Convenci\u00f3n Anual (Yalsa Salana) de la Comunidad Musulmana Ahmad\u00eda de Alemania con un discurso inspirador.<\/p>\n<p><img loading=\"lazy\" decoding=\"async\" class=\"size-full wp-image-17427 aligncenter\" src=\"https:\/\/www.ahmadiyya-islam.org\/es\/wp-content\/uploads\/sites\/10\/2025\/09\/20250829_145742-F43DBCC2.avif\" alt=\"\" width=\"1024\" height=\"459\" srcset=\"https:\/\/www.ahmadiyya-islam.org\/es\/wp-content\/uploads\/sites\/10\/2025\/09\/20250829_145742-F43DBCC2.avif 1024w, https:\/\/www.ahmadiyya-islam.org\/es\/wp-content\/uploads\/sites\/10\/2025\/09\/20250829_145742-F43DBCC2-300x134.avif 300w, https:\/\/www.ahmadiyya-islam.org\/es\/wp-content\/uploads\/sites\/10\/2025\/09\/20250829_145742-F43DBCC2-150x67.avif 150w, https:\/\/www.ahmadiyya-islam.org\/es\/wp-content\/uploads\/sites\/10\/2025\/09\/20250829_145742-F43DBCC2-768x344.avif 768w\" sizes=\"auto, (max-width: 1024px) 100vw, 1024px\" \/><\/p>\n<p>Su Santidad presidi\u00f3 la sesi\u00f3n de clausura virtualmente desde el Sal\u00f3n Masrur en Islamabad, Tilford, mientras m\u00e1s de 46.000 personas se congregaban en el recinto de la Yalsa en Mendig, Alemania.<\/p>\n<p>Su Santidad pronunci\u00f3 un discurso conmovedor durante la sesi\u00f3n de clausura, en el que destac\u00f3 la veracidad del Mes\u00edas Prometido (la paz sea con \u00e9l) ante el inmenso progreso de la Comunidad Musulmana Ahmad\u00eda a pesar de las adversidades.<\/p>\n<p><img loading=\"lazy\" decoding=\"async\" class=\"size-full wp-image-17435 aligncenter\" src=\"https:\/\/www.ahmadiyya-islam.org\/es\/wp-content\/uploads\/sites\/10\/2025\/09\/20250831_164106-6F85AB5B.avif\" alt=\"\" width=\"1024\" height=\"398\" srcset=\"https:\/\/www.ahmadiyya-islam.org\/es\/wp-content\/uploads\/sites\/10\/2025\/09\/20250831_164106-6F85AB5B.avif 1024w, https:\/\/www.ahmadiyya-islam.org\/es\/wp-content\/uploads\/sites\/10\/2025\/09\/20250831_164106-6F85AB5B-300x117.avif 300w, https:\/\/www.ahmadiyya-islam.org\/es\/wp-content\/uploads\/sites\/10\/2025\/09\/20250831_164106-6F85AB5B-150x58.avif 150w, https:\/\/www.ahmadiyya-islam.org\/es\/wp-content\/uploads\/sites\/10\/2025\/09\/20250831_164106-6F85AB5B-768x299.avif 768w\" sizes=\"auto, (max-width: 1024px) 100vw, 1024px\" \/><\/p>\n<p>Al comenzar su discurso, Hazrat Mirza Masrur Ahmad dijo:<\/p>\n<p>\u201cHoy, los esfuerzos de los musulmanes \u00e1hmadis de todo el mundo para cumplir su juramento de lealtad al Mes\u00edas Prometido (la paz sea con \u00e9l), sacrificando sus vidas, riquezas y tiempo para la propagaci\u00f3n del mensaje del islam, son una prueba clara de que Hazrat Mirza Ghulam Ahmad de Qadian (la paz sea con \u00e9l) es, sin duda, aquel a quien Dios Alt\u00edsimo envi\u00f3 en esta era para el resurgimiento del islam. Sin el apoyo y el socorro de Dios, no habr\u00eda sido posible que personas de todos los rincones del mundo se unieran a su comunidad. Este es un favor especial de Dios, porque \u00c9l mismo prometi\u00f3 que cuando la gente comenzara a olvidar las ense\u00f1anzas del islam, llegar\u00eda un d\u00eda en que Dios suscitar\u00eda a un hombre que, con la ayuda de Dios, transmitir\u00eda el mensaje del islam hasta los confines de la tierra\u201d.<\/p>\n<p><img loading=\"lazy\" decoding=\"async\" class=\"size-full wp-image-17429 aligncenter\" src=\"https:\/\/www.ahmadiyya-islam.org\/es\/wp-content\/uploads\/sites\/10\/2025\/09\/20250831_161239-6CFE28A8-768x512-1.avif\" alt=\"\" width=\"768\" height=\"512\" srcset=\"https:\/\/www.ahmadiyya-islam.org\/es\/wp-content\/uploads\/sites\/10\/2025\/09\/20250831_161239-6CFE28A8-768x512-1.avif 768w, https:\/\/www.ahmadiyya-islam.org\/es\/wp-content\/uploads\/sites\/10\/2025\/09\/20250831_161239-6CFE28A8-768x512-1-300x200.avif 300w, https:\/\/www.ahmadiyya-islam.org\/es\/wp-content\/uploads\/sites\/10\/2025\/09\/20250831_161239-6CFE28A8-768x512-1-150x100.avif 150w\" sizes=\"auto, (max-width: 768px) 100vw, 768px\" \/><\/p>\n<p>Su Santidad habl\u00f3 del momento de la llegada del Mes\u00edas Prometido (la paz sea con \u00e9l), cuando el islam necesitaba urgentemente el cumplimiento de las promesas de Dios para los \u00faltimos d\u00edas, como predijo el Santo Profeta Muhammad (la paz y las bendiciones sean con \u00e9l).<\/p>\n<p>Hazrat Mirza Masrur Ahmad dijo:<\/p>\n<p>\u201cCuando lleg\u00f3 el Mes\u00edas Prometido (la paz sea con \u00e9l), toda persona que albergaba un profundo inter\u00e9s por el islam oraba para que Dios Alt\u00edsimo enviara a alguien que rescatara el barco del islam, que se hund\u00eda, del remolino en el que se encontraba, para que sus ense\u00f1anzas pudieran prevalecer de nuevo y su hermoso y radiante mensaje se manifestara al mundo\u201d.<\/p>\n<p><img loading=\"lazy\" decoding=\"async\" class=\"size-full wp-image-17428 aligncenter\" src=\"https:\/\/www.ahmadiyya-islam.org\/es\/wp-content\/uploads\/sites\/10\/2025\/09\/20250831_160448-E32415C0-768x546-1.avif\" alt=\"\" width=\"768\" height=\"546\" srcset=\"https:\/\/www.ahmadiyya-islam.org\/es\/wp-content\/uploads\/sites\/10\/2025\/09\/20250831_160448-E32415C0-768x546-1.avif 768w, https:\/\/www.ahmadiyya-islam.org\/es\/wp-content\/uploads\/sites\/10\/2025\/09\/20250831_160448-E32415C0-768x546-1-300x213.avif 300w, https:\/\/www.ahmadiyya-islam.org\/es\/wp-content\/uploads\/sites\/10\/2025\/09\/20250831_160448-E32415C0-768x546-1-150x107.avif 150w\" sizes=\"auto, (max-width: 768px) 100vw, 768px\" \/><\/p>\n<p>Hazrat Mirza Masrur Ahmad continu\u00f3 diciendo:<\/p>\n<p>\u201cSi analizamos la historia, encontramos que nadie se preocup\u00f3 m\u00e1s por esto que Hazrat Mirza Ghulam Ahmad de Qadian (la paz sea con \u00e9l), quien tambi\u00e9n particip\u00f3 en esfuerzos pr\u00e1cticos por esta causa. Sent\u00eda una profunda preocupaci\u00f3n, como si un fuego ardiera en su interior, por c\u00f3mo podr\u00eda esforzarse por difundir el hermoso mensaje de Dios y las nobles ense\u00f1anzas del Santo Profeta Muhammad (la paz y las bendiciones sean con \u00e9l) al mundo. Anhelaba informar a la humanidad y proclamar que hoy, si existe alguna religi\u00f3n que pueda acercarnos a Dios y otorgarnos el verdadero conocimiento de \u00c9l, es solo el islam\u201d.<\/p>\n<p>Su Santidad dijo que el Mes\u00edas Prometido (la paz sea con \u00e9l) escribi\u00f3 el libro Barahin-e-Ahmad\u00eda en una \u00e9poca en la que el islam se enfrentaba a feroces cr\u00edticas y ataques, y muchos musulmanes estaban abandonando la fe. Los eruditos elogiaron el libro como una obra inigualable en defensa del islam. Esto reflejaba su profundo amor por el islam y el Santo Profeta (la paz y las bendiciones sean con \u00e9l), y su deseo de demostrar que solo el islam es la religi\u00f3n verdadera y completa revelada por Dios.<\/p>\n<p>Su Santidad afirm\u00f3 que el resurgimiento del islam lo traer\u00eda el Mes\u00edas Prometido (la paz sea con \u00e9l).<\/p>\n<p><img loading=\"lazy\" decoding=\"async\" class=\"size-full wp-image-17430 aligncenter\" src=\"https:\/\/www.ahmadiyya-islam.org\/es\/wp-content\/uploads\/sites\/10\/2025\/09\/20250831_162522-0990B0CD-768x344-1.avif\" alt=\"\" width=\"768\" height=\"344\" srcset=\"https:\/\/www.ahmadiyya-islam.org\/es\/wp-content\/uploads\/sites\/10\/2025\/09\/20250831_162522-0990B0CD-768x344-1.avif 768w, https:\/\/www.ahmadiyya-islam.org\/es\/wp-content\/uploads\/sites\/10\/2025\/09\/20250831_162522-0990B0CD-768x344-1-300x134.avif 300w, https:\/\/www.ahmadiyya-islam.org\/es\/wp-content\/uploads\/sites\/10\/2025\/09\/20250831_162522-0990B0CD-768x344-1-150x67.avif 150w\" sizes=\"auto, (max-width: 768px) 100vw, 768px\" \/><\/p>\n<p>Hazrat Mirza Masrur Ahmad dijo:<\/p>\n<p>\u201cA trav\u00e9s del Mes\u00edas Prometido (la paz sea con \u00e9l), se puso en marcha el verdadero renacimiento espiritual, pues de lo contrario, el mundo estaba destinado a la muerte espiritual. Hoy en d\u00eda, vemos que la gente est\u00e1 tan inmersa en el materialismo que la espiritualidad pr\u00e1cticamente ha desaparecido y la religi\u00f3n es objeto de burla. En estos tiempos, es deber de todo musulm\u00e1n ahmad\u00ed que ha hecho el juramento de lealtad cumplirlo con el m\u00e1ximo esfuerzo. Nuestras acciones deben reflejar obediencia a Dios y a sus ense\u00f1anzas. Debemos esforzarnos por elevar nuestros est\u00e1ndares de adoraci\u00f3n para que se conviertan en un medio para alcanzar Su complacencia. Solo entonces nos beneficiaremos verdaderamente de las bendiciones del juramento de lealtad hecho por el Mes\u00edas Prometido (la paz sea con \u00e9l) y participaremos de las bendiciones divinas destinadas a trav\u00e9s de nuestra conexi\u00f3n con \u00e9l\u201d.<\/p>\n<p><img loading=\"lazy\" decoding=\"async\" class=\"size-full wp-image-17431 aligncenter\" src=\"https:\/\/www.ahmadiyya-islam.org\/es\/wp-content\/uploads\/sites\/10\/2025\/09\/20250831_163025-3E80730F-768x366-1.avif\" alt=\"\" width=\"768\" height=\"366\" srcset=\"https:\/\/www.ahmadiyya-islam.org\/es\/wp-content\/uploads\/sites\/10\/2025\/09\/20250831_163025-3E80730F-768x366-1.avif 768w, https:\/\/www.ahmadiyya-islam.org\/es\/wp-content\/uploads\/sites\/10\/2025\/09\/20250831_163025-3E80730F-768x366-1-300x143.avif 300w, https:\/\/www.ahmadiyya-islam.org\/es\/wp-content\/uploads\/sites\/10\/2025\/09\/20250831_163025-3E80730F-768x366-1-150x71.avif 150w, https:\/\/www.ahmadiyya-islam.org\/es\/wp-content\/uploads\/sites\/10\/2025\/09\/20250831_163025-3E80730F-768x366-1-500x238.avif 500w\" sizes=\"auto, (max-width: 768px) 100vw, 768px\" \/><\/p>\n<p>Hazrat Mirza Masrur Ahmad declar\u00f3, adem\u00e1s:<\/p>\n<p>\u201cEl Mes\u00edas Prometido (la paz sea con \u00e9l) proclam\u00f3 claramente que hab\u00eda sido divinamente designado y llam\u00f3 a la gente a jurarle lealtad. Esta fue una afirmaci\u00f3n que super\u00f3 la capacidad humana, pues ning\u00fan falso pretendiente en la historia vivi\u00f3 una larga vida ni vio florecer a su comunidad. Por la gracia de Dios, la Comunidad Musulmana Ahmad\u00eda contin\u00faa progresando, estando ahora establecida en m\u00e1s de 215 pa\u00edses y naciones del mundo. Este crecimiento se debe \u00fanicamente al apoyo y socorro especiales de Dios. En cambio, los falsos pretendientes fueron capturados y destruidos por Dios, e incluso aquellos que se opusieron al Mes\u00edas Prometido (la paz sea con \u00e9l) fueron finalmente reducidos a la nada\u201d. Hablando de la comunidad devota que se le concedi\u00f3 al Mes\u00edas Prometido (la paz sea con \u00e9l), Hazrat Mirza Masrur Ahmad dijo:<\/p>\n<p>\u201cDios concedi\u00f3 una comunidad y provey\u00f3 a un grupo de personas sinceras que no solo hicieron sacrificios, sino que tambi\u00e9n establecieron altos est\u00e1ndares y ofrecieron sus vidas como ofrenda. Y esto contin\u00faa hasta el d\u00eda de hoy. Lo hacen \u00fanicamente para priorizar la religi\u00f3n sobre los asuntos mundanos. Cuando ofrecieron el sacrificio de sus vidas, fue para cumplir la misi\u00f3n del Mes\u00edas Prometido (la paz sea con \u00e9l). Permanecieron firmes en su fe con la promesa que hicieron, comprometi\u00e9ndose a defenderla y a priorizar siempre su religi\u00f3n sobre el mundo\u201d.<\/p>\n<p><img loading=\"lazy\" decoding=\"async\" class=\"size-full wp-image-17433 aligncenter\" src=\"https:\/\/www.ahmadiyya-islam.org\/es\/wp-content\/uploads\/sites\/10\/2025\/09\/20250831_163517-747DB04E-768x398-1.avif\" alt=\"\" width=\"768\" height=\"398\" srcset=\"https:\/\/www.ahmadiyya-islam.org\/es\/wp-content\/uploads\/sites\/10\/2025\/09\/20250831_163517-747DB04E-768x398-1.avif 768w, https:\/\/www.ahmadiyya-islam.org\/es\/wp-content\/uploads\/sites\/10\/2025\/09\/20250831_163517-747DB04E-768x398-1-300x155.avif 300w, https:\/\/www.ahmadiyya-islam.org\/es\/wp-content\/uploads\/sites\/10\/2025\/09\/20250831_163517-747DB04E-768x398-1-150x78.avif 150w\" sizes=\"auto, (max-width: 768px) 100vw, 768px\" \/><\/p>\n<p>Hazrat Mirza Masrur Ahmad a\u00f1adi\u00f3:<\/p>\n<p>\u201cEn el mundo, observamos que dondequiera que los musulmanes ahmad\u00edes se enfrentan al martirio, por la gracia de Dios, esto resulta en una mejor difusi\u00f3n de la Comunidad Musulmana Ahmad\u00eda, y la Comunidad se extiende a\u00fan m\u00e1s. De igual manera, otra se\u00f1al de las comunidades divinas es que cuentan con ayudantes dispuestos a hacer sacrificios econ\u00f3micos. Por lo tanto, observen que hoy, sobre la faz de la tierra, solo los seguidores del Verdadero Siervo del Santo Profeta Muhammad (la paz y las bendiciones sean con \u00e9l) cuya Comunidad contin\u00faa haciendo tales sacrificios\u201d.<\/p>\n<p>Su Santidad tambi\u00e9n afirm\u00f3 que los opositores de la Comunidad Musulmana Ahmad\u00eda exponen su falsedad mediante la violencia y la injusticia, mientras que la Comunidad Musulmana Ahmad\u00eda contin\u00faa difundiendo el verdadero mensaje del islam por todo el mundo. A pesar de la oposici\u00f3n, por la gracia de Dios, la Comunidad crece cada a\u00f1o, con cientos de miles de personas uni\u00e9ndose a ella anualmente.<\/p>\n<p><img loading=\"lazy\" decoding=\"async\" class=\"size-full wp-image-17434 aligncenter\" src=\"https:\/\/www.ahmadiyya-islam.org\/es\/wp-content\/uploads\/sites\/10\/2025\/09\/20250831_163802-F0BB8EA7-768x502-1.avif\" alt=\"\" width=\"768\" height=\"502\" srcset=\"https:\/\/www.ahmadiyya-islam.org\/es\/wp-content\/uploads\/sites\/10\/2025\/09\/20250831_163802-F0BB8EA7-768x502-1.avif 768w, https:\/\/www.ahmadiyya-islam.org\/es\/wp-content\/uploads\/sites\/10\/2025\/09\/20250831_163802-F0BB8EA7-768x502-1-300x196.avif 300w, https:\/\/www.ahmadiyya-islam.org\/es\/wp-content\/uploads\/sites\/10\/2025\/09\/20250831_163802-F0BB8EA7-768x502-1-150x98.avif 150w\" sizes=\"auto, (max-width: 768px) 100vw, 768px\" \/><\/p>\n<p>Recordando a los musulmanes ahmad\u00edes sus responsabilidades, Hazrat Mirza Masrur Ahmad dijo:<\/p>\n<p>\u201cVosotros que hab\u00e9is tenido la fortuna de aceptar al Mes\u00edas Prometido (la paz sea con \u00e9l) en esta \u00e9poca, ten\u00e9is el deber de transmitir este mensaje al mundo: que el Mes\u00edas y Mahdi que estaba por venir ya ha aparecido. Transmitidlo especialmente a los musulmanes, siempre que sea posible. Y en lugares donde no se permite la predicaci\u00f3n abierta, al menos la gente puede orar para que Dios abra los corazones de la gente y les conceda la capacidad de aceptar al Mes\u00edas Prometido\u201d.<\/p>\n<p>Hazrat Mirza Masrur Ahmad afirm\u00f3, adem\u00e1s:<\/p>\n<p>\u201cHoy en d\u00eda, el mundo musulm\u00e1n se enfrenta a un estado de impotencia. A pesar de la riqueza y los recursos, muchas naciones musulmanas est\u00e1n tan absortas en las ocupaciones mundanas que siguen siendo vulnerables a las reiteradas injusticias de otros, sin nadie que las defienda verdaderamente. Incluso cuando se habla de guerra o yihad, no hay fuerza que respalde tales afirmaciones. La Comunidad Musulmana Ahmad\u00eda no cree en la violencia. En cambio, afirmamos que el verdadero camino hacia adelante es a trav\u00e9s de la oraci\u00f3n y las acciones rectas, que son las \u00fanicas que pueden transmitir el hermoso mensaje del islam. Si nuestras acciones son virtuosas y buscan complacer a Dios, \u00c9l mismo crear\u00e1 los medios para las victorias del islam y el ahmad\u00edat. Por lo tanto, oramos por todos los musulmanes oprimidos, para que Dios los alivie de toda dificultad, y recordamos a los creyentes que nuestra principal preocupaci\u00f3n debe ser c\u00f3mo complacer a Dios\u201d.<\/p>\n<p><img loading=\"lazy\" decoding=\"async\" class=\"size-full wp-image-17436 aligncenter\" src=\"https:\/\/www.ahmadiyya-islam.org\/es\/wp-content\/uploads\/sites\/10\/2025\/09\/20250831_170543-6C8BC029-768x524-1.avif\" alt=\"\" width=\"768\" height=\"524\" srcset=\"https:\/\/www.ahmadiyya-islam.org\/es\/wp-content\/uploads\/sites\/10\/2025\/09\/20250831_170543-6C8BC029-768x524-1.avif 768w, https:\/\/www.ahmadiyya-islam.org\/es\/wp-content\/uploads\/sites\/10\/2025\/09\/20250831_170543-6C8BC029-768x524-1-300x205.avif 300w, https:\/\/www.ahmadiyya-islam.org\/es\/wp-content\/uploads\/sites\/10\/2025\/09\/20250831_170543-6C8BC029-768x524-1-150x102.avif 150w\" sizes=\"auto, (max-width: 768px) 100vw, 768px\" \/><\/p>\n<p>Hazrat Mirza Masrur Ahmad concluy\u00f3 su discurso diciendo:<\/p>\n<p>\u201cComo dijo el Mes\u00edas Prometido (la paz sea con \u00e9l), nuestras armas para la victoria son nuestras oraciones. Debemos prestar gran atenci\u00f3n a las oraciones, pues solo cuando nos volvamos sinceramente hacia ellas, Dios nos conceder\u00e1 el \u00e9xito. De igual manera, nos ense\u00f1\u00f3 a esforzarnos por adquirir conocimiento religioso, a cumplir con los derechos de Dios y a establecer la regularidad en las oraciones diarias. Si nos esforzamos en todos estos aspectos, Dios nos har\u00e1 herederos de Sus bendiciones. Que Dios nos permita a todos cumplir con estos deberes y ser testigos del continuo progreso de la Comunidad Musulmana Ahmad\u00eda durante nuestras vidas\u201d.<\/p>\n<p><img loading=\"lazy\" decoding=\"async\" class=\"size-full wp-image-17437 aligncenter\" src=\"https:\/\/www.ahmadiyya-islam.org\/es\/wp-content\/uploads\/sites\/10\/2025\/09\/20250831_170841-0F10C94D-768x448-1.avif\" alt=\"\" width=\"768\" height=\"448\" srcset=\"https:\/\/www.ahmadiyya-islam.org\/es\/wp-content\/uploads\/sites\/10\/2025\/09\/20250831_170841-0F10C94D-768x448-1.avif 768w, https:\/\/www.ahmadiyya-islam.org\/es\/wp-content\/uploads\/sites\/10\/2025\/09\/20250831_170841-0F10C94D-768x448-1-300x175.avif 300w, https:\/\/www.ahmadiyya-islam.org\/es\/wp-content\/uploads\/sites\/10\/2025\/09\/20250831_170841-0F10C94D-768x448-1-150x88.avif 150w\" sizes=\"auto, (max-width: 768px) 100vw, 768px\" \/><\/p>\n","protected":false},"excerpt":{"rendered":"<p>El Yalsa Salana Alemania 2025 concluye con un discurso inspirador M\u00e1s de 46.000 personas de todo el mundo asisten a una convenci\u00f3n religiosa de tres d\u00edas en Mendig. El 31 de agosto de 2025, el Jalifa V del Mes\u00edas, Hazrat Mirza Masrur Ahmad, concluy\u00f3 la 49\u00aa Convenci\u00f3n Anual (Yalsa Salana) de la Comunidad Musulmana Ahmad\u00eda<\/p>\n","protected":false},"author":35,"featured_media":17428,"comment_status":"closed","ping_status":"closed","sticky":false,"template":"","format":"standard","meta":{"_acf_changed":false,"footnotes":""},"categories":[1],"tags":[27,443],"authors":[],"content_source":[],"class_list":["post-17424","post","type-post","status-publish","format-standard","has-post-thumbnail","hentry","category-comunicados-de-prensa","tag-alemania","tag-yalsa","topics-alemania","topics-yalsa-salana"],"acf":[],"yoast_head":"<!-- This site is optimized with the Yoast SEO Premium plugin v21.1 (Yoast SEO v27.4) - https:\/\/yoast.com\/product\/yoast-seo-premium-wordpress\/ -->\n<title>Jalsa Salana Alemania 2025 concluye con un discurso inspirador - Oficina de Prensa y Medios<\/title>\n<meta name=\"description\" content=\"M\u00e1s de 46.000 personas de todo el mundo asisten a una convenci\u00f3n religiosa de tres d\u00edas en Mendig.\" \/>\n<meta name=\"robots\" content=\"index, follow, max-snippet:-1, max-image-preview:large, max-video-preview:-1\" \/>\n<link rel=\"canonical\" href=\"https:\/\/www.ahmadiyya-islam.org\/es\/comunicados-de-prensa\/jalsa-salana-alemania-2025-concluye-con-un-discurso-inspirador-oficina-de-prensa-y-medios\/\" \/>\n<meta property=\"og:locale\" content=\"es_ES\" \/>\n<meta property=\"og:type\" content=\"article\" \/>\n<meta property=\"og:title\" content=\"Jalsa Salana Alemania 2025 concluye con un discurso inspirador - Oficina de Prensa y Medios\" \/>\n<meta property=\"og:description\" content=\"M\u00e1s de 46.000 personas de todo el mundo asisten a una convenci\u00f3n religiosa de tres d\u00edas en Mendig.\" \/>\n<meta property=\"og:url\" content=\"https:\/\/www.ahmadiyya-islam.org\/es\/comunicados-de-prensa\/jalsa-salana-alemania-2025-concluye-con-un-discurso-inspirador-oficina-de-prensa-y-medios\/\" \/>\n<meta property=\"og:site_name\" content=\"Comunidad Musulmana Ahmad\u00eda\" \/>\n<meta property=\"article:published_time\" content=\"2025-09-05T10:50:52+00:00\" \/>\n<meta property=\"article:modified_time\" content=\"2025-10-07T10:43:13+00:00\" \/>\n<meta property=\"og:image\" content=\"https:\/\/www.ahmadiyya-islam.org\/es\/wp-content\/uploads\/sites\/10\/2019\/02\/ahmadiyya.png\" \/>\n\t<meta property=\"og:image:width\" content=\"917\" \/>\n\t<meta property=\"og:image:height\" content=\"410\" \/>\n\t<meta property=\"og:image:type\" content=\"image\/png\" \/>\n<meta name=\"author\" content=\"es3awaljalil\" \/>\n<meta name=\"twitter:card\" content=\"summary_large_image\" \/>\n<meta name=\"twitter:label1\" content=\"Written by\" \/>\n\t<meta name=\"twitter:data1\" content=\"es3awaljalil\" \/>\n\t<meta name=\"twitter:label2\" content=\"Est. reading time\" \/>\n\t<meta name=\"twitter:data2\" content=\"10 minutes\" \/>\n<script type=\"application\/ld+json\" class=\"yoast-schema-graph\">{\"@context\":\"https:\\\/\\\/schema.org\",\"@graph\":[{\"@type\":\"Article\",\"@id\":\"https:\\\/\\\/www.ahmadiyya-islam.org\\\/es\\\/comunicados-de-prensa\\\/jalsa-salana-alemania-2025-concluye-con-un-discurso-inspirador-oficina-de-prensa-y-medios\\\/#article\",\"isPartOf\":{\"@id\":\"https:\\\/\\\/www.ahmadiyya-islam.org\\\/es\\\/comunicados-de-prensa\\\/jalsa-salana-alemania-2025-concluye-con-un-discurso-inspirador-oficina-de-prensa-y-medios\\\/\"},\"author\":{\"name\":\"es3awaljalil\",\"@id\":\"https:\\\/\\\/www.ahmadiyya-islam.org\\\/es\\\/#\\\/schema\\\/person\\\/bbef07e2c3ccf919ce692a65f234abef\"},\"headline\":\"Jalsa Salana Alemania 2025 concluye con un discurso inspirador &#8211; Oficina de Prensa y Medios\",\"datePublished\":\"2025-09-05T10:50:52+00:00\",\"dateModified\":\"2025-10-07T10:43:13+00:00\",\"mainEntityOfPage\":{\"@id\":\"https:\\\/\\\/www.ahmadiyya-islam.org\\\/es\\\/comunicados-de-prensa\\\/jalsa-salana-alemania-2025-concluye-con-un-discurso-inspirador-oficina-de-prensa-y-medios\\\/\"},\"wordCount\":1645,\"publisher\":{\"@id\":\"https:\\\/\\\/www.ahmadiyya-islam.org\\\/es\\\/#organization\"},\"image\":{\"@id\":\"https:\\\/\\\/www.ahmadiyya-islam.org\\\/es\\\/comunicados-de-prensa\\\/jalsa-salana-alemania-2025-concluye-con-un-discurso-inspirador-oficina-de-prensa-y-medios\\\/#primaryimage\"},\"thumbnailUrl\":\"https:\\\/\\\/www.ahmadiyya-islam.org\\\/es\\\/wp-content\\\/uploads\\\/sites\\\/10\\\/2025\\\/09\\\/20250831_160448-E32415C0-768x546-1.avif\",\"keywords\":[\"Alemania\",\"yalsa\"],\"articleSection\":[\"Comunicados de prensa\"],\"inLanguage\":\"es-ES\"},{\"@type\":\"WebPage\",\"@id\":\"https:\\\/\\\/www.ahmadiyya-islam.org\\\/es\\\/comunicados-de-prensa\\\/jalsa-salana-alemania-2025-concluye-con-un-discurso-inspirador-oficina-de-prensa-y-medios\\\/\",\"url\":\"https:\\\/\\\/www.ahmadiyya-islam.org\\\/es\\\/comunicados-de-prensa\\\/jalsa-salana-alemania-2025-concluye-con-un-discurso-inspirador-oficina-de-prensa-y-medios\\\/\",\"name\":\"Jalsa Salana Alemania 2025 concluye con un discurso inspirador - Oficina de Prensa y Medios\",\"isPartOf\":{\"@id\":\"https:\\\/\\\/www.ahmadiyya-islam.org\\\/es\\\/#website\"},\"primaryImageOfPage\":{\"@id\":\"https:\\\/\\\/www.ahmadiyya-islam.org\\\/es\\\/comunicados-de-prensa\\\/jalsa-salana-alemania-2025-concluye-con-un-discurso-inspirador-oficina-de-prensa-y-medios\\\/#primaryimage\"},\"image\":{\"@id\":\"https:\\\/\\\/www.ahmadiyya-islam.org\\\/es\\\/comunicados-de-prensa\\\/jalsa-salana-alemania-2025-concluye-con-un-discurso-inspirador-oficina-de-prensa-y-medios\\\/#primaryimage\"},\"thumbnailUrl\":\"https:\\\/\\\/www.ahmadiyya-islam.org\\\/es\\\/wp-content\\\/uploads\\\/sites\\\/10\\\/2025\\\/09\\\/20250831_160448-E32415C0-768x546-1.avif\",\"datePublished\":\"2025-09-05T10:50:52+00:00\",\"dateModified\":\"2025-10-07T10:43:13+00:00\",\"description\":\"M\u00e1s de 46.000 personas de todo el mundo asisten a una convenci\u00f3n religiosa de tres d\u00edas en Mendig.\",\"breadcrumb\":{\"@id\":\"https:\\\/\\\/www.ahmadiyya-islam.org\\\/es\\\/comunicados-de-prensa\\\/jalsa-salana-alemania-2025-concluye-con-un-discurso-inspirador-oficina-de-prensa-y-medios\\\/#breadcrumb\"},\"inLanguage\":\"es-ES\",\"potentialAction\":[{\"@type\":\"ReadAction\",\"target\":[\"https:\\\/\\\/www.ahmadiyya-islam.org\\\/es\\\/comunicados-de-prensa\\\/jalsa-salana-alemania-2025-concluye-con-un-discurso-inspirador-oficina-de-prensa-y-medios\\\/\"]}]},{\"@type\":\"ImageObject\",\"inLanguage\":\"es-ES\",\"@id\":\"https:\\\/\\\/www.ahmadiyya-islam.org\\\/es\\\/comunicados-de-prensa\\\/jalsa-salana-alemania-2025-concluye-con-un-discurso-inspirador-oficina-de-prensa-y-medios\\\/#primaryimage\",\"url\":\"https:\\\/\\\/www.ahmadiyya-islam.org\\\/es\\\/wp-content\\\/uploads\\\/sites\\\/10\\\/2025\\\/09\\\/20250831_160448-E32415C0-768x546-1.avif\",\"contentUrl\":\"https:\\\/\\\/www.ahmadiyya-islam.org\\\/es\\\/wp-content\\\/uploads\\\/sites\\\/10\\\/2025\\\/09\\\/20250831_160448-E32415C0-768x546-1.avif\",\"width\":768,\"height\":546},{\"@type\":\"BreadcrumbList\",\"@id\":\"https:\\\/\\\/www.ahmadiyya-islam.org\\\/es\\\/comunicados-de-prensa\\\/jalsa-salana-alemania-2025-concluye-con-un-discurso-inspirador-oficina-de-prensa-y-medios\\\/#breadcrumb\",\"itemListElement\":[{\"@type\":\"ListItem\",\"position\":1,\"name\":\"Home\",\"item\":\"https:\\\/\\\/www.ahmadiyya-islam.org\\\/es\\\/\"},{\"@type\":\"ListItem\",\"position\":2,\"name\":\"Jalsa Salana Alemania 2025 concluye con un discurso inspirador - Oficina de Prensa y Medios\"}]},{\"@type\":\"WebSite\",\"@id\":\"https:\\\/\\\/www.ahmadiyya-islam.org\\\/es\\\/#website\",\"url\":\"https:\\\/\\\/www.ahmadiyya-islam.org\\\/es\\\/\",\"name\":\"Comunidad Musulmana Ahmad\u00eda\",\"description\":\"Internacional\",\"publisher\":{\"@id\":\"https:\\\/\\\/www.ahmadiyya-islam.org\\\/es\\\/#organization\"},\"potentialAction\":[{\"@type\":\"SearchAction\",\"target\":{\"@type\":\"EntryPoint\",\"urlTemplate\":\"https:\\\/\\\/www.ahmadiyya-islam.org\\\/es\\\/?s={search_term_string}\"},\"query-input\":{\"@type\":\"PropertyValueSpecification\",\"valueRequired\":true,\"valueName\":\"search_term_string\"}}],\"inLanguage\":\"es-ES\"},{\"@type\":\"Organization\",\"@id\":\"https:\\\/\\\/www.ahmadiyya-islam.org\\\/es\\\/#organization\",\"name\":\"Comunidad Musulmana Ahmad\u00eda\",\"url\":\"https:\\\/\\\/www.ahmadiyya-islam.org\\\/es\\\/\",\"logo\":{\"@type\":\"ImageObject\",\"inLanguage\":\"es-ES\",\"@id\":\"https:\\\/\\\/www.ahmadiyya-islam.org\\\/es\\\/#\\\/schema\\\/logo\\\/image\\\/\",\"url\":\"https:\\\/\\\/www.ahmadiyya-islam.org\\\/es\\\/wp-content\\\/uploads\\\/sites\\\/10\\\/2015\\\/06\\\/alislam-logo.png\",\"contentUrl\":\"https:\\\/\\\/www.ahmadiyya-islam.org\\\/es\\\/wp-content\\\/uploads\\\/sites\\\/10\\\/2015\\\/06\\\/alislam-logo.png\",\"width\":1859,\"height\":1859,\"caption\":\"Comunidad Musulmana Ahmad\u00eda\"},\"image\":{\"@id\":\"https:\\\/\\\/www.ahmadiyya-islam.org\\\/es\\\/#\\\/schema\\\/logo\\\/image\\\/\"}},{\"@type\":\"Person\",\"@id\":\"https:\\\/\\\/www.ahmadiyya-islam.org\\\/es\\\/#\\\/schema\\\/person\\\/bbef07e2c3ccf919ce692a65f234abef\",\"name\":\"es3awaljalil\"}]}<\/script>\n<!-- \/ Yoast SEO Premium plugin. -->","yoast_head_json":{"title":"Jalsa Salana Alemania 2025 concluye con un discurso inspirador - Oficina de Prensa y Medios","description":"M\u00e1s de 46.000 personas de todo el mundo asisten a una convenci\u00f3n religiosa de tres d\u00edas en Mendig.","robots":{"index":"index","follow":"follow","max-snippet":"max-snippet:-1","max-image-preview":"max-image-preview:large","max-video-preview":"max-video-preview:-1"},"canonical":"https:\/\/www.ahmadiyya-islam.org\/es\/comunicados-de-prensa\/jalsa-salana-alemania-2025-concluye-con-un-discurso-inspirador-oficina-de-prensa-y-medios\/","og_locale":"es_ES","og_type":"article","og_title":"Jalsa Salana Alemania 2025 concluye con un discurso inspirador - Oficina de Prensa y Medios","og_description":"M\u00e1s de 46.000 personas de todo el mundo asisten a una convenci\u00f3n religiosa de tres d\u00edas en Mendig.","og_url":"https:\/\/www.ahmadiyya-islam.org\/es\/comunicados-de-prensa\/jalsa-salana-alemania-2025-concluye-con-un-discurso-inspirador-oficina-de-prensa-y-medios\/","og_site_name":"Comunidad Musulmana Ahmad\u00eda","article_published_time":"2025-09-05T10:50:52+00:00","article_modified_time":"2025-10-07T10:43:13+00:00","og_image":[{"width":917,"height":410,"url":"https:\/\/www.ahmadiyya-islam.org\/es\/wp-content\/uploads\/sites\/10\/2019\/02\/ahmadiyya.png","type":"image\/png"}],"author":"es3awaljalil","twitter_card":"summary_large_image","twitter_misc":{"Written by":"es3awaljalil","Est. reading time":"10 minutes"},"schema":{"@context":"https:\/\/schema.org","@graph":[{"@type":"Article","@id":"https:\/\/www.ahmadiyya-islam.org\/es\/comunicados-de-prensa\/jalsa-salana-alemania-2025-concluye-con-un-discurso-inspirador-oficina-de-prensa-y-medios\/#article","isPartOf":{"@id":"https:\/\/www.ahmadiyya-islam.org\/es\/comunicados-de-prensa\/jalsa-salana-alemania-2025-concluye-con-un-discurso-inspirador-oficina-de-prensa-y-medios\/"},"author":{"name":"es3awaljalil","@id":"https:\/\/www.ahmadiyya-islam.org\/es\/#\/schema\/person\/bbef07e2c3ccf919ce692a65f234abef"},"headline":"Jalsa Salana Alemania 2025 concluye con un discurso inspirador &#8211; Oficina de Prensa y Medios","datePublished":"2025-09-05T10:50:52+00:00","dateModified":"2025-10-07T10:43:13+00:00","mainEntityOfPage":{"@id":"https:\/\/www.ahmadiyya-islam.org\/es\/comunicados-de-prensa\/jalsa-salana-alemania-2025-concluye-con-un-discurso-inspirador-oficina-de-prensa-y-medios\/"},"wordCount":1645,"publisher":{"@id":"https:\/\/www.ahmadiyya-islam.org\/es\/#organization"},"image":{"@id":"https:\/\/www.ahmadiyya-islam.org\/es\/comunicados-de-prensa\/jalsa-salana-alemania-2025-concluye-con-un-discurso-inspirador-oficina-de-prensa-y-medios\/#primaryimage"},"thumbnailUrl":"https:\/\/www.ahmadiyya-islam.org\/es\/wp-content\/uploads\/sites\/10\/2025\/09\/20250831_160448-E32415C0-768x546-1.avif","keywords":["Alemania","yalsa"],"articleSection":["Comunicados de prensa"],"inLanguage":"es-ES"},{"@type":"WebPage","@id":"https:\/\/www.ahmadiyya-islam.org\/es\/comunicados-de-prensa\/jalsa-salana-alemania-2025-concluye-con-un-discurso-inspirador-oficina-de-prensa-y-medios\/","url":"https:\/\/www.ahmadiyya-islam.org\/es\/comunicados-de-prensa\/jalsa-salana-alemania-2025-concluye-con-un-discurso-inspirador-oficina-de-prensa-y-medios\/","name":"Jalsa Salana Alemania 2025 concluye con un discurso inspirador - Oficina de Prensa y Medios","isPartOf":{"@id":"https:\/\/www.ahmadiyya-islam.org\/es\/#website"},"primaryImageOfPage":{"@id":"https:\/\/www.ahmadiyya-islam.org\/es\/comunicados-de-prensa\/jalsa-salana-alemania-2025-concluye-con-un-discurso-inspirador-oficina-de-prensa-y-medios\/#primaryimage"},"image":{"@id":"https:\/\/www.ahmadiyya-islam.org\/es\/comunicados-de-prensa\/jalsa-salana-alemania-2025-concluye-con-un-discurso-inspirador-oficina-de-prensa-y-medios\/#primaryimage"},"thumbnailUrl":"https:\/\/www.ahmadiyya-islam.org\/es\/wp-content\/uploads\/sites\/10\/2025\/09\/20250831_160448-E32415C0-768x546-1.avif","datePublished":"2025-09-05T10:50:52+00:00","dateModified":"2025-10-07T10:43:13+00:00","description":"M\u00e1s de 46.000 personas de todo el mundo asisten a una convenci\u00f3n religiosa de tres d\u00edas en Mendig.","breadcrumb":{"@id":"https:\/\/www.ahmadiyya-islam.org\/es\/comunicados-de-prensa\/jalsa-salana-alemania-2025-concluye-con-un-discurso-inspirador-oficina-de-prensa-y-medios\/#breadcrumb"},"inLanguage":"es-ES","potentialAction":[{"@type":"ReadAction","target":["https:\/\/www.ahmadiyya-islam.org\/es\/comunicados-de-prensa\/jalsa-salana-alemania-2025-concluye-con-un-discurso-inspirador-oficina-de-prensa-y-medios\/"]}]},{"@type":"ImageObject","inLanguage":"es-ES","@id":"https:\/\/www.ahmadiyya-islam.org\/es\/comunicados-de-prensa\/jalsa-salana-alemania-2025-concluye-con-un-discurso-inspirador-oficina-de-prensa-y-medios\/#primaryimage","url":"https:\/\/www.ahmadiyya-islam.org\/es\/wp-content\/uploads\/sites\/10\/2025\/09\/20250831_160448-E32415C0-768x546-1.avif","contentUrl":"https:\/\/www.ahmadiyya-islam.org\/es\/wp-content\/uploads\/sites\/10\/2025\/09\/20250831_160448-E32415C0-768x546-1.avif","width":768,"height":546},{"@type":"BreadcrumbList","@id":"https:\/\/www.ahmadiyya-islam.org\/es\/comunicados-de-prensa\/jalsa-salana-alemania-2025-concluye-con-un-discurso-inspirador-oficina-de-prensa-y-medios\/#breadcrumb","itemListElement":[{"@type":"ListItem","position":1,"name":"Home","item":"https:\/\/www.ahmadiyya-islam.org\/es\/"},{"@type":"ListItem","position":2,"name":"Jalsa Salana Alemania 2025 concluye con un discurso inspirador - Oficina de Prensa y Medios"}]},{"@type":"WebSite","@id":"https:\/\/www.ahmadiyya-islam.org\/es\/#website","url":"https:\/\/www.ahmadiyya-islam.org\/es\/","name":"Comunidad Musulmana Ahmad\u00eda","description":"Internacional","publisher":{"@id":"https:\/\/www.ahmadiyya-islam.org\/es\/#organization"},"potentialAction":[{"@type":"SearchAction","target":{"@type":"EntryPoint","urlTemplate":"https:\/\/www.ahmadiyya-islam.org\/es\/?s={search_term_string}"},"query-input":{"@type":"PropertyValueSpecification","valueRequired":true,"valueName":"search_term_string"}}],"inLanguage":"es-ES"},{"@type":"Organization","@id":"https:\/\/www.ahmadiyya-islam.org\/es\/#organization","name":"Comunidad Musulmana Ahmad\u00eda","url":"https:\/\/www.ahmadiyya-islam.org\/es\/","logo":{"@type":"ImageObject","inLanguage":"es-ES","@id":"https:\/\/www.ahmadiyya-islam.org\/es\/#\/schema\/logo\/image\/","url":"https:\/\/www.ahmadiyya-islam.org\/es\/wp-content\/uploads\/sites\/10\/2015\/06\/alislam-logo.png","contentUrl":"https:\/\/www.ahmadiyya-islam.org\/es\/wp-content\/uploads\/sites\/10\/2015\/06\/alislam-logo.png","width":1859,"height":1859,"caption":"Comunidad Musulmana Ahmad\u00eda"},"image":{"@id":"https:\/\/www.ahmadiyya-islam.org\/es\/#\/schema\/logo\/image\/"}},{"@type":"Person","@id":"https:\/\/www.ahmadiyya-islam.org\/es\/#\/schema\/person\/bbef07e2c3ccf919ce692a65f234abef","name":"es3awaljalil"}]}},"_links":{"self":[{"href":"https:\/\/www.ahmadiyya-islam.org\/es\/wp-json\/wp\/v2\/posts\/17424","targetHints":{"allow":["GET"]}}],"collection":[{"href":"https:\/\/www.ahmadiyya-islam.org\/es\/wp-json\/wp\/v2\/posts"}],"about":[{"href":"https:\/\/www.ahmadiyya-islam.org\/es\/wp-json\/wp\/v2\/types\/post"}],"author":[{"embeddable":true,"href":"https:\/\/www.ahmadiyya-islam.org\/es\/wp-json\/wp\/v2\/users\/35"}],"replies":[{"embeddable":true,"href":"https:\/\/www.ahmadiyya-islam.org\/es\/wp-json\/wp\/v2\/comments?post=17424"}],"version-history":[{"count":1,"href":"https:\/\/www.ahmadiyya-islam.org\/es\/wp-json\/wp\/v2\/posts\/17424\/revisions"}],"predecessor-version":[{"id":17439,"href":"https:\/\/www.ahmadiyya-islam.org\/es\/wp-json\/wp\/v2\/posts\/17424\/revisions\/17439"}],"wp:featuredmedia":[{"embeddable":true,"href":"https:\/\/www.ahmadiyya-islam.org\/es\/wp-json\/wp\/v2\/media\/17428"}],"wp:attachment":[{"href":"https:\/\/www.ahmadiyya-islam.org\/es\/wp-json\/wp\/v2\/media?parent=17424"}],"wp:term":[{"taxonomy":"category","embeddable":true,"href":"https:\/\/www.ahmadiyya-islam.org\/es\/wp-json\/wp\/v2\/categories?post=17424"},{"taxonomy":"post_tag","embeddable":true,"href":"https:\/\/www.ahmadiyya-islam.org\/es\/wp-json\/wp\/v2\/tags?post=17424"},{"taxonomy":"authors","embeddable":true,"href":"https:\/\/www.ahmadiyya-islam.org\/es\/wp-json\/wp\/v2\/authors?post=17424"},{"taxonomy":"content_source","embeddable":true,"href":"https:\/\/www.ahmadiyya-islam.org\/es\/wp-json\/wp\/v2\/content_source?post=17424"}],"curies":[{"name":"wp","href":"https:\/\/api.w.org\/{rel}","templated":true}]}}