{"id":174,"date":"2015-03-02T10:29:48","date_gmt":"2015-03-02T10:29:48","guid":{"rendered":"http:\/\/www.ahmadiyya-islam.org\/es\/?p=174"},"modified":"2015-08-06T18:13:24","modified_gmt":"2015-08-06T18:13:24","slug":"el-lider-de-la-comunidad-musulmana-ahmadia-habla-sobre-la-veracidad-del-mesias-prometido-la-paz-sea-con-el","status":"publish","type":"post","link":"https:\/\/www.ahmadiyya-islam.org\/es\/comunicados-de-prensa\/el-lider-de-la-comunidad-musulmana-ahmadia-habla-sobre-la-veracidad-del-mesias-prometido-la-paz-sea-con-el\/","title":{"rendered":"El l\u00edder de la Comunidad musulmana Ahmad\u00eda habla sobre la veracidad del Mes\u00edas Prometido (la paz sea con \u00e9l)"},"content":{"rendered":"<p><strong>Hazrat Mirza Masrur Ahmad cit\u00f3 numerosas an\u00e9cdotas sobre la vida del fundador de la Comunidad musulmana Ahmad\u00eda<\/strong><\/p>\n<p>Durante su serm\u00f3n semanal del viernes, dirigido desde la mezquita de Baitul Futuh en Londres el 27 de febrero de 2015, el l\u00edder de la Comunidad musulmana Ahmad\u00eda, el Quinto Jalifa, Su Santidad, Hazrat Mirza Masrur Ahmad, cit\u00f3 numerosas an\u00e9cdotas sobre la vida del fundador de la Comunidad musulmana Ahmad\u00eda, Su Santidad Hazrat Mirza Ghulam Ahmad, el Mes\u00edas Prometido (la paz sea con \u00e9l), exponiendo la veracidad de su declaraci\u00f3n.<\/p>\n<p>Hazrat Mirza Masrur Ahmad mencion\u00f3 una an\u00e9cdota en la que una persona sugiri\u00f3 al Mes\u00edas Prometido (la paz sea con \u00e9l) que deb\u00eda presentar su declaraci\u00f3n a los cl\u00e9rigos que se le opon\u00edan de una manera distinta. En respuesta, el Mes\u00edas Prometido (la paz sea con \u00e9l) dijo:<\/p>\n<blockquote><p><strong>\u201cSi mi declaraci\u00f3n fuera inventada, hubiese seguido tu consejo. Sin embargo, mi declaraci\u00f3n es divina y por ello act\u00fao seg\u00fan las instrucciones de Dios.\u201d<\/strong><\/p><\/blockquote>\n<p>Hazrat Mirza Masrur Ahmad relat\u00f3 un incidente en el que expuso la naturaleza generosa y piadosa del Mes\u00edas Prometido (la paz sea con \u00e9l). En una ocasi\u00f3n las autoridades apresaron a algunos de sus oponentes y el magistrado dijo que el caso s\u00f3lo de anular\u00eda si el Mes\u00edas Prometido (la paz sea con \u00e9l) perdonaba al acusado. El acusado acudi\u00f3 al Mes\u00edas Prometido (la paz sea con \u00e9l) sin demora para pedir su perd\u00f3n y poder salvarse, a lo cual se lo concedi\u00f3 inmediatamente. Cuando le preguntaron por qu\u00e9 lo hab\u00eda hecho, el Mes\u00edas Prometido (la paz sea con \u00e9l) respondi\u00f3:<\/p>\n<blockquote><p><strong>\u201c\u00bfC\u00f3mo puedo rechazarles si est\u00e1n buscando el perd\u00f3n?\u201d<\/strong><\/p><\/blockquote>\n<p>En relaci\u00f3n a esto, el magistrado tambi\u00e9n dijo que sab\u00eda que el Mes\u00edas Prometido (la paz sea con \u00e9l) les iba a perdonar.<\/p>\n<p>Hazrat Mirza Masrur Ahmad dijo que a lo largo de su vida, el Mes\u00edas Prometido (la paz sea con \u00e9l) defendi\u00f3 la libertad de culto y promovi\u00f3 el di\u00e1logo inter-religioso. En consecuencia, estableci\u00f3 la tradici\u00f3n de \u2018conferencias inter-religiosas\u2019 donde los representantes de distintas religiones se juntaban para exponer las cualidades de sus fes.<\/p>\n<p>Su Santidad dijo que no repet\u00eda estas an\u00e9cdotas con el simple prop\u00f3sito de que se escuchen y valoren, sino para que los musulmanes \u00c1hmadis traten de seguir el ejemplo del Mes\u00edas Prometido (la paz sea con \u00e9l) en todas las fases de sus vidas diarias.<\/p>\n","protected":false},"excerpt":{"rendered":"<p>Hazrat Mirza Masrur Ahmad cit\u00f3 numerosas an\u00e9cdotas sobre la vida del fundador de la Comunidad musulmana Ahmad\u00eda Durante su serm\u00f3n semanal del viernes, dirigido desde la mezquita de Baitul Futuh en Londres el 27 de febrero de 2015, el l\u00edder de la Comunidad musulmana Ahmad\u00eda, el Quinto Jalifa, Su Santidad, Hazrat Mirza Masrur Ahmad, cit\u00f3<\/p>\n","protected":false},"author":15,"featured_media":175,"comment_status":"closed","ping_status":"closed","sticky":false,"template":"","format":"standard","meta":{"_acf_changed":false,"footnotes":""},"categories":[1],"tags":[14,13],"authors":[],"content_source":[],"class_list":["post-174","post","type-post","status-publish","format-standard","has-post-thumbnail","hentry","category-comunicados-de-prensa","tag-londres","tag-reino-unido","topics-mesias-prometido"],"acf":[],"yoast_head":"<!-- This site is optimized with the Yoast SEO Premium plugin v21.1 (Yoast SEO v27.4) - https:\/\/yoast.com\/product\/yoast-seo-premium-wordpress\/ -->\n<title>El l\u00edder de la Comunidad musulmana Ahmad\u00eda habla sobre la veracidad del Mes\u00edas Prometido (la paz sea con \u00e9l)<\/title>\n<meta name=\"description\" content=\"Hazrat Mirza Masrur Ahmad cit\u00f3 numerosas an\u00e9cdotas sobre la vida del fundador de la Comunidad musulmana Ahmad\u00eda Durante su serm\u00f3n semanal del viernes,\" \/>\n<meta name=\"robots\" content=\"index, follow, max-snippet:-1, max-image-preview:large, max-video-preview:-1\" \/>\n<link rel=\"canonical\" href=\"https:\/\/www.ahmadiyya-islam.org\/es\/comunicados-de-prensa\/el-lider-de-la-comunidad-musulmana-ahmadia-habla-sobre-la-veracidad-del-mesias-prometido-la-paz-sea-con-el\/\" \/>\n<meta property=\"og:locale\" content=\"es_ES\" \/>\n<meta property=\"og:type\" content=\"article\" \/>\n<meta property=\"og:title\" content=\"El l\u00edder de la Comunidad musulmana Ahmad\u00eda habla sobre la veracidad del Mes\u00edas Prometido (la paz sea con \u00e9l)\" \/>\n<meta property=\"og:description\" content=\"Hazrat Mirza Masrur Ahmad cit\u00f3 numerosas an\u00e9cdotas sobre la vida del fundador de la Comunidad musulmana Ahmad\u00eda Durante su serm\u00f3n semanal del viernes,\" \/>\n<meta property=\"og:url\" content=\"https:\/\/www.ahmadiyya-islam.org\/es\/comunicados-de-prensa\/el-lider-de-la-comunidad-musulmana-ahmadia-habla-sobre-la-veracidad-del-mesias-prometido-la-paz-sea-con-el\/\" \/>\n<meta property=\"og:site_name\" content=\"Comunidad Musulmana Ahmad\u00eda\" \/>\n<meta property=\"article:published_time\" content=\"2015-03-02T10:29:48+00:00\" \/>\n<meta property=\"article:modified_time\" content=\"2015-08-06T18:13:24+00:00\" \/>\n<meta property=\"og:image\" content=\"https:\/\/www.ahmadiyya-islam.org\/es\/wp-content\/uploads\/sites\/10\/2015\/06\/2014-07-30-Eid-2-1024x625.jpg\" \/>\n\t<meta property=\"og:image:width\" content=\"1024\" \/>\n\t<meta property=\"og:image:height\" content=\"625\" \/>\n\t<meta property=\"og:image:type\" content=\"image\/jpeg\" \/>\n<meta name=\"author\" content=\"es1tarikara\" \/>\n<meta name=\"twitter:card\" content=\"summary_large_image\" \/>\n<meta name=\"twitter:label1\" content=\"Written by\" \/>\n\t<meta name=\"twitter:data1\" content=\"es1tarikara\" \/>\n\t<meta name=\"twitter:label2\" content=\"Est. reading time\" \/>\n\t<meta name=\"twitter:data2\" content=\"2 minutes\" \/>\n<script type=\"application\/ld+json\" class=\"yoast-schema-graph\">{\"@context\":\"https:\\\/\\\/schema.org\",\"@graph\":[{\"@type\":\"Article\",\"@id\":\"https:\\\/\\\/www.ahmadiyya-islam.org\\\/es\\\/comunicados-de-prensa\\\/el-lider-de-la-comunidad-musulmana-ahmadia-habla-sobre-la-veracidad-del-mesias-prometido-la-paz-sea-con-el\\\/#article\",\"isPartOf\":{\"@id\":\"https:\\\/\\\/www.ahmadiyya-islam.org\\\/es\\\/comunicados-de-prensa\\\/el-lider-de-la-comunidad-musulmana-ahmadia-habla-sobre-la-veracidad-del-mesias-prometido-la-paz-sea-con-el\\\/\"},\"author\":{\"name\":\"es1tarikara\",\"@id\":\"https:\\\/\\\/www.ahmadiyya-islam.org\\\/es\\\/#\\\/schema\\\/person\\\/ac4c08c7012bbfe73a43476371042f59\"},\"headline\":\"El l\u00edder de la Comunidad musulmana Ahmad\u00eda habla sobre la veracidad del Mes\u00edas Prometido (la paz sea con \u00e9l)\",\"datePublished\":\"2015-03-02T10:29:48+00:00\",\"dateModified\":\"2015-08-06T18:13:24+00:00\",\"mainEntityOfPage\":{\"@id\":\"https:\\\/\\\/www.ahmadiyya-islam.org\\\/es\\\/comunicados-de-prensa\\\/el-lider-de-la-comunidad-musulmana-ahmadia-habla-sobre-la-veracidad-del-mesias-prometido-la-paz-sea-con-el\\\/\"},\"wordCount\":452,\"publisher\":{\"@id\":\"https:\\\/\\\/www.ahmadiyya-islam.org\\\/es\\\/#organization\"},\"image\":{\"@id\":\"https:\\\/\\\/www.ahmadiyya-islam.org\\\/es\\\/comunicados-de-prensa\\\/el-lider-de-la-comunidad-musulmana-ahmadia-habla-sobre-la-veracidad-del-mesias-prometido-la-paz-sea-con-el\\\/#primaryimage\"},\"thumbnailUrl\":\"https:\\\/\\\/www.ahmadiyya-islam.org\\\/es\\\/wp-content\\\/uploads\\\/sites\\\/10\\\/2015\\\/06\\\/2014-07-30-Eid-2-1024x625.jpg\",\"keywords\":[\"Londres\",\"Reino Unido\"],\"articleSection\":[\"Comunicados de prensa\"],\"inLanguage\":\"es-ES\"},{\"@type\":\"WebPage\",\"@id\":\"https:\\\/\\\/www.ahmadiyya-islam.org\\\/es\\\/comunicados-de-prensa\\\/el-lider-de-la-comunidad-musulmana-ahmadia-habla-sobre-la-veracidad-del-mesias-prometido-la-paz-sea-con-el\\\/\",\"url\":\"https:\\\/\\\/www.ahmadiyya-islam.org\\\/es\\\/comunicados-de-prensa\\\/el-lider-de-la-comunidad-musulmana-ahmadia-habla-sobre-la-veracidad-del-mesias-prometido-la-paz-sea-con-el\\\/\",\"name\":\"El l\u00edder de la Comunidad musulmana Ahmad\u00eda habla sobre la veracidad del Mes\u00edas Prometido (la paz sea con \u00e9l)\",\"isPartOf\":{\"@id\":\"https:\\\/\\\/www.ahmadiyya-islam.org\\\/es\\\/#website\"},\"primaryImageOfPage\":{\"@id\":\"https:\\\/\\\/www.ahmadiyya-islam.org\\\/es\\\/comunicados-de-prensa\\\/el-lider-de-la-comunidad-musulmana-ahmadia-habla-sobre-la-veracidad-del-mesias-prometido-la-paz-sea-con-el\\\/#primaryimage\"},\"image\":{\"@id\":\"https:\\\/\\\/www.ahmadiyya-islam.org\\\/es\\\/comunicados-de-prensa\\\/el-lider-de-la-comunidad-musulmana-ahmadia-habla-sobre-la-veracidad-del-mesias-prometido-la-paz-sea-con-el\\\/#primaryimage\"},\"thumbnailUrl\":\"https:\\\/\\\/www.ahmadiyya-islam.org\\\/es\\\/wp-content\\\/uploads\\\/sites\\\/10\\\/2015\\\/06\\\/2014-07-30-Eid-2-1024x625.jpg\",\"datePublished\":\"2015-03-02T10:29:48+00:00\",\"dateModified\":\"2015-08-06T18:13:24+00:00\",\"description\":\"Hazrat Mirza Masrur Ahmad cit\u00f3 numerosas an\u00e9cdotas sobre la vida del fundador de la Comunidad musulmana Ahmad\u00eda Durante su serm\u00f3n semanal del viernes,\",\"breadcrumb\":{\"@id\":\"https:\\\/\\\/www.ahmadiyya-islam.org\\\/es\\\/comunicados-de-prensa\\\/el-lider-de-la-comunidad-musulmana-ahmadia-habla-sobre-la-veracidad-del-mesias-prometido-la-paz-sea-con-el\\\/#breadcrumb\"},\"inLanguage\":\"es-ES\",\"potentialAction\":[{\"@type\":\"ReadAction\",\"target\":[\"https:\\\/\\\/www.ahmadiyya-islam.org\\\/es\\\/comunicados-de-prensa\\\/el-lider-de-la-comunidad-musulmana-ahmadia-habla-sobre-la-veracidad-del-mesias-prometido-la-paz-sea-con-el\\\/\"]}]},{\"@type\":\"ImageObject\",\"inLanguage\":\"es-ES\",\"@id\":\"https:\\\/\\\/www.ahmadiyya-islam.org\\\/es\\\/comunicados-de-prensa\\\/el-lider-de-la-comunidad-musulmana-ahmadia-habla-sobre-la-veracidad-del-mesias-prometido-la-paz-sea-con-el\\\/#primaryimage\",\"url\":\"https:\\\/\\\/www.ahmadiyya-islam.org\\\/es\\\/wp-content\\\/uploads\\\/sites\\\/10\\\/2015\\\/06\\\/2014-07-30-Eid-2-1024x625.jpg\",\"contentUrl\":\"https:\\\/\\\/www.ahmadiyya-islam.org\\\/es\\\/wp-content\\\/uploads\\\/sites\\\/10\\\/2015\\\/06\\\/2014-07-30-Eid-2-1024x625.jpg\",\"width\":1024,\"height\":625},{\"@type\":\"BreadcrumbList\",\"@id\":\"https:\\\/\\\/www.ahmadiyya-islam.org\\\/es\\\/comunicados-de-prensa\\\/el-lider-de-la-comunidad-musulmana-ahmadia-habla-sobre-la-veracidad-del-mesias-prometido-la-paz-sea-con-el\\\/#breadcrumb\",\"itemListElement\":[{\"@type\":\"ListItem\",\"position\":1,\"name\":\"Home\",\"item\":\"https:\\\/\\\/www.ahmadiyya-islam.org\\\/es\\\/\"},{\"@type\":\"ListItem\",\"position\":2,\"name\":\"El l\u00edder de la Comunidad musulmana Ahmad\u00eda habla sobre la veracidad del Mes\u00edas Prometido (la paz sea con \u00e9l)\"}]},{\"@type\":\"WebSite\",\"@id\":\"https:\\\/\\\/www.ahmadiyya-islam.org\\\/es\\\/#website\",\"url\":\"https:\\\/\\\/www.ahmadiyya-islam.org\\\/es\\\/\",\"name\":\"Comunidad Musulmana Ahmad\u00eda\",\"description\":\"Internacional\",\"publisher\":{\"@id\":\"https:\\\/\\\/www.ahmadiyya-islam.org\\\/es\\\/#organization\"},\"potentialAction\":[{\"@type\":\"SearchAction\",\"target\":{\"@type\":\"EntryPoint\",\"urlTemplate\":\"https:\\\/\\\/www.ahmadiyya-islam.org\\\/es\\\/?s={search_term_string}\"},\"query-input\":{\"@type\":\"PropertyValueSpecification\",\"valueRequired\":true,\"valueName\":\"search_term_string\"}}],\"inLanguage\":\"es-ES\"},{\"@type\":\"Organization\",\"@id\":\"https:\\\/\\\/www.ahmadiyya-islam.org\\\/es\\\/#organization\",\"name\":\"Comunidad Musulmana Ahmad\u00eda\",\"url\":\"https:\\\/\\\/www.ahmadiyya-islam.org\\\/es\\\/\",\"logo\":{\"@type\":\"ImageObject\",\"inLanguage\":\"es-ES\",\"@id\":\"https:\\\/\\\/www.ahmadiyya-islam.org\\\/es\\\/#\\\/schema\\\/logo\\\/image\\\/\",\"url\":\"https:\\\/\\\/www.ahmadiyya-islam.org\\\/es\\\/wp-content\\\/uploads\\\/sites\\\/10\\\/2015\\\/06\\\/alislam-logo.png\",\"contentUrl\":\"https:\\\/\\\/www.ahmadiyya-islam.org\\\/es\\\/wp-content\\\/uploads\\\/sites\\\/10\\\/2015\\\/06\\\/alislam-logo.png\",\"width\":1859,\"height\":1859,\"caption\":\"Comunidad Musulmana Ahmad\u00eda\"},\"image\":{\"@id\":\"https:\\\/\\\/www.ahmadiyya-islam.org\\\/es\\\/#\\\/schema\\\/logo\\\/image\\\/\"}},{\"@type\":\"Person\",\"@id\":\"https:\\\/\\\/www.ahmadiyya-islam.org\\\/es\\\/#\\\/schema\\\/person\\\/ac4c08c7012bbfe73a43476371042f59\",\"name\":\"es1tarikara\"}]}<\/script>\n<!-- \/ Yoast SEO Premium plugin. -->","yoast_head_json":{"title":"El l\u00edder de la Comunidad musulmana Ahmad\u00eda habla sobre la veracidad del Mes\u00edas Prometido (la paz sea con \u00e9l)","description":"Hazrat Mirza Masrur Ahmad cit\u00f3 numerosas an\u00e9cdotas sobre la vida del fundador de la Comunidad musulmana Ahmad\u00eda Durante su serm\u00f3n semanal del viernes,","robots":{"index":"index","follow":"follow","max-snippet":"max-snippet:-1","max-image-preview":"max-image-preview:large","max-video-preview":"max-video-preview:-1"},"canonical":"https:\/\/www.ahmadiyya-islam.org\/es\/comunicados-de-prensa\/el-lider-de-la-comunidad-musulmana-ahmadia-habla-sobre-la-veracidad-del-mesias-prometido-la-paz-sea-con-el\/","og_locale":"es_ES","og_type":"article","og_title":"El l\u00edder de la Comunidad musulmana Ahmad\u00eda habla sobre la veracidad del Mes\u00edas Prometido (la paz sea con \u00e9l)","og_description":"Hazrat Mirza Masrur Ahmad cit\u00f3 numerosas an\u00e9cdotas sobre la vida del fundador de la Comunidad musulmana Ahmad\u00eda Durante su serm\u00f3n semanal del viernes,","og_url":"https:\/\/www.ahmadiyya-islam.org\/es\/comunicados-de-prensa\/el-lider-de-la-comunidad-musulmana-ahmadia-habla-sobre-la-veracidad-del-mesias-prometido-la-paz-sea-con-el\/","og_site_name":"Comunidad Musulmana Ahmad\u00eda","article_published_time":"2015-03-02T10:29:48+00:00","article_modified_time":"2015-08-06T18:13:24+00:00","og_image":[{"width":1024,"height":625,"url":"https:\/\/www.ahmadiyya-islam.org\/es\/wp-content\/uploads\/sites\/10\/2015\/06\/2014-07-30-Eid-2-1024x625.jpg","type":"image\/jpeg"}],"author":"es1tarikara","twitter_card":"summary_large_image","twitter_misc":{"Written by":"es1tarikara","Est. reading time":"2 minutes"},"schema":{"@context":"https:\/\/schema.org","@graph":[{"@type":"Article","@id":"https:\/\/www.ahmadiyya-islam.org\/es\/comunicados-de-prensa\/el-lider-de-la-comunidad-musulmana-ahmadia-habla-sobre-la-veracidad-del-mesias-prometido-la-paz-sea-con-el\/#article","isPartOf":{"@id":"https:\/\/www.ahmadiyya-islam.org\/es\/comunicados-de-prensa\/el-lider-de-la-comunidad-musulmana-ahmadia-habla-sobre-la-veracidad-del-mesias-prometido-la-paz-sea-con-el\/"},"author":{"name":"es1tarikara","@id":"https:\/\/www.ahmadiyya-islam.org\/es\/#\/schema\/person\/ac4c08c7012bbfe73a43476371042f59"},"headline":"El l\u00edder de la Comunidad musulmana Ahmad\u00eda habla sobre la veracidad del Mes\u00edas Prometido (la paz sea con \u00e9l)","datePublished":"2015-03-02T10:29:48+00:00","dateModified":"2015-08-06T18:13:24+00:00","mainEntityOfPage":{"@id":"https:\/\/www.ahmadiyya-islam.org\/es\/comunicados-de-prensa\/el-lider-de-la-comunidad-musulmana-ahmadia-habla-sobre-la-veracidad-del-mesias-prometido-la-paz-sea-con-el\/"},"wordCount":452,"publisher":{"@id":"https:\/\/www.ahmadiyya-islam.org\/es\/#organization"},"image":{"@id":"https:\/\/www.ahmadiyya-islam.org\/es\/comunicados-de-prensa\/el-lider-de-la-comunidad-musulmana-ahmadia-habla-sobre-la-veracidad-del-mesias-prometido-la-paz-sea-con-el\/#primaryimage"},"thumbnailUrl":"https:\/\/www.ahmadiyya-islam.org\/es\/wp-content\/uploads\/sites\/10\/2015\/06\/2014-07-30-Eid-2-1024x625.jpg","keywords":["Londres","Reino Unido"],"articleSection":["Comunicados de prensa"],"inLanguage":"es-ES"},{"@type":"WebPage","@id":"https:\/\/www.ahmadiyya-islam.org\/es\/comunicados-de-prensa\/el-lider-de-la-comunidad-musulmana-ahmadia-habla-sobre-la-veracidad-del-mesias-prometido-la-paz-sea-con-el\/","url":"https:\/\/www.ahmadiyya-islam.org\/es\/comunicados-de-prensa\/el-lider-de-la-comunidad-musulmana-ahmadia-habla-sobre-la-veracidad-del-mesias-prometido-la-paz-sea-con-el\/","name":"El l\u00edder de la Comunidad musulmana Ahmad\u00eda habla sobre la veracidad del Mes\u00edas Prometido (la paz sea con \u00e9l)","isPartOf":{"@id":"https:\/\/www.ahmadiyya-islam.org\/es\/#website"},"primaryImageOfPage":{"@id":"https:\/\/www.ahmadiyya-islam.org\/es\/comunicados-de-prensa\/el-lider-de-la-comunidad-musulmana-ahmadia-habla-sobre-la-veracidad-del-mesias-prometido-la-paz-sea-con-el\/#primaryimage"},"image":{"@id":"https:\/\/www.ahmadiyya-islam.org\/es\/comunicados-de-prensa\/el-lider-de-la-comunidad-musulmana-ahmadia-habla-sobre-la-veracidad-del-mesias-prometido-la-paz-sea-con-el\/#primaryimage"},"thumbnailUrl":"https:\/\/www.ahmadiyya-islam.org\/es\/wp-content\/uploads\/sites\/10\/2015\/06\/2014-07-30-Eid-2-1024x625.jpg","datePublished":"2015-03-02T10:29:48+00:00","dateModified":"2015-08-06T18:13:24+00:00","description":"Hazrat Mirza Masrur Ahmad cit\u00f3 numerosas an\u00e9cdotas sobre la vida del fundador de la Comunidad musulmana Ahmad\u00eda Durante su serm\u00f3n semanal del viernes,","breadcrumb":{"@id":"https:\/\/www.ahmadiyya-islam.org\/es\/comunicados-de-prensa\/el-lider-de-la-comunidad-musulmana-ahmadia-habla-sobre-la-veracidad-del-mesias-prometido-la-paz-sea-con-el\/#breadcrumb"},"inLanguage":"es-ES","potentialAction":[{"@type":"ReadAction","target":["https:\/\/www.ahmadiyya-islam.org\/es\/comunicados-de-prensa\/el-lider-de-la-comunidad-musulmana-ahmadia-habla-sobre-la-veracidad-del-mesias-prometido-la-paz-sea-con-el\/"]}]},{"@type":"ImageObject","inLanguage":"es-ES","@id":"https:\/\/www.ahmadiyya-islam.org\/es\/comunicados-de-prensa\/el-lider-de-la-comunidad-musulmana-ahmadia-habla-sobre-la-veracidad-del-mesias-prometido-la-paz-sea-con-el\/#primaryimage","url":"https:\/\/www.ahmadiyya-islam.org\/es\/wp-content\/uploads\/sites\/10\/2015\/06\/2014-07-30-Eid-2-1024x625.jpg","contentUrl":"https:\/\/www.ahmadiyya-islam.org\/es\/wp-content\/uploads\/sites\/10\/2015\/06\/2014-07-30-Eid-2-1024x625.jpg","width":1024,"height":625},{"@type":"BreadcrumbList","@id":"https:\/\/www.ahmadiyya-islam.org\/es\/comunicados-de-prensa\/el-lider-de-la-comunidad-musulmana-ahmadia-habla-sobre-la-veracidad-del-mesias-prometido-la-paz-sea-con-el\/#breadcrumb","itemListElement":[{"@type":"ListItem","position":1,"name":"Home","item":"https:\/\/www.ahmadiyya-islam.org\/es\/"},{"@type":"ListItem","position":2,"name":"El l\u00edder de la Comunidad musulmana Ahmad\u00eda habla sobre la veracidad del Mes\u00edas Prometido (la paz sea con \u00e9l)"}]},{"@type":"WebSite","@id":"https:\/\/www.ahmadiyya-islam.org\/es\/#website","url":"https:\/\/www.ahmadiyya-islam.org\/es\/","name":"Comunidad Musulmana Ahmad\u00eda","description":"Internacional","publisher":{"@id":"https:\/\/www.ahmadiyya-islam.org\/es\/#organization"},"potentialAction":[{"@type":"SearchAction","target":{"@type":"EntryPoint","urlTemplate":"https:\/\/www.ahmadiyya-islam.org\/es\/?s={search_term_string}"},"query-input":{"@type":"PropertyValueSpecification","valueRequired":true,"valueName":"search_term_string"}}],"inLanguage":"es-ES"},{"@type":"Organization","@id":"https:\/\/www.ahmadiyya-islam.org\/es\/#organization","name":"Comunidad Musulmana Ahmad\u00eda","url":"https:\/\/www.ahmadiyya-islam.org\/es\/","logo":{"@type":"ImageObject","inLanguage":"es-ES","@id":"https:\/\/www.ahmadiyya-islam.org\/es\/#\/schema\/logo\/image\/","url":"https:\/\/www.ahmadiyya-islam.org\/es\/wp-content\/uploads\/sites\/10\/2015\/06\/alislam-logo.png","contentUrl":"https:\/\/www.ahmadiyya-islam.org\/es\/wp-content\/uploads\/sites\/10\/2015\/06\/alislam-logo.png","width":1859,"height":1859,"caption":"Comunidad Musulmana Ahmad\u00eda"},"image":{"@id":"https:\/\/www.ahmadiyya-islam.org\/es\/#\/schema\/logo\/image\/"}},{"@type":"Person","@id":"https:\/\/www.ahmadiyya-islam.org\/es\/#\/schema\/person\/ac4c08c7012bbfe73a43476371042f59","name":"es1tarikara"}]}},"_links":{"self":[{"href":"https:\/\/www.ahmadiyya-islam.org\/es\/wp-json\/wp\/v2\/posts\/174","targetHints":{"allow":["GET"]}}],"collection":[{"href":"https:\/\/www.ahmadiyya-islam.org\/es\/wp-json\/wp\/v2\/posts"}],"about":[{"href":"https:\/\/www.ahmadiyya-islam.org\/es\/wp-json\/wp\/v2\/types\/post"}],"author":[{"embeddable":true,"href":"https:\/\/www.ahmadiyya-islam.org\/es\/wp-json\/wp\/v2\/users\/15"}],"replies":[{"embeddable":true,"href":"https:\/\/www.ahmadiyya-islam.org\/es\/wp-json\/wp\/v2\/comments?post=174"}],"version-history":[{"count":0,"href":"https:\/\/www.ahmadiyya-islam.org\/es\/wp-json\/wp\/v2\/posts\/174\/revisions"}],"wp:featuredmedia":[{"embeddable":true,"href":"https:\/\/www.ahmadiyya-islam.org\/es\/wp-json\/wp\/v2\/media\/175"}],"wp:attachment":[{"href":"https:\/\/www.ahmadiyya-islam.org\/es\/wp-json\/wp\/v2\/media?parent=174"}],"wp:term":[{"taxonomy":"category","embeddable":true,"href":"https:\/\/www.ahmadiyya-islam.org\/es\/wp-json\/wp\/v2\/categories?post=174"},{"taxonomy":"post_tag","embeddable":true,"href":"https:\/\/www.ahmadiyya-islam.org\/es\/wp-json\/wp\/v2\/tags?post=174"},{"taxonomy":"authors","embeddable":true,"href":"https:\/\/www.ahmadiyya-islam.org\/es\/wp-json\/wp\/v2\/authors?post=174"},{"taxonomy":"content_source","embeddable":true,"href":"https:\/\/www.ahmadiyya-islam.org\/es\/wp-json\/wp\/v2\/content_source?post=174"}],"curies":[{"name":"wp","href":"https:\/\/api.w.org\/{rel}","templated":true}]}}