{"id":16296,"date":"2023-10-11T15:11:59","date_gmt":"2023-10-11T15:11:59","guid":{"rendered":"https:\/\/www.ahmadiyya-islam.org\/es\/?p=16296"},"modified":"2023-11-12T15:20:12","modified_gmt":"2023-11-12T15:20:12","slug":"jalifa-dirige-clausura-iytema-ansarullah-reino-unido","status":"publish","type":"post","link":"https:\/\/www.ahmadiyya-islam.org\/es\/comunicados-de-prensa\/jalifa-dirige-clausura-iytema-ansarullah-reino-unido\/","title":{"rendered":"El Jalifa V del Mes\u00edas dirige la sesi\u00f3n de clausura del Iytema Nacional del Maylis Ansarul\u2019lah de Reino Unido"},"content":{"rendered":"<p>El Jalifa V del Mes\u00edas dirige la sesi\u00f3n de clausura del Iytema Nacional del Maylis Ansarul\u2019lah de Reino Unido<\/p>\n<p>\u201cTraer al mundo entero bajo la bandera del Santo Profeta Muhammad (que la paz y las bendiciones de Dios sean con \u00e9l) a trav\u00e9s de medios pac\u00edficos\u201d \u2013 Hazrat Mirza Masrur Ahmad<\/p>\n<p>El 8 de octubre de 2023, el L\u00edder Mundial de la Comunidad Musulmana Ahmad\u00eda, el Quinto Jalifa (Califa), Su Santidad Hazrat Mirza Masrur Ahmad pronunci\u00f3 un discurso inspirador de fe para concluir el Iytema Nacional (Reuni\u00f3n Anual) del Maylis Ansarul\u2019lah de Reino Unido, la organizaci\u00f3n auxiliar de la Comunidad Musulmana Ahmad\u00eda para hombres de 40 a\u00f1os o m\u00e1s.<\/p>\n<p><img loading=\"lazy\" decoding=\"async\" class=\"size-full wp-image-16297 aligncenter\" src=\"https:\/\/www.ahmadiyya-islam.org\/es\/wp-content\/uploads\/sites\/10\/2023\/11\/101A0994A-E84C16A0-E84C16A0.jpg\" alt=\"\" width=\"1024\" height=\"683\" srcset=\"https:\/\/www.ahmadiyya-islam.org\/es\/wp-content\/uploads\/sites\/10\/2023\/11\/101A0994A-E84C16A0-E84C16A0.jpg 1024w, https:\/\/www.ahmadiyya-islam.org\/es\/wp-content\/uploads\/sites\/10\/2023\/11\/101A0994A-E84C16A0-E84C16A0-300x200.jpg 300w, https:\/\/www.ahmadiyya-islam.org\/es\/wp-content\/uploads\/sites\/10\/2023\/11\/101A0994A-E84C16A0-E84C16A0-150x100.jpg 150w, https:\/\/www.ahmadiyya-islam.org\/es\/wp-content\/uploads\/sites\/10\/2023\/11\/101A0994A-E84C16A0-E84C16A0-768x512.jpg 768w\" sizes=\"auto, (max-width: 1024px) 100vw, 1024px\" \/><\/p>\n<p>Al evento de tres d\u00edas que se celebr\u00f3 en la Mezquita Baitul Futuh de Londres asistieron m\u00e1s de 3.400 hombres y sirvi\u00f3 para inspirar a los asistentes a practicar su fe con devoci\u00f3n.<\/p>\n<p>Los miembros del Maylis Ansarul\u2019lah en Francia y EE. UU. tambi\u00e9n pudieron unirse a la sesi\u00f3n final a trav\u00e9s de un enlace satelital virtual, ya que tambi\u00e9n celebraron sus Iytemas Nacionales en sus respectivos pa\u00edses durante el fin de semana.<\/p>\n<p>Durante su discurso, Su Santidad asumi\u00f3 una promesa muy significativa: recordar a los Ansar sus responsabilidades fundamentales para garantizar que el mundo est\u00e9 informado de las verdaderas ense\u00f1anzas pac\u00edficas del islam y para que las generaciones futuras puedan permanecer apegadas a la bendita instituci\u00f3n del Jalifato.<\/p>\n<p><img loading=\"lazy\" decoding=\"async\" class=\"size-full wp-image-16298 aligncenter\" src=\"https:\/\/www.ahmadiyya-islam.org\/es\/wp-content\/uploads\/sites\/10\/2023\/11\/20231008_180229-D0C07B56.jpg\" alt=\"\" width=\"1024\" height=\"407\" srcset=\"https:\/\/www.ahmadiyya-islam.org\/es\/wp-content\/uploads\/sites\/10\/2023\/11\/20231008_180229-D0C07B56.jpg 1024w, https:\/\/www.ahmadiyya-islam.org\/es\/wp-content\/uploads\/sites\/10\/2023\/11\/20231008_180229-D0C07B56-300x119.jpg 300w, https:\/\/www.ahmadiyya-islam.org\/es\/wp-content\/uploads\/sites\/10\/2023\/11\/20231008_180229-D0C07B56-150x60.jpg 150w, https:\/\/www.ahmadiyya-islam.org\/es\/wp-content\/uploads\/sites\/10\/2023\/11\/20231008_180229-D0C07B56-768x305.jpg 768w\" sizes=\"auto, (max-width: 1024px) 100vw, 1024px\" \/><\/p>\n<p>La misma promesa fue asumida por los miembros del Maylis Judam-ul-Ahmad\u00eda de Reino Unido en su Iytema Nacional una semana antes.<\/p>\n<p>Al comenzar su discurso, Su Santidad se refiri\u00f3 a la filosof\u00eda detr\u00e1s del nombre &#8220;Ansarul\u2019lah&#8221;, que significa Los Ayudantes de Al\u2019lah.<\/p>\n<p>Hablando en referencia a Hazrat Musleh Maud (ra), el segundo Jalifa de la Comunidad Musulmana Ahmad\u00eda que fund\u00f3 y nombr\u00f3 Majlis Ansarul\u2019lah, Hazrat Mirza Masrur Ahmad dijo:<\/p>\n<p>\u201cEl nombre Ansarul\u2019lah os lo hemos dado despu\u00e9s de pensar y reflexionar mucho. La edad de una persona de 15 a 40 a\u00f1os es de juventud y esperanza, por lo que la organizaci\u00f3n para ese grupo de edad se llama \u2018Judam-ul-Ahmad\u00eda\u2019 (Siervos del Ahmad\u00edat) para que puedan dedicar el mayor tiempo posible al servicio de la humanidad. La organizaci\u00f3n para personas de 40 a\u00f1os o m\u00e1s se ha denominado &#8220;Ansarul\u2019lah&#8221;. A esta edad, una persona tiene el beneficio de la experiencia, est\u00e1 bien establecida en sus trabajos y alcanza un nivel de antig\u00fcedad en su trabajo y alcanza una etapa en la que puede gastar su riqueza en el servicio de Al\u2019lah m\u00e1s que antes.\u201d<\/p>\n<p><img loading=\"lazy\" decoding=\"async\" class=\"size-full wp-image-16300 aligncenter\" src=\"https:\/\/www.ahmadiyya-islam.org\/es\/wp-content\/uploads\/sites\/10\/2023\/11\/20231008_183146-58CA1F09.jpg\" alt=\"\" width=\"1024\" height=\"386\" srcset=\"https:\/\/www.ahmadiyya-islam.org\/es\/wp-content\/uploads\/sites\/10\/2023\/11\/20231008_183146-58CA1F09.jpg 1024w, https:\/\/www.ahmadiyya-islam.org\/es\/wp-content\/uploads\/sites\/10\/2023\/11\/20231008_183146-58CA1F09-300x113.jpg 300w, https:\/\/www.ahmadiyya-islam.org\/es\/wp-content\/uploads\/sites\/10\/2023\/11\/20231008_183146-58CA1F09-150x57.jpg 150w, https:\/\/www.ahmadiyya-islam.org\/es\/wp-content\/uploads\/sites\/10\/2023\/11\/20231008_183146-58CA1F09-768x290.jpg 768w\" sizes=\"auto, (max-width: 1024px) 100vw, 1024px\" \/><\/p>\n<p>Hazrat Mirza Masrur Ahmad continu\u00f3 y dijo:<\/p>\n<p>\u201cHab\u00e9is sido nombrado Ansarul\u2019lah para que pod\u00e1is prestar la mayor atenci\u00f3n posible al servicio de la fe. Este servicio puede ser en forma de sacrificio econ\u00f3mico y tambi\u00e9n en forma de servicio religioso; Es vuestra obligaci\u00f3n dedicar el mayor tiempo posible a la adoraci\u00f3n de Dios. Debes promover tu fe tanto como sea posible, primero dando tu ejemplo moral y tambi\u00e9n predicando acerca de tu fe para que, al ver vuestro ejemplo, vuestra progenie tambi\u00e9n pueda desarrollar justicia. Cada miembro de Ansarul\u2019lah debe recordar que debe aumentar los est\u00e1ndares de su adoraci\u00f3n y salvaguardar sus oraciones diarias y debe centrarse especialmente en ofrecer oraciones en congregaci\u00f3n.\u201d<\/p>\n<p>Hablando sobre la forma en que se deben observar las oraciones, Hazrat Mirza Masrur Ahmad dijo:<\/p>\n<p>\u201cOrad a Dios con mucho celo y pasi\u00f3n. De esta manera podr\u00e9is desarrollar un estado en el que no os distraer\u00e9is durante vuestras oraciones. Si desarrollamos este estado dentro de nosotros, entonces a trav\u00e9s de nuestra pr\u00e1ctica estaremos respondiendo a aquellos que dicen que la gente comete pecados e injusticias a pesar de adorar a Dios. Aquellas personas que hacen esto, adoran a Dios s\u00f3lo como un ejercicio de marcar casillas. Aquellos que adoran a Dios sin tener verdadero temor de \u00c9l y aquellos que est\u00e1n absortos en el mal y aquellos que no cumplen con los derechos de los dem\u00e1s son aquellos que han sido declarados por el mismo Dios Alt\u00edsimo como aquellas personas cuya adoraci\u00f3n es un medio de su destrucci\u00f3n y sus oraciones les ser\u00e1n devueltas. Por lo tanto, nuestra adoraci\u00f3n no debe observarse con el prop\u00f3sito de llenar ning\u00fan formulario de informe o para presumir ante los dem\u00e1s y no debe ofrecerse a modo de mera costumbre. M\u00e1s bien, deben observarse para alcanzar el amor de Dios. Tales son las oraciones que dar\u00e1n fruto.\u201d<\/p>\n<p><img loading=\"lazy\" decoding=\"async\" class=\"size-full wp-image-16301 aligncenter\" src=\"https:\/\/www.ahmadiyya-islam.org\/es\/wp-content\/uploads\/sites\/10\/2023\/11\/20231008_183512-BCF651E5.jpg\" alt=\"\" width=\"1024\" height=\"421\" srcset=\"https:\/\/www.ahmadiyya-islam.org\/es\/wp-content\/uploads\/sites\/10\/2023\/11\/20231008_183512-BCF651E5.jpg 1024w, https:\/\/www.ahmadiyya-islam.org\/es\/wp-content\/uploads\/sites\/10\/2023\/11\/20231008_183512-BCF651E5-300x123.jpg 300w, https:\/\/www.ahmadiyya-islam.org\/es\/wp-content\/uploads\/sites\/10\/2023\/11\/20231008_183512-BCF651E5-150x62.jpg 150w, https:\/\/www.ahmadiyya-islam.org\/es\/wp-content\/uploads\/sites\/10\/2023\/11\/20231008_183512-BCF651E5-768x316.jpg 768w\" sizes=\"auto, (max-width: 1024px) 100vw, 1024px\" \/><\/p>\n<p>Hazrat Mirza Masrur Ahmad dijo:<\/p>\n<p>\u201cSi deseas tener el honor de servir al islam \u2013 y ese no es un honor insignificante, m\u00e1s bien es un honor de gran estima; si deseas tener el gran privilegio de ondear la bandera del Santo Profeta Muhammad (la paz y las bendiciones sean con \u00e9l) en el mundo, si deseas ser lo suficientemente honrado como para establecer la Unidad de Dios en el mundo, que es nuevamente un Si quieres esforzarte por lograr una gran haza\u00f1a, entonces la condici\u00f3n es que primero debes adoptar la rectitud. Cuando desarrolles la rectitud, entonces, ante los ojos de Dios, ser\u00e1s considerado lo suficientemente honorable como para ser contado entre los &#8216;Ansarul\u2019lah&#8217; que difunden la Unidad de Dios y propagan Su fe y, por lo tanto, eres bendecido para recibir Sus recompensas.\u201d<\/p>\n<p><img loading=\"lazy\" decoding=\"async\" class=\"size-full wp-image-16302 aligncenter\" src=\"https:\/\/www.ahmadiyya-islam.org\/es\/wp-content\/uploads\/sites\/10\/2023\/11\/20231008_184331-B81CDF20.jpg\" alt=\"\" width=\"1024\" height=\"384\" srcset=\"https:\/\/www.ahmadiyya-islam.org\/es\/wp-content\/uploads\/sites\/10\/2023\/11\/20231008_184331-B81CDF20.jpg 1024w, https:\/\/www.ahmadiyya-islam.org\/es\/wp-content\/uploads\/sites\/10\/2023\/11\/20231008_184331-B81CDF20-300x113.jpg 300w, https:\/\/www.ahmadiyya-islam.org\/es\/wp-content\/uploads\/sites\/10\/2023\/11\/20231008_184331-B81CDF20-150x56.jpg 150w, https:\/\/www.ahmadiyya-islam.org\/es\/wp-content\/uploads\/sites\/10\/2023\/11\/20231008_184331-B81CDF20-768x288.jpg 768w\" sizes=\"auto, (max-width: 1024px) 100vw, 1024px\" \/><\/p>\n<p>Su Santidad dijo que el Mes\u00edas Prometido (la paz sea con \u00e9l) y su misi\u00f3n ciertamente lograr\u00e1n el \u00e9xito y la victoria a trav\u00e9s de las bendiciones de Dios, pero si alguien desea ser parte de ese glorioso triunfo entonces debe \u201cpisar con rectitud y no tener contradicci\u00f3n alguna entre sus palabras y sus acciones\u201d.<\/p>\n<p>Hazrat Mirza Masrur Ahmad dijo:<\/p>\n<p>\u201cHoy, cada miembro de Ansarul\u2019lah debe comprometerse a elevar sus est\u00e1ndares de rectitud para establecer la unidad de Dios y manifestar el poder de Dios. Haz el compromiso de mostrar bondad al mundo y, mientras lo haces, saca de la inmundicia a aquellas personas que est\u00e1n envueltas en la suciedad materialista de este mundo. En un momento en el que nos comprometemos a esforzarnos con todos nuestros esfuerzos para cumplir la misi\u00f3n del Mes\u00edas Prometido (la paz sea con \u00e9l) y para establecer la Unidad de Dios y llevar el mensaje del islam a cada individuo en el mundo, debemos considerar verdaderamente cu\u00e1nto esfuerzo debemos hacer para, primero, reformarnos a nosotros mismos y desarrollar la rectitud dentro de nosotros.\u201d<\/p>\n<p>Su Santidad dijo que la responsabilidad de izar la bandera del Santo Profeta del islam (la paz y las bendiciones sean con \u00e9l) era a\u00fan mayor para aquellos que eran mayores de edad y para aquellos que deb\u00edan estar a la altura de su t\u00edtulo de &#8220;Ansarul\u2019lah&#8221;.<\/p>\n<p><img loading=\"lazy\" decoding=\"async\" class=\"size-full wp-image-16303 aligncenter\" src=\"https:\/\/www.ahmadiyya-islam.org\/es\/wp-content\/uploads\/sites\/10\/2023\/11\/20231008_190321-D8C8D7AB.jpg\" alt=\"\" width=\"1024\" height=\"620\" srcset=\"https:\/\/www.ahmadiyya-islam.org\/es\/wp-content\/uploads\/sites\/10\/2023\/11\/20231008_190321-D8C8D7AB.jpg 1024w, https:\/\/www.ahmadiyya-islam.org\/es\/wp-content\/uploads\/sites\/10\/2023\/11\/20231008_190321-D8C8D7AB-300x182.jpg 300w, https:\/\/www.ahmadiyya-islam.org\/es\/wp-content\/uploads\/sites\/10\/2023\/11\/20231008_190321-D8C8D7AB-150x91.jpg 150w, https:\/\/www.ahmadiyya-islam.org\/es\/wp-content\/uploads\/sites\/10\/2023\/11\/20231008_190321-D8C8D7AB-768x465.jpg 768w\" sizes=\"auto, (max-width: 1024px) 100vw, 1024px\" \/><\/p>\n<p>Posteriormente, al concluir el discurso, en una atm\u00f3sfera de lo m\u00e1s emotiva, Su Santidad tom\u00f3 el compromiso solemne de los miembros del Majlis Ansarul\u2019lah, quienes prometieron que \u201char\u00e1n todos los sacrificios posibles, sin importar cu\u00e1n pesada sea su carga, para que la bendita bandera de El islam ser\u00e1 elevado en todas las naciones hasta el fin de los tiempos\u201d.<\/p>\n","protected":false},"excerpt":{"rendered":"<p>El Jalifa V del Mes\u00edas dirige la sesi\u00f3n de clausura del Iytema Nacional del Maylis Ansarul\u2019lah de Reino Unido \u201cTraer al mundo entero bajo la bandera del Santo Profeta Muhammad (que la paz y las bendiciones de Dios sean con \u00e9l) a trav\u00e9s de medios pac\u00edficos\u201d \u2013 Hazrat Mirza Masrur Ahmad El 8 de octubre<\/p>\n","protected":false},"author":35,"featured_media":16299,"comment_status":"closed","ping_status":"closed","sticky":false,"template":"","format":"standard","meta":{"_acf_changed":false,"footnotes":""},"categories":[1],"tags":[1316,1318,13],"authors":[],"content_source":[],"class_list":["post-16296","post","type-post","status-publish","format-standard","has-post-thumbnail","hentry","category-comunicados-de-prensa","tag-iytema-2023","tag-maylis-ansarullah","tag-reino-unido","topics-religion"],"acf":[],"yoast_head":"<!-- This site is optimized with the Yoast SEO Premium plugin v21.1 (Yoast SEO v27.4) - https:\/\/yoast.com\/product\/yoast-seo-premium-wordpress\/ -->\n<title>El Jalifa V del Mes\u00edas dirige la sesi\u00f3n de clausura del Iytema Nacional del Maylis Ansarul\u2019lah de Reino Unido<\/title>\n<meta name=\"description\" content=\"\u201cTraer al mundo entero bajo la bandera del Santo Profeta Muhammad (que la paz y las bendiciones de Dios sean con \u00e9l) a trav\u00e9s de medios pac\u00edficos\u201d \u2013 Hazrat Mirza Masrur Ahmad\" \/>\n<meta name=\"robots\" content=\"index, follow, max-snippet:-1, max-image-preview:large, max-video-preview:-1\" \/>\n<link rel=\"canonical\" href=\"https:\/\/www.ahmadiyya-islam.org\/es\/comunicados-de-prensa\/jalifa-dirige-clausura-iytema-ansarullah-reino-unido\/\" \/>\n<meta property=\"og:locale\" content=\"es_ES\" \/>\n<meta property=\"og:type\" content=\"article\" \/>\n<meta property=\"og:title\" content=\"El Jalifa V del Mes\u00edas dirige la sesi\u00f3n de clausura del Iytema Nacional del Maylis Ansarul\u2019lah de Reino Unido\" \/>\n<meta property=\"og:description\" content=\"\u201cTraer al mundo entero bajo la bandera del Santo Profeta Muhammad (que la paz y las bendiciones de Dios sean con \u00e9l) a trav\u00e9s de medios pac\u00edficos\u201d \u2013 Hazrat Mirza Masrur Ahmad\" \/>\n<meta property=\"og:url\" content=\"https:\/\/www.ahmadiyya-islam.org\/es\/comunicados-de-prensa\/jalifa-dirige-clausura-iytema-ansarullah-reino-unido\/\" \/>\n<meta property=\"og:site_name\" content=\"Comunidad Musulmana Ahmad\u00eda\" \/>\n<meta property=\"article:published_time\" content=\"2023-10-11T15:11:59+00:00\" \/>\n<meta property=\"article:modified_time\" content=\"2023-11-12T15:20:12+00:00\" \/>\n<meta property=\"og:image\" content=\"https:\/\/www.ahmadiyya-islam.org\/es\/wp-content\/uploads\/sites\/10\/2023\/11\/20231008_182632-57CDE11E.jpg\" \/>\n\t<meta property=\"og:image:width\" content=\"1024\" \/>\n\t<meta property=\"og:image:height\" content=\"540\" \/>\n\t<meta property=\"og:image:type\" content=\"image\/jpeg\" \/>\n<meta name=\"author\" content=\"es3awaljalil\" \/>\n<meta name=\"twitter:card\" content=\"summary_large_image\" \/>\n<meta name=\"twitter:label1\" content=\"Written by\" \/>\n\t<meta name=\"twitter:data1\" content=\"es3awaljalil\" \/>\n\t<meta name=\"twitter:label2\" content=\"Est. reading time\" \/>\n\t<meta name=\"twitter:data2\" content=\"7 minutes\" \/>\n<script type=\"application\/ld+json\" class=\"yoast-schema-graph\">{\"@context\":\"https:\\\/\\\/schema.org\",\"@graph\":[{\"@type\":\"Article\",\"@id\":\"https:\\\/\\\/www.ahmadiyya-islam.org\\\/es\\\/comunicados-de-prensa\\\/jalifa-dirige-clausura-iytema-ansarullah-reino-unido\\\/#article\",\"isPartOf\":{\"@id\":\"https:\\\/\\\/www.ahmadiyya-islam.org\\\/es\\\/comunicados-de-prensa\\\/jalifa-dirige-clausura-iytema-ansarullah-reino-unido\\\/\"},\"author\":{\"name\":\"es3awaljalil\",\"@id\":\"https:\\\/\\\/www.ahmadiyya-islam.org\\\/es\\\/#\\\/schema\\\/person\\\/bbef07e2c3ccf919ce692a65f234abef\"},\"headline\":\"El Jalifa V del Mes\u00edas dirige la sesi\u00f3n de clausura del Iytema Nacional del Maylis Ansarul\u2019lah de Reino Unido\",\"datePublished\":\"2023-10-11T15:11:59+00:00\",\"dateModified\":\"2023-11-12T15:20:12+00:00\",\"mainEntityOfPage\":{\"@id\":\"https:\\\/\\\/www.ahmadiyya-islam.org\\\/es\\\/comunicados-de-prensa\\\/jalifa-dirige-clausura-iytema-ansarullah-reino-unido\\\/\"},\"wordCount\":1254,\"publisher\":{\"@id\":\"https:\\\/\\\/www.ahmadiyya-islam.org\\\/es\\\/#organization\"},\"image\":{\"@id\":\"https:\\\/\\\/www.ahmadiyya-islam.org\\\/es\\\/comunicados-de-prensa\\\/jalifa-dirige-clausura-iytema-ansarullah-reino-unido\\\/#primaryimage\"},\"thumbnailUrl\":\"https:\\\/\\\/www.ahmadiyya-islam.org\\\/es\\\/wp-content\\\/uploads\\\/sites\\\/10\\\/2023\\\/11\\\/20231008_182632-57CDE11E.jpg\",\"keywords\":[\"Iytema 2023\",\"Maylis Ansarul\u2019lah\",\"Reino Unido\"],\"articleSection\":[\"Comunicados de prensa\"],\"inLanguage\":\"es-ES\"},{\"@type\":\"WebPage\",\"@id\":\"https:\\\/\\\/www.ahmadiyya-islam.org\\\/es\\\/comunicados-de-prensa\\\/jalifa-dirige-clausura-iytema-ansarullah-reino-unido\\\/\",\"url\":\"https:\\\/\\\/www.ahmadiyya-islam.org\\\/es\\\/comunicados-de-prensa\\\/jalifa-dirige-clausura-iytema-ansarullah-reino-unido\\\/\",\"name\":\"El Jalifa V del Mes\u00edas dirige la sesi\u00f3n de clausura del Iytema Nacional del Maylis Ansarul\u2019lah de Reino Unido\",\"isPartOf\":{\"@id\":\"https:\\\/\\\/www.ahmadiyya-islam.org\\\/es\\\/#website\"},\"primaryImageOfPage\":{\"@id\":\"https:\\\/\\\/www.ahmadiyya-islam.org\\\/es\\\/comunicados-de-prensa\\\/jalifa-dirige-clausura-iytema-ansarullah-reino-unido\\\/#primaryimage\"},\"image\":{\"@id\":\"https:\\\/\\\/www.ahmadiyya-islam.org\\\/es\\\/comunicados-de-prensa\\\/jalifa-dirige-clausura-iytema-ansarullah-reino-unido\\\/#primaryimage\"},\"thumbnailUrl\":\"https:\\\/\\\/www.ahmadiyya-islam.org\\\/es\\\/wp-content\\\/uploads\\\/sites\\\/10\\\/2023\\\/11\\\/20231008_182632-57CDE11E.jpg\",\"datePublished\":\"2023-10-11T15:11:59+00:00\",\"dateModified\":\"2023-11-12T15:20:12+00:00\",\"description\":\"\u201cTraer al mundo entero bajo la bandera del Santo Profeta Muhammad (que la paz y las bendiciones de Dios sean con \u00e9l) a trav\u00e9s de medios pac\u00edficos\u201d \u2013 Hazrat Mirza Masrur Ahmad\",\"breadcrumb\":{\"@id\":\"https:\\\/\\\/www.ahmadiyya-islam.org\\\/es\\\/comunicados-de-prensa\\\/jalifa-dirige-clausura-iytema-ansarullah-reino-unido\\\/#breadcrumb\"},\"inLanguage\":\"es-ES\",\"potentialAction\":[{\"@type\":\"ReadAction\",\"target\":[\"https:\\\/\\\/www.ahmadiyya-islam.org\\\/es\\\/comunicados-de-prensa\\\/jalifa-dirige-clausura-iytema-ansarullah-reino-unido\\\/\"]}]},{\"@type\":\"ImageObject\",\"inLanguage\":\"es-ES\",\"@id\":\"https:\\\/\\\/www.ahmadiyya-islam.org\\\/es\\\/comunicados-de-prensa\\\/jalifa-dirige-clausura-iytema-ansarullah-reino-unido\\\/#primaryimage\",\"url\":\"https:\\\/\\\/www.ahmadiyya-islam.org\\\/es\\\/wp-content\\\/uploads\\\/sites\\\/10\\\/2023\\\/11\\\/20231008_182632-57CDE11E.jpg\",\"contentUrl\":\"https:\\\/\\\/www.ahmadiyya-islam.org\\\/es\\\/wp-content\\\/uploads\\\/sites\\\/10\\\/2023\\\/11\\\/20231008_182632-57CDE11E.jpg\",\"width\":1024,\"height\":540},{\"@type\":\"BreadcrumbList\",\"@id\":\"https:\\\/\\\/www.ahmadiyya-islam.org\\\/es\\\/comunicados-de-prensa\\\/jalifa-dirige-clausura-iytema-ansarullah-reino-unido\\\/#breadcrumb\",\"itemListElement\":[{\"@type\":\"ListItem\",\"position\":1,\"name\":\"Home\",\"item\":\"https:\\\/\\\/www.ahmadiyya-islam.org\\\/es\\\/\"},{\"@type\":\"ListItem\",\"position\":2,\"name\":\"El Jalifa V del Mes\u00edas dirige la sesi\u00f3n de clausura del Iytema Nacional del Maylis Ansarul\u2019lah de Reino Unido\"}]},{\"@type\":\"WebSite\",\"@id\":\"https:\\\/\\\/www.ahmadiyya-islam.org\\\/es\\\/#website\",\"url\":\"https:\\\/\\\/www.ahmadiyya-islam.org\\\/es\\\/\",\"name\":\"Comunidad Musulmana Ahmad\u00eda\",\"description\":\"Internacional\",\"publisher\":{\"@id\":\"https:\\\/\\\/www.ahmadiyya-islam.org\\\/es\\\/#organization\"},\"potentialAction\":[{\"@type\":\"SearchAction\",\"target\":{\"@type\":\"EntryPoint\",\"urlTemplate\":\"https:\\\/\\\/www.ahmadiyya-islam.org\\\/es\\\/?s={search_term_string}\"},\"query-input\":{\"@type\":\"PropertyValueSpecification\",\"valueRequired\":true,\"valueName\":\"search_term_string\"}}],\"inLanguage\":\"es-ES\"},{\"@type\":\"Organization\",\"@id\":\"https:\\\/\\\/www.ahmadiyya-islam.org\\\/es\\\/#organization\",\"name\":\"Comunidad Musulmana Ahmad\u00eda\",\"url\":\"https:\\\/\\\/www.ahmadiyya-islam.org\\\/es\\\/\",\"logo\":{\"@type\":\"ImageObject\",\"inLanguage\":\"es-ES\",\"@id\":\"https:\\\/\\\/www.ahmadiyya-islam.org\\\/es\\\/#\\\/schema\\\/logo\\\/image\\\/\",\"url\":\"https:\\\/\\\/www.ahmadiyya-islam.org\\\/es\\\/wp-content\\\/uploads\\\/sites\\\/10\\\/2015\\\/06\\\/alislam-logo.png\",\"contentUrl\":\"https:\\\/\\\/www.ahmadiyya-islam.org\\\/es\\\/wp-content\\\/uploads\\\/sites\\\/10\\\/2015\\\/06\\\/alislam-logo.png\",\"width\":1859,\"height\":1859,\"caption\":\"Comunidad Musulmana Ahmad\u00eda\"},\"image\":{\"@id\":\"https:\\\/\\\/www.ahmadiyya-islam.org\\\/es\\\/#\\\/schema\\\/logo\\\/image\\\/\"}},{\"@type\":\"Person\",\"@id\":\"https:\\\/\\\/www.ahmadiyya-islam.org\\\/es\\\/#\\\/schema\\\/person\\\/bbef07e2c3ccf919ce692a65f234abef\",\"name\":\"es3awaljalil\"}]}<\/script>\n<!-- \/ Yoast SEO Premium plugin. -->","yoast_head_json":{"title":"El Jalifa V del Mes\u00edas dirige la sesi\u00f3n de clausura del Iytema Nacional del Maylis Ansarul\u2019lah de Reino Unido","description":"\u201cTraer al mundo entero bajo la bandera del Santo Profeta Muhammad (que la paz y las bendiciones de Dios sean con \u00e9l) a trav\u00e9s de medios pac\u00edficos\u201d \u2013 Hazrat Mirza Masrur Ahmad","robots":{"index":"index","follow":"follow","max-snippet":"max-snippet:-1","max-image-preview":"max-image-preview:large","max-video-preview":"max-video-preview:-1"},"canonical":"https:\/\/www.ahmadiyya-islam.org\/es\/comunicados-de-prensa\/jalifa-dirige-clausura-iytema-ansarullah-reino-unido\/","og_locale":"es_ES","og_type":"article","og_title":"El Jalifa V del Mes\u00edas dirige la sesi\u00f3n de clausura del Iytema Nacional del Maylis Ansarul\u2019lah de Reino Unido","og_description":"\u201cTraer al mundo entero bajo la bandera del Santo Profeta Muhammad (que la paz y las bendiciones de Dios sean con \u00e9l) a trav\u00e9s de medios pac\u00edficos\u201d \u2013 Hazrat Mirza Masrur Ahmad","og_url":"https:\/\/www.ahmadiyya-islam.org\/es\/comunicados-de-prensa\/jalifa-dirige-clausura-iytema-ansarullah-reino-unido\/","og_site_name":"Comunidad Musulmana Ahmad\u00eda","article_published_time":"2023-10-11T15:11:59+00:00","article_modified_time":"2023-11-12T15:20:12+00:00","og_image":[{"width":1024,"height":540,"url":"https:\/\/www.ahmadiyya-islam.org\/es\/wp-content\/uploads\/sites\/10\/2023\/11\/20231008_182632-57CDE11E.jpg","type":"image\/jpeg"}],"author":"es3awaljalil","twitter_card":"summary_large_image","twitter_misc":{"Written by":"es3awaljalil","Est. reading time":"7 minutes"},"schema":{"@context":"https:\/\/schema.org","@graph":[{"@type":"Article","@id":"https:\/\/www.ahmadiyya-islam.org\/es\/comunicados-de-prensa\/jalifa-dirige-clausura-iytema-ansarullah-reino-unido\/#article","isPartOf":{"@id":"https:\/\/www.ahmadiyya-islam.org\/es\/comunicados-de-prensa\/jalifa-dirige-clausura-iytema-ansarullah-reino-unido\/"},"author":{"name":"es3awaljalil","@id":"https:\/\/www.ahmadiyya-islam.org\/es\/#\/schema\/person\/bbef07e2c3ccf919ce692a65f234abef"},"headline":"El Jalifa V del Mes\u00edas dirige la sesi\u00f3n de clausura del Iytema Nacional del Maylis Ansarul\u2019lah de Reino Unido","datePublished":"2023-10-11T15:11:59+00:00","dateModified":"2023-11-12T15:20:12+00:00","mainEntityOfPage":{"@id":"https:\/\/www.ahmadiyya-islam.org\/es\/comunicados-de-prensa\/jalifa-dirige-clausura-iytema-ansarullah-reino-unido\/"},"wordCount":1254,"publisher":{"@id":"https:\/\/www.ahmadiyya-islam.org\/es\/#organization"},"image":{"@id":"https:\/\/www.ahmadiyya-islam.org\/es\/comunicados-de-prensa\/jalifa-dirige-clausura-iytema-ansarullah-reino-unido\/#primaryimage"},"thumbnailUrl":"https:\/\/www.ahmadiyya-islam.org\/es\/wp-content\/uploads\/sites\/10\/2023\/11\/20231008_182632-57CDE11E.jpg","keywords":["Iytema 2023","Maylis Ansarul\u2019lah","Reino Unido"],"articleSection":["Comunicados de prensa"],"inLanguage":"es-ES"},{"@type":"WebPage","@id":"https:\/\/www.ahmadiyya-islam.org\/es\/comunicados-de-prensa\/jalifa-dirige-clausura-iytema-ansarullah-reino-unido\/","url":"https:\/\/www.ahmadiyya-islam.org\/es\/comunicados-de-prensa\/jalifa-dirige-clausura-iytema-ansarullah-reino-unido\/","name":"El Jalifa V del Mes\u00edas dirige la sesi\u00f3n de clausura del Iytema Nacional del Maylis Ansarul\u2019lah de Reino Unido","isPartOf":{"@id":"https:\/\/www.ahmadiyya-islam.org\/es\/#website"},"primaryImageOfPage":{"@id":"https:\/\/www.ahmadiyya-islam.org\/es\/comunicados-de-prensa\/jalifa-dirige-clausura-iytema-ansarullah-reino-unido\/#primaryimage"},"image":{"@id":"https:\/\/www.ahmadiyya-islam.org\/es\/comunicados-de-prensa\/jalifa-dirige-clausura-iytema-ansarullah-reino-unido\/#primaryimage"},"thumbnailUrl":"https:\/\/www.ahmadiyya-islam.org\/es\/wp-content\/uploads\/sites\/10\/2023\/11\/20231008_182632-57CDE11E.jpg","datePublished":"2023-10-11T15:11:59+00:00","dateModified":"2023-11-12T15:20:12+00:00","description":"\u201cTraer al mundo entero bajo la bandera del Santo Profeta Muhammad (que la paz y las bendiciones de Dios sean con \u00e9l) a trav\u00e9s de medios pac\u00edficos\u201d \u2013 Hazrat Mirza Masrur Ahmad","breadcrumb":{"@id":"https:\/\/www.ahmadiyya-islam.org\/es\/comunicados-de-prensa\/jalifa-dirige-clausura-iytema-ansarullah-reino-unido\/#breadcrumb"},"inLanguage":"es-ES","potentialAction":[{"@type":"ReadAction","target":["https:\/\/www.ahmadiyya-islam.org\/es\/comunicados-de-prensa\/jalifa-dirige-clausura-iytema-ansarullah-reino-unido\/"]}]},{"@type":"ImageObject","inLanguage":"es-ES","@id":"https:\/\/www.ahmadiyya-islam.org\/es\/comunicados-de-prensa\/jalifa-dirige-clausura-iytema-ansarullah-reino-unido\/#primaryimage","url":"https:\/\/www.ahmadiyya-islam.org\/es\/wp-content\/uploads\/sites\/10\/2023\/11\/20231008_182632-57CDE11E.jpg","contentUrl":"https:\/\/www.ahmadiyya-islam.org\/es\/wp-content\/uploads\/sites\/10\/2023\/11\/20231008_182632-57CDE11E.jpg","width":1024,"height":540},{"@type":"BreadcrumbList","@id":"https:\/\/www.ahmadiyya-islam.org\/es\/comunicados-de-prensa\/jalifa-dirige-clausura-iytema-ansarullah-reino-unido\/#breadcrumb","itemListElement":[{"@type":"ListItem","position":1,"name":"Home","item":"https:\/\/www.ahmadiyya-islam.org\/es\/"},{"@type":"ListItem","position":2,"name":"El Jalifa V del Mes\u00edas dirige la sesi\u00f3n de clausura del Iytema Nacional del Maylis Ansarul\u2019lah de Reino Unido"}]},{"@type":"WebSite","@id":"https:\/\/www.ahmadiyya-islam.org\/es\/#website","url":"https:\/\/www.ahmadiyya-islam.org\/es\/","name":"Comunidad Musulmana Ahmad\u00eda","description":"Internacional","publisher":{"@id":"https:\/\/www.ahmadiyya-islam.org\/es\/#organization"},"potentialAction":[{"@type":"SearchAction","target":{"@type":"EntryPoint","urlTemplate":"https:\/\/www.ahmadiyya-islam.org\/es\/?s={search_term_string}"},"query-input":{"@type":"PropertyValueSpecification","valueRequired":true,"valueName":"search_term_string"}}],"inLanguage":"es-ES"},{"@type":"Organization","@id":"https:\/\/www.ahmadiyya-islam.org\/es\/#organization","name":"Comunidad Musulmana Ahmad\u00eda","url":"https:\/\/www.ahmadiyya-islam.org\/es\/","logo":{"@type":"ImageObject","inLanguage":"es-ES","@id":"https:\/\/www.ahmadiyya-islam.org\/es\/#\/schema\/logo\/image\/","url":"https:\/\/www.ahmadiyya-islam.org\/es\/wp-content\/uploads\/sites\/10\/2015\/06\/alislam-logo.png","contentUrl":"https:\/\/www.ahmadiyya-islam.org\/es\/wp-content\/uploads\/sites\/10\/2015\/06\/alislam-logo.png","width":1859,"height":1859,"caption":"Comunidad Musulmana Ahmad\u00eda"},"image":{"@id":"https:\/\/www.ahmadiyya-islam.org\/es\/#\/schema\/logo\/image\/"}},{"@type":"Person","@id":"https:\/\/www.ahmadiyya-islam.org\/es\/#\/schema\/person\/bbef07e2c3ccf919ce692a65f234abef","name":"es3awaljalil"}]}},"_links":{"self":[{"href":"https:\/\/www.ahmadiyya-islam.org\/es\/wp-json\/wp\/v2\/posts\/16296","targetHints":{"allow":["GET"]}}],"collection":[{"href":"https:\/\/www.ahmadiyya-islam.org\/es\/wp-json\/wp\/v2\/posts"}],"about":[{"href":"https:\/\/www.ahmadiyya-islam.org\/es\/wp-json\/wp\/v2\/types\/post"}],"author":[{"embeddable":true,"href":"https:\/\/www.ahmadiyya-islam.org\/es\/wp-json\/wp\/v2\/users\/35"}],"replies":[{"embeddable":true,"href":"https:\/\/www.ahmadiyya-islam.org\/es\/wp-json\/wp\/v2\/comments?post=16296"}],"version-history":[{"count":1,"href":"https:\/\/www.ahmadiyya-islam.org\/es\/wp-json\/wp\/v2\/posts\/16296\/revisions"}],"predecessor-version":[{"id":16304,"href":"https:\/\/www.ahmadiyya-islam.org\/es\/wp-json\/wp\/v2\/posts\/16296\/revisions\/16304"}],"wp:featuredmedia":[{"embeddable":true,"href":"https:\/\/www.ahmadiyya-islam.org\/es\/wp-json\/wp\/v2\/media\/16299"}],"wp:attachment":[{"href":"https:\/\/www.ahmadiyya-islam.org\/es\/wp-json\/wp\/v2\/media?parent=16296"}],"wp:term":[{"taxonomy":"category","embeddable":true,"href":"https:\/\/www.ahmadiyya-islam.org\/es\/wp-json\/wp\/v2\/categories?post=16296"},{"taxonomy":"post_tag","embeddable":true,"href":"https:\/\/www.ahmadiyya-islam.org\/es\/wp-json\/wp\/v2\/tags?post=16296"},{"taxonomy":"authors","embeddable":true,"href":"https:\/\/www.ahmadiyya-islam.org\/es\/wp-json\/wp\/v2\/authors?post=16296"},{"taxonomy":"content_source","embeddable":true,"href":"https:\/\/www.ahmadiyya-islam.org\/es\/wp-json\/wp\/v2\/content_source?post=16296"}],"curies":[{"name":"wp","href":"https:\/\/api.w.org\/{rel}","templated":true}]}}