{"id":16250,"date":"2023-10-13T10:51:49","date_gmt":"2023-10-13T10:51:49","guid":{"rendered":"https:\/\/www.ahmadiyya-islam.org\/es\/?p=16250"},"modified":"2023-10-15T10:55:14","modified_gmt":"2023-10-15T10:55:14","slug":"lider-musulman-desescalada-guerra-palestina-israel","status":"publish","type":"post","link":"https:\/\/www.ahmadiyya-islam.org\/es\/comunicados-de-prensa\/lider-musulman-desescalada-guerra-palestina-israel\/","title":{"rendered":"L\u00edder musulm\u00e1n mundial pide la desescalada de la guerra entre Palestina e Israel"},"content":{"rendered":"<p><strong><em>&#8220;Si los musulmanes se unen y consiguen la unidad, tendr\u00e1n una voz fuerte e impactante&#8221;. &#8211; Hazrat Mirza Masrur Ahmad<\/em><\/strong><\/p>\n<p>El l\u00edder Mundial de la Comunidad Musulmana Ahmad\u00eda, Quinto Jalifa, Su Santidad, Hazrat Mirza Masrur Ahmad ha condenado la matanza de civiles inocentes de ambos bandos en la guerra entre Ham\u00e1s e Israel, y ha expresado su temor de que la situaci\u00f3n siga escapando de todo control.<\/p>\n<p>Durante su serm\u00f3n del viernes en la mezquita Mubarak de Islamabad en Londres, Su Santidad inst\u00f3 al mundo musulm\u00e1n a dejar a un lado sus diferencias y alzar la voz en favor de los palestinos inocentes que no tienen ning\u00fan v\u00ednculo con el terrorismo o el extremismo, y afirm\u00f3 que las grandes potencias deben dar prioridad a la desescalada y a la b\u00fasqueda de una soluci\u00f3n justa al conflicto.<\/p>\n<p>Hazrat Mirza Masrur Ahmad dijo:<\/p>\n<p><strong>&#8220;Durante los \u00faltimos d\u00edas se ha desatado la guerra entre Ham\u00e1s e Israel. Como resultado, mujeres, ni\u00f1os y ancianos y han sido asesinados, y contin\u00faan perdiendo la vida sin distinci\u00f3n alguna&#8221;.<\/strong><\/p>\n<p>Recordando a los musulmanes los mandamientos isl\u00e1micos, Hazrat Mirza Masrur Ahmad dijo:<\/p>\n<p><strong>&#8220;Incluso en una situaci\u00f3n de guerra declarada, el islam no permite matar a mujeres, ni\u00f1os, ancianos o civiles inocentes. El Santo Profeta Muhammad (la paz y las bendiciones sean con \u00e9l) dio instrucciones estrictas prohibiendo hacerlo&#8230; En esta reciente escalada de la guerra, Ham\u00e1s dio el primer paso y atac\u00f3 a ciudadanos israel\u00edes. Al margen del hecho de que haya personas inocentes que han sido injustamente asesinadas por el ej\u00e9rcito israel\u00ed, los musulmanes deben asegurarse de que siempre se adhieren a las ense\u00f1anzas del islam.&#8221;<\/strong><\/p>\n<p>Hazrat Mirza Masrur Ahmad continu\u00f3:<\/p>\n<p><strong>&#8220;All\u00e1 donde el ej\u00e9rcito israel\u00ed haya cometido injusticias, es su responsabilidad, y existen maneras l\u00edcitas y mejores de abordarlas. Si existe un estado de guerra leg\u00edtimo, este debe circunscribirse por entero a los respectivos ej\u00e9rcitos y nunca contra mujeres, ni\u00f1os, ancianos y civiles inocentes. En este sentido, la acci\u00f3n de Ham\u00e1s debe ser condenada&#8221;.<\/strong><\/p>\n<p>Hablando de las acciones del ej\u00e9rcito israel\u00ed, Hazrat Mirza Masrur Ahmad dijo:<\/p>\n<p><strong>&#8220;Sea cual sea la injusticia y la crueldad cometidas por Ham\u00e1s, la respuesta a la misma o la guerra deber\u00eda haberse limitado a Ham\u00e1s. Sin embargo, la respuesta (indiscriminada) del gobierno israel\u00ed es extremadamente peligrosa y parece que el conflicto no acabar\u00e1 aqu\u00ed. En realidad, es dif\u00edcil imaginar cu\u00e1ntas mujeres, ni\u00f1os, ancianos y civiles inocentes perder\u00e1n la vida. El gobierno israel\u00ed ha sugerido que destruir\u00e1 Gaza y para ello est\u00e1n llevando a cabo un bombardeo severo y abrumador. Est\u00e1n convirtiendo a la ciudad en polvo. El acontecimiento m\u00e1s reciente es el anuncio del Gobierno israel\u00ed para que un mill\u00f3n de personas abandonen (el norte de) Gaza inmediatamente&#8221;.<\/strong><\/p>\n<p>Hablando de la reacci\u00f3n de las Naciones Unidas, Hazrat Mirza Masrur Ahmad dijo:<\/p>\n<p><strong>&#8220;Afortunadamente -aunque con muchas vacilaciones- las Naciones Unidas est\u00e1n, al menos, alzando ahora una voz d\u00e9bil en respuesta a este acontecimiento. Han dicho que esta acci\u00f3n atenta contra los derechos humanos y que crear\u00eda enormes problemas, por lo que Israel deber\u00eda reflexionar sobre su decisi\u00f3n. En lugar de decir inequ\u00edvocamente que est\u00e1 mal, y en lugar de adoptar una postura m\u00e1s firme, las Naciones Unidas se limitan a hacer meras peticiones&#8221;.<\/strong><\/p>\n<p>Su Santidad volvi\u00f3 a recordar que la muerte de ni\u00f1os inocentes en ambos bandos es totalmente condenable y que el mundo no debe olvidar que los ni\u00f1os palestinos son tan inocentes como los ni\u00f1os de Israel.<\/p>\n<p>Su Santidad tambi\u00e9n record\u00f3 las ense\u00f1anzas de la fe jud\u00eda en relaci\u00f3n con las guerras y dijo que las ense\u00f1anzas del &#8220;Pueblo del Libro&#8221; son claras en el sentido de que matar inocentes es inadmisible, y que cuando Israel dice que Ham\u00e1s est\u00e1 matando inocentes, tambi\u00e9n deber\u00eda observar sus propias acciones y juzgar si se ajustan a sus propias ense\u00f1anzas religiosas.<\/p>\n<p>Su Santidad tambi\u00e9n record\u00f3 el hecho de que durante mucho tiempo \u00e9l ha estado instando a las principales potencias mundiales a que dejen de lado el comportamiento deshonesto, y establezcan una justicia absoluta e independiente de sus propios intereses. Si -dijo Su Santidad- as\u00ed lo hubieran hecho, la situaci\u00f3n en Palestina e Israel no hubiera llegado a esta fase cr\u00edtica.<\/p>\n<p>Al mencionar como todo el \u00e9nfasis a la hora de adoptar cualquier medida se toma contra los palestinos, Su Santidad dijo que las noticias indican que las fuerzas armadas de varios pa\u00edses del\u00a0 mundo se est\u00e1n preparando para acudir a la regi\u00f3n en contra de los palestinos y que las principales potencias occidentales tambi\u00e9n est\u00e1n preparando duras medidas contra los palestinos mientras <strong>&#8220;dejan de lado los principios de la justicia.&#8221;<\/strong><\/p>\n<p>Su Santidad destac\u00f3 el doble rasero en este conflicto al mencionar c\u00f3mo hay informes de v\u00eddeos e im\u00e1genes que muestran a mujeres y ni\u00f1os israel\u00edes inocentes siendo atacados y que han suscitado mucha simpat\u00eda entre la gente. M\u00e1s tarde, cuando ha salido a la luz que esas mujeres y ni\u00f1os inocentes eran en realidad palestinos, no se encuentra en los medios de comunicaci\u00f3n un nivel similar de simpat\u00eda hacia ellos.<\/p>\n<p>Hablando de esto, Hazrat Mirza Masrur Ahmad dijo:<\/p>\n<p><strong>&#8220;A estas personas s\u00f3lo les importa la regla de &#8216;la fuerza es la raz\u00f3n&#8217;, y simplemente se inclinan ante aquellos que ostentan la fuerza y el poder en el mundo. Si se piensa en esto, da la impresi\u00f3n de que las grandes potencias est\u00e1n empe\u00f1adas en incitar a la guerra, en lugar de ponerle fin.&#8221;<\/strong><\/p>\n<p>Hablando del papel de las Naciones Unidas en el establecimiento de la justicia, Su Santidad relat\u00f3 c\u00f3mo la Sociedad de Naciones fracas\u00f3 al no aplicar la justicia, lo que condujo a la Segunda Guerra Mundial, en la que murieron decenas de millones de personas. Ahora, dijo Su Santidad, las Naciones Unidas tambi\u00e9n est\u00e1n volviendo a fracasar en establecer la justicia y se encaminan en la misma direcci\u00f3n.<\/p>\n<p>En cuanto a la posible destrucci\u00f3n que f\u00e1cilmente podr\u00eda resultar de esta guerra, Hazrat Mirza Masrur Ahmad dijo:<\/p>\n<p><strong>&#8220;Una persona corriente no puede ni imaginar la guerra que puede surgir ahora como consecuencia de las injusticias que se han contemplado. Las grandes potencias conocen la intensidad del da\u00f1o que causar\u00e1, y sin embargo, no est\u00e1n interesadas en establecer la justicia y no est\u00e1n dispuestas a prestar atenci\u00f3n.&#8221; <\/strong><\/p>\n<p>Hazrat Mirza Masrur Ahmad record\u00f3 a los gobiernos musulmanes sus responsabilidades y dijo:<\/p>\n<p><strong>&#8220;En estas circunstancias, los musulmanes deben, al menos, darse cuenta de su responsabilidad y prestar atenci\u00f3n. Deben dejar a un lado sus diferencias e instaurar su unidad. Para mejorar sus relaciones con la Gente del Libro, Al&#8217;lah ha ordenado a los musulmanes convocarlos hacia &#8220;una palabra igual entre nosotros y vosotros&#8221; y convergir en la Unidad de Dios. Por tanto, los musulmanes, que tienen el mismo credo, deben unirse entre ellos a\u00fan m\u00e1s, dejando de lado sus diferencias. Deber\u00edan reflexionar y establecer su uni\u00f3n. Esta es la \u00fanica manera de eliminar la injusticia del mundo: cumplir con los requerimientos de la justicia y consolidar los derechos de los oprimidos. Para ello, los musulmanes deben alzar una voz fuerte al un\u00edsono mientras se unen en favor de los oprimidos de todo el mundo.&#8221;<\/strong><\/p>\n<p>Hazrat Mirza Masrur Ahmad tambi\u00e9n afirm\u00f3:<\/p>\n<p><strong>&#8220;Si los musulmanes se unen y se hacen uno, tendr\u00e1n una voz fuerte e impactante. De lo contrario, los gobiernos musulmanes ser\u00edan responsables de la muerte de musulmanes inocentes. Tengan siempre presente el dicho del Santo Profeta Muhammad (la paz y las bendiciones sean con \u00e9l) -y esto deber\u00edan tenerlo presente tambi\u00e9n las grandes potencias- de que debemos ayudar tanto al opresor como al oprimido. Debemos comprender la importancia de este mandato&#8221;.<\/strong><\/p>\n<p>Hazrat Mirza Masrur Ahmad rez\u00f3 y dijo:<\/p>\n<p><strong>&#8220;Que Al&#8217;lah gu\u00ede a las potencias musulmanas para que se unan con el fin de establecer la verdadera justicia. Que a las grandes potencias mundiales tambi\u00e9n se les conceda rectitud de miras para que, en lugar de llevar al mundo hacia la destrucci\u00f3n, intenten salvarlo. Que no conviertan en su objetivo el mero cumplimiento de sus deseos ego\u00edstas. Deber\u00edan recordar siempre que si hay destrucci\u00f3n las grandes potencias tampoco estar\u00e1n a salvo de ella&#8221;.\u00a0 <\/strong><\/p>\n<p>Su Santidad dijo que el \u00fanico arma que poseen y a la que recurren los musulmanes \u00e1hmadis es la de las oraciones, por lo que inst\u00f3 a los musulmanes \u00e1hmadis a <strong>&#8220;utilizar esta arma espiritual m\u00e1s que nunca.&#8221;<\/strong><\/p>\n<p>Hazrat Mirza Masrur Ahmad dijo:<\/p>\n<p><strong>&#8220;Que Al&#8217;lah haga entrar en raz\u00f3n tambi\u00e9n a Ham\u00e1s. Que no se conviertan en la causa de las injusticias contra su propio pueblo, y que no lleven a cabo crueldades e injusticias b\u00e1rbaras contra otros. Si han de luchar, que lo hagan a la luz de los principios justos del islam -en el que la enemistad de una naci\u00f3n no debe incitarnos a actuar de otro modo que no sea con justicia- pues \u00e9ste es el mandamiento de Al&#8217;lah el Todopoderoso. Que Al&#8217;lah capacite a las grandes potencias para cumplir con las exigencias de la justicia en ambos lados del conflicto y establecer la paz. Que no se vuelvan indulgentes con una de las partes a costa de la otra. Que no acrecienten la injusticia y que podamos ver la paz en el mundo con nuestros ojos &#8220;.<\/strong><\/p>\n","protected":false},"excerpt":{"rendered":"<p>&#8220;Si los musulmanes se unen y consiguen la unidad, tendr\u00e1n una voz fuerte e impactante&#8221;. &#8211; Hazrat Mirza Masrur Ahmad El l\u00edder Mundial de la Comunidad Musulmana Ahmad\u00eda, Quinto Jalifa, Su Santidad, Hazrat Mirza Masrur Ahmad ha condenado la matanza de civiles inocentes de ambos bandos en la guerra entre Ham\u00e1s e Israel, y ha<\/p>\n","protected":false},"author":35,"featured_media":16251,"comment_status":"closed","ping_status":"closed","sticky":false,"template":"","format":"standard","meta":{"_acf_changed":false,"footnotes":""},"categories":[1],"tags":[139,1162],"authors":[477],"content_source":[],"class_list":["post-16250","post","type-post","status-publish","format-standard","has-post-thumbnail","hentry","category-comunicados-de-prensa","tag-israel","tag-palestina","topics-justicia","topics-paz","topics-paz-mundial","authors-mirza-masrur-ahmad"],"acf":[],"yoast_head":"<!-- This site is optimized with the Yoast SEO Premium plugin v21.1 (Yoast SEO v27.4) - https:\/\/yoast.com\/product\/yoast-seo-premium-wordpress\/ -->\n<title>L\u00edder musulm\u00e1n mundial pide la desescalada de la guerra entre Palestina e Israel<\/title>\n<meta name=\"description\" content=\"&quot;Si los musulmanes se unen y consiguen la unidad, tendr\u00e1n una voz fuerte e impactante&quot;. - Hazrat Mirza Masrur Ahmad El l\u00edder Mundial de la Comunidad\" \/>\n<meta name=\"robots\" content=\"index, follow, max-snippet:-1, max-image-preview:large, max-video-preview:-1\" \/>\n<link rel=\"canonical\" href=\"https:\/\/www.ahmadiyya-islam.org\/es\/comunicados-de-prensa\/lider-musulman-desescalada-guerra-palestina-israel\/\" \/>\n<meta property=\"og:locale\" content=\"es_ES\" \/>\n<meta property=\"og:type\" content=\"article\" \/>\n<meta property=\"og:title\" content=\"L\u00edder musulm\u00e1n mundial pide la desescalada de la guerra entre Palestina e Israel\" \/>\n<meta property=\"og:description\" content=\"&quot;Si los musulmanes se unen y consiguen la unidad, tendr\u00e1n una voz fuerte e impactante&quot;. - Hazrat Mirza Masrur Ahmad El l\u00edder Mundial de la Comunidad\" \/>\n<meta property=\"og:url\" content=\"https:\/\/www.ahmadiyya-islam.org\/es\/comunicados-de-prensa\/lider-musulman-desescalada-guerra-palestina-israel\/\" \/>\n<meta property=\"og:site_name\" content=\"Comunidad Musulmana Ahmad\u00eda\" \/>\n<meta property=\"article:published_time\" content=\"2023-10-13T10:51:49+00:00\" \/>\n<meta property=\"article:modified_time\" content=\"2023-10-15T10:55:14+00:00\" \/>\n<meta property=\"og:image\" content=\"https:\/\/www.ahmadiyya-islam.org\/es\/wp-content\/uploads\/sites\/10\/2023\/10\/ezgif-2-92c64ad09e.jpg\" \/>\n\t<meta property=\"og:image:width\" content=\"1080\" \/>\n\t<meta property=\"og:image:height\" content=\"699\" \/>\n\t<meta property=\"og:image:type\" content=\"image\/jpeg\" \/>\n<meta name=\"author\" content=\"es3awaljalil\" \/>\n<meta name=\"twitter:card\" content=\"summary_large_image\" \/>\n<meta name=\"twitter:label1\" content=\"Written by\" \/>\n\t<meta name=\"twitter:data1\" content=\"es3awaljalil\" \/>\n\t<meta name=\"twitter:label2\" content=\"Est. reading time\" \/>\n\t<meta name=\"twitter:data2\" content=\"7 minutes\" \/>\n<script type=\"application\/ld+json\" class=\"yoast-schema-graph\">{\"@context\":\"https:\\\/\\\/schema.org\",\"@graph\":[{\"@type\":\"Article\",\"@id\":\"https:\\\/\\\/www.ahmadiyya-islam.org\\\/es\\\/comunicados-de-prensa\\\/lider-musulman-desescalada-guerra-palestina-israel\\\/#article\",\"isPartOf\":{\"@id\":\"https:\\\/\\\/www.ahmadiyya-islam.org\\\/es\\\/comunicados-de-prensa\\\/lider-musulman-desescalada-guerra-palestina-israel\\\/\"},\"author\":{\"name\":\"es3awaljalil\",\"@id\":\"https:\\\/\\\/www.ahmadiyya-islam.org\\\/es\\\/#\\\/schema\\\/person\\\/bbef07e2c3ccf919ce692a65f234abef\"},\"headline\":\"L\u00edder musulm\u00e1n mundial pide la desescalada de la guerra entre Palestina e Israel\",\"datePublished\":\"2023-10-13T10:51:49+00:00\",\"dateModified\":\"2023-10-15T10:55:14+00:00\",\"mainEntityOfPage\":{\"@id\":\"https:\\\/\\\/www.ahmadiyya-islam.org\\\/es\\\/comunicados-de-prensa\\\/lider-musulman-desescalada-guerra-palestina-israel\\\/\"},\"wordCount\":1650,\"publisher\":{\"@id\":\"https:\\\/\\\/www.ahmadiyya-islam.org\\\/es\\\/#organization\"},\"image\":{\"@id\":\"https:\\\/\\\/www.ahmadiyya-islam.org\\\/es\\\/comunicados-de-prensa\\\/lider-musulman-desescalada-guerra-palestina-israel\\\/#primaryimage\"},\"thumbnailUrl\":\"https:\\\/\\\/www.ahmadiyya-islam.org\\\/es\\\/wp-content\\\/uploads\\\/sites\\\/10\\\/2023\\\/10\\\/ezgif-2-92c64ad09e.jpg\",\"keywords\":[\"Israel\",\"Palestina\"],\"articleSection\":[\"Comunicados de prensa\"],\"inLanguage\":\"es-ES\"},{\"@type\":\"WebPage\",\"@id\":\"https:\\\/\\\/www.ahmadiyya-islam.org\\\/es\\\/comunicados-de-prensa\\\/lider-musulman-desescalada-guerra-palestina-israel\\\/\",\"url\":\"https:\\\/\\\/www.ahmadiyya-islam.org\\\/es\\\/comunicados-de-prensa\\\/lider-musulman-desescalada-guerra-palestina-israel\\\/\",\"name\":\"L\u00edder musulm\u00e1n mundial pide la desescalada de la guerra entre Palestina e Israel\",\"isPartOf\":{\"@id\":\"https:\\\/\\\/www.ahmadiyya-islam.org\\\/es\\\/#website\"},\"primaryImageOfPage\":{\"@id\":\"https:\\\/\\\/www.ahmadiyya-islam.org\\\/es\\\/comunicados-de-prensa\\\/lider-musulman-desescalada-guerra-palestina-israel\\\/#primaryimage\"},\"image\":{\"@id\":\"https:\\\/\\\/www.ahmadiyya-islam.org\\\/es\\\/comunicados-de-prensa\\\/lider-musulman-desescalada-guerra-palestina-israel\\\/#primaryimage\"},\"thumbnailUrl\":\"https:\\\/\\\/www.ahmadiyya-islam.org\\\/es\\\/wp-content\\\/uploads\\\/sites\\\/10\\\/2023\\\/10\\\/ezgif-2-92c64ad09e.jpg\",\"datePublished\":\"2023-10-13T10:51:49+00:00\",\"dateModified\":\"2023-10-15T10:55:14+00:00\",\"description\":\"\\\"Si los musulmanes se unen y consiguen la unidad, tendr\u00e1n una voz fuerte e impactante\\\". - Hazrat Mirza Masrur Ahmad El l\u00edder Mundial de la Comunidad\",\"breadcrumb\":{\"@id\":\"https:\\\/\\\/www.ahmadiyya-islam.org\\\/es\\\/comunicados-de-prensa\\\/lider-musulman-desescalada-guerra-palestina-israel\\\/#breadcrumb\"},\"inLanguage\":\"es-ES\",\"potentialAction\":[{\"@type\":\"ReadAction\",\"target\":[\"https:\\\/\\\/www.ahmadiyya-islam.org\\\/es\\\/comunicados-de-prensa\\\/lider-musulman-desescalada-guerra-palestina-israel\\\/\"]}]},{\"@type\":\"ImageObject\",\"inLanguage\":\"es-ES\",\"@id\":\"https:\\\/\\\/www.ahmadiyya-islam.org\\\/es\\\/comunicados-de-prensa\\\/lider-musulman-desescalada-guerra-palestina-israel\\\/#primaryimage\",\"url\":\"https:\\\/\\\/www.ahmadiyya-islam.org\\\/es\\\/wp-content\\\/uploads\\\/sites\\\/10\\\/2023\\\/10\\\/ezgif-2-92c64ad09e.jpg\",\"contentUrl\":\"https:\\\/\\\/www.ahmadiyya-islam.org\\\/es\\\/wp-content\\\/uploads\\\/sites\\\/10\\\/2023\\\/10\\\/ezgif-2-92c64ad09e.jpg\",\"width\":1080,\"height\":699},{\"@type\":\"BreadcrumbList\",\"@id\":\"https:\\\/\\\/www.ahmadiyya-islam.org\\\/es\\\/comunicados-de-prensa\\\/lider-musulman-desescalada-guerra-palestina-israel\\\/#breadcrumb\",\"itemListElement\":[{\"@type\":\"ListItem\",\"position\":1,\"name\":\"Home\",\"item\":\"https:\\\/\\\/www.ahmadiyya-islam.org\\\/es\\\/\"},{\"@type\":\"ListItem\",\"position\":2,\"name\":\"L\u00edder musulm\u00e1n mundial pide la desescalada de la guerra entre Palestina e Israel\"}]},{\"@type\":\"WebSite\",\"@id\":\"https:\\\/\\\/www.ahmadiyya-islam.org\\\/es\\\/#website\",\"url\":\"https:\\\/\\\/www.ahmadiyya-islam.org\\\/es\\\/\",\"name\":\"Comunidad Musulmana Ahmad\u00eda\",\"description\":\"Internacional\",\"publisher\":{\"@id\":\"https:\\\/\\\/www.ahmadiyya-islam.org\\\/es\\\/#organization\"},\"potentialAction\":[{\"@type\":\"SearchAction\",\"target\":{\"@type\":\"EntryPoint\",\"urlTemplate\":\"https:\\\/\\\/www.ahmadiyya-islam.org\\\/es\\\/?s={search_term_string}\"},\"query-input\":{\"@type\":\"PropertyValueSpecification\",\"valueRequired\":true,\"valueName\":\"search_term_string\"}}],\"inLanguage\":\"es-ES\"},{\"@type\":\"Organization\",\"@id\":\"https:\\\/\\\/www.ahmadiyya-islam.org\\\/es\\\/#organization\",\"name\":\"Comunidad Musulmana Ahmad\u00eda\",\"url\":\"https:\\\/\\\/www.ahmadiyya-islam.org\\\/es\\\/\",\"logo\":{\"@type\":\"ImageObject\",\"inLanguage\":\"es-ES\",\"@id\":\"https:\\\/\\\/www.ahmadiyya-islam.org\\\/es\\\/#\\\/schema\\\/logo\\\/image\\\/\",\"url\":\"https:\\\/\\\/www.ahmadiyya-islam.org\\\/es\\\/wp-content\\\/uploads\\\/sites\\\/10\\\/2015\\\/06\\\/alislam-logo.png\",\"contentUrl\":\"https:\\\/\\\/www.ahmadiyya-islam.org\\\/es\\\/wp-content\\\/uploads\\\/sites\\\/10\\\/2015\\\/06\\\/alislam-logo.png\",\"width\":1859,\"height\":1859,\"caption\":\"Comunidad Musulmana Ahmad\u00eda\"},\"image\":{\"@id\":\"https:\\\/\\\/www.ahmadiyya-islam.org\\\/es\\\/#\\\/schema\\\/logo\\\/image\\\/\"}},{\"@type\":\"Person\",\"@id\":\"https:\\\/\\\/www.ahmadiyya-islam.org\\\/es\\\/#\\\/schema\\\/person\\\/bbef07e2c3ccf919ce692a65f234abef\",\"name\":\"es3awaljalil\"}]}<\/script>\n<!-- \/ Yoast SEO Premium plugin. -->","yoast_head_json":{"title":"L\u00edder musulm\u00e1n mundial pide la desescalada de la guerra entre Palestina e Israel","description":"\"Si los musulmanes se unen y consiguen la unidad, tendr\u00e1n una voz fuerte e impactante\". - Hazrat Mirza Masrur Ahmad El l\u00edder Mundial de la Comunidad","robots":{"index":"index","follow":"follow","max-snippet":"max-snippet:-1","max-image-preview":"max-image-preview:large","max-video-preview":"max-video-preview:-1"},"canonical":"https:\/\/www.ahmadiyya-islam.org\/es\/comunicados-de-prensa\/lider-musulman-desescalada-guerra-palestina-israel\/","og_locale":"es_ES","og_type":"article","og_title":"L\u00edder musulm\u00e1n mundial pide la desescalada de la guerra entre Palestina e Israel","og_description":"\"Si los musulmanes se unen y consiguen la unidad, tendr\u00e1n una voz fuerte e impactante\". - Hazrat Mirza Masrur Ahmad El l\u00edder Mundial de la Comunidad","og_url":"https:\/\/www.ahmadiyya-islam.org\/es\/comunicados-de-prensa\/lider-musulman-desescalada-guerra-palestina-israel\/","og_site_name":"Comunidad Musulmana Ahmad\u00eda","article_published_time":"2023-10-13T10:51:49+00:00","article_modified_time":"2023-10-15T10:55:14+00:00","og_image":[{"width":1080,"height":699,"url":"https:\/\/www.ahmadiyya-islam.org\/es\/wp-content\/uploads\/sites\/10\/2023\/10\/ezgif-2-92c64ad09e.jpg","type":"image\/jpeg"}],"author":"es3awaljalil","twitter_card":"summary_large_image","twitter_misc":{"Written by":"es3awaljalil","Est. reading time":"7 minutes"},"schema":{"@context":"https:\/\/schema.org","@graph":[{"@type":"Article","@id":"https:\/\/www.ahmadiyya-islam.org\/es\/comunicados-de-prensa\/lider-musulman-desescalada-guerra-palestina-israel\/#article","isPartOf":{"@id":"https:\/\/www.ahmadiyya-islam.org\/es\/comunicados-de-prensa\/lider-musulman-desescalada-guerra-palestina-israel\/"},"author":{"name":"es3awaljalil","@id":"https:\/\/www.ahmadiyya-islam.org\/es\/#\/schema\/person\/bbef07e2c3ccf919ce692a65f234abef"},"headline":"L\u00edder musulm\u00e1n mundial pide la desescalada de la guerra entre Palestina e Israel","datePublished":"2023-10-13T10:51:49+00:00","dateModified":"2023-10-15T10:55:14+00:00","mainEntityOfPage":{"@id":"https:\/\/www.ahmadiyya-islam.org\/es\/comunicados-de-prensa\/lider-musulman-desescalada-guerra-palestina-israel\/"},"wordCount":1650,"publisher":{"@id":"https:\/\/www.ahmadiyya-islam.org\/es\/#organization"},"image":{"@id":"https:\/\/www.ahmadiyya-islam.org\/es\/comunicados-de-prensa\/lider-musulman-desescalada-guerra-palestina-israel\/#primaryimage"},"thumbnailUrl":"https:\/\/www.ahmadiyya-islam.org\/es\/wp-content\/uploads\/sites\/10\/2023\/10\/ezgif-2-92c64ad09e.jpg","keywords":["Israel","Palestina"],"articleSection":["Comunicados de prensa"],"inLanguage":"es-ES"},{"@type":"WebPage","@id":"https:\/\/www.ahmadiyya-islam.org\/es\/comunicados-de-prensa\/lider-musulman-desescalada-guerra-palestina-israel\/","url":"https:\/\/www.ahmadiyya-islam.org\/es\/comunicados-de-prensa\/lider-musulman-desescalada-guerra-palestina-israel\/","name":"L\u00edder musulm\u00e1n mundial pide la desescalada de la guerra entre Palestina e Israel","isPartOf":{"@id":"https:\/\/www.ahmadiyya-islam.org\/es\/#website"},"primaryImageOfPage":{"@id":"https:\/\/www.ahmadiyya-islam.org\/es\/comunicados-de-prensa\/lider-musulman-desescalada-guerra-palestina-israel\/#primaryimage"},"image":{"@id":"https:\/\/www.ahmadiyya-islam.org\/es\/comunicados-de-prensa\/lider-musulman-desescalada-guerra-palestina-israel\/#primaryimage"},"thumbnailUrl":"https:\/\/www.ahmadiyya-islam.org\/es\/wp-content\/uploads\/sites\/10\/2023\/10\/ezgif-2-92c64ad09e.jpg","datePublished":"2023-10-13T10:51:49+00:00","dateModified":"2023-10-15T10:55:14+00:00","description":"\"Si los musulmanes se unen y consiguen la unidad, tendr\u00e1n una voz fuerte e impactante\". - Hazrat Mirza Masrur Ahmad El l\u00edder Mundial de la Comunidad","breadcrumb":{"@id":"https:\/\/www.ahmadiyya-islam.org\/es\/comunicados-de-prensa\/lider-musulman-desescalada-guerra-palestina-israel\/#breadcrumb"},"inLanguage":"es-ES","potentialAction":[{"@type":"ReadAction","target":["https:\/\/www.ahmadiyya-islam.org\/es\/comunicados-de-prensa\/lider-musulman-desescalada-guerra-palestina-israel\/"]}]},{"@type":"ImageObject","inLanguage":"es-ES","@id":"https:\/\/www.ahmadiyya-islam.org\/es\/comunicados-de-prensa\/lider-musulman-desescalada-guerra-palestina-israel\/#primaryimage","url":"https:\/\/www.ahmadiyya-islam.org\/es\/wp-content\/uploads\/sites\/10\/2023\/10\/ezgif-2-92c64ad09e.jpg","contentUrl":"https:\/\/www.ahmadiyya-islam.org\/es\/wp-content\/uploads\/sites\/10\/2023\/10\/ezgif-2-92c64ad09e.jpg","width":1080,"height":699},{"@type":"BreadcrumbList","@id":"https:\/\/www.ahmadiyya-islam.org\/es\/comunicados-de-prensa\/lider-musulman-desescalada-guerra-palestina-israel\/#breadcrumb","itemListElement":[{"@type":"ListItem","position":1,"name":"Home","item":"https:\/\/www.ahmadiyya-islam.org\/es\/"},{"@type":"ListItem","position":2,"name":"L\u00edder musulm\u00e1n mundial pide la desescalada de la guerra entre Palestina e Israel"}]},{"@type":"WebSite","@id":"https:\/\/www.ahmadiyya-islam.org\/es\/#website","url":"https:\/\/www.ahmadiyya-islam.org\/es\/","name":"Comunidad Musulmana Ahmad\u00eda","description":"Internacional","publisher":{"@id":"https:\/\/www.ahmadiyya-islam.org\/es\/#organization"},"potentialAction":[{"@type":"SearchAction","target":{"@type":"EntryPoint","urlTemplate":"https:\/\/www.ahmadiyya-islam.org\/es\/?s={search_term_string}"},"query-input":{"@type":"PropertyValueSpecification","valueRequired":true,"valueName":"search_term_string"}}],"inLanguage":"es-ES"},{"@type":"Organization","@id":"https:\/\/www.ahmadiyya-islam.org\/es\/#organization","name":"Comunidad Musulmana Ahmad\u00eda","url":"https:\/\/www.ahmadiyya-islam.org\/es\/","logo":{"@type":"ImageObject","inLanguage":"es-ES","@id":"https:\/\/www.ahmadiyya-islam.org\/es\/#\/schema\/logo\/image\/","url":"https:\/\/www.ahmadiyya-islam.org\/es\/wp-content\/uploads\/sites\/10\/2015\/06\/alislam-logo.png","contentUrl":"https:\/\/www.ahmadiyya-islam.org\/es\/wp-content\/uploads\/sites\/10\/2015\/06\/alislam-logo.png","width":1859,"height":1859,"caption":"Comunidad Musulmana Ahmad\u00eda"},"image":{"@id":"https:\/\/www.ahmadiyya-islam.org\/es\/#\/schema\/logo\/image\/"}},{"@type":"Person","@id":"https:\/\/www.ahmadiyya-islam.org\/es\/#\/schema\/person\/bbef07e2c3ccf919ce692a65f234abef","name":"es3awaljalil"}]}},"_links":{"self":[{"href":"https:\/\/www.ahmadiyya-islam.org\/es\/wp-json\/wp\/v2\/posts\/16250","targetHints":{"allow":["GET"]}}],"collection":[{"href":"https:\/\/www.ahmadiyya-islam.org\/es\/wp-json\/wp\/v2\/posts"}],"about":[{"href":"https:\/\/www.ahmadiyya-islam.org\/es\/wp-json\/wp\/v2\/types\/post"}],"author":[{"embeddable":true,"href":"https:\/\/www.ahmadiyya-islam.org\/es\/wp-json\/wp\/v2\/users\/35"}],"replies":[{"embeddable":true,"href":"https:\/\/www.ahmadiyya-islam.org\/es\/wp-json\/wp\/v2\/comments?post=16250"}],"version-history":[{"count":1,"href":"https:\/\/www.ahmadiyya-islam.org\/es\/wp-json\/wp\/v2\/posts\/16250\/revisions"}],"predecessor-version":[{"id":16252,"href":"https:\/\/www.ahmadiyya-islam.org\/es\/wp-json\/wp\/v2\/posts\/16250\/revisions\/16252"}],"wp:featuredmedia":[{"embeddable":true,"href":"https:\/\/www.ahmadiyya-islam.org\/es\/wp-json\/wp\/v2\/media\/16251"}],"wp:attachment":[{"href":"https:\/\/www.ahmadiyya-islam.org\/es\/wp-json\/wp\/v2\/media?parent=16250"}],"wp:term":[{"taxonomy":"category","embeddable":true,"href":"https:\/\/www.ahmadiyya-islam.org\/es\/wp-json\/wp\/v2\/categories?post=16250"},{"taxonomy":"post_tag","embeddable":true,"href":"https:\/\/www.ahmadiyya-islam.org\/es\/wp-json\/wp\/v2\/tags?post=16250"},{"taxonomy":"authors","embeddable":true,"href":"https:\/\/www.ahmadiyya-islam.org\/es\/wp-json\/wp\/v2\/authors?post=16250"},{"taxonomy":"content_source","embeddable":true,"href":"https:\/\/www.ahmadiyya-islam.org\/es\/wp-json\/wp\/v2\/content_source?post=16250"}],"curies":[{"name":"wp","href":"https:\/\/api.w.org\/{rel}","templated":true}]}}