{"id":16197,"date":"2023-09-14T10:14:06","date_gmt":"2023-09-14T10:14:06","guid":{"rendered":"https:\/\/www.ahmadiyya-islam.org\/es\/?p=16197"},"modified":"2023-09-14T10:14:06","modified_gmt":"2023-09-14T10:14:06","slug":"jalifa-mesias-mujeres-yalsa","status":"publish","type":"post","link":"https:\/\/www.ahmadiyya-islam.org\/es\/comunicados-de-prensa\/jalifa-mesias-mujeres-yalsa\/","title":{"rendered":"El Jalifa V del Mes\u00edas se dirige a la sesi\u00f3n de mujeres en el Yalsa Salana Alemania 2023"},"content":{"rendered":"<p>\u201cIncumbe a las mujeres participar en la propagaci\u00f3n de la fe\u201d \u2013 Hazrat Mirza Masrur Ahmad<\/p>\n<p>El 2 de septiembre de 2023, el L\u00edder Mundial de la Comunidad Musulmana Ahmad\u00eda, el Jalifa V del Mes\u00edas, Su Santidad, Hazrat Mirza Masrur Ahmad, se dirigi\u00f3 a las mujeres del Yalsa Salana de Alemania y habl\u00f3 sobre el papel y los derechos de las mujeres en el islam.<\/p>\n<p>A lo largo del discurso, Hazrat Mirza Masrur Ahmad narr\u00f3 los sacrificios inspiradores de fe realizados por mujeres musulmanas ejemplares y piadosas del pasado, as\u00ed como su extraordinaria paciencia para defender su fe frente a la persecuci\u00f3n extrema. Su Santidad explic\u00f3 que estos ejemplos sirven como recordatorio para que hombres y mujeres aumenten su fe.<\/p>\n<p><img loading=\"lazy\" decoding=\"async\" class=\"size-full wp-image-16200 aligncenter\" src=\"https:\/\/www.ahmadiyya-islam.org\/es\/wp-content\/uploads\/sites\/10\/2023\/09\/20230902_132543-31A85C06.jpg\" alt=\"\" width=\"1024\" height=\"564\" srcset=\"https:\/\/www.ahmadiyya-islam.org\/es\/wp-content\/uploads\/sites\/10\/2023\/09\/20230902_132543-31A85C06.jpg 1024w, https:\/\/www.ahmadiyya-islam.org\/es\/wp-content\/uploads\/sites\/10\/2023\/09\/20230902_132543-31A85C06-300x165.jpg 300w, https:\/\/www.ahmadiyya-islam.org\/es\/wp-content\/uploads\/sites\/10\/2023\/09\/20230902_132543-31A85C06-150x83.jpg 150w, https:\/\/www.ahmadiyya-islam.org\/es\/wp-content\/uploads\/sites\/10\/2023\/09\/20230902_132543-31A85C06-768x423.jpg 768w\" sizes=\"auto, (max-width: 1024px) 100vw, 1024px\" \/><\/p>\n<p>Hazrat Mirza Masrur Ahmad comenz\u00f3 su discurso destacando el car\u00e1cter, el sacrificio y el legado de aquellas mujeres que hab\u00edan obtenido grandes beneficios de la bendita compa\u00f1\u00eda del Santo Profeta Muhammad (la paz y las bendiciones sean con \u00e9l).<\/p>\n<p>Hazrat Mirza Masrur Ahmad declar\u00f3:<\/p>\n<p>\u201cAquellas mujeres musulmanas (durante el periodo inicial del islam) se esforzaron por retratar la verdadera imagen del islam en cada momento de sus vidas \u2013 ya sea que se tratara de la obediencia a Dios Alt\u00edsimo, niveles elevados de adoraci\u00f3n, responsabilidades dom\u00e9sticas y sociales, responsabilidades educativas de hijos, sacrificios f\u00edsicos y financieros u oportunidades de mostrar coraje y valent\u00eda por el bien del islam. As\u00ed, estas mujeres sentaron una base ejemplar en cada oportunidad y paso de sus vidas.\u201d<\/p>\n<p>Su Santidad mencion\u00f3 c\u00f3mo las mujeres pioneras del islam realizaron expediciones y viajaron por el bien del islam, al igual que las mujeres musulmanas \u00e1hmadis.<\/p>\n<p>Al aconsejar que las mujeres musulmanas \u00e1hmadis deben servir a la causa del islam lo mejor que puedan, Hazrat Mirza Masrur Ahmad dijo:<\/p>\n<p>\u201cEn lugar de simplemente repetir el juramento de que daremos prioridad a nuestra fe sobre el mundo, todos y cada uno de nosotros deber\u00edamos evaluar si realmente estamos cumpliendo este juramento.\u201d<\/p>\n<p>Hazrat Mirza Masrur Ahmad abord\u00f3 el tema de la libertad religiosa y present\u00f3 ejemplos de este derecho otorgado a las mujeres desde los inicios del islam.<\/p>\n<p><img loading=\"lazy\" decoding=\"async\" class=\"size-full wp-image-16199 aligncenter\" src=\"https:\/\/www.ahmadiyya-islam.org\/es\/wp-content\/uploads\/sites\/10\/2023\/09\/20230902_124658-122DE8F4.jpg\" alt=\"\" width=\"1024\" height=\"619\" srcset=\"https:\/\/www.ahmadiyya-islam.org\/es\/wp-content\/uploads\/sites\/10\/2023\/09\/20230902_124658-122DE8F4.jpg 1024w, https:\/\/www.ahmadiyya-islam.org\/es\/wp-content\/uploads\/sites\/10\/2023\/09\/20230902_124658-122DE8F4-300x181.jpg 300w, https:\/\/www.ahmadiyya-islam.org\/es\/wp-content\/uploads\/sites\/10\/2023\/09\/20230902_124658-122DE8F4-150x91.jpg 150w, https:\/\/www.ahmadiyya-islam.org\/es\/wp-content\/uploads\/sites\/10\/2023\/09\/20230902_124658-122DE8F4-768x464.jpg 768w\" sizes=\"auto, (max-width: 1024px) 100vw, 1024px\" \/><\/p>\n<p>Hazrat Mirza Masrur Ahmad dijo:<\/p>\n<p>\u201cDe ninguna manera el islam ordena a las mujeres permanecer tras las puertas cerradas ni las mujeres musulmanas lo hicieron en los inicios del islam, sino que ven\u00edan a escuchar los sermones del Santo Profeta Muhammad (la paz y las bendiciones sean con \u00e9l). Participaban en batallas, trataban a los heridos, embarcaban en expediciones, montaban a caballos y camellos, buscaron conocimiento de los hombres y luego ense\u00f1ar\u00edan a otros tambi\u00e9n.\u201d<\/p>\n<p>Hazrat Mirza Masrur Ahmad tambi\u00e9n enfatiz\u00f3 el mandato de pardah (hiyab y\/o cubrirse) que las mujeres deb\u00edan cumplir mientras realizaban las tareas antes mencionadas.<\/p>\n<p>Hazrat Mirza Masrur Ahmad dijo:<\/p>\n<p>\u201cAs\u00ed, a ellas (las mujeres) se les concedi\u00f3 total libertad pr\u00e1ctica. S\u00f3lo se les orden\u00f3 practicar el hiyab \u2013mientras practicaban su libertad\u2013 para que aquellas v\u00edas que conducen al pecado permanezcan cerradas, pero si pueden ser m\u00e1s cautelosos, pueden usar el niqab (cubrirse la cara). Sin embargo, permanecer atrapado en casa y alejado de los trabajos acad\u00e9micos y educativos no es lo que ense\u00f1a el islam ni se ha practicado nunca en el pasado.\u201d<\/p>\n<p><img loading=\"lazy\" decoding=\"async\" class=\"size-full wp-image-16198 aligncenter\" src=\"https:\/\/www.ahmadiyya-islam.org\/es\/wp-content\/uploads\/sites\/10\/2023\/09\/20230902_132754-F0653B43.jpg\" alt=\"\" width=\"683\" height=\"1024\" srcset=\"https:\/\/www.ahmadiyya-islam.org\/es\/wp-content\/uploads\/sites\/10\/2023\/09\/20230902_132754-F0653B43.jpg 683w, https:\/\/www.ahmadiyya-islam.org\/es\/wp-content\/uploads\/sites\/10\/2023\/09\/20230902_132754-F0653B43-200x300.jpg 200w, https:\/\/www.ahmadiyya-islam.org\/es\/wp-content\/uploads\/sites\/10\/2023\/09\/20230902_132754-F0653B43-100x150.jpg 100w\" sizes=\"auto, (max-width: 683px) 100vw, 683px\" \/><\/p>\n<p>Concluyendo, Hazrat Mirza Masrur Ahmad record\u00f3 una vez m\u00e1s a los asistentes sus responsabilidades en estos tiempos con respecto al desarrollo personal.<\/p>\n<p>Hazrat Mirza Masrur Ahmad declar\u00f3:<\/p>\n<p>\u201cLa batalla que hay que librar hoy es la de la pluma; es la yihad de la distribuci\u00f3n de literatura y la yihad de la propagaci\u00f3n del mensaje del islam. Por lo tanto, corresponde a las mujeres participar en la propagaci\u00f3n de la fe y utilizar esta herramienta espiritual dise\u00f1ada para difundir el mensaje del islam. Deben buscar conocimiento religioso en el Sagrado Cor\u00e1n, los dichos del Santo Profeta (la paz y las bendiciones sean con \u00e9l) y los escritos del Mes\u00edas Prometido (la paz sea con \u00e9l) para familiarizarse con las ense\u00f1anzas isl\u00e1micas y predicar con el ejemplo. S\u00f3lo entonces podr\u00e1n servir al islam.\u201d<\/p>\n","protected":false},"excerpt":{"rendered":"<p>\u201cIncumbe a las mujeres participar en la propagaci\u00f3n de la fe\u201d \u2013 Hazrat Mirza Masrur Ahmad El 2 de septiembre de 2023, el L\u00edder Mundial de la Comunidad Musulmana Ahmad\u00eda, el Jalifa V del Mes\u00edas, Su Santidad, Hazrat Mirza Masrur Ahmad, se dirigi\u00f3 a las mujeres del Yalsa Salana de Alemania y habl\u00f3 sobre el<\/p>\n","protected":false},"author":35,"featured_media":16201,"comment_status":"closed","ping_status":"closed","sticky":false,"template":"","format":"standard","meta":{"_acf_changed":false,"footnotes":""},"categories":[1],"tags":[1304],"authors":[],"content_source":[],"class_list":["post-16197","post","type-post","status-publish","format-standard","has-post-thumbnail","hentry","category-comunicados-de-prensa","tag-alemania-2023","topics-alemania","topics-yalsa-salana"],"acf":[],"yoast_head":"<!-- This site is optimized with the Yoast SEO Premium plugin v21.1 (Yoast SEO v27.4) - https:\/\/yoast.com\/product\/yoast-seo-premium-wordpress\/ -->\n<title>El Jalifa V del Mes\u00edas se dirige a la sesi\u00f3n de mujeres en el Yalsa Salana Alemania 2023<\/title>\n<meta name=\"description\" content=\"El Jalifa V del Mes\u00edas narr\u00f3 los sacrificios realizados por las mujeres musulmanas en los comienzos del islam y presenta los derechos, libertades y obligaciones que el islam ha concedido a la mujer.\" \/>\n<meta name=\"robots\" content=\"index, follow, max-snippet:-1, max-image-preview:large, max-video-preview:-1\" \/>\n<link rel=\"canonical\" href=\"https:\/\/www.ahmadiyya-islam.org\/es\/comunicados-de-prensa\/jalifa-mesias-mujeres-yalsa\/\" \/>\n<meta property=\"og:locale\" content=\"es_ES\" \/>\n<meta property=\"og:type\" content=\"article\" \/>\n<meta property=\"og:title\" content=\"El Jalifa V del Mes\u00edas se dirige a la sesi\u00f3n de mujeres en el Yalsa Salana Alemania 2023\" \/>\n<meta property=\"og:description\" content=\"El Jalifa V del Mes\u00edas narr\u00f3 los sacrificios realizados por las mujeres musulmanas en los comienzos del islam y presenta los derechos, libertades y obligaciones que el islam ha concedido a la mujer.\" \/>\n<meta property=\"og:url\" content=\"https:\/\/www.ahmadiyya-islam.org\/es\/comunicados-de-prensa\/jalifa-mesias-mujeres-yalsa\/\" \/>\n<meta property=\"og:site_name\" content=\"Comunidad Musulmana Ahmad\u00eda\" \/>\n<meta property=\"article:published_time\" content=\"2023-09-14T10:14:06+00:00\" \/>\n<meta property=\"og:image\" content=\"https:\/\/www.ahmadiyya-islam.org\/es\/wp-content\/uploads\/sites\/10\/2023\/09\/20230902_124559-D951CFB1.jpg\" \/>\n\t<meta property=\"og:image:width\" content=\"1024\" \/>\n\t<meta property=\"og:image:height\" content=\"616\" \/>\n\t<meta property=\"og:image:type\" content=\"image\/jpeg\" \/>\n<meta name=\"author\" content=\"es3awaljalil\" \/>\n<meta name=\"twitter:card\" content=\"summary_large_image\" \/>\n<meta name=\"twitter:label1\" content=\"Written by\" \/>\n\t<meta name=\"twitter:data1\" content=\"es3awaljalil\" \/>\n\t<meta name=\"twitter:label2\" content=\"Est. reading time\" \/>\n\t<meta name=\"twitter:data2\" content=\"4 minutes\" \/>\n<script type=\"application\/ld+json\" class=\"yoast-schema-graph\">{\"@context\":\"https:\\\/\\\/schema.org\",\"@graph\":[{\"@type\":\"Article\",\"@id\":\"https:\\\/\\\/www.ahmadiyya-islam.org\\\/es\\\/comunicados-de-prensa\\\/jalifa-mesias-mujeres-yalsa\\\/#article\",\"isPartOf\":{\"@id\":\"https:\\\/\\\/www.ahmadiyya-islam.org\\\/es\\\/comunicados-de-prensa\\\/jalifa-mesias-mujeres-yalsa\\\/\"},\"author\":{\"name\":\"es3awaljalil\",\"@id\":\"https:\\\/\\\/www.ahmadiyya-islam.org\\\/es\\\/#\\\/schema\\\/person\\\/bbef07e2c3ccf919ce692a65f234abef\"},\"headline\":\"El Jalifa V del Mes\u00edas se dirige a la sesi\u00f3n de mujeres en el Yalsa Salana Alemania 2023\",\"datePublished\":\"2023-09-14T10:14:06+00:00\",\"mainEntityOfPage\":{\"@id\":\"https:\\\/\\\/www.ahmadiyya-islam.org\\\/es\\\/comunicados-de-prensa\\\/jalifa-mesias-mujeres-yalsa\\\/\"},\"wordCount\":712,\"publisher\":{\"@id\":\"https:\\\/\\\/www.ahmadiyya-islam.org\\\/es\\\/#organization\"},\"image\":{\"@id\":\"https:\\\/\\\/www.ahmadiyya-islam.org\\\/es\\\/comunicados-de-prensa\\\/jalifa-mesias-mujeres-yalsa\\\/#primaryimage\"},\"thumbnailUrl\":\"https:\\\/\\\/www.ahmadiyya-islam.org\\\/es\\\/wp-content\\\/uploads\\\/sites\\\/10\\\/2023\\\/09\\\/20230902_124559-D951CFB1.jpg\",\"keywords\":[\"Alemania 2023\"],\"articleSection\":[\"Comunicados de prensa\"],\"inLanguage\":\"es-ES\"},{\"@type\":\"WebPage\",\"@id\":\"https:\\\/\\\/www.ahmadiyya-islam.org\\\/es\\\/comunicados-de-prensa\\\/jalifa-mesias-mujeres-yalsa\\\/\",\"url\":\"https:\\\/\\\/www.ahmadiyya-islam.org\\\/es\\\/comunicados-de-prensa\\\/jalifa-mesias-mujeres-yalsa\\\/\",\"name\":\"El Jalifa V del Mes\u00edas se dirige a la sesi\u00f3n de mujeres en el Yalsa Salana Alemania 2023\",\"isPartOf\":{\"@id\":\"https:\\\/\\\/www.ahmadiyya-islam.org\\\/es\\\/#website\"},\"primaryImageOfPage\":{\"@id\":\"https:\\\/\\\/www.ahmadiyya-islam.org\\\/es\\\/comunicados-de-prensa\\\/jalifa-mesias-mujeres-yalsa\\\/#primaryimage\"},\"image\":{\"@id\":\"https:\\\/\\\/www.ahmadiyya-islam.org\\\/es\\\/comunicados-de-prensa\\\/jalifa-mesias-mujeres-yalsa\\\/#primaryimage\"},\"thumbnailUrl\":\"https:\\\/\\\/www.ahmadiyya-islam.org\\\/es\\\/wp-content\\\/uploads\\\/sites\\\/10\\\/2023\\\/09\\\/20230902_124559-D951CFB1.jpg\",\"datePublished\":\"2023-09-14T10:14:06+00:00\",\"description\":\"El Jalifa V del Mes\u00edas narr\u00f3 los sacrificios realizados por las mujeres musulmanas en los comienzos del islam y presenta los derechos, libertades y obligaciones que el islam ha concedido a la mujer.\",\"breadcrumb\":{\"@id\":\"https:\\\/\\\/www.ahmadiyya-islam.org\\\/es\\\/comunicados-de-prensa\\\/jalifa-mesias-mujeres-yalsa\\\/#breadcrumb\"},\"inLanguage\":\"es-ES\",\"potentialAction\":[{\"@type\":\"ReadAction\",\"target\":[\"https:\\\/\\\/www.ahmadiyya-islam.org\\\/es\\\/comunicados-de-prensa\\\/jalifa-mesias-mujeres-yalsa\\\/\"]}]},{\"@type\":\"ImageObject\",\"inLanguage\":\"es-ES\",\"@id\":\"https:\\\/\\\/www.ahmadiyya-islam.org\\\/es\\\/comunicados-de-prensa\\\/jalifa-mesias-mujeres-yalsa\\\/#primaryimage\",\"url\":\"https:\\\/\\\/www.ahmadiyya-islam.org\\\/es\\\/wp-content\\\/uploads\\\/sites\\\/10\\\/2023\\\/09\\\/20230902_124559-D951CFB1.jpg\",\"contentUrl\":\"https:\\\/\\\/www.ahmadiyya-islam.org\\\/es\\\/wp-content\\\/uploads\\\/sites\\\/10\\\/2023\\\/09\\\/20230902_124559-D951CFB1.jpg\",\"width\":1024,\"height\":616},{\"@type\":\"BreadcrumbList\",\"@id\":\"https:\\\/\\\/www.ahmadiyya-islam.org\\\/es\\\/comunicados-de-prensa\\\/jalifa-mesias-mujeres-yalsa\\\/#breadcrumb\",\"itemListElement\":[{\"@type\":\"ListItem\",\"position\":1,\"name\":\"Home\",\"item\":\"https:\\\/\\\/www.ahmadiyya-islam.org\\\/es\\\/\"},{\"@type\":\"ListItem\",\"position\":2,\"name\":\"El Jalifa V del Mes\u00edas se dirige a la sesi\u00f3n de mujeres en el Yalsa Salana Alemania 2023\"}]},{\"@type\":\"WebSite\",\"@id\":\"https:\\\/\\\/www.ahmadiyya-islam.org\\\/es\\\/#website\",\"url\":\"https:\\\/\\\/www.ahmadiyya-islam.org\\\/es\\\/\",\"name\":\"Comunidad Musulmana Ahmad\u00eda\",\"description\":\"Internacional\",\"publisher\":{\"@id\":\"https:\\\/\\\/www.ahmadiyya-islam.org\\\/es\\\/#organization\"},\"potentialAction\":[{\"@type\":\"SearchAction\",\"target\":{\"@type\":\"EntryPoint\",\"urlTemplate\":\"https:\\\/\\\/www.ahmadiyya-islam.org\\\/es\\\/?s={search_term_string}\"},\"query-input\":{\"@type\":\"PropertyValueSpecification\",\"valueRequired\":true,\"valueName\":\"search_term_string\"}}],\"inLanguage\":\"es-ES\"},{\"@type\":\"Organization\",\"@id\":\"https:\\\/\\\/www.ahmadiyya-islam.org\\\/es\\\/#organization\",\"name\":\"Comunidad Musulmana Ahmad\u00eda\",\"url\":\"https:\\\/\\\/www.ahmadiyya-islam.org\\\/es\\\/\",\"logo\":{\"@type\":\"ImageObject\",\"inLanguage\":\"es-ES\",\"@id\":\"https:\\\/\\\/www.ahmadiyya-islam.org\\\/es\\\/#\\\/schema\\\/logo\\\/image\\\/\",\"url\":\"https:\\\/\\\/www.ahmadiyya-islam.org\\\/es\\\/wp-content\\\/uploads\\\/sites\\\/10\\\/2015\\\/06\\\/alislam-logo.png\",\"contentUrl\":\"https:\\\/\\\/www.ahmadiyya-islam.org\\\/es\\\/wp-content\\\/uploads\\\/sites\\\/10\\\/2015\\\/06\\\/alislam-logo.png\",\"width\":1859,\"height\":1859,\"caption\":\"Comunidad Musulmana Ahmad\u00eda\"},\"image\":{\"@id\":\"https:\\\/\\\/www.ahmadiyya-islam.org\\\/es\\\/#\\\/schema\\\/logo\\\/image\\\/\"}},{\"@type\":\"Person\",\"@id\":\"https:\\\/\\\/www.ahmadiyya-islam.org\\\/es\\\/#\\\/schema\\\/person\\\/bbef07e2c3ccf919ce692a65f234abef\",\"name\":\"es3awaljalil\"}]}<\/script>\n<!-- \/ Yoast SEO Premium plugin. -->","yoast_head_json":{"title":"El Jalifa V del Mes\u00edas se dirige a la sesi\u00f3n de mujeres en el Yalsa Salana Alemania 2023","description":"El Jalifa V del Mes\u00edas narr\u00f3 los sacrificios realizados por las mujeres musulmanas en los comienzos del islam y presenta los derechos, libertades y obligaciones que el islam ha concedido a la mujer.","robots":{"index":"index","follow":"follow","max-snippet":"max-snippet:-1","max-image-preview":"max-image-preview:large","max-video-preview":"max-video-preview:-1"},"canonical":"https:\/\/www.ahmadiyya-islam.org\/es\/comunicados-de-prensa\/jalifa-mesias-mujeres-yalsa\/","og_locale":"es_ES","og_type":"article","og_title":"El Jalifa V del Mes\u00edas se dirige a la sesi\u00f3n de mujeres en el Yalsa Salana Alemania 2023","og_description":"El Jalifa V del Mes\u00edas narr\u00f3 los sacrificios realizados por las mujeres musulmanas en los comienzos del islam y presenta los derechos, libertades y obligaciones que el islam ha concedido a la mujer.","og_url":"https:\/\/www.ahmadiyya-islam.org\/es\/comunicados-de-prensa\/jalifa-mesias-mujeres-yalsa\/","og_site_name":"Comunidad Musulmana Ahmad\u00eda","article_published_time":"2023-09-14T10:14:06+00:00","og_image":[{"width":1024,"height":616,"url":"https:\/\/www.ahmadiyya-islam.org\/es\/wp-content\/uploads\/sites\/10\/2023\/09\/20230902_124559-D951CFB1.jpg","type":"image\/jpeg"}],"author":"es3awaljalil","twitter_card":"summary_large_image","twitter_misc":{"Written by":"es3awaljalil","Est. reading time":"4 minutes"},"schema":{"@context":"https:\/\/schema.org","@graph":[{"@type":"Article","@id":"https:\/\/www.ahmadiyya-islam.org\/es\/comunicados-de-prensa\/jalifa-mesias-mujeres-yalsa\/#article","isPartOf":{"@id":"https:\/\/www.ahmadiyya-islam.org\/es\/comunicados-de-prensa\/jalifa-mesias-mujeres-yalsa\/"},"author":{"name":"es3awaljalil","@id":"https:\/\/www.ahmadiyya-islam.org\/es\/#\/schema\/person\/bbef07e2c3ccf919ce692a65f234abef"},"headline":"El Jalifa V del Mes\u00edas se dirige a la sesi\u00f3n de mujeres en el Yalsa Salana Alemania 2023","datePublished":"2023-09-14T10:14:06+00:00","mainEntityOfPage":{"@id":"https:\/\/www.ahmadiyya-islam.org\/es\/comunicados-de-prensa\/jalifa-mesias-mujeres-yalsa\/"},"wordCount":712,"publisher":{"@id":"https:\/\/www.ahmadiyya-islam.org\/es\/#organization"},"image":{"@id":"https:\/\/www.ahmadiyya-islam.org\/es\/comunicados-de-prensa\/jalifa-mesias-mujeres-yalsa\/#primaryimage"},"thumbnailUrl":"https:\/\/www.ahmadiyya-islam.org\/es\/wp-content\/uploads\/sites\/10\/2023\/09\/20230902_124559-D951CFB1.jpg","keywords":["Alemania 2023"],"articleSection":["Comunicados de prensa"],"inLanguage":"es-ES"},{"@type":"WebPage","@id":"https:\/\/www.ahmadiyya-islam.org\/es\/comunicados-de-prensa\/jalifa-mesias-mujeres-yalsa\/","url":"https:\/\/www.ahmadiyya-islam.org\/es\/comunicados-de-prensa\/jalifa-mesias-mujeres-yalsa\/","name":"El Jalifa V del Mes\u00edas se dirige a la sesi\u00f3n de mujeres en el Yalsa Salana Alemania 2023","isPartOf":{"@id":"https:\/\/www.ahmadiyya-islam.org\/es\/#website"},"primaryImageOfPage":{"@id":"https:\/\/www.ahmadiyya-islam.org\/es\/comunicados-de-prensa\/jalifa-mesias-mujeres-yalsa\/#primaryimage"},"image":{"@id":"https:\/\/www.ahmadiyya-islam.org\/es\/comunicados-de-prensa\/jalifa-mesias-mujeres-yalsa\/#primaryimage"},"thumbnailUrl":"https:\/\/www.ahmadiyya-islam.org\/es\/wp-content\/uploads\/sites\/10\/2023\/09\/20230902_124559-D951CFB1.jpg","datePublished":"2023-09-14T10:14:06+00:00","description":"El Jalifa V del Mes\u00edas narr\u00f3 los sacrificios realizados por las mujeres musulmanas en los comienzos del islam y presenta los derechos, libertades y obligaciones que el islam ha concedido a la mujer.","breadcrumb":{"@id":"https:\/\/www.ahmadiyya-islam.org\/es\/comunicados-de-prensa\/jalifa-mesias-mujeres-yalsa\/#breadcrumb"},"inLanguage":"es-ES","potentialAction":[{"@type":"ReadAction","target":["https:\/\/www.ahmadiyya-islam.org\/es\/comunicados-de-prensa\/jalifa-mesias-mujeres-yalsa\/"]}]},{"@type":"ImageObject","inLanguage":"es-ES","@id":"https:\/\/www.ahmadiyya-islam.org\/es\/comunicados-de-prensa\/jalifa-mesias-mujeres-yalsa\/#primaryimage","url":"https:\/\/www.ahmadiyya-islam.org\/es\/wp-content\/uploads\/sites\/10\/2023\/09\/20230902_124559-D951CFB1.jpg","contentUrl":"https:\/\/www.ahmadiyya-islam.org\/es\/wp-content\/uploads\/sites\/10\/2023\/09\/20230902_124559-D951CFB1.jpg","width":1024,"height":616},{"@type":"BreadcrumbList","@id":"https:\/\/www.ahmadiyya-islam.org\/es\/comunicados-de-prensa\/jalifa-mesias-mujeres-yalsa\/#breadcrumb","itemListElement":[{"@type":"ListItem","position":1,"name":"Home","item":"https:\/\/www.ahmadiyya-islam.org\/es\/"},{"@type":"ListItem","position":2,"name":"El Jalifa V del Mes\u00edas se dirige a la sesi\u00f3n de mujeres en el Yalsa Salana Alemania 2023"}]},{"@type":"WebSite","@id":"https:\/\/www.ahmadiyya-islam.org\/es\/#website","url":"https:\/\/www.ahmadiyya-islam.org\/es\/","name":"Comunidad Musulmana Ahmad\u00eda","description":"Internacional","publisher":{"@id":"https:\/\/www.ahmadiyya-islam.org\/es\/#organization"},"potentialAction":[{"@type":"SearchAction","target":{"@type":"EntryPoint","urlTemplate":"https:\/\/www.ahmadiyya-islam.org\/es\/?s={search_term_string}"},"query-input":{"@type":"PropertyValueSpecification","valueRequired":true,"valueName":"search_term_string"}}],"inLanguage":"es-ES"},{"@type":"Organization","@id":"https:\/\/www.ahmadiyya-islam.org\/es\/#organization","name":"Comunidad Musulmana Ahmad\u00eda","url":"https:\/\/www.ahmadiyya-islam.org\/es\/","logo":{"@type":"ImageObject","inLanguage":"es-ES","@id":"https:\/\/www.ahmadiyya-islam.org\/es\/#\/schema\/logo\/image\/","url":"https:\/\/www.ahmadiyya-islam.org\/es\/wp-content\/uploads\/sites\/10\/2015\/06\/alislam-logo.png","contentUrl":"https:\/\/www.ahmadiyya-islam.org\/es\/wp-content\/uploads\/sites\/10\/2015\/06\/alislam-logo.png","width":1859,"height":1859,"caption":"Comunidad Musulmana Ahmad\u00eda"},"image":{"@id":"https:\/\/www.ahmadiyya-islam.org\/es\/#\/schema\/logo\/image\/"}},{"@type":"Person","@id":"https:\/\/www.ahmadiyya-islam.org\/es\/#\/schema\/person\/bbef07e2c3ccf919ce692a65f234abef","name":"es3awaljalil"}]}},"_links":{"self":[{"href":"https:\/\/www.ahmadiyya-islam.org\/es\/wp-json\/wp\/v2\/posts\/16197","targetHints":{"allow":["GET"]}}],"collection":[{"href":"https:\/\/www.ahmadiyya-islam.org\/es\/wp-json\/wp\/v2\/posts"}],"about":[{"href":"https:\/\/www.ahmadiyya-islam.org\/es\/wp-json\/wp\/v2\/types\/post"}],"author":[{"embeddable":true,"href":"https:\/\/www.ahmadiyya-islam.org\/es\/wp-json\/wp\/v2\/users\/35"}],"replies":[{"embeddable":true,"href":"https:\/\/www.ahmadiyya-islam.org\/es\/wp-json\/wp\/v2\/comments?post=16197"}],"version-history":[{"count":1,"href":"https:\/\/www.ahmadiyya-islam.org\/es\/wp-json\/wp\/v2\/posts\/16197\/revisions"}],"predecessor-version":[{"id":16202,"href":"https:\/\/www.ahmadiyya-islam.org\/es\/wp-json\/wp\/v2\/posts\/16197\/revisions\/16202"}],"wp:featuredmedia":[{"embeddable":true,"href":"https:\/\/www.ahmadiyya-islam.org\/es\/wp-json\/wp\/v2\/media\/16201"}],"wp:attachment":[{"href":"https:\/\/www.ahmadiyya-islam.org\/es\/wp-json\/wp\/v2\/media?parent=16197"}],"wp:term":[{"taxonomy":"category","embeddable":true,"href":"https:\/\/www.ahmadiyya-islam.org\/es\/wp-json\/wp\/v2\/categories?post=16197"},{"taxonomy":"post_tag","embeddable":true,"href":"https:\/\/www.ahmadiyya-islam.org\/es\/wp-json\/wp\/v2\/tags?post=16197"},{"taxonomy":"authors","embeddable":true,"href":"https:\/\/www.ahmadiyya-islam.org\/es\/wp-json\/wp\/v2\/authors?post=16197"},{"taxonomy":"content_source","embeddable":true,"href":"https:\/\/www.ahmadiyya-islam.org\/es\/wp-json\/wp\/v2\/content_source?post=16197"}],"curies":[{"name":"wp","href":"https:\/\/api.w.org\/{rel}","templated":true}]}}