{"id":159,"date":"2015-02-09T10:13:13","date_gmt":"2015-02-09T10:13:13","guid":{"rendered":"http:\/\/www.ahmadiyya-islam.org\/es\/?p=159"},"modified":"2015-08-06T18:14:23","modified_gmt":"2015-08-06T18:14:23","slug":"concluye-la-91a-convencion-anual-de-la-comunidad-ahmadia-en-bangladesh","status":"publish","type":"post","link":"https:\/\/www.ahmadiyya-islam.org\/es\/comunicados-de-prensa\/concluye-la-91a-convencion-anual-de-la-comunidad-ahmadia-en-bangladesh\/","title":{"rendered":"Concluye la 91\u00aa convenci\u00f3n anual de la Comunidad Ahmad\u00eda en Bangladesh"},"content":{"rendered":"<p><strong>Hazrat Mirza Masrur Ahmad dirige la sesi\u00f3n de clausura emitida en directo desde Londres en la que destac\u00f3 las ense\u00f1anzas pac\u00edficas del Islam<\/strong><\/p>\n<p>El l\u00edder mundial de la Comunidad musulmana Ahmad\u00eda, el Quinto Jalifa, Su Santidad, Hazrat Mirza Masrur Ahmad dirigi\u00f3 la sesi\u00f3n de clausura de la 91 convenci\u00f3n anual (Yalsa Salana) de la Comunidad musulmana Ahmad\u00eda en Bangladesh el 8 de febrero de 2015 con un emotivo e inspirador discurso.<\/p>\n<p>Su Santidad dirigi\u00f3 el discurso de clausura v\u00eda sat\u00e9lite desde la mezquita de Baitul Futuh en Londres. M\u00e1s de 4.000 personas participaron en el Yalsa en Bangladesh que dur\u00f3 tres d\u00edas, mientras que m\u00e1s de 3.000 lo hicieron en Londres durante la sesi\u00f3n de clausura.<\/p>\n<p><a href=\"http:\/\/www.ahmadiyya-islam.org\/es\/wp-content\/uploads\/sites\/10\/2015\/06\/2015-02-08-Jalsa-BN-002.png\"><img loading=\"lazy\" decoding=\"async\" class=\"alignnone size-full wp-image-161\" src=\"http:\/\/www.ahmadiyya-islam.org\/es\/wp-content\/uploads\/sites\/10\/2015\/06\/2015-02-08-Jalsa-BN-002.png\" alt=\"2015-02-08-Jalsa-BN-002\" width=\"1000\" height=\"667\" srcset=\"https:\/\/www.ahmadiyya-islam.org\/es\/wp-content\/uploads\/sites\/10\/2015\/06\/2015-02-08-Jalsa-BN-002.png 1000w, https:\/\/www.ahmadiyya-islam.org\/es\/wp-content\/uploads\/sites\/10\/2015\/06\/2015-02-08-Jalsa-BN-002-300x200.png 300w, https:\/\/www.ahmadiyya-islam.org\/es\/wp-content\/uploads\/sites\/10\/2015\/06\/2015-02-08-Jalsa-BN-002-940x626.png 940w\" sizes=\"auto, (max-width: 1000px) 100vw, 1000px\" \/><\/a><\/p>\n<p>Durante su discurso, Hazrat Mirza Masrur Ahmad habl\u00f3 acerca del car\u00e1cter misericordioso y benevolente del Santo Profeta Muhammad (la paz y bendiciones de Dios sean con \u00e9l) y dijo que la Comunidad musulmana Ahmad\u00eda estaba constantemente dedicada a la propagaci\u00f3n de las verdaderas y pac\u00edficas ense\u00f1anzas del Islam. Su Santidad tambi\u00e9n hizo menci\u00f3n sobre el malestar pol\u00edtico actual y la violencia en Bangladesh y dijo que los \u00c1hmadis musulmanes deb\u00edan rezar por la paz en este pa\u00eds.<\/p>\n<p>En relaci\u00f3n con la necesidad de que se propaguen las verdaderas ense\u00f1anzas del Islam, Hazrat Mirza Masrur Ahmad dijo:<\/p>\n<blockquote><p><strong>\u201cEs la responsabilidad de todos los musulmanes \u00c1hmadis propagar las ense\u00f1anzas pac\u00edficas del Islam en todos los niveles de la sociedad y en todas las partes del mundo. Es nuestro deber informar a los dem\u00e1s acerca del bello y noble car\u00e1cter del Santo Profeta del Islam (la paz y bendiciones de Dios sean con \u00e9l).\u201d<\/strong><\/p><\/blockquote>\n<p><a href=\"http:\/\/www.ahmadiyya-islam.org\/es\/wp-content\/uploads\/sites\/10\/2015\/06\/2015-02-08-Jalsa-BN-003.png\"><img loading=\"lazy\" decoding=\"async\" class=\"alignnone size-full wp-image-162\" src=\"http:\/\/www.ahmadiyya-islam.org\/es\/wp-content\/uploads\/sites\/10\/2015\/06\/2015-02-08-Jalsa-BN-003.png\" alt=\"2015-02-08-Jalsa-BN-003\" width=\"1000\" height=\"271\" srcset=\"https:\/\/www.ahmadiyya-islam.org\/es\/wp-content\/uploads\/sites\/10\/2015\/06\/2015-02-08-Jalsa-BN-003.png 1000w, https:\/\/www.ahmadiyya-islam.org\/es\/wp-content\/uploads\/sites\/10\/2015\/06\/2015-02-08-Jalsa-BN-003-300x81.png 300w\" sizes=\"auto, (max-width: 1000px) 100vw, 1000px\" \/><\/a><\/p>\n<p>Hazrat Mirza Masrur Ahmad continu\u00f3 diciendo:<\/p>\n<blockquote><p><strong>\u201cDebemos informar al mundo de que nuestro querido maestro, el\u00a0 <\/strong><strong>Santo Profeta Muhammad (la paz y bendiciones de Dios sean con \u00e9l) fue enviado como una \u2018misericordia para toda la humanidad\u2019. No vino para degollar ni herir a los inocentes, sino que fue enviado para revivir a los espiritualmente muertos y darles una nueva vida. Vino para informar a la humanidad acerca de aquel Dios Clemente y Misericordioso cuya compasi\u00f3n engloba todo.\u201d<\/strong><\/p><\/blockquote>\n<p>Hazrat Mirza Masrur Ahmad dijo que cualquier forma de violencia o coacci\u00f3n deb\u00eda ser categ\u00f3ricamente condenada y que los musulmanes \u00c1hmadis deb\u00edan utilizar los medios modernos de comunicaci\u00f3n para propagar las verdaderas ense\u00f1anzas del Islam a la gente de este mundo.<\/p>\n<p>Hazrat Mirza Masrur Ahmad dijo:<\/p>\n<blockquote><p><strong>\u201cLos primeros musulmanes s\u00f3lo ten\u00edan permitido usar sus espadas en guerras defensivas cuando era el enemigo el que les atacaba con el prop\u00f3sito de eliminar el Islam. Sin embargo, actualmente, no est\u00e1n teniendo lugar guerras religiosas en contra del Islam en el sentido f\u00edsico sino que se est\u00e1n utilizando los medios de comunicaci\u00f3n para atacar al Islam y da\u00f1ar su imagen. Por tanto, nosotros tambi\u00e9n debemos usar los medios de comunicaci\u00f3n para rebatir estos ataques e informar al mundo sobre las verdaderas ense\u00f1anzas del Islam.\u201d<\/strong><\/p><\/blockquote>\n<p><a href=\"http:\/\/www.ahmadiyya-islam.org\/es\/wp-content\/uploads\/sites\/10\/2015\/06\/2015-02-08-Jalsa-BN-004.png\"><img loading=\"lazy\" decoding=\"async\" class=\"alignnone size-full wp-image-163\" src=\"http:\/\/www.ahmadiyya-islam.org\/es\/wp-content\/uploads\/sites\/10\/2015\/06\/2015-02-08-Jalsa-BN-004.png\" alt=\"2015-02-08-Jalsa-BN-004\" width=\"998\" height=\"287\" srcset=\"https:\/\/www.ahmadiyya-islam.org\/es\/wp-content\/uploads\/sites\/10\/2015\/06\/2015-02-08-Jalsa-BN-004.png 998w, https:\/\/www.ahmadiyya-islam.org\/es\/wp-content\/uploads\/sites\/10\/2015\/06\/2015-02-08-Jalsa-BN-004-300x86.png 300w\" sizes=\"auto, (max-width: 998px) 100vw, 998px\" \/><\/a><\/p>\n<p>Hablando acerca de los objetivos de la Comunidad musulmana Ahmad\u00eda, Hazrat Mirza Masrur Ahmad dijo:<\/p>\n<blockquote><p><strong>\u201cLa Comunidad musulmana Ahmad\u00eda no es una organizaci\u00f3n pol\u00edtica ni material ni tenemos objetivos pol\u00edticos ni propios de este mundo. M\u00e1s bien, somos la comunidad espiritual de aquel Mes\u00edas Prometido (la paz sea con \u00e9l) <\/strong>\u00a0<strong>que jur\u00f3 dar preferencia a la fe sobre cualquier otro asunto de este mundo. Nuestro objetivo es promover el amor y el respeto mutuo por todo el mundo de acuerdo a las ense\u00f1anzas de nuestra religi\u00f3n.\u201d<\/strong><\/p><\/blockquote>\n<p>En relaci\u00f3n a la actual inestabilidad pol\u00edtica y desorden en Bangladesh, Hazrat Mirza Masrur Ahmad dijo:<\/p>\n<p><a href=\"http:\/\/www.ahmadiyya-islam.org\/es\/wp-content\/uploads\/sites\/10\/2015\/06\/2015-02-08-Jalsa-BN-005.png\"><img loading=\"lazy\" decoding=\"async\" class=\"alignnone size-full wp-image-164\" src=\"http:\/\/www.ahmadiyya-islam.org\/es\/wp-content\/uploads\/sites\/10\/2015\/06\/2015-02-08-Jalsa-BN-005.png\" alt=\"2015-02-08-Jalsa-BN-005\" width=\"1000\" height=\"608\" srcset=\"https:\/\/www.ahmadiyya-islam.org\/es\/wp-content\/uploads\/sites\/10\/2015\/06\/2015-02-08-Jalsa-BN-005.png 1000w, https:\/\/www.ahmadiyya-islam.org\/es\/wp-content\/uploads\/sites\/10\/2015\/06\/2015-02-08-Jalsa-BN-005-300x182.png 300w\" sizes=\"auto, (max-width: 1000px) 100vw, 1000px\" \/><\/a><\/p>\n<blockquote><p><strong>\u201cEn las \u00faltimas semanas ha habido varios incidentes de violencia y desorden en Bangladesh. Se han realizado varios ataques en autobuses en los cuales gente inocente ha perdido su vida y ha sido martirizada. Estamos viendo a personas matar a sus conciudadanos. \u00bfQu\u00e9 tipo de Islam es este? En verdad que todo esto es contrario a las ense\u00f1anzas del Islam y se hace con el \u00fanico deseo de satisfacer injustamente los intereses personales.\u201d<\/strong><\/p><\/blockquote>\n<p>La convenci\u00f3n anual concluy\u00f3 con una oraci\u00f3n silenciosa dirigida por Hazrat Mirza Masrur Ahmad en la cual pidi\u00f3 a los musulmanes \u00c1hmadis rezar por la paz en Bangladesh y en el mundo entero.<\/p>\n","protected":false},"excerpt":{"rendered":"<p>Hazrat Mirza Masrur Ahmad dirige la sesi\u00f3n de clausura emitida en directo desde Londres en la que destac\u00f3 las ense\u00f1anzas pac\u00edficas del Islam El l\u00edder mundial de la Comunidad musulmana Ahmad\u00eda, el Quinto Jalifa, Su Santidad, Hazrat Mirza Masrur Ahmad dirigi\u00f3 la sesi\u00f3n de clausura de la 91 convenci\u00f3n anual (Yalsa Salana) de la Comunidad<\/p>\n","protected":false},"author":15,"featured_media":160,"comment_status":"closed","ping_status":"closed","sticky":false,"template":"","format":"standard","meta":{"_acf_changed":false,"footnotes":""},"categories":[1],"tags":[201,202,42],"authors":[],"content_source":[],"class_list":["post-159","post","type-post","status-publish","format-standard","has-post-thumbnail","hentry","category-comunicados-de-prensa","tag-bangladesh","tag-convencion-anual","tag-yalsa-salana","topics-santo-profeta-muhammad-lpd"],"acf":[],"yoast_head":"<!-- This site is optimized with the Yoast SEO Premium plugin v21.1 (Yoast SEO v27.4) - https:\/\/yoast.com\/product\/yoast-seo-premium-wordpress\/ -->\n<title>Concluye la 91\u00aa convenci\u00f3n anual de la Comunidad Ahmad\u00eda en Bangladesh<\/title>\n<meta name=\"description\" content=\"Hazrat Mirza Masrur Ahmad dirige la sesi\u00f3n de clausura emitida en directo desde Londres en la que destac\u00f3 las ense\u00f1anzas pac\u00edficas del Islam El l\u00edder\" \/>\n<meta name=\"robots\" content=\"index, follow, max-snippet:-1, max-image-preview:large, max-video-preview:-1\" \/>\n<link rel=\"canonical\" href=\"https:\/\/www.ahmadiyya-islam.org\/es\/comunicados-de-prensa\/concluye-la-91a-convencion-anual-de-la-comunidad-ahmadia-en-bangladesh\/\" \/>\n<meta property=\"og:locale\" content=\"es_ES\" \/>\n<meta property=\"og:type\" content=\"article\" \/>\n<meta property=\"og:title\" content=\"Concluye la 91\u00aa convenci\u00f3n anual de la Comunidad Ahmad\u00eda en Bangladesh\" \/>\n<meta property=\"og:description\" content=\"Hazrat Mirza Masrur Ahmad dirige la sesi\u00f3n de clausura emitida en directo desde Londres en la que destac\u00f3 las ense\u00f1anzas pac\u00edficas del Islam El l\u00edder\" \/>\n<meta property=\"og:url\" content=\"https:\/\/www.ahmadiyya-islam.org\/es\/comunicados-de-prensa\/concluye-la-91a-convencion-anual-de-la-comunidad-ahmadia-en-bangladesh\/\" \/>\n<meta property=\"og:site_name\" content=\"Comunidad Musulmana Ahmad\u00eda\" \/>\n<meta property=\"article:published_time\" content=\"2015-02-09T10:13:13+00:00\" \/>\n<meta property=\"article:modified_time\" content=\"2015-08-06T18:14:23+00:00\" \/>\n<meta property=\"og:image\" content=\"https:\/\/www.ahmadiyya-islam.org\/es\/wp-content\/uploads\/sites\/10\/2015\/06\/2015-02-08-Jalsa-BN-001.png\" \/>\n\t<meta property=\"og:image:width\" content=\"1000\" \/>\n\t<meta property=\"og:image:height\" content=\"530\" \/>\n\t<meta property=\"og:image:type\" content=\"image\/png\" \/>\n<meta name=\"author\" content=\"es1tarikara\" \/>\n<meta name=\"twitter:card\" content=\"summary_large_image\" \/>\n<meta name=\"twitter:label1\" content=\"Written by\" \/>\n\t<meta name=\"twitter:data1\" content=\"es1tarikara\" \/>\n\t<meta name=\"twitter:label2\" content=\"Est. reading time\" \/>\n\t<meta name=\"twitter:data2\" content=\"4 minutes\" \/>\n<script type=\"application\/ld+json\" class=\"yoast-schema-graph\">{\"@context\":\"https:\\\/\\\/schema.org\",\"@graph\":[{\"@type\":\"Article\",\"@id\":\"https:\\\/\\\/www.ahmadiyya-islam.org\\\/es\\\/comunicados-de-prensa\\\/concluye-la-91a-convencion-anual-de-la-comunidad-ahmadia-en-bangladesh\\\/#article\",\"isPartOf\":{\"@id\":\"https:\\\/\\\/www.ahmadiyya-islam.org\\\/es\\\/comunicados-de-prensa\\\/concluye-la-91a-convencion-anual-de-la-comunidad-ahmadia-en-bangladesh\\\/\"},\"author\":{\"name\":\"es1tarikara\",\"@id\":\"https:\\\/\\\/www.ahmadiyya-islam.org\\\/es\\\/#\\\/schema\\\/person\\\/ac4c08c7012bbfe73a43476371042f59\"},\"headline\":\"Concluye la 91\u00aa convenci\u00f3n anual de la Comunidad Ahmad\u00eda en Bangladesh\",\"datePublished\":\"2015-02-09T10:13:13+00:00\",\"dateModified\":\"2015-08-06T18:14:23+00:00\",\"mainEntityOfPage\":{\"@id\":\"https:\\\/\\\/www.ahmadiyya-islam.org\\\/es\\\/comunicados-de-prensa\\\/concluye-la-91a-convencion-anual-de-la-comunidad-ahmadia-en-bangladesh\\\/\"},\"wordCount\":753,\"publisher\":{\"@id\":\"https:\\\/\\\/www.ahmadiyya-islam.org\\\/es\\\/#organization\"},\"image\":{\"@id\":\"https:\\\/\\\/www.ahmadiyya-islam.org\\\/es\\\/comunicados-de-prensa\\\/concluye-la-91a-convencion-anual-de-la-comunidad-ahmadia-en-bangladesh\\\/#primaryimage\"},\"thumbnailUrl\":\"https:\\\/\\\/www.ahmadiyya-islam.org\\\/es\\\/wp-content\\\/uploads\\\/sites\\\/10\\\/2015\\\/06\\\/2015-02-08-Jalsa-BN-001.png\",\"keywords\":[\"Bangladesh\",\"Convenci\u00f3n anual\",\"Yalsa Salana\"],\"articleSection\":[\"Comunicados de prensa\"],\"inLanguage\":\"es-ES\"},{\"@type\":\"WebPage\",\"@id\":\"https:\\\/\\\/www.ahmadiyya-islam.org\\\/es\\\/comunicados-de-prensa\\\/concluye-la-91a-convencion-anual-de-la-comunidad-ahmadia-en-bangladesh\\\/\",\"url\":\"https:\\\/\\\/www.ahmadiyya-islam.org\\\/es\\\/comunicados-de-prensa\\\/concluye-la-91a-convencion-anual-de-la-comunidad-ahmadia-en-bangladesh\\\/\",\"name\":\"Concluye la 91\u00aa convenci\u00f3n anual de la Comunidad Ahmad\u00eda en Bangladesh\",\"isPartOf\":{\"@id\":\"https:\\\/\\\/www.ahmadiyya-islam.org\\\/es\\\/#website\"},\"primaryImageOfPage\":{\"@id\":\"https:\\\/\\\/www.ahmadiyya-islam.org\\\/es\\\/comunicados-de-prensa\\\/concluye-la-91a-convencion-anual-de-la-comunidad-ahmadia-en-bangladesh\\\/#primaryimage\"},\"image\":{\"@id\":\"https:\\\/\\\/www.ahmadiyya-islam.org\\\/es\\\/comunicados-de-prensa\\\/concluye-la-91a-convencion-anual-de-la-comunidad-ahmadia-en-bangladesh\\\/#primaryimage\"},\"thumbnailUrl\":\"https:\\\/\\\/www.ahmadiyya-islam.org\\\/es\\\/wp-content\\\/uploads\\\/sites\\\/10\\\/2015\\\/06\\\/2015-02-08-Jalsa-BN-001.png\",\"datePublished\":\"2015-02-09T10:13:13+00:00\",\"dateModified\":\"2015-08-06T18:14:23+00:00\",\"description\":\"Hazrat Mirza Masrur Ahmad dirige la sesi\u00f3n de clausura emitida en directo desde Londres en la que destac\u00f3 las ense\u00f1anzas pac\u00edficas del Islam El l\u00edder\",\"breadcrumb\":{\"@id\":\"https:\\\/\\\/www.ahmadiyya-islam.org\\\/es\\\/comunicados-de-prensa\\\/concluye-la-91a-convencion-anual-de-la-comunidad-ahmadia-en-bangladesh\\\/#breadcrumb\"},\"inLanguage\":\"es-ES\",\"potentialAction\":[{\"@type\":\"ReadAction\",\"target\":[\"https:\\\/\\\/www.ahmadiyya-islam.org\\\/es\\\/comunicados-de-prensa\\\/concluye-la-91a-convencion-anual-de-la-comunidad-ahmadia-en-bangladesh\\\/\"]}]},{\"@type\":\"ImageObject\",\"inLanguage\":\"es-ES\",\"@id\":\"https:\\\/\\\/www.ahmadiyya-islam.org\\\/es\\\/comunicados-de-prensa\\\/concluye-la-91a-convencion-anual-de-la-comunidad-ahmadia-en-bangladesh\\\/#primaryimage\",\"url\":\"https:\\\/\\\/www.ahmadiyya-islam.org\\\/es\\\/wp-content\\\/uploads\\\/sites\\\/10\\\/2015\\\/06\\\/2015-02-08-Jalsa-BN-001.png\",\"contentUrl\":\"https:\\\/\\\/www.ahmadiyya-islam.org\\\/es\\\/wp-content\\\/uploads\\\/sites\\\/10\\\/2015\\\/06\\\/2015-02-08-Jalsa-BN-001.png\",\"width\":1000,\"height\":530},{\"@type\":\"BreadcrumbList\",\"@id\":\"https:\\\/\\\/www.ahmadiyya-islam.org\\\/es\\\/comunicados-de-prensa\\\/concluye-la-91a-convencion-anual-de-la-comunidad-ahmadia-en-bangladesh\\\/#breadcrumb\",\"itemListElement\":[{\"@type\":\"ListItem\",\"position\":1,\"name\":\"Home\",\"item\":\"https:\\\/\\\/www.ahmadiyya-islam.org\\\/es\\\/\"},{\"@type\":\"ListItem\",\"position\":2,\"name\":\"Concluye la 91\u00aa convenci\u00f3n anual de la Comunidad Ahmad\u00eda en Bangladesh\"}]},{\"@type\":\"WebSite\",\"@id\":\"https:\\\/\\\/www.ahmadiyya-islam.org\\\/es\\\/#website\",\"url\":\"https:\\\/\\\/www.ahmadiyya-islam.org\\\/es\\\/\",\"name\":\"Comunidad Musulmana Ahmad\u00eda\",\"description\":\"Internacional\",\"publisher\":{\"@id\":\"https:\\\/\\\/www.ahmadiyya-islam.org\\\/es\\\/#organization\"},\"potentialAction\":[{\"@type\":\"SearchAction\",\"target\":{\"@type\":\"EntryPoint\",\"urlTemplate\":\"https:\\\/\\\/www.ahmadiyya-islam.org\\\/es\\\/?s={search_term_string}\"},\"query-input\":{\"@type\":\"PropertyValueSpecification\",\"valueRequired\":true,\"valueName\":\"search_term_string\"}}],\"inLanguage\":\"es-ES\"},{\"@type\":\"Organization\",\"@id\":\"https:\\\/\\\/www.ahmadiyya-islam.org\\\/es\\\/#organization\",\"name\":\"Comunidad Musulmana Ahmad\u00eda\",\"url\":\"https:\\\/\\\/www.ahmadiyya-islam.org\\\/es\\\/\",\"logo\":{\"@type\":\"ImageObject\",\"inLanguage\":\"es-ES\",\"@id\":\"https:\\\/\\\/www.ahmadiyya-islam.org\\\/es\\\/#\\\/schema\\\/logo\\\/image\\\/\",\"url\":\"https:\\\/\\\/www.ahmadiyya-islam.org\\\/es\\\/wp-content\\\/uploads\\\/sites\\\/10\\\/2015\\\/06\\\/alislam-logo.png\",\"contentUrl\":\"https:\\\/\\\/www.ahmadiyya-islam.org\\\/es\\\/wp-content\\\/uploads\\\/sites\\\/10\\\/2015\\\/06\\\/alislam-logo.png\",\"width\":1859,\"height\":1859,\"caption\":\"Comunidad Musulmana Ahmad\u00eda\"},\"image\":{\"@id\":\"https:\\\/\\\/www.ahmadiyya-islam.org\\\/es\\\/#\\\/schema\\\/logo\\\/image\\\/\"}},{\"@type\":\"Person\",\"@id\":\"https:\\\/\\\/www.ahmadiyya-islam.org\\\/es\\\/#\\\/schema\\\/person\\\/ac4c08c7012bbfe73a43476371042f59\",\"name\":\"es1tarikara\"}]}<\/script>\n<!-- \/ Yoast SEO Premium plugin. -->","yoast_head_json":{"title":"Concluye la 91\u00aa convenci\u00f3n anual de la Comunidad Ahmad\u00eda en Bangladesh","description":"Hazrat Mirza Masrur Ahmad dirige la sesi\u00f3n de clausura emitida en directo desde Londres en la que destac\u00f3 las ense\u00f1anzas pac\u00edficas del Islam El l\u00edder","robots":{"index":"index","follow":"follow","max-snippet":"max-snippet:-1","max-image-preview":"max-image-preview:large","max-video-preview":"max-video-preview:-1"},"canonical":"https:\/\/www.ahmadiyya-islam.org\/es\/comunicados-de-prensa\/concluye-la-91a-convencion-anual-de-la-comunidad-ahmadia-en-bangladesh\/","og_locale":"es_ES","og_type":"article","og_title":"Concluye la 91\u00aa convenci\u00f3n anual de la Comunidad Ahmad\u00eda en Bangladesh","og_description":"Hazrat Mirza Masrur Ahmad dirige la sesi\u00f3n de clausura emitida en directo desde Londres en la que destac\u00f3 las ense\u00f1anzas pac\u00edficas del Islam El l\u00edder","og_url":"https:\/\/www.ahmadiyya-islam.org\/es\/comunicados-de-prensa\/concluye-la-91a-convencion-anual-de-la-comunidad-ahmadia-en-bangladesh\/","og_site_name":"Comunidad Musulmana Ahmad\u00eda","article_published_time":"2015-02-09T10:13:13+00:00","article_modified_time":"2015-08-06T18:14:23+00:00","og_image":[{"width":1000,"height":530,"url":"https:\/\/www.ahmadiyya-islam.org\/es\/wp-content\/uploads\/sites\/10\/2015\/06\/2015-02-08-Jalsa-BN-001.png","type":"image\/png"}],"author":"es1tarikara","twitter_card":"summary_large_image","twitter_misc":{"Written by":"es1tarikara","Est. reading time":"4 minutes"},"schema":{"@context":"https:\/\/schema.org","@graph":[{"@type":"Article","@id":"https:\/\/www.ahmadiyya-islam.org\/es\/comunicados-de-prensa\/concluye-la-91a-convencion-anual-de-la-comunidad-ahmadia-en-bangladesh\/#article","isPartOf":{"@id":"https:\/\/www.ahmadiyya-islam.org\/es\/comunicados-de-prensa\/concluye-la-91a-convencion-anual-de-la-comunidad-ahmadia-en-bangladesh\/"},"author":{"name":"es1tarikara","@id":"https:\/\/www.ahmadiyya-islam.org\/es\/#\/schema\/person\/ac4c08c7012bbfe73a43476371042f59"},"headline":"Concluye la 91\u00aa convenci\u00f3n anual de la Comunidad Ahmad\u00eda en Bangladesh","datePublished":"2015-02-09T10:13:13+00:00","dateModified":"2015-08-06T18:14:23+00:00","mainEntityOfPage":{"@id":"https:\/\/www.ahmadiyya-islam.org\/es\/comunicados-de-prensa\/concluye-la-91a-convencion-anual-de-la-comunidad-ahmadia-en-bangladesh\/"},"wordCount":753,"publisher":{"@id":"https:\/\/www.ahmadiyya-islam.org\/es\/#organization"},"image":{"@id":"https:\/\/www.ahmadiyya-islam.org\/es\/comunicados-de-prensa\/concluye-la-91a-convencion-anual-de-la-comunidad-ahmadia-en-bangladesh\/#primaryimage"},"thumbnailUrl":"https:\/\/www.ahmadiyya-islam.org\/es\/wp-content\/uploads\/sites\/10\/2015\/06\/2015-02-08-Jalsa-BN-001.png","keywords":["Bangladesh","Convenci\u00f3n anual","Yalsa Salana"],"articleSection":["Comunicados de prensa"],"inLanguage":"es-ES"},{"@type":"WebPage","@id":"https:\/\/www.ahmadiyya-islam.org\/es\/comunicados-de-prensa\/concluye-la-91a-convencion-anual-de-la-comunidad-ahmadia-en-bangladesh\/","url":"https:\/\/www.ahmadiyya-islam.org\/es\/comunicados-de-prensa\/concluye-la-91a-convencion-anual-de-la-comunidad-ahmadia-en-bangladesh\/","name":"Concluye la 91\u00aa convenci\u00f3n anual de la Comunidad Ahmad\u00eda en Bangladesh","isPartOf":{"@id":"https:\/\/www.ahmadiyya-islam.org\/es\/#website"},"primaryImageOfPage":{"@id":"https:\/\/www.ahmadiyya-islam.org\/es\/comunicados-de-prensa\/concluye-la-91a-convencion-anual-de-la-comunidad-ahmadia-en-bangladesh\/#primaryimage"},"image":{"@id":"https:\/\/www.ahmadiyya-islam.org\/es\/comunicados-de-prensa\/concluye-la-91a-convencion-anual-de-la-comunidad-ahmadia-en-bangladesh\/#primaryimage"},"thumbnailUrl":"https:\/\/www.ahmadiyya-islam.org\/es\/wp-content\/uploads\/sites\/10\/2015\/06\/2015-02-08-Jalsa-BN-001.png","datePublished":"2015-02-09T10:13:13+00:00","dateModified":"2015-08-06T18:14:23+00:00","description":"Hazrat Mirza Masrur Ahmad dirige la sesi\u00f3n de clausura emitida en directo desde Londres en la que destac\u00f3 las ense\u00f1anzas pac\u00edficas del Islam El l\u00edder","breadcrumb":{"@id":"https:\/\/www.ahmadiyya-islam.org\/es\/comunicados-de-prensa\/concluye-la-91a-convencion-anual-de-la-comunidad-ahmadia-en-bangladesh\/#breadcrumb"},"inLanguage":"es-ES","potentialAction":[{"@type":"ReadAction","target":["https:\/\/www.ahmadiyya-islam.org\/es\/comunicados-de-prensa\/concluye-la-91a-convencion-anual-de-la-comunidad-ahmadia-en-bangladesh\/"]}]},{"@type":"ImageObject","inLanguage":"es-ES","@id":"https:\/\/www.ahmadiyya-islam.org\/es\/comunicados-de-prensa\/concluye-la-91a-convencion-anual-de-la-comunidad-ahmadia-en-bangladesh\/#primaryimage","url":"https:\/\/www.ahmadiyya-islam.org\/es\/wp-content\/uploads\/sites\/10\/2015\/06\/2015-02-08-Jalsa-BN-001.png","contentUrl":"https:\/\/www.ahmadiyya-islam.org\/es\/wp-content\/uploads\/sites\/10\/2015\/06\/2015-02-08-Jalsa-BN-001.png","width":1000,"height":530},{"@type":"BreadcrumbList","@id":"https:\/\/www.ahmadiyya-islam.org\/es\/comunicados-de-prensa\/concluye-la-91a-convencion-anual-de-la-comunidad-ahmadia-en-bangladesh\/#breadcrumb","itemListElement":[{"@type":"ListItem","position":1,"name":"Home","item":"https:\/\/www.ahmadiyya-islam.org\/es\/"},{"@type":"ListItem","position":2,"name":"Concluye la 91\u00aa convenci\u00f3n anual de la Comunidad Ahmad\u00eda en Bangladesh"}]},{"@type":"WebSite","@id":"https:\/\/www.ahmadiyya-islam.org\/es\/#website","url":"https:\/\/www.ahmadiyya-islam.org\/es\/","name":"Comunidad Musulmana Ahmad\u00eda","description":"Internacional","publisher":{"@id":"https:\/\/www.ahmadiyya-islam.org\/es\/#organization"},"potentialAction":[{"@type":"SearchAction","target":{"@type":"EntryPoint","urlTemplate":"https:\/\/www.ahmadiyya-islam.org\/es\/?s={search_term_string}"},"query-input":{"@type":"PropertyValueSpecification","valueRequired":true,"valueName":"search_term_string"}}],"inLanguage":"es-ES"},{"@type":"Organization","@id":"https:\/\/www.ahmadiyya-islam.org\/es\/#organization","name":"Comunidad Musulmana Ahmad\u00eda","url":"https:\/\/www.ahmadiyya-islam.org\/es\/","logo":{"@type":"ImageObject","inLanguage":"es-ES","@id":"https:\/\/www.ahmadiyya-islam.org\/es\/#\/schema\/logo\/image\/","url":"https:\/\/www.ahmadiyya-islam.org\/es\/wp-content\/uploads\/sites\/10\/2015\/06\/alislam-logo.png","contentUrl":"https:\/\/www.ahmadiyya-islam.org\/es\/wp-content\/uploads\/sites\/10\/2015\/06\/alislam-logo.png","width":1859,"height":1859,"caption":"Comunidad Musulmana Ahmad\u00eda"},"image":{"@id":"https:\/\/www.ahmadiyya-islam.org\/es\/#\/schema\/logo\/image\/"}},{"@type":"Person","@id":"https:\/\/www.ahmadiyya-islam.org\/es\/#\/schema\/person\/ac4c08c7012bbfe73a43476371042f59","name":"es1tarikara"}]}},"_links":{"self":[{"href":"https:\/\/www.ahmadiyya-islam.org\/es\/wp-json\/wp\/v2\/posts\/159","targetHints":{"allow":["GET"]}}],"collection":[{"href":"https:\/\/www.ahmadiyya-islam.org\/es\/wp-json\/wp\/v2\/posts"}],"about":[{"href":"https:\/\/www.ahmadiyya-islam.org\/es\/wp-json\/wp\/v2\/types\/post"}],"author":[{"embeddable":true,"href":"https:\/\/www.ahmadiyya-islam.org\/es\/wp-json\/wp\/v2\/users\/15"}],"replies":[{"embeddable":true,"href":"https:\/\/www.ahmadiyya-islam.org\/es\/wp-json\/wp\/v2\/comments?post=159"}],"version-history":[{"count":0,"href":"https:\/\/www.ahmadiyya-islam.org\/es\/wp-json\/wp\/v2\/posts\/159\/revisions"}],"wp:featuredmedia":[{"embeddable":true,"href":"https:\/\/www.ahmadiyya-islam.org\/es\/wp-json\/wp\/v2\/media\/160"}],"wp:attachment":[{"href":"https:\/\/www.ahmadiyya-islam.org\/es\/wp-json\/wp\/v2\/media?parent=159"}],"wp:term":[{"taxonomy":"category","embeddable":true,"href":"https:\/\/www.ahmadiyya-islam.org\/es\/wp-json\/wp\/v2\/categories?post=159"},{"taxonomy":"post_tag","embeddable":true,"href":"https:\/\/www.ahmadiyya-islam.org\/es\/wp-json\/wp\/v2\/tags?post=159"},{"taxonomy":"authors","embeddable":true,"href":"https:\/\/www.ahmadiyya-islam.org\/es\/wp-json\/wp\/v2\/authors?post=159"},{"taxonomy":"content_source","embeddable":true,"href":"https:\/\/www.ahmadiyya-islam.org\/es\/wp-json\/wp\/v2\/content_source?post=159"}],"curies":[{"name":"wp","href":"https:\/\/api.w.org\/{rel}","templated":true}]}}