{"id":15506,"date":"2022-08-11T11:27:16","date_gmt":"2022-08-11T11:27:16","guid":{"rendered":"https:\/\/www.ahmadiyya-islam.org\/es\/?p=15506"},"modified":"2022-09-03T11:31:04","modified_gmt":"2022-09-03T11:31:04","slug":"jalifa-v-discurso-inspirador","status":"publish","type":"post","link":"https:\/\/www.ahmadiyya-islam.org\/es\/comunicados-de-prensa\/jalifa-v-discurso-inspirador\/","title":{"rendered":"Jalifa V del Mes\u00edas clausura el 56\u00ba Yalsa Salana de Gran Breta\u00f1a con un discurso inspirador"},"content":{"rendered":"<p>El Jefe Mundial de la Comunidad Musulmana Ahmad\u00eda, el Jalifa V del Mes\u00edas, Su Santidad, Mirza Masrur Ahmad concluy\u00f3 la 56\u00aa Convenci\u00f3n Anual (Yalsa Salana) de la Comunidad Musulmana Ahmad\u00eda el 7 de agosto de 2022 con un discurso inspirador.<\/p>\n<p>M\u00e1s de 26.600 personas asistieron al Yalsa Salana, que tuvo lugar en Hadiqatul Mahdi en Alton, Hampshire.<\/p>\n<p>Este a\u00f1o, debido a las continuas restricciones relacionadas con el covid-19, los asistentes eran principalmente de Gran Breta\u00f1a con un n\u00famero limitado de invitados internacionales. Todo el evento fue retransmitido en directo por MTA International y por web.<\/p>\n<p>Lo m\u00e1s destacado de los tres d\u00edas del Yalsa Salana fue el juramento de lealtad, conocido como Baiat, que tuvo lugar el domingo por la tarde. La ceremonia de Baiat regres\u00f3 despu\u00e9s de un lapso de tres a\u00f1os y la \u00faltima ocasi\u00f3n de este tipo tuvo lugar antes de la pandemia en 2019. Una vez m\u00e1s, los participantes juraron formalmente lealtad a Su Santidad Mirza Masrur Ahmad como el Jalifa V del Mes\u00edas Prometido (as).<\/p>\n<p>Los participantes formaron una cadena humana que conduc\u00eda al Jalifa mientras repet\u00edan las palabras del juramento al un\u00edsono.<\/p>\n<p>Antes de la ceremonia, Su Santidad anunci\u00f3 que m\u00e1s de 176.800 personas se hab\u00edan unido a la Comunidad Musulmana Ahmad\u00eda durante el a\u00f1o pasado de 109 pa\u00edses de todo el mundo.<\/p>\n<p>Durante el discurso de clausura, Su Santidad continu\u00f3 con el tema de arrojar luz sobre los derechos superiores que el islam otorga a la humanidad y que no tienen igual en ninguna otra fe o ideolog\u00eda. Este fue el tercero de una cadena de discursos pronunciados por Su Santidad sobre este tema y los dos primeros discursos se pronunciaron en las sesiones finales del Yalsa Salana de Gran Breta\u00f1a de 2019 y 2021.<\/p>\n<p>En el discurso de este a\u00f1o, Su Santidad se centr\u00f3 en los derechos que el islam otorga a las mujeres y a los miembros d\u00e9biles de la sociedad. Su Santidad present\u00f3 una visi\u00f3n saludable de c\u00f3mo el islam defiende los derechos de la mujer y no hace esl\u00f3ganes vac\u00edos, sino que promulga reglas que elevan el estatus de la mujer en una sociedad.<\/p>\n<p>Destacando las fallas de los movimientos actuales que afirman apoyar los derechos de las mujeres, Su Santidad Mirza Masrur Ahmad dijo:<\/p>\n<p>\u201cHoy en d\u00eda, cuando se proclaman los derechos de las mujeres, hay una falta de consideraci\u00f3n de algunos fundamentos b\u00e1sicos. Cuando hacen gritos de guerra por los derechos de las mujeres, tambi\u00e9n les quitan su libertad religiosa y el derecho a practicar su fe. Cuando intentan arrebatarles sus derechos a los hombres, lo hacen de una manera que termina creando una brecha entre hombres y mujeres\u201d.<\/p>\n<p><img loading=\"lazy\" decoding=\"async\" class=\"size-full wp-image-15510 aligncenter\" src=\"https:\/\/www.ahmadiyya-islam.org\/es\/wp-content\/uploads\/sites\/10\/2022\/09\/20220807_132214-004A90A4-768x522-1.jpg\" alt=\"\" width=\"768\" height=\"522\" srcset=\"https:\/\/www.ahmadiyya-islam.org\/es\/wp-content\/uploads\/sites\/10\/2022\/09\/20220807_132214-004A90A4-768x522-1.jpg 768w, https:\/\/www.ahmadiyya-islam.org\/es\/wp-content\/uploads\/sites\/10\/2022\/09\/20220807_132214-004A90A4-768x522-1-300x204.jpg 300w, https:\/\/www.ahmadiyya-islam.org\/es\/wp-content\/uploads\/sites\/10\/2022\/09\/20220807_132214-004A90A4-768x522-1-150x102.jpg 150w\" sizes=\"auto, (max-width: 768px) 100vw, 768px\" \/><\/p>\n<p>Su Santidad Mirza Masrur Ahmad declar\u00f3, adem\u00e1s:<\/p>\n<p>\u201cEllos [los movimientos por los derechos de las mujeres] no saben c\u00f3mo resolver las barreras que existen debido a las normas econ\u00f3micas, sociales y culturales. Simplemente hacen un eslogan de que las mujeres y los hombres son iguales y asumen que han logrado una gran haza\u00f1a al hacerlo. No reflexionan sobre los detalles m\u00e1s finos y no hacen las reglas apropiadas de acuerdo con la realidad de los desaf\u00edos que existen. No piensan en las consecuencias de las reglas que ellos mismos est\u00e1n creando para forjar una igualdad. \u00bfNo eval\u00faan si est\u00e1n creando paz en la sociedad o est\u00e1n fomentando el malestar? No les importa si sus pol\u00edticas e ideolog\u00edas est\u00e1n rompiendo la unidad familiar\u201d.<\/p>\n<p>Su Santidad continu\u00f3 destacando c\u00f3mo 1400 a\u00f1os antes, el islam dio ense\u00f1anzas que protegen los derechos de las mujeres y los detalles minuciosos que el islam atiende a este respecto.<\/p>\n<p>Su Santidad cit\u00f3 el cap\u00edtulo 4, vers\u00edculo 2 del Santo Cor\u00e1n, que se recita en el momento de la ceremonia de Nikah (matrimonio isl\u00e1mico). El vers\u00edculo dice:<\/p>\n<p>\u201c\u00a1Oh gente! temed a vuestro Se\u00f1or, que os ha creado de una sola alma\u2026\u201d<\/p>\n<p>Hazrat Mirza Masrur Ahmad dijo:<\/p>\n<p>\u201cDios Alt\u00edsimo ha recordado a los creyentes que nunca deben olvidar que tanto los hombres como las mujeres son de la misma alma y, por lo tanto, son de la misma clase. Por lo tanto, tienen el mismo cerebro, y ambos tienen las mismas emociones y sentimientos. Este vers\u00edculo se recita en la ceremonia de Nikah, lo que significa que debe quedar claro en el momento de Nikah que este v\u00ednculo matrimonial solo puede ser fuerte si el hombre se da cuenta de que la mujer es igual a \u00e9l en t\u00e9rminos de sus sentimientos, emociones, comprensi\u00f3n y derechos. Por lo tanto, el hombre no debe pensar que ella es inferior a \u00e9l de ninguna manera. La misma lecci\u00f3n se le ha ense\u00f1ado a la mujer tambi\u00e9n\u201d.<\/p>\n<p><img loading=\"lazy\" decoding=\"async\" class=\"size-full wp-image-15509 aligncenter\" src=\"https:\/\/www.ahmadiyya-islam.org\/es\/wp-content\/uploads\/sites\/10\/2022\/09\/013D8229-1536x863-1.jpg\" alt=\"\" width=\"1536\" height=\"863\" srcset=\"https:\/\/www.ahmadiyya-islam.org\/es\/wp-content\/uploads\/sites\/10\/2022\/09\/013D8229-1536x863-1.jpg 1536w, https:\/\/www.ahmadiyya-islam.org\/es\/wp-content\/uploads\/sites\/10\/2022\/09\/013D8229-1536x863-1-300x169.jpg 300w, https:\/\/www.ahmadiyya-islam.org\/es\/wp-content\/uploads\/sites\/10\/2022\/09\/013D8229-1536x863-1-1024x575.jpg 1024w, https:\/\/www.ahmadiyya-islam.org\/es\/wp-content\/uploads\/sites\/10\/2022\/09\/013D8229-1536x863-1-150x84.jpg 150w, https:\/\/www.ahmadiyya-islam.org\/es\/wp-content\/uploads\/sites\/10\/2022\/09\/013D8229-1536x863-1-768x432.jpg 768w, https:\/\/www.ahmadiyya-islam.org\/es\/wp-content\/uploads\/sites\/10\/2022\/09\/013D8229-1536x863-1-400x225.jpg 400w\" sizes=\"auto, (max-width: 1536px) 100vw, 1536px\" \/><\/p>\n<p>Hablando de la pr\u00e1ctica del Santo Profeta Muhammad (la paz y las bendiciones sean con \u00e9l), Hazrat Mirza Masrur Ahmad dijo:<\/p>\n<p>\u201cLa pr\u00e1ctica personal del Santo Profeta (la paz y las bendiciones sean con \u00e9l) era consultar a las mujeres en asuntos importantes. En la sociedad donde naci\u00f3 el islam, las mujeres eran tratadas de manera tan despectiva que no se les permit\u00eda expresar sus opiniones sobre asuntos triviales, y mucho menos se les consultaba sobre decisiones importantes. Sin embargo, el Santo Profeta (la paz y las bendiciones sean con \u00e9l) los consultaba. Esto hab\u00eda creado tal valent\u00eda entre las mujeres que pod\u00edan reprender a los hombres cada vez que les impon\u00edan restricciones innecesarias. Se narra acerca de Hazrat Umar (ra) que una vez, cuando su esposa expres\u00f3 una opini\u00f3n sobre un asunto en particular, \u00e9l la rega\u00f1\u00f3 para decirle que no ten\u00eda derecho a interferir en el asunto. Ella respondi\u00f3: \u2018Debes permanecer en silencio. Que los viejos tiempos han pasado. El Profeta Muhammad (la paz y las bendiciones sean con \u00e9l) nos ha dado el derecho a hablar. Tambi\u00e9n poseemos un cerebro y somos capaces de expresar nuestra opini\u00f3n sobre asuntos importantes\u2019. De hecho, las compa\u00f1eras aprendieron la fe y algunas de ellas sol\u00edan dar sus consejos a los Jalifas. As\u00ed, el islam otorg\u00f3 derechos a las mujeres en un momento en que se les consideraba in\u00fatiles.\u201d<\/p>\n<p>Su Santidad tambi\u00e9n explic\u00f3 que el islam otorg\u00f3 a las mujeres el derecho a heredar, algo que Occidente solo ha logrado en el siglo pasado.<\/p>\n<p>Su Santidad continu\u00f3 citando varios ejemplos y citas de la vida del Santo Profeta Muhammad (la paz y las bendiciones sean con \u00e9l) que enfatizan el trato amable de las mujeres.<\/p>\n<p>Por ejemplo, el Santo Profeta Muhammad (la paz y las bendiciones sean con \u00e9l) dijo: <strong>\u201cEl mejor de entre vosotros es el que es mejor con los miembros de su familia y yo soy el mejor entre vosotros en el trato a mi familia\u201d.<\/strong><\/p>\n<p>Refiri\u00e9ndose a las numerosas referencias en relaci\u00f3n con los derechos de la mujer, Su Santidad Mirza Masrur Ahmad dijo:<\/p>\n<p>\u201cTodas las referencias que he presentado se relacionan principalmente con el \u00e9nfasis que el islam pone sobre los derechos de la mujer. Los derechos de los hombres no han sido estipulados por separado como tales en el islam. Incluso si existen tales referencias, son muy pocas. Esto se debe a que, en general, dentro de las sociedades se ve un dominio de los hombres y, por lo tanto, los hombres logran obtener sus derechos&#8230; En los pa\u00edses subdesarrollados y en las sociedades menos educadas, las mujeres son tratadas de manera particularmente injusta. La mayor\u00eda de la poblaci\u00f3n musulmana vive en pa\u00edses subdesarrollados y menos educados, por lo que all\u00ed no se otorgan los derechos de las mujeres y se las trata mal. Si los hombres desean hablar de sus propios derechos y si desean que se les concedan sus derechos, entonces tambi\u00e9n deben cumplir con los derechos de las mujeres. Esta es la ense\u00f1anza del islam. Dada la situaci\u00f3n general que existe [donde los hombres son dominantes dentro de las sociedades], el islam ha puesto mayor \u00e9nfasis en el cumplimiento de los derechos de las mujeres. \u00a1A pesar de esto, la gente todav\u00eda parece afirmar que el islam no cumple con los derechos de las mujeres!\u201d<\/p>\n<p>Su Santidad luego pas\u00f3 a explicar los derechos en el islam de <strong>\u201caquellos que piden caridad y aquellos que no pueden\u201d.<\/strong><\/p>\n<p>Su Santidad explic\u00f3 la filosof\u00eda de dar en caridad y qui\u00e9nes deber\u00edan ser los beneficiarios. Refiri\u00e9ndose a las citas del Mes\u00edas Prometido (la paz sea con \u00e9l) y el Jalifa II del Mes\u00edas (ra), Su Santidad mencion\u00f3 que el islam enfatiza la gran importancia de dar a aquellos que piden ayuda. Sin embargo, al mismo tiempo, el islam tambi\u00e9n enfatiza que la mano superior que da es mejor que la mano inferior que recibe y, por lo tanto, el islam desalienta a aquellos que pueden valerse por s\u00ed mismos para que no se conviertan en mendigos habituales.<\/p>\n<p><img loading=\"lazy\" decoding=\"async\" class=\"size-full wp-image-15508 aligncenter\" src=\"https:\/\/www.ahmadiyya-islam.org\/es\/wp-content\/uploads\/sites\/10\/2022\/09\/20220807_092527-8C4F26EF-768x184-1.jpg\" alt=\"\" width=\"768\" height=\"184\" srcset=\"https:\/\/www.ahmadiyya-islam.org\/es\/wp-content\/uploads\/sites\/10\/2022\/09\/20220807_092527-8C4F26EF-768x184-1.jpg 768w, https:\/\/www.ahmadiyya-islam.org\/es\/wp-content\/uploads\/sites\/10\/2022\/09\/20220807_092527-8C4F26EF-768x184-1-300x72.jpg 300w, https:\/\/www.ahmadiyya-islam.org\/es\/wp-content\/uploads\/sites\/10\/2022\/09\/20220807_092527-8C4F26EF-768x184-1-150x36.jpg 150w\" sizes=\"auto, (max-width: 768px) 100vw, 768px\" \/><\/p>\n<p>Sin embargo, Su Santidad tambi\u00e9n dijo que aquellos que van a dar en caridad, si bien pueden tomar la decisi\u00f3n de no dar en caridad a aquellos que har\u00edan mal uso del dinero, a\u00fan pueden dar a las personas independientemente de sus circunstancias porque dar en caridad es digno de recibir las recompensas de Dios Alt\u00edsimo. Pueden hacer caridad de manera que intenten ayudar al destinatario y tambi\u00e9n aconsejarle que deje los malos h\u00e1bitos.<\/p>\n<p>Su Santidad continu\u00f3 explicando que hay personas en la sociedad que piden ayuda, pero hay quienes no lo hacen o no pueden hacerlo y un verdadero creyente debe buscar formas de ayudar incluso a aquellos que no pueden pedir ayuda o que eligen no hacerlo por su propia dignidad.<\/p>\n<p>Hablando m\u00e1s sobre los detalles m\u00e1s finos que cubre el islam sobre dar en caridad, Su Santidad, Mirza Masrur Ahmad dijo:<\/p>\n<p>\u201cCada vez que un mendigo o una persona necesitada acud\u00eda al Santo Profeta Muhammad (la paz y las bendiciones sean con \u00e9l) en busca de ayuda, aconsejaba a sus propios compa\u00f1eros que tambi\u00e9n defendieran a la persona necesitada para que ellos tambi\u00e9n puedan beneficiarse. de la recompensa de Dios Alt\u00edsimo por hacer caridad&#8230; Por lo tanto, no solo se ha explicado el derecho de la persona que busca ayuda en esta referencia, sino que las personas que apoyan a una persona en sus esfuerzos por buscar ayuda han recibido buenas nuevas de obtener la recompensa de Dios. Se ha llamado la atenci\u00f3n de los creyentes para asegurarse de que ellos tambi\u00e9n deben tratar de ayudar a los necesitados y si ellos mismos no pueden ayudar a la persona que tiene una necesidad leg\u00edtima, entonces deben tratar de encontrar la manera de que esa persona obtenga la ayuda que se necesita.\u201d<\/p>\n<p>Al explicar el enfoque isl\u00e1mico para el cumplimiento de los derechos de las personas, Su Santidad, Mirza Masrur Ahmad dijo:<\/p>\n<p>\u201cLas personas materialistas tratan de obtener sus propios derechos a partir de sus intereses creados. Sin embargo, el islam enfatiza que una persona debe buscar cumplir con los derechos de otras personas sin ning\u00fan inter\u00e9s propio. Si verdaderamente actuamos sobre esta ense\u00f1anza, resultar\u00e1 en la introducci\u00f3n de la ense\u00f1anza del islam al mundo. Que Dios nos permita actuar sobre la ense\u00f1anza del islam para que podamos ayudar en la misi\u00f3n que se le ha encomendado al Imam de esta \u00e9poca\u201d.<\/p>\n<p><img loading=\"lazy\" decoding=\"async\" class=\"size-full wp-image-15507 aligncenter\" src=\"https:\/\/www.ahmadiyya-islam.org\/es\/wp-content\/uploads\/sites\/10\/2022\/09\/D95E6705-1024x379-1.jpg\" alt=\"\" width=\"1024\" height=\"379\" srcset=\"https:\/\/www.ahmadiyya-islam.org\/es\/wp-content\/uploads\/sites\/10\/2022\/09\/D95E6705-1024x379-1.jpg 1024w, https:\/\/www.ahmadiyya-islam.org\/es\/wp-content\/uploads\/sites\/10\/2022\/09\/D95E6705-1024x379-1-300x111.jpg 300w, https:\/\/www.ahmadiyya-islam.org\/es\/wp-content\/uploads\/sites\/10\/2022\/09\/D95E6705-1024x379-1-150x56.jpg 150w, https:\/\/www.ahmadiyya-islam.org\/es\/wp-content\/uploads\/sites\/10\/2022\/09\/D95E6705-1024x379-1-768x284.jpg 768w\" sizes=\"auto, (max-width: 1024px) 100vw, 1024px\" \/><\/p>\n","protected":false},"excerpt":{"rendered":"<p>El Jefe Mundial de la Comunidad Musulmana Ahmad\u00eda, el Jalifa V del Mes\u00edas, Su Santidad, Mirza Masrur Ahmad concluy\u00f3 la 56\u00aa Convenci\u00f3n Anual (Yalsa Salana) de la Comunidad Musulmana Ahmad\u00eda el 7 de agosto de 2022 con un discurso inspirador. M\u00e1s de 26.600 personas asistieron al Yalsa Salana, que tuvo lugar en Hadiqatul Mahdi en<\/p>\n","protected":false},"author":35,"featured_media":15511,"comment_status":"closed","ping_status":"closed","sticky":false,"template":"","format":"standard","meta":{"_acf_changed":false,"footnotes":""},"categories":[1],"tags":[],"authors":[],"content_source":[],"class_list":["post-15506","post","type-post","status-publish","format-standard","has-post-thumbnail","hentry","category-comunicados-de-prensa","topics-reino-unido","topics-yalsa-salana"],"acf":[],"yoast_head":"<!-- This site is optimized with the Yoast SEO Premium plugin v21.1 (Yoast SEO v27.4) - https:\/\/yoast.com\/product\/yoast-seo-premium-wordpress\/ -->\n<title>Jalifa V del Mes\u00edas clausura el 56\u00ba Yalsa Salana de Gran Breta\u00f1a con un discurso inspirador<\/title>\n<meta name=\"description\" content=\"El Jefe Mundial de la Comunidad Musulmana Ahmad\u00eda, el Jalifa V del Mes\u00edas, Su Santidad, Mirza Masrur Ahmad concluy\u00f3 la 56\u00aa Convenci\u00f3n Anual (Yalsa Salana)\" \/>\n<meta name=\"robots\" content=\"index, follow, max-snippet:-1, max-image-preview:large, max-video-preview:-1\" \/>\n<link rel=\"canonical\" href=\"https:\/\/www.ahmadiyya-islam.org\/es\/comunicados-de-prensa\/jalifa-v-discurso-inspirador\/\" \/>\n<meta property=\"og:locale\" content=\"es_ES\" \/>\n<meta property=\"og:type\" content=\"article\" \/>\n<meta property=\"og:title\" content=\"Jalifa V del Mes\u00edas clausura el 56\u00ba Yalsa Salana de Gran Breta\u00f1a con un discurso inspirador\" \/>\n<meta property=\"og:description\" content=\"El Jefe Mundial de la Comunidad Musulmana Ahmad\u00eda, el Jalifa V del Mes\u00edas, Su Santidad, Mirza Masrur Ahmad concluy\u00f3 la 56\u00aa Convenci\u00f3n Anual (Yalsa Salana)\" \/>\n<meta property=\"og:url\" content=\"https:\/\/www.ahmadiyya-islam.org\/es\/comunicados-de-prensa\/jalifa-v-discurso-inspirador\/\" \/>\n<meta property=\"og:site_name\" content=\"Comunidad Musulmana Ahmad\u00eda\" \/>\n<meta property=\"article:published_time\" content=\"2022-08-11T11:27:16+00:00\" \/>\n<meta property=\"article:modified_time\" content=\"2022-09-03T11:31:04+00:00\" \/>\n<meta property=\"og:image\" content=\"https:\/\/www.ahmadiyya-islam.org\/es\/wp-content\/uploads\/sites\/10\/2022\/09\/20220807_131452-EEDCBC46-1024x532-1.jpg\" \/>\n\t<meta property=\"og:image:width\" content=\"1024\" \/>\n\t<meta property=\"og:image:height\" content=\"532\" \/>\n\t<meta property=\"og:image:type\" content=\"image\/jpeg\" \/>\n<meta name=\"author\" content=\"es3awaljalil\" \/>\n<meta name=\"twitter:card\" content=\"summary_large_image\" \/>\n<meta name=\"twitter:label1\" content=\"Written by\" \/>\n\t<meta name=\"twitter:data1\" content=\"es3awaljalil\" \/>\n\t<meta name=\"twitter:label2\" content=\"Est. reading time\" \/>\n\t<meta name=\"twitter:data2\" content=\"10 minutes\" \/>\n<script type=\"application\/ld+json\" class=\"yoast-schema-graph\">{\"@context\":\"https:\\\/\\\/schema.org\",\"@graph\":[{\"@type\":\"Article\",\"@id\":\"https:\\\/\\\/www.ahmadiyya-islam.org\\\/es\\\/comunicados-de-prensa\\\/jalifa-v-discurso-inspirador\\\/#article\",\"isPartOf\":{\"@id\":\"https:\\\/\\\/www.ahmadiyya-islam.org\\\/es\\\/comunicados-de-prensa\\\/jalifa-v-discurso-inspirador\\\/\"},\"author\":{\"name\":\"es3awaljalil\",\"@id\":\"https:\\\/\\\/www.ahmadiyya-islam.org\\\/es\\\/#\\\/schema\\\/person\\\/bbef07e2c3ccf919ce692a65f234abef\"},\"headline\":\"Jalifa V del Mes\u00edas clausura el 56\u00ba Yalsa Salana de Gran Breta\u00f1a con un discurso inspirador\",\"datePublished\":\"2022-08-11T11:27:16+00:00\",\"dateModified\":\"2022-09-03T11:31:04+00:00\",\"mainEntityOfPage\":{\"@id\":\"https:\\\/\\\/www.ahmadiyya-islam.org\\\/es\\\/comunicados-de-prensa\\\/jalifa-v-discurso-inspirador\\\/\"},\"wordCount\":1959,\"publisher\":{\"@id\":\"https:\\\/\\\/www.ahmadiyya-islam.org\\\/es\\\/#organization\"},\"image\":{\"@id\":\"https:\\\/\\\/www.ahmadiyya-islam.org\\\/es\\\/comunicados-de-prensa\\\/jalifa-v-discurso-inspirador\\\/#primaryimage\"},\"thumbnailUrl\":\"https:\\\/\\\/www.ahmadiyya-islam.org\\\/es\\\/wp-content\\\/uploads\\\/sites\\\/10\\\/2022\\\/09\\\/20220807_131452-EEDCBC46-1024x532-1.jpg\",\"articleSection\":[\"Comunicados de prensa\"],\"inLanguage\":\"es-ES\"},{\"@type\":\"WebPage\",\"@id\":\"https:\\\/\\\/www.ahmadiyya-islam.org\\\/es\\\/comunicados-de-prensa\\\/jalifa-v-discurso-inspirador\\\/\",\"url\":\"https:\\\/\\\/www.ahmadiyya-islam.org\\\/es\\\/comunicados-de-prensa\\\/jalifa-v-discurso-inspirador\\\/\",\"name\":\"Jalifa V del Mes\u00edas clausura el 56\u00ba Yalsa Salana de Gran Breta\u00f1a con un discurso inspirador\",\"isPartOf\":{\"@id\":\"https:\\\/\\\/www.ahmadiyya-islam.org\\\/es\\\/#website\"},\"primaryImageOfPage\":{\"@id\":\"https:\\\/\\\/www.ahmadiyya-islam.org\\\/es\\\/comunicados-de-prensa\\\/jalifa-v-discurso-inspirador\\\/#primaryimage\"},\"image\":{\"@id\":\"https:\\\/\\\/www.ahmadiyya-islam.org\\\/es\\\/comunicados-de-prensa\\\/jalifa-v-discurso-inspirador\\\/#primaryimage\"},\"thumbnailUrl\":\"https:\\\/\\\/www.ahmadiyya-islam.org\\\/es\\\/wp-content\\\/uploads\\\/sites\\\/10\\\/2022\\\/09\\\/20220807_131452-EEDCBC46-1024x532-1.jpg\",\"datePublished\":\"2022-08-11T11:27:16+00:00\",\"dateModified\":\"2022-09-03T11:31:04+00:00\",\"description\":\"El Jefe Mundial de la Comunidad Musulmana Ahmad\u00eda, el Jalifa V del Mes\u00edas, Su Santidad, Mirza Masrur Ahmad concluy\u00f3 la 56\u00aa Convenci\u00f3n Anual (Yalsa Salana)\",\"breadcrumb\":{\"@id\":\"https:\\\/\\\/www.ahmadiyya-islam.org\\\/es\\\/comunicados-de-prensa\\\/jalifa-v-discurso-inspirador\\\/#breadcrumb\"},\"inLanguage\":\"es-ES\",\"potentialAction\":[{\"@type\":\"ReadAction\",\"target\":[\"https:\\\/\\\/www.ahmadiyya-islam.org\\\/es\\\/comunicados-de-prensa\\\/jalifa-v-discurso-inspirador\\\/\"]}]},{\"@type\":\"ImageObject\",\"inLanguage\":\"es-ES\",\"@id\":\"https:\\\/\\\/www.ahmadiyya-islam.org\\\/es\\\/comunicados-de-prensa\\\/jalifa-v-discurso-inspirador\\\/#primaryimage\",\"url\":\"https:\\\/\\\/www.ahmadiyya-islam.org\\\/es\\\/wp-content\\\/uploads\\\/sites\\\/10\\\/2022\\\/09\\\/20220807_131452-EEDCBC46-1024x532-1.jpg\",\"contentUrl\":\"https:\\\/\\\/www.ahmadiyya-islam.org\\\/es\\\/wp-content\\\/uploads\\\/sites\\\/10\\\/2022\\\/09\\\/20220807_131452-EEDCBC46-1024x532-1.jpg\",\"width\":1024,\"height\":532},{\"@type\":\"BreadcrumbList\",\"@id\":\"https:\\\/\\\/www.ahmadiyya-islam.org\\\/es\\\/comunicados-de-prensa\\\/jalifa-v-discurso-inspirador\\\/#breadcrumb\",\"itemListElement\":[{\"@type\":\"ListItem\",\"position\":1,\"name\":\"Home\",\"item\":\"https:\\\/\\\/www.ahmadiyya-islam.org\\\/es\\\/\"},{\"@type\":\"ListItem\",\"position\":2,\"name\":\"Jalifa V del Mes\u00edas clausura el 56\u00ba Yalsa Salana de Gran Breta\u00f1a con un discurso inspirador\"}]},{\"@type\":\"WebSite\",\"@id\":\"https:\\\/\\\/www.ahmadiyya-islam.org\\\/es\\\/#website\",\"url\":\"https:\\\/\\\/www.ahmadiyya-islam.org\\\/es\\\/\",\"name\":\"Comunidad Musulmana Ahmad\u00eda\",\"description\":\"Internacional\",\"publisher\":{\"@id\":\"https:\\\/\\\/www.ahmadiyya-islam.org\\\/es\\\/#organization\"},\"potentialAction\":[{\"@type\":\"SearchAction\",\"target\":{\"@type\":\"EntryPoint\",\"urlTemplate\":\"https:\\\/\\\/www.ahmadiyya-islam.org\\\/es\\\/?s={search_term_string}\"},\"query-input\":{\"@type\":\"PropertyValueSpecification\",\"valueRequired\":true,\"valueName\":\"search_term_string\"}}],\"inLanguage\":\"es-ES\"},{\"@type\":\"Organization\",\"@id\":\"https:\\\/\\\/www.ahmadiyya-islam.org\\\/es\\\/#organization\",\"name\":\"Comunidad Musulmana Ahmad\u00eda\",\"url\":\"https:\\\/\\\/www.ahmadiyya-islam.org\\\/es\\\/\",\"logo\":{\"@type\":\"ImageObject\",\"inLanguage\":\"es-ES\",\"@id\":\"https:\\\/\\\/www.ahmadiyya-islam.org\\\/es\\\/#\\\/schema\\\/logo\\\/image\\\/\",\"url\":\"https:\\\/\\\/www.ahmadiyya-islam.org\\\/es\\\/wp-content\\\/uploads\\\/sites\\\/10\\\/2015\\\/06\\\/alislam-logo.png\",\"contentUrl\":\"https:\\\/\\\/www.ahmadiyya-islam.org\\\/es\\\/wp-content\\\/uploads\\\/sites\\\/10\\\/2015\\\/06\\\/alislam-logo.png\",\"width\":1859,\"height\":1859,\"caption\":\"Comunidad Musulmana Ahmad\u00eda\"},\"image\":{\"@id\":\"https:\\\/\\\/www.ahmadiyya-islam.org\\\/es\\\/#\\\/schema\\\/logo\\\/image\\\/\"}},{\"@type\":\"Person\",\"@id\":\"https:\\\/\\\/www.ahmadiyya-islam.org\\\/es\\\/#\\\/schema\\\/person\\\/bbef07e2c3ccf919ce692a65f234abef\",\"name\":\"es3awaljalil\"}]}<\/script>\n<!-- \/ Yoast SEO Premium plugin. -->","yoast_head_json":{"title":"Jalifa V del Mes\u00edas clausura el 56\u00ba Yalsa Salana de Gran Breta\u00f1a con un discurso inspirador","description":"El Jefe Mundial de la Comunidad Musulmana Ahmad\u00eda, el Jalifa V del Mes\u00edas, Su Santidad, Mirza Masrur Ahmad concluy\u00f3 la 56\u00aa Convenci\u00f3n Anual (Yalsa Salana)","robots":{"index":"index","follow":"follow","max-snippet":"max-snippet:-1","max-image-preview":"max-image-preview:large","max-video-preview":"max-video-preview:-1"},"canonical":"https:\/\/www.ahmadiyya-islam.org\/es\/comunicados-de-prensa\/jalifa-v-discurso-inspirador\/","og_locale":"es_ES","og_type":"article","og_title":"Jalifa V del Mes\u00edas clausura el 56\u00ba Yalsa Salana de Gran Breta\u00f1a con un discurso inspirador","og_description":"El Jefe Mundial de la Comunidad Musulmana Ahmad\u00eda, el Jalifa V del Mes\u00edas, Su Santidad, Mirza Masrur Ahmad concluy\u00f3 la 56\u00aa Convenci\u00f3n Anual (Yalsa Salana)","og_url":"https:\/\/www.ahmadiyya-islam.org\/es\/comunicados-de-prensa\/jalifa-v-discurso-inspirador\/","og_site_name":"Comunidad Musulmana Ahmad\u00eda","article_published_time":"2022-08-11T11:27:16+00:00","article_modified_time":"2022-09-03T11:31:04+00:00","og_image":[{"width":1024,"height":532,"url":"https:\/\/www.ahmadiyya-islam.org\/es\/wp-content\/uploads\/sites\/10\/2022\/09\/20220807_131452-EEDCBC46-1024x532-1.jpg","type":"image\/jpeg"}],"author":"es3awaljalil","twitter_card":"summary_large_image","twitter_misc":{"Written by":"es3awaljalil","Est. reading time":"10 minutes"},"schema":{"@context":"https:\/\/schema.org","@graph":[{"@type":"Article","@id":"https:\/\/www.ahmadiyya-islam.org\/es\/comunicados-de-prensa\/jalifa-v-discurso-inspirador\/#article","isPartOf":{"@id":"https:\/\/www.ahmadiyya-islam.org\/es\/comunicados-de-prensa\/jalifa-v-discurso-inspirador\/"},"author":{"name":"es3awaljalil","@id":"https:\/\/www.ahmadiyya-islam.org\/es\/#\/schema\/person\/bbef07e2c3ccf919ce692a65f234abef"},"headline":"Jalifa V del Mes\u00edas clausura el 56\u00ba Yalsa Salana de Gran Breta\u00f1a con un discurso inspirador","datePublished":"2022-08-11T11:27:16+00:00","dateModified":"2022-09-03T11:31:04+00:00","mainEntityOfPage":{"@id":"https:\/\/www.ahmadiyya-islam.org\/es\/comunicados-de-prensa\/jalifa-v-discurso-inspirador\/"},"wordCount":1959,"publisher":{"@id":"https:\/\/www.ahmadiyya-islam.org\/es\/#organization"},"image":{"@id":"https:\/\/www.ahmadiyya-islam.org\/es\/comunicados-de-prensa\/jalifa-v-discurso-inspirador\/#primaryimage"},"thumbnailUrl":"https:\/\/www.ahmadiyya-islam.org\/es\/wp-content\/uploads\/sites\/10\/2022\/09\/20220807_131452-EEDCBC46-1024x532-1.jpg","articleSection":["Comunicados de prensa"],"inLanguage":"es-ES"},{"@type":"WebPage","@id":"https:\/\/www.ahmadiyya-islam.org\/es\/comunicados-de-prensa\/jalifa-v-discurso-inspirador\/","url":"https:\/\/www.ahmadiyya-islam.org\/es\/comunicados-de-prensa\/jalifa-v-discurso-inspirador\/","name":"Jalifa V del Mes\u00edas clausura el 56\u00ba Yalsa Salana de Gran Breta\u00f1a con un discurso inspirador","isPartOf":{"@id":"https:\/\/www.ahmadiyya-islam.org\/es\/#website"},"primaryImageOfPage":{"@id":"https:\/\/www.ahmadiyya-islam.org\/es\/comunicados-de-prensa\/jalifa-v-discurso-inspirador\/#primaryimage"},"image":{"@id":"https:\/\/www.ahmadiyya-islam.org\/es\/comunicados-de-prensa\/jalifa-v-discurso-inspirador\/#primaryimage"},"thumbnailUrl":"https:\/\/www.ahmadiyya-islam.org\/es\/wp-content\/uploads\/sites\/10\/2022\/09\/20220807_131452-EEDCBC46-1024x532-1.jpg","datePublished":"2022-08-11T11:27:16+00:00","dateModified":"2022-09-03T11:31:04+00:00","description":"El Jefe Mundial de la Comunidad Musulmana Ahmad\u00eda, el Jalifa V del Mes\u00edas, Su Santidad, Mirza Masrur Ahmad concluy\u00f3 la 56\u00aa Convenci\u00f3n Anual (Yalsa Salana)","breadcrumb":{"@id":"https:\/\/www.ahmadiyya-islam.org\/es\/comunicados-de-prensa\/jalifa-v-discurso-inspirador\/#breadcrumb"},"inLanguage":"es-ES","potentialAction":[{"@type":"ReadAction","target":["https:\/\/www.ahmadiyya-islam.org\/es\/comunicados-de-prensa\/jalifa-v-discurso-inspirador\/"]}]},{"@type":"ImageObject","inLanguage":"es-ES","@id":"https:\/\/www.ahmadiyya-islam.org\/es\/comunicados-de-prensa\/jalifa-v-discurso-inspirador\/#primaryimage","url":"https:\/\/www.ahmadiyya-islam.org\/es\/wp-content\/uploads\/sites\/10\/2022\/09\/20220807_131452-EEDCBC46-1024x532-1.jpg","contentUrl":"https:\/\/www.ahmadiyya-islam.org\/es\/wp-content\/uploads\/sites\/10\/2022\/09\/20220807_131452-EEDCBC46-1024x532-1.jpg","width":1024,"height":532},{"@type":"BreadcrumbList","@id":"https:\/\/www.ahmadiyya-islam.org\/es\/comunicados-de-prensa\/jalifa-v-discurso-inspirador\/#breadcrumb","itemListElement":[{"@type":"ListItem","position":1,"name":"Home","item":"https:\/\/www.ahmadiyya-islam.org\/es\/"},{"@type":"ListItem","position":2,"name":"Jalifa V del Mes\u00edas clausura el 56\u00ba Yalsa Salana de Gran Breta\u00f1a con un discurso inspirador"}]},{"@type":"WebSite","@id":"https:\/\/www.ahmadiyya-islam.org\/es\/#website","url":"https:\/\/www.ahmadiyya-islam.org\/es\/","name":"Comunidad Musulmana Ahmad\u00eda","description":"Internacional","publisher":{"@id":"https:\/\/www.ahmadiyya-islam.org\/es\/#organization"},"potentialAction":[{"@type":"SearchAction","target":{"@type":"EntryPoint","urlTemplate":"https:\/\/www.ahmadiyya-islam.org\/es\/?s={search_term_string}"},"query-input":{"@type":"PropertyValueSpecification","valueRequired":true,"valueName":"search_term_string"}}],"inLanguage":"es-ES"},{"@type":"Organization","@id":"https:\/\/www.ahmadiyya-islam.org\/es\/#organization","name":"Comunidad Musulmana Ahmad\u00eda","url":"https:\/\/www.ahmadiyya-islam.org\/es\/","logo":{"@type":"ImageObject","inLanguage":"es-ES","@id":"https:\/\/www.ahmadiyya-islam.org\/es\/#\/schema\/logo\/image\/","url":"https:\/\/www.ahmadiyya-islam.org\/es\/wp-content\/uploads\/sites\/10\/2015\/06\/alislam-logo.png","contentUrl":"https:\/\/www.ahmadiyya-islam.org\/es\/wp-content\/uploads\/sites\/10\/2015\/06\/alislam-logo.png","width":1859,"height":1859,"caption":"Comunidad Musulmana Ahmad\u00eda"},"image":{"@id":"https:\/\/www.ahmadiyya-islam.org\/es\/#\/schema\/logo\/image\/"}},{"@type":"Person","@id":"https:\/\/www.ahmadiyya-islam.org\/es\/#\/schema\/person\/bbef07e2c3ccf919ce692a65f234abef","name":"es3awaljalil"}]}},"_links":{"self":[{"href":"https:\/\/www.ahmadiyya-islam.org\/es\/wp-json\/wp\/v2\/posts\/15506","targetHints":{"allow":["GET"]}}],"collection":[{"href":"https:\/\/www.ahmadiyya-islam.org\/es\/wp-json\/wp\/v2\/posts"}],"about":[{"href":"https:\/\/www.ahmadiyya-islam.org\/es\/wp-json\/wp\/v2\/types\/post"}],"author":[{"embeddable":true,"href":"https:\/\/www.ahmadiyya-islam.org\/es\/wp-json\/wp\/v2\/users\/35"}],"replies":[{"embeddable":true,"href":"https:\/\/www.ahmadiyya-islam.org\/es\/wp-json\/wp\/v2\/comments?post=15506"}],"version-history":[{"count":1,"href":"https:\/\/www.ahmadiyya-islam.org\/es\/wp-json\/wp\/v2\/posts\/15506\/revisions"}],"predecessor-version":[{"id":15513,"href":"https:\/\/www.ahmadiyya-islam.org\/es\/wp-json\/wp\/v2\/posts\/15506\/revisions\/15513"}],"wp:featuredmedia":[{"embeddable":true,"href":"https:\/\/www.ahmadiyya-islam.org\/es\/wp-json\/wp\/v2\/media\/15511"}],"wp:attachment":[{"href":"https:\/\/www.ahmadiyya-islam.org\/es\/wp-json\/wp\/v2\/media?parent=15506"}],"wp:term":[{"taxonomy":"category","embeddable":true,"href":"https:\/\/www.ahmadiyya-islam.org\/es\/wp-json\/wp\/v2\/categories?post=15506"},{"taxonomy":"post_tag","embeddable":true,"href":"https:\/\/www.ahmadiyya-islam.org\/es\/wp-json\/wp\/v2\/tags?post=15506"},{"taxonomy":"authors","embeddable":true,"href":"https:\/\/www.ahmadiyya-islam.org\/es\/wp-json\/wp\/v2\/authors?post=15506"},{"taxonomy":"content_source","embeddable":true,"href":"https:\/\/www.ahmadiyya-islam.org\/es\/wp-json\/wp\/v2\/content_source?post=15506"}],"curies":[{"name":"wp","href":"https:\/\/api.w.org\/{rel}","templated":true}]}}