{"id":15382,"date":"2022-05-28T11:18:20","date_gmt":"2022-05-28T11:18:20","guid":{"rendered":"https:\/\/www.ahmadiyya-islam.org\/es\/?p=15382"},"modified":"2022-08-30T09:10:12","modified_gmt":"2022-08-30T09:10:12","slug":"waqf-e-nau-layna-ee-uu","status":"publish","type":"post","link":"https:\/\/www.ahmadiyya-islam.org\/es\/comunicados-de-prensa\/waqf-e-nau-layna-ee-uu\/","title":{"rendered":"Las Waqf-e-Nau Layna de los EE. UU. tiene el honor de celebrar reuni\u00f3n virtual el Quinto Jalifa del Mes\u00edas"},"content":{"rendered":"<p><i>Su Santidad describe los principios isl\u00e1micos sobre varios temas, incluido el aborto a la luz de la posible revocaci\u00f3n de Roe v Wade por parte de la Corte Suprema.<\/i><\/p>\n<p>El 28 de mayo de 2022, el Jefe Mundial de la Comunidad Musulmana Ahmad\u00eda, el Quinto Jalifa, Su Santidad, Mirza Masrur Ahmad, celebr\u00f3 una reuni\u00f3n virtual con las mujeres miembros del sistema Waqf-e-Nau (Consagradas) de 15 a\u00f1os o m\u00e1s de los Estados Unidos de Am\u00e9rica.<\/p>\n<p>Su Santidad presidi\u00f3 la reuni\u00f3n desde los Estudios MTA en Islamabad, Tilford, mientras que las Waqf-e-Nau se reunieron en la Mezquita Baitur Rahman en Maryland, EE. UU.<\/p>\n<p>Despu\u00e9s de una sesi\u00f3n formal que comenz\u00f3 con la recitaci\u00f3n del Santo Cor\u00e1n, las asistentes tuvieron la oportunidad de hacerle a Su Santidad una serie de preguntas sobre su fe y los temas contempor\u00e1neos.<\/p>\n<p>Uno de los miembros de Waqf-e-Nau Layna mencion\u00f3 que la Corte Suprema de los EE. UU. puede revocar una decisi\u00f3n de larga duraci\u00f3n de la Corte que estableci\u00f3 el aborto como un derecho constitucional. En este sentido, pregunt\u00f3 si el islam permite el aborto en caso de violaci\u00f3n o problemas de salud de la madre y del beb\u00e9.<\/p>\n<p>En respuesta, al resumir las ense\u00f1anzas del islam, Hazrat Mirza Masrur Ahmad dijo:<\/p>\n<p>\u201cEl islam dice que no debes matar a tus hijos por miedo a su crianza, o [miedo a la falta] de finanzas. Eso es lo \u00fanico que el islam proh\u00edbe para el aborto. De lo contrario, el islam dice que, si la salud de la mujer est\u00e1 en riesgo, se puede abortar. Si el beb\u00e9 no se est\u00e1 desarrollando correctamente, puede hacer un aborto. En el caso de violaci\u00f3n, tambi\u00e9n, si una mujer dice que no puede llevar la carga de este ni\u00f1o, por ejemplo, debido a la sociedad, que la van a levantar los dedos todo el tiempo, e incluso si el ni\u00f1o nace, el ni\u00f1o tambi\u00e9n enfrentar\u00e1 dificultades en su entorno; entonces la madre puede decidir abortar, el islam lo permite. Pero no por el miedo a la pobreza. No por [la preocupaci\u00f3n] de \u2018\u00bfC\u00f3mo puedo cuidar al ni\u00f1o?\u2019. Es lo \u00fanico. Dios dice que, \u2018Yo os proveo para vuestro bienestar, os doy vuestro alimento, y Yo soy El Proveedor. Entonces, no debes matar a tu beb\u00e9, o impedir el nacimiento de tu hijo por miedo a la pobreza\u2019\u201d.<\/p>\n<p>Otro miembro de Waqf-e-Nau pregunt\u00f3 c\u00f3mo mantener un buen estado moral dadas las influencias negativas e inmorales que impregnan la sociedad.<\/p>\n<p>En respuesta a su pregunta, Mirza Masrur Ahmad dijo:<\/p>\n<p>\u201cSi eres un verdadero musulm\u00e1n, si crees en un solo Dios, si lees el Santo Cor\u00e1n y conoces las ense\u00f1anzas contenidas en el Santo Cor\u00e1n, y si conoces el esp\u00edritu del juramento de lealtad, y si est\u00e1s siguiendo las ense\u00f1anzas o la gu\u00eda que os ha dado el Jalifa del momento, no os enfrentar\u00e9is a tales dificultades. No solo deb\u00e9is afirmar que sois musulmanes, [m\u00e1s bien] deb\u00e9is tratar de averiguar cu\u00e1les son los mandamientos dados en el Santo Cor\u00e1n por Dios Alt\u00edsimo; \u00bfCu\u00e1les son las ense\u00f1anzas del islam? Y si realmente actuamos en consecuencia, reformaremos nuestro entorno, que no nos influyan (negativamente). Y tambi\u00e9n debemos orar a Dios Alt\u00edsimo que siempre nos gu\u00ede por el camino recto\u201d.<\/p>\n<p>Mirza Masrur Ahmad declar\u00f3, adem\u00e1s:<\/p>\n<p>\u201cSiempre deb\u00e9is comportaros bien, deb\u00e9is observar [buenas] conductas y respetaros unos a otros. Entonces, estas son las ense\u00f1anzas. Si estamos cumpliendo con nuestros deberes que le debemos a la humanidad, nos debemos unos a otros, entonces, en lugar de ser influenciados por las acciones de los dem\u00e1s, vosotros influenciar\u00e9is a ellos\u201d.<\/p>\n<p>Otra asistente dijo que algunos amigos cristianos dijeron que cuando rezaban en el nombre de Jesucristo, sus oraciones eran respondidas y preguntaron c\u00f3mo los musulmanes, que creen en Dios Alt\u00edsimo, como el Dios \u00danico y Omnipotente, deber\u00edan responder a esto.<\/p>\n<p>Mirza Masrur Ahmad explic\u00f3:<\/p>\n<p>\u201cPreg\u00fantales que antes del nacimiento de Jesucristo, \u00bflas oraciones de las personas no eran respondidas o aceptadas? \u00bfQu\u00e9 hac\u00eda la gente en esa \u00e9poca? Jesucristo vino hace apenas 2000 a\u00f1os. Antes de eso, \u00bfqui\u00e9n sol\u00eda escuchar las oraciones de la gente? \u00bfO no estaban siendo aceptados? Y ahora, si Jesucristo es dios, entonces, \u00bfcu\u00e1l es el uso y la necesidad de Dios Alt\u00edsimo?\u201d<\/p>\n<p>Su Santidad continu\u00f3:<\/p>\n<p>\u201cSeg\u00fan los cristianos, Jesucristo es hijo, y \u00bfqui\u00e9n es m\u00e1s poderoso, el hijo o el padre?&#8230; Cuando el Padre est\u00e1 ah\u00ed para recibir nuestras oraciones, \u00bfpor qu\u00e9 debemos acudir al hijo en busca de intercesi\u00f3n? \u00bfPor qu\u00e9 no le preguntamos directamente al Padre, quien se ha ofrecido a s\u00ed mismo? \u2018S\u00ed, estoy aqu\u00ed, \u00f3rame a M\u00ed y aceptar\u00e9 tus oraciones\u2019 Entonces, comprobar\u00e1s de que no hay l\u00f3gica detr\u00e1s de su creencia\u201d.<\/p>\n<p>Su Santidad, Mirza Masrur Ahmad declar\u00f3 adem\u00e1s:<\/p>\n<p>\u201cDeber\u00edas leer m\u00e1s literatura de la Comunidad Musulmana Ahmad\u00eda. Entonces sabr\u00e1s que, a veces, cuando se eliminan las dificultades de una persona y obtienen un respiro de sus dificultades, es solo por la misericordia de Dios Alt\u00edsimo. Ver\u00e1s, los hind\u00faes tambi\u00e9n son adoradores de \u00eddolos. Ofrecen sus oraciones ante diferentes deidades. Incluso entre ciertos musulmanes, en los pa\u00edses asi\u00e1ticos existe el concepto de que algunas de las personas santas pueden resolver sus problemas. Por eso se inclinan sobre sus tumbas. Algunas personas incluso creen que cuando les piden algo a estas personas y se postran ante ellos en sus tumbas, sus oraciones son aceptadas mejor que cuando rezan a Dios Alt\u00edsimo. No hay l\u00f3gica en ello\u201d.<\/p>\n<p>Una Layna tambi\u00e9n pregunt\u00f3 a Su Santidad qu\u00e9 medidas toma para cuidar su salud.<\/p>\n<p>Su Santidad, Mirza Masrur Ahmad dijo:<\/p>\n<p>\u201cSol\u00eda hacer algo de ejercicio en el pasado, pero ahora no [tengo tiempo]. De la ma\u00f1ana a la tarde hay trabajo, as\u00ed que no encuentro tiempo para hacer ejercicio. Pero al menos, eres joven y por eso debes cuidar tu salud. Esta es su gran responsabilidad, ya que se os ha encomendado la tarea de reformar el mundo, y si est\u00e1is sanos, entonces pod\u00e9is hacer vuestro trabajo de manera adecuada\u201d.<\/p>\n","protected":false},"excerpt":{"rendered":"<p>Su Santidad describe los principios isl\u00e1micos sobre varios temas, incluido el aborto a la luz de la posible revocaci\u00f3n de Roe v Wade por parte de la Corte Suprema. El 28 de mayo de 2022, el Jefe Mundial de la Comunidad Musulmana Ahmad\u00eda, el Quinto Jalifa, Su Santidad, Mirza Masrur Ahmad, celebr\u00f3 una reuni\u00f3n virtual<\/p>\n","protected":false},"author":35,"featured_media":15383,"comment_status":"closed","ping_status":"closed","sticky":false,"template":"","format":"standard","meta":{"_acf_changed":false,"footnotes":""},"categories":[1],"tags":[1235,235],"authors":[],"content_source":[],"class_list":["post-15382","post","type-post","status-publish","format-standard","has-post-thumbnail","hentry","category-comunicados-de-prensa","tag-eeuu-waqf-e-nou","tag-layna","topics-waqf-e-nau"],"acf":[],"yoast_head":"<!-- This site is optimized with the Yoast SEO Premium plugin v21.1 (Yoast SEO v27.4) - https:\/\/yoast.com\/product\/yoast-seo-premium-wordpress\/ -->\n<title>Las Waqf-e-Nau Layna de los EE. UU. tiene el honor de celebrar reuni\u00f3n virtual el Quinto Jalifa del Mes\u00edas<\/title>\n<meta name=\"description\" content=\"Su Santidad describe los principios isl\u00e1micos sobre varios temas, incluido el aborto a la luz de la posible revocaci\u00f3n de Roe v Wade por parte de la Corte\" \/>\n<meta name=\"robots\" content=\"index, follow, max-snippet:-1, max-image-preview:large, max-video-preview:-1\" \/>\n<link rel=\"canonical\" href=\"https:\/\/www.ahmadiyya-islam.org\/es\/comunicados-de-prensa\/waqf-e-nau-layna-ee-uu\/\" \/>\n<meta property=\"og:locale\" content=\"es_ES\" \/>\n<meta property=\"og:type\" content=\"article\" \/>\n<meta property=\"og:title\" content=\"Las Waqf-e-Nau Layna de los EE. UU. tiene el honor de celebrar reuni\u00f3n virtual el Quinto Jalifa del Mes\u00edas\" \/>\n<meta property=\"og:description\" content=\"Su Santidad describe los principios isl\u00e1micos sobre varios temas, incluido el aborto a la luz de la posible revocaci\u00f3n de Roe v Wade por parte de la Corte\" \/>\n<meta property=\"og:url\" content=\"https:\/\/www.ahmadiyya-islam.org\/es\/comunicados-de-prensa\/waqf-e-nau-layna-ee-uu\/\" \/>\n<meta property=\"og:site_name\" content=\"Comunidad Musulmana Ahmad\u00eda\" \/>\n<meta property=\"article:published_time\" content=\"2022-05-28T11:18:20+00:00\" \/>\n<meta property=\"article:modified_time\" content=\"2022-08-30T09:10:12+00:00\" \/>\n<meta property=\"og:image\" content=\"https:\/\/www.ahmadiyya-islam.org\/es\/wp-content\/uploads\/sites\/10\/2022\/06\/ezgif-1-15639204c8.jpg\" \/>\n\t<meta property=\"og:image:width\" content=\"1080\" \/>\n\t<meta property=\"og:image:height\" content=\"720\" \/>\n\t<meta property=\"og:image:type\" content=\"image\/jpeg\" \/>\n<meta name=\"author\" content=\"es3awaljalil\" \/>\n<meta name=\"twitter:card\" content=\"summary_large_image\" \/>\n<meta name=\"twitter:label1\" content=\"Written by\" \/>\n\t<meta name=\"twitter:data1\" content=\"es3awaljalil\" \/>\n\t<meta name=\"twitter:label2\" content=\"Est. reading time\" \/>\n\t<meta name=\"twitter:data2\" content=\"5 minutes\" \/>\n<script type=\"application\/ld+json\" class=\"yoast-schema-graph\">{\"@context\":\"https:\\\/\\\/schema.org\",\"@graph\":[{\"@type\":\"Article\",\"@id\":\"https:\\\/\\\/www.ahmadiyya-islam.org\\\/es\\\/comunicados-de-prensa\\\/waqf-e-nau-layna-ee-uu\\\/#article\",\"isPartOf\":{\"@id\":\"https:\\\/\\\/www.ahmadiyya-islam.org\\\/es\\\/comunicados-de-prensa\\\/waqf-e-nau-layna-ee-uu\\\/\"},\"author\":{\"name\":\"es3awaljalil\",\"@id\":\"https:\\\/\\\/www.ahmadiyya-islam.org\\\/es\\\/#\\\/schema\\\/person\\\/bbef07e2c3ccf919ce692a65f234abef\"},\"headline\":\"Las Waqf-e-Nau Layna de los EE. UU. tiene el honor de celebrar reuni\u00f3n virtual el Quinto Jalifa del Mes\u00edas\",\"datePublished\":\"2022-05-28T11:18:20+00:00\",\"dateModified\":\"2022-08-30T09:10:12+00:00\",\"mainEntityOfPage\":{\"@id\":\"https:\\\/\\\/www.ahmadiyya-islam.org\\\/es\\\/comunicados-de-prensa\\\/waqf-e-nau-layna-ee-uu\\\/\"},\"wordCount\":1090,\"publisher\":{\"@id\":\"https:\\\/\\\/www.ahmadiyya-islam.org\\\/es\\\/#organization\"},\"image\":{\"@id\":\"https:\\\/\\\/www.ahmadiyya-islam.org\\\/es\\\/comunicados-de-prensa\\\/waqf-e-nau-layna-ee-uu\\\/#primaryimage\"},\"thumbnailUrl\":\"https:\\\/\\\/www.ahmadiyya-islam.org\\\/es\\\/wp-content\\\/uploads\\\/sites\\\/10\\\/2022\\\/06\\\/ezgif-1-15639204c8.jpg\",\"keywords\":[\"EEUU Waqf-e-Nou\",\"layna\"],\"articleSection\":[\"Comunicados de prensa\"],\"inLanguage\":\"es-ES\"},{\"@type\":\"WebPage\",\"@id\":\"https:\\\/\\\/www.ahmadiyya-islam.org\\\/es\\\/comunicados-de-prensa\\\/waqf-e-nau-layna-ee-uu\\\/\",\"url\":\"https:\\\/\\\/www.ahmadiyya-islam.org\\\/es\\\/comunicados-de-prensa\\\/waqf-e-nau-layna-ee-uu\\\/\",\"name\":\"Las Waqf-e-Nau Layna de los EE. UU. tiene el honor de celebrar reuni\u00f3n virtual el Quinto Jalifa del Mes\u00edas\",\"isPartOf\":{\"@id\":\"https:\\\/\\\/www.ahmadiyya-islam.org\\\/es\\\/#website\"},\"primaryImageOfPage\":{\"@id\":\"https:\\\/\\\/www.ahmadiyya-islam.org\\\/es\\\/comunicados-de-prensa\\\/waqf-e-nau-layna-ee-uu\\\/#primaryimage\"},\"image\":{\"@id\":\"https:\\\/\\\/www.ahmadiyya-islam.org\\\/es\\\/comunicados-de-prensa\\\/waqf-e-nau-layna-ee-uu\\\/#primaryimage\"},\"thumbnailUrl\":\"https:\\\/\\\/www.ahmadiyya-islam.org\\\/es\\\/wp-content\\\/uploads\\\/sites\\\/10\\\/2022\\\/06\\\/ezgif-1-15639204c8.jpg\",\"datePublished\":\"2022-05-28T11:18:20+00:00\",\"dateModified\":\"2022-08-30T09:10:12+00:00\",\"description\":\"Su Santidad describe los principios isl\u00e1micos sobre varios temas, incluido el aborto a la luz de la posible revocaci\u00f3n de Roe v Wade por parte de la Corte\",\"breadcrumb\":{\"@id\":\"https:\\\/\\\/www.ahmadiyya-islam.org\\\/es\\\/comunicados-de-prensa\\\/waqf-e-nau-layna-ee-uu\\\/#breadcrumb\"},\"inLanguage\":\"es-ES\",\"potentialAction\":[{\"@type\":\"ReadAction\",\"target\":[\"https:\\\/\\\/www.ahmadiyya-islam.org\\\/es\\\/comunicados-de-prensa\\\/waqf-e-nau-layna-ee-uu\\\/\"]}]},{\"@type\":\"ImageObject\",\"inLanguage\":\"es-ES\",\"@id\":\"https:\\\/\\\/www.ahmadiyya-islam.org\\\/es\\\/comunicados-de-prensa\\\/waqf-e-nau-layna-ee-uu\\\/#primaryimage\",\"url\":\"https:\\\/\\\/www.ahmadiyya-islam.org\\\/es\\\/wp-content\\\/uploads\\\/sites\\\/10\\\/2022\\\/06\\\/ezgif-1-15639204c8.jpg\",\"contentUrl\":\"https:\\\/\\\/www.ahmadiyya-islam.org\\\/es\\\/wp-content\\\/uploads\\\/sites\\\/10\\\/2022\\\/06\\\/ezgif-1-15639204c8.jpg\",\"width\":1080,\"height\":720},{\"@type\":\"BreadcrumbList\",\"@id\":\"https:\\\/\\\/www.ahmadiyya-islam.org\\\/es\\\/comunicados-de-prensa\\\/waqf-e-nau-layna-ee-uu\\\/#breadcrumb\",\"itemListElement\":[{\"@type\":\"ListItem\",\"position\":1,\"name\":\"Home\",\"item\":\"https:\\\/\\\/www.ahmadiyya-islam.org\\\/es\\\/\"},{\"@type\":\"ListItem\",\"position\":2,\"name\":\"Las Waqf-e-Nau Layna de los EE. UU. tiene el honor de celebrar reuni\u00f3n virtual el Quinto Jalifa del Mes\u00edas\"}]},{\"@type\":\"WebSite\",\"@id\":\"https:\\\/\\\/www.ahmadiyya-islam.org\\\/es\\\/#website\",\"url\":\"https:\\\/\\\/www.ahmadiyya-islam.org\\\/es\\\/\",\"name\":\"Comunidad Musulmana Ahmad\u00eda\",\"description\":\"Internacional\",\"publisher\":{\"@id\":\"https:\\\/\\\/www.ahmadiyya-islam.org\\\/es\\\/#organization\"},\"potentialAction\":[{\"@type\":\"SearchAction\",\"target\":{\"@type\":\"EntryPoint\",\"urlTemplate\":\"https:\\\/\\\/www.ahmadiyya-islam.org\\\/es\\\/?s={search_term_string}\"},\"query-input\":{\"@type\":\"PropertyValueSpecification\",\"valueRequired\":true,\"valueName\":\"search_term_string\"}}],\"inLanguage\":\"es-ES\"},{\"@type\":\"Organization\",\"@id\":\"https:\\\/\\\/www.ahmadiyya-islam.org\\\/es\\\/#organization\",\"name\":\"Comunidad Musulmana Ahmad\u00eda\",\"url\":\"https:\\\/\\\/www.ahmadiyya-islam.org\\\/es\\\/\",\"logo\":{\"@type\":\"ImageObject\",\"inLanguage\":\"es-ES\",\"@id\":\"https:\\\/\\\/www.ahmadiyya-islam.org\\\/es\\\/#\\\/schema\\\/logo\\\/image\\\/\",\"url\":\"https:\\\/\\\/www.ahmadiyya-islam.org\\\/es\\\/wp-content\\\/uploads\\\/sites\\\/10\\\/2015\\\/06\\\/alislam-logo.png\",\"contentUrl\":\"https:\\\/\\\/www.ahmadiyya-islam.org\\\/es\\\/wp-content\\\/uploads\\\/sites\\\/10\\\/2015\\\/06\\\/alislam-logo.png\",\"width\":1859,\"height\":1859,\"caption\":\"Comunidad Musulmana Ahmad\u00eda\"},\"image\":{\"@id\":\"https:\\\/\\\/www.ahmadiyya-islam.org\\\/es\\\/#\\\/schema\\\/logo\\\/image\\\/\"}},{\"@type\":\"Person\",\"@id\":\"https:\\\/\\\/www.ahmadiyya-islam.org\\\/es\\\/#\\\/schema\\\/person\\\/bbef07e2c3ccf919ce692a65f234abef\",\"name\":\"es3awaljalil\"}]}<\/script>\n<!-- \/ Yoast SEO Premium plugin. -->","yoast_head_json":{"title":"Las Waqf-e-Nau Layna de los EE. UU. tiene el honor de celebrar reuni\u00f3n virtual el Quinto Jalifa del Mes\u00edas","description":"Su Santidad describe los principios isl\u00e1micos sobre varios temas, incluido el aborto a la luz de la posible revocaci\u00f3n de Roe v Wade por parte de la Corte","robots":{"index":"index","follow":"follow","max-snippet":"max-snippet:-1","max-image-preview":"max-image-preview:large","max-video-preview":"max-video-preview:-1"},"canonical":"https:\/\/www.ahmadiyya-islam.org\/es\/comunicados-de-prensa\/waqf-e-nau-layna-ee-uu\/","og_locale":"es_ES","og_type":"article","og_title":"Las Waqf-e-Nau Layna de los EE. UU. tiene el honor de celebrar reuni\u00f3n virtual el Quinto Jalifa del Mes\u00edas","og_description":"Su Santidad describe los principios isl\u00e1micos sobre varios temas, incluido el aborto a la luz de la posible revocaci\u00f3n de Roe v Wade por parte de la Corte","og_url":"https:\/\/www.ahmadiyya-islam.org\/es\/comunicados-de-prensa\/waqf-e-nau-layna-ee-uu\/","og_site_name":"Comunidad Musulmana Ahmad\u00eda","article_published_time":"2022-05-28T11:18:20+00:00","article_modified_time":"2022-08-30T09:10:12+00:00","og_image":[{"width":1080,"height":720,"url":"https:\/\/www.ahmadiyya-islam.org\/es\/wp-content\/uploads\/sites\/10\/2022\/06\/ezgif-1-15639204c8.jpg","type":"image\/jpeg"}],"author":"es3awaljalil","twitter_card":"summary_large_image","twitter_misc":{"Written by":"es3awaljalil","Est. reading time":"5 minutes"},"schema":{"@context":"https:\/\/schema.org","@graph":[{"@type":"Article","@id":"https:\/\/www.ahmadiyya-islam.org\/es\/comunicados-de-prensa\/waqf-e-nau-layna-ee-uu\/#article","isPartOf":{"@id":"https:\/\/www.ahmadiyya-islam.org\/es\/comunicados-de-prensa\/waqf-e-nau-layna-ee-uu\/"},"author":{"name":"es3awaljalil","@id":"https:\/\/www.ahmadiyya-islam.org\/es\/#\/schema\/person\/bbef07e2c3ccf919ce692a65f234abef"},"headline":"Las Waqf-e-Nau Layna de los EE. UU. tiene el honor de celebrar reuni\u00f3n virtual el Quinto Jalifa del Mes\u00edas","datePublished":"2022-05-28T11:18:20+00:00","dateModified":"2022-08-30T09:10:12+00:00","mainEntityOfPage":{"@id":"https:\/\/www.ahmadiyya-islam.org\/es\/comunicados-de-prensa\/waqf-e-nau-layna-ee-uu\/"},"wordCount":1090,"publisher":{"@id":"https:\/\/www.ahmadiyya-islam.org\/es\/#organization"},"image":{"@id":"https:\/\/www.ahmadiyya-islam.org\/es\/comunicados-de-prensa\/waqf-e-nau-layna-ee-uu\/#primaryimage"},"thumbnailUrl":"https:\/\/www.ahmadiyya-islam.org\/es\/wp-content\/uploads\/sites\/10\/2022\/06\/ezgif-1-15639204c8.jpg","keywords":["EEUU Waqf-e-Nou","layna"],"articleSection":["Comunicados de prensa"],"inLanguage":"es-ES"},{"@type":"WebPage","@id":"https:\/\/www.ahmadiyya-islam.org\/es\/comunicados-de-prensa\/waqf-e-nau-layna-ee-uu\/","url":"https:\/\/www.ahmadiyya-islam.org\/es\/comunicados-de-prensa\/waqf-e-nau-layna-ee-uu\/","name":"Las Waqf-e-Nau Layna de los EE. UU. tiene el honor de celebrar reuni\u00f3n virtual el Quinto Jalifa del Mes\u00edas","isPartOf":{"@id":"https:\/\/www.ahmadiyya-islam.org\/es\/#website"},"primaryImageOfPage":{"@id":"https:\/\/www.ahmadiyya-islam.org\/es\/comunicados-de-prensa\/waqf-e-nau-layna-ee-uu\/#primaryimage"},"image":{"@id":"https:\/\/www.ahmadiyya-islam.org\/es\/comunicados-de-prensa\/waqf-e-nau-layna-ee-uu\/#primaryimage"},"thumbnailUrl":"https:\/\/www.ahmadiyya-islam.org\/es\/wp-content\/uploads\/sites\/10\/2022\/06\/ezgif-1-15639204c8.jpg","datePublished":"2022-05-28T11:18:20+00:00","dateModified":"2022-08-30T09:10:12+00:00","description":"Su Santidad describe los principios isl\u00e1micos sobre varios temas, incluido el aborto a la luz de la posible revocaci\u00f3n de Roe v Wade por parte de la Corte","breadcrumb":{"@id":"https:\/\/www.ahmadiyya-islam.org\/es\/comunicados-de-prensa\/waqf-e-nau-layna-ee-uu\/#breadcrumb"},"inLanguage":"es-ES","potentialAction":[{"@type":"ReadAction","target":["https:\/\/www.ahmadiyya-islam.org\/es\/comunicados-de-prensa\/waqf-e-nau-layna-ee-uu\/"]}]},{"@type":"ImageObject","inLanguage":"es-ES","@id":"https:\/\/www.ahmadiyya-islam.org\/es\/comunicados-de-prensa\/waqf-e-nau-layna-ee-uu\/#primaryimage","url":"https:\/\/www.ahmadiyya-islam.org\/es\/wp-content\/uploads\/sites\/10\/2022\/06\/ezgif-1-15639204c8.jpg","contentUrl":"https:\/\/www.ahmadiyya-islam.org\/es\/wp-content\/uploads\/sites\/10\/2022\/06\/ezgif-1-15639204c8.jpg","width":1080,"height":720},{"@type":"BreadcrumbList","@id":"https:\/\/www.ahmadiyya-islam.org\/es\/comunicados-de-prensa\/waqf-e-nau-layna-ee-uu\/#breadcrumb","itemListElement":[{"@type":"ListItem","position":1,"name":"Home","item":"https:\/\/www.ahmadiyya-islam.org\/es\/"},{"@type":"ListItem","position":2,"name":"Las Waqf-e-Nau Layna de los EE. UU. tiene el honor de celebrar reuni\u00f3n virtual el Quinto Jalifa del Mes\u00edas"}]},{"@type":"WebSite","@id":"https:\/\/www.ahmadiyya-islam.org\/es\/#website","url":"https:\/\/www.ahmadiyya-islam.org\/es\/","name":"Comunidad Musulmana Ahmad\u00eda","description":"Internacional","publisher":{"@id":"https:\/\/www.ahmadiyya-islam.org\/es\/#organization"},"potentialAction":[{"@type":"SearchAction","target":{"@type":"EntryPoint","urlTemplate":"https:\/\/www.ahmadiyya-islam.org\/es\/?s={search_term_string}"},"query-input":{"@type":"PropertyValueSpecification","valueRequired":true,"valueName":"search_term_string"}}],"inLanguage":"es-ES"},{"@type":"Organization","@id":"https:\/\/www.ahmadiyya-islam.org\/es\/#organization","name":"Comunidad Musulmana Ahmad\u00eda","url":"https:\/\/www.ahmadiyya-islam.org\/es\/","logo":{"@type":"ImageObject","inLanguage":"es-ES","@id":"https:\/\/www.ahmadiyya-islam.org\/es\/#\/schema\/logo\/image\/","url":"https:\/\/www.ahmadiyya-islam.org\/es\/wp-content\/uploads\/sites\/10\/2015\/06\/alislam-logo.png","contentUrl":"https:\/\/www.ahmadiyya-islam.org\/es\/wp-content\/uploads\/sites\/10\/2015\/06\/alislam-logo.png","width":1859,"height":1859,"caption":"Comunidad Musulmana Ahmad\u00eda"},"image":{"@id":"https:\/\/www.ahmadiyya-islam.org\/es\/#\/schema\/logo\/image\/"}},{"@type":"Person","@id":"https:\/\/www.ahmadiyya-islam.org\/es\/#\/schema\/person\/bbef07e2c3ccf919ce692a65f234abef","name":"es3awaljalil"}]}},"_links":{"self":[{"href":"https:\/\/www.ahmadiyya-islam.org\/es\/wp-json\/wp\/v2\/posts\/15382","targetHints":{"allow":["GET"]}}],"collection":[{"href":"https:\/\/www.ahmadiyya-islam.org\/es\/wp-json\/wp\/v2\/posts"}],"about":[{"href":"https:\/\/www.ahmadiyya-islam.org\/es\/wp-json\/wp\/v2\/types\/post"}],"author":[{"embeddable":true,"href":"https:\/\/www.ahmadiyya-islam.org\/es\/wp-json\/wp\/v2\/users\/35"}],"replies":[{"embeddable":true,"href":"https:\/\/www.ahmadiyya-islam.org\/es\/wp-json\/wp\/v2\/comments?post=15382"}],"version-history":[{"count":1,"href":"https:\/\/www.ahmadiyya-islam.org\/es\/wp-json\/wp\/v2\/posts\/15382\/revisions"}],"predecessor-version":[{"id":15384,"href":"https:\/\/www.ahmadiyya-islam.org\/es\/wp-json\/wp\/v2\/posts\/15382\/revisions\/15384"}],"wp:featuredmedia":[{"embeddable":true,"href":"https:\/\/www.ahmadiyya-islam.org\/es\/wp-json\/wp\/v2\/media\/15383"}],"wp:attachment":[{"href":"https:\/\/www.ahmadiyya-islam.org\/es\/wp-json\/wp\/v2\/media?parent=15382"}],"wp:term":[{"taxonomy":"category","embeddable":true,"href":"https:\/\/www.ahmadiyya-islam.org\/es\/wp-json\/wp\/v2\/categories?post=15382"},{"taxonomy":"post_tag","embeddable":true,"href":"https:\/\/www.ahmadiyya-islam.org\/es\/wp-json\/wp\/v2\/tags?post=15382"},{"taxonomy":"authors","embeddable":true,"href":"https:\/\/www.ahmadiyya-islam.org\/es\/wp-json\/wp\/v2\/authors?post=15382"},{"taxonomy":"content_source","embeddable":true,"href":"https:\/\/www.ahmadiyya-islam.org\/es\/wp-json\/wp\/v2\/content_source?post=15382"}],"curies":[{"name":"wp","href":"https:\/\/api.w.org\/{rel}","templated":true}]}}